{"id":52291,"date":"2023-01-22T12:52:34","date_gmt":"2023-01-22T10:52:34","guid":{"rendered":"https:\/\/buletin.de\/bucuresti\/?p=52291"},"modified":"2023-05-03T11:05:51","modified_gmt":"2023-05-03T09:05:51","slug":"gabriela-firea-a-tinut-la-sertar-expertiza-planseului-de-la-unirii-din-2017-a-vorbit-despre-ea-abia-in-2021-ca-sa-l-acuze-pe-nicusor-dan-ca-nu-face-nimic","status":"publish","type":"post","link":"https:\/\/buletin.de\/bucuresti\/gabriela-firea-a-tinut-la-sertar-expertiza-planseului-de-la-unirii-din-2017-a-vorbit-despre-ea-abia-in-2021-ca-sa-l-acuze-pe-nicusor-dan-ca-nu-face-nimic\/","title":{"rendered":"Gabriela Firea a \u021binut la sertar expertiza plan\u0219eului de la Unirii din 2017. A vorbit despre ea abia \u00een 2021, ca s\u0103-l acuze pe Nicu\u0219or Dan c\u0103 nu face nimic"},"content":{"rendered":"\n<p><strong>Autorit\u0103\u021bile au aflat c\u0103 plan\u0219eul de la Unirii este \u00een stare grav\u0103 de degradare \u0219i un poten\u021bial pericol \u00een 2017. Atunci Administra\u021bia Str\u0103zilor a comandat expertizarea tuturor podurilor \u0219i pasajelor din Capital\u0103. Doar c\u0103 despre concluziile speciali\u0219tilor nu s-a vorbit nimic timp de 4 ani. Gabriel Firea, fostul edil general, a f\u0103cut prima oar\u0103 referire la acest studiu \u0219i la concluziile sale abia \u00een 2021, c\u00e2nd l-a acuzat pe Nicu\u0219or Dan c\u0103 nu se ocup\u0103. \u0218i tot abia \u00een 2021 a ap\u0103rut prima oar\u0103 problema plan\u0219eului ca o posibil\u0103 amenin\u021bare \u00een <em>Planul de analiz\u0103 \u0219i acoperire a riscurilor pentru municipiul Bucure\u0219ti, <\/em>document strategic care trebuie actualizat anual sau c\u00e2nd apar alte riscuri dec\u00e2t cele analizate<\/strong><\/p>\n\n\n\n<p>\u00cen martie 2019, \u00een \u0219edin\u021ba Consiliului General Bucure\u0219ti, a ap\u0103rut un proiect suplimentar. <em>Hot\u0103r\u00e2re privind aprobarea indicatorilor tehnico &#8211; economici aferen\u021bi lucr\u0103rilor de interven\u021bii pentru obiectivul de investi\u021bii \u201eReabilitare\/consolidare Pasaj Unirii\u201d<\/em>. Dup\u0103 o dezbatere sumar\u0103, consilierii au aprobat 97 de milioane de lei pentru consolidarea pasajului. A fost singura dat\u0103 c\u00e2nd despre Pasajul Unirii s-a discutat \u00een Consiliul General, \u00een administra\u021bia Firea, dup\u0103 expertiza din 2017. Iar proiectul nu a fost niciodat\u0103 pus \u00een practic\u0103.<\/p>\n\n\n\n<div class=\"wp-block-buttons is-content-justification-center is-layout-flex wp-container-core-buttons-is-layout-16018d1d wp-block-buttons-is-layout-flex\">\n<div class=\"wp-block-button\"><a class=\"wp-block-button__link has-vivid-red-color has-luminous-vivid-amber-background-color has-text-color has-background\" href=\"https:\/\/www.patreon.com\/BuletinDeBucuresti\"><strong>Sus\u021bine Buletin de Bucure\u0219ti printr-o dona\u021bie pe Patreon<\/strong><\/a><\/div>\n<\/div>\n\n\n\n<h2 class=\"wp-block-heading\">Administra\u021bia Str\u0103zilor a cerut expertize<\/h2>\n\n\n\n<p>Din procesul verbal al \u0219edin\u021bei CGMB din martie 2019 am aflat c\u0103 Administra\u021bia Str\u0103zilor avea date despre toate pasajele \u0219i podurile din Bucure\u0219ti. Pentru c\u0103 directorul Administra\u021biei a spus asta \u00een fa\u021ba consilierilor generali, sus\u021bin\u00eend proiectul despre Pasajul Unirii.<\/p>\n\n\n\n<p>Directorul ASPMB de la acea vreme, Mirela Ioni\u021b\u0103, vorbea de infiltra\u021bii \u00een pasaj, de pl\u0103ci care stau s\u0103 cad\u0103<strong> dar nicio vorb\u0103 despre plan\u0219eul deteriorat.<\/strong> Cel mai mare pericol.<\/p>\n\n\n\n<p class=\"has-small-font-size\">Doamna loni\u021b\u0103 Mirela- Administra\u021bia Str\u0103zilor<br>Cum am mai precizat \u015fi cu alte ocazi, \u00een 2017, <span style=\"text-decoration: underline;\">noi, Administra\u021bia Str\u00e4zilor am procedat la expertizarea tuturor pasajelor \u015fi podurilor care sunt in administrare. <\/span>Ulterior acestei etape anul trecut am \u00eentocmit documenta\u021bia de avizare a lucr\u0103rilor de interven\u021bie deci suntem \u00een procedur\u0103 de finalizare a contract\u0103rii lucr\u0103ri de reabilitare expertizare de documenta\u021bie de avizare a lucr\u00e4rilor de interven\u021bii \u015fi dup\u0103 aceea \u00eencepe contractul efectiv de lucr\u0103ri noi la majoritatea pasajelor a\u015fa cum \u015ftiti am venit cu aprobarea acestor indicatori imediat dup\u0103 aprobarea bugetului vom \u00eencepe procedura de proiectare \u015fi apoi de execu\u021bie a lucr\u0103rilor.<br>Domnul Consilier Marinescu Sorin Dumitru&nbsp;<br>Intrebarea era m\u0103 scuza\u021bi strict la obiect. Intre\u021binerea ulterioar\u0103, cine o face, ca s\u0103 \u015ftim \u015fi noi, scuza\u021bi-m\u00e4, pe cine s\u0103 \u00eentreb\u0103m din nou, nev\u0103z\u00e2ndu-se nimic p\u00e2n\u0103 acuma.<br>Doamna lonit\u0103 Mirela- Administratia Str\u0103zilor<br>P\u00e4i, dac\u0103 ne referim la Pasajul Uniri, sunt Iucr\u0103ri pe care nu le putem face p\u00e2n\u0103 c\u00e2nd nu consolid\u0103m pentru c\u0103 sunt acele infiltra\u021bii. S\u0103 va mai dau un detaliu, dac\u0103 tot m-a\u021bi \u00eentrebat. La Pasajul Unirii, tot din dorin\u021ba de a sau de bun\u00e4 administrare ca s\u0103 zic a\u015fa, pentru buna administrare, p\u00e2n\u0103 c\u00e2nd se va aproba bugetul \u0219i p\u00e1n\u0103 c\u00e2nd vom putea demara proiectarea \u0219i respectiv \u00eencheierea contractului de execu\u021bie a acestor lucr\u0103ri pe care vi le prezent\u0103m ast\u00e4zi, vom proceda la lucrarea de punere \u00een siguran\u021b\u0103, adic\u0103 vom da jos pere\u021bii care a\u021bi v\u0103zut din cauza infiltra\u021bilor se desprind \u015fi pentru a nu avea evenimente nepl\u00e4cute, ca s\u0103 zic a\u015fa, accidente, le vom indeparta, Vom pune ni\u015fte mesh-uri, astfel incat s\u00e5 asigur\u00e4m un trafic \u00een condi\u021bii de siguran\u021b\u0103 p\u00e2n\u0103 la executarea lucr\u0103rilor.<br>Extras din procesul verbal al \u0219edin\u021bei CGMB din 11.03.2019<\/p>\n\n\n\n<p>Proiectul de hot\u0103r\u00e2re a fost aprobat cu 43 de voturi pentru, 1 ab\u021binere o \u00eempotriv\u0103. \u0218i asta a fost tot.  \u00cen momentul votului, Gabriela Firea nu mai era prezent\u0103 la \u0219edin\u021ba CGMB. <\/p>\n\n\n\n<p>Proiectul nu exist\u0103 \u00een arhiva PMB, deci nu mai sunt accesibile referatele de aprobare care au justificat proiectul.  Octavian Berceanu, consilier general \u0219i prezent la \u0219edin\u021b\u0103, spune c\u0103 nu a avut cuno\u0219tin\u021b\u0103 de existen\u021ba acestei expertize. La proiectele introduse suplimentar pe ordinea de zi nu mai primeau toat\u0103 documenta\u021bia pentru c\u0103, oricum, primarul avea asigurat\u0103 majoritatea la vot.<\/p>\n\n\n\n<p><em>\u00cen general nu primeam nici expertize \u0219i nici fundamentari pentru proiectele puse pe masa \u00een \u0219edintele CGMB \u0219i trebuia s\u0103 le caut\u0103m prin departamentele PMB care nu erau deloc prietenoase.<\/em> <em>Proiectele stufoase ne erau anun\u021bate \u00eenainte cu o zi sau dou\u0103 sau erau suplimentate si nu primeam detaliile pentru ca PSD &amp; Co aveau majoritatea<\/em>, a explicat Octavian Berceanu pentru Buletin de Bucure\u0219ti.<\/p>\n\n\n\n<p>Dup\u0103 momentul 2019, despre expertizele podurilor \u0219i pasajelor din Bucure\u0219ti nu s-a mai auzit nimic.<\/p>\n\n\n\n<div class=\"wp-block-buttons is-content-justification-center is-layout-flex wp-container-core-buttons-is-layout-16018d1d wp-block-buttons-is-layout-flex\">\n<div class=\"wp-block-button\"><a class=\"wp-block-button__link has-vivid-red-color has-luminous-vivid-amber-background-color has-text-color has-background\" href=\"https:\/\/www.patreon.com\/BuletinDeBucuresti\"><strong>Sus\u021bine Buletin de Bucure\u0219ti printr-o dona\u021bie pe Patreon<\/strong><\/a><\/div>\n<\/div>\n\n\n\n<h2 class=\"wp-block-heading\">Gabriela Firea \u00ee\u0219i aminte\u0219te de pericolul din Pia\u021ba Unirii dup\u0103 4 ani<\/h2>\n\n\n\n<p>Pe 2 decembrie 2021, Gabriela Firea scrie pe pagina sa de Facebook c\u0103 zona Pia\u021ba Unirii ar fi fost expertizat\u0103 cu doar doi ani \u00een urm\u0103, adic\u0103 \u00een 2019. \u0218i c\u0103 <strong><em>pericolul este \u00een toat\u0103 zona Unirii, la plan\u0219eul care \u201e\u00eenghite\u201d r\u00e2ul D\u00e2mbovi\u021ba \u0219i desparte tot ce este la suprafa\u021b\u0103 de sta\u021biile de metrou.<\/em><\/strong><em> <\/em>Consolidarea zonei urma s\u0103 fie <em>cel mai important proiect al urm\u0103torului s\u0103u mandat. <\/em>Gabriela Firea \u00eel acuz\u0103 pe Nicu\u0219or Dan c\u0103 acest proiect nu este o prioritate.<\/p>\n\n\n\n<p><\/p>\n\n\n\n<p class=\"has-small-font-size\">Capitala este sub RISC de neputin\u021b\u0103 \u0219i nep\u0103sare! Pasajul Unirii \u0219i toat\u0103 zona din pia\u021ba Unirii este \u00een pericol de pr\u0103bu\u0219ire! La un an de la alegeri nu s-a mi\u0219cat nimic pentru a consolida infrastructura \u0219ubred\u0103 a ora\u0219ului, ac\u021biune pentru care echipa mea preg\u0103tise cele necesare, dup\u0103 ani de zile \u00een care nu se f\u0103cuse nimic.<br>C\u00e2nd am ajuns primar general am cerut s\u0103 expertiz\u0103m podurile \u0219i pasajele din Bucure\u0219ti. A\u0219a am aflat c\u00e2t de afectate sunt cele 22 de poduri \u0219i 7 pasaje pe care Prim\u0103ria Capitalei le are \u00een grij\u0103.<br>Am consolidat podurile Mihai Bravu, Str\u0103ule\u0219ti, Grant \u0219i urma s\u0103 \u00eencepem lucr\u0103rile la Podul Fundeni.<br>Cea mai grav\u0103 situa\u021bie este, \u00eens\u0103, la Pia\u021ba Unirii. Zilele acestea am v\u0103zut c\u0103 au \u00eenceput s\u0103 se desprind\u0103 pere\u021bii \u00een pasajul rutier.<br><strong>Pericolul este \u00een toat\u0103 zona Unirii, la plan\u0219eul care \u201e\u00eenghite\u201d r\u00e2ul D\u00e2mbovi\u021ba \u0219i desparte tot ce este la suprafa\u021b\u0103 de sta\u021biile de metrou.<br>Am expertizat zona acum doi ani, iar rezultatele au fost \u00eengrijor\u0103toare: structura are risc seismic ridicat \u0219i se poate pr\u0103bu\u0219i la un cutremur.<br>Am stabilit atunci tot ce era de f\u0103cut, iar lucr\u0103rile urmau s\u0103 \u00eenceap\u0103 \u00een toamna trecut\u0103 \u0219i s\u0103 fie gata \u00een 2022. Era cel mai important proiect al urm\u0103torului mandat.<\/strong><br>Imaginile g\u0103site de echipa noastr\u0103 \u00een subteran \u00ee\u021bi dau fiori. Toat\u0103 structura de rezisten\u021b\u0103 a fost afectat\u0103 \u00een timp \u0219i se discutase o solu\u021bie provizorie de stabilizare p\u00e2n\u0103 la \u00eenceperea lucr\u0103rilor de consolidare.<br>Pentru Nicu\u0219or Dan nu este o prioritate!<br>A l\u0103sat totul \u00een acela\u0219i stadiu.<br>Nici m\u0103car nu a actualizat expertiza, a\u0219a cum a anun\u021bat public, iar la Administra\u021bia Str\u0103zilor oamenii sunt ocupa\u021bi cu \u201ealtele\u201d&#8230;<br>Dar lucrurile nu mai pot a\u0219tepta! Infrastructura critic\u0103 a ora\u0219ului trebuie consolidat\u0103! Nicu\u0219or Dan \u0219i to\u021bi \u201especiali\u0219tii\u201d pe care i-a adus \u00een func\u021bii importante trebuie s\u0103-\u0219i ia rolul \u00een serios.<\/p>\n\n\n\n<p>Postarea Gabrielei Firea e \u00eenso\u021bit\u0103 \u0219i de un video, din interiorul plan\u0219eului de la Unirii care arat\u0103 c\u00e2t de degradat\u0103 este structura.<\/p>\n\n\n\n<figure class=\"wp-block-video\"><video height=\"352\" style=\"aspect-ratio: 640 \/ 352;\" width=\"640\" controls src=\"https:\/\/buletin.de\/bucuresti\/wp-content\/uploads\/312616226_541474181138836_2827730957606161634_n.mp4\"><\/video><\/figure>\n\n\n\n<p>Nicu\u0219or Dan a recunoscut c\u0103 \u0219tie de situa\u021bia de la Pia\u021ba Unirii dar c\u0103 nu exist\u0103 fondurile necesare pentru acest proiect.<\/p>\n\n\n\n<p>\u201eLegat de Pasajul Unirii, sunt dou\u0103 componente, pe de o parte este propriu-zis pasajul, cel prin care trec ma\u015finile. Acolo a existat o interven\u0163ie a administra\u0163iei str\u0103zilor chiar \u00een momentul \u00een care a fost raportat\u0103 desprinderea acelor elemente verticale. Evident c\u0103 vrem s\u0103 facem asta, dar avem nevoie de bani\u201d, a declarat primarul Capitalei, Nicu\u015for Dan, preluat de <a href=\"https:\/\/www.romaniatv.net\/nicusor-dan-despre-pericolul-de-prabusire-a-pasajului-unirii-nu-a-fost-intretinut-de-a-lungul-anilor-vrem-sa-facem-asta-dar-avem-nevoie-de-bani_6033938.html\">romaniatv.ro.<\/a><\/p>\n\n\n\n<p>Iar subiectul pericolului din Pia\u021ba Unirii a disp\u0103rut din dezbaterea public\u0103 din nou.<\/p>\n\n\n\n<div class=\"wp-block-buttons is-content-justification-center is-layout-flex wp-container-core-buttons-is-layout-16018d1d wp-block-buttons-is-layout-flex\">\n<div class=\"wp-block-button\"><a class=\"wp-block-button__link has-vivid-red-color has-luminous-vivid-amber-background-color has-text-color has-background\" href=\"https:\/\/www.patreon.com\/BuletinDeBucuresti\"><strong>Sus\u021bine Buletin de Bucure\u0219ti printr-o dona\u021bie pe Patreon<\/strong><\/a><\/div>\n<\/div>\n\n\n\n<h2 class=\"wp-block-heading\">Plan\u0219eul de la Unirii, tem\u0103 de atacuri politice<\/h2>\n\n\n\n<p>La \u00eemplinirea a 35 de ani de la darea \u00een folosin\u021b\u0103 a Pasajului Unirii, \u00een iunie 2022, Gabriela Firea \u00ee\u0219i reaminte\u0219te c\u0103 zona e un real pericol pentru bucure\u0219teni. \u0218i \u00eel acuz\u0103 din nou pe Nicu\u0219or Dan de inac\u021biune \u0219i fug\u0103 de r\u0103spundere. Firea sus\u021bine c\u0103 echipa i-a l\u0103sat <em>expertize \u0219i documente importante la \u00eendem\u00e2n\u0103<\/em> dar c\u0103 acesta a pasat responsabilitatea Prim\u0103riei Sector 4.<\/p>\n\n\n\n<p class=\"has-small-font-size\">&nbsp;Un primar gospodar face, ac\u021bioneaz\u0103, cl\u0103de\u0219te pentru locuitori, nu paseaz\u0103 r\u0103spunderea! Primarul general Nicu\u0219or Dan nu e \u00een stare s\u0103 construiasc\u0103 nimic \u0219i prefer\u0103 s\u0103 \u201earunce\u201d la sectoare marile lucr\u0103ri de investi\u021bii. \u00cen loc s\u0103 caute solu\u021bii, Nicu\u0219or Dan prefer\u0103 s\u0103 scape de proiecte esen\u021biale pentru Bucure\u0219ti. Nu e \u00een\u021belepciune, ci fug\u0103 de r\u0103spundere!<br>Cel mai bun exemplu este consolidarea Pasajului Unirii \u0219i a plan\u0219eului de la Pia\u021ba Unirii. Ambele proiecte erau \u00een responsabilitatea primarului general Nicu\u0219or Dan, <strong>cu expertize \u0219i alte documente importante l\u0103sate la \u00eendem\u00e2n\u0103 \u00een prim\u0103rie de echipa Firea.<\/strong><br>Ast\u0103zi, se \u00eemplinesc 35 de ani de la inaugurarea Pasajului Unirii. Presa vremii nota faptul c\u0103 pasajul s-a construit \u00een doar 34 de zile. \u00centreaga lucrare a durat, \u00eens\u0103, aproximativ 6 luni. <strong>Prima expertiz\u0103 tehnic\u0103 serioas\u0103 a fost f\u0103cut\u0103 \u00een mandatul meu<\/strong>. Starea pasajului era una periculoas\u0103 \u0219i preg\u0103tisem toate documentele pentru \u00eenceperea lucr\u0103rilor de consolidare.<br>Nicu\u0219or Dan a g\u0103sit, \u00eens\u0103, o alt\u0103 solu\u021bie pentru cele dou\u0103 lucr\u0103ri complicate \u0219i costisitoare: le-a \u201cpasat\u201d Prim\u0103riei Sectorului 4. \u00cel felicit pe Daniel B\u0103lu\u021b\u0103 pentru decizia de a accepta s\u0103 realizeze cele doua lucr\u0103ri de consolidare \u0219i sunt convins\u0103 c\u0103 \u00eempreun\u0103 cu echipa sa va face o treab\u0103 foarte bun\u0103. <\/p>\n\n\n<p><iframe src=\"https:\/\/www.facebook.com\/plugins\/post.php?href=https%3A%2F%2Fwww.facebook.com%2Fgabifirea%2Fposts%2F584418989720569&amp;show_text=true&amp;width=500\" width=\"500\" height=\"546\" style=\"border:none;overflow:hidden\" scrolling=\"no\" frameborder=\"0\" allowfullscreen=\"true\" allow=\"autoplay; clipboard-write; encrypted-media; picture-in-picture; web-share\"><\/iframe><\/p>\n\n\n\n<p>Gabriela Firea face referire la o hot\u0103r\u00e2re a CGMBm <a href=\"https:\/\/doc.pmb.ro\/monitorul_oficial\/2022\/3_1\/HCGMB_164.pdf\">din martie 2022,<\/a> care a aprobat trecere pasajului \u0219i plan\u0219eului Unirii \u00een administrarea Prim\u0103riei Sector 4, \u00een urma unei solicit\u0103ri a primarului Daniel B\u0103lu\u021b\u0103.<\/p>\n\n\n\n<p>Nicu\u0219or Dan a r\u0103spuns, de aceast\u0103 dat\u0103, mult mai tran\u0219ant la postarea Gabrielei Firea. <em>S-a apucat de t\u00eerguri, festivaluri \u0219i alt paranghelii<\/em> \u00een loc s\u0103 se apuce imediat de treab\u0103, a scris edilul general care i-a reamintit c\u0103 expertiza dateaz\u0103 din 2017.<\/p>\n\n\n\n<p class=\"has-small-font-size\">\u00cei reamintesc Gabrielei Firea c\u0103, \u00eenc\u0103 din 2017, a avut pe mas\u0103 o expertiz\u0103 privind mai multe obiective de infrastructur\u0103 din Bucure\u0219ti, inclusiv Pasajul Unirii. Cuno\u0219tea deci problema de la \u00eenceputul mandatului \u0219i a avut la dispozi\u021bie trei ani ca s-o rezolve.<br>\u00cen loc s\u0103 se apuce imediat de treab\u0103 pornind de la acest studiu, \u201eDoamna Alt\u0103dat\u0103\u201d s-a apucat cu n\u0103dejde de t\u00e2rguri, festivaluri \u0219i alte paranghelii din bani publici, am\u00e2n\u00e2nd aceast\u0103 problem\u0103 (\u0219i alte probleme reale ale Capitalei) f\u0103r\u0103 nicio remu\u0219care. A preferat ni\u0219te spectaculo\u0219i iepura\u0219i gigantici unei plictisitoare consolid\u0103ri de pasaj.<br>Eu am g\u0103sit o solu\u021bie pentru problema Pasajului Unirii \u0219i a plan\u0219eului, \u00een parteneriat cu Prim\u0103ria Sectorului 4. Spre deosebire de ea, eu am reu\u0219it s\u0103 m\u0103 \u00een\u021beleg cu primarul PSD de sector pe aceast\u0103 problem\u0103 a bucure\u0219tenilor. Oamenii vor ca lucrurile s\u0103 se rezolve \u0219i nu-i intereseaz\u0103 formulele institu\u021bionale g\u0103site.<br>A\u0219 fi vrut, evident, ca bugetul de investi\u021bii al PMB s\u0103 fie mai mare, ca s\u0103 putem prinde \u00een el \u0219i lucr\u0103ri precum cele de la Pia\u021ba Unirii. Chiar am fi putut s-o facem dac\u0103 n-ar fi trebuit s\u0103 acoperim g\u0103urile l\u0103sate de Gabriela Firea \u00een mandatul ei de primar general.<\/p>\n\n\n<p><iframe src=\"https:\/\/www.facebook.com\/plugins\/post.php?href=https%3A%2F%2Fwww.facebook.com%2FNicusorDan.ro%2Fposts%2F563705645105854&amp;show_text=true&amp;width=500\" width=\"500\" height=\"297\" style=\"border:none;overflow:hidden\" scrolling=\"no\" frameborder=\"0\" allowfullscreen=\"true\" allow=\"autoplay; clipboard-write; encrypted-media; picture-in-picture; web-share\"><\/iframe><\/p>\n\n\n\n<h2 class=\"wp-block-heading\">Pericolul nu a fost semnalat nici \u00een Planul de analiz\u0103 \u0219i acoperire a riscurilor al muncipiului Bucure\u0219ti 2019<em>&nbsp;<\/em><\/h2>\n\n\n\n<p>Ordinul 132\/2007 oblig\u0103 autorit\u0103\u021bile locale s\u0103 \u00eentocmeasc\u0103, un Plan de analiz\u0103 \u0219i acoperire a riscurilor. Documentul ar trebui actualizat anual sau ori de c\u00e2te ori par alte riscuri dec\u00e2t cele analizate. <\/p>\n\n\n\n<p>\u00cen administra\u021bia Firea a fost elaborat dou\u0103 astfel de documente, \u00een 2016 \u0219i <a href=\"http:\/\/acteinterne.pmb.ro\/legis\/acteinterne\/AtachInt\/AnexaH588_19.pdf\">2019<\/a>. In planul din 2019, dup\u0103 apari\u021bia expertizei, nu apare informa\u021bia legat\u0103 de riscurile date de plan\u0219eul de la Unirii. <\/p>\n\n\n\n<p>Abia \u00een documentul elaborat \u00een<a href=\"https:\/\/doc.pmb.ro\/consiliu\/sedinte\/460\/oz\/10310.pdf\"> 2021<\/a>, la capitolul <em>Analiza riscurilor generatoare de situa\u021bii de urgen\u021b\u0103<\/em> este men\u021bionat\u0103 expertiza din 2017 \u0219i concluziile acesteia. <\/p>\n\n\n\n<p class=\"has-small-font-size\">Referitor la planseul din zona Piata Unirii, s-au constatat urmatoarele:<br>ansamblul structural al planseului din zona Plata Unirii, prezinta degradari majore care pot afecta grav exploatarea \u00een siguran\u021b\u0103 a regulariz\u0103rii raului D\u00e2mbovi\u021ba si a traficului rutier din zon\u0103;<br>Prin expertiza tehnica pentru plan\u0219eul Pia\u021ba Unirii, elaborat\u0103 \u00een anul 2017 de c\u0103tre S.C. POD-PROIECT S.R.L. lasi, beneficiar. Administratia Strazilor Bucuresti din cadrul Consiliului General al Munucipiului Bucure\u0219ti, se propun dou\u0103 solu\u021bii de lucr\u0103ri pentru<br>readucerea construc\u021biei la parametrii optimi si anume:<br>Solutia 1 &#8211; Lucrari de repara\u021bii capitale la plan\u0219eul existent \u00een Pia\u021ba Unirii<br>Solutia 2 &#8211; Demolarea structurii si construirea unui plan\u0219eu nou in Pia\u021ba Unirii.<br>Demararea \u0219i finalizarea lucr\u0103rilor de reabilitare a plan\u0219eului Pia\u021ba Unirii este de maxim\u0103 urgen\u021b\u0103 av\u00e2nd \u00een vedere concluziile expertizelor din anii 2004, respectiv 2017, c\u00e2t \u0219i observa\u021biile noastre facute cu ocazia inspec\u021biilor la lucrarile amenaj\u0103rii, \u00een care se<br>observ\u0103 o degradare accentuat\u0103 \u0219i accelerat\u0103 a ansamblului structural al plan\u0219eului, existand riscul provoc\u0103rii unor inunda\u021bii cu consecinte grave (exemple: obiectivele strategice din zona, metroul, cladirile din centrul vechi al capitalei si populatia)<\/p>\n\n\n\n<figure class=\"wp-block-image size-full\"><img fetchpriority=\"high\" decoding=\"async\" width=\"747\" height=\"537\" src=\"data:image\/gif;base64,R0lGODlhAQABAAAAACH5BAEKAAEALAAAAAABAAEAAAICTAEAOw==\" data-src=\"https:\/\/buletin.de\/bucuresti\/wp-content\/uploads\/image-1391.png\" alt=\"\" class=\"wp-image-52355 lazyload\" data-sizes=\"auto\" data-srcset=\"https:\/\/buletin.de\/bucuresti\/wp-content\/uploads\/image-1391.png 747w, https:\/\/buletin.de\/bucuresti\/wp-content\/uploads\/image-1391-300x216.png 300w, https:\/\/buletin.de\/bucuresti\/wp-content\/uploads\/image-1391-550x395.png 550w, https:\/\/buletin.de\/bucuresti\/wp-content\/uploads\/image-1391-696x500.png 696w, https:\/\/buletin.de\/bucuresti\/wp-content\/uploads\/image-1391-600x431.png 600w\" sizes=\"(max-width: 747px) 100vw, 747px\" \/><figcaption>Planul de analiz\u0103 \u0219i acoperire a riscurilor al municipiului Bucure\u0219ti 2021<\/figcaption><\/figure>\n\n\n\n<p>Acela\u0219i text apare \u0219i \u00een planul aprobat pentru anul <a href=\"https:\/\/doc.pmb.ro\/consiliu\/sedinte\/471\/oz\/10638.pdf\">2022<\/a>.<\/p>\n\n\n\n<figure class=\"wp-block-gallery has-nested-images columns-default is-cropped wp-block-gallery-1 is-layout-flex wp-block-gallery-is-layout-flex\">\n<figure class=\"wp-block-image size-large\"><img decoding=\"async\" width=\"1043\" height=\"789\" data-id=\"52135\" src=\"data:image\/gif;base64,R0lGODlhAQABAAAAACH5BAEKAAEALAAAAAABAAEAAAICTAEAOw==\" data-src=\"https:\/\/buletin.de\/bucuresti\/wp-content\/uploads\/expertiza_2022_planseu_unirii-27_2.jpg\" alt=\"\" class=\"wp-image-52135 lazyload\" data-sizes=\"auto\" data-srcset=\"https:\/\/buletin.de\/bucuresti\/wp-content\/uploads\/expertiza_2022_planseu_unirii-27_2.jpg 1043w, https:\/\/buletin.de\/bucuresti\/wp-content\/uploads\/expertiza_2022_planseu_unirii-27_2-300x227.jpg 300w, https:\/\/buletin.de\/bucuresti\/wp-content\/uploads\/expertiza_2022_planseu_unirii-27_2-900x681.jpg 900w, https:\/\/buletin.de\/bucuresti\/wp-content\/uploads\/expertiza_2022_planseu_unirii-27_2-768x581.jpg 768w, https:\/\/buletin.de\/bucuresti\/wp-content\/uploads\/expertiza_2022_planseu_unirii-27_2-550x416.jpg 550w, https:\/\/buletin.de\/bucuresti\/wp-content\/uploads\/expertiza_2022_planseu_unirii-27_2-661x500.jpg 661w, https:\/\/buletin.de\/bucuresti\/wp-content\/uploads\/expertiza_2022_planseu_unirii-27_2-600x454.jpg 600w\" sizes=\"(max-width: 1043px) 100vw, 1043px\" \/><\/figure>\n\n\n\n<figure class=\"wp-block-image size-large\"><img decoding=\"async\" width=\"1037\" height=\"783\" data-id=\"52139\" src=\"data:image\/gif;base64,R0lGODlhAQABAAAAACH5BAEKAAEALAAAAAABAAEAAAICTAEAOw==\" data-src=\"https:\/\/buletin.de\/bucuresti\/wp-content\/uploads\/expertiza_2022_planseu_unirii-28_1.jpg\" alt=\"\" class=\"wp-image-52139 lazyload\" data-sizes=\"auto\" data-srcset=\"https:\/\/buletin.de\/bucuresti\/wp-content\/uploads\/expertiza_2022_planseu_unirii-28_1.jpg 1037w, https:\/\/buletin.de\/bucuresti\/wp-content\/uploads\/expertiza_2022_planseu_unirii-28_1-300x227.jpg 300w, https:\/\/buletin.de\/bucuresti\/wp-content\/uploads\/expertiza_2022_planseu_unirii-28_1-900x680.jpg 900w, https:\/\/buletin.de\/bucuresti\/wp-content\/uploads\/expertiza_2022_planseu_unirii-28_1-768x580.jpg 768w, https:\/\/buletin.de\/bucuresti\/wp-content\/uploads\/expertiza_2022_planseu_unirii-28_1-550x415.jpg 550w, https:\/\/buletin.de\/bucuresti\/wp-content\/uploads\/expertiza_2022_planseu_unirii-28_1-662x500.jpg 662w, https:\/\/buletin.de\/bucuresti\/wp-content\/uploads\/expertiza_2022_planseu_unirii-28_1-600x453.jpg 600w\" sizes=\"(max-width: 1037px) 100vw, 1037px\" \/><\/figure>\n\n\n\n<figure class=\"wp-block-image size-large\"><img loading=\"lazy\" decoding=\"async\" width=\"1051\" height=\"791\" data-id=\"52137\" src=\"data:image\/gif;base64,R0lGODlhAQABAAAAACH5BAEKAAEALAAAAAABAAEAAAICTAEAOw==\" data-src=\"https:\/\/buletin.de\/bucuresti\/wp-content\/uploads\/expertiza_2022_planseu_unirii-24_1.jpg\" alt=\"\" class=\"wp-image-52137 lazyload\" data-sizes=\"auto\" data-srcset=\"https:\/\/buletin.de\/bucuresti\/wp-content\/uploads\/expertiza_2022_planseu_unirii-24_1.jpg 1051w, https:\/\/buletin.de\/bucuresti\/wp-content\/uploads\/expertiza_2022_planseu_unirii-24_1-300x226.jpg 300w, https:\/\/buletin.de\/bucuresti\/wp-content\/uploads\/expertiza_2022_planseu_unirii-24_1-900x677.jpg 900w, https:\/\/buletin.de\/bucuresti\/wp-content\/uploads\/expertiza_2022_planseu_unirii-24_1-768x578.jpg 768w, https:\/\/buletin.de\/bucuresti\/wp-content\/uploads\/expertiza_2022_planseu_unirii-24_1-550x414.jpg 550w, https:\/\/buletin.de\/bucuresti\/wp-content\/uploads\/expertiza_2022_planseu_unirii-24_1-664x500.jpg 664w, https:\/\/buletin.de\/bucuresti\/wp-content\/uploads\/expertiza_2022_planseu_unirii-24_1-600x452.jpg 600w\" sizes=\"(max-width: 1051px) 100vw, 1051px\" \/><\/figure>\n\n\n\n<figure class=\"wp-block-image size-large\"><img loading=\"lazy\" decoding=\"async\" width=\"1051\" height=\"785\" data-id=\"52136\" src=\"data:image\/gif;base64,R0lGODlhAQABAAAAACH5BAEKAAEALAAAAAABAAEAAAICTAEAOw==\" data-src=\"https:\/\/buletin.de\/bucuresti\/wp-content\/uploads\/expertiza_2022_planseu_unirii-24_2.jpg\" alt=\"\" class=\"wp-image-52136 lazyload\" data-sizes=\"auto\" data-srcset=\"https:\/\/buletin.de\/bucuresti\/wp-content\/uploads\/expertiza_2022_planseu_unirii-24_2.jpg 1051w, https:\/\/buletin.de\/bucuresti\/wp-content\/uploads\/expertiza_2022_planseu_unirii-24_2-300x224.jpg 300w, https:\/\/buletin.de\/bucuresti\/wp-content\/uploads\/expertiza_2022_planseu_unirii-24_2-900x672.jpg 900w, https:\/\/buletin.de\/bucuresti\/wp-content\/uploads\/expertiza_2022_planseu_unirii-24_2-768x574.jpg 768w, https:\/\/buletin.de\/bucuresti\/wp-content\/uploads\/expertiza_2022_planseu_unirii-24_2-550x411.jpg 550w, https:\/\/buletin.de\/bucuresti\/wp-content\/uploads\/expertiza_2022_planseu_unirii-24_2-669x500.jpg 669w, https:\/\/buletin.de\/bucuresti\/wp-content\/uploads\/expertiza_2022_planseu_unirii-24_2-600x448.jpg 600w\" sizes=\"(max-width: 1051px) 100vw, 1051px\" \/><\/figure>\n\n\n\n<figure class=\"wp-block-image size-large\"><img loading=\"lazy\" decoding=\"async\" width=\"1045\" height=\"787\" data-id=\"52138\" src=\"data:image\/gif;base64,R0lGODlhAQABAAAAACH5BAEKAAEALAAAAAABAAEAAAICTAEAOw==\" data-src=\"https:\/\/buletin.de\/bucuresti\/wp-content\/uploads\/expertiza_2022_planseu_unirii-27_1.jpg\" alt=\"\" class=\"wp-image-52138 lazyload\" data-sizes=\"auto\" data-srcset=\"https:\/\/buletin.de\/bucuresti\/wp-content\/uploads\/expertiza_2022_planseu_unirii-27_1.jpg 1045w, https:\/\/buletin.de\/bucuresti\/wp-content\/uploads\/expertiza_2022_planseu_unirii-27_1-300x226.jpg 300w, https:\/\/buletin.de\/bucuresti\/wp-content\/uploads\/expertiza_2022_planseu_unirii-27_1-900x678.jpg 900w, https:\/\/buletin.de\/bucuresti\/wp-content\/uploads\/expertiza_2022_planseu_unirii-27_1-768x578.jpg 768w, https:\/\/buletin.de\/bucuresti\/wp-content\/uploads\/expertiza_2022_planseu_unirii-27_1-550x414.jpg 550w, https:\/\/buletin.de\/bucuresti\/wp-content\/uploads\/expertiza_2022_planseu_unirii-27_1-664x500.jpg 664w, https:\/\/buletin.de\/bucuresti\/wp-content\/uploads\/expertiza_2022_planseu_unirii-27_1-600x452.jpg 600w\" sizes=\"(max-width: 1045px) 100vw, 1045px\" \/><\/figure>\n<\/figure>\n\n\n\n<div class=\"wp-block-buttons is-content-justification-center is-layout-flex wp-container-core-buttons-is-layout-16018d1d wp-block-buttons-is-layout-flex\">\n<div class=\"wp-block-button\"><a class=\"wp-block-button__link has-vivid-red-color has-luminous-vivid-amber-background-color has-text-color has-background\" href=\"https:\/\/www.patreon.com\/BuletinDeBucuresti\"><strong>Sus\u021bine Buletin de Bucure\u0219ti printr-o dona\u021bie pe Patreon<\/strong><\/a><\/div>\n<\/div>\n\n\n\n<h2 class=\"wp-block-heading\">Expertiza din 2017| Refacerea total\u0103 ar fi costat 26 de milioane de lei<\/h2>\n\n\n\n<p>Speciali\u0219tii firmei SC Pod Proiect SRL din Ia\u0219i au f\u0103cut, \u00een 2017, o <a href=\"https:\/\/ps4.ro\/wp-content\/uploads\/2023\/01\/expertiza_2018_planseu_unirii.pdf\">expertiz\u0103 a \u00eentregii structuri <\/a>de la Pia\u021ba Unirii. La studiul privind plan\u0219eul, exper\u021bii au concluzionat c\u0103 structura este \u00eentr-o stare nesatisf\u0103c\u0103toare \u0219i au propus dou\u0103 solu\u021bii pentru rezolvarea problemei.<\/p>\n\n\n\n<p class=\"has-cyan-bluish-gray-background-color has-background\">Solu\u021bia 1 &#8211; Lucr\u0103ri de repara\u021bii capitale la plan\u0219eul existent \u00een Pia\u021ba Unirii <br>Solutia 2-Demolarea structurii existente si construc\u021bia unui plan\u0219eu nou in Pia\u021ba Unirii<\/p>\n\n\n\n<p>Speciali\u0219tii au optat, \u00eens\u0103, pentru solu\u021bia 2 pe care au recomandat-o autorit\u0103\u021bilor. \u0218i au \u0219i justificat. <strong>Repara\u021bia ar \u00eensemna doar o prelungire a duratei de exploatare \u00een siguran\u021b\u0103 cu \u00eenc\u0103 30 de ani pe c\u00e2nd reconstruc\u021bia ar \u00eensemna o structur\u0103 sigur\u0103 pentru 120 de ani.<\/strong><\/p>\n\n\n\n<p><\/p>\n\n\n\n<figure class=\"wp-block-image size-full\"><img loading=\"lazy\" decoding=\"async\" width=\"679\" height=\"417\" src=\"data:image\/gif;base64,R0lGODlhAQABAAAAACH5BAEKAAEALAAAAAABAAEAAAICTAEAOw==\" data-src=\"https:\/\/buletin.de\/bucuresti\/wp-content\/uploads\/image-1392.png\" alt=\"\" class=\"wp-image-52358 lazyload\" data-sizes=\"auto\" data-srcset=\"https:\/\/buletin.de\/bucuresti\/wp-content\/uploads\/image-1392.png 679w, https:\/\/buletin.de\/bucuresti\/wp-content\/uploads\/image-1392-300x184.png 300w, https:\/\/buletin.de\/bucuresti\/wp-content\/uploads\/image-1392-550x338.png 550w, https:\/\/buletin.de\/bucuresti\/wp-content\/uploads\/image-1392-600x368.png 600w\" sizes=\"(max-width: 679px) 100vw, 679px\" \/><\/figure>\n\n\n\n<p>\u0218i exper\u021bii de la firm\u0103 au f\u0103cut \u0219i un deviz al lucr\u0103rilor pentru solu\u021bia 2, cea de reconstruire a plan\u0219eului. Iar costul estimat de ei era de<strong> 26 de miloane de lei<\/strong>, mai ieftin\u0103 dec\u00e2t cea de consolidare a structurii.<\/p>\n\n\n\n<h2 class=\"wp-block-heading\">Gabriela Firea nu explic\u0103 de ce nu a dat publicit\u0103\u021bii expertiza<\/h2>\n\n\n\n<p>Am solicitat fostului edil Gabriela Firea r\u0103spunsul la mai multe \u00eentreb\u0103ri. <\/p>\n\n\n\n<ul class=\"wp-block-list\"><li>\u00cen octombrie 2017 a\u021bi primit expertiza pe pasajul\/plan\u0219eul Unirii. De ce nu a\u021bi facut public con\u021binutul \u0219i concluziile expertizei? Prima referire la aceasta expertiza a fost in decembrie 2021.<\/li><li>De ce nu au fost luate m\u0103suri mai devreme? Expertiza concluziona c\u0103 structura are probleme mari si propunea refacerea complet\u0103.<\/li><\/ul>\n\n\n\n<p>Actualul ministru al Familiei ne-a trimis \u00een locul r\u0103spunsurilor un comunicat, pe care \u00eel public\u0103m integral, mai jos. Comunicatul nu l\u0103mure\u0219te, \u00eens\u0103, niciuna dintre \u00eentreb\u0103rile puse. Gabriela Firea sus\u021bine c\u0103 expertiza s-a realizat \u00een 2018, de speciali\u0219ti de la Apele Rom\u00e2ne, Apa Nova etc \u0219i pentru c\u0103 se executau deja lucr\u0103ri la caseta de sub D\u00e2mbovi\u021ba nu s-a putut apuca de repara\u021biile la plan\u0219eu.<\/p>\n\n\n\n<p class=\"has-small-font-size\">\u201eSitua\u021bia plan\u0219eului Unirii \u0219i a Pasajului Unirii se cunoa\u0219te de peste 15 ani. Abia \u00een mandatul meu de primar general, \u00een anul 2018, s-a f\u0103cut prima expertiz\u0103 serioas\u0103 \u00een zon\u0103, cu un grup de lucru format din speciali\u0219ti de la Apele Rom\u00e2ne, Apa Nova, Metrorex, Enel, Distrigaz, ingineri etc.<br>Pentru Pasajul Unirii am preg\u0103tit documenta\u021bia necesar\u0103 reabilit\u0103rii \u0219i consolid\u0103rii, iar indicatorii tehnico-economici au fost aproba\u021bi prin votul consilierilor generali \u00een 2019.<br>\u00cen ce prive\u0219te Plan\u0219eul Unirii, expertiza a propus dou\u0103 variante de interven\u021bie. Pentru c\u0103 se derulau deja lucr\u0103ri la refacerea casetei de sub r\u00e2ul D\u00e2mbovi\u021ba, proiect pe fonduri europene, au existat discu\u021bii cu constructorul pentru stabilizarea plan\u0219eului p\u00e2n\u0103 la o interven\u021bie mai ampl\u0103. Nu puteau fi realizate dou\u0103 lucr\u0103ri majore \u00een paralel. Noi am finalizat repara\u021biile la colectoarele A0 \u0219i B0, \u00eens\u0103, nu \u0219tim acum stadiul lucr\u0103rilor, dac\u0103 au mai fost continuate \u0219i dac\u0103 nu au fost pierdute fondurile europene. De asemenea, tot atunci, au fost demarate discu\u021biile cu dou\u0103 companii municipale pentru realizarea proiect\u0103rii \u0219i execu\u021biei lucr\u0103rilor de consolidare.<br>Documentele au r\u0103mas \u00een Prim\u0103ria Capitalei \u0219i dup\u0103 alegerile din 2020, dar pentru actualul primar general a fost mai simpl\u0103 varianta pas\u0103rii responsabilit\u0103\u021bii c\u0103tre Prim\u0103ria Sectorului 4. Mai mult, Nicu\u0219or Dan afirm\u0103 acum, cu non\u0219alan\u021b\u0103, c\u0103 va expertiza podurile \u0219i pasajele. Ar trebui s\u0103 caute \u00een sertare expertizele deja f\u0103cute, s\u0103 nu mai arunce bani la firmele prietene \u0219i s\u0103 continue lucr\u0103rile de consolidare \u00eencepute \u00een mandatul meu.<br>&lt;&lt;Greaua mo\u0219tenire&gt;&gt; este invocat\u0103 de peste doi ani de actualul primar general, \u00eens\u0103 eu \u0219i echipa mea putem fi f\u0103cu\u021bi &lt;&lt;vinova\u021bi&gt;&gt; doar pentru teancurile de proiecte \u0219i pentru zecile de lucr\u0103ri \u00eencepute. Am l\u0103sat &lt;&lt;mo\u0219tenire&gt;&gt; proiecte importante, muncite cu greu de echipa mea \u0219i sute de milioane de euro din fonduri europene. Dau un singur exemplu: Pasajul Doamna Ghica nu este gata nici acum, iar lucr\u0103rile merg foarte greu, chiar dac\u0103 mai era de lucru doar c\u00e2teva luni.<br>Scuza cu datoriile l\u0103sate de mine este o manipulare la fel de mare precum promisiunea cu apa cald\u0103 imediat dup\u0103 alegeri. Nu po\u021bi face investi\u021bii de care are nevoie Capitale din pu\u021binii bani primi\u021bi de la buget, iar \u00een mandatul meu am avut t\u0103ieri substan\u021biale. Nu la fel a p\u0103\u021bit Nicu\u0219or Dan care a primit anual cu peste 1 miliard de lei mai mult. A\u0219adar bani a avut!\u201d &#8211; comunicat Gabriela Firea<\/p>\n\n\n\n<p><\/p>\n\n\n\n<div class=\"wp-block-buttons is-content-justification-center is-layout-flex wp-container-core-buttons-is-layout-16018d1d wp-block-buttons-is-layout-flex\">\n<div class=\"wp-block-button\"><a class=\"wp-block-button__link has-vivid-red-color has-luminous-vivid-amber-background-color has-text-color has-background\" href=\"https:\/\/www.patreon.com\/BuletinDeBucuresti\"><strong>Sus\u021bine Buletin de Bucure\u0219ti printr-o dona\u021bie pe Patreon<\/strong><\/a><\/div>\n<\/div>\n\n\n\n<p><strong>Dup\u0103 publicarea articolului, Gabriela Firea a venit cu urm\u0103toarele preciz\u0103ri<\/strong>:<\/p>\n\n\n\n<p>Av\u00e2nd \u00een vedere informa\u021biile publicate \u00een articolul \u201eGabriela Firea a \u021binut la sertar expertiza plan\u0219eului de la Unirii din 2017. A vorbit despre ea abia \u00een 2021, ca s\u0103-l acuze pe Nicu\u0219or Dan c\u0103 nu face nimic\u201d, ministrul Gabriela Firea face urm\u0103toarele preciz\u0103ri:<\/p>\n\n\n\n<p>Resping ferm aceste acuza\u021bii nefondate! Nu a ascuns nimeni situa\u021bia \u00een care se afl\u0103 zona Unirii, din contr\u0103, s-au f\u0103cut pa\u0219i importan\u021bi pentru rezolvarea situa\u021biei.<\/p>\n\n\n\n<p>Spre deosebire de Nicu\u0219or Dan care, a\u0219a cum se men\u021bioneaz\u0103 chiar \u00een articolul din \u201c Buletin de Bucure\u0219ti\u201d cuno\u0219tea situa\u021bia dar nu a f\u0103cut nimic \u00een afara solu\u021biei miraculoase de pasare a problemei la sectorul 4.<br>Citez \u201c Nicu\u0219or Dan a recunoscut c\u0103 \u0219tie de situa\u021bia de la Pia\u021ba Unirii dar c\u0103 nu exist\u0103 fondurile necesare pentru acest proiect.<br>\u201eLegat de Pasajul Unirii, sunt dou\u0103 componente, pe de o parte este propriu-zis pasajul, cel prin care trec ma\u015finile. Acolo a existat o interven\u0163ie a administra\u0163iei str\u0103zilor chiar \u00een momentul \u00een care a fost raportat\u0103 desprinderea acelor elemente verticale. Evident c\u0103 vrem s\u0103 facem asta, dar avem nevoie de bani\u201d, a declarat primarul Capitalei, Nicu\u015for Dan, preluat de romaniatv.ro\u201d Buletin de Bucure\u0219ti<\/p>\n\n\n\n<p>Nu am ascuns niciodat\u0103 situa\u021bia descoperit\u0103 \u00een timpul mandatului meu. Subliniez c\u0103 expertiza s-a f\u0103cut \u00een mandatul meu, nu al altora. Dac\u0103 nu m-ar fi interesat, ce rost ar mai fi avut expertiza? Am vorbit public despre plan\u0219eul Unirii mult \u00eenainte de anul 2021, \u00eens\u0103 nimeni nu a avut urechi s\u0103 aud\u0103.<\/p>\n\n\n\n<p>Dac\u0103 scopul dumneavoastr\u0103 ar fi fost s\u0103 prezenta\u021bi obiectiv situa\u021bia, a\u021bi fi introdus \u00een material \u0219i declara\u021bia mea din anul 2018, la momentul aprob\u0103rii bugetului. V\u0103 redau din postarea mea, publicat\u0103 \u00een 29 ianuarie 2018: <em>Pod planseu Piata Unirii \u2013 conform expertizelor tot planseul trebuie refacut, toata structura subterana trebuie consolidata. Valoare studiu de fezabilitate 88.000 euro.<\/em><\/p>\n\n\n\n<p>De asemenea, \u00een noiembrie 2018, \u00eentr-o conferin\u021b\u0103 \u00een care am vorbit despre programul de consolidare am vorbit despre situa\u021bia infrastructurii rutiere. Redau pasajul din comunicatul de pres\u0103 transmis \u00een urma conferin\u021bei: &lt;&lt;\u00cen paralel, Prim\u0103ria Capitalei lucreaza \u0219i pe partea de infrastructur\u0103: au fost realizate expertizele tehnice pentru podurile \u0219i pasajele rutiere aflate \u00een administrare, iar \u00een prezent se afl\u0103 \u00een reabilitare\/consolidare Podul Str\u0103ule\u0219ti. Alte 9 obiective sunt \u00een faza de documenta\u021bie: Podul Grant, Pod Insul\u0103, pod Timpuri Noi, pasaj Unirii, pasaj Fundeni, Pod Oper\u0103, pod Eroilor, pod Ciurel si Plan\u0219eu Pia\u021ba Unirii.&gt;&gt;<\/p>\n\n\n\n<p>A\u0219adar, NU am f\u0103cut referire la aceast\u0103 situa\u021bie abia \u00een 2021, a\u0219a cum fals acuza\u021bi \u00een articol. \u00cen plus, am vorbit de mai multe ori despre pasajele \u0219i podurile din Bucure\u0219ti expertizate \u00een perioada 2017 \u2013 2018. De fiecare dat\u0103 am spus, \u00een mod clar, c\u0103: <em>Prim\u0103ria Capitalei a actualizat expertizele pentru 22 dintre cele 24 de poduri \u0219i pentru 7 dintre cele 13 pasaje pe care le administreaz\u0103, prin Administra\u021bia Str\u0103zilor. Rezultatele au indicat c\u0103 6 poduri \u0219i 3 pasaje au o stare tehnic\u0103 nesatisf\u0103c\u0103toare \u0219i necesit\u0103 interven\u021bie, fiind construc\u021bii ce nu au fost niciodat\u0103 consolidate, ci au beneficiat doar de lucr\u0103ri de minime repara\u021bii.<\/em><\/p>\n\n\n\n<p>Am vorbit despre aceste expertize \u0219i \u00een conferin\u021ba de pres\u0103 din martie 2019, c\u00e2t \u0219i \u00een comunicatul de pres\u0103 transmis ulterior, c\u00e2nd am prezentat situa\u021bia riscului seismic din Bucure\u0219ti. Am spus, mai exact, c\u0103 &lt;&lt;6 poduri (Str\u0103ule\u0219ti, Oper\u0103, Timpuri Noi, Eroilor, Ciurel, Insul\u0103) \u0219i 3 pasaje (Grant, Unirii, Fundeni) au o stare tehnic\u0103 nesatisf\u0103c\u0103toare.&gt;&gt;<\/p>\n\n\n\n<p>V\u0103 reamintesc faptul c\u0103 podul Str\u0103ule\u0219ti sau pasajul Grant au intrat \u00eentr-un amplu proces de consolidare \u00een urma acestor expertize. \u00cen plus, pute\u021bi consulta hot\u0103r\u00e2rile Consiliului General prin care au fost aproba\u021bi indicatorii tehnico-economici pentru lucr\u0103rile la Pod Opera, Pasaj Grant, Pod Str\u0103ule\u0219ti, Pasaj Fundeni \u0219i Pasaj Unirii pentru a vedea pa\u0219ii f\u0103cu\u021bi \u00een urma acestor expertize.<\/p>\n\n\n\n<p>\u00cencerca\u021bi s\u0103 induce\u021bi ideea c\u0103 am ascuns expertiza \u0219i din acest motiv nu se reg\u0103se\u0219te \u00een Planul de analiz\u0103 \u0219i acoperire a riscurilor pentru anul 2019. Resping total acest lucru pentru c\u0103 acest plan nu este \u00eentocmit de Primarul General, ci de Comitetul Municipiului Bucure\u0219ti Pentru Situa\u021bii de Urgen\u021b\u0103, din care fac parte toate institu\u021biile cu atribu\u021bii \u00een acest domeniu.<\/p>\n\n\n\n<p>Ata\u0219ez link-urile materialelor la care am f\u0103cut referire mai sus:<\/p>\n\n\n\n<p><a href=\"https:\/\/m.facebook.com\/story.php?story_fbid=pfbid02wxbvCShG1TQHDVZ9iCyuzvnqFGMhuC9c7S4BcMdomYGmSyZNvo2tWMktUUYB3tX1l&amp;id=427656597297153\">https:\/\/m.facebook.com\/story.php?story_fbid=pfbid02wxbvCShG1TQHDVZ9iCyuzvnqFGMhuC9c7S4BcMdomYGmSyZNvo2tWMktUUYB3tX1l&amp;id=427656597297153<\/a><\/p>\n\n\n\n<p><a href=\"https:\/\/www.facebook.com\/PMBucuresti\/posts\/pfbid02bS6xFAL3rWykuabG5aFUPeeLsG9TaTJffi8rCwXEg7aMJ1D1aPB7AopnZmPTS8Uul\">https:\/\/www.facebook.com\/PMBucuresti\/posts\/pfbid02bS6xFAL3rWykuabG5aFUPeeLsG9TaTJffi8rCwXEg7aMJ1D1aPB7AopnZmPTS8Uul<\/a><\/p>\n\n\n\n<p><a href=\"https:\/\/m.facebook.com\/story.php?story_fbid=pfbid07QQHrEc1jfJuadU6SkXPPkVwHcJwNfUY9S6zRgTNu5hECxjPrU4MLjgqc2zK6qzPl&amp;id=427656597297153\">https:\/\/m.facebook.com\/story.php?story_fbid=pfbid07QQHrEc1jfJuadU6SkXPPkVwHcJwNfUY9S6zRgTNu5hECxjPrU4MLjgqc2zK6qzPl&amp;id=427656597297153<\/a><\/p>\n\n\n\n<p><a href=\"https:\/\/www.pmb.ro\/interes-public\/arhiva\/get-press-releases-menu\/2019\/284\">https:\/\/www.pmb.ro\/interes-public\/arhiva\/get-press-releases-menu\/2019\/284<\/a><\/p>\n\n\n\n<p><a href=\"https:\/\/www.dcnews.ro\/cutremur-bucuresti-firea-este-nevoie-de-modificarea-legislatiei_621464.html\">https:\/\/www.dcnews.ro\/cutremur-bucuresti-firea-este-nevoie-de-modificarea-legislatiei_621464.html<\/a><\/p>\n\n\n\n<p>sursa foto cover Facebook Gabriela Firea<\/p>\n","protected":false},"excerpt":{"rendered":"<p>Autorit\u0103\u021bile au aflat c\u0103 plan\u0219eul de la Unirii este \u00een stare grav\u0103 de degradare \u0219i un poten\u021bial pericol \u00een 2017. Atunci Administra\u021bia Str\u0103zilor a comandat expertizarea tuturor podurilor \u0219i pasajelor din Capital\u0103. Doar c\u0103 despre concluziile speciali\u0219tilor nu s-a vorbit nimic timp de 4 ani. Gabriel Firea, fostul edil general, a f\u0103cut prima oar\u0103 referire [&hellip;]<\/p>\n","protected":false},"author":18,"featured_media":52386,"comment_status":"closed","ping_status":"open","sticky":false,"template":"","format":"standard","meta":{"_acf_changed":false,"inline_featured_image":false,"ngg_post_thumbnail":0,"footnotes":""},"categories":[3419,62],"tags":[9,5244,4536,5270],"ppma_author":[22579],"class_list":["post-52291","post","type-post","status-publish","format-standard","has-post-thumbnail","hentry","category-featured","category-stiri","tag-bucuresti","tag-expertiza","tag-pasajul-unirii","tag-planseul-unirii"],"acf":[],"yoast_head":"<!-- This site is optimized with the Yoast SEO Premium plugin v25.3 (Yoast SEO v27.4) - https:\/\/yoast.com\/product\/yoast-seo-premium-wordpress\/ -->\n<title>Gabriela Firea a \u021binut la sertar expertiza plan\u0219eului de la Unirii din 2017. A vorbit despre ea abia \u00een 2021, ca s\u0103-l acuze pe Nicu\u0219or Dan c\u0103 nu face nimic - Buletin de Bucure\u0219ti<\/title>\n<meta name=\"robots\" content=\"index, follow, max-snippet:-1, max-image-preview:large, max-video-preview:-1\" \/>\n<link rel=\"canonical\" href=\"https:\/\/buletin.de\/bucuresti\/gabriela-firea-a-tinut-la-sertar-expertiza-planseului-de-la-unirii-din-2017-a-vorbit-despre-ea-abia-in-2021-ca-sa-l-acuze-pe-nicusor-dan-ca-nu-face-nimic\/\" \/>\n<meta property=\"og:locale\" content=\"en_GB\" \/>\n<meta property=\"og:type\" content=\"article\" \/>\n<meta property=\"og:title\" content=\"Gabriela Firea a \u021binut la sertar expertiza plan\u0219eului de la Unirii din 2017. A vorbit despre ea abia \u00een 2021, ca s\u0103-l acuze pe Nicu\u0219or Dan c\u0103 nu face nimic\" \/>\n<meta property=\"og:description\" content=\"Autorit\u0103\u021bile au aflat c\u0103 plan\u0219eul de la Unirii este \u00een stare grav\u0103 de degradare \u0219i un poten\u021bial pericol \u00een 2017. Atunci Administra\u021bia Str\u0103zilor a comandat expertizarea tuturor podurilor \u0219i pasajelor din Capital\u0103. Doar c\u0103 despre concluziile speciali\u0219tilor nu s-a vorbit nimic timp de 4 ani. Gabriel Firea, fostul edil general, a f\u0103cut prima oar\u0103 referire [&hellip;]\" \/>\n<meta property=\"og:url\" content=\"https:\/\/buletin.de\/bucuresti\/gabriela-firea-a-tinut-la-sertar-expertiza-planseului-de-la-unirii-din-2017-a-vorbit-despre-ea-abia-in-2021-ca-sa-l-acuze-pe-nicusor-dan-ca-nu-face-nimic\/\" \/>\n<meta property=\"og:site_name\" content=\"Buletin de Bucure\u0219ti\" \/>\n<meta property=\"article:publisher\" content=\"https:\/\/www.facebook.com\/buletin.de.buc\" \/>\n<meta property=\"article:published_time\" content=\"2023-01-22T10:52:34+00:00\" \/>\n<meta property=\"article:modified_time\" content=\"2023-05-03T09:05:51+00:00\" \/>\n<meta property=\"og:image\" content=\"https:\/\/buletin.de\/bucuresti\/wp-content\/uploads\/WhatsApp-Image-2023-01-22-at-12.01.36.jpeg\" \/>\n\t<meta property=\"og:image:width\" content=\"1043\" \/>\n\t<meta property=\"og:image:height\" content=\"441\" \/>\n\t<meta property=\"og:image:type\" content=\"image\/jpeg\" \/>\n<meta name=\"author\" content=\"Teodora Stroe\" \/>\n<meta name=\"twitter:card\" content=\"summary_large_image\" \/>\n<meta name=\"twitter:label1\" content=\"Written by\" \/>\n\t<meta name=\"twitter:data1\" content=\"Teodora Stroe\" \/>\n\t<meta name=\"twitter:label2\" content=\"Estimated reading time\" \/>\n\t<meta name=\"twitter:data2\" content=\"17 minutes\" \/>\n<script type=\"application\/ld+json\" class=\"yoast-schema-graph\">{\"@context\":\"https:\\\/\\\/schema.org\",\"@graph\":[{\"@type\":\"Article\",\"@id\":\"https:\\\/\\\/buletin.de\\\/bucuresti\\\/gabriela-firea-a-tinut-la-sertar-expertiza-planseului-de-la-unirii-din-2017-a-vorbit-despre-ea-abia-in-2021-ca-sa-l-acuze-pe-nicusor-dan-ca-nu-face-nimic\\\/#article\",\"isPartOf\":{\"@id\":\"https:\\\/\\\/buletin.de\\\/bucuresti\\\/gabriela-firea-a-tinut-la-sertar-expertiza-planseului-de-la-unirii-din-2017-a-vorbit-despre-ea-abia-in-2021-ca-sa-l-acuze-pe-nicusor-dan-ca-nu-face-nimic\\\/\"},\"author\":{\"name\":\"Teodora Stroe\",\"@id\":\"https:\\\/\\\/buletin.de\\\/bucuresti\\\/#\\\/schema\\\/person\\\/d369d7ddc775abece205795e0b804614\"},\"headline\":\"Gabriela Firea a \u021binut la sertar expertiza plan\u0219eului de la Unirii din 2017. A vorbit despre ea abia \u00een 2021, ca s\u0103-l acuze pe Nicu\u0219or Dan c\u0103 nu face nimic\",\"datePublished\":\"2023-01-22T10:52:34+00:00\",\"dateModified\":\"2023-05-03T09:05:51+00:00\",\"mainEntityOfPage\":{\"@id\":\"https:\\\/\\\/buletin.de\\\/bucuresti\\\/gabriela-firea-a-tinut-la-sertar-expertiza-planseului-de-la-unirii-din-2017-a-vorbit-despre-ea-abia-in-2021-ca-sa-l-acuze-pe-nicusor-dan-ca-nu-face-nimic\\\/\"},\"wordCount\":4040,\"publisher\":{\"@id\":\"https:\\\/\\\/buletin.de\\\/bucuresti\\\/#organization\"},\"image\":{\"@id\":\"https:\\\/\\\/buletin.de\\\/bucuresti\\\/gabriela-firea-a-tinut-la-sertar-expertiza-planseului-de-la-unirii-din-2017-a-vorbit-despre-ea-abia-in-2021-ca-sa-l-acuze-pe-nicusor-dan-ca-nu-face-nimic\\\/#primaryimage\"},\"thumbnailUrl\":\"https:\\\/\\\/buletin.de\\\/bucuresti\\\/wp-content\\\/uploads\\\/WhatsApp-Image-2023-01-22-at-12.01.36.jpeg\",\"keywords\":[\"bucuresti\",\"expertiza\",\"pasajul unirii\",\"planseul unirii\"],\"articleSection\":[\"Featured\",\"\u0218tiri\"],\"inLanguage\":\"en-GB\",\"copyrightYear\":\"2023\",\"copyrightHolder\":{\"@id\":\"https:\\\/\\\/buletin.de\\\/bucuresti\\\/#organization\"}},{\"@type\":\"WebPage\",\"@id\":\"https:\\\/\\\/buletin.de\\\/bucuresti\\\/gabriela-firea-a-tinut-la-sertar-expertiza-planseului-de-la-unirii-din-2017-a-vorbit-despre-ea-abia-in-2021-ca-sa-l-acuze-pe-nicusor-dan-ca-nu-face-nimic\\\/\",\"url\":\"https:\\\/\\\/buletin.de\\\/bucuresti\\\/gabriela-firea-a-tinut-la-sertar-expertiza-planseului-de-la-unirii-din-2017-a-vorbit-despre-ea-abia-in-2021-ca-sa-l-acuze-pe-nicusor-dan-ca-nu-face-nimic\\\/\",\"name\":\"Gabriela Firea a \u021binut la sertar expertiza plan\u0219eului de la Unirii din 2017. A vorbit despre ea abia \u00een 2021, ca s\u0103-l acuze pe Nicu\u0219or Dan c\u0103 nu face nimic - Buletin de Bucure\u0219ti\",\"isPartOf\":{\"@id\":\"https:\\\/\\\/buletin.de\\\/bucuresti\\\/#website\"},\"primaryImageOfPage\":{\"@id\":\"https:\\\/\\\/buletin.de\\\/bucuresti\\\/gabriela-firea-a-tinut-la-sertar-expertiza-planseului-de-la-unirii-din-2017-a-vorbit-despre-ea-abia-in-2021-ca-sa-l-acuze-pe-nicusor-dan-ca-nu-face-nimic\\\/#primaryimage\"},\"image\":{\"@id\":\"https:\\\/\\\/buletin.de\\\/bucuresti\\\/gabriela-firea-a-tinut-la-sertar-expertiza-planseului-de-la-unirii-din-2017-a-vorbit-despre-ea-abia-in-2021-ca-sa-l-acuze-pe-nicusor-dan-ca-nu-face-nimic\\\/#primaryimage\"},\"thumbnailUrl\":\"https:\\\/\\\/buletin.de\\\/bucuresti\\\/wp-content\\\/uploads\\\/WhatsApp-Image-2023-01-22-at-12.01.36.jpeg\",\"datePublished\":\"2023-01-22T10:52:34+00:00\",\"dateModified\":\"2023-05-03T09:05:51+00:00\",\"breadcrumb\":{\"@id\":\"https:\\\/\\\/buletin.de\\\/bucuresti\\\/gabriela-firea-a-tinut-la-sertar-expertiza-planseului-de-la-unirii-din-2017-a-vorbit-despre-ea-abia-in-2021-ca-sa-l-acuze-pe-nicusor-dan-ca-nu-face-nimic\\\/#breadcrumb\"},\"inLanguage\":\"en-GB\",\"potentialAction\":[{\"@type\":\"ReadAction\",\"target\":[\"https:\\\/\\\/buletin.de\\\/bucuresti\\\/gabriela-firea-a-tinut-la-sertar-expertiza-planseului-de-la-unirii-din-2017-a-vorbit-despre-ea-abia-in-2021-ca-sa-l-acuze-pe-nicusor-dan-ca-nu-face-nimic\\\/\"]}]},{\"@type\":\"ImageObject\",\"inLanguage\":\"en-GB\",\"@id\":\"https:\\\/\\\/buletin.de\\\/bucuresti\\\/gabriela-firea-a-tinut-la-sertar-expertiza-planseului-de-la-unirii-din-2017-a-vorbit-despre-ea-abia-in-2021-ca-sa-l-acuze-pe-nicusor-dan-ca-nu-face-nimic\\\/#primaryimage\",\"url\":\"https:\\\/\\\/buletin.de\\\/bucuresti\\\/wp-content\\\/uploads\\\/WhatsApp-Image-2023-01-22-at-12.01.36.jpeg\",\"contentUrl\":\"https:\\\/\\\/buletin.de\\\/bucuresti\\\/wp-content\\\/uploads\\\/WhatsApp-Image-2023-01-22-at-12.01.36.jpeg\",\"width\":1043,\"height\":441},{\"@type\":\"BreadcrumbList\",\"@id\":\"https:\\\/\\\/buletin.de\\\/bucuresti\\\/gabriela-firea-a-tinut-la-sertar-expertiza-planseului-de-la-unirii-din-2017-a-vorbit-despre-ea-abia-in-2021-ca-sa-l-acuze-pe-nicusor-dan-ca-nu-face-nimic\\\/#breadcrumb\",\"itemListElement\":[{\"@type\":\"ListItem\",\"position\":1,\"name\":\"Acas\u0103\",\"item\":\"https:\\\/\\\/buletin.de\\\/bucuresti\\\/\"},{\"@type\":\"ListItem\",\"position\":2,\"name\":\"Gabriela Firea a \u021binut la sertar expertiza plan\u0219eului de la Unirii din 2017. A vorbit despre ea abia \u00een 2021, ca s\u0103-l acuze pe Nicu\u0219or Dan c\u0103 nu face nimic\"}]},{\"@type\":\"WebSite\",\"@id\":\"https:\\\/\\\/buletin.de\\\/bucuresti\\\/#website\",\"url\":\"https:\\\/\\\/buletin.de\\\/bucuresti\\\/\",\"name\":\"Buletin de Bucure\u0219ti\",\"description\":\"\u0218tiri \u0219i investiga\u021bii esen\u021biale din capital\u0103\",\"publisher\":{\"@id\":\"https:\\\/\\\/buletin.de\\\/bucuresti\\\/#organization\"},\"potentialAction\":[{\"@type\":\"SearchAction\",\"target\":{\"@type\":\"EntryPoint\",\"urlTemplate\":\"https:\\\/\\\/buletin.de\\\/bucuresti\\\/?s={search_term_string}\"},\"query-input\":{\"@type\":\"PropertyValueSpecification\",\"valueRequired\":true,\"valueName\":\"search_term_string\"}}],\"inLanguage\":\"en-GB\"},{\"@type\":\"Organization\",\"@id\":\"https:\\\/\\\/buletin.de\\\/bucuresti\\\/#organization\",\"name\":\"Buletin de Bucure\u0219ti\",\"url\":\"https:\\\/\\\/buletin.de\\\/bucuresti\\\/\",\"logo\":{\"@type\":\"ImageObject\",\"inLanguage\":\"en-GB\",\"@id\":\"https:\\\/\\\/buletin.de\\\/bucuresti\\\/#\\\/schema\\\/logo\\\/image\\\/\",\"url\":\"https:\\\/\\\/buletin.de\\\/bucuresti\\\/wp-content\\\/uploads\\\/logo-bdb-full-wide-vernil-transparent.png\",\"contentUrl\":\"https:\\\/\\\/buletin.de\\\/bucuresti\\\/wp-content\\\/uploads\\\/logo-bdb-full-wide-vernil-transparent.png\",\"width\":1782,\"height\":626,\"caption\":\"Buletin de Bucure\u0219ti\"},\"image\":{\"@id\":\"https:\\\/\\\/buletin.de\\\/bucuresti\\\/#\\\/schema\\\/logo\\\/image\\\/\"},\"sameAs\":[\"https:\\\/\\\/www.facebook.com\\\/buletin.de.buc\",\"https:\\\/\\\/www.instagram.com\\\/buletinde.bucuresti\\\/\"]},{\"@type\":\"Person\",\"@id\":\"https:\\\/\\\/buletin.de\\\/bucuresti\\\/#\\\/schema\\\/person\\\/d369d7ddc775abece205795e0b804614\",\"name\":\"Teodora Stroe\",\"image\":{\"@type\":\"ImageObject\",\"inLanguage\":\"en-GB\",\"@id\":\"https:\\\/\\\/secure.gravatar.com\\\/avatar\\\/2560b4cd9f5f1bc100b123158e657d75584bd1c3e1d9c69285720b9457c1b78d?s=96&d=monsterid&r=gc104800242ba5f2d78dd5d7dc4df08b6\",\"url\":\"https:\\\/\\\/secure.gravatar.com\\\/avatar\\\/2560b4cd9f5f1bc100b123158e657d75584bd1c3e1d9c69285720b9457c1b78d?s=96&d=monsterid&r=g\",\"contentUrl\":\"https:\\\/\\\/secure.gravatar.com\\\/avatar\\\/2560b4cd9f5f1bc100b123158e657d75584bd1c3e1d9c69285720b9457c1b78d?s=96&d=monsterid&r=g\",\"caption\":\"Teodora Stroe\"},\"url\":\"https:\\\/\\\/buletin.de\\\/bucuresti\\\/author\\\/simonacarlugea\\\/\"}]}<\/script>\n<!-- \/ Yoast SEO Premium plugin. -->","yoast_head_json":{"title":"Gabriela Firea a \u021binut la sertar expertiza plan\u0219eului de la Unirii din 2017. A vorbit despre ea abia \u00een 2021, ca s\u0103-l acuze pe Nicu\u0219or Dan c\u0103 nu face nimic - Buletin de Bucure\u0219ti","robots":{"index":"index","follow":"follow","max-snippet":"max-snippet:-1","max-image-preview":"max-image-preview:large","max-video-preview":"max-video-preview:-1"},"canonical":"https:\/\/buletin.de\/bucuresti\/gabriela-firea-a-tinut-la-sertar-expertiza-planseului-de-la-unirii-din-2017-a-vorbit-despre-ea-abia-in-2021-ca-sa-l-acuze-pe-nicusor-dan-ca-nu-face-nimic\/","og_locale":"en_GB","og_type":"article","og_title":"Gabriela Firea a \u021binut la sertar expertiza plan\u0219eului de la Unirii din 2017. A vorbit despre ea abia \u00een 2021, ca s\u0103-l acuze pe Nicu\u0219or Dan c\u0103 nu face nimic","og_description":"Autorit\u0103\u021bile au aflat c\u0103 plan\u0219eul de la Unirii este \u00een stare grav\u0103 de degradare \u0219i un poten\u021bial pericol \u00een 2017. Atunci Administra\u021bia Str\u0103zilor a comandat expertizarea tuturor podurilor \u0219i pasajelor din Capital\u0103. Doar c\u0103 despre concluziile speciali\u0219tilor nu s-a vorbit nimic timp de 4 ani. Gabriel Firea, fostul edil general, a f\u0103cut prima oar\u0103 referire [&hellip;]","og_url":"https:\/\/buletin.de\/bucuresti\/gabriela-firea-a-tinut-la-sertar-expertiza-planseului-de-la-unirii-din-2017-a-vorbit-despre-ea-abia-in-2021-ca-sa-l-acuze-pe-nicusor-dan-ca-nu-face-nimic\/","og_site_name":"Buletin de Bucure\u0219ti","article_publisher":"https:\/\/www.facebook.com\/buletin.de.buc","article_published_time":"2023-01-22T10:52:34+00:00","article_modified_time":"2023-05-03T09:05:51+00:00","og_image":[{"width":1043,"height":441,"url":"https:\/\/buletin.de\/bucuresti\/wp-content\/uploads\/WhatsApp-Image-2023-01-22-at-12.01.36.jpeg","type":"image\/jpeg"}],"author":"Teodora Stroe","twitter_card":"summary_large_image","twitter_misc":{"Written by":"Teodora Stroe","Estimated reading time":"17 minutes"},"schema":{"@context":"https:\/\/schema.org","@graph":[{"@type":"Article","@id":"https:\/\/buletin.de\/bucuresti\/gabriela-firea-a-tinut-la-sertar-expertiza-planseului-de-la-unirii-din-2017-a-vorbit-despre-ea-abia-in-2021-ca-sa-l-acuze-pe-nicusor-dan-ca-nu-face-nimic\/#article","isPartOf":{"@id":"https:\/\/buletin.de\/bucuresti\/gabriela-firea-a-tinut-la-sertar-expertiza-planseului-de-la-unirii-din-2017-a-vorbit-despre-ea-abia-in-2021-ca-sa-l-acuze-pe-nicusor-dan-ca-nu-face-nimic\/"},"author":{"name":"Teodora Stroe","@id":"https:\/\/buletin.de\/bucuresti\/#\/schema\/person\/d369d7ddc775abece205795e0b804614"},"headline":"Gabriela Firea a \u021binut la sertar expertiza plan\u0219eului de la Unirii din 2017. A vorbit despre ea abia \u00een 2021, ca s\u0103-l acuze pe Nicu\u0219or Dan c\u0103 nu face nimic","datePublished":"2023-01-22T10:52:34+00:00","dateModified":"2023-05-03T09:05:51+00:00","mainEntityOfPage":{"@id":"https:\/\/buletin.de\/bucuresti\/gabriela-firea-a-tinut-la-sertar-expertiza-planseului-de-la-unirii-din-2017-a-vorbit-despre-ea-abia-in-2021-ca-sa-l-acuze-pe-nicusor-dan-ca-nu-face-nimic\/"},"wordCount":4040,"publisher":{"@id":"https:\/\/buletin.de\/bucuresti\/#organization"},"image":{"@id":"https:\/\/buletin.de\/bucuresti\/gabriela-firea-a-tinut-la-sertar-expertiza-planseului-de-la-unirii-din-2017-a-vorbit-despre-ea-abia-in-2021-ca-sa-l-acuze-pe-nicusor-dan-ca-nu-face-nimic\/#primaryimage"},"thumbnailUrl":"https:\/\/buletin.de\/bucuresti\/wp-content\/uploads\/WhatsApp-Image-2023-01-22-at-12.01.36.jpeg","keywords":["bucuresti","expertiza","pasajul unirii","planseul unirii"],"articleSection":["Featured","\u0218tiri"],"inLanguage":"en-GB","copyrightYear":"2023","copyrightHolder":{"@id":"https:\/\/buletin.de\/bucuresti\/#organization"}},{"@type":"WebPage","@id":"https:\/\/buletin.de\/bucuresti\/gabriela-firea-a-tinut-la-sertar-expertiza-planseului-de-la-unirii-din-2017-a-vorbit-despre-ea-abia-in-2021-ca-sa-l-acuze-pe-nicusor-dan-ca-nu-face-nimic\/","url":"https:\/\/buletin.de\/bucuresti\/gabriela-firea-a-tinut-la-sertar-expertiza-planseului-de-la-unirii-din-2017-a-vorbit-despre-ea-abia-in-2021-ca-sa-l-acuze-pe-nicusor-dan-ca-nu-face-nimic\/","name":"Gabriela Firea a \u021binut la sertar expertiza plan\u0219eului de la Unirii din 2017. A vorbit despre ea abia \u00een 2021, ca s\u0103-l acuze pe Nicu\u0219or Dan c\u0103 nu face nimic - Buletin de Bucure\u0219ti","isPartOf":{"@id":"https:\/\/buletin.de\/bucuresti\/#website"},"primaryImageOfPage":{"@id":"https:\/\/buletin.de\/bucuresti\/gabriela-firea-a-tinut-la-sertar-expertiza-planseului-de-la-unirii-din-2017-a-vorbit-despre-ea-abia-in-2021-ca-sa-l-acuze-pe-nicusor-dan-ca-nu-face-nimic\/#primaryimage"},"image":{"@id":"https:\/\/buletin.de\/bucuresti\/gabriela-firea-a-tinut-la-sertar-expertiza-planseului-de-la-unirii-din-2017-a-vorbit-despre-ea-abia-in-2021-ca-sa-l-acuze-pe-nicusor-dan-ca-nu-face-nimic\/#primaryimage"},"thumbnailUrl":"https:\/\/buletin.de\/bucuresti\/wp-content\/uploads\/WhatsApp-Image-2023-01-22-at-12.01.36.jpeg","datePublished":"2023-01-22T10:52:34+00:00","dateModified":"2023-05-03T09:05:51+00:00","breadcrumb":{"@id":"https:\/\/buletin.de\/bucuresti\/gabriela-firea-a-tinut-la-sertar-expertiza-planseului-de-la-unirii-din-2017-a-vorbit-despre-ea-abia-in-2021-ca-sa-l-acuze-pe-nicusor-dan-ca-nu-face-nimic\/#breadcrumb"},"inLanguage":"en-GB","potentialAction":[{"@type":"ReadAction","target":["https:\/\/buletin.de\/bucuresti\/gabriela-firea-a-tinut-la-sertar-expertiza-planseului-de-la-unirii-din-2017-a-vorbit-despre-ea-abia-in-2021-ca-sa-l-acuze-pe-nicusor-dan-ca-nu-face-nimic\/"]}]},{"@type":"ImageObject","inLanguage":"en-GB","@id":"https:\/\/buletin.de\/bucuresti\/gabriela-firea-a-tinut-la-sertar-expertiza-planseului-de-la-unirii-din-2017-a-vorbit-despre-ea-abia-in-2021-ca-sa-l-acuze-pe-nicusor-dan-ca-nu-face-nimic\/#primaryimage","url":"https:\/\/buletin.de\/bucuresti\/wp-content\/uploads\/WhatsApp-Image-2023-01-22-at-12.01.36.jpeg","contentUrl":"https:\/\/buletin.de\/bucuresti\/wp-content\/uploads\/WhatsApp-Image-2023-01-22-at-12.01.36.jpeg","width":1043,"height":441},{"@type":"BreadcrumbList","@id":"https:\/\/buletin.de\/bucuresti\/gabriela-firea-a-tinut-la-sertar-expertiza-planseului-de-la-unirii-din-2017-a-vorbit-despre-ea-abia-in-2021-ca-sa-l-acuze-pe-nicusor-dan-ca-nu-face-nimic\/#breadcrumb","itemListElement":[{"@type":"ListItem","position":1,"name":"Acas\u0103","item":"https:\/\/buletin.de\/bucuresti\/"},{"@type":"ListItem","position":2,"name":"Gabriela Firea a \u021binut la sertar expertiza plan\u0219eului de la Unirii din 2017. A vorbit despre ea abia \u00een 2021, ca s\u0103-l acuze pe Nicu\u0219or Dan c\u0103 nu face nimic"}]},{"@type":"WebSite","@id":"https:\/\/buletin.de\/bucuresti\/#website","url":"https:\/\/buletin.de\/bucuresti\/","name":"Buletin de Bucure\u0219ti","description":"\u0218tiri \u0219i investiga\u021bii esen\u021biale din capital\u0103","publisher":{"@id":"https:\/\/buletin.de\/bucuresti\/#organization"},"potentialAction":[{"@type":"SearchAction","target":{"@type":"EntryPoint","urlTemplate":"https:\/\/buletin.de\/bucuresti\/?s={search_term_string}"},"query-input":{"@type":"PropertyValueSpecification","valueRequired":true,"valueName":"search_term_string"}}],"inLanguage":"en-GB"},{"@type":"Organization","@id":"https:\/\/buletin.de\/bucuresti\/#organization","name":"Buletin de Bucure\u0219ti","url":"https:\/\/buletin.de\/bucuresti\/","logo":{"@type":"ImageObject","inLanguage":"en-GB","@id":"https:\/\/buletin.de\/bucuresti\/#\/schema\/logo\/image\/","url":"https:\/\/buletin.de\/bucuresti\/wp-content\/uploads\/logo-bdb-full-wide-vernil-transparent.png","contentUrl":"https:\/\/buletin.de\/bucuresti\/wp-content\/uploads\/logo-bdb-full-wide-vernil-transparent.png","width":1782,"height":626,"caption":"Buletin de Bucure\u0219ti"},"image":{"@id":"https:\/\/buletin.de\/bucuresti\/#\/schema\/logo\/image\/"},"sameAs":["https:\/\/www.facebook.com\/buletin.de.buc","https:\/\/www.instagram.com\/buletinde.bucuresti\/"]},{"@type":"Person","@id":"https:\/\/buletin.de\/bucuresti\/#\/schema\/person\/d369d7ddc775abece205795e0b804614","name":"Teodora Stroe","image":{"@type":"ImageObject","inLanguage":"en-GB","@id":"https:\/\/secure.gravatar.com\/avatar\/2560b4cd9f5f1bc100b123158e657d75584bd1c3e1d9c69285720b9457c1b78d?s=96&d=monsterid&r=gc104800242ba5f2d78dd5d7dc4df08b6","url":"https:\/\/secure.gravatar.com\/avatar\/2560b4cd9f5f1bc100b123158e657d75584bd1c3e1d9c69285720b9457c1b78d?s=96&d=monsterid&r=g","contentUrl":"https:\/\/secure.gravatar.com\/avatar\/2560b4cd9f5f1bc100b123158e657d75584bd1c3e1d9c69285720b9457c1b78d?s=96&d=monsterid&r=g","caption":"Teodora Stroe"},"url":"https:\/\/buletin.de\/bucuresti\/author\/simonacarlugea\/"}]}},"authors":[{"term_id":22579,"user_id":18,"is_guest":0,"slug":"simonacarlugea","display_name":"Teodora Stroe","avatar_url":"https:\/\/secure.gravatar.com\/avatar\/2560b4cd9f5f1bc100b123158e657d75584bd1c3e1d9c69285720b9457c1b78d?s=96&d=monsterid&r=g","0":null,"1":"","2":"","3":"","4":"","5":"","6":"","7":"","8":""}],"_links":{"self":[{"href":"https:\/\/buletin.de\/bucuresti\/wp-json\/wp\/v2\/posts\/52291","targetHints":{"allow":["GET"]}}],"collection":[{"href":"https:\/\/buletin.de\/bucuresti\/wp-json\/wp\/v2\/posts"}],"about":[{"href":"https:\/\/buletin.de\/bucuresti\/wp-json\/wp\/v2\/types\/post"}],"author":[{"embeddable":true,"href":"https:\/\/buletin.de\/bucuresti\/wp-json\/wp\/v2\/users\/18"}],"replies":[{"embeddable":true,"href":"https:\/\/buletin.de\/bucuresti\/wp-json\/wp\/v2\/comments?post=52291"}],"version-history":[{"count":27,"href":"https:\/\/buletin.de\/bucuresti\/wp-json\/wp\/v2\/posts\/52291\/revisions"}],"predecessor-version":[{"id":58135,"href":"https:\/\/buletin.de\/bucuresti\/wp-json\/wp\/v2\/posts\/52291\/revisions\/58135"}],"wp:featuredmedia":[{"embeddable":true,"href":"https:\/\/buletin.de\/bucuresti\/wp-json\/wp\/v2\/media\/52386"}],"wp:attachment":[{"href":"https:\/\/buletin.de\/bucuresti\/wp-json\/wp\/v2\/media?parent=52291"}],"wp:term":[{"taxonomy":"category","embeddable":true,"href":"https:\/\/buletin.de\/bucuresti\/wp-json\/wp\/v2\/categories?post=52291"},{"taxonomy":"post_tag","embeddable":true,"href":"https:\/\/buletin.de\/bucuresti\/wp-json\/wp\/v2\/tags?post=52291"},{"taxonomy":"author","embeddable":true,"href":"https:\/\/buletin.de\/bucuresti\/wp-json\/wp\/v2\/ppma_author?post=52291"}],"curies":[{"name":"wp","href":"https:\/\/api.w.org\/{rel}","templated":true}]}}