{"id":52241,"date":"2023-01-20T20:24:57","date_gmt":"2023-01-20T18:24:57","guid":{"rendered":"https:\/\/buletin.de\/bucuresti\/?p=52241"},"modified":"2023-01-20T20:24:59","modified_gmt":"2023-01-20T18:24:59","slug":"ambulatoriile-de-la-6-spitale-din-bucuresti-reabilitate-cu-fonduri-prin-pnrr","status":"publish","type":"post","link":"https:\/\/buletin.de\/bucuresti\/ambulatoriile-de-la-6-spitale-din-bucuresti-reabilitate-cu-fonduri-prin-pnrr\/","title":{"rendered":"Ambulatoriile de la 6 spitale din Bucure\u0219ti, reabilitate cu fonduri prin PNRR"},"content":{"rendered":"\n<p>Ambulatoriile a \u0219ase spitale din administrarea Prim\u0103riei Capitale vor fi modernizate \u0219i dotate cu fonduri din Programul Na\u021bional de Redresare \u0219i Rezilien\u021b\u0103. Valoarea total\u0103 a proiectelor este de 20,4 milioane de lei. <\/p>\n\n\n\n<p>De asemenea, centrele ambulatori vor beneficia \u0219i de echipamente \u0219i materiale destinate reducerii riscului de infec\u021bii nosocomiale, comform unei post\u0103ri de pe pagina de Facebook a lui Nicu\u0219or Dan, primarul Capitalei.<\/p>\n\n\n\n<p>Cabinetele medicale ambulatorii ce beneficieaz\u0103 de finan\u021barea din cadrul Programului de Redresare \u0219i Rezilien\u021b\u0103 sunt ambulatoriile spitalelor:<\/p>\n\n\n\n<ul class=\"wp-block-list\"><li>Spitalul de Copii Dr. Victor Gomoiu<\/li><li>Spitalul de Boli Infec\u021bioase \u0219i Tropicale Dr. Victor Babe\u0219<\/li><li>Spitalul Clinic Dr. Ion Cantacuzino<\/li><li>Spitalul Clinic Filantropia<\/li><li>Spitalul Clinic Sf. Maria<\/li><li>Spitalul Clinic de Psihiatrie Prof. Dr. Al. Obregia<\/li><\/ul>\n\n\n\n<p>\u00cen toat\u0103 Rom\u00e2nia, au fost depuse 142 de astfel de proiecte, dintre care 55 au primit finan\u021b\u0103ri.<\/p>\n\n\n\n<p>Finan\u021barea a fost ob\u021binut\u0103 \u00een urma unui apel deschis tuturor unit\u0103\u021bilor medicale, din toamna anului trecut. Se urm\u0103rea ca o mare parte dintre acestea s\u0103 fie situate \u00een regiuni sau municipalit\u0103\u021bi mai pu\u021bin dezvoltate. <\/p>\n\n\n\n<p>Administra\u021bia Spitalelor \u0219i Serviciilor Medicale Bucure\u0219ti a depus 10 proiecte \u00een cadrul campaniei lansate pentru acces la fondurile PNRR, dintre care 6 au ob\u021binut finan\u021bare.<\/p>\n","protected":false},"excerpt":{"rendered":"<p>Ambulatoriile a \u0219ase spitale din administrarea Prim\u0103riei Capitale vor fi modernizate \u0219i dotate cu fonduri din Programul Na\u021bional de Redresare \u0219i Rezilien\u021b\u0103. Valoarea total\u0103 a proiectelor este de 20,4 milioane de lei. De asemenea, centrele ambulatori vor beneficia \u0219i de echipamente \u0219i materiale destinate reducerii riscului de infec\u021bii nosocomiale, comform unei post\u0103ri de pe pagina [&hellip;]<\/p>\n","protected":false},"author":47,"featured_media":48630,"comment_status":"closed","ping_status":"open","sticky":false,"template":"","format":"standard","meta":{"_acf_changed":false,"inline_featured_image":false,"ngg_post_thumbnail":0,"footnotes":""},"categories":[24,62],"tags":[5266,474,5263,2343,5264,11],"ppma_author":[22580],"class_list":["post-52241","post","type-post","status-publish","format-standard","has-post-thumbnail","hentry","category-primarie","category-stiri","tag-ambulatorii","tag-assmb","tag-modernizat","tag-pnrr","tag-reabilitat","tag-spitale"],"acf":[],"yoast_head":"<!-- This site is optimized with the Yoast SEO Premium plugin v25.3 (Yoast SEO v27.4) - https:\/\/yoast.com\/product\/yoast-seo-premium-wordpress\/ -->\n<title>Ambulatoriile de la 6 spitale din Bucure\u0219ti, reabilitate cu fonduri prin PNRR - Buletin de Bucure\u0219ti<\/title>\n<meta name=\"robots\" content=\"index, follow, max-snippet:-1, max-image-preview:large, max-video-preview:-1\" \/>\n<link rel=\"canonical\" href=\"https:\/\/buletin.de\/bucuresti\/ambulatoriile-de-la-6-spitale-din-bucuresti-reabilitate-cu-fonduri-prin-pnrr\/\" \/>\n<meta property=\"og:locale\" content=\"en_GB\" \/>\n<meta property=\"og:type\" content=\"article\" \/>\n<meta property=\"og:title\" content=\"Ambulatoriile de la 6 spitale din Bucure\u0219ti, reabilitate cu fonduri prin PNRR\" \/>\n<meta property=\"og:description\" content=\"Ambulatoriile a \u0219ase spitale din administrarea Prim\u0103riei Capitale vor fi modernizate \u0219i dotate cu fonduri din Programul Na\u021bional de Redresare \u0219i Rezilien\u021b\u0103. Valoarea total\u0103 a proiectelor este de 20,4 milioane de lei. De asemenea, centrele ambulatori vor beneficia \u0219i de echipamente \u0219i materiale destinate reducerii riscului de infec\u021bii nosocomiale, comform unei post\u0103ri de pe pagina [&hellip;]\" \/>\n<meta property=\"og:url\" content=\"https:\/\/buletin.de\/bucuresti\/ambulatoriile-de-la-6-spitale-din-bucuresti-reabilitate-cu-fonduri-prin-pnrr\/\" \/>\n<meta property=\"og:site_name\" content=\"Buletin de Bucure\u0219ti\" \/>\n<meta property=\"article:publisher\" content=\"https:\/\/www.facebook.com\/buletin.de.buc\" \/>\n<meta property=\"article:published_time\" content=\"2023-01-20T18:24:57+00:00\" \/>\n<meta property=\"article:modified_time\" content=\"2023-01-20T18:24:59+00:00\" \/>\n<meta property=\"og:image\" content=\"https:\/\/buletin.de\/bucuresti\/wp-content\/uploads\/317069783_680641240078960_7289688891512442945_n.jpg\" \/>\n\t<meta property=\"og:image:width\" content=\"1600\" \/>\n\t<meta property=\"og:image:height\" content=\"1066\" \/>\n\t<meta property=\"og:image:type\" content=\"image\/jpeg\" \/>\n<meta name=\"author\" content=\"Adina C\u0103p\u00eelnean\" \/>\n<meta name=\"twitter:card\" content=\"summary_large_image\" \/>\n<meta name=\"twitter:label1\" content=\"Written by\" \/>\n\t<meta name=\"twitter:data1\" content=\"Adina C\u0103p\u00eelnean\" \/>\n\t<meta name=\"twitter:label2\" content=\"Estimated reading time\" \/>\n\t<meta name=\"twitter:data2\" content=\"1 minute\" \/>\n<script type=\"application\/ld+json\" class=\"yoast-schema-graph\">{\"@context\":\"https:\\\/\\\/schema.org\",\"@graph\":[{\"@type\":\"Article\",\"@id\":\"https:\\\/\\\/buletin.de\\\/bucuresti\\\/ambulatoriile-de-la-6-spitale-din-bucuresti-reabilitate-cu-fonduri-prin-pnrr\\\/#article\",\"isPartOf\":{\"@id\":\"https:\\\/\\\/buletin.de\\\/bucuresti\\\/ambulatoriile-de-la-6-spitale-din-bucuresti-reabilitate-cu-fonduri-prin-pnrr\\\/\"},\"author\":{\"name\":\"Adina C\u0103p\u00eelnean\",\"@id\":\"https:\\\/\\\/buletin.de\\\/bucuresti\\\/#\\\/schema\\\/person\\\/ab174cf6711728e4ee83d672acf9a912\"},\"headline\":\"Ambulatoriile de la 6 spitale din Bucure\u0219ti, reabilitate cu fonduri prin PNRR\",\"datePublished\":\"2023-01-20T18:24:57+00:00\",\"dateModified\":\"2023-01-20T18:24:59+00:00\",\"mainEntityOfPage\":{\"@id\":\"https:\\\/\\\/buletin.de\\\/bucuresti\\\/ambulatoriile-de-la-6-spitale-din-bucuresti-reabilitate-cu-fonduri-prin-pnrr\\\/\"},\"wordCount\":217,\"publisher\":{\"@id\":\"https:\\\/\\\/buletin.de\\\/bucuresti\\\/#organization\"},\"image\":{\"@id\":\"https:\\\/\\\/buletin.de\\\/bucuresti\\\/ambulatoriile-de-la-6-spitale-din-bucuresti-reabilitate-cu-fonduri-prin-pnrr\\\/#primaryimage\"},\"thumbnailUrl\":\"https:\\\/\\\/buletin.de\\\/bucuresti\\\/wp-content\\\/uploads\\\/317069783_680641240078960_7289688891512442945_n.jpg\",\"keywords\":[\"ambulatorii\",\"assmb\",\"modernizat\",\"pnrr\",\"reabilitat\",\"spitale\"],\"articleSection\":[\"Prim\u0103rie\",\"\u0218tiri\"],\"inLanguage\":\"en-GB\",\"copyrightYear\":\"2023\",\"copyrightHolder\":{\"@id\":\"https:\\\/\\\/buletin.de\\\/bucuresti\\\/#organization\"}},{\"@type\":\"WebPage\",\"@id\":\"https:\\\/\\\/buletin.de\\\/bucuresti\\\/ambulatoriile-de-la-6-spitale-din-bucuresti-reabilitate-cu-fonduri-prin-pnrr\\\/\",\"url\":\"https:\\\/\\\/buletin.de\\\/bucuresti\\\/ambulatoriile-de-la-6-spitale-din-bucuresti-reabilitate-cu-fonduri-prin-pnrr\\\/\",\"name\":\"Ambulatoriile de la 6 spitale din Bucure\u0219ti, reabilitate cu fonduri prin PNRR - Buletin de Bucure\u0219ti\",\"isPartOf\":{\"@id\":\"https:\\\/\\\/buletin.de\\\/bucuresti\\\/#website\"},\"primaryImageOfPage\":{\"@id\":\"https:\\\/\\\/buletin.de\\\/bucuresti\\\/ambulatoriile-de-la-6-spitale-din-bucuresti-reabilitate-cu-fonduri-prin-pnrr\\\/#primaryimage\"},\"image\":{\"@id\":\"https:\\\/\\\/buletin.de\\\/bucuresti\\\/ambulatoriile-de-la-6-spitale-din-bucuresti-reabilitate-cu-fonduri-prin-pnrr\\\/#primaryimage\"},\"thumbnailUrl\":\"https:\\\/\\\/buletin.de\\\/bucuresti\\\/wp-content\\\/uploads\\\/317069783_680641240078960_7289688891512442945_n.jpg\",\"datePublished\":\"2023-01-20T18:24:57+00:00\",\"dateModified\":\"2023-01-20T18:24:59+00:00\",\"breadcrumb\":{\"@id\":\"https:\\\/\\\/buletin.de\\\/bucuresti\\\/ambulatoriile-de-la-6-spitale-din-bucuresti-reabilitate-cu-fonduri-prin-pnrr\\\/#breadcrumb\"},\"inLanguage\":\"en-GB\",\"potentialAction\":[{\"@type\":\"ReadAction\",\"target\":[\"https:\\\/\\\/buletin.de\\\/bucuresti\\\/ambulatoriile-de-la-6-spitale-din-bucuresti-reabilitate-cu-fonduri-prin-pnrr\\\/\"]}]},{\"@type\":\"ImageObject\",\"inLanguage\":\"en-GB\",\"@id\":\"https:\\\/\\\/buletin.de\\\/bucuresti\\\/ambulatoriile-de-la-6-spitale-din-bucuresti-reabilitate-cu-fonduri-prin-pnrr\\\/#primaryimage\",\"url\":\"https:\\\/\\\/buletin.de\\\/bucuresti\\\/wp-content\\\/uploads\\\/317069783_680641240078960_7289688891512442945_n.jpg\",\"contentUrl\":\"https:\\\/\\\/buletin.de\\\/bucuresti\\\/wp-content\\\/uploads\\\/317069783_680641240078960_7289688891512442945_n.jpg\",\"width\":1600,\"height\":1066},{\"@type\":\"BreadcrumbList\",\"@id\":\"https:\\\/\\\/buletin.de\\\/bucuresti\\\/ambulatoriile-de-la-6-spitale-din-bucuresti-reabilitate-cu-fonduri-prin-pnrr\\\/#breadcrumb\",\"itemListElement\":[{\"@type\":\"ListItem\",\"position\":1,\"name\":\"Acas\u0103\",\"item\":\"https:\\\/\\\/buletin.de\\\/bucuresti\\\/\"},{\"@type\":\"ListItem\",\"position\":2,\"name\":\"Ambulatoriile de la 6 spitale din Bucure\u0219ti, reabilitate cu fonduri prin PNRR\"}]},{\"@type\":\"WebSite\",\"@id\":\"https:\\\/\\\/buletin.de\\\/bucuresti\\\/#website\",\"url\":\"https:\\\/\\\/buletin.de\\\/bucuresti\\\/\",\"name\":\"Buletin de Bucure\u0219ti\",\"description\":\"\u0218tiri \u0219i investiga\u021bii esen\u021biale din capital\u0103\",\"publisher\":{\"@id\":\"https:\\\/\\\/buletin.de\\\/bucuresti\\\/#organization\"},\"potentialAction\":[{\"@type\":\"SearchAction\",\"target\":{\"@type\":\"EntryPoint\",\"urlTemplate\":\"https:\\\/\\\/buletin.de\\\/bucuresti\\\/?s={search_term_string}\"},\"query-input\":{\"@type\":\"PropertyValueSpecification\",\"valueRequired\":true,\"valueName\":\"search_term_string\"}}],\"inLanguage\":\"en-GB\"},{\"@type\":\"Organization\",\"@id\":\"https:\\\/\\\/buletin.de\\\/bucuresti\\\/#organization\",\"name\":\"Buletin de Bucure\u0219ti\",\"url\":\"https:\\\/\\\/buletin.de\\\/bucuresti\\\/\",\"logo\":{\"@type\":\"ImageObject\",\"inLanguage\":\"en-GB\",\"@id\":\"https:\\\/\\\/buletin.de\\\/bucuresti\\\/#\\\/schema\\\/logo\\\/image\\\/\",\"url\":\"https:\\\/\\\/buletin.de\\\/bucuresti\\\/wp-content\\\/uploads\\\/logo-bdb-full-wide-vernil-transparent.png\",\"contentUrl\":\"https:\\\/\\\/buletin.de\\\/bucuresti\\\/wp-content\\\/uploads\\\/logo-bdb-full-wide-vernil-transparent.png\",\"width\":1782,\"height\":626,\"caption\":\"Buletin de Bucure\u0219ti\"},\"image\":{\"@id\":\"https:\\\/\\\/buletin.de\\\/bucuresti\\\/#\\\/schema\\\/logo\\\/image\\\/\"},\"sameAs\":[\"https:\\\/\\\/www.facebook.com\\\/buletin.de.buc\",\"https:\\\/\\\/www.instagram.com\\\/buletinde.bucuresti\\\/\"]},{\"@type\":\"Person\",\"@id\":\"https:\\\/\\\/buletin.de\\\/bucuresti\\\/#\\\/schema\\\/person\\\/ab174cf6711728e4ee83d672acf9a912\",\"name\":\"Adina C\u0103p\u00eelnean\",\"image\":{\"@type\":\"ImageObject\",\"inLanguage\":\"en-GB\",\"@id\":\"https:\\\/\\\/secure.gravatar.com\\\/avatar\\\/4fe9675d6282fd7c1aa4e486a037d532d5728fc16a30360f293eb6126b2e73ad?s=96&d=monsterid&r=ge2b23868508aec3460d3c6a11d3b599a\",\"url\":\"https:\\\/\\\/secure.gravatar.com\\\/avatar\\\/4fe9675d6282fd7c1aa4e486a037d532d5728fc16a30360f293eb6126b2e73ad?s=96&d=monsterid&r=g\",\"contentUrl\":\"https:\\\/\\\/secure.gravatar.com\\\/avatar\\\/4fe9675d6282fd7c1aa4e486a037d532d5728fc16a30360f293eb6126b2e73ad?s=96&d=monsterid&r=g\",\"caption\":\"Adina C\u0103p\u00eelnean\"},\"url\":\"https:\\\/\\\/buletin.de\\\/bucuresti\\\/author\\\/adinacapilnean\\\/\"}]}<\/script>\n<!-- \/ Yoast SEO Premium plugin. -->","yoast_head_json":{"title":"Ambulatoriile de la 6 spitale din Bucure\u0219ti, reabilitate cu fonduri prin PNRR - Buletin de Bucure\u0219ti","robots":{"index":"index","follow":"follow","max-snippet":"max-snippet:-1","max-image-preview":"max-image-preview:large","max-video-preview":"max-video-preview:-1"},"canonical":"https:\/\/buletin.de\/bucuresti\/ambulatoriile-de-la-6-spitale-din-bucuresti-reabilitate-cu-fonduri-prin-pnrr\/","og_locale":"en_GB","og_type":"article","og_title":"Ambulatoriile de la 6 spitale din Bucure\u0219ti, reabilitate cu fonduri prin PNRR","og_description":"Ambulatoriile a \u0219ase spitale din administrarea Prim\u0103riei Capitale vor fi modernizate \u0219i dotate cu fonduri din Programul Na\u021bional de Redresare \u0219i Rezilien\u021b\u0103. Valoarea total\u0103 a proiectelor este de 20,4 milioane de lei. De asemenea, centrele ambulatori vor beneficia \u0219i de echipamente \u0219i materiale destinate reducerii riscului de infec\u021bii nosocomiale, comform unei post\u0103ri de pe pagina [&hellip;]","og_url":"https:\/\/buletin.de\/bucuresti\/ambulatoriile-de-la-6-spitale-din-bucuresti-reabilitate-cu-fonduri-prin-pnrr\/","og_site_name":"Buletin de Bucure\u0219ti","article_publisher":"https:\/\/www.facebook.com\/buletin.de.buc","article_published_time":"2023-01-20T18:24:57+00:00","article_modified_time":"2023-01-20T18:24:59+00:00","og_image":[{"width":1600,"height":1066,"url":"https:\/\/buletin.de\/bucuresti\/wp-content\/uploads\/317069783_680641240078960_7289688891512442945_n.jpg","type":"image\/jpeg"}],"author":"Adina C\u0103p\u00eelnean","twitter_card":"summary_large_image","twitter_misc":{"Written by":"Adina C\u0103p\u00eelnean","Estimated reading time":"1 minute"},"schema":{"@context":"https:\/\/schema.org","@graph":[{"@type":"Article","@id":"https:\/\/buletin.de\/bucuresti\/ambulatoriile-de-la-6-spitale-din-bucuresti-reabilitate-cu-fonduri-prin-pnrr\/#article","isPartOf":{"@id":"https:\/\/buletin.de\/bucuresti\/ambulatoriile-de-la-6-spitale-din-bucuresti-reabilitate-cu-fonduri-prin-pnrr\/"},"author":{"name":"Adina C\u0103p\u00eelnean","@id":"https:\/\/buletin.de\/bucuresti\/#\/schema\/person\/ab174cf6711728e4ee83d672acf9a912"},"headline":"Ambulatoriile de la 6 spitale din Bucure\u0219ti, reabilitate cu fonduri prin PNRR","datePublished":"2023-01-20T18:24:57+00:00","dateModified":"2023-01-20T18:24:59+00:00","mainEntityOfPage":{"@id":"https:\/\/buletin.de\/bucuresti\/ambulatoriile-de-la-6-spitale-din-bucuresti-reabilitate-cu-fonduri-prin-pnrr\/"},"wordCount":217,"publisher":{"@id":"https:\/\/buletin.de\/bucuresti\/#organization"},"image":{"@id":"https:\/\/buletin.de\/bucuresti\/ambulatoriile-de-la-6-spitale-din-bucuresti-reabilitate-cu-fonduri-prin-pnrr\/#primaryimage"},"thumbnailUrl":"https:\/\/buletin.de\/bucuresti\/wp-content\/uploads\/317069783_680641240078960_7289688891512442945_n.jpg","keywords":["ambulatorii","assmb","modernizat","pnrr","reabilitat","spitale"],"articleSection":["Prim\u0103rie","\u0218tiri"],"inLanguage":"en-GB","copyrightYear":"2023","copyrightHolder":{"@id":"https:\/\/buletin.de\/bucuresti\/#organization"}},{"@type":"WebPage","@id":"https:\/\/buletin.de\/bucuresti\/ambulatoriile-de-la-6-spitale-din-bucuresti-reabilitate-cu-fonduri-prin-pnrr\/","url":"https:\/\/buletin.de\/bucuresti\/ambulatoriile-de-la-6-spitale-din-bucuresti-reabilitate-cu-fonduri-prin-pnrr\/","name":"Ambulatoriile de la 6 spitale din Bucure\u0219ti, reabilitate cu fonduri prin PNRR - Buletin de Bucure\u0219ti","isPartOf":{"@id":"https:\/\/buletin.de\/bucuresti\/#website"},"primaryImageOfPage":{"@id":"https:\/\/buletin.de\/bucuresti\/ambulatoriile-de-la-6-spitale-din-bucuresti-reabilitate-cu-fonduri-prin-pnrr\/#primaryimage"},"image":{"@id":"https:\/\/buletin.de\/bucuresti\/ambulatoriile-de-la-6-spitale-din-bucuresti-reabilitate-cu-fonduri-prin-pnrr\/#primaryimage"},"thumbnailUrl":"https:\/\/buletin.de\/bucuresti\/wp-content\/uploads\/317069783_680641240078960_7289688891512442945_n.jpg","datePublished":"2023-01-20T18:24:57+00:00","dateModified":"2023-01-20T18:24:59+00:00","breadcrumb":{"@id":"https:\/\/buletin.de\/bucuresti\/ambulatoriile-de-la-6-spitale-din-bucuresti-reabilitate-cu-fonduri-prin-pnrr\/#breadcrumb"},"inLanguage":"en-GB","potentialAction":[{"@type":"ReadAction","target":["https:\/\/buletin.de\/bucuresti\/ambulatoriile-de-la-6-spitale-din-bucuresti-reabilitate-cu-fonduri-prin-pnrr\/"]}]},{"@type":"ImageObject","inLanguage":"en-GB","@id":"https:\/\/buletin.de\/bucuresti\/ambulatoriile-de-la-6-spitale-din-bucuresti-reabilitate-cu-fonduri-prin-pnrr\/#primaryimage","url":"https:\/\/buletin.de\/bucuresti\/wp-content\/uploads\/317069783_680641240078960_7289688891512442945_n.jpg","contentUrl":"https:\/\/buletin.de\/bucuresti\/wp-content\/uploads\/317069783_680641240078960_7289688891512442945_n.jpg","width":1600,"height":1066},{"@type":"BreadcrumbList","@id":"https:\/\/buletin.de\/bucuresti\/ambulatoriile-de-la-6-spitale-din-bucuresti-reabilitate-cu-fonduri-prin-pnrr\/#breadcrumb","itemListElement":[{"@type":"ListItem","position":1,"name":"Acas\u0103","item":"https:\/\/buletin.de\/bucuresti\/"},{"@type":"ListItem","position":2,"name":"Ambulatoriile de la 6 spitale din Bucure\u0219ti, reabilitate cu fonduri prin PNRR"}]},{"@type":"WebSite","@id":"https:\/\/buletin.de\/bucuresti\/#website","url":"https:\/\/buletin.de\/bucuresti\/","name":"Buletin de Bucure\u0219ti","description":"\u0218tiri \u0219i investiga\u021bii esen\u021biale din capital\u0103","publisher":{"@id":"https:\/\/buletin.de\/bucuresti\/#organization"},"potentialAction":[{"@type":"SearchAction","target":{"@type":"EntryPoint","urlTemplate":"https:\/\/buletin.de\/bucuresti\/?s={search_term_string}"},"query-input":{"@type":"PropertyValueSpecification","valueRequired":true,"valueName":"search_term_string"}}],"inLanguage":"en-GB"},{"@type":"Organization","@id":"https:\/\/buletin.de\/bucuresti\/#organization","name":"Buletin de Bucure\u0219ti","url":"https:\/\/buletin.de\/bucuresti\/","logo":{"@type":"ImageObject","inLanguage":"en-GB","@id":"https:\/\/buletin.de\/bucuresti\/#\/schema\/logo\/image\/","url":"https:\/\/buletin.de\/bucuresti\/wp-content\/uploads\/logo-bdb-full-wide-vernil-transparent.png","contentUrl":"https:\/\/buletin.de\/bucuresti\/wp-content\/uploads\/logo-bdb-full-wide-vernil-transparent.png","width":1782,"height":626,"caption":"Buletin de Bucure\u0219ti"},"image":{"@id":"https:\/\/buletin.de\/bucuresti\/#\/schema\/logo\/image\/"},"sameAs":["https:\/\/www.facebook.com\/buletin.de.buc","https:\/\/www.instagram.com\/buletinde.bucuresti\/"]},{"@type":"Person","@id":"https:\/\/buletin.de\/bucuresti\/#\/schema\/person\/ab174cf6711728e4ee83d672acf9a912","name":"Adina C\u0103p\u00eelnean","image":{"@type":"ImageObject","inLanguage":"en-GB","@id":"https:\/\/secure.gravatar.com\/avatar\/4fe9675d6282fd7c1aa4e486a037d532d5728fc16a30360f293eb6126b2e73ad?s=96&d=monsterid&r=ge2b23868508aec3460d3c6a11d3b599a","url":"https:\/\/secure.gravatar.com\/avatar\/4fe9675d6282fd7c1aa4e486a037d532d5728fc16a30360f293eb6126b2e73ad?s=96&d=monsterid&r=g","contentUrl":"https:\/\/secure.gravatar.com\/avatar\/4fe9675d6282fd7c1aa4e486a037d532d5728fc16a30360f293eb6126b2e73ad?s=96&d=monsterid&r=g","caption":"Adina C\u0103p\u00eelnean"},"url":"https:\/\/buletin.de\/bucuresti\/author\/adinacapilnean\/"}]}},"authors":[{"term_id":22580,"user_id":47,"is_guest":0,"slug":"adinacapilnean","display_name":"Adina C\u0103p\u00eelnean","avatar_url":"https:\/\/secure.gravatar.com\/avatar\/4fe9675d6282fd7c1aa4e486a037d532d5728fc16a30360f293eb6126b2e73ad?s=96&d=monsterid&r=g","0":null,"1":"","2":"","3":"","4":"","5":"","6":"","7":"","8":""}],"_links":{"self":[{"href":"https:\/\/buletin.de\/bucuresti\/wp-json\/wp\/v2\/posts\/52241","targetHints":{"allow":["GET"]}}],"collection":[{"href":"https:\/\/buletin.de\/bucuresti\/wp-json\/wp\/v2\/posts"}],"about":[{"href":"https:\/\/buletin.de\/bucuresti\/wp-json\/wp\/v2\/types\/post"}],"author":[{"embeddable":true,"href":"https:\/\/buletin.de\/bucuresti\/wp-json\/wp\/v2\/users\/47"}],"replies":[{"embeddable":true,"href":"https:\/\/buletin.de\/bucuresti\/wp-json\/wp\/v2\/comments?post=52241"}],"version-history":[{"count":2,"href":"https:\/\/buletin.de\/bucuresti\/wp-json\/wp\/v2\/posts\/52241\/revisions"}],"predecessor-version":[{"id":52245,"href":"https:\/\/buletin.de\/bucuresti\/wp-json\/wp\/v2\/posts\/52241\/revisions\/52245"}],"wp:featuredmedia":[{"embeddable":true,"href":"https:\/\/buletin.de\/bucuresti\/wp-json\/wp\/v2\/media\/48630"}],"wp:attachment":[{"href":"https:\/\/buletin.de\/bucuresti\/wp-json\/wp\/v2\/media?parent=52241"}],"wp:term":[{"taxonomy":"category","embeddable":true,"href":"https:\/\/buletin.de\/bucuresti\/wp-json\/wp\/v2\/categories?post=52241"},{"taxonomy":"post_tag","embeddable":true,"href":"https:\/\/buletin.de\/bucuresti\/wp-json\/wp\/v2\/tags?post=52241"},{"taxonomy":"author","embeddable":true,"href":"https:\/\/buletin.de\/bucuresti\/wp-json\/wp\/v2\/ppma_author?post=52241"}],"curies":[{"name":"wp","href":"https:\/\/api.w.org\/{rel}","templated":true}]}}