{"id":52025,"date":"2023-01-19T09:43:22","date_gmt":"2023-01-19T07:43:22","guid":{"rendered":"https:\/\/buletin.de\/bucuresti\/?p=52025"},"modified":"2023-01-19T09:43:23","modified_gmt":"2023-01-19T07:43:23","slug":"doua-eleve-au-fost-accidentate-de-o-masina-pe-trotuar-pe-soseaua-vitan-barzesti-din-capitala","status":"publish","type":"post","link":"https:\/\/buletin.de\/bucuresti\/doua-eleve-au-fost-accidentate-de-o-masina-pe-trotuar-pe-soseaua-vitan-barzesti-din-capitala\/","title":{"rendered":"Dou\u0103 eleve au fost accidentate de o ma\u0219in\u0103 pe trotuar, pe \u0218oseaua Vitan-B\u00e2rze\u0219ti din Capital\u0103"},"content":{"rendered":"\n<p>Un accident grav s-a produs \u00een aceast\u0103 diminea\u021b\u0103 pe \u0218oseaua Vitan-B\u00e2rze\u0219ti. Dou\u0103 fete au fost lovite de un autoturism, care s-a r\u0103sturnat \u00een afara p\u0103r\u021bii carosabile.&nbsp;<\/p>\n\n\n\n<p>Accidentul s-a produs \u00een aceast\u0103 diminea\u021b\u0103, \u00een jurul orei 8:15. Potrivit informa\u021biilor transmise de <a href=\"https:\/\/infotraficromania.ro\/\">https:\/\/infotraficromania.ro\/<\/a>, \u00een accident au fost implicate trei ma\u0219ini.&nbsp;<\/p>\n\n\n\n<p>\u00cen urma impactului, unul dintre autoturisme a intrat pe trotuar \u0219i a lovit cele dou\u0103 eleve. Una dintre acestea se afl\u0103 \u00een stare grav\u0103, cea de-a doua are r\u0103ni u\u0219oare. Victimele au fost transportate la Spitalul Marie Curie.<\/p>\n\n\n\n<p>Circula\u021bia rutier\u0103 \u00een zon\u0103 este restric\u021bionat\u0103 pe o band\u0103, pe sensul de mers c\u0103tre Splaiul Unirii.<\/p>\n","protected":false},"excerpt":{"rendered":"<p>Un accident grav s-a produs \u00een aceast\u0103 diminea\u021b\u0103 pe \u0218oseaua Vitan-B\u00e2rze\u0219ti. Dou\u0103 fete au fost lovite de un autoturism, care s-a r\u0103sturnat \u00een afara p\u0103r\u021bii carosabile.&nbsp; Accidentul s-a produs \u00een aceast\u0103 diminea\u021b\u0103, \u00een jurul orei 8:15. Potrivit informa\u021biilor transmise de https:\/\/infotraficromania.ro\/, \u00een accident au fost implicate trei ma\u0219ini.&nbsp; \u00cen urma impactului, unul dintre autoturisme a [&hellip;]<\/p>\n","protected":false},"author":45,"featured_media":52026,"comment_status":"closed","ping_status":"open","sticky":false,"template":"","format":"standard","meta":{"_acf_changed":false,"inline_featured_image":false,"ngg_post_thumbnail":0,"footnotes":""},"categories":[62],"tags":[],"ppma_author":[22604],"class_list":["post-52025","post","type-post","status-publish","format-standard","has-post-thumbnail","hentry","category-stiri"],"acf":[],"yoast_head":"<!-- This site is optimized with the Yoast SEO Premium plugin v25.3 (Yoast SEO v27.4) - https:\/\/yoast.com\/product\/yoast-seo-premium-wordpress\/ -->\n<title>Dou\u0103 eleve au fost accidentate de o ma\u0219in\u0103 pe trotuar, pe \u0218oseaua Vitan-B\u00e2rze\u0219ti din Capital\u0103 - Buletin de Bucure\u0219ti<\/title>\n<meta name=\"robots\" content=\"index, follow, max-snippet:-1, max-image-preview:large, max-video-preview:-1\" \/>\n<link rel=\"canonical\" href=\"https:\/\/buletin.de\/bucuresti\/doua-eleve-au-fost-accidentate-de-o-masina-pe-trotuar-pe-soseaua-vitan-barzesti-din-capitala\/\" \/>\n<meta property=\"og:locale\" content=\"en_GB\" \/>\n<meta property=\"og:type\" content=\"article\" \/>\n<meta property=\"og:title\" content=\"Dou\u0103 eleve au fost accidentate de o ma\u0219in\u0103 pe trotuar, pe \u0218oseaua Vitan-B\u00e2rze\u0219ti din Capital\u0103\" \/>\n<meta property=\"og:description\" content=\"Un accident grav s-a produs \u00een aceast\u0103 diminea\u021b\u0103 pe \u0218oseaua Vitan-B\u00e2rze\u0219ti. Dou\u0103 fete au fost lovite de un autoturism, care s-a r\u0103sturnat \u00een afara p\u0103r\u021bii carosabile.&nbsp; Accidentul s-a produs \u00een aceast\u0103 diminea\u021b\u0103, \u00een jurul orei 8:15. Potrivit informa\u021biilor transmise de https:\/\/infotraficromania.ro\/, \u00een accident au fost implicate trei ma\u0219ini.&nbsp; \u00cen urma impactului, unul dintre autoturisme a [&hellip;]\" \/>\n<meta property=\"og:url\" content=\"https:\/\/buletin.de\/bucuresti\/doua-eleve-au-fost-accidentate-de-o-masina-pe-trotuar-pe-soseaua-vitan-barzesti-din-capitala\/\" \/>\n<meta property=\"og:site_name\" content=\"Buletin de Bucure\u0219ti\" \/>\n<meta property=\"article:publisher\" content=\"https:\/\/www.facebook.com\/buletin.de.buc\" \/>\n<meta property=\"article:published_time\" content=\"2023-01-19T07:43:22+00:00\" \/>\n<meta property=\"article:modified_time\" content=\"2023-01-19T07:43:23+00:00\" \/>\n<meta property=\"og:image\" content=\"https:\/\/buletin.de\/bucuresti\/wp-content\/uploads\/WhatsApp-Image-2023-01-19-at-09.33.08.jpeg\" \/>\n\t<meta property=\"og:image:width\" content=\"1024\" \/>\n\t<meta property=\"og:image:height\" content=\"768\" \/>\n\t<meta property=\"og:image:type\" content=\"image\/jpeg\" \/>\n<meta name=\"author\" content=\"Teodora \u0218uta\" \/>\n<meta name=\"twitter:card\" content=\"summary_large_image\" \/>\n<meta name=\"twitter:label1\" content=\"Written by\" \/>\n\t<meta name=\"twitter:data1\" content=\"Teodora \u0218uta\" \/>\n\t<meta name=\"twitter:label2\" content=\"Estimated reading time\" \/>\n\t<meta name=\"twitter:data2\" content=\"1 minute\" \/>\n<script type=\"application\/ld+json\" class=\"yoast-schema-graph\">{\"@context\":\"https:\\\/\\\/schema.org\",\"@graph\":[{\"@type\":\"Article\",\"@id\":\"https:\\\/\\\/buletin.de\\\/bucuresti\\\/doua-eleve-au-fost-accidentate-de-o-masina-pe-trotuar-pe-soseaua-vitan-barzesti-din-capitala\\\/#article\",\"isPartOf\":{\"@id\":\"https:\\\/\\\/buletin.de\\\/bucuresti\\\/doua-eleve-au-fost-accidentate-de-o-masina-pe-trotuar-pe-soseaua-vitan-barzesti-din-capitala\\\/\"},\"author\":{\"name\":\"Teodora \u0218uta\",\"@id\":\"https:\\\/\\\/buletin.de\\\/bucuresti\\\/#\\\/schema\\\/person\\\/5d54908fa90ab7ad3b2e88152efd6845\"},\"headline\":\"Dou\u0103 eleve au fost accidentate de o ma\u0219in\u0103 pe trotuar, pe \u0218oseaua Vitan-B\u00e2rze\u0219ti din Capital\u0103\",\"datePublished\":\"2023-01-19T07:43:22+00:00\",\"dateModified\":\"2023-01-19T07:43:23+00:00\",\"mainEntityOfPage\":{\"@id\":\"https:\\\/\\\/buletin.de\\\/bucuresti\\\/doua-eleve-au-fost-accidentate-de-o-masina-pe-trotuar-pe-soseaua-vitan-barzesti-din-capitala\\\/\"},\"wordCount\":135,\"publisher\":{\"@id\":\"https:\\\/\\\/buletin.de\\\/bucuresti\\\/#organization\"},\"image\":{\"@id\":\"https:\\\/\\\/buletin.de\\\/bucuresti\\\/doua-eleve-au-fost-accidentate-de-o-masina-pe-trotuar-pe-soseaua-vitan-barzesti-din-capitala\\\/#primaryimage\"},\"thumbnailUrl\":\"https:\\\/\\\/buletin.de\\\/bucuresti\\\/wp-content\\\/uploads\\\/WhatsApp-Image-2023-01-19-at-09.33.08.jpeg\",\"articleSection\":[\"\u0218tiri\"],\"inLanguage\":\"en-GB\",\"copyrightYear\":\"2023\",\"copyrightHolder\":{\"@id\":\"https:\\\/\\\/buletin.de\\\/bucuresti\\\/#organization\"}},{\"@type\":\"WebPage\",\"@id\":\"https:\\\/\\\/buletin.de\\\/bucuresti\\\/doua-eleve-au-fost-accidentate-de-o-masina-pe-trotuar-pe-soseaua-vitan-barzesti-din-capitala\\\/\",\"url\":\"https:\\\/\\\/buletin.de\\\/bucuresti\\\/doua-eleve-au-fost-accidentate-de-o-masina-pe-trotuar-pe-soseaua-vitan-barzesti-din-capitala\\\/\",\"name\":\"Dou\u0103 eleve au fost accidentate de o ma\u0219in\u0103 pe trotuar, pe \u0218oseaua Vitan-B\u00e2rze\u0219ti din Capital\u0103 - Buletin de Bucure\u0219ti\",\"isPartOf\":{\"@id\":\"https:\\\/\\\/buletin.de\\\/bucuresti\\\/#website\"},\"primaryImageOfPage\":{\"@id\":\"https:\\\/\\\/buletin.de\\\/bucuresti\\\/doua-eleve-au-fost-accidentate-de-o-masina-pe-trotuar-pe-soseaua-vitan-barzesti-din-capitala\\\/#primaryimage\"},\"image\":{\"@id\":\"https:\\\/\\\/buletin.de\\\/bucuresti\\\/doua-eleve-au-fost-accidentate-de-o-masina-pe-trotuar-pe-soseaua-vitan-barzesti-din-capitala\\\/#primaryimage\"},\"thumbnailUrl\":\"https:\\\/\\\/buletin.de\\\/bucuresti\\\/wp-content\\\/uploads\\\/WhatsApp-Image-2023-01-19-at-09.33.08.jpeg\",\"datePublished\":\"2023-01-19T07:43:22+00:00\",\"dateModified\":\"2023-01-19T07:43:23+00:00\",\"breadcrumb\":{\"@id\":\"https:\\\/\\\/buletin.de\\\/bucuresti\\\/doua-eleve-au-fost-accidentate-de-o-masina-pe-trotuar-pe-soseaua-vitan-barzesti-din-capitala\\\/#breadcrumb\"},\"inLanguage\":\"en-GB\",\"potentialAction\":[{\"@type\":\"ReadAction\",\"target\":[\"https:\\\/\\\/buletin.de\\\/bucuresti\\\/doua-eleve-au-fost-accidentate-de-o-masina-pe-trotuar-pe-soseaua-vitan-barzesti-din-capitala\\\/\"]}]},{\"@type\":\"ImageObject\",\"inLanguage\":\"en-GB\",\"@id\":\"https:\\\/\\\/buletin.de\\\/bucuresti\\\/doua-eleve-au-fost-accidentate-de-o-masina-pe-trotuar-pe-soseaua-vitan-barzesti-din-capitala\\\/#primaryimage\",\"url\":\"https:\\\/\\\/buletin.de\\\/bucuresti\\\/wp-content\\\/uploads\\\/WhatsApp-Image-2023-01-19-at-09.33.08.jpeg\",\"contentUrl\":\"https:\\\/\\\/buletin.de\\\/bucuresti\\\/wp-content\\\/uploads\\\/WhatsApp-Image-2023-01-19-at-09.33.08.jpeg\",\"width\":1024,\"height\":768},{\"@type\":\"BreadcrumbList\",\"@id\":\"https:\\\/\\\/buletin.de\\\/bucuresti\\\/doua-eleve-au-fost-accidentate-de-o-masina-pe-trotuar-pe-soseaua-vitan-barzesti-din-capitala\\\/#breadcrumb\",\"itemListElement\":[{\"@type\":\"ListItem\",\"position\":1,\"name\":\"Acas\u0103\",\"item\":\"https:\\\/\\\/buletin.de\\\/bucuresti\\\/\"},{\"@type\":\"ListItem\",\"position\":2,\"name\":\"Dou\u0103 eleve au fost accidentate de o ma\u0219in\u0103 pe trotuar, pe \u0218oseaua Vitan-B\u00e2rze\u0219ti din Capital\u0103\"}]},{\"@type\":\"WebSite\",\"@id\":\"https:\\\/\\\/buletin.de\\\/bucuresti\\\/#website\",\"url\":\"https:\\\/\\\/buletin.de\\\/bucuresti\\\/\",\"name\":\"Buletin de Bucure\u0219ti\",\"description\":\"\u0218tiri \u0219i investiga\u021bii esen\u021biale din capital\u0103\",\"publisher\":{\"@id\":\"https:\\\/\\\/buletin.de\\\/bucuresti\\\/#organization\"},\"potentialAction\":[{\"@type\":\"SearchAction\",\"target\":{\"@type\":\"EntryPoint\",\"urlTemplate\":\"https:\\\/\\\/buletin.de\\\/bucuresti\\\/?s={search_term_string}\"},\"query-input\":{\"@type\":\"PropertyValueSpecification\",\"valueRequired\":true,\"valueName\":\"search_term_string\"}}],\"inLanguage\":\"en-GB\"},{\"@type\":\"Organization\",\"@id\":\"https:\\\/\\\/buletin.de\\\/bucuresti\\\/#organization\",\"name\":\"Buletin de Bucure\u0219ti\",\"url\":\"https:\\\/\\\/buletin.de\\\/bucuresti\\\/\",\"logo\":{\"@type\":\"ImageObject\",\"inLanguage\":\"en-GB\",\"@id\":\"https:\\\/\\\/buletin.de\\\/bucuresti\\\/#\\\/schema\\\/logo\\\/image\\\/\",\"url\":\"https:\\\/\\\/buletin.de\\\/bucuresti\\\/wp-content\\\/uploads\\\/logo-bdb-full-wide-vernil-transparent.png\",\"contentUrl\":\"https:\\\/\\\/buletin.de\\\/bucuresti\\\/wp-content\\\/uploads\\\/logo-bdb-full-wide-vernil-transparent.png\",\"width\":1782,\"height\":626,\"caption\":\"Buletin de Bucure\u0219ti\"},\"image\":{\"@id\":\"https:\\\/\\\/buletin.de\\\/bucuresti\\\/#\\\/schema\\\/logo\\\/image\\\/\"},\"sameAs\":[\"https:\\\/\\\/www.facebook.com\\\/buletin.de.buc\",\"https:\\\/\\\/www.instagram.com\\\/buletinde.bucuresti\\\/\"]},{\"@type\":\"Person\",\"@id\":\"https:\\\/\\\/buletin.de\\\/bucuresti\\\/#\\\/schema\\\/person\\\/5d54908fa90ab7ad3b2e88152efd6845\",\"name\":\"Teodora \u0218uta\",\"image\":{\"@type\":\"ImageObject\",\"inLanguage\":\"en-GB\",\"@id\":\"https:\\\/\\\/secure.gravatar.com\\\/avatar\\\/0c709226af9845d97b126aa0aa80ab42778847ec3d11d741016b74a61174088d?s=96&d=monsterid&r=gf2e0c6a01d766272c6fa8af9e494be28\",\"url\":\"https:\\\/\\\/secure.gravatar.com\\\/avatar\\\/0c709226af9845d97b126aa0aa80ab42778847ec3d11d741016b74a61174088d?s=96&d=monsterid&r=g\",\"contentUrl\":\"https:\\\/\\\/secure.gravatar.com\\\/avatar\\\/0c709226af9845d97b126aa0aa80ab42778847ec3d11d741016b74a61174088d?s=96&d=monsterid&r=g\",\"caption\":\"Teodora \u0218uta\"},\"url\":\"https:\\\/\\\/buletin.de\\\/bucuresti\\\/author\\\/mariasuta\\\/\"}]}<\/script>\n<!-- \/ Yoast SEO Premium plugin. -->","yoast_head_json":{"title":"Dou\u0103 eleve au fost accidentate de o ma\u0219in\u0103 pe trotuar, pe \u0218oseaua Vitan-B\u00e2rze\u0219ti din Capital\u0103 - Buletin de Bucure\u0219ti","robots":{"index":"index","follow":"follow","max-snippet":"max-snippet:-1","max-image-preview":"max-image-preview:large","max-video-preview":"max-video-preview:-1"},"canonical":"https:\/\/buletin.de\/bucuresti\/doua-eleve-au-fost-accidentate-de-o-masina-pe-trotuar-pe-soseaua-vitan-barzesti-din-capitala\/","og_locale":"en_GB","og_type":"article","og_title":"Dou\u0103 eleve au fost accidentate de o ma\u0219in\u0103 pe trotuar, pe \u0218oseaua Vitan-B\u00e2rze\u0219ti din Capital\u0103","og_description":"Un accident grav s-a produs \u00een aceast\u0103 diminea\u021b\u0103 pe \u0218oseaua Vitan-B\u00e2rze\u0219ti. Dou\u0103 fete au fost lovite de un autoturism, care s-a r\u0103sturnat \u00een afara p\u0103r\u021bii carosabile.&nbsp; Accidentul s-a produs \u00een aceast\u0103 diminea\u021b\u0103, \u00een jurul orei 8:15. Potrivit informa\u021biilor transmise de https:\/\/infotraficromania.ro\/, \u00een accident au fost implicate trei ma\u0219ini.&nbsp; \u00cen urma impactului, unul dintre autoturisme a [&hellip;]","og_url":"https:\/\/buletin.de\/bucuresti\/doua-eleve-au-fost-accidentate-de-o-masina-pe-trotuar-pe-soseaua-vitan-barzesti-din-capitala\/","og_site_name":"Buletin de Bucure\u0219ti","article_publisher":"https:\/\/www.facebook.com\/buletin.de.buc","article_published_time":"2023-01-19T07:43:22+00:00","article_modified_time":"2023-01-19T07:43:23+00:00","og_image":[{"width":1024,"height":768,"url":"https:\/\/buletin.de\/bucuresti\/wp-content\/uploads\/WhatsApp-Image-2023-01-19-at-09.33.08.jpeg","type":"image\/jpeg"}],"author":"Teodora \u0218uta","twitter_card":"summary_large_image","twitter_misc":{"Written by":"Teodora \u0218uta","Estimated reading time":"1 minute"},"schema":{"@context":"https:\/\/schema.org","@graph":[{"@type":"Article","@id":"https:\/\/buletin.de\/bucuresti\/doua-eleve-au-fost-accidentate-de-o-masina-pe-trotuar-pe-soseaua-vitan-barzesti-din-capitala\/#article","isPartOf":{"@id":"https:\/\/buletin.de\/bucuresti\/doua-eleve-au-fost-accidentate-de-o-masina-pe-trotuar-pe-soseaua-vitan-barzesti-din-capitala\/"},"author":{"name":"Teodora \u0218uta","@id":"https:\/\/buletin.de\/bucuresti\/#\/schema\/person\/5d54908fa90ab7ad3b2e88152efd6845"},"headline":"Dou\u0103 eleve au fost accidentate de o ma\u0219in\u0103 pe trotuar, pe \u0218oseaua Vitan-B\u00e2rze\u0219ti din Capital\u0103","datePublished":"2023-01-19T07:43:22+00:00","dateModified":"2023-01-19T07:43:23+00:00","mainEntityOfPage":{"@id":"https:\/\/buletin.de\/bucuresti\/doua-eleve-au-fost-accidentate-de-o-masina-pe-trotuar-pe-soseaua-vitan-barzesti-din-capitala\/"},"wordCount":135,"publisher":{"@id":"https:\/\/buletin.de\/bucuresti\/#organization"},"image":{"@id":"https:\/\/buletin.de\/bucuresti\/doua-eleve-au-fost-accidentate-de-o-masina-pe-trotuar-pe-soseaua-vitan-barzesti-din-capitala\/#primaryimage"},"thumbnailUrl":"https:\/\/buletin.de\/bucuresti\/wp-content\/uploads\/WhatsApp-Image-2023-01-19-at-09.33.08.jpeg","articleSection":["\u0218tiri"],"inLanguage":"en-GB","copyrightYear":"2023","copyrightHolder":{"@id":"https:\/\/buletin.de\/bucuresti\/#organization"}},{"@type":"WebPage","@id":"https:\/\/buletin.de\/bucuresti\/doua-eleve-au-fost-accidentate-de-o-masina-pe-trotuar-pe-soseaua-vitan-barzesti-din-capitala\/","url":"https:\/\/buletin.de\/bucuresti\/doua-eleve-au-fost-accidentate-de-o-masina-pe-trotuar-pe-soseaua-vitan-barzesti-din-capitala\/","name":"Dou\u0103 eleve au fost accidentate de o ma\u0219in\u0103 pe trotuar, pe \u0218oseaua Vitan-B\u00e2rze\u0219ti din Capital\u0103 - Buletin de Bucure\u0219ti","isPartOf":{"@id":"https:\/\/buletin.de\/bucuresti\/#website"},"primaryImageOfPage":{"@id":"https:\/\/buletin.de\/bucuresti\/doua-eleve-au-fost-accidentate-de-o-masina-pe-trotuar-pe-soseaua-vitan-barzesti-din-capitala\/#primaryimage"},"image":{"@id":"https:\/\/buletin.de\/bucuresti\/doua-eleve-au-fost-accidentate-de-o-masina-pe-trotuar-pe-soseaua-vitan-barzesti-din-capitala\/#primaryimage"},"thumbnailUrl":"https:\/\/buletin.de\/bucuresti\/wp-content\/uploads\/WhatsApp-Image-2023-01-19-at-09.33.08.jpeg","datePublished":"2023-01-19T07:43:22+00:00","dateModified":"2023-01-19T07:43:23+00:00","breadcrumb":{"@id":"https:\/\/buletin.de\/bucuresti\/doua-eleve-au-fost-accidentate-de-o-masina-pe-trotuar-pe-soseaua-vitan-barzesti-din-capitala\/#breadcrumb"},"inLanguage":"en-GB","potentialAction":[{"@type":"ReadAction","target":["https:\/\/buletin.de\/bucuresti\/doua-eleve-au-fost-accidentate-de-o-masina-pe-trotuar-pe-soseaua-vitan-barzesti-din-capitala\/"]}]},{"@type":"ImageObject","inLanguage":"en-GB","@id":"https:\/\/buletin.de\/bucuresti\/doua-eleve-au-fost-accidentate-de-o-masina-pe-trotuar-pe-soseaua-vitan-barzesti-din-capitala\/#primaryimage","url":"https:\/\/buletin.de\/bucuresti\/wp-content\/uploads\/WhatsApp-Image-2023-01-19-at-09.33.08.jpeg","contentUrl":"https:\/\/buletin.de\/bucuresti\/wp-content\/uploads\/WhatsApp-Image-2023-01-19-at-09.33.08.jpeg","width":1024,"height":768},{"@type":"BreadcrumbList","@id":"https:\/\/buletin.de\/bucuresti\/doua-eleve-au-fost-accidentate-de-o-masina-pe-trotuar-pe-soseaua-vitan-barzesti-din-capitala\/#breadcrumb","itemListElement":[{"@type":"ListItem","position":1,"name":"Acas\u0103","item":"https:\/\/buletin.de\/bucuresti\/"},{"@type":"ListItem","position":2,"name":"Dou\u0103 eleve au fost accidentate de o ma\u0219in\u0103 pe trotuar, pe \u0218oseaua Vitan-B\u00e2rze\u0219ti din Capital\u0103"}]},{"@type":"WebSite","@id":"https:\/\/buletin.de\/bucuresti\/#website","url":"https:\/\/buletin.de\/bucuresti\/","name":"Buletin de Bucure\u0219ti","description":"\u0218tiri \u0219i investiga\u021bii esen\u021biale din capital\u0103","publisher":{"@id":"https:\/\/buletin.de\/bucuresti\/#organization"},"potentialAction":[{"@type":"SearchAction","target":{"@type":"EntryPoint","urlTemplate":"https:\/\/buletin.de\/bucuresti\/?s={search_term_string}"},"query-input":{"@type":"PropertyValueSpecification","valueRequired":true,"valueName":"search_term_string"}}],"inLanguage":"en-GB"},{"@type":"Organization","@id":"https:\/\/buletin.de\/bucuresti\/#organization","name":"Buletin de Bucure\u0219ti","url":"https:\/\/buletin.de\/bucuresti\/","logo":{"@type":"ImageObject","inLanguage":"en-GB","@id":"https:\/\/buletin.de\/bucuresti\/#\/schema\/logo\/image\/","url":"https:\/\/buletin.de\/bucuresti\/wp-content\/uploads\/logo-bdb-full-wide-vernil-transparent.png","contentUrl":"https:\/\/buletin.de\/bucuresti\/wp-content\/uploads\/logo-bdb-full-wide-vernil-transparent.png","width":1782,"height":626,"caption":"Buletin de Bucure\u0219ti"},"image":{"@id":"https:\/\/buletin.de\/bucuresti\/#\/schema\/logo\/image\/"},"sameAs":["https:\/\/www.facebook.com\/buletin.de.buc","https:\/\/www.instagram.com\/buletinde.bucuresti\/"]},{"@type":"Person","@id":"https:\/\/buletin.de\/bucuresti\/#\/schema\/person\/5d54908fa90ab7ad3b2e88152efd6845","name":"Teodora \u0218uta","image":{"@type":"ImageObject","inLanguage":"en-GB","@id":"https:\/\/secure.gravatar.com\/avatar\/0c709226af9845d97b126aa0aa80ab42778847ec3d11d741016b74a61174088d?s=96&d=monsterid&r=gf2e0c6a01d766272c6fa8af9e494be28","url":"https:\/\/secure.gravatar.com\/avatar\/0c709226af9845d97b126aa0aa80ab42778847ec3d11d741016b74a61174088d?s=96&d=monsterid&r=g","contentUrl":"https:\/\/secure.gravatar.com\/avatar\/0c709226af9845d97b126aa0aa80ab42778847ec3d11d741016b74a61174088d?s=96&d=monsterid&r=g","caption":"Teodora \u0218uta"},"url":"https:\/\/buletin.de\/bucuresti\/author\/mariasuta\/"}]}},"authors":[{"term_id":22604,"user_id":45,"is_guest":0,"slug":"mariasuta","display_name":"Teodora \u0218uta","avatar_url":"https:\/\/secure.gravatar.com\/avatar\/0c709226af9845d97b126aa0aa80ab42778847ec3d11d741016b74a61174088d?s=96&d=monsterid&r=g","0":null,"1":"","2":"","3":"","4":"","5":"","6":"","7":"","8":""}],"_links":{"self":[{"href":"https:\/\/buletin.de\/bucuresti\/wp-json\/wp\/v2\/posts\/52025","targetHints":{"allow":["GET"]}}],"collection":[{"href":"https:\/\/buletin.de\/bucuresti\/wp-json\/wp\/v2\/posts"}],"about":[{"href":"https:\/\/buletin.de\/bucuresti\/wp-json\/wp\/v2\/types\/post"}],"author":[{"embeddable":true,"href":"https:\/\/buletin.de\/bucuresti\/wp-json\/wp\/v2\/users\/45"}],"replies":[{"embeddable":true,"href":"https:\/\/buletin.de\/bucuresti\/wp-json\/wp\/v2\/comments?post=52025"}],"version-history":[{"count":2,"href":"https:\/\/buletin.de\/bucuresti\/wp-json\/wp\/v2\/posts\/52025\/revisions"}],"predecessor-version":[{"id":52029,"href":"https:\/\/buletin.de\/bucuresti\/wp-json\/wp\/v2\/posts\/52025\/revisions\/52029"}],"wp:featuredmedia":[{"embeddable":true,"href":"https:\/\/buletin.de\/bucuresti\/wp-json\/wp\/v2\/media\/52026"}],"wp:attachment":[{"href":"https:\/\/buletin.de\/bucuresti\/wp-json\/wp\/v2\/media?parent=52025"}],"wp:term":[{"taxonomy":"category","embeddable":true,"href":"https:\/\/buletin.de\/bucuresti\/wp-json\/wp\/v2\/categories?post=52025"},{"taxonomy":"post_tag","embeddable":true,"href":"https:\/\/buletin.de\/bucuresti\/wp-json\/wp\/v2\/tags?post=52025"},{"taxonomy":"author","embeddable":true,"href":"https:\/\/buletin.de\/bucuresti\/wp-json\/wp\/v2\/ppma_author?post=52025"}],"curies":[{"name":"wp","href":"https:\/\/api.w.org\/{rel}","templated":true}]}}