{"id":51988,"date":"2023-01-18T17:25:59","date_gmt":"2023-01-18T15:25:59","guid":{"rendered":"https:\/\/buletin.de\/bucuresti\/?p=51988"},"modified":"2023-01-18T20:23:54","modified_gmt":"2023-01-18T18:23:54","slug":"gabriela-firea-audiata-la-parchetul-general-in-dosarul-lui-aurelian-badulescu-a-declarat-ca-a-semnat-dispozitia-la-ambasada-romaniei-din-tallin","status":"publish","type":"post","link":"https:\/\/buletin.de\/bucuresti\/gabriela-firea-audiata-la-parchetul-general-in-dosarul-lui-aurelian-badulescu-a-declarat-ca-a-semnat-dispozitia-la-ambasada-romaniei-din-tallin\/","title":{"rendered":"Gabriela Firea, audiat\u0103 la Parchetul General \u00een dosarul lui Aurelian B\u0103dulescu. A declarat c\u0103 a semnat dispozi\u021bia la Ambasada Rom\u00e2niei din Tallin"},"content":{"rendered":"\n<p><\/p>\n\n\n\n<p>Update:<\/p>\n\n\n\n<p>Gabriela Firea le-a declarat procurorilor, conform unor surse Buletin de Bucure\u0219ti, c\u0103 a semnat dispozi\u021bia de delegare a lui Aurelian B\u0103dulescu la sediul Ambasadei Rom\u00e2niei din Tallin, a\u0219a cum ar prevedea procedura diplomatic\u0103. Actul a fost transmis, ulterior, c\u0103tre Prim\u0103ria General\u0103, prin email. <\/p>\n\n\n\n<p>Firea nu s-a mai referit la aceast\u0103 procedur\u0103 \u00een declara\u021bia dat\u0103 \u00een fa\u021ba presei, la ie\u0219irea de la parchet.<\/p>\n\n\n\n<p>Fostul primar al Capitalei \u0219i actual ministru al Familiei, Gabriela Firea, este audiat, \u00een aceste momente, la Parchetul General \u00een dosarul \u00een care este cercetat Aurelian B\u0103dulescu, fost viceprimar. S\u0103pt\u0103m\u00e2na trecut\u0103 au dat declara\u021bii, \u00een fa\u021ba procurorilor, \u00een aceea\u0219i cauz\u0103, secretarul general al PMB \u0219i \u0219efa resurselor umane. Aurelian B\u0103dulescu este cercetat pentru abuz \u00een serviciu, fals, uz de fals \u0219i uzurpare de calit\u0103\u021bi oficiale dup\u0103 ce, \u00een noaptea de 11 spre 12 august 2018 a decis ridicarea unei scene improvizate de protestatari dintr-o rulot\u0103 si a auto-utilitar\u0103, \u00een Pia\u021ba Victoriei.<\/p>\n\n\n\n<p>Procurorii trebuie s\u0103 l\u0103mureasc\u0103 cum o dispozi\u021bie de delegare a lui Aurelian B\u0103dulescu ar fi fost semnat\u0103 de Gabriela Firea pe 11 august 2018, c\u00eend \u00een acea zi fostul primar era \u00een vizita la Tallin. M\u0103rturie stau \u0219i post\u0103rile publicate de fostul primar pe pagina sa de Facebook. <\/p>\n\n\n\n<figure class=\"wp-block-image size-large\"><img fetchpriority=\"high\" decoding=\"async\" width=\"584\" height=\"900\" src=\"data:image\/gif;base64,R0lGODlhAQABAAAAACH5BAEKAAEALAAAAAABAAEAAAICTAEAOw==\" data-src=\"https:\/\/buletin.de\/bucuresti\/wp-content\/uploads\/WhatsApp-Image-2023-01-18-at-17.16.39-584x900.jpeg\" alt=\"\" class=\"wp-image-51990 lazyload\" data-sizes=\"auto\" data-srcset=\"https:\/\/buletin.de\/bucuresti\/wp-content\/uploads\/WhatsApp-Image-2023-01-18-at-17.16.39-584x900.jpeg 584w, https:\/\/buletin.de\/bucuresti\/wp-content\/uploads\/WhatsApp-Image-2023-01-18-at-17.16.39-195x300.jpeg 195w, https:\/\/buletin.de\/bucuresti\/wp-content\/uploads\/WhatsApp-Image-2023-01-18-at-17.16.39-550x848.jpeg 550w, https:\/\/buletin.de\/bucuresti\/wp-content\/uploads\/WhatsApp-Image-2023-01-18-at-17.16.39-324x500.jpeg 324w, https:\/\/buletin.de\/bucuresti\/wp-content\/uploads\/WhatsApp-Image-2023-01-18-at-17.16.39-600x925.jpeg 600w, https:\/\/buletin.de\/bucuresti\/wp-content\/uploads\/WhatsApp-Image-2023-01-18-at-17.16.39.jpeg 664w\" sizes=\"(max-width: 584px) 100vw, 584px\" \/><\/figure>\n\n\n\n<h2 class=\"wp-block-heading\">Dosarul \u201cRulota\u201d<\/h2>\n\n\n\n<p>Poli\u021bia local\u0103 \u0219i Jandarmeria au desfiin\u021bat, \u00een noaptea de 11 spre 12 august 2018, scena improvizat\u0103 de protestatari \u00een Pia\u021ba Victoriei. Aurelian B\u0103dulescu, pe vremea aceea viceprimar al Capitalei, a declarat c\u0103 ac\u021biunea a venit \u00een urma soma\u021biilor \u0219i notific\u0103rilor neluate \u00een seamn\u0103 de organizatori, cu referire direct\u0103 la Mihai Dide, liderul ONG-ului \u201cEvolu\u021bie \u00een institu\u021bie\u201d.<\/p>\n\n\n\n<p>\u201cL-am somat public sa-si inlature organizatia de tip camping din Piata Victoriei, iar ulterior am decis sa formulam si o plangere penal[. S-a emis o dispozi\u021bie prin care s-a transmis Poli\u021biei Locale desfiin\u021barea taberei\u201d, a explicat Aurelian B\u0103dulescu ac\u021biunea, preluat de&nbsp;<a href=\"https:\/\/ziare.com\/stiri\/protest-diaspora\/dosarul-10-august-judecatorii-desfiinteaza-decizia-de-clasare-in-cazul-fostului-viceprimar-badulescu-1661500?utm_source=Ziare.com&amp;utm_medium=copy-paste\">ziare.com<\/a><\/p>\n\n\n\n<p>La r\u00e2ndul lor, protestatarii au acuzat Prim\u0103ria de furt \u0219i au f\u0103cut, \u0219i ei, pl\u00e2ngere penal\u0103. Mai exact, Mihai Dide Mihai Dide a f\u0103cut pl\u00e2ngere impotriva lui Badulescu pentru abuz in serviciu, fals intelectual si uz de fals pentru c\u0103 Aurelia B\u0103dulescu a semnat \u00een locul Gabrielei Firea folosind o delegare fals\u0103. Mai exact, referatul de delegare al Direc\u021biei de Resurse Umane la care face apel B\u0103dulescu e datat 11 august 2018, \u0219i ar fi trebuit s\u0103 fie semnat de Gabriela Firea. Doar c\u0103 \u00een ziua respectiv\u0103, fostul primar general nu era \u00een \u021bar\u0103.<\/p>\n\n\n\n<p>Dosarul a fost ini\u021bial clasat de procurorii de la Parchetul Cur\u021bii de Apel Bucure\u0219ti, \u0219i redeschis apoi prin decizia instan\u021bei.<\/p>\n","protected":false},"excerpt":{"rendered":"<p>Update: Gabriela Firea le-a declarat procurorilor, conform unor surse Buletin de Bucure\u0219ti, c\u0103 a semnat dispozi\u021bia de delegare a lui Aurelian B\u0103dulescu la sediul Ambasadei Rom\u00e2niei din Tallin, a\u0219a cum ar prevedea procedura diplomatic\u0103. Actul a fost transmis, ulterior, c\u0103tre Prim\u0103ria General\u0103, prin email. Firea nu s-a mai referit la aceast\u0103 procedur\u0103 \u00een declara\u021bia dat\u0103 [&hellip;]<\/p>\n","protected":false},"author":18,"featured_media":51993,"comment_status":"closed","ping_status":"open","sticky":false,"template":"","format":"standard","meta":{"_acf_changed":false,"inline_featured_image":false,"ngg_post_thumbnail":0,"footnotes":""},"categories":[3419,62],"tags":[612,66,36,5236],"ppma_author":[22579],"class_list":["post-51988","post","type-post","status-publish","format-standard","has-post-thumbnail","hentry","category-featured","category-stiri","tag-ancheta","tag-aurelian-badulescu","tag-gabriela-firea","tag-parchetul-general"],"acf":[],"yoast_head":"<!-- This site is optimized with the Yoast SEO Premium plugin v25.3 (Yoast SEO v27.4) - https:\/\/yoast.com\/product\/yoast-seo-premium-wordpress\/ -->\n<title>Gabriela Firea, audiat\u0103 la Parchetul General \u00een dosarul lui Aurelian B\u0103dulescu. A declarat c\u0103 a semnat dispozi\u021bia la Ambasada Rom\u00e2niei din Tallin - Buletin de Bucure\u0219ti<\/title>\n<meta name=\"robots\" content=\"index, follow, max-snippet:-1, max-image-preview:large, max-video-preview:-1\" \/>\n<link rel=\"canonical\" href=\"https:\/\/buletin.de\/bucuresti\/gabriela-firea-audiata-la-parchetul-general-in-dosarul-lui-aurelian-badulescu-a-declarat-ca-a-semnat-dispozitia-la-ambasada-romaniei-din-tallin\/\" \/>\n<meta property=\"og:locale\" content=\"en_GB\" \/>\n<meta property=\"og:type\" content=\"article\" \/>\n<meta property=\"og:title\" content=\"Gabriela Firea, audiat\u0103 la Parchetul General \u00een dosarul lui Aurelian B\u0103dulescu. A declarat c\u0103 a semnat dispozi\u021bia la Ambasada Rom\u00e2niei din Tallin\" \/>\n<meta property=\"og:description\" content=\"Update: Gabriela Firea le-a declarat procurorilor, conform unor surse Buletin de Bucure\u0219ti, c\u0103 a semnat dispozi\u021bia de delegare a lui Aurelian B\u0103dulescu la sediul Ambasadei Rom\u00e2niei din Tallin, a\u0219a cum ar prevedea procedura diplomatic\u0103. Actul a fost transmis, ulterior, c\u0103tre Prim\u0103ria General\u0103, prin email. Firea nu s-a mai referit la aceast\u0103 procedur\u0103 \u00een declara\u021bia dat\u0103 [&hellip;]\" \/>\n<meta property=\"og:url\" content=\"https:\/\/buletin.de\/bucuresti\/gabriela-firea-audiata-la-parchetul-general-in-dosarul-lui-aurelian-badulescu-a-declarat-ca-a-semnat-dispozitia-la-ambasada-romaniei-din-tallin\/\" \/>\n<meta property=\"og:site_name\" content=\"Buletin de Bucure\u0219ti\" \/>\n<meta property=\"article:publisher\" content=\"https:\/\/www.facebook.com\/buletin.de.buc\" \/>\n<meta property=\"article:published_time\" content=\"2023-01-18T15:25:59+00:00\" \/>\n<meta property=\"article:modified_time\" content=\"2023-01-18T18:23:54+00:00\" \/>\n<meta property=\"og:image\" content=\"https:\/\/buletin.de\/bucuresti\/wp-content\/uploads\/WhatsApp-Image-2023-01-18-at-17.17.52.jpeg\" \/>\n\t<meta property=\"og:image:width\" content=\"960\" \/>\n\t<meta property=\"og:image:height\" content=\"640\" \/>\n\t<meta property=\"og:image:type\" content=\"image\/jpeg\" \/>\n<meta name=\"author\" content=\"Teodora Stroe\" \/>\n<meta name=\"twitter:card\" content=\"summary_large_image\" \/>\n<meta name=\"twitter:label1\" content=\"Written by\" \/>\n\t<meta name=\"twitter:data1\" content=\"Teodora Stroe\" \/>\n\t<meta name=\"twitter:label2\" content=\"Estimated reading time\" \/>\n\t<meta name=\"twitter:data2\" content=\"3 minutes\" \/>\n<script type=\"application\/ld+json\" class=\"yoast-schema-graph\">{\"@context\":\"https:\\\/\\\/schema.org\",\"@graph\":[{\"@type\":\"Article\",\"@id\":\"https:\\\/\\\/buletin.de\\\/bucuresti\\\/gabriela-firea-audiata-la-parchetul-general-in-dosarul-lui-aurelian-badulescu-a-declarat-ca-a-semnat-dispozitia-la-ambasada-romaniei-din-tallin\\\/#article\",\"isPartOf\":{\"@id\":\"https:\\\/\\\/buletin.de\\\/bucuresti\\\/gabriela-firea-audiata-la-parchetul-general-in-dosarul-lui-aurelian-badulescu-a-declarat-ca-a-semnat-dispozitia-la-ambasada-romaniei-din-tallin\\\/\"},\"author\":{\"name\":\"Teodora Stroe\",\"@id\":\"https:\\\/\\\/buletin.de\\\/bucuresti\\\/#\\\/schema\\\/person\\\/d369d7ddc775abece205795e0b804614\"},\"headline\":\"Gabriela Firea, audiat\u0103 la Parchetul General \u00een dosarul lui Aurelian B\u0103dulescu. A declarat c\u0103 a semnat dispozi\u021bia la Ambasada Rom\u00e2niei din Tallin\",\"datePublished\":\"2023-01-18T15:25:59+00:00\",\"dateModified\":\"2023-01-18T18:23:54+00:00\",\"mainEntityOfPage\":{\"@id\":\"https:\\\/\\\/buletin.de\\\/bucuresti\\\/gabriela-firea-audiata-la-parchetul-general-in-dosarul-lui-aurelian-badulescu-a-declarat-ca-a-semnat-dispozitia-la-ambasada-romaniei-din-tallin\\\/\"},\"wordCount\":486,\"publisher\":{\"@id\":\"https:\\\/\\\/buletin.de\\\/bucuresti\\\/#organization\"},\"image\":{\"@id\":\"https:\\\/\\\/buletin.de\\\/bucuresti\\\/gabriela-firea-audiata-la-parchetul-general-in-dosarul-lui-aurelian-badulescu-a-declarat-ca-a-semnat-dispozitia-la-ambasada-romaniei-din-tallin\\\/#primaryimage\"},\"thumbnailUrl\":\"https:\\\/\\\/buletin.de\\\/bucuresti\\\/wp-content\\\/uploads\\\/WhatsApp-Image-2023-01-18-at-17.17.52.jpeg\",\"keywords\":[\"ancheta\",\"aurelian badulescu\",\"gabriela firea\",\"parchetul general\"],\"articleSection\":[\"Featured\",\"\u0218tiri\"],\"inLanguage\":\"en-GB\",\"copyrightYear\":\"2023\",\"copyrightHolder\":{\"@id\":\"https:\\\/\\\/buletin.de\\\/bucuresti\\\/#organization\"}},{\"@type\":\"WebPage\",\"@id\":\"https:\\\/\\\/buletin.de\\\/bucuresti\\\/gabriela-firea-audiata-la-parchetul-general-in-dosarul-lui-aurelian-badulescu-a-declarat-ca-a-semnat-dispozitia-la-ambasada-romaniei-din-tallin\\\/\",\"url\":\"https:\\\/\\\/buletin.de\\\/bucuresti\\\/gabriela-firea-audiata-la-parchetul-general-in-dosarul-lui-aurelian-badulescu-a-declarat-ca-a-semnat-dispozitia-la-ambasada-romaniei-din-tallin\\\/\",\"name\":\"Gabriela Firea, audiat\u0103 la Parchetul General \u00een dosarul lui Aurelian B\u0103dulescu. A declarat c\u0103 a semnat dispozi\u021bia la Ambasada Rom\u00e2niei din Tallin - Buletin de Bucure\u0219ti\",\"isPartOf\":{\"@id\":\"https:\\\/\\\/buletin.de\\\/bucuresti\\\/#website\"},\"primaryImageOfPage\":{\"@id\":\"https:\\\/\\\/buletin.de\\\/bucuresti\\\/gabriela-firea-audiata-la-parchetul-general-in-dosarul-lui-aurelian-badulescu-a-declarat-ca-a-semnat-dispozitia-la-ambasada-romaniei-din-tallin\\\/#primaryimage\"},\"image\":{\"@id\":\"https:\\\/\\\/buletin.de\\\/bucuresti\\\/gabriela-firea-audiata-la-parchetul-general-in-dosarul-lui-aurelian-badulescu-a-declarat-ca-a-semnat-dispozitia-la-ambasada-romaniei-din-tallin\\\/#primaryimage\"},\"thumbnailUrl\":\"https:\\\/\\\/buletin.de\\\/bucuresti\\\/wp-content\\\/uploads\\\/WhatsApp-Image-2023-01-18-at-17.17.52.jpeg\",\"datePublished\":\"2023-01-18T15:25:59+00:00\",\"dateModified\":\"2023-01-18T18:23:54+00:00\",\"breadcrumb\":{\"@id\":\"https:\\\/\\\/buletin.de\\\/bucuresti\\\/gabriela-firea-audiata-la-parchetul-general-in-dosarul-lui-aurelian-badulescu-a-declarat-ca-a-semnat-dispozitia-la-ambasada-romaniei-din-tallin\\\/#breadcrumb\"},\"inLanguage\":\"en-GB\",\"potentialAction\":[{\"@type\":\"ReadAction\",\"target\":[\"https:\\\/\\\/buletin.de\\\/bucuresti\\\/gabriela-firea-audiata-la-parchetul-general-in-dosarul-lui-aurelian-badulescu-a-declarat-ca-a-semnat-dispozitia-la-ambasada-romaniei-din-tallin\\\/\"]}]},{\"@type\":\"ImageObject\",\"inLanguage\":\"en-GB\",\"@id\":\"https:\\\/\\\/buletin.de\\\/bucuresti\\\/gabriela-firea-audiata-la-parchetul-general-in-dosarul-lui-aurelian-badulescu-a-declarat-ca-a-semnat-dispozitia-la-ambasada-romaniei-din-tallin\\\/#primaryimage\",\"url\":\"https:\\\/\\\/buletin.de\\\/bucuresti\\\/wp-content\\\/uploads\\\/WhatsApp-Image-2023-01-18-at-17.17.52.jpeg\",\"contentUrl\":\"https:\\\/\\\/buletin.de\\\/bucuresti\\\/wp-content\\\/uploads\\\/WhatsApp-Image-2023-01-18-at-17.17.52.jpeg\",\"width\":960,\"height\":640},{\"@type\":\"BreadcrumbList\",\"@id\":\"https:\\\/\\\/buletin.de\\\/bucuresti\\\/gabriela-firea-audiata-la-parchetul-general-in-dosarul-lui-aurelian-badulescu-a-declarat-ca-a-semnat-dispozitia-la-ambasada-romaniei-din-tallin\\\/#breadcrumb\",\"itemListElement\":[{\"@type\":\"ListItem\",\"position\":1,\"name\":\"Acas\u0103\",\"item\":\"https:\\\/\\\/buletin.de\\\/bucuresti\\\/\"},{\"@type\":\"ListItem\",\"position\":2,\"name\":\"Gabriela Firea, audiat\u0103 la Parchetul General \u00een dosarul lui Aurelian B\u0103dulescu. A declarat c\u0103 a semnat dispozi\u021bia la Ambasada Rom\u00e2niei din Tallin\"}]},{\"@type\":\"WebSite\",\"@id\":\"https:\\\/\\\/buletin.de\\\/bucuresti\\\/#website\",\"url\":\"https:\\\/\\\/buletin.de\\\/bucuresti\\\/\",\"name\":\"Buletin de Bucure\u0219ti\",\"description\":\"\u0218tiri \u0219i investiga\u021bii esen\u021biale din capital\u0103\",\"publisher\":{\"@id\":\"https:\\\/\\\/buletin.de\\\/bucuresti\\\/#organization\"},\"potentialAction\":[{\"@type\":\"SearchAction\",\"target\":{\"@type\":\"EntryPoint\",\"urlTemplate\":\"https:\\\/\\\/buletin.de\\\/bucuresti\\\/?s={search_term_string}\"},\"query-input\":{\"@type\":\"PropertyValueSpecification\",\"valueRequired\":true,\"valueName\":\"search_term_string\"}}],\"inLanguage\":\"en-GB\"},{\"@type\":\"Organization\",\"@id\":\"https:\\\/\\\/buletin.de\\\/bucuresti\\\/#organization\",\"name\":\"Buletin de Bucure\u0219ti\",\"url\":\"https:\\\/\\\/buletin.de\\\/bucuresti\\\/\",\"logo\":{\"@type\":\"ImageObject\",\"inLanguage\":\"en-GB\",\"@id\":\"https:\\\/\\\/buletin.de\\\/bucuresti\\\/#\\\/schema\\\/logo\\\/image\\\/\",\"url\":\"https:\\\/\\\/buletin.de\\\/bucuresti\\\/wp-content\\\/uploads\\\/logo-bdb-full-wide-vernil-transparent.png\",\"contentUrl\":\"https:\\\/\\\/buletin.de\\\/bucuresti\\\/wp-content\\\/uploads\\\/logo-bdb-full-wide-vernil-transparent.png\",\"width\":1782,\"height\":626,\"caption\":\"Buletin de Bucure\u0219ti\"},\"image\":{\"@id\":\"https:\\\/\\\/buletin.de\\\/bucuresti\\\/#\\\/schema\\\/logo\\\/image\\\/\"},\"sameAs\":[\"https:\\\/\\\/www.facebook.com\\\/buletin.de.buc\",\"https:\\\/\\\/www.instagram.com\\\/buletinde.bucuresti\\\/\"]},{\"@type\":\"Person\",\"@id\":\"https:\\\/\\\/buletin.de\\\/bucuresti\\\/#\\\/schema\\\/person\\\/d369d7ddc775abece205795e0b804614\",\"name\":\"Teodora Stroe\",\"image\":{\"@type\":\"ImageObject\",\"inLanguage\":\"en-GB\",\"@id\":\"https:\\\/\\\/secure.gravatar.com\\\/avatar\\\/2560b4cd9f5f1bc100b123158e657d75584bd1c3e1d9c69285720b9457c1b78d?s=96&d=monsterid&r=gc104800242ba5f2d78dd5d7dc4df08b6\",\"url\":\"https:\\\/\\\/secure.gravatar.com\\\/avatar\\\/2560b4cd9f5f1bc100b123158e657d75584bd1c3e1d9c69285720b9457c1b78d?s=96&d=monsterid&r=g\",\"contentUrl\":\"https:\\\/\\\/secure.gravatar.com\\\/avatar\\\/2560b4cd9f5f1bc100b123158e657d75584bd1c3e1d9c69285720b9457c1b78d?s=96&d=monsterid&r=g\",\"caption\":\"Teodora Stroe\"},\"url\":\"https:\\\/\\\/buletin.de\\\/bucuresti\\\/author\\\/simonacarlugea\\\/\"}]}<\/script>\n<!-- \/ Yoast SEO Premium plugin. -->","yoast_head_json":{"title":"Gabriela Firea, audiat\u0103 la Parchetul General \u00een dosarul lui Aurelian B\u0103dulescu. A declarat c\u0103 a semnat dispozi\u021bia la Ambasada Rom\u00e2niei din Tallin - Buletin de Bucure\u0219ti","robots":{"index":"index","follow":"follow","max-snippet":"max-snippet:-1","max-image-preview":"max-image-preview:large","max-video-preview":"max-video-preview:-1"},"canonical":"https:\/\/buletin.de\/bucuresti\/gabriela-firea-audiata-la-parchetul-general-in-dosarul-lui-aurelian-badulescu-a-declarat-ca-a-semnat-dispozitia-la-ambasada-romaniei-din-tallin\/","og_locale":"en_GB","og_type":"article","og_title":"Gabriela Firea, audiat\u0103 la Parchetul General \u00een dosarul lui Aurelian B\u0103dulescu. A declarat c\u0103 a semnat dispozi\u021bia la Ambasada Rom\u00e2niei din Tallin","og_description":"Update: Gabriela Firea le-a declarat procurorilor, conform unor surse Buletin de Bucure\u0219ti, c\u0103 a semnat dispozi\u021bia de delegare a lui Aurelian B\u0103dulescu la sediul Ambasadei Rom\u00e2niei din Tallin, a\u0219a cum ar prevedea procedura diplomatic\u0103. Actul a fost transmis, ulterior, c\u0103tre Prim\u0103ria General\u0103, prin email. Firea nu s-a mai referit la aceast\u0103 procedur\u0103 \u00een declara\u021bia dat\u0103 [&hellip;]","og_url":"https:\/\/buletin.de\/bucuresti\/gabriela-firea-audiata-la-parchetul-general-in-dosarul-lui-aurelian-badulescu-a-declarat-ca-a-semnat-dispozitia-la-ambasada-romaniei-din-tallin\/","og_site_name":"Buletin de Bucure\u0219ti","article_publisher":"https:\/\/www.facebook.com\/buletin.de.buc","article_published_time":"2023-01-18T15:25:59+00:00","article_modified_time":"2023-01-18T18:23:54+00:00","og_image":[{"width":960,"height":640,"url":"https:\/\/buletin.de\/bucuresti\/wp-content\/uploads\/WhatsApp-Image-2023-01-18-at-17.17.52.jpeg","type":"image\/jpeg"}],"author":"Teodora Stroe","twitter_card":"summary_large_image","twitter_misc":{"Written by":"Teodora Stroe","Estimated reading time":"3 minutes"},"schema":{"@context":"https:\/\/schema.org","@graph":[{"@type":"Article","@id":"https:\/\/buletin.de\/bucuresti\/gabriela-firea-audiata-la-parchetul-general-in-dosarul-lui-aurelian-badulescu-a-declarat-ca-a-semnat-dispozitia-la-ambasada-romaniei-din-tallin\/#article","isPartOf":{"@id":"https:\/\/buletin.de\/bucuresti\/gabriela-firea-audiata-la-parchetul-general-in-dosarul-lui-aurelian-badulescu-a-declarat-ca-a-semnat-dispozitia-la-ambasada-romaniei-din-tallin\/"},"author":{"name":"Teodora Stroe","@id":"https:\/\/buletin.de\/bucuresti\/#\/schema\/person\/d369d7ddc775abece205795e0b804614"},"headline":"Gabriela Firea, audiat\u0103 la Parchetul General \u00een dosarul lui Aurelian B\u0103dulescu. A declarat c\u0103 a semnat dispozi\u021bia la Ambasada Rom\u00e2niei din Tallin","datePublished":"2023-01-18T15:25:59+00:00","dateModified":"2023-01-18T18:23:54+00:00","mainEntityOfPage":{"@id":"https:\/\/buletin.de\/bucuresti\/gabriela-firea-audiata-la-parchetul-general-in-dosarul-lui-aurelian-badulescu-a-declarat-ca-a-semnat-dispozitia-la-ambasada-romaniei-din-tallin\/"},"wordCount":486,"publisher":{"@id":"https:\/\/buletin.de\/bucuresti\/#organization"},"image":{"@id":"https:\/\/buletin.de\/bucuresti\/gabriela-firea-audiata-la-parchetul-general-in-dosarul-lui-aurelian-badulescu-a-declarat-ca-a-semnat-dispozitia-la-ambasada-romaniei-din-tallin\/#primaryimage"},"thumbnailUrl":"https:\/\/buletin.de\/bucuresti\/wp-content\/uploads\/WhatsApp-Image-2023-01-18-at-17.17.52.jpeg","keywords":["ancheta","aurelian badulescu","gabriela firea","parchetul general"],"articleSection":["Featured","\u0218tiri"],"inLanguage":"en-GB","copyrightYear":"2023","copyrightHolder":{"@id":"https:\/\/buletin.de\/bucuresti\/#organization"}},{"@type":"WebPage","@id":"https:\/\/buletin.de\/bucuresti\/gabriela-firea-audiata-la-parchetul-general-in-dosarul-lui-aurelian-badulescu-a-declarat-ca-a-semnat-dispozitia-la-ambasada-romaniei-din-tallin\/","url":"https:\/\/buletin.de\/bucuresti\/gabriela-firea-audiata-la-parchetul-general-in-dosarul-lui-aurelian-badulescu-a-declarat-ca-a-semnat-dispozitia-la-ambasada-romaniei-din-tallin\/","name":"Gabriela Firea, audiat\u0103 la Parchetul General \u00een dosarul lui Aurelian B\u0103dulescu. A declarat c\u0103 a semnat dispozi\u021bia la Ambasada Rom\u00e2niei din Tallin - Buletin de Bucure\u0219ti","isPartOf":{"@id":"https:\/\/buletin.de\/bucuresti\/#website"},"primaryImageOfPage":{"@id":"https:\/\/buletin.de\/bucuresti\/gabriela-firea-audiata-la-parchetul-general-in-dosarul-lui-aurelian-badulescu-a-declarat-ca-a-semnat-dispozitia-la-ambasada-romaniei-din-tallin\/#primaryimage"},"image":{"@id":"https:\/\/buletin.de\/bucuresti\/gabriela-firea-audiata-la-parchetul-general-in-dosarul-lui-aurelian-badulescu-a-declarat-ca-a-semnat-dispozitia-la-ambasada-romaniei-din-tallin\/#primaryimage"},"thumbnailUrl":"https:\/\/buletin.de\/bucuresti\/wp-content\/uploads\/WhatsApp-Image-2023-01-18-at-17.17.52.jpeg","datePublished":"2023-01-18T15:25:59+00:00","dateModified":"2023-01-18T18:23:54+00:00","breadcrumb":{"@id":"https:\/\/buletin.de\/bucuresti\/gabriela-firea-audiata-la-parchetul-general-in-dosarul-lui-aurelian-badulescu-a-declarat-ca-a-semnat-dispozitia-la-ambasada-romaniei-din-tallin\/#breadcrumb"},"inLanguage":"en-GB","potentialAction":[{"@type":"ReadAction","target":["https:\/\/buletin.de\/bucuresti\/gabriela-firea-audiata-la-parchetul-general-in-dosarul-lui-aurelian-badulescu-a-declarat-ca-a-semnat-dispozitia-la-ambasada-romaniei-din-tallin\/"]}]},{"@type":"ImageObject","inLanguage":"en-GB","@id":"https:\/\/buletin.de\/bucuresti\/gabriela-firea-audiata-la-parchetul-general-in-dosarul-lui-aurelian-badulescu-a-declarat-ca-a-semnat-dispozitia-la-ambasada-romaniei-din-tallin\/#primaryimage","url":"https:\/\/buletin.de\/bucuresti\/wp-content\/uploads\/WhatsApp-Image-2023-01-18-at-17.17.52.jpeg","contentUrl":"https:\/\/buletin.de\/bucuresti\/wp-content\/uploads\/WhatsApp-Image-2023-01-18-at-17.17.52.jpeg","width":960,"height":640},{"@type":"BreadcrumbList","@id":"https:\/\/buletin.de\/bucuresti\/gabriela-firea-audiata-la-parchetul-general-in-dosarul-lui-aurelian-badulescu-a-declarat-ca-a-semnat-dispozitia-la-ambasada-romaniei-din-tallin\/#breadcrumb","itemListElement":[{"@type":"ListItem","position":1,"name":"Acas\u0103","item":"https:\/\/buletin.de\/bucuresti\/"},{"@type":"ListItem","position":2,"name":"Gabriela Firea, audiat\u0103 la Parchetul General \u00een dosarul lui Aurelian B\u0103dulescu. A declarat c\u0103 a semnat dispozi\u021bia la Ambasada Rom\u00e2niei din Tallin"}]},{"@type":"WebSite","@id":"https:\/\/buletin.de\/bucuresti\/#website","url":"https:\/\/buletin.de\/bucuresti\/","name":"Buletin de Bucure\u0219ti","description":"\u0218tiri \u0219i investiga\u021bii esen\u021biale din capital\u0103","publisher":{"@id":"https:\/\/buletin.de\/bucuresti\/#organization"},"potentialAction":[{"@type":"SearchAction","target":{"@type":"EntryPoint","urlTemplate":"https:\/\/buletin.de\/bucuresti\/?s={search_term_string}"},"query-input":{"@type":"PropertyValueSpecification","valueRequired":true,"valueName":"search_term_string"}}],"inLanguage":"en-GB"},{"@type":"Organization","@id":"https:\/\/buletin.de\/bucuresti\/#organization","name":"Buletin de Bucure\u0219ti","url":"https:\/\/buletin.de\/bucuresti\/","logo":{"@type":"ImageObject","inLanguage":"en-GB","@id":"https:\/\/buletin.de\/bucuresti\/#\/schema\/logo\/image\/","url":"https:\/\/buletin.de\/bucuresti\/wp-content\/uploads\/logo-bdb-full-wide-vernil-transparent.png","contentUrl":"https:\/\/buletin.de\/bucuresti\/wp-content\/uploads\/logo-bdb-full-wide-vernil-transparent.png","width":1782,"height":626,"caption":"Buletin de Bucure\u0219ti"},"image":{"@id":"https:\/\/buletin.de\/bucuresti\/#\/schema\/logo\/image\/"},"sameAs":["https:\/\/www.facebook.com\/buletin.de.buc","https:\/\/www.instagram.com\/buletinde.bucuresti\/"]},{"@type":"Person","@id":"https:\/\/buletin.de\/bucuresti\/#\/schema\/person\/d369d7ddc775abece205795e0b804614","name":"Teodora Stroe","image":{"@type":"ImageObject","inLanguage":"en-GB","@id":"https:\/\/secure.gravatar.com\/avatar\/2560b4cd9f5f1bc100b123158e657d75584bd1c3e1d9c69285720b9457c1b78d?s=96&d=monsterid&r=gc104800242ba5f2d78dd5d7dc4df08b6","url":"https:\/\/secure.gravatar.com\/avatar\/2560b4cd9f5f1bc100b123158e657d75584bd1c3e1d9c69285720b9457c1b78d?s=96&d=monsterid&r=g","contentUrl":"https:\/\/secure.gravatar.com\/avatar\/2560b4cd9f5f1bc100b123158e657d75584bd1c3e1d9c69285720b9457c1b78d?s=96&d=monsterid&r=g","caption":"Teodora Stroe"},"url":"https:\/\/buletin.de\/bucuresti\/author\/simonacarlugea\/"}]}},"authors":[{"term_id":22579,"user_id":18,"is_guest":0,"slug":"simonacarlugea","display_name":"Teodora Stroe","avatar_url":"https:\/\/secure.gravatar.com\/avatar\/2560b4cd9f5f1bc100b123158e657d75584bd1c3e1d9c69285720b9457c1b78d?s=96&d=monsterid&r=g","0":null,"1":"","2":"","3":"","4":"","5":"","6":"","7":"","8":""}],"_links":{"self":[{"href":"https:\/\/buletin.de\/bucuresti\/wp-json\/wp\/v2\/posts\/51988","targetHints":{"allow":["GET"]}}],"collection":[{"href":"https:\/\/buletin.de\/bucuresti\/wp-json\/wp\/v2\/posts"}],"about":[{"href":"https:\/\/buletin.de\/bucuresti\/wp-json\/wp\/v2\/types\/post"}],"author":[{"embeddable":true,"href":"https:\/\/buletin.de\/bucuresti\/wp-json\/wp\/v2\/users\/18"}],"replies":[{"embeddable":true,"href":"https:\/\/buletin.de\/bucuresti\/wp-json\/wp\/v2\/comments?post=51988"}],"version-history":[{"count":14,"href":"https:\/\/buletin.de\/bucuresti\/wp-json\/wp\/v2\/posts\/51988\/revisions"}],"predecessor-version":[{"id":52010,"href":"https:\/\/buletin.de\/bucuresti\/wp-json\/wp\/v2\/posts\/51988\/revisions\/52010"}],"wp:featuredmedia":[{"embeddable":true,"href":"https:\/\/buletin.de\/bucuresti\/wp-json\/wp\/v2\/media\/51993"}],"wp:attachment":[{"href":"https:\/\/buletin.de\/bucuresti\/wp-json\/wp\/v2\/media?parent=51988"}],"wp:term":[{"taxonomy":"category","embeddable":true,"href":"https:\/\/buletin.de\/bucuresti\/wp-json\/wp\/v2\/categories?post=51988"},{"taxonomy":"post_tag","embeddable":true,"href":"https:\/\/buletin.de\/bucuresti\/wp-json\/wp\/v2\/tags?post=51988"},{"taxonomy":"author","embeddable":true,"href":"https:\/\/buletin.de\/bucuresti\/wp-json\/wp\/v2\/ppma_author?post=51988"}],"curies":[{"name":"wp","href":"https:\/\/api.w.org\/{rel}","templated":true}]}}