{"id":51917,"date":"2023-01-18T11:23:43","date_gmt":"2023-01-18T09:23:43","guid":{"rendered":"https:\/\/buletin.de\/bucuresti\/?p=51917"},"modified":"2023-01-18T11:23:44","modified_gmt":"2023-01-18T09:23:44","slug":"sport-primul-meci-din-istoria-campionatului-intern-de-volei-in-care-se-va-folosi-sistemul-challenge-partida-va-avea-loc-la-bucuresti","status":"publish","type":"post","link":"https:\/\/buletin.de\/bucuresti\/sport-primul-meci-din-istoria-campionatului-intern-de-volei-in-care-se-va-folosi-sistemul-challenge-partida-va-avea-loc-la-bucuresti\/","title":{"rendered":"SPORT | Primul meci din istoria campionatului intern de volei \u00een care se va folosi sistemul challenge. Partida va avea loc la Bucure\u0219ti"},"content":{"rendered":"\n<p><strong>Meciul dintre Dinamo \u0219i CSM Arcada Gala\u021bi, din etapa a 13-a, va fi primul meci de volei masculin din competi\u021bia intern\u0103 \u00een care va exista posibilitatea verific\u0103rii unor decizii de arbitraj prin sistemul challenge. Meciul va avea loc la Bucure\u0219ti, \u00een sala Dinamo, duminic\u0103 de la 15:00. <\/strong><\/p>\n\n\n\n<p>Clubul Sportiv Dinamo a anun\u021bat c\u0103 bucure\u0219tenii care vor s\u0103 participe la acest meci nu mai trebuie s\u0103 pl\u0103teac\u0103 bilet pentru c\u0103 intrarea va fi gratuit\u0103. Clubul bucure\u0219tean consider\u0103 meciul un motiv de s\u0103rb\u0103toare. <\/p>\n\n\n\n<blockquote class=\"wp-block-quote is-layout-flow wp-block-quote-is-layout-flow\"><p>Meciul de duminic\u0103 vrem s\u0103 fie o s\u0103rb\u0103toare a voleiului, astfel c\u0103 am decis ca intrarea s\u0103 fie liber\u0103. V\u0103 a\u0219tept\u0103m \u00een num\u0103r c\u00e2t mai mare, pentru c\u0103 ve\u021bi avea ce vedea! Pe teren vor fi dou\u0103 echipe mari, \u00een form\u0103, cu preten\u021bii la titlul na\u021bional.<\/p><cite>Se arat\u0103 \u00een comunicatul de pres\u0103 al CS Dinamo <\/cite><\/blockquote>\n\n\n\n<p>Pe l\u00e2ng\u0103 aceast\u0103 pemier\u0103, meciul are \u0219i o \u00eenc\u0103rc\u0103tur\u0103 competi\u021bional\u0103 pentru c\u0103 liderul Dinamo va \u00eent\u00e2lni cvadrupla campioan\u0103 na\u021bional\u0103 CSM Arcada Gala\u021bi. <\/p>\n\n\n\n<p>Sistemul challenge a fost achizi\u021bionat de Federa\u021bia Rom\u00e2n\u0103 de Volei \u0219i va fi folosit la cele mai importante meciuri din competi\u021bia intern\u0103. <\/p>\n\n\n\n<p>Surs\u0103 Foto: Facebook, CS Dinamo <\/p>\n","protected":false},"excerpt":{"rendered":"<p>Meciul dintre Dinamo \u0219i CSM Arcada Gala\u021bi, din etapa a 13-a, va fi primul meci de volei masculin din competi\u021bia intern\u0103 \u00een care va exista posibilitatea verific\u0103rii unor decizii de arbitraj prin sistemul challenge. Meciul va avea loc la Bucure\u0219ti, \u00een sala Dinamo, duminic\u0103 de la 15:00. Clubul Sportiv Dinamo a anun\u021bat c\u0103 bucure\u0219tenii care [&hellip;]<\/p>\n","protected":false},"author":17,"featured_media":51918,"comment_status":"closed","ping_status":"open","sticky":false,"template":"","format":"standard","meta":{"_acf_changed":false,"inline_featured_image":false,"ngg_post_thumbnail":0,"footnotes":""},"categories":[62],"tags":[5225,5226,370,4278,5223,5224],"ppma_author":[22576],"class_list":["post-51917","post","type-post","status-publish","format-standard","has-post-thumbnail","hentry","category-stiri","tag-arcada-galati","tag-chalenge","tag-dinamo","tag-premiera","tag-spot","tag-volei"],"acf":[],"yoast_head":"<!-- This site is optimized with the Yoast SEO Premium plugin v25.3 (Yoast SEO v27.5) - https:\/\/yoast.com\/product\/yoast-seo-premium-wordpress\/ -->\n<title>SPORT | Primul meci din istoria campionatului intern de volei \u00een care se va folosi sistemul challenge. Partida va avea loc la Bucure\u0219ti - Buletin de Bucure\u0219ti<\/title>\n<meta name=\"robots\" content=\"index, follow, max-snippet:-1, max-image-preview:large, max-video-preview:-1\" \/>\n<link rel=\"canonical\" href=\"https:\/\/buletin.de\/bucuresti\/sport-primul-meci-din-istoria-campionatului-intern-de-volei-in-care-se-va-folosi-sistemul-challenge-partida-va-avea-loc-la-bucuresti\/\" \/>\n<meta property=\"og:locale\" content=\"en_GB\" \/>\n<meta property=\"og:type\" content=\"article\" \/>\n<meta property=\"og:title\" content=\"SPORT | Primul meci din istoria campionatului intern de volei \u00een care se va folosi sistemul challenge. Partida va avea loc la Bucure\u0219ti\" \/>\n<meta property=\"og:description\" content=\"Meciul dintre Dinamo \u0219i CSM Arcada Gala\u021bi, din etapa a 13-a, va fi primul meci de volei masculin din competi\u021bia intern\u0103 \u00een care va exista posibilitatea verific\u0103rii unor decizii de arbitraj prin sistemul challenge. Meciul va avea loc la Bucure\u0219ti, \u00een sala Dinamo, duminic\u0103 de la 15:00. Clubul Sportiv Dinamo a anun\u021bat c\u0103 bucure\u0219tenii care [&hellip;]\" \/>\n<meta property=\"og:url\" content=\"https:\/\/buletin.de\/bucuresti\/sport-primul-meci-din-istoria-campionatului-intern-de-volei-in-care-se-va-folosi-sistemul-challenge-partida-va-avea-loc-la-bucuresti\/\" \/>\n<meta property=\"og:site_name\" content=\"Buletin de Bucure\u0219ti\" \/>\n<meta property=\"article:publisher\" content=\"https:\/\/www.facebook.com\/buletin.de.buc\" \/>\n<meta property=\"article:published_time\" content=\"2023-01-18T09:23:43+00:00\" \/>\n<meta property=\"article:modified_time\" content=\"2023-01-18T09:23:44+00:00\" \/>\n<meta property=\"og:image\" content=\"https:\/\/buletin.de\/bucuresti\/wp-content\/uploads\/326158719_748705262851744_8945645803004744433_n.jpeg\" \/>\n\t<meta property=\"og:image:width\" content=\"810\" \/>\n\t<meta property=\"og:image:height\" content=\"540\" \/>\n\t<meta property=\"og:image:type\" content=\"image\/jpeg\" \/>\n<meta name=\"author\" content=\"Florin R\u00e2\u0219teiu\" \/>\n<meta name=\"twitter:card\" content=\"summary_large_image\" \/>\n<meta name=\"twitter:label1\" content=\"Written by\" \/>\n\t<meta name=\"twitter:data1\" content=\"Florin R\u00e2\u0219teiu\" \/>\n\t<meta name=\"twitter:label2\" content=\"Estimated reading time\" \/>\n\t<meta name=\"twitter:data2\" content=\"1 minute\" \/>\n<script type=\"application\/ld+json\" class=\"yoast-schema-graph\">{\"@context\":\"https:\\\/\\\/schema.org\",\"@graph\":[{\"@type\":\"Article\",\"@id\":\"https:\\\/\\\/buletin.de\\\/bucuresti\\\/sport-primul-meci-din-istoria-campionatului-intern-de-volei-in-care-se-va-folosi-sistemul-challenge-partida-va-avea-loc-la-bucuresti\\\/#article\",\"isPartOf\":{\"@id\":\"https:\\\/\\\/buletin.de\\\/bucuresti\\\/sport-primul-meci-din-istoria-campionatului-intern-de-volei-in-care-se-va-folosi-sistemul-challenge-partida-va-avea-loc-la-bucuresti\\\/\"},\"author\":{\"name\":\"Florin R\u00e2\u0219teiu\",\"@id\":\"https:\\\/\\\/buletin.de\\\/bucuresti\\\/#\\\/schema\\\/person\\\/b0686d7a8b666c6afc78239777fd8a89\"},\"headline\":\"SPORT | Primul meci din istoria campionatului intern de volei \u00een care se va folosi sistemul challenge. Partida va avea loc la Bucure\u0219ti\",\"datePublished\":\"2023-01-18T09:23:43+00:00\",\"dateModified\":\"2023-01-18T09:23:44+00:00\",\"mainEntityOfPage\":{\"@id\":\"https:\\\/\\\/buletin.de\\\/bucuresti\\\/sport-primul-meci-din-istoria-campionatului-intern-de-volei-in-care-se-va-folosi-sistemul-challenge-partida-va-avea-loc-la-bucuresti\\\/\"},\"wordCount\":237,\"publisher\":{\"@id\":\"https:\\\/\\\/buletin.de\\\/bucuresti\\\/#organization\"},\"image\":{\"@id\":\"https:\\\/\\\/buletin.de\\\/bucuresti\\\/sport-primul-meci-din-istoria-campionatului-intern-de-volei-in-care-se-va-folosi-sistemul-challenge-partida-va-avea-loc-la-bucuresti\\\/#primaryimage\"},\"thumbnailUrl\":\"https:\\\/\\\/buletin.de\\\/bucuresti\\\/wp-content\\\/uploads\\\/326158719_748705262851744_8945645803004744433_n.jpeg\",\"keywords\":[\"Arcada Gala\u021bi\",\"Chalenge\",\"dinamo\",\"Premier\u0103\",\"Spot\",\"Volei\"],\"articleSection\":[\"\u0218tiri\"],\"inLanguage\":\"en-GB\",\"copyrightYear\":\"2023\",\"copyrightHolder\":{\"@id\":\"https:\\\/\\\/buletin.de\\\/bucuresti\\\/#organization\"}},{\"@type\":\"WebPage\",\"@id\":\"https:\\\/\\\/buletin.de\\\/bucuresti\\\/sport-primul-meci-din-istoria-campionatului-intern-de-volei-in-care-se-va-folosi-sistemul-challenge-partida-va-avea-loc-la-bucuresti\\\/\",\"url\":\"https:\\\/\\\/buletin.de\\\/bucuresti\\\/sport-primul-meci-din-istoria-campionatului-intern-de-volei-in-care-se-va-folosi-sistemul-challenge-partida-va-avea-loc-la-bucuresti\\\/\",\"name\":\"SPORT | Primul meci din istoria campionatului intern de volei \u00een care se va folosi sistemul challenge. Partida va avea loc la Bucure\u0219ti - Buletin de Bucure\u0219ti\",\"isPartOf\":{\"@id\":\"https:\\\/\\\/buletin.de\\\/bucuresti\\\/#website\"},\"primaryImageOfPage\":{\"@id\":\"https:\\\/\\\/buletin.de\\\/bucuresti\\\/sport-primul-meci-din-istoria-campionatului-intern-de-volei-in-care-se-va-folosi-sistemul-challenge-partida-va-avea-loc-la-bucuresti\\\/#primaryimage\"},\"image\":{\"@id\":\"https:\\\/\\\/buletin.de\\\/bucuresti\\\/sport-primul-meci-din-istoria-campionatului-intern-de-volei-in-care-se-va-folosi-sistemul-challenge-partida-va-avea-loc-la-bucuresti\\\/#primaryimage\"},\"thumbnailUrl\":\"https:\\\/\\\/buletin.de\\\/bucuresti\\\/wp-content\\\/uploads\\\/326158719_748705262851744_8945645803004744433_n.jpeg\",\"datePublished\":\"2023-01-18T09:23:43+00:00\",\"dateModified\":\"2023-01-18T09:23:44+00:00\",\"breadcrumb\":{\"@id\":\"https:\\\/\\\/buletin.de\\\/bucuresti\\\/sport-primul-meci-din-istoria-campionatului-intern-de-volei-in-care-se-va-folosi-sistemul-challenge-partida-va-avea-loc-la-bucuresti\\\/#breadcrumb\"},\"inLanguage\":\"en-GB\",\"potentialAction\":[{\"@type\":\"ReadAction\",\"target\":[\"https:\\\/\\\/buletin.de\\\/bucuresti\\\/sport-primul-meci-din-istoria-campionatului-intern-de-volei-in-care-se-va-folosi-sistemul-challenge-partida-va-avea-loc-la-bucuresti\\\/\"]}]},{\"@type\":\"ImageObject\",\"inLanguage\":\"en-GB\",\"@id\":\"https:\\\/\\\/buletin.de\\\/bucuresti\\\/sport-primul-meci-din-istoria-campionatului-intern-de-volei-in-care-se-va-folosi-sistemul-challenge-partida-va-avea-loc-la-bucuresti\\\/#primaryimage\",\"url\":\"https:\\\/\\\/buletin.de\\\/bucuresti\\\/wp-content\\\/uploads\\\/326158719_748705262851744_8945645803004744433_n.jpeg\",\"contentUrl\":\"https:\\\/\\\/buletin.de\\\/bucuresti\\\/wp-content\\\/uploads\\\/326158719_748705262851744_8945645803004744433_n.jpeg\",\"width\":810,\"height\":540},{\"@type\":\"BreadcrumbList\",\"@id\":\"https:\\\/\\\/buletin.de\\\/bucuresti\\\/sport-primul-meci-din-istoria-campionatului-intern-de-volei-in-care-se-va-folosi-sistemul-challenge-partida-va-avea-loc-la-bucuresti\\\/#breadcrumb\",\"itemListElement\":[{\"@type\":\"ListItem\",\"position\":1,\"name\":\"Acas\u0103\",\"item\":\"https:\\\/\\\/buletin.de\\\/bucuresti\\\/\"},{\"@type\":\"ListItem\",\"position\":2,\"name\":\"SPORT | Primul meci din istoria campionatului intern de volei \u00een care se va folosi sistemul challenge. Partida va avea loc la Bucure\u0219ti\"}]},{\"@type\":\"WebSite\",\"@id\":\"https:\\\/\\\/buletin.de\\\/bucuresti\\\/#website\",\"url\":\"https:\\\/\\\/buletin.de\\\/bucuresti\\\/\",\"name\":\"Buletin de Bucure\u0219ti\",\"description\":\"\u0218tiri \u0219i investiga\u021bii esen\u021biale din capital\u0103\",\"publisher\":{\"@id\":\"https:\\\/\\\/buletin.de\\\/bucuresti\\\/#organization\"},\"potentialAction\":[{\"@type\":\"SearchAction\",\"target\":{\"@type\":\"EntryPoint\",\"urlTemplate\":\"https:\\\/\\\/buletin.de\\\/bucuresti\\\/?s={search_term_string}\"},\"query-input\":{\"@type\":\"PropertyValueSpecification\",\"valueRequired\":true,\"valueName\":\"search_term_string\"}}],\"inLanguage\":\"en-GB\"},{\"@type\":\"Organization\",\"@id\":\"https:\\\/\\\/buletin.de\\\/bucuresti\\\/#organization\",\"name\":\"Buletin de Bucure\u0219ti\",\"url\":\"https:\\\/\\\/buletin.de\\\/bucuresti\\\/\",\"logo\":{\"@type\":\"ImageObject\",\"inLanguage\":\"en-GB\",\"@id\":\"https:\\\/\\\/buletin.de\\\/bucuresti\\\/#\\\/schema\\\/logo\\\/image\\\/\",\"url\":\"https:\\\/\\\/buletin.de\\\/bucuresti\\\/wp-content\\\/uploads\\\/logo-bdb-full-wide-vernil-transparent.png\",\"contentUrl\":\"https:\\\/\\\/buletin.de\\\/bucuresti\\\/wp-content\\\/uploads\\\/logo-bdb-full-wide-vernil-transparent.png\",\"width\":1782,\"height\":626,\"caption\":\"Buletin de Bucure\u0219ti\"},\"image\":{\"@id\":\"https:\\\/\\\/buletin.de\\\/bucuresti\\\/#\\\/schema\\\/logo\\\/image\\\/\"},\"sameAs\":[\"https:\\\/\\\/www.facebook.com\\\/buletin.de.buc\",\"https:\\\/\\\/www.instagram.com\\\/buletinde.bucuresti\\\/\"]},{\"@type\":\"Person\",\"@id\":\"https:\\\/\\\/buletin.de\\\/bucuresti\\\/#\\\/schema\\\/person\\\/b0686d7a8b666c6afc78239777fd8a89\",\"name\":\"Florin R\u00e2\u0219teiu\",\"image\":{\"@type\":\"ImageObject\",\"inLanguage\":\"en-GB\",\"@id\":\"https:\\\/\\\/buletin.de\\\/bucuresti\\\/wp-content\\\/uploads\\\/Florin-Rasteiu-96x96.jpgf0a6fe28453aa12f0a60e4d0a2e3a78c\",\"url\":\"https:\\\/\\\/buletin.de\\\/bucuresti\\\/wp-content\\\/uploads\\\/Florin-Rasteiu-96x96.jpg\",\"contentUrl\":\"https:\\\/\\\/buletin.de\\\/bucuresti\\\/wp-content\\\/uploads\\\/Florin-Rasteiu-96x96.jpg\",\"caption\":\"Florin R\u00e2\u0219teiu\"},\"description\":\"Jurnalist de investiga\u021bie. Lucreaz\u0103 de aproape 6 ani la Buletin de Bucure\u0219ti, unde a publicat articole care scot la suprafa\u021b\u0103 corup\u021bia din Capital\u0103. Analizeaz\u0103 baze de date zilnic \u0219i scoate pove\u0219ti din exceluri pline de cifre. Pune reflectorul pe adev\u0103r cu fiecare ocazie. A c\u00e2\u0219tigat premiul I la categoria Pres\u0103 Local\u0103 \u00een 2025 \u0219i locul al II-lea la aceea\u0219i categorie \u00een 2024 \u00een cadrul Premiilor Superscrieri pentru jurnalism independent.\",\"url\":\"https:\\\/\\\/buletin.de\\\/bucuresti\\\/author\\\/florinrasteiu\\\/\"}]}<\/script>\n<!-- \/ Yoast SEO Premium plugin. -->","yoast_head_json":{"title":"SPORT | Primul meci din istoria campionatului intern de volei \u00een care se va folosi sistemul challenge. Partida va avea loc la Bucure\u0219ti - Buletin de Bucure\u0219ti","robots":{"index":"index","follow":"follow","max-snippet":"max-snippet:-1","max-image-preview":"max-image-preview:large","max-video-preview":"max-video-preview:-1"},"canonical":"https:\/\/buletin.de\/bucuresti\/sport-primul-meci-din-istoria-campionatului-intern-de-volei-in-care-se-va-folosi-sistemul-challenge-partida-va-avea-loc-la-bucuresti\/","og_locale":"en_GB","og_type":"article","og_title":"SPORT | Primul meci din istoria campionatului intern de volei \u00een care se va folosi sistemul challenge. Partida va avea loc la Bucure\u0219ti","og_description":"Meciul dintre Dinamo \u0219i CSM Arcada Gala\u021bi, din etapa a 13-a, va fi primul meci de volei masculin din competi\u021bia intern\u0103 \u00een care va exista posibilitatea verific\u0103rii unor decizii de arbitraj prin sistemul challenge. Meciul va avea loc la Bucure\u0219ti, \u00een sala Dinamo, duminic\u0103 de la 15:00. Clubul Sportiv Dinamo a anun\u021bat c\u0103 bucure\u0219tenii care [&hellip;]","og_url":"https:\/\/buletin.de\/bucuresti\/sport-primul-meci-din-istoria-campionatului-intern-de-volei-in-care-se-va-folosi-sistemul-challenge-partida-va-avea-loc-la-bucuresti\/","og_site_name":"Buletin de Bucure\u0219ti","article_publisher":"https:\/\/www.facebook.com\/buletin.de.buc","article_published_time":"2023-01-18T09:23:43+00:00","article_modified_time":"2023-01-18T09:23:44+00:00","og_image":[{"width":810,"height":540,"url":"https:\/\/buletin.de\/bucuresti\/wp-content\/uploads\/326158719_748705262851744_8945645803004744433_n.jpeg","type":"image\/jpeg"}],"author":"Florin R\u00e2\u0219teiu","twitter_card":"summary_large_image","twitter_misc":{"Written by":"Florin R\u00e2\u0219teiu","Estimated reading time":"1 minute"},"schema":{"@context":"https:\/\/schema.org","@graph":[{"@type":"Article","@id":"https:\/\/buletin.de\/bucuresti\/sport-primul-meci-din-istoria-campionatului-intern-de-volei-in-care-se-va-folosi-sistemul-challenge-partida-va-avea-loc-la-bucuresti\/#article","isPartOf":{"@id":"https:\/\/buletin.de\/bucuresti\/sport-primul-meci-din-istoria-campionatului-intern-de-volei-in-care-se-va-folosi-sistemul-challenge-partida-va-avea-loc-la-bucuresti\/"},"author":{"name":"Florin R\u00e2\u0219teiu","@id":"https:\/\/buletin.de\/bucuresti\/#\/schema\/person\/b0686d7a8b666c6afc78239777fd8a89"},"headline":"SPORT | Primul meci din istoria campionatului intern de volei \u00een care se va folosi sistemul challenge. Partida va avea loc la Bucure\u0219ti","datePublished":"2023-01-18T09:23:43+00:00","dateModified":"2023-01-18T09:23:44+00:00","mainEntityOfPage":{"@id":"https:\/\/buletin.de\/bucuresti\/sport-primul-meci-din-istoria-campionatului-intern-de-volei-in-care-se-va-folosi-sistemul-challenge-partida-va-avea-loc-la-bucuresti\/"},"wordCount":237,"publisher":{"@id":"https:\/\/buletin.de\/bucuresti\/#organization"},"image":{"@id":"https:\/\/buletin.de\/bucuresti\/sport-primul-meci-din-istoria-campionatului-intern-de-volei-in-care-se-va-folosi-sistemul-challenge-partida-va-avea-loc-la-bucuresti\/#primaryimage"},"thumbnailUrl":"https:\/\/buletin.de\/bucuresti\/wp-content\/uploads\/326158719_748705262851744_8945645803004744433_n.jpeg","keywords":["Arcada Gala\u021bi","Chalenge","dinamo","Premier\u0103","Spot","Volei"],"articleSection":["\u0218tiri"],"inLanguage":"en-GB","copyrightYear":"2023","copyrightHolder":{"@id":"https:\/\/buletin.de\/bucuresti\/#organization"}},{"@type":"WebPage","@id":"https:\/\/buletin.de\/bucuresti\/sport-primul-meci-din-istoria-campionatului-intern-de-volei-in-care-se-va-folosi-sistemul-challenge-partida-va-avea-loc-la-bucuresti\/","url":"https:\/\/buletin.de\/bucuresti\/sport-primul-meci-din-istoria-campionatului-intern-de-volei-in-care-se-va-folosi-sistemul-challenge-partida-va-avea-loc-la-bucuresti\/","name":"SPORT | Primul meci din istoria campionatului intern de volei \u00een care se va folosi sistemul challenge. Partida va avea loc la Bucure\u0219ti - Buletin de Bucure\u0219ti","isPartOf":{"@id":"https:\/\/buletin.de\/bucuresti\/#website"},"primaryImageOfPage":{"@id":"https:\/\/buletin.de\/bucuresti\/sport-primul-meci-din-istoria-campionatului-intern-de-volei-in-care-se-va-folosi-sistemul-challenge-partida-va-avea-loc-la-bucuresti\/#primaryimage"},"image":{"@id":"https:\/\/buletin.de\/bucuresti\/sport-primul-meci-din-istoria-campionatului-intern-de-volei-in-care-se-va-folosi-sistemul-challenge-partida-va-avea-loc-la-bucuresti\/#primaryimage"},"thumbnailUrl":"https:\/\/buletin.de\/bucuresti\/wp-content\/uploads\/326158719_748705262851744_8945645803004744433_n.jpeg","datePublished":"2023-01-18T09:23:43+00:00","dateModified":"2023-01-18T09:23:44+00:00","breadcrumb":{"@id":"https:\/\/buletin.de\/bucuresti\/sport-primul-meci-din-istoria-campionatului-intern-de-volei-in-care-se-va-folosi-sistemul-challenge-partida-va-avea-loc-la-bucuresti\/#breadcrumb"},"inLanguage":"en-GB","potentialAction":[{"@type":"ReadAction","target":["https:\/\/buletin.de\/bucuresti\/sport-primul-meci-din-istoria-campionatului-intern-de-volei-in-care-se-va-folosi-sistemul-challenge-partida-va-avea-loc-la-bucuresti\/"]}]},{"@type":"ImageObject","inLanguage":"en-GB","@id":"https:\/\/buletin.de\/bucuresti\/sport-primul-meci-din-istoria-campionatului-intern-de-volei-in-care-se-va-folosi-sistemul-challenge-partida-va-avea-loc-la-bucuresti\/#primaryimage","url":"https:\/\/buletin.de\/bucuresti\/wp-content\/uploads\/326158719_748705262851744_8945645803004744433_n.jpeg","contentUrl":"https:\/\/buletin.de\/bucuresti\/wp-content\/uploads\/326158719_748705262851744_8945645803004744433_n.jpeg","width":810,"height":540},{"@type":"BreadcrumbList","@id":"https:\/\/buletin.de\/bucuresti\/sport-primul-meci-din-istoria-campionatului-intern-de-volei-in-care-se-va-folosi-sistemul-challenge-partida-va-avea-loc-la-bucuresti\/#breadcrumb","itemListElement":[{"@type":"ListItem","position":1,"name":"Acas\u0103","item":"https:\/\/buletin.de\/bucuresti\/"},{"@type":"ListItem","position":2,"name":"SPORT | Primul meci din istoria campionatului intern de volei \u00een care se va folosi sistemul challenge. Partida va avea loc la Bucure\u0219ti"}]},{"@type":"WebSite","@id":"https:\/\/buletin.de\/bucuresti\/#website","url":"https:\/\/buletin.de\/bucuresti\/","name":"Buletin de Bucure\u0219ti","description":"\u0218tiri \u0219i investiga\u021bii esen\u021biale din capital\u0103","publisher":{"@id":"https:\/\/buletin.de\/bucuresti\/#organization"},"potentialAction":[{"@type":"SearchAction","target":{"@type":"EntryPoint","urlTemplate":"https:\/\/buletin.de\/bucuresti\/?s={search_term_string}"},"query-input":{"@type":"PropertyValueSpecification","valueRequired":true,"valueName":"search_term_string"}}],"inLanguage":"en-GB"},{"@type":"Organization","@id":"https:\/\/buletin.de\/bucuresti\/#organization","name":"Buletin de Bucure\u0219ti","url":"https:\/\/buletin.de\/bucuresti\/","logo":{"@type":"ImageObject","inLanguage":"en-GB","@id":"https:\/\/buletin.de\/bucuresti\/#\/schema\/logo\/image\/","url":"https:\/\/buletin.de\/bucuresti\/wp-content\/uploads\/logo-bdb-full-wide-vernil-transparent.png","contentUrl":"https:\/\/buletin.de\/bucuresti\/wp-content\/uploads\/logo-bdb-full-wide-vernil-transparent.png","width":1782,"height":626,"caption":"Buletin de Bucure\u0219ti"},"image":{"@id":"https:\/\/buletin.de\/bucuresti\/#\/schema\/logo\/image\/"},"sameAs":["https:\/\/www.facebook.com\/buletin.de.buc","https:\/\/www.instagram.com\/buletinde.bucuresti\/"]},{"@type":"Person","@id":"https:\/\/buletin.de\/bucuresti\/#\/schema\/person\/b0686d7a8b666c6afc78239777fd8a89","name":"Florin R\u00e2\u0219teiu","image":{"@type":"ImageObject","inLanguage":"en-GB","@id":"https:\/\/buletin.de\/bucuresti\/wp-content\/uploads\/Florin-Rasteiu-96x96.jpgf0a6fe28453aa12f0a60e4d0a2e3a78c","url":"https:\/\/buletin.de\/bucuresti\/wp-content\/uploads\/Florin-Rasteiu-96x96.jpg","contentUrl":"https:\/\/buletin.de\/bucuresti\/wp-content\/uploads\/Florin-Rasteiu-96x96.jpg","caption":"Florin R\u00e2\u0219teiu"},"description":"Jurnalist de investiga\u021bie. Lucreaz\u0103 de aproape 6 ani la Buletin de Bucure\u0219ti, unde a publicat articole care scot la suprafa\u021b\u0103 corup\u021bia din Capital\u0103. Analizeaz\u0103 baze de date zilnic \u0219i scoate pove\u0219ti din exceluri pline de cifre. Pune reflectorul pe adev\u0103r cu fiecare ocazie. A c\u00e2\u0219tigat premiul I la categoria Pres\u0103 Local\u0103 \u00een 2025 \u0219i locul al II-lea la aceea\u0219i categorie \u00een 2024 \u00een cadrul Premiilor Superscrieri pentru jurnalism independent.","url":"https:\/\/buletin.de\/bucuresti\/author\/florinrasteiu\/"}]}},"authors":[{"term_id":22576,"user_id":17,"is_guest":0,"slug":"florinrasteiu","display_name":"Florin R\u00e2\u0219teiu","avatar_url":"https:\/\/buletin.de\/bucuresti\/wp-content\/uploads\/Florin-Rasteiu-96x96.jpg","0":null,"1":"","2":"","3":"","4":"","5":"","6":"","7":"","8":""}],"_links":{"self":[{"href":"https:\/\/buletin.de\/bucuresti\/wp-json\/wp\/v2\/posts\/51917","targetHints":{"allow":["GET"]}}],"collection":[{"href":"https:\/\/buletin.de\/bucuresti\/wp-json\/wp\/v2\/posts"}],"about":[{"href":"https:\/\/buletin.de\/bucuresti\/wp-json\/wp\/v2\/types\/post"}],"author":[{"embeddable":true,"href":"https:\/\/buletin.de\/bucuresti\/wp-json\/wp\/v2\/users\/17"}],"replies":[{"embeddable":true,"href":"https:\/\/buletin.de\/bucuresti\/wp-json\/wp\/v2\/comments?post=51917"}],"version-history":[{"count":3,"href":"https:\/\/buletin.de\/bucuresti\/wp-json\/wp\/v2\/posts\/51917\/revisions"}],"predecessor-version":[{"id":51922,"href":"https:\/\/buletin.de\/bucuresti\/wp-json\/wp\/v2\/posts\/51917\/revisions\/51922"}],"wp:featuredmedia":[{"embeddable":true,"href":"https:\/\/buletin.de\/bucuresti\/wp-json\/wp\/v2\/media\/51918"}],"wp:attachment":[{"href":"https:\/\/buletin.de\/bucuresti\/wp-json\/wp\/v2\/media?parent=51917"}],"wp:term":[{"taxonomy":"category","embeddable":true,"href":"https:\/\/buletin.de\/bucuresti\/wp-json\/wp\/v2\/categories?post=51917"},{"taxonomy":"post_tag","embeddable":true,"href":"https:\/\/buletin.de\/bucuresti\/wp-json\/wp\/v2\/tags?post=51917"},{"taxonomy":"author","embeddable":true,"href":"https:\/\/buletin.de\/bucuresti\/wp-json\/wp\/v2\/ppma_author?post=51917"}],"curies":[{"name":"wp","href":"https:\/\/api.w.org\/{rel}","templated":true}]}}