{"id":51481,"date":"2023-01-11T20:06:13","date_gmt":"2023-01-11T18:06:13","guid":{"rendered":"https:\/\/buletin.de\/bucuresti\/?p=51481"},"modified":"2023-01-12T08:46:22","modified_gmt":"2023-01-12T06:46:22","slug":"a-curs-apa-din-tavanul-pasajului-unirii-in-timpul-ploii-torentiale","status":"publish","type":"post","link":"https:\/\/buletin.de\/bucuresti\/a-curs-apa-din-tavanul-pasajului-unirii-in-timpul-ploii-torentiale\/","title":{"rendered":"A curs ap\u0103 din tavanul Pasajului Unirii \u00een timpul ploii toren\u021biale"},"content":{"rendered":"\n<p>Update<\/p>\n\n\n\n<p>Prim\u0103ria a descoperit cauza inflitratiilor. Conform Libertatea.ro, problema a ap\u0103rut din cauza unei avarii la unul dintre canivouri, un fel de casetende beton care protejeaz\u0103 conductele de ap\u0103 \u0219i alte sisteme de utilit\u0103\u021bi, \u0219i unde s-a acumulat ap\u0103.<\/p>\n\n\n\n<p>Pasajul Unirii este din nou \u00een aten\u021bia public\u0103 dup\u0103 ce, jurnalistul Vitalie Cojocari a publicat imagini \u00een care se vede cum curge ap\u0103 din tavan. La 4 luni de la renovare \u0219i dup\u0103 o serie lung\u0103 de accidente, ultimul soldat cu un deces, infiltra\u021biile demonstreaz\u0103 c\u0103 pasajul nu este bine izolat. De unde vine apa r\u0103m\u00e2ne, \u00een acest moment, o necunoscut\u0103. <\/p>\n\n\n\n<p>\u201dVitalie, plou\u0103 \u00een Pasajul Unirii\u201d, \u00eemi scrie cineva pe Facebook.<br>Citesc mesajul \u0219i nu \u00een\u021beleg. Cum adic\u0103? Cum s\u0103 plou\u0103 \u00eentr-un pasaj subteran? Ca s\u0103 m\u0103 conving\u0103, omul \u00eemi trimite dou\u0103 filmule\u021be.<br>M\u0103 uit \u0219i tot nu-mi vine s\u0103 cred, asta de\u0219i este evident: din tavan picur\u0103, curg \u0219iroaie de ap\u0103.<br>Din nou, Unirii, acel pasaj renovat recent care ne uime\u0219te sau ne \u0219ocheaz\u0103 aproape lunar cu c\u00e2te un incident.<br>De data asta&#8230; plou\u0103&#8221;, a scris Vitalie Cojocari, pe pagina sa de Facebook.<\/p>\n\n\n<p><iframe src=\"https:\/\/www.facebook.com\/plugins\/video.php?height=476&#038;href=https%3A%2F%2Fwww.facebook.com%2Fcojocarivitalie%2Fvideos%2F1397725644098152%2F&#038;show_text=false&#038;width=267&#038;t=0\" width=\"267\" height=\"476\" style=\"border:none;overflow:hidden\" scrolling=\"no\" frameborder=\"0\" allowfullscreen=\"true\" allow=\"autoplay; clipboard-write; encrypted-media; picture-in-picture; web-share\" allowFullScreen=\"true\"><\/iframe><\/p>\n\n\n\n<p>Prim\u0103ria Sector 4 a negat c\u0103 exist\u0103 probleme din cauza infiltra\u021biilor \u00een pasaj, conform Euronews. Postul TV a contactat \u0219i Apa Nova care a transmis c\u0103 nu exist\u0103 nici o avarie \u00een zona Pasajului Unirii.&nbsp;<\/p>\n\n\n\n<p>Pasajul Unirii a fost reabilitat, \u00een aceast\u0103 var\u0103, cu 12 milioane de euro \u0219i redeschis circula\u021biei pe 4 septembrie. Au fost multe incidente la pasaj cu autocare \u0219i TIR-uri r\u0103mase blocate \u00een por\u021bile de gabarit sau chiar \u00een tunel. Cel mai grav, petrecut pe 23 decembrie, s-a soldat cu decesul unui turist grec \u0219i cu r\u0103nirea altor 24.<\/p>\n","protected":false},"excerpt":{"rendered":"<p>Update Prim\u0103ria a descoperit cauza inflitratiilor. Conform Libertatea.ro, problema a ap\u0103rut din cauza unei avarii la unul dintre canivouri, un fel de casetende beton care protejeaz\u0103 conductele de ap\u0103 \u0219i alte sisteme de utilit\u0103\u021bi, \u0219i unde s-a acumulat ap\u0103. Pasajul Unirii este din nou \u00een aten\u021bia public\u0103 dup\u0103 ce, jurnalistul Vitalie Cojocari a publicat imagini [&hellip;]<\/p>\n","protected":false},"author":18,"featured_media":51487,"comment_status":"closed","ping_status":"open","sticky":false,"template":"","format":"standard","meta":{"_acf_changed":false,"inline_featured_image":false,"ngg_post_thumbnail":0,"footnotes":""},"categories":[62],"tags":[349,5172,4536,1316,765,5170],"ppma_author":[22579],"class_list":["post-51481","post","type-post","status-publish","format-standard","has-post-thumbnail","hentry","category-stiri","tag-baluta","tag-infiltratii","tag-pasajul-unirii","tag-ploaie","tag-sector-4","tag-tavan"],"acf":[],"yoast_head":"<!-- This site is optimized with the Yoast SEO Premium plugin v25.3 (Yoast SEO v27.4) - https:\/\/yoast.com\/product\/yoast-seo-premium-wordpress\/ -->\n<title>A curs ap\u0103 din tavanul Pasajului Unirii \u00een timpul ploii toren\u021biale - Buletin de Bucure\u0219ti<\/title>\n<meta name=\"robots\" content=\"index, follow, max-snippet:-1, max-image-preview:large, max-video-preview:-1\" \/>\n<link rel=\"canonical\" href=\"https:\/\/buletin.de\/bucuresti\/a-curs-apa-din-tavanul-pasajului-unirii-in-timpul-ploii-torentiale\/\" \/>\n<meta property=\"og:locale\" content=\"en_GB\" \/>\n<meta property=\"og:type\" content=\"article\" \/>\n<meta property=\"og:title\" content=\"A curs ap\u0103 din tavanul Pasajului Unirii \u00een timpul ploii toren\u021biale\" \/>\n<meta property=\"og:description\" content=\"Update Prim\u0103ria a descoperit cauza inflitratiilor. Conform Libertatea.ro, problema a ap\u0103rut din cauza unei avarii la unul dintre canivouri, un fel de casetende beton care protejeaz\u0103 conductele de ap\u0103 \u0219i alte sisteme de utilit\u0103\u021bi, \u0219i unde s-a acumulat ap\u0103. Pasajul Unirii este din nou \u00een aten\u021bia public\u0103 dup\u0103 ce, jurnalistul Vitalie Cojocari a publicat imagini [&hellip;]\" \/>\n<meta property=\"og:url\" content=\"https:\/\/buletin.de\/bucuresti\/a-curs-apa-din-tavanul-pasajului-unirii-in-timpul-ploii-torentiale\/\" \/>\n<meta property=\"og:site_name\" content=\"Buletin de Bucure\u0219ti\" \/>\n<meta property=\"article:publisher\" content=\"https:\/\/www.facebook.com\/buletin.de.buc\" \/>\n<meta property=\"article:published_time\" content=\"2023-01-11T18:06:13+00:00\" \/>\n<meta property=\"article:modified_time\" content=\"2023-01-12T06:46:22+00:00\" \/>\n<meta property=\"og:image\" content=\"https:\/\/buletin.de\/bucuresti\/wp-content\/uploads\/ploaie.png\" \/>\n\t<meta property=\"og:image:width\" content=\"345\" \/>\n\t<meta property=\"og:image:height\" content=\"261\" \/>\n\t<meta property=\"og:image:type\" content=\"image\/png\" \/>\n<meta name=\"author\" content=\"Teodora Stroe\" \/>\n<meta name=\"twitter:card\" content=\"summary_large_image\" \/>\n<meta name=\"twitter:label1\" content=\"Written by\" \/>\n\t<meta name=\"twitter:data1\" content=\"Teodora Stroe\" \/>\n\t<meta name=\"twitter:label2\" content=\"Estimated reading time\" \/>\n\t<meta name=\"twitter:data2\" content=\"2 minutes\" \/>\n<script type=\"application\/ld+json\" class=\"yoast-schema-graph\">{\"@context\":\"https:\\\/\\\/schema.org\",\"@graph\":[{\"@type\":\"Article\",\"@id\":\"https:\\\/\\\/buletin.de\\\/bucuresti\\\/a-curs-apa-din-tavanul-pasajului-unirii-in-timpul-ploii-torentiale\\\/#article\",\"isPartOf\":{\"@id\":\"https:\\\/\\\/buletin.de\\\/bucuresti\\\/a-curs-apa-din-tavanul-pasajului-unirii-in-timpul-ploii-torentiale\\\/\"},\"author\":{\"name\":\"Teodora Stroe\",\"@id\":\"https:\\\/\\\/buletin.de\\\/bucuresti\\\/#\\\/schema\\\/person\\\/d369d7ddc775abece205795e0b804614\"},\"headline\":\"A curs ap\u0103 din tavanul Pasajului Unirii \u00een timpul ploii toren\u021biale\",\"datePublished\":\"2023-01-11T18:06:13+00:00\",\"dateModified\":\"2023-01-12T06:46:22+00:00\",\"mainEntityOfPage\":{\"@id\":\"https:\\\/\\\/buletin.de\\\/bucuresti\\\/a-curs-apa-din-tavanul-pasajului-unirii-in-timpul-ploii-torentiale\\\/\"},\"wordCount\":302,\"publisher\":{\"@id\":\"https:\\\/\\\/buletin.de\\\/bucuresti\\\/#organization\"},\"image\":{\"@id\":\"https:\\\/\\\/buletin.de\\\/bucuresti\\\/a-curs-apa-din-tavanul-pasajului-unirii-in-timpul-ploii-torentiale\\\/#primaryimage\"},\"thumbnailUrl\":\"https:\\\/\\\/buletin.de\\\/bucuresti\\\/wp-content\\\/uploads\\\/ploaie.png\",\"keywords\":[\"baluta\",\"infiltratii\",\"pasajul unirii\",\"ploaie\",\"Sector 4\",\"tavan\"],\"articleSection\":[\"\u0218tiri\"],\"inLanguage\":\"en-GB\",\"copyrightYear\":\"2023\",\"copyrightHolder\":{\"@id\":\"https:\\\/\\\/buletin.de\\\/bucuresti\\\/#organization\"}},{\"@type\":\"WebPage\",\"@id\":\"https:\\\/\\\/buletin.de\\\/bucuresti\\\/a-curs-apa-din-tavanul-pasajului-unirii-in-timpul-ploii-torentiale\\\/\",\"url\":\"https:\\\/\\\/buletin.de\\\/bucuresti\\\/a-curs-apa-din-tavanul-pasajului-unirii-in-timpul-ploii-torentiale\\\/\",\"name\":\"A curs ap\u0103 din tavanul Pasajului Unirii \u00een timpul ploii toren\u021biale - Buletin de Bucure\u0219ti\",\"isPartOf\":{\"@id\":\"https:\\\/\\\/buletin.de\\\/bucuresti\\\/#website\"},\"primaryImageOfPage\":{\"@id\":\"https:\\\/\\\/buletin.de\\\/bucuresti\\\/a-curs-apa-din-tavanul-pasajului-unirii-in-timpul-ploii-torentiale\\\/#primaryimage\"},\"image\":{\"@id\":\"https:\\\/\\\/buletin.de\\\/bucuresti\\\/a-curs-apa-din-tavanul-pasajului-unirii-in-timpul-ploii-torentiale\\\/#primaryimage\"},\"thumbnailUrl\":\"https:\\\/\\\/buletin.de\\\/bucuresti\\\/wp-content\\\/uploads\\\/ploaie.png\",\"datePublished\":\"2023-01-11T18:06:13+00:00\",\"dateModified\":\"2023-01-12T06:46:22+00:00\",\"breadcrumb\":{\"@id\":\"https:\\\/\\\/buletin.de\\\/bucuresti\\\/a-curs-apa-din-tavanul-pasajului-unirii-in-timpul-ploii-torentiale\\\/#breadcrumb\"},\"inLanguage\":\"en-GB\",\"potentialAction\":[{\"@type\":\"ReadAction\",\"target\":[\"https:\\\/\\\/buletin.de\\\/bucuresti\\\/a-curs-apa-din-tavanul-pasajului-unirii-in-timpul-ploii-torentiale\\\/\"]}]},{\"@type\":\"ImageObject\",\"inLanguage\":\"en-GB\",\"@id\":\"https:\\\/\\\/buletin.de\\\/bucuresti\\\/a-curs-apa-din-tavanul-pasajului-unirii-in-timpul-ploii-torentiale\\\/#primaryimage\",\"url\":\"https:\\\/\\\/buletin.de\\\/bucuresti\\\/wp-content\\\/uploads\\\/ploaie.png\",\"contentUrl\":\"https:\\\/\\\/buletin.de\\\/bucuresti\\\/wp-content\\\/uploads\\\/ploaie.png\",\"width\":345,\"height\":261},{\"@type\":\"BreadcrumbList\",\"@id\":\"https:\\\/\\\/buletin.de\\\/bucuresti\\\/a-curs-apa-din-tavanul-pasajului-unirii-in-timpul-ploii-torentiale\\\/#breadcrumb\",\"itemListElement\":[{\"@type\":\"ListItem\",\"position\":1,\"name\":\"Acas\u0103\",\"item\":\"https:\\\/\\\/buletin.de\\\/bucuresti\\\/\"},{\"@type\":\"ListItem\",\"position\":2,\"name\":\"A curs ap\u0103 din tavanul Pasajului Unirii \u00een timpul ploii toren\u021biale\"}]},{\"@type\":\"WebSite\",\"@id\":\"https:\\\/\\\/buletin.de\\\/bucuresti\\\/#website\",\"url\":\"https:\\\/\\\/buletin.de\\\/bucuresti\\\/\",\"name\":\"Buletin de Bucure\u0219ti\",\"description\":\"\u0218tiri \u0219i investiga\u021bii esen\u021biale din capital\u0103\",\"publisher\":{\"@id\":\"https:\\\/\\\/buletin.de\\\/bucuresti\\\/#organization\"},\"potentialAction\":[{\"@type\":\"SearchAction\",\"target\":{\"@type\":\"EntryPoint\",\"urlTemplate\":\"https:\\\/\\\/buletin.de\\\/bucuresti\\\/?s={search_term_string}\"},\"query-input\":{\"@type\":\"PropertyValueSpecification\",\"valueRequired\":true,\"valueName\":\"search_term_string\"}}],\"inLanguage\":\"en-GB\"},{\"@type\":\"Organization\",\"@id\":\"https:\\\/\\\/buletin.de\\\/bucuresti\\\/#organization\",\"name\":\"Buletin de Bucure\u0219ti\",\"url\":\"https:\\\/\\\/buletin.de\\\/bucuresti\\\/\",\"logo\":{\"@type\":\"ImageObject\",\"inLanguage\":\"en-GB\",\"@id\":\"https:\\\/\\\/buletin.de\\\/bucuresti\\\/#\\\/schema\\\/logo\\\/image\\\/\",\"url\":\"https:\\\/\\\/buletin.de\\\/bucuresti\\\/wp-content\\\/uploads\\\/logo-bdb-full-wide-vernil-transparent.png\",\"contentUrl\":\"https:\\\/\\\/buletin.de\\\/bucuresti\\\/wp-content\\\/uploads\\\/logo-bdb-full-wide-vernil-transparent.png\",\"width\":1782,\"height\":626,\"caption\":\"Buletin de Bucure\u0219ti\"},\"image\":{\"@id\":\"https:\\\/\\\/buletin.de\\\/bucuresti\\\/#\\\/schema\\\/logo\\\/image\\\/\"},\"sameAs\":[\"https:\\\/\\\/www.facebook.com\\\/buletin.de.buc\",\"https:\\\/\\\/www.instagram.com\\\/buletinde.bucuresti\\\/\"]},{\"@type\":\"Person\",\"@id\":\"https:\\\/\\\/buletin.de\\\/bucuresti\\\/#\\\/schema\\\/person\\\/d369d7ddc775abece205795e0b804614\",\"name\":\"Teodora Stroe\",\"image\":{\"@type\":\"ImageObject\",\"inLanguage\":\"en-GB\",\"@id\":\"https:\\\/\\\/secure.gravatar.com\\\/avatar\\\/2560b4cd9f5f1bc100b123158e657d75584bd1c3e1d9c69285720b9457c1b78d?s=96&d=monsterid&r=gc104800242ba5f2d78dd5d7dc4df08b6\",\"url\":\"https:\\\/\\\/secure.gravatar.com\\\/avatar\\\/2560b4cd9f5f1bc100b123158e657d75584bd1c3e1d9c69285720b9457c1b78d?s=96&d=monsterid&r=g\",\"contentUrl\":\"https:\\\/\\\/secure.gravatar.com\\\/avatar\\\/2560b4cd9f5f1bc100b123158e657d75584bd1c3e1d9c69285720b9457c1b78d?s=96&d=monsterid&r=g\",\"caption\":\"Teodora Stroe\"},\"url\":\"https:\\\/\\\/buletin.de\\\/bucuresti\\\/author\\\/simonacarlugea\\\/\"}]}<\/script>\n<!-- \/ Yoast SEO Premium plugin. -->","yoast_head_json":{"title":"A curs ap\u0103 din tavanul Pasajului Unirii \u00een timpul ploii toren\u021biale - Buletin de Bucure\u0219ti","robots":{"index":"index","follow":"follow","max-snippet":"max-snippet:-1","max-image-preview":"max-image-preview:large","max-video-preview":"max-video-preview:-1"},"canonical":"https:\/\/buletin.de\/bucuresti\/a-curs-apa-din-tavanul-pasajului-unirii-in-timpul-ploii-torentiale\/","og_locale":"en_GB","og_type":"article","og_title":"A curs ap\u0103 din tavanul Pasajului Unirii \u00een timpul ploii toren\u021biale","og_description":"Update Prim\u0103ria a descoperit cauza inflitratiilor. Conform Libertatea.ro, problema a ap\u0103rut din cauza unei avarii la unul dintre canivouri, un fel de casetende beton care protejeaz\u0103 conductele de ap\u0103 \u0219i alte sisteme de utilit\u0103\u021bi, \u0219i unde s-a acumulat ap\u0103. Pasajul Unirii este din nou \u00een aten\u021bia public\u0103 dup\u0103 ce, jurnalistul Vitalie Cojocari a publicat imagini [&hellip;]","og_url":"https:\/\/buletin.de\/bucuresti\/a-curs-apa-din-tavanul-pasajului-unirii-in-timpul-ploii-torentiale\/","og_site_name":"Buletin de Bucure\u0219ti","article_publisher":"https:\/\/www.facebook.com\/buletin.de.buc","article_published_time":"2023-01-11T18:06:13+00:00","article_modified_time":"2023-01-12T06:46:22+00:00","og_image":[{"width":345,"height":261,"url":"https:\/\/buletin.de\/bucuresti\/wp-content\/uploads\/ploaie.png","type":"image\/png"}],"author":"Teodora Stroe","twitter_card":"summary_large_image","twitter_misc":{"Written by":"Teodora Stroe","Estimated reading time":"2 minutes"},"schema":{"@context":"https:\/\/schema.org","@graph":[{"@type":"Article","@id":"https:\/\/buletin.de\/bucuresti\/a-curs-apa-din-tavanul-pasajului-unirii-in-timpul-ploii-torentiale\/#article","isPartOf":{"@id":"https:\/\/buletin.de\/bucuresti\/a-curs-apa-din-tavanul-pasajului-unirii-in-timpul-ploii-torentiale\/"},"author":{"name":"Teodora Stroe","@id":"https:\/\/buletin.de\/bucuresti\/#\/schema\/person\/d369d7ddc775abece205795e0b804614"},"headline":"A curs ap\u0103 din tavanul Pasajului Unirii \u00een timpul ploii toren\u021biale","datePublished":"2023-01-11T18:06:13+00:00","dateModified":"2023-01-12T06:46:22+00:00","mainEntityOfPage":{"@id":"https:\/\/buletin.de\/bucuresti\/a-curs-apa-din-tavanul-pasajului-unirii-in-timpul-ploii-torentiale\/"},"wordCount":302,"publisher":{"@id":"https:\/\/buletin.de\/bucuresti\/#organization"},"image":{"@id":"https:\/\/buletin.de\/bucuresti\/a-curs-apa-din-tavanul-pasajului-unirii-in-timpul-ploii-torentiale\/#primaryimage"},"thumbnailUrl":"https:\/\/buletin.de\/bucuresti\/wp-content\/uploads\/ploaie.png","keywords":["baluta","infiltratii","pasajul unirii","ploaie","Sector 4","tavan"],"articleSection":["\u0218tiri"],"inLanguage":"en-GB","copyrightYear":"2023","copyrightHolder":{"@id":"https:\/\/buletin.de\/bucuresti\/#organization"}},{"@type":"WebPage","@id":"https:\/\/buletin.de\/bucuresti\/a-curs-apa-din-tavanul-pasajului-unirii-in-timpul-ploii-torentiale\/","url":"https:\/\/buletin.de\/bucuresti\/a-curs-apa-din-tavanul-pasajului-unirii-in-timpul-ploii-torentiale\/","name":"A curs ap\u0103 din tavanul Pasajului Unirii \u00een timpul ploii toren\u021biale - Buletin de Bucure\u0219ti","isPartOf":{"@id":"https:\/\/buletin.de\/bucuresti\/#website"},"primaryImageOfPage":{"@id":"https:\/\/buletin.de\/bucuresti\/a-curs-apa-din-tavanul-pasajului-unirii-in-timpul-ploii-torentiale\/#primaryimage"},"image":{"@id":"https:\/\/buletin.de\/bucuresti\/a-curs-apa-din-tavanul-pasajului-unirii-in-timpul-ploii-torentiale\/#primaryimage"},"thumbnailUrl":"https:\/\/buletin.de\/bucuresti\/wp-content\/uploads\/ploaie.png","datePublished":"2023-01-11T18:06:13+00:00","dateModified":"2023-01-12T06:46:22+00:00","breadcrumb":{"@id":"https:\/\/buletin.de\/bucuresti\/a-curs-apa-din-tavanul-pasajului-unirii-in-timpul-ploii-torentiale\/#breadcrumb"},"inLanguage":"en-GB","potentialAction":[{"@type":"ReadAction","target":["https:\/\/buletin.de\/bucuresti\/a-curs-apa-din-tavanul-pasajului-unirii-in-timpul-ploii-torentiale\/"]}]},{"@type":"ImageObject","inLanguage":"en-GB","@id":"https:\/\/buletin.de\/bucuresti\/a-curs-apa-din-tavanul-pasajului-unirii-in-timpul-ploii-torentiale\/#primaryimage","url":"https:\/\/buletin.de\/bucuresti\/wp-content\/uploads\/ploaie.png","contentUrl":"https:\/\/buletin.de\/bucuresti\/wp-content\/uploads\/ploaie.png","width":345,"height":261},{"@type":"BreadcrumbList","@id":"https:\/\/buletin.de\/bucuresti\/a-curs-apa-din-tavanul-pasajului-unirii-in-timpul-ploii-torentiale\/#breadcrumb","itemListElement":[{"@type":"ListItem","position":1,"name":"Acas\u0103","item":"https:\/\/buletin.de\/bucuresti\/"},{"@type":"ListItem","position":2,"name":"A curs ap\u0103 din tavanul Pasajului Unirii \u00een timpul ploii toren\u021biale"}]},{"@type":"WebSite","@id":"https:\/\/buletin.de\/bucuresti\/#website","url":"https:\/\/buletin.de\/bucuresti\/","name":"Buletin de Bucure\u0219ti","description":"\u0218tiri \u0219i investiga\u021bii esen\u021biale din capital\u0103","publisher":{"@id":"https:\/\/buletin.de\/bucuresti\/#organization"},"potentialAction":[{"@type":"SearchAction","target":{"@type":"EntryPoint","urlTemplate":"https:\/\/buletin.de\/bucuresti\/?s={search_term_string}"},"query-input":{"@type":"PropertyValueSpecification","valueRequired":true,"valueName":"search_term_string"}}],"inLanguage":"en-GB"},{"@type":"Organization","@id":"https:\/\/buletin.de\/bucuresti\/#organization","name":"Buletin de Bucure\u0219ti","url":"https:\/\/buletin.de\/bucuresti\/","logo":{"@type":"ImageObject","inLanguage":"en-GB","@id":"https:\/\/buletin.de\/bucuresti\/#\/schema\/logo\/image\/","url":"https:\/\/buletin.de\/bucuresti\/wp-content\/uploads\/logo-bdb-full-wide-vernil-transparent.png","contentUrl":"https:\/\/buletin.de\/bucuresti\/wp-content\/uploads\/logo-bdb-full-wide-vernil-transparent.png","width":1782,"height":626,"caption":"Buletin de Bucure\u0219ti"},"image":{"@id":"https:\/\/buletin.de\/bucuresti\/#\/schema\/logo\/image\/"},"sameAs":["https:\/\/www.facebook.com\/buletin.de.buc","https:\/\/www.instagram.com\/buletinde.bucuresti\/"]},{"@type":"Person","@id":"https:\/\/buletin.de\/bucuresti\/#\/schema\/person\/d369d7ddc775abece205795e0b804614","name":"Teodora Stroe","image":{"@type":"ImageObject","inLanguage":"en-GB","@id":"https:\/\/secure.gravatar.com\/avatar\/2560b4cd9f5f1bc100b123158e657d75584bd1c3e1d9c69285720b9457c1b78d?s=96&d=monsterid&r=gc104800242ba5f2d78dd5d7dc4df08b6","url":"https:\/\/secure.gravatar.com\/avatar\/2560b4cd9f5f1bc100b123158e657d75584bd1c3e1d9c69285720b9457c1b78d?s=96&d=monsterid&r=g","contentUrl":"https:\/\/secure.gravatar.com\/avatar\/2560b4cd9f5f1bc100b123158e657d75584bd1c3e1d9c69285720b9457c1b78d?s=96&d=monsterid&r=g","caption":"Teodora Stroe"},"url":"https:\/\/buletin.de\/bucuresti\/author\/simonacarlugea\/"}]}},"authors":[{"term_id":22579,"user_id":18,"is_guest":0,"slug":"simonacarlugea","display_name":"Teodora Stroe","avatar_url":"https:\/\/secure.gravatar.com\/avatar\/2560b4cd9f5f1bc100b123158e657d75584bd1c3e1d9c69285720b9457c1b78d?s=96&d=monsterid&r=g","0":null,"1":"","2":"","3":"","4":"","5":"","6":"","7":"","8":""}],"_links":{"self":[{"href":"https:\/\/buletin.de\/bucuresti\/wp-json\/wp\/v2\/posts\/51481","targetHints":{"allow":["GET"]}}],"collection":[{"href":"https:\/\/buletin.de\/bucuresti\/wp-json\/wp\/v2\/posts"}],"about":[{"href":"https:\/\/buletin.de\/bucuresti\/wp-json\/wp\/v2\/types\/post"}],"author":[{"embeddable":true,"href":"https:\/\/buletin.de\/bucuresti\/wp-json\/wp\/v2\/users\/18"}],"replies":[{"embeddable":true,"href":"https:\/\/buletin.de\/bucuresti\/wp-json\/wp\/v2\/comments?post=51481"}],"version-history":[{"count":3,"href":"https:\/\/buletin.de\/bucuresti\/wp-json\/wp\/v2\/posts\/51481\/revisions"}],"predecessor-version":[{"id":51501,"href":"https:\/\/buletin.de\/bucuresti\/wp-json\/wp\/v2\/posts\/51481\/revisions\/51501"}],"wp:featuredmedia":[{"embeddable":true,"href":"https:\/\/buletin.de\/bucuresti\/wp-json\/wp\/v2\/media\/51487"}],"wp:attachment":[{"href":"https:\/\/buletin.de\/bucuresti\/wp-json\/wp\/v2\/media?parent=51481"}],"wp:term":[{"taxonomy":"category","embeddable":true,"href":"https:\/\/buletin.de\/bucuresti\/wp-json\/wp\/v2\/categories?post=51481"},{"taxonomy":"post_tag","embeddable":true,"href":"https:\/\/buletin.de\/bucuresti\/wp-json\/wp\/v2\/tags?post=51481"},{"taxonomy":"author","embeddable":true,"href":"https:\/\/buletin.de\/bucuresti\/wp-json\/wp\/v2\/ppma_author?post=51481"}],"curies":[{"name":"wp","href":"https:\/\/api.w.org\/{rel}","templated":true}]}}