{"id":51460,"date":"2023-01-11T20:56:32","date_gmt":"2023-01-11T18:56:32","guid":{"rendered":"https:\/\/buletin.de\/bucuresti\/?p=51460"},"modified":"2023-09-19T15:16:52","modified_gmt":"2023-09-19T13:16:52","slug":"interviu-cosmin-politistul-care-a-salvat-o-femeie-din-apele","status":"publish","type":"post","link":"https:\/\/buletin.de\/bucuresti\/interviu-cosmin-politistul-care-a-salvat-o-femeie-din-apele\/","title":{"rendered":"Interviu | Cosmin, poli\u021bistul care a salvat o femeie din apele D\u00e2mbovi\u021bei"},"content":{"rendered":"\n<p>Cosmin Samoil\u0103 este poli\u021bist la Sec\u021bia 26 de Poli\u021bie din Bucure\u0219ti, Biroul de Ordine Public\u0103. Are 51 de ani \u0219i este poli\u021bist de 17 ani. 10 ianuarie a fost, \u00eens\u0103, o zi pe care nu o va uita niciodat\u0103. Din apele aproape \u00eenghe\u021bate ale D\u00e2mbovi\u021bei a salvat o femeie, risc\u00e2ndu-\u0219i propria via\u021b\u0103.<\/p>\n\n\n\n<p>Ast\u0103zi, pe 11 ianuarie, de Ziua Interna\u021bional\u0103 a cuv\u00e2ntului \u201eMul\u021bumesc\u201d, Cosmin ne-a r\u0103spuns la c\u00e2teva \u00eentreb\u0103ri legate de profesia sa. <\/p>\n\n\n\n<figure class=\"wp-block-image size-large\"><img fetchpriority=\"high\" decoding=\"async\" width=\"700\" height=\"900\" src=\"data:image\/gif;base64,R0lGODlhAQABAAAAACH5BAEKAAEALAAAAAABAAEAAAICTAEAOw==\" data-src=\"https:\/\/buletin.de\/bucuresti\/wp-content\/uploads\/324242899_713361740439312_2743084247837770840_n-1-700x900.jpg\" alt=\"\" class=\"wp-image-51462 lazyload\" data-sizes=\"auto\" data-srcset=\"https:\/\/buletin.de\/bucuresti\/wp-content\/uploads\/324242899_713361740439312_2743084247837770840_n-1-700x900.jpg 700w, https:\/\/buletin.de\/bucuresti\/wp-content\/uploads\/324242899_713361740439312_2743084247837770840_n-1-233x300.jpg 233w, https:\/\/buletin.de\/bucuresti\/wp-content\/uploads\/324242899_713361740439312_2743084247837770840_n-1-768x988.jpg 768w, https:\/\/buletin.de\/bucuresti\/wp-content\/uploads\/324242899_713361740439312_2743084247837770840_n-1-1060x1364.jpg 1060w, https:\/\/buletin.de\/bucuresti\/wp-content\/uploads\/324242899_713361740439312_2743084247837770840_n-1-550x708.jpg 550w, https:\/\/buletin.de\/bucuresti\/wp-content\/uploads\/324242899_713361740439312_2743084247837770840_n-1-389x500.jpg 389w, https:\/\/buletin.de\/bucuresti\/wp-content\/uploads\/324242899_713361740439312_2743084247837770840_n-1-839x1080.jpg 839w, https:\/\/buletin.de\/bucuresti\/wp-content\/uploads\/324242899_713361740439312_2743084247837770840_n-1-600x772.jpg 600w, https:\/\/buletin.de\/bucuresti\/wp-content\/uploads\/324242899_713361740439312_2743084247837770840_n-1.jpg 1169w\" sizes=\"(max-width: 700px) 100vw, 700px\" \/><figcaption>Surs\u0103 foto: Facebook, Ministerul Afacerilor Interne <\/figcaption><\/figure>\n\n\n\n<p><strong>Reporter: <\/strong>Sunte\u021bi poli\u021bist de 17 ani. Cum \u0219i de ce a\u021bi ales profesia de poli\u021bist? V-a\u021bi dorit dintotdeauna s\u0103 fi\u021bi poli\u021bist? A fost un vis din copil\u0103rie?<\/p>\n\n\n\n<p><strong>Agent \u0219ef de poli\u021bie Cosmin Samoil\u0103:<\/strong> Din timpul facult\u0103\u021bii m-am g\u00e2ndit s\u0103 aleg aceast\u0103 meserie. \u00cen acel moment, \u00eens\u0103, am ales alt drum. O decizie pe care am regretat-o ulterior. \u00cen momentul \u00een care s-au scos locuri la concurs, atunci am \u0219tiut c\u0103 acesta este drumul meu. \u0218i a\u0219a a fost.<\/p>\n\n\n\n<p><strong>Reporter: <\/strong>Ieri, 10 ianuarie 2023, \u00een timpul misiunii de patrulare, v-a\u021bi riscat via\u021ba pentru a salva o via\u021b\u0103. Este vorba despre cazul femeii care se aruncase \u00een r\u00e2ul D\u00e2mbovi\u021ba pe care a\u021bi salvat-o. Nu a\u021bi stat pe g\u00e2nduri. Nu a\u021bi ezitat nicio clip\u0103. A\u021bi s\u0103rit \u00een ap\u0103 \u0219i a\u021bi salvat-o. Povesti\u021bi-ne, v\u0103 rog, cum a\u021bi tr\u0103it dumneavoastr\u0103 aceast\u0103 experien\u021b\u0103. <\/p>\n\n\n<p><iframe src=\"https:\/\/www.facebook.com\/plugins\/post.php?href=https%3A%2F%2Fwww.facebook.com%2Fministeruldeinterne%2Fposts%2Fpfbid0yFqqTYNXeuV3i76nS8MNBRWMq4MKvA8EgyrpDWpZ2XSqQyGNrMMqrQ8uyS6DTcKjl&amp;show_text=true&amp;width=500\" width=\"500\" height=\"693\" style=\"border:none;overflow:hidden\" scrolling=\"no\" frameborder=\"0\" allowfullscreen=\"true\" allow=\"autoplay; clipboard-write; encrypted-media; picture-in-picture; web-share\"><\/iframe><br \/>\nPovestea salv\u0103rii femeii, care se aruncase \u00een r\u00e2ul D\u00e2mbovi\u021ba, de c\u0103tre poli\u021bistul Cosmin, a fost f\u0103cut\u0103 public\u0103 pe pagina de Facebook a Ministerului Afacerilor Interne. P\u00e2n\u0103 la momentul redact\u0103rii interviului, postarea a primit peste 40 de mii de aprecieri \u0219i mii de comentarii \u0219i distribuiri.<\/p>\n\n\n\n<p><strong>Agent \u0219ef de poli\u021bie Cosmin Samoil\u0103:<\/strong> \u00cen momentul \u00een care am auzit prin sta\u021bie apelul nu am ezitat nicio secund\u0103. Am pornit semnalele acustice \u0219i luminoase \u0219i \u00een dou\u0103 minute am ajuns \u00een locul indicat. Era o situa\u021bie contracronometru. Un om avea nevoie urgent\u0103 de ajutor. Femeia era deja \u00een apa rece a r\u00e2ului D\u00e2mbovi\u021ba. \u00centr-o astfel de situa\u021bie nu ai timp s\u0103 stai pe g\u00e2nduri. Ac\u021bionezi, urgent. Via\u021ba unui om depinde de tine, iar fiecare secund\u0103 conteaz\u0103.<\/p>\n\n\n\n<p><strong>Reporter: <\/strong>Dincolo de calitatea de poli\u021bist pe care o ave\u021bi, dincolo de uniform\u0103, sunte\u021bi om. Au mai fost situa\u021bii asem\u0103n\u0103toare, \u00een care a\u021bi ac\u021bionat imediat pentru a salva alte vie\u021bi, risc\u00e2ndu-v\u0103 propria via\u021b\u0103? Povesti\u021bi-ne un caz\/o situa\u021bie care v-a marcat.<\/p>\n\n\n\n<p><strong>Agent \u0219ef de poli\u021bie Cosmin Samoil\u0103:<\/strong> Fiecare situa\u021bie este unic\u0103. De-a lungul anilor am participat la o mul\u021bime de ac\u021biuni. Niciuna nu a sem\u0103nat cu alta. \u0218i fiecare \u00een parte are riscul ei. Niciodat\u0103 nu \u0219tii ce g\u0103se\u0219ti p\u00e2n\u0103 nu ajungi \u00een locul indicat. Au fost situa\u021bii \u00een care mi-am oferit sprijinul \u0219i \u00een cazul unui incendiu. \u00cen spatele unei u\u0219i blocate mereu poate s\u0103 fie o persoan\u0103 care are nevoie de ajutor. \u0218i \u00een astfel de situa\u021bii nu stai pe g\u00e2nduri. Ac\u021bionezi \u00een limita legii. <\/p>\n\n\n\n<p>\u00cen 17 ani de activitate am avut parte de multe cazuri dramatice. Cu timpul \u00eens\u0103 \u00eenve\u021bi s\u0103 mergi mai departe ca s\u0103-\u021bi po\u021bi face meseria. <\/p>\n\n\n\n<p>Cazul de ieri \u00eens\u0103, a fost un caz pe care nu-l voi uita u\u0219or. \u00cen final am r\u0103mas cu satisfac\u021bia c\u0103 am salvat un om. Am ajuns la timp \u0219i am putut s\u0103-i \u00eentind o m\u00e2n\u0103 de ajutor. Doar asta a contat finalul zilei.<\/p>\n\n\n\n<p><strong>Reporter: <\/strong>Considera\u021bi c\u0103 a fi poli\u021bist este o voca\u021bie? C\u00e2t de mult conteaz\u0103 s\u0103 ai fler \u00een aceast\u0103 profesie?<\/p>\n\n\n\n<p><strong>Agent \u0219ef de poli\u021bie Cosmin Samoil\u0103:<\/strong> Categoric, da. S\u0103 fii poli\u021bist nu e u\u0219or. \u00ce\u021bi asumi riscuri \u0219i nu oricine ar putea s\u0103 reziste. Mai presus de orice \u00eens\u0103, trebuie s\u0103 fii om. Ai nevoie \u0219i de fler \u0219i de voca\u021bie. Dac\u0103 nu le ai nu po\u021bi s\u0103 mergi mai departe.<\/p>\n\n\n\n<p><strong>Reporter:<\/strong> \u00cen final, pute\u021bi transmite un mesaj tinerilor care \u00ee\u0219i doresc s\u0103 devin\u0103 poli\u021bi\u0219ti.<\/p>\n\n\n\n<p><strong>Agent \u0219ef de poli\u021bie Cosmin Samoil\u0103:<\/strong> La orice ac\u021biune ar participa s\u0103 \u00ee\u0219i fac\u0103 treaba c\u00e2t mai bine \u0219i orice s-ar \u00eent\u00e2mpla, indiferent de obstacolele pe care le vor \u00eent\u00e2lni pe parcursul drumului, s\u0103 r\u0103m\u00e2n\u0103 oameni.<\/p>\n","protected":false},"excerpt":{"rendered":"<p>Cosmin Samoil\u0103 este poli\u021bist la Sec\u021bia 26 de Poli\u021bie din Bucure\u0219ti, Biroul de Ordine Public\u0103. Are 51 de ani \u0219i este poli\u021bist de 17 ani. 10 ianuarie a fost, \u00eens\u0103, o zi pe care nu o va uita niciodat\u0103. Din apele aproape \u00eenghe\u021bate ale D\u00e2mbovi\u021bei a salvat o femeie, risc\u00e2ndu-\u0219i propria via\u021b\u0103. Ast\u0103zi, pe 11 [&hellip;]<\/p>\n","protected":false},"author":46,"featured_media":51498,"comment_status":"closed","ping_status":"open","sticky":false,"template":"","format":"standard","meta":{"_acf_changed":false,"inline_featured_image":false,"ngg_post_thumbnail":0,"footnotes":""},"categories":[3238,62],"tags":[],"ppma_author":[22605],"class_list":["post-51460","post","type-post","status-publish","format-standard","has-post-thumbnail","hentry","category-interviu","category-stiri"],"acf":[],"yoast_head":"<!-- This site is optimized with the Yoast SEO Premium plugin v25.3 (Yoast SEO v27.4) - https:\/\/yoast.com\/product\/yoast-seo-premium-wordpress\/ -->\n<title>Interviu | Cosmin, poli\u021bistul care a salvat o femeie din apele D\u00e2mbovi\u021bei - Buletin de Bucure\u0219ti<\/title>\n<meta name=\"robots\" content=\"index, follow, max-snippet:-1, max-image-preview:large, max-video-preview:-1\" \/>\n<link rel=\"canonical\" href=\"https:\/\/buletin.de\/bucuresti\/interviu-cosmin-politistul-care-a-salvat-o-femeie-din-apele\/\" \/>\n<meta property=\"og:locale\" content=\"en_GB\" \/>\n<meta property=\"og:type\" content=\"article\" \/>\n<meta property=\"og:title\" content=\"Interviu | Cosmin, poli\u021bistul care a salvat o femeie din apele D\u00e2mbovi\u021bei\" \/>\n<meta property=\"og:description\" content=\"Cosmin Samoil\u0103 este poli\u021bist la Sec\u021bia 26 de Poli\u021bie din Bucure\u0219ti, Biroul de Ordine Public\u0103. Are 51 de ani \u0219i este poli\u021bist de 17 ani. 10 ianuarie a fost, \u00eens\u0103, o zi pe care nu o va uita niciodat\u0103. Din apele aproape \u00eenghe\u021bate ale D\u00e2mbovi\u021bei a salvat o femeie, risc\u00e2ndu-\u0219i propria via\u021b\u0103. Ast\u0103zi, pe 11 [&hellip;]\" \/>\n<meta property=\"og:url\" content=\"https:\/\/buletin.de\/bucuresti\/interviu-cosmin-politistul-care-a-salvat-o-femeie-din-apele\/\" \/>\n<meta property=\"og:site_name\" content=\"Buletin de Bucure\u0219ti\" \/>\n<meta property=\"article:publisher\" content=\"https:\/\/www.facebook.com\/buletin.de.buc\" \/>\n<meta property=\"article:published_time\" content=\"2023-01-11T18:56:32+00:00\" \/>\n<meta property=\"article:modified_time\" content=\"2023-09-19T13:16:52+00:00\" \/>\n<meta property=\"og:image\" content=\"https:\/\/buletin.de\/bucuresti\/wp-content\/uploads\/F8786A59-718A-41F0-AE3B-14DCC2D58EDF.jpeg\" \/>\n\t<meta property=\"og:image:width\" content=\"1169\" \/>\n\t<meta property=\"og:image:height\" content=\"928\" \/>\n\t<meta property=\"og:image:type\" content=\"image\/jpeg\" \/>\n<meta name=\"author\" content=\"Andreea Gelatu\" \/>\n<meta name=\"twitter:card\" content=\"summary_large_image\" \/>\n<meta name=\"twitter:label1\" content=\"Written by\" \/>\n\t<meta name=\"twitter:data1\" content=\"Andreea Gelatu\" \/>\n\t<meta name=\"twitter:label2\" content=\"Estimated reading time\" \/>\n\t<meta name=\"twitter:data2\" content=\"4 minutes\" \/>\n<script type=\"application\/ld+json\" class=\"yoast-schema-graph\">{\"@context\":\"https:\\\/\\\/schema.org\",\"@graph\":[{\"@type\":\"Article\",\"@id\":\"https:\\\/\\\/buletin.de\\\/bucuresti\\\/interviu-cosmin-politistul-care-a-salvat-o-femeie-din-apele\\\/#article\",\"isPartOf\":{\"@id\":\"https:\\\/\\\/buletin.de\\\/bucuresti\\\/interviu-cosmin-politistul-care-a-salvat-o-femeie-din-apele\\\/\"},\"author\":{\"name\":\"Andreea Gelatu\",\"@id\":\"https:\\\/\\\/buletin.de\\\/bucuresti\\\/#\\\/schema\\\/person\\\/87734700b2c7f8608881f7e93b8834de\"},\"headline\":\"Interviu | Cosmin, poli\u021bistul care a salvat o femeie din apele D\u00e2mbovi\u021bei\",\"datePublished\":\"2023-01-11T18:56:32+00:00\",\"dateModified\":\"2023-09-19T13:16:52+00:00\",\"mainEntityOfPage\":{\"@id\":\"https:\\\/\\\/buletin.de\\\/bucuresti\\\/interviu-cosmin-politistul-care-a-salvat-o-femeie-din-apele\\\/\"},\"wordCount\":774,\"publisher\":{\"@id\":\"https:\\\/\\\/buletin.de\\\/bucuresti\\\/#organization\"},\"image\":{\"@id\":\"https:\\\/\\\/buletin.de\\\/bucuresti\\\/interviu-cosmin-politistul-care-a-salvat-o-femeie-din-apele\\\/#primaryimage\"},\"thumbnailUrl\":\"https:\\\/\\\/buletin.de\\\/bucuresti\\\/wp-content\\\/uploads\\\/F8786A59-718A-41F0-AE3B-14DCC2D58EDF.jpeg\",\"articleSection\":[\"Interviu\",\"\u0218tiri\"],\"inLanguage\":\"en-GB\",\"copyrightYear\":\"2023\",\"copyrightHolder\":{\"@id\":\"https:\\\/\\\/buletin.de\\\/bucuresti\\\/#organization\"}},{\"@type\":\"WebPage\",\"@id\":\"https:\\\/\\\/buletin.de\\\/bucuresti\\\/interviu-cosmin-politistul-care-a-salvat-o-femeie-din-apele\\\/\",\"url\":\"https:\\\/\\\/buletin.de\\\/bucuresti\\\/interviu-cosmin-politistul-care-a-salvat-o-femeie-din-apele\\\/\",\"name\":\"Interviu | Cosmin, poli\u021bistul care a salvat o femeie din apele D\u00e2mbovi\u021bei - Buletin de Bucure\u0219ti\",\"isPartOf\":{\"@id\":\"https:\\\/\\\/buletin.de\\\/bucuresti\\\/#website\"},\"primaryImageOfPage\":{\"@id\":\"https:\\\/\\\/buletin.de\\\/bucuresti\\\/interviu-cosmin-politistul-care-a-salvat-o-femeie-din-apele\\\/#primaryimage\"},\"image\":{\"@id\":\"https:\\\/\\\/buletin.de\\\/bucuresti\\\/interviu-cosmin-politistul-care-a-salvat-o-femeie-din-apele\\\/#primaryimage\"},\"thumbnailUrl\":\"https:\\\/\\\/buletin.de\\\/bucuresti\\\/wp-content\\\/uploads\\\/F8786A59-718A-41F0-AE3B-14DCC2D58EDF.jpeg\",\"datePublished\":\"2023-01-11T18:56:32+00:00\",\"dateModified\":\"2023-09-19T13:16:52+00:00\",\"breadcrumb\":{\"@id\":\"https:\\\/\\\/buletin.de\\\/bucuresti\\\/interviu-cosmin-politistul-care-a-salvat-o-femeie-din-apele\\\/#breadcrumb\"},\"inLanguage\":\"en-GB\",\"potentialAction\":[{\"@type\":\"ReadAction\",\"target\":[\"https:\\\/\\\/buletin.de\\\/bucuresti\\\/interviu-cosmin-politistul-care-a-salvat-o-femeie-din-apele\\\/\"]}]},{\"@type\":\"ImageObject\",\"inLanguage\":\"en-GB\",\"@id\":\"https:\\\/\\\/buletin.de\\\/bucuresti\\\/interviu-cosmin-politistul-care-a-salvat-o-femeie-din-apele\\\/#primaryimage\",\"url\":\"https:\\\/\\\/buletin.de\\\/bucuresti\\\/wp-content\\\/uploads\\\/F8786A59-718A-41F0-AE3B-14DCC2D58EDF.jpeg\",\"contentUrl\":\"https:\\\/\\\/buletin.de\\\/bucuresti\\\/wp-content\\\/uploads\\\/F8786A59-718A-41F0-AE3B-14DCC2D58EDF.jpeg\",\"width\":1169,\"height\":928},{\"@type\":\"BreadcrumbList\",\"@id\":\"https:\\\/\\\/buletin.de\\\/bucuresti\\\/interviu-cosmin-politistul-care-a-salvat-o-femeie-din-apele\\\/#breadcrumb\",\"itemListElement\":[{\"@type\":\"ListItem\",\"position\":1,\"name\":\"Acas\u0103\",\"item\":\"https:\\\/\\\/buletin.de\\\/bucuresti\\\/\"},{\"@type\":\"ListItem\",\"position\":2,\"name\":\"Interviu | Cosmin, poli\u021bistul care a salvat o femeie din apele D\u00e2mbovi\u021bei\"}]},{\"@type\":\"WebSite\",\"@id\":\"https:\\\/\\\/buletin.de\\\/bucuresti\\\/#website\",\"url\":\"https:\\\/\\\/buletin.de\\\/bucuresti\\\/\",\"name\":\"Buletin de Bucure\u0219ti\",\"description\":\"\u0218tiri \u0219i investiga\u021bii esen\u021biale din capital\u0103\",\"publisher\":{\"@id\":\"https:\\\/\\\/buletin.de\\\/bucuresti\\\/#organization\"},\"potentialAction\":[{\"@type\":\"SearchAction\",\"target\":{\"@type\":\"EntryPoint\",\"urlTemplate\":\"https:\\\/\\\/buletin.de\\\/bucuresti\\\/?s={search_term_string}\"},\"query-input\":{\"@type\":\"PropertyValueSpecification\",\"valueRequired\":true,\"valueName\":\"search_term_string\"}}],\"inLanguage\":\"en-GB\"},{\"@type\":\"Organization\",\"@id\":\"https:\\\/\\\/buletin.de\\\/bucuresti\\\/#organization\",\"name\":\"Buletin de Bucure\u0219ti\",\"url\":\"https:\\\/\\\/buletin.de\\\/bucuresti\\\/\",\"logo\":{\"@type\":\"ImageObject\",\"inLanguage\":\"en-GB\",\"@id\":\"https:\\\/\\\/buletin.de\\\/bucuresti\\\/#\\\/schema\\\/logo\\\/image\\\/\",\"url\":\"https:\\\/\\\/buletin.de\\\/bucuresti\\\/wp-content\\\/uploads\\\/logo-bdb-full-wide-vernil-transparent.png\",\"contentUrl\":\"https:\\\/\\\/buletin.de\\\/bucuresti\\\/wp-content\\\/uploads\\\/logo-bdb-full-wide-vernil-transparent.png\",\"width\":1782,\"height\":626,\"caption\":\"Buletin de Bucure\u0219ti\"},\"image\":{\"@id\":\"https:\\\/\\\/buletin.de\\\/bucuresti\\\/#\\\/schema\\\/logo\\\/image\\\/\"},\"sameAs\":[\"https:\\\/\\\/www.facebook.com\\\/buletin.de.buc\",\"https:\\\/\\\/www.instagram.com\\\/buletinde.bucuresti\\\/\"]},{\"@type\":\"Person\",\"@id\":\"https:\\\/\\\/buletin.de\\\/bucuresti\\\/#\\\/schema\\\/person\\\/87734700b2c7f8608881f7e93b8834de\",\"name\":\"Andreea Gelatu\",\"image\":{\"@type\":\"ImageObject\",\"inLanguage\":\"en-GB\",\"@id\":\"https:\\\/\\\/secure.gravatar.com\\\/avatar\\\/b716eca2f984b9b65bdd87118b4b909d940b619cbe6e8cb725fe11c1b1f4194f?s=96&d=monsterid&r=g9b5eff4996c6b842a29b3057a7b4746f\",\"url\":\"https:\\\/\\\/secure.gravatar.com\\\/avatar\\\/b716eca2f984b9b65bdd87118b4b909d940b619cbe6e8cb725fe11c1b1f4194f?s=96&d=monsterid&r=g\",\"contentUrl\":\"https:\\\/\\\/secure.gravatar.com\\\/avatar\\\/b716eca2f984b9b65bdd87118b4b909d940b619cbe6e8cb725fe11c1b1f4194f?s=96&d=monsterid&r=g\",\"caption\":\"Andreea Gelatu\"},\"url\":\"https:\\\/\\\/buletin.de\\\/bucuresti\\\/author\\\/andreeagelatu\\\/\"}]}<\/script>\n<!-- \/ Yoast SEO Premium plugin. -->","yoast_head_json":{"title":"Interviu | Cosmin, poli\u021bistul care a salvat o femeie din apele D\u00e2mbovi\u021bei - Buletin de Bucure\u0219ti","robots":{"index":"index","follow":"follow","max-snippet":"max-snippet:-1","max-image-preview":"max-image-preview:large","max-video-preview":"max-video-preview:-1"},"canonical":"https:\/\/buletin.de\/bucuresti\/interviu-cosmin-politistul-care-a-salvat-o-femeie-din-apele\/","og_locale":"en_GB","og_type":"article","og_title":"Interviu | Cosmin, poli\u021bistul care a salvat o femeie din apele D\u00e2mbovi\u021bei","og_description":"Cosmin Samoil\u0103 este poli\u021bist la Sec\u021bia 26 de Poli\u021bie din Bucure\u0219ti, Biroul de Ordine Public\u0103. Are 51 de ani \u0219i este poli\u021bist de 17 ani. 10 ianuarie a fost, \u00eens\u0103, o zi pe care nu o va uita niciodat\u0103. Din apele aproape \u00eenghe\u021bate ale D\u00e2mbovi\u021bei a salvat o femeie, risc\u00e2ndu-\u0219i propria via\u021b\u0103. Ast\u0103zi, pe 11 [&hellip;]","og_url":"https:\/\/buletin.de\/bucuresti\/interviu-cosmin-politistul-care-a-salvat-o-femeie-din-apele\/","og_site_name":"Buletin de Bucure\u0219ti","article_publisher":"https:\/\/www.facebook.com\/buletin.de.buc","article_published_time":"2023-01-11T18:56:32+00:00","article_modified_time":"2023-09-19T13:16:52+00:00","og_image":[{"width":1169,"height":928,"url":"https:\/\/buletin.de\/bucuresti\/wp-content\/uploads\/F8786A59-718A-41F0-AE3B-14DCC2D58EDF.jpeg","type":"image\/jpeg"}],"author":"Andreea Gelatu","twitter_card":"summary_large_image","twitter_misc":{"Written by":"Andreea Gelatu","Estimated reading time":"4 minutes"},"schema":{"@context":"https:\/\/schema.org","@graph":[{"@type":"Article","@id":"https:\/\/buletin.de\/bucuresti\/interviu-cosmin-politistul-care-a-salvat-o-femeie-din-apele\/#article","isPartOf":{"@id":"https:\/\/buletin.de\/bucuresti\/interviu-cosmin-politistul-care-a-salvat-o-femeie-din-apele\/"},"author":{"name":"Andreea Gelatu","@id":"https:\/\/buletin.de\/bucuresti\/#\/schema\/person\/87734700b2c7f8608881f7e93b8834de"},"headline":"Interviu | Cosmin, poli\u021bistul care a salvat o femeie din apele D\u00e2mbovi\u021bei","datePublished":"2023-01-11T18:56:32+00:00","dateModified":"2023-09-19T13:16:52+00:00","mainEntityOfPage":{"@id":"https:\/\/buletin.de\/bucuresti\/interviu-cosmin-politistul-care-a-salvat-o-femeie-din-apele\/"},"wordCount":774,"publisher":{"@id":"https:\/\/buletin.de\/bucuresti\/#organization"},"image":{"@id":"https:\/\/buletin.de\/bucuresti\/interviu-cosmin-politistul-care-a-salvat-o-femeie-din-apele\/#primaryimage"},"thumbnailUrl":"https:\/\/buletin.de\/bucuresti\/wp-content\/uploads\/F8786A59-718A-41F0-AE3B-14DCC2D58EDF.jpeg","articleSection":["Interviu","\u0218tiri"],"inLanguage":"en-GB","copyrightYear":"2023","copyrightHolder":{"@id":"https:\/\/buletin.de\/bucuresti\/#organization"}},{"@type":"WebPage","@id":"https:\/\/buletin.de\/bucuresti\/interviu-cosmin-politistul-care-a-salvat-o-femeie-din-apele\/","url":"https:\/\/buletin.de\/bucuresti\/interviu-cosmin-politistul-care-a-salvat-o-femeie-din-apele\/","name":"Interviu | Cosmin, poli\u021bistul care a salvat o femeie din apele D\u00e2mbovi\u021bei - Buletin de Bucure\u0219ti","isPartOf":{"@id":"https:\/\/buletin.de\/bucuresti\/#website"},"primaryImageOfPage":{"@id":"https:\/\/buletin.de\/bucuresti\/interviu-cosmin-politistul-care-a-salvat-o-femeie-din-apele\/#primaryimage"},"image":{"@id":"https:\/\/buletin.de\/bucuresti\/interviu-cosmin-politistul-care-a-salvat-o-femeie-din-apele\/#primaryimage"},"thumbnailUrl":"https:\/\/buletin.de\/bucuresti\/wp-content\/uploads\/F8786A59-718A-41F0-AE3B-14DCC2D58EDF.jpeg","datePublished":"2023-01-11T18:56:32+00:00","dateModified":"2023-09-19T13:16:52+00:00","breadcrumb":{"@id":"https:\/\/buletin.de\/bucuresti\/interviu-cosmin-politistul-care-a-salvat-o-femeie-din-apele\/#breadcrumb"},"inLanguage":"en-GB","potentialAction":[{"@type":"ReadAction","target":["https:\/\/buletin.de\/bucuresti\/interviu-cosmin-politistul-care-a-salvat-o-femeie-din-apele\/"]}]},{"@type":"ImageObject","inLanguage":"en-GB","@id":"https:\/\/buletin.de\/bucuresti\/interviu-cosmin-politistul-care-a-salvat-o-femeie-din-apele\/#primaryimage","url":"https:\/\/buletin.de\/bucuresti\/wp-content\/uploads\/F8786A59-718A-41F0-AE3B-14DCC2D58EDF.jpeg","contentUrl":"https:\/\/buletin.de\/bucuresti\/wp-content\/uploads\/F8786A59-718A-41F0-AE3B-14DCC2D58EDF.jpeg","width":1169,"height":928},{"@type":"BreadcrumbList","@id":"https:\/\/buletin.de\/bucuresti\/interviu-cosmin-politistul-care-a-salvat-o-femeie-din-apele\/#breadcrumb","itemListElement":[{"@type":"ListItem","position":1,"name":"Acas\u0103","item":"https:\/\/buletin.de\/bucuresti\/"},{"@type":"ListItem","position":2,"name":"Interviu | Cosmin, poli\u021bistul care a salvat o femeie din apele D\u00e2mbovi\u021bei"}]},{"@type":"WebSite","@id":"https:\/\/buletin.de\/bucuresti\/#website","url":"https:\/\/buletin.de\/bucuresti\/","name":"Buletin de Bucure\u0219ti","description":"\u0218tiri \u0219i investiga\u021bii esen\u021biale din capital\u0103","publisher":{"@id":"https:\/\/buletin.de\/bucuresti\/#organization"},"potentialAction":[{"@type":"SearchAction","target":{"@type":"EntryPoint","urlTemplate":"https:\/\/buletin.de\/bucuresti\/?s={search_term_string}"},"query-input":{"@type":"PropertyValueSpecification","valueRequired":true,"valueName":"search_term_string"}}],"inLanguage":"en-GB"},{"@type":"Organization","@id":"https:\/\/buletin.de\/bucuresti\/#organization","name":"Buletin de Bucure\u0219ti","url":"https:\/\/buletin.de\/bucuresti\/","logo":{"@type":"ImageObject","inLanguage":"en-GB","@id":"https:\/\/buletin.de\/bucuresti\/#\/schema\/logo\/image\/","url":"https:\/\/buletin.de\/bucuresti\/wp-content\/uploads\/logo-bdb-full-wide-vernil-transparent.png","contentUrl":"https:\/\/buletin.de\/bucuresti\/wp-content\/uploads\/logo-bdb-full-wide-vernil-transparent.png","width":1782,"height":626,"caption":"Buletin de Bucure\u0219ti"},"image":{"@id":"https:\/\/buletin.de\/bucuresti\/#\/schema\/logo\/image\/"},"sameAs":["https:\/\/www.facebook.com\/buletin.de.buc","https:\/\/www.instagram.com\/buletinde.bucuresti\/"]},{"@type":"Person","@id":"https:\/\/buletin.de\/bucuresti\/#\/schema\/person\/87734700b2c7f8608881f7e93b8834de","name":"Andreea Gelatu","image":{"@type":"ImageObject","inLanguage":"en-GB","@id":"https:\/\/secure.gravatar.com\/avatar\/b716eca2f984b9b65bdd87118b4b909d940b619cbe6e8cb725fe11c1b1f4194f?s=96&d=monsterid&r=g9b5eff4996c6b842a29b3057a7b4746f","url":"https:\/\/secure.gravatar.com\/avatar\/b716eca2f984b9b65bdd87118b4b909d940b619cbe6e8cb725fe11c1b1f4194f?s=96&d=monsterid&r=g","contentUrl":"https:\/\/secure.gravatar.com\/avatar\/b716eca2f984b9b65bdd87118b4b909d940b619cbe6e8cb725fe11c1b1f4194f?s=96&d=monsterid&r=g","caption":"Andreea Gelatu"},"url":"https:\/\/buletin.de\/bucuresti\/author\/andreeagelatu\/"}]}},"authors":[{"term_id":22605,"user_id":46,"is_guest":0,"slug":"andreeagelatu","display_name":"Andreea Gelatu","avatar_url":"https:\/\/secure.gravatar.com\/avatar\/b716eca2f984b9b65bdd87118b4b909d940b619cbe6e8cb725fe11c1b1f4194f?s=96&d=monsterid&r=g","0":null,"1":"","2":"","3":"","4":"","5":"","6":"","7":"","8":""}],"_links":{"self":[{"href":"https:\/\/buletin.de\/bucuresti\/wp-json\/wp\/v2\/posts\/51460","targetHints":{"allow":["GET"]}}],"collection":[{"href":"https:\/\/buletin.de\/bucuresti\/wp-json\/wp\/v2\/posts"}],"about":[{"href":"https:\/\/buletin.de\/bucuresti\/wp-json\/wp\/v2\/types\/post"}],"author":[{"embeddable":true,"href":"https:\/\/buletin.de\/bucuresti\/wp-json\/wp\/v2\/users\/46"}],"replies":[{"embeddable":true,"href":"https:\/\/buletin.de\/bucuresti\/wp-json\/wp\/v2\/comments?post=51460"}],"version-history":[{"count":16,"href":"https:\/\/buletin.de\/bucuresti\/wp-json\/wp\/v2\/posts\/51460\/revisions"}],"predecessor-version":[{"id":51499,"href":"https:\/\/buletin.de\/bucuresti\/wp-json\/wp\/v2\/posts\/51460\/revisions\/51499"}],"wp:featuredmedia":[{"embeddable":true,"href":"https:\/\/buletin.de\/bucuresti\/wp-json\/wp\/v2\/media\/51498"}],"wp:attachment":[{"href":"https:\/\/buletin.de\/bucuresti\/wp-json\/wp\/v2\/media?parent=51460"}],"wp:term":[{"taxonomy":"category","embeddable":true,"href":"https:\/\/buletin.de\/bucuresti\/wp-json\/wp\/v2\/categories?post=51460"},{"taxonomy":"post_tag","embeddable":true,"href":"https:\/\/buletin.de\/bucuresti\/wp-json\/wp\/v2\/tags?post=51460"},{"taxonomy":"author","embeddable":true,"href":"https:\/\/buletin.de\/bucuresti\/wp-json\/wp\/v2\/ppma_author?post=51460"}],"curies":[{"name":"wp","href":"https:\/\/api.w.org\/{rel}","templated":true}]}}