{"id":51453,"date":"2023-01-11T18:59:25","date_gmt":"2023-01-11T16:59:25","guid":{"rendered":"https:\/\/buletin.de\/bucuresti\/?p=51453"},"modified":"2023-01-11T18:59:25","modified_gmt":"2023-01-11T16:59:25","slug":"soferita-care-a-accidentat-mortal-doua-fete-in-zona-andronache-condamnata-definitiv-la-4-ani-si-6-luni-de-inchisoare","status":"publish","type":"post","link":"https:\/\/buletin.de\/bucuresti\/soferita-care-a-accidentat-mortal-doua-fete-in-zona-andronache-condamnata-definitiv-la-4-ani-si-6-luni-de-inchisoare\/","title":{"rendered":"\u0218oferi\u021ba care a accidentat mortal dou\u0103 fete \u00een zona Andronache, condamnat\u0103 definitiv la 4 ani \u0219i 6 luni de \u00eenchisoare"},"content":{"rendered":"\n<p>Curtea de Apel Bucure\u0219ti (CAB) a condamnat-o definitiv miercuri, 11 ianuarie 2023, pe \u0219oferi\u021ba care a accidentat mortal dou\u0103 fete \u00een zona Andronache din Capital\u0103 la 4 ani \u0219i 6 luni de \u00eenchisoare cu executare.<\/p>\n\n\n\n<p>CAB a respins apelul \u015foferi\u0163ei \u015fi a men\u0163inut sentin\u0163a aplicat\u0103 \u00een august 2022 de Tribunalul Bucure\u015fti. Conform deciziei, Marcela Leonte a primit 4 ani pentru s\u0103v\u00e2r\u015firea infrac\u0163iunii de ucidere din culp\u0103 \u015fi 1 an \u015fi 6 luni pentru s\u0103v\u00e2r\u015firea infrac\u0163iunii de conducere a unui vehicul pe drumurile publice sub influen\u0163a alcoolului sau a altor substan\u0163e. Cele dou\u0103 pedepse au fost contopite \u015fi, prin aplicarea unui spor, a rezultat 4 ani \u015fi 6 luni \u00eenchisoare cu executare.<\/p>\n\n\n\n<p>Pe latur\u0103 civil\u0103, judec\u0103torii au decis ca SC Asigurare Reasigurare City Insurance SA (companie aflat\u0103 \u00een faliment) s\u0103 pl\u0103teasc\u0103, prin lichidator judiciar CITR filiala Cluj SPRL, peste 800.000 de euro reprezent\u00e2nd daune morale \u015fi materiale, c\u0103tre \u015fase p\u0103r\u0163i civile din dosar (membri familiilor celor dou\u0103 fete).<\/p>\n\n\n\n<p>Pe 27 februarie 2021, o feti\u0163\u0103 de 6 ani \u015fi o fat\u0103 de 20 ani au murit \u00een urma unui <a href=\"https:\/\/buletin.de\/bucuresti\/accident-grav-in-capitala-doua-fete-si-au-pierdut-viata\/\">accident rutier<\/a> care a avut loc pe strada Men\u021biunii din Sectorul 2 al Capitalei. O \u0219oferi\u021b\u0103&nbsp;a pierdut controlul ma\u0219inii, a intrat \u00eentr-un st\u00e2lp, apoi \u00een gardul unei case, unde le-a lovit pe cele dou\u0103 fete. \u00cen urma accidentului, \u0219oferi\u021ba \u0219i cel\u0103lalt pasager al automobilului au fost agresa\u021bi de c\u0103tre locuitorii din zon\u0103.<\/p>\n\n\n\n<p>\u0218oferi\u0163a le-ar fi declarat poli\u021bi\u0219tilor c\u0103 are permis de conducere de mai mult\u0103 vreme, \u00eens\u0103 nu conduce constant \u015fi nu avea experien\u0163\u0103 pe o ma\u015fin\u0103 av\u00e2nd cutie automat\u0103 de viteze. \u00cen acea zi s-ar fi urcat la volan pentru c\u0103 so\u0163ul ei consumase b\u0103uturi alcoolice. La un moment dat, ar fi \u00eencurcat pedalele ma\u015finii \u015fi ar fi ap\u0103sat pe accelera\u0163ie \u00een loc de fr\u00e2n\u0103. A ajuns cu ma\u015fina pe trotuar, unde le-a accidentat mortal pe cele dou\u0103 fete. <\/p>\n\n\n\n<p>De\u0219i a declarat c\u0103 nu a consumat b\u0103uturi alcoolice \u0219i a refuzat s\u0103 fie testat\u0103 cu aparatul etilotest, femeii i-au fost prelevate probe biologice. Conform rezultatelor de la INML, la momentul producerii accidentului, femeia avea 1,25 g\/l alcool pur \u00een s\u00e2nge.<\/p>\n\n\n\n<p>Surs\u0103 foto cover: Agerpres<\/p>\n","protected":false},"excerpt":{"rendered":"<p>Curtea de Apel Bucure\u0219ti (CAB) a condamnat-o definitiv miercuri, 11 ianuarie 2023, pe \u0219oferi\u021ba care a accidentat mortal dou\u0103 fete \u00een zona Andronache din Capital\u0103 la 4 ani \u0219i 6 luni de \u00eenchisoare cu executare. CAB a respins apelul \u015foferi\u0163ei \u015fi a men\u0163inut sentin\u0163a aplicat\u0103 \u00een august 2022 de Tribunalul Bucure\u015fti. Conform deciziei, Marcela Leonte [&hellip;]<\/p>\n","protected":false},"author":46,"featured_media":51454,"comment_status":"closed","ping_status":"open","sticky":false,"template":"","format":"standard","meta":{"_acf_changed":false,"inline_featured_image":false,"ngg_post_thumbnail":0,"footnotes":""},"categories":[62],"tags":[],"ppma_author":[22605],"class_list":["post-51453","post","type-post","status-publish","format-standard","has-post-thumbnail","hentry","category-stiri"],"acf":[],"yoast_head":"<!-- This site is optimized with the Yoast SEO Premium plugin v25.3 (Yoast SEO v27.4) - https:\/\/yoast.com\/product\/yoast-seo-premium-wordpress\/ -->\n<title>\u0218oferi\u021ba care a accidentat mortal dou\u0103 fete \u00een zona Andronache, condamnat\u0103 definitiv la 4 ani \u0219i 6 luni de \u00eenchisoare - Buletin de Bucure\u0219ti<\/title>\n<meta name=\"robots\" content=\"index, follow, max-snippet:-1, max-image-preview:large, max-video-preview:-1\" \/>\n<link rel=\"canonical\" href=\"https:\/\/buletin.de\/bucuresti\/soferita-care-a-accidentat-mortal-doua-fete-in-zona-andronache-condamnata-definitiv-la-4-ani-si-6-luni-de-inchisoare\/\" \/>\n<meta property=\"og:locale\" content=\"en_GB\" \/>\n<meta property=\"og:type\" content=\"article\" \/>\n<meta property=\"og:title\" content=\"\u0218oferi\u021ba care a accidentat mortal dou\u0103 fete \u00een zona Andronache, condamnat\u0103 definitiv la 4 ani \u0219i 6 luni de \u00eenchisoare\" \/>\n<meta property=\"og:description\" content=\"Curtea de Apel Bucure\u0219ti (CAB) a condamnat-o definitiv miercuri, 11 ianuarie 2023, pe \u0219oferi\u021ba care a accidentat mortal dou\u0103 fete \u00een zona Andronache din Capital\u0103 la 4 ani \u0219i 6 luni de \u00eenchisoare cu executare. CAB a respins apelul \u015foferi\u0163ei \u015fi a men\u0163inut sentin\u0163a aplicat\u0103 \u00een august 2022 de Tribunalul Bucure\u015fti. Conform deciziei, Marcela Leonte [&hellip;]\" \/>\n<meta property=\"og:url\" content=\"https:\/\/buletin.de\/bucuresti\/soferita-care-a-accidentat-mortal-doua-fete-in-zona-andronache-condamnata-definitiv-la-4-ani-si-6-luni-de-inchisoare\/\" \/>\n<meta property=\"og:site_name\" content=\"Buletin de Bucure\u0219ti\" \/>\n<meta property=\"article:publisher\" content=\"https:\/\/www.facebook.com\/buletin.de.buc\" \/>\n<meta property=\"article:published_time\" content=\"2023-01-11T16:59:25+00:00\" \/>\n<meta property=\"og:image\" content=\"https:\/\/buletin.de\/bucuresti\/wp-content\/uploads\/11404984.jpg\" \/>\n\t<meta property=\"og:image:width\" content=\"1000\" \/>\n\t<meta property=\"og:image:height\" content=\"666\" \/>\n\t<meta property=\"og:image:type\" content=\"image\/jpeg\" \/>\n<meta name=\"author\" content=\"Andreea Gelatu\" \/>\n<meta name=\"twitter:card\" content=\"summary_large_image\" \/>\n<meta name=\"twitter:label1\" content=\"Written by\" \/>\n\t<meta name=\"twitter:data1\" content=\"Andreea Gelatu\" \/>\n\t<meta name=\"twitter:label2\" content=\"Estimated reading time\" \/>\n\t<meta name=\"twitter:data2\" content=\"2 minutes\" \/>\n<script type=\"application\/ld+json\" class=\"yoast-schema-graph\">{\"@context\":\"https:\\\/\\\/schema.org\",\"@graph\":[{\"@type\":\"Article\",\"@id\":\"https:\\\/\\\/buletin.de\\\/bucuresti\\\/soferita-care-a-accidentat-mortal-doua-fete-in-zona-andronache-condamnata-definitiv-la-4-ani-si-6-luni-de-inchisoare\\\/#article\",\"isPartOf\":{\"@id\":\"https:\\\/\\\/buletin.de\\\/bucuresti\\\/soferita-care-a-accidentat-mortal-doua-fete-in-zona-andronache-condamnata-definitiv-la-4-ani-si-6-luni-de-inchisoare\\\/\"},\"author\":{\"name\":\"Andreea Gelatu\",\"@id\":\"https:\\\/\\\/buletin.de\\\/bucuresti\\\/#\\\/schema\\\/person\\\/87734700b2c7f8608881f7e93b8834de\"},\"headline\":\"\u0218oferi\u021ba care a accidentat mortal dou\u0103 fete \u00een zona Andronache, condamnat\u0103 definitiv la 4 ani \u0219i 6 luni de \u00eenchisoare\",\"datePublished\":\"2023-01-11T16:59:25+00:00\",\"mainEntityOfPage\":{\"@id\":\"https:\\\/\\\/buletin.de\\\/bucuresti\\\/soferita-care-a-accidentat-mortal-doua-fete-in-zona-andronache-condamnata-definitiv-la-4-ani-si-6-luni-de-inchisoare\\\/\"},\"wordCount\":401,\"publisher\":{\"@id\":\"https:\\\/\\\/buletin.de\\\/bucuresti\\\/#organization\"},\"image\":{\"@id\":\"https:\\\/\\\/buletin.de\\\/bucuresti\\\/soferita-care-a-accidentat-mortal-doua-fete-in-zona-andronache-condamnata-definitiv-la-4-ani-si-6-luni-de-inchisoare\\\/#primaryimage\"},\"thumbnailUrl\":\"https:\\\/\\\/buletin.de\\\/bucuresti\\\/wp-content\\\/uploads\\\/11404984.jpg\",\"articleSection\":[\"\u0218tiri\"],\"inLanguage\":\"en-GB\",\"copyrightYear\":\"2023\",\"copyrightHolder\":{\"@id\":\"https:\\\/\\\/buletin.de\\\/bucuresti\\\/#organization\"}},{\"@type\":\"WebPage\",\"@id\":\"https:\\\/\\\/buletin.de\\\/bucuresti\\\/soferita-care-a-accidentat-mortal-doua-fete-in-zona-andronache-condamnata-definitiv-la-4-ani-si-6-luni-de-inchisoare\\\/\",\"url\":\"https:\\\/\\\/buletin.de\\\/bucuresti\\\/soferita-care-a-accidentat-mortal-doua-fete-in-zona-andronache-condamnata-definitiv-la-4-ani-si-6-luni-de-inchisoare\\\/\",\"name\":\"\u0218oferi\u021ba care a accidentat mortal dou\u0103 fete \u00een zona Andronache, condamnat\u0103 definitiv la 4 ani \u0219i 6 luni de \u00eenchisoare - Buletin de Bucure\u0219ti\",\"isPartOf\":{\"@id\":\"https:\\\/\\\/buletin.de\\\/bucuresti\\\/#website\"},\"primaryImageOfPage\":{\"@id\":\"https:\\\/\\\/buletin.de\\\/bucuresti\\\/soferita-care-a-accidentat-mortal-doua-fete-in-zona-andronache-condamnata-definitiv-la-4-ani-si-6-luni-de-inchisoare\\\/#primaryimage\"},\"image\":{\"@id\":\"https:\\\/\\\/buletin.de\\\/bucuresti\\\/soferita-care-a-accidentat-mortal-doua-fete-in-zona-andronache-condamnata-definitiv-la-4-ani-si-6-luni-de-inchisoare\\\/#primaryimage\"},\"thumbnailUrl\":\"https:\\\/\\\/buletin.de\\\/bucuresti\\\/wp-content\\\/uploads\\\/11404984.jpg\",\"datePublished\":\"2023-01-11T16:59:25+00:00\",\"breadcrumb\":{\"@id\":\"https:\\\/\\\/buletin.de\\\/bucuresti\\\/soferita-care-a-accidentat-mortal-doua-fete-in-zona-andronache-condamnata-definitiv-la-4-ani-si-6-luni-de-inchisoare\\\/#breadcrumb\"},\"inLanguage\":\"en-GB\",\"potentialAction\":[{\"@type\":\"ReadAction\",\"target\":[\"https:\\\/\\\/buletin.de\\\/bucuresti\\\/soferita-care-a-accidentat-mortal-doua-fete-in-zona-andronache-condamnata-definitiv-la-4-ani-si-6-luni-de-inchisoare\\\/\"]}]},{\"@type\":\"ImageObject\",\"inLanguage\":\"en-GB\",\"@id\":\"https:\\\/\\\/buletin.de\\\/bucuresti\\\/soferita-care-a-accidentat-mortal-doua-fete-in-zona-andronache-condamnata-definitiv-la-4-ani-si-6-luni-de-inchisoare\\\/#primaryimage\",\"url\":\"https:\\\/\\\/buletin.de\\\/bucuresti\\\/wp-content\\\/uploads\\\/11404984.jpg\",\"contentUrl\":\"https:\\\/\\\/buletin.de\\\/bucuresti\\\/wp-content\\\/uploads\\\/11404984.jpg\",\"width\":1000,\"height\":666},{\"@type\":\"BreadcrumbList\",\"@id\":\"https:\\\/\\\/buletin.de\\\/bucuresti\\\/soferita-care-a-accidentat-mortal-doua-fete-in-zona-andronache-condamnata-definitiv-la-4-ani-si-6-luni-de-inchisoare\\\/#breadcrumb\",\"itemListElement\":[{\"@type\":\"ListItem\",\"position\":1,\"name\":\"Acas\u0103\",\"item\":\"https:\\\/\\\/buletin.de\\\/bucuresti\\\/\"},{\"@type\":\"ListItem\",\"position\":2,\"name\":\"\u0218oferi\u021ba care a accidentat mortal dou\u0103 fete \u00een zona Andronache, condamnat\u0103 definitiv la 4 ani \u0219i 6 luni de \u00eenchisoare\"}]},{\"@type\":\"WebSite\",\"@id\":\"https:\\\/\\\/buletin.de\\\/bucuresti\\\/#website\",\"url\":\"https:\\\/\\\/buletin.de\\\/bucuresti\\\/\",\"name\":\"Buletin de Bucure\u0219ti\",\"description\":\"\u0218tiri \u0219i investiga\u021bii esen\u021biale din capital\u0103\",\"publisher\":{\"@id\":\"https:\\\/\\\/buletin.de\\\/bucuresti\\\/#organization\"},\"potentialAction\":[{\"@type\":\"SearchAction\",\"target\":{\"@type\":\"EntryPoint\",\"urlTemplate\":\"https:\\\/\\\/buletin.de\\\/bucuresti\\\/?s={search_term_string}\"},\"query-input\":{\"@type\":\"PropertyValueSpecification\",\"valueRequired\":true,\"valueName\":\"search_term_string\"}}],\"inLanguage\":\"en-GB\"},{\"@type\":\"Organization\",\"@id\":\"https:\\\/\\\/buletin.de\\\/bucuresti\\\/#organization\",\"name\":\"Buletin de Bucure\u0219ti\",\"url\":\"https:\\\/\\\/buletin.de\\\/bucuresti\\\/\",\"logo\":{\"@type\":\"ImageObject\",\"inLanguage\":\"en-GB\",\"@id\":\"https:\\\/\\\/buletin.de\\\/bucuresti\\\/#\\\/schema\\\/logo\\\/image\\\/\",\"url\":\"https:\\\/\\\/buletin.de\\\/bucuresti\\\/wp-content\\\/uploads\\\/logo-bdb-full-wide-vernil-transparent.png\",\"contentUrl\":\"https:\\\/\\\/buletin.de\\\/bucuresti\\\/wp-content\\\/uploads\\\/logo-bdb-full-wide-vernil-transparent.png\",\"width\":1782,\"height\":626,\"caption\":\"Buletin de Bucure\u0219ti\"},\"image\":{\"@id\":\"https:\\\/\\\/buletin.de\\\/bucuresti\\\/#\\\/schema\\\/logo\\\/image\\\/\"},\"sameAs\":[\"https:\\\/\\\/www.facebook.com\\\/buletin.de.buc\",\"https:\\\/\\\/www.instagram.com\\\/buletinde.bucuresti\\\/\"]},{\"@type\":\"Person\",\"@id\":\"https:\\\/\\\/buletin.de\\\/bucuresti\\\/#\\\/schema\\\/person\\\/87734700b2c7f8608881f7e93b8834de\",\"name\":\"Andreea Gelatu\",\"image\":{\"@type\":\"ImageObject\",\"inLanguage\":\"en-GB\",\"@id\":\"https:\\\/\\\/secure.gravatar.com\\\/avatar\\\/b716eca2f984b9b65bdd87118b4b909d940b619cbe6e8cb725fe11c1b1f4194f?s=96&d=monsterid&r=g9b5eff4996c6b842a29b3057a7b4746f\",\"url\":\"https:\\\/\\\/secure.gravatar.com\\\/avatar\\\/b716eca2f984b9b65bdd87118b4b909d940b619cbe6e8cb725fe11c1b1f4194f?s=96&d=monsterid&r=g\",\"contentUrl\":\"https:\\\/\\\/secure.gravatar.com\\\/avatar\\\/b716eca2f984b9b65bdd87118b4b909d940b619cbe6e8cb725fe11c1b1f4194f?s=96&d=monsterid&r=g\",\"caption\":\"Andreea Gelatu\"},\"url\":\"https:\\\/\\\/buletin.de\\\/bucuresti\\\/author\\\/andreeagelatu\\\/\"}]}<\/script>\n<!-- \/ Yoast SEO Premium plugin. -->","yoast_head_json":{"title":"\u0218oferi\u021ba care a accidentat mortal dou\u0103 fete \u00een zona Andronache, condamnat\u0103 definitiv la 4 ani \u0219i 6 luni de \u00eenchisoare - Buletin de Bucure\u0219ti","robots":{"index":"index","follow":"follow","max-snippet":"max-snippet:-1","max-image-preview":"max-image-preview:large","max-video-preview":"max-video-preview:-1"},"canonical":"https:\/\/buletin.de\/bucuresti\/soferita-care-a-accidentat-mortal-doua-fete-in-zona-andronache-condamnata-definitiv-la-4-ani-si-6-luni-de-inchisoare\/","og_locale":"en_GB","og_type":"article","og_title":"\u0218oferi\u021ba care a accidentat mortal dou\u0103 fete \u00een zona Andronache, condamnat\u0103 definitiv la 4 ani \u0219i 6 luni de \u00eenchisoare","og_description":"Curtea de Apel Bucure\u0219ti (CAB) a condamnat-o definitiv miercuri, 11 ianuarie 2023, pe \u0219oferi\u021ba care a accidentat mortal dou\u0103 fete \u00een zona Andronache din Capital\u0103 la 4 ani \u0219i 6 luni de \u00eenchisoare cu executare. CAB a respins apelul \u015foferi\u0163ei \u015fi a men\u0163inut sentin\u0163a aplicat\u0103 \u00een august 2022 de Tribunalul Bucure\u015fti. Conform deciziei, Marcela Leonte [&hellip;]","og_url":"https:\/\/buletin.de\/bucuresti\/soferita-care-a-accidentat-mortal-doua-fete-in-zona-andronache-condamnata-definitiv-la-4-ani-si-6-luni-de-inchisoare\/","og_site_name":"Buletin de Bucure\u0219ti","article_publisher":"https:\/\/www.facebook.com\/buletin.de.buc","article_published_time":"2023-01-11T16:59:25+00:00","og_image":[{"width":1000,"height":666,"url":"https:\/\/buletin.de\/bucuresti\/wp-content\/uploads\/11404984.jpg","type":"image\/jpeg"}],"author":"Andreea Gelatu","twitter_card":"summary_large_image","twitter_misc":{"Written by":"Andreea Gelatu","Estimated reading time":"2 minutes"},"schema":{"@context":"https:\/\/schema.org","@graph":[{"@type":"Article","@id":"https:\/\/buletin.de\/bucuresti\/soferita-care-a-accidentat-mortal-doua-fete-in-zona-andronache-condamnata-definitiv-la-4-ani-si-6-luni-de-inchisoare\/#article","isPartOf":{"@id":"https:\/\/buletin.de\/bucuresti\/soferita-care-a-accidentat-mortal-doua-fete-in-zona-andronache-condamnata-definitiv-la-4-ani-si-6-luni-de-inchisoare\/"},"author":{"name":"Andreea Gelatu","@id":"https:\/\/buletin.de\/bucuresti\/#\/schema\/person\/87734700b2c7f8608881f7e93b8834de"},"headline":"\u0218oferi\u021ba care a accidentat mortal dou\u0103 fete \u00een zona Andronache, condamnat\u0103 definitiv la 4 ani \u0219i 6 luni de \u00eenchisoare","datePublished":"2023-01-11T16:59:25+00:00","mainEntityOfPage":{"@id":"https:\/\/buletin.de\/bucuresti\/soferita-care-a-accidentat-mortal-doua-fete-in-zona-andronache-condamnata-definitiv-la-4-ani-si-6-luni-de-inchisoare\/"},"wordCount":401,"publisher":{"@id":"https:\/\/buletin.de\/bucuresti\/#organization"},"image":{"@id":"https:\/\/buletin.de\/bucuresti\/soferita-care-a-accidentat-mortal-doua-fete-in-zona-andronache-condamnata-definitiv-la-4-ani-si-6-luni-de-inchisoare\/#primaryimage"},"thumbnailUrl":"https:\/\/buletin.de\/bucuresti\/wp-content\/uploads\/11404984.jpg","articleSection":["\u0218tiri"],"inLanguage":"en-GB","copyrightYear":"2023","copyrightHolder":{"@id":"https:\/\/buletin.de\/bucuresti\/#organization"}},{"@type":"WebPage","@id":"https:\/\/buletin.de\/bucuresti\/soferita-care-a-accidentat-mortal-doua-fete-in-zona-andronache-condamnata-definitiv-la-4-ani-si-6-luni-de-inchisoare\/","url":"https:\/\/buletin.de\/bucuresti\/soferita-care-a-accidentat-mortal-doua-fete-in-zona-andronache-condamnata-definitiv-la-4-ani-si-6-luni-de-inchisoare\/","name":"\u0218oferi\u021ba care a accidentat mortal dou\u0103 fete \u00een zona Andronache, condamnat\u0103 definitiv la 4 ani \u0219i 6 luni de \u00eenchisoare - Buletin de Bucure\u0219ti","isPartOf":{"@id":"https:\/\/buletin.de\/bucuresti\/#website"},"primaryImageOfPage":{"@id":"https:\/\/buletin.de\/bucuresti\/soferita-care-a-accidentat-mortal-doua-fete-in-zona-andronache-condamnata-definitiv-la-4-ani-si-6-luni-de-inchisoare\/#primaryimage"},"image":{"@id":"https:\/\/buletin.de\/bucuresti\/soferita-care-a-accidentat-mortal-doua-fete-in-zona-andronache-condamnata-definitiv-la-4-ani-si-6-luni-de-inchisoare\/#primaryimage"},"thumbnailUrl":"https:\/\/buletin.de\/bucuresti\/wp-content\/uploads\/11404984.jpg","datePublished":"2023-01-11T16:59:25+00:00","breadcrumb":{"@id":"https:\/\/buletin.de\/bucuresti\/soferita-care-a-accidentat-mortal-doua-fete-in-zona-andronache-condamnata-definitiv-la-4-ani-si-6-luni-de-inchisoare\/#breadcrumb"},"inLanguage":"en-GB","potentialAction":[{"@type":"ReadAction","target":["https:\/\/buletin.de\/bucuresti\/soferita-care-a-accidentat-mortal-doua-fete-in-zona-andronache-condamnata-definitiv-la-4-ani-si-6-luni-de-inchisoare\/"]}]},{"@type":"ImageObject","inLanguage":"en-GB","@id":"https:\/\/buletin.de\/bucuresti\/soferita-care-a-accidentat-mortal-doua-fete-in-zona-andronache-condamnata-definitiv-la-4-ani-si-6-luni-de-inchisoare\/#primaryimage","url":"https:\/\/buletin.de\/bucuresti\/wp-content\/uploads\/11404984.jpg","contentUrl":"https:\/\/buletin.de\/bucuresti\/wp-content\/uploads\/11404984.jpg","width":1000,"height":666},{"@type":"BreadcrumbList","@id":"https:\/\/buletin.de\/bucuresti\/soferita-care-a-accidentat-mortal-doua-fete-in-zona-andronache-condamnata-definitiv-la-4-ani-si-6-luni-de-inchisoare\/#breadcrumb","itemListElement":[{"@type":"ListItem","position":1,"name":"Acas\u0103","item":"https:\/\/buletin.de\/bucuresti\/"},{"@type":"ListItem","position":2,"name":"\u0218oferi\u021ba care a accidentat mortal dou\u0103 fete \u00een zona Andronache, condamnat\u0103 definitiv la 4 ani \u0219i 6 luni de \u00eenchisoare"}]},{"@type":"WebSite","@id":"https:\/\/buletin.de\/bucuresti\/#website","url":"https:\/\/buletin.de\/bucuresti\/","name":"Buletin de Bucure\u0219ti","description":"\u0218tiri \u0219i investiga\u021bii esen\u021biale din capital\u0103","publisher":{"@id":"https:\/\/buletin.de\/bucuresti\/#organization"},"potentialAction":[{"@type":"SearchAction","target":{"@type":"EntryPoint","urlTemplate":"https:\/\/buletin.de\/bucuresti\/?s={search_term_string}"},"query-input":{"@type":"PropertyValueSpecification","valueRequired":true,"valueName":"search_term_string"}}],"inLanguage":"en-GB"},{"@type":"Organization","@id":"https:\/\/buletin.de\/bucuresti\/#organization","name":"Buletin de Bucure\u0219ti","url":"https:\/\/buletin.de\/bucuresti\/","logo":{"@type":"ImageObject","inLanguage":"en-GB","@id":"https:\/\/buletin.de\/bucuresti\/#\/schema\/logo\/image\/","url":"https:\/\/buletin.de\/bucuresti\/wp-content\/uploads\/logo-bdb-full-wide-vernil-transparent.png","contentUrl":"https:\/\/buletin.de\/bucuresti\/wp-content\/uploads\/logo-bdb-full-wide-vernil-transparent.png","width":1782,"height":626,"caption":"Buletin de Bucure\u0219ti"},"image":{"@id":"https:\/\/buletin.de\/bucuresti\/#\/schema\/logo\/image\/"},"sameAs":["https:\/\/www.facebook.com\/buletin.de.buc","https:\/\/www.instagram.com\/buletinde.bucuresti\/"]},{"@type":"Person","@id":"https:\/\/buletin.de\/bucuresti\/#\/schema\/person\/87734700b2c7f8608881f7e93b8834de","name":"Andreea Gelatu","image":{"@type":"ImageObject","inLanguage":"en-GB","@id":"https:\/\/secure.gravatar.com\/avatar\/b716eca2f984b9b65bdd87118b4b909d940b619cbe6e8cb725fe11c1b1f4194f?s=96&d=monsterid&r=g9b5eff4996c6b842a29b3057a7b4746f","url":"https:\/\/secure.gravatar.com\/avatar\/b716eca2f984b9b65bdd87118b4b909d940b619cbe6e8cb725fe11c1b1f4194f?s=96&d=monsterid&r=g","contentUrl":"https:\/\/secure.gravatar.com\/avatar\/b716eca2f984b9b65bdd87118b4b909d940b619cbe6e8cb725fe11c1b1f4194f?s=96&d=monsterid&r=g","caption":"Andreea Gelatu"},"url":"https:\/\/buletin.de\/bucuresti\/author\/andreeagelatu\/"}]}},"authors":[{"term_id":22605,"user_id":46,"is_guest":0,"slug":"andreeagelatu","display_name":"Andreea Gelatu","avatar_url":"https:\/\/secure.gravatar.com\/avatar\/b716eca2f984b9b65bdd87118b4b909d940b619cbe6e8cb725fe11c1b1f4194f?s=96&d=monsterid&r=g","0":null,"1":"","2":"","3":"","4":"","5":"","6":"","7":"","8":""}],"_links":{"self":[{"href":"https:\/\/buletin.de\/bucuresti\/wp-json\/wp\/v2\/posts\/51453","targetHints":{"allow":["GET"]}}],"collection":[{"href":"https:\/\/buletin.de\/bucuresti\/wp-json\/wp\/v2\/posts"}],"about":[{"href":"https:\/\/buletin.de\/bucuresti\/wp-json\/wp\/v2\/types\/post"}],"author":[{"embeddable":true,"href":"https:\/\/buletin.de\/bucuresti\/wp-json\/wp\/v2\/users\/46"}],"replies":[{"embeddable":true,"href":"https:\/\/buletin.de\/bucuresti\/wp-json\/wp\/v2\/comments?post=51453"}],"version-history":[{"count":3,"href":"https:\/\/buletin.de\/bucuresti\/wp-json\/wp\/v2\/posts\/51453\/revisions"}],"predecessor-version":[{"id":51465,"href":"https:\/\/buletin.de\/bucuresti\/wp-json\/wp\/v2\/posts\/51453\/revisions\/51465"}],"wp:featuredmedia":[{"embeddable":true,"href":"https:\/\/buletin.de\/bucuresti\/wp-json\/wp\/v2\/media\/51454"}],"wp:attachment":[{"href":"https:\/\/buletin.de\/bucuresti\/wp-json\/wp\/v2\/media?parent=51453"}],"wp:term":[{"taxonomy":"category","embeddable":true,"href":"https:\/\/buletin.de\/bucuresti\/wp-json\/wp\/v2\/categories?post=51453"},{"taxonomy":"post_tag","embeddable":true,"href":"https:\/\/buletin.de\/bucuresti\/wp-json\/wp\/v2\/tags?post=51453"},{"taxonomy":"author","embeddable":true,"href":"https:\/\/buletin.de\/bucuresti\/wp-json\/wp\/v2\/ppma_author?post=51453"}],"curies":[{"name":"wp","href":"https:\/\/api.w.org\/{rel}","templated":true}]}}