{"id":51397,"date":"2023-01-11T09:13:53","date_gmt":"2023-01-11T07:13:53","guid":{"rendered":"https:\/\/buletin.de\/bucuresti\/?p=51397"},"modified":"2023-01-11T10:05:34","modified_gmt":"2023-01-11T08:05:34","slug":"apa-potabila-si-canalizarea-se-scumpesc-in-22-de-localitati-din-ilfov-cu-pana-la-34","status":"publish","type":"post","link":"https:\/\/buletin.de\/bucuresti\/apa-potabila-si-canalizarea-se-scumpesc-in-22-de-localitati-din-ilfov-cu-pana-la-34\/","title":{"rendered":"Apa potabil\u0103 \u0219i canalizarea se scumpesc \u00een 22 de localit\u0103\u021bi din Ilfov cu p\u00e2n\u0103 la 34%"},"content":{"rendered":"\n<p><strong>Ap\u0103 Ilfov, operatorul regional al serviciului public de alimentare cu ap\u0103 \u015fi de canalizare \u00een 22 localit\u0103\u0163i din Jude\u0163ul Ilfov, a anun\u021bat majorarea tarifelor \u00eencep\u00e2nd cu luna februarie. Decizia a fost aprobat\u0103 deja de Autoritatea Na\u021bional\u0103 de Reglementare pentru Serviciile Comunitare de Utilit\u0103\u021bi Publice.<\/strong><\/p>\n\n\n\n<p>Noile tarife practicate \u00eencepand cu luna februarie 2023 vor fi de 6,80 lei metrul cub f\u0103r\u0103 T.V.A. pentru apa potabil\u0103 \u0219i de 7,24 lei metrul cub f\u0103r\u0103 T.V.A. pentru serviciile de canalizare-epurare.<\/p>\n\n\n\n<p>\u00cen cazul serviciilor publice de alimentare cu ap\u0103 \u015fi de canalizare se aplic\u0103 o tax\u0103 pe valoare ad\u0103ugat\u0103 de 9%, astfel c\u0103 pre\u021burile pe care le vor pl\u0103ti ilfovenii \u00een urma facturilor majorate vor fi de <strong>7,41 lei metrul cub pentru ap\u0103 de la robinet<\/strong> \u0219i <strong>7,89 lei per metru cub pentru ca aceasta s\u0103 fie deversat\u0103 \u00een canalizare<\/strong>.<\/p>\n\n\n\n<p>Fa\u021b\u0103 de anul trecut, tarifele anun\u021bate sunt mai mari cu 33,9%, respectiv 34,1% iar fa\u021b\u0103 de 2021 cu 67% pentru apa potabil\u0103, respectiv 53% pentru canalizare.<\/p>\n\n\n\n<div class=\"infogram-embed\" data-id=\"022a9e7e-d378-434d-9452-744f3fb01b49\" data-type=\"interactive\" data-title=\"Preturi Apa Ilfov\"><\/div><script>!function(e,i,n,s){var t=\"InfogramEmbeds\",d=e.getElementsByTagName(\"script\")[0];if(window[t]&&window[t].initialized)window[t].process&&window[t].process();else if(!e.getElementById(n)){var o=e.createElement(\"script\");o.async=1,o.id=n,o.src=\"https:\/\/e.infogram.com\/js\/dist\/embed-loader-min.js\",d.parentNode.insertBefore(o,d)}}(document,0,\"infogram-async\");<\/script>\n\n\n\n<p>\u201c<em>Modific\u0103rile de pre\u021b\/tarife au fost aprobate de Autoritatea Na\u021bional\u0103 de Reglementare pentru Serviciile Comunitare de Utilit\u0103\u021bi Publice prin decizia cu num\u0103rul nr.01\/05.01.2023, \u00een conformitate cu <strong>strategia de tarifare inclus\u0103 \u00een analiza cost beneficiu a contractului de finan\u021bare pentru Proiectul Regional de Dezvoltare a Infrastructurii de Ap\u0103 \u0219i Ap\u0103 Uzat\u0103 \u00een jude\u021bul Ilfov<\/strong><\/em>\u201d, au anun\u021bat reprezentan\u021bii companiei.<\/p>\n\n\n\n<p>Cum <a href=\"https:\/\/www.bloc-sistem.ro\/default\/index\/download\/?fisier=consum_teoretic.pdf\">consumul mediu, teoretic, al unei persoane \u00een Rom\u00e2nia este de 6,3 metri cubi pe luna<\/a>, un calcul simplu arat\u0103 c\u0103 o familie cu trei membri din Ilfov ar urma s\u0103 pl\u0103teasc\u0103 aproximativ 289 de lei pe lun\u0103 pentru un consum de 18,9 metri cubi de ap\u0103.<\/p>\n\n\n\n<h2 class=\"wp-block-heading\">Zorii unui r\u0103zboi de uzur\u0103<\/h2>\n\n\n\n<p>Noile tarife nemul\u021bumesc o parte dintre autorit\u0103\u021bile locale din Ilfov. Spre exemplu, \u00een comuna Balote\u0219ti, Consiliul Local a respins prin vot noile cre\u0219teri \u0219i l-a mandatat pe primarul Cristian \u0218tefan Pretorian(PSD) s\u0103 negocieze tarifele cu operatorul Ap\u0103 Canal Ilfov.<\/p>\n\n\n\n<iframe src=\"https:\/\/www.facebook.com\/plugins\/post.php?href=https%3A%2F%2Fwww.facebook.com%2Fprimariacomuneibalotesti%2Fposts%2Fpfbid02VARiYWpvx3zHwZ3gzhggQJHx4ueeeSLQXzWKYrA8BBHUJqMg33KqkaVrxduPD3DCl&amp;show_text=true&amp;width=500\" width=\"500\" height=\"524\" style=\"border:none;overflow:hidden\" scrolling=\"no\" frameborder=\"0\" allowfullscreen=\"true\" allow=\"autoplay; clipboard-write; encrypted-media; picture-in-picture; web-share\"><\/iframe>\n\n\n\n<p>O situa\u021bie similar\u0103 este \u0219i \u00een comuna Peri\u0219. Acolo, primarul Anghel Albu(PNL) a fost mandat s\u0103 ob\u021bin\u0103 o analiz\u0103 a politicii tarifare \u00een vederea am\u00e2n\u0103rii noilor cre\u0219teri.<\/p>\n\n\n\n<p>\u201c<em>Eu am f\u0103cut o \u00een\u0219tiin\u021bare pentru cet\u0103\u021beni \u0219i am tras semnale de alarm\u0103 \u00eenc\u0103 de anul trecut. La noi sistemul de ap\u0103-canal e f\u0103cut de Consiliul Local a\u0219a c\u0103 nu se justifica aceast\u0103 majorare. \u00cent\u00e2i ar trebui f\u0103cute investi\u021biile planificate, s\u0103 vedem ni\u0219te rezultate, \u0219i abia ulterior s\u0103 se aplice majorarea. Cel mai probabil domnul primar va ob\u021bine o am\u00e2nare a acestei cre\u0219teri. Cert e c\u0103 aceste tarife nu vor fi aplicate \u00eencep\u00e2nd cu luna februarie<\/em>\u201d, a explicat pentru Buletin de Bucure\u0219ti <a href=\"https:\/\/www.facebook.com\/LeocanLaPrimarie\">consilierul local Cristian Leocan(USR).<\/a><\/p>\n\n\n\n<p>Ap\u0103 Ilfov este Operator Regional al serviciului public de alimentare cu ap\u0103 \u015fi de canalizare \u00een 22 localit\u0103\u0163i din Jude\u0163ul Ilfov, respectiv Pantelimon, Bragadiru, Cornetu, Ciorog\u00e2rla, Domne\u015fti, Br\u0103ne\u015fti, Cernica, Dobroe\u015fti, Balote\u015fti, Ciolpani, Glina, Tunari, Mogo\u0219oaia, M\u0103gurele, Jilava, Clinceni, Moara Vl\u0103siei, Gr\u0103di\u0219tea, Peri\u0219, Dragomire\u0219ti Vale, Vidra \u0219i Snagov.<\/p>\n\n\n\n<p>Compania este controlat\u0103 de Consiliul Jude\u021bean Ilfov(98%), de ora\u0219ele Bragadiru(0,3%) \u0219i Pantelimon(0,3%) \u0219i de comunele Br\u0103ne\u0219ti(0,1%), Cernica(0,1%), Ciorog\u00e2rla(0,1%), Cornetu(0,1%), Dobroe\u0219ti(0,1%) \u0219i Domne\u0219ti(0,1%).<\/p>\n\n\n\n<p>Prin compara\u021bie, tarifele practicate \u00een Bucure\u0219ti de c\u0103tre Apa Nova sunt de 5,22 lei pentru un metru cub de ap\u0103 potabil\u0103, respectiv 2,75 lei pentru un metru cub deversat \u00een canalizare. Ambele tarife con\u021bin T.V.A. de 9%.<\/p>\n\n\n\n<p>Surs\u0103 FOTO: <a href=\"https:\/\/www.facebook.com\/OperatorRegional\">facebook\/Apa Ilfov<\/a><\/p>\n","protected":false},"excerpt":{"rendered":"<p>Ap\u0103 Ilfov, operatorul regional al serviciului public de alimentare cu ap\u0103 \u015fi de canalizare \u00een 22 localit\u0103\u0163i din Jude\u0163ul Ilfov, a anun\u021bat majorarea tarifelor \u00eencep\u00e2nd cu luna februarie. Decizia a fost aprobat\u0103 deja de Autoritatea Na\u021bional\u0103 de Reglementare pentru Serviciile Comunitare de Utilit\u0103\u021bi Publice. Noile tarife practicate \u00eencepand cu luna februarie 2023 vor fi de [&hellip;]<\/p>\n","protected":false},"author":10,"featured_media":51400,"comment_status":"closed","ping_status":"open","sticky":false,"template":"","format":"standard","meta":{"_acf_changed":false,"inline_featured_image":false,"ngg_post_thumbnail":0,"footnotes":""},"categories":[3419,62],"tags":[5165,1581,3169,1720,2515,5167,1761,1883,2511,2437,1759,5169,2457,2854,820,5168,1785,2961,2059,3563,1545,819,5166,2655,2565,1653,3401],"ppma_author":[22575],"class_list":["post-51397","post","type-post","status-publish","format-standard","has-post-thumbnail","hentry","category-featured","category-stiri","tag-apa-ilfov","tag-balotesti","tag-branesti-2","tag-canalizare","tag-cernica","tag-ciopani","tag-ciorogarla","tag-clinceni","tag-cornetu","tag-dobroesti","tag-domnesti-2","tag-dragomiresti-2","tag-glina","tag-gradistea","tag-ilfov","tag-jilava","tag-magurele-2","tag-majorare","tag-moara-vlasiei","tag-mogosoaia-2","tag-pantelimon","tag-peris","tag-pret-apa","tag-snagov","tag-tarife","tag-tunari","tag-vidra"],"acf":[],"yoast_head":"<!-- This site is optimized with the Yoast SEO Premium plugin v25.3 (Yoast SEO v27.4) - https:\/\/yoast.com\/product\/yoast-seo-premium-wordpress\/ -->\n<title>Apa potabil\u0103 \u0219i canalizarea se scumpesc \u00een 22 de localit\u0103\u021bi din Ilfov cu p\u00e2n\u0103 la 34% - Buletin de Bucure\u0219ti<\/title>\n<meta name=\"robots\" content=\"index, follow, max-snippet:-1, max-image-preview:large, max-video-preview:-1\" \/>\n<link rel=\"canonical\" href=\"https:\/\/buletin.de\/bucuresti\/apa-potabila-si-canalizarea-se-scumpesc-in-22-de-localitati-din-ilfov-cu-pana-la-34\/\" \/>\n<meta property=\"og:locale\" content=\"en_GB\" \/>\n<meta property=\"og:type\" content=\"article\" \/>\n<meta property=\"og:title\" content=\"Apa potabil\u0103 \u0219i canalizarea se scumpesc \u00een 22 de localit\u0103\u021bi din Ilfov cu p\u00e2n\u0103 la 34%\" \/>\n<meta property=\"og:description\" content=\"Ap\u0103 Ilfov, operatorul regional al serviciului public de alimentare cu ap\u0103 \u015fi de canalizare \u00een 22 localit\u0103\u0163i din Jude\u0163ul Ilfov, a anun\u021bat majorarea tarifelor \u00eencep\u00e2nd cu luna februarie. Decizia a fost aprobat\u0103 deja de Autoritatea Na\u021bional\u0103 de Reglementare pentru Serviciile Comunitare de Utilit\u0103\u021bi Publice. Noile tarife practicate \u00eencepand cu luna februarie 2023 vor fi de [&hellip;]\" \/>\n<meta property=\"og:url\" content=\"https:\/\/buletin.de\/bucuresti\/apa-potabila-si-canalizarea-se-scumpesc-in-22-de-localitati-din-ilfov-cu-pana-la-34\/\" \/>\n<meta property=\"og:site_name\" content=\"Buletin de Bucure\u0219ti\" \/>\n<meta property=\"article:publisher\" content=\"https:\/\/www.facebook.com\/buletin.de.buc\" \/>\n<meta property=\"article:published_time\" content=\"2023-01-11T07:13:53+00:00\" \/>\n<meta property=\"article:modified_time\" content=\"2023-01-11T08:05:34+00:00\" \/>\n<meta property=\"og:image\" content=\"https:\/\/buletin.de\/bucuresti\/wp-content\/uploads\/315637137_192570486637378_2697746938603404596_n.jpg\" \/>\n\t<meta property=\"og:image:width\" content=\"1440\" \/>\n\t<meta property=\"og:image:height\" content=\"662\" \/>\n\t<meta property=\"og:image:type\" content=\"image\/jpeg\" \/>\n<meta name=\"author\" content=\"C\u0103t\u0103lin Dosca\u0219\" \/>\n<meta name=\"twitter:card\" content=\"summary_large_image\" \/>\n<meta name=\"twitter:label1\" content=\"Written by\" \/>\n\t<meta name=\"twitter:data1\" content=\"C\u0103t\u0103lin Dosca\u0219\" \/>\n\t<meta name=\"twitter:label2\" content=\"Estimated reading time\" \/>\n\t<meta name=\"twitter:data2\" content=\"3 minutes\" \/>\n<script type=\"application\/ld+json\" class=\"yoast-schema-graph\">{\"@context\":\"https:\\\/\\\/schema.org\",\"@graph\":[{\"@type\":\"Article\",\"@id\":\"https:\\\/\\\/buletin.de\\\/bucuresti\\\/apa-potabila-si-canalizarea-se-scumpesc-in-22-de-localitati-din-ilfov-cu-pana-la-34\\\/#article\",\"isPartOf\":{\"@id\":\"https:\\\/\\\/buletin.de\\\/bucuresti\\\/apa-potabila-si-canalizarea-se-scumpesc-in-22-de-localitati-din-ilfov-cu-pana-la-34\\\/\"},\"author\":{\"name\":\"C\u0103t\u0103lin Dosca\u0219\",\"@id\":\"https:\\\/\\\/buletin.de\\\/bucuresti\\\/#\\\/schema\\\/person\\\/31117187ed4d0bdb0a4c7d6acc79d0f8\"},\"headline\":\"Apa potabil\u0103 \u0219i canalizarea se scumpesc \u00een 22 de localit\u0103\u021bi din Ilfov cu p\u00e2n\u0103 la 34%\",\"datePublished\":\"2023-01-11T07:13:53+00:00\",\"dateModified\":\"2023-01-11T08:05:34+00:00\",\"mainEntityOfPage\":{\"@id\":\"https:\\\/\\\/buletin.de\\\/bucuresti\\\/apa-potabila-si-canalizarea-se-scumpesc-in-22-de-localitati-din-ilfov-cu-pana-la-34\\\/\"},\"wordCount\":612,\"publisher\":{\"@id\":\"https:\\\/\\\/buletin.de\\\/bucuresti\\\/#organization\"},\"image\":{\"@id\":\"https:\\\/\\\/buletin.de\\\/bucuresti\\\/apa-potabila-si-canalizarea-se-scumpesc-in-22-de-localitati-din-ilfov-cu-pana-la-34\\\/#primaryimage\"},\"thumbnailUrl\":\"https:\\\/\\\/buletin.de\\\/bucuresti\\\/wp-content\\\/uploads\\\/315637137_192570486637378_2697746938603404596_n.jpg\",\"keywords\":[\"apa ilfov\",\"balotesti\",\"branesti\",\"canalizare\",\"cernica\",\"ciopani\",\"ciorogarla\",\"clinceni\",\"Cornetu\",\"dobroesti\",\"domnesti\",\"Dragomiresti\",\"Glina\",\"gradistea\",\"Ilfov\",\"jilava\",\"magurele\",\"majorare\",\"Moara Vlasiei\",\"mogosoaia\",\"Pantelimon\",\"peris\",\"pret apa\",\"snagov\",\"tarife\",\"tunari\",\"vidra\"],\"articleSection\":[\"Featured\",\"\u0218tiri\"],\"inLanguage\":\"en-GB\",\"copyrightYear\":\"2023\",\"copyrightHolder\":{\"@id\":\"https:\\\/\\\/buletin.de\\\/bucuresti\\\/#organization\"}},{\"@type\":\"WebPage\",\"@id\":\"https:\\\/\\\/buletin.de\\\/bucuresti\\\/apa-potabila-si-canalizarea-se-scumpesc-in-22-de-localitati-din-ilfov-cu-pana-la-34\\\/\",\"url\":\"https:\\\/\\\/buletin.de\\\/bucuresti\\\/apa-potabila-si-canalizarea-se-scumpesc-in-22-de-localitati-din-ilfov-cu-pana-la-34\\\/\",\"name\":\"Apa potabil\u0103 \u0219i canalizarea se scumpesc \u00een 22 de localit\u0103\u021bi din Ilfov cu p\u00e2n\u0103 la 34% - Buletin de Bucure\u0219ti\",\"isPartOf\":{\"@id\":\"https:\\\/\\\/buletin.de\\\/bucuresti\\\/#website\"},\"primaryImageOfPage\":{\"@id\":\"https:\\\/\\\/buletin.de\\\/bucuresti\\\/apa-potabila-si-canalizarea-se-scumpesc-in-22-de-localitati-din-ilfov-cu-pana-la-34\\\/#primaryimage\"},\"image\":{\"@id\":\"https:\\\/\\\/buletin.de\\\/bucuresti\\\/apa-potabila-si-canalizarea-se-scumpesc-in-22-de-localitati-din-ilfov-cu-pana-la-34\\\/#primaryimage\"},\"thumbnailUrl\":\"https:\\\/\\\/buletin.de\\\/bucuresti\\\/wp-content\\\/uploads\\\/315637137_192570486637378_2697746938603404596_n.jpg\",\"datePublished\":\"2023-01-11T07:13:53+00:00\",\"dateModified\":\"2023-01-11T08:05:34+00:00\",\"breadcrumb\":{\"@id\":\"https:\\\/\\\/buletin.de\\\/bucuresti\\\/apa-potabila-si-canalizarea-se-scumpesc-in-22-de-localitati-din-ilfov-cu-pana-la-34\\\/#breadcrumb\"},\"inLanguage\":\"en-GB\",\"potentialAction\":[{\"@type\":\"ReadAction\",\"target\":[\"https:\\\/\\\/buletin.de\\\/bucuresti\\\/apa-potabila-si-canalizarea-se-scumpesc-in-22-de-localitati-din-ilfov-cu-pana-la-34\\\/\"]}]},{\"@type\":\"ImageObject\",\"inLanguage\":\"en-GB\",\"@id\":\"https:\\\/\\\/buletin.de\\\/bucuresti\\\/apa-potabila-si-canalizarea-se-scumpesc-in-22-de-localitati-din-ilfov-cu-pana-la-34\\\/#primaryimage\",\"url\":\"https:\\\/\\\/buletin.de\\\/bucuresti\\\/wp-content\\\/uploads\\\/315637137_192570486637378_2697746938603404596_n.jpg\",\"contentUrl\":\"https:\\\/\\\/buletin.de\\\/bucuresti\\\/wp-content\\\/uploads\\\/315637137_192570486637378_2697746938603404596_n.jpg\",\"width\":1440,\"height\":662},{\"@type\":\"BreadcrumbList\",\"@id\":\"https:\\\/\\\/buletin.de\\\/bucuresti\\\/apa-potabila-si-canalizarea-se-scumpesc-in-22-de-localitati-din-ilfov-cu-pana-la-34\\\/#breadcrumb\",\"itemListElement\":[{\"@type\":\"ListItem\",\"position\":1,\"name\":\"Acas\u0103\",\"item\":\"https:\\\/\\\/buletin.de\\\/bucuresti\\\/\"},{\"@type\":\"ListItem\",\"position\":2,\"name\":\"Apa potabil\u0103 \u0219i canalizarea se scumpesc \u00een 22 de localit\u0103\u021bi din Ilfov cu p\u00e2n\u0103 la 34%\"}]},{\"@type\":\"WebSite\",\"@id\":\"https:\\\/\\\/buletin.de\\\/bucuresti\\\/#website\",\"url\":\"https:\\\/\\\/buletin.de\\\/bucuresti\\\/\",\"name\":\"Buletin de Bucure\u0219ti\",\"description\":\"\u0218tiri \u0219i investiga\u021bii esen\u021biale din capital\u0103\",\"publisher\":{\"@id\":\"https:\\\/\\\/buletin.de\\\/bucuresti\\\/#organization\"},\"potentialAction\":[{\"@type\":\"SearchAction\",\"target\":{\"@type\":\"EntryPoint\",\"urlTemplate\":\"https:\\\/\\\/buletin.de\\\/bucuresti\\\/?s={search_term_string}\"},\"query-input\":{\"@type\":\"PropertyValueSpecification\",\"valueRequired\":true,\"valueName\":\"search_term_string\"}}],\"inLanguage\":\"en-GB\"},{\"@type\":\"Organization\",\"@id\":\"https:\\\/\\\/buletin.de\\\/bucuresti\\\/#organization\",\"name\":\"Buletin de Bucure\u0219ti\",\"url\":\"https:\\\/\\\/buletin.de\\\/bucuresti\\\/\",\"logo\":{\"@type\":\"ImageObject\",\"inLanguage\":\"en-GB\",\"@id\":\"https:\\\/\\\/buletin.de\\\/bucuresti\\\/#\\\/schema\\\/logo\\\/image\\\/\",\"url\":\"https:\\\/\\\/buletin.de\\\/bucuresti\\\/wp-content\\\/uploads\\\/logo-bdb-full-wide-vernil-transparent.png\",\"contentUrl\":\"https:\\\/\\\/buletin.de\\\/bucuresti\\\/wp-content\\\/uploads\\\/logo-bdb-full-wide-vernil-transparent.png\",\"width\":1782,\"height\":626,\"caption\":\"Buletin de Bucure\u0219ti\"},\"image\":{\"@id\":\"https:\\\/\\\/buletin.de\\\/bucuresti\\\/#\\\/schema\\\/logo\\\/image\\\/\"},\"sameAs\":[\"https:\\\/\\\/www.facebook.com\\\/buletin.de.buc\",\"https:\\\/\\\/www.instagram.com\\\/buletinde.bucuresti\\\/\"]},{\"@type\":\"Person\",\"@id\":\"https:\\\/\\\/buletin.de\\\/bucuresti\\\/#\\\/schema\\\/person\\\/31117187ed4d0bdb0a4c7d6acc79d0f8\",\"name\":\"C\u0103t\u0103lin Dosca\u0219\",\"image\":{\"@type\":\"ImageObject\",\"inLanguage\":\"en-GB\",\"@id\":\"https:\\\/\\\/buletin.de\\\/bucuresti\\\/wp-content\\\/uploads\\\/Catalin-Doscas-e1732731064764-96x96.jpga93e2943bb3b1c1f9ead823df6e6317a\",\"url\":\"https:\\\/\\\/buletin.de\\\/bucuresti\\\/wp-content\\\/uploads\\\/Catalin-Doscas-e1732731064764-96x96.jpg\",\"contentUrl\":\"https:\\\/\\\/buletin.de\\\/bucuresti\\\/wp-content\\\/uploads\\\/Catalin-Doscas-e1732731064764-96x96.jpg\",\"caption\":\"C\u0103t\u0103lin Dosca\u0219\"},\"description\":\"Reporter \u0219i redactor-\u0219ef Buletin de Bucure\u0219ti. Lucreaz\u0103 \u00een mass-media de la v\u00e2rsta de 15 ani, c\u00e2nd a publicat primele articole \u00een presa local\u0103 din Tecuci. \u00cen Bucure\u0219ti a lucrat \u00een redac\u021bii radio ca reporter, redactor \u0219i prezentator (StudentFM, Na\u021bionalFM, Radio Total, Smart FM), unde a acoperit domeniile politic, economic, social \u0219i externe. Ulterior, a fost editor-coordonator al postului Realitatea FM. Experien\u021ba \u00een jurnalismul online a dob\u00e2ndit-o la portalul B365.ro, unde a fost editor. \u00cen 2012 s-a angajat \u00een televiziune. La Realitatea TV a fost, pe r\u00e2nd, reporter la sec\u021bia Social, reporter special la emisiunea de reportaje \u0219i anchete \u201eReporterii Realit\u0103\u021bii\u201d, dar \u0219i editor al jurnalelor de \u0219tiri. Ulterior, a f\u0103cut parte din sec\u021bia de Investiga\u021bii de la Digi24 \u0219i a lucrat la campania \u201eRom\u00e2nia furat\u0103\u201d. A revenit \u00een presa scris\u0103 \u00een 2017, ca reporter special, \u00een cadrul unui proiect de repozi\u021bionare a tabloidului Libertatea \u00een cotidian generalist. Este jurnalist Buletin de Bucure\u0219ti din 2019.\",\"url\":\"https:\\\/\\\/buletin.de\\\/bucuresti\\\/author\\\/catalin\\\/\"}]}<\/script>\n<!-- \/ Yoast SEO Premium plugin. -->","yoast_head_json":{"title":"Apa potabil\u0103 \u0219i canalizarea se scumpesc \u00een 22 de localit\u0103\u021bi din Ilfov cu p\u00e2n\u0103 la 34% - Buletin de Bucure\u0219ti","robots":{"index":"index","follow":"follow","max-snippet":"max-snippet:-1","max-image-preview":"max-image-preview:large","max-video-preview":"max-video-preview:-1"},"canonical":"https:\/\/buletin.de\/bucuresti\/apa-potabila-si-canalizarea-se-scumpesc-in-22-de-localitati-din-ilfov-cu-pana-la-34\/","og_locale":"en_GB","og_type":"article","og_title":"Apa potabil\u0103 \u0219i canalizarea se scumpesc \u00een 22 de localit\u0103\u021bi din Ilfov cu p\u00e2n\u0103 la 34%","og_description":"Ap\u0103 Ilfov, operatorul regional al serviciului public de alimentare cu ap\u0103 \u015fi de canalizare \u00een 22 localit\u0103\u0163i din Jude\u0163ul Ilfov, a anun\u021bat majorarea tarifelor \u00eencep\u00e2nd cu luna februarie. Decizia a fost aprobat\u0103 deja de Autoritatea Na\u021bional\u0103 de Reglementare pentru Serviciile Comunitare de Utilit\u0103\u021bi Publice. Noile tarife practicate \u00eencepand cu luna februarie 2023 vor fi de [&hellip;]","og_url":"https:\/\/buletin.de\/bucuresti\/apa-potabila-si-canalizarea-se-scumpesc-in-22-de-localitati-din-ilfov-cu-pana-la-34\/","og_site_name":"Buletin de Bucure\u0219ti","article_publisher":"https:\/\/www.facebook.com\/buletin.de.buc","article_published_time":"2023-01-11T07:13:53+00:00","article_modified_time":"2023-01-11T08:05:34+00:00","og_image":[{"width":1440,"height":662,"url":"https:\/\/buletin.de\/bucuresti\/wp-content\/uploads\/315637137_192570486637378_2697746938603404596_n.jpg","type":"image\/jpeg"}],"author":"C\u0103t\u0103lin Dosca\u0219","twitter_card":"summary_large_image","twitter_misc":{"Written by":"C\u0103t\u0103lin Dosca\u0219","Estimated reading time":"3 minutes"},"schema":{"@context":"https:\/\/schema.org","@graph":[{"@type":"Article","@id":"https:\/\/buletin.de\/bucuresti\/apa-potabila-si-canalizarea-se-scumpesc-in-22-de-localitati-din-ilfov-cu-pana-la-34\/#article","isPartOf":{"@id":"https:\/\/buletin.de\/bucuresti\/apa-potabila-si-canalizarea-se-scumpesc-in-22-de-localitati-din-ilfov-cu-pana-la-34\/"},"author":{"name":"C\u0103t\u0103lin Dosca\u0219","@id":"https:\/\/buletin.de\/bucuresti\/#\/schema\/person\/31117187ed4d0bdb0a4c7d6acc79d0f8"},"headline":"Apa potabil\u0103 \u0219i canalizarea se scumpesc \u00een 22 de localit\u0103\u021bi din Ilfov cu p\u00e2n\u0103 la 34%","datePublished":"2023-01-11T07:13:53+00:00","dateModified":"2023-01-11T08:05:34+00:00","mainEntityOfPage":{"@id":"https:\/\/buletin.de\/bucuresti\/apa-potabila-si-canalizarea-se-scumpesc-in-22-de-localitati-din-ilfov-cu-pana-la-34\/"},"wordCount":612,"publisher":{"@id":"https:\/\/buletin.de\/bucuresti\/#organization"},"image":{"@id":"https:\/\/buletin.de\/bucuresti\/apa-potabila-si-canalizarea-se-scumpesc-in-22-de-localitati-din-ilfov-cu-pana-la-34\/#primaryimage"},"thumbnailUrl":"https:\/\/buletin.de\/bucuresti\/wp-content\/uploads\/315637137_192570486637378_2697746938603404596_n.jpg","keywords":["apa ilfov","balotesti","branesti","canalizare","cernica","ciopani","ciorogarla","clinceni","Cornetu","dobroesti","domnesti","Dragomiresti","Glina","gradistea","Ilfov","jilava","magurele","majorare","Moara Vlasiei","mogosoaia","Pantelimon","peris","pret apa","snagov","tarife","tunari","vidra"],"articleSection":["Featured","\u0218tiri"],"inLanguage":"en-GB","copyrightYear":"2023","copyrightHolder":{"@id":"https:\/\/buletin.de\/bucuresti\/#organization"}},{"@type":"WebPage","@id":"https:\/\/buletin.de\/bucuresti\/apa-potabila-si-canalizarea-se-scumpesc-in-22-de-localitati-din-ilfov-cu-pana-la-34\/","url":"https:\/\/buletin.de\/bucuresti\/apa-potabila-si-canalizarea-se-scumpesc-in-22-de-localitati-din-ilfov-cu-pana-la-34\/","name":"Apa potabil\u0103 \u0219i canalizarea se scumpesc \u00een 22 de localit\u0103\u021bi din Ilfov cu p\u00e2n\u0103 la 34% - Buletin de Bucure\u0219ti","isPartOf":{"@id":"https:\/\/buletin.de\/bucuresti\/#website"},"primaryImageOfPage":{"@id":"https:\/\/buletin.de\/bucuresti\/apa-potabila-si-canalizarea-se-scumpesc-in-22-de-localitati-din-ilfov-cu-pana-la-34\/#primaryimage"},"image":{"@id":"https:\/\/buletin.de\/bucuresti\/apa-potabila-si-canalizarea-se-scumpesc-in-22-de-localitati-din-ilfov-cu-pana-la-34\/#primaryimage"},"thumbnailUrl":"https:\/\/buletin.de\/bucuresti\/wp-content\/uploads\/315637137_192570486637378_2697746938603404596_n.jpg","datePublished":"2023-01-11T07:13:53+00:00","dateModified":"2023-01-11T08:05:34+00:00","breadcrumb":{"@id":"https:\/\/buletin.de\/bucuresti\/apa-potabila-si-canalizarea-se-scumpesc-in-22-de-localitati-din-ilfov-cu-pana-la-34\/#breadcrumb"},"inLanguage":"en-GB","potentialAction":[{"@type":"ReadAction","target":["https:\/\/buletin.de\/bucuresti\/apa-potabila-si-canalizarea-se-scumpesc-in-22-de-localitati-din-ilfov-cu-pana-la-34\/"]}]},{"@type":"ImageObject","inLanguage":"en-GB","@id":"https:\/\/buletin.de\/bucuresti\/apa-potabila-si-canalizarea-se-scumpesc-in-22-de-localitati-din-ilfov-cu-pana-la-34\/#primaryimage","url":"https:\/\/buletin.de\/bucuresti\/wp-content\/uploads\/315637137_192570486637378_2697746938603404596_n.jpg","contentUrl":"https:\/\/buletin.de\/bucuresti\/wp-content\/uploads\/315637137_192570486637378_2697746938603404596_n.jpg","width":1440,"height":662},{"@type":"BreadcrumbList","@id":"https:\/\/buletin.de\/bucuresti\/apa-potabila-si-canalizarea-se-scumpesc-in-22-de-localitati-din-ilfov-cu-pana-la-34\/#breadcrumb","itemListElement":[{"@type":"ListItem","position":1,"name":"Acas\u0103","item":"https:\/\/buletin.de\/bucuresti\/"},{"@type":"ListItem","position":2,"name":"Apa potabil\u0103 \u0219i canalizarea se scumpesc \u00een 22 de localit\u0103\u021bi din Ilfov cu p\u00e2n\u0103 la 34%"}]},{"@type":"WebSite","@id":"https:\/\/buletin.de\/bucuresti\/#website","url":"https:\/\/buletin.de\/bucuresti\/","name":"Buletin de Bucure\u0219ti","description":"\u0218tiri \u0219i investiga\u021bii esen\u021biale din capital\u0103","publisher":{"@id":"https:\/\/buletin.de\/bucuresti\/#organization"},"potentialAction":[{"@type":"SearchAction","target":{"@type":"EntryPoint","urlTemplate":"https:\/\/buletin.de\/bucuresti\/?s={search_term_string}"},"query-input":{"@type":"PropertyValueSpecification","valueRequired":true,"valueName":"search_term_string"}}],"inLanguage":"en-GB"},{"@type":"Organization","@id":"https:\/\/buletin.de\/bucuresti\/#organization","name":"Buletin de Bucure\u0219ti","url":"https:\/\/buletin.de\/bucuresti\/","logo":{"@type":"ImageObject","inLanguage":"en-GB","@id":"https:\/\/buletin.de\/bucuresti\/#\/schema\/logo\/image\/","url":"https:\/\/buletin.de\/bucuresti\/wp-content\/uploads\/logo-bdb-full-wide-vernil-transparent.png","contentUrl":"https:\/\/buletin.de\/bucuresti\/wp-content\/uploads\/logo-bdb-full-wide-vernil-transparent.png","width":1782,"height":626,"caption":"Buletin de Bucure\u0219ti"},"image":{"@id":"https:\/\/buletin.de\/bucuresti\/#\/schema\/logo\/image\/"},"sameAs":["https:\/\/www.facebook.com\/buletin.de.buc","https:\/\/www.instagram.com\/buletinde.bucuresti\/"]},{"@type":"Person","@id":"https:\/\/buletin.de\/bucuresti\/#\/schema\/person\/31117187ed4d0bdb0a4c7d6acc79d0f8","name":"C\u0103t\u0103lin Dosca\u0219","image":{"@type":"ImageObject","inLanguage":"en-GB","@id":"https:\/\/buletin.de\/bucuresti\/wp-content\/uploads\/Catalin-Doscas-e1732731064764-96x96.jpga93e2943bb3b1c1f9ead823df6e6317a","url":"https:\/\/buletin.de\/bucuresti\/wp-content\/uploads\/Catalin-Doscas-e1732731064764-96x96.jpg","contentUrl":"https:\/\/buletin.de\/bucuresti\/wp-content\/uploads\/Catalin-Doscas-e1732731064764-96x96.jpg","caption":"C\u0103t\u0103lin Dosca\u0219"},"description":"Reporter \u0219i redactor-\u0219ef Buletin de Bucure\u0219ti. Lucreaz\u0103 \u00een mass-media de la v\u00e2rsta de 15 ani, c\u00e2nd a publicat primele articole \u00een presa local\u0103 din Tecuci. \u00cen Bucure\u0219ti a lucrat \u00een redac\u021bii radio ca reporter, redactor \u0219i prezentator (StudentFM, Na\u021bionalFM, Radio Total, Smart FM), unde a acoperit domeniile politic, economic, social \u0219i externe. Ulterior, a fost editor-coordonator al postului Realitatea FM. Experien\u021ba \u00een jurnalismul online a dob\u00e2ndit-o la portalul B365.ro, unde a fost editor. \u00cen 2012 s-a angajat \u00een televiziune. La Realitatea TV a fost, pe r\u00e2nd, reporter la sec\u021bia Social, reporter special la emisiunea de reportaje \u0219i anchete \u201eReporterii Realit\u0103\u021bii\u201d, dar \u0219i editor al jurnalelor de \u0219tiri. Ulterior, a f\u0103cut parte din sec\u021bia de Investiga\u021bii de la Digi24 \u0219i a lucrat la campania \u201eRom\u00e2nia furat\u0103\u201d. A revenit \u00een presa scris\u0103 \u00een 2017, ca reporter special, \u00een cadrul unui proiect de repozi\u021bionare a tabloidului Libertatea \u00een cotidian generalist. Este jurnalist Buletin de Bucure\u0219ti din 2019.","url":"https:\/\/buletin.de\/bucuresti\/author\/catalin\/"}]}},"authors":[{"term_id":22575,"user_id":10,"is_guest":0,"slug":"catalin","display_name":"C\u0103t\u0103lin Dosca\u0219","avatar_url":"https:\/\/buletin.de\/bucuresti\/wp-content\/uploads\/Catalin-Doscas-e1732731064764-96x96.jpg","0":null,"1":"","2":"","3":"","4":"","5":"","6":"","7":"","8":""}],"_links":{"self":[{"href":"https:\/\/buletin.de\/bucuresti\/wp-json\/wp\/v2\/posts\/51397","targetHints":{"allow":["GET"]}}],"collection":[{"href":"https:\/\/buletin.de\/bucuresti\/wp-json\/wp\/v2\/posts"}],"about":[{"href":"https:\/\/buletin.de\/bucuresti\/wp-json\/wp\/v2\/types\/post"}],"author":[{"embeddable":true,"href":"https:\/\/buletin.de\/bucuresti\/wp-json\/wp\/v2\/users\/10"}],"replies":[{"embeddable":true,"href":"https:\/\/buletin.de\/bucuresti\/wp-json\/wp\/v2\/comments?post=51397"}],"version-history":[{"count":7,"href":"https:\/\/buletin.de\/bucuresti\/wp-json\/wp\/v2\/posts\/51397\/revisions"}],"predecessor-version":[{"id":51412,"href":"https:\/\/buletin.de\/bucuresti\/wp-json\/wp\/v2\/posts\/51397\/revisions\/51412"}],"wp:featuredmedia":[{"embeddable":true,"href":"https:\/\/buletin.de\/bucuresti\/wp-json\/wp\/v2\/media\/51400"}],"wp:attachment":[{"href":"https:\/\/buletin.de\/bucuresti\/wp-json\/wp\/v2\/media?parent=51397"}],"wp:term":[{"taxonomy":"category","embeddable":true,"href":"https:\/\/buletin.de\/bucuresti\/wp-json\/wp\/v2\/categories?post=51397"},{"taxonomy":"post_tag","embeddable":true,"href":"https:\/\/buletin.de\/bucuresti\/wp-json\/wp\/v2\/tags?post=51397"},{"taxonomy":"author","embeddable":true,"href":"https:\/\/buletin.de\/bucuresti\/wp-json\/wp\/v2\/ppma_author?post=51397"}],"curies":[{"name":"wp","href":"https:\/\/api.w.org\/{rel}","templated":true}]}}