{"id":51349,"date":"2023-01-19T11:02:01","date_gmt":"2023-01-19T09:02:01","guid":{"rendered":"https:\/\/buletin.de\/bucuresti\/?p=51349"},"modified":"2023-01-20T20:56:33","modified_gmt":"2023-01-20T18:56:33","slug":"rechizitoriu-dna-patrimoniul-tinerilor-din-bucuresti-mosia-unui-grup-de-interese","status":"publish","type":"post","link":"https:\/\/buletin.de\/bucuresti\/rechizitoriu-dna-patrimoniul-tinerilor-din-bucuresti-mosia-unui-grup-de-interese\/","title":{"rendered":"Rechizitoriu DNA | Patrimoniul tinerilor din Bucure\u0219ti, mo\u0219ia unui grup de interese"},"content":{"rendered":"\n<p><strong>\u00cen 2021, o investiga\u021bie Buletin de Bucure\u0219ti a scos la iveal\u0103 modul \u00een care administrarea patrimoniului Funda\u021biei pentru Tineret a Municipiului Bucure\u0219ti a fost m\u00e2nat\u0103 de interese financiare private. Investiga\u021bia s-a concentrat pe <em>\u201efirul c\u0103l\u0103uzitor al tuturor afacerilor care au urmat\u201d<\/em>, Ticu Pl\u0103cint\u0103, \u0219i istoricul afacerilor p\u0103guboase derulate \u00een dou\u0103 din cele cinci loca\u021bii din patrimoniul funda\u021biei. La finalul anului trecut, pe 28 noiembrie, DNA a dispus trimiterea \u00een judecat\u0103 a lui Ticu Pl\u0103cint\u0103 \u0219i a unor asocia\u021bi ai acestuia, sub aspectul s\u0103v\u00e2r\u0219irii infrac\u021biunii de abuz \u00een serviciu.<\/strong><\/p>\n\n\n\n<p>Rechizitoriul DNA confirm\u0103 o mare parte din informa\u021biile ob\u021binute \u00een urma investiga\u021biei Buletin de Bucure\u0219ti. \u00cen acela\u0219i timp, deoarece dosarul DNA se concentreaz\u0103 pe activitatea societ\u0103\u021bii \u00eenfiin\u021bat\u0103 \u0219i condus\u0103 de Ticu P\u0103cint\u0103 \u00een 2011, detaliile specifice fiec\u0103rei afaceri \u00een care acesta a fost implicat sunt cenzurate. <\/p>\n\n\n\n<p>Astfel, investiga\u021bia Buletin de Bucure\u0219ti vine \u0219i cu informa\u021bii suplimentare, \u201edin spatele scenei\u201d, \u00een privin\u021ba anumitor tranzac\u021bii \u00eencheiate \u00eentre FTMB \u0219i diverse firme, men\u021bionate \u00een cadrul dosarului DNA.<\/p>\n\n\n\n<h2 class=\"wp-block-heading\">Zestrea Funda\u021biei de Tineret Bucure\u0219ti, scurt istoric<\/h2>\n\n\n\n<p>Conform Decretului-Lege nr. 150\/1990 \u00een urma c\u0103ruia funda\u021biile pentru tineret au fost \u00eenfiin\u021bate, emis de Comitetul Provizoriu pentru Uniune Na\u021bional\u0103 (CPUN), patrimoniul funda\u021biilor de tineret urma s\u0103 fie <em>\u201epreluat\u201d<\/em>, de la fostele Uniuni ale Tineretului Comunist. <\/p>\n\n\n\n<p>Diferen\u021ba dintre sintagmele <em>\u201edob\u00e2ndirea dreptului de proprietate\u201d<\/em> \u0219i <em>\u201epreluarea \u00een patrimoniu\u201d<\/em> a fost explicitat\u0103 \u00een 2015, \u00eentr-o decizie a \u00cenaltei Cur\u021bi de Casa\u021bie \u0219i Justi\u021bie. Conform acestei decizii, cele dou\u0103 nu puteau fi echivalate.<\/p>\n\n\n\n<p>Astfel, funda\u021biile pentru tineret nu aveau dreptul de a \u00eenstr\u0103ina patrimoniul UTC \u00een nicio form\u0103, iar \u00eenchirierea se putea face doar pentru desf\u0103\u0219urarea de activit\u0103\u021bi \u00een beneficiul tinerilor.&nbsp;<\/p>\n\n\n\n<p>Patrimoniul Funda\u021biei de Tineret Bucure\u0219ti const\u0103, mai exact, \u00een 5 cluburi \u0219i terenurile aferente:<\/p>\n\n\n\n<ul class=\"wp-block-list\"><li>Sector 1, Bd. Bucure\u0219tii Noi nr. 48 \u2013 Modern Club<\/li><li>Sector 2, \u0218oseaua Vergului nr. 14 \u2013 Universal Club<\/li><li>Sector 3, Str. Turturelelor, nr. 11 \u2013 Titan Club<\/li><li>Sector 4, Calea \u0218erban nr. 213-217 \u2013 Tehnic Club<\/li><li>Sector 6, \u0218oseaua Groz\u0103ve\u0219ti nr. 84 \u2013 Ecran Club <\/li><\/ul>\n\n\n\n<p>Ticu Pl\u0103cint\u0103 a fost pre\u0219edintele Funda\u021biei pentru Tineret \u00eenc\u0103 de la \u00eenfiin\u021barea acesteia, \u00een perioada 30 iunie 1990 -22 octombrie 1994, iar apoi a fost reales \u00een 2010, la v\u00e2rsta de 54 de ani. <\/p>\n\n\n\n<h2 class=\"wp-block-heading\">Jaful de aproape 16 milioane de lei<\/h2>\n\n\n\n<p>Dosarul DNA urm\u0103re\u0219te activitatea celor doi pre\u0219edin\u021bi ai Consiliului de Administra\u021bie ai societ\u0103\u021bii responsabile cu administrarea patrimoniului FTMB: Ticu Pl\u0103cint\u0103, fiul s\u0103u, Bogdan Pl\u0103cint\u0103, \u0219i a doi dintre cei patru vicepre\u0219edin\u021bi, Valentin M\u0103rgineanu \u0219i Paul Ionescu. To\u021bi \u00een afar\u0103 de fiul lui Pl\u0103cint\u0103 au f\u0103cut parte \u0219i din FTMB, \u00een diferite func\u021bii de conducere, activ\u00e2nd \u00een ambele \u00een aceea\u0219i perioad\u0103: vicepre\u0219edinte al FTMB, respectiv membru \u00een comisiei de rela\u021bii economice (potrivit rechizitoriului DNA, p. 25-26 \u0219i p. 7).<\/p>\n\n\n\n<p>\u00cen urma unor mecanisme juridice create artificial, \u00een spe\u021b\u0103 o societate comercial\u0103 care s\u0103 preia dreptul de administrare asupra tuturor imobilelor prezente \u0219i viitoare ale FTMB, \u00eenculpa\u021bii au adus un prejudiciu funda\u021biei pe care o conduceau de 15.725.400 lei. <\/p>\n\n\n\n<p>Societatea comercial\u0103 despre care e vorba, SC TIN MANAGEMENT GRUP SA, a fost \u00eenfiin\u021bat\u0103 \u00een urma unei decizii a \u201eadun\u0103rii generale extraordinare\u201d a FTMB din 26 iunie 2011. Obiectivul era ca aceast\u0103 societate s\u0103 preia activit\u0103\u021bile de exploatare \u0219i administrare a propriet\u0103\u021bilor FTMB, precum \u0219i <em>\u201emanagementul activit\u0103\u021bilor economice\u201d<\/em>. <\/p>\n\n\n\n<p>\u00centr-un proces verbal prezentat comisiei organiza\u021bilor FTMB, prezentat \u00eentr-o adunare premerg\u0103toare celei \u00een care decizia de \u00eenfiin\u021bare a fost luat\u0103, Ticu Pl\u0103cint\u0103, pre\u0219edintele FTMB, a argumentat necesitatea \u00eenfiin\u021b\u0103ri unei astfel de societ\u0103\u021bi care s\u0103 externalizeze managementul patrimoniului: FTMB trebuia s\u0103 se poat\u0103 concentra pe scopul ei ini\u021bial, cel de a ajuta tinerii, \u00een timp ce al\u021bii, mai pricepu\u021bi, s\u0103 aduc\u0103 capitalul necesar pentru organizarea activit\u0103\u021bilor pentru tineret. <\/p>\n\n\n\n<p><strong><em>SC Tin Management Grup SA<\/em> a fost o societate a c\u0103rei angaja\u021bi au provenit, \u00een mare parte, din angaja\u021bii FTMB: cei care ar fi avut nevoie de ajutor pentru administrarea patrimoniului erau cei care-l \u0219i ofereau.<\/strong><\/p>\n\n\n\n<p>\u00cen plus, pentru a demonstra premeditarea situa\u021biei de fapt, \u00een care conducerea societ\u0103\u021bii oglindea o parte din conducerea asocia\u021biei, iar Ticu Pl\u0103cint\u0103 era cel la latitudinea c\u0103ruia deciziile erau l\u0103sate, rechizitoriul ne arat\u0103 faptul c\u0103, \u00eenc\u0103 de c\u00e2nd a propus ideea \u00eenfiin\u021b\u0103rii acestei societ\u0103\u021bi, inculpatul ob\u021binuse deja de la Registrul Comer\u021bului denumirea pe care societatea urma s\u0103 o aib\u0103.<\/p>\n\n\n\n<p>Scopul era, deci, de a prelua, prin intermediul a cinci contracte de concesiune &#8211; c\u00e2te unul pentru fiecare dintre cele cinci terenuri din patrimoniul funda\u021biei &#8211; dreptul de administrare asupra tuturor imobilelor prezente \u0219i viitoare ale FTMB, pentru a \u201eajuta\u201d funda\u021bia s\u0103 se auto-finan\u021beze, pentru a-\u0219i putea continua activitatea prin care s\u0103 organizeze evenimente destinate tinerilor.<\/p>\n\n\n\n<p>Conform condi\u021biilor contractuale, FTMB a \u00eencasat, pe r\u00e2nd 15%, 20% respectiv 25% din veniturile generate de chiriile aferente bunurilor funda\u021biei. \u00cen total, \u00een perioada aprilie 2012 \u2013 martie 2022, Funda\u021bia pentru Tineret, funda\u021bie pe care societatea comercial\u0103 trebuia s-o ajute, a r\u0103mas la final doar cu 3.934.000 lei, \u00een timp ce societ\u0103\u021bii i-au revenit 15.725.400 lei: un fel de \u201etax\u0103\u201d pentru \u201eajutorul\u201d acordat.<\/p>\n\n\n<div class=\"flourish-embed flourish-chart\" data-src=\"visualisation\/12477231\"><script src=\"https:\/\/public.flourish.studio\/resources\/embed.js\"><\/script><\/div>\n\n\n\n<p>Durata contractelor era de 49 de ani, cu posibilitatea prelungirii de drept, \u0219i inadmisibilitatea denun\u021b\u0103rii unilaterale. Singur\u0103 modalitate era, deci, \u00eencetarea prin ajungerea la termen. Pentru \u00eenc\u0103lcarea acestei clauze, dauna era de 1 milion de euro, deci un total de 5 milioane de euro. <\/p>\n\n\n\n<blockquote class=\"wp-block-quote is-layout-flow wp-block-quote-is-layout-flow\"><p>Prin aceste clauze, F.T.M.B. a devenit \u201ecaptiv\u0103\u201d unei societ\u0103\u021bi comerciale pe ac\u021biuni, creat\u0103 exclusiv \u00een scopul ob\u021binerii de profit. (&#8230;) rezult\u0103 cu eviden\u021b\u0103 c\u0103 scopul real al asocierii a fost acela de a redirec\u021biona veniturile din chirii ce se cuveneau Funda\u021biei c\u0103tre societatea pe ac\u021biuni a c\u0103rei activitate era coordonat\u0103 \u0219i controlat\u0103 de inculpa\u021bii Pl\u0103cint\u0103 Ticu \u0219i apropia\u021bii s\u0103i.<\/p><p><\/p><cite>Rechizitoriu, p. 32.<\/cite><\/blockquote>\n\n\n\n<h2 class=\"wp-block-heading\">Investiga\u021bie Buletin de Bucure\u0219ti, \u0218oseaua Vergului, 2002\u20132010<\/h2>\n\n\n\n<p>O mare parte dintre leg\u0103turile inculpatului Ticu Pl\u0103cint\u0103 cu FTMB \u00een perioada acestuia de pauz\u0103, \u00eentre mandatele de conducere a funda\u021biei, sunt demonstrate cu informa\u021bii anonimizate. Acestea, \u00eens\u0103, confirm\u0103 o mare parte din investiga\u021bia Buletin de Bucure\u0219ti din 2021. <\/p>\n\n\n\n<p>Cele trei firme care au leg\u0103tur\u0103 cu Ticu Pl\u0103cint\u0103, care au profitat de pe urma \u00eenchirierii patrimoniului FTMB din \u0218oseaua Vergului, \u00eempart un teren de 1,3 hectare. Prima dintre cele trei ocup\u0103 5.887 mp, \u0219i a pus bazele <strong>\u0218colii Libaneze Bucharest-Beirut, <\/strong>ce func\u021biona \u0219i la momentul investiga\u021biei, \u00een cl\u0103direa fostului club.<\/p>\n\n\n\n<p><em>\u201eS.C. (&#8230;) S.R.L. a \u00eenchiriat spa\u021biul de la F.T.M.B. situat \u00een sos. Vergului, nr. (&#8230;), sector 2 unde desf\u0103\u0219oar\u0103 activit\u0103\u021bi educative, respectiv gr\u0103dini\u021b\u0103, \u0219coal\u0103 primar\u0103, general\u0103 \u0219i liceu aproximativ din anul 2002\u201d<\/em> Rechizitoriu, p. 33.<\/p>\n\n\n\n<p>SRL-ul \u00een cauz\u0103, pe care rechizitoriul \u00eel men\u021bioneaz\u0103, este <strong>Universal Top Construct SRL<\/strong>, \u00eenfiin\u021bat \u00een luna ianuarie a anului 2002. Firm\u0103 a fost \u00eenfiin\u021bat\u0103 cu c\u00e2teva luni \u00eenainte de a se \u00eencheia contractul cu FTMB \u0219i \u00eei avea asocia\u021bi, la momentul respectiv, pe libanezul Samer Bek Melhem \u0219i pe Ticu Pl\u0103cint\u0103. Pl\u0103cint\u0103 urma s\u0103 ias\u0103 \u00een 2014 din aceast\u0103 firm\u0103.<\/p>\n\n\n\n<p>Cele dou\u0103 loturi r\u0103mase dup\u0103 \u00eemp\u0103r\u021birea celor 1,3 hectare care apar\u021binuser\u0103 clubului sunt \u00eenchiriate pe r\u00e2nd:<\/p>\n\n\n\n<ul class=\"wp-block-list\"><li>unul \u00een 2006 firmei Tisera Com SRL<\/li><li>al doilea, \u00een 2007, firmei Tisera Construct SRL<\/li><\/ul>\n\n\n\n<p>Conform investiga\u021biei Buletin de Bucure\u0219ti, Ticu Pl\u0103cint\u0103 era ac\u021bionar la ambele firme. Contractele \u00eencheiate \u00een anii anterior men\u021biona\u021bi sunt identificate \u00een rechizitoriu \u00een urm\u0103torul paragraf: <\/p>\n\n\n\n<figure class=\"wp-block-image size-full\"><img fetchpriority=\"high\" decoding=\"async\" width=\"745\" height=\"316\" src=\"data:image\/gif;base64,R0lGODlhAQABAAAAACH5BAEKAAEALAAAAAABAAEAAAICTAEAOw==\" data-src=\"https:\/\/buletin.de\/bucuresti\/wp-content\/uploads\/Captura-de-ecran-2023-01-16-231726dar2.jpg\" alt=\"\" class=\"wp-image-51855 lazyload\" data-sizes=\"auto\" data-srcset=\"https:\/\/buletin.de\/bucuresti\/wp-content\/uploads\/Captura-de-ecran-2023-01-16-231726dar2.jpg 745w, https:\/\/buletin.de\/bucuresti\/wp-content\/uploads\/Captura-de-ecran-2023-01-16-231726dar2-300x127.jpg 300w, https:\/\/buletin.de\/bucuresti\/wp-content\/uploads\/Captura-de-ecran-2023-01-16-231726dar2-550x233.jpg 550w, https:\/\/buletin.de\/bucuresti\/wp-content\/uploads\/Captura-de-ecran-2023-01-16-231726dar2-600x254.jpg 600w\" sizes=\"(max-width: 745px) 100vw, 745px\" \/><figcaption>Rechizitoriu anonimizat, p. 19.<\/figcaption><\/figure>\n\n\n\n<p><\/p>\n\n\n\n<p>Buletin de Bucure\u0219ti ar\u0103ta \u00een 2021 c\u0103 Tisera Com a fost creat\u0103 \u00een 2003 de Ticu Pl\u0103cint\u0103 \u0219i Antoni Sirena, cet\u0103\u021bean italian, iar Tisera Construct exact \u00een anul semn\u0103rii contractului, 2007, de c\u0103tre Samer Melhem \u0219i <em>Tavis Grup SRL<\/em>, societate controlat\u0103 \u00een acel moment de Ticu Pl\u0103cint\u0103 \u0219i fiul s\u0103u, cum reiese \u0219i din dosarul DNA. <\/p>\n\n\n\n<figure class=\"wp-block-image size-large\"><img decoding=\"async\" width=\"900\" height=\"434\" src=\"data:image\/gif;base64,R0lGODlhAQABAAAAACH5BAEKAAEALAAAAAABAAEAAAICTAEAOw==\" data-src=\"https:\/\/buletin.de\/bucuresti\/wp-content\/uploads\/pasted-image-0-12-900x434.png\" alt=\"\" class=\"wp-image-51832 lazyload\" data-sizes=\"auto\" data-srcset=\"https:\/\/buletin.de\/bucuresti\/wp-content\/uploads\/pasted-image-0-12-900x434.png 900w, https:\/\/buletin.de\/bucuresti\/wp-content\/uploads\/pasted-image-0-12-300x145.png 300w, https:\/\/buletin.de\/bucuresti\/wp-content\/uploads\/pasted-image-0-12-768x370.png 768w, https:\/\/buletin.de\/bucuresti\/wp-content\/uploads\/pasted-image-0-12-550x265.png 550w, https:\/\/buletin.de\/bucuresti\/wp-content\/uploads\/pasted-image-0-12-600x289.png 600w, https:\/\/buletin.de\/bucuresti\/wp-content\/uploads\/pasted-image-0-12.png 915w\" sizes=\"(max-width: 900px) 100vw, 900px\" \/><figcaption>Imagine preluat\u0103 din articolul investiga\u021biei.<\/figcaption><\/figure>\n\n\n\n<h2 class=\"wp-block-heading\">Investiga\u021bie Buletin de Bucure\u0219ti, \u0218oseaua Vergului, 2010\u2013prezent<\/h2>\n\n\n\n<p>Ticu Pl\u0103cint\u0103, ac\u021bionar \u00een firmele care au \u00eenchiriat terenurile \u0219i cl\u0103direa Universal Club, ajunge, \u00een 2010, pre\u0219edinte al Funda\u021biei, iar \u00een 2011 se \u00eenfiin\u021beaz\u0103 asocia\u021bia SC Tin Management Grup SA, ce urma s\u0103 se ocupe de exploatarea \u0219i administrarea patrimoniului FTMB. Astfel, Ticu Pl\u0103cint\u0103 se reg\u0103sea \u0219i \u00een func\u021bia de conducere a FTMB, \u0219i a asocia\u021biei Tin Management.<\/p>\n\n\n\n<p> <em>\u201e\u00cen anul 2011, la o lun\u0103 de la momentul \u00eenfiin\u021b\u0103rii societ\u0103\u021bii, \u00eentre F.T.M.B. \u0219i societatea nou \u00eenfiin\u021bat\u0103 s-a \u00eencheiat un contract de concesiune av\u00e2nd ca obiect exploatarea \u0219i administrarea imobilelor ce se aflau \u00een proprietatea F.T.M.B.<\/em>\u201d <\/p>\n\n\n\n<p>Firmelor ce se aflau \u00een  rela\u021bii contractuale cu FTMB le-a fost<em> \u201esolicitat s\u0103 semnez un act de adi\u021bional prin care contractul de \u00eenchiriere era cesionat c\u0103tre societatea TIN MANAGEMENT GRUP S.A., urm\u00e2nd ca s\u0103 achite chiria c\u0103tre aceast\u0103 societate<\/em>&#8230;\u201d<em> <\/em>Rechizitoriu, pg. 34.<\/p>\n\n\n\n<p>Conform investiga\u021biei, Funda\u021bia pentru Tineret, reprezentat\u0103 prin asocia\u021bia Tin Management, \u00eencheie un contract cu Clubului Sportiv ASPOL, \u00een vederea amenaj\u0103rii unei parc\u0103ri \u0219i a unui teren de fotbal, lucruri ce s-au \u0219i realizat. Chiria pe care ASPOL o pl\u0103te\u0219te pentru \u00eentreg locul pe care \u00eel ocup\u0103 este de doar 1 leu\/m<sup>2<\/sup>\/lun\u0103, cu mult sub valoarea pie\u021bei, de\u0219i se afl\u0103 \u00eentr-o zon\u0103 atractiv\u0103 din punct de vedere imobiliar.<\/p>\n\n\n\n<p>Acest lucru este confirmat de actele adi\u021bionale, dintre \u0219i 2007-2016, ale contractelor pe care FTMB le-a semnat cu diver\u0219i chiria\u0219i. <\/p>\n\n\n\n<figure class=\"wp-block-image size-full\"><img decoding=\"async\" width=\"664\" height=\"211\" src=\"data:image\/gif;base64,R0lGODlhAQABAAAAACH5BAEKAAEALAAAAAABAAEAAAICTAEAOw==\" data-src=\"https:\/\/buletin.de\/bucuresti\/wp-content\/uploads\/chirie.png\" alt=\"\" class=\"wp-image-51856 lazyload\" data-sizes=\"auto\" data-srcset=\"https:\/\/buletin.de\/bucuresti\/wp-content\/uploads\/chirie.png 664w, https:\/\/buletin.de\/bucuresti\/wp-content\/uploads\/chirie-300x95.png 300w, https:\/\/buletin.de\/bucuresti\/wp-content\/uploads\/chirie-550x175.png 550w, https:\/\/buletin.de\/bucuresti\/wp-content\/uploads\/chirie-600x191.png 600w\" sizes=\"(max-width: 664px) 100vw, 664px\" \/><figcaption>Rechizitoriu, p. 20-21.<\/figcaption><\/figure>\n\n\n\n<p>Rela\u021biile profesionale au fost tumultoase, iar investiga\u021bia detaliaz\u0103 parcursul acestora: Ticu Pl\u0103cint\u0103 rupe rela\u021biile cu Melhem, \u00eencearc\u0103 s\u0103 rezilieze contractele ce-l implic\u0103, \u00eens\u0103 o decizie a Tribunalului Bucure\u0219ti arat\u0103 c\u0103 nu avea baza legal\u0103 pentru a face acest lucru. <\/p>\n\n\n\n<p>Chiar dac\u0103 acele contracte au r\u0103mas valide, Pl\u0103cint\u0103 colaboreaz\u0103 cu C\u0103t\u0103lin Vi\u0219oiu, o cuno\u0219tin\u021b\u0103 mai veche, \u0219i Viorel Raicu, fostul Comisar-\u0219ef la <em>Autoriz\u0103ri arme \u0219i muni\u021bii, din cadrul Serviciului Arme, Explozivi \u0219i Substan\u021be Periculoase al Poli\u021biei Capitalei<\/em>. Cel din urm\u0103 de\u021bine Clubul Sportiv ASPOL, clubul care \u00eenchiriaz\u0103 \u00een momentul de fa\u021b\u0103 terenurile din Vergului. \u00cen urma unor ne\u00een\u021belegeri despre care Vi\u0219oiu vorbe\u0219te \u00een investiga\u021bie, acesta a ajuns la DNA cu o pl\u00e2ngere \u00eempotriva lui Pl\u0103cint\u0103 \u0219i Raicu.<\/p>\n\n\n\n<h2 class=\"wp-block-heading\"><strong>Moderna Club &#8211; Bucure\u0219tii noi<\/strong><\/h2>\n\n\n\n<p>Din cadrul investiga\u021biei se poate observa \u0219i contextul care a permis inculpa\u021bilor dosarului DNA dezvoltarea unei infrastructuri institu\u021bionale de \u201ef\u0103cut bani\u201d. Dinainte ca Ticu Pl\u0103cint\u0103 s\u0103 se re\u00eentoarc\u0103 la conducerea FTMB, funda\u021bia a profitat de <em>\u201enep\u0103sarea conjugat\u0103 a autorit\u0103\u021bilor publice centrale c\u00e2t \u0219i locale\u201d<\/em>, a\u0219a cum se argumenteaz\u0103 \u0219i \u00een rechizitoriu. Pe l\u00e2ng\u0103 afacerile lui Ticu Pl\u0103cint\u0103, funda\u021bia era implicat\u0103 \u0219i \u00een altele, la fel de p\u0103guboase.<\/p>\n\n\n\n<p>\u00cen 25 mai 2005, FTMB \u00eencheie cu Rotary Construc\u021bii SRL contractul de asociere pentru edificarea unui imobil pe terenul de 3200 mp din str. Bucure\u0219tii Noi nr. 48, teren aflat \u00een proprietatea funda\u021biei, av\u00e2nd drept obiect construirea unui imobil care s\u0103 serveasc\u0103, pe de-o parte drept sediu pentru FTMB, iar pe de alt\u0103 parte locuin\u021be de \u00eenchiriat pentru Rotary Construct SRL. <\/p>\n\n\n\n<p>Funda\u021biei \u00eei reveneau maxim 15%, adic\u0103 720mp din construc\u021bie. Conform informa\u021biilor furnizate de Marian Vlad, fostul director general al Funda\u021biei, \u00een spa\u021biul ce revenea prin asociere, urma s\u0103 fie deschis un hostel pentru tineret.&nbsp;<\/p>\n\n\n\n<p>Din contractele cu Rotary, terenul Funda\u021biei a fost ocupat cu 2 imobile, la schimb cu un parter comercial \u0219i un apartament. Niciunul nu este folosit, a\u0219a cum prevede legea, \u00een beneficiul tinerilor, fiind \u00eenchiriate unor ter\u021bi.<\/p>\n\n\n\n<p>\u00een decembrie aceluia\u0219i an, Rotary Construct se angajeaz\u0103 s\u0103 achite datoriile pe care FTMB le avea c\u0103tre stat. \u00cen urma acestei \u201ebune-voin\u021be\u201d, funda\u021bia se alege doar cu un apartament de 90mp. <\/p>\n\n\n\n<p><em>\u201eTerenul \u00een suprafata de 3.200 mp, situat \u00een Bucuresti, strada Pajurei nr. (&#8230;), sector 1, pe care se afla edificat un imobil de locuin\u021be \u0219i spa\u021bii comerciale construite \u00een baza contractului de asociere in vederea edificarii unor constructii nr. (&#8230;)\/25.05.2005, iar conform clauzelor contractuale F.T.M.B. a fost de acord s\u0103 pl\u0103teasc\u0103 impozitul pe teren pe toat\u0103 durata de existen\u021ba a construc\u021biei.\u201d<\/em><\/p>\n\n\n\n<p>\u00cen 2012, prin Tin Management, societatea condus\u0103 de Ticu Pl\u0103cint\u0103, Max Estate SRL, controlat\u0103 de Gheorghe Mircea Cristian, \u00eencheie un contract de \u00eenchiriere \u00een 2012 \u0219i schimb\u0103 destina\u021bia imobilului, transform\u00e2ndu-l \u00eentr-o sal\u0103 de nun\u021bi.<\/p>\n\n\n\n<p>Surs\u0103 fotografie: Arhiva Minerva<\/p>\n\n\n\n<figure class=\"wp-block-embed is-type-wp-embed is-provider-buletin-de-bucure\u0219ti wp-block-embed-buletin-de-bucure\u0219ti\"><div class=\"wp-block-embed__wrapper\">\n<blockquote class=\"wp-embedded-content\" data-secret=\"YF0usSxfe9\"><a href=\"https:\/\/buletin.de\/bucuresti\/patrimoniul-tinerilor-din-bucuresti-transformat-in-mosia-unui-grup-de-interese-episodul-1-modern-club\/\">Patrimoniul tinerilor din Bucure\u0219ti, transformat \u00een mo\u0219ia unui grup de interese| Episodul 1, Modern Club<\/a><\/blockquote><iframe class=\"wp-embedded-content\" sandbox=\"allow-scripts\" security=\"restricted\" style=\"position: absolute; clip: rect(1px, 1px, 1px, 1px);\" title=\"&#8222;Patrimoniul tinerilor din Bucure\u0219ti, transformat \u00een mo\u0219ia unui grup de interese| Episodul 1, Modern Club&#8221; &#8212; Buletin de Bucure\u0219ti\" src=\"https:\/\/buletin.de\/bucuresti\/patrimoniul-tinerilor-din-bucuresti-transformat-in-mosia-unui-grup-de-interese-episodul-1-modern-club\/embed\/#?secret=GsIM99jDj2#?secret=YF0usSxfe9\" data-secret=\"YF0usSxfe9\" width=\"600\" height=\"338\" frameborder=\"0\" marginwidth=\"0\" marginheight=\"0\" scrolling=\"no\"><\/iframe>\n<\/div><\/figure>\n\n\n\n<figure class=\"wp-block-embed is-type-wp-embed is-provider-buletin-de-bucure\u0219ti wp-block-embed-buletin-de-bucure\u0219ti\"><div class=\"wp-block-embed__wrapper\">\n<blockquote class=\"wp-embedded-content\" data-secret=\"cmB6KB9t4D\"><a href=\"https:\/\/buletin.de\/bucuresti\/patrimoniul-tinerilor-din-bucuresti-transformat-in-mosia-unui-grup-de-interese-episodul-2-universal-club\/\">Patrimoniul tinerilor din Bucure\u0219ti, transformat \u00een mo\u0219ia unui grup de interese | Episodul 2, Universal Club<\/a><\/blockquote><iframe class=\"wp-embedded-content\" sandbox=\"allow-scripts\" security=\"restricted\" style=\"position: absolute; clip: rect(1px, 1px, 1px, 1px);\" title=\"&#8222;Patrimoniul tinerilor din Bucure\u0219ti, transformat \u00een mo\u0219ia unui grup de interese | Episodul 2, Universal Club&#8221; &#8212; Buletin de Bucure\u0219ti\" src=\"https:\/\/buletin.de\/bucuresti\/patrimoniul-tinerilor-din-bucuresti-transformat-in-mosia-unui-grup-de-interese-episodul-2-universal-club\/embed\/#?secret=CKvvY2QFOs#?secret=cmB6KB9t4D\" data-secret=\"cmB6KB9t4D\" width=\"600\" height=\"338\" frameborder=\"0\" marginwidth=\"0\" marginheight=\"0\" scrolling=\"no\"><\/iframe>\n<\/div><\/figure>\n","protected":false},"excerpt":{"rendered":"<p>\u00cen 2021, o investiga\u021bie Buletin de Bucure\u0219ti a scos la iveal\u0103 modul \u00een care administrarea patrimoniului Funda\u021biei pentru Tineret a Municipiului Bucure\u0219ti a fost m\u00e2nat\u0103 de interese financiare private. Investiga\u021bia s-a concentrat pe \u201efirul c\u0103l\u0103uzitor al tuturor afacerilor care au urmat\u201d, Ticu Pl\u0103cint\u0103, \u0219i istoricul afacerilor p\u0103guboase derulate \u00een dou\u0103 din cele cinci loca\u021bii din [&hellip;]<\/p>\n","protected":false},"author":47,"featured_media":52023,"comment_status":"closed","ping_status":"open","sticky":false,"template":"","format":"standard","meta":{"_acf_changed":false,"inline_featured_image":false,"ngg_post_thumbnail":0,"footnotes":""},"categories":[62],"tags":[875,2325,4170,2323],"ppma_author":[22580],"class_list":["post-51349","post","type-post","status-publish","format-standard","has-post-thumbnail","hentry","category-stiri","tag-dna","tag-ftmb","tag-rechizitoriu","tag-ticu-placinta"],"acf":[],"yoast_head":"<!-- This site is optimized with the Yoast SEO Premium plugin v25.3 (Yoast SEO v27.4) - https:\/\/yoast.com\/product\/yoast-seo-premium-wordpress\/ -->\n<title>Rechizitoriu DNA | Patrimoniul tinerilor din Bucure\u0219ti, mo\u0219ia unui grup de interese - Buletin de Bucure\u0219ti<\/title>\n<meta name=\"robots\" content=\"index, follow, max-snippet:-1, max-image-preview:large, max-video-preview:-1\" \/>\n<link rel=\"canonical\" href=\"https:\/\/buletin.de\/bucuresti\/rechizitoriu-dna-patrimoniul-tinerilor-din-bucuresti-mosia-unui-grup-de-interese\/\" \/>\n<meta property=\"og:locale\" content=\"en_GB\" \/>\n<meta property=\"og:type\" content=\"article\" \/>\n<meta property=\"og:title\" content=\"Rechizitoriu DNA | Patrimoniul tinerilor din Bucure\u0219ti, mo\u0219ia unui grup de interese\" \/>\n<meta property=\"og:description\" content=\"\u00cen 2021, o investiga\u021bie Buletin de Bucure\u0219ti a scos la iveal\u0103 modul \u00een care administrarea patrimoniului Funda\u021biei pentru Tineret a Municipiului Bucure\u0219ti a fost m\u00e2nat\u0103 de interese financiare private. Investiga\u021bia s-a concentrat pe \u201efirul c\u0103l\u0103uzitor al tuturor afacerilor care au urmat\u201d, Ticu Pl\u0103cint\u0103, \u0219i istoricul afacerilor p\u0103guboase derulate \u00een dou\u0103 din cele cinci loca\u021bii din [&hellip;]\" \/>\n<meta property=\"og:url\" content=\"https:\/\/buletin.de\/bucuresti\/rechizitoriu-dna-patrimoniul-tinerilor-din-bucuresti-mosia-unui-grup-de-interese\/\" \/>\n<meta property=\"og:site_name\" content=\"Buletin de Bucure\u0219ti\" \/>\n<meta property=\"article:publisher\" content=\"https:\/\/www.facebook.com\/buletin.de.buc\" \/>\n<meta property=\"article:published_time\" content=\"2023-01-19T09:02:01+00:00\" \/>\n<meta property=\"article:modified_time\" content=\"2023-01-20T18:56:33+00:00\" \/>\n<meta property=\"og:image\" content=\"https:\/\/buletin.de\/bucuresti\/wp-content\/uploads\/721223a57e68777f9e7b414de359e5ac.jpg\" \/>\n\t<meta property=\"og:image:width\" content=\"700\" \/>\n\t<meta property=\"og:image:height\" content=\"700\" \/>\n\t<meta property=\"og:image:type\" content=\"image\/jpeg\" \/>\n<meta name=\"author\" content=\"Adina C\u0103p\u00eelnean\" \/>\n<meta name=\"twitter:card\" content=\"summary_large_image\" \/>\n<meta name=\"twitter:label1\" content=\"Written by\" \/>\n\t<meta name=\"twitter:data1\" content=\"Adina C\u0103p\u00eelnean\" \/>\n\t<meta name=\"twitter:label2\" content=\"Estimated reading time\" \/>\n\t<meta name=\"twitter:data2\" content=\"9 minutes\" \/>\n<script type=\"application\/ld+json\" class=\"yoast-schema-graph\">{\"@context\":\"https:\\\/\\\/schema.org\",\"@graph\":[{\"@type\":\"Article\",\"@id\":\"https:\\\/\\\/buletin.de\\\/bucuresti\\\/rechizitoriu-dna-patrimoniul-tinerilor-din-bucuresti-mosia-unui-grup-de-interese\\\/#article\",\"isPartOf\":{\"@id\":\"https:\\\/\\\/buletin.de\\\/bucuresti\\\/rechizitoriu-dna-patrimoniul-tinerilor-din-bucuresti-mosia-unui-grup-de-interese\\\/\"},\"author\":{\"name\":\"Adina C\u0103p\u00eelnean\",\"@id\":\"https:\\\/\\\/buletin.de\\\/bucuresti\\\/#\\\/schema\\\/person\\\/ab174cf6711728e4ee83d672acf9a912\"},\"headline\":\"Rechizitoriu DNA | Patrimoniul tinerilor din Bucure\u0219ti, mo\u0219ia unui grup de interese\",\"datePublished\":\"2023-01-19T09:02:01+00:00\",\"dateModified\":\"2023-01-20T18:56:33+00:00\",\"mainEntityOfPage\":{\"@id\":\"https:\\\/\\\/buletin.de\\\/bucuresti\\\/rechizitoriu-dna-patrimoniul-tinerilor-din-bucuresti-mosia-unui-grup-de-interese\\\/\"},\"wordCount\":2167,\"publisher\":{\"@id\":\"https:\\\/\\\/buletin.de\\\/bucuresti\\\/#organization\"},\"image\":{\"@id\":\"https:\\\/\\\/buletin.de\\\/bucuresti\\\/rechizitoriu-dna-patrimoniul-tinerilor-din-bucuresti-mosia-unui-grup-de-interese\\\/#primaryimage\"},\"thumbnailUrl\":\"https:\\\/\\\/buletin.de\\\/bucuresti\\\/wp-content\\\/uploads\\\/721223a57e68777f9e7b414de359e5ac.jpg\",\"keywords\":[\"dna\",\"FTMB\",\"rechizitoriu\",\"Ticu Pl\u0103cint\u0103\"],\"articleSection\":[\"\u0218tiri\"],\"inLanguage\":\"en-GB\",\"copyrightYear\":\"2023\",\"copyrightHolder\":{\"@id\":\"https:\\\/\\\/buletin.de\\\/bucuresti\\\/#organization\"}},{\"@type\":\"WebPage\",\"@id\":\"https:\\\/\\\/buletin.de\\\/bucuresti\\\/rechizitoriu-dna-patrimoniul-tinerilor-din-bucuresti-mosia-unui-grup-de-interese\\\/\",\"url\":\"https:\\\/\\\/buletin.de\\\/bucuresti\\\/rechizitoriu-dna-patrimoniul-tinerilor-din-bucuresti-mosia-unui-grup-de-interese\\\/\",\"name\":\"Rechizitoriu DNA | Patrimoniul tinerilor din Bucure\u0219ti, mo\u0219ia unui grup de interese - Buletin de Bucure\u0219ti\",\"isPartOf\":{\"@id\":\"https:\\\/\\\/buletin.de\\\/bucuresti\\\/#website\"},\"primaryImageOfPage\":{\"@id\":\"https:\\\/\\\/buletin.de\\\/bucuresti\\\/rechizitoriu-dna-patrimoniul-tinerilor-din-bucuresti-mosia-unui-grup-de-interese\\\/#primaryimage\"},\"image\":{\"@id\":\"https:\\\/\\\/buletin.de\\\/bucuresti\\\/rechizitoriu-dna-patrimoniul-tinerilor-din-bucuresti-mosia-unui-grup-de-interese\\\/#primaryimage\"},\"thumbnailUrl\":\"https:\\\/\\\/buletin.de\\\/bucuresti\\\/wp-content\\\/uploads\\\/721223a57e68777f9e7b414de359e5ac.jpg\",\"datePublished\":\"2023-01-19T09:02:01+00:00\",\"dateModified\":\"2023-01-20T18:56:33+00:00\",\"breadcrumb\":{\"@id\":\"https:\\\/\\\/buletin.de\\\/bucuresti\\\/rechizitoriu-dna-patrimoniul-tinerilor-din-bucuresti-mosia-unui-grup-de-interese\\\/#breadcrumb\"},\"inLanguage\":\"en-GB\",\"potentialAction\":[{\"@type\":\"ReadAction\",\"target\":[\"https:\\\/\\\/buletin.de\\\/bucuresti\\\/rechizitoriu-dna-patrimoniul-tinerilor-din-bucuresti-mosia-unui-grup-de-interese\\\/\"]}]},{\"@type\":\"ImageObject\",\"inLanguage\":\"en-GB\",\"@id\":\"https:\\\/\\\/buletin.de\\\/bucuresti\\\/rechizitoriu-dna-patrimoniul-tinerilor-din-bucuresti-mosia-unui-grup-de-interese\\\/#primaryimage\",\"url\":\"https:\\\/\\\/buletin.de\\\/bucuresti\\\/wp-content\\\/uploads\\\/721223a57e68777f9e7b414de359e5ac.jpg\",\"contentUrl\":\"https:\\\/\\\/buletin.de\\\/bucuresti\\\/wp-content\\\/uploads\\\/721223a57e68777f9e7b414de359e5ac.jpg\",\"width\":700,\"height\":700},{\"@type\":\"BreadcrumbList\",\"@id\":\"https:\\\/\\\/buletin.de\\\/bucuresti\\\/rechizitoriu-dna-patrimoniul-tinerilor-din-bucuresti-mosia-unui-grup-de-interese\\\/#breadcrumb\",\"itemListElement\":[{\"@type\":\"ListItem\",\"position\":1,\"name\":\"Acas\u0103\",\"item\":\"https:\\\/\\\/buletin.de\\\/bucuresti\\\/\"},{\"@type\":\"ListItem\",\"position\":2,\"name\":\"Rechizitoriu DNA | Patrimoniul tinerilor din Bucure\u0219ti, mo\u0219ia unui grup de interese\"}]},{\"@type\":\"WebSite\",\"@id\":\"https:\\\/\\\/buletin.de\\\/bucuresti\\\/#website\",\"url\":\"https:\\\/\\\/buletin.de\\\/bucuresti\\\/\",\"name\":\"Buletin de Bucure\u0219ti\",\"description\":\"\u0218tiri \u0219i investiga\u021bii esen\u021biale din capital\u0103\",\"publisher\":{\"@id\":\"https:\\\/\\\/buletin.de\\\/bucuresti\\\/#organization\"},\"potentialAction\":[{\"@type\":\"SearchAction\",\"target\":{\"@type\":\"EntryPoint\",\"urlTemplate\":\"https:\\\/\\\/buletin.de\\\/bucuresti\\\/?s={search_term_string}\"},\"query-input\":{\"@type\":\"PropertyValueSpecification\",\"valueRequired\":true,\"valueName\":\"search_term_string\"}}],\"inLanguage\":\"en-GB\"},{\"@type\":\"Organization\",\"@id\":\"https:\\\/\\\/buletin.de\\\/bucuresti\\\/#organization\",\"name\":\"Buletin de Bucure\u0219ti\",\"url\":\"https:\\\/\\\/buletin.de\\\/bucuresti\\\/\",\"logo\":{\"@type\":\"ImageObject\",\"inLanguage\":\"en-GB\",\"@id\":\"https:\\\/\\\/buletin.de\\\/bucuresti\\\/#\\\/schema\\\/logo\\\/image\\\/\",\"url\":\"https:\\\/\\\/buletin.de\\\/bucuresti\\\/wp-content\\\/uploads\\\/logo-bdb-full-wide-vernil-transparent.png\",\"contentUrl\":\"https:\\\/\\\/buletin.de\\\/bucuresti\\\/wp-content\\\/uploads\\\/logo-bdb-full-wide-vernil-transparent.png\",\"width\":1782,\"height\":626,\"caption\":\"Buletin de Bucure\u0219ti\"},\"image\":{\"@id\":\"https:\\\/\\\/buletin.de\\\/bucuresti\\\/#\\\/schema\\\/logo\\\/image\\\/\"},\"sameAs\":[\"https:\\\/\\\/www.facebook.com\\\/buletin.de.buc\",\"https:\\\/\\\/www.instagram.com\\\/buletinde.bucuresti\\\/\"]},{\"@type\":\"Person\",\"@id\":\"https:\\\/\\\/buletin.de\\\/bucuresti\\\/#\\\/schema\\\/person\\\/ab174cf6711728e4ee83d672acf9a912\",\"name\":\"Adina C\u0103p\u00eelnean\",\"image\":{\"@type\":\"ImageObject\",\"inLanguage\":\"en-GB\",\"@id\":\"https:\\\/\\\/secure.gravatar.com\\\/avatar\\\/4fe9675d6282fd7c1aa4e486a037d532d5728fc16a30360f293eb6126b2e73ad?s=96&d=monsterid&r=ge2b23868508aec3460d3c6a11d3b599a\",\"url\":\"https:\\\/\\\/secure.gravatar.com\\\/avatar\\\/4fe9675d6282fd7c1aa4e486a037d532d5728fc16a30360f293eb6126b2e73ad?s=96&d=monsterid&r=g\",\"contentUrl\":\"https:\\\/\\\/secure.gravatar.com\\\/avatar\\\/4fe9675d6282fd7c1aa4e486a037d532d5728fc16a30360f293eb6126b2e73ad?s=96&d=monsterid&r=g\",\"caption\":\"Adina C\u0103p\u00eelnean\"},\"url\":\"https:\\\/\\\/buletin.de\\\/bucuresti\\\/author\\\/adinacapilnean\\\/\"}]}<\/script>\n<!-- \/ Yoast SEO Premium plugin. -->","yoast_head_json":{"title":"Rechizitoriu DNA | Patrimoniul tinerilor din Bucure\u0219ti, mo\u0219ia unui grup de interese - Buletin de Bucure\u0219ti","robots":{"index":"index","follow":"follow","max-snippet":"max-snippet:-1","max-image-preview":"max-image-preview:large","max-video-preview":"max-video-preview:-1"},"canonical":"https:\/\/buletin.de\/bucuresti\/rechizitoriu-dna-patrimoniul-tinerilor-din-bucuresti-mosia-unui-grup-de-interese\/","og_locale":"en_GB","og_type":"article","og_title":"Rechizitoriu DNA | Patrimoniul tinerilor din Bucure\u0219ti, mo\u0219ia unui grup de interese","og_description":"\u00cen 2021, o investiga\u021bie Buletin de Bucure\u0219ti a scos la iveal\u0103 modul \u00een care administrarea patrimoniului Funda\u021biei pentru Tineret a Municipiului Bucure\u0219ti a fost m\u00e2nat\u0103 de interese financiare private. Investiga\u021bia s-a concentrat pe \u201efirul c\u0103l\u0103uzitor al tuturor afacerilor care au urmat\u201d, Ticu Pl\u0103cint\u0103, \u0219i istoricul afacerilor p\u0103guboase derulate \u00een dou\u0103 din cele cinci loca\u021bii din [&hellip;]","og_url":"https:\/\/buletin.de\/bucuresti\/rechizitoriu-dna-patrimoniul-tinerilor-din-bucuresti-mosia-unui-grup-de-interese\/","og_site_name":"Buletin de Bucure\u0219ti","article_publisher":"https:\/\/www.facebook.com\/buletin.de.buc","article_published_time":"2023-01-19T09:02:01+00:00","article_modified_time":"2023-01-20T18:56:33+00:00","og_image":[{"width":700,"height":700,"url":"https:\/\/buletin.de\/bucuresti\/wp-content\/uploads\/721223a57e68777f9e7b414de359e5ac.jpg","type":"image\/jpeg"}],"author":"Adina C\u0103p\u00eelnean","twitter_card":"summary_large_image","twitter_misc":{"Written by":"Adina C\u0103p\u00eelnean","Estimated reading time":"9 minutes"},"schema":{"@context":"https:\/\/schema.org","@graph":[{"@type":"Article","@id":"https:\/\/buletin.de\/bucuresti\/rechizitoriu-dna-patrimoniul-tinerilor-din-bucuresti-mosia-unui-grup-de-interese\/#article","isPartOf":{"@id":"https:\/\/buletin.de\/bucuresti\/rechizitoriu-dna-patrimoniul-tinerilor-din-bucuresti-mosia-unui-grup-de-interese\/"},"author":{"name":"Adina C\u0103p\u00eelnean","@id":"https:\/\/buletin.de\/bucuresti\/#\/schema\/person\/ab174cf6711728e4ee83d672acf9a912"},"headline":"Rechizitoriu DNA | Patrimoniul tinerilor din Bucure\u0219ti, mo\u0219ia unui grup de interese","datePublished":"2023-01-19T09:02:01+00:00","dateModified":"2023-01-20T18:56:33+00:00","mainEntityOfPage":{"@id":"https:\/\/buletin.de\/bucuresti\/rechizitoriu-dna-patrimoniul-tinerilor-din-bucuresti-mosia-unui-grup-de-interese\/"},"wordCount":2167,"publisher":{"@id":"https:\/\/buletin.de\/bucuresti\/#organization"},"image":{"@id":"https:\/\/buletin.de\/bucuresti\/rechizitoriu-dna-patrimoniul-tinerilor-din-bucuresti-mosia-unui-grup-de-interese\/#primaryimage"},"thumbnailUrl":"https:\/\/buletin.de\/bucuresti\/wp-content\/uploads\/721223a57e68777f9e7b414de359e5ac.jpg","keywords":["dna","FTMB","rechizitoriu","Ticu Pl\u0103cint\u0103"],"articleSection":["\u0218tiri"],"inLanguage":"en-GB","copyrightYear":"2023","copyrightHolder":{"@id":"https:\/\/buletin.de\/bucuresti\/#organization"}},{"@type":"WebPage","@id":"https:\/\/buletin.de\/bucuresti\/rechizitoriu-dna-patrimoniul-tinerilor-din-bucuresti-mosia-unui-grup-de-interese\/","url":"https:\/\/buletin.de\/bucuresti\/rechizitoriu-dna-patrimoniul-tinerilor-din-bucuresti-mosia-unui-grup-de-interese\/","name":"Rechizitoriu DNA | Patrimoniul tinerilor din Bucure\u0219ti, mo\u0219ia unui grup de interese - Buletin de Bucure\u0219ti","isPartOf":{"@id":"https:\/\/buletin.de\/bucuresti\/#website"},"primaryImageOfPage":{"@id":"https:\/\/buletin.de\/bucuresti\/rechizitoriu-dna-patrimoniul-tinerilor-din-bucuresti-mosia-unui-grup-de-interese\/#primaryimage"},"image":{"@id":"https:\/\/buletin.de\/bucuresti\/rechizitoriu-dna-patrimoniul-tinerilor-din-bucuresti-mosia-unui-grup-de-interese\/#primaryimage"},"thumbnailUrl":"https:\/\/buletin.de\/bucuresti\/wp-content\/uploads\/721223a57e68777f9e7b414de359e5ac.jpg","datePublished":"2023-01-19T09:02:01+00:00","dateModified":"2023-01-20T18:56:33+00:00","breadcrumb":{"@id":"https:\/\/buletin.de\/bucuresti\/rechizitoriu-dna-patrimoniul-tinerilor-din-bucuresti-mosia-unui-grup-de-interese\/#breadcrumb"},"inLanguage":"en-GB","potentialAction":[{"@type":"ReadAction","target":["https:\/\/buletin.de\/bucuresti\/rechizitoriu-dna-patrimoniul-tinerilor-din-bucuresti-mosia-unui-grup-de-interese\/"]}]},{"@type":"ImageObject","inLanguage":"en-GB","@id":"https:\/\/buletin.de\/bucuresti\/rechizitoriu-dna-patrimoniul-tinerilor-din-bucuresti-mosia-unui-grup-de-interese\/#primaryimage","url":"https:\/\/buletin.de\/bucuresti\/wp-content\/uploads\/721223a57e68777f9e7b414de359e5ac.jpg","contentUrl":"https:\/\/buletin.de\/bucuresti\/wp-content\/uploads\/721223a57e68777f9e7b414de359e5ac.jpg","width":700,"height":700},{"@type":"BreadcrumbList","@id":"https:\/\/buletin.de\/bucuresti\/rechizitoriu-dna-patrimoniul-tinerilor-din-bucuresti-mosia-unui-grup-de-interese\/#breadcrumb","itemListElement":[{"@type":"ListItem","position":1,"name":"Acas\u0103","item":"https:\/\/buletin.de\/bucuresti\/"},{"@type":"ListItem","position":2,"name":"Rechizitoriu DNA | Patrimoniul tinerilor din Bucure\u0219ti, mo\u0219ia unui grup de interese"}]},{"@type":"WebSite","@id":"https:\/\/buletin.de\/bucuresti\/#website","url":"https:\/\/buletin.de\/bucuresti\/","name":"Buletin de Bucure\u0219ti","description":"\u0218tiri \u0219i investiga\u021bii esen\u021biale din capital\u0103","publisher":{"@id":"https:\/\/buletin.de\/bucuresti\/#organization"},"potentialAction":[{"@type":"SearchAction","target":{"@type":"EntryPoint","urlTemplate":"https:\/\/buletin.de\/bucuresti\/?s={search_term_string}"},"query-input":{"@type":"PropertyValueSpecification","valueRequired":true,"valueName":"search_term_string"}}],"inLanguage":"en-GB"},{"@type":"Organization","@id":"https:\/\/buletin.de\/bucuresti\/#organization","name":"Buletin de Bucure\u0219ti","url":"https:\/\/buletin.de\/bucuresti\/","logo":{"@type":"ImageObject","inLanguage":"en-GB","@id":"https:\/\/buletin.de\/bucuresti\/#\/schema\/logo\/image\/","url":"https:\/\/buletin.de\/bucuresti\/wp-content\/uploads\/logo-bdb-full-wide-vernil-transparent.png","contentUrl":"https:\/\/buletin.de\/bucuresti\/wp-content\/uploads\/logo-bdb-full-wide-vernil-transparent.png","width":1782,"height":626,"caption":"Buletin de Bucure\u0219ti"},"image":{"@id":"https:\/\/buletin.de\/bucuresti\/#\/schema\/logo\/image\/"},"sameAs":["https:\/\/www.facebook.com\/buletin.de.buc","https:\/\/www.instagram.com\/buletinde.bucuresti\/"]},{"@type":"Person","@id":"https:\/\/buletin.de\/bucuresti\/#\/schema\/person\/ab174cf6711728e4ee83d672acf9a912","name":"Adina C\u0103p\u00eelnean","image":{"@type":"ImageObject","inLanguage":"en-GB","@id":"https:\/\/secure.gravatar.com\/avatar\/4fe9675d6282fd7c1aa4e486a037d532d5728fc16a30360f293eb6126b2e73ad?s=96&d=monsterid&r=ge2b23868508aec3460d3c6a11d3b599a","url":"https:\/\/secure.gravatar.com\/avatar\/4fe9675d6282fd7c1aa4e486a037d532d5728fc16a30360f293eb6126b2e73ad?s=96&d=monsterid&r=g","contentUrl":"https:\/\/secure.gravatar.com\/avatar\/4fe9675d6282fd7c1aa4e486a037d532d5728fc16a30360f293eb6126b2e73ad?s=96&d=monsterid&r=g","caption":"Adina C\u0103p\u00eelnean"},"url":"https:\/\/buletin.de\/bucuresti\/author\/adinacapilnean\/"}]}},"authors":[{"term_id":22580,"user_id":47,"is_guest":0,"slug":"adinacapilnean","display_name":"Adina C\u0103p\u00eelnean","avatar_url":"https:\/\/secure.gravatar.com\/avatar\/4fe9675d6282fd7c1aa4e486a037d532d5728fc16a30360f293eb6126b2e73ad?s=96&d=monsterid&r=g","0":null,"1":"","2":"","3":"","4":"","5":"","6":"","7":"","8":""}],"_links":{"self":[{"href":"https:\/\/buletin.de\/bucuresti\/wp-json\/wp\/v2\/posts\/51349","targetHints":{"allow":["GET"]}}],"collection":[{"href":"https:\/\/buletin.de\/bucuresti\/wp-json\/wp\/v2\/posts"}],"about":[{"href":"https:\/\/buletin.de\/bucuresti\/wp-json\/wp\/v2\/types\/post"}],"author":[{"embeddable":true,"href":"https:\/\/buletin.de\/bucuresti\/wp-json\/wp\/v2\/users\/47"}],"replies":[{"embeddable":true,"href":"https:\/\/buletin.de\/bucuresti\/wp-json\/wp\/v2\/comments?post=51349"}],"version-history":[{"count":41,"href":"https:\/\/buletin.de\/bucuresti\/wp-json\/wp\/v2\/posts\/51349\/revisions"}],"predecessor-version":[{"id":52055,"href":"https:\/\/buletin.de\/bucuresti\/wp-json\/wp\/v2\/posts\/51349\/revisions\/52055"}],"wp:featuredmedia":[{"embeddable":true,"href":"https:\/\/buletin.de\/bucuresti\/wp-json\/wp\/v2\/media\/52023"}],"wp:attachment":[{"href":"https:\/\/buletin.de\/bucuresti\/wp-json\/wp\/v2\/media?parent=51349"}],"wp:term":[{"taxonomy":"category","embeddable":true,"href":"https:\/\/buletin.de\/bucuresti\/wp-json\/wp\/v2\/categories?post=51349"},{"taxonomy":"post_tag","embeddable":true,"href":"https:\/\/buletin.de\/bucuresti\/wp-json\/wp\/v2\/tags?post=51349"},{"taxonomy":"author","embeddable":true,"href":"https:\/\/buletin.de\/bucuresti\/wp-json\/wp\/v2\/ppma_author?post=51349"}],"curies":[{"name":"wp","href":"https:\/\/api.w.org\/{rel}","templated":true}]}}