{"id":51274,"date":"2023-01-09T12:18:45","date_gmt":"2023-01-09T10:18:45","guid":{"rendered":"https:\/\/buletin.de\/bucuresti\/?p=51274"},"modified":"2023-01-09T22:59:59","modified_gmt":"2023-01-09T20:59:59","slug":"video-lucrarile-la-autostrada-bucuresti-in-zona-de-sud-intre-a1-si-a2-au-trecut-de-60","status":"publish","type":"post","link":"https:\/\/buletin.de\/bucuresti\/video-lucrarile-la-autostrada-bucuresti-in-zona-de-sud-intre-a1-si-a2-au-trecut-de-60\/","title":{"rendered":"VIDEO | Lucr\u0103rile la Autostrada Bucure\u0219ti, \u00een zona de Sud, \u00eentre A1 \u0219i A2, au trecut de 60%"},"content":{"rendered":"\n<p><em><strong>ERAT\u0102\/\/\/<\/strong> Lotul 3 din A0 avea la 1 decembrie 2022 un procent de execu\u021bie de 21,35%. O por\u021biune de aproximativ 500 de metri, la Vest de DN5 unde se afl\u0103 limita dintre lotul 2 \u0219i lotul 3, figura cu un procent de 68.38% la 1 noiembrie 2022, potrivit platformei <a href=\"https:\/\/www.proinfrastructura.ro\/proiecteinfrastructura.html#map=11\/44.362\/26.209\">Asocia\u021biei Pro Infrastructura<\/a>.<\/em><\/p>\n\n\n\n<p><strong>Stadiul lucr\u0103rilor la cele trei loturi din zona de Sud a Capitalei ale A0 au ajuns, cumulat, la 63%. Este vorba despre tronsoanele cuprinse \u00eentre Autostrada Soarelui \u0219i Bucure\u0219ti-Pite\u0219ti care \u00eensumeaz\u0103 peste 50 de kilometri de drum de mare vitez\u0103.<\/strong><\/p>\n\n\n\n<p>Segmentul Sud al Autostr\u0103zii Bucure\u0219ti este \u00eemp\u0103r\u021bit \u00een trei loturi, pentru care au fost anun\u021ba\u021bi c\u00e2\u0219tig\u0103torii licita\u021biilor \u00een prim\u0103vara lui 2019. Primele dou\u0103 loturi au fost c\u00e2\u0219tigate de consor\u021biul turcesc Alsim-Alarko iar cel de-al treilea de asocierea greco-rom\u00e2n\u0103 Aktor-Euroconstruct.<\/p>\n\n\n\n<p>Pentru loturile 1 \u0219i 2, care \u00eenseamn\u0103 un drum de mare vitez\u0103 \u00een lungime de 33,2 kilometri \u00eentre comunele Cernica \u0219i Cornetu, lucr\u0103rile au ajuns la 54,8%, respectiv 68,3%,<a href=\"https:\/\/www.proinfrastructura.ro\/proiecteinfrastructura.html#map=11\/44.362\/26.209\"> potrivit datelor Asocia\u021biei Pro Infrastructura.<\/a> <\/p>\n\n\n\n<figure class=\"wp-block-image size-large\"><img fetchpriority=\"high\" decoding=\"async\" width=\"900\" height=\"526\" src=\"data:image\/gif;base64,R0lGODlhAQABAAAAACH5BAEKAAEALAAAAAABAAEAAAICTAEAOw==\" data-src=\"https:\/\/buletin.de\/bucuresti\/wp-content\/uploads\/pro-infrastrcutra-900x526.jpg\" alt=\"\" class=\"wp-image-51288 lazyload\" data-sizes=\"auto\" data-srcset=\"https:\/\/buletin.de\/bucuresti\/wp-content\/uploads\/pro-infrastrcutra-900x526.jpg 900w, https:\/\/buletin.de\/bucuresti\/wp-content\/uploads\/pro-infrastrcutra-300x175.jpg 300w, https:\/\/buletin.de\/bucuresti\/wp-content\/uploads\/pro-infrastrcutra-768x449.jpg 768w, https:\/\/buletin.de\/bucuresti\/wp-content\/uploads\/pro-infrastrcutra-1536x898.jpg 1536w, https:\/\/buletin.de\/bucuresti\/wp-content\/uploads\/pro-infrastrcutra-1060x620.jpg 1060w, https:\/\/buletin.de\/bucuresti\/wp-content\/uploads\/pro-infrastrcutra-550x322.jpg 550w, https:\/\/buletin.de\/bucuresti\/wp-content\/uploads\/pro-infrastrcutra-855x500.jpg 855w, https:\/\/buletin.de\/bucuresti\/wp-content\/uploads\/pro-infrastrcutra-1920x1123.jpg 1920w, https:\/\/buletin.de\/bucuresti\/wp-content\/uploads\/pro-infrastrcutra-1846x1080.jpg 1846w, https:\/\/buletin.de\/bucuresti\/wp-content\/uploads\/pro-infrastrcutra-600x351.jpg 600w, https:\/\/buletin.de\/bucuresti\/wp-content\/uploads\/pro-infrastrcutra.jpg 2007w\" sizes=\"(max-width: 900px) 100vw, 900px\" \/><\/figure>\n\n\n\n<p>Printre zonele unde proiectul a \u00eenceput a avansat considerabil se num\u0103r\u0103 \u0219i cea aferent\u0103 nodului rutier de peste DN 5 Bucure\u0219ti-Giurgiu.<\/p>\n\n\n\n<p><a href=\"https:\/\/www.youtube.com\/@RaducuPDrum\">O filmare din dron\u0103<\/a>, realizat\u0103 pe 4 ianuarie, surprinde devierea traficului de pe \u0219oseaua c\u0103tre Dun\u0103re dar \u0219i o por\u021biune aproape gata unde deja s-a asfaltat \u0219i s-au montat parape\u021bii \u0219i st\u00e2lpii de iluminat.<\/p>\n\n\n\n<iframe width=\"560\" height=\"315\" src=\"https:\/\/www.youtube.com\/embed\/JZg9giJbZHs\" title=\"YouTube video player\" frameborder=\"0\" allow=\"accelerometer; autoplay; clipboard-write; encrypted-media; gyroscope; picture-in-picture; web-share\" allowfullscreen=\"\"><\/iframe>\n\n\n\n<p>Secretarul de stat \u00een Ministerul Transporturilor, Irinel Scrio\u0219teanu, responsabil de monitorizarea proiectului Autostr\u0103zii Bucure\u0219ti, a anun\u021bat recent c\u0103 unele dintre cele mai complexe lucr\u0103ri, din zona de Sud, sunt aproape gata.<\/p>\n\n\n\n<p>\u201c<em>Pe \u0219antierul Autostr\u0103zii Bucure\u0219tiului A0 Sud \u2013 lot 1 se monteaz\u0103 acum ultimele grinzi aferente Nodului Rutier care va lega autostr\u0103zile A0 (Autostrada Bucure\u0219tiului) \u0219i A2 (Bucure\u0219ti \u2013 Constan\u021ba) \u00een zona localit\u0103\u021bii Cernica, fiind printre cele mai mari noduri rutiere construite p\u00e2n\u0103 acum \u00een Rom\u00e2nia<\/em>\u201d, a precizat Scrio\u0219teanu.<\/p>\n\n\n\n<iframe src=\"https:\/\/www.facebook.com\/plugins\/video.php?height=476&amp;href=https%3A%2F%2Fwww.facebook.com%2FIrinelScriosteanu%2Fvideos%2F479728180775038%2F&amp;show_text=true&amp;width=267&amp;t=0\" width=\"267\" height=\"591\" style=\"border:none;overflow:hidden\" scrolling=\"no\" frameborder=\"0\" allowfullscreen=\"true\" allow=\"autoplay; clipboard-write; encrypted-media; picture-in-picture; web-share\"><\/iframe>\n\n\n\n<p>Potrivit contractelor, toate cele trei loturi, de la Cernica la Ciorog\u00e2rla, \u00eensumeaz\u0103 51 de kilometri de \u0219osea de mare vitez\u0103. Lucr\u0103rile cost\u0103 aproximativ 500 de milioane de euro \u0219i ar trebui s\u0103 fie gata \u00een cursul acestui an.&nbsp;<\/p>\n","protected":false},"excerpt":{"rendered":"<p>ERAT\u0102\/\/\/ Lotul 3 din A0 avea la 1 decembrie 2022 un procent de execu\u021bie de 21,35%. O por\u021biune de aproximativ 500 de metri, la Vest de DN5 unde se afl\u0103 limita dintre lotul 2 \u0219i lotul 3, figura cu un procent de 68.38% la 1 noiembrie 2022, potrivit platformei Asocia\u021biei Pro Infrastructura. Stadiul lucr\u0103rilor la [&hellip;]<\/p>\n","protected":false},"author":10,"featured_media":51275,"comment_status":"closed","ping_status":"open","sticky":false,"template":"","format":"standard","meta":{"_acf_changed":false,"inline_featured_image":false,"ngg_post_thumbnail":0,"footnotes":""},"categories":[3419,62,650],"tags":[1465,5158,2515,1761,2511,1001,1337,5161,5160,5159,380],"ppma_author":[22575],"class_list":["post-51274","post","type-post","status-publish","format-standard","has-post-thumbnail","hentry","category-featured","category-stiri","category-transport","tag-a0","tag-autostrada-bucuresti","tag-cernica","tag-ciorogarla","tag-cornetu","tag-finalizare","tag-pret","tag-scriosteanu","tag-stadiu","tag-stadiu-lucrari","tag-termen"],"acf":[],"yoast_head":"<!-- This site is optimized with the Yoast SEO Premium plugin v25.3 (Yoast SEO v27.4) - https:\/\/yoast.com\/product\/yoast-seo-premium-wordpress\/ -->\n<title>VIDEO | Lucr\u0103rile la Autostrada Bucure\u0219ti, \u00een zona de Sud, \u00eentre A1 \u0219i A2, au trecut de 60% - Buletin de Bucure\u0219ti<\/title>\n<meta name=\"robots\" content=\"index, follow, max-snippet:-1, max-image-preview:large, max-video-preview:-1\" \/>\n<link rel=\"canonical\" href=\"https:\/\/buletin.de\/bucuresti\/video-lucrarile-la-autostrada-bucuresti-in-zona-de-sud-intre-a1-si-a2-au-trecut-de-60\/\" \/>\n<meta property=\"og:locale\" content=\"en_GB\" \/>\n<meta property=\"og:type\" content=\"article\" \/>\n<meta property=\"og:title\" content=\"VIDEO | Lucr\u0103rile la Autostrada Bucure\u0219ti, \u00een zona de Sud, \u00eentre A1 \u0219i A2, au trecut de 60%\" \/>\n<meta property=\"og:description\" content=\"ERAT\u0102\/\/\/ Lotul 3 din A0 avea la 1 decembrie 2022 un procent de execu\u021bie de 21,35%. O por\u021biune de aproximativ 500 de metri, la Vest de DN5 unde se afl\u0103 limita dintre lotul 2 \u0219i lotul 3, figura cu un procent de 68.38% la 1 noiembrie 2022, potrivit platformei Asocia\u021biei Pro Infrastructura. Stadiul lucr\u0103rilor la [&hellip;]\" \/>\n<meta property=\"og:url\" content=\"https:\/\/buletin.de\/bucuresti\/video-lucrarile-la-autostrada-bucuresti-in-zona-de-sud-intre-a1-si-a2-au-trecut-de-60\/\" \/>\n<meta property=\"og:site_name\" content=\"Buletin de Bucure\u0219ti\" \/>\n<meta property=\"article:publisher\" content=\"https:\/\/www.facebook.com\/buletin.de.buc\" \/>\n<meta property=\"article:published_time\" content=\"2023-01-09T10:18:45+00:00\" \/>\n<meta property=\"article:modified_time\" content=\"2023-01-09T20:59:59+00:00\" \/>\n<meta property=\"og:image\" content=\"https:\/\/buletin.de\/bucuresti\/wp-content\/uploads\/cover-a0.jpg\" \/>\n\t<meta property=\"og:image:width\" content=\"2000\" \/>\n\t<meta property=\"og:image:height\" content=\"1208\" \/>\n\t<meta property=\"og:image:type\" content=\"image\/jpeg\" \/>\n<meta name=\"author\" content=\"C\u0103t\u0103lin Dosca\u0219\" \/>\n<meta name=\"twitter:card\" content=\"summary_large_image\" \/>\n<meta name=\"twitter:label1\" content=\"Written by\" \/>\n\t<meta name=\"twitter:data1\" content=\"C\u0103t\u0103lin Dosca\u0219\" \/>\n\t<meta name=\"twitter:label2\" content=\"Estimated reading time\" \/>\n\t<meta name=\"twitter:data2\" content=\"2 minutes\" \/>\n<script type=\"application\/ld+json\" class=\"yoast-schema-graph\">{\"@context\":\"https:\\\/\\\/schema.org\",\"@graph\":[{\"@type\":\"Article\",\"@id\":\"https:\\\/\\\/buletin.de\\\/bucuresti\\\/video-lucrarile-la-autostrada-bucuresti-in-zona-de-sud-intre-a1-si-a2-au-trecut-de-60\\\/#article\",\"isPartOf\":{\"@id\":\"https:\\\/\\\/buletin.de\\\/bucuresti\\\/video-lucrarile-la-autostrada-bucuresti-in-zona-de-sud-intre-a1-si-a2-au-trecut-de-60\\\/\"},\"author\":{\"name\":\"C\u0103t\u0103lin Dosca\u0219\",\"@id\":\"https:\\\/\\\/buletin.de\\\/bucuresti\\\/#\\\/schema\\\/person\\\/31117187ed4d0bdb0a4c7d6acc79d0f8\"},\"headline\":\"VIDEO | Lucr\u0103rile la Autostrada Bucure\u0219ti, \u00een zona de Sud, \u00eentre A1 \u0219i A2, au trecut de 60%\",\"datePublished\":\"2023-01-09T10:18:45+00:00\",\"dateModified\":\"2023-01-09T20:59:59+00:00\",\"mainEntityOfPage\":{\"@id\":\"https:\\\/\\\/buletin.de\\\/bucuresti\\\/video-lucrarile-la-autostrada-bucuresti-in-zona-de-sud-intre-a1-si-a2-au-trecut-de-60\\\/\"},\"wordCount\":376,\"publisher\":{\"@id\":\"https:\\\/\\\/buletin.de\\\/bucuresti\\\/#organization\"},\"image\":{\"@id\":\"https:\\\/\\\/buletin.de\\\/bucuresti\\\/video-lucrarile-la-autostrada-bucuresti-in-zona-de-sud-intre-a1-si-a2-au-trecut-de-60\\\/#primaryimage\"},\"thumbnailUrl\":\"https:\\\/\\\/buletin.de\\\/bucuresti\\\/wp-content\\\/uploads\\\/cover-a0.jpg\",\"keywords\":[\"A0\",\"autostrada bucuresti\",\"cernica\",\"ciorogarla\",\"Cornetu\",\"finalizare\",\"pret\",\"scriosteanu\",\"stadiu\",\"stadiu lucrari\",\"termen\"],\"articleSection\":[\"Featured\",\"\u0218tiri\",\"Transport\"],\"inLanguage\":\"en-GB\",\"copyrightYear\":\"2023\",\"copyrightHolder\":{\"@id\":\"https:\\\/\\\/buletin.de\\\/bucuresti\\\/#organization\"}},{\"@type\":\"WebPage\",\"@id\":\"https:\\\/\\\/buletin.de\\\/bucuresti\\\/video-lucrarile-la-autostrada-bucuresti-in-zona-de-sud-intre-a1-si-a2-au-trecut-de-60\\\/\",\"url\":\"https:\\\/\\\/buletin.de\\\/bucuresti\\\/video-lucrarile-la-autostrada-bucuresti-in-zona-de-sud-intre-a1-si-a2-au-trecut-de-60\\\/\",\"name\":\"VIDEO | Lucr\u0103rile la Autostrada Bucure\u0219ti, \u00een zona de Sud, \u00eentre A1 \u0219i A2, au trecut de 60% - Buletin de Bucure\u0219ti\",\"isPartOf\":{\"@id\":\"https:\\\/\\\/buletin.de\\\/bucuresti\\\/#website\"},\"primaryImageOfPage\":{\"@id\":\"https:\\\/\\\/buletin.de\\\/bucuresti\\\/video-lucrarile-la-autostrada-bucuresti-in-zona-de-sud-intre-a1-si-a2-au-trecut-de-60\\\/#primaryimage\"},\"image\":{\"@id\":\"https:\\\/\\\/buletin.de\\\/bucuresti\\\/video-lucrarile-la-autostrada-bucuresti-in-zona-de-sud-intre-a1-si-a2-au-trecut-de-60\\\/#primaryimage\"},\"thumbnailUrl\":\"https:\\\/\\\/buletin.de\\\/bucuresti\\\/wp-content\\\/uploads\\\/cover-a0.jpg\",\"datePublished\":\"2023-01-09T10:18:45+00:00\",\"dateModified\":\"2023-01-09T20:59:59+00:00\",\"breadcrumb\":{\"@id\":\"https:\\\/\\\/buletin.de\\\/bucuresti\\\/video-lucrarile-la-autostrada-bucuresti-in-zona-de-sud-intre-a1-si-a2-au-trecut-de-60\\\/#breadcrumb\"},\"inLanguage\":\"en-GB\",\"potentialAction\":[{\"@type\":\"ReadAction\",\"target\":[\"https:\\\/\\\/buletin.de\\\/bucuresti\\\/video-lucrarile-la-autostrada-bucuresti-in-zona-de-sud-intre-a1-si-a2-au-trecut-de-60\\\/\"]}]},{\"@type\":\"ImageObject\",\"inLanguage\":\"en-GB\",\"@id\":\"https:\\\/\\\/buletin.de\\\/bucuresti\\\/video-lucrarile-la-autostrada-bucuresti-in-zona-de-sud-intre-a1-si-a2-au-trecut-de-60\\\/#primaryimage\",\"url\":\"https:\\\/\\\/buletin.de\\\/bucuresti\\\/wp-content\\\/uploads\\\/cover-a0.jpg\",\"contentUrl\":\"https:\\\/\\\/buletin.de\\\/bucuresti\\\/wp-content\\\/uploads\\\/cover-a0.jpg\",\"width\":2000,\"height\":1208},{\"@type\":\"BreadcrumbList\",\"@id\":\"https:\\\/\\\/buletin.de\\\/bucuresti\\\/video-lucrarile-la-autostrada-bucuresti-in-zona-de-sud-intre-a1-si-a2-au-trecut-de-60\\\/#breadcrumb\",\"itemListElement\":[{\"@type\":\"ListItem\",\"position\":1,\"name\":\"Acas\u0103\",\"item\":\"https:\\\/\\\/buletin.de\\\/bucuresti\\\/\"},{\"@type\":\"ListItem\",\"position\":2,\"name\":\"VIDEO | Lucr\u0103rile la Autostrada Bucure\u0219ti, \u00een zona de Sud, \u00eentre A1 \u0219i A2, au trecut de 60%\"}]},{\"@type\":\"WebSite\",\"@id\":\"https:\\\/\\\/buletin.de\\\/bucuresti\\\/#website\",\"url\":\"https:\\\/\\\/buletin.de\\\/bucuresti\\\/\",\"name\":\"Buletin de Bucure\u0219ti\",\"description\":\"\u0218tiri \u0219i investiga\u021bii esen\u021biale din capital\u0103\",\"publisher\":{\"@id\":\"https:\\\/\\\/buletin.de\\\/bucuresti\\\/#organization\"},\"potentialAction\":[{\"@type\":\"SearchAction\",\"target\":{\"@type\":\"EntryPoint\",\"urlTemplate\":\"https:\\\/\\\/buletin.de\\\/bucuresti\\\/?s={search_term_string}\"},\"query-input\":{\"@type\":\"PropertyValueSpecification\",\"valueRequired\":true,\"valueName\":\"search_term_string\"}}],\"inLanguage\":\"en-GB\"},{\"@type\":\"Organization\",\"@id\":\"https:\\\/\\\/buletin.de\\\/bucuresti\\\/#organization\",\"name\":\"Buletin de Bucure\u0219ti\",\"url\":\"https:\\\/\\\/buletin.de\\\/bucuresti\\\/\",\"logo\":{\"@type\":\"ImageObject\",\"inLanguage\":\"en-GB\",\"@id\":\"https:\\\/\\\/buletin.de\\\/bucuresti\\\/#\\\/schema\\\/logo\\\/image\\\/\",\"url\":\"https:\\\/\\\/buletin.de\\\/bucuresti\\\/wp-content\\\/uploads\\\/logo-bdb-full-wide-vernil-transparent.png\",\"contentUrl\":\"https:\\\/\\\/buletin.de\\\/bucuresti\\\/wp-content\\\/uploads\\\/logo-bdb-full-wide-vernil-transparent.png\",\"width\":1782,\"height\":626,\"caption\":\"Buletin de Bucure\u0219ti\"},\"image\":{\"@id\":\"https:\\\/\\\/buletin.de\\\/bucuresti\\\/#\\\/schema\\\/logo\\\/image\\\/\"},\"sameAs\":[\"https:\\\/\\\/www.facebook.com\\\/buletin.de.buc\",\"https:\\\/\\\/www.instagram.com\\\/buletinde.bucuresti\\\/\"]},{\"@type\":\"Person\",\"@id\":\"https:\\\/\\\/buletin.de\\\/bucuresti\\\/#\\\/schema\\\/person\\\/31117187ed4d0bdb0a4c7d6acc79d0f8\",\"name\":\"C\u0103t\u0103lin Dosca\u0219\",\"image\":{\"@type\":\"ImageObject\",\"inLanguage\":\"en-GB\",\"@id\":\"https:\\\/\\\/buletin.de\\\/bucuresti\\\/wp-content\\\/uploads\\\/Catalin-Doscas-e1732731064764-96x96.jpga93e2943bb3b1c1f9ead823df6e6317a\",\"url\":\"https:\\\/\\\/buletin.de\\\/bucuresti\\\/wp-content\\\/uploads\\\/Catalin-Doscas-e1732731064764-96x96.jpg\",\"contentUrl\":\"https:\\\/\\\/buletin.de\\\/bucuresti\\\/wp-content\\\/uploads\\\/Catalin-Doscas-e1732731064764-96x96.jpg\",\"caption\":\"C\u0103t\u0103lin Dosca\u0219\"},\"description\":\"Reporter \u0219i redactor-\u0219ef Buletin de Bucure\u0219ti. Lucreaz\u0103 \u00een mass-media de la v\u00e2rsta de 15 ani, c\u00e2nd a publicat primele articole \u00een presa local\u0103 din Tecuci. \u00cen Bucure\u0219ti a lucrat \u00een redac\u021bii radio ca reporter, redactor \u0219i prezentator (StudentFM, Na\u021bionalFM, Radio Total, Smart FM), unde a acoperit domeniile politic, economic, social \u0219i externe. Ulterior, a fost editor-coordonator al postului Realitatea FM. Experien\u021ba \u00een jurnalismul online a dob\u00e2ndit-o la portalul B365.ro, unde a fost editor. \u00cen 2012 s-a angajat \u00een televiziune. La Realitatea TV a fost, pe r\u00e2nd, reporter la sec\u021bia Social, reporter special la emisiunea de reportaje \u0219i anchete \u201eReporterii Realit\u0103\u021bii\u201d, dar \u0219i editor al jurnalelor de \u0219tiri. Ulterior, a f\u0103cut parte din sec\u021bia de Investiga\u021bii de la Digi24 \u0219i a lucrat la campania \u201eRom\u00e2nia furat\u0103\u201d. A revenit \u00een presa scris\u0103 \u00een 2017, ca reporter special, \u00een cadrul unui proiect de repozi\u021bionare a tabloidului Libertatea \u00een cotidian generalist. Este jurnalist Buletin de Bucure\u0219ti din 2019.\",\"url\":\"https:\\\/\\\/buletin.de\\\/bucuresti\\\/author\\\/catalin\\\/\"}]}<\/script>\n<!-- \/ Yoast SEO Premium plugin. -->","yoast_head_json":{"title":"VIDEO | Lucr\u0103rile la Autostrada Bucure\u0219ti, \u00een zona de Sud, \u00eentre A1 \u0219i A2, au trecut de 60% - Buletin de Bucure\u0219ti","robots":{"index":"index","follow":"follow","max-snippet":"max-snippet:-1","max-image-preview":"max-image-preview:large","max-video-preview":"max-video-preview:-1"},"canonical":"https:\/\/buletin.de\/bucuresti\/video-lucrarile-la-autostrada-bucuresti-in-zona-de-sud-intre-a1-si-a2-au-trecut-de-60\/","og_locale":"en_GB","og_type":"article","og_title":"VIDEO | Lucr\u0103rile la Autostrada Bucure\u0219ti, \u00een zona de Sud, \u00eentre A1 \u0219i A2, au trecut de 60%","og_description":"ERAT\u0102\/\/\/ Lotul 3 din A0 avea la 1 decembrie 2022 un procent de execu\u021bie de 21,35%. O por\u021biune de aproximativ 500 de metri, la Vest de DN5 unde se afl\u0103 limita dintre lotul 2 \u0219i lotul 3, figura cu un procent de 68.38% la 1 noiembrie 2022, potrivit platformei Asocia\u021biei Pro Infrastructura. Stadiul lucr\u0103rilor la [&hellip;]","og_url":"https:\/\/buletin.de\/bucuresti\/video-lucrarile-la-autostrada-bucuresti-in-zona-de-sud-intre-a1-si-a2-au-trecut-de-60\/","og_site_name":"Buletin de Bucure\u0219ti","article_publisher":"https:\/\/www.facebook.com\/buletin.de.buc","article_published_time":"2023-01-09T10:18:45+00:00","article_modified_time":"2023-01-09T20:59:59+00:00","og_image":[{"width":2000,"height":1208,"url":"https:\/\/buletin.de\/bucuresti\/wp-content\/uploads\/cover-a0.jpg","type":"image\/jpeg"}],"author":"C\u0103t\u0103lin Dosca\u0219","twitter_card":"summary_large_image","twitter_misc":{"Written by":"C\u0103t\u0103lin Dosca\u0219","Estimated reading time":"2 minutes"},"schema":{"@context":"https:\/\/schema.org","@graph":[{"@type":"Article","@id":"https:\/\/buletin.de\/bucuresti\/video-lucrarile-la-autostrada-bucuresti-in-zona-de-sud-intre-a1-si-a2-au-trecut-de-60\/#article","isPartOf":{"@id":"https:\/\/buletin.de\/bucuresti\/video-lucrarile-la-autostrada-bucuresti-in-zona-de-sud-intre-a1-si-a2-au-trecut-de-60\/"},"author":{"name":"C\u0103t\u0103lin Dosca\u0219","@id":"https:\/\/buletin.de\/bucuresti\/#\/schema\/person\/31117187ed4d0bdb0a4c7d6acc79d0f8"},"headline":"VIDEO | Lucr\u0103rile la Autostrada Bucure\u0219ti, \u00een zona de Sud, \u00eentre A1 \u0219i A2, au trecut de 60%","datePublished":"2023-01-09T10:18:45+00:00","dateModified":"2023-01-09T20:59:59+00:00","mainEntityOfPage":{"@id":"https:\/\/buletin.de\/bucuresti\/video-lucrarile-la-autostrada-bucuresti-in-zona-de-sud-intre-a1-si-a2-au-trecut-de-60\/"},"wordCount":376,"publisher":{"@id":"https:\/\/buletin.de\/bucuresti\/#organization"},"image":{"@id":"https:\/\/buletin.de\/bucuresti\/video-lucrarile-la-autostrada-bucuresti-in-zona-de-sud-intre-a1-si-a2-au-trecut-de-60\/#primaryimage"},"thumbnailUrl":"https:\/\/buletin.de\/bucuresti\/wp-content\/uploads\/cover-a0.jpg","keywords":["A0","autostrada bucuresti","cernica","ciorogarla","Cornetu","finalizare","pret","scriosteanu","stadiu","stadiu lucrari","termen"],"articleSection":["Featured","\u0218tiri","Transport"],"inLanguage":"en-GB","copyrightYear":"2023","copyrightHolder":{"@id":"https:\/\/buletin.de\/bucuresti\/#organization"}},{"@type":"WebPage","@id":"https:\/\/buletin.de\/bucuresti\/video-lucrarile-la-autostrada-bucuresti-in-zona-de-sud-intre-a1-si-a2-au-trecut-de-60\/","url":"https:\/\/buletin.de\/bucuresti\/video-lucrarile-la-autostrada-bucuresti-in-zona-de-sud-intre-a1-si-a2-au-trecut-de-60\/","name":"VIDEO | Lucr\u0103rile la Autostrada Bucure\u0219ti, \u00een zona de Sud, \u00eentre A1 \u0219i A2, au trecut de 60% - Buletin de Bucure\u0219ti","isPartOf":{"@id":"https:\/\/buletin.de\/bucuresti\/#website"},"primaryImageOfPage":{"@id":"https:\/\/buletin.de\/bucuresti\/video-lucrarile-la-autostrada-bucuresti-in-zona-de-sud-intre-a1-si-a2-au-trecut-de-60\/#primaryimage"},"image":{"@id":"https:\/\/buletin.de\/bucuresti\/video-lucrarile-la-autostrada-bucuresti-in-zona-de-sud-intre-a1-si-a2-au-trecut-de-60\/#primaryimage"},"thumbnailUrl":"https:\/\/buletin.de\/bucuresti\/wp-content\/uploads\/cover-a0.jpg","datePublished":"2023-01-09T10:18:45+00:00","dateModified":"2023-01-09T20:59:59+00:00","breadcrumb":{"@id":"https:\/\/buletin.de\/bucuresti\/video-lucrarile-la-autostrada-bucuresti-in-zona-de-sud-intre-a1-si-a2-au-trecut-de-60\/#breadcrumb"},"inLanguage":"en-GB","potentialAction":[{"@type":"ReadAction","target":["https:\/\/buletin.de\/bucuresti\/video-lucrarile-la-autostrada-bucuresti-in-zona-de-sud-intre-a1-si-a2-au-trecut-de-60\/"]}]},{"@type":"ImageObject","inLanguage":"en-GB","@id":"https:\/\/buletin.de\/bucuresti\/video-lucrarile-la-autostrada-bucuresti-in-zona-de-sud-intre-a1-si-a2-au-trecut-de-60\/#primaryimage","url":"https:\/\/buletin.de\/bucuresti\/wp-content\/uploads\/cover-a0.jpg","contentUrl":"https:\/\/buletin.de\/bucuresti\/wp-content\/uploads\/cover-a0.jpg","width":2000,"height":1208},{"@type":"BreadcrumbList","@id":"https:\/\/buletin.de\/bucuresti\/video-lucrarile-la-autostrada-bucuresti-in-zona-de-sud-intre-a1-si-a2-au-trecut-de-60\/#breadcrumb","itemListElement":[{"@type":"ListItem","position":1,"name":"Acas\u0103","item":"https:\/\/buletin.de\/bucuresti\/"},{"@type":"ListItem","position":2,"name":"VIDEO | Lucr\u0103rile la Autostrada Bucure\u0219ti, \u00een zona de Sud, \u00eentre A1 \u0219i A2, au trecut de 60%"}]},{"@type":"WebSite","@id":"https:\/\/buletin.de\/bucuresti\/#website","url":"https:\/\/buletin.de\/bucuresti\/","name":"Buletin de Bucure\u0219ti","description":"\u0218tiri \u0219i investiga\u021bii esen\u021biale din capital\u0103","publisher":{"@id":"https:\/\/buletin.de\/bucuresti\/#organization"},"potentialAction":[{"@type":"SearchAction","target":{"@type":"EntryPoint","urlTemplate":"https:\/\/buletin.de\/bucuresti\/?s={search_term_string}"},"query-input":{"@type":"PropertyValueSpecification","valueRequired":true,"valueName":"search_term_string"}}],"inLanguage":"en-GB"},{"@type":"Organization","@id":"https:\/\/buletin.de\/bucuresti\/#organization","name":"Buletin de Bucure\u0219ti","url":"https:\/\/buletin.de\/bucuresti\/","logo":{"@type":"ImageObject","inLanguage":"en-GB","@id":"https:\/\/buletin.de\/bucuresti\/#\/schema\/logo\/image\/","url":"https:\/\/buletin.de\/bucuresti\/wp-content\/uploads\/logo-bdb-full-wide-vernil-transparent.png","contentUrl":"https:\/\/buletin.de\/bucuresti\/wp-content\/uploads\/logo-bdb-full-wide-vernil-transparent.png","width":1782,"height":626,"caption":"Buletin de Bucure\u0219ti"},"image":{"@id":"https:\/\/buletin.de\/bucuresti\/#\/schema\/logo\/image\/"},"sameAs":["https:\/\/www.facebook.com\/buletin.de.buc","https:\/\/www.instagram.com\/buletinde.bucuresti\/"]},{"@type":"Person","@id":"https:\/\/buletin.de\/bucuresti\/#\/schema\/person\/31117187ed4d0bdb0a4c7d6acc79d0f8","name":"C\u0103t\u0103lin Dosca\u0219","image":{"@type":"ImageObject","inLanguage":"en-GB","@id":"https:\/\/buletin.de\/bucuresti\/wp-content\/uploads\/Catalin-Doscas-e1732731064764-96x96.jpga93e2943bb3b1c1f9ead823df6e6317a","url":"https:\/\/buletin.de\/bucuresti\/wp-content\/uploads\/Catalin-Doscas-e1732731064764-96x96.jpg","contentUrl":"https:\/\/buletin.de\/bucuresti\/wp-content\/uploads\/Catalin-Doscas-e1732731064764-96x96.jpg","caption":"C\u0103t\u0103lin Dosca\u0219"},"description":"Reporter \u0219i redactor-\u0219ef Buletin de Bucure\u0219ti. Lucreaz\u0103 \u00een mass-media de la v\u00e2rsta de 15 ani, c\u00e2nd a publicat primele articole \u00een presa local\u0103 din Tecuci. \u00cen Bucure\u0219ti a lucrat \u00een redac\u021bii radio ca reporter, redactor \u0219i prezentator (StudentFM, Na\u021bionalFM, Radio Total, Smart FM), unde a acoperit domeniile politic, economic, social \u0219i externe. Ulterior, a fost editor-coordonator al postului Realitatea FM. Experien\u021ba \u00een jurnalismul online a dob\u00e2ndit-o la portalul B365.ro, unde a fost editor. \u00cen 2012 s-a angajat \u00een televiziune. La Realitatea TV a fost, pe r\u00e2nd, reporter la sec\u021bia Social, reporter special la emisiunea de reportaje \u0219i anchete \u201eReporterii Realit\u0103\u021bii\u201d, dar \u0219i editor al jurnalelor de \u0219tiri. Ulterior, a f\u0103cut parte din sec\u021bia de Investiga\u021bii de la Digi24 \u0219i a lucrat la campania \u201eRom\u00e2nia furat\u0103\u201d. A revenit \u00een presa scris\u0103 \u00een 2017, ca reporter special, \u00een cadrul unui proiect de repozi\u021bionare a tabloidului Libertatea \u00een cotidian generalist. Este jurnalist Buletin de Bucure\u0219ti din 2019.","url":"https:\/\/buletin.de\/bucuresti\/author\/catalin\/"}]}},"authors":[{"term_id":22575,"user_id":10,"is_guest":0,"slug":"catalin","display_name":"C\u0103t\u0103lin Dosca\u0219","avatar_url":"https:\/\/buletin.de\/bucuresti\/wp-content\/uploads\/Catalin-Doscas-e1732731064764-96x96.jpg","0":null,"1":"","2":"","3":"","4":"","5":"","6":"","7":"","8":""}],"_links":{"self":[{"href":"https:\/\/buletin.de\/bucuresti\/wp-json\/wp\/v2\/posts\/51274","targetHints":{"allow":["GET"]}}],"collection":[{"href":"https:\/\/buletin.de\/bucuresti\/wp-json\/wp\/v2\/posts"}],"about":[{"href":"https:\/\/buletin.de\/bucuresti\/wp-json\/wp\/v2\/types\/post"}],"author":[{"embeddable":true,"href":"https:\/\/buletin.de\/bucuresti\/wp-json\/wp\/v2\/users\/10"}],"replies":[{"embeddable":true,"href":"https:\/\/buletin.de\/bucuresti\/wp-json\/wp\/v2\/comments?post=51274"}],"version-history":[{"count":11,"href":"https:\/\/buletin.de\/bucuresti\/wp-json\/wp\/v2\/posts\/51274\/revisions"}],"predecessor-version":[{"id":51339,"href":"https:\/\/buletin.de\/bucuresti\/wp-json\/wp\/v2\/posts\/51274\/revisions\/51339"}],"wp:featuredmedia":[{"embeddable":true,"href":"https:\/\/buletin.de\/bucuresti\/wp-json\/wp\/v2\/media\/51275"}],"wp:attachment":[{"href":"https:\/\/buletin.de\/bucuresti\/wp-json\/wp\/v2\/media?parent=51274"}],"wp:term":[{"taxonomy":"category","embeddable":true,"href":"https:\/\/buletin.de\/bucuresti\/wp-json\/wp\/v2\/categories?post=51274"},{"taxonomy":"post_tag","embeddable":true,"href":"https:\/\/buletin.de\/bucuresti\/wp-json\/wp\/v2\/tags?post=51274"},{"taxonomy":"author","embeddable":true,"href":"https:\/\/buletin.de\/bucuresti\/wp-json\/wp\/v2\/ppma_author?post=51274"}],"curies":[{"name":"wp","href":"https:\/\/api.w.org\/{rel}","templated":true}]}}