{"id":51265,"date":"2023-01-08T17:25:15","date_gmt":"2023-01-08T15:25:15","guid":{"rendered":"https:\/\/buletin.de\/bucuresti\/?p=51265"},"modified":"2023-01-08T17:25:16","modified_gmt":"2023-01-08T15:25:16","slug":"accident-rutier-pe-calea-mosilor-din-capitala-soferul-a-intrat-in-gardul-care-desparte-linia-stb","status":"publish","type":"post","link":"https:\/\/buletin.de\/bucuresti\/accident-rutier-pe-calea-mosilor-din-capitala-soferul-a-intrat-in-gardul-care-desparte-linia-stb\/","title":{"rendered":"Accident rutier pe Calea Mo\u0219ilor din Capital\u0103. \u0218oferul a intrat \u00een gardul care desparte linia STB"},"content":{"rendered":"\n<p>Un accident rutier s-a produs \u00een aceast\u0103 dup\u0103-amiaz\u0103, duminic\u0103, 8 ianuarie 2023, pe Calea Mo\u0219ilor din Bucure\u0219ti. \u0218oferul unei ma\u0219ini care se deplasa pe Calea Mo\u0219ilor, sensul Obor \u2013 strada Mihai Eminescu, a intrat \u00een gardul desp\u0103r\u021bitor dintre benzi \u0219i linia STB. Nu au existat victime.<\/p>\n\n\n\n<figure class=\"wp-block-image size-large\"><img fetchpriority=\"high\" decoding=\"async\" width=\"416\" height=\"900\" src=\"data:image\/gif;base64,R0lGODlhAQABAAAAACH5BAEKAAEALAAAAAABAAEAAAICTAEAOw==\" data-src=\"https:\/\/buletin.de\/bucuresti\/wp-content\/uploads\/324425533_892635255081014_4005422249208879443_n-416x900.jpg\" alt=\"\" class=\"wp-image-51268 lazyload\" data-sizes=\"auto\" data-srcset=\"https:\/\/buletin.de\/bucuresti\/wp-content\/uploads\/324425533_892635255081014_4005422249208879443_n-416x900.jpg 416w, https:\/\/buletin.de\/bucuresti\/wp-content\/uploads\/324425533_892635255081014_4005422249208879443_n-139x300.jpg 139w, https:\/\/buletin.de\/bucuresti\/wp-content\/uploads\/324425533_892635255081014_4005422249208879443_n-550x1190.jpg 550w, https:\/\/buletin.de\/bucuresti\/wp-content\/uploads\/324425533_892635255081014_4005422249208879443_n-231x500.jpg 231w, https:\/\/buletin.de\/bucuresti\/wp-content\/uploads\/324425533_892635255081014_4005422249208879443_n-499x1080.jpg 499w, https:\/\/buletin.de\/bucuresti\/wp-content\/uploads\/324425533_892635255081014_4005422249208879443_n-600x1298.jpg 600w, https:\/\/buletin.de\/bucuresti\/wp-content\/uploads\/324425533_892635255081014_4005422249208879443_n.jpg 640w\" sizes=\"(max-width: 416px) 100vw, 416px\" \/><figcaption>Surs\u0103: Facebook, Dumitrascu Gabriel\/Info Trafic Bucure\u0219ti \u0219i Ilfov<\/figcaption><\/figure>\n\n\n\n<p>Traficul rutier a fost \u00eengreunat pe durata cercet\u0103rii la fa\u021ba locului. <\/p>\n\n\n\n<p>Linia de tramvai 21 a fost blocat\u0103 65 de minute (15:05-16:10), informeaz\u0103 STB. Tramvaiele au circulat deviat pe Str. Turmelor, Str. Maica Domnului, Str. Lizeanu, apoi pe traseul liniei 16 p\u00e2n\u0103 la Str. Armand C\u0103linescu\/Calea Mo\u0219ilor.<\/p>\n\n\n\n<figure class=\"wp-block-image size-full\"><img decoding=\"async\" width=\"640\" height=\"417\" src=\"data:image\/gif;base64,R0lGODlhAQABAAAAACH5BAEKAAEALAAAAAABAAEAAAICTAEAOw==\" data-src=\"https:\/\/buletin.de\/bucuresti\/wp-content\/uploads\/Calea-Mosilor-1.jpeg\" alt=\"\" class=\"wp-image-51269 lazyload\" data-sizes=\"auto\" data-srcset=\"https:\/\/buletin.de\/bucuresti\/wp-content\/uploads\/Calea-Mosilor-1.jpeg 640w, https:\/\/buletin.de\/bucuresti\/wp-content\/uploads\/Calea-Mosilor-1-300x195.jpeg 300w, https:\/\/buletin.de\/bucuresti\/wp-content\/uploads\/Calea-Mosilor-1-550x358.jpeg 550w, https:\/\/buletin.de\/bucuresti\/wp-content\/uploads\/Calea-Mosilor-1-600x391.jpeg 600w\" sizes=\"(max-width: 640px) 100vw, 640px\" \/><figcaption>Surs\u0103: Info Trafic Rom\u00e2nia<\/figcaption><\/figure>\n\n\n\n<p>Surs\u0103 cover: Info Trafic Rom\u00e2nia<\/p>\n","protected":false},"excerpt":{"rendered":"<p>Un accident rutier s-a produs \u00een aceast\u0103 dup\u0103-amiaz\u0103, duminic\u0103, 8 ianuarie 2023, pe Calea Mo\u0219ilor din Bucure\u0219ti. \u0218oferul unei ma\u0219ini care se deplasa pe Calea Mo\u0219ilor, sensul Obor \u2013 strada Mihai Eminescu, a intrat \u00een gardul desp\u0103r\u021bitor dintre benzi \u0219i linia STB. Nu au existat victime. Traficul rutier a fost \u00eengreunat pe durata cercet\u0103rii la [&hellip;]<\/p>\n","protected":false},"author":46,"featured_media":51266,"comment_status":"closed","ping_status":"open","sticky":false,"template":"","format":"standard","meta":{"_acf_changed":false,"inline_featured_image":false,"ngg_post_thumbnail":0,"footnotes":""},"categories":[62],"tags":[1100,5155,5157,5156],"ppma_author":[22605],"class_list":["post-51265","post","type-post","status-publish","format-standard","has-post-thumbnail","hentry","category-stiri","tag-accident","tag-caleamosilor","tag-linia21","tag-liniestbblocata"],"acf":[],"yoast_head":"<!-- This site is optimized with the Yoast SEO Premium plugin v25.3 (Yoast SEO v27.4) - https:\/\/yoast.com\/product\/yoast-seo-premium-wordpress\/ -->\n<title>Accident rutier pe Calea Mo\u0219ilor din Capital\u0103. \u0218oferul a intrat \u00een gardul care desparte linia STB - Buletin de Bucure\u0219ti<\/title>\n<meta name=\"robots\" content=\"index, follow, max-snippet:-1, max-image-preview:large, max-video-preview:-1\" \/>\n<link rel=\"canonical\" href=\"https:\/\/buletin.de\/bucuresti\/accident-rutier-pe-calea-mosilor-din-capitala-soferul-a-intrat-in-gardul-care-desparte-linia-stb\/\" \/>\n<meta property=\"og:locale\" content=\"en_GB\" \/>\n<meta property=\"og:type\" content=\"article\" \/>\n<meta property=\"og:title\" content=\"Accident rutier pe Calea Mo\u0219ilor din Capital\u0103. \u0218oferul a intrat \u00een gardul care desparte linia STB\" \/>\n<meta property=\"og:description\" content=\"Un accident rutier s-a produs \u00een aceast\u0103 dup\u0103-amiaz\u0103, duminic\u0103, 8 ianuarie 2023, pe Calea Mo\u0219ilor din Bucure\u0219ti. \u0218oferul unei ma\u0219ini care se deplasa pe Calea Mo\u0219ilor, sensul Obor \u2013 strada Mihai Eminescu, a intrat \u00een gardul desp\u0103r\u021bitor dintre benzi \u0219i linia STB. Nu au existat victime. Traficul rutier a fost \u00eengreunat pe durata cercet\u0103rii la [&hellip;]\" \/>\n<meta property=\"og:url\" content=\"https:\/\/buletin.de\/bucuresti\/accident-rutier-pe-calea-mosilor-din-capitala-soferul-a-intrat-in-gardul-care-desparte-linia-stb\/\" \/>\n<meta property=\"og:site_name\" content=\"Buletin de Bucure\u0219ti\" \/>\n<meta property=\"article:publisher\" content=\"https:\/\/www.facebook.com\/buletin.de.buc\" \/>\n<meta property=\"article:published_time\" content=\"2023-01-08T15:25:15+00:00\" \/>\n<meta property=\"article:modified_time\" content=\"2023-01-08T15:25:16+00:00\" \/>\n<meta property=\"og:image\" content=\"https:\/\/buletin.de\/bucuresti\/wp-content\/uploads\/Calea-mosilorr.jpeg\" \/>\n\t<meta property=\"og:image:width\" content=\"976\" \/>\n\t<meta property=\"og:image:height\" content=\"685\" \/>\n\t<meta property=\"og:image:type\" content=\"image\/jpeg\" \/>\n<meta name=\"author\" content=\"Andreea Gelatu\" \/>\n<meta name=\"twitter:card\" content=\"summary_large_image\" \/>\n<meta name=\"twitter:label1\" content=\"Written by\" \/>\n\t<meta name=\"twitter:data1\" content=\"Andreea Gelatu\" \/>\n\t<meta name=\"twitter:label2\" content=\"Estimated reading time\" \/>\n\t<meta name=\"twitter:data2\" content=\"1 minute\" \/>\n<script type=\"application\/ld+json\" class=\"yoast-schema-graph\">{\"@context\":\"https:\\\/\\\/schema.org\",\"@graph\":[{\"@type\":\"Article\",\"@id\":\"https:\\\/\\\/buletin.de\\\/bucuresti\\\/accident-rutier-pe-calea-mosilor-din-capitala-soferul-a-intrat-in-gardul-care-desparte-linia-stb\\\/#article\",\"isPartOf\":{\"@id\":\"https:\\\/\\\/buletin.de\\\/bucuresti\\\/accident-rutier-pe-calea-mosilor-din-capitala-soferul-a-intrat-in-gardul-care-desparte-linia-stb\\\/\"},\"author\":{\"name\":\"Andreea Gelatu\",\"@id\":\"https:\\\/\\\/buletin.de\\\/bucuresti\\\/#\\\/schema\\\/person\\\/87734700b2c7f8608881f7e93b8834de\"},\"headline\":\"Accident rutier pe Calea Mo\u0219ilor din Capital\u0103. \u0218oferul a intrat \u00een gardul care desparte linia STB\",\"datePublished\":\"2023-01-08T15:25:15+00:00\",\"dateModified\":\"2023-01-08T15:25:16+00:00\",\"mainEntityOfPage\":{\"@id\":\"https:\\\/\\\/buletin.de\\\/bucuresti\\\/accident-rutier-pe-calea-mosilor-din-capitala-soferul-a-intrat-in-gardul-care-desparte-linia-stb\\\/\"},\"wordCount\":138,\"publisher\":{\"@id\":\"https:\\\/\\\/buletin.de\\\/bucuresti\\\/#organization\"},\"image\":{\"@id\":\"https:\\\/\\\/buletin.de\\\/bucuresti\\\/accident-rutier-pe-calea-mosilor-din-capitala-soferul-a-intrat-in-gardul-care-desparte-linia-stb\\\/#primaryimage\"},\"thumbnailUrl\":\"https:\\\/\\\/buletin.de\\\/bucuresti\\\/wp-content\\\/uploads\\\/Calea-mosilorr.jpeg\",\"keywords\":[\"accident\",\"CaleaMo\u0219ilor\",\"linia21\",\"linieSTBblocat\u0103\"],\"articleSection\":[\"\u0218tiri\"],\"inLanguage\":\"en-GB\",\"copyrightYear\":\"2023\",\"copyrightHolder\":{\"@id\":\"https:\\\/\\\/buletin.de\\\/bucuresti\\\/#organization\"}},{\"@type\":\"WebPage\",\"@id\":\"https:\\\/\\\/buletin.de\\\/bucuresti\\\/accident-rutier-pe-calea-mosilor-din-capitala-soferul-a-intrat-in-gardul-care-desparte-linia-stb\\\/\",\"url\":\"https:\\\/\\\/buletin.de\\\/bucuresti\\\/accident-rutier-pe-calea-mosilor-din-capitala-soferul-a-intrat-in-gardul-care-desparte-linia-stb\\\/\",\"name\":\"Accident rutier pe Calea Mo\u0219ilor din Capital\u0103. \u0218oferul a intrat \u00een gardul care desparte linia STB - Buletin de Bucure\u0219ti\",\"isPartOf\":{\"@id\":\"https:\\\/\\\/buletin.de\\\/bucuresti\\\/#website\"},\"primaryImageOfPage\":{\"@id\":\"https:\\\/\\\/buletin.de\\\/bucuresti\\\/accident-rutier-pe-calea-mosilor-din-capitala-soferul-a-intrat-in-gardul-care-desparte-linia-stb\\\/#primaryimage\"},\"image\":{\"@id\":\"https:\\\/\\\/buletin.de\\\/bucuresti\\\/accident-rutier-pe-calea-mosilor-din-capitala-soferul-a-intrat-in-gardul-care-desparte-linia-stb\\\/#primaryimage\"},\"thumbnailUrl\":\"https:\\\/\\\/buletin.de\\\/bucuresti\\\/wp-content\\\/uploads\\\/Calea-mosilorr.jpeg\",\"datePublished\":\"2023-01-08T15:25:15+00:00\",\"dateModified\":\"2023-01-08T15:25:16+00:00\",\"breadcrumb\":{\"@id\":\"https:\\\/\\\/buletin.de\\\/bucuresti\\\/accident-rutier-pe-calea-mosilor-din-capitala-soferul-a-intrat-in-gardul-care-desparte-linia-stb\\\/#breadcrumb\"},\"inLanguage\":\"en-GB\",\"potentialAction\":[{\"@type\":\"ReadAction\",\"target\":[\"https:\\\/\\\/buletin.de\\\/bucuresti\\\/accident-rutier-pe-calea-mosilor-din-capitala-soferul-a-intrat-in-gardul-care-desparte-linia-stb\\\/\"]}]},{\"@type\":\"ImageObject\",\"inLanguage\":\"en-GB\",\"@id\":\"https:\\\/\\\/buletin.de\\\/bucuresti\\\/accident-rutier-pe-calea-mosilor-din-capitala-soferul-a-intrat-in-gardul-care-desparte-linia-stb\\\/#primaryimage\",\"url\":\"https:\\\/\\\/buletin.de\\\/bucuresti\\\/wp-content\\\/uploads\\\/Calea-mosilorr.jpeg\",\"contentUrl\":\"https:\\\/\\\/buletin.de\\\/bucuresti\\\/wp-content\\\/uploads\\\/Calea-mosilorr.jpeg\",\"width\":976,\"height\":685},{\"@type\":\"BreadcrumbList\",\"@id\":\"https:\\\/\\\/buletin.de\\\/bucuresti\\\/accident-rutier-pe-calea-mosilor-din-capitala-soferul-a-intrat-in-gardul-care-desparte-linia-stb\\\/#breadcrumb\",\"itemListElement\":[{\"@type\":\"ListItem\",\"position\":1,\"name\":\"Acas\u0103\",\"item\":\"https:\\\/\\\/buletin.de\\\/bucuresti\\\/\"},{\"@type\":\"ListItem\",\"position\":2,\"name\":\"Accident rutier pe Calea Mo\u0219ilor din Capital\u0103. \u0218oferul a intrat \u00een gardul care desparte linia STB\"}]},{\"@type\":\"WebSite\",\"@id\":\"https:\\\/\\\/buletin.de\\\/bucuresti\\\/#website\",\"url\":\"https:\\\/\\\/buletin.de\\\/bucuresti\\\/\",\"name\":\"Buletin de Bucure\u0219ti\",\"description\":\"\u0218tiri \u0219i investiga\u021bii esen\u021biale din capital\u0103\",\"publisher\":{\"@id\":\"https:\\\/\\\/buletin.de\\\/bucuresti\\\/#organization\"},\"potentialAction\":[{\"@type\":\"SearchAction\",\"target\":{\"@type\":\"EntryPoint\",\"urlTemplate\":\"https:\\\/\\\/buletin.de\\\/bucuresti\\\/?s={search_term_string}\"},\"query-input\":{\"@type\":\"PropertyValueSpecification\",\"valueRequired\":true,\"valueName\":\"search_term_string\"}}],\"inLanguage\":\"en-GB\"},{\"@type\":\"Organization\",\"@id\":\"https:\\\/\\\/buletin.de\\\/bucuresti\\\/#organization\",\"name\":\"Buletin de Bucure\u0219ti\",\"url\":\"https:\\\/\\\/buletin.de\\\/bucuresti\\\/\",\"logo\":{\"@type\":\"ImageObject\",\"inLanguage\":\"en-GB\",\"@id\":\"https:\\\/\\\/buletin.de\\\/bucuresti\\\/#\\\/schema\\\/logo\\\/image\\\/\",\"url\":\"https:\\\/\\\/buletin.de\\\/bucuresti\\\/wp-content\\\/uploads\\\/logo-bdb-full-wide-vernil-transparent.png\",\"contentUrl\":\"https:\\\/\\\/buletin.de\\\/bucuresti\\\/wp-content\\\/uploads\\\/logo-bdb-full-wide-vernil-transparent.png\",\"width\":1782,\"height\":626,\"caption\":\"Buletin de Bucure\u0219ti\"},\"image\":{\"@id\":\"https:\\\/\\\/buletin.de\\\/bucuresti\\\/#\\\/schema\\\/logo\\\/image\\\/\"},\"sameAs\":[\"https:\\\/\\\/www.facebook.com\\\/buletin.de.buc\",\"https:\\\/\\\/www.instagram.com\\\/buletinde.bucuresti\\\/\"]},{\"@type\":\"Person\",\"@id\":\"https:\\\/\\\/buletin.de\\\/bucuresti\\\/#\\\/schema\\\/person\\\/87734700b2c7f8608881f7e93b8834de\",\"name\":\"Andreea Gelatu\",\"image\":{\"@type\":\"ImageObject\",\"inLanguage\":\"en-GB\",\"@id\":\"https:\\\/\\\/secure.gravatar.com\\\/avatar\\\/b716eca2f984b9b65bdd87118b4b909d940b619cbe6e8cb725fe11c1b1f4194f?s=96&d=monsterid&r=g9b5eff4996c6b842a29b3057a7b4746f\",\"url\":\"https:\\\/\\\/secure.gravatar.com\\\/avatar\\\/b716eca2f984b9b65bdd87118b4b909d940b619cbe6e8cb725fe11c1b1f4194f?s=96&d=monsterid&r=g\",\"contentUrl\":\"https:\\\/\\\/secure.gravatar.com\\\/avatar\\\/b716eca2f984b9b65bdd87118b4b909d940b619cbe6e8cb725fe11c1b1f4194f?s=96&d=monsterid&r=g\",\"caption\":\"Andreea Gelatu\"},\"url\":\"https:\\\/\\\/buletin.de\\\/bucuresti\\\/author\\\/andreeagelatu\\\/\"}]}<\/script>\n<!-- \/ Yoast SEO Premium plugin. -->","yoast_head_json":{"title":"Accident rutier pe Calea Mo\u0219ilor din Capital\u0103. \u0218oferul a intrat \u00een gardul care desparte linia STB - Buletin de Bucure\u0219ti","robots":{"index":"index","follow":"follow","max-snippet":"max-snippet:-1","max-image-preview":"max-image-preview:large","max-video-preview":"max-video-preview:-1"},"canonical":"https:\/\/buletin.de\/bucuresti\/accident-rutier-pe-calea-mosilor-din-capitala-soferul-a-intrat-in-gardul-care-desparte-linia-stb\/","og_locale":"en_GB","og_type":"article","og_title":"Accident rutier pe Calea Mo\u0219ilor din Capital\u0103. \u0218oferul a intrat \u00een gardul care desparte linia STB","og_description":"Un accident rutier s-a produs \u00een aceast\u0103 dup\u0103-amiaz\u0103, duminic\u0103, 8 ianuarie 2023, pe Calea Mo\u0219ilor din Bucure\u0219ti. \u0218oferul unei ma\u0219ini care se deplasa pe Calea Mo\u0219ilor, sensul Obor \u2013 strada Mihai Eminescu, a intrat \u00een gardul desp\u0103r\u021bitor dintre benzi \u0219i linia STB. Nu au existat victime. Traficul rutier a fost \u00eengreunat pe durata cercet\u0103rii la [&hellip;]","og_url":"https:\/\/buletin.de\/bucuresti\/accident-rutier-pe-calea-mosilor-din-capitala-soferul-a-intrat-in-gardul-care-desparte-linia-stb\/","og_site_name":"Buletin de Bucure\u0219ti","article_publisher":"https:\/\/www.facebook.com\/buletin.de.buc","article_published_time":"2023-01-08T15:25:15+00:00","article_modified_time":"2023-01-08T15:25:16+00:00","og_image":[{"width":976,"height":685,"url":"https:\/\/buletin.de\/bucuresti\/wp-content\/uploads\/Calea-mosilorr.jpeg","type":"image\/jpeg"}],"author":"Andreea Gelatu","twitter_card":"summary_large_image","twitter_misc":{"Written by":"Andreea Gelatu","Estimated reading time":"1 minute"},"schema":{"@context":"https:\/\/schema.org","@graph":[{"@type":"Article","@id":"https:\/\/buletin.de\/bucuresti\/accident-rutier-pe-calea-mosilor-din-capitala-soferul-a-intrat-in-gardul-care-desparte-linia-stb\/#article","isPartOf":{"@id":"https:\/\/buletin.de\/bucuresti\/accident-rutier-pe-calea-mosilor-din-capitala-soferul-a-intrat-in-gardul-care-desparte-linia-stb\/"},"author":{"name":"Andreea Gelatu","@id":"https:\/\/buletin.de\/bucuresti\/#\/schema\/person\/87734700b2c7f8608881f7e93b8834de"},"headline":"Accident rutier pe Calea Mo\u0219ilor din Capital\u0103. \u0218oferul a intrat \u00een gardul care desparte linia STB","datePublished":"2023-01-08T15:25:15+00:00","dateModified":"2023-01-08T15:25:16+00:00","mainEntityOfPage":{"@id":"https:\/\/buletin.de\/bucuresti\/accident-rutier-pe-calea-mosilor-din-capitala-soferul-a-intrat-in-gardul-care-desparte-linia-stb\/"},"wordCount":138,"publisher":{"@id":"https:\/\/buletin.de\/bucuresti\/#organization"},"image":{"@id":"https:\/\/buletin.de\/bucuresti\/accident-rutier-pe-calea-mosilor-din-capitala-soferul-a-intrat-in-gardul-care-desparte-linia-stb\/#primaryimage"},"thumbnailUrl":"https:\/\/buletin.de\/bucuresti\/wp-content\/uploads\/Calea-mosilorr.jpeg","keywords":["accident","CaleaMo\u0219ilor","linia21","linieSTBblocat\u0103"],"articleSection":["\u0218tiri"],"inLanguage":"en-GB","copyrightYear":"2023","copyrightHolder":{"@id":"https:\/\/buletin.de\/bucuresti\/#organization"}},{"@type":"WebPage","@id":"https:\/\/buletin.de\/bucuresti\/accident-rutier-pe-calea-mosilor-din-capitala-soferul-a-intrat-in-gardul-care-desparte-linia-stb\/","url":"https:\/\/buletin.de\/bucuresti\/accident-rutier-pe-calea-mosilor-din-capitala-soferul-a-intrat-in-gardul-care-desparte-linia-stb\/","name":"Accident rutier pe Calea Mo\u0219ilor din Capital\u0103. \u0218oferul a intrat \u00een gardul care desparte linia STB - Buletin de Bucure\u0219ti","isPartOf":{"@id":"https:\/\/buletin.de\/bucuresti\/#website"},"primaryImageOfPage":{"@id":"https:\/\/buletin.de\/bucuresti\/accident-rutier-pe-calea-mosilor-din-capitala-soferul-a-intrat-in-gardul-care-desparte-linia-stb\/#primaryimage"},"image":{"@id":"https:\/\/buletin.de\/bucuresti\/accident-rutier-pe-calea-mosilor-din-capitala-soferul-a-intrat-in-gardul-care-desparte-linia-stb\/#primaryimage"},"thumbnailUrl":"https:\/\/buletin.de\/bucuresti\/wp-content\/uploads\/Calea-mosilorr.jpeg","datePublished":"2023-01-08T15:25:15+00:00","dateModified":"2023-01-08T15:25:16+00:00","breadcrumb":{"@id":"https:\/\/buletin.de\/bucuresti\/accident-rutier-pe-calea-mosilor-din-capitala-soferul-a-intrat-in-gardul-care-desparte-linia-stb\/#breadcrumb"},"inLanguage":"en-GB","potentialAction":[{"@type":"ReadAction","target":["https:\/\/buletin.de\/bucuresti\/accident-rutier-pe-calea-mosilor-din-capitala-soferul-a-intrat-in-gardul-care-desparte-linia-stb\/"]}]},{"@type":"ImageObject","inLanguage":"en-GB","@id":"https:\/\/buletin.de\/bucuresti\/accident-rutier-pe-calea-mosilor-din-capitala-soferul-a-intrat-in-gardul-care-desparte-linia-stb\/#primaryimage","url":"https:\/\/buletin.de\/bucuresti\/wp-content\/uploads\/Calea-mosilorr.jpeg","contentUrl":"https:\/\/buletin.de\/bucuresti\/wp-content\/uploads\/Calea-mosilorr.jpeg","width":976,"height":685},{"@type":"BreadcrumbList","@id":"https:\/\/buletin.de\/bucuresti\/accident-rutier-pe-calea-mosilor-din-capitala-soferul-a-intrat-in-gardul-care-desparte-linia-stb\/#breadcrumb","itemListElement":[{"@type":"ListItem","position":1,"name":"Acas\u0103","item":"https:\/\/buletin.de\/bucuresti\/"},{"@type":"ListItem","position":2,"name":"Accident rutier pe Calea Mo\u0219ilor din Capital\u0103. \u0218oferul a intrat \u00een gardul care desparte linia STB"}]},{"@type":"WebSite","@id":"https:\/\/buletin.de\/bucuresti\/#website","url":"https:\/\/buletin.de\/bucuresti\/","name":"Buletin de Bucure\u0219ti","description":"\u0218tiri \u0219i investiga\u021bii esen\u021biale din capital\u0103","publisher":{"@id":"https:\/\/buletin.de\/bucuresti\/#organization"},"potentialAction":[{"@type":"SearchAction","target":{"@type":"EntryPoint","urlTemplate":"https:\/\/buletin.de\/bucuresti\/?s={search_term_string}"},"query-input":{"@type":"PropertyValueSpecification","valueRequired":true,"valueName":"search_term_string"}}],"inLanguage":"en-GB"},{"@type":"Organization","@id":"https:\/\/buletin.de\/bucuresti\/#organization","name":"Buletin de Bucure\u0219ti","url":"https:\/\/buletin.de\/bucuresti\/","logo":{"@type":"ImageObject","inLanguage":"en-GB","@id":"https:\/\/buletin.de\/bucuresti\/#\/schema\/logo\/image\/","url":"https:\/\/buletin.de\/bucuresti\/wp-content\/uploads\/logo-bdb-full-wide-vernil-transparent.png","contentUrl":"https:\/\/buletin.de\/bucuresti\/wp-content\/uploads\/logo-bdb-full-wide-vernil-transparent.png","width":1782,"height":626,"caption":"Buletin de Bucure\u0219ti"},"image":{"@id":"https:\/\/buletin.de\/bucuresti\/#\/schema\/logo\/image\/"},"sameAs":["https:\/\/www.facebook.com\/buletin.de.buc","https:\/\/www.instagram.com\/buletinde.bucuresti\/"]},{"@type":"Person","@id":"https:\/\/buletin.de\/bucuresti\/#\/schema\/person\/87734700b2c7f8608881f7e93b8834de","name":"Andreea Gelatu","image":{"@type":"ImageObject","inLanguage":"en-GB","@id":"https:\/\/secure.gravatar.com\/avatar\/b716eca2f984b9b65bdd87118b4b909d940b619cbe6e8cb725fe11c1b1f4194f?s=96&d=monsterid&r=g9b5eff4996c6b842a29b3057a7b4746f","url":"https:\/\/secure.gravatar.com\/avatar\/b716eca2f984b9b65bdd87118b4b909d940b619cbe6e8cb725fe11c1b1f4194f?s=96&d=monsterid&r=g","contentUrl":"https:\/\/secure.gravatar.com\/avatar\/b716eca2f984b9b65bdd87118b4b909d940b619cbe6e8cb725fe11c1b1f4194f?s=96&d=monsterid&r=g","caption":"Andreea Gelatu"},"url":"https:\/\/buletin.de\/bucuresti\/author\/andreeagelatu\/"}]}},"authors":[{"term_id":22605,"user_id":46,"is_guest":0,"slug":"andreeagelatu","display_name":"Andreea Gelatu","avatar_url":"https:\/\/secure.gravatar.com\/avatar\/b716eca2f984b9b65bdd87118b4b909d940b619cbe6e8cb725fe11c1b1f4194f?s=96&d=monsterid&r=g","0":null,"1":"","2":"","3":"","4":"","5":"","6":"","7":"","8":""}],"_links":{"self":[{"href":"https:\/\/buletin.de\/bucuresti\/wp-json\/wp\/v2\/posts\/51265","targetHints":{"allow":["GET"]}}],"collection":[{"href":"https:\/\/buletin.de\/bucuresti\/wp-json\/wp\/v2\/posts"}],"about":[{"href":"https:\/\/buletin.de\/bucuresti\/wp-json\/wp\/v2\/types\/post"}],"author":[{"embeddable":true,"href":"https:\/\/buletin.de\/bucuresti\/wp-json\/wp\/v2\/users\/46"}],"replies":[{"embeddable":true,"href":"https:\/\/buletin.de\/bucuresti\/wp-json\/wp\/v2\/comments?post=51265"}],"version-history":[{"count":3,"href":"https:\/\/buletin.de\/bucuresti\/wp-json\/wp\/v2\/posts\/51265\/revisions"}],"predecessor-version":[{"id":51272,"href":"https:\/\/buletin.de\/bucuresti\/wp-json\/wp\/v2\/posts\/51265\/revisions\/51272"}],"wp:featuredmedia":[{"embeddable":true,"href":"https:\/\/buletin.de\/bucuresti\/wp-json\/wp\/v2\/media\/51266"}],"wp:attachment":[{"href":"https:\/\/buletin.de\/bucuresti\/wp-json\/wp\/v2\/media?parent=51265"}],"wp:term":[{"taxonomy":"category","embeddable":true,"href":"https:\/\/buletin.de\/bucuresti\/wp-json\/wp\/v2\/categories?post=51265"},{"taxonomy":"post_tag","embeddable":true,"href":"https:\/\/buletin.de\/bucuresti\/wp-json\/wp\/v2\/tags?post=51265"},{"taxonomy":"author","embeddable":true,"href":"https:\/\/buletin.de\/bucuresti\/wp-json\/wp\/v2\/ppma_author?post=51265"}],"curies":[{"name":"wp","href":"https:\/\/api.w.org\/{rel}","templated":true}]}}