{"id":51100,"date":"2023-01-06T11:20:37","date_gmt":"2023-01-06T09:20:37","guid":{"rendered":"https:\/\/buletin.de\/bucuresti\/?p=51100"},"modified":"2023-01-06T11:20:37","modified_gmt":"2023-01-06T09:20:37","slug":"un-nou-mod-de-cersit-a-luat-amploare-in-capitala-femei-cu-papusi-din-carpe-pe-post-de-bebelusi-cersesc-la-semafor","status":"publish","type":"post","link":"https:\/\/buletin.de\/bucuresti\/un-nou-mod-de-cersit-a-luat-amploare-in-capitala-femei-cu-papusi-din-carpe-pe-post-de-bebelusi-cersesc-la-semafor\/","title":{"rendered":"Un nou mod de cer\u0219it a luat amploare \u00een Capital\u0103. Femei cu p\u0103pu\u0219i din c\u00e2rpe, pe post de bebelu\u0219i, cer\u0219esc la semafor"},"content":{"rendered":"\n<p>O nou\u0103 metod\u0103 de cer\u0219it a luat amploare pe str\u0103zile din Capital\u0103. Femei cu bebelu\u0219i \u00een bra\u021be cer\u0219esc la semafor \u201eun b\u0103nu\u021b pentru lapte praf\u201d. \u00cen bra\u021bele cer\u0219etorilor nu sunt copii, ci c\u00e2rpe.<\/p>\n\n\n\n<p>Poli\u021bia local\u0103 s-a sesizat \u00een acest caz.  Joi au fost prinse trei cer\u0219etoare cu p\u0103pu\u0219i din haine, \u00een zone diferite ale Sectorului 6. S\u0103pt\u0103m\u00e2na trecut\u0103, o alta. Ast\u0103zi, patru persoane au fost amendate pentru cer\u0219etorie, la intersec\u021bia Splaiul Independen\u021bei-\u0218oseaua Groz\u0103ve\u0219ti.<\/p>\n\n\n\n<p>Persoanele sunt tinere, \u00een putere \u0219i care pot munci. Acestea refuz\u0103 ajutorul Direc\u021bie Generale de Asisten\u021b\u0103 Social\u0103 \u0219i Protec\u021bia Copilului (DGASPC), pe motivul c\u0103 ele au nevoie de bani pentru laptele praf al copilului din bra\u021be.<\/p>\n\n\n\n<p>Unele persoane identificate \u0219i sanc\u021bionate, figureaz\u0103 cu acela\u0219i nume de familie \u0219i au mai fost amendate anul trecut pentru aceea\u0219i fapt\u0103, se arat\u0103 \u00een comunicatul transmis de c\u0103tre Prim\u0103ria Sectorului 6. \u00cen total, \u00een cursul anului 2022, poli\u021bi\u0219tii locali din Sectorul 6 au aplicat 291 de sanc\u021biuni pentru cer\u0219etorie, \u00een valoare de 45.450 de lei.<\/p>\n\n\n\n<p>Surs\u0103 foto: Prim\u0103ria Sectorului 6<\/p>\n","protected":false},"excerpt":{"rendered":"<p>O nou\u0103 metod\u0103 de cer\u0219it a luat amploare pe str\u0103zile din Capital\u0103. Femei cu bebelu\u0219i \u00een bra\u021be cer\u0219esc la semafor \u201eun b\u0103nu\u021b pentru lapte praf\u201d. \u00cen bra\u021bele cer\u0219etorilor nu sunt copii, ci c\u00e2rpe. Poli\u021bia local\u0103 s-a sesizat \u00een acest caz. Joi au fost prinse trei cer\u0219etoare cu p\u0103pu\u0219i din haine, \u00een zone diferite ale Sectorului [&hellip;]<\/p>\n","protected":false},"author":45,"featured_media":51096,"comment_status":"closed","ping_status":"open","sticky":false,"template":"","format":"standard","meta":{"_acf_changed":false,"inline_featured_image":false,"ngg_post_thumbnail":0,"footnotes":""},"categories":[24],"tags":[],"ppma_author":[22604],"class_list":["post-51100","post","type-post","status-publish","format-standard","has-post-thumbnail","hentry","category-primarie"],"acf":[],"yoast_head":"<!-- This site is optimized with the Yoast SEO Premium plugin v25.3 (Yoast SEO v27.5) - https:\/\/yoast.com\/product\/yoast-seo-premium-wordpress\/ -->\n<title>Un nou mod de cer\u0219it a luat amploare \u00een Capital\u0103. Femei cu p\u0103pu\u0219i din c\u00e2rpe, pe post de bebelu\u0219i, cer\u0219esc la semafor - Buletin de Bucure\u0219ti<\/title>\n<meta name=\"robots\" content=\"index, follow, max-snippet:-1, max-image-preview:large, max-video-preview:-1\" \/>\n<link rel=\"canonical\" href=\"https:\/\/buletin.de\/bucuresti\/un-nou-mod-de-cersit-a-luat-amploare-in-capitala-femei-cu-papusi-din-carpe-pe-post-de-bebelusi-cersesc-la-semafor\/\" \/>\n<meta property=\"og:locale\" content=\"en_GB\" \/>\n<meta property=\"og:type\" content=\"article\" \/>\n<meta property=\"og:title\" content=\"Un nou mod de cer\u0219it a luat amploare \u00een Capital\u0103. Femei cu p\u0103pu\u0219i din c\u00e2rpe, pe post de bebelu\u0219i, cer\u0219esc la semafor\" \/>\n<meta property=\"og:description\" content=\"O nou\u0103 metod\u0103 de cer\u0219it a luat amploare pe str\u0103zile din Capital\u0103. Femei cu bebelu\u0219i \u00een bra\u021be cer\u0219esc la semafor \u201eun b\u0103nu\u021b pentru lapte praf\u201d. \u00cen bra\u021bele cer\u0219etorilor nu sunt copii, ci c\u00e2rpe. Poli\u021bia local\u0103 s-a sesizat \u00een acest caz. Joi au fost prinse trei cer\u0219etoare cu p\u0103pu\u0219i din haine, \u00een zone diferite ale Sectorului [&hellip;]\" \/>\n<meta property=\"og:url\" content=\"https:\/\/buletin.de\/bucuresti\/un-nou-mod-de-cersit-a-luat-amploare-in-capitala-femei-cu-papusi-din-carpe-pe-post-de-bebelusi-cersesc-la-semafor\/\" \/>\n<meta property=\"og:site_name\" content=\"Buletin de Bucure\u0219ti\" \/>\n<meta property=\"article:publisher\" content=\"https:\/\/www.facebook.com\/buletin.de.buc\" \/>\n<meta property=\"article:published_time\" content=\"2023-01-06T09:20:37+00:00\" \/>\n<meta property=\"og:image\" content=\"https:\/\/buletin.de\/bucuresti\/wp-content\/uploads\/6179484F-74C9-4C5E-97D5-E33105263EC8.jpeg\" \/>\n\t<meta property=\"og:image:width\" content=\"720\" \/>\n\t<meta property=\"og:image:height\" content=\"580\" \/>\n\t<meta property=\"og:image:type\" content=\"image\/jpeg\" \/>\n<meta name=\"author\" content=\"Teodora \u0218uta\" \/>\n<meta name=\"twitter:card\" content=\"summary_large_image\" \/>\n<meta name=\"twitter:label1\" content=\"Written by\" \/>\n\t<meta name=\"twitter:data1\" content=\"Teodora \u0218uta\" \/>\n\t<meta name=\"twitter:label2\" content=\"Estimated reading time\" \/>\n\t<meta name=\"twitter:data2\" content=\"1 minute\" \/>\n<script type=\"application\/ld+json\" class=\"yoast-schema-graph\">{\"@context\":\"https:\\\/\\\/schema.org\",\"@graph\":[{\"@type\":\"Article\",\"@id\":\"https:\\\/\\\/buletin.de\\\/bucuresti\\\/un-nou-mod-de-cersit-a-luat-amploare-in-capitala-femei-cu-papusi-din-carpe-pe-post-de-bebelusi-cersesc-la-semafor\\\/#article\",\"isPartOf\":{\"@id\":\"https:\\\/\\\/buletin.de\\\/bucuresti\\\/un-nou-mod-de-cersit-a-luat-amploare-in-capitala-femei-cu-papusi-din-carpe-pe-post-de-bebelusi-cersesc-la-semafor\\\/\"},\"author\":{\"name\":\"Teodora \u0218uta\",\"@id\":\"https:\\\/\\\/buletin.de\\\/bucuresti\\\/#\\\/schema\\\/person\\\/5d54908fa90ab7ad3b2e88152efd6845\"},\"headline\":\"Un nou mod de cer\u0219it a luat amploare \u00een Capital\u0103. Femei cu p\u0103pu\u0219i din c\u00e2rpe, pe post de bebelu\u0219i, cer\u0219esc la semafor\",\"datePublished\":\"2023-01-06T09:20:37+00:00\",\"mainEntityOfPage\":{\"@id\":\"https:\\\/\\\/buletin.de\\\/bucuresti\\\/un-nou-mod-de-cersit-a-luat-amploare-in-capitala-femei-cu-papusi-din-carpe-pe-post-de-bebelusi-cersesc-la-semafor\\\/\"},\"wordCount\":226,\"publisher\":{\"@id\":\"https:\\\/\\\/buletin.de\\\/bucuresti\\\/#organization\"},\"image\":{\"@id\":\"https:\\\/\\\/buletin.de\\\/bucuresti\\\/un-nou-mod-de-cersit-a-luat-amploare-in-capitala-femei-cu-papusi-din-carpe-pe-post-de-bebelusi-cersesc-la-semafor\\\/#primaryimage\"},\"thumbnailUrl\":\"https:\\\/\\\/buletin.de\\\/bucuresti\\\/wp-content\\\/uploads\\\/6179484F-74C9-4C5E-97D5-E33105263EC8.jpeg\",\"articleSection\":[\"Prim\u0103rie\"],\"inLanguage\":\"en-GB\",\"copyrightYear\":\"2023\",\"copyrightHolder\":{\"@id\":\"https:\\\/\\\/buletin.de\\\/bucuresti\\\/#organization\"}},{\"@type\":\"WebPage\",\"@id\":\"https:\\\/\\\/buletin.de\\\/bucuresti\\\/un-nou-mod-de-cersit-a-luat-amploare-in-capitala-femei-cu-papusi-din-carpe-pe-post-de-bebelusi-cersesc-la-semafor\\\/\",\"url\":\"https:\\\/\\\/buletin.de\\\/bucuresti\\\/un-nou-mod-de-cersit-a-luat-amploare-in-capitala-femei-cu-papusi-din-carpe-pe-post-de-bebelusi-cersesc-la-semafor\\\/\",\"name\":\"Un nou mod de cer\u0219it a luat amploare \u00een Capital\u0103. Femei cu p\u0103pu\u0219i din c\u00e2rpe, pe post de bebelu\u0219i, cer\u0219esc la semafor - Buletin de Bucure\u0219ti\",\"isPartOf\":{\"@id\":\"https:\\\/\\\/buletin.de\\\/bucuresti\\\/#website\"},\"primaryImageOfPage\":{\"@id\":\"https:\\\/\\\/buletin.de\\\/bucuresti\\\/un-nou-mod-de-cersit-a-luat-amploare-in-capitala-femei-cu-papusi-din-carpe-pe-post-de-bebelusi-cersesc-la-semafor\\\/#primaryimage\"},\"image\":{\"@id\":\"https:\\\/\\\/buletin.de\\\/bucuresti\\\/un-nou-mod-de-cersit-a-luat-amploare-in-capitala-femei-cu-papusi-din-carpe-pe-post-de-bebelusi-cersesc-la-semafor\\\/#primaryimage\"},\"thumbnailUrl\":\"https:\\\/\\\/buletin.de\\\/bucuresti\\\/wp-content\\\/uploads\\\/6179484F-74C9-4C5E-97D5-E33105263EC8.jpeg\",\"datePublished\":\"2023-01-06T09:20:37+00:00\",\"breadcrumb\":{\"@id\":\"https:\\\/\\\/buletin.de\\\/bucuresti\\\/un-nou-mod-de-cersit-a-luat-amploare-in-capitala-femei-cu-papusi-din-carpe-pe-post-de-bebelusi-cersesc-la-semafor\\\/#breadcrumb\"},\"inLanguage\":\"en-GB\",\"potentialAction\":[{\"@type\":\"ReadAction\",\"target\":[\"https:\\\/\\\/buletin.de\\\/bucuresti\\\/un-nou-mod-de-cersit-a-luat-amploare-in-capitala-femei-cu-papusi-din-carpe-pe-post-de-bebelusi-cersesc-la-semafor\\\/\"]}]},{\"@type\":\"ImageObject\",\"inLanguage\":\"en-GB\",\"@id\":\"https:\\\/\\\/buletin.de\\\/bucuresti\\\/un-nou-mod-de-cersit-a-luat-amploare-in-capitala-femei-cu-papusi-din-carpe-pe-post-de-bebelusi-cersesc-la-semafor\\\/#primaryimage\",\"url\":\"https:\\\/\\\/buletin.de\\\/bucuresti\\\/wp-content\\\/uploads\\\/6179484F-74C9-4C5E-97D5-E33105263EC8.jpeg\",\"contentUrl\":\"https:\\\/\\\/buletin.de\\\/bucuresti\\\/wp-content\\\/uploads\\\/6179484F-74C9-4C5E-97D5-E33105263EC8.jpeg\",\"width\":720,\"height\":580},{\"@type\":\"BreadcrumbList\",\"@id\":\"https:\\\/\\\/buletin.de\\\/bucuresti\\\/un-nou-mod-de-cersit-a-luat-amploare-in-capitala-femei-cu-papusi-din-carpe-pe-post-de-bebelusi-cersesc-la-semafor\\\/#breadcrumb\",\"itemListElement\":[{\"@type\":\"ListItem\",\"position\":1,\"name\":\"Acas\u0103\",\"item\":\"https:\\\/\\\/buletin.de\\\/bucuresti\\\/\"},{\"@type\":\"ListItem\",\"position\":2,\"name\":\"Un nou mod de cer\u0219it a luat amploare \u00een Capital\u0103. Femei cu p\u0103pu\u0219i din c\u00e2rpe, pe post de bebelu\u0219i, cer\u0219esc la semafor\"}]},{\"@type\":\"WebSite\",\"@id\":\"https:\\\/\\\/buletin.de\\\/bucuresti\\\/#website\",\"url\":\"https:\\\/\\\/buletin.de\\\/bucuresti\\\/\",\"name\":\"Buletin de Bucure\u0219ti\",\"description\":\"\u0218tiri \u0219i investiga\u021bii esen\u021biale din capital\u0103\",\"publisher\":{\"@id\":\"https:\\\/\\\/buletin.de\\\/bucuresti\\\/#organization\"},\"potentialAction\":[{\"@type\":\"SearchAction\",\"target\":{\"@type\":\"EntryPoint\",\"urlTemplate\":\"https:\\\/\\\/buletin.de\\\/bucuresti\\\/?s={search_term_string}\"},\"query-input\":{\"@type\":\"PropertyValueSpecification\",\"valueRequired\":true,\"valueName\":\"search_term_string\"}}],\"inLanguage\":\"en-GB\"},{\"@type\":\"Organization\",\"@id\":\"https:\\\/\\\/buletin.de\\\/bucuresti\\\/#organization\",\"name\":\"Buletin de Bucure\u0219ti\",\"url\":\"https:\\\/\\\/buletin.de\\\/bucuresti\\\/\",\"logo\":{\"@type\":\"ImageObject\",\"inLanguage\":\"en-GB\",\"@id\":\"https:\\\/\\\/buletin.de\\\/bucuresti\\\/#\\\/schema\\\/logo\\\/image\\\/\",\"url\":\"https:\\\/\\\/buletin.de\\\/bucuresti\\\/wp-content\\\/uploads\\\/logo-bdb-full-wide-vernil-transparent.png\",\"contentUrl\":\"https:\\\/\\\/buletin.de\\\/bucuresti\\\/wp-content\\\/uploads\\\/logo-bdb-full-wide-vernil-transparent.png\",\"width\":1782,\"height\":626,\"caption\":\"Buletin de Bucure\u0219ti\"},\"image\":{\"@id\":\"https:\\\/\\\/buletin.de\\\/bucuresti\\\/#\\\/schema\\\/logo\\\/image\\\/\"},\"sameAs\":[\"https:\\\/\\\/www.facebook.com\\\/buletin.de.buc\",\"https:\\\/\\\/www.instagram.com\\\/buletinde.bucuresti\\\/\"]},{\"@type\":\"Person\",\"@id\":\"https:\\\/\\\/buletin.de\\\/bucuresti\\\/#\\\/schema\\\/person\\\/5d54908fa90ab7ad3b2e88152efd6845\",\"name\":\"Teodora \u0218uta\",\"image\":{\"@type\":\"ImageObject\",\"inLanguage\":\"en-GB\",\"@id\":\"https:\\\/\\\/secure.gravatar.com\\\/avatar\\\/0c709226af9845d97b126aa0aa80ab42778847ec3d11d741016b74a61174088d?s=96&d=monsterid&r=gf2e0c6a01d766272c6fa8af9e494be28\",\"url\":\"https:\\\/\\\/secure.gravatar.com\\\/avatar\\\/0c709226af9845d97b126aa0aa80ab42778847ec3d11d741016b74a61174088d?s=96&d=monsterid&r=g\",\"contentUrl\":\"https:\\\/\\\/secure.gravatar.com\\\/avatar\\\/0c709226af9845d97b126aa0aa80ab42778847ec3d11d741016b74a61174088d?s=96&d=monsterid&r=g\",\"caption\":\"Teodora \u0218uta\"},\"url\":\"https:\\\/\\\/buletin.de\\\/bucuresti\\\/author\\\/mariasuta\\\/\"}]}<\/script>\n<!-- \/ Yoast SEO Premium plugin. -->","yoast_head_json":{"title":"Un nou mod de cer\u0219it a luat amploare \u00een Capital\u0103. Femei cu p\u0103pu\u0219i din c\u00e2rpe, pe post de bebelu\u0219i, cer\u0219esc la semafor - Buletin de Bucure\u0219ti","robots":{"index":"index","follow":"follow","max-snippet":"max-snippet:-1","max-image-preview":"max-image-preview:large","max-video-preview":"max-video-preview:-1"},"canonical":"https:\/\/buletin.de\/bucuresti\/un-nou-mod-de-cersit-a-luat-amploare-in-capitala-femei-cu-papusi-din-carpe-pe-post-de-bebelusi-cersesc-la-semafor\/","og_locale":"en_GB","og_type":"article","og_title":"Un nou mod de cer\u0219it a luat amploare \u00een Capital\u0103. Femei cu p\u0103pu\u0219i din c\u00e2rpe, pe post de bebelu\u0219i, cer\u0219esc la semafor","og_description":"O nou\u0103 metod\u0103 de cer\u0219it a luat amploare pe str\u0103zile din Capital\u0103. Femei cu bebelu\u0219i \u00een bra\u021be cer\u0219esc la semafor \u201eun b\u0103nu\u021b pentru lapte praf\u201d. \u00cen bra\u021bele cer\u0219etorilor nu sunt copii, ci c\u00e2rpe. Poli\u021bia local\u0103 s-a sesizat \u00een acest caz. Joi au fost prinse trei cer\u0219etoare cu p\u0103pu\u0219i din haine, \u00een zone diferite ale Sectorului [&hellip;]","og_url":"https:\/\/buletin.de\/bucuresti\/un-nou-mod-de-cersit-a-luat-amploare-in-capitala-femei-cu-papusi-din-carpe-pe-post-de-bebelusi-cersesc-la-semafor\/","og_site_name":"Buletin de Bucure\u0219ti","article_publisher":"https:\/\/www.facebook.com\/buletin.de.buc","article_published_time":"2023-01-06T09:20:37+00:00","og_image":[{"width":720,"height":580,"url":"https:\/\/buletin.de\/bucuresti\/wp-content\/uploads\/6179484F-74C9-4C5E-97D5-E33105263EC8.jpeg","type":"image\/jpeg"}],"author":"Teodora \u0218uta","twitter_card":"summary_large_image","twitter_misc":{"Written by":"Teodora \u0218uta","Estimated reading time":"1 minute"},"schema":{"@context":"https:\/\/schema.org","@graph":[{"@type":"Article","@id":"https:\/\/buletin.de\/bucuresti\/un-nou-mod-de-cersit-a-luat-amploare-in-capitala-femei-cu-papusi-din-carpe-pe-post-de-bebelusi-cersesc-la-semafor\/#article","isPartOf":{"@id":"https:\/\/buletin.de\/bucuresti\/un-nou-mod-de-cersit-a-luat-amploare-in-capitala-femei-cu-papusi-din-carpe-pe-post-de-bebelusi-cersesc-la-semafor\/"},"author":{"name":"Teodora \u0218uta","@id":"https:\/\/buletin.de\/bucuresti\/#\/schema\/person\/5d54908fa90ab7ad3b2e88152efd6845"},"headline":"Un nou mod de cer\u0219it a luat amploare \u00een Capital\u0103. Femei cu p\u0103pu\u0219i din c\u00e2rpe, pe post de bebelu\u0219i, cer\u0219esc la semafor","datePublished":"2023-01-06T09:20:37+00:00","mainEntityOfPage":{"@id":"https:\/\/buletin.de\/bucuresti\/un-nou-mod-de-cersit-a-luat-amploare-in-capitala-femei-cu-papusi-din-carpe-pe-post-de-bebelusi-cersesc-la-semafor\/"},"wordCount":226,"publisher":{"@id":"https:\/\/buletin.de\/bucuresti\/#organization"},"image":{"@id":"https:\/\/buletin.de\/bucuresti\/un-nou-mod-de-cersit-a-luat-amploare-in-capitala-femei-cu-papusi-din-carpe-pe-post-de-bebelusi-cersesc-la-semafor\/#primaryimage"},"thumbnailUrl":"https:\/\/buletin.de\/bucuresti\/wp-content\/uploads\/6179484F-74C9-4C5E-97D5-E33105263EC8.jpeg","articleSection":["Prim\u0103rie"],"inLanguage":"en-GB","copyrightYear":"2023","copyrightHolder":{"@id":"https:\/\/buletin.de\/bucuresti\/#organization"}},{"@type":"WebPage","@id":"https:\/\/buletin.de\/bucuresti\/un-nou-mod-de-cersit-a-luat-amploare-in-capitala-femei-cu-papusi-din-carpe-pe-post-de-bebelusi-cersesc-la-semafor\/","url":"https:\/\/buletin.de\/bucuresti\/un-nou-mod-de-cersit-a-luat-amploare-in-capitala-femei-cu-papusi-din-carpe-pe-post-de-bebelusi-cersesc-la-semafor\/","name":"Un nou mod de cer\u0219it a luat amploare \u00een Capital\u0103. Femei cu p\u0103pu\u0219i din c\u00e2rpe, pe post de bebelu\u0219i, cer\u0219esc la semafor - Buletin de Bucure\u0219ti","isPartOf":{"@id":"https:\/\/buletin.de\/bucuresti\/#website"},"primaryImageOfPage":{"@id":"https:\/\/buletin.de\/bucuresti\/un-nou-mod-de-cersit-a-luat-amploare-in-capitala-femei-cu-papusi-din-carpe-pe-post-de-bebelusi-cersesc-la-semafor\/#primaryimage"},"image":{"@id":"https:\/\/buletin.de\/bucuresti\/un-nou-mod-de-cersit-a-luat-amploare-in-capitala-femei-cu-papusi-din-carpe-pe-post-de-bebelusi-cersesc-la-semafor\/#primaryimage"},"thumbnailUrl":"https:\/\/buletin.de\/bucuresti\/wp-content\/uploads\/6179484F-74C9-4C5E-97D5-E33105263EC8.jpeg","datePublished":"2023-01-06T09:20:37+00:00","breadcrumb":{"@id":"https:\/\/buletin.de\/bucuresti\/un-nou-mod-de-cersit-a-luat-amploare-in-capitala-femei-cu-papusi-din-carpe-pe-post-de-bebelusi-cersesc-la-semafor\/#breadcrumb"},"inLanguage":"en-GB","potentialAction":[{"@type":"ReadAction","target":["https:\/\/buletin.de\/bucuresti\/un-nou-mod-de-cersit-a-luat-amploare-in-capitala-femei-cu-papusi-din-carpe-pe-post-de-bebelusi-cersesc-la-semafor\/"]}]},{"@type":"ImageObject","inLanguage":"en-GB","@id":"https:\/\/buletin.de\/bucuresti\/un-nou-mod-de-cersit-a-luat-amploare-in-capitala-femei-cu-papusi-din-carpe-pe-post-de-bebelusi-cersesc-la-semafor\/#primaryimage","url":"https:\/\/buletin.de\/bucuresti\/wp-content\/uploads\/6179484F-74C9-4C5E-97D5-E33105263EC8.jpeg","contentUrl":"https:\/\/buletin.de\/bucuresti\/wp-content\/uploads\/6179484F-74C9-4C5E-97D5-E33105263EC8.jpeg","width":720,"height":580},{"@type":"BreadcrumbList","@id":"https:\/\/buletin.de\/bucuresti\/un-nou-mod-de-cersit-a-luat-amploare-in-capitala-femei-cu-papusi-din-carpe-pe-post-de-bebelusi-cersesc-la-semafor\/#breadcrumb","itemListElement":[{"@type":"ListItem","position":1,"name":"Acas\u0103","item":"https:\/\/buletin.de\/bucuresti\/"},{"@type":"ListItem","position":2,"name":"Un nou mod de cer\u0219it a luat amploare \u00een Capital\u0103. Femei cu p\u0103pu\u0219i din c\u00e2rpe, pe post de bebelu\u0219i, cer\u0219esc la semafor"}]},{"@type":"WebSite","@id":"https:\/\/buletin.de\/bucuresti\/#website","url":"https:\/\/buletin.de\/bucuresti\/","name":"Buletin de Bucure\u0219ti","description":"\u0218tiri \u0219i investiga\u021bii esen\u021biale din capital\u0103","publisher":{"@id":"https:\/\/buletin.de\/bucuresti\/#organization"},"potentialAction":[{"@type":"SearchAction","target":{"@type":"EntryPoint","urlTemplate":"https:\/\/buletin.de\/bucuresti\/?s={search_term_string}"},"query-input":{"@type":"PropertyValueSpecification","valueRequired":true,"valueName":"search_term_string"}}],"inLanguage":"en-GB"},{"@type":"Organization","@id":"https:\/\/buletin.de\/bucuresti\/#organization","name":"Buletin de Bucure\u0219ti","url":"https:\/\/buletin.de\/bucuresti\/","logo":{"@type":"ImageObject","inLanguage":"en-GB","@id":"https:\/\/buletin.de\/bucuresti\/#\/schema\/logo\/image\/","url":"https:\/\/buletin.de\/bucuresti\/wp-content\/uploads\/logo-bdb-full-wide-vernil-transparent.png","contentUrl":"https:\/\/buletin.de\/bucuresti\/wp-content\/uploads\/logo-bdb-full-wide-vernil-transparent.png","width":1782,"height":626,"caption":"Buletin de Bucure\u0219ti"},"image":{"@id":"https:\/\/buletin.de\/bucuresti\/#\/schema\/logo\/image\/"},"sameAs":["https:\/\/www.facebook.com\/buletin.de.buc","https:\/\/www.instagram.com\/buletinde.bucuresti\/"]},{"@type":"Person","@id":"https:\/\/buletin.de\/bucuresti\/#\/schema\/person\/5d54908fa90ab7ad3b2e88152efd6845","name":"Teodora \u0218uta","image":{"@type":"ImageObject","inLanguage":"en-GB","@id":"https:\/\/secure.gravatar.com\/avatar\/0c709226af9845d97b126aa0aa80ab42778847ec3d11d741016b74a61174088d?s=96&d=monsterid&r=gf2e0c6a01d766272c6fa8af9e494be28","url":"https:\/\/secure.gravatar.com\/avatar\/0c709226af9845d97b126aa0aa80ab42778847ec3d11d741016b74a61174088d?s=96&d=monsterid&r=g","contentUrl":"https:\/\/secure.gravatar.com\/avatar\/0c709226af9845d97b126aa0aa80ab42778847ec3d11d741016b74a61174088d?s=96&d=monsterid&r=g","caption":"Teodora \u0218uta"},"url":"https:\/\/buletin.de\/bucuresti\/author\/mariasuta\/"}]}},"authors":[{"term_id":22604,"user_id":45,"is_guest":0,"slug":"mariasuta","display_name":"Teodora \u0218uta","avatar_url":"https:\/\/secure.gravatar.com\/avatar\/0c709226af9845d97b126aa0aa80ab42778847ec3d11d741016b74a61174088d?s=96&d=monsterid&r=g","0":null,"1":"","2":"","3":"","4":"","5":"","6":"","7":"","8":""}],"_links":{"self":[{"href":"https:\/\/buletin.de\/bucuresti\/wp-json\/wp\/v2\/posts\/51100","targetHints":{"allow":["GET"]}}],"collection":[{"href":"https:\/\/buletin.de\/bucuresti\/wp-json\/wp\/v2\/posts"}],"about":[{"href":"https:\/\/buletin.de\/bucuresti\/wp-json\/wp\/v2\/types\/post"}],"author":[{"embeddable":true,"href":"https:\/\/buletin.de\/bucuresti\/wp-json\/wp\/v2\/users\/45"}],"replies":[{"embeddable":true,"href":"https:\/\/buletin.de\/bucuresti\/wp-json\/wp\/v2\/comments?post=51100"}],"version-history":[{"count":3,"href":"https:\/\/buletin.de\/bucuresti\/wp-json\/wp\/v2\/posts\/51100\/revisions"}],"predecessor-version":[{"id":51109,"href":"https:\/\/buletin.de\/bucuresti\/wp-json\/wp\/v2\/posts\/51100\/revisions\/51109"}],"wp:featuredmedia":[{"embeddable":true,"href":"https:\/\/buletin.de\/bucuresti\/wp-json\/wp\/v2\/media\/51096"}],"wp:attachment":[{"href":"https:\/\/buletin.de\/bucuresti\/wp-json\/wp\/v2\/media?parent=51100"}],"wp:term":[{"taxonomy":"category","embeddable":true,"href":"https:\/\/buletin.de\/bucuresti\/wp-json\/wp\/v2\/categories?post=51100"},{"taxonomy":"post_tag","embeddable":true,"href":"https:\/\/buletin.de\/bucuresti\/wp-json\/wp\/v2\/tags?post=51100"},{"taxonomy":"author","embeddable":true,"href":"https:\/\/buletin.de\/bucuresti\/wp-json\/wp\/v2\/ppma_author?post=51100"}],"curies":[{"name":"wp","href":"https:\/\/api.w.org\/{rel}","templated":true}]}}