{"id":51087,"date":"2023-01-05T23:40:11","date_gmt":"2023-01-05T21:40:11","guid":{"rendered":"https:\/\/buletin.de\/bucuresti\/?p=51087"},"modified":"2023-01-05T23:46:22","modified_gmt":"2023-01-05T21:46:22","slug":"masina-rasturnata-pe-calea-victoriei-3-masini-implicate-in-accident-o-persoana-transportata-la-spital","status":"publish","type":"post","link":"https:\/\/buletin.de\/bucuresti\/masina-rasturnata-pe-calea-victoriei-3-masini-implicate-in-accident-o-persoana-transportata-la-spital\/","title":{"rendered":"Ma\u0219in\u0103 r\u0103sturnat\u0103 pe Calea Victoriei. 3 ma\u0219ini implicate \u00een accident, o persoan\u0103 transportat\u0103 la spital"},"content":{"rendered":"\n<p>Un accident rutier s-a produs joi seara, 5 ianuarie 2023, pe Calea Victoriei. \u00cen accident au fost implicate 3 ma\u0219ini, dintre care una s-a r\u0103sturnat pe plafon. O persoan\u0103 este r\u0103nit\u0103 \u0219i va fi transportat\u0103 la Spitalul Floreasca pentru \u00eengrijiri medicale.<\/p>\n\n\n\n<p>\u0218oferii au fost testa\u021bi cu aparatul etilotest, rezultatul fiind 0.<\/p>\n\n\n\n<p>Traficul este blocat pe Calea Victoriei, de la Bulevardul Dacia.<\/p>\n\n\n\n<figure class=\"wp-block-image size-full\"><img fetchpriority=\"high\" decoding=\"async\" width=\"722\" height=\"697\" src=\"data:image\/gif;base64,R0lGODlhAQABAAAAACH5BAEKAAEALAAAAAABAAEAAAICTAEAOw==\" data-src=\"https:\/\/buletin.de\/bucuresti\/wp-content\/uploads\/Calea-Victoriei-1.jpeg\" alt=\"\" class=\"wp-image-51089 lazyload\" data-sizes=\"auto\" data-srcset=\"https:\/\/buletin.de\/bucuresti\/wp-content\/uploads\/Calea-Victoriei-1.jpeg 722w, https:\/\/buletin.de\/bucuresti\/wp-content\/uploads\/Calea-Victoriei-1-300x290.jpeg 300w, https:\/\/buletin.de\/bucuresti\/wp-content\/uploads\/Calea-Victoriei-1-550x531.jpeg 550w, https:\/\/buletin.de\/bucuresti\/wp-content\/uploads\/Calea-Victoriei-1-518x500.jpeg 518w, https:\/\/buletin.de\/bucuresti\/wp-content\/uploads\/Calea-Victoriei-1-600x579.jpeg 600w\" sizes=\"(max-width: 722px) 100vw, 722px\" \/><figcaption>Surs\u0103 foto: Info Trafic Rom\u00e2nia<\/figcaption><\/figure>\n\n\n\n<figure class=\"wp-block-video\"><video height=\"640\" style=\"aspect-ratio: 288 \/ 640;\" width=\"288\" controls src=\"https:\/\/buletin.de\/bucuresti\/wp-content\/uploads\/WhatsApp-Video-2023-01-05-at-23.36.35.mp4\"><\/video><figcaption>Surs\u0103 video: Facebook, Rares Andrei Racean\/Info Trafic Bucure\u0219ti \u0219i Ilfov<\/figcaption><\/figure>\n","protected":false},"excerpt":{"rendered":"<p>Un accident rutier s-a produs joi seara, 5 ianuarie 2023, pe Calea Victoriei. \u00cen accident au fost implicate 3 ma\u0219ini, dintre care una s-a r\u0103sturnat pe plafon. O persoan\u0103 este r\u0103nit\u0103 \u0219i va fi transportat\u0103 la Spitalul Floreasca pentru \u00eengrijiri medicale. \u0218oferii au fost testa\u021bi cu aparatul etilotest, rezultatul fiind 0. Traficul este blocat pe [&hellip;]<\/p>\n","protected":false},"author":46,"featured_media":51088,"comment_status":"closed","ping_status":"open","sticky":false,"template":"","format":"standard","meta":{"_acf_changed":false,"inline_featured_image":false,"ngg_post_thumbnail":0,"footnotes":""},"categories":[62],"tags":[],"ppma_author":[22605],"class_list":["post-51087","post","type-post","status-publish","format-standard","has-post-thumbnail","hentry","category-stiri"],"acf":[],"yoast_head":"<!-- This site is optimized with the Yoast SEO Premium plugin v25.3 (Yoast SEO v27.5) - https:\/\/yoast.com\/product\/yoast-seo-premium-wordpress\/ -->\n<title>Ma\u0219in\u0103 r\u0103sturnat\u0103 pe Calea Victoriei. 3 ma\u0219ini implicate \u00een accident, o persoan\u0103 transportat\u0103 la spital - Buletin de Bucure\u0219ti<\/title>\n<meta name=\"robots\" content=\"index, follow, max-snippet:-1, max-image-preview:large, max-video-preview:-1\" \/>\n<link rel=\"canonical\" href=\"https:\/\/buletin.de\/bucuresti\/masina-rasturnata-pe-calea-victoriei-3-masini-implicate-in-accident-o-persoana-transportata-la-spital\/\" \/>\n<meta property=\"og:locale\" content=\"en_GB\" \/>\n<meta property=\"og:type\" content=\"article\" \/>\n<meta property=\"og:title\" content=\"Ma\u0219in\u0103 r\u0103sturnat\u0103 pe Calea Victoriei. 3 ma\u0219ini implicate \u00een accident, o persoan\u0103 transportat\u0103 la spital\" \/>\n<meta property=\"og:description\" content=\"Un accident rutier s-a produs joi seara, 5 ianuarie 2023, pe Calea Victoriei. \u00cen accident au fost implicate 3 ma\u0219ini, dintre care una s-a r\u0103sturnat pe plafon. O persoan\u0103 este r\u0103nit\u0103 \u0219i va fi transportat\u0103 la Spitalul Floreasca pentru \u00eengrijiri medicale. \u0218oferii au fost testa\u021bi cu aparatul etilotest, rezultatul fiind 0. Traficul este blocat pe [&hellip;]\" \/>\n<meta property=\"og:url\" content=\"https:\/\/buletin.de\/bucuresti\/masina-rasturnata-pe-calea-victoriei-3-masini-implicate-in-accident-o-persoana-transportata-la-spital\/\" \/>\n<meta property=\"og:site_name\" content=\"Buletin de Bucure\u0219ti\" \/>\n<meta property=\"article:publisher\" content=\"https:\/\/www.facebook.com\/buletin.de.buc\" \/>\n<meta property=\"article:published_time\" content=\"2023-01-05T21:40:11+00:00\" \/>\n<meta property=\"article:modified_time\" content=\"2023-01-05T21:46:22+00:00\" \/>\n<meta property=\"og:image\" content=\"https:\/\/buletin.de\/bucuresti\/wp-content\/uploads\/Calea-Victoriei.jpeg\" \/>\n\t<meta property=\"og:image:width\" content=\"722\" \/>\n\t<meta property=\"og:image:height\" content=\"697\" \/>\n\t<meta property=\"og:image:type\" content=\"image\/jpeg\" \/>\n<meta name=\"author\" content=\"Andreea Gelatu\" \/>\n<meta name=\"twitter:card\" content=\"summary_large_image\" \/>\n<meta name=\"twitter:label1\" content=\"Written by\" \/>\n\t<meta name=\"twitter:data1\" content=\"Andreea Gelatu\" \/>\n\t<meta name=\"twitter:label2\" content=\"Estimated reading time\" \/>\n\t<meta name=\"twitter:data2\" content=\"1 minute\" \/>\n<script type=\"application\/ld+json\" class=\"yoast-schema-graph\">{\"@context\":\"https:\\\/\\\/schema.org\",\"@graph\":[{\"@type\":\"Article\",\"@id\":\"https:\\\/\\\/buletin.de\\\/bucuresti\\\/masina-rasturnata-pe-calea-victoriei-3-masini-implicate-in-accident-o-persoana-transportata-la-spital\\\/#article\",\"isPartOf\":{\"@id\":\"https:\\\/\\\/buletin.de\\\/bucuresti\\\/masina-rasturnata-pe-calea-victoriei-3-masini-implicate-in-accident-o-persoana-transportata-la-spital\\\/\"},\"author\":{\"name\":\"Andreea Gelatu\",\"@id\":\"https:\\\/\\\/buletin.de\\\/bucuresti\\\/#\\\/schema\\\/person\\\/87734700b2c7f8608881f7e93b8834de\"},\"headline\":\"Ma\u0219in\u0103 r\u0103sturnat\u0103 pe Calea Victoriei. 3 ma\u0219ini implicate \u00een accident, o persoan\u0103 transportat\u0103 la spital\",\"datePublished\":\"2023-01-05T21:40:11+00:00\",\"dateModified\":\"2023-01-05T21:46:22+00:00\",\"mainEntityOfPage\":{\"@id\":\"https:\\\/\\\/buletin.de\\\/bucuresti\\\/masina-rasturnata-pe-calea-victoriei-3-masini-implicate-in-accident-o-persoana-transportata-la-spital\\\/\"},\"wordCount\":96,\"publisher\":{\"@id\":\"https:\\\/\\\/buletin.de\\\/bucuresti\\\/#organization\"},\"image\":{\"@id\":\"https:\\\/\\\/buletin.de\\\/bucuresti\\\/masina-rasturnata-pe-calea-victoriei-3-masini-implicate-in-accident-o-persoana-transportata-la-spital\\\/#primaryimage\"},\"thumbnailUrl\":\"https:\\\/\\\/buletin.de\\\/bucuresti\\\/wp-content\\\/uploads\\\/Calea-Victoriei.jpeg\",\"articleSection\":[\"\u0218tiri\"],\"inLanguage\":\"en-GB\",\"copyrightYear\":\"2023\",\"copyrightHolder\":{\"@id\":\"https:\\\/\\\/buletin.de\\\/bucuresti\\\/#organization\"}},{\"@type\":\"WebPage\",\"@id\":\"https:\\\/\\\/buletin.de\\\/bucuresti\\\/masina-rasturnata-pe-calea-victoriei-3-masini-implicate-in-accident-o-persoana-transportata-la-spital\\\/\",\"url\":\"https:\\\/\\\/buletin.de\\\/bucuresti\\\/masina-rasturnata-pe-calea-victoriei-3-masini-implicate-in-accident-o-persoana-transportata-la-spital\\\/\",\"name\":\"Ma\u0219in\u0103 r\u0103sturnat\u0103 pe Calea Victoriei. 3 ma\u0219ini implicate \u00een accident, o persoan\u0103 transportat\u0103 la spital - Buletin de Bucure\u0219ti\",\"isPartOf\":{\"@id\":\"https:\\\/\\\/buletin.de\\\/bucuresti\\\/#website\"},\"primaryImageOfPage\":{\"@id\":\"https:\\\/\\\/buletin.de\\\/bucuresti\\\/masina-rasturnata-pe-calea-victoriei-3-masini-implicate-in-accident-o-persoana-transportata-la-spital\\\/#primaryimage\"},\"image\":{\"@id\":\"https:\\\/\\\/buletin.de\\\/bucuresti\\\/masina-rasturnata-pe-calea-victoriei-3-masini-implicate-in-accident-o-persoana-transportata-la-spital\\\/#primaryimage\"},\"thumbnailUrl\":\"https:\\\/\\\/buletin.de\\\/bucuresti\\\/wp-content\\\/uploads\\\/Calea-Victoriei.jpeg\",\"datePublished\":\"2023-01-05T21:40:11+00:00\",\"dateModified\":\"2023-01-05T21:46:22+00:00\",\"breadcrumb\":{\"@id\":\"https:\\\/\\\/buletin.de\\\/bucuresti\\\/masina-rasturnata-pe-calea-victoriei-3-masini-implicate-in-accident-o-persoana-transportata-la-spital\\\/#breadcrumb\"},\"inLanguage\":\"en-GB\",\"potentialAction\":[{\"@type\":\"ReadAction\",\"target\":[\"https:\\\/\\\/buletin.de\\\/bucuresti\\\/masina-rasturnata-pe-calea-victoriei-3-masini-implicate-in-accident-o-persoana-transportata-la-spital\\\/\"]}]},{\"@type\":\"ImageObject\",\"inLanguage\":\"en-GB\",\"@id\":\"https:\\\/\\\/buletin.de\\\/bucuresti\\\/masina-rasturnata-pe-calea-victoriei-3-masini-implicate-in-accident-o-persoana-transportata-la-spital\\\/#primaryimage\",\"url\":\"https:\\\/\\\/buletin.de\\\/bucuresti\\\/wp-content\\\/uploads\\\/Calea-Victoriei.jpeg\",\"contentUrl\":\"https:\\\/\\\/buletin.de\\\/bucuresti\\\/wp-content\\\/uploads\\\/Calea-Victoriei.jpeg\",\"width\":722,\"height\":697},{\"@type\":\"BreadcrumbList\",\"@id\":\"https:\\\/\\\/buletin.de\\\/bucuresti\\\/masina-rasturnata-pe-calea-victoriei-3-masini-implicate-in-accident-o-persoana-transportata-la-spital\\\/#breadcrumb\",\"itemListElement\":[{\"@type\":\"ListItem\",\"position\":1,\"name\":\"Acas\u0103\",\"item\":\"https:\\\/\\\/buletin.de\\\/bucuresti\\\/\"},{\"@type\":\"ListItem\",\"position\":2,\"name\":\"Ma\u0219in\u0103 r\u0103sturnat\u0103 pe Calea Victoriei. 3 ma\u0219ini implicate \u00een accident, o persoan\u0103 transportat\u0103 la spital\"}]},{\"@type\":\"WebSite\",\"@id\":\"https:\\\/\\\/buletin.de\\\/bucuresti\\\/#website\",\"url\":\"https:\\\/\\\/buletin.de\\\/bucuresti\\\/\",\"name\":\"Buletin de Bucure\u0219ti\",\"description\":\"\u0218tiri \u0219i investiga\u021bii esen\u021biale din capital\u0103\",\"publisher\":{\"@id\":\"https:\\\/\\\/buletin.de\\\/bucuresti\\\/#organization\"},\"potentialAction\":[{\"@type\":\"SearchAction\",\"target\":{\"@type\":\"EntryPoint\",\"urlTemplate\":\"https:\\\/\\\/buletin.de\\\/bucuresti\\\/?s={search_term_string}\"},\"query-input\":{\"@type\":\"PropertyValueSpecification\",\"valueRequired\":true,\"valueName\":\"search_term_string\"}}],\"inLanguage\":\"en-GB\"},{\"@type\":\"Organization\",\"@id\":\"https:\\\/\\\/buletin.de\\\/bucuresti\\\/#organization\",\"name\":\"Buletin de Bucure\u0219ti\",\"url\":\"https:\\\/\\\/buletin.de\\\/bucuresti\\\/\",\"logo\":{\"@type\":\"ImageObject\",\"inLanguage\":\"en-GB\",\"@id\":\"https:\\\/\\\/buletin.de\\\/bucuresti\\\/#\\\/schema\\\/logo\\\/image\\\/\",\"url\":\"https:\\\/\\\/buletin.de\\\/bucuresti\\\/wp-content\\\/uploads\\\/logo-bdb-full-wide-vernil-transparent.png\",\"contentUrl\":\"https:\\\/\\\/buletin.de\\\/bucuresti\\\/wp-content\\\/uploads\\\/logo-bdb-full-wide-vernil-transparent.png\",\"width\":1782,\"height\":626,\"caption\":\"Buletin de Bucure\u0219ti\"},\"image\":{\"@id\":\"https:\\\/\\\/buletin.de\\\/bucuresti\\\/#\\\/schema\\\/logo\\\/image\\\/\"},\"sameAs\":[\"https:\\\/\\\/www.facebook.com\\\/buletin.de.buc\",\"https:\\\/\\\/www.instagram.com\\\/buletinde.bucuresti\\\/\"]},{\"@type\":\"Person\",\"@id\":\"https:\\\/\\\/buletin.de\\\/bucuresti\\\/#\\\/schema\\\/person\\\/87734700b2c7f8608881f7e93b8834de\",\"name\":\"Andreea Gelatu\",\"image\":{\"@type\":\"ImageObject\",\"inLanguage\":\"en-GB\",\"@id\":\"https:\\\/\\\/secure.gravatar.com\\\/avatar\\\/b716eca2f984b9b65bdd87118b4b909d940b619cbe6e8cb725fe11c1b1f4194f?s=96&d=monsterid&r=g9b5eff4996c6b842a29b3057a7b4746f\",\"url\":\"https:\\\/\\\/secure.gravatar.com\\\/avatar\\\/b716eca2f984b9b65bdd87118b4b909d940b619cbe6e8cb725fe11c1b1f4194f?s=96&d=monsterid&r=g\",\"contentUrl\":\"https:\\\/\\\/secure.gravatar.com\\\/avatar\\\/b716eca2f984b9b65bdd87118b4b909d940b619cbe6e8cb725fe11c1b1f4194f?s=96&d=monsterid&r=g\",\"caption\":\"Andreea Gelatu\"},\"url\":\"https:\\\/\\\/buletin.de\\\/bucuresti\\\/author\\\/andreeagelatu\\\/\"}]}<\/script>\n<!-- \/ Yoast SEO Premium plugin. -->","yoast_head_json":{"title":"Ma\u0219in\u0103 r\u0103sturnat\u0103 pe Calea Victoriei. 3 ma\u0219ini implicate \u00een accident, o persoan\u0103 transportat\u0103 la spital - Buletin de Bucure\u0219ti","robots":{"index":"index","follow":"follow","max-snippet":"max-snippet:-1","max-image-preview":"max-image-preview:large","max-video-preview":"max-video-preview:-1"},"canonical":"https:\/\/buletin.de\/bucuresti\/masina-rasturnata-pe-calea-victoriei-3-masini-implicate-in-accident-o-persoana-transportata-la-spital\/","og_locale":"en_GB","og_type":"article","og_title":"Ma\u0219in\u0103 r\u0103sturnat\u0103 pe Calea Victoriei. 3 ma\u0219ini implicate \u00een accident, o persoan\u0103 transportat\u0103 la spital","og_description":"Un accident rutier s-a produs joi seara, 5 ianuarie 2023, pe Calea Victoriei. \u00cen accident au fost implicate 3 ma\u0219ini, dintre care una s-a r\u0103sturnat pe plafon. O persoan\u0103 este r\u0103nit\u0103 \u0219i va fi transportat\u0103 la Spitalul Floreasca pentru \u00eengrijiri medicale. \u0218oferii au fost testa\u021bi cu aparatul etilotest, rezultatul fiind 0. Traficul este blocat pe [&hellip;]","og_url":"https:\/\/buletin.de\/bucuresti\/masina-rasturnata-pe-calea-victoriei-3-masini-implicate-in-accident-o-persoana-transportata-la-spital\/","og_site_name":"Buletin de Bucure\u0219ti","article_publisher":"https:\/\/www.facebook.com\/buletin.de.buc","article_published_time":"2023-01-05T21:40:11+00:00","article_modified_time":"2023-01-05T21:46:22+00:00","og_image":[{"width":722,"height":697,"url":"https:\/\/buletin.de\/bucuresti\/wp-content\/uploads\/Calea-Victoriei.jpeg","type":"image\/jpeg"}],"author":"Andreea Gelatu","twitter_card":"summary_large_image","twitter_misc":{"Written by":"Andreea Gelatu","Estimated reading time":"1 minute"},"schema":{"@context":"https:\/\/schema.org","@graph":[{"@type":"Article","@id":"https:\/\/buletin.de\/bucuresti\/masina-rasturnata-pe-calea-victoriei-3-masini-implicate-in-accident-o-persoana-transportata-la-spital\/#article","isPartOf":{"@id":"https:\/\/buletin.de\/bucuresti\/masina-rasturnata-pe-calea-victoriei-3-masini-implicate-in-accident-o-persoana-transportata-la-spital\/"},"author":{"name":"Andreea Gelatu","@id":"https:\/\/buletin.de\/bucuresti\/#\/schema\/person\/87734700b2c7f8608881f7e93b8834de"},"headline":"Ma\u0219in\u0103 r\u0103sturnat\u0103 pe Calea Victoriei. 3 ma\u0219ini implicate \u00een accident, o persoan\u0103 transportat\u0103 la spital","datePublished":"2023-01-05T21:40:11+00:00","dateModified":"2023-01-05T21:46:22+00:00","mainEntityOfPage":{"@id":"https:\/\/buletin.de\/bucuresti\/masina-rasturnata-pe-calea-victoriei-3-masini-implicate-in-accident-o-persoana-transportata-la-spital\/"},"wordCount":96,"publisher":{"@id":"https:\/\/buletin.de\/bucuresti\/#organization"},"image":{"@id":"https:\/\/buletin.de\/bucuresti\/masina-rasturnata-pe-calea-victoriei-3-masini-implicate-in-accident-o-persoana-transportata-la-spital\/#primaryimage"},"thumbnailUrl":"https:\/\/buletin.de\/bucuresti\/wp-content\/uploads\/Calea-Victoriei.jpeg","articleSection":["\u0218tiri"],"inLanguage":"en-GB","copyrightYear":"2023","copyrightHolder":{"@id":"https:\/\/buletin.de\/bucuresti\/#organization"}},{"@type":"WebPage","@id":"https:\/\/buletin.de\/bucuresti\/masina-rasturnata-pe-calea-victoriei-3-masini-implicate-in-accident-o-persoana-transportata-la-spital\/","url":"https:\/\/buletin.de\/bucuresti\/masina-rasturnata-pe-calea-victoriei-3-masini-implicate-in-accident-o-persoana-transportata-la-spital\/","name":"Ma\u0219in\u0103 r\u0103sturnat\u0103 pe Calea Victoriei. 3 ma\u0219ini implicate \u00een accident, o persoan\u0103 transportat\u0103 la spital - Buletin de Bucure\u0219ti","isPartOf":{"@id":"https:\/\/buletin.de\/bucuresti\/#website"},"primaryImageOfPage":{"@id":"https:\/\/buletin.de\/bucuresti\/masina-rasturnata-pe-calea-victoriei-3-masini-implicate-in-accident-o-persoana-transportata-la-spital\/#primaryimage"},"image":{"@id":"https:\/\/buletin.de\/bucuresti\/masina-rasturnata-pe-calea-victoriei-3-masini-implicate-in-accident-o-persoana-transportata-la-spital\/#primaryimage"},"thumbnailUrl":"https:\/\/buletin.de\/bucuresti\/wp-content\/uploads\/Calea-Victoriei.jpeg","datePublished":"2023-01-05T21:40:11+00:00","dateModified":"2023-01-05T21:46:22+00:00","breadcrumb":{"@id":"https:\/\/buletin.de\/bucuresti\/masina-rasturnata-pe-calea-victoriei-3-masini-implicate-in-accident-o-persoana-transportata-la-spital\/#breadcrumb"},"inLanguage":"en-GB","potentialAction":[{"@type":"ReadAction","target":["https:\/\/buletin.de\/bucuresti\/masina-rasturnata-pe-calea-victoriei-3-masini-implicate-in-accident-o-persoana-transportata-la-spital\/"]}]},{"@type":"ImageObject","inLanguage":"en-GB","@id":"https:\/\/buletin.de\/bucuresti\/masina-rasturnata-pe-calea-victoriei-3-masini-implicate-in-accident-o-persoana-transportata-la-spital\/#primaryimage","url":"https:\/\/buletin.de\/bucuresti\/wp-content\/uploads\/Calea-Victoriei.jpeg","contentUrl":"https:\/\/buletin.de\/bucuresti\/wp-content\/uploads\/Calea-Victoriei.jpeg","width":722,"height":697},{"@type":"BreadcrumbList","@id":"https:\/\/buletin.de\/bucuresti\/masina-rasturnata-pe-calea-victoriei-3-masini-implicate-in-accident-o-persoana-transportata-la-spital\/#breadcrumb","itemListElement":[{"@type":"ListItem","position":1,"name":"Acas\u0103","item":"https:\/\/buletin.de\/bucuresti\/"},{"@type":"ListItem","position":2,"name":"Ma\u0219in\u0103 r\u0103sturnat\u0103 pe Calea Victoriei. 3 ma\u0219ini implicate \u00een accident, o persoan\u0103 transportat\u0103 la spital"}]},{"@type":"WebSite","@id":"https:\/\/buletin.de\/bucuresti\/#website","url":"https:\/\/buletin.de\/bucuresti\/","name":"Buletin de Bucure\u0219ti","description":"\u0218tiri \u0219i investiga\u021bii esen\u021biale din capital\u0103","publisher":{"@id":"https:\/\/buletin.de\/bucuresti\/#organization"},"potentialAction":[{"@type":"SearchAction","target":{"@type":"EntryPoint","urlTemplate":"https:\/\/buletin.de\/bucuresti\/?s={search_term_string}"},"query-input":{"@type":"PropertyValueSpecification","valueRequired":true,"valueName":"search_term_string"}}],"inLanguage":"en-GB"},{"@type":"Organization","@id":"https:\/\/buletin.de\/bucuresti\/#organization","name":"Buletin de Bucure\u0219ti","url":"https:\/\/buletin.de\/bucuresti\/","logo":{"@type":"ImageObject","inLanguage":"en-GB","@id":"https:\/\/buletin.de\/bucuresti\/#\/schema\/logo\/image\/","url":"https:\/\/buletin.de\/bucuresti\/wp-content\/uploads\/logo-bdb-full-wide-vernil-transparent.png","contentUrl":"https:\/\/buletin.de\/bucuresti\/wp-content\/uploads\/logo-bdb-full-wide-vernil-transparent.png","width":1782,"height":626,"caption":"Buletin de Bucure\u0219ti"},"image":{"@id":"https:\/\/buletin.de\/bucuresti\/#\/schema\/logo\/image\/"},"sameAs":["https:\/\/www.facebook.com\/buletin.de.buc","https:\/\/www.instagram.com\/buletinde.bucuresti\/"]},{"@type":"Person","@id":"https:\/\/buletin.de\/bucuresti\/#\/schema\/person\/87734700b2c7f8608881f7e93b8834de","name":"Andreea Gelatu","image":{"@type":"ImageObject","inLanguage":"en-GB","@id":"https:\/\/secure.gravatar.com\/avatar\/b716eca2f984b9b65bdd87118b4b909d940b619cbe6e8cb725fe11c1b1f4194f?s=96&d=monsterid&r=g9b5eff4996c6b842a29b3057a7b4746f","url":"https:\/\/secure.gravatar.com\/avatar\/b716eca2f984b9b65bdd87118b4b909d940b619cbe6e8cb725fe11c1b1f4194f?s=96&d=monsterid&r=g","contentUrl":"https:\/\/secure.gravatar.com\/avatar\/b716eca2f984b9b65bdd87118b4b909d940b619cbe6e8cb725fe11c1b1f4194f?s=96&d=monsterid&r=g","caption":"Andreea Gelatu"},"url":"https:\/\/buletin.de\/bucuresti\/author\/andreeagelatu\/"}]}},"authors":[{"term_id":22605,"user_id":46,"is_guest":0,"slug":"andreeagelatu","display_name":"Andreea Gelatu","avatar_url":"https:\/\/secure.gravatar.com\/avatar\/b716eca2f984b9b65bdd87118b4b909d940b619cbe6e8cb725fe11c1b1f4194f?s=96&d=monsterid&r=g","0":null,"1":"","2":"","3":"","4":"","5":"","6":"","7":"","8":""}],"_links":{"self":[{"href":"https:\/\/buletin.de\/bucuresti\/wp-json\/wp\/v2\/posts\/51087","targetHints":{"allow":["GET"]}}],"collection":[{"href":"https:\/\/buletin.de\/bucuresti\/wp-json\/wp\/v2\/posts"}],"about":[{"href":"https:\/\/buletin.de\/bucuresti\/wp-json\/wp\/v2\/types\/post"}],"author":[{"embeddable":true,"href":"https:\/\/buletin.de\/bucuresti\/wp-json\/wp\/v2\/users\/46"}],"replies":[{"embeddable":true,"href":"https:\/\/buletin.de\/bucuresti\/wp-json\/wp\/v2\/comments?post=51087"}],"version-history":[{"count":3,"href":"https:\/\/buletin.de\/bucuresti\/wp-json\/wp\/v2\/posts\/51087\/revisions"}],"predecessor-version":[{"id":51093,"href":"https:\/\/buletin.de\/bucuresti\/wp-json\/wp\/v2\/posts\/51087\/revisions\/51093"}],"wp:featuredmedia":[{"embeddable":true,"href":"https:\/\/buletin.de\/bucuresti\/wp-json\/wp\/v2\/media\/51088"}],"wp:attachment":[{"href":"https:\/\/buletin.de\/bucuresti\/wp-json\/wp\/v2\/media?parent=51087"}],"wp:term":[{"taxonomy":"category","embeddable":true,"href":"https:\/\/buletin.de\/bucuresti\/wp-json\/wp\/v2\/categories?post=51087"},{"taxonomy":"post_tag","embeddable":true,"href":"https:\/\/buletin.de\/bucuresti\/wp-json\/wp\/v2\/tags?post=51087"},{"taxonomy":"author","embeddable":true,"href":"https:\/\/buletin.de\/bucuresti\/wp-json\/wp\/v2\/ppma_author?post=51087"}],"curies":[{"name":"wp","href":"https:\/\/api.w.org\/{rel}","templated":true}]}}