{"id":50855,"date":"2023-01-03T16:29:11","date_gmt":"2023-01-03T14:29:11","guid":{"rendered":"https:\/\/buletin.de\/bucuresti\/?p=50855"},"modified":"2023-01-03T16:29:13","modified_gmt":"2023-01-03T14:29:13","slug":"32-de-blocuri-reabilitate-termic-in-sectorul-4-cu-bani-de-la-pnrr","status":"publish","type":"post","link":"https:\/\/buletin.de\/bucuresti\/32-de-blocuri-reabilitate-termic-in-sectorul-4-cu-bani-de-la-pnrr\/","title":{"rendered":"32 de blocuri, reabilitate termic \u00een Sectorul 4 cu bani de la PNRR"},"content":{"rendered":"\n<p>Daniel B\u0103lu\u021b\u0103, primarul sectorului 4, a anun\u021bat pe pagina sa de Facebook c\u0103 noi proiecte ce privesc reabilitarea termic\u0103 pentru 32 de blocuri, au fost aprobate prin PNRR. Contractele sunt \u00een valoare de peste 47 de milioane de euro. Proiectele vin \u00een continuarea reabilit\u0103rilor termice din 2022, c\u00e2nd comunitatea din sectorul 4 a reu\u0219it s\u0103 ob\u021bin\u0103 245 de milioane de euro, fonduri nerambursabile, pentru reabilitarea termic\u0103 a unui num\u0103r de 158 de blocuri.&nbsp;<\/p>\n\n\n\n<p>190 de blocuri vor avea \u00een prim\u0103var\u0103 schele \u0219i vor fi reabilitate. Imobilele sunt aflate \u00een zone precum Re\u0219i\u021ba, Huedin, Giurgiului sau Triunghiul Berceni, fiind cl\u0103diri din zone mai pu\u021bin dezvoltate \u0219i care au nevoie urgent\u0103 de interven\u021bii consistente \u0219i specifice, menite s\u0103 sporeasc\u0103 nivelul confortului oamenilor \u00een propriile case \u0219i s\u0103 diminueze considerabil costurile facturilor la \u00eentre\u021binere.<\/p>\n\n\n\n<p>Lista cu o parte dintre blocurile care vor intra \u00een reabilitare termic\u0103 \u00een perioada urm\u0103toare poate fi accesat\u0103 pe urm\u0103torul link: https:\/\/ps4.ro\/wp-content\/uploads\/2022\/11\/lista-blocurilor.pdf.<br><br>Surs\u0103 foto: ps4.ro<\/p>\n","protected":false},"excerpt":{"rendered":"<p>Daniel B\u0103lu\u021b\u0103, primarul sectorului 4, a anun\u021bat pe pagina sa de Facebook c\u0103 noi proiecte ce privesc reabilitarea termic\u0103 pentru 32 de blocuri, au fost aprobate prin PNRR. Contractele sunt \u00een valoare de peste 47 de milioane de euro. Proiectele vin \u00een continuarea reabilit\u0103rilor termice din 2022, c\u00e2nd comunitatea din sectorul 4 a reu\u0219it s\u0103 [&hellip;]<\/p>\n","protected":false},"author":45,"featured_media":50856,"comment_status":"closed","ping_status":"open","sticky":false,"template":"","format":"standard","meta":{"_acf_changed":false,"inline_featured_image":false,"ngg_post_thumbnail":0,"footnotes":""},"categories":[24],"tags":[],"ppma_author":[22604],"class_list":["post-50855","post","type-post","status-publish","format-standard","has-post-thumbnail","hentry","category-primarie"],"acf":[],"yoast_head":"<!-- This site is optimized with the Yoast SEO Premium plugin v25.3 (Yoast SEO v27.4) - https:\/\/yoast.com\/product\/yoast-seo-premium-wordpress\/ -->\n<title>32 de blocuri, reabilitate termic \u00een Sectorul 4 cu bani de la PNRR - Buletin de Bucure\u0219ti<\/title>\n<meta name=\"robots\" content=\"index, follow, max-snippet:-1, max-image-preview:large, max-video-preview:-1\" \/>\n<link rel=\"canonical\" href=\"https:\/\/buletin.de\/bucuresti\/32-de-blocuri-reabilitate-termic-in-sectorul-4-cu-bani-de-la-pnrr\/\" \/>\n<meta property=\"og:locale\" content=\"en_GB\" \/>\n<meta property=\"og:type\" content=\"article\" \/>\n<meta property=\"og:title\" content=\"32 de blocuri, reabilitate termic \u00een Sectorul 4 cu bani de la PNRR\" \/>\n<meta property=\"og:description\" content=\"Daniel B\u0103lu\u021b\u0103, primarul sectorului 4, a anun\u021bat pe pagina sa de Facebook c\u0103 noi proiecte ce privesc reabilitarea termic\u0103 pentru 32 de blocuri, au fost aprobate prin PNRR. Contractele sunt \u00een valoare de peste 47 de milioane de euro. Proiectele vin \u00een continuarea reabilit\u0103rilor termice din 2022, c\u00e2nd comunitatea din sectorul 4 a reu\u0219it s\u0103 [&hellip;]\" \/>\n<meta property=\"og:url\" content=\"https:\/\/buletin.de\/bucuresti\/32-de-blocuri-reabilitate-termic-in-sectorul-4-cu-bani-de-la-pnrr\/\" \/>\n<meta property=\"og:site_name\" content=\"Buletin de Bucure\u0219ti\" \/>\n<meta property=\"article:publisher\" content=\"https:\/\/www.facebook.com\/buletin.de.buc\" \/>\n<meta property=\"article:published_time\" content=\"2023-01-03T14:29:11+00:00\" \/>\n<meta property=\"article:modified_time\" content=\"2023-01-03T14:29:13+00:00\" \/>\n<meta property=\"og:image\" content=\"https:\/\/buletin.de\/bucuresti\/wp-content\/uploads\/323021286_2562084777267526_6249867288802463983_n.jpg\" \/>\n\t<meta property=\"og:image:width\" content=\"2000\" \/>\n\t<meta property=\"og:image:height\" content=\"1328\" \/>\n\t<meta property=\"og:image:type\" content=\"image\/jpeg\" \/>\n<meta name=\"author\" content=\"Teodora \u0218uta\" \/>\n<meta name=\"twitter:card\" content=\"summary_large_image\" \/>\n<meta name=\"twitter:label1\" content=\"Written by\" \/>\n\t<meta name=\"twitter:data1\" content=\"Teodora \u0218uta\" \/>\n\t<meta name=\"twitter:label2\" content=\"Estimated reading time\" \/>\n\t<meta name=\"twitter:data2\" content=\"1 minute\" \/>\n<script type=\"application\/ld+json\" class=\"yoast-schema-graph\">{\"@context\":\"https:\\\/\\\/schema.org\",\"@graph\":[{\"@type\":\"Article\",\"@id\":\"https:\\\/\\\/buletin.de\\\/bucuresti\\\/32-de-blocuri-reabilitate-termic-in-sectorul-4-cu-bani-de-la-pnrr\\\/#article\",\"isPartOf\":{\"@id\":\"https:\\\/\\\/buletin.de\\\/bucuresti\\\/32-de-blocuri-reabilitate-termic-in-sectorul-4-cu-bani-de-la-pnrr\\\/\"},\"author\":{\"name\":\"Teodora \u0218uta\",\"@id\":\"https:\\\/\\\/buletin.de\\\/bucuresti\\\/#\\\/schema\\\/person\\\/5d54908fa90ab7ad3b2e88152efd6845\"},\"headline\":\"32 de blocuri, reabilitate termic \u00een Sectorul 4 cu bani de la PNRR\",\"datePublished\":\"2023-01-03T14:29:11+00:00\",\"dateModified\":\"2023-01-03T14:29:13+00:00\",\"mainEntityOfPage\":{\"@id\":\"https:\\\/\\\/buletin.de\\\/bucuresti\\\/32-de-blocuri-reabilitate-termic-in-sectorul-4-cu-bani-de-la-pnrr\\\/\"},\"wordCount\":183,\"publisher\":{\"@id\":\"https:\\\/\\\/buletin.de\\\/bucuresti\\\/#organization\"},\"image\":{\"@id\":\"https:\\\/\\\/buletin.de\\\/bucuresti\\\/32-de-blocuri-reabilitate-termic-in-sectorul-4-cu-bani-de-la-pnrr\\\/#primaryimage\"},\"thumbnailUrl\":\"https:\\\/\\\/buletin.de\\\/bucuresti\\\/wp-content\\\/uploads\\\/323021286_2562084777267526_6249867288802463983_n.jpg\",\"articleSection\":[\"Prim\u0103rie\"],\"inLanguage\":\"en-GB\",\"copyrightYear\":\"2023\",\"copyrightHolder\":{\"@id\":\"https:\\\/\\\/buletin.de\\\/bucuresti\\\/#organization\"}},{\"@type\":\"WebPage\",\"@id\":\"https:\\\/\\\/buletin.de\\\/bucuresti\\\/32-de-blocuri-reabilitate-termic-in-sectorul-4-cu-bani-de-la-pnrr\\\/\",\"url\":\"https:\\\/\\\/buletin.de\\\/bucuresti\\\/32-de-blocuri-reabilitate-termic-in-sectorul-4-cu-bani-de-la-pnrr\\\/\",\"name\":\"32 de blocuri, reabilitate termic \u00een Sectorul 4 cu bani de la PNRR - Buletin de Bucure\u0219ti\",\"isPartOf\":{\"@id\":\"https:\\\/\\\/buletin.de\\\/bucuresti\\\/#website\"},\"primaryImageOfPage\":{\"@id\":\"https:\\\/\\\/buletin.de\\\/bucuresti\\\/32-de-blocuri-reabilitate-termic-in-sectorul-4-cu-bani-de-la-pnrr\\\/#primaryimage\"},\"image\":{\"@id\":\"https:\\\/\\\/buletin.de\\\/bucuresti\\\/32-de-blocuri-reabilitate-termic-in-sectorul-4-cu-bani-de-la-pnrr\\\/#primaryimage\"},\"thumbnailUrl\":\"https:\\\/\\\/buletin.de\\\/bucuresti\\\/wp-content\\\/uploads\\\/323021286_2562084777267526_6249867288802463983_n.jpg\",\"datePublished\":\"2023-01-03T14:29:11+00:00\",\"dateModified\":\"2023-01-03T14:29:13+00:00\",\"breadcrumb\":{\"@id\":\"https:\\\/\\\/buletin.de\\\/bucuresti\\\/32-de-blocuri-reabilitate-termic-in-sectorul-4-cu-bani-de-la-pnrr\\\/#breadcrumb\"},\"inLanguage\":\"en-GB\",\"potentialAction\":[{\"@type\":\"ReadAction\",\"target\":[\"https:\\\/\\\/buletin.de\\\/bucuresti\\\/32-de-blocuri-reabilitate-termic-in-sectorul-4-cu-bani-de-la-pnrr\\\/\"]}]},{\"@type\":\"ImageObject\",\"inLanguage\":\"en-GB\",\"@id\":\"https:\\\/\\\/buletin.de\\\/bucuresti\\\/32-de-blocuri-reabilitate-termic-in-sectorul-4-cu-bani-de-la-pnrr\\\/#primaryimage\",\"url\":\"https:\\\/\\\/buletin.de\\\/bucuresti\\\/wp-content\\\/uploads\\\/323021286_2562084777267526_6249867288802463983_n.jpg\",\"contentUrl\":\"https:\\\/\\\/buletin.de\\\/bucuresti\\\/wp-content\\\/uploads\\\/323021286_2562084777267526_6249867288802463983_n.jpg\",\"width\":2000,\"height\":1328},{\"@type\":\"BreadcrumbList\",\"@id\":\"https:\\\/\\\/buletin.de\\\/bucuresti\\\/32-de-blocuri-reabilitate-termic-in-sectorul-4-cu-bani-de-la-pnrr\\\/#breadcrumb\",\"itemListElement\":[{\"@type\":\"ListItem\",\"position\":1,\"name\":\"Acas\u0103\",\"item\":\"https:\\\/\\\/buletin.de\\\/bucuresti\\\/\"},{\"@type\":\"ListItem\",\"position\":2,\"name\":\"32 de blocuri, reabilitate termic \u00een Sectorul 4 cu bani de la PNRR\"}]},{\"@type\":\"WebSite\",\"@id\":\"https:\\\/\\\/buletin.de\\\/bucuresti\\\/#website\",\"url\":\"https:\\\/\\\/buletin.de\\\/bucuresti\\\/\",\"name\":\"Buletin de Bucure\u0219ti\",\"description\":\"\u0218tiri \u0219i investiga\u021bii esen\u021biale din capital\u0103\",\"publisher\":{\"@id\":\"https:\\\/\\\/buletin.de\\\/bucuresti\\\/#organization\"},\"potentialAction\":[{\"@type\":\"SearchAction\",\"target\":{\"@type\":\"EntryPoint\",\"urlTemplate\":\"https:\\\/\\\/buletin.de\\\/bucuresti\\\/?s={search_term_string}\"},\"query-input\":{\"@type\":\"PropertyValueSpecification\",\"valueRequired\":true,\"valueName\":\"search_term_string\"}}],\"inLanguage\":\"en-GB\"},{\"@type\":\"Organization\",\"@id\":\"https:\\\/\\\/buletin.de\\\/bucuresti\\\/#organization\",\"name\":\"Buletin de Bucure\u0219ti\",\"url\":\"https:\\\/\\\/buletin.de\\\/bucuresti\\\/\",\"logo\":{\"@type\":\"ImageObject\",\"inLanguage\":\"en-GB\",\"@id\":\"https:\\\/\\\/buletin.de\\\/bucuresti\\\/#\\\/schema\\\/logo\\\/image\\\/\",\"url\":\"https:\\\/\\\/buletin.de\\\/bucuresti\\\/wp-content\\\/uploads\\\/logo-bdb-full-wide-vernil-transparent.png\",\"contentUrl\":\"https:\\\/\\\/buletin.de\\\/bucuresti\\\/wp-content\\\/uploads\\\/logo-bdb-full-wide-vernil-transparent.png\",\"width\":1782,\"height\":626,\"caption\":\"Buletin de Bucure\u0219ti\"},\"image\":{\"@id\":\"https:\\\/\\\/buletin.de\\\/bucuresti\\\/#\\\/schema\\\/logo\\\/image\\\/\"},\"sameAs\":[\"https:\\\/\\\/www.facebook.com\\\/buletin.de.buc\",\"https:\\\/\\\/www.instagram.com\\\/buletinde.bucuresti\\\/\"]},{\"@type\":\"Person\",\"@id\":\"https:\\\/\\\/buletin.de\\\/bucuresti\\\/#\\\/schema\\\/person\\\/5d54908fa90ab7ad3b2e88152efd6845\",\"name\":\"Teodora \u0218uta\",\"image\":{\"@type\":\"ImageObject\",\"inLanguage\":\"en-GB\",\"@id\":\"https:\\\/\\\/secure.gravatar.com\\\/avatar\\\/0c709226af9845d97b126aa0aa80ab42778847ec3d11d741016b74a61174088d?s=96&d=monsterid&r=gf2e0c6a01d766272c6fa8af9e494be28\",\"url\":\"https:\\\/\\\/secure.gravatar.com\\\/avatar\\\/0c709226af9845d97b126aa0aa80ab42778847ec3d11d741016b74a61174088d?s=96&d=monsterid&r=g\",\"contentUrl\":\"https:\\\/\\\/secure.gravatar.com\\\/avatar\\\/0c709226af9845d97b126aa0aa80ab42778847ec3d11d741016b74a61174088d?s=96&d=monsterid&r=g\",\"caption\":\"Teodora \u0218uta\"},\"url\":\"https:\\\/\\\/buletin.de\\\/bucuresti\\\/author\\\/mariasuta\\\/\"}]}<\/script>\n<!-- \/ Yoast SEO Premium plugin. -->","yoast_head_json":{"title":"32 de blocuri, reabilitate termic \u00een Sectorul 4 cu bani de la PNRR - Buletin de Bucure\u0219ti","robots":{"index":"index","follow":"follow","max-snippet":"max-snippet:-1","max-image-preview":"max-image-preview:large","max-video-preview":"max-video-preview:-1"},"canonical":"https:\/\/buletin.de\/bucuresti\/32-de-blocuri-reabilitate-termic-in-sectorul-4-cu-bani-de-la-pnrr\/","og_locale":"en_GB","og_type":"article","og_title":"32 de blocuri, reabilitate termic \u00een Sectorul 4 cu bani de la PNRR","og_description":"Daniel B\u0103lu\u021b\u0103, primarul sectorului 4, a anun\u021bat pe pagina sa de Facebook c\u0103 noi proiecte ce privesc reabilitarea termic\u0103 pentru 32 de blocuri, au fost aprobate prin PNRR. Contractele sunt \u00een valoare de peste 47 de milioane de euro. Proiectele vin \u00een continuarea reabilit\u0103rilor termice din 2022, c\u00e2nd comunitatea din sectorul 4 a reu\u0219it s\u0103 [&hellip;]","og_url":"https:\/\/buletin.de\/bucuresti\/32-de-blocuri-reabilitate-termic-in-sectorul-4-cu-bani-de-la-pnrr\/","og_site_name":"Buletin de Bucure\u0219ti","article_publisher":"https:\/\/www.facebook.com\/buletin.de.buc","article_published_time":"2023-01-03T14:29:11+00:00","article_modified_time":"2023-01-03T14:29:13+00:00","og_image":[{"width":2000,"height":1328,"url":"https:\/\/buletin.de\/bucuresti\/wp-content\/uploads\/323021286_2562084777267526_6249867288802463983_n.jpg","type":"image\/jpeg"}],"author":"Teodora \u0218uta","twitter_card":"summary_large_image","twitter_misc":{"Written by":"Teodora \u0218uta","Estimated reading time":"1 minute"},"schema":{"@context":"https:\/\/schema.org","@graph":[{"@type":"Article","@id":"https:\/\/buletin.de\/bucuresti\/32-de-blocuri-reabilitate-termic-in-sectorul-4-cu-bani-de-la-pnrr\/#article","isPartOf":{"@id":"https:\/\/buletin.de\/bucuresti\/32-de-blocuri-reabilitate-termic-in-sectorul-4-cu-bani-de-la-pnrr\/"},"author":{"name":"Teodora \u0218uta","@id":"https:\/\/buletin.de\/bucuresti\/#\/schema\/person\/5d54908fa90ab7ad3b2e88152efd6845"},"headline":"32 de blocuri, reabilitate termic \u00een Sectorul 4 cu bani de la PNRR","datePublished":"2023-01-03T14:29:11+00:00","dateModified":"2023-01-03T14:29:13+00:00","mainEntityOfPage":{"@id":"https:\/\/buletin.de\/bucuresti\/32-de-blocuri-reabilitate-termic-in-sectorul-4-cu-bani-de-la-pnrr\/"},"wordCount":183,"publisher":{"@id":"https:\/\/buletin.de\/bucuresti\/#organization"},"image":{"@id":"https:\/\/buletin.de\/bucuresti\/32-de-blocuri-reabilitate-termic-in-sectorul-4-cu-bani-de-la-pnrr\/#primaryimage"},"thumbnailUrl":"https:\/\/buletin.de\/bucuresti\/wp-content\/uploads\/323021286_2562084777267526_6249867288802463983_n.jpg","articleSection":["Prim\u0103rie"],"inLanguage":"en-GB","copyrightYear":"2023","copyrightHolder":{"@id":"https:\/\/buletin.de\/bucuresti\/#organization"}},{"@type":"WebPage","@id":"https:\/\/buletin.de\/bucuresti\/32-de-blocuri-reabilitate-termic-in-sectorul-4-cu-bani-de-la-pnrr\/","url":"https:\/\/buletin.de\/bucuresti\/32-de-blocuri-reabilitate-termic-in-sectorul-4-cu-bani-de-la-pnrr\/","name":"32 de blocuri, reabilitate termic \u00een Sectorul 4 cu bani de la PNRR - Buletin de Bucure\u0219ti","isPartOf":{"@id":"https:\/\/buletin.de\/bucuresti\/#website"},"primaryImageOfPage":{"@id":"https:\/\/buletin.de\/bucuresti\/32-de-blocuri-reabilitate-termic-in-sectorul-4-cu-bani-de-la-pnrr\/#primaryimage"},"image":{"@id":"https:\/\/buletin.de\/bucuresti\/32-de-blocuri-reabilitate-termic-in-sectorul-4-cu-bani-de-la-pnrr\/#primaryimage"},"thumbnailUrl":"https:\/\/buletin.de\/bucuresti\/wp-content\/uploads\/323021286_2562084777267526_6249867288802463983_n.jpg","datePublished":"2023-01-03T14:29:11+00:00","dateModified":"2023-01-03T14:29:13+00:00","breadcrumb":{"@id":"https:\/\/buletin.de\/bucuresti\/32-de-blocuri-reabilitate-termic-in-sectorul-4-cu-bani-de-la-pnrr\/#breadcrumb"},"inLanguage":"en-GB","potentialAction":[{"@type":"ReadAction","target":["https:\/\/buletin.de\/bucuresti\/32-de-blocuri-reabilitate-termic-in-sectorul-4-cu-bani-de-la-pnrr\/"]}]},{"@type":"ImageObject","inLanguage":"en-GB","@id":"https:\/\/buletin.de\/bucuresti\/32-de-blocuri-reabilitate-termic-in-sectorul-4-cu-bani-de-la-pnrr\/#primaryimage","url":"https:\/\/buletin.de\/bucuresti\/wp-content\/uploads\/323021286_2562084777267526_6249867288802463983_n.jpg","contentUrl":"https:\/\/buletin.de\/bucuresti\/wp-content\/uploads\/323021286_2562084777267526_6249867288802463983_n.jpg","width":2000,"height":1328},{"@type":"BreadcrumbList","@id":"https:\/\/buletin.de\/bucuresti\/32-de-blocuri-reabilitate-termic-in-sectorul-4-cu-bani-de-la-pnrr\/#breadcrumb","itemListElement":[{"@type":"ListItem","position":1,"name":"Acas\u0103","item":"https:\/\/buletin.de\/bucuresti\/"},{"@type":"ListItem","position":2,"name":"32 de blocuri, reabilitate termic \u00een Sectorul 4 cu bani de la PNRR"}]},{"@type":"WebSite","@id":"https:\/\/buletin.de\/bucuresti\/#website","url":"https:\/\/buletin.de\/bucuresti\/","name":"Buletin de Bucure\u0219ti","description":"\u0218tiri \u0219i investiga\u021bii esen\u021biale din capital\u0103","publisher":{"@id":"https:\/\/buletin.de\/bucuresti\/#organization"},"potentialAction":[{"@type":"SearchAction","target":{"@type":"EntryPoint","urlTemplate":"https:\/\/buletin.de\/bucuresti\/?s={search_term_string}"},"query-input":{"@type":"PropertyValueSpecification","valueRequired":true,"valueName":"search_term_string"}}],"inLanguage":"en-GB"},{"@type":"Organization","@id":"https:\/\/buletin.de\/bucuresti\/#organization","name":"Buletin de Bucure\u0219ti","url":"https:\/\/buletin.de\/bucuresti\/","logo":{"@type":"ImageObject","inLanguage":"en-GB","@id":"https:\/\/buletin.de\/bucuresti\/#\/schema\/logo\/image\/","url":"https:\/\/buletin.de\/bucuresti\/wp-content\/uploads\/logo-bdb-full-wide-vernil-transparent.png","contentUrl":"https:\/\/buletin.de\/bucuresti\/wp-content\/uploads\/logo-bdb-full-wide-vernil-transparent.png","width":1782,"height":626,"caption":"Buletin de Bucure\u0219ti"},"image":{"@id":"https:\/\/buletin.de\/bucuresti\/#\/schema\/logo\/image\/"},"sameAs":["https:\/\/www.facebook.com\/buletin.de.buc","https:\/\/www.instagram.com\/buletinde.bucuresti\/"]},{"@type":"Person","@id":"https:\/\/buletin.de\/bucuresti\/#\/schema\/person\/5d54908fa90ab7ad3b2e88152efd6845","name":"Teodora \u0218uta","image":{"@type":"ImageObject","inLanguage":"en-GB","@id":"https:\/\/secure.gravatar.com\/avatar\/0c709226af9845d97b126aa0aa80ab42778847ec3d11d741016b74a61174088d?s=96&d=monsterid&r=gf2e0c6a01d766272c6fa8af9e494be28","url":"https:\/\/secure.gravatar.com\/avatar\/0c709226af9845d97b126aa0aa80ab42778847ec3d11d741016b74a61174088d?s=96&d=monsterid&r=g","contentUrl":"https:\/\/secure.gravatar.com\/avatar\/0c709226af9845d97b126aa0aa80ab42778847ec3d11d741016b74a61174088d?s=96&d=monsterid&r=g","caption":"Teodora \u0218uta"},"url":"https:\/\/buletin.de\/bucuresti\/author\/mariasuta\/"}]}},"authors":[{"term_id":22604,"user_id":45,"is_guest":0,"slug":"mariasuta","display_name":"Teodora \u0218uta","avatar_url":"https:\/\/secure.gravatar.com\/avatar\/0c709226af9845d97b126aa0aa80ab42778847ec3d11d741016b74a61174088d?s=96&d=monsterid&r=g","0":null,"1":"","2":"","3":"","4":"","5":"","6":"","7":"","8":""}],"_links":{"self":[{"href":"https:\/\/buletin.de\/bucuresti\/wp-json\/wp\/v2\/posts\/50855","targetHints":{"allow":["GET"]}}],"collection":[{"href":"https:\/\/buletin.de\/bucuresti\/wp-json\/wp\/v2\/posts"}],"about":[{"href":"https:\/\/buletin.de\/bucuresti\/wp-json\/wp\/v2\/types\/post"}],"author":[{"embeddable":true,"href":"https:\/\/buletin.de\/bucuresti\/wp-json\/wp\/v2\/users\/45"}],"replies":[{"embeddable":true,"href":"https:\/\/buletin.de\/bucuresti\/wp-json\/wp\/v2\/comments?post=50855"}],"version-history":[{"count":5,"href":"https:\/\/buletin.de\/bucuresti\/wp-json\/wp\/v2\/posts\/50855\/revisions"}],"predecessor-version":[{"id":50863,"href":"https:\/\/buletin.de\/bucuresti\/wp-json\/wp\/v2\/posts\/50855\/revisions\/50863"}],"wp:featuredmedia":[{"embeddable":true,"href":"https:\/\/buletin.de\/bucuresti\/wp-json\/wp\/v2\/media\/50856"}],"wp:attachment":[{"href":"https:\/\/buletin.de\/bucuresti\/wp-json\/wp\/v2\/media?parent=50855"}],"wp:term":[{"taxonomy":"category","embeddable":true,"href":"https:\/\/buletin.de\/bucuresti\/wp-json\/wp\/v2\/categories?post=50855"},{"taxonomy":"post_tag","embeddable":true,"href":"https:\/\/buletin.de\/bucuresti\/wp-json\/wp\/v2\/tags?post=50855"},{"taxonomy":"author","embeddable":true,"href":"https:\/\/buletin.de\/bucuresti\/wp-json\/wp\/v2\/ppma_author?post=50855"}],"curies":[{"name":"wp","href":"https:\/\/api.w.org\/{rel}","templated":true}]}}