{"id":50849,"date":"2023-01-03T15:50:52","date_gmt":"2023-01-03T13:50:52","guid":{"rendered":"https:\/\/buletin.de\/bucuresti\/?p=50849"},"modified":"2023-01-03T15:50:54","modified_gmt":"2023-01-03T13:50:54","slug":"sectorul-2-va-fi-construit-un-nou-centru-de-recuperare-medicala-pentru-persoanele-in-varsta","status":"publish","type":"post","link":"https:\/\/buletin.de\/bucuresti\/sectorul-2-va-fi-construit-un-nou-centru-de-recuperare-medicala-pentru-persoanele-in-varsta\/","title":{"rendered":"Sectorul 2. Va fi construit un nou centru de recuperare medical\u0103 pentru persoanele \u00een v\u00e2rst\u0103"},"content":{"rendered":"\n<p class=\"has-pale-cyan-blue-background-color has-background\">Un nou centru de recuperare pentru seniori va fi \u00eenfiin\u0163at \u00een Sectorul 2 al Capitalei, \u00een urma \u00eencheierii unei conven\u0163ii de colaborare \u00eentre DGASPC Sector 2 \u015fi Arhiepiscopia Bucure\u015ftiului. Noul centru se va numi \u201eSf\u00e2nta Macrina\u201d.<\/p>\n\n\n\n<p>Prim\u0103ria de sector anun\u0163\u0103 c\u0103, \u00een acest centru, persoanele \u00een v\u00e2rst\u0103 vor putea beneficia de mai multe servicii, cum ar fi kinetoterapie, fizioterapie, consiliere psihologic\u0103, social\u0103 \u015fi juridic\u0103, activit\u0103\u0163i recreative \u015fi de socializare, dar \u015fi alte servicii.<\/p>\n\n\n\n<p>Arhiepiscopia Bucure\u015ftiului a pus la dispozi\u0163ia DGASPC un spa\u0163iu cu o suprafa\u0163\u0103 de 243 de metri p\u0103tra\u0163i, cu condi\u0163ia s\u0103 poat\u0103 trimite gratuit la recuperare maximum 20 de persoane pe lun\u0103.<\/p>\n\n\n\n<p>\u201eDGASPC Sector 2 se va ocupa de ob\u0163inerea autoriza\u0163iilor de func\u0163ionare, va asigura personalul necesar, echipamentele, va amenaja spa\u0163iul \u015fi va pl\u0103ti jum\u0103tate din facturile imobilului.<\/p>\n\n\n\n<p>Conven\u0163ia de colaborarea se va \u00eencheia pe o perioad\u0103 de 2 ani, cu posibilitate de prelungire.<\/p>\n\n\n\n<p>Pentru ca acest centru s\u0103 func\u0163ioneze este nevoie de acordul Consiliului General al Municipiului Bucure\u015fti. \u00cen ultima \u015fedin\u0163\u0103 de Consiliu Local a fost aprobat proiectul de hot\u0103r\u00e2re privind solicitarea acestui acord\u201d, precizeaz\u0103 Prim\u0103ria Sectorului 2.<\/p>\n\n\n\n<p>Centrul va func\u0163iona pe strada Ilarie Chendi nr. 12, Sector 2, la parterul unui imobil de\u0163inut de Arhiepiscopia Bucure\u015ftilor.<\/p>\n","protected":false},"excerpt":{"rendered":"<p>Un nou centru de recuperare pentru seniori va fi \u00eenfiin\u0163at \u00een Sectorul 2 al Capitalei, \u00een urma \u00eencheierii unei conven\u0163ii de colaborare \u00eentre DGASPC Sector 2 \u015fi Arhiepiscopia Bucure\u015ftiului. Noul centru se va numi \u201eSf\u00e2nta Macrina\u201d. Prim\u0103ria de sector anun\u0163\u0103 c\u0103, \u00een acest centru, persoanele \u00een v\u00e2rst\u0103 vor putea beneficia de mai multe servicii, cum [&hellip;]<\/p>\n","protected":false},"author":38,"featured_media":50850,"comment_status":"closed","ping_status":"open","sticky":false,"template":"","format":"standard","meta":{"_acf_changed":false,"inline_featured_image":false,"ngg_post_thumbnail":0,"footnotes":""},"categories":[62],"tags":[],"ppma_author":[22601],"class_list":["post-50849","post","type-post","status-publish","format-standard","has-post-thumbnail","hentry","category-stiri"],"acf":[],"yoast_head":"<!-- This site is optimized with the Yoast SEO Premium plugin v25.3 (Yoast SEO v27.4) - https:\/\/yoast.com\/product\/yoast-seo-premium-wordpress\/ -->\n<title>Sectorul 2. Va fi construit un nou centru de recuperare medical\u0103 pentru persoanele \u00een v\u00e2rst\u0103 - Buletin de Bucure\u0219ti<\/title>\n<meta name=\"robots\" content=\"index, follow, max-snippet:-1, max-image-preview:large, max-video-preview:-1\" \/>\n<link rel=\"canonical\" href=\"https:\/\/buletin.de\/bucuresti\/sectorul-2-va-fi-construit-un-nou-centru-de-recuperare-medicala-pentru-persoanele-in-varsta\/\" \/>\n<meta property=\"og:locale\" content=\"en_GB\" \/>\n<meta property=\"og:type\" content=\"article\" \/>\n<meta property=\"og:title\" content=\"Sectorul 2. Va fi construit un nou centru de recuperare medical\u0103 pentru persoanele \u00een v\u00e2rst\u0103\" \/>\n<meta property=\"og:description\" content=\"Un nou centru de recuperare pentru seniori va fi \u00eenfiin\u0163at \u00een Sectorul 2 al Capitalei, \u00een urma \u00eencheierii unei conven\u0163ii de colaborare \u00eentre DGASPC Sector 2 \u015fi Arhiepiscopia Bucure\u015ftiului. Noul centru se va numi \u201eSf\u00e2nta Macrina\u201d. Prim\u0103ria de sector anun\u0163\u0103 c\u0103, \u00een acest centru, persoanele \u00een v\u00e2rst\u0103 vor putea beneficia de mai multe servicii, cum [&hellip;]\" \/>\n<meta property=\"og:url\" content=\"https:\/\/buletin.de\/bucuresti\/sectorul-2-va-fi-construit-un-nou-centru-de-recuperare-medicala-pentru-persoanele-in-varsta\/\" \/>\n<meta property=\"og:site_name\" content=\"Buletin de Bucure\u0219ti\" \/>\n<meta property=\"article:publisher\" content=\"https:\/\/www.facebook.com\/buletin.de.buc\" \/>\n<meta property=\"article:published_time\" content=\"2023-01-03T13:50:52+00:00\" \/>\n<meta property=\"article:modified_time\" content=\"2023-01-03T13:50:54+00:00\" \/>\n<meta property=\"og:image\" content=\"https:\/\/buletin.de\/bucuresti\/wp-content\/uploads\/SECTORUL-2-CENTRU.png\" \/>\n\t<meta property=\"og:image:width\" content=\"674\" \/>\n\t<meta property=\"og:image:height\" content=\"479\" \/>\n\t<meta property=\"og:image:type\" content=\"image\/png\" \/>\n<meta name=\"author\" content=\"Anamaria Nedelcoff\" \/>\n<meta name=\"twitter:card\" content=\"summary_large_image\" \/>\n<meta name=\"twitter:label1\" content=\"Written by\" \/>\n\t<meta name=\"twitter:data1\" content=\"Anamaria Nedelcoff\" \/>\n\t<meta name=\"twitter:label2\" content=\"Estimated reading time\" \/>\n\t<meta name=\"twitter:data2\" content=\"1 minute\" \/>\n<script type=\"application\/ld+json\" class=\"yoast-schema-graph\">{\"@context\":\"https:\\\/\\\/schema.org\",\"@graph\":[{\"@type\":\"Article\",\"@id\":\"https:\\\/\\\/buletin.de\\\/bucuresti\\\/sectorul-2-va-fi-construit-un-nou-centru-de-recuperare-medicala-pentru-persoanele-in-varsta\\\/#article\",\"isPartOf\":{\"@id\":\"https:\\\/\\\/buletin.de\\\/bucuresti\\\/sectorul-2-va-fi-construit-un-nou-centru-de-recuperare-medicala-pentru-persoanele-in-varsta\\\/\"},\"author\":{\"name\":\"Anamaria Nedelcoff\",\"@id\":\"https:\\\/\\\/buletin.de\\\/bucuresti\\\/#\\\/schema\\\/person\\\/bfa22994f12f5d3353b170aca494f1f9\"},\"headline\":\"Sectorul 2. Va fi construit un nou centru de recuperare medical\u0103 pentru persoanele \u00een v\u00e2rst\u0103\",\"datePublished\":\"2023-01-03T13:50:52+00:00\",\"dateModified\":\"2023-01-03T13:50:54+00:00\",\"mainEntityOfPage\":{\"@id\":\"https:\\\/\\\/buletin.de\\\/bucuresti\\\/sectorul-2-va-fi-construit-un-nou-centru-de-recuperare-medicala-pentru-persoanele-in-varsta\\\/\"},\"wordCount\":234,\"publisher\":{\"@id\":\"https:\\\/\\\/buletin.de\\\/bucuresti\\\/#organization\"},\"image\":{\"@id\":\"https:\\\/\\\/buletin.de\\\/bucuresti\\\/sectorul-2-va-fi-construit-un-nou-centru-de-recuperare-medicala-pentru-persoanele-in-varsta\\\/#primaryimage\"},\"thumbnailUrl\":\"https:\\\/\\\/buletin.de\\\/bucuresti\\\/wp-content\\\/uploads\\\/SECTORUL-2-CENTRU.png\",\"articleSection\":[\"\u0218tiri\"],\"inLanguage\":\"en-GB\",\"copyrightYear\":\"2023\",\"copyrightHolder\":{\"@id\":\"https:\\\/\\\/buletin.de\\\/bucuresti\\\/#organization\"}},{\"@type\":\"WebPage\",\"@id\":\"https:\\\/\\\/buletin.de\\\/bucuresti\\\/sectorul-2-va-fi-construit-un-nou-centru-de-recuperare-medicala-pentru-persoanele-in-varsta\\\/\",\"url\":\"https:\\\/\\\/buletin.de\\\/bucuresti\\\/sectorul-2-va-fi-construit-un-nou-centru-de-recuperare-medicala-pentru-persoanele-in-varsta\\\/\",\"name\":\"Sectorul 2. Va fi construit un nou centru de recuperare medical\u0103 pentru persoanele \u00een v\u00e2rst\u0103 - Buletin de Bucure\u0219ti\",\"isPartOf\":{\"@id\":\"https:\\\/\\\/buletin.de\\\/bucuresti\\\/#website\"},\"primaryImageOfPage\":{\"@id\":\"https:\\\/\\\/buletin.de\\\/bucuresti\\\/sectorul-2-va-fi-construit-un-nou-centru-de-recuperare-medicala-pentru-persoanele-in-varsta\\\/#primaryimage\"},\"image\":{\"@id\":\"https:\\\/\\\/buletin.de\\\/bucuresti\\\/sectorul-2-va-fi-construit-un-nou-centru-de-recuperare-medicala-pentru-persoanele-in-varsta\\\/#primaryimage\"},\"thumbnailUrl\":\"https:\\\/\\\/buletin.de\\\/bucuresti\\\/wp-content\\\/uploads\\\/SECTORUL-2-CENTRU.png\",\"datePublished\":\"2023-01-03T13:50:52+00:00\",\"dateModified\":\"2023-01-03T13:50:54+00:00\",\"breadcrumb\":{\"@id\":\"https:\\\/\\\/buletin.de\\\/bucuresti\\\/sectorul-2-va-fi-construit-un-nou-centru-de-recuperare-medicala-pentru-persoanele-in-varsta\\\/#breadcrumb\"},\"inLanguage\":\"en-GB\",\"potentialAction\":[{\"@type\":\"ReadAction\",\"target\":[\"https:\\\/\\\/buletin.de\\\/bucuresti\\\/sectorul-2-va-fi-construit-un-nou-centru-de-recuperare-medicala-pentru-persoanele-in-varsta\\\/\"]}]},{\"@type\":\"ImageObject\",\"inLanguage\":\"en-GB\",\"@id\":\"https:\\\/\\\/buletin.de\\\/bucuresti\\\/sectorul-2-va-fi-construit-un-nou-centru-de-recuperare-medicala-pentru-persoanele-in-varsta\\\/#primaryimage\",\"url\":\"https:\\\/\\\/buletin.de\\\/bucuresti\\\/wp-content\\\/uploads\\\/SECTORUL-2-CENTRU.png\",\"contentUrl\":\"https:\\\/\\\/buletin.de\\\/bucuresti\\\/wp-content\\\/uploads\\\/SECTORUL-2-CENTRU.png\",\"width\":674,\"height\":479},{\"@type\":\"BreadcrumbList\",\"@id\":\"https:\\\/\\\/buletin.de\\\/bucuresti\\\/sectorul-2-va-fi-construit-un-nou-centru-de-recuperare-medicala-pentru-persoanele-in-varsta\\\/#breadcrumb\",\"itemListElement\":[{\"@type\":\"ListItem\",\"position\":1,\"name\":\"Acas\u0103\",\"item\":\"https:\\\/\\\/buletin.de\\\/bucuresti\\\/\"},{\"@type\":\"ListItem\",\"position\":2,\"name\":\"Sectorul 2. Va fi construit un nou centru de recuperare medical\u0103 pentru persoanele \u00een v\u00e2rst\u0103\"}]},{\"@type\":\"WebSite\",\"@id\":\"https:\\\/\\\/buletin.de\\\/bucuresti\\\/#website\",\"url\":\"https:\\\/\\\/buletin.de\\\/bucuresti\\\/\",\"name\":\"Buletin de Bucure\u0219ti\",\"description\":\"\u0218tiri \u0219i investiga\u021bii esen\u021biale din capital\u0103\",\"publisher\":{\"@id\":\"https:\\\/\\\/buletin.de\\\/bucuresti\\\/#organization\"},\"potentialAction\":[{\"@type\":\"SearchAction\",\"target\":{\"@type\":\"EntryPoint\",\"urlTemplate\":\"https:\\\/\\\/buletin.de\\\/bucuresti\\\/?s={search_term_string}\"},\"query-input\":{\"@type\":\"PropertyValueSpecification\",\"valueRequired\":true,\"valueName\":\"search_term_string\"}}],\"inLanguage\":\"en-GB\"},{\"@type\":\"Organization\",\"@id\":\"https:\\\/\\\/buletin.de\\\/bucuresti\\\/#organization\",\"name\":\"Buletin de Bucure\u0219ti\",\"url\":\"https:\\\/\\\/buletin.de\\\/bucuresti\\\/\",\"logo\":{\"@type\":\"ImageObject\",\"inLanguage\":\"en-GB\",\"@id\":\"https:\\\/\\\/buletin.de\\\/bucuresti\\\/#\\\/schema\\\/logo\\\/image\\\/\",\"url\":\"https:\\\/\\\/buletin.de\\\/bucuresti\\\/wp-content\\\/uploads\\\/logo-bdb-full-wide-vernil-transparent.png\",\"contentUrl\":\"https:\\\/\\\/buletin.de\\\/bucuresti\\\/wp-content\\\/uploads\\\/logo-bdb-full-wide-vernil-transparent.png\",\"width\":1782,\"height\":626,\"caption\":\"Buletin de Bucure\u0219ti\"},\"image\":{\"@id\":\"https:\\\/\\\/buletin.de\\\/bucuresti\\\/#\\\/schema\\\/logo\\\/image\\\/\"},\"sameAs\":[\"https:\\\/\\\/www.facebook.com\\\/buletin.de.buc\",\"https:\\\/\\\/www.instagram.com\\\/buletinde.bucuresti\\\/\"]},{\"@type\":\"Person\",\"@id\":\"https:\\\/\\\/buletin.de\\\/bucuresti\\\/#\\\/schema\\\/person\\\/bfa22994f12f5d3353b170aca494f1f9\",\"name\":\"Anamaria Nedelcoff\",\"image\":{\"@type\":\"ImageObject\",\"inLanguage\":\"en-GB\",\"@id\":\"https:\\\/\\\/secure.gravatar.com\\\/avatar\\\/409df91a26b98006111557131cc35236962765b734317e1dcf94c6bc1d010629?s=96&d=monsterid&r=g9bc3ae6c8e1522e913d1a0debd6aec89\",\"url\":\"https:\\\/\\\/secure.gravatar.com\\\/avatar\\\/409df91a26b98006111557131cc35236962765b734317e1dcf94c6bc1d010629?s=96&d=monsterid&r=g\",\"contentUrl\":\"https:\\\/\\\/secure.gravatar.com\\\/avatar\\\/409df91a26b98006111557131cc35236962765b734317e1dcf94c6bc1d010629?s=96&d=monsterid&r=g\",\"caption\":\"Anamaria Nedelcoff\"},\"url\":\"https:\\\/\\\/buletin.de\\\/bucuresti\\\/author\\\/nedelcoff\\\/\"}]}<\/script>\n<!-- \/ Yoast SEO Premium plugin. -->","yoast_head_json":{"title":"Sectorul 2. Va fi construit un nou centru de recuperare medical\u0103 pentru persoanele \u00een v\u00e2rst\u0103 - Buletin de Bucure\u0219ti","robots":{"index":"index","follow":"follow","max-snippet":"max-snippet:-1","max-image-preview":"max-image-preview:large","max-video-preview":"max-video-preview:-1"},"canonical":"https:\/\/buletin.de\/bucuresti\/sectorul-2-va-fi-construit-un-nou-centru-de-recuperare-medicala-pentru-persoanele-in-varsta\/","og_locale":"en_GB","og_type":"article","og_title":"Sectorul 2. Va fi construit un nou centru de recuperare medical\u0103 pentru persoanele \u00een v\u00e2rst\u0103","og_description":"Un nou centru de recuperare pentru seniori va fi \u00eenfiin\u0163at \u00een Sectorul 2 al Capitalei, \u00een urma \u00eencheierii unei conven\u0163ii de colaborare \u00eentre DGASPC Sector 2 \u015fi Arhiepiscopia Bucure\u015ftiului. Noul centru se va numi \u201eSf\u00e2nta Macrina\u201d. Prim\u0103ria de sector anun\u0163\u0103 c\u0103, \u00een acest centru, persoanele \u00een v\u00e2rst\u0103 vor putea beneficia de mai multe servicii, cum [&hellip;]","og_url":"https:\/\/buletin.de\/bucuresti\/sectorul-2-va-fi-construit-un-nou-centru-de-recuperare-medicala-pentru-persoanele-in-varsta\/","og_site_name":"Buletin de Bucure\u0219ti","article_publisher":"https:\/\/www.facebook.com\/buletin.de.buc","article_published_time":"2023-01-03T13:50:52+00:00","article_modified_time":"2023-01-03T13:50:54+00:00","og_image":[{"width":674,"height":479,"url":"https:\/\/buletin.de\/bucuresti\/wp-content\/uploads\/SECTORUL-2-CENTRU.png","type":"image\/png"}],"author":"Anamaria Nedelcoff","twitter_card":"summary_large_image","twitter_misc":{"Written by":"Anamaria Nedelcoff","Estimated reading time":"1 minute"},"schema":{"@context":"https:\/\/schema.org","@graph":[{"@type":"Article","@id":"https:\/\/buletin.de\/bucuresti\/sectorul-2-va-fi-construit-un-nou-centru-de-recuperare-medicala-pentru-persoanele-in-varsta\/#article","isPartOf":{"@id":"https:\/\/buletin.de\/bucuresti\/sectorul-2-va-fi-construit-un-nou-centru-de-recuperare-medicala-pentru-persoanele-in-varsta\/"},"author":{"name":"Anamaria Nedelcoff","@id":"https:\/\/buletin.de\/bucuresti\/#\/schema\/person\/bfa22994f12f5d3353b170aca494f1f9"},"headline":"Sectorul 2. Va fi construit un nou centru de recuperare medical\u0103 pentru persoanele \u00een v\u00e2rst\u0103","datePublished":"2023-01-03T13:50:52+00:00","dateModified":"2023-01-03T13:50:54+00:00","mainEntityOfPage":{"@id":"https:\/\/buletin.de\/bucuresti\/sectorul-2-va-fi-construit-un-nou-centru-de-recuperare-medicala-pentru-persoanele-in-varsta\/"},"wordCount":234,"publisher":{"@id":"https:\/\/buletin.de\/bucuresti\/#organization"},"image":{"@id":"https:\/\/buletin.de\/bucuresti\/sectorul-2-va-fi-construit-un-nou-centru-de-recuperare-medicala-pentru-persoanele-in-varsta\/#primaryimage"},"thumbnailUrl":"https:\/\/buletin.de\/bucuresti\/wp-content\/uploads\/SECTORUL-2-CENTRU.png","articleSection":["\u0218tiri"],"inLanguage":"en-GB","copyrightYear":"2023","copyrightHolder":{"@id":"https:\/\/buletin.de\/bucuresti\/#organization"}},{"@type":"WebPage","@id":"https:\/\/buletin.de\/bucuresti\/sectorul-2-va-fi-construit-un-nou-centru-de-recuperare-medicala-pentru-persoanele-in-varsta\/","url":"https:\/\/buletin.de\/bucuresti\/sectorul-2-va-fi-construit-un-nou-centru-de-recuperare-medicala-pentru-persoanele-in-varsta\/","name":"Sectorul 2. Va fi construit un nou centru de recuperare medical\u0103 pentru persoanele \u00een v\u00e2rst\u0103 - Buletin de Bucure\u0219ti","isPartOf":{"@id":"https:\/\/buletin.de\/bucuresti\/#website"},"primaryImageOfPage":{"@id":"https:\/\/buletin.de\/bucuresti\/sectorul-2-va-fi-construit-un-nou-centru-de-recuperare-medicala-pentru-persoanele-in-varsta\/#primaryimage"},"image":{"@id":"https:\/\/buletin.de\/bucuresti\/sectorul-2-va-fi-construit-un-nou-centru-de-recuperare-medicala-pentru-persoanele-in-varsta\/#primaryimage"},"thumbnailUrl":"https:\/\/buletin.de\/bucuresti\/wp-content\/uploads\/SECTORUL-2-CENTRU.png","datePublished":"2023-01-03T13:50:52+00:00","dateModified":"2023-01-03T13:50:54+00:00","breadcrumb":{"@id":"https:\/\/buletin.de\/bucuresti\/sectorul-2-va-fi-construit-un-nou-centru-de-recuperare-medicala-pentru-persoanele-in-varsta\/#breadcrumb"},"inLanguage":"en-GB","potentialAction":[{"@type":"ReadAction","target":["https:\/\/buletin.de\/bucuresti\/sectorul-2-va-fi-construit-un-nou-centru-de-recuperare-medicala-pentru-persoanele-in-varsta\/"]}]},{"@type":"ImageObject","inLanguage":"en-GB","@id":"https:\/\/buletin.de\/bucuresti\/sectorul-2-va-fi-construit-un-nou-centru-de-recuperare-medicala-pentru-persoanele-in-varsta\/#primaryimage","url":"https:\/\/buletin.de\/bucuresti\/wp-content\/uploads\/SECTORUL-2-CENTRU.png","contentUrl":"https:\/\/buletin.de\/bucuresti\/wp-content\/uploads\/SECTORUL-2-CENTRU.png","width":674,"height":479},{"@type":"BreadcrumbList","@id":"https:\/\/buletin.de\/bucuresti\/sectorul-2-va-fi-construit-un-nou-centru-de-recuperare-medicala-pentru-persoanele-in-varsta\/#breadcrumb","itemListElement":[{"@type":"ListItem","position":1,"name":"Acas\u0103","item":"https:\/\/buletin.de\/bucuresti\/"},{"@type":"ListItem","position":2,"name":"Sectorul 2. Va fi construit un nou centru de recuperare medical\u0103 pentru persoanele \u00een v\u00e2rst\u0103"}]},{"@type":"WebSite","@id":"https:\/\/buletin.de\/bucuresti\/#website","url":"https:\/\/buletin.de\/bucuresti\/","name":"Buletin de Bucure\u0219ti","description":"\u0218tiri \u0219i investiga\u021bii esen\u021biale din capital\u0103","publisher":{"@id":"https:\/\/buletin.de\/bucuresti\/#organization"},"potentialAction":[{"@type":"SearchAction","target":{"@type":"EntryPoint","urlTemplate":"https:\/\/buletin.de\/bucuresti\/?s={search_term_string}"},"query-input":{"@type":"PropertyValueSpecification","valueRequired":true,"valueName":"search_term_string"}}],"inLanguage":"en-GB"},{"@type":"Organization","@id":"https:\/\/buletin.de\/bucuresti\/#organization","name":"Buletin de Bucure\u0219ti","url":"https:\/\/buletin.de\/bucuresti\/","logo":{"@type":"ImageObject","inLanguage":"en-GB","@id":"https:\/\/buletin.de\/bucuresti\/#\/schema\/logo\/image\/","url":"https:\/\/buletin.de\/bucuresti\/wp-content\/uploads\/logo-bdb-full-wide-vernil-transparent.png","contentUrl":"https:\/\/buletin.de\/bucuresti\/wp-content\/uploads\/logo-bdb-full-wide-vernil-transparent.png","width":1782,"height":626,"caption":"Buletin de Bucure\u0219ti"},"image":{"@id":"https:\/\/buletin.de\/bucuresti\/#\/schema\/logo\/image\/"},"sameAs":["https:\/\/www.facebook.com\/buletin.de.buc","https:\/\/www.instagram.com\/buletinde.bucuresti\/"]},{"@type":"Person","@id":"https:\/\/buletin.de\/bucuresti\/#\/schema\/person\/bfa22994f12f5d3353b170aca494f1f9","name":"Anamaria Nedelcoff","image":{"@type":"ImageObject","inLanguage":"en-GB","@id":"https:\/\/secure.gravatar.com\/avatar\/409df91a26b98006111557131cc35236962765b734317e1dcf94c6bc1d010629?s=96&d=monsterid&r=g9bc3ae6c8e1522e913d1a0debd6aec89","url":"https:\/\/secure.gravatar.com\/avatar\/409df91a26b98006111557131cc35236962765b734317e1dcf94c6bc1d010629?s=96&d=monsterid&r=g","contentUrl":"https:\/\/secure.gravatar.com\/avatar\/409df91a26b98006111557131cc35236962765b734317e1dcf94c6bc1d010629?s=96&d=monsterid&r=g","caption":"Anamaria Nedelcoff"},"url":"https:\/\/buletin.de\/bucuresti\/author\/nedelcoff\/"}]}},"authors":[{"term_id":22601,"user_id":38,"is_guest":0,"slug":"nedelcoff","display_name":"Anamaria Nedelcoff","avatar_url":"https:\/\/secure.gravatar.com\/avatar\/409df91a26b98006111557131cc35236962765b734317e1dcf94c6bc1d010629?s=96&d=monsterid&r=g","0":null,"1":"","2":"","3":"","4":"","5":"","6":"","7":"","8":""}],"_links":{"self":[{"href":"https:\/\/buletin.de\/bucuresti\/wp-json\/wp\/v2\/posts\/50849","targetHints":{"allow":["GET"]}}],"collection":[{"href":"https:\/\/buletin.de\/bucuresti\/wp-json\/wp\/v2\/posts"}],"about":[{"href":"https:\/\/buletin.de\/bucuresti\/wp-json\/wp\/v2\/types\/post"}],"author":[{"embeddable":true,"href":"https:\/\/buletin.de\/bucuresti\/wp-json\/wp\/v2\/users\/38"}],"replies":[{"embeddable":true,"href":"https:\/\/buletin.de\/bucuresti\/wp-json\/wp\/v2\/comments?post=50849"}],"version-history":[{"count":1,"href":"https:\/\/buletin.de\/bucuresti\/wp-json\/wp\/v2\/posts\/50849\/revisions"}],"predecessor-version":[{"id":50851,"href":"https:\/\/buletin.de\/bucuresti\/wp-json\/wp\/v2\/posts\/50849\/revisions\/50851"}],"wp:featuredmedia":[{"embeddable":true,"href":"https:\/\/buletin.de\/bucuresti\/wp-json\/wp\/v2\/media\/50850"}],"wp:attachment":[{"href":"https:\/\/buletin.de\/bucuresti\/wp-json\/wp\/v2\/media?parent=50849"}],"wp:term":[{"taxonomy":"category","embeddable":true,"href":"https:\/\/buletin.de\/bucuresti\/wp-json\/wp\/v2\/categories?post=50849"},{"taxonomy":"post_tag","embeddable":true,"href":"https:\/\/buletin.de\/bucuresti\/wp-json\/wp\/v2\/tags?post=50849"},{"taxonomy":"author","embeddable":true,"href":"https:\/\/buletin.de\/bucuresti\/wp-json\/wp\/v2\/ppma_author?post=50849"}],"curies":[{"name":"wp","href":"https:\/\/api.w.org\/{rel}","templated":true}]}}