{"id":50679,"date":"2022-12-30T16:40:52","date_gmt":"2022-12-30T14:40:52","guid":{"rendered":"https:\/\/buletin.de\/bucuresti\/?p=50679"},"modified":"2022-12-30T16:40:52","modified_gmt":"2022-12-30T14:40:52","slug":"liniile-de-autobuz-182-382-si-667-vor-circula-pe-trasee-modificate-pe-soseaua-colentina","status":"publish","type":"post","link":"https:\/\/buletin.de\/bucuresti\/liniile-de-autobuz-182-382-si-667-vor-circula-pe-trasee-modificate-pe-soseaua-colentina\/","title":{"rendered":"Liniile de autobuz 182, 382 \u0219i 667 vor circula pe trasee modificate pe \u0218oseaua Colentina"},"content":{"rendered":"\n<p>Traficul rutier \u00een zona intersec\u021biei \u0218oseaua Colentina \u0219i Strada Doamna Ghica va fi modificat, \u00een urma finaliz\u0103rii unor lucr\u0103ri la Pasajul Doamna Ghica \u0219i \u00een urma modific\u0103rilor pe sensul de mers spre Bucur Obor.<\/p>\n\n\n\n<p>\u00cencep\u00e2nd de vineri, 30.12.2022, autobuzele liniilor 182, 382 \u015fi 667 vor efectua opriri \u00een sta\u0163iile \u201e\u015eos. Colentina\u201d (aferent\u0103 liniilor 282 \u0219i N103) \u0219i \u201eDoamna Ghica\u201d (situate pe \u015eos. Colentina, \u020bnainte \u015fi dup\u0103 intersec\u0163ia cu Str. Doamna Ghica), potrivit comunicatului transmis de Societatea de Transport Bucure\u0219ti.<\/p>\n\n\n\n<p>De asemenea, autobuzele liniilor 382 \u0219i 667 vor intra pe calea de rulare a tramvaielor de pe \u0218os. Colentina dup\u0103 efectuarea sta\u0163iei \u201eDoamna Ghica\u201d (amplasat\u0103 dup\u0103 intersec\u0163ia \u015eos. Colentina\/Str. Doamna Ghica) \u015fi vor circula p\u0203n\u0103 la intersec\u021bia cu Str. Ziduri Mo\u015fi (382), respectiv p\u0203n\u0103 la rondul Bucur Obor (667).<\/p>\n\n\n\n<p>Surs\u0103 foto: Pagina de Facebook Societatea de Transport Bucure\u0219ti<\/p>\n","protected":false},"excerpt":{"rendered":"<p>Traficul rutier \u00een zona intersec\u021biei \u0218oseaua Colentina \u0219i Strada Doamna Ghica va fi modificat, \u00een urma finaliz\u0103rii unor lucr\u0103ri la Pasajul Doamna Ghica \u0219i \u00een urma modific\u0103rilor pe sensul de mers spre Bucur Obor. \u00cencep\u00e2nd de vineri, 30.12.2022, autobuzele liniilor 182, 382 \u015fi 667 vor efectua opriri \u00een sta\u0163iile \u201e\u015eos. Colentina\u201d (aferent\u0103 liniilor 282 \u0219i [&hellip;]<\/p>\n","protected":false},"author":45,"featured_media":50680,"comment_status":"closed","ping_status":"open","sticky":false,"template":"","format":"standard","meta":{"_acf_changed":false,"inline_featured_image":false,"ngg_post_thumbnail":0,"footnotes":""},"categories":[62],"tags":[],"ppma_author":[22604],"class_list":["post-50679","post","type-post","status-publish","format-standard","has-post-thumbnail","hentry","category-stiri"],"acf":[],"yoast_head":"<!-- This site is optimized with the Yoast SEO Premium plugin v25.3 (Yoast SEO v27.5) - https:\/\/yoast.com\/product\/yoast-seo-premium-wordpress\/ -->\n<title>Liniile de autobuz 182, 382 \u0219i 667 vor circula pe trasee modificate pe \u0218oseaua Colentina - Buletin de Bucure\u0219ti<\/title>\n<meta name=\"robots\" content=\"index, follow, max-snippet:-1, max-image-preview:large, max-video-preview:-1\" \/>\n<link rel=\"canonical\" href=\"https:\/\/buletin.de\/bucuresti\/liniile-de-autobuz-182-382-si-667-vor-circula-pe-trasee-modificate-pe-soseaua-colentina\/\" \/>\n<meta property=\"og:locale\" content=\"en_GB\" \/>\n<meta property=\"og:type\" content=\"article\" \/>\n<meta property=\"og:title\" content=\"Liniile de autobuz 182, 382 \u0219i 667 vor circula pe trasee modificate pe \u0218oseaua Colentina\" \/>\n<meta property=\"og:description\" content=\"Traficul rutier \u00een zona intersec\u021biei \u0218oseaua Colentina \u0219i Strada Doamna Ghica va fi modificat, \u00een urma finaliz\u0103rii unor lucr\u0103ri la Pasajul Doamna Ghica \u0219i \u00een urma modific\u0103rilor pe sensul de mers spre Bucur Obor. \u00cencep\u00e2nd de vineri, 30.12.2022, autobuzele liniilor 182, 382 \u015fi 667 vor efectua opriri \u00een sta\u0163iile \u201e\u015eos. Colentina\u201d (aferent\u0103 liniilor 282 \u0219i [&hellip;]\" \/>\n<meta property=\"og:url\" content=\"https:\/\/buletin.de\/bucuresti\/liniile-de-autobuz-182-382-si-667-vor-circula-pe-trasee-modificate-pe-soseaua-colentina\/\" \/>\n<meta property=\"og:site_name\" content=\"Buletin de Bucure\u0219ti\" \/>\n<meta property=\"article:publisher\" content=\"https:\/\/www.facebook.com\/buletin.de.buc\" \/>\n<meta property=\"article:published_time\" content=\"2022-12-30T14:40:52+00:00\" \/>\n<meta property=\"og:image\" content=\"https:\/\/buletin.de\/bucuresti\/wp-content\/uploads\/322801526_560781682245221_4458855887064941893_n.jpg\" \/>\n\t<meta property=\"og:image:width\" content=\"1115\" \/>\n\t<meta property=\"og:image:height\" content=\"921\" \/>\n\t<meta property=\"og:image:type\" content=\"image\/jpeg\" \/>\n<meta name=\"author\" content=\"Teodora \u0218uta\" \/>\n<meta name=\"twitter:card\" content=\"summary_large_image\" \/>\n<meta name=\"twitter:label1\" content=\"Written by\" \/>\n\t<meta name=\"twitter:data1\" content=\"Teodora \u0218uta\" \/>\n\t<meta name=\"twitter:label2\" content=\"Estimated reading time\" \/>\n\t<meta name=\"twitter:data2\" content=\"1 minute\" \/>\n<script type=\"application\/ld+json\" class=\"yoast-schema-graph\">{\"@context\":\"https:\\\/\\\/schema.org\",\"@graph\":[{\"@type\":\"Article\",\"@id\":\"https:\\\/\\\/buletin.de\\\/bucuresti\\\/liniile-de-autobuz-182-382-si-667-vor-circula-pe-trasee-modificate-pe-soseaua-colentina\\\/#article\",\"isPartOf\":{\"@id\":\"https:\\\/\\\/buletin.de\\\/bucuresti\\\/liniile-de-autobuz-182-382-si-667-vor-circula-pe-trasee-modificate-pe-soseaua-colentina\\\/\"},\"author\":{\"name\":\"Teodora \u0218uta\",\"@id\":\"https:\\\/\\\/buletin.de\\\/bucuresti\\\/#\\\/schema\\\/person\\\/5d54908fa90ab7ad3b2e88152efd6845\"},\"headline\":\"Liniile de autobuz 182, 382 \u0219i 667 vor circula pe trasee modificate pe \u0218oseaua Colentina\",\"datePublished\":\"2022-12-30T14:40:52+00:00\",\"mainEntityOfPage\":{\"@id\":\"https:\\\/\\\/buletin.de\\\/bucuresti\\\/liniile-de-autobuz-182-382-si-667-vor-circula-pe-trasee-modificate-pe-soseaua-colentina\\\/\"},\"wordCount\":156,\"publisher\":{\"@id\":\"https:\\\/\\\/buletin.de\\\/bucuresti\\\/#organization\"},\"image\":{\"@id\":\"https:\\\/\\\/buletin.de\\\/bucuresti\\\/liniile-de-autobuz-182-382-si-667-vor-circula-pe-trasee-modificate-pe-soseaua-colentina\\\/#primaryimage\"},\"thumbnailUrl\":\"https:\\\/\\\/buletin.de\\\/bucuresti\\\/wp-content\\\/uploads\\\/322801526_560781682245221_4458855887064941893_n.jpg\",\"articleSection\":[\"\u0218tiri\"],\"inLanguage\":\"en-GB\",\"copyrightYear\":\"2022\",\"copyrightHolder\":{\"@id\":\"https:\\\/\\\/buletin.de\\\/bucuresti\\\/#organization\"}},{\"@type\":\"WebPage\",\"@id\":\"https:\\\/\\\/buletin.de\\\/bucuresti\\\/liniile-de-autobuz-182-382-si-667-vor-circula-pe-trasee-modificate-pe-soseaua-colentina\\\/\",\"url\":\"https:\\\/\\\/buletin.de\\\/bucuresti\\\/liniile-de-autobuz-182-382-si-667-vor-circula-pe-trasee-modificate-pe-soseaua-colentina\\\/\",\"name\":\"Liniile de autobuz 182, 382 \u0219i 667 vor circula pe trasee modificate pe \u0218oseaua Colentina - Buletin de Bucure\u0219ti\",\"isPartOf\":{\"@id\":\"https:\\\/\\\/buletin.de\\\/bucuresti\\\/#website\"},\"primaryImageOfPage\":{\"@id\":\"https:\\\/\\\/buletin.de\\\/bucuresti\\\/liniile-de-autobuz-182-382-si-667-vor-circula-pe-trasee-modificate-pe-soseaua-colentina\\\/#primaryimage\"},\"image\":{\"@id\":\"https:\\\/\\\/buletin.de\\\/bucuresti\\\/liniile-de-autobuz-182-382-si-667-vor-circula-pe-trasee-modificate-pe-soseaua-colentina\\\/#primaryimage\"},\"thumbnailUrl\":\"https:\\\/\\\/buletin.de\\\/bucuresti\\\/wp-content\\\/uploads\\\/322801526_560781682245221_4458855887064941893_n.jpg\",\"datePublished\":\"2022-12-30T14:40:52+00:00\",\"breadcrumb\":{\"@id\":\"https:\\\/\\\/buletin.de\\\/bucuresti\\\/liniile-de-autobuz-182-382-si-667-vor-circula-pe-trasee-modificate-pe-soseaua-colentina\\\/#breadcrumb\"},\"inLanguage\":\"en-GB\",\"potentialAction\":[{\"@type\":\"ReadAction\",\"target\":[\"https:\\\/\\\/buletin.de\\\/bucuresti\\\/liniile-de-autobuz-182-382-si-667-vor-circula-pe-trasee-modificate-pe-soseaua-colentina\\\/\"]}]},{\"@type\":\"ImageObject\",\"inLanguage\":\"en-GB\",\"@id\":\"https:\\\/\\\/buletin.de\\\/bucuresti\\\/liniile-de-autobuz-182-382-si-667-vor-circula-pe-trasee-modificate-pe-soseaua-colentina\\\/#primaryimage\",\"url\":\"https:\\\/\\\/buletin.de\\\/bucuresti\\\/wp-content\\\/uploads\\\/322801526_560781682245221_4458855887064941893_n.jpg\",\"contentUrl\":\"https:\\\/\\\/buletin.de\\\/bucuresti\\\/wp-content\\\/uploads\\\/322801526_560781682245221_4458855887064941893_n.jpg\",\"width\":1115,\"height\":921},{\"@type\":\"BreadcrumbList\",\"@id\":\"https:\\\/\\\/buletin.de\\\/bucuresti\\\/liniile-de-autobuz-182-382-si-667-vor-circula-pe-trasee-modificate-pe-soseaua-colentina\\\/#breadcrumb\",\"itemListElement\":[{\"@type\":\"ListItem\",\"position\":1,\"name\":\"Acas\u0103\",\"item\":\"https:\\\/\\\/buletin.de\\\/bucuresti\\\/\"},{\"@type\":\"ListItem\",\"position\":2,\"name\":\"Liniile de autobuz 182, 382 \u0219i 667 vor circula pe trasee modificate pe \u0218oseaua Colentina\"}]},{\"@type\":\"WebSite\",\"@id\":\"https:\\\/\\\/buletin.de\\\/bucuresti\\\/#website\",\"url\":\"https:\\\/\\\/buletin.de\\\/bucuresti\\\/\",\"name\":\"Buletin de Bucure\u0219ti\",\"description\":\"\u0218tiri \u0219i investiga\u021bii esen\u021biale din capital\u0103\",\"publisher\":{\"@id\":\"https:\\\/\\\/buletin.de\\\/bucuresti\\\/#organization\"},\"potentialAction\":[{\"@type\":\"SearchAction\",\"target\":{\"@type\":\"EntryPoint\",\"urlTemplate\":\"https:\\\/\\\/buletin.de\\\/bucuresti\\\/?s={search_term_string}\"},\"query-input\":{\"@type\":\"PropertyValueSpecification\",\"valueRequired\":true,\"valueName\":\"search_term_string\"}}],\"inLanguage\":\"en-GB\"},{\"@type\":\"Organization\",\"@id\":\"https:\\\/\\\/buletin.de\\\/bucuresti\\\/#organization\",\"name\":\"Buletin de Bucure\u0219ti\",\"url\":\"https:\\\/\\\/buletin.de\\\/bucuresti\\\/\",\"logo\":{\"@type\":\"ImageObject\",\"inLanguage\":\"en-GB\",\"@id\":\"https:\\\/\\\/buletin.de\\\/bucuresti\\\/#\\\/schema\\\/logo\\\/image\\\/\",\"url\":\"https:\\\/\\\/buletin.de\\\/bucuresti\\\/wp-content\\\/uploads\\\/logo-bdb-full-wide-vernil-transparent.png\",\"contentUrl\":\"https:\\\/\\\/buletin.de\\\/bucuresti\\\/wp-content\\\/uploads\\\/logo-bdb-full-wide-vernil-transparent.png\",\"width\":1782,\"height\":626,\"caption\":\"Buletin de Bucure\u0219ti\"},\"image\":{\"@id\":\"https:\\\/\\\/buletin.de\\\/bucuresti\\\/#\\\/schema\\\/logo\\\/image\\\/\"},\"sameAs\":[\"https:\\\/\\\/www.facebook.com\\\/buletin.de.buc\",\"https:\\\/\\\/www.instagram.com\\\/buletinde.bucuresti\\\/\"]},{\"@type\":\"Person\",\"@id\":\"https:\\\/\\\/buletin.de\\\/bucuresti\\\/#\\\/schema\\\/person\\\/5d54908fa90ab7ad3b2e88152efd6845\",\"name\":\"Teodora \u0218uta\",\"image\":{\"@type\":\"ImageObject\",\"inLanguage\":\"en-GB\",\"@id\":\"https:\\\/\\\/secure.gravatar.com\\\/avatar\\\/0c709226af9845d97b126aa0aa80ab42778847ec3d11d741016b74a61174088d?s=96&d=monsterid&r=gf2e0c6a01d766272c6fa8af9e494be28\",\"url\":\"https:\\\/\\\/secure.gravatar.com\\\/avatar\\\/0c709226af9845d97b126aa0aa80ab42778847ec3d11d741016b74a61174088d?s=96&d=monsterid&r=g\",\"contentUrl\":\"https:\\\/\\\/secure.gravatar.com\\\/avatar\\\/0c709226af9845d97b126aa0aa80ab42778847ec3d11d741016b74a61174088d?s=96&d=monsterid&r=g\",\"caption\":\"Teodora \u0218uta\"},\"url\":\"https:\\\/\\\/buletin.de\\\/bucuresti\\\/author\\\/mariasuta\\\/\"}]}<\/script>\n<!-- \/ Yoast SEO Premium plugin. -->","yoast_head_json":{"title":"Liniile de autobuz 182, 382 \u0219i 667 vor circula pe trasee modificate pe \u0218oseaua Colentina - Buletin de Bucure\u0219ti","robots":{"index":"index","follow":"follow","max-snippet":"max-snippet:-1","max-image-preview":"max-image-preview:large","max-video-preview":"max-video-preview:-1"},"canonical":"https:\/\/buletin.de\/bucuresti\/liniile-de-autobuz-182-382-si-667-vor-circula-pe-trasee-modificate-pe-soseaua-colentina\/","og_locale":"en_GB","og_type":"article","og_title":"Liniile de autobuz 182, 382 \u0219i 667 vor circula pe trasee modificate pe \u0218oseaua Colentina","og_description":"Traficul rutier \u00een zona intersec\u021biei \u0218oseaua Colentina \u0219i Strada Doamna Ghica va fi modificat, \u00een urma finaliz\u0103rii unor lucr\u0103ri la Pasajul Doamna Ghica \u0219i \u00een urma modific\u0103rilor pe sensul de mers spre Bucur Obor. \u00cencep\u00e2nd de vineri, 30.12.2022, autobuzele liniilor 182, 382 \u015fi 667 vor efectua opriri \u00een sta\u0163iile \u201e\u015eos. Colentina\u201d (aferent\u0103 liniilor 282 \u0219i [&hellip;]","og_url":"https:\/\/buletin.de\/bucuresti\/liniile-de-autobuz-182-382-si-667-vor-circula-pe-trasee-modificate-pe-soseaua-colentina\/","og_site_name":"Buletin de Bucure\u0219ti","article_publisher":"https:\/\/www.facebook.com\/buletin.de.buc","article_published_time":"2022-12-30T14:40:52+00:00","og_image":[{"width":1115,"height":921,"url":"https:\/\/buletin.de\/bucuresti\/wp-content\/uploads\/322801526_560781682245221_4458855887064941893_n.jpg","type":"image\/jpeg"}],"author":"Teodora \u0218uta","twitter_card":"summary_large_image","twitter_misc":{"Written by":"Teodora \u0218uta","Estimated reading time":"1 minute"},"schema":{"@context":"https:\/\/schema.org","@graph":[{"@type":"Article","@id":"https:\/\/buletin.de\/bucuresti\/liniile-de-autobuz-182-382-si-667-vor-circula-pe-trasee-modificate-pe-soseaua-colentina\/#article","isPartOf":{"@id":"https:\/\/buletin.de\/bucuresti\/liniile-de-autobuz-182-382-si-667-vor-circula-pe-trasee-modificate-pe-soseaua-colentina\/"},"author":{"name":"Teodora \u0218uta","@id":"https:\/\/buletin.de\/bucuresti\/#\/schema\/person\/5d54908fa90ab7ad3b2e88152efd6845"},"headline":"Liniile de autobuz 182, 382 \u0219i 667 vor circula pe trasee modificate pe \u0218oseaua Colentina","datePublished":"2022-12-30T14:40:52+00:00","mainEntityOfPage":{"@id":"https:\/\/buletin.de\/bucuresti\/liniile-de-autobuz-182-382-si-667-vor-circula-pe-trasee-modificate-pe-soseaua-colentina\/"},"wordCount":156,"publisher":{"@id":"https:\/\/buletin.de\/bucuresti\/#organization"},"image":{"@id":"https:\/\/buletin.de\/bucuresti\/liniile-de-autobuz-182-382-si-667-vor-circula-pe-trasee-modificate-pe-soseaua-colentina\/#primaryimage"},"thumbnailUrl":"https:\/\/buletin.de\/bucuresti\/wp-content\/uploads\/322801526_560781682245221_4458855887064941893_n.jpg","articleSection":["\u0218tiri"],"inLanguage":"en-GB","copyrightYear":"2022","copyrightHolder":{"@id":"https:\/\/buletin.de\/bucuresti\/#organization"}},{"@type":"WebPage","@id":"https:\/\/buletin.de\/bucuresti\/liniile-de-autobuz-182-382-si-667-vor-circula-pe-trasee-modificate-pe-soseaua-colentina\/","url":"https:\/\/buletin.de\/bucuresti\/liniile-de-autobuz-182-382-si-667-vor-circula-pe-trasee-modificate-pe-soseaua-colentina\/","name":"Liniile de autobuz 182, 382 \u0219i 667 vor circula pe trasee modificate pe \u0218oseaua Colentina - Buletin de Bucure\u0219ti","isPartOf":{"@id":"https:\/\/buletin.de\/bucuresti\/#website"},"primaryImageOfPage":{"@id":"https:\/\/buletin.de\/bucuresti\/liniile-de-autobuz-182-382-si-667-vor-circula-pe-trasee-modificate-pe-soseaua-colentina\/#primaryimage"},"image":{"@id":"https:\/\/buletin.de\/bucuresti\/liniile-de-autobuz-182-382-si-667-vor-circula-pe-trasee-modificate-pe-soseaua-colentina\/#primaryimage"},"thumbnailUrl":"https:\/\/buletin.de\/bucuresti\/wp-content\/uploads\/322801526_560781682245221_4458855887064941893_n.jpg","datePublished":"2022-12-30T14:40:52+00:00","breadcrumb":{"@id":"https:\/\/buletin.de\/bucuresti\/liniile-de-autobuz-182-382-si-667-vor-circula-pe-trasee-modificate-pe-soseaua-colentina\/#breadcrumb"},"inLanguage":"en-GB","potentialAction":[{"@type":"ReadAction","target":["https:\/\/buletin.de\/bucuresti\/liniile-de-autobuz-182-382-si-667-vor-circula-pe-trasee-modificate-pe-soseaua-colentina\/"]}]},{"@type":"ImageObject","inLanguage":"en-GB","@id":"https:\/\/buletin.de\/bucuresti\/liniile-de-autobuz-182-382-si-667-vor-circula-pe-trasee-modificate-pe-soseaua-colentina\/#primaryimage","url":"https:\/\/buletin.de\/bucuresti\/wp-content\/uploads\/322801526_560781682245221_4458855887064941893_n.jpg","contentUrl":"https:\/\/buletin.de\/bucuresti\/wp-content\/uploads\/322801526_560781682245221_4458855887064941893_n.jpg","width":1115,"height":921},{"@type":"BreadcrumbList","@id":"https:\/\/buletin.de\/bucuresti\/liniile-de-autobuz-182-382-si-667-vor-circula-pe-trasee-modificate-pe-soseaua-colentina\/#breadcrumb","itemListElement":[{"@type":"ListItem","position":1,"name":"Acas\u0103","item":"https:\/\/buletin.de\/bucuresti\/"},{"@type":"ListItem","position":2,"name":"Liniile de autobuz 182, 382 \u0219i 667 vor circula pe trasee modificate pe \u0218oseaua Colentina"}]},{"@type":"WebSite","@id":"https:\/\/buletin.de\/bucuresti\/#website","url":"https:\/\/buletin.de\/bucuresti\/","name":"Buletin de Bucure\u0219ti","description":"\u0218tiri \u0219i investiga\u021bii esen\u021biale din capital\u0103","publisher":{"@id":"https:\/\/buletin.de\/bucuresti\/#organization"},"potentialAction":[{"@type":"SearchAction","target":{"@type":"EntryPoint","urlTemplate":"https:\/\/buletin.de\/bucuresti\/?s={search_term_string}"},"query-input":{"@type":"PropertyValueSpecification","valueRequired":true,"valueName":"search_term_string"}}],"inLanguage":"en-GB"},{"@type":"Organization","@id":"https:\/\/buletin.de\/bucuresti\/#organization","name":"Buletin de Bucure\u0219ti","url":"https:\/\/buletin.de\/bucuresti\/","logo":{"@type":"ImageObject","inLanguage":"en-GB","@id":"https:\/\/buletin.de\/bucuresti\/#\/schema\/logo\/image\/","url":"https:\/\/buletin.de\/bucuresti\/wp-content\/uploads\/logo-bdb-full-wide-vernil-transparent.png","contentUrl":"https:\/\/buletin.de\/bucuresti\/wp-content\/uploads\/logo-bdb-full-wide-vernil-transparent.png","width":1782,"height":626,"caption":"Buletin de Bucure\u0219ti"},"image":{"@id":"https:\/\/buletin.de\/bucuresti\/#\/schema\/logo\/image\/"},"sameAs":["https:\/\/www.facebook.com\/buletin.de.buc","https:\/\/www.instagram.com\/buletinde.bucuresti\/"]},{"@type":"Person","@id":"https:\/\/buletin.de\/bucuresti\/#\/schema\/person\/5d54908fa90ab7ad3b2e88152efd6845","name":"Teodora \u0218uta","image":{"@type":"ImageObject","inLanguage":"en-GB","@id":"https:\/\/secure.gravatar.com\/avatar\/0c709226af9845d97b126aa0aa80ab42778847ec3d11d741016b74a61174088d?s=96&d=monsterid&r=gf2e0c6a01d766272c6fa8af9e494be28","url":"https:\/\/secure.gravatar.com\/avatar\/0c709226af9845d97b126aa0aa80ab42778847ec3d11d741016b74a61174088d?s=96&d=monsterid&r=g","contentUrl":"https:\/\/secure.gravatar.com\/avatar\/0c709226af9845d97b126aa0aa80ab42778847ec3d11d741016b74a61174088d?s=96&d=monsterid&r=g","caption":"Teodora \u0218uta"},"url":"https:\/\/buletin.de\/bucuresti\/author\/mariasuta\/"}]}},"authors":[{"term_id":22604,"user_id":45,"is_guest":0,"slug":"mariasuta","display_name":"Teodora \u0218uta","avatar_url":"https:\/\/secure.gravatar.com\/avatar\/0c709226af9845d97b126aa0aa80ab42778847ec3d11d741016b74a61174088d?s=96&d=monsterid&r=g","0":null,"1":"","2":"","3":"","4":"","5":"","6":"","7":"","8":""}],"_links":{"self":[{"href":"https:\/\/buletin.de\/bucuresti\/wp-json\/wp\/v2\/posts\/50679","targetHints":{"allow":["GET"]}}],"collection":[{"href":"https:\/\/buletin.de\/bucuresti\/wp-json\/wp\/v2\/posts"}],"about":[{"href":"https:\/\/buletin.de\/bucuresti\/wp-json\/wp\/v2\/types\/post"}],"author":[{"embeddable":true,"href":"https:\/\/buletin.de\/bucuresti\/wp-json\/wp\/v2\/users\/45"}],"replies":[{"embeddable":true,"href":"https:\/\/buletin.de\/bucuresti\/wp-json\/wp\/v2\/comments?post=50679"}],"version-history":[{"count":5,"href":"https:\/\/buletin.de\/bucuresti\/wp-json\/wp\/v2\/posts\/50679\/revisions"}],"predecessor-version":[{"id":50690,"href":"https:\/\/buletin.de\/bucuresti\/wp-json\/wp\/v2\/posts\/50679\/revisions\/50690"}],"wp:featuredmedia":[{"embeddable":true,"href":"https:\/\/buletin.de\/bucuresti\/wp-json\/wp\/v2\/media\/50680"}],"wp:attachment":[{"href":"https:\/\/buletin.de\/bucuresti\/wp-json\/wp\/v2\/media?parent=50679"}],"wp:term":[{"taxonomy":"category","embeddable":true,"href":"https:\/\/buletin.de\/bucuresti\/wp-json\/wp\/v2\/categories?post=50679"},{"taxonomy":"post_tag","embeddable":true,"href":"https:\/\/buletin.de\/bucuresti\/wp-json\/wp\/v2\/tags?post=50679"},{"taxonomy":"author","embeddable":true,"href":"https:\/\/buletin.de\/bucuresti\/wp-json\/wp\/v2\/ppma_author?post=50679"}],"curies":[{"name":"wp","href":"https:\/\/api.w.org\/{rel}","templated":true}]}}