{"id":50585,"date":"2022-12-29T17:40:30","date_gmt":"2022-12-29T15:40:30","guid":{"rendered":"https:\/\/buletin.de\/bucuresti\/?p=50585"},"modified":"2023-09-19T14:41:14","modified_gmt":"2023-09-19T12:41:14","slug":"primaria-capitalei-a-achitat-datoria-de-500-de-milioane-de-lei-catre-termoenergetica","status":"publish","type":"post","link":"https:\/\/buletin.de\/bucuresti\/primaria-capitalei-a-achitat-datoria-de-500-de-milioane-de-lei-catre-termoenergetica\/","title":{"rendered":"Prim\u0103ria Capitalei a achitat datoria de 500 de milioane de lei c\u0103tre Termoenergetica"},"content":{"rendered":"\n<p><strong>Nicu\u0219or Dan, primarul Capitalei, a anun\u021bat c\u0103 Prim\u0103ria pe care o conduce a achitat, joi, datoria de 500 de milioane de lai c\u0103tre Compania Municipal\u0103 Termoenergetica. \u00centreg procesul a durat aproximativ o lun\u0103 din momentul \u00een care Guvernul a ridicat plafonul de \u00eendatorare al institu\u021biei. Dup\u0103 ce creditul a fost ahizi\u021bionat de la Uncredit, prim\u0103ria a ob\u021binut avizele necesare, a retras banii \u0219i a achitat datoria.<\/strong><\/p>\n\n\n\n<blockquote class=\"wp-block-quote is-layout-flow wp-block-quote-is-layout-flow\"><p>(&#8230;) Imediat ce Guvernul ne-a permis, pentru o perioad\u0103 foarte scurt\u0103 \u00eens\u0103, ridicarea plafonului de \u00eendatorare, am parcurs \u00een timp record, \u00eempreun\u0103 cu colegii mei si cu reprezentantii bancilor, toate procedurile necesare achizi\u021bion\u0103rii unui credit, comprim\u00e2nd \u00een doar o lun\u0103 demersurile care \u00een mod normal ar fi durat trei luni. (&#8230;)<\/p><cite>A scris Nicu\u0219or Dan, primarul Capitalei, pe Facebook <\/cite><\/blockquote>\n\n\n\n<p>Termoenergetica a acumulat datorii de aproape 800 de milioane lei \u00een perioada 2020-2022 din cauza pierderilor tehnologice \u0219i financiare. Pierderea s-a produs pentru c\u0103 37% din agentul termic dat de ELCEN c\u0103tre Termoenergetica s-a pierdut \u00een cauza avariilor la infrastructura de transport, iar Prim\u0103ria Capitalei a pl\u0103tit doar pentru gigacaloria care a ajuns la bucure\u0219teni, nu \u0219i pentru cea pierdut\u0103.<\/p>\n\n\n\n<p>Primarul general a cerut Guvernului sprijin financiar pentru a trece iarna. Este vorba de 600 de milioane de lei, datorie pe care municipalitatea o are c\u0103tre Termoenergetica. La r\u00e2ndul ei, compania de termoficare are datorii c\u0103tre ELCEN care \u00eei poate bloca conturile \u00een orice moment. Edilul \u0219ef al Capitalei a explicat c\u0103 municipalitatea a reu\u0219it s\u0103 pl\u0103teasc\u0103 subven\u021bia la termie la zi dar nu mai are bani pentru plata acestei datorii.<\/p>\n\n\n\n<p><strong>CITE\u0218TE \u0218I:<\/strong><\/p>\n\n\n\n<figure class=\"wp-block-embed is-type-wp-embed is-provider-buletin-de-bucure\u0219ti wp-block-embed-buletin-de-bucure\u0219ti\"><div class=\"wp-block-embed__wrapper\">\n<blockquote class=\"wp-embedded-content\" data-secret=\"8GyxDwik7a\"><a href=\"https:\/\/buletin.de\/bucuresti\/unicredit-va-credita-cu-500-de-milioane-de-lei-primaria-bucuresti-pentru-plata-datoriilor-la-termoenergetica\/\">Unicredit va credita cu 500 de milioane de lei Prim\u0103ria Bucure\u0219ti pentru plata datoriilor la Termoenergetica<\/a><\/blockquote><iframe class=\"wp-embedded-content\" sandbox=\"allow-scripts\" security=\"restricted\" style=\"position: absolute; clip: rect(1px, 1px, 1px, 1px);\" title=\"&#8222;Unicredit va credita cu 500 de milioane de lei Prim\u0103ria Bucure\u0219ti pentru plata datoriilor la Termoenergetica&#8221; &#8212; Buletin de Bucure\u0219ti\" src=\"https:\/\/buletin.de\/bucuresti\/unicredit-va-credita-cu-500-de-milioane-de-lei-primaria-bucuresti-pentru-plata-datoriilor-la-termoenergetica\/embed\/#?secret=wd0bnvUyxi#?secret=8GyxDwik7a\" data-secret=\"8GyxDwik7a\" width=\"600\" height=\"338\" frameborder=\"0\" marginwidth=\"0\" marginheight=\"0\" scrolling=\"no\"><\/iframe>\n<\/div><\/figure>\n\n\n\n<figure class=\"wp-block-embed is-type-wp-embed is-provider-buletin-de-bucure\u0219ti wp-block-embed-buletin-de-bucure\u0219ti\"><div class=\"wp-block-embed__wrapper\">\n<blockquote class=\"wp-embedded-content\" data-secret=\"AUO9kJehhK\"><a href=\"https:\/\/buletin.de\/bucuresti\/primaria-capitalei-va-imprumuta-500-de-milioane-de-lei-pentru-a-plati-datoriile-termoenergetica\/\">Prim\u0103ria Capitalei va \u00eemprumuta 500 de milioane de lei pentru a pl\u0103ti datoriile Termoenergetica<\/a><\/blockquote><iframe class=\"wp-embedded-content\" sandbox=\"allow-scripts\" security=\"restricted\" style=\"position: absolute; clip: rect(1px, 1px, 1px, 1px);\" title=\"&#8222;Prim\u0103ria Capitalei va \u00eemprumuta 500 de milioane de lei pentru a pl\u0103ti datoriile Termoenergetica&#8221; &#8212; Buletin de Bucure\u0219ti\" src=\"https:\/\/buletin.de\/bucuresti\/primaria-capitalei-va-imprumuta-500-de-milioane-de-lei-pentru-a-plati-datoriile-termoenergetica\/embed\/#?secret=ErIXzJwKVK#?secret=AUO9kJehhK\" data-secret=\"AUO9kJehhK\" width=\"600\" height=\"338\" frameborder=\"0\" marginwidth=\"0\" marginheight=\"0\" scrolling=\"no\"><\/iframe>\n<\/div><\/figure>\n\n\n\n<figure class=\"wp-block-embed is-type-wp-embed is-provider-buletin-de-bucure\u0219ti wp-block-embed-buletin-de-bucure\u0219ti\"><div class=\"wp-block-embed__wrapper\">\n<blockquote class=\"wp-embedded-content\" data-secret=\"olEdd7O2pA\"><a href=\"https:\/\/buletin.de\/bucuresti\/guvernul-da-unda-verde-la-imprumuturi-pentru-primaria-capitalei\/\">Guvernul d\u0103 und\u0103 verde la \u00eemprumuturi pentru Prim\u0103ria Capitalei<\/a><\/blockquote><iframe class=\"wp-embedded-content\" sandbox=\"allow-scripts\" security=\"restricted\" style=\"position: absolute; clip: rect(1px, 1px, 1px, 1px);\" title=\"&#8222;Guvernul d\u0103 und\u0103 verde la \u00eemprumuturi pentru Prim\u0103ria Capitalei&#8221; &#8212; Buletin de Bucure\u0219ti\" src=\"https:\/\/buletin.de\/bucuresti\/guvernul-da-unda-verde-la-imprumuturi-pentru-primaria-capitalei\/embed\/#?secret=O5FNEcjJeE#?secret=olEdd7O2pA\" data-secret=\"olEdd7O2pA\" width=\"600\" height=\"338\" frameborder=\"0\" marginwidth=\"0\" marginheight=\"0\" scrolling=\"no\"><\/iframe>\n<\/div><\/figure>\n\n\n\n<figure class=\"wp-block-embed is-type-wp-embed is-provider-buletin-de-bucure\u0219ti wp-block-embed-buletin-de-bucure\u0219ti\"><div class=\"wp-block-embed__wrapper\">\n<blockquote class=\"wp-embedded-content\" data-secret=\"E1hQL1Bozi\"><a href=\"https:\/\/buletin.de\/bucuresti\/nicolae-ciuca-nu-vom-da-bani-de-la-buget-pentru-caldura-din-capitala-primaria-trebuia-sa-rezolve-problema\/\">Nicolae Ciuc\u0103: &#8222;Nu vom da bani de la Buget pentru c\u0103ldura din Capital\u0103. Primaria trebuia s\u0103 rezolve problema&#8221;<\/a><\/blockquote><iframe class=\"wp-embedded-content\" sandbox=\"allow-scripts\" security=\"restricted\" style=\"position: absolute; clip: rect(1px, 1px, 1px, 1px);\" title=\"&#8222;Nicolae Ciuc\u0103: &#8222;Nu vom da bani de la Buget pentru c\u0103ldura din Capital\u0103. Primaria trebuia s\u0103 rezolve problema&#8221;&#8221; &#8212; Buletin de Bucure\u0219ti\" src=\"https:\/\/buletin.de\/bucuresti\/nicolae-ciuca-nu-vom-da-bani-de-la-buget-pentru-caldura-din-capitala-primaria-trebuia-sa-rezolve-problema\/embed\/#?secret=gBSJHukHRp#?secret=E1hQL1Bozi\" data-secret=\"E1hQL1Bozi\" width=\"600\" height=\"338\" frameborder=\"0\" marginwidth=\"0\" marginheight=\"0\" scrolling=\"no\"><\/iframe>\n<\/div><\/figure>\n","protected":false},"excerpt":{"rendered":"<p>Nicu\u0219or Dan, primarul Capitalei, a anun\u021bat c\u0103 Prim\u0103ria pe care o conduce a achitat, joi, datoria de 500 de milioane de lai c\u0103tre Compania Municipal\u0103 Termoenergetica. \u00centreg procesul a durat aproximativ o lun\u0103 din momentul \u00een care Guvernul a ridicat plafonul de \u00eendatorare al institu\u021biei. Dup\u0103 ce creditul a fost ahizi\u021bionat de la Uncredit, prim\u0103ria [&hellip;]<\/p>\n","protected":false},"author":17,"featured_media":50587,"comment_status":"closed","ping_status":"open","sticky":false,"template":"","format":"standard","meta":{"_acf_changed":false,"inline_featured_image":false,"ngg_post_thumbnail":0,"footnotes":""},"categories":[24,6214],"tags":[],"ppma_author":[22576],"class_list":["post-50585","post","type-post","status-publish","format-standard","has-post-thumbnail","hentry","category-primarie","category-termo"],"acf":[],"yoast_head":"<!-- This site is optimized with the Yoast SEO Premium plugin v25.3 (Yoast SEO v27.5) - https:\/\/yoast.com\/product\/yoast-seo-premium-wordpress\/ -->\n<title>Prim\u0103ria Capitalei a achitat datoria de 500 de milioane de lei c\u0103tre Termoenergetica - Buletin de Bucure\u0219ti<\/title>\n<meta name=\"robots\" content=\"index, follow, max-snippet:-1, max-image-preview:large, max-video-preview:-1\" \/>\n<link rel=\"canonical\" href=\"https:\/\/buletin.de\/bucuresti\/primaria-capitalei-a-achitat-datoria-de-500-de-milioane-de-lei-catre-termoenergetica\/\" \/>\n<meta property=\"og:locale\" content=\"en_GB\" \/>\n<meta property=\"og:type\" content=\"article\" \/>\n<meta property=\"og:title\" content=\"Prim\u0103ria Capitalei a achitat datoria de 500 de milioane de lei c\u0103tre Termoenergetica\" \/>\n<meta property=\"og:description\" content=\"Nicu\u0219or Dan, primarul Capitalei, a anun\u021bat c\u0103 Prim\u0103ria pe care o conduce a achitat, joi, datoria de 500 de milioane de lai c\u0103tre Compania Municipal\u0103 Termoenergetica. \u00centreg procesul a durat aproximativ o lun\u0103 din momentul \u00een care Guvernul a ridicat plafonul de \u00eendatorare al institu\u021biei. Dup\u0103 ce creditul a fost ahizi\u021bionat de la Uncredit, prim\u0103ria [&hellip;]\" \/>\n<meta property=\"og:url\" content=\"https:\/\/buletin.de\/bucuresti\/primaria-capitalei-a-achitat-datoria-de-500-de-milioane-de-lei-catre-termoenergetica\/\" \/>\n<meta property=\"og:site_name\" content=\"Buletin de Bucure\u0219ti\" \/>\n<meta property=\"article:publisher\" content=\"https:\/\/www.facebook.com\/buletin.de.buc\" \/>\n<meta property=\"article:published_time\" content=\"2022-12-29T15:40:30+00:00\" \/>\n<meta property=\"article:modified_time\" content=\"2023-09-19T12:41:14+00:00\" \/>\n<meta property=\"og:image\" content=\"https:\/\/buletin.de\/bucuresti\/wp-content\/uploads\/322498090_611980737598131_6412300266289345133_n.jpeg\" \/>\n\t<meta property=\"og:image:width\" content=\"811\" \/>\n\t<meta property=\"og:image:height\" content=\"540\" \/>\n\t<meta property=\"og:image:type\" content=\"image\/jpeg\" \/>\n<meta name=\"author\" content=\"Florin R\u00e2\u0219teiu\" \/>\n<meta name=\"twitter:card\" content=\"summary_large_image\" \/>\n<meta name=\"twitter:label1\" content=\"Written by\" \/>\n\t<meta name=\"twitter:data1\" content=\"Florin R\u00e2\u0219teiu\" \/>\n\t<meta name=\"twitter:label2\" content=\"Estimated reading time\" \/>\n\t<meta name=\"twitter:data2\" content=\"2 minutes\" \/>\n<script type=\"application\/ld+json\" class=\"yoast-schema-graph\">{\"@context\":\"https:\\\/\\\/schema.org\",\"@graph\":[{\"@type\":\"Article\",\"@id\":\"https:\\\/\\\/buletin.de\\\/bucuresti\\\/primaria-capitalei-a-achitat-datoria-de-500-de-milioane-de-lei-catre-termoenergetica\\\/#article\",\"isPartOf\":{\"@id\":\"https:\\\/\\\/buletin.de\\\/bucuresti\\\/primaria-capitalei-a-achitat-datoria-de-500-de-milioane-de-lei-catre-termoenergetica\\\/\"},\"author\":{\"name\":\"Florin R\u00e2\u0219teiu\",\"@id\":\"https:\\\/\\\/buletin.de\\\/bucuresti\\\/#\\\/schema\\\/person\\\/b0686d7a8b666c6afc78239777fd8a89\"},\"headline\":\"Prim\u0103ria Capitalei a achitat datoria de 500 de milioane de lei c\u0103tre Termoenergetica\",\"datePublished\":\"2022-12-29T15:40:30+00:00\",\"dateModified\":\"2023-09-19T12:41:14+00:00\",\"mainEntityOfPage\":{\"@id\":\"https:\\\/\\\/buletin.de\\\/bucuresti\\\/primaria-capitalei-a-achitat-datoria-de-500-de-milioane-de-lei-catre-termoenergetica\\\/\"},\"wordCount\":333,\"publisher\":{\"@id\":\"https:\\\/\\\/buletin.de\\\/bucuresti\\\/#organization\"},\"image\":{\"@id\":\"https:\\\/\\\/buletin.de\\\/bucuresti\\\/primaria-capitalei-a-achitat-datoria-de-500-de-milioane-de-lei-catre-termoenergetica\\\/#primaryimage\"},\"thumbnailUrl\":\"https:\\\/\\\/buletin.de\\\/bucuresti\\\/wp-content\\\/uploads\\\/322498090_611980737598131_6412300266289345133_n.jpeg\",\"articleSection\":[\"Prim\u0103rie\",\"Termoficare\"],\"inLanguage\":\"en-GB\",\"copyrightYear\":\"2022\",\"copyrightHolder\":{\"@id\":\"https:\\\/\\\/buletin.de\\\/bucuresti\\\/#organization\"}},{\"@type\":\"WebPage\",\"@id\":\"https:\\\/\\\/buletin.de\\\/bucuresti\\\/primaria-capitalei-a-achitat-datoria-de-500-de-milioane-de-lei-catre-termoenergetica\\\/\",\"url\":\"https:\\\/\\\/buletin.de\\\/bucuresti\\\/primaria-capitalei-a-achitat-datoria-de-500-de-milioane-de-lei-catre-termoenergetica\\\/\",\"name\":\"Prim\u0103ria Capitalei a achitat datoria de 500 de milioane de lei c\u0103tre Termoenergetica - Buletin de Bucure\u0219ti\",\"isPartOf\":{\"@id\":\"https:\\\/\\\/buletin.de\\\/bucuresti\\\/#website\"},\"primaryImageOfPage\":{\"@id\":\"https:\\\/\\\/buletin.de\\\/bucuresti\\\/primaria-capitalei-a-achitat-datoria-de-500-de-milioane-de-lei-catre-termoenergetica\\\/#primaryimage\"},\"image\":{\"@id\":\"https:\\\/\\\/buletin.de\\\/bucuresti\\\/primaria-capitalei-a-achitat-datoria-de-500-de-milioane-de-lei-catre-termoenergetica\\\/#primaryimage\"},\"thumbnailUrl\":\"https:\\\/\\\/buletin.de\\\/bucuresti\\\/wp-content\\\/uploads\\\/322498090_611980737598131_6412300266289345133_n.jpeg\",\"datePublished\":\"2022-12-29T15:40:30+00:00\",\"dateModified\":\"2023-09-19T12:41:14+00:00\",\"breadcrumb\":{\"@id\":\"https:\\\/\\\/buletin.de\\\/bucuresti\\\/primaria-capitalei-a-achitat-datoria-de-500-de-milioane-de-lei-catre-termoenergetica\\\/#breadcrumb\"},\"inLanguage\":\"en-GB\",\"potentialAction\":[{\"@type\":\"ReadAction\",\"target\":[\"https:\\\/\\\/buletin.de\\\/bucuresti\\\/primaria-capitalei-a-achitat-datoria-de-500-de-milioane-de-lei-catre-termoenergetica\\\/\"]}]},{\"@type\":\"ImageObject\",\"inLanguage\":\"en-GB\",\"@id\":\"https:\\\/\\\/buletin.de\\\/bucuresti\\\/primaria-capitalei-a-achitat-datoria-de-500-de-milioane-de-lei-catre-termoenergetica\\\/#primaryimage\",\"url\":\"https:\\\/\\\/buletin.de\\\/bucuresti\\\/wp-content\\\/uploads\\\/322498090_611980737598131_6412300266289345133_n.jpeg\",\"contentUrl\":\"https:\\\/\\\/buletin.de\\\/bucuresti\\\/wp-content\\\/uploads\\\/322498090_611980737598131_6412300266289345133_n.jpeg\",\"width\":811,\"height\":540},{\"@type\":\"BreadcrumbList\",\"@id\":\"https:\\\/\\\/buletin.de\\\/bucuresti\\\/primaria-capitalei-a-achitat-datoria-de-500-de-milioane-de-lei-catre-termoenergetica\\\/#breadcrumb\",\"itemListElement\":[{\"@type\":\"ListItem\",\"position\":1,\"name\":\"Acas\u0103\",\"item\":\"https:\\\/\\\/buletin.de\\\/bucuresti\\\/\"},{\"@type\":\"ListItem\",\"position\":2,\"name\":\"Prim\u0103ria Capitalei a achitat datoria de 500 de milioane de lei c\u0103tre Termoenergetica\"}]},{\"@type\":\"WebSite\",\"@id\":\"https:\\\/\\\/buletin.de\\\/bucuresti\\\/#website\",\"url\":\"https:\\\/\\\/buletin.de\\\/bucuresti\\\/\",\"name\":\"Buletin de Bucure\u0219ti\",\"description\":\"\u0218tiri \u0219i investiga\u021bii esen\u021biale din capital\u0103\",\"publisher\":{\"@id\":\"https:\\\/\\\/buletin.de\\\/bucuresti\\\/#organization\"},\"potentialAction\":[{\"@type\":\"SearchAction\",\"target\":{\"@type\":\"EntryPoint\",\"urlTemplate\":\"https:\\\/\\\/buletin.de\\\/bucuresti\\\/?s={search_term_string}\"},\"query-input\":{\"@type\":\"PropertyValueSpecification\",\"valueRequired\":true,\"valueName\":\"search_term_string\"}}],\"inLanguage\":\"en-GB\"},{\"@type\":\"Organization\",\"@id\":\"https:\\\/\\\/buletin.de\\\/bucuresti\\\/#organization\",\"name\":\"Buletin de Bucure\u0219ti\",\"url\":\"https:\\\/\\\/buletin.de\\\/bucuresti\\\/\",\"logo\":{\"@type\":\"ImageObject\",\"inLanguage\":\"en-GB\",\"@id\":\"https:\\\/\\\/buletin.de\\\/bucuresti\\\/#\\\/schema\\\/logo\\\/image\\\/\",\"url\":\"https:\\\/\\\/buletin.de\\\/bucuresti\\\/wp-content\\\/uploads\\\/logo-bdb-full-wide-vernil-transparent.png\",\"contentUrl\":\"https:\\\/\\\/buletin.de\\\/bucuresti\\\/wp-content\\\/uploads\\\/logo-bdb-full-wide-vernil-transparent.png\",\"width\":1782,\"height\":626,\"caption\":\"Buletin de Bucure\u0219ti\"},\"image\":{\"@id\":\"https:\\\/\\\/buletin.de\\\/bucuresti\\\/#\\\/schema\\\/logo\\\/image\\\/\"},\"sameAs\":[\"https:\\\/\\\/www.facebook.com\\\/buletin.de.buc\",\"https:\\\/\\\/www.instagram.com\\\/buletinde.bucuresti\\\/\"]},{\"@type\":\"Person\",\"@id\":\"https:\\\/\\\/buletin.de\\\/bucuresti\\\/#\\\/schema\\\/person\\\/b0686d7a8b666c6afc78239777fd8a89\",\"name\":\"Florin R\u00e2\u0219teiu\",\"image\":{\"@type\":\"ImageObject\",\"inLanguage\":\"en-GB\",\"@id\":\"https:\\\/\\\/buletin.de\\\/bucuresti\\\/wp-content\\\/uploads\\\/Florin-Rasteiu-96x96.jpgf0a6fe28453aa12f0a60e4d0a2e3a78c\",\"url\":\"https:\\\/\\\/buletin.de\\\/bucuresti\\\/wp-content\\\/uploads\\\/Florin-Rasteiu-96x96.jpg\",\"contentUrl\":\"https:\\\/\\\/buletin.de\\\/bucuresti\\\/wp-content\\\/uploads\\\/Florin-Rasteiu-96x96.jpg\",\"caption\":\"Florin R\u00e2\u0219teiu\"},\"description\":\"Jurnalist de investiga\u021bie. Lucreaz\u0103 de aproape 6 ani la Buletin de Bucure\u0219ti, unde a publicat articole care scot la suprafa\u021b\u0103 corup\u021bia din Capital\u0103. Analizeaz\u0103 baze de date zilnic \u0219i scoate pove\u0219ti din exceluri pline de cifre. Pune reflectorul pe adev\u0103r cu fiecare ocazie. A c\u00e2\u0219tigat premiul I la categoria Pres\u0103 Local\u0103 \u00een 2025 \u0219i locul al II-lea la aceea\u0219i categorie \u00een 2024 \u00een cadrul Premiilor Superscrieri pentru jurnalism independent.\",\"url\":\"https:\\\/\\\/buletin.de\\\/bucuresti\\\/author\\\/florinrasteiu\\\/\"}]}<\/script>\n<!-- \/ Yoast SEO Premium plugin. -->","yoast_head_json":{"title":"Prim\u0103ria Capitalei a achitat datoria de 500 de milioane de lei c\u0103tre Termoenergetica - Buletin de Bucure\u0219ti","robots":{"index":"index","follow":"follow","max-snippet":"max-snippet:-1","max-image-preview":"max-image-preview:large","max-video-preview":"max-video-preview:-1"},"canonical":"https:\/\/buletin.de\/bucuresti\/primaria-capitalei-a-achitat-datoria-de-500-de-milioane-de-lei-catre-termoenergetica\/","og_locale":"en_GB","og_type":"article","og_title":"Prim\u0103ria Capitalei a achitat datoria de 500 de milioane de lei c\u0103tre Termoenergetica","og_description":"Nicu\u0219or Dan, primarul Capitalei, a anun\u021bat c\u0103 Prim\u0103ria pe care o conduce a achitat, joi, datoria de 500 de milioane de lai c\u0103tre Compania Municipal\u0103 Termoenergetica. \u00centreg procesul a durat aproximativ o lun\u0103 din momentul \u00een care Guvernul a ridicat plafonul de \u00eendatorare al institu\u021biei. Dup\u0103 ce creditul a fost ahizi\u021bionat de la Uncredit, prim\u0103ria [&hellip;]","og_url":"https:\/\/buletin.de\/bucuresti\/primaria-capitalei-a-achitat-datoria-de-500-de-milioane-de-lei-catre-termoenergetica\/","og_site_name":"Buletin de Bucure\u0219ti","article_publisher":"https:\/\/www.facebook.com\/buletin.de.buc","article_published_time":"2022-12-29T15:40:30+00:00","article_modified_time":"2023-09-19T12:41:14+00:00","og_image":[{"width":811,"height":540,"url":"https:\/\/buletin.de\/bucuresti\/wp-content\/uploads\/322498090_611980737598131_6412300266289345133_n.jpeg","type":"image\/jpeg"}],"author":"Florin R\u00e2\u0219teiu","twitter_card":"summary_large_image","twitter_misc":{"Written by":"Florin R\u00e2\u0219teiu","Estimated reading time":"2 minutes"},"schema":{"@context":"https:\/\/schema.org","@graph":[{"@type":"Article","@id":"https:\/\/buletin.de\/bucuresti\/primaria-capitalei-a-achitat-datoria-de-500-de-milioane-de-lei-catre-termoenergetica\/#article","isPartOf":{"@id":"https:\/\/buletin.de\/bucuresti\/primaria-capitalei-a-achitat-datoria-de-500-de-milioane-de-lei-catre-termoenergetica\/"},"author":{"name":"Florin R\u00e2\u0219teiu","@id":"https:\/\/buletin.de\/bucuresti\/#\/schema\/person\/b0686d7a8b666c6afc78239777fd8a89"},"headline":"Prim\u0103ria Capitalei a achitat datoria de 500 de milioane de lei c\u0103tre Termoenergetica","datePublished":"2022-12-29T15:40:30+00:00","dateModified":"2023-09-19T12:41:14+00:00","mainEntityOfPage":{"@id":"https:\/\/buletin.de\/bucuresti\/primaria-capitalei-a-achitat-datoria-de-500-de-milioane-de-lei-catre-termoenergetica\/"},"wordCount":333,"publisher":{"@id":"https:\/\/buletin.de\/bucuresti\/#organization"},"image":{"@id":"https:\/\/buletin.de\/bucuresti\/primaria-capitalei-a-achitat-datoria-de-500-de-milioane-de-lei-catre-termoenergetica\/#primaryimage"},"thumbnailUrl":"https:\/\/buletin.de\/bucuresti\/wp-content\/uploads\/322498090_611980737598131_6412300266289345133_n.jpeg","articleSection":["Prim\u0103rie","Termoficare"],"inLanguage":"en-GB","copyrightYear":"2022","copyrightHolder":{"@id":"https:\/\/buletin.de\/bucuresti\/#organization"}},{"@type":"WebPage","@id":"https:\/\/buletin.de\/bucuresti\/primaria-capitalei-a-achitat-datoria-de-500-de-milioane-de-lei-catre-termoenergetica\/","url":"https:\/\/buletin.de\/bucuresti\/primaria-capitalei-a-achitat-datoria-de-500-de-milioane-de-lei-catre-termoenergetica\/","name":"Prim\u0103ria Capitalei a achitat datoria de 500 de milioane de lei c\u0103tre Termoenergetica - Buletin de Bucure\u0219ti","isPartOf":{"@id":"https:\/\/buletin.de\/bucuresti\/#website"},"primaryImageOfPage":{"@id":"https:\/\/buletin.de\/bucuresti\/primaria-capitalei-a-achitat-datoria-de-500-de-milioane-de-lei-catre-termoenergetica\/#primaryimage"},"image":{"@id":"https:\/\/buletin.de\/bucuresti\/primaria-capitalei-a-achitat-datoria-de-500-de-milioane-de-lei-catre-termoenergetica\/#primaryimage"},"thumbnailUrl":"https:\/\/buletin.de\/bucuresti\/wp-content\/uploads\/322498090_611980737598131_6412300266289345133_n.jpeg","datePublished":"2022-12-29T15:40:30+00:00","dateModified":"2023-09-19T12:41:14+00:00","breadcrumb":{"@id":"https:\/\/buletin.de\/bucuresti\/primaria-capitalei-a-achitat-datoria-de-500-de-milioane-de-lei-catre-termoenergetica\/#breadcrumb"},"inLanguage":"en-GB","potentialAction":[{"@type":"ReadAction","target":["https:\/\/buletin.de\/bucuresti\/primaria-capitalei-a-achitat-datoria-de-500-de-milioane-de-lei-catre-termoenergetica\/"]}]},{"@type":"ImageObject","inLanguage":"en-GB","@id":"https:\/\/buletin.de\/bucuresti\/primaria-capitalei-a-achitat-datoria-de-500-de-milioane-de-lei-catre-termoenergetica\/#primaryimage","url":"https:\/\/buletin.de\/bucuresti\/wp-content\/uploads\/322498090_611980737598131_6412300266289345133_n.jpeg","contentUrl":"https:\/\/buletin.de\/bucuresti\/wp-content\/uploads\/322498090_611980737598131_6412300266289345133_n.jpeg","width":811,"height":540},{"@type":"BreadcrumbList","@id":"https:\/\/buletin.de\/bucuresti\/primaria-capitalei-a-achitat-datoria-de-500-de-milioane-de-lei-catre-termoenergetica\/#breadcrumb","itemListElement":[{"@type":"ListItem","position":1,"name":"Acas\u0103","item":"https:\/\/buletin.de\/bucuresti\/"},{"@type":"ListItem","position":2,"name":"Prim\u0103ria Capitalei a achitat datoria de 500 de milioane de lei c\u0103tre Termoenergetica"}]},{"@type":"WebSite","@id":"https:\/\/buletin.de\/bucuresti\/#website","url":"https:\/\/buletin.de\/bucuresti\/","name":"Buletin de Bucure\u0219ti","description":"\u0218tiri \u0219i investiga\u021bii esen\u021biale din capital\u0103","publisher":{"@id":"https:\/\/buletin.de\/bucuresti\/#organization"},"potentialAction":[{"@type":"SearchAction","target":{"@type":"EntryPoint","urlTemplate":"https:\/\/buletin.de\/bucuresti\/?s={search_term_string}"},"query-input":{"@type":"PropertyValueSpecification","valueRequired":true,"valueName":"search_term_string"}}],"inLanguage":"en-GB"},{"@type":"Organization","@id":"https:\/\/buletin.de\/bucuresti\/#organization","name":"Buletin de Bucure\u0219ti","url":"https:\/\/buletin.de\/bucuresti\/","logo":{"@type":"ImageObject","inLanguage":"en-GB","@id":"https:\/\/buletin.de\/bucuresti\/#\/schema\/logo\/image\/","url":"https:\/\/buletin.de\/bucuresti\/wp-content\/uploads\/logo-bdb-full-wide-vernil-transparent.png","contentUrl":"https:\/\/buletin.de\/bucuresti\/wp-content\/uploads\/logo-bdb-full-wide-vernil-transparent.png","width":1782,"height":626,"caption":"Buletin de Bucure\u0219ti"},"image":{"@id":"https:\/\/buletin.de\/bucuresti\/#\/schema\/logo\/image\/"},"sameAs":["https:\/\/www.facebook.com\/buletin.de.buc","https:\/\/www.instagram.com\/buletinde.bucuresti\/"]},{"@type":"Person","@id":"https:\/\/buletin.de\/bucuresti\/#\/schema\/person\/b0686d7a8b666c6afc78239777fd8a89","name":"Florin R\u00e2\u0219teiu","image":{"@type":"ImageObject","inLanguage":"en-GB","@id":"https:\/\/buletin.de\/bucuresti\/wp-content\/uploads\/Florin-Rasteiu-96x96.jpgf0a6fe28453aa12f0a60e4d0a2e3a78c","url":"https:\/\/buletin.de\/bucuresti\/wp-content\/uploads\/Florin-Rasteiu-96x96.jpg","contentUrl":"https:\/\/buletin.de\/bucuresti\/wp-content\/uploads\/Florin-Rasteiu-96x96.jpg","caption":"Florin R\u00e2\u0219teiu"},"description":"Jurnalist de investiga\u021bie. Lucreaz\u0103 de aproape 6 ani la Buletin de Bucure\u0219ti, unde a publicat articole care scot la suprafa\u021b\u0103 corup\u021bia din Capital\u0103. Analizeaz\u0103 baze de date zilnic \u0219i scoate pove\u0219ti din exceluri pline de cifre. Pune reflectorul pe adev\u0103r cu fiecare ocazie. A c\u00e2\u0219tigat premiul I la categoria Pres\u0103 Local\u0103 \u00een 2025 \u0219i locul al II-lea la aceea\u0219i categorie \u00een 2024 \u00een cadrul Premiilor Superscrieri pentru jurnalism independent.","url":"https:\/\/buletin.de\/bucuresti\/author\/florinrasteiu\/"}]}},"authors":[{"term_id":22576,"user_id":17,"is_guest":0,"slug":"florinrasteiu","display_name":"Florin R\u00e2\u0219teiu","avatar_url":"https:\/\/buletin.de\/bucuresti\/wp-content\/uploads\/Florin-Rasteiu-96x96.jpg","0":null,"1":"","2":"","3":"","4":"","5":"","6":"","7":"","8":""}],"_links":{"self":[{"href":"https:\/\/buletin.de\/bucuresti\/wp-json\/wp\/v2\/posts\/50585","targetHints":{"allow":["GET"]}}],"collection":[{"href":"https:\/\/buletin.de\/bucuresti\/wp-json\/wp\/v2\/posts"}],"about":[{"href":"https:\/\/buletin.de\/bucuresti\/wp-json\/wp\/v2\/types\/post"}],"author":[{"embeddable":true,"href":"https:\/\/buletin.de\/bucuresti\/wp-json\/wp\/v2\/users\/17"}],"replies":[{"embeddable":true,"href":"https:\/\/buletin.de\/bucuresti\/wp-json\/wp\/v2\/comments?post=50585"}],"version-history":[{"count":3,"href":"https:\/\/buletin.de\/bucuresti\/wp-json\/wp\/v2\/posts\/50585\/revisions"}],"predecessor-version":[{"id":50590,"href":"https:\/\/buletin.de\/bucuresti\/wp-json\/wp\/v2\/posts\/50585\/revisions\/50590"}],"wp:featuredmedia":[{"embeddable":true,"href":"https:\/\/buletin.de\/bucuresti\/wp-json\/wp\/v2\/media\/50587"}],"wp:attachment":[{"href":"https:\/\/buletin.de\/bucuresti\/wp-json\/wp\/v2\/media?parent=50585"}],"wp:term":[{"taxonomy":"category","embeddable":true,"href":"https:\/\/buletin.de\/bucuresti\/wp-json\/wp\/v2\/categories?post=50585"},{"taxonomy":"post_tag","embeddable":true,"href":"https:\/\/buletin.de\/bucuresti\/wp-json\/wp\/v2\/tags?post=50585"},{"taxonomy":"author","embeddable":true,"href":"https:\/\/buletin.de\/bucuresti\/wp-json\/wp\/v2\/ppma_author?post=50585"}],"curies":[{"name":"wp","href":"https:\/\/api.w.org\/{rel}","templated":true}]}}