{"id":50569,"date":"2022-12-29T17:08:27","date_gmt":"2022-12-29T15:08:27","guid":{"rendered":"https:\/\/buletin.de\/bucuresti\/?p=50569"},"modified":"2022-12-29T23:23:48","modified_gmt":"2022-12-29T21:23:48","slug":"noi-perchezitii-la-fratii-tate-in-dosar-e-implicata-si-o-fosta-politista","status":"publish","type":"post","link":"https:\/\/buletin.de\/bucuresti\/noi-perchezitii-la-fratii-tate-in-dosar-e-implicata-si-o-fosta-politista\/","title":{"rendered":"Noi perchezi\u021bii la fra\u021bii Tate. \u00cen dosar e implicat\u0103 \u0219i o fost\u0103 poli\u021bist\u0103"},"content":{"rendered":"\n<p>Update: Fra\u021bii Tate au fost re\u021binu\u021bi pentru 24 de ore.<\/p>\n\n\n\n<figure class=\"wp-block-video\"><video height=\"480\" style=\"aspect-ratio: 854 \/ 480;\" width=\"854\" controls src=\"https:\/\/buletin.de\/bucuresti\/wp-content\/uploads\/diicot_29122022.mp4\"><\/video><\/figure>\n\n\n\n<p>Pe 29 decembrie 2022, procurorii DIICOT \u0219i poli\u021bi\u0219tii au descins la vila de lux a fra\u021bilor Tate din Voluntari. Conform unor surse Buletin de Bucure\u0219ti, \u00een dosar este implicat\u0103 \u0219i o fost\u0103 poli\u021bist\u0103 de la o sec\u021bie din Bucure\u0219ti. Ast\u0103zi, ar avea loc perchezi\u021bii \u0219i la domiciliul fostei poli\u021biste, care ar fi iubita unuia dintre cei doi fra\u021bi \u0219i care le-ar gestiona banii.<\/p>\n\n\n\n<p>Perchezi\u021biile au leg\u0103tur\u0103 cu dosarul deschis \u00een prim\u0103var\u0103 pe numele fra\u021bilor Andrew \u0219i Tristan Tate, care au fost acuza\u021bi c\u0103 ar fi sechestrat dou\u0103 tinere.<\/p>\n\n\n\n<p>Perchezi\u021biile sunt \u00een desf\u0103\u0219urare. <\/p>\n\n\n\n<p><strong>Cine sunt fra\u021bii Tate<\/strong><\/p>\n\n\n\n<figure class=\"wp-block-image size-full\"><img fetchpriority=\"high\" decoding=\"async\" width=\"819\" height=\"819\" src=\"data:image\/gif;base64,R0lGODlhAQABAAAAACH5BAEKAAEALAAAAAABAAEAAAICTAEAOw==\" data-src=\"https:\/\/buletin.de\/bucuresti\/wp-content\/uploads\/tateeeee-1.jpg\" alt=\"\" class=\"wp-image-50572 lazyload\" data-sizes=\"auto\" data-srcset=\"https:\/\/buletin.de\/bucuresti\/wp-content\/uploads\/tateeeee-1.jpg 819w, https:\/\/buletin.de\/bucuresti\/wp-content\/uploads\/tateeeee-1-300x300.jpg 300w, https:\/\/buletin.de\/bucuresti\/wp-content\/uploads\/tateeeee-1-150x150.jpg 150w, https:\/\/buletin.de\/bucuresti\/wp-content\/uploads\/tateeeee-1-768x768.jpg 768w, https:\/\/buletin.de\/bucuresti\/wp-content\/uploads\/tateeeee-1-550x550.jpg 550w, https:\/\/buletin.de\/bucuresti\/wp-content\/uploads\/tateeeee-1-500x500.jpg 500w, https:\/\/buletin.de\/bucuresti\/wp-content\/uploads\/tateeeee-1-45x45.jpg 45w, https:\/\/buletin.de\/bucuresti\/wp-content\/uploads\/tateeeee-1-250x250.jpg 250w, https:\/\/buletin.de\/bucuresti\/wp-content\/uploads\/tateeeee-1-600x600.jpg 600w, https:\/\/buletin.de\/bucuresti\/wp-content\/uploads\/tateeeee-1-100x100.jpg 100w\" sizes=\"(max-width: 819px) 100vw, 819px\" \/><figcaption>Surs\u0103: Instagram- https:\/\/www.instagram.com\/itsandrewtatee\/ <\/figcaption><\/figure>\n\n\n\n<p>Andrew \u0219i Tristan Tate sunt cet\u0103\u021beni britanici, dar locuiesc \u00een Rom\u00e2nia de c\u00e2\u021biva ani. S-au f\u0103cut remarca\u021bi pentru via\u021ba exclusivist\u0103 pe care o tr\u0103iesc, prin hainele de firm\u0103 pe care le poart\u0103, bolizii de lux pe care \u00eei conduc, vilele de lux pe care le de\u021bin \u0219i destina\u021biile exotice unde c\u0103l\u0103toresc.<\/p>\n\n\n\n<p>Surs\u0103 foto cover: Agerpres<\/p>\n","protected":false},"excerpt":{"rendered":"<p>Update: Fra\u021bii Tate au fost re\u021binu\u021bi pentru 24 de ore. Pe 29 decembrie 2022, procurorii DIICOT \u0219i poli\u021bi\u0219tii au descins la vila de lux a fra\u021bilor Tate din Voluntari. Conform unor surse Buletin de Bucure\u0219ti, \u00een dosar este implicat\u0103 \u0219i o fost\u0103 poli\u021bist\u0103 de la o sec\u021bie din Bucure\u0219ti. Ast\u0103zi, ar avea loc perchezi\u021bii \u0219i [&hellip;]<\/p>\n","protected":false},"author":46,"featured_media":50573,"comment_status":"closed","ping_status":"open","sticky":false,"template":"","format":"standard","meta":{"_acf_changed":false,"inline_featured_image":false,"ngg_post_thumbnail":0,"footnotes":""},"categories":[62],"tags":[],"ppma_author":[22605],"class_list":["post-50569","post","type-post","status-publish","format-standard","has-post-thumbnail","hentry","category-stiri"],"acf":[],"yoast_head":"<!-- This site is optimized with the Yoast SEO Premium plugin v25.3 (Yoast SEO v27.5) - https:\/\/yoast.com\/product\/yoast-seo-premium-wordpress\/ -->\n<title>Noi perchezi\u021bii la fra\u021bii Tate. \u00cen dosar e implicat\u0103 \u0219i o fost\u0103 poli\u021bist\u0103 - Buletin de Bucure\u0219ti<\/title>\n<meta name=\"robots\" content=\"index, follow, max-snippet:-1, max-image-preview:large, max-video-preview:-1\" \/>\n<link rel=\"canonical\" href=\"https:\/\/buletin.de\/bucuresti\/noi-perchezitii-la-fratii-tate-in-dosar-e-implicata-si-o-fosta-politista\/\" \/>\n<meta property=\"og:locale\" content=\"en_GB\" \/>\n<meta property=\"og:type\" content=\"article\" \/>\n<meta property=\"og:title\" content=\"Noi perchezi\u021bii la fra\u021bii Tate. \u00cen dosar e implicat\u0103 \u0219i o fost\u0103 poli\u021bist\u0103\" \/>\n<meta property=\"og:description\" content=\"Update: Fra\u021bii Tate au fost re\u021binu\u021bi pentru 24 de ore. Pe 29 decembrie 2022, procurorii DIICOT \u0219i poli\u021bi\u0219tii au descins la vila de lux a fra\u021bilor Tate din Voluntari. Conform unor surse Buletin de Bucure\u0219ti, \u00een dosar este implicat\u0103 \u0219i o fost\u0103 poli\u021bist\u0103 de la o sec\u021bie din Bucure\u0219ti. Ast\u0103zi, ar avea loc perchezi\u021bii \u0219i [&hellip;]\" \/>\n<meta property=\"og:url\" content=\"https:\/\/buletin.de\/bucuresti\/noi-perchezitii-la-fratii-tate-in-dosar-e-implicata-si-o-fosta-politista\/\" \/>\n<meta property=\"og:site_name\" content=\"Buletin de Bucure\u0219ti\" \/>\n<meta property=\"article:publisher\" content=\"https:\/\/www.facebook.com\/buletin.de.buc\" \/>\n<meta property=\"article:published_time\" content=\"2022-12-29T15:08:27+00:00\" \/>\n<meta property=\"article:modified_time\" content=\"2022-12-29T21:23:48+00:00\" \/>\n<meta property=\"og:image\" content=\"https:\/\/buletin.de\/bucuresti\/wp-content\/uploads\/diicot_sigla_agerpres.jpeg\" \/>\n\t<meta property=\"og:image:width\" content=\"800\" \/>\n\t<meta property=\"og:image:height\" content=\"532\" \/>\n\t<meta property=\"og:image:type\" content=\"image\/jpeg\" \/>\n<meta name=\"author\" content=\"Andreea Gelatu\" \/>\n<meta name=\"twitter:card\" content=\"summary_large_image\" \/>\n<meta name=\"twitter:label1\" content=\"Written by\" \/>\n\t<meta name=\"twitter:data1\" content=\"Andreea Gelatu\" \/>\n\t<meta name=\"twitter:label2\" content=\"Estimated reading time\" \/>\n\t<meta name=\"twitter:data2\" content=\"1 minute\" \/>\n<script type=\"application\/ld+json\" class=\"yoast-schema-graph\">{\"@context\":\"https:\\\/\\\/schema.org\",\"@graph\":[{\"@type\":\"Article\",\"@id\":\"https:\\\/\\\/buletin.de\\\/bucuresti\\\/noi-perchezitii-la-fratii-tate-in-dosar-e-implicata-si-o-fosta-politista\\\/#article\",\"isPartOf\":{\"@id\":\"https:\\\/\\\/buletin.de\\\/bucuresti\\\/noi-perchezitii-la-fratii-tate-in-dosar-e-implicata-si-o-fosta-politista\\\/\"},\"author\":{\"name\":\"Andreea Gelatu\",\"@id\":\"https:\\\/\\\/buletin.de\\\/bucuresti\\\/#\\\/schema\\\/person\\\/87734700b2c7f8608881f7e93b8834de\"},\"headline\":\"Noi perchezi\u021bii la fra\u021bii Tate. \u00cen dosar e implicat\u0103 \u0219i o fost\u0103 poli\u021bist\u0103\",\"datePublished\":\"2022-12-29T15:08:27+00:00\",\"dateModified\":\"2022-12-29T21:23:48+00:00\",\"mainEntityOfPage\":{\"@id\":\"https:\\\/\\\/buletin.de\\\/bucuresti\\\/noi-perchezitii-la-fratii-tate-in-dosar-e-implicata-si-o-fosta-politista\\\/\"},\"wordCount\":214,\"publisher\":{\"@id\":\"https:\\\/\\\/buletin.de\\\/bucuresti\\\/#organization\"},\"image\":{\"@id\":\"https:\\\/\\\/buletin.de\\\/bucuresti\\\/noi-perchezitii-la-fratii-tate-in-dosar-e-implicata-si-o-fosta-politista\\\/#primaryimage\"},\"thumbnailUrl\":\"https:\\\/\\\/buletin.de\\\/bucuresti\\\/wp-content\\\/uploads\\\/diicot_sigla_agerpres.jpeg\",\"articleSection\":[\"\u0218tiri\"],\"inLanguage\":\"en-GB\",\"copyrightYear\":\"2022\",\"copyrightHolder\":{\"@id\":\"https:\\\/\\\/buletin.de\\\/bucuresti\\\/#organization\"}},{\"@type\":\"WebPage\",\"@id\":\"https:\\\/\\\/buletin.de\\\/bucuresti\\\/noi-perchezitii-la-fratii-tate-in-dosar-e-implicata-si-o-fosta-politista\\\/\",\"url\":\"https:\\\/\\\/buletin.de\\\/bucuresti\\\/noi-perchezitii-la-fratii-tate-in-dosar-e-implicata-si-o-fosta-politista\\\/\",\"name\":\"Noi perchezi\u021bii la fra\u021bii Tate. \u00cen dosar e implicat\u0103 \u0219i o fost\u0103 poli\u021bist\u0103 - Buletin de Bucure\u0219ti\",\"isPartOf\":{\"@id\":\"https:\\\/\\\/buletin.de\\\/bucuresti\\\/#website\"},\"primaryImageOfPage\":{\"@id\":\"https:\\\/\\\/buletin.de\\\/bucuresti\\\/noi-perchezitii-la-fratii-tate-in-dosar-e-implicata-si-o-fosta-politista\\\/#primaryimage\"},\"image\":{\"@id\":\"https:\\\/\\\/buletin.de\\\/bucuresti\\\/noi-perchezitii-la-fratii-tate-in-dosar-e-implicata-si-o-fosta-politista\\\/#primaryimage\"},\"thumbnailUrl\":\"https:\\\/\\\/buletin.de\\\/bucuresti\\\/wp-content\\\/uploads\\\/diicot_sigla_agerpres.jpeg\",\"datePublished\":\"2022-12-29T15:08:27+00:00\",\"dateModified\":\"2022-12-29T21:23:48+00:00\",\"breadcrumb\":{\"@id\":\"https:\\\/\\\/buletin.de\\\/bucuresti\\\/noi-perchezitii-la-fratii-tate-in-dosar-e-implicata-si-o-fosta-politista\\\/#breadcrumb\"},\"inLanguage\":\"en-GB\",\"potentialAction\":[{\"@type\":\"ReadAction\",\"target\":[\"https:\\\/\\\/buletin.de\\\/bucuresti\\\/noi-perchezitii-la-fratii-tate-in-dosar-e-implicata-si-o-fosta-politista\\\/\"]}]},{\"@type\":\"ImageObject\",\"inLanguage\":\"en-GB\",\"@id\":\"https:\\\/\\\/buletin.de\\\/bucuresti\\\/noi-perchezitii-la-fratii-tate-in-dosar-e-implicata-si-o-fosta-politista\\\/#primaryimage\",\"url\":\"https:\\\/\\\/buletin.de\\\/bucuresti\\\/wp-content\\\/uploads\\\/diicot_sigla_agerpres.jpeg\",\"contentUrl\":\"https:\\\/\\\/buletin.de\\\/bucuresti\\\/wp-content\\\/uploads\\\/diicot_sigla_agerpres.jpeg\",\"width\":800,\"height\":532},{\"@type\":\"BreadcrumbList\",\"@id\":\"https:\\\/\\\/buletin.de\\\/bucuresti\\\/noi-perchezitii-la-fratii-tate-in-dosar-e-implicata-si-o-fosta-politista\\\/#breadcrumb\",\"itemListElement\":[{\"@type\":\"ListItem\",\"position\":1,\"name\":\"Acas\u0103\",\"item\":\"https:\\\/\\\/buletin.de\\\/bucuresti\\\/\"},{\"@type\":\"ListItem\",\"position\":2,\"name\":\"Noi perchezi\u021bii la fra\u021bii Tate. \u00cen dosar e implicat\u0103 \u0219i o fost\u0103 poli\u021bist\u0103\"}]},{\"@type\":\"WebSite\",\"@id\":\"https:\\\/\\\/buletin.de\\\/bucuresti\\\/#website\",\"url\":\"https:\\\/\\\/buletin.de\\\/bucuresti\\\/\",\"name\":\"Buletin de Bucure\u0219ti\",\"description\":\"\u0218tiri \u0219i investiga\u021bii esen\u021biale din capital\u0103\",\"publisher\":{\"@id\":\"https:\\\/\\\/buletin.de\\\/bucuresti\\\/#organization\"},\"potentialAction\":[{\"@type\":\"SearchAction\",\"target\":{\"@type\":\"EntryPoint\",\"urlTemplate\":\"https:\\\/\\\/buletin.de\\\/bucuresti\\\/?s={search_term_string}\"},\"query-input\":{\"@type\":\"PropertyValueSpecification\",\"valueRequired\":true,\"valueName\":\"search_term_string\"}}],\"inLanguage\":\"en-GB\"},{\"@type\":\"Organization\",\"@id\":\"https:\\\/\\\/buletin.de\\\/bucuresti\\\/#organization\",\"name\":\"Buletin de Bucure\u0219ti\",\"url\":\"https:\\\/\\\/buletin.de\\\/bucuresti\\\/\",\"logo\":{\"@type\":\"ImageObject\",\"inLanguage\":\"en-GB\",\"@id\":\"https:\\\/\\\/buletin.de\\\/bucuresti\\\/#\\\/schema\\\/logo\\\/image\\\/\",\"url\":\"https:\\\/\\\/buletin.de\\\/bucuresti\\\/wp-content\\\/uploads\\\/logo-bdb-full-wide-vernil-transparent.png\",\"contentUrl\":\"https:\\\/\\\/buletin.de\\\/bucuresti\\\/wp-content\\\/uploads\\\/logo-bdb-full-wide-vernil-transparent.png\",\"width\":1782,\"height\":626,\"caption\":\"Buletin de Bucure\u0219ti\"},\"image\":{\"@id\":\"https:\\\/\\\/buletin.de\\\/bucuresti\\\/#\\\/schema\\\/logo\\\/image\\\/\"},\"sameAs\":[\"https:\\\/\\\/www.facebook.com\\\/buletin.de.buc\",\"https:\\\/\\\/www.instagram.com\\\/buletinde.bucuresti\\\/\"]},{\"@type\":\"Person\",\"@id\":\"https:\\\/\\\/buletin.de\\\/bucuresti\\\/#\\\/schema\\\/person\\\/87734700b2c7f8608881f7e93b8834de\",\"name\":\"Andreea Gelatu\",\"image\":{\"@type\":\"ImageObject\",\"inLanguage\":\"en-GB\",\"@id\":\"https:\\\/\\\/secure.gravatar.com\\\/avatar\\\/b716eca2f984b9b65bdd87118b4b909d940b619cbe6e8cb725fe11c1b1f4194f?s=96&d=monsterid&r=g9b5eff4996c6b842a29b3057a7b4746f\",\"url\":\"https:\\\/\\\/secure.gravatar.com\\\/avatar\\\/b716eca2f984b9b65bdd87118b4b909d940b619cbe6e8cb725fe11c1b1f4194f?s=96&d=monsterid&r=g\",\"contentUrl\":\"https:\\\/\\\/secure.gravatar.com\\\/avatar\\\/b716eca2f984b9b65bdd87118b4b909d940b619cbe6e8cb725fe11c1b1f4194f?s=96&d=monsterid&r=g\",\"caption\":\"Andreea Gelatu\"},\"url\":\"https:\\\/\\\/buletin.de\\\/bucuresti\\\/author\\\/andreeagelatu\\\/\"}]}<\/script>\n<!-- \/ Yoast SEO Premium plugin. -->","yoast_head_json":{"title":"Noi perchezi\u021bii la fra\u021bii Tate. \u00cen dosar e implicat\u0103 \u0219i o fost\u0103 poli\u021bist\u0103 - Buletin de Bucure\u0219ti","robots":{"index":"index","follow":"follow","max-snippet":"max-snippet:-1","max-image-preview":"max-image-preview:large","max-video-preview":"max-video-preview:-1"},"canonical":"https:\/\/buletin.de\/bucuresti\/noi-perchezitii-la-fratii-tate-in-dosar-e-implicata-si-o-fosta-politista\/","og_locale":"en_GB","og_type":"article","og_title":"Noi perchezi\u021bii la fra\u021bii Tate. \u00cen dosar e implicat\u0103 \u0219i o fost\u0103 poli\u021bist\u0103","og_description":"Update: Fra\u021bii Tate au fost re\u021binu\u021bi pentru 24 de ore. Pe 29 decembrie 2022, procurorii DIICOT \u0219i poli\u021bi\u0219tii au descins la vila de lux a fra\u021bilor Tate din Voluntari. Conform unor surse Buletin de Bucure\u0219ti, \u00een dosar este implicat\u0103 \u0219i o fost\u0103 poli\u021bist\u0103 de la o sec\u021bie din Bucure\u0219ti. Ast\u0103zi, ar avea loc perchezi\u021bii \u0219i [&hellip;]","og_url":"https:\/\/buletin.de\/bucuresti\/noi-perchezitii-la-fratii-tate-in-dosar-e-implicata-si-o-fosta-politista\/","og_site_name":"Buletin de Bucure\u0219ti","article_publisher":"https:\/\/www.facebook.com\/buletin.de.buc","article_published_time":"2022-12-29T15:08:27+00:00","article_modified_time":"2022-12-29T21:23:48+00:00","og_image":[{"width":800,"height":532,"url":"https:\/\/buletin.de\/bucuresti\/wp-content\/uploads\/diicot_sigla_agerpres.jpeg","type":"image\/jpeg"}],"author":"Andreea Gelatu","twitter_card":"summary_large_image","twitter_misc":{"Written by":"Andreea Gelatu","Estimated reading time":"1 minute"},"schema":{"@context":"https:\/\/schema.org","@graph":[{"@type":"Article","@id":"https:\/\/buletin.de\/bucuresti\/noi-perchezitii-la-fratii-tate-in-dosar-e-implicata-si-o-fosta-politista\/#article","isPartOf":{"@id":"https:\/\/buletin.de\/bucuresti\/noi-perchezitii-la-fratii-tate-in-dosar-e-implicata-si-o-fosta-politista\/"},"author":{"name":"Andreea Gelatu","@id":"https:\/\/buletin.de\/bucuresti\/#\/schema\/person\/87734700b2c7f8608881f7e93b8834de"},"headline":"Noi perchezi\u021bii la fra\u021bii Tate. \u00cen dosar e implicat\u0103 \u0219i o fost\u0103 poli\u021bist\u0103","datePublished":"2022-12-29T15:08:27+00:00","dateModified":"2022-12-29T21:23:48+00:00","mainEntityOfPage":{"@id":"https:\/\/buletin.de\/bucuresti\/noi-perchezitii-la-fratii-tate-in-dosar-e-implicata-si-o-fosta-politista\/"},"wordCount":214,"publisher":{"@id":"https:\/\/buletin.de\/bucuresti\/#organization"},"image":{"@id":"https:\/\/buletin.de\/bucuresti\/noi-perchezitii-la-fratii-tate-in-dosar-e-implicata-si-o-fosta-politista\/#primaryimage"},"thumbnailUrl":"https:\/\/buletin.de\/bucuresti\/wp-content\/uploads\/diicot_sigla_agerpres.jpeg","articleSection":["\u0218tiri"],"inLanguage":"en-GB","copyrightYear":"2022","copyrightHolder":{"@id":"https:\/\/buletin.de\/bucuresti\/#organization"}},{"@type":"WebPage","@id":"https:\/\/buletin.de\/bucuresti\/noi-perchezitii-la-fratii-tate-in-dosar-e-implicata-si-o-fosta-politista\/","url":"https:\/\/buletin.de\/bucuresti\/noi-perchezitii-la-fratii-tate-in-dosar-e-implicata-si-o-fosta-politista\/","name":"Noi perchezi\u021bii la fra\u021bii Tate. \u00cen dosar e implicat\u0103 \u0219i o fost\u0103 poli\u021bist\u0103 - Buletin de Bucure\u0219ti","isPartOf":{"@id":"https:\/\/buletin.de\/bucuresti\/#website"},"primaryImageOfPage":{"@id":"https:\/\/buletin.de\/bucuresti\/noi-perchezitii-la-fratii-tate-in-dosar-e-implicata-si-o-fosta-politista\/#primaryimage"},"image":{"@id":"https:\/\/buletin.de\/bucuresti\/noi-perchezitii-la-fratii-tate-in-dosar-e-implicata-si-o-fosta-politista\/#primaryimage"},"thumbnailUrl":"https:\/\/buletin.de\/bucuresti\/wp-content\/uploads\/diicot_sigla_agerpres.jpeg","datePublished":"2022-12-29T15:08:27+00:00","dateModified":"2022-12-29T21:23:48+00:00","breadcrumb":{"@id":"https:\/\/buletin.de\/bucuresti\/noi-perchezitii-la-fratii-tate-in-dosar-e-implicata-si-o-fosta-politista\/#breadcrumb"},"inLanguage":"en-GB","potentialAction":[{"@type":"ReadAction","target":["https:\/\/buletin.de\/bucuresti\/noi-perchezitii-la-fratii-tate-in-dosar-e-implicata-si-o-fosta-politista\/"]}]},{"@type":"ImageObject","inLanguage":"en-GB","@id":"https:\/\/buletin.de\/bucuresti\/noi-perchezitii-la-fratii-tate-in-dosar-e-implicata-si-o-fosta-politista\/#primaryimage","url":"https:\/\/buletin.de\/bucuresti\/wp-content\/uploads\/diicot_sigla_agerpres.jpeg","contentUrl":"https:\/\/buletin.de\/bucuresti\/wp-content\/uploads\/diicot_sigla_agerpres.jpeg","width":800,"height":532},{"@type":"BreadcrumbList","@id":"https:\/\/buletin.de\/bucuresti\/noi-perchezitii-la-fratii-tate-in-dosar-e-implicata-si-o-fosta-politista\/#breadcrumb","itemListElement":[{"@type":"ListItem","position":1,"name":"Acas\u0103","item":"https:\/\/buletin.de\/bucuresti\/"},{"@type":"ListItem","position":2,"name":"Noi perchezi\u021bii la fra\u021bii Tate. \u00cen dosar e implicat\u0103 \u0219i o fost\u0103 poli\u021bist\u0103"}]},{"@type":"WebSite","@id":"https:\/\/buletin.de\/bucuresti\/#website","url":"https:\/\/buletin.de\/bucuresti\/","name":"Buletin de Bucure\u0219ti","description":"\u0218tiri \u0219i investiga\u021bii esen\u021biale din capital\u0103","publisher":{"@id":"https:\/\/buletin.de\/bucuresti\/#organization"},"potentialAction":[{"@type":"SearchAction","target":{"@type":"EntryPoint","urlTemplate":"https:\/\/buletin.de\/bucuresti\/?s={search_term_string}"},"query-input":{"@type":"PropertyValueSpecification","valueRequired":true,"valueName":"search_term_string"}}],"inLanguage":"en-GB"},{"@type":"Organization","@id":"https:\/\/buletin.de\/bucuresti\/#organization","name":"Buletin de Bucure\u0219ti","url":"https:\/\/buletin.de\/bucuresti\/","logo":{"@type":"ImageObject","inLanguage":"en-GB","@id":"https:\/\/buletin.de\/bucuresti\/#\/schema\/logo\/image\/","url":"https:\/\/buletin.de\/bucuresti\/wp-content\/uploads\/logo-bdb-full-wide-vernil-transparent.png","contentUrl":"https:\/\/buletin.de\/bucuresti\/wp-content\/uploads\/logo-bdb-full-wide-vernil-transparent.png","width":1782,"height":626,"caption":"Buletin de Bucure\u0219ti"},"image":{"@id":"https:\/\/buletin.de\/bucuresti\/#\/schema\/logo\/image\/"},"sameAs":["https:\/\/www.facebook.com\/buletin.de.buc","https:\/\/www.instagram.com\/buletinde.bucuresti\/"]},{"@type":"Person","@id":"https:\/\/buletin.de\/bucuresti\/#\/schema\/person\/87734700b2c7f8608881f7e93b8834de","name":"Andreea Gelatu","image":{"@type":"ImageObject","inLanguage":"en-GB","@id":"https:\/\/secure.gravatar.com\/avatar\/b716eca2f984b9b65bdd87118b4b909d940b619cbe6e8cb725fe11c1b1f4194f?s=96&d=monsterid&r=g9b5eff4996c6b842a29b3057a7b4746f","url":"https:\/\/secure.gravatar.com\/avatar\/b716eca2f984b9b65bdd87118b4b909d940b619cbe6e8cb725fe11c1b1f4194f?s=96&d=monsterid&r=g","contentUrl":"https:\/\/secure.gravatar.com\/avatar\/b716eca2f984b9b65bdd87118b4b909d940b619cbe6e8cb725fe11c1b1f4194f?s=96&d=monsterid&r=g","caption":"Andreea Gelatu"},"url":"https:\/\/buletin.de\/bucuresti\/author\/andreeagelatu\/"}]}},"authors":[{"term_id":22605,"user_id":46,"is_guest":0,"slug":"andreeagelatu","display_name":"Andreea Gelatu","avatar_url":"https:\/\/secure.gravatar.com\/avatar\/b716eca2f984b9b65bdd87118b4b909d940b619cbe6e8cb725fe11c1b1f4194f?s=96&d=monsterid&r=g","0":null,"1":"","2":"","3":"","4":"","5":"","6":"","7":"","8":""}],"_links":{"self":[{"href":"https:\/\/buletin.de\/bucuresti\/wp-json\/wp\/v2\/posts\/50569","targetHints":{"allow":["GET"]}}],"collection":[{"href":"https:\/\/buletin.de\/bucuresti\/wp-json\/wp\/v2\/posts"}],"about":[{"href":"https:\/\/buletin.de\/bucuresti\/wp-json\/wp\/v2\/types\/post"}],"author":[{"embeddable":true,"href":"https:\/\/buletin.de\/bucuresti\/wp-json\/wp\/v2\/users\/46"}],"replies":[{"embeddable":true,"href":"https:\/\/buletin.de\/bucuresti\/wp-json\/wp\/v2\/comments?post=50569"}],"version-history":[{"count":4,"href":"https:\/\/buletin.de\/bucuresti\/wp-json\/wp\/v2\/posts\/50569\/revisions"}],"predecessor-version":[{"id":50639,"href":"https:\/\/buletin.de\/bucuresti\/wp-json\/wp\/v2\/posts\/50569\/revisions\/50639"}],"wp:featuredmedia":[{"embeddable":true,"href":"https:\/\/buletin.de\/bucuresti\/wp-json\/wp\/v2\/media\/50573"}],"wp:attachment":[{"href":"https:\/\/buletin.de\/bucuresti\/wp-json\/wp\/v2\/media?parent=50569"}],"wp:term":[{"taxonomy":"category","embeddable":true,"href":"https:\/\/buletin.de\/bucuresti\/wp-json\/wp\/v2\/categories?post=50569"},{"taxonomy":"post_tag","embeddable":true,"href":"https:\/\/buletin.de\/bucuresti\/wp-json\/wp\/v2\/tags?post=50569"},{"taxonomy":"author","embeddable":true,"href":"https:\/\/buletin.de\/bucuresti\/wp-json\/wp\/v2\/ppma_author?post=50569"}],"curies":[{"name":"wp","href":"https:\/\/api.w.org\/{rel}","templated":true}]}}