{"id":50504,"date":"2022-12-28T18:53:32","date_gmt":"2022-12-28T16:53:32","guid":{"rendered":"https:\/\/buletin.de\/bucuresti\/?p=50504"},"modified":"2022-12-28T23:48:25","modified_gmt":"2022-12-28T21:48:25","slug":"politistii-capitalei-au-confiscat-peste-24-tone-de-petarde-si-artificii","status":"publish","type":"post","link":"https:\/\/buletin.de\/bucuresti\/politistii-capitalei-au-confiscat-peste-24-tone-de-petarde-si-artificii\/","title":{"rendered":"Poli\u021bi\u0219tii Capitalei au confiscat peste 2.4 tone de petarde \u0219i artificii"},"content":{"rendered":"\n<p>Poli\u021bi\u0219tii Direc\u021biei Generale de Poli\u021bie a Municipiului Bucure\u0219ti &#8211; Serviciul Arme, Explozivi \u0219i Substan\u021be Periculoase, sub coordonarea Parchetului de pe l\u00e2ng\u0103 Judec\u0103toria Sectorului 2, au descins \u00een aceast\u0103 diminea\u021b\u0103 \u00een mai multe locuri cu scopul de a opri comercializarea ilegal\u0103 de petarde \u0219i artificii. Este vorba despre \u0219ase mandate de perchezi\u021bie \u00een locuin\u021bele unor persoane \u0219i societ\u0103\u021bi comerciale din Sectorul 2. \u00cen urma perchezi\u021biilor, poli\u021bi\u0219tii au ridicat 2.470 kg de articole pirotehnice.<\/p>\n\n\n\n<figure class=\"wp-block-video\"><video height=\"848\" style=\"aspect-ratio: 464 \/ 848;\" width=\"464\" controls src=\"https:\/\/buletin.de\/bucuresti\/wp-content\/uploads\/pirr.mp4\"><\/video><\/figure>\n\n\n\n<p>Cercet\u0103rile sunt continuate, \u00een acest caz, de c\u0103tre poli\u021bi\u0219ti din cadrul Serviciului Arme, Explozivi \u0219i Substan\u021be Periculoase, sub supravegherea Parchetului de pe l\u00e2ng\u0103 Judec\u0103toria Sectorului 2.<\/p>\n\n\n\n<p><strong>Planul de ac\u021biune \u201eFoc de artificii\u201d. Peste 150 de perchezi\u021bii \u00een Bucure\u0219ti \u0219i \u00een mai multe jude\u021be din \u021bar\u0103<\/strong><\/p>\n\n\n\n<p>Perchezi\u021bii nu au avut loc doar \u00een Bucure\u0219ti, ci \u0219i \u00een mai multe jude\u021be din \u021bar\u0103. Opera\u021biunea face parte din Planul de ac\u021biune \u201eFoc de artificii\u201d. Pe 28 decembrie 2022, au avut loc 153 de perchezi\u021bii domiciliare la persoane sau puncte de v\u00e2nzare care comercializau ilegal petarde \u0219i artificii. Ac\u021biunea a avut loc \u00een Bucure\u0219ti \u0219i jude\u021bele Arad, Arge\u0219, Bac\u0103u, Bistri\u021ba-N\u0103s\u0103ud, Bihor, Bra\u0219ov, Buz\u0103u, Br\u0103ila, C\u0103l\u0103ra\u0219i, D\u00e2mbovi\u021ba, Dolj, Giurgiu, Harghita, Ilfov, Mure\u0219, Olt, Prahova, Satu-Mare, Sibiu, Timi\u0219, Tulcea, V\u00e2lcea \u0219i Vaslui \u0219i a beneficiat de sprijinul Direc\u021biei Opera\u021biuni Speciale.<\/p>\n\n\n\n<p>P\u00e2n\u0103 la acest moment, Poli\u021bia Rom\u00e2n\u0103 a confiscat peste 100 de tone de articole pirotehnice.<\/p>\n\n\n\n<figure class=\"wp-block-embed is-type-video is-provider-youtube wp-block-embed-youtube wp-embed-aspect-16-9 wp-has-aspect-ratio\"><div class=\"wp-block-embed__wrapper\">\n<div class=\"jlvid_container\"><iframe title=\"PESTE 150 DE PERCHEZI\u021aII LA PERSOANE \u0218I FIRME, PENTRU DESCOPERIREA DE ARTICOLE PIROTEHNICE ILEGALE\" width=\"1200\" height=\"675\" src=\"https:\/\/www.youtube.com\/embed\/Ji6BajDWoMU?start=4&#038;feature=oembed\" frameborder=\"0\" allow=\"accelerometer; autoplay; clipboard-write; encrypted-media; gyroscope; picture-in-picture; web-share\" allowfullscreen><\/iframe><\/div>\n<\/div><\/figure>\n","protected":false},"excerpt":{"rendered":"<p>Poli\u021bi\u0219tii Direc\u021biei Generale de Poli\u021bie a Municipiului Bucure\u0219ti &#8211; Serviciul Arme, Explozivi \u0219i Substan\u021be Periculoase, sub coordonarea Parchetului de pe l\u00e2ng\u0103 Judec\u0103toria Sectorului 2, au descins \u00een aceast\u0103 diminea\u021b\u0103 \u00een mai multe locuri cu scopul de a opri comercializarea ilegal\u0103 de petarde \u0219i artificii. Este vorba despre \u0219ase mandate de perchezi\u021bie \u00een locuin\u021bele unor persoane [&hellip;]<\/p>\n","protected":false},"author":46,"featured_media":50509,"comment_status":"closed","ping_status":"open","sticky":false,"template":"","format":"standard","meta":{"_acf_changed":false,"inline_featured_image":false,"ngg_post_thumbnail":0,"footnotes":""},"categories":[62],"tags":[],"ppma_author":[22605],"class_list":["post-50504","post","type-post","status-publish","format-standard","has-post-thumbnail","hentry","category-stiri"],"acf":[],"yoast_head":"<!-- This site is optimized with the Yoast SEO Premium plugin v25.3 (Yoast SEO v27.4) - https:\/\/yoast.com\/product\/yoast-seo-premium-wordpress\/ -->\n<title>Poli\u021bi\u0219tii Capitalei au confiscat peste 2.4 tone de petarde \u0219i artificii - Buletin de Bucure\u0219ti<\/title>\n<meta name=\"robots\" content=\"index, follow, max-snippet:-1, max-image-preview:large, max-video-preview:-1\" \/>\n<link rel=\"canonical\" href=\"https:\/\/buletin.de\/bucuresti\/politistii-capitalei-au-confiscat-peste-24-tone-de-petarde-si-artificii\/\" \/>\n<meta property=\"og:locale\" content=\"en_GB\" \/>\n<meta property=\"og:type\" content=\"article\" \/>\n<meta property=\"og:title\" content=\"Poli\u021bi\u0219tii Capitalei au confiscat peste 2.4 tone de petarde \u0219i artificii\" \/>\n<meta property=\"og:description\" content=\"Poli\u021bi\u0219tii Direc\u021biei Generale de Poli\u021bie a Municipiului Bucure\u0219ti &#8211; Serviciul Arme, Explozivi \u0219i Substan\u021be Periculoase, sub coordonarea Parchetului de pe l\u00e2ng\u0103 Judec\u0103toria Sectorului 2, au descins \u00een aceast\u0103 diminea\u021b\u0103 \u00een mai multe locuri cu scopul de a opri comercializarea ilegal\u0103 de petarde \u0219i artificii. Este vorba despre \u0219ase mandate de perchezi\u021bie \u00een locuin\u021bele unor persoane [&hellip;]\" \/>\n<meta property=\"og:url\" content=\"https:\/\/buletin.de\/bucuresti\/politistii-capitalei-au-confiscat-peste-24-tone-de-petarde-si-artificii\/\" \/>\n<meta property=\"og:site_name\" content=\"Buletin de Bucure\u0219ti\" \/>\n<meta property=\"article:publisher\" content=\"https:\/\/www.facebook.com\/buletin.de.buc\" \/>\n<meta property=\"article:published_time\" content=\"2022-12-28T16:53:32+00:00\" \/>\n<meta property=\"article:modified_time\" content=\"2022-12-28T21:48:25+00:00\" \/>\n<meta property=\"og:image\" content=\"https:\/\/buletin.de\/bucuresti\/wp-content\/uploads\/pirrrrrr.jpeg\" \/>\n\t<meta property=\"og:image:width\" content=\"723\" \/>\n\t<meta property=\"og:image:height\" content=\"1600\" \/>\n\t<meta property=\"og:image:type\" content=\"image\/jpeg\" \/>\n<meta name=\"author\" content=\"Andreea Gelatu\" \/>\n<meta name=\"twitter:card\" content=\"summary_large_image\" \/>\n<meta name=\"twitter:label1\" content=\"Written by\" \/>\n\t<meta name=\"twitter:data1\" content=\"Andreea Gelatu\" \/>\n\t<meta name=\"twitter:label2\" content=\"Estimated reading time\" \/>\n\t<meta name=\"twitter:data2\" content=\"1 minute\" \/>\n<script type=\"application\/ld+json\" class=\"yoast-schema-graph\">{\"@context\":\"https:\\\/\\\/schema.org\",\"@graph\":[{\"@type\":\"Article\",\"@id\":\"https:\\\/\\\/buletin.de\\\/bucuresti\\\/politistii-capitalei-au-confiscat-peste-24-tone-de-petarde-si-artificii\\\/#article\",\"isPartOf\":{\"@id\":\"https:\\\/\\\/buletin.de\\\/bucuresti\\\/politistii-capitalei-au-confiscat-peste-24-tone-de-petarde-si-artificii\\\/\"},\"author\":{\"name\":\"Andreea Gelatu\",\"@id\":\"https:\\\/\\\/buletin.de\\\/bucuresti\\\/#\\\/schema\\\/person\\\/87734700b2c7f8608881f7e93b8834de\"},\"headline\":\"Poli\u021bi\u0219tii Capitalei au confiscat peste 2.4 tone de petarde \u0219i artificii\",\"datePublished\":\"2022-12-28T16:53:32+00:00\",\"dateModified\":\"2022-12-28T21:48:25+00:00\",\"mainEntityOfPage\":{\"@id\":\"https:\\\/\\\/buletin.de\\\/bucuresti\\\/politistii-capitalei-au-confiscat-peste-24-tone-de-petarde-si-artificii\\\/\"},\"wordCount\":288,\"publisher\":{\"@id\":\"https:\\\/\\\/buletin.de\\\/bucuresti\\\/#organization\"},\"image\":{\"@id\":\"https:\\\/\\\/buletin.de\\\/bucuresti\\\/politistii-capitalei-au-confiscat-peste-24-tone-de-petarde-si-artificii\\\/#primaryimage\"},\"thumbnailUrl\":\"https:\\\/\\\/buletin.de\\\/bucuresti\\\/wp-content\\\/uploads\\\/pirrrrrr.jpeg\",\"articleSection\":[\"\u0218tiri\"],\"inLanguage\":\"en-GB\",\"copyrightYear\":\"2022\",\"copyrightHolder\":{\"@id\":\"https:\\\/\\\/buletin.de\\\/bucuresti\\\/#organization\"}},{\"@type\":\"WebPage\",\"@id\":\"https:\\\/\\\/buletin.de\\\/bucuresti\\\/politistii-capitalei-au-confiscat-peste-24-tone-de-petarde-si-artificii\\\/\",\"url\":\"https:\\\/\\\/buletin.de\\\/bucuresti\\\/politistii-capitalei-au-confiscat-peste-24-tone-de-petarde-si-artificii\\\/\",\"name\":\"Poli\u021bi\u0219tii Capitalei au confiscat peste 2.4 tone de petarde \u0219i artificii - Buletin de Bucure\u0219ti\",\"isPartOf\":{\"@id\":\"https:\\\/\\\/buletin.de\\\/bucuresti\\\/#website\"},\"primaryImageOfPage\":{\"@id\":\"https:\\\/\\\/buletin.de\\\/bucuresti\\\/politistii-capitalei-au-confiscat-peste-24-tone-de-petarde-si-artificii\\\/#primaryimage\"},\"image\":{\"@id\":\"https:\\\/\\\/buletin.de\\\/bucuresti\\\/politistii-capitalei-au-confiscat-peste-24-tone-de-petarde-si-artificii\\\/#primaryimage\"},\"thumbnailUrl\":\"https:\\\/\\\/buletin.de\\\/bucuresti\\\/wp-content\\\/uploads\\\/pirrrrrr.jpeg\",\"datePublished\":\"2022-12-28T16:53:32+00:00\",\"dateModified\":\"2022-12-28T21:48:25+00:00\",\"breadcrumb\":{\"@id\":\"https:\\\/\\\/buletin.de\\\/bucuresti\\\/politistii-capitalei-au-confiscat-peste-24-tone-de-petarde-si-artificii\\\/#breadcrumb\"},\"inLanguage\":\"en-GB\",\"potentialAction\":[{\"@type\":\"ReadAction\",\"target\":[\"https:\\\/\\\/buletin.de\\\/bucuresti\\\/politistii-capitalei-au-confiscat-peste-24-tone-de-petarde-si-artificii\\\/\"]}]},{\"@type\":\"ImageObject\",\"inLanguage\":\"en-GB\",\"@id\":\"https:\\\/\\\/buletin.de\\\/bucuresti\\\/politistii-capitalei-au-confiscat-peste-24-tone-de-petarde-si-artificii\\\/#primaryimage\",\"url\":\"https:\\\/\\\/buletin.de\\\/bucuresti\\\/wp-content\\\/uploads\\\/pirrrrrr.jpeg\",\"contentUrl\":\"https:\\\/\\\/buletin.de\\\/bucuresti\\\/wp-content\\\/uploads\\\/pirrrrrr.jpeg\",\"width\":723,\"height\":1600},{\"@type\":\"BreadcrumbList\",\"@id\":\"https:\\\/\\\/buletin.de\\\/bucuresti\\\/politistii-capitalei-au-confiscat-peste-24-tone-de-petarde-si-artificii\\\/#breadcrumb\",\"itemListElement\":[{\"@type\":\"ListItem\",\"position\":1,\"name\":\"Acas\u0103\",\"item\":\"https:\\\/\\\/buletin.de\\\/bucuresti\\\/\"},{\"@type\":\"ListItem\",\"position\":2,\"name\":\"Poli\u021bi\u0219tii Capitalei au confiscat peste 2.4 tone de petarde \u0219i artificii\"}]},{\"@type\":\"WebSite\",\"@id\":\"https:\\\/\\\/buletin.de\\\/bucuresti\\\/#website\",\"url\":\"https:\\\/\\\/buletin.de\\\/bucuresti\\\/\",\"name\":\"Buletin de Bucure\u0219ti\",\"description\":\"\u0218tiri \u0219i investiga\u021bii esen\u021biale din capital\u0103\",\"publisher\":{\"@id\":\"https:\\\/\\\/buletin.de\\\/bucuresti\\\/#organization\"},\"potentialAction\":[{\"@type\":\"SearchAction\",\"target\":{\"@type\":\"EntryPoint\",\"urlTemplate\":\"https:\\\/\\\/buletin.de\\\/bucuresti\\\/?s={search_term_string}\"},\"query-input\":{\"@type\":\"PropertyValueSpecification\",\"valueRequired\":true,\"valueName\":\"search_term_string\"}}],\"inLanguage\":\"en-GB\"},{\"@type\":\"Organization\",\"@id\":\"https:\\\/\\\/buletin.de\\\/bucuresti\\\/#organization\",\"name\":\"Buletin de Bucure\u0219ti\",\"url\":\"https:\\\/\\\/buletin.de\\\/bucuresti\\\/\",\"logo\":{\"@type\":\"ImageObject\",\"inLanguage\":\"en-GB\",\"@id\":\"https:\\\/\\\/buletin.de\\\/bucuresti\\\/#\\\/schema\\\/logo\\\/image\\\/\",\"url\":\"https:\\\/\\\/buletin.de\\\/bucuresti\\\/wp-content\\\/uploads\\\/logo-bdb-full-wide-vernil-transparent.png\",\"contentUrl\":\"https:\\\/\\\/buletin.de\\\/bucuresti\\\/wp-content\\\/uploads\\\/logo-bdb-full-wide-vernil-transparent.png\",\"width\":1782,\"height\":626,\"caption\":\"Buletin de Bucure\u0219ti\"},\"image\":{\"@id\":\"https:\\\/\\\/buletin.de\\\/bucuresti\\\/#\\\/schema\\\/logo\\\/image\\\/\"},\"sameAs\":[\"https:\\\/\\\/www.facebook.com\\\/buletin.de.buc\",\"https:\\\/\\\/www.instagram.com\\\/buletinde.bucuresti\\\/\"]},{\"@type\":\"Person\",\"@id\":\"https:\\\/\\\/buletin.de\\\/bucuresti\\\/#\\\/schema\\\/person\\\/87734700b2c7f8608881f7e93b8834de\",\"name\":\"Andreea Gelatu\",\"image\":{\"@type\":\"ImageObject\",\"inLanguage\":\"en-GB\",\"@id\":\"https:\\\/\\\/secure.gravatar.com\\\/avatar\\\/b716eca2f984b9b65bdd87118b4b909d940b619cbe6e8cb725fe11c1b1f4194f?s=96&d=monsterid&r=g9b5eff4996c6b842a29b3057a7b4746f\",\"url\":\"https:\\\/\\\/secure.gravatar.com\\\/avatar\\\/b716eca2f984b9b65bdd87118b4b909d940b619cbe6e8cb725fe11c1b1f4194f?s=96&d=monsterid&r=g\",\"contentUrl\":\"https:\\\/\\\/secure.gravatar.com\\\/avatar\\\/b716eca2f984b9b65bdd87118b4b909d940b619cbe6e8cb725fe11c1b1f4194f?s=96&d=monsterid&r=g\",\"caption\":\"Andreea Gelatu\"},\"url\":\"https:\\\/\\\/buletin.de\\\/bucuresti\\\/author\\\/andreeagelatu\\\/\"}]}<\/script>\n<!-- \/ Yoast SEO Premium plugin. -->","yoast_head_json":{"title":"Poli\u021bi\u0219tii Capitalei au confiscat peste 2.4 tone de petarde \u0219i artificii - Buletin de Bucure\u0219ti","robots":{"index":"index","follow":"follow","max-snippet":"max-snippet:-1","max-image-preview":"max-image-preview:large","max-video-preview":"max-video-preview:-1"},"canonical":"https:\/\/buletin.de\/bucuresti\/politistii-capitalei-au-confiscat-peste-24-tone-de-petarde-si-artificii\/","og_locale":"en_GB","og_type":"article","og_title":"Poli\u021bi\u0219tii Capitalei au confiscat peste 2.4 tone de petarde \u0219i artificii","og_description":"Poli\u021bi\u0219tii Direc\u021biei Generale de Poli\u021bie a Municipiului Bucure\u0219ti &#8211; Serviciul Arme, Explozivi \u0219i Substan\u021be Periculoase, sub coordonarea Parchetului de pe l\u00e2ng\u0103 Judec\u0103toria Sectorului 2, au descins \u00een aceast\u0103 diminea\u021b\u0103 \u00een mai multe locuri cu scopul de a opri comercializarea ilegal\u0103 de petarde \u0219i artificii. Este vorba despre \u0219ase mandate de perchezi\u021bie \u00een locuin\u021bele unor persoane [&hellip;]","og_url":"https:\/\/buletin.de\/bucuresti\/politistii-capitalei-au-confiscat-peste-24-tone-de-petarde-si-artificii\/","og_site_name":"Buletin de Bucure\u0219ti","article_publisher":"https:\/\/www.facebook.com\/buletin.de.buc","article_published_time":"2022-12-28T16:53:32+00:00","article_modified_time":"2022-12-28T21:48:25+00:00","og_image":[{"width":723,"height":1600,"url":"https:\/\/buletin.de\/bucuresti\/wp-content\/uploads\/pirrrrrr.jpeg","type":"image\/jpeg"}],"author":"Andreea Gelatu","twitter_card":"summary_large_image","twitter_misc":{"Written by":"Andreea Gelatu","Estimated reading time":"1 minute"},"schema":{"@context":"https:\/\/schema.org","@graph":[{"@type":"Article","@id":"https:\/\/buletin.de\/bucuresti\/politistii-capitalei-au-confiscat-peste-24-tone-de-petarde-si-artificii\/#article","isPartOf":{"@id":"https:\/\/buletin.de\/bucuresti\/politistii-capitalei-au-confiscat-peste-24-tone-de-petarde-si-artificii\/"},"author":{"name":"Andreea Gelatu","@id":"https:\/\/buletin.de\/bucuresti\/#\/schema\/person\/87734700b2c7f8608881f7e93b8834de"},"headline":"Poli\u021bi\u0219tii Capitalei au confiscat peste 2.4 tone de petarde \u0219i artificii","datePublished":"2022-12-28T16:53:32+00:00","dateModified":"2022-12-28T21:48:25+00:00","mainEntityOfPage":{"@id":"https:\/\/buletin.de\/bucuresti\/politistii-capitalei-au-confiscat-peste-24-tone-de-petarde-si-artificii\/"},"wordCount":288,"publisher":{"@id":"https:\/\/buletin.de\/bucuresti\/#organization"},"image":{"@id":"https:\/\/buletin.de\/bucuresti\/politistii-capitalei-au-confiscat-peste-24-tone-de-petarde-si-artificii\/#primaryimage"},"thumbnailUrl":"https:\/\/buletin.de\/bucuresti\/wp-content\/uploads\/pirrrrrr.jpeg","articleSection":["\u0218tiri"],"inLanguage":"en-GB","copyrightYear":"2022","copyrightHolder":{"@id":"https:\/\/buletin.de\/bucuresti\/#organization"}},{"@type":"WebPage","@id":"https:\/\/buletin.de\/bucuresti\/politistii-capitalei-au-confiscat-peste-24-tone-de-petarde-si-artificii\/","url":"https:\/\/buletin.de\/bucuresti\/politistii-capitalei-au-confiscat-peste-24-tone-de-petarde-si-artificii\/","name":"Poli\u021bi\u0219tii Capitalei au confiscat peste 2.4 tone de petarde \u0219i artificii - Buletin de Bucure\u0219ti","isPartOf":{"@id":"https:\/\/buletin.de\/bucuresti\/#website"},"primaryImageOfPage":{"@id":"https:\/\/buletin.de\/bucuresti\/politistii-capitalei-au-confiscat-peste-24-tone-de-petarde-si-artificii\/#primaryimage"},"image":{"@id":"https:\/\/buletin.de\/bucuresti\/politistii-capitalei-au-confiscat-peste-24-tone-de-petarde-si-artificii\/#primaryimage"},"thumbnailUrl":"https:\/\/buletin.de\/bucuresti\/wp-content\/uploads\/pirrrrrr.jpeg","datePublished":"2022-12-28T16:53:32+00:00","dateModified":"2022-12-28T21:48:25+00:00","breadcrumb":{"@id":"https:\/\/buletin.de\/bucuresti\/politistii-capitalei-au-confiscat-peste-24-tone-de-petarde-si-artificii\/#breadcrumb"},"inLanguage":"en-GB","potentialAction":[{"@type":"ReadAction","target":["https:\/\/buletin.de\/bucuresti\/politistii-capitalei-au-confiscat-peste-24-tone-de-petarde-si-artificii\/"]}]},{"@type":"ImageObject","inLanguage":"en-GB","@id":"https:\/\/buletin.de\/bucuresti\/politistii-capitalei-au-confiscat-peste-24-tone-de-petarde-si-artificii\/#primaryimage","url":"https:\/\/buletin.de\/bucuresti\/wp-content\/uploads\/pirrrrrr.jpeg","contentUrl":"https:\/\/buletin.de\/bucuresti\/wp-content\/uploads\/pirrrrrr.jpeg","width":723,"height":1600},{"@type":"BreadcrumbList","@id":"https:\/\/buletin.de\/bucuresti\/politistii-capitalei-au-confiscat-peste-24-tone-de-petarde-si-artificii\/#breadcrumb","itemListElement":[{"@type":"ListItem","position":1,"name":"Acas\u0103","item":"https:\/\/buletin.de\/bucuresti\/"},{"@type":"ListItem","position":2,"name":"Poli\u021bi\u0219tii Capitalei au confiscat peste 2.4 tone de petarde \u0219i artificii"}]},{"@type":"WebSite","@id":"https:\/\/buletin.de\/bucuresti\/#website","url":"https:\/\/buletin.de\/bucuresti\/","name":"Buletin de Bucure\u0219ti","description":"\u0218tiri \u0219i investiga\u021bii esen\u021biale din capital\u0103","publisher":{"@id":"https:\/\/buletin.de\/bucuresti\/#organization"},"potentialAction":[{"@type":"SearchAction","target":{"@type":"EntryPoint","urlTemplate":"https:\/\/buletin.de\/bucuresti\/?s={search_term_string}"},"query-input":{"@type":"PropertyValueSpecification","valueRequired":true,"valueName":"search_term_string"}}],"inLanguage":"en-GB"},{"@type":"Organization","@id":"https:\/\/buletin.de\/bucuresti\/#organization","name":"Buletin de Bucure\u0219ti","url":"https:\/\/buletin.de\/bucuresti\/","logo":{"@type":"ImageObject","inLanguage":"en-GB","@id":"https:\/\/buletin.de\/bucuresti\/#\/schema\/logo\/image\/","url":"https:\/\/buletin.de\/bucuresti\/wp-content\/uploads\/logo-bdb-full-wide-vernil-transparent.png","contentUrl":"https:\/\/buletin.de\/bucuresti\/wp-content\/uploads\/logo-bdb-full-wide-vernil-transparent.png","width":1782,"height":626,"caption":"Buletin de Bucure\u0219ti"},"image":{"@id":"https:\/\/buletin.de\/bucuresti\/#\/schema\/logo\/image\/"},"sameAs":["https:\/\/www.facebook.com\/buletin.de.buc","https:\/\/www.instagram.com\/buletinde.bucuresti\/"]},{"@type":"Person","@id":"https:\/\/buletin.de\/bucuresti\/#\/schema\/person\/87734700b2c7f8608881f7e93b8834de","name":"Andreea Gelatu","image":{"@type":"ImageObject","inLanguage":"en-GB","@id":"https:\/\/secure.gravatar.com\/avatar\/b716eca2f984b9b65bdd87118b4b909d940b619cbe6e8cb725fe11c1b1f4194f?s=96&d=monsterid&r=g9b5eff4996c6b842a29b3057a7b4746f","url":"https:\/\/secure.gravatar.com\/avatar\/b716eca2f984b9b65bdd87118b4b909d940b619cbe6e8cb725fe11c1b1f4194f?s=96&d=monsterid&r=g","contentUrl":"https:\/\/secure.gravatar.com\/avatar\/b716eca2f984b9b65bdd87118b4b909d940b619cbe6e8cb725fe11c1b1f4194f?s=96&d=monsterid&r=g","caption":"Andreea Gelatu"},"url":"https:\/\/buletin.de\/bucuresti\/author\/andreeagelatu\/"}]}},"authors":[{"term_id":22605,"user_id":46,"is_guest":0,"slug":"andreeagelatu","display_name":"Andreea Gelatu","avatar_url":"https:\/\/secure.gravatar.com\/avatar\/b716eca2f984b9b65bdd87118b4b909d940b619cbe6e8cb725fe11c1b1f4194f?s=96&d=monsterid&r=g","0":null,"1":"","2":"","3":"","4":"","5":"","6":"","7":"","8":""}],"_links":{"self":[{"href":"https:\/\/buletin.de\/bucuresti\/wp-json\/wp\/v2\/posts\/50504","targetHints":{"allow":["GET"]}}],"collection":[{"href":"https:\/\/buletin.de\/bucuresti\/wp-json\/wp\/v2\/posts"}],"about":[{"href":"https:\/\/buletin.de\/bucuresti\/wp-json\/wp\/v2\/types\/post"}],"author":[{"embeddable":true,"href":"https:\/\/buletin.de\/bucuresti\/wp-json\/wp\/v2\/users\/46"}],"replies":[{"embeddable":true,"href":"https:\/\/buletin.de\/bucuresti\/wp-json\/wp\/v2\/comments?post=50504"}],"version-history":[{"count":4,"href":"https:\/\/buletin.de\/bucuresti\/wp-json\/wp\/v2\/posts\/50504\/revisions"}],"predecessor-version":[{"id":50549,"href":"https:\/\/buletin.de\/bucuresti\/wp-json\/wp\/v2\/posts\/50504\/revisions\/50549"}],"wp:featuredmedia":[{"embeddable":true,"href":"https:\/\/buletin.de\/bucuresti\/wp-json\/wp\/v2\/media\/50509"}],"wp:attachment":[{"href":"https:\/\/buletin.de\/bucuresti\/wp-json\/wp\/v2\/media?parent=50504"}],"wp:term":[{"taxonomy":"category","embeddable":true,"href":"https:\/\/buletin.de\/bucuresti\/wp-json\/wp\/v2\/categories?post=50504"},{"taxonomy":"post_tag","embeddable":true,"href":"https:\/\/buletin.de\/bucuresti\/wp-json\/wp\/v2\/tags?post=50504"},{"taxonomy":"author","embeddable":true,"href":"https:\/\/buletin.de\/bucuresti\/wp-json\/wp\/v2\/ppma_author?post=50504"}],"curies":[{"name":"wp","href":"https:\/\/api.w.org\/{rel}","templated":true}]}}