{"id":50493,"date":"2022-12-28T17:44:59","date_gmt":"2022-12-28T15:44:59","guid":{"rendered":"https:\/\/buletin.de\/bucuresti\/?p=50493"},"modified":"2022-12-28T17:45:00","modified_gmt":"2022-12-28T15:45:00","slug":"hala-terminal-din-piata-obor-va-fi-modernizata-investitie-totala-de-57-milioane-de-lei","status":"publish","type":"post","link":"https:\/\/buletin.de\/bucuresti\/hala-terminal-din-piata-obor-va-fi-modernizata-investitie-totala-de-57-milioane-de-lei\/","title":{"rendered":"Hala Terminal din Pia\u021ba Obor va fi modernizat\u0103. Investi\u021bie total\u0103 de 5,7 milioane de lei"},"content":{"rendered":"\n<p>Hala Terminal din Pia\u021ba Obor va fi reparat\u0103, modernizat\u0103 \u0219i recompartimentat\u0103. Lucr\u0103rile vor viza at\u00e2t interiorul, c\u00e2t \u0219i exteriorul cl\u0103dirii. Vor fi \u00eenlocuite termopanele \u0219i ref\u0103cute par\u021bial instala\u021biile sanitare, electrice \u0219i termice, anun\u021b\u0103 Prim\u0103ria Sectorului 2. <\/p>\n\n\n\n<p>Valoarea total\u0103 a investi\u021biei este de 5,7 milioane de lei, iar lucr\u0103rile vor fi efectuate pe o suprafa\u021b\u0103 de 2284 de metri p\u0103tra\u021bi. Durata de execu\u021bie a repara\u021biilor este de 10 luni, din momentul \u00eenceperii lucr\u0103rilor.<\/p>\n\n\n\n<figure class=\"wp-block-image size-large\"><img fetchpriority=\"high\" decoding=\"async\" width=\"900\" height=\"507\" src=\"data:image\/gif;base64,R0lGODlhAQABAAAAACH5BAEKAAEALAAAAAABAAEAAAICTAEAOw==\" data-src=\"https:\/\/buletin.de\/bucuresti\/wp-content\/uploads\/obor-1-900x507.jpg\" alt=\"\" class=\"wp-image-50502 lazyload\" data-sizes=\"auto\" data-srcset=\"https:\/\/buletin.de\/bucuresti\/wp-content\/uploads\/obor-1-900x507.jpg 900w, https:\/\/buletin.de\/bucuresti\/wp-content\/uploads\/obor-1-300x169.jpg 300w, https:\/\/buletin.de\/bucuresti\/wp-content\/uploads\/obor-1-768x432.jpg 768w, https:\/\/buletin.de\/bucuresti\/wp-content\/uploads\/obor-1-1060x597.jpg 1060w, https:\/\/buletin.de\/bucuresti\/wp-content\/uploads\/obor-1-550x310.jpg 550w, https:\/\/buletin.de\/bucuresti\/wp-content\/uploads\/obor-1-888x500.jpg 888w, https:\/\/buletin.de\/bucuresti\/wp-content\/uploads\/obor-1-600x338.jpg 600w, https:\/\/buletin.de\/bucuresti\/wp-content\/uploads\/obor-1.jpg 1215w\" sizes=\"(max-width: 900px) 100vw, 900px\" \/><figcaption>Surs\u0103: Facebook, Prim\u0103ria Sectorului 2<\/figcaption><\/figure>\n\n\n\n<p><strong>De 22 de ani, Hala Terminal din Pia\u021ba Obor nu a mai fost modernizat\u0103<\/strong><\/p>\n\n\n\n<p>Hala Terminal a fost construit\u0103 \u00eentre anii 1999-2000. De 22 de ani, cl\u0103direa nu a mai fost modernizat\u0103, fapt care a dus la degradarea acesteia. <\/p>\n\n\n\n<p>\u201e\u00cen acest moment, comer\u021bul din Hala Terminal este perturbat de scurgerile de ap\u0103 din tavanul cl\u0103dirii, de temperaturile sc\u0103zute din anotimpul friguros, dar \u0219i de prezen\u021ba mucegaiului. La mezanin, angaja\u021bii administra\u021biei pie\u021belor Sectorul 2 \u00ee\u0219i desf\u0103\u0219oar\u0103 activitatea \u00een birouri necorespunz\u0103toare, cu inunda\u021bii, mucegai \u0219i instala\u021bii sanitare defecte.\u201d, precizeaz\u0103 Prim\u0103ria Sectorului 2. <\/p>\n\n\n\n<p>Lucr\u0103rile de repara\u021bii vor fi executate cu scopul de a opri degradarea imobilului, dar \u0219i pentru a aduce cl\u0103direa la standardele actuale de utilizare.<\/p>\n\n\n\n<p>\u201eAt\u00e2t cump\u0103r\u0103torii, c\u00e2t \u0219i comercian\u021bii \u0219i angaja\u021bii care \u00ee\u0219i desf\u0103\u0219oar\u0103 activitatea \u00een Hala Terminal se vor bucura de mai mult confort dup\u0103 finalizarea lucr\u0103rilor.\u201d, men\u021bioneaz\u0103 Prim\u0103ria Sectorului 2.<\/p>\n","protected":false},"excerpt":{"rendered":"<p>Hala Terminal din Pia\u021ba Obor va fi reparat\u0103, modernizat\u0103 \u0219i recompartimentat\u0103. Lucr\u0103rile vor viza at\u00e2t interiorul, c\u00e2t \u0219i exteriorul cl\u0103dirii. Vor fi \u00eenlocuite termopanele \u0219i ref\u0103cute par\u021bial instala\u021biile sanitare, electrice \u0219i termice, anun\u021b\u0103 Prim\u0103ria Sectorului 2. Valoarea total\u0103 a investi\u021biei este de 5,7 milioane de lei, iar lucr\u0103rile vor fi efectuate pe o suprafa\u021b\u0103 de [&hellip;]<\/p>\n","protected":false},"author":46,"featured_media":50494,"comment_status":"closed","ping_status":"open","sticky":false,"template":"","format":"standard","meta":{"_acf_changed":false,"inline_featured_image":false,"ngg_post_thumbnail":0,"footnotes":""},"categories":[62],"tags":[],"ppma_author":[22605],"class_list":["post-50493","post","type-post","status-publish","format-standard","has-post-thumbnail","hentry","category-stiri"],"acf":[],"yoast_head":"<!-- This site is optimized with the Yoast SEO Premium plugin v25.3 (Yoast SEO v27.4) - https:\/\/yoast.com\/product\/yoast-seo-premium-wordpress\/ -->\n<title>Hala Terminal din Pia\u021ba Obor va fi modernizat\u0103. Investi\u021bie total\u0103 de 5,7 milioane de lei - Buletin de Bucure\u0219ti<\/title>\n<meta name=\"robots\" content=\"index, follow, max-snippet:-1, max-image-preview:large, max-video-preview:-1\" \/>\n<link rel=\"canonical\" href=\"https:\/\/buletin.de\/bucuresti\/hala-terminal-din-piata-obor-va-fi-modernizata-investitie-totala-de-57-milioane-de-lei\/\" \/>\n<meta property=\"og:locale\" content=\"en_GB\" \/>\n<meta property=\"og:type\" content=\"article\" \/>\n<meta property=\"og:title\" content=\"Hala Terminal din Pia\u021ba Obor va fi modernizat\u0103. Investi\u021bie total\u0103 de 5,7 milioane de lei\" \/>\n<meta property=\"og:description\" content=\"Hala Terminal din Pia\u021ba Obor va fi reparat\u0103, modernizat\u0103 \u0219i recompartimentat\u0103. Lucr\u0103rile vor viza at\u00e2t interiorul, c\u00e2t \u0219i exteriorul cl\u0103dirii. Vor fi \u00eenlocuite termopanele \u0219i ref\u0103cute par\u021bial instala\u021biile sanitare, electrice \u0219i termice, anun\u021b\u0103 Prim\u0103ria Sectorului 2. Valoarea total\u0103 a investi\u021biei este de 5,7 milioane de lei, iar lucr\u0103rile vor fi efectuate pe o suprafa\u021b\u0103 de [&hellip;]\" \/>\n<meta property=\"og:url\" content=\"https:\/\/buletin.de\/bucuresti\/hala-terminal-din-piata-obor-va-fi-modernizata-investitie-totala-de-57-milioane-de-lei\/\" \/>\n<meta property=\"og:site_name\" content=\"Buletin de Bucure\u0219ti\" \/>\n<meta property=\"article:publisher\" content=\"https:\/\/www.facebook.com\/buletin.de.buc\" \/>\n<meta property=\"article:published_time\" content=\"2022-12-28T15:44:59+00:00\" \/>\n<meta property=\"article:modified_time\" content=\"2022-12-28T15:45:00+00:00\" \/>\n<meta property=\"og:image\" content=\"https:\/\/buletin.de\/bucuresti\/wp-content\/uploads\/obor.jpg\" \/>\n\t<meta property=\"og:image:width\" content=\"1215\" \/>\n\t<meta property=\"og:image:height\" content=\"684\" \/>\n\t<meta property=\"og:image:type\" content=\"image\/jpeg\" \/>\n<meta name=\"author\" content=\"Andreea Gelatu\" \/>\n<meta name=\"twitter:card\" content=\"summary_large_image\" \/>\n<meta name=\"twitter:label1\" content=\"Written by\" \/>\n\t<meta name=\"twitter:data1\" content=\"Andreea Gelatu\" \/>\n\t<meta name=\"twitter:label2\" content=\"Estimated reading time\" \/>\n\t<meta name=\"twitter:data2\" content=\"2 minutes\" \/>\n<script type=\"application\/ld+json\" class=\"yoast-schema-graph\">{\"@context\":\"https:\\\/\\\/schema.org\",\"@graph\":[{\"@type\":\"Article\",\"@id\":\"https:\\\/\\\/buletin.de\\\/bucuresti\\\/hala-terminal-din-piata-obor-va-fi-modernizata-investitie-totala-de-57-milioane-de-lei\\\/#article\",\"isPartOf\":{\"@id\":\"https:\\\/\\\/buletin.de\\\/bucuresti\\\/hala-terminal-din-piata-obor-va-fi-modernizata-investitie-totala-de-57-milioane-de-lei\\\/\"},\"author\":{\"name\":\"Andreea Gelatu\",\"@id\":\"https:\\\/\\\/buletin.de\\\/bucuresti\\\/#\\\/schema\\\/person\\\/87734700b2c7f8608881f7e93b8834de\"},\"headline\":\"Hala Terminal din Pia\u021ba Obor va fi modernizat\u0103. Investi\u021bie total\u0103 de 5,7 milioane de lei\",\"datePublished\":\"2022-12-28T15:44:59+00:00\",\"dateModified\":\"2022-12-28T15:45:00+00:00\",\"mainEntityOfPage\":{\"@id\":\"https:\\\/\\\/buletin.de\\\/bucuresti\\\/hala-terminal-din-piata-obor-va-fi-modernizata-investitie-totala-de-57-milioane-de-lei\\\/\"},\"wordCount\":269,\"publisher\":{\"@id\":\"https:\\\/\\\/buletin.de\\\/bucuresti\\\/#organization\"},\"image\":{\"@id\":\"https:\\\/\\\/buletin.de\\\/bucuresti\\\/hala-terminal-din-piata-obor-va-fi-modernizata-investitie-totala-de-57-milioane-de-lei\\\/#primaryimage\"},\"thumbnailUrl\":\"https:\\\/\\\/buletin.de\\\/bucuresti\\\/wp-content\\\/uploads\\\/obor.jpg\",\"articleSection\":[\"\u0218tiri\"],\"inLanguage\":\"en-GB\",\"copyrightYear\":\"2022\",\"copyrightHolder\":{\"@id\":\"https:\\\/\\\/buletin.de\\\/bucuresti\\\/#organization\"}},{\"@type\":\"WebPage\",\"@id\":\"https:\\\/\\\/buletin.de\\\/bucuresti\\\/hala-terminal-din-piata-obor-va-fi-modernizata-investitie-totala-de-57-milioane-de-lei\\\/\",\"url\":\"https:\\\/\\\/buletin.de\\\/bucuresti\\\/hala-terminal-din-piata-obor-va-fi-modernizata-investitie-totala-de-57-milioane-de-lei\\\/\",\"name\":\"Hala Terminal din Pia\u021ba Obor va fi modernizat\u0103. Investi\u021bie total\u0103 de 5,7 milioane de lei - Buletin de Bucure\u0219ti\",\"isPartOf\":{\"@id\":\"https:\\\/\\\/buletin.de\\\/bucuresti\\\/#website\"},\"primaryImageOfPage\":{\"@id\":\"https:\\\/\\\/buletin.de\\\/bucuresti\\\/hala-terminal-din-piata-obor-va-fi-modernizata-investitie-totala-de-57-milioane-de-lei\\\/#primaryimage\"},\"image\":{\"@id\":\"https:\\\/\\\/buletin.de\\\/bucuresti\\\/hala-terminal-din-piata-obor-va-fi-modernizata-investitie-totala-de-57-milioane-de-lei\\\/#primaryimage\"},\"thumbnailUrl\":\"https:\\\/\\\/buletin.de\\\/bucuresti\\\/wp-content\\\/uploads\\\/obor.jpg\",\"datePublished\":\"2022-12-28T15:44:59+00:00\",\"dateModified\":\"2022-12-28T15:45:00+00:00\",\"breadcrumb\":{\"@id\":\"https:\\\/\\\/buletin.de\\\/bucuresti\\\/hala-terminal-din-piata-obor-va-fi-modernizata-investitie-totala-de-57-milioane-de-lei\\\/#breadcrumb\"},\"inLanguage\":\"en-GB\",\"potentialAction\":[{\"@type\":\"ReadAction\",\"target\":[\"https:\\\/\\\/buletin.de\\\/bucuresti\\\/hala-terminal-din-piata-obor-va-fi-modernizata-investitie-totala-de-57-milioane-de-lei\\\/\"]}]},{\"@type\":\"ImageObject\",\"inLanguage\":\"en-GB\",\"@id\":\"https:\\\/\\\/buletin.de\\\/bucuresti\\\/hala-terminal-din-piata-obor-va-fi-modernizata-investitie-totala-de-57-milioane-de-lei\\\/#primaryimage\",\"url\":\"https:\\\/\\\/buletin.de\\\/bucuresti\\\/wp-content\\\/uploads\\\/obor.jpg\",\"contentUrl\":\"https:\\\/\\\/buletin.de\\\/bucuresti\\\/wp-content\\\/uploads\\\/obor.jpg\",\"width\":1215,\"height\":684},{\"@type\":\"BreadcrumbList\",\"@id\":\"https:\\\/\\\/buletin.de\\\/bucuresti\\\/hala-terminal-din-piata-obor-va-fi-modernizata-investitie-totala-de-57-milioane-de-lei\\\/#breadcrumb\",\"itemListElement\":[{\"@type\":\"ListItem\",\"position\":1,\"name\":\"Acas\u0103\",\"item\":\"https:\\\/\\\/buletin.de\\\/bucuresti\\\/\"},{\"@type\":\"ListItem\",\"position\":2,\"name\":\"Hala Terminal din Pia\u021ba Obor va fi modernizat\u0103. Investi\u021bie total\u0103 de 5,7 milioane de lei\"}]},{\"@type\":\"WebSite\",\"@id\":\"https:\\\/\\\/buletin.de\\\/bucuresti\\\/#website\",\"url\":\"https:\\\/\\\/buletin.de\\\/bucuresti\\\/\",\"name\":\"Buletin de Bucure\u0219ti\",\"description\":\"\u0218tiri \u0219i investiga\u021bii esen\u021biale din capital\u0103\",\"publisher\":{\"@id\":\"https:\\\/\\\/buletin.de\\\/bucuresti\\\/#organization\"},\"potentialAction\":[{\"@type\":\"SearchAction\",\"target\":{\"@type\":\"EntryPoint\",\"urlTemplate\":\"https:\\\/\\\/buletin.de\\\/bucuresti\\\/?s={search_term_string}\"},\"query-input\":{\"@type\":\"PropertyValueSpecification\",\"valueRequired\":true,\"valueName\":\"search_term_string\"}}],\"inLanguage\":\"en-GB\"},{\"@type\":\"Organization\",\"@id\":\"https:\\\/\\\/buletin.de\\\/bucuresti\\\/#organization\",\"name\":\"Buletin de Bucure\u0219ti\",\"url\":\"https:\\\/\\\/buletin.de\\\/bucuresti\\\/\",\"logo\":{\"@type\":\"ImageObject\",\"inLanguage\":\"en-GB\",\"@id\":\"https:\\\/\\\/buletin.de\\\/bucuresti\\\/#\\\/schema\\\/logo\\\/image\\\/\",\"url\":\"https:\\\/\\\/buletin.de\\\/bucuresti\\\/wp-content\\\/uploads\\\/logo-bdb-full-wide-vernil-transparent.png\",\"contentUrl\":\"https:\\\/\\\/buletin.de\\\/bucuresti\\\/wp-content\\\/uploads\\\/logo-bdb-full-wide-vernil-transparent.png\",\"width\":1782,\"height\":626,\"caption\":\"Buletin de Bucure\u0219ti\"},\"image\":{\"@id\":\"https:\\\/\\\/buletin.de\\\/bucuresti\\\/#\\\/schema\\\/logo\\\/image\\\/\"},\"sameAs\":[\"https:\\\/\\\/www.facebook.com\\\/buletin.de.buc\",\"https:\\\/\\\/www.instagram.com\\\/buletinde.bucuresti\\\/\"]},{\"@type\":\"Person\",\"@id\":\"https:\\\/\\\/buletin.de\\\/bucuresti\\\/#\\\/schema\\\/person\\\/87734700b2c7f8608881f7e93b8834de\",\"name\":\"Andreea Gelatu\",\"image\":{\"@type\":\"ImageObject\",\"inLanguage\":\"en-GB\",\"@id\":\"https:\\\/\\\/secure.gravatar.com\\\/avatar\\\/b716eca2f984b9b65bdd87118b4b909d940b619cbe6e8cb725fe11c1b1f4194f?s=96&d=monsterid&r=g9b5eff4996c6b842a29b3057a7b4746f\",\"url\":\"https:\\\/\\\/secure.gravatar.com\\\/avatar\\\/b716eca2f984b9b65bdd87118b4b909d940b619cbe6e8cb725fe11c1b1f4194f?s=96&d=monsterid&r=g\",\"contentUrl\":\"https:\\\/\\\/secure.gravatar.com\\\/avatar\\\/b716eca2f984b9b65bdd87118b4b909d940b619cbe6e8cb725fe11c1b1f4194f?s=96&d=monsterid&r=g\",\"caption\":\"Andreea Gelatu\"},\"url\":\"https:\\\/\\\/buletin.de\\\/bucuresti\\\/author\\\/andreeagelatu\\\/\"}]}<\/script>\n<!-- \/ Yoast SEO Premium plugin. -->","yoast_head_json":{"title":"Hala Terminal din Pia\u021ba Obor va fi modernizat\u0103. Investi\u021bie total\u0103 de 5,7 milioane de lei - Buletin de Bucure\u0219ti","robots":{"index":"index","follow":"follow","max-snippet":"max-snippet:-1","max-image-preview":"max-image-preview:large","max-video-preview":"max-video-preview:-1"},"canonical":"https:\/\/buletin.de\/bucuresti\/hala-terminal-din-piata-obor-va-fi-modernizata-investitie-totala-de-57-milioane-de-lei\/","og_locale":"en_GB","og_type":"article","og_title":"Hala Terminal din Pia\u021ba Obor va fi modernizat\u0103. Investi\u021bie total\u0103 de 5,7 milioane de lei","og_description":"Hala Terminal din Pia\u021ba Obor va fi reparat\u0103, modernizat\u0103 \u0219i recompartimentat\u0103. Lucr\u0103rile vor viza at\u00e2t interiorul, c\u00e2t \u0219i exteriorul cl\u0103dirii. Vor fi \u00eenlocuite termopanele \u0219i ref\u0103cute par\u021bial instala\u021biile sanitare, electrice \u0219i termice, anun\u021b\u0103 Prim\u0103ria Sectorului 2. Valoarea total\u0103 a investi\u021biei este de 5,7 milioane de lei, iar lucr\u0103rile vor fi efectuate pe o suprafa\u021b\u0103 de [&hellip;]","og_url":"https:\/\/buletin.de\/bucuresti\/hala-terminal-din-piata-obor-va-fi-modernizata-investitie-totala-de-57-milioane-de-lei\/","og_site_name":"Buletin de Bucure\u0219ti","article_publisher":"https:\/\/www.facebook.com\/buletin.de.buc","article_published_time":"2022-12-28T15:44:59+00:00","article_modified_time":"2022-12-28T15:45:00+00:00","og_image":[{"width":1215,"height":684,"url":"https:\/\/buletin.de\/bucuresti\/wp-content\/uploads\/obor.jpg","type":"image\/jpeg"}],"author":"Andreea Gelatu","twitter_card":"summary_large_image","twitter_misc":{"Written by":"Andreea Gelatu","Estimated reading time":"2 minutes"},"schema":{"@context":"https:\/\/schema.org","@graph":[{"@type":"Article","@id":"https:\/\/buletin.de\/bucuresti\/hala-terminal-din-piata-obor-va-fi-modernizata-investitie-totala-de-57-milioane-de-lei\/#article","isPartOf":{"@id":"https:\/\/buletin.de\/bucuresti\/hala-terminal-din-piata-obor-va-fi-modernizata-investitie-totala-de-57-milioane-de-lei\/"},"author":{"name":"Andreea Gelatu","@id":"https:\/\/buletin.de\/bucuresti\/#\/schema\/person\/87734700b2c7f8608881f7e93b8834de"},"headline":"Hala Terminal din Pia\u021ba Obor va fi modernizat\u0103. Investi\u021bie total\u0103 de 5,7 milioane de lei","datePublished":"2022-12-28T15:44:59+00:00","dateModified":"2022-12-28T15:45:00+00:00","mainEntityOfPage":{"@id":"https:\/\/buletin.de\/bucuresti\/hala-terminal-din-piata-obor-va-fi-modernizata-investitie-totala-de-57-milioane-de-lei\/"},"wordCount":269,"publisher":{"@id":"https:\/\/buletin.de\/bucuresti\/#organization"},"image":{"@id":"https:\/\/buletin.de\/bucuresti\/hala-terminal-din-piata-obor-va-fi-modernizata-investitie-totala-de-57-milioane-de-lei\/#primaryimage"},"thumbnailUrl":"https:\/\/buletin.de\/bucuresti\/wp-content\/uploads\/obor.jpg","articleSection":["\u0218tiri"],"inLanguage":"en-GB","copyrightYear":"2022","copyrightHolder":{"@id":"https:\/\/buletin.de\/bucuresti\/#organization"}},{"@type":"WebPage","@id":"https:\/\/buletin.de\/bucuresti\/hala-terminal-din-piata-obor-va-fi-modernizata-investitie-totala-de-57-milioane-de-lei\/","url":"https:\/\/buletin.de\/bucuresti\/hala-terminal-din-piata-obor-va-fi-modernizata-investitie-totala-de-57-milioane-de-lei\/","name":"Hala Terminal din Pia\u021ba Obor va fi modernizat\u0103. Investi\u021bie total\u0103 de 5,7 milioane de lei - Buletin de Bucure\u0219ti","isPartOf":{"@id":"https:\/\/buletin.de\/bucuresti\/#website"},"primaryImageOfPage":{"@id":"https:\/\/buletin.de\/bucuresti\/hala-terminal-din-piata-obor-va-fi-modernizata-investitie-totala-de-57-milioane-de-lei\/#primaryimage"},"image":{"@id":"https:\/\/buletin.de\/bucuresti\/hala-terminal-din-piata-obor-va-fi-modernizata-investitie-totala-de-57-milioane-de-lei\/#primaryimage"},"thumbnailUrl":"https:\/\/buletin.de\/bucuresti\/wp-content\/uploads\/obor.jpg","datePublished":"2022-12-28T15:44:59+00:00","dateModified":"2022-12-28T15:45:00+00:00","breadcrumb":{"@id":"https:\/\/buletin.de\/bucuresti\/hala-terminal-din-piata-obor-va-fi-modernizata-investitie-totala-de-57-milioane-de-lei\/#breadcrumb"},"inLanguage":"en-GB","potentialAction":[{"@type":"ReadAction","target":["https:\/\/buletin.de\/bucuresti\/hala-terminal-din-piata-obor-va-fi-modernizata-investitie-totala-de-57-milioane-de-lei\/"]}]},{"@type":"ImageObject","inLanguage":"en-GB","@id":"https:\/\/buletin.de\/bucuresti\/hala-terminal-din-piata-obor-va-fi-modernizata-investitie-totala-de-57-milioane-de-lei\/#primaryimage","url":"https:\/\/buletin.de\/bucuresti\/wp-content\/uploads\/obor.jpg","contentUrl":"https:\/\/buletin.de\/bucuresti\/wp-content\/uploads\/obor.jpg","width":1215,"height":684},{"@type":"BreadcrumbList","@id":"https:\/\/buletin.de\/bucuresti\/hala-terminal-din-piata-obor-va-fi-modernizata-investitie-totala-de-57-milioane-de-lei\/#breadcrumb","itemListElement":[{"@type":"ListItem","position":1,"name":"Acas\u0103","item":"https:\/\/buletin.de\/bucuresti\/"},{"@type":"ListItem","position":2,"name":"Hala Terminal din Pia\u021ba Obor va fi modernizat\u0103. Investi\u021bie total\u0103 de 5,7 milioane de lei"}]},{"@type":"WebSite","@id":"https:\/\/buletin.de\/bucuresti\/#website","url":"https:\/\/buletin.de\/bucuresti\/","name":"Buletin de Bucure\u0219ti","description":"\u0218tiri \u0219i investiga\u021bii esen\u021biale din capital\u0103","publisher":{"@id":"https:\/\/buletin.de\/bucuresti\/#organization"},"potentialAction":[{"@type":"SearchAction","target":{"@type":"EntryPoint","urlTemplate":"https:\/\/buletin.de\/bucuresti\/?s={search_term_string}"},"query-input":{"@type":"PropertyValueSpecification","valueRequired":true,"valueName":"search_term_string"}}],"inLanguage":"en-GB"},{"@type":"Organization","@id":"https:\/\/buletin.de\/bucuresti\/#organization","name":"Buletin de Bucure\u0219ti","url":"https:\/\/buletin.de\/bucuresti\/","logo":{"@type":"ImageObject","inLanguage":"en-GB","@id":"https:\/\/buletin.de\/bucuresti\/#\/schema\/logo\/image\/","url":"https:\/\/buletin.de\/bucuresti\/wp-content\/uploads\/logo-bdb-full-wide-vernil-transparent.png","contentUrl":"https:\/\/buletin.de\/bucuresti\/wp-content\/uploads\/logo-bdb-full-wide-vernil-transparent.png","width":1782,"height":626,"caption":"Buletin de Bucure\u0219ti"},"image":{"@id":"https:\/\/buletin.de\/bucuresti\/#\/schema\/logo\/image\/"},"sameAs":["https:\/\/www.facebook.com\/buletin.de.buc","https:\/\/www.instagram.com\/buletinde.bucuresti\/"]},{"@type":"Person","@id":"https:\/\/buletin.de\/bucuresti\/#\/schema\/person\/87734700b2c7f8608881f7e93b8834de","name":"Andreea Gelatu","image":{"@type":"ImageObject","inLanguage":"en-GB","@id":"https:\/\/secure.gravatar.com\/avatar\/b716eca2f984b9b65bdd87118b4b909d940b619cbe6e8cb725fe11c1b1f4194f?s=96&d=monsterid&r=g9b5eff4996c6b842a29b3057a7b4746f","url":"https:\/\/secure.gravatar.com\/avatar\/b716eca2f984b9b65bdd87118b4b909d940b619cbe6e8cb725fe11c1b1f4194f?s=96&d=monsterid&r=g","contentUrl":"https:\/\/secure.gravatar.com\/avatar\/b716eca2f984b9b65bdd87118b4b909d940b619cbe6e8cb725fe11c1b1f4194f?s=96&d=monsterid&r=g","caption":"Andreea Gelatu"},"url":"https:\/\/buletin.de\/bucuresti\/author\/andreeagelatu\/"}]}},"authors":[{"term_id":22605,"user_id":46,"is_guest":0,"slug":"andreeagelatu","display_name":"Andreea Gelatu","avatar_url":"https:\/\/secure.gravatar.com\/avatar\/b716eca2f984b9b65bdd87118b4b909d940b619cbe6e8cb725fe11c1b1f4194f?s=96&d=monsterid&r=g","0":null,"1":"","2":"","3":"","4":"","5":"","6":"","7":"","8":""}],"_links":{"self":[{"href":"https:\/\/buletin.de\/bucuresti\/wp-json\/wp\/v2\/posts\/50493","targetHints":{"allow":["GET"]}}],"collection":[{"href":"https:\/\/buletin.de\/bucuresti\/wp-json\/wp\/v2\/posts"}],"about":[{"href":"https:\/\/buletin.de\/bucuresti\/wp-json\/wp\/v2\/types\/post"}],"author":[{"embeddable":true,"href":"https:\/\/buletin.de\/bucuresti\/wp-json\/wp\/v2\/users\/46"}],"replies":[{"embeddable":true,"href":"https:\/\/buletin.de\/bucuresti\/wp-json\/wp\/v2\/comments?post=50493"}],"version-history":[{"count":1,"href":"https:\/\/buletin.de\/bucuresti\/wp-json\/wp\/v2\/posts\/50493\/revisions"}],"predecessor-version":[{"id":50503,"href":"https:\/\/buletin.de\/bucuresti\/wp-json\/wp\/v2\/posts\/50493\/revisions\/50503"}],"wp:featuredmedia":[{"embeddable":true,"href":"https:\/\/buletin.de\/bucuresti\/wp-json\/wp\/v2\/media\/50494"}],"wp:attachment":[{"href":"https:\/\/buletin.de\/bucuresti\/wp-json\/wp\/v2\/media?parent=50493"}],"wp:term":[{"taxonomy":"category","embeddable":true,"href":"https:\/\/buletin.de\/bucuresti\/wp-json\/wp\/v2\/categories?post=50493"},{"taxonomy":"post_tag","embeddable":true,"href":"https:\/\/buletin.de\/bucuresti\/wp-json\/wp\/v2\/tags?post=50493"},{"taxonomy":"author","embeddable":true,"href":"https:\/\/buletin.de\/bucuresti\/wp-json\/wp\/v2\/ppma_author?post=50493"}],"curies":[{"name":"wp","href":"https:\/\/api.w.org\/{rel}","templated":true}]}}