{"id":50485,"date":"2022-12-28T15:53:13","date_gmt":"2022-12-28T13:53:13","guid":{"rendered":"https:\/\/buletin.de\/bucuresti\/?p=50485"},"modified":"2022-12-28T15:53:14","modified_gmt":"2022-12-28T13:53:14","slug":"1-200-de-catei-au-fost-dati-spre-adoptie-anul-acesta-in-capitala","status":"publish","type":"post","link":"https:\/\/buletin.de\/bucuresti\/1-200-de-catei-au-fost-dati-spre-adoptie-anul-acesta-in-capitala\/","title":{"rendered":"1 200 de c\u0103\u021bei au fost da\u021bi spre adop\u021bie anul acesta \u00een Capital\u0103"},"content":{"rendered":"\n<p>Prim\u0103ria Municipiului Bucure\u0219ti, prin Autoritatea pentru Supravegherea \u0219i Protec\u021bia Animalelor (ASPA), a dat spre adop\u021bie 1200 de c\u0103\u021bei \u00een 2022. Animalele de companie au ajuns \u00een familii iubitoare \u0219i responsabile.<\/p>\n\n\n\n<p> Animalele de companie au fost adoptate \u00een cadrul celor 30 de t\u00e2rguri organizate \u00een Bucure\u0219ti \u0219i \u00een Ilfov. C\u00e2teva dintre aceste loca\u021bii au fost Arena Na\u021bional\u0103 (unde a avut loc cel mai mare t\u00e2rg din istoria ASPA), Centrul de Cultur\u0103 din Mogo\u0219oaia, Gr\u0103dina de Var\u0103 din Her\u0103str\u0103u \u0219i Circul Metropolitan Bucure\u0219ti (care a g\u0103zduit un t\u00e2rg online pentru c\u0103\u021beii seniori).<\/p>\n\n\n\n<p>Persoane publice precum Maia Morgenstern, Dan Teodorescu, Corina B\u0103canu, Mihai Morar, Melania Medeleanu, Bogdan Dr\u0103cea, Marian R\u00eelea \u0219i Iulia Albu au promovat \u0219i au participat la aceste evenimente.<\/p>\n\n\n\n<p>\u201eCu to\u021bii au ajuns \u00een mijlocul unor familii iubitoare \u0219i responsabile, c\u0103rora le mul\u021bumesc pentru gestul lor (&#8230;) Le mul\u021bumesc tuturor! De asemenea, le mul\u021bumesc sponsorilor care au fost mereu al\u0103turi de noi. \u00cen 2023 vom continua campaniile de adop\u021bii, astfel \u00eenc\u00e2t num\u0103rul c\u0103\u021beilor din ad\u0103posturi s\u0103 fie c\u00e2t mai mic\u201d, a scris Nicu\u0219or Dan pe pagina sa de Facebook.<br><br>Surs\u0103 foto: Pagina de Facebook Prim\u0103ria Municipiului Bucure\u0219ti<\/p>\n","protected":false},"excerpt":{"rendered":"<p>Prim\u0103ria Municipiului Bucure\u0219ti, prin Autoritatea pentru Supravegherea \u0219i Protec\u021bia Animalelor (ASPA), a dat spre adop\u021bie 1200 de c\u0103\u021bei \u00een 2022. Animalele de companie au ajuns \u00een familii iubitoare \u0219i responsabile. Animalele de companie au fost adoptate \u00een cadrul celor 30 de t\u00e2rguri organizate \u00een Bucure\u0219ti \u0219i \u00een Ilfov. C\u00e2teva dintre aceste loca\u021bii au fost Arena [&hellip;]<\/p>\n","protected":false},"author":45,"featured_media":50487,"comment_status":"closed","ping_status":"open","sticky":false,"template":"","format":"standard","meta":{"_acf_changed":false,"inline_featured_image":false,"ngg_post_thumbnail":0,"footnotes":""},"categories":[62],"tags":[],"ppma_author":[22604],"class_list":["post-50485","post","type-post","status-publish","format-standard","has-post-thumbnail","hentry","category-stiri"],"acf":[],"yoast_head":"<!-- This site is optimized with the Yoast SEO Premium plugin v25.3 (Yoast SEO v27.4) - https:\/\/yoast.com\/product\/yoast-seo-premium-wordpress\/ -->\n<title>1 200 de c\u0103\u021bei au fost da\u021bi spre adop\u021bie anul acesta \u00een Capital\u0103 - Buletin de Bucure\u0219ti<\/title>\n<meta name=\"robots\" content=\"index, follow, max-snippet:-1, max-image-preview:large, max-video-preview:-1\" \/>\n<link rel=\"canonical\" href=\"https:\/\/buletin.de\/bucuresti\/1-200-de-catei-au-fost-dati-spre-adoptie-anul-acesta-in-capitala\/\" \/>\n<meta property=\"og:locale\" content=\"en_GB\" \/>\n<meta property=\"og:type\" content=\"article\" \/>\n<meta property=\"og:title\" content=\"1 200 de c\u0103\u021bei au fost da\u021bi spre adop\u021bie anul acesta \u00een Capital\u0103\" \/>\n<meta property=\"og:description\" content=\"Prim\u0103ria Municipiului Bucure\u0219ti, prin Autoritatea pentru Supravegherea \u0219i Protec\u021bia Animalelor (ASPA), a dat spre adop\u021bie 1200 de c\u0103\u021bei \u00een 2022. Animalele de companie au ajuns \u00een familii iubitoare \u0219i responsabile. Animalele de companie au fost adoptate \u00een cadrul celor 30 de t\u00e2rguri organizate \u00een Bucure\u0219ti \u0219i \u00een Ilfov. C\u00e2teva dintre aceste loca\u021bii au fost Arena [&hellip;]\" \/>\n<meta property=\"og:url\" content=\"https:\/\/buletin.de\/bucuresti\/1-200-de-catei-au-fost-dati-spre-adoptie-anul-acesta-in-capitala\/\" \/>\n<meta property=\"og:site_name\" content=\"Buletin de Bucure\u0219ti\" \/>\n<meta property=\"article:publisher\" content=\"https:\/\/www.facebook.com\/buletin.de.buc\" \/>\n<meta property=\"article:published_time\" content=\"2022-12-28T13:53:13+00:00\" \/>\n<meta property=\"article:modified_time\" content=\"2022-12-28T13:53:14+00:00\" \/>\n<meta property=\"og:image\" content=\"https:\/\/buletin.de\/bucuresti\/wp-content\/uploads\/320778794_577438304218623_8028772609378804244_n.jpg\" \/>\n\t<meta property=\"og:image:width\" content=\"1600\" \/>\n\t<meta property=\"og:image:height\" content=\"1064\" \/>\n\t<meta property=\"og:image:type\" content=\"image\/jpeg\" \/>\n<meta name=\"author\" content=\"Teodora \u0218uta\" \/>\n<meta name=\"twitter:card\" content=\"summary_large_image\" \/>\n<meta name=\"twitter:label1\" content=\"Written by\" \/>\n\t<meta name=\"twitter:data1\" content=\"Teodora \u0218uta\" \/>\n\t<meta name=\"twitter:label2\" content=\"Estimated reading time\" \/>\n\t<meta name=\"twitter:data2\" content=\"1 minute\" \/>\n<script type=\"application\/ld+json\" class=\"yoast-schema-graph\">{\"@context\":\"https:\\\/\\\/schema.org\",\"@graph\":[{\"@type\":\"Article\",\"@id\":\"https:\\\/\\\/buletin.de\\\/bucuresti\\\/1-200-de-catei-au-fost-dati-spre-adoptie-anul-acesta-in-capitala\\\/#article\",\"isPartOf\":{\"@id\":\"https:\\\/\\\/buletin.de\\\/bucuresti\\\/1-200-de-catei-au-fost-dati-spre-adoptie-anul-acesta-in-capitala\\\/\"},\"author\":{\"name\":\"Teodora \u0218uta\",\"@id\":\"https:\\\/\\\/buletin.de\\\/bucuresti\\\/#\\\/schema\\\/person\\\/5d54908fa90ab7ad3b2e88152efd6845\"},\"headline\":\"1 200 de c\u0103\u021bei au fost da\u021bi spre adop\u021bie anul acesta \u00een Capital\u0103\",\"datePublished\":\"2022-12-28T13:53:13+00:00\",\"dateModified\":\"2022-12-28T13:53:14+00:00\",\"mainEntityOfPage\":{\"@id\":\"https:\\\/\\\/buletin.de\\\/bucuresti\\\/1-200-de-catei-au-fost-dati-spre-adoptie-anul-acesta-in-capitala\\\/\"},\"wordCount\":232,\"publisher\":{\"@id\":\"https:\\\/\\\/buletin.de\\\/bucuresti\\\/#organization\"},\"image\":{\"@id\":\"https:\\\/\\\/buletin.de\\\/bucuresti\\\/1-200-de-catei-au-fost-dati-spre-adoptie-anul-acesta-in-capitala\\\/#primaryimage\"},\"thumbnailUrl\":\"https:\\\/\\\/buletin.de\\\/bucuresti\\\/wp-content\\\/uploads\\\/320778794_577438304218623_8028772609378804244_n.jpg\",\"articleSection\":[\"\u0218tiri\"],\"inLanguage\":\"en-GB\",\"copyrightYear\":\"2022\",\"copyrightHolder\":{\"@id\":\"https:\\\/\\\/buletin.de\\\/bucuresti\\\/#organization\"}},{\"@type\":\"WebPage\",\"@id\":\"https:\\\/\\\/buletin.de\\\/bucuresti\\\/1-200-de-catei-au-fost-dati-spre-adoptie-anul-acesta-in-capitala\\\/\",\"url\":\"https:\\\/\\\/buletin.de\\\/bucuresti\\\/1-200-de-catei-au-fost-dati-spre-adoptie-anul-acesta-in-capitala\\\/\",\"name\":\"1 200 de c\u0103\u021bei au fost da\u021bi spre adop\u021bie anul acesta \u00een Capital\u0103 - Buletin de Bucure\u0219ti\",\"isPartOf\":{\"@id\":\"https:\\\/\\\/buletin.de\\\/bucuresti\\\/#website\"},\"primaryImageOfPage\":{\"@id\":\"https:\\\/\\\/buletin.de\\\/bucuresti\\\/1-200-de-catei-au-fost-dati-spre-adoptie-anul-acesta-in-capitala\\\/#primaryimage\"},\"image\":{\"@id\":\"https:\\\/\\\/buletin.de\\\/bucuresti\\\/1-200-de-catei-au-fost-dati-spre-adoptie-anul-acesta-in-capitala\\\/#primaryimage\"},\"thumbnailUrl\":\"https:\\\/\\\/buletin.de\\\/bucuresti\\\/wp-content\\\/uploads\\\/320778794_577438304218623_8028772609378804244_n.jpg\",\"datePublished\":\"2022-12-28T13:53:13+00:00\",\"dateModified\":\"2022-12-28T13:53:14+00:00\",\"breadcrumb\":{\"@id\":\"https:\\\/\\\/buletin.de\\\/bucuresti\\\/1-200-de-catei-au-fost-dati-spre-adoptie-anul-acesta-in-capitala\\\/#breadcrumb\"},\"inLanguage\":\"en-GB\",\"potentialAction\":[{\"@type\":\"ReadAction\",\"target\":[\"https:\\\/\\\/buletin.de\\\/bucuresti\\\/1-200-de-catei-au-fost-dati-spre-adoptie-anul-acesta-in-capitala\\\/\"]}]},{\"@type\":\"ImageObject\",\"inLanguage\":\"en-GB\",\"@id\":\"https:\\\/\\\/buletin.de\\\/bucuresti\\\/1-200-de-catei-au-fost-dati-spre-adoptie-anul-acesta-in-capitala\\\/#primaryimage\",\"url\":\"https:\\\/\\\/buletin.de\\\/bucuresti\\\/wp-content\\\/uploads\\\/320778794_577438304218623_8028772609378804244_n.jpg\",\"contentUrl\":\"https:\\\/\\\/buletin.de\\\/bucuresti\\\/wp-content\\\/uploads\\\/320778794_577438304218623_8028772609378804244_n.jpg\",\"width\":1600,\"height\":1064},{\"@type\":\"BreadcrumbList\",\"@id\":\"https:\\\/\\\/buletin.de\\\/bucuresti\\\/1-200-de-catei-au-fost-dati-spre-adoptie-anul-acesta-in-capitala\\\/#breadcrumb\",\"itemListElement\":[{\"@type\":\"ListItem\",\"position\":1,\"name\":\"Acas\u0103\",\"item\":\"https:\\\/\\\/buletin.de\\\/bucuresti\\\/\"},{\"@type\":\"ListItem\",\"position\":2,\"name\":\"1 200 de c\u0103\u021bei au fost da\u021bi spre adop\u021bie anul acesta \u00een Capital\u0103\"}]},{\"@type\":\"WebSite\",\"@id\":\"https:\\\/\\\/buletin.de\\\/bucuresti\\\/#website\",\"url\":\"https:\\\/\\\/buletin.de\\\/bucuresti\\\/\",\"name\":\"Buletin de Bucure\u0219ti\",\"description\":\"\u0218tiri \u0219i investiga\u021bii esen\u021biale din capital\u0103\",\"publisher\":{\"@id\":\"https:\\\/\\\/buletin.de\\\/bucuresti\\\/#organization\"},\"potentialAction\":[{\"@type\":\"SearchAction\",\"target\":{\"@type\":\"EntryPoint\",\"urlTemplate\":\"https:\\\/\\\/buletin.de\\\/bucuresti\\\/?s={search_term_string}\"},\"query-input\":{\"@type\":\"PropertyValueSpecification\",\"valueRequired\":true,\"valueName\":\"search_term_string\"}}],\"inLanguage\":\"en-GB\"},{\"@type\":\"Organization\",\"@id\":\"https:\\\/\\\/buletin.de\\\/bucuresti\\\/#organization\",\"name\":\"Buletin de Bucure\u0219ti\",\"url\":\"https:\\\/\\\/buletin.de\\\/bucuresti\\\/\",\"logo\":{\"@type\":\"ImageObject\",\"inLanguage\":\"en-GB\",\"@id\":\"https:\\\/\\\/buletin.de\\\/bucuresti\\\/#\\\/schema\\\/logo\\\/image\\\/\",\"url\":\"https:\\\/\\\/buletin.de\\\/bucuresti\\\/wp-content\\\/uploads\\\/logo-bdb-full-wide-vernil-transparent.png\",\"contentUrl\":\"https:\\\/\\\/buletin.de\\\/bucuresti\\\/wp-content\\\/uploads\\\/logo-bdb-full-wide-vernil-transparent.png\",\"width\":1782,\"height\":626,\"caption\":\"Buletin de Bucure\u0219ti\"},\"image\":{\"@id\":\"https:\\\/\\\/buletin.de\\\/bucuresti\\\/#\\\/schema\\\/logo\\\/image\\\/\"},\"sameAs\":[\"https:\\\/\\\/www.facebook.com\\\/buletin.de.buc\",\"https:\\\/\\\/www.instagram.com\\\/buletinde.bucuresti\\\/\"]},{\"@type\":\"Person\",\"@id\":\"https:\\\/\\\/buletin.de\\\/bucuresti\\\/#\\\/schema\\\/person\\\/5d54908fa90ab7ad3b2e88152efd6845\",\"name\":\"Teodora \u0218uta\",\"image\":{\"@type\":\"ImageObject\",\"inLanguage\":\"en-GB\",\"@id\":\"https:\\\/\\\/secure.gravatar.com\\\/avatar\\\/0c709226af9845d97b126aa0aa80ab42778847ec3d11d741016b74a61174088d?s=96&d=monsterid&r=gf2e0c6a01d766272c6fa8af9e494be28\",\"url\":\"https:\\\/\\\/secure.gravatar.com\\\/avatar\\\/0c709226af9845d97b126aa0aa80ab42778847ec3d11d741016b74a61174088d?s=96&d=monsterid&r=g\",\"contentUrl\":\"https:\\\/\\\/secure.gravatar.com\\\/avatar\\\/0c709226af9845d97b126aa0aa80ab42778847ec3d11d741016b74a61174088d?s=96&d=monsterid&r=g\",\"caption\":\"Teodora \u0218uta\"},\"url\":\"https:\\\/\\\/buletin.de\\\/bucuresti\\\/author\\\/mariasuta\\\/\"}]}<\/script>\n<!-- \/ Yoast SEO Premium plugin. -->","yoast_head_json":{"title":"1 200 de c\u0103\u021bei au fost da\u021bi spre adop\u021bie anul acesta \u00een Capital\u0103 - Buletin de Bucure\u0219ti","robots":{"index":"index","follow":"follow","max-snippet":"max-snippet:-1","max-image-preview":"max-image-preview:large","max-video-preview":"max-video-preview:-1"},"canonical":"https:\/\/buletin.de\/bucuresti\/1-200-de-catei-au-fost-dati-spre-adoptie-anul-acesta-in-capitala\/","og_locale":"en_GB","og_type":"article","og_title":"1 200 de c\u0103\u021bei au fost da\u021bi spre adop\u021bie anul acesta \u00een Capital\u0103","og_description":"Prim\u0103ria Municipiului Bucure\u0219ti, prin Autoritatea pentru Supravegherea \u0219i Protec\u021bia Animalelor (ASPA), a dat spre adop\u021bie 1200 de c\u0103\u021bei \u00een 2022. Animalele de companie au ajuns \u00een familii iubitoare \u0219i responsabile. Animalele de companie au fost adoptate \u00een cadrul celor 30 de t\u00e2rguri organizate \u00een Bucure\u0219ti \u0219i \u00een Ilfov. C\u00e2teva dintre aceste loca\u021bii au fost Arena [&hellip;]","og_url":"https:\/\/buletin.de\/bucuresti\/1-200-de-catei-au-fost-dati-spre-adoptie-anul-acesta-in-capitala\/","og_site_name":"Buletin de Bucure\u0219ti","article_publisher":"https:\/\/www.facebook.com\/buletin.de.buc","article_published_time":"2022-12-28T13:53:13+00:00","article_modified_time":"2022-12-28T13:53:14+00:00","og_image":[{"width":1600,"height":1064,"url":"https:\/\/buletin.de\/bucuresti\/wp-content\/uploads\/320778794_577438304218623_8028772609378804244_n.jpg","type":"image\/jpeg"}],"author":"Teodora \u0218uta","twitter_card":"summary_large_image","twitter_misc":{"Written by":"Teodora \u0218uta","Estimated reading time":"1 minute"},"schema":{"@context":"https:\/\/schema.org","@graph":[{"@type":"Article","@id":"https:\/\/buletin.de\/bucuresti\/1-200-de-catei-au-fost-dati-spre-adoptie-anul-acesta-in-capitala\/#article","isPartOf":{"@id":"https:\/\/buletin.de\/bucuresti\/1-200-de-catei-au-fost-dati-spre-adoptie-anul-acesta-in-capitala\/"},"author":{"name":"Teodora \u0218uta","@id":"https:\/\/buletin.de\/bucuresti\/#\/schema\/person\/5d54908fa90ab7ad3b2e88152efd6845"},"headline":"1 200 de c\u0103\u021bei au fost da\u021bi spre adop\u021bie anul acesta \u00een Capital\u0103","datePublished":"2022-12-28T13:53:13+00:00","dateModified":"2022-12-28T13:53:14+00:00","mainEntityOfPage":{"@id":"https:\/\/buletin.de\/bucuresti\/1-200-de-catei-au-fost-dati-spre-adoptie-anul-acesta-in-capitala\/"},"wordCount":232,"publisher":{"@id":"https:\/\/buletin.de\/bucuresti\/#organization"},"image":{"@id":"https:\/\/buletin.de\/bucuresti\/1-200-de-catei-au-fost-dati-spre-adoptie-anul-acesta-in-capitala\/#primaryimage"},"thumbnailUrl":"https:\/\/buletin.de\/bucuresti\/wp-content\/uploads\/320778794_577438304218623_8028772609378804244_n.jpg","articleSection":["\u0218tiri"],"inLanguage":"en-GB","copyrightYear":"2022","copyrightHolder":{"@id":"https:\/\/buletin.de\/bucuresti\/#organization"}},{"@type":"WebPage","@id":"https:\/\/buletin.de\/bucuresti\/1-200-de-catei-au-fost-dati-spre-adoptie-anul-acesta-in-capitala\/","url":"https:\/\/buletin.de\/bucuresti\/1-200-de-catei-au-fost-dati-spre-adoptie-anul-acesta-in-capitala\/","name":"1 200 de c\u0103\u021bei au fost da\u021bi spre adop\u021bie anul acesta \u00een Capital\u0103 - Buletin de Bucure\u0219ti","isPartOf":{"@id":"https:\/\/buletin.de\/bucuresti\/#website"},"primaryImageOfPage":{"@id":"https:\/\/buletin.de\/bucuresti\/1-200-de-catei-au-fost-dati-spre-adoptie-anul-acesta-in-capitala\/#primaryimage"},"image":{"@id":"https:\/\/buletin.de\/bucuresti\/1-200-de-catei-au-fost-dati-spre-adoptie-anul-acesta-in-capitala\/#primaryimage"},"thumbnailUrl":"https:\/\/buletin.de\/bucuresti\/wp-content\/uploads\/320778794_577438304218623_8028772609378804244_n.jpg","datePublished":"2022-12-28T13:53:13+00:00","dateModified":"2022-12-28T13:53:14+00:00","breadcrumb":{"@id":"https:\/\/buletin.de\/bucuresti\/1-200-de-catei-au-fost-dati-spre-adoptie-anul-acesta-in-capitala\/#breadcrumb"},"inLanguage":"en-GB","potentialAction":[{"@type":"ReadAction","target":["https:\/\/buletin.de\/bucuresti\/1-200-de-catei-au-fost-dati-spre-adoptie-anul-acesta-in-capitala\/"]}]},{"@type":"ImageObject","inLanguage":"en-GB","@id":"https:\/\/buletin.de\/bucuresti\/1-200-de-catei-au-fost-dati-spre-adoptie-anul-acesta-in-capitala\/#primaryimage","url":"https:\/\/buletin.de\/bucuresti\/wp-content\/uploads\/320778794_577438304218623_8028772609378804244_n.jpg","contentUrl":"https:\/\/buletin.de\/bucuresti\/wp-content\/uploads\/320778794_577438304218623_8028772609378804244_n.jpg","width":1600,"height":1064},{"@type":"BreadcrumbList","@id":"https:\/\/buletin.de\/bucuresti\/1-200-de-catei-au-fost-dati-spre-adoptie-anul-acesta-in-capitala\/#breadcrumb","itemListElement":[{"@type":"ListItem","position":1,"name":"Acas\u0103","item":"https:\/\/buletin.de\/bucuresti\/"},{"@type":"ListItem","position":2,"name":"1 200 de c\u0103\u021bei au fost da\u021bi spre adop\u021bie anul acesta \u00een Capital\u0103"}]},{"@type":"WebSite","@id":"https:\/\/buletin.de\/bucuresti\/#website","url":"https:\/\/buletin.de\/bucuresti\/","name":"Buletin de Bucure\u0219ti","description":"\u0218tiri \u0219i investiga\u021bii esen\u021biale din capital\u0103","publisher":{"@id":"https:\/\/buletin.de\/bucuresti\/#organization"},"potentialAction":[{"@type":"SearchAction","target":{"@type":"EntryPoint","urlTemplate":"https:\/\/buletin.de\/bucuresti\/?s={search_term_string}"},"query-input":{"@type":"PropertyValueSpecification","valueRequired":true,"valueName":"search_term_string"}}],"inLanguage":"en-GB"},{"@type":"Organization","@id":"https:\/\/buletin.de\/bucuresti\/#organization","name":"Buletin de Bucure\u0219ti","url":"https:\/\/buletin.de\/bucuresti\/","logo":{"@type":"ImageObject","inLanguage":"en-GB","@id":"https:\/\/buletin.de\/bucuresti\/#\/schema\/logo\/image\/","url":"https:\/\/buletin.de\/bucuresti\/wp-content\/uploads\/logo-bdb-full-wide-vernil-transparent.png","contentUrl":"https:\/\/buletin.de\/bucuresti\/wp-content\/uploads\/logo-bdb-full-wide-vernil-transparent.png","width":1782,"height":626,"caption":"Buletin de Bucure\u0219ti"},"image":{"@id":"https:\/\/buletin.de\/bucuresti\/#\/schema\/logo\/image\/"},"sameAs":["https:\/\/www.facebook.com\/buletin.de.buc","https:\/\/www.instagram.com\/buletinde.bucuresti\/"]},{"@type":"Person","@id":"https:\/\/buletin.de\/bucuresti\/#\/schema\/person\/5d54908fa90ab7ad3b2e88152efd6845","name":"Teodora \u0218uta","image":{"@type":"ImageObject","inLanguage":"en-GB","@id":"https:\/\/secure.gravatar.com\/avatar\/0c709226af9845d97b126aa0aa80ab42778847ec3d11d741016b74a61174088d?s=96&d=monsterid&r=gf2e0c6a01d766272c6fa8af9e494be28","url":"https:\/\/secure.gravatar.com\/avatar\/0c709226af9845d97b126aa0aa80ab42778847ec3d11d741016b74a61174088d?s=96&d=monsterid&r=g","contentUrl":"https:\/\/secure.gravatar.com\/avatar\/0c709226af9845d97b126aa0aa80ab42778847ec3d11d741016b74a61174088d?s=96&d=monsterid&r=g","caption":"Teodora \u0218uta"},"url":"https:\/\/buletin.de\/bucuresti\/author\/mariasuta\/"}]}},"authors":[{"term_id":22604,"user_id":45,"is_guest":0,"slug":"mariasuta","display_name":"Teodora \u0218uta","avatar_url":"https:\/\/secure.gravatar.com\/avatar\/0c709226af9845d97b126aa0aa80ab42778847ec3d11d741016b74a61174088d?s=96&d=monsterid&r=g","0":null,"1":"","2":"","3":"","4":"","5":"","6":"","7":"","8":""}],"_links":{"self":[{"href":"https:\/\/buletin.de\/bucuresti\/wp-json\/wp\/v2\/posts\/50485","targetHints":{"allow":["GET"]}}],"collection":[{"href":"https:\/\/buletin.de\/bucuresti\/wp-json\/wp\/v2\/posts"}],"about":[{"href":"https:\/\/buletin.de\/bucuresti\/wp-json\/wp\/v2\/types\/post"}],"author":[{"embeddable":true,"href":"https:\/\/buletin.de\/bucuresti\/wp-json\/wp\/v2\/users\/45"}],"replies":[{"embeddable":true,"href":"https:\/\/buletin.de\/bucuresti\/wp-json\/wp\/v2\/comments?post=50485"}],"version-history":[{"count":2,"href":"https:\/\/buletin.de\/bucuresti\/wp-json\/wp\/v2\/posts\/50485\/revisions"}],"predecessor-version":[{"id":50491,"href":"https:\/\/buletin.de\/bucuresti\/wp-json\/wp\/v2\/posts\/50485\/revisions\/50491"}],"wp:featuredmedia":[{"embeddable":true,"href":"https:\/\/buletin.de\/bucuresti\/wp-json\/wp\/v2\/media\/50487"}],"wp:attachment":[{"href":"https:\/\/buletin.de\/bucuresti\/wp-json\/wp\/v2\/media?parent=50485"}],"wp:term":[{"taxonomy":"category","embeddable":true,"href":"https:\/\/buletin.de\/bucuresti\/wp-json\/wp\/v2\/categories?post=50485"},{"taxonomy":"post_tag","embeddable":true,"href":"https:\/\/buletin.de\/bucuresti\/wp-json\/wp\/v2\/tags?post=50485"},{"taxonomy":"author","embeddable":true,"href":"https:\/\/buletin.de\/bucuresti\/wp-json\/wp\/v2\/ppma_author?post=50485"}],"curies":[{"name":"wp","href":"https:\/\/api.w.org\/{rel}","templated":true}]}}