{"id":50453,"date":"2022-12-28T11:40:35","date_gmt":"2022-12-28T09:40:35","guid":{"rendered":"https:\/\/buletin.de\/bucuresti\/?p=50453"},"modified":"2022-12-28T11:40:35","modified_gmt":"2022-12-28T09:40:35","slug":"opt-alesi-locali-de-la-popesti-leordeni-in-conflict-de-interese-au-respins-o-hotarare-de-consiliu-local-care-ii-viza","status":"publish","type":"post","link":"https:\/\/buletin.de\/bucuresti\/opt-alesi-locali-de-la-popesti-leordeni-in-conflict-de-interese-au-respins-o-hotarare-de-consiliu-local-care-ii-viza\/","title":{"rendered":"Opt ale\u0219i locali de la Pope\u0219ti Leordeni, \u00een conflict de interese. Au respins o hot\u0103r\u00e2re de Consiliu Local care \u00eei viza"},"content":{"rendered":"\n<p>Opt dintre consilierii locali din Pope\u0219ti Leordeni sunt \u00een conflict de interese. Decizia apar\u021bine Agen\u021biei Na\u021bionale de Integritate \u0219i a fost publicat\u0103 ast\u0103zi, 28 decembrie 2022. Cei opt au votat, \u00een Consiliul Local, \u00eempotriva unei hot\u0103r\u00e2ri prin care \u00ee\u0219i pierdeau mandatele de ale\u0219i locali. Cei opt consilieri sunt Ion Alexandru, Stan Florin Radu, \u0218erban Ionu\u021b, Mitran Constantin, Oncu\u021b\u0103 Elena, T\u0103r\u021b\u0103u Valeriu Marian, Cazacu Silviu \u0219i Lorin Nicolae Ionu\u021b.<\/p>\n\n\n\n<p>Consiliul Local Pope\u0219ti Leordeni are 19 membri, 8 de la USR, 3 de la PNL \u0219i 8 de la Pro Rom\u00e2nia. Consilierii afla\u021bi \u00een conflict de interese sunt doi de la PNL \u0219i \u0219ase de la Pro Rom\u00e2nia.<\/p>\n\n\n\n<h2 class=\"wp-block-heading\">\u00cencetarea mandatelor, solicitat\u0103 de USR<\/h2>\n\n\n\n<p>Pe 23 septembrie 2021, consilierii USR au \u00eenaintat un proiect de hot\u0103r\u00e2re prin care solicitau \u00eencetarea de drept a mandatelor celor opt consilieri locali pentru c\u0103 nu au participat la 3 \u0219edinte ale Consiliului Local, convocate pe parcursul a 3 luni, a\u0219a cum cere legea. \u00cen list\u0103 ap\u0103reau 10 consilieri care urmau s\u0103-\u0219i piard\u0103 mandatele. <\/p>\n\n\n\n<figure class=\"wp-block-image size-full\"><img fetchpriority=\"high\" decoding=\"async\" width=\"683\" height=\"483\" src=\"data:image\/gif;base64,R0lGODlhAQABAAAAACH5BAEKAAEALAAAAAABAAEAAAICTAEAOw==\" data-src=\"https:\/\/buletin.de\/bucuresti\/wp-content\/uploads\/image-1382.png\" alt=\"\" class=\"wp-image-50455 lazyload\" data-sizes=\"auto\" data-srcset=\"https:\/\/buletin.de\/bucuresti\/wp-content\/uploads\/image-1382.png 683w, https:\/\/buletin.de\/bucuresti\/wp-content\/uploads\/image-1382-300x212.png 300w, https:\/\/buletin.de\/bucuresti\/wp-content\/uploads\/image-1382-550x389.png 550w, https:\/\/buletin.de\/bucuresti\/wp-content\/uploads\/image-1382-600x424.png 600w\" sizes=\"(max-width: 683px) 100vw, 683px\" \/><\/figure>\n\n\n\n<p><\/p>\n\n\n\n<p>Doar c\u0103 la dezbaterea \u00een plen, din 28 septembrie, opt dintre cei zece consilieri \u00een cauz\u0103 au votat \u00eempotriva proiectului, adic\u0103 s\u0103 r\u0103m\u00e2n\u0103 \u00een func\u021bii. Iar proiectul de hot\u0103r\u00e2re a picat.<\/p>\n\n\n\n<p>ANI a decis c\u0103 votul lor, \u00eentr-o cauz\u0103 care \u00eei prive\u0219te \u00een mod direct, este conflict de interese.<\/p>\n\n\n\n<p>&#8211;&nbsp;&nbsp;&nbsp;<strong><u>art. 70 din Legea nr. 161\/2003<\/u><\/strong><strong>, potrivit c\u0103ruia<\/strong><em>&nbsp;\u201eprin conflict de interese se \u00een\u021belege situa\u021bia \u00een care persoana ce exercit\u0103 o demnitate public\u0103 sau o func\u021bie public\u0103 are un interes personal de natur\u0103 patrimonial\u0103, care ar putea influen\u021ba \u00eendeplinirea cu obiectivitate a atribu\u021biilor care \u00eei revin potrivit Constitu\u021biei \u0219i altor acte normative.\u201d;<\/em><\/p>\n\n\n\n<p>&#8211;&nbsp;&nbsp;&nbsp;<strong><u>art. 77, alin. (1) Legea nr. 161\/2003<\/u><\/strong><strong>, potrivit c\u0103ruia<\/strong><em>&nbsp;\u201e<\/em><em>(1) Primarii \u015fi viceprimarii, primarul general \u015fi viceprimarii municipiului Bucure\u015fti sunt obliga\u0163i s\u0103 nu emit\u0103 un act administrativ sau s\u0103 nu \u00eencheie un act juridic ori s\u0103 nu emit\u0103 o dispozi\u0163ie, \u00een exercitarea func\u0163iei, care produce un folos material pentru sine, pentru so\u0163ul s\u0103u ori rudele sale de gradul I.\u201d;<\/em><\/p>\n\n\n\n<p>&#8211;&nbsp;&nbsp;&nbsp;<strong><u>art. 228, alin. (1) \u0219i (2) din&nbsp;<\/u><\/strong><strong><u>O.U.G. nr. 57\/2019<\/u><\/strong><strong>,<\/strong>&nbsp;potrivit c\u0103ruia&nbsp;<em>\u201eRegimul general aplicabil conflictului de interese pentru ale\u015fii locali. (1) Alesul local aflat \u00een conflict de interese \u00een condi\u0163iile prev\u0103zute de cartea I titlul IV din Legea nr. 161\/2003, cu modific\u0103rile \u015fi complet\u0103rile ulterioare, are obliga\u0163ia s\u0103 se ab\u0163in\u0103 de la emiterea sau participarea la emiterea ori adoptarea actului administrativ, de la \u00eencheierea sau participarea la \u00eencheierea actului juridic respectiv, care ar putea produce un folos material pentru sine (&#8230;). (2) \u00cen exercitarea func\u021biei, consilierul local sau consilierul jude\u021bean aflat \u00een una dintre situa\u021biile prev\u0103zute la alin. (1) are obliga\u021bia s\u0103 anun\u021be la \u00eenceputul \u0219edin\u021bei consiliului local, respectiv a consiliului jude\u021bean interesul personal pe care \u00eel are la adoptarea hot\u0103r\u00e2rii respective, anun\u021b care se consemneaz\u0103 \u00een mod obligatoriu \u00een procesul-verbal al \u0219edin\u021bei.;<\/em><\/p>\n\n\n\n<p><em>\u201eFapta persoanei cu privire la care s-a constatat&nbsp;<\/em>(&#8230;)<em>&nbsp;\u00eenc\u0103lcarea obliga\u021biilor legale privind conflictul de interese&nbsp;<\/em>&nbsp;(&#8230;)<em>&nbsp;constituie abatere disciplinar\u0103 \u0219i se sanc\u021bioneaz\u0103 potrivit reglement\u0103rii aplicabile demnit\u0103\u021bii, func\u021biei sau activit\u0103\u021bii respective&nbsp;<\/em>(&#8230;)<em>\u201d.&nbsp;<\/em><\/p>\n\n\n\n<p><em>\u201ePersoana<\/em>&nbsp;(&#8230;)<em>&nbsp;fa\u021b\u0103 de care s-a constatat existen\u021ba conflictului de interese&nbsp;<\/em>&nbsp;(&#8230;)<em>&nbsp;este dec\u0103zut\u0103 din dreptul de a mai exercita o func\u021bie sau o demnitate public\u0103&nbsp;<\/em>(&#8230;)&nbsp;<em>pe o perioad\u0103 de 3 ani de la data eliber\u0103rii, destituirii din func\u021bia ori demnitatea public\u0103 respectiv\u0103 sau a \u00eencet\u0103rii de drept a mandatului. Dac\u0103 persoana a ocupat o func\u021bie eligibil\u0103, nu mai poate ocupa aceea\u0219i func\u021bie pe o perioad\u0103 de 3 ani de la \u00eencetarea manda<\/em><\/p>\n\n\n\n<p><\/p>\n\n\n\n<p><\/p>\n\n\n\n<p><\/p>\n\n\n\n<p><strong><br><\/strong><a href=\"https:\/\/xn--primria-popeti-leordeni-7tc270e.ro\/files\/consiliul-local\/proiecte-hotarare\/2021\/20210923.ph48638.pdf\">https:\/\/xn--primria-popeti-leordeni-7tc270e.ro\/files\/consiliul-local\/proiecte-hotarare\/2021\/20210923.ph48638.pdf<\/a><\/p>\n\n\n\n<p>\u00cen calitate de consilieri locali, persoanele evaluate au participat la adoptarea Hot\u0103r\u00e2rii C.L. din data de 28 septembrie 2021 privind respingerea Proiectului de hot\u0103r\u00e2re&nbsp; din data de 23 septembrie 2021 cu privire la \u00eencetarea mandatelor de consilieri locali, ace\u0219tia av\u00e2nd un interes personal \u00een problema supus\u0103 dezbaterii, deoarece se aflau pe lista celor 8 consilieri locali ale c\u0103ror mandate au fost declarate \u00eencetate de drept.<\/p>\n\n\n\n<p><\/p>\n","protected":false},"excerpt":{"rendered":"<p>Opt dintre consilierii locali din Pope\u0219ti Leordeni sunt \u00een conflict de interese. Decizia apar\u021bine Agen\u021biei Na\u021bionale de Integritate \u0219i a fost publicat\u0103 ast\u0103zi, 28 decembrie 2022. Cei opt au votat, \u00een Consiliul Local, \u00eempotriva unei hot\u0103r\u00e2ri prin care \u00ee\u0219i pierdeau mandatele de ale\u0219i locali. Cei opt consilieri sunt Ion Alexandru, Stan Florin Radu, \u0218erban Ionu\u021b, [&hellip;]<\/p>\n","protected":false},"author":18,"featured_media":50459,"comment_status":"closed","ping_status":"open","sticky":false,"template":"","format":"standard","meta":{"_acf_changed":false,"inline_featured_image":false,"ngg_post_thumbnail":0,"footnotes":""},"categories":[62],"tags":[],"ppma_author":[22579],"class_list":["post-50453","post","type-post","status-publish","format-standard","has-post-thumbnail","hentry","category-stiri"],"acf":[],"yoast_head":"<!-- This site is optimized with the Yoast SEO Premium plugin v25.3 (Yoast SEO v27.4) - https:\/\/yoast.com\/product\/yoast-seo-premium-wordpress\/ -->\n<title>Opt ale\u0219i locali de la Pope\u0219ti Leordeni, \u00een conflict de interese. Au respins o hot\u0103r\u00e2re de Consiliu Local care \u00eei viza - Buletin de Bucure\u0219ti<\/title>\n<meta name=\"robots\" content=\"index, follow, max-snippet:-1, max-image-preview:large, max-video-preview:-1\" \/>\n<link rel=\"canonical\" href=\"https:\/\/buletin.de\/bucuresti\/opt-alesi-locali-de-la-popesti-leordeni-in-conflict-de-interese-au-respins-o-hotarare-de-consiliu-local-care-ii-viza\/\" \/>\n<meta property=\"og:locale\" content=\"en_GB\" \/>\n<meta property=\"og:type\" content=\"article\" \/>\n<meta property=\"og:title\" content=\"Opt ale\u0219i locali de la Pope\u0219ti Leordeni, \u00een conflict de interese. Au respins o hot\u0103r\u00e2re de Consiliu Local care \u00eei viza\" \/>\n<meta property=\"og:description\" content=\"Opt dintre consilierii locali din Pope\u0219ti Leordeni sunt \u00een conflict de interese. Decizia apar\u021bine Agen\u021biei Na\u021bionale de Integritate \u0219i a fost publicat\u0103 ast\u0103zi, 28 decembrie 2022. Cei opt au votat, \u00een Consiliul Local, \u00eempotriva unei hot\u0103r\u00e2ri prin care \u00ee\u0219i pierdeau mandatele de ale\u0219i locali. Cei opt consilieri sunt Ion Alexandru, Stan Florin Radu, \u0218erban Ionu\u021b, [&hellip;]\" \/>\n<meta property=\"og:url\" content=\"https:\/\/buletin.de\/bucuresti\/opt-alesi-locali-de-la-popesti-leordeni-in-conflict-de-interese-au-respins-o-hotarare-de-consiliu-local-care-ii-viza\/\" \/>\n<meta property=\"og:site_name\" content=\"Buletin de Bucure\u0219ti\" \/>\n<meta property=\"article:publisher\" content=\"https:\/\/www.facebook.com\/buletin.de.buc\" \/>\n<meta property=\"article:published_time\" content=\"2022-12-28T09:40:35+00:00\" \/>\n<meta property=\"og:image\" content=\"https:\/\/buletin.de\/bucuresti\/wp-content\/uploads\/2EBA4519-25B2-4CB1-AE78-0D50C2A735A4.jpeg\" \/>\n\t<meta property=\"og:image:width\" content=\"400\" \/>\n\t<meta property=\"og:image:height\" content=\"400\" \/>\n\t<meta property=\"og:image:type\" content=\"image\/jpeg\" \/>\n<meta name=\"author\" content=\"Teodora Stroe\" \/>\n<meta name=\"twitter:card\" content=\"summary_large_image\" \/>\n<meta name=\"twitter:label1\" content=\"Written by\" \/>\n\t<meta name=\"twitter:data1\" content=\"Teodora Stroe\" \/>\n\t<meta name=\"twitter:label2\" content=\"Estimated reading time\" \/>\n\t<meta name=\"twitter:data2\" content=\"3 minutes\" \/>\n<script type=\"application\/ld+json\" class=\"yoast-schema-graph\">{\"@context\":\"https:\\\/\\\/schema.org\",\"@graph\":[{\"@type\":\"Article\",\"@id\":\"https:\\\/\\\/buletin.de\\\/bucuresti\\\/opt-alesi-locali-de-la-popesti-leordeni-in-conflict-de-interese-au-respins-o-hotarare-de-consiliu-local-care-ii-viza\\\/#article\",\"isPartOf\":{\"@id\":\"https:\\\/\\\/buletin.de\\\/bucuresti\\\/opt-alesi-locali-de-la-popesti-leordeni-in-conflict-de-interese-au-respins-o-hotarare-de-consiliu-local-care-ii-viza\\\/\"},\"author\":{\"name\":\"Teodora Stroe\",\"@id\":\"https:\\\/\\\/buletin.de\\\/bucuresti\\\/#\\\/schema\\\/person\\\/d369d7ddc775abece205795e0b804614\"},\"headline\":\"Opt ale\u0219i locali de la Pope\u0219ti Leordeni, \u00een conflict de interese. Au respins o hot\u0103r\u00e2re de Consiliu Local care \u00eei viza\",\"datePublished\":\"2022-12-28T09:40:35+00:00\",\"mainEntityOfPage\":{\"@id\":\"https:\\\/\\\/buletin.de\\\/bucuresti\\\/opt-alesi-locali-de-la-popesti-leordeni-in-conflict-de-interese-au-respins-o-hotarare-de-consiliu-local-care-ii-viza\\\/\"},\"wordCount\":743,\"publisher\":{\"@id\":\"https:\\\/\\\/buletin.de\\\/bucuresti\\\/#organization\"},\"image\":{\"@id\":\"https:\\\/\\\/buletin.de\\\/bucuresti\\\/opt-alesi-locali-de-la-popesti-leordeni-in-conflict-de-interese-au-respins-o-hotarare-de-consiliu-local-care-ii-viza\\\/#primaryimage\"},\"thumbnailUrl\":\"https:\\\/\\\/buletin.de\\\/bucuresti\\\/wp-content\\\/uploads\\\/2EBA4519-25B2-4CB1-AE78-0D50C2A735A4.jpeg\",\"articleSection\":[\"\u0218tiri\"],\"inLanguage\":\"en-GB\",\"copyrightYear\":\"2022\",\"copyrightHolder\":{\"@id\":\"https:\\\/\\\/buletin.de\\\/bucuresti\\\/#organization\"}},{\"@type\":\"WebPage\",\"@id\":\"https:\\\/\\\/buletin.de\\\/bucuresti\\\/opt-alesi-locali-de-la-popesti-leordeni-in-conflict-de-interese-au-respins-o-hotarare-de-consiliu-local-care-ii-viza\\\/\",\"url\":\"https:\\\/\\\/buletin.de\\\/bucuresti\\\/opt-alesi-locali-de-la-popesti-leordeni-in-conflict-de-interese-au-respins-o-hotarare-de-consiliu-local-care-ii-viza\\\/\",\"name\":\"Opt ale\u0219i locali de la Pope\u0219ti Leordeni, \u00een conflict de interese. Au respins o hot\u0103r\u00e2re de Consiliu Local care \u00eei viza - Buletin de Bucure\u0219ti\",\"isPartOf\":{\"@id\":\"https:\\\/\\\/buletin.de\\\/bucuresti\\\/#website\"},\"primaryImageOfPage\":{\"@id\":\"https:\\\/\\\/buletin.de\\\/bucuresti\\\/opt-alesi-locali-de-la-popesti-leordeni-in-conflict-de-interese-au-respins-o-hotarare-de-consiliu-local-care-ii-viza\\\/#primaryimage\"},\"image\":{\"@id\":\"https:\\\/\\\/buletin.de\\\/bucuresti\\\/opt-alesi-locali-de-la-popesti-leordeni-in-conflict-de-interese-au-respins-o-hotarare-de-consiliu-local-care-ii-viza\\\/#primaryimage\"},\"thumbnailUrl\":\"https:\\\/\\\/buletin.de\\\/bucuresti\\\/wp-content\\\/uploads\\\/2EBA4519-25B2-4CB1-AE78-0D50C2A735A4.jpeg\",\"datePublished\":\"2022-12-28T09:40:35+00:00\",\"breadcrumb\":{\"@id\":\"https:\\\/\\\/buletin.de\\\/bucuresti\\\/opt-alesi-locali-de-la-popesti-leordeni-in-conflict-de-interese-au-respins-o-hotarare-de-consiliu-local-care-ii-viza\\\/#breadcrumb\"},\"inLanguage\":\"en-GB\",\"potentialAction\":[{\"@type\":\"ReadAction\",\"target\":[\"https:\\\/\\\/buletin.de\\\/bucuresti\\\/opt-alesi-locali-de-la-popesti-leordeni-in-conflict-de-interese-au-respins-o-hotarare-de-consiliu-local-care-ii-viza\\\/\"]}]},{\"@type\":\"ImageObject\",\"inLanguage\":\"en-GB\",\"@id\":\"https:\\\/\\\/buletin.de\\\/bucuresti\\\/opt-alesi-locali-de-la-popesti-leordeni-in-conflict-de-interese-au-respins-o-hotarare-de-consiliu-local-care-ii-viza\\\/#primaryimage\",\"url\":\"https:\\\/\\\/buletin.de\\\/bucuresti\\\/wp-content\\\/uploads\\\/2EBA4519-25B2-4CB1-AE78-0D50C2A735A4.jpeg\",\"contentUrl\":\"https:\\\/\\\/buletin.de\\\/bucuresti\\\/wp-content\\\/uploads\\\/2EBA4519-25B2-4CB1-AE78-0D50C2A735A4.jpeg\",\"width\":400,\"height\":400},{\"@type\":\"BreadcrumbList\",\"@id\":\"https:\\\/\\\/buletin.de\\\/bucuresti\\\/opt-alesi-locali-de-la-popesti-leordeni-in-conflict-de-interese-au-respins-o-hotarare-de-consiliu-local-care-ii-viza\\\/#breadcrumb\",\"itemListElement\":[{\"@type\":\"ListItem\",\"position\":1,\"name\":\"Acas\u0103\",\"item\":\"https:\\\/\\\/buletin.de\\\/bucuresti\\\/\"},{\"@type\":\"ListItem\",\"position\":2,\"name\":\"Opt ale\u0219i locali de la Pope\u0219ti Leordeni, \u00een conflict de interese. Au respins o hot\u0103r\u00e2re de Consiliu Local care \u00eei viza\"}]},{\"@type\":\"WebSite\",\"@id\":\"https:\\\/\\\/buletin.de\\\/bucuresti\\\/#website\",\"url\":\"https:\\\/\\\/buletin.de\\\/bucuresti\\\/\",\"name\":\"Buletin de Bucure\u0219ti\",\"description\":\"\u0218tiri \u0219i investiga\u021bii esen\u021biale din capital\u0103\",\"publisher\":{\"@id\":\"https:\\\/\\\/buletin.de\\\/bucuresti\\\/#organization\"},\"potentialAction\":[{\"@type\":\"SearchAction\",\"target\":{\"@type\":\"EntryPoint\",\"urlTemplate\":\"https:\\\/\\\/buletin.de\\\/bucuresti\\\/?s={search_term_string}\"},\"query-input\":{\"@type\":\"PropertyValueSpecification\",\"valueRequired\":true,\"valueName\":\"search_term_string\"}}],\"inLanguage\":\"en-GB\"},{\"@type\":\"Organization\",\"@id\":\"https:\\\/\\\/buletin.de\\\/bucuresti\\\/#organization\",\"name\":\"Buletin de Bucure\u0219ti\",\"url\":\"https:\\\/\\\/buletin.de\\\/bucuresti\\\/\",\"logo\":{\"@type\":\"ImageObject\",\"inLanguage\":\"en-GB\",\"@id\":\"https:\\\/\\\/buletin.de\\\/bucuresti\\\/#\\\/schema\\\/logo\\\/image\\\/\",\"url\":\"https:\\\/\\\/buletin.de\\\/bucuresti\\\/wp-content\\\/uploads\\\/logo-bdb-full-wide-vernil-transparent.png\",\"contentUrl\":\"https:\\\/\\\/buletin.de\\\/bucuresti\\\/wp-content\\\/uploads\\\/logo-bdb-full-wide-vernil-transparent.png\",\"width\":1782,\"height\":626,\"caption\":\"Buletin de Bucure\u0219ti\"},\"image\":{\"@id\":\"https:\\\/\\\/buletin.de\\\/bucuresti\\\/#\\\/schema\\\/logo\\\/image\\\/\"},\"sameAs\":[\"https:\\\/\\\/www.facebook.com\\\/buletin.de.buc\",\"https:\\\/\\\/www.instagram.com\\\/buletinde.bucuresti\\\/\"]},{\"@type\":\"Person\",\"@id\":\"https:\\\/\\\/buletin.de\\\/bucuresti\\\/#\\\/schema\\\/person\\\/d369d7ddc775abece205795e0b804614\",\"name\":\"Teodora Stroe\",\"image\":{\"@type\":\"ImageObject\",\"inLanguage\":\"en-GB\",\"@id\":\"https:\\\/\\\/secure.gravatar.com\\\/avatar\\\/2560b4cd9f5f1bc100b123158e657d75584bd1c3e1d9c69285720b9457c1b78d?s=96&d=monsterid&r=gc104800242ba5f2d78dd5d7dc4df08b6\",\"url\":\"https:\\\/\\\/secure.gravatar.com\\\/avatar\\\/2560b4cd9f5f1bc100b123158e657d75584bd1c3e1d9c69285720b9457c1b78d?s=96&d=monsterid&r=g\",\"contentUrl\":\"https:\\\/\\\/secure.gravatar.com\\\/avatar\\\/2560b4cd9f5f1bc100b123158e657d75584bd1c3e1d9c69285720b9457c1b78d?s=96&d=monsterid&r=g\",\"caption\":\"Teodora Stroe\"},\"url\":\"https:\\\/\\\/buletin.de\\\/bucuresti\\\/author\\\/simonacarlugea\\\/\"}]}<\/script>\n<!-- \/ Yoast SEO Premium plugin. -->","yoast_head_json":{"title":"Opt ale\u0219i locali de la Pope\u0219ti Leordeni, \u00een conflict de interese. Au respins o hot\u0103r\u00e2re de Consiliu Local care \u00eei viza - Buletin de Bucure\u0219ti","robots":{"index":"index","follow":"follow","max-snippet":"max-snippet:-1","max-image-preview":"max-image-preview:large","max-video-preview":"max-video-preview:-1"},"canonical":"https:\/\/buletin.de\/bucuresti\/opt-alesi-locali-de-la-popesti-leordeni-in-conflict-de-interese-au-respins-o-hotarare-de-consiliu-local-care-ii-viza\/","og_locale":"en_GB","og_type":"article","og_title":"Opt ale\u0219i locali de la Pope\u0219ti Leordeni, \u00een conflict de interese. Au respins o hot\u0103r\u00e2re de Consiliu Local care \u00eei viza","og_description":"Opt dintre consilierii locali din Pope\u0219ti Leordeni sunt \u00een conflict de interese. Decizia apar\u021bine Agen\u021biei Na\u021bionale de Integritate \u0219i a fost publicat\u0103 ast\u0103zi, 28 decembrie 2022. Cei opt au votat, \u00een Consiliul Local, \u00eempotriva unei hot\u0103r\u00e2ri prin care \u00ee\u0219i pierdeau mandatele de ale\u0219i locali. Cei opt consilieri sunt Ion Alexandru, Stan Florin Radu, \u0218erban Ionu\u021b, [&hellip;]","og_url":"https:\/\/buletin.de\/bucuresti\/opt-alesi-locali-de-la-popesti-leordeni-in-conflict-de-interese-au-respins-o-hotarare-de-consiliu-local-care-ii-viza\/","og_site_name":"Buletin de Bucure\u0219ti","article_publisher":"https:\/\/www.facebook.com\/buletin.de.buc","article_published_time":"2022-12-28T09:40:35+00:00","og_image":[{"width":400,"height":400,"url":"https:\/\/buletin.de\/bucuresti\/wp-content\/uploads\/2EBA4519-25B2-4CB1-AE78-0D50C2A735A4.jpeg","type":"image\/jpeg"}],"author":"Teodora Stroe","twitter_card":"summary_large_image","twitter_misc":{"Written by":"Teodora Stroe","Estimated reading time":"3 minutes"},"schema":{"@context":"https:\/\/schema.org","@graph":[{"@type":"Article","@id":"https:\/\/buletin.de\/bucuresti\/opt-alesi-locali-de-la-popesti-leordeni-in-conflict-de-interese-au-respins-o-hotarare-de-consiliu-local-care-ii-viza\/#article","isPartOf":{"@id":"https:\/\/buletin.de\/bucuresti\/opt-alesi-locali-de-la-popesti-leordeni-in-conflict-de-interese-au-respins-o-hotarare-de-consiliu-local-care-ii-viza\/"},"author":{"name":"Teodora Stroe","@id":"https:\/\/buletin.de\/bucuresti\/#\/schema\/person\/d369d7ddc775abece205795e0b804614"},"headline":"Opt ale\u0219i locali de la Pope\u0219ti Leordeni, \u00een conflict de interese. Au respins o hot\u0103r\u00e2re de Consiliu Local care \u00eei viza","datePublished":"2022-12-28T09:40:35+00:00","mainEntityOfPage":{"@id":"https:\/\/buletin.de\/bucuresti\/opt-alesi-locali-de-la-popesti-leordeni-in-conflict-de-interese-au-respins-o-hotarare-de-consiliu-local-care-ii-viza\/"},"wordCount":743,"publisher":{"@id":"https:\/\/buletin.de\/bucuresti\/#organization"},"image":{"@id":"https:\/\/buletin.de\/bucuresti\/opt-alesi-locali-de-la-popesti-leordeni-in-conflict-de-interese-au-respins-o-hotarare-de-consiliu-local-care-ii-viza\/#primaryimage"},"thumbnailUrl":"https:\/\/buletin.de\/bucuresti\/wp-content\/uploads\/2EBA4519-25B2-4CB1-AE78-0D50C2A735A4.jpeg","articleSection":["\u0218tiri"],"inLanguage":"en-GB","copyrightYear":"2022","copyrightHolder":{"@id":"https:\/\/buletin.de\/bucuresti\/#organization"}},{"@type":"WebPage","@id":"https:\/\/buletin.de\/bucuresti\/opt-alesi-locali-de-la-popesti-leordeni-in-conflict-de-interese-au-respins-o-hotarare-de-consiliu-local-care-ii-viza\/","url":"https:\/\/buletin.de\/bucuresti\/opt-alesi-locali-de-la-popesti-leordeni-in-conflict-de-interese-au-respins-o-hotarare-de-consiliu-local-care-ii-viza\/","name":"Opt ale\u0219i locali de la Pope\u0219ti Leordeni, \u00een conflict de interese. Au respins o hot\u0103r\u00e2re de Consiliu Local care \u00eei viza - Buletin de Bucure\u0219ti","isPartOf":{"@id":"https:\/\/buletin.de\/bucuresti\/#website"},"primaryImageOfPage":{"@id":"https:\/\/buletin.de\/bucuresti\/opt-alesi-locali-de-la-popesti-leordeni-in-conflict-de-interese-au-respins-o-hotarare-de-consiliu-local-care-ii-viza\/#primaryimage"},"image":{"@id":"https:\/\/buletin.de\/bucuresti\/opt-alesi-locali-de-la-popesti-leordeni-in-conflict-de-interese-au-respins-o-hotarare-de-consiliu-local-care-ii-viza\/#primaryimage"},"thumbnailUrl":"https:\/\/buletin.de\/bucuresti\/wp-content\/uploads\/2EBA4519-25B2-4CB1-AE78-0D50C2A735A4.jpeg","datePublished":"2022-12-28T09:40:35+00:00","breadcrumb":{"@id":"https:\/\/buletin.de\/bucuresti\/opt-alesi-locali-de-la-popesti-leordeni-in-conflict-de-interese-au-respins-o-hotarare-de-consiliu-local-care-ii-viza\/#breadcrumb"},"inLanguage":"en-GB","potentialAction":[{"@type":"ReadAction","target":["https:\/\/buletin.de\/bucuresti\/opt-alesi-locali-de-la-popesti-leordeni-in-conflict-de-interese-au-respins-o-hotarare-de-consiliu-local-care-ii-viza\/"]}]},{"@type":"ImageObject","inLanguage":"en-GB","@id":"https:\/\/buletin.de\/bucuresti\/opt-alesi-locali-de-la-popesti-leordeni-in-conflict-de-interese-au-respins-o-hotarare-de-consiliu-local-care-ii-viza\/#primaryimage","url":"https:\/\/buletin.de\/bucuresti\/wp-content\/uploads\/2EBA4519-25B2-4CB1-AE78-0D50C2A735A4.jpeg","contentUrl":"https:\/\/buletin.de\/bucuresti\/wp-content\/uploads\/2EBA4519-25B2-4CB1-AE78-0D50C2A735A4.jpeg","width":400,"height":400},{"@type":"BreadcrumbList","@id":"https:\/\/buletin.de\/bucuresti\/opt-alesi-locali-de-la-popesti-leordeni-in-conflict-de-interese-au-respins-o-hotarare-de-consiliu-local-care-ii-viza\/#breadcrumb","itemListElement":[{"@type":"ListItem","position":1,"name":"Acas\u0103","item":"https:\/\/buletin.de\/bucuresti\/"},{"@type":"ListItem","position":2,"name":"Opt ale\u0219i locali de la Pope\u0219ti Leordeni, \u00een conflict de interese. Au respins o hot\u0103r\u00e2re de Consiliu Local care \u00eei viza"}]},{"@type":"WebSite","@id":"https:\/\/buletin.de\/bucuresti\/#website","url":"https:\/\/buletin.de\/bucuresti\/","name":"Buletin de Bucure\u0219ti","description":"\u0218tiri \u0219i investiga\u021bii esen\u021biale din capital\u0103","publisher":{"@id":"https:\/\/buletin.de\/bucuresti\/#organization"},"potentialAction":[{"@type":"SearchAction","target":{"@type":"EntryPoint","urlTemplate":"https:\/\/buletin.de\/bucuresti\/?s={search_term_string}"},"query-input":{"@type":"PropertyValueSpecification","valueRequired":true,"valueName":"search_term_string"}}],"inLanguage":"en-GB"},{"@type":"Organization","@id":"https:\/\/buletin.de\/bucuresti\/#organization","name":"Buletin de Bucure\u0219ti","url":"https:\/\/buletin.de\/bucuresti\/","logo":{"@type":"ImageObject","inLanguage":"en-GB","@id":"https:\/\/buletin.de\/bucuresti\/#\/schema\/logo\/image\/","url":"https:\/\/buletin.de\/bucuresti\/wp-content\/uploads\/logo-bdb-full-wide-vernil-transparent.png","contentUrl":"https:\/\/buletin.de\/bucuresti\/wp-content\/uploads\/logo-bdb-full-wide-vernil-transparent.png","width":1782,"height":626,"caption":"Buletin de Bucure\u0219ti"},"image":{"@id":"https:\/\/buletin.de\/bucuresti\/#\/schema\/logo\/image\/"},"sameAs":["https:\/\/www.facebook.com\/buletin.de.buc","https:\/\/www.instagram.com\/buletinde.bucuresti\/"]},{"@type":"Person","@id":"https:\/\/buletin.de\/bucuresti\/#\/schema\/person\/d369d7ddc775abece205795e0b804614","name":"Teodora Stroe","image":{"@type":"ImageObject","inLanguage":"en-GB","@id":"https:\/\/secure.gravatar.com\/avatar\/2560b4cd9f5f1bc100b123158e657d75584bd1c3e1d9c69285720b9457c1b78d?s=96&d=monsterid&r=gc104800242ba5f2d78dd5d7dc4df08b6","url":"https:\/\/secure.gravatar.com\/avatar\/2560b4cd9f5f1bc100b123158e657d75584bd1c3e1d9c69285720b9457c1b78d?s=96&d=monsterid&r=g","contentUrl":"https:\/\/secure.gravatar.com\/avatar\/2560b4cd9f5f1bc100b123158e657d75584bd1c3e1d9c69285720b9457c1b78d?s=96&d=monsterid&r=g","caption":"Teodora Stroe"},"url":"https:\/\/buletin.de\/bucuresti\/author\/simonacarlugea\/"}]}},"authors":[{"term_id":22579,"user_id":18,"is_guest":0,"slug":"simonacarlugea","display_name":"Teodora Stroe","avatar_url":"https:\/\/secure.gravatar.com\/avatar\/2560b4cd9f5f1bc100b123158e657d75584bd1c3e1d9c69285720b9457c1b78d?s=96&d=monsterid&r=g","0":null,"1":"","2":"","3":"","4":"","5":"","6":"","7":"","8":""}],"_links":{"self":[{"href":"https:\/\/buletin.de\/bucuresti\/wp-json\/wp\/v2\/posts\/50453","targetHints":{"allow":["GET"]}}],"collection":[{"href":"https:\/\/buletin.de\/bucuresti\/wp-json\/wp\/v2\/posts"}],"about":[{"href":"https:\/\/buletin.de\/bucuresti\/wp-json\/wp\/v2\/types\/post"}],"author":[{"embeddable":true,"href":"https:\/\/buletin.de\/bucuresti\/wp-json\/wp\/v2\/users\/18"}],"replies":[{"embeddable":true,"href":"https:\/\/buletin.de\/bucuresti\/wp-json\/wp\/v2\/comments?post=50453"}],"version-history":[{"count":2,"href":"https:\/\/buletin.de\/bucuresti\/wp-json\/wp\/v2\/posts\/50453\/revisions"}],"predecessor-version":[{"id":50456,"href":"https:\/\/buletin.de\/bucuresti\/wp-json\/wp\/v2\/posts\/50453\/revisions\/50456"}],"wp:featuredmedia":[{"embeddable":true,"href":"https:\/\/buletin.de\/bucuresti\/wp-json\/wp\/v2\/media\/50459"}],"wp:attachment":[{"href":"https:\/\/buletin.de\/bucuresti\/wp-json\/wp\/v2\/media?parent=50453"}],"wp:term":[{"taxonomy":"category","embeddable":true,"href":"https:\/\/buletin.de\/bucuresti\/wp-json\/wp\/v2\/categories?post=50453"},{"taxonomy":"post_tag","embeddable":true,"href":"https:\/\/buletin.de\/bucuresti\/wp-json\/wp\/v2\/tags?post=50453"},{"taxonomy":"author","embeddable":true,"href":"https:\/\/buletin.de\/bucuresti\/wp-json\/wp\/v2\/ppma_author?post=50453"}],"curies":[{"name":"wp","href":"https:\/\/api.w.org\/{rel}","templated":true}]}}