{"id":50425,"date":"2022-12-28T12:01:56","date_gmt":"2022-12-28T10:01:56","guid":{"rendered":"https:\/\/buletin.de\/bucuresti\/?p=50425"},"modified":"2024-03-27T17:08:01","modified_gmt":"2024-03-27T15:08:01","slug":"procesul-vulcanescu-mutat-in-sedinta-consiliului-local-sector-nu-a-trecut-nici-de-data-aceasta","status":"publish","type":"post","link":"https:\/\/buletin.de\/bucuresti\/procesul-vulcanescu-mutat-in-sedinta-consiliului-local-sector-nu-a-trecut-nici-de-data-aceasta\/","title":{"rendered":""},"content":{"rendered":"\n<p>\u00cen \u0219edin\u021ba Consiliului Sector 2, de ast\u0103zi, va fi supus la vot un proiect de hot\u0103r\u00e2re care propune desfiin\u021barea bustului lui Mircea Vulc\u0103nescu din parcul Sf. \u0218tefan Propunerea, semnat\u0103 de consilierul local Feroiu Dumitru-Silviu, a st\u00e2rnit un val de reac\u021bii \u00een spa\u021biul public. De la scrisori deschise \u0219i peti\u021bii ale sus\u021bin\u0103torilor lui Vulc\u0103nescu pentru men\u021binerea statuii sale \u00een parc, la declara\u021bii pro demolare ale celor care \u00eel contest\u0103.<\/p>\n\n\n\n<blockquote class=\"wp-block-quote is-layout-flow wp-block-quote-is-layout-flow\"><p>Consider\u0103m obligatorie punerea \u00een aplicare de c\u0103tre administra\u021bia public\u0103 a prevederilor Art. 12 din O. U.G. nr. 311\/2022: &#8220;Se interzice ridicarea sau men\u021binerea \u00een locuri publice, cu excep\u021bia muzeelor, a unor statui, grupuri statuare, pl\u0103ci comemorative, referitoare la persoanele vinovate de s\u0103v\u00e2r\u0219irea infrac\u021biunilor de genocid contra umanit\u0103\u021bii \u015fi de crime de r\u0103zboi.&#8221;<\/p><cite>Proiect de hot\u0103r\u00e2re <\/cite><\/blockquote>\n\n\n\n<h2 class=\"wp-block-heading\">Cum justific\u0103 propunerea ini\u021biatorii?<\/h2>\n\n\n\n<p> Referatul prin care ini\u021biatorul proiectului justific\u0103 propunerea sa \u00eencepe cu urm\u0103toarea propozi\u021bie, \u00eengro\u0219at\u0103: <\/p>\n\n\n\n<p><em>\u201eMircea Vulc\u0103nescu a fost judecat \u0219i condamnat de Tribunalul Poporului \u00een 1945, respectiv 1946 PENTRU CRIME DE R\u0102ZBOI.\u201d<\/em> <\/p>\n\n\n\n<p>Se face referire apoi la decizia din 2019 a \u00cenaltei Cur\u021bi de Casa\u021bie \u0219i Justi\u021bie a Rom\u00e2niei care a respins cererea fiicei lui Mircea Vulc\u0103nescu, M\u0103riuca, de anulare a deciziei din 1946. Astfel a fost, \u00een fapt, recunoscut\u0103 hot\u0103r\u00e2rea judec\u0103torilor comuni\u0219ti \u00een Rom\u00e2nia de ast\u0103zi. <\/p>\n\n\n\n<p><\/p>\n\n\n\n<p>Mircea Vulc\u0103nescu a fost judecat \u0219i condamnat de Tribunalul Poporului \u00een 1946. \u00cen baza acestei condamn\u0103ri, persoana scriitorului intr\u0103 \u00een categoria celor \u201e<em>vinovate de s\u0103v\u00e2r\u015firea unor infrac\u0163iuni contra p\u0103cii \u015fi omenirii<\/em>\u201d, conform \u201elegii anti-fasciste\u201d, Legea nr. 217 din 23 iulie 2015.<\/p>\n\n\n\n<p>\u00cen baza acestor dou\u0103 acte legislative, cel conform c\u0103ruia cultul personalit\u0103\u021bilor vinovate de crime de r\u0103zboi, \u0219i cel conform c\u0103ruia Vulc\u0103nescu este o personalitate vinovat\u0103 de aceste crime, au fost formulate mai multe cereri de a elimina persoana scriitorului din \u201einfrastructura\u201d domeniului public, adic\u0103 din a redenumi liceul ce \u00eei poart\u0103 numele, \u0219i a desfin\u021ba bustul acestuia din parcul Sf. \u0218tefan<\/p>\n\n\n\n<p><strong>Despre Tribunalul Poporului<\/strong><\/p>\n\n\n\n<p>\u201eConven\u021bia de armisti\u021biu semnat\u0103 \u00eentre Rom\u00e2nia \u0219i puterile aliate (URSS, Marea Britanie \u0219i Statele Unite) la Moscova pe 12 septembrie 1944 prevedea la art. 14 \u201c<em>Guvernul \u0219i \u00cenaltul Comandament Rom\u00e2n se oblig\u0103 s\u0103 colaboreze cu \u00cenaltul Comandament Aliat (Sovietic), la arestarea \u0219i judecarea persoanelor acuzate de crime de r\u0103zboi &#8230; \u00een prim\u0103vara anului 1945 apare un decret-lege care vorbe\u0219te foarte clar despre pedepsirea criminalilor de r\u0103zboi &#8230; iar \u00een baza acestei legisla\u021bii apar Tribunalele Poporului\u201d<\/em> a spus Istoricul Marius Cazan, cercet\u0103tor la Institutul Na\u021bional pentru Studierea Holocaustului din Rom\u00e2nia&nbsp;&#8220;Elie Wiesel&#8221;, \u00eentr-un interviu acordat rfi.ro .<\/p>\n\n\n\n<h2 class=\"wp-block-heading\"><strong>Dialectica consiliilor locale<\/strong><\/h2>\n\n\n\n<p><strong>2017<\/strong><\/p>\n\n\n\n<p>Expunerea de motive a unei hot\u0103r\u00e2ri de a Consiliului Local Sector 4 din data de 18.07.2017 \u00eencepe cu propozi\u021bia <em>\u201eMircea Vulc\u0103nescu este un geniu al culturii rom\u00e2ne\u0219ti \u0219i una dintre cele mai str\u0103lucite min\u021bi ale genera\u021biei interbelice\u201d. <\/em>Continu\u0103 printr-o scurt\u0103 biografie menit\u0103 s\u0103 sublinieze importan\u021ba \u201emarelui om de cultur\u0103\u201d, nedrept\u0103\u021bit prin \u00eentemni\u021barea de c\u0103tre Securitate, trec\u00e2nd foarte sumar peste perioada sa politic\u0103, nead\u0103ug\u00e2nd nici m\u0103car un substantiv \u00een descrierea sa care s\u0103 trimit\u0103 la ea. Ne amintesc faptul c\u0103 este o personalitate dat\u0103 exemplu pentru argumentarea \u00een favoarea instituirii Legii nr. 127\/2017, menit\u0103 s\u0103 celebreze printr-o zi na\u021bional\u0103 <em>\u201emarii martiri din temni\u021bele comuniste\u201d<\/em>. \u0218i se termin\u0103 cu un citat din \u00eensu\u0219i Mircea Vulc\u0103nescu, din lucrarea <em>Ultimul cuv\u00e2nt<\/em>:&nbsp;<\/p>\n\n\n\n<blockquote class=\"wp-block-quote is-layout-flow wp-block-quote-is-layout-flow\"><p><em>\u201eOnorata curte poate s\u0103 hot\u0103reasc\u0103 \u00een privin\u021ba mea orice. Un singur lucru o pot asigura de pe acum, c\u00e2nd am \u00eenc\u0103 integritatea mea corporal\u0103 \u0219i a facult\u0103\u021bilor mele suflete\u0219ti: c\u0103 p\u00e2n\u0103 \u00een ultimul meu ceas, o s\u0103 dorm bine!\u201d <\/em><\/p><cite>Mircea Vulc\u0103nescu, \u201eUltimul cuv\u00e2nt\u201d, a\u0219a citat \u00een expunerea de motive<\/cite><\/blockquote>\n\n\n\n<p>Aceast\u0103 hot\u0103r\u00e2re viza abrogarea unei alte hot\u0103r\u00e2ri ce fusese adoptat\u0103 anterior, prin care Liceul Tehnologic \u201eMircea Vulc\u0103nescu\u201d urma s\u0103 fie redenumit \u00een \u201eTraian Popovici\u201d. Cea din urm\u0103 a fost la r\u00e2ndul ei adoptat\u0103.&nbsp;<\/p>\n\n\n\n<p>Decizia de a schimba numele a fost \u00eent\u00e2mpinat\u0103 de proteste, inclusiv o scrisoare deschis\u0103 semnat\u0103 de <em>\u201e10 academicieni \u0219i \u2026 sute de profesori universitari, sociologi, oameni de cultur\u0103\u201d \u0219.a.m.d.<\/em>, ce a fost invocat\u0103 de asemenea \u00een expunerea de motive.<\/p>\n\n\n\n<p>Ace\u0219tia au <em>\u201eaflat cu stupoare\u201d <\/em>c\u0103 Institutului Na\u0163ional pentru Studierea Holocaustului din Rom\u00e2nia \u201eElie Wiesel\u201d a cerut schimbarea numelui liceului, deoarece \u201e<em>motivul invocat este c\u0103 Mircea Vulc\u0103nescu a fost subsecretar de stat la Finan\u0163e \u00een guvernul Ion Antonescu. Asupra distinsului c\u0103rturar planeaz\u0103 acuza de criminal de r\u0103zboi.\u201d<\/em> Orice fel de argumentare \u00eempotriva lui Vulc\u0103nescu este descris\u0103 ca o <em>\u201ecampanie reduc\u021bionist\u0103 postdecembrist\u0103\u201d. <\/em>Ace\u0219tia adaug\u0103 <\/p>\n\n\n\n<p><em>\u201eVia\u0163a \u015fi opera acestor oameni exponen\u0163iali ai Rom\u00e2niei nu pot fi reduse la simpatiile lor de la un moment dat fa\u0163\u0103 de mi\u015fc\u0103rile de extrem\u0103 dreapt\u0103<\/em><a href=\"http:\/\/www.contemporanul.ro\/wp-content\/uploads\/2015\/09\/p-3-Constantin-Noica-conte-09.jpg\"><em> <\/em><\/a><em>sau, dup\u0103 caz, de extrem\u0103 st\u00e2ng\u0103 din Rom\u00e2nia \u015fi din Europa, \u015fi puse \u00een aceea\u015fi categorie cu ne\u00eendoielnic condamnabilele crime ale legionarilor sau ale regimului comunist.Denun\u021barea unui episod biografic reprobabil (accept\u0103m: uneori, nociv, dar pentru care s-a pl\u0103tit nu o dat\u0103 cu via\u021ba) nu poate fi extins\u0103 \u0219i asupra unei crea\u021bii care<\/em><a href=\"http:\/\/www.contemporanul.ro\/wp-content\/uploads\/2015\/02\/Mircea-eliade-foto-11.jpg\"><em> <\/em><\/a><em>se afl\u0103 dincolo de timp.<\/em>\u201d<\/p>\n\n\n\n<p><strong>2022<\/strong><\/p>\n\n\n\n<p>\u00cen continuare, \u00een paralel cu expunerea de motive din 2017 men\u021bionat\u0103 anterior, \u00een loc s\u0103 se concentreze pe biografia extins\u0103 a lui Vulc\u0103nescu, se concentreaz\u0103 pe rolul pe care acesta l-a avut \u00een guvernul Antonescu, unde <em>\u201ea participat la zeci de consilii de mini\u0219tri \u00een care s-au discutat aspecte ce \u021bin de preg\u0103tirea \u0219i luarea de decizii c\u00e2t de poate de practice pentru exterminarea popula\u021biei evreie\u0219ti \u0219i rome, pentru excluderea din societate a acestora, la care Mircea Vulc\u0103nescu a contribuit direct \u2026 \u00cen postura sa de subsecretar de stat \u00een ministerul finan\u021belor a fost implicat \u00een maniera \u00een care Banca Na\u021bional\u0103 \u0219i ministerul finan\u021belor au pus \u00een aplicare deposedarea de averi, bijuterii \u0219i de bani a evreilor deporta\u021bi \u00een Transnistria \u0219i a avut o contribu\u021bie la maniera rapid\u0103 \u00een care ace\u0219tia au pierit \u00een Transnistria\u201d.<\/em><\/p>\n\n\n\n<p>\u0218i de aceast\u0103 dat\u0103 exist\u0103 o reac\u021bie, manifestat\u0103 prin declara\u021bii \u0219i proteste, asem\u0103n\u0103toare celei din 2017.<\/p>\n\n\n\n<h2 class=\"wp-block-heading\">Reac\u021biile din spa\u021biul public, pe de-o parte\/\/ \u201eCampaniile reduc\u021bioniste postdecembriste\u201d<\/h2>\n\n\n\n<p><strong>\u00cen leg\u0103tur\u0103 cu consiliul de m\u00e2ine<\/strong><\/p>\n\n\n\n<p>Academicienii R\u0103zvan Theodorescu \u0219i Bogdan Simionescu au protestat luni, 26 decembrie, \u00eempotriva desfiin\u021b\u0103rii bustului lui Vulc\u0103nescu. \u00cen protestul transmis de Agerpres <em>\u201eAsist\u0103m la o nou\u0103 ac\u0163iune taliban\u0103 \u00eempotriva culturii rom\u00e2ne\u015fti. Mircea Vulc\u0103nescu nu r\u0103m\u00e2ne \u00een istoria noastr\u0103 ca un efemer subsecretar de stat \u00eentr-un guvern antonescian, ci ca un eminent g\u00e2nditor, sociolog \u015fi economist interbelic, mort \u00een t emni\u0163ele comuniste. Protest\u0103m \u00eempotriva acestei ac\u0163iuni inculte \u015fi atragem aten\u0163ia opiniei publice c\u0103 aceast\u0103 m\u0103sur\u0103 stalinist\u0103 de \u2018damnatio memoriae\u2019 prejudiciaz\u0103 grav locul bunei noastre a\u015fez\u0103ri europene\u201d.<\/em><\/p>\n\n\n\n<p>Sorin Lavric, Senator al Rom\u00e2nien din partea AUR, a reac\u021bionat \u0219i el pe tema acestui subiect. Lavric a declarat pozi\u021bia partidului ca fiind una indignat\u0103 fa\u021b\u0103 de acest \u201eatentat\u201d, spun\u00e2nd c\u0103 este \u201edureros\u201d faptul c\u0103 <em>\u201eedilii bucure\u0219teni se dovedesc a fi ni\u0219te unelte docile, lipsite de demnitate, de care se folosesc persecutorii ideologici de la Institutul \u201eElie Wiesel\u201d<\/em>. <\/p>\n\n\n\n<p><em>\u201eManiera de a proceda tr\u0103deaz\u0103 o viclenie caiafic\u0103 &#8230; fixarea \u0219edin\u021bei \u00een ultimele zile ale anului, profit\u00eend de \u00eemprejurarea c\u0103 rom\u00e2nilor, gra\u021bie exuberan\u021bei acestui r\u0103stimp, le st\u0103 mintea la Revelion \u0219i nu la politic\u0103, tr\u0103deaz\u0103 o inten\u021bie pe c\u00eet de malefic\u0103, pe at\u00eet de la\u0219\u0103\u201d.<\/em> De asemenea, Senatorul a ad\u0103ugat c, dac\u0103 ar fi dup\u0103 AUR, ar ad\u0103uga c\u00e2te o statuie cu Vulc\u0103nescu \u00een fiecare capital\u0103 de jude\u021b. <\/p>\n\n\n\n<p>Fostul so\u021b al artistei ce a sculptat statuia, Valentina Bostina, a apelat la Lavric pentru ajutor \u00een salvarea bustului.<\/p>\n\n\n\n<p><strong>Tot din 2022, \u00een leg\u0103tur\u0103 cu numele liceului<\/strong><\/p>\n\n\n\n<p>Gabriel Andreescu, activist \u0219i disident anticomunist, a postat pe contributors.ro, \u00een data de 9.11.2022 <em>\u201eDenigrarea lui Mircea Vulc\u0103nescu a fost programat\u0103 de mult \u0219i a urmat \u00een timp tactici din ce \u00een ce mai insidioase. Ast\u0103zi a p\u0103truns pe Wikipedia\u201d. <\/em>Acesta continu\u0103 prin a spune c\u0103 Vulc\u0103nescu nu a fost, de fapt, niciodat\u0103 \u201epolitician\u201d, \u0219i \u00eel atac\u0103 pe Alexandru Florian<em>, <\/em>directorul Institutul Na\u021bional pentru Studierea Holocaustului din Rom\u00e2nia <em>Elie Wiesel<\/em>.<\/p>\n\n\n\n<p>\u00centr-un articol 2017, Liviu Rotman, pentru Observatorul Cultural,  descrie o parte din acest atac: <em>\u201eun repro\u0219 hilar este c\u0103 acesta se ocup\u0103 de antisemitism, c\u00eend ar trebui s\u0103 se ocupe doar de Holocaust.<\/em>\u201d Liviu Rotman sublinieaz\u0103, se asemenea, \u201eobsesia consecvent\u0103\u201d (de unde \u0219i titlul articolului sau) a lui Gabriel Andreescu cu schimbarea numelui liceului, mai ales av\u00e2nd \u00een vedere c\u0103 nici Andreescu nu este nici o persoan\u0103 lipsit\u0103 de controve. <em>\u201eEl a r\u0103mas consecvent cu ceea ce eu numesc \u201elinia Andreescu\u201c \u2013 de minimalizare a Holocaustului.<\/em>\u201d spune Rotman, coleg la catedra SNSPA-ului \u00een momentul respectiv cu Andreescu, \u00een urma exemplific\u0103rii mai multor instan\u021be pe care le consider\u0103 cel pu\u021bin \u00eengrijor\u0103toare.<\/p>\n\n\n\n<div class=\"wp-block-columns is-layout-flex wp-container-core-columns-is-layout-9d6595d7 wp-block-columns-is-layout-flex\">\n<div class=\"wp-block-column is-layout-flow wp-block-column-is-layout-flow\" style=\"flex-basis:100%\">\n<div class=\"wp-block-coblocks-alert\" aria-label=\"Alert section\"><p class=\"wp-block-coblocks-alert__title\">LEGE nr. 217 din 23 iulie 2015, prin care se modifica OUG nr. 31 din 13 martie 2002 privind interzicerea organiza\u0163iilor \u015fi simbolurilor cu caracter fascist, rasist sau xenofob \u015fi a promov\u0103rii cultului persoanelor vinovate de s\u0103v\u00e2r\u015firea unor infrac\u0163iuni contra p\u0103cii \u015fi omenirii, publicat\u0103 \u00een Monitorul Oficial al Rom\u00e2niei, Partea I, nr. 214 din 28 martie 2002:<\/p><p class=\"wp-block-coblocks-alert__text\">&#8220;Art. 12. &#8211; Se interzice ridicarea sau men\u0163inerea \u00een locuri publice, cu excep\u0163ia muzeelor, a unor statui, grupuri statuare, pl\u0103ci comemorative, referitoare la persoanele vinovate de s\u0103v\u00e2r\u015firea infrac\u0163iunilor de genocid contra umanit\u0103\u0163ii \u015fi de crime de r\u0103zboi.&#8221;<br><br>\u201ec) <em>prin persoan\u0103 vinovat\u0103 de s\u0103v\u00e2r\u015firea unor infrac\u0163iuni contra p\u0103cii \u015fi omenirii<\/em> se \u00een\u0163elege orice persoan\u0103 condamnat\u0103 definitiv de c\u0103tre o instan\u0163\u0103 judec\u0103toreasc\u0103 rom\u00e2n\u0103 sau str\u0103in\u0103, printr-o hot\u0103r\u00e2re recunoscut\u0103 potrivit legii, pentru una sau mai multe infrac\u0163iuni contra p\u0103cii \u015fi omenirii, precum \u015fi orice persoan\u0103 condamnat\u0103 de c\u0103tre o instan\u0163\u0103 penal\u0103 interna\u0163ional\u0103 pentru crime de r\u0103zboi sau crime contra umanit\u0103\u0163ii;\u201d<\/p><\/div>\n<\/div>\n<\/div>\n\n\n\n<h2 class=\"wp-block-heading\">INSHR \u00een \u0219i despre spa\u021biul public &#8211; Alexandru Florian despre Vulc\u0103nescu \u0219i fenomenul de martirizare <\/h2>\n\n\n\n<p><em>\u201eAntonescu \u00eemp\u0103rt\u0103\u0219ea cu legionarii ideea c\u0103 Rom\u00e2nia avea o \u201eproblem\u0103 evreiasc\u0103\u201d care trebuia rezolvat\u0103 rapid \u0219i radical \u0219i c\u0103 legile \u0219i politicile disuasive \u00eencercate timp de un secol se dovediser\u0103 ineficiente \u00een a provoca dezangajarea socio-economic\u0103 a evreilor \u0219i emigrarea lor. Dincolo de datele fundamentale ale consensului antisemit, existau diferen\u021be de tactic\u0103. Fa\u021b\u0103 de politica de asalt, revolu\u021bionar\u0103, bazat\u0103 pe violen\u021b\u0103 fizic\u0103, dezl\u0103n\u021buit\u0103, extra-statal\u0103 a legionarilor, Antonescu propune un gradualism tacit \u0219i practic, organizat, coordonat de stat \u0219i institu\u021bii, mai pu\u021bin vizibil, dar mai eficient. Antonescu va avea ocazia s\u0103 aplice tactica sa din a doua parte a anului 1941, iar rezultantul au fost \u00een jur de 300.000 de evrei uci\u0219i ca urmare a particip\u0103rii Rom\u00e2niei \u00een Holocaust.\u201d <\/em>a scris istoricul Adrian Ciofl\u00e2nc\u0103 \u00eentr-un articol publicat pe Scena9.  <\/p>\n\n\n\n<p><em>\u201eMinimalizarea este capcana modera\u021biei, forma ei corupt\u0103. Exist\u0103 o lung\u0103 tradi\u021bie \u00een a minimaliza extremismul\u201d<\/em> Adrian Ciof\u00e2nc\u0103<\/p>\n\n\n\n<p><\/p>\n\n\n\n<p>Marius Cazan <em>\u201eDe obicei sunt adeptul nuan\u021belor, al nuan\u021belor bine precizate, dar \u00een cazul acesta nu este nevoie de prea multe nuan\u021be\u201d.<\/em> rif<\/p>\n\n\n\n<p><em>\u201eCred c\u0103 administra\u0163ia din Sector 2 \u015fi-a dat seama c\u0103 prezen\u0163a \u00een spa\u0163iul public a unui monument dedicat unei persoane condamnate pentru crime de r\u0103zboi este o situa\u0163ie \u00een afara legii \u015fi doresc s\u0103 \u00eendrepte aceast\u0103 situa\u0163ie. Nu \u015ftiu de ce administra\u0163ia Sectorul 4 nu a dus la cap\u0103t demersul din 2017. \u015ei acolo situa\u0163ia este similar\u0103. Pot doar s\u0103 speculez c\u0103 lipsa voin\u0163ei politice c\u00e2nt\u0103re\u015fte destul de mult atunci c\u00e2nd politicienii sunt pu\u015fi \u00een fa\u0163a unor decizii care st\u00e2rnesc critica unora dintre membrii societ\u0103\u0163ii\u201d<\/em><\/p>\n\n\n\n<p><em>\u201eDincolo de argumentele celor care \u00eendeamn\u0103 la nerespectarea legii sau \u00eencearc\u0103 s\u0103-l prezinte pe Mircea Vulc\u0103nescu \u00eentr-o lumin\u0103 aproape hagiografic\u0103, dincolo de opinii, p\u0103reri \u015fi puncte de vedere ale diverselor entit\u0103\u0163i (inclusiv Academia Rom\u00e2n\u0103), legile \u015fi hot\u0103r\u00e2rile judec\u0103tore\u015fti trebuie respectate. Este irelevant \u00een aceast\u0103 situa\u0163ia c\u00e2t de mare scriitor sau om de cultur\u0103 a fost Vulc\u0103nescu, c\u00e2t de vocali sau de mul\u0163i sunt cei care consider\u0103 c\u0103 Vulc\u0103nescu are dreptul la cult public.\u201d<\/em><\/p>\n\n\n\n<p><em>\u201eFaptul c\u0103 autorit\u0103\u0163ile statului aleg s\u0103 respecte \u015fi s\u0103 aplice legea aleatoriu \u015fi c\u0103 dureaz\u0103 nepermis de mult \u00eendreptarea unor erori precum cele legate de cultul lui Mircea Vulc\u0103nescu arat\u0103 c\u0103 faptele istorice nu sunt pe deplin cunoscute \u015fi interiorizate de c\u0103tre societate \u00een ansamblul s\u0103u \u015fi \u00een particular de c\u0103tre administra\u0163iile locale. Discu\u0163ia despre responsabilitatea pentru Holocaustul din Rom\u00e2nia, la nivelul cunoa\u015fterii comune, este foarte la \u00eenceput \u015fi se rezum\u0103 eventual la identificarea lui Ion Antonescu drept unic responsabil. Personal \u00eemi e destul de greu s\u0103 \u00een\u0163eleg cum este posibil ca un membru al guvernului Antonescu din ianuarie 1941 p\u00e2n\u0103 \u00een august 1944, cum este cazul lui Vulc\u0103nescu, poate s\u0103 aib\u0103 ast\u0103zi parte de un cult public, \u015fi asta indiferent de meritele sale culturale sau de tragismul destinului s\u0103u \u00een deten\u0163ie.\u201d<\/em><\/p>\n\n\n\n<p><em>\u201e\u00cemi pare c\u0103 manifest\u0103rile \u015fi ac\u0163iunile celor care au o agend\u0103 de extrem\u0103 dreapta sunt din ce \u00een ce mai dese \u015fi mai \u00eendr\u0103zne\u0163e. U\u015for, u\u015for frust\u0103rile \u015fi nara\u0163iunile de ur\u0103 \u015fi intoleran\u0163\u0103 nu mai sunt prezente doar \u00een mediul online, ci migreaz\u0103 \u015fi c\u0103tre manifest\u0103ri \u015fi adun\u0103ri publice. Sub umbrela mare a manifest\u0103rilor numite generic na\u0163ionaliste se ad\u0103postesc tot felul de atitudini \u015fi idei toxice \u00eendreptate \u00eempotriva diverselor grupuri vulnerabile, precum minorit\u0103\u0163ile etnice sau sexuale. De multe ori acelea\u015fi grupuri sunt \u00een prima linie la manifest\u0103rile dedicate \u201esfin\u0163ilor \u00eenchisorilor\u201d sau lupt\u0103torilor anticomuni\u015fti, dar aici merit\u0103 men\u0163ionat c\u0103 acei lupt\u0103tori anticomuni\u015fti care sunt sunt sco\u015fi \u00een fa\u0163\u0103 \u015fi prezenta\u0163i drept modele sunt cu prec\u0103dere membrii ai Mi\u015fc\u0103rii Legionare. Ceea ce pre\u0163uiesc aceste organiza\u0163ii nu este anticomunismul, ci anticomunismul fasci\u015ftilor din Rom\u00e2nia anilor 30-40\u201d.<\/em><\/p>\n\n\n\n<p><\/p>\n","protected":false},"excerpt":{"rendered":"<p>\u00cen \u0219edin\u021ba Consiliului Sector 2, de ast\u0103zi, va fi supus la vot un proiect de hot\u0103r\u00e2re care propune desfiin\u021barea bustului lui Mircea Vulc\u0103nescu din parcul Sf. \u0218tefan Propunerea, semnat\u0103 de consilierul local Feroiu Dumitru-Silviu, a st\u00e2rnit un val de reac\u021bii \u00een spa\u021biul public. De la scrisori deschise \u0219i peti\u021bii ale sus\u021bin\u0103torilor lui Vulc\u0103nescu pentru men\u021binerea [&hellip;]<\/p>\n","protected":false},"author":47,"featured_media":50488,"comment_status":"closed","ping_status":"open","sticky":false,"template":"","format":"standard","meta":{"_acf_changed":false,"inline_featured_image":false,"ngg_post_thumbnail":0,"footnotes":""},"categories":[62],"tags":[],"ppma_author":[22580],"class_list":["post-50425","post","type-post","status-publish","format-standard","has-post-thumbnail","hentry","category-stiri"],"acf":[],"yoast_head":"<!-- This site is optimized with the Yoast SEO Premium plugin v25.3 (Yoast SEO v27.4) - https:\/\/yoast.com\/product\/yoast-seo-premium-wordpress\/ -->\n<title>- Buletin de Bucure\u0219ti<\/title>\n<meta name=\"robots\" content=\"index, follow, max-snippet:-1, max-image-preview:large, max-video-preview:-1\" \/>\n<link rel=\"canonical\" href=\"https:\/\/buletin.de\/bucuresti\/procesul-vulcanescu-mutat-in-sedinta-consiliului-local-sector-nu-a-trecut-nici-de-data-aceasta\/\" \/>\n<meta property=\"og:locale\" content=\"en_GB\" \/>\n<meta property=\"og:type\" content=\"article\" \/>\n<meta property=\"og:description\" content=\"\u00cen \u0219edin\u021ba Consiliului Sector 2, de ast\u0103zi, va fi supus la vot un proiect de hot\u0103r\u00e2re care propune desfiin\u021barea bustului lui Mircea Vulc\u0103nescu din parcul Sf. \u0218tefan Propunerea, semnat\u0103 de consilierul local Feroiu Dumitru-Silviu, a st\u00e2rnit un val de reac\u021bii \u00een spa\u021biul public. De la scrisori deschise \u0219i peti\u021bii ale sus\u021bin\u0103torilor lui Vulc\u0103nescu pentru men\u021binerea [&hellip;]\" \/>\n<meta property=\"og:url\" content=\"https:\/\/buletin.de\/bucuresti\/procesul-vulcanescu-mutat-in-sedinta-consiliului-local-sector-nu-a-trecut-nici-de-data-aceasta\/\" \/>\n<meta property=\"og:site_name\" content=\"Buletin de Bucure\u0219ti\" \/>\n<meta property=\"article:publisher\" content=\"https:\/\/www.facebook.com\/buletin.de.buc\" \/>\n<meta property=\"article:published_time\" content=\"2022-12-28T10:01:56+00:00\" \/>\n<meta property=\"article:modified_time\" content=\"2024-03-27T15:08:01+00:00\" \/>\n<meta property=\"og:image\" content=\"https:\/\/buletin.de\/bucuresti\/wp-content\/uploads\/art-img1-1987021-vulcanescu-mircea001.jpg\" \/>\n\t<meta property=\"og:image:width\" content=\"800\" \/>\n\t<meta property=\"og:image:height\" content=\"1068\" \/>\n\t<meta property=\"og:image:type\" content=\"image\/jpeg\" \/>\n<meta name=\"author\" content=\"Adina C\u0103p\u00eelnean\" \/>\n<meta name=\"twitter:card\" content=\"summary_large_image\" \/>\n<meta name=\"twitter:label1\" content=\"Written by\" \/>\n\t<meta name=\"twitter:data1\" content=\"Adina C\u0103p\u00eelnean\" \/>\n\t<meta name=\"twitter:label2\" content=\"Estimated reading time\" \/>\n\t<meta name=\"twitter:data2\" content=\"6 minutes\" \/>\n<script type=\"application\/ld+json\" class=\"yoast-schema-graph\">{\"@context\":\"https:\\\/\\\/schema.org\",\"@graph\":[{\"@type\":\"Article\",\"@id\":\"https:\\\/\\\/buletin.de\\\/bucuresti\\\/procesul-vulcanescu-mutat-in-sedinta-consiliului-local-sector-nu-a-trecut-nici-de-data-aceasta\\\/#article\",\"isPartOf\":{\"@id\":\"https:\\\/\\\/buletin.de\\\/bucuresti\\\/procesul-vulcanescu-mutat-in-sedinta-consiliului-local-sector-nu-a-trecut-nici-de-data-aceasta\\\/\"},\"author\":{\"name\":\"Adina C\u0103p\u00eelnean\",\"@id\":\"https:\\\/\\\/buletin.de\\\/bucuresti\\\/#\\\/schema\\\/person\\\/ab174cf6711728e4ee83d672acf9a912\"},\"headline\":\"No title\",\"datePublished\":\"2022-12-28T10:01:56+00:00\",\"dateModified\":\"2024-03-27T15:08:01+00:00\",\"mainEntityOfPage\":{\"@id\":\"https:\\\/\\\/buletin.de\\\/bucuresti\\\/procesul-vulcanescu-mutat-in-sedinta-consiliului-local-sector-nu-a-trecut-nici-de-data-aceasta\\\/\"},\"wordCount\":2442,\"publisher\":{\"@id\":\"https:\\\/\\\/buletin.de\\\/bucuresti\\\/#organization\"},\"image\":{\"@id\":\"https:\\\/\\\/buletin.de\\\/bucuresti\\\/procesul-vulcanescu-mutat-in-sedinta-consiliului-local-sector-nu-a-trecut-nici-de-data-aceasta\\\/#primaryimage\"},\"thumbnailUrl\":\"https:\\\/\\\/buletin.de\\\/bucuresti\\\/wp-content\\\/uploads\\\/art-img1-1987021-vulcanescu-mircea001.jpg\",\"articleSection\":[\"\u0218tiri\"],\"inLanguage\":\"en-GB\",\"copyrightYear\":\"2022\",\"copyrightHolder\":{\"@id\":\"https:\\\/\\\/buletin.de\\\/bucuresti\\\/#organization\"}},{\"@type\":\"WebPage\",\"@id\":\"https:\\\/\\\/buletin.de\\\/bucuresti\\\/procesul-vulcanescu-mutat-in-sedinta-consiliului-local-sector-nu-a-trecut-nici-de-data-aceasta\\\/\",\"url\":\"https:\\\/\\\/buletin.de\\\/bucuresti\\\/procesul-vulcanescu-mutat-in-sedinta-consiliului-local-sector-nu-a-trecut-nici-de-data-aceasta\\\/\",\"name\":\"- Buletin de Bucure\u0219ti\",\"isPartOf\":{\"@id\":\"https:\\\/\\\/buletin.de\\\/bucuresti\\\/#website\"},\"primaryImageOfPage\":{\"@id\":\"https:\\\/\\\/buletin.de\\\/bucuresti\\\/procesul-vulcanescu-mutat-in-sedinta-consiliului-local-sector-nu-a-trecut-nici-de-data-aceasta\\\/#primaryimage\"},\"image\":{\"@id\":\"https:\\\/\\\/buletin.de\\\/bucuresti\\\/procesul-vulcanescu-mutat-in-sedinta-consiliului-local-sector-nu-a-trecut-nici-de-data-aceasta\\\/#primaryimage\"},\"thumbnailUrl\":\"https:\\\/\\\/buletin.de\\\/bucuresti\\\/wp-content\\\/uploads\\\/art-img1-1987021-vulcanescu-mircea001.jpg\",\"datePublished\":\"2022-12-28T10:01:56+00:00\",\"dateModified\":\"2024-03-27T15:08:01+00:00\",\"inLanguage\":\"en-GB\",\"potentialAction\":[{\"@type\":\"ReadAction\",\"target\":[\"https:\\\/\\\/buletin.de\\\/bucuresti\\\/procesul-vulcanescu-mutat-in-sedinta-consiliului-local-sector-nu-a-trecut-nici-de-data-aceasta\\\/\"]}]},{\"@type\":\"ImageObject\",\"inLanguage\":\"en-GB\",\"@id\":\"https:\\\/\\\/buletin.de\\\/bucuresti\\\/procesul-vulcanescu-mutat-in-sedinta-consiliului-local-sector-nu-a-trecut-nici-de-data-aceasta\\\/#primaryimage\",\"url\":\"https:\\\/\\\/buletin.de\\\/bucuresti\\\/wp-content\\\/uploads\\\/art-img1-1987021-vulcanescu-mircea001.jpg\",\"contentUrl\":\"https:\\\/\\\/buletin.de\\\/bucuresti\\\/wp-content\\\/uploads\\\/art-img1-1987021-vulcanescu-mircea001.jpg\",\"width\":800,\"height\":1068},{\"@type\":\"WebSite\",\"@id\":\"https:\\\/\\\/buletin.de\\\/bucuresti\\\/#website\",\"url\":\"https:\\\/\\\/buletin.de\\\/bucuresti\\\/\",\"name\":\"Buletin de Bucure\u0219ti\",\"description\":\"\u0218tiri \u0219i investiga\u021bii esen\u021biale din capital\u0103\",\"publisher\":{\"@id\":\"https:\\\/\\\/buletin.de\\\/bucuresti\\\/#organization\"},\"potentialAction\":[{\"@type\":\"SearchAction\",\"target\":{\"@type\":\"EntryPoint\",\"urlTemplate\":\"https:\\\/\\\/buletin.de\\\/bucuresti\\\/?s={search_term_string}\"},\"query-input\":{\"@type\":\"PropertyValueSpecification\",\"valueRequired\":true,\"valueName\":\"search_term_string\"}}],\"inLanguage\":\"en-GB\"},{\"@type\":\"Organization\",\"@id\":\"https:\\\/\\\/buletin.de\\\/bucuresti\\\/#organization\",\"name\":\"Buletin de Bucure\u0219ti\",\"url\":\"https:\\\/\\\/buletin.de\\\/bucuresti\\\/\",\"logo\":{\"@type\":\"ImageObject\",\"inLanguage\":\"en-GB\",\"@id\":\"https:\\\/\\\/buletin.de\\\/bucuresti\\\/#\\\/schema\\\/logo\\\/image\\\/\",\"url\":\"https:\\\/\\\/buletin.de\\\/bucuresti\\\/wp-content\\\/uploads\\\/logo-bdb-full-wide-vernil-transparent.png\",\"contentUrl\":\"https:\\\/\\\/buletin.de\\\/bucuresti\\\/wp-content\\\/uploads\\\/logo-bdb-full-wide-vernil-transparent.png\",\"width\":1782,\"height\":626,\"caption\":\"Buletin de Bucure\u0219ti\"},\"image\":{\"@id\":\"https:\\\/\\\/buletin.de\\\/bucuresti\\\/#\\\/schema\\\/logo\\\/image\\\/\"},\"sameAs\":[\"https:\\\/\\\/www.facebook.com\\\/buletin.de.buc\",\"https:\\\/\\\/www.instagram.com\\\/buletinde.bucuresti\\\/\"]},{\"@type\":\"Person\",\"@id\":\"https:\\\/\\\/buletin.de\\\/bucuresti\\\/#\\\/schema\\\/person\\\/ab174cf6711728e4ee83d672acf9a912\",\"name\":\"Adina C\u0103p\u00eelnean\",\"image\":{\"@type\":\"ImageObject\",\"inLanguage\":\"en-GB\",\"@id\":\"https:\\\/\\\/secure.gravatar.com\\\/avatar\\\/4fe9675d6282fd7c1aa4e486a037d532d5728fc16a30360f293eb6126b2e73ad?s=96&d=monsterid&r=ge2b23868508aec3460d3c6a11d3b599a\",\"url\":\"https:\\\/\\\/secure.gravatar.com\\\/avatar\\\/4fe9675d6282fd7c1aa4e486a037d532d5728fc16a30360f293eb6126b2e73ad?s=96&d=monsterid&r=g\",\"contentUrl\":\"https:\\\/\\\/secure.gravatar.com\\\/avatar\\\/4fe9675d6282fd7c1aa4e486a037d532d5728fc16a30360f293eb6126b2e73ad?s=96&d=monsterid&r=g\",\"caption\":\"Adina C\u0103p\u00eelnean\"},\"url\":\"https:\\\/\\\/buletin.de\\\/bucuresti\\\/author\\\/adinacapilnean\\\/\"}]}<\/script>\n<!-- \/ Yoast SEO Premium plugin. -->","yoast_head_json":{"title":"- Buletin de Bucure\u0219ti","robots":{"index":"index","follow":"follow","max-snippet":"max-snippet:-1","max-image-preview":"max-image-preview:large","max-video-preview":"max-video-preview:-1"},"canonical":"https:\/\/buletin.de\/bucuresti\/procesul-vulcanescu-mutat-in-sedinta-consiliului-local-sector-nu-a-trecut-nici-de-data-aceasta\/","og_locale":"en_GB","og_type":"article","og_description":"\u00cen \u0219edin\u021ba Consiliului Sector 2, de ast\u0103zi, va fi supus la vot un proiect de hot\u0103r\u00e2re care propune desfiin\u021barea bustului lui Mircea Vulc\u0103nescu din parcul Sf. \u0218tefan Propunerea, semnat\u0103 de consilierul local Feroiu Dumitru-Silviu, a st\u00e2rnit un val de reac\u021bii \u00een spa\u021biul public. De la scrisori deschise \u0219i peti\u021bii ale sus\u021bin\u0103torilor lui Vulc\u0103nescu pentru men\u021binerea [&hellip;]","og_url":"https:\/\/buletin.de\/bucuresti\/procesul-vulcanescu-mutat-in-sedinta-consiliului-local-sector-nu-a-trecut-nici-de-data-aceasta\/","og_site_name":"Buletin de Bucure\u0219ti","article_publisher":"https:\/\/www.facebook.com\/buletin.de.buc","article_published_time":"2022-12-28T10:01:56+00:00","article_modified_time":"2024-03-27T15:08:01+00:00","og_image":[{"width":800,"height":1068,"url":"https:\/\/buletin.de\/bucuresti\/wp-content\/uploads\/art-img1-1987021-vulcanescu-mircea001.jpg","type":"image\/jpeg"}],"author":"Adina C\u0103p\u00eelnean","twitter_card":"summary_large_image","twitter_misc":{"Written by":"Adina C\u0103p\u00eelnean","Estimated reading time":"6 minutes"},"schema":{"@context":"https:\/\/schema.org","@graph":[{"@type":"Article","@id":"https:\/\/buletin.de\/bucuresti\/procesul-vulcanescu-mutat-in-sedinta-consiliului-local-sector-nu-a-trecut-nici-de-data-aceasta\/#article","isPartOf":{"@id":"https:\/\/buletin.de\/bucuresti\/procesul-vulcanescu-mutat-in-sedinta-consiliului-local-sector-nu-a-trecut-nici-de-data-aceasta\/"},"author":{"name":"Adina C\u0103p\u00eelnean","@id":"https:\/\/buletin.de\/bucuresti\/#\/schema\/person\/ab174cf6711728e4ee83d672acf9a912"},"headline":"No title","datePublished":"2022-12-28T10:01:56+00:00","dateModified":"2024-03-27T15:08:01+00:00","mainEntityOfPage":{"@id":"https:\/\/buletin.de\/bucuresti\/procesul-vulcanescu-mutat-in-sedinta-consiliului-local-sector-nu-a-trecut-nici-de-data-aceasta\/"},"wordCount":2442,"publisher":{"@id":"https:\/\/buletin.de\/bucuresti\/#organization"},"image":{"@id":"https:\/\/buletin.de\/bucuresti\/procesul-vulcanescu-mutat-in-sedinta-consiliului-local-sector-nu-a-trecut-nici-de-data-aceasta\/#primaryimage"},"thumbnailUrl":"https:\/\/buletin.de\/bucuresti\/wp-content\/uploads\/art-img1-1987021-vulcanescu-mircea001.jpg","articleSection":["\u0218tiri"],"inLanguage":"en-GB","copyrightYear":"2022","copyrightHolder":{"@id":"https:\/\/buletin.de\/bucuresti\/#organization"}},{"@type":"WebPage","@id":"https:\/\/buletin.de\/bucuresti\/procesul-vulcanescu-mutat-in-sedinta-consiliului-local-sector-nu-a-trecut-nici-de-data-aceasta\/","url":"https:\/\/buletin.de\/bucuresti\/procesul-vulcanescu-mutat-in-sedinta-consiliului-local-sector-nu-a-trecut-nici-de-data-aceasta\/","name":"- Buletin de Bucure\u0219ti","isPartOf":{"@id":"https:\/\/buletin.de\/bucuresti\/#website"},"primaryImageOfPage":{"@id":"https:\/\/buletin.de\/bucuresti\/procesul-vulcanescu-mutat-in-sedinta-consiliului-local-sector-nu-a-trecut-nici-de-data-aceasta\/#primaryimage"},"image":{"@id":"https:\/\/buletin.de\/bucuresti\/procesul-vulcanescu-mutat-in-sedinta-consiliului-local-sector-nu-a-trecut-nici-de-data-aceasta\/#primaryimage"},"thumbnailUrl":"https:\/\/buletin.de\/bucuresti\/wp-content\/uploads\/art-img1-1987021-vulcanescu-mircea001.jpg","datePublished":"2022-12-28T10:01:56+00:00","dateModified":"2024-03-27T15:08:01+00:00","inLanguage":"en-GB","potentialAction":[{"@type":"ReadAction","target":["https:\/\/buletin.de\/bucuresti\/procesul-vulcanescu-mutat-in-sedinta-consiliului-local-sector-nu-a-trecut-nici-de-data-aceasta\/"]}]},{"@type":"ImageObject","inLanguage":"en-GB","@id":"https:\/\/buletin.de\/bucuresti\/procesul-vulcanescu-mutat-in-sedinta-consiliului-local-sector-nu-a-trecut-nici-de-data-aceasta\/#primaryimage","url":"https:\/\/buletin.de\/bucuresti\/wp-content\/uploads\/art-img1-1987021-vulcanescu-mircea001.jpg","contentUrl":"https:\/\/buletin.de\/bucuresti\/wp-content\/uploads\/art-img1-1987021-vulcanescu-mircea001.jpg","width":800,"height":1068},{"@type":"WebSite","@id":"https:\/\/buletin.de\/bucuresti\/#website","url":"https:\/\/buletin.de\/bucuresti\/","name":"Buletin de Bucure\u0219ti","description":"\u0218tiri \u0219i investiga\u021bii esen\u021biale din capital\u0103","publisher":{"@id":"https:\/\/buletin.de\/bucuresti\/#organization"},"potentialAction":[{"@type":"SearchAction","target":{"@type":"EntryPoint","urlTemplate":"https:\/\/buletin.de\/bucuresti\/?s={search_term_string}"},"query-input":{"@type":"PropertyValueSpecification","valueRequired":true,"valueName":"search_term_string"}}],"inLanguage":"en-GB"},{"@type":"Organization","@id":"https:\/\/buletin.de\/bucuresti\/#organization","name":"Buletin de Bucure\u0219ti","url":"https:\/\/buletin.de\/bucuresti\/","logo":{"@type":"ImageObject","inLanguage":"en-GB","@id":"https:\/\/buletin.de\/bucuresti\/#\/schema\/logo\/image\/","url":"https:\/\/buletin.de\/bucuresti\/wp-content\/uploads\/logo-bdb-full-wide-vernil-transparent.png","contentUrl":"https:\/\/buletin.de\/bucuresti\/wp-content\/uploads\/logo-bdb-full-wide-vernil-transparent.png","width":1782,"height":626,"caption":"Buletin de Bucure\u0219ti"},"image":{"@id":"https:\/\/buletin.de\/bucuresti\/#\/schema\/logo\/image\/"},"sameAs":["https:\/\/www.facebook.com\/buletin.de.buc","https:\/\/www.instagram.com\/buletinde.bucuresti\/"]},{"@type":"Person","@id":"https:\/\/buletin.de\/bucuresti\/#\/schema\/person\/ab174cf6711728e4ee83d672acf9a912","name":"Adina C\u0103p\u00eelnean","image":{"@type":"ImageObject","inLanguage":"en-GB","@id":"https:\/\/secure.gravatar.com\/avatar\/4fe9675d6282fd7c1aa4e486a037d532d5728fc16a30360f293eb6126b2e73ad?s=96&d=monsterid&r=ge2b23868508aec3460d3c6a11d3b599a","url":"https:\/\/secure.gravatar.com\/avatar\/4fe9675d6282fd7c1aa4e486a037d532d5728fc16a30360f293eb6126b2e73ad?s=96&d=monsterid&r=g","contentUrl":"https:\/\/secure.gravatar.com\/avatar\/4fe9675d6282fd7c1aa4e486a037d532d5728fc16a30360f293eb6126b2e73ad?s=96&d=monsterid&r=g","caption":"Adina C\u0103p\u00eelnean"},"url":"https:\/\/buletin.de\/bucuresti\/author\/adinacapilnean\/"}]}},"authors":[{"term_id":22580,"user_id":47,"is_guest":0,"slug":"adinacapilnean","display_name":"Adina C\u0103p\u00eelnean","avatar_url":"https:\/\/secure.gravatar.com\/avatar\/4fe9675d6282fd7c1aa4e486a037d532d5728fc16a30360f293eb6126b2e73ad?s=96&d=monsterid&r=g","0":null,"1":"","2":"","3":"","4":"","5":"","6":"","7":"","8":""}],"_links":{"self":[{"href":"https:\/\/buletin.de\/bucuresti\/wp-json\/wp\/v2\/posts\/50425","targetHints":{"allow":["GET"]}}],"collection":[{"href":"https:\/\/buletin.de\/bucuresti\/wp-json\/wp\/v2\/posts"}],"about":[{"href":"https:\/\/buletin.de\/bucuresti\/wp-json\/wp\/v2\/types\/post"}],"author":[{"embeddable":true,"href":"https:\/\/buletin.de\/bucuresti\/wp-json\/wp\/v2\/users\/47"}],"replies":[{"embeddable":true,"href":"https:\/\/buletin.de\/bucuresti\/wp-json\/wp\/v2\/comments?post=50425"}],"version-history":[{"count":42,"href":"https:\/\/buletin.de\/bucuresti\/wp-json\/wp\/v2\/posts\/50425\/revisions"}],"predecessor-version":[{"id":81163,"href":"https:\/\/buletin.de\/bucuresti\/wp-json\/wp\/v2\/posts\/50425\/revisions\/81163"}],"wp:featuredmedia":[{"embeddable":true,"href":"https:\/\/buletin.de\/bucuresti\/wp-json\/wp\/v2\/media\/50488"}],"wp:attachment":[{"href":"https:\/\/buletin.de\/bucuresti\/wp-json\/wp\/v2\/media?parent=50425"}],"wp:term":[{"taxonomy":"category","embeddable":true,"href":"https:\/\/buletin.de\/bucuresti\/wp-json\/wp\/v2\/categories?post=50425"},{"taxonomy":"post_tag","embeddable":true,"href":"https:\/\/buletin.de\/bucuresti\/wp-json\/wp\/v2\/tags?post=50425"},{"taxonomy":"author","embeddable":true,"href":"https:\/\/buletin.de\/bucuresti\/wp-json\/wp\/v2\/ppma_author?post=50425"}],"curies":[{"name":"wp","href":"https:\/\/api.w.org\/{rel}","templated":true}]}}