{"id":50351,"date":"2022-12-25T19:18:33","date_gmt":"2022-12-25T17:18:33","guid":{"rendered":"https:\/\/buletin.de\/bucuresti\/?p=50351"},"modified":"2022-12-25T19:18:34","modified_gmt":"2022-12-25T17:18:34","slug":"accident-grav-de-craciun-in-capitala-o-tanara-a-decedat","status":"publish","type":"post","link":"https:\/\/buletin.de\/bucuresti\/accident-grav-de-craciun-in-capitala-o-tanara-a-decedat\/","title":{"rendered":"Accident grav, de Cr\u0103ciun, \u00een Capital\u0103. O t\u00e2n\u0103r\u0103 a decedat"},"content":{"rendered":"\n<p>Un accident rutier grav s-a petrecut ast\u0103zi, de Cr\u0103ciun, \u00een Capital\u0103, pe \u0218oseaua Gheorghe Ionescu-Sise\u0219ti, din Sectorul 1. Un t\u00e2n\u0103r de 18 ani a pierdut controlul volanului, s-a r\u0103sturnat \u0219i a acro\u0219at dou\u0103 ma\u0219ini parcate. \u00cen ma\u0219in\u0103, pe scaunul din dreapta, se afla prietena t\u00e2n\u0103rului, care, \u00een urma impactului, a decedat. Poli\u021bi\u0219tii l-au testat pe \u0219ofer cu aparatul DrugTest \u0219i au constatat c\u0103 acesta a consumat droguri. <\/p>\n\n\n\n<figure class=\"wp-block-image size-full\"><img fetchpriority=\"high\" decoding=\"async\" width=\"640\" height=\"462\" src=\"data:image\/gif;base64,R0lGODlhAQABAAAAACH5BAEKAAEALAAAAAABAAEAAAICTAEAOw==\" data-src=\"https:\/\/buletin.de\/bucuresti\/wp-content\/uploads\/infotrafic-1.jpeg\" alt=\"\" class=\"wp-image-50353 lazyload\" data-sizes=\"auto\" data-srcset=\"https:\/\/buletin.de\/bucuresti\/wp-content\/uploads\/infotrafic-1.jpeg 640w, https:\/\/buletin.de\/bucuresti\/wp-content\/uploads\/infotrafic-1-300x217.jpeg 300w, https:\/\/buletin.de\/bucuresti\/wp-content\/uploads\/infotrafic-1-550x397.jpeg 550w, https:\/\/buletin.de\/bucuresti\/wp-content\/uploads\/infotrafic-1-600x433.jpeg 600w\" sizes=\"(max-width: 640px) 100vw, 640px\" \/><figcaption>Surs\u0103: Info Trafic Rom\u00e2nia<\/figcaption><\/figure>\n\n\n\n<p>Pe numele \u0219oferului, s-a deschis un dosar penal pentru ucidere din culp\u0103 \u0219i unul pentru conducerea unei ma\u0219ini sub influen\u021ba drogurilor.<\/p>\n\n\n\n<p>Traficul \u00een zon\u0103 a fost restric\u021bionat pe ambele sensuri de deplasare ale \u0218oselei Gheorghe Ionescu-Sise\u0219ti.<\/p>\n","protected":false},"excerpt":{"rendered":"<p>Un accident rutier grav s-a petrecut ast\u0103zi, de Cr\u0103ciun, \u00een Capital\u0103, pe \u0218oseaua Gheorghe Ionescu-Sise\u0219ti, din Sectorul 1. Un t\u00e2n\u0103r de 18 ani a pierdut controlul volanului, s-a r\u0103sturnat \u0219i a acro\u0219at dou\u0103 ma\u0219ini parcate. \u00cen ma\u0219in\u0103, pe scaunul din dreapta, se afla prietena t\u00e2n\u0103rului, care, \u00een urma impactului, a decedat. Poli\u021bi\u0219tii l-au testat pe [&hellip;]<\/p>\n","protected":false},"author":46,"featured_media":50352,"comment_status":"closed","ping_status":"open","sticky":false,"template":"","format":"standard","meta":{"_acf_changed":false,"inline_featured_image":false,"ngg_post_thumbnail":0,"footnotes":""},"categories":[62],"tags":[1100,3571,5041,5040],"ppma_author":[22605],"class_list":["post-50351","post","type-post","status-publish","format-standard","has-post-thumbnail","hentry","category-stiri","tag-accident","tag-craciun-2","tag-sectorul1","tag-tanaradecedata"],"acf":[],"yoast_head":"<!-- This site is optimized with the Yoast SEO Premium plugin v25.3 (Yoast SEO v27.4) - https:\/\/yoast.com\/product\/yoast-seo-premium-wordpress\/ -->\n<title>Accident grav, de Cr\u0103ciun, \u00een Capital\u0103. O t\u00e2n\u0103r\u0103 a decedat - Buletin de Bucure\u0219ti<\/title>\n<meta name=\"robots\" content=\"index, follow, max-snippet:-1, max-image-preview:large, max-video-preview:-1\" \/>\n<link rel=\"canonical\" href=\"https:\/\/buletin.de\/bucuresti\/accident-grav-de-craciun-in-capitala-o-tanara-a-decedat\/\" \/>\n<meta property=\"og:locale\" content=\"en_GB\" \/>\n<meta property=\"og:type\" content=\"article\" \/>\n<meta property=\"og:title\" content=\"Accident grav, de Cr\u0103ciun, \u00een Capital\u0103. O t\u00e2n\u0103r\u0103 a decedat\" \/>\n<meta property=\"og:description\" content=\"Un accident rutier grav s-a petrecut ast\u0103zi, de Cr\u0103ciun, \u00een Capital\u0103, pe \u0218oseaua Gheorghe Ionescu-Sise\u0219ti, din Sectorul 1. Un t\u00e2n\u0103r de 18 ani a pierdut controlul volanului, s-a r\u0103sturnat \u0219i a acro\u0219at dou\u0103 ma\u0219ini parcate. \u00cen ma\u0219in\u0103, pe scaunul din dreapta, se afla prietena t\u00e2n\u0103rului, care, \u00een urma impactului, a decedat. Poli\u021bi\u0219tii l-au testat pe [&hellip;]\" \/>\n<meta property=\"og:url\" content=\"https:\/\/buletin.de\/bucuresti\/accident-grav-de-craciun-in-capitala-o-tanara-a-decedat\/\" \/>\n<meta property=\"og:site_name\" content=\"Buletin de Bucure\u0219ti\" \/>\n<meta property=\"article:publisher\" content=\"https:\/\/www.facebook.com\/buletin.de.buc\" \/>\n<meta property=\"article:published_time\" content=\"2022-12-25T17:18:33+00:00\" \/>\n<meta property=\"article:modified_time\" content=\"2022-12-25T17:18:34+00:00\" \/>\n<meta property=\"og:image\" content=\"https:\/\/buletin.de\/bucuresti\/wp-content\/uploads\/infotrafic.jpeg\" \/>\n\t<meta property=\"og:image:width\" content=\"640\" \/>\n\t<meta property=\"og:image:height\" content=\"462\" \/>\n\t<meta property=\"og:image:type\" content=\"image\/jpeg\" \/>\n<meta name=\"author\" content=\"Andreea Gelatu\" \/>\n<meta name=\"twitter:card\" content=\"summary_large_image\" \/>\n<meta name=\"twitter:label1\" content=\"Written by\" \/>\n\t<meta name=\"twitter:data1\" content=\"Andreea Gelatu\" \/>\n\t<meta name=\"twitter:label2\" content=\"Estimated reading time\" \/>\n\t<meta name=\"twitter:data2\" content=\"1 minute\" \/>\n<script type=\"application\/ld+json\" class=\"yoast-schema-graph\">{\"@context\":\"https:\\\/\\\/schema.org\",\"@graph\":[{\"@type\":\"Article\",\"@id\":\"https:\\\/\\\/buletin.de\\\/bucuresti\\\/accident-grav-de-craciun-in-capitala-o-tanara-a-decedat\\\/#article\",\"isPartOf\":{\"@id\":\"https:\\\/\\\/buletin.de\\\/bucuresti\\\/accident-grav-de-craciun-in-capitala-o-tanara-a-decedat\\\/\"},\"author\":{\"name\":\"Andreea Gelatu\",\"@id\":\"https:\\\/\\\/buletin.de\\\/bucuresti\\\/#\\\/schema\\\/person\\\/87734700b2c7f8608881f7e93b8834de\"},\"headline\":\"Accident grav, de Cr\u0103ciun, \u00een Capital\u0103. O t\u00e2n\u0103r\u0103 a decedat\",\"datePublished\":\"2022-12-25T17:18:33+00:00\",\"dateModified\":\"2022-12-25T17:18:34+00:00\",\"mainEntityOfPage\":{\"@id\":\"https:\\\/\\\/buletin.de\\\/bucuresti\\\/accident-grav-de-craciun-in-capitala-o-tanara-a-decedat\\\/\"},\"wordCount\":136,\"publisher\":{\"@id\":\"https:\\\/\\\/buletin.de\\\/bucuresti\\\/#organization\"},\"image\":{\"@id\":\"https:\\\/\\\/buletin.de\\\/bucuresti\\\/accident-grav-de-craciun-in-capitala-o-tanara-a-decedat\\\/#primaryimage\"},\"thumbnailUrl\":\"https:\\\/\\\/buletin.de\\\/bucuresti\\\/wp-content\\\/uploads\\\/infotrafic.jpeg\",\"keywords\":[\"accident\",\"Cr\u0103ciun\",\"Sectorul1\",\"t\u00e2n\u0103r\u0103decedat\u0103\"],\"articleSection\":[\"\u0218tiri\"],\"inLanguage\":\"en-GB\",\"copyrightYear\":\"2022\",\"copyrightHolder\":{\"@id\":\"https:\\\/\\\/buletin.de\\\/bucuresti\\\/#organization\"}},{\"@type\":\"WebPage\",\"@id\":\"https:\\\/\\\/buletin.de\\\/bucuresti\\\/accident-grav-de-craciun-in-capitala-o-tanara-a-decedat\\\/\",\"url\":\"https:\\\/\\\/buletin.de\\\/bucuresti\\\/accident-grav-de-craciun-in-capitala-o-tanara-a-decedat\\\/\",\"name\":\"Accident grav, de Cr\u0103ciun, \u00een Capital\u0103. O t\u00e2n\u0103r\u0103 a decedat - Buletin de Bucure\u0219ti\",\"isPartOf\":{\"@id\":\"https:\\\/\\\/buletin.de\\\/bucuresti\\\/#website\"},\"primaryImageOfPage\":{\"@id\":\"https:\\\/\\\/buletin.de\\\/bucuresti\\\/accident-grav-de-craciun-in-capitala-o-tanara-a-decedat\\\/#primaryimage\"},\"image\":{\"@id\":\"https:\\\/\\\/buletin.de\\\/bucuresti\\\/accident-grav-de-craciun-in-capitala-o-tanara-a-decedat\\\/#primaryimage\"},\"thumbnailUrl\":\"https:\\\/\\\/buletin.de\\\/bucuresti\\\/wp-content\\\/uploads\\\/infotrafic.jpeg\",\"datePublished\":\"2022-12-25T17:18:33+00:00\",\"dateModified\":\"2022-12-25T17:18:34+00:00\",\"breadcrumb\":{\"@id\":\"https:\\\/\\\/buletin.de\\\/bucuresti\\\/accident-grav-de-craciun-in-capitala-o-tanara-a-decedat\\\/#breadcrumb\"},\"inLanguage\":\"en-GB\",\"potentialAction\":[{\"@type\":\"ReadAction\",\"target\":[\"https:\\\/\\\/buletin.de\\\/bucuresti\\\/accident-grav-de-craciun-in-capitala-o-tanara-a-decedat\\\/\"]}]},{\"@type\":\"ImageObject\",\"inLanguage\":\"en-GB\",\"@id\":\"https:\\\/\\\/buletin.de\\\/bucuresti\\\/accident-grav-de-craciun-in-capitala-o-tanara-a-decedat\\\/#primaryimage\",\"url\":\"https:\\\/\\\/buletin.de\\\/bucuresti\\\/wp-content\\\/uploads\\\/infotrafic.jpeg\",\"contentUrl\":\"https:\\\/\\\/buletin.de\\\/bucuresti\\\/wp-content\\\/uploads\\\/infotrafic.jpeg\",\"width\":640,\"height\":462},{\"@type\":\"BreadcrumbList\",\"@id\":\"https:\\\/\\\/buletin.de\\\/bucuresti\\\/accident-grav-de-craciun-in-capitala-o-tanara-a-decedat\\\/#breadcrumb\",\"itemListElement\":[{\"@type\":\"ListItem\",\"position\":1,\"name\":\"Acas\u0103\",\"item\":\"https:\\\/\\\/buletin.de\\\/bucuresti\\\/\"},{\"@type\":\"ListItem\",\"position\":2,\"name\":\"Accident grav, de Cr\u0103ciun, \u00een Capital\u0103. O t\u00e2n\u0103r\u0103 a decedat\"}]},{\"@type\":\"WebSite\",\"@id\":\"https:\\\/\\\/buletin.de\\\/bucuresti\\\/#website\",\"url\":\"https:\\\/\\\/buletin.de\\\/bucuresti\\\/\",\"name\":\"Buletin de Bucure\u0219ti\",\"description\":\"\u0218tiri \u0219i investiga\u021bii esen\u021biale din capital\u0103\",\"publisher\":{\"@id\":\"https:\\\/\\\/buletin.de\\\/bucuresti\\\/#organization\"},\"potentialAction\":[{\"@type\":\"SearchAction\",\"target\":{\"@type\":\"EntryPoint\",\"urlTemplate\":\"https:\\\/\\\/buletin.de\\\/bucuresti\\\/?s={search_term_string}\"},\"query-input\":{\"@type\":\"PropertyValueSpecification\",\"valueRequired\":true,\"valueName\":\"search_term_string\"}}],\"inLanguage\":\"en-GB\"},{\"@type\":\"Organization\",\"@id\":\"https:\\\/\\\/buletin.de\\\/bucuresti\\\/#organization\",\"name\":\"Buletin de Bucure\u0219ti\",\"url\":\"https:\\\/\\\/buletin.de\\\/bucuresti\\\/\",\"logo\":{\"@type\":\"ImageObject\",\"inLanguage\":\"en-GB\",\"@id\":\"https:\\\/\\\/buletin.de\\\/bucuresti\\\/#\\\/schema\\\/logo\\\/image\\\/\",\"url\":\"https:\\\/\\\/buletin.de\\\/bucuresti\\\/wp-content\\\/uploads\\\/logo-bdb-full-wide-vernil-transparent.png\",\"contentUrl\":\"https:\\\/\\\/buletin.de\\\/bucuresti\\\/wp-content\\\/uploads\\\/logo-bdb-full-wide-vernil-transparent.png\",\"width\":1782,\"height\":626,\"caption\":\"Buletin de Bucure\u0219ti\"},\"image\":{\"@id\":\"https:\\\/\\\/buletin.de\\\/bucuresti\\\/#\\\/schema\\\/logo\\\/image\\\/\"},\"sameAs\":[\"https:\\\/\\\/www.facebook.com\\\/buletin.de.buc\",\"https:\\\/\\\/www.instagram.com\\\/buletinde.bucuresti\\\/\"]},{\"@type\":\"Person\",\"@id\":\"https:\\\/\\\/buletin.de\\\/bucuresti\\\/#\\\/schema\\\/person\\\/87734700b2c7f8608881f7e93b8834de\",\"name\":\"Andreea Gelatu\",\"image\":{\"@type\":\"ImageObject\",\"inLanguage\":\"en-GB\",\"@id\":\"https:\\\/\\\/secure.gravatar.com\\\/avatar\\\/b716eca2f984b9b65bdd87118b4b909d940b619cbe6e8cb725fe11c1b1f4194f?s=96&d=monsterid&r=g9b5eff4996c6b842a29b3057a7b4746f\",\"url\":\"https:\\\/\\\/secure.gravatar.com\\\/avatar\\\/b716eca2f984b9b65bdd87118b4b909d940b619cbe6e8cb725fe11c1b1f4194f?s=96&d=monsterid&r=g\",\"contentUrl\":\"https:\\\/\\\/secure.gravatar.com\\\/avatar\\\/b716eca2f984b9b65bdd87118b4b909d940b619cbe6e8cb725fe11c1b1f4194f?s=96&d=monsterid&r=g\",\"caption\":\"Andreea Gelatu\"},\"url\":\"https:\\\/\\\/buletin.de\\\/bucuresti\\\/author\\\/andreeagelatu\\\/\"}]}<\/script>\n<!-- \/ Yoast SEO Premium plugin. -->","yoast_head_json":{"title":"Accident grav, de Cr\u0103ciun, \u00een Capital\u0103. O t\u00e2n\u0103r\u0103 a decedat - Buletin de Bucure\u0219ti","robots":{"index":"index","follow":"follow","max-snippet":"max-snippet:-1","max-image-preview":"max-image-preview:large","max-video-preview":"max-video-preview:-1"},"canonical":"https:\/\/buletin.de\/bucuresti\/accident-grav-de-craciun-in-capitala-o-tanara-a-decedat\/","og_locale":"en_GB","og_type":"article","og_title":"Accident grav, de Cr\u0103ciun, \u00een Capital\u0103. O t\u00e2n\u0103r\u0103 a decedat","og_description":"Un accident rutier grav s-a petrecut ast\u0103zi, de Cr\u0103ciun, \u00een Capital\u0103, pe \u0218oseaua Gheorghe Ionescu-Sise\u0219ti, din Sectorul 1. Un t\u00e2n\u0103r de 18 ani a pierdut controlul volanului, s-a r\u0103sturnat \u0219i a acro\u0219at dou\u0103 ma\u0219ini parcate. \u00cen ma\u0219in\u0103, pe scaunul din dreapta, se afla prietena t\u00e2n\u0103rului, care, \u00een urma impactului, a decedat. Poli\u021bi\u0219tii l-au testat pe [&hellip;]","og_url":"https:\/\/buletin.de\/bucuresti\/accident-grav-de-craciun-in-capitala-o-tanara-a-decedat\/","og_site_name":"Buletin de Bucure\u0219ti","article_publisher":"https:\/\/www.facebook.com\/buletin.de.buc","article_published_time":"2022-12-25T17:18:33+00:00","article_modified_time":"2022-12-25T17:18:34+00:00","og_image":[{"width":640,"height":462,"url":"https:\/\/buletin.de\/bucuresti\/wp-content\/uploads\/infotrafic.jpeg","type":"image\/jpeg"}],"author":"Andreea Gelatu","twitter_card":"summary_large_image","twitter_misc":{"Written by":"Andreea Gelatu","Estimated reading time":"1 minute"},"schema":{"@context":"https:\/\/schema.org","@graph":[{"@type":"Article","@id":"https:\/\/buletin.de\/bucuresti\/accident-grav-de-craciun-in-capitala-o-tanara-a-decedat\/#article","isPartOf":{"@id":"https:\/\/buletin.de\/bucuresti\/accident-grav-de-craciun-in-capitala-o-tanara-a-decedat\/"},"author":{"name":"Andreea Gelatu","@id":"https:\/\/buletin.de\/bucuresti\/#\/schema\/person\/87734700b2c7f8608881f7e93b8834de"},"headline":"Accident grav, de Cr\u0103ciun, \u00een Capital\u0103. O t\u00e2n\u0103r\u0103 a decedat","datePublished":"2022-12-25T17:18:33+00:00","dateModified":"2022-12-25T17:18:34+00:00","mainEntityOfPage":{"@id":"https:\/\/buletin.de\/bucuresti\/accident-grav-de-craciun-in-capitala-o-tanara-a-decedat\/"},"wordCount":136,"publisher":{"@id":"https:\/\/buletin.de\/bucuresti\/#organization"},"image":{"@id":"https:\/\/buletin.de\/bucuresti\/accident-grav-de-craciun-in-capitala-o-tanara-a-decedat\/#primaryimage"},"thumbnailUrl":"https:\/\/buletin.de\/bucuresti\/wp-content\/uploads\/infotrafic.jpeg","keywords":["accident","Cr\u0103ciun","Sectorul1","t\u00e2n\u0103r\u0103decedat\u0103"],"articleSection":["\u0218tiri"],"inLanguage":"en-GB","copyrightYear":"2022","copyrightHolder":{"@id":"https:\/\/buletin.de\/bucuresti\/#organization"}},{"@type":"WebPage","@id":"https:\/\/buletin.de\/bucuresti\/accident-grav-de-craciun-in-capitala-o-tanara-a-decedat\/","url":"https:\/\/buletin.de\/bucuresti\/accident-grav-de-craciun-in-capitala-o-tanara-a-decedat\/","name":"Accident grav, de Cr\u0103ciun, \u00een Capital\u0103. O t\u00e2n\u0103r\u0103 a decedat - Buletin de Bucure\u0219ti","isPartOf":{"@id":"https:\/\/buletin.de\/bucuresti\/#website"},"primaryImageOfPage":{"@id":"https:\/\/buletin.de\/bucuresti\/accident-grav-de-craciun-in-capitala-o-tanara-a-decedat\/#primaryimage"},"image":{"@id":"https:\/\/buletin.de\/bucuresti\/accident-grav-de-craciun-in-capitala-o-tanara-a-decedat\/#primaryimage"},"thumbnailUrl":"https:\/\/buletin.de\/bucuresti\/wp-content\/uploads\/infotrafic.jpeg","datePublished":"2022-12-25T17:18:33+00:00","dateModified":"2022-12-25T17:18:34+00:00","breadcrumb":{"@id":"https:\/\/buletin.de\/bucuresti\/accident-grav-de-craciun-in-capitala-o-tanara-a-decedat\/#breadcrumb"},"inLanguage":"en-GB","potentialAction":[{"@type":"ReadAction","target":["https:\/\/buletin.de\/bucuresti\/accident-grav-de-craciun-in-capitala-o-tanara-a-decedat\/"]}]},{"@type":"ImageObject","inLanguage":"en-GB","@id":"https:\/\/buletin.de\/bucuresti\/accident-grav-de-craciun-in-capitala-o-tanara-a-decedat\/#primaryimage","url":"https:\/\/buletin.de\/bucuresti\/wp-content\/uploads\/infotrafic.jpeg","contentUrl":"https:\/\/buletin.de\/bucuresti\/wp-content\/uploads\/infotrafic.jpeg","width":640,"height":462},{"@type":"BreadcrumbList","@id":"https:\/\/buletin.de\/bucuresti\/accident-grav-de-craciun-in-capitala-o-tanara-a-decedat\/#breadcrumb","itemListElement":[{"@type":"ListItem","position":1,"name":"Acas\u0103","item":"https:\/\/buletin.de\/bucuresti\/"},{"@type":"ListItem","position":2,"name":"Accident grav, de Cr\u0103ciun, \u00een Capital\u0103. O t\u00e2n\u0103r\u0103 a decedat"}]},{"@type":"WebSite","@id":"https:\/\/buletin.de\/bucuresti\/#website","url":"https:\/\/buletin.de\/bucuresti\/","name":"Buletin de Bucure\u0219ti","description":"\u0218tiri \u0219i investiga\u021bii esen\u021biale din capital\u0103","publisher":{"@id":"https:\/\/buletin.de\/bucuresti\/#organization"},"potentialAction":[{"@type":"SearchAction","target":{"@type":"EntryPoint","urlTemplate":"https:\/\/buletin.de\/bucuresti\/?s={search_term_string}"},"query-input":{"@type":"PropertyValueSpecification","valueRequired":true,"valueName":"search_term_string"}}],"inLanguage":"en-GB"},{"@type":"Organization","@id":"https:\/\/buletin.de\/bucuresti\/#organization","name":"Buletin de Bucure\u0219ti","url":"https:\/\/buletin.de\/bucuresti\/","logo":{"@type":"ImageObject","inLanguage":"en-GB","@id":"https:\/\/buletin.de\/bucuresti\/#\/schema\/logo\/image\/","url":"https:\/\/buletin.de\/bucuresti\/wp-content\/uploads\/logo-bdb-full-wide-vernil-transparent.png","contentUrl":"https:\/\/buletin.de\/bucuresti\/wp-content\/uploads\/logo-bdb-full-wide-vernil-transparent.png","width":1782,"height":626,"caption":"Buletin de Bucure\u0219ti"},"image":{"@id":"https:\/\/buletin.de\/bucuresti\/#\/schema\/logo\/image\/"},"sameAs":["https:\/\/www.facebook.com\/buletin.de.buc","https:\/\/www.instagram.com\/buletinde.bucuresti\/"]},{"@type":"Person","@id":"https:\/\/buletin.de\/bucuresti\/#\/schema\/person\/87734700b2c7f8608881f7e93b8834de","name":"Andreea Gelatu","image":{"@type":"ImageObject","inLanguage":"en-GB","@id":"https:\/\/secure.gravatar.com\/avatar\/b716eca2f984b9b65bdd87118b4b909d940b619cbe6e8cb725fe11c1b1f4194f?s=96&d=monsterid&r=g9b5eff4996c6b842a29b3057a7b4746f","url":"https:\/\/secure.gravatar.com\/avatar\/b716eca2f984b9b65bdd87118b4b909d940b619cbe6e8cb725fe11c1b1f4194f?s=96&d=monsterid&r=g","contentUrl":"https:\/\/secure.gravatar.com\/avatar\/b716eca2f984b9b65bdd87118b4b909d940b619cbe6e8cb725fe11c1b1f4194f?s=96&d=monsterid&r=g","caption":"Andreea Gelatu"},"url":"https:\/\/buletin.de\/bucuresti\/author\/andreeagelatu\/"}]}},"authors":[{"term_id":22605,"user_id":46,"is_guest":0,"slug":"andreeagelatu","display_name":"Andreea Gelatu","avatar_url":"https:\/\/secure.gravatar.com\/avatar\/b716eca2f984b9b65bdd87118b4b909d940b619cbe6e8cb725fe11c1b1f4194f?s=96&d=monsterid&r=g","0":null,"1":"","2":"","3":"","4":"","5":"","6":"","7":"","8":""}],"_links":{"self":[{"href":"https:\/\/buletin.de\/bucuresti\/wp-json\/wp\/v2\/posts\/50351","targetHints":{"allow":["GET"]}}],"collection":[{"href":"https:\/\/buletin.de\/bucuresti\/wp-json\/wp\/v2\/posts"}],"about":[{"href":"https:\/\/buletin.de\/bucuresti\/wp-json\/wp\/v2\/types\/post"}],"author":[{"embeddable":true,"href":"https:\/\/buletin.de\/bucuresti\/wp-json\/wp\/v2\/users\/46"}],"replies":[{"embeddable":true,"href":"https:\/\/buletin.de\/bucuresti\/wp-json\/wp\/v2\/comments?post=50351"}],"version-history":[{"count":2,"href":"https:\/\/buletin.de\/bucuresti\/wp-json\/wp\/v2\/posts\/50351\/revisions"}],"predecessor-version":[{"id":50355,"href":"https:\/\/buletin.de\/bucuresti\/wp-json\/wp\/v2\/posts\/50351\/revisions\/50355"}],"wp:featuredmedia":[{"embeddable":true,"href":"https:\/\/buletin.de\/bucuresti\/wp-json\/wp\/v2\/media\/50352"}],"wp:attachment":[{"href":"https:\/\/buletin.de\/bucuresti\/wp-json\/wp\/v2\/media?parent=50351"}],"wp:term":[{"taxonomy":"category","embeddable":true,"href":"https:\/\/buletin.de\/bucuresti\/wp-json\/wp\/v2\/categories?post=50351"},{"taxonomy":"post_tag","embeddable":true,"href":"https:\/\/buletin.de\/bucuresti\/wp-json\/wp\/v2\/tags?post=50351"},{"taxonomy":"author","embeddable":true,"href":"https:\/\/buletin.de\/bucuresti\/wp-json\/wp\/v2\/ppma_author?post=50351"}],"curies":[{"name":"wp","href":"https:\/\/api.w.org\/{rel}","templated":true}]}}