{"id":50347,"date":"2022-12-24T19:59:30","date_gmt":"2022-12-24T17:59:30","guid":{"rendered":"https:\/\/buletin.de\/bucuresti\/?p=50347"},"modified":"2022-12-24T19:59:30","modified_gmt":"2022-12-24T17:59:30","slug":"sarbatoare-in-lumea-culturala-bucuresteana-teatrul-national-bucuresti-implineste-170-de-ani-de-la-fondare","status":"publish","type":"post","link":"https:\/\/buletin.de\/bucuresti\/sarbatoare-in-lumea-culturala-bucuresteana-teatrul-national-bucuresti-implineste-170-de-ani-de-la-fondare\/","title":{"rendered":"S\u0103rb\u0103toare \u00een lumea cultural\u0103 bucure\u0219tean\u0103. Teatrul Na\u021bional Bucure\u0219ti \u00eempline\u0219te 170 de ani de la fondare"},"content":{"rendered":"\n<p>Bucure\u0219tenii sunt invita\u021bi la teatru! La final de 2022, Teatrul Na\u021bional \u201dI. L. Caragiale\u201d din Bucure\u0219ti celebreaz\u0103 170 de ani de la fondare. Evenimentul va fi marcat printr-o micro-expozi\u021bie \u0219i tururi ghidate ale cl\u0103dirii.<\/p>\n\n\n\n<p>La sf\u0103r\u0219itul acestui an, Teatrul Na\u021bional \u201dI. L. Caragiale\u201d, cunoscut ini\u021bial ca \u201dTeatrul cel Mare\u201d marcheaz\u0103 170 de la \u00eenfiin\u021bare \u0219i tot 170 de ani de la na\u0219terea celui care \u00eei este patron spiritual, marele dramaturg Ion Luca Caragiale. Pe 31 decembrie se aprindeau pentru prima dat\u0103 luminile scenei Teatrului cel Mare, care a devenit Teatrul Na\u021bional \u00een 1876. De-a lungul istoriei, Teatrul Na\u021bional din Bucure\u0219ti a fost edificiul care a&nbsp; g\u0103zduit premierile pieselor dramaturgilor rom\u00e2ni, precum Camil Petrescu, Mihail Sorbu, Bogdan Petriceicu Hasdeu \u0219i, desigur, Ion Luca Caragiale.<\/p>\n\n\n\n<p>Pentru a celebra cei 170 de ani de cultur\u0103 adu\u0219i publicul bucure\u0219tean \u0219i nu numai, se va juca pe 30 decembrie, \u00een toate s\u0103lile \u015fi pe toate scenele: &#8220;Dineu cu pro\u015fti&#8221; de Francis Veber, la Sala &#8216;Ion Caramitru&#8217;, &#8220;Micul infern&#8221; de Mircea \u015etef\u0103nescu, la Sala Studio, &#8220;Stupid fucking bird&#8221; de Aaron Posner, la Sala Pictura, &#8220;Nebun din dragoste&#8221; de Sam Sheppard, la Sala Atelier, potrivit Stiripesurse.ro.<\/p>\n\n\n\n<p>\u00cencep\u00e2nd cu aceea\u0219i dat\u0103, spectatorii vor putea viziona, \u00een foaierul S\u0103lii Ion Caramitru, o micro-expozi\u0163ie realizat\u0103 de Muzeul TNB &#8211; &#8220;De la Teatrul cel Mare la Teatrul Na\u0163ional &#8216;I.L. Caragiale&#8217; &#8211; 170 de ani de istorie&#8221;. \u00cen cadrul acestei expozi\u021bii vor fi prezentate afi\u015fe vechi, fotografii \u015fi exponate rare din patrimoniu. P\u00e2n\u0103 la sf\u00e2r\u015fitul lunii ianuarie 2023, vor fi expuse c\u00e2teva obiecte provenite din vechea cl\u0103dire a Teatrului cel Mare, salvate dup\u0103 bombardamentul german asupra Bucure\u015ftiului din 24 august 1944, c\u00e2nd teatrul a fost distrus.<\/p>\n\n\n\n<p>&#8220;Acest an aniversar, 2022, \u00een decursul c\u0103ruia la Teatrul Na\u0163ional &#8216;I.L.Caragiale&#8217; a fost realizat un num\u0103r record de premiere (14), s-au vernisat 17 noi expozi\u0163ii \u00een cadrul programului TNB &#8211; Parateatral &#8211; Arte vizuale, s-a lansat a VIII-a edi\u0163ie a Programului 9G, s-a difuzat primul Podcast propriu al TNB (la 1 decembrie), s-au desf\u0103\u015furat 3 workshopuri sub egida Centrului de Cercetare \u015fi Crea\u0163ie Teatral\u0103 Ion Sava&#8221;, precizeaz\u0103 TNB \u00eentr-un comunicat scris, potrivit Stiri pe surse.<\/p>\n\n\n\n<p>\u00cen seara zilei de 30 decembrie va fi proiectat\u0103 o succesiune de imagini evocatoare, pentru a marca, simbolic, cei 170 de ani de existen\u0163\u0103 ai TNB. \u00cen ultimele zile din an, vor fi organizate tururi ghidate gratuite pentru publicului interesat de vizitarea cl\u0103dirii TNB: \u00een data de vineri, 30 decembrie, de la orele 11:00, 13:00, 15:00 \u015fi 17:00; \u00een data de s\u00e2mb\u0103t\u0103, 31 decembrie, de la orele 11:00 \u015fi 13:00. \u00cen cadrul turului vor putea fi vizitate noile s\u0103li, atelierele \u015fi culisele Teatrului Na\u0163ional. Se recomand\u0103 o rezervare telefonic\u0103 prealabil\u0103 la num\u0103rul de telefon 021 314.71.71 &#8211; Agen\u0163ia de bilete a TNB sau la nr. 0744 633 188, domnul Ionu\u0163 Corpaci, se arat\u0103 \u00een comunicatul de pres\u0103.<\/p>\n\n\n\n<p>Surs\u0103 foto: Pagina de Facebook Teatrul Na\u021bional \u201dI. L. Caragiale\u201d Bucure\u0219ti<\/p>\n","protected":false},"excerpt":{"rendered":"<p>Bucure\u0219tenii sunt invita\u021bi la teatru! La final de 2022, Teatrul Na\u021bional \u201dI. L. Caragiale\u201d din Bucure\u0219ti celebreaz\u0103 170 de ani de la fondare. Evenimentul va fi marcat printr-o micro-expozi\u021bie \u0219i tururi ghidate ale cl\u0103dirii. La sf\u0103r\u0219itul acestui an, Teatrul Na\u021bional \u201dI. L. Caragiale\u201d, cunoscut ini\u021bial ca \u201dTeatrul cel Mare\u201d marcheaz\u0103 170 de la \u00eenfiin\u021bare \u0219i [&hellip;]<\/p>\n","protected":false},"author":45,"featured_media":50348,"comment_status":"closed","ping_status":"open","sticky":false,"template":"","format":"standard","meta":{"_acf_changed":false,"inline_featured_image":false,"ngg_post_thumbnail":0,"footnotes":""},"categories":[62],"tags":[],"ppma_author":[22604],"class_list":["post-50347","post","type-post","status-publish","format-standard","has-post-thumbnail","hentry","category-stiri"],"acf":[],"yoast_head":"<!-- This site is optimized with the Yoast SEO Premium plugin v25.3 (Yoast SEO v27.4) - https:\/\/yoast.com\/product\/yoast-seo-premium-wordpress\/ -->\n<title>S\u0103rb\u0103toare \u00een lumea cultural\u0103 bucure\u0219tean\u0103. Teatrul Na\u021bional Bucure\u0219ti \u00eempline\u0219te 170 de ani de la fondare - Buletin de Bucure\u0219ti<\/title>\n<meta name=\"robots\" content=\"index, follow, max-snippet:-1, max-image-preview:large, max-video-preview:-1\" \/>\n<link rel=\"canonical\" href=\"https:\/\/buletin.de\/bucuresti\/sarbatoare-in-lumea-culturala-bucuresteana-teatrul-national-bucuresti-implineste-170-de-ani-de-la-fondare\/\" \/>\n<meta property=\"og:locale\" content=\"en_GB\" \/>\n<meta property=\"og:type\" content=\"article\" \/>\n<meta property=\"og:title\" content=\"S\u0103rb\u0103toare \u00een lumea cultural\u0103 bucure\u0219tean\u0103. Teatrul Na\u021bional Bucure\u0219ti \u00eempline\u0219te 170 de ani de la fondare\" \/>\n<meta property=\"og:description\" content=\"Bucure\u0219tenii sunt invita\u021bi la teatru! La final de 2022, Teatrul Na\u021bional \u201dI. L. Caragiale\u201d din Bucure\u0219ti celebreaz\u0103 170 de ani de la fondare. Evenimentul va fi marcat printr-o micro-expozi\u021bie \u0219i tururi ghidate ale cl\u0103dirii. La sf\u0103r\u0219itul acestui an, Teatrul Na\u021bional \u201dI. L. Caragiale\u201d, cunoscut ini\u021bial ca \u201dTeatrul cel Mare\u201d marcheaz\u0103 170 de la \u00eenfiin\u021bare \u0219i [&hellip;]\" \/>\n<meta property=\"og:url\" content=\"https:\/\/buletin.de\/bucuresti\/sarbatoare-in-lumea-culturala-bucuresteana-teatrul-national-bucuresti-implineste-170-de-ani-de-la-fondare\/\" \/>\n<meta property=\"og:site_name\" content=\"Buletin de Bucure\u0219ti\" \/>\n<meta property=\"article:publisher\" content=\"https:\/\/www.facebook.com\/buletin.de.buc\" \/>\n<meta property=\"article:published_time\" content=\"2022-12-24T17:59:30+00:00\" \/>\n<meta property=\"og:image\" content=\"https:\/\/buletin.de\/bucuresti\/wp-content\/uploads\/306841871_8354844031223776_3531598851755796230_n.jpg\" \/>\n\t<meta property=\"og:image:width\" content=\"1500\" \/>\n\t<meta property=\"og:image:height\" content=\"500\" \/>\n\t<meta property=\"og:image:type\" content=\"image\/jpeg\" \/>\n<meta name=\"author\" content=\"Teodora \u0218uta\" \/>\n<meta name=\"twitter:card\" content=\"summary_large_image\" \/>\n<meta name=\"twitter:label1\" content=\"Written by\" \/>\n\t<meta name=\"twitter:data1\" content=\"Teodora \u0218uta\" \/>\n\t<meta name=\"twitter:label2\" content=\"Estimated reading time\" \/>\n\t<meta name=\"twitter:data2\" content=\"3 minutes\" \/>\n<script type=\"application\/ld+json\" class=\"yoast-schema-graph\">{\"@context\":\"https:\\\/\\\/schema.org\",\"@graph\":[{\"@type\":\"Article\",\"@id\":\"https:\\\/\\\/buletin.de\\\/bucuresti\\\/sarbatoare-in-lumea-culturala-bucuresteana-teatrul-national-bucuresti-implineste-170-de-ani-de-la-fondare\\\/#article\",\"isPartOf\":{\"@id\":\"https:\\\/\\\/buletin.de\\\/bucuresti\\\/sarbatoare-in-lumea-culturala-bucuresteana-teatrul-national-bucuresti-implineste-170-de-ani-de-la-fondare\\\/\"},\"author\":{\"name\":\"Teodora \u0218uta\",\"@id\":\"https:\\\/\\\/buletin.de\\\/bucuresti\\\/#\\\/schema\\\/person\\\/5d54908fa90ab7ad3b2e88152efd6845\"},\"headline\":\"S\u0103rb\u0103toare \u00een lumea cultural\u0103 bucure\u0219tean\u0103. Teatrul Na\u021bional Bucure\u0219ti \u00eempline\u0219te 170 de ani de la fondare\",\"datePublished\":\"2022-12-24T17:59:30+00:00\",\"mainEntityOfPage\":{\"@id\":\"https:\\\/\\\/buletin.de\\\/bucuresti\\\/sarbatoare-in-lumea-culturala-bucuresteana-teatrul-national-bucuresti-implineste-170-de-ani-de-la-fondare\\\/\"},\"wordCount\":522,\"publisher\":{\"@id\":\"https:\\\/\\\/buletin.de\\\/bucuresti\\\/#organization\"},\"image\":{\"@id\":\"https:\\\/\\\/buletin.de\\\/bucuresti\\\/sarbatoare-in-lumea-culturala-bucuresteana-teatrul-national-bucuresti-implineste-170-de-ani-de-la-fondare\\\/#primaryimage\"},\"thumbnailUrl\":\"https:\\\/\\\/buletin.de\\\/bucuresti\\\/wp-content\\\/uploads\\\/306841871_8354844031223776_3531598851755796230_n.jpg\",\"articleSection\":[\"\u0218tiri\"],\"inLanguage\":\"en-GB\",\"copyrightYear\":\"2022\",\"copyrightHolder\":{\"@id\":\"https:\\\/\\\/buletin.de\\\/bucuresti\\\/#organization\"}},{\"@type\":\"WebPage\",\"@id\":\"https:\\\/\\\/buletin.de\\\/bucuresti\\\/sarbatoare-in-lumea-culturala-bucuresteana-teatrul-national-bucuresti-implineste-170-de-ani-de-la-fondare\\\/\",\"url\":\"https:\\\/\\\/buletin.de\\\/bucuresti\\\/sarbatoare-in-lumea-culturala-bucuresteana-teatrul-national-bucuresti-implineste-170-de-ani-de-la-fondare\\\/\",\"name\":\"S\u0103rb\u0103toare \u00een lumea cultural\u0103 bucure\u0219tean\u0103. Teatrul Na\u021bional Bucure\u0219ti \u00eempline\u0219te 170 de ani de la fondare - Buletin de Bucure\u0219ti\",\"isPartOf\":{\"@id\":\"https:\\\/\\\/buletin.de\\\/bucuresti\\\/#website\"},\"primaryImageOfPage\":{\"@id\":\"https:\\\/\\\/buletin.de\\\/bucuresti\\\/sarbatoare-in-lumea-culturala-bucuresteana-teatrul-national-bucuresti-implineste-170-de-ani-de-la-fondare\\\/#primaryimage\"},\"image\":{\"@id\":\"https:\\\/\\\/buletin.de\\\/bucuresti\\\/sarbatoare-in-lumea-culturala-bucuresteana-teatrul-national-bucuresti-implineste-170-de-ani-de-la-fondare\\\/#primaryimage\"},\"thumbnailUrl\":\"https:\\\/\\\/buletin.de\\\/bucuresti\\\/wp-content\\\/uploads\\\/306841871_8354844031223776_3531598851755796230_n.jpg\",\"datePublished\":\"2022-12-24T17:59:30+00:00\",\"breadcrumb\":{\"@id\":\"https:\\\/\\\/buletin.de\\\/bucuresti\\\/sarbatoare-in-lumea-culturala-bucuresteana-teatrul-national-bucuresti-implineste-170-de-ani-de-la-fondare\\\/#breadcrumb\"},\"inLanguage\":\"en-GB\",\"potentialAction\":[{\"@type\":\"ReadAction\",\"target\":[\"https:\\\/\\\/buletin.de\\\/bucuresti\\\/sarbatoare-in-lumea-culturala-bucuresteana-teatrul-national-bucuresti-implineste-170-de-ani-de-la-fondare\\\/\"]}]},{\"@type\":\"ImageObject\",\"inLanguage\":\"en-GB\",\"@id\":\"https:\\\/\\\/buletin.de\\\/bucuresti\\\/sarbatoare-in-lumea-culturala-bucuresteana-teatrul-national-bucuresti-implineste-170-de-ani-de-la-fondare\\\/#primaryimage\",\"url\":\"https:\\\/\\\/buletin.de\\\/bucuresti\\\/wp-content\\\/uploads\\\/306841871_8354844031223776_3531598851755796230_n.jpg\",\"contentUrl\":\"https:\\\/\\\/buletin.de\\\/bucuresti\\\/wp-content\\\/uploads\\\/306841871_8354844031223776_3531598851755796230_n.jpg\",\"width\":1500,\"height\":500},{\"@type\":\"BreadcrumbList\",\"@id\":\"https:\\\/\\\/buletin.de\\\/bucuresti\\\/sarbatoare-in-lumea-culturala-bucuresteana-teatrul-national-bucuresti-implineste-170-de-ani-de-la-fondare\\\/#breadcrumb\",\"itemListElement\":[{\"@type\":\"ListItem\",\"position\":1,\"name\":\"Acas\u0103\",\"item\":\"https:\\\/\\\/buletin.de\\\/bucuresti\\\/\"},{\"@type\":\"ListItem\",\"position\":2,\"name\":\"S\u0103rb\u0103toare \u00een lumea cultural\u0103 bucure\u0219tean\u0103. Teatrul Na\u021bional Bucure\u0219ti \u00eempline\u0219te 170 de ani de la fondare\"}]},{\"@type\":\"WebSite\",\"@id\":\"https:\\\/\\\/buletin.de\\\/bucuresti\\\/#website\",\"url\":\"https:\\\/\\\/buletin.de\\\/bucuresti\\\/\",\"name\":\"Buletin de Bucure\u0219ti\",\"description\":\"\u0218tiri \u0219i investiga\u021bii esen\u021biale din capital\u0103\",\"publisher\":{\"@id\":\"https:\\\/\\\/buletin.de\\\/bucuresti\\\/#organization\"},\"potentialAction\":[{\"@type\":\"SearchAction\",\"target\":{\"@type\":\"EntryPoint\",\"urlTemplate\":\"https:\\\/\\\/buletin.de\\\/bucuresti\\\/?s={search_term_string}\"},\"query-input\":{\"@type\":\"PropertyValueSpecification\",\"valueRequired\":true,\"valueName\":\"search_term_string\"}}],\"inLanguage\":\"en-GB\"},{\"@type\":\"Organization\",\"@id\":\"https:\\\/\\\/buletin.de\\\/bucuresti\\\/#organization\",\"name\":\"Buletin de Bucure\u0219ti\",\"url\":\"https:\\\/\\\/buletin.de\\\/bucuresti\\\/\",\"logo\":{\"@type\":\"ImageObject\",\"inLanguage\":\"en-GB\",\"@id\":\"https:\\\/\\\/buletin.de\\\/bucuresti\\\/#\\\/schema\\\/logo\\\/image\\\/\",\"url\":\"https:\\\/\\\/buletin.de\\\/bucuresti\\\/wp-content\\\/uploads\\\/logo-bdb-full-wide-vernil-transparent.png\",\"contentUrl\":\"https:\\\/\\\/buletin.de\\\/bucuresti\\\/wp-content\\\/uploads\\\/logo-bdb-full-wide-vernil-transparent.png\",\"width\":1782,\"height\":626,\"caption\":\"Buletin de Bucure\u0219ti\"},\"image\":{\"@id\":\"https:\\\/\\\/buletin.de\\\/bucuresti\\\/#\\\/schema\\\/logo\\\/image\\\/\"},\"sameAs\":[\"https:\\\/\\\/www.facebook.com\\\/buletin.de.buc\",\"https:\\\/\\\/www.instagram.com\\\/buletinde.bucuresti\\\/\"]},{\"@type\":\"Person\",\"@id\":\"https:\\\/\\\/buletin.de\\\/bucuresti\\\/#\\\/schema\\\/person\\\/5d54908fa90ab7ad3b2e88152efd6845\",\"name\":\"Teodora \u0218uta\",\"image\":{\"@type\":\"ImageObject\",\"inLanguage\":\"en-GB\",\"@id\":\"https:\\\/\\\/secure.gravatar.com\\\/avatar\\\/0c709226af9845d97b126aa0aa80ab42778847ec3d11d741016b74a61174088d?s=96&d=monsterid&r=gf2e0c6a01d766272c6fa8af9e494be28\",\"url\":\"https:\\\/\\\/secure.gravatar.com\\\/avatar\\\/0c709226af9845d97b126aa0aa80ab42778847ec3d11d741016b74a61174088d?s=96&d=monsterid&r=g\",\"contentUrl\":\"https:\\\/\\\/secure.gravatar.com\\\/avatar\\\/0c709226af9845d97b126aa0aa80ab42778847ec3d11d741016b74a61174088d?s=96&d=monsterid&r=g\",\"caption\":\"Teodora \u0218uta\"},\"url\":\"https:\\\/\\\/buletin.de\\\/bucuresti\\\/author\\\/mariasuta\\\/\"}]}<\/script>\n<!-- \/ Yoast SEO Premium plugin. -->","yoast_head_json":{"title":"S\u0103rb\u0103toare \u00een lumea cultural\u0103 bucure\u0219tean\u0103. Teatrul Na\u021bional Bucure\u0219ti \u00eempline\u0219te 170 de ani de la fondare - Buletin de Bucure\u0219ti","robots":{"index":"index","follow":"follow","max-snippet":"max-snippet:-1","max-image-preview":"max-image-preview:large","max-video-preview":"max-video-preview:-1"},"canonical":"https:\/\/buletin.de\/bucuresti\/sarbatoare-in-lumea-culturala-bucuresteana-teatrul-national-bucuresti-implineste-170-de-ani-de-la-fondare\/","og_locale":"en_GB","og_type":"article","og_title":"S\u0103rb\u0103toare \u00een lumea cultural\u0103 bucure\u0219tean\u0103. Teatrul Na\u021bional Bucure\u0219ti \u00eempline\u0219te 170 de ani de la fondare","og_description":"Bucure\u0219tenii sunt invita\u021bi la teatru! La final de 2022, Teatrul Na\u021bional \u201dI. L. Caragiale\u201d din Bucure\u0219ti celebreaz\u0103 170 de ani de la fondare. Evenimentul va fi marcat printr-o micro-expozi\u021bie \u0219i tururi ghidate ale cl\u0103dirii. La sf\u0103r\u0219itul acestui an, Teatrul Na\u021bional \u201dI. L. Caragiale\u201d, cunoscut ini\u021bial ca \u201dTeatrul cel Mare\u201d marcheaz\u0103 170 de la \u00eenfiin\u021bare \u0219i [&hellip;]","og_url":"https:\/\/buletin.de\/bucuresti\/sarbatoare-in-lumea-culturala-bucuresteana-teatrul-national-bucuresti-implineste-170-de-ani-de-la-fondare\/","og_site_name":"Buletin de Bucure\u0219ti","article_publisher":"https:\/\/www.facebook.com\/buletin.de.buc","article_published_time":"2022-12-24T17:59:30+00:00","og_image":[{"width":1500,"height":500,"url":"https:\/\/buletin.de\/bucuresti\/wp-content\/uploads\/306841871_8354844031223776_3531598851755796230_n.jpg","type":"image\/jpeg"}],"author":"Teodora \u0218uta","twitter_card":"summary_large_image","twitter_misc":{"Written by":"Teodora \u0218uta","Estimated reading time":"3 minutes"},"schema":{"@context":"https:\/\/schema.org","@graph":[{"@type":"Article","@id":"https:\/\/buletin.de\/bucuresti\/sarbatoare-in-lumea-culturala-bucuresteana-teatrul-national-bucuresti-implineste-170-de-ani-de-la-fondare\/#article","isPartOf":{"@id":"https:\/\/buletin.de\/bucuresti\/sarbatoare-in-lumea-culturala-bucuresteana-teatrul-national-bucuresti-implineste-170-de-ani-de-la-fondare\/"},"author":{"name":"Teodora \u0218uta","@id":"https:\/\/buletin.de\/bucuresti\/#\/schema\/person\/5d54908fa90ab7ad3b2e88152efd6845"},"headline":"S\u0103rb\u0103toare \u00een lumea cultural\u0103 bucure\u0219tean\u0103. Teatrul Na\u021bional Bucure\u0219ti \u00eempline\u0219te 170 de ani de la fondare","datePublished":"2022-12-24T17:59:30+00:00","mainEntityOfPage":{"@id":"https:\/\/buletin.de\/bucuresti\/sarbatoare-in-lumea-culturala-bucuresteana-teatrul-national-bucuresti-implineste-170-de-ani-de-la-fondare\/"},"wordCount":522,"publisher":{"@id":"https:\/\/buletin.de\/bucuresti\/#organization"},"image":{"@id":"https:\/\/buletin.de\/bucuresti\/sarbatoare-in-lumea-culturala-bucuresteana-teatrul-national-bucuresti-implineste-170-de-ani-de-la-fondare\/#primaryimage"},"thumbnailUrl":"https:\/\/buletin.de\/bucuresti\/wp-content\/uploads\/306841871_8354844031223776_3531598851755796230_n.jpg","articleSection":["\u0218tiri"],"inLanguage":"en-GB","copyrightYear":"2022","copyrightHolder":{"@id":"https:\/\/buletin.de\/bucuresti\/#organization"}},{"@type":"WebPage","@id":"https:\/\/buletin.de\/bucuresti\/sarbatoare-in-lumea-culturala-bucuresteana-teatrul-national-bucuresti-implineste-170-de-ani-de-la-fondare\/","url":"https:\/\/buletin.de\/bucuresti\/sarbatoare-in-lumea-culturala-bucuresteana-teatrul-national-bucuresti-implineste-170-de-ani-de-la-fondare\/","name":"S\u0103rb\u0103toare \u00een lumea cultural\u0103 bucure\u0219tean\u0103. Teatrul Na\u021bional Bucure\u0219ti \u00eempline\u0219te 170 de ani de la fondare - Buletin de Bucure\u0219ti","isPartOf":{"@id":"https:\/\/buletin.de\/bucuresti\/#website"},"primaryImageOfPage":{"@id":"https:\/\/buletin.de\/bucuresti\/sarbatoare-in-lumea-culturala-bucuresteana-teatrul-national-bucuresti-implineste-170-de-ani-de-la-fondare\/#primaryimage"},"image":{"@id":"https:\/\/buletin.de\/bucuresti\/sarbatoare-in-lumea-culturala-bucuresteana-teatrul-national-bucuresti-implineste-170-de-ani-de-la-fondare\/#primaryimage"},"thumbnailUrl":"https:\/\/buletin.de\/bucuresti\/wp-content\/uploads\/306841871_8354844031223776_3531598851755796230_n.jpg","datePublished":"2022-12-24T17:59:30+00:00","breadcrumb":{"@id":"https:\/\/buletin.de\/bucuresti\/sarbatoare-in-lumea-culturala-bucuresteana-teatrul-national-bucuresti-implineste-170-de-ani-de-la-fondare\/#breadcrumb"},"inLanguage":"en-GB","potentialAction":[{"@type":"ReadAction","target":["https:\/\/buletin.de\/bucuresti\/sarbatoare-in-lumea-culturala-bucuresteana-teatrul-national-bucuresti-implineste-170-de-ani-de-la-fondare\/"]}]},{"@type":"ImageObject","inLanguage":"en-GB","@id":"https:\/\/buletin.de\/bucuresti\/sarbatoare-in-lumea-culturala-bucuresteana-teatrul-national-bucuresti-implineste-170-de-ani-de-la-fondare\/#primaryimage","url":"https:\/\/buletin.de\/bucuresti\/wp-content\/uploads\/306841871_8354844031223776_3531598851755796230_n.jpg","contentUrl":"https:\/\/buletin.de\/bucuresti\/wp-content\/uploads\/306841871_8354844031223776_3531598851755796230_n.jpg","width":1500,"height":500},{"@type":"BreadcrumbList","@id":"https:\/\/buletin.de\/bucuresti\/sarbatoare-in-lumea-culturala-bucuresteana-teatrul-national-bucuresti-implineste-170-de-ani-de-la-fondare\/#breadcrumb","itemListElement":[{"@type":"ListItem","position":1,"name":"Acas\u0103","item":"https:\/\/buletin.de\/bucuresti\/"},{"@type":"ListItem","position":2,"name":"S\u0103rb\u0103toare \u00een lumea cultural\u0103 bucure\u0219tean\u0103. Teatrul Na\u021bional Bucure\u0219ti \u00eempline\u0219te 170 de ani de la fondare"}]},{"@type":"WebSite","@id":"https:\/\/buletin.de\/bucuresti\/#website","url":"https:\/\/buletin.de\/bucuresti\/","name":"Buletin de Bucure\u0219ti","description":"\u0218tiri \u0219i investiga\u021bii esen\u021biale din capital\u0103","publisher":{"@id":"https:\/\/buletin.de\/bucuresti\/#organization"},"potentialAction":[{"@type":"SearchAction","target":{"@type":"EntryPoint","urlTemplate":"https:\/\/buletin.de\/bucuresti\/?s={search_term_string}"},"query-input":{"@type":"PropertyValueSpecification","valueRequired":true,"valueName":"search_term_string"}}],"inLanguage":"en-GB"},{"@type":"Organization","@id":"https:\/\/buletin.de\/bucuresti\/#organization","name":"Buletin de Bucure\u0219ti","url":"https:\/\/buletin.de\/bucuresti\/","logo":{"@type":"ImageObject","inLanguage":"en-GB","@id":"https:\/\/buletin.de\/bucuresti\/#\/schema\/logo\/image\/","url":"https:\/\/buletin.de\/bucuresti\/wp-content\/uploads\/logo-bdb-full-wide-vernil-transparent.png","contentUrl":"https:\/\/buletin.de\/bucuresti\/wp-content\/uploads\/logo-bdb-full-wide-vernil-transparent.png","width":1782,"height":626,"caption":"Buletin de Bucure\u0219ti"},"image":{"@id":"https:\/\/buletin.de\/bucuresti\/#\/schema\/logo\/image\/"},"sameAs":["https:\/\/www.facebook.com\/buletin.de.buc","https:\/\/www.instagram.com\/buletinde.bucuresti\/"]},{"@type":"Person","@id":"https:\/\/buletin.de\/bucuresti\/#\/schema\/person\/5d54908fa90ab7ad3b2e88152efd6845","name":"Teodora \u0218uta","image":{"@type":"ImageObject","inLanguage":"en-GB","@id":"https:\/\/secure.gravatar.com\/avatar\/0c709226af9845d97b126aa0aa80ab42778847ec3d11d741016b74a61174088d?s=96&d=monsterid&r=gf2e0c6a01d766272c6fa8af9e494be28","url":"https:\/\/secure.gravatar.com\/avatar\/0c709226af9845d97b126aa0aa80ab42778847ec3d11d741016b74a61174088d?s=96&d=monsterid&r=g","contentUrl":"https:\/\/secure.gravatar.com\/avatar\/0c709226af9845d97b126aa0aa80ab42778847ec3d11d741016b74a61174088d?s=96&d=monsterid&r=g","caption":"Teodora \u0218uta"},"url":"https:\/\/buletin.de\/bucuresti\/author\/mariasuta\/"}]}},"authors":[{"term_id":22604,"user_id":45,"is_guest":0,"slug":"mariasuta","display_name":"Teodora \u0218uta","avatar_url":"https:\/\/secure.gravatar.com\/avatar\/0c709226af9845d97b126aa0aa80ab42778847ec3d11d741016b74a61174088d?s=96&d=monsterid&r=g","0":null,"1":"","2":"","3":"","4":"","5":"","6":"","7":"","8":""}],"_links":{"self":[{"href":"https:\/\/buletin.de\/bucuresti\/wp-json\/wp\/v2\/posts\/50347","targetHints":{"allow":["GET"]}}],"collection":[{"href":"https:\/\/buletin.de\/bucuresti\/wp-json\/wp\/v2\/posts"}],"about":[{"href":"https:\/\/buletin.de\/bucuresti\/wp-json\/wp\/v2\/types\/post"}],"author":[{"embeddable":true,"href":"https:\/\/buletin.de\/bucuresti\/wp-json\/wp\/v2\/users\/45"}],"replies":[{"embeddable":true,"href":"https:\/\/buletin.de\/bucuresti\/wp-json\/wp\/v2\/comments?post=50347"}],"version-history":[{"count":2,"href":"https:\/\/buletin.de\/bucuresti\/wp-json\/wp\/v2\/posts\/50347\/revisions"}],"predecessor-version":[{"id":50350,"href":"https:\/\/buletin.de\/bucuresti\/wp-json\/wp\/v2\/posts\/50347\/revisions\/50350"}],"wp:featuredmedia":[{"embeddable":true,"href":"https:\/\/buletin.de\/bucuresti\/wp-json\/wp\/v2\/media\/50348"}],"wp:attachment":[{"href":"https:\/\/buletin.de\/bucuresti\/wp-json\/wp\/v2\/media?parent=50347"}],"wp:term":[{"taxonomy":"category","embeddable":true,"href":"https:\/\/buletin.de\/bucuresti\/wp-json\/wp\/v2\/categories?post=50347"},{"taxonomy":"post_tag","embeddable":true,"href":"https:\/\/buletin.de\/bucuresti\/wp-json\/wp\/v2\/tags?post=50347"},{"taxonomy":"author","embeddable":true,"href":"https:\/\/buletin.de\/bucuresti\/wp-json\/wp\/v2\/ppma_author?post=50347"}],"curies":[{"name":"wp","href":"https:\/\/api.w.org\/{rel}","templated":true}]}}