{"id":50344,"date":"2022-12-24T16:53:18","date_gmt":"2022-12-24T14:53:18","guid":{"rendered":"https:\/\/buletin.de\/bucuresti\/?p=50344"},"modified":"2022-12-24T16:53:20","modified_gmt":"2022-12-24T14:53:20","slug":"aproape-700-de-blocuri-si-imobile-din-capitala-fara-caldura-si-apa-calda-in-ajunul-craciunului","status":"publish","type":"post","link":"https:\/\/buletin.de\/bucuresti\/aproape-700-de-blocuri-si-imobile-din-capitala-fara-caldura-si-apa-calda-in-ajunul-craciunului\/","title":{"rendered":"Aproape 700 de blocuri \u0219i imobile din Capital\u0103, f\u0103r\u0103 c\u0103ldur\u0103 \u0219i ap\u0103 cald\u0103 \u00een Ajunul Cr\u0103ciunului"},"content":{"rendered":"\n<p class=\"has-pale-cyan-blue-background-color has-background\">Compania Municipal\u0103 Termoenergetica anun\u021b\u0103 c\u0103 <a href=\"https:\/\/www.cmteb.ro\/functionare_sistem_termoficare.php\" target=\"_blank\" rel=\"noreferrer noopener\">690 de imobile\/blocuri din sectoarele 2, 3, 4 \u0219i 6<\/a> din Capital\u0103 nu au c\u0103ldur\u0103 \u0219i ap\u0103 cald\u0103 \u00een Ajunul Cr\u0103ciunului.<\/p>\n\n\n\n<p>Cele mai multe locuin\u021be se afl\u0103 \u00een Sectorul 2, unde figureaz\u0103 f\u0103r\u0103 ap\u0103 cald\u0103 \u0219i c\u0103ldur\u0103 396 de blocuri\/imobile.<\/p>\n\n\n\n<p>\u00cen Sectorul 3 sunt afectate 203 imobile \u0219i blocuri, \u00een Sectorul 4 e vorba de 66, iar \u00een Sectorul 6 se \u00eenregistreaz\u0103 aceea\u0219i problem\u0103 \u00een 25 de imobile \u0219i blocuri.<\/p>\n\n\n\n<p>\u201dTermenul afi\u0219at pentru punerea \u00een func\u021biune a punctului termic este estimat.<\/p>\n\n\n\n<p>Echipele Companiei Municipale Termoenergetica Bucure\u0219ti S.A. lucreaz\u0103 \u00een regim continuu pentru finalizarea \u00een cel mai scurt timp a tuturor lucr\u0103rilor.<\/p>\n\n\n\n<p>V\u0103 comunic\u0103m c\u0103 sistemul de monitorizare a parametrilor tehnici &#8211; SCADA de\u021bine date (informa\u021bii transmise \u00een timp real dispeceratelor de sector) pentru un num\u0103r de 836 din totalul celor 1027 puncte termice aflate \u00een exploatarea Companiei Municipale Termoenergetica Bucure\u0219ti (CMTEB) S.A. Pentru punctele termice nemonitorizate SCADA (191) personalul CMTEB se deplaseaz\u0103 periodic in teren in vederea efectu\u0103rii verific\u0103rilor\u201d, precizeaz\u0103 Termoenergetica.<\/p>\n\n\n\n<p><\/p>\n","protected":false},"excerpt":{"rendered":"<p>Compania Municipal\u0103 Termoenergetica anun\u021b\u0103 c\u0103 690 de imobile\/blocuri din sectoarele 2, 3, 4 \u0219i 6 din Capital\u0103 nu au c\u0103ldur\u0103 \u0219i ap\u0103 cald\u0103 \u00een Ajunul Cr\u0103ciunului. Cele mai multe locuin\u021be se afl\u0103 \u00een Sectorul 2, unde figureaz\u0103 f\u0103r\u0103 ap\u0103 cald\u0103 \u0219i c\u0103ldur\u0103 396 de blocuri\/imobile. \u00cen Sectorul 3 sunt afectate 203 imobile \u0219i blocuri, \u00een [&hellip;]<\/p>\n","protected":false},"author":38,"featured_media":33812,"comment_status":"closed","ping_status":"open","sticky":false,"template":"","format":"standard","meta":{"_acf_changed":false,"inline_featured_image":false,"ngg_post_thumbnail":0,"footnotes":""},"categories":[62],"tags":[],"ppma_author":[22601],"class_list":["post-50344","post","type-post","status-publish","format-standard","has-post-thumbnail","hentry","category-stiri"],"acf":[],"yoast_head":"<!-- This site is optimized with the Yoast SEO Premium plugin v25.3 (Yoast SEO v27.4) - https:\/\/yoast.com\/product\/yoast-seo-premium-wordpress\/ -->\n<title>Aproape 700 de blocuri \u0219i imobile din Capital\u0103, f\u0103r\u0103 c\u0103ldur\u0103 \u0219i ap\u0103 cald\u0103 \u00een Ajunul Cr\u0103ciunului - Buletin de Bucure\u0219ti<\/title>\n<meta name=\"robots\" content=\"index, follow, max-snippet:-1, max-image-preview:large, max-video-preview:-1\" \/>\n<link rel=\"canonical\" href=\"https:\/\/buletin.de\/bucuresti\/aproape-700-de-blocuri-si-imobile-din-capitala-fara-caldura-si-apa-calda-in-ajunul-craciunului\/\" \/>\n<meta property=\"og:locale\" content=\"en_GB\" \/>\n<meta property=\"og:type\" content=\"article\" \/>\n<meta property=\"og:title\" content=\"Aproape 700 de blocuri \u0219i imobile din Capital\u0103, f\u0103r\u0103 c\u0103ldur\u0103 \u0219i ap\u0103 cald\u0103 \u00een Ajunul Cr\u0103ciunului\" \/>\n<meta property=\"og:description\" content=\"Compania Municipal\u0103 Termoenergetica anun\u021b\u0103 c\u0103 690 de imobile\/blocuri din sectoarele 2, 3, 4 \u0219i 6 din Capital\u0103 nu au c\u0103ldur\u0103 \u0219i ap\u0103 cald\u0103 \u00een Ajunul Cr\u0103ciunului. Cele mai multe locuin\u021be se afl\u0103 \u00een Sectorul 2, unde figureaz\u0103 f\u0103r\u0103 ap\u0103 cald\u0103 \u0219i c\u0103ldur\u0103 396 de blocuri\/imobile. \u00cen Sectorul 3 sunt afectate 203 imobile \u0219i blocuri, \u00een [&hellip;]\" \/>\n<meta property=\"og:url\" content=\"https:\/\/buletin.de\/bucuresti\/aproape-700-de-blocuri-si-imobile-din-capitala-fara-caldura-si-apa-calda-in-ajunul-craciunului\/\" \/>\n<meta property=\"og:site_name\" content=\"Buletin de Bucure\u0219ti\" \/>\n<meta property=\"article:publisher\" content=\"https:\/\/www.facebook.com\/buletin.de.buc\" \/>\n<meta property=\"article:published_time\" content=\"2022-12-24T14:53:18+00:00\" \/>\n<meta property=\"article:modified_time\" content=\"2022-12-24T14:53:20+00:00\" \/>\n<meta property=\"og:image\" content=\"https:\/\/buletin.de\/bucuresti\/wp-content\/uploads\/termoenergetica-prefectura-solutii.jpg\" \/>\n\t<meta property=\"og:image:width\" content=\"2016\" \/>\n\t<meta property=\"og:image:height\" content=\"1512\" \/>\n\t<meta property=\"og:image:type\" content=\"image\/jpeg\" \/>\n<meta name=\"author\" content=\"Anamaria Nedelcoff\" \/>\n<meta name=\"twitter:card\" content=\"summary_large_image\" \/>\n<meta name=\"twitter:label1\" content=\"Written by\" \/>\n\t<meta name=\"twitter:data1\" content=\"Anamaria Nedelcoff\" \/>\n\t<meta name=\"twitter:label2\" content=\"Estimated reading time\" \/>\n\t<meta name=\"twitter:data2\" content=\"1 minute\" \/>\n<script type=\"application\/ld+json\" class=\"yoast-schema-graph\">{\"@context\":\"https:\\\/\\\/schema.org\",\"@graph\":[{\"@type\":\"Article\",\"@id\":\"https:\\\/\\\/buletin.de\\\/bucuresti\\\/aproape-700-de-blocuri-si-imobile-din-capitala-fara-caldura-si-apa-calda-in-ajunul-craciunului\\\/#article\",\"isPartOf\":{\"@id\":\"https:\\\/\\\/buletin.de\\\/bucuresti\\\/aproape-700-de-blocuri-si-imobile-din-capitala-fara-caldura-si-apa-calda-in-ajunul-craciunului\\\/\"},\"author\":{\"name\":\"Anamaria Nedelcoff\",\"@id\":\"https:\\\/\\\/buletin.de\\\/bucuresti\\\/#\\\/schema\\\/person\\\/bfa22994f12f5d3353b170aca494f1f9\"},\"headline\":\"Aproape 700 de blocuri \u0219i imobile din Capital\u0103, f\u0103r\u0103 c\u0103ldur\u0103 \u0219i ap\u0103 cald\u0103 \u00een Ajunul Cr\u0103ciunului\",\"datePublished\":\"2022-12-24T14:53:18+00:00\",\"dateModified\":\"2022-12-24T14:53:20+00:00\",\"mainEntityOfPage\":{\"@id\":\"https:\\\/\\\/buletin.de\\\/bucuresti\\\/aproape-700-de-blocuri-si-imobile-din-capitala-fara-caldura-si-apa-calda-in-ajunul-craciunului\\\/\"},\"wordCount\":189,\"publisher\":{\"@id\":\"https:\\\/\\\/buletin.de\\\/bucuresti\\\/#organization\"},\"image\":{\"@id\":\"https:\\\/\\\/buletin.de\\\/bucuresti\\\/aproape-700-de-blocuri-si-imobile-din-capitala-fara-caldura-si-apa-calda-in-ajunul-craciunului\\\/#primaryimage\"},\"thumbnailUrl\":\"https:\\\/\\\/buletin.de\\\/bucuresti\\\/wp-content\\\/uploads\\\/termoenergetica-prefectura-solutii.jpg\",\"articleSection\":[\"\u0218tiri\"],\"inLanguage\":\"en-GB\",\"copyrightYear\":\"2022\",\"copyrightHolder\":{\"@id\":\"https:\\\/\\\/buletin.de\\\/bucuresti\\\/#organization\"}},{\"@type\":\"WebPage\",\"@id\":\"https:\\\/\\\/buletin.de\\\/bucuresti\\\/aproape-700-de-blocuri-si-imobile-din-capitala-fara-caldura-si-apa-calda-in-ajunul-craciunului\\\/\",\"url\":\"https:\\\/\\\/buletin.de\\\/bucuresti\\\/aproape-700-de-blocuri-si-imobile-din-capitala-fara-caldura-si-apa-calda-in-ajunul-craciunului\\\/\",\"name\":\"Aproape 700 de blocuri \u0219i imobile din Capital\u0103, f\u0103r\u0103 c\u0103ldur\u0103 \u0219i ap\u0103 cald\u0103 \u00een Ajunul Cr\u0103ciunului - Buletin de Bucure\u0219ti\",\"isPartOf\":{\"@id\":\"https:\\\/\\\/buletin.de\\\/bucuresti\\\/#website\"},\"primaryImageOfPage\":{\"@id\":\"https:\\\/\\\/buletin.de\\\/bucuresti\\\/aproape-700-de-blocuri-si-imobile-din-capitala-fara-caldura-si-apa-calda-in-ajunul-craciunului\\\/#primaryimage\"},\"image\":{\"@id\":\"https:\\\/\\\/buletin.de\\\/bucuresti\\\/aproape-700-de-blocuri-si-imobile-din-capitala-fara-caldura-si-apa-calda-in-ajunul-craciunului\\\/#primaryimage\"},\"thumbnailUrl\":\"https:\\\/\\\/buletin.de\\\/bucuresti\\\/wp-content\\\/uploads\\\/termoenergetica-prefectura-solutii.jpg\",\"datePublished\":\"2022-12-24T14:53:18+00:00\",\"dateModified\":\"2022-12-24T14:53:20+00:00\",\"breadcrumb\":{\"@id\":\"https:\\\/\\\/buletin.de\\\/bucuresti\\\/aproape-700-de-blocuri-si-imobile-din-capitala-fara-caldura-si-apa-calda-in-ajunul-craciunului\\\/#breadcrumb\"},\"inLanguage\":\"en-GB\",\"potentialAction\":[{\"@type\":\"ReadAction\",\"target\":[\"https:\\\/\\\/buletin.de\\\/bucuresti\\\/aproape-700-de-blocuri-si-imobile-din-capitala-fara-caldura-si-apa-calda-in-ajunul-craciunului\\\/\"]}]},{\"@type\":\"ImageObject\",\"inLanguage\":\"en-GB\",\"@id\":\"https:\\\/\\\/buletin.de\\\/bucuresti\\\/aproape-700-de-blocuri-si-imobile-din-capitala-fara-caldura-si-apa-calda-in-ajunul-craciunului\\\/#primaryimage\",\"url\":\"https:\\\/\\\/buletin.de\\\/bucuresti\\\/wp-content\\\/uploads\\\/termoenergetica-prefectura-solutii.jpg\",\"contentUrl\":\"https:\\\/\\\/buletin.de\\\/bucuresti\\\/wp-content\\\/uploads\\\/termoenergetica-prefectura-solutii.jpg\",\"width\":2016,\"height\":1512},{\"@type\":\"BreadcrumbList\",\"@id\":\"https:\\\/\\\/buletin.de\\\/bucuresti\\\/aproape-700-de-blocuri-si-imobile-din-capitala-fara-caldura-si-apa-calda-in-ajunul-craciunului\\\/#breadcrumb\",\"itemListElement\":[{\"@type\":\"ListItem\",\"position\":1,\"name\":\"Acas\u0103\",\"item\":\"https:\\\/\\\/buletin.de\\\/bucuresti\\\/\"},{\"@type\":\"ListItem\",\"position\":2,\"name\":\"Aproape 700 de blocuri \u0219i imobile din Capital\u0103, f\u0103r\u0103 c\u0103ldur\u0103 \u0219i ap\u0103 cald\u0103 \u00een Ajunul Cr\u0103ciunului\"}]},{\"@type\":\"WebSite\",\"@id\":\"https:\\\/\\\/buletin.de\\\/bucuresti\\\/#website\",\"url\":\"https:\\\/\\\/buletin.de\\\/bucuresti\\\/\",\"name\":\"Buletin de Bucure\u0219ti\",\"description\":\"\u0218tiri \u0219i investiga\u021bii esen\u021biale din capital\u0103\",\"publisher\":{\"@id\":\"https:\\\/\\\/buletin.de\\\/bucuresti\\\/#organization\"},\"potentialAction\":[{\"@type\":\"SearchAction\",\"target\":{\"@type\":\"EntryPoint\",\"urlTemplate\":\"https:\\\/\\\/buletin.de\\\/bucuresti\\\/?s={search_term_string}\"},\"query-input\":{\"@type\":\"PropertyValueSpecification\",\"valueRequired\":true,\"valueName\":\"search_term_string\"}}],\"inLanguage\":\"en-GB\"},{\"@type\":\"Organization\",\"@id\":\"https:\\\/\\\/buletin.de\\\/bucuresti\\\/#organization\",\"name\":\"Buletin de Bucure\u0219ti\",\"url\":\"https:\\\/\\\/buletin.de\\\/bucuresti\\\/\",\"logo\":{\"@type\":\"ImageObject\",\"inLanguage\":\"en-GB\",\"@id\":\"https:\\\/\\\/buletin.de\\\/bucuresti\\\/#\\\/schema\\\/logo\\\/image\\\/\",\"url\":\"https:\\\/\\\/buletin.de\\\/bucuresti\\\/wp-content\\\/uploads\\\/logo-bdb-full-wide-vernil-transparent.png\",\"contentUrl\":\"https:\\\/\\\/buletin.de\\\/bucuresti\\\/wp-content\\\/uploads\\\/logo-bdb-full-wide-vernil-transparent.png\",\"width\":1782,\"height\":626,\"caption\":\"Buletin de Bucure\u0219ti\"},\"image\":{\"@id\":\"https:\\\/\\\/buletin.de\\\/bucuresti\\\/#\\\/schema\\\/logo\\\/image\\\/\"},\"sameAs\":[\"https:\\\/\\\/www.facebook.com\\\/buletin.de.buc\",\"https:\\\/\\\/www.instagram.com\\\/buletinde.bucuresti\\\/\"]},{\"@type\":\"Person\",\"@id\":\"https:\\\/\\\/buletin.de\\\/bucuresti\\\/#\\\/schema\\\/person\\\/bfa22994f12f5d3353b170aca494f1f9\",\"name\":\"Anamaria Nedelcoff\",\"image\":{\"@type\":\"ImageObject\",\"inLanguage\":\"en-GB\",\"@id\":\"https:\\\/\\\/secure.gravatar.com\\\/avatar\\\/409df91a26b98006111557131cc35236962765b734317e1dcf94c6bc1d010629?s=96&d=monsterid&r=g9bc3ae6c8e1522e913d1a0debd6aec89\",\"url\":\"https:\\\/\\\/secure.gravatar.com\\\/avatar\\\/409df91a26b98006111557131cc35236962765b734317e1dcf94c6bc1d010629?s=96&d=monsterid&r=g\",\"contentUrl\":\"https:\\\/\\\/secure.gravatar.com\\\/avatar\\\/409df91a26b98006111557131cc35236962765b734317e1dcf94c6bc1d010629?s=96&d=monsterid&r=g\",\"caption\":\"Anamaria Nedelcoff\"},\"url\":\"https:\\\/\\\/buletin.de\\\/bucuresti\\\/author\\\/nedelcoff\\\/\"}]}<\/script>\n<!-- \/ Yoast SEO Premium plugin. -->","yoast_head_json":{"title":"Aproape 700 de blocuri \u0219i imobile din Capital\u0103, f\u0103r\u0103 c\u0103ldur\u0103 \u0219i ap\u0103 cald\u0103 \u00een Ajunul Cr\u0103ciunului - Buletin de Bucure\u0219ti","robots":{"index":"index","follow":"follow","max-snippet":"max-snippet:-1","max-image-preview":"max-image-preview:large","max-video-preview":"max-video-preview:-1"},"canonical":"https:\/\/buletin.de\/bucuresti\/aproape-700-de-blocuri-si-imobile-din-capitala-fara-caldura-si-apa-calda-in-ajunul-craciunului\/","og_locale":"en_GB","og_type":"article","og_title":"Aproape 700 de blocuri \u0219i imobile din Capital\u0103, f\u0103r\u0103 c\u0103ldur\u0103 \u0219i ap\u0103 cald\u0103 \u00een Ajunul Cr\u0103ciunului","og_description":"Compania Municipal\u0103 Termoenergetica anun\u021b\u0103 c\u0103 690 de imobile\/blocuri din sectoarele 2, 3, 4 \u0219i 6 din Capital\u0103 nu au c\u0103ldur\u0103 \u0219i ap\u0103 cald\u0103 \u00een Ajunul Cr\u0103ciunului. Cele mai multe locuin\u021be se afl\u0103 \u00een Sectorul 2, unde figureaz\u0103 f\u0103r\u0103 ap\u0103 cald\u0103 \u0219i c\u0103ldur\u0103 396 de blocuri\/imobile. \u00cen Sectorul 3 sunt afectate 203 imobile \u0219i blocuri, \u00een [&hellip;]","og_url":"https:\/\/buletin.de\/bucuresti\/aproape-700-de-blocuri-si-imobile-din-capitala-fara-caldura-si-apa-calda-in-ajunul-craciunului\/","og_site_name":"Buletin de Bucure\u0219ti","article_publisher":"https:\/\/www.facebook.com\/buletin.de.buc","article_published_time":"2022-12-24T14:53:18+00:00","article_modified_time":"2022-12-24T14:53:20+00:00","og_image":[{"width":2016,"height":1512,"url":"https:\/\/buletin.de\/bucuresti\/wp-content\/uploads\/termoenergetica-prefectura-solutii.jpg","type":"image\/jpeg"}],"author":"Anamaria Nedelcoff","twitter_card":"summary_large_image","twitter_misc":{"Written by":"Anamaria Nedelcoff","Estimated reading time":"1 minute"},"schema":{"@context":"https:\/\/schema.org","@graph":[{"@type":"Article","@id":"https:\/\/buletin.de\/bucuresti\/aproape-700-de-blocuri-si-imobile-din-capitala-fara-caldura-si-apa-calda-in-ajunul-craciunului\/#article","isPartOf":{"@id":"https:\/\/buletin.de\/bucuresti\/aproape-700-de-blocuri-si-imobile-din-capitala-fara-caldura-si-apa-calda-in-ajunul-craciunului\/"},"author":{"name":"Anamaria Nedelcoff","@id":"https:\/\/buletin.de\/bucuresti\/#\/schema\/person\/bfa22994f12f5d3353b170aca494f1f9"},"headline":"Aproape 700 de blocuri \u0219i imobile din Capital\u0103, f\u0103r\u0103 c\u0103ldur\u0103 \u0219i ap\u0103 cald\u0103 \u00een Ajunul Cr\u0103ciunului","datePublished":"2022-12-24T14:53:18+00:00","dateModified":"2022-12-24T14:53:20+00:00","mainEntityOfPage":{"@id":"https:\/\/buletin.de\/bucuresti\/aproape-700-de-blocuri-si-imobile-din-capitala-fara-caldura-si-apa-calda-in-ajunul-craciunului\/"},"wordCount":189,"publisher":{"@id":"https:\/\/buletin.de\/bucuresti\/#organization"},"image":{"@id":"https:\/\/buletin.de\/bucuresti\/aproape-700-de-blocuri-si-imobile-din-capitala-fara-caldura-si-apa-calda-in-ajunul-craciunului\/#primaryimage"},"thumbnailUrl":"https:\/\/buletin.de\/bucuresti\/wp-content\/uploads\/termoenergetica-prefectura-solutii.jpg","articleSection":["\u0218tiri"],"inLanguage":"en-GB","copyrightYear":"2022","copyrightHolder":{"@id":"https:\/\/buletin.de\/bucuresti\/#organization"}},{"@type":"WebPage","@id":"https:\/\/buletin.de\/bucuresti\/aproape-700-de-blocuri-si-imobile-din-capitala-fara-caldura-si-apa-calda-in-ajunul-craciunului\/","url":"https:\/\/buletin.de\/bucuresti\/aproape-700-de-blocuri-si-imobile-din-capitala-fara-caldura-si-apa-calda-in-ajunul-craciunului\/","name":"Aproape 700 de blocuri \u0219i imobile din Capital\u0103, f\u0103r\u0103 c\u0103ldur\u0103 \u0219i ap\u0103 cald\u0103 \u00een Ajunul Cr\u0103ciunului - Buletin de Bucure\u0219ti","isPartOf":{"@id":"https:\/\/buletin.de\/bucuresti\/#website"},"primaryImageOfPage":{"@id":"https:\/\/buletin.de\/bucuresti\/aproape-700-de-blocuri-si-imobile-din-capitala-fara-caldura-si-apa-calda-in-ajunul-craciunului\/#primaryimage"},"image":{"@id":"https:\/\/buletin.de\/bucuresti\/aproape-700-de-blocuri-si-imobile-din-capitala-fara-caldura-si-apa-calda-in-ajunul-craciunului\/#primaryimage"},"thumbnailUrl":"https:\/\/buletin.de\/bucuresti\/wp-content\/uploads\/termoenergetica-prefectura-solutii.jpg","datePublished":"2022-12-24T14:53:18+00:00","dateModified":"2022-12-24T14:53:20+00:00","breadcrumb":{"@id":"https:\/\/buletin.de\/bucuresti\/aproape-700-de-blocuri-si-imobile-din-capitala-fara-caldura-si-apa-calda-in-ajunul-craciunului\/#breadcrumb"},"inLanguage":"en-GB","potentialAction":[{"@type":"ReadAction","target":["https:\/\/buletin.de\/bucuresti\/aproape-700-de-blocuri-si-imobile-din-capitala-fara-caldura-si-apa-calda-in-ajunul-craciunului\/"]}]},{"@type":"ImageObject","inLanguage":"en-GB","@id":"https:\/\/buletin.de\/bucuresti\/aproape-700-de-blocuri-si-imobile-din-capitala-fara-caldura-si-apa-calda-in-ajunul-craciunului\/#primaryimage","url":"https:\/\/buletin.de\/bucuresti\/wp-content\/uploads\/termoenergetica-prefectura-solutii.jpg","contentUrl":"https:\/\/buletin.de\/bucuresti\/wp-content\/uploads\/termoenergetica-prefectura-solutii.jpg","width":2016,"height":1512},{"@type":"BreadcrumbList","@id":"https:\/\/buletin.de\/bucuresti\/aproape-700-de-blocuri-si-imobile-din-capitala-fara-caldura-si-apa-calda-in-ajunul-craciunului\/#breadcrumb","itemListElement":[{"@type":"ListItem","position":1,"name":"Acas\u0103","item":"https:\/\/buletin.de\/bucuresti\/"},{"@type":"ListItem","position":2,"name":"Aproape 700 de blocuri \u0219i imobile din Capital\u0103, f\u0103r\u0103 c\u0103ldur\u0103 \u0219i ap\u0103 cald\u0103 \u00een Ajunul Cr\u0103ciunului"}]},{"@type":"WebSite","@id":"https:\/\/buletin.de\/bucuresti\/#website","url":"https:\/\/buletin.de\/bucuresti\/","name":"Buletin de Bucure\u0219ti","description":"\u0218tiri \u0219i investiga\u021bii esen\u021biale din capital\u0103","publisher":{"@id":"https:\/\/buletin.de\/bucuresti\/#organization"},"potentialAction":[{"@type":"SearchAction","target":{"@type":"EntryPoint","urlTemplate":"https:\/\/buletin.de\/bucuresti\/?s={search_term_string}"},"query-input":{"@type":"PropertyValueSpecification","valueRequired":true,"valueName":"search_term_string"}}],"inLanguage":"en-GB"},{"@type":"Organization","@id":"https:\/\/buletin.de\/bucuresti\/#organization","name":"Buletin de Bucure\u0219ti","url":"https:\/\/buletin.de\/bucuresti\/","logo":{"@type":"ImageObject","inLanguage":"en-GB","@id":"https:\/\/buletin.de\/bucuresti\/#\/schema\/logo\/image\/","url":"https:\/\/buletin.de\/bucuresti\/wp-content\/uploads\/logo-bdb-full-wide-vernil-transparent.png","contentUrl":"https:\/\/buletin.de\/bucuresti\/wp-content\/uploads\/logo-bdb-full-wide-vernil-transparent.png","width":1782,"height":626,"caption":"Buletin de Bucure\u0219ti"},"image":{"@id":"https:\/\/buletin.de\/bucuresti\/#\/schema\/logo\/image\/"},"sameAs":["https:\/\/www.facebook.com\/buletin.de.buc","https:\/\/www.instagram.com\/buletinde.bucuresti\/"]},{"@type":"Person","@id":"https:\/\/buletin.de\/bucuresti\/#\/schema\/person\/bfa22994f12f5d3353b170aca494f1f9","name":"Anamaria Nedelcoff","image":{"@type":"ImageObject","inLanguage":"en-GB","@id":"https:\/\/secure.gravatar.com\/avatar\/409df91a26b98006111557131cc35236962765b734317e1dcf94c6bc1d010629?s=96&d=monsterid&r=g9bc3ae6c8e1522e913d1a0debd6aec89","url":"https:\/\/secure.gravatar.com\/avatar\/409df91a26b98006111557131cc35236962765b734317e1dcf94c6bc1d010629?s=96&d=monsterid&r=g","contentUrl":"https:\/\/secure.gravatar.com\/avatar\/409df91a26b98006111557131cc35236962765b734317e1dcf94c6bc1d010629?s=96&d=monsterid&r=g","caption":"Anamaria Nedelcoff"},"url":"https:\/\/buletin.de\/bucuresti\/author\/nedelcoff\/"}]}},"authors":[{"term_id":22601,"user_id":38,"is_guest":0,"slug":"nedelcoff","display_name":"Anamaria Nedelcoff","avatar_url":"https:\/\/secure.gravatar.com\/avatar\/409df91a26b98006111557131cc35236962765b734317e1dcf94c6bc1d010629?s=96&d=monsterid&r=g","0":null,"1":"","2":"","3":"","4":"","5":"","6":"","7":"","8":""}],"_links":{"self":[{"href":"https:\/\/buletin.de\/bucuresti\/wp-json\/wp\/v2\/posts\/50344","targetHints":{"allow":["GET"]}}],"collection":[{"href":"https:\/\/buletin.de\/bucuresti\/wp-json\/wp\/v2\/posts"}],"about":[{"href":"https:\/\/buletin.de\/bucuresti\/wp-json\/wp\/v2\/types\/post"}],"author":[{"embeddable":true,"href":"https:\/\/buletin.de\/bucuresti\/wp-json\/wp\/v2\/users\/38"}],"replies":[{"embeddable":true,"href":"https:\/\/buletin.de\/bucuresti\/wp-json\/wp\/v2\/comments?post=50344"}],"version-history":[{"count":1,"href":"https:\/\/buletin.de\/bucuresti\/wp-json\/wp\/v2\/posts\/50344\/revisions"}],"predecessor-version":[{"id":50345,"href":"https:\/\/buletin.de\/bucuresti\/wp-json\/wp\/v2\/posts\/50344\/revisions\/50345"}],"wp:featuredmedia":[{"embeddable":true,"href":"https:\/\/buletin.de\/bucuresti\/wp-json\/wp\/v2\/media\/33812"}],"wp:attachment":[{"href":"https:\/\/buletin.de\/bucuresti\/wp-json\/wp\/v2\/media?parent=50344"}],"wp:term":[{"taxonomy":"category","embeddable":true,"href":"https:\/\/buletin.de\/bucuresti\/wp-json\/wp\/v2\/categories?post=50344"},{"taxonomy":"post_tag","embeddable":true,"href":"https:\/\/buletin.de\/bucuresti\/wp-json\/wp\/v2\/tags?post=50344"},{"taxonomy":"author","embeddable":true,"href":"https:\/\/buletin.de\/bucuresti\/wp-json\/wp\/v2\/ppma_author?post=50344"}],"curies":[{"name":"wp","href":"https:\/\/api.w.org\/{rel}","templated":true}]}}