{"id":50319,"date":"2022-12-24T10:35:35","date_gmt":"2022-12-24T08:35:35","guid":{"rendered":"https:\/\/buletin.de\/bucuresti\/?p=50319"},"modified":"2022-12-24T10:35:35","modified_gmt":"2022-12-24T08:35:35","slug":"daniel-baluta-nicio-reactie-dupa-accidentul-de-ieri-de-la-pasajul-unirii-ultimele-sale-postari-sunt-despre-masa-de-craciun-si-cozonaci","status":"publish","type":"post","link":"https:\/\/buletin.de\/bucuresti\/daniel-baluta-nicio-reactie-dupa-accidentul-de-ieri-de-la-pasajul-unirii-ultimele-sale-postari-sunt-despre-masa-de-craciun-si-cozonaci\/","title":{"rendered":"Daniel B\u0103lu\u021b\u0103, nicio reac\u021bie dup\u0103 accidentul de ieri de la Pasajul Unirii. Ultimele sale post\u0103ri sunt despre masa de Cr\u0103ciun \u0219i cozonaci"},"content":{"rendered":"\n<p><strong>De\u0219i au trecut mai bine de 20 de ore de la accidentul grav de la Pasajul Unirii, Daniel B\u0103lu\u021b\u0103, primarul Sectorului 4 nu a postat nimic pe pagina oficial\u0103 de Facebook \u0219i nici pe cea a Prim\u0103riei pe care o conduce. Pe pagina personal\u0103, edilul are post\u0103ri doar de dinaintea accidentului. Ultima este  despre masa de Cr\u0103ciun, iar alta despre cozonaci. <\/strong><\/p>\n\n\n\n<figure class=\"wp-block-gallery has-nested-images columns-default is-cropped wp-block-gallery-1 is-layout-flex wp-block-gallery-is-layout-flex\">\n<figure class=\"wp-block-image size-full\"><img fetchpriority=\"high\" decoding=\"async\" width=\"581\" height=\"532\" data-id=\"50321\" src=\"data:image\/gif;base64,R0lGODlhAQABAAAAACH5BAEKAAEALAAAAAABAAEAAAICTAEAOw==\" data-src=\"https:\/\/buletin.de\/bucuresti\/wp-content\/uploads\/Screen-Shot-2022-12-24-at-10.11.11-AM.png\" alt=\"\" class=\"wp-image-50321 lazyload\" data-sizes=\"auto\" data-srcset=\"https:\/\/buletin.de\/bucuresti\/wp-content\/uploads\/Screen-Shot-2022-12-24-at-10.11.11-AM.png 581w, https:\/\/buletin.de\/bucuresti\/wp-content\/uploads\/Screen-Shot-2022-12-24-at-10.11.11-AM-300x275.png 300w, https:\/\/buletin.de\/bucuresti\/wp-content\/uploads\/Screen-Shot-2022-12-24-at-10.11.11-AM-550x504.png 550w, https:\/\/buletin.de\/bucuresti\/wp-content\/uploads\/Screen-Shot-2022-12-24-at-10.11.11-AM-546x500.png 546w\" sizes=\"(max-width: 581px) 100vw, 581px\" \/><\/figure>\n\n\n\n<figure class=\"wp-block-image size-full\"><img decoding=\"async\" width=\"581\" height=\"576\" data-id=\"50322\" src=\"data:image\/gif;base64,R0lGODlhAQABAAAAACH5BAEKAAEALAAAAAABAAEAAAICTAEAOw==\" data-src=\"https:\/\/buletin.de\/bucuresti\/wp-content\/uploads\/Screen-Shot-2022-12-24-at-10.11.17-AM.png\" alt=\"\" class=\"wp-image-50322 lazyload\" data-sizes=\"auto\" data-srcset=\"https:\/\/buletin.de\/bucuresti\/wp-content\/uploads\/Screen-Shot-2022-12-24-at-10.11.17-AM.png 581w, https:\/\/buletin.de\/bucuresti\/wp-content\/uploads\/Screen-Shot-2022-12-24-at-10.11.17-AM-300x297.png 300w, https:\/\/buletin.de\/bucuresti\/wp-content\/uploads\/Screen-Shot-2022-12-24-at-10.11.17-AM-150x150.png 150w, https:\/\/buletin.de\/bucuresti\/wp-content\/uploads\/Screen-Shot-2022-12-24-at-10.11.17-AM-550x545.png 550w, https:\/\/buletin.de\/bucuresti\/wp-content\/uploads\/Screen-Shot-2022-12-24-at-10.11.17-AM-504x500.png 504w, https:\/\/buletin.de\/bucuresti\/wp-content\/uploads\/Screen-Shot-2022-12-24-at-10.11.17-AM-45x45.png 45w, https:\/\/buletin.de\/bucuresti\/wp-content\/uploads\/Screen-Shot-2022-12-24-at-10.11.17-AM-100x100.png 100w\" sizes=\"(max-width: 581px) 100vw, 581px\" \/><\/figure>\n<figcaption class=\"blocks-gallery-caption\">Ultimele dou\u0103 post\u0103ri de pe pagina oficial\u0103 a primarului Sectorului 4, Daniel B\u0103lu\u021b\u0103<\/figcaption><\/figure>\n\n\n\n<p><\/p>\n\n\n\n<p>L\u0103muririle din partea prim\u0103riei lipsesc, de\u0219i exper\u021bii independe\u021bi greci au sus\u021binut, la televiziunea greceasc\u0103 SKAI, c\u0103 accidentul s-ar fi produs din cauza unei erori de construc\u021bie a pasajului care dup\u0103 reabilitare a pierdut din \u00een\u0103l\u021bime.  <\/p>\n\n\n\n<p>Aceia\u0219i exper\u021bi chiar au spus c\u0103 tunelul, care a \u00eenregistrat alte \u0219apte accidente,&nbsp;nu \u00eendepline\u0219te standardele interna\u021bionale de siguran\u021b\u0103 \u0219i acest lucru ar fi trebuit s\u0103 fie anun\u021bat pe h\u0103r\u021bile electronice \u0219i tuturor \u0219oferilor profesioni\u0219ti cu mult \u00eenainte ca ace\u0219tia s\u0103 ajung\u0103 la acel punct anume.<\/p>\n\n\n\n<p>Mai mult, la rubrica \u201ecomunicate de pres\u0103\u201c de pe site-ul Prim\u0103riei Sectorului 4 nu exist\u0103 nicio declara\u021bie sau l\u0103murire din partea institu\u021biei, \u00een leg\u0103tur\u0103 cu accidentul. Ultimul comunicat de pres\u0103 este de pe 13 decembrie, c\u00e2nd prim\u0103ria anun\u021ba c\u0103 a fost finalizat\u0103 sta\u021bia de metrou \u201eTudor Arghezi\u201c.  <\/p>\n\n\n\n<figure class=\"wp-block-image size-large\"><img decoding=\"async\" width=\"900\" height=\"431\" src=\"data:image\/gif;base64,R0lGODlhAQABAAAAACH5BAEKAAEALAAAAAABAAEAAAICTAEAOw==\" data-src=\"https:\/\/buletin.de\/bucuresti\/wp-content\/uploads\/Screen-Shot-2022-12-24-at-10.10.59-AM-900x431.png\" alt=\"\" class=\"wp-image-50320 lazyload\" data-sizes=\"auto\" data-srcset=\"https:\/\/buletin.de\/bucuresti\/wp-content\/uploads\/Screen-Shot-2022-12-24-at-10.10.59-AM-900x431.png 900w, https:\/\/buletin.de\/bucuresti\/wp-content\/uploads\/Screen-Shot-2022-12-24-at-10.10.59-AM-300x144.png 300w, https:\/\/buletin.de\/bucuresti\/wp-content\/uploads\/Screen-Shot-2022-12-24-at-10.10.59-AM-768x368.png 768w, https:\/\/buletin.de\/bucuresti\/wp-content\/uploads\/Screen-Shot-2022-12-24-at-10.10.59-AM-1060x508.png 1060w, https:\/\/buletin.de\/bucuresti\/wp-content\/uploads\/Screen-Shot-2022-12-24-at-10.10.59-AM-550x263.png 550w, https:\/\/buletin.de\/bucuresti\/wp-content\/uploads\/Screen-Shot-2022-12-24-at-10.10.59-AM-1044x500.png 1044w, https:\/\/buletin.de\/bucuresti\/wp-content\/uploads\/Screen-Shot-2022-12-24-at-10.10.59-AM-600x287.png 600w, https:\/\/buletin.de\/bucuresti\/wp-content\/uploads\/Screen-Shot-2022-12-24-at-10.10.59-AM.png 1414w\" sizes=\"(max-width: 900px) 100vw, 900px\" \/><figcaption>Ultimele comunicate de pres\u0103 de pe site-ul Prim\u0103riei Sectorului 4<\/figcaption><\/figure>\n\n\n\n<p><\/p>\n\n\n\n<p>Accidentul s-a produs vineri, 23 decembrie, \u00een jurul orei 13.30. Un autocar care \u00eencerca s\u0103 intre \u00een Pasajul Unirii a ag\u0103\u021bat poarta de gabarit care s-a pr\u0103bu\u0219it peste vehicul. Plafonul a zdrobit pasagerii din interior \u0219i pompierii au avut nevoie de zeci de minute p\u00e2n\u0103 au reu\u0219it descarcerarea acestora. Patru persoane au fost r\u0103nite grav dintre care una a murit \u00een drum spre spital.<\/p>\n","protected":false},"excerpt":{"rendered":"<p>De\u0219i au trecut mai bine de 20 de ore de la accidentul grav de la Pasajul Unirii, Daniel B\u0103lu\u021b\u0103, primarul Sectorului 4 nu a postat nimic pe pagina oficial\u0103 de Facebook \u0219i nici pe cea a Prim\u0103riei pe care o conduce. Pe pagina personal\u0103, edilul are post\u0103ri doar de dinaintea accidentului. Ultima este despre masa [&hellip;]<\/p>\n","protected":false},"author":17,"featured_media":50303,"comment_status":"closed","ping_status":"open","sticky":false,"template":"","format":"standard","meta":{"_acf_changed":false,"inline_featured_image":false,"ngg_post_thumbnail":0,"footnotes":""},"categories":[24,62],"tags":[1100,5035,2120,5029,497,4536],"ppma_author":[22576],"class_list":["post-50319","post","type-post","status-publish","format-standard","has-post-thumbnail","hentry","category-primarie","category-stiri","tag-accident","tag-accident-pasajul-unirii","tag-daniel-baluta-2","tag-greci","tag-poluaremareamusamalizare","tag-pasajul-unirii"],"acf":[],"yoast_head":"<!-- This site is optimized with the Yoast SEO Premium plugin v25.3 (Yoast SEO v27.4) - https:\/\/yoast.com\/product\/yoast-seo-premium-wordpress\/ -->\n<title>Daniel B\u0103lu\u021b\u0103, nicio reac\u021bie dup\u0103 accidentul de ieri de la Pasajul Unirii. Ultimele sale post\u0103ri sunt despre masa de Cr\u0103ciun \u0219i cozonaci - Buletin de Bucure\u0219ti<\/title>\n<meta name=\"robots\" content=\"index, follow, max-snippet:-1, max-image-preview:large, max-video-preview:-1\" \/>\n<link rel=\"canonical\" href=\"https:\/\/buletin.de\/bucuresti\/daniel-baluta-nicio-reactie-dupa-accidentul-de-ieri-de-la-pasajul-unirii-ultimele-sale-postari-sunt-despre-masa-de-craciun-si-cozonaci\/\" \/>\n<meta property=\"og:locale\" content=\"en_GB\" \/>\n<meta property=\"og:type\" content=\"article\" \/>\n<meta property=\"og:title\" content=\"Daniel B\u0103lu\u021b\u0103, nicio reac\u021bie dup\u0103 accidentul de ieri de la Pasajul Unirii. Ultimele sale post\u0103ri sunt despre masa de Cr\u0103ciun \u0219i cozonaci\" \/>\n<meta property=\"og:description\" content=\"De\u0219i au trecut mai bine de 20 de ore de la accidentul grav de la Pasajul Unirii, Daniel B\u0103lu\u021b\u0103, primarul Sectorului 4 nu a postat nimic pe pagina oficial\u0103 de Facebook \u0219i nici pe cea a Prim\u0103riei pe care o conduce. Pe pagina personal\u0103, edilul are post\u0103ri doar de dinaintea accidentului. Ultima este despre masa [&hellip;]\" \/>\n<meta property=\"og:url\" content=\"https:\/\/buletin.de\/bucuresti\/daniel-baluta-nicio-reactie-dupa-accidentul-de-ieri-de-la-pasajul-unirii-ultimele-sale-postari-sunt-despre-masa-de-craciun-si-cozonaci\/\" \/>\n<meta property=\"og:site_name\" content=\"Buletin de Bucure\u0219ti\" \/>\n<meta property=\"article:publisher\" content=\"https:\/\/www.facebook.com\/buletin.de.buc\" \/>\n<meta property=\"article:published_time\" content=\"2022-12-24T08:35:35+00:00\" \/>\n<meta property=\"og:image\" content=\"https:\/\/buletin.de\/bucuresti\/wp-content\/uploads\/isuuuuuu.jpeg\" \/>\n\t<meta property=\"og:image:width\" content=\"1080\" \/>\n\t<meta property=\"og:image:height\" content=\"810\" \/>\n\t<meta property=\"og:image:type\" content=\"image\/jpeg\" \/>\n<meta name=\"author\" content=\"Florin R\u00e2\u0219teiu\" \/>\n<meta name=\"twitter:card\" content=\"summary_large_image\" \/>\n<meta name=\"twitter:label1\" content=\"Written by\" \/>\n\t<meta name=\"twitter:data1\" content=\"Florin R\u00e2\u0219teiu\" \/>\n\t<meta name=\"twitter:label2\" content=\"Estimated reading time\" \/>\n\t<meta name=\"twitter:data2\" content=\"2 minutes\" \/>\n<script type=\"application\/ld+json\" class=\"yoast-schema-graph\">{\"@context\":\"https:\\\/\\\/schema.org\",\"@graph\":[{\"@type\":\"Article\",\"@id\":\"https:\\\/\\\/buletin.de\\\/bucuresti\\\/daniel-baluta-nicio-reactie-dupa-accidentul-de-ieri-de-la-pasajul-unirii-ultimele-sale-postari-sunt-despre-masa-de-craciun-si-cozonaci\\\/#article\",\"isPartOf\":{\"@id\":\"https:\\\/\\\/buletin.de\\\/bucuresti\\\/daniel-baluta-nicio-reactie-dupa-accidentul-de-ieri-de-la-pasajul-unirii-ultimele-sale-postari-sunt-despre-masa-de-craciun-si-cozonaci\\\/\"},\"author\":{\"name\":\"Florin R\u00e2\u0219teiu\",\"@id\":\"https:\\\/\\\/buletin.de\\\/bucuresti\\\/#\\\/schema\\\/person\\\/b0686d7a8b666c6afc78239777fd8a89\"},\"headline\":\"Daniel B\u0103lu\u021b\u0103, nicio reac\u021bie dup\u0103 accidentul de ieri de la Pasajul Unirii. Ultimele sale post\u0103ri sunt despre masa de Cr\u0103ciun \u0219i cozonaci\",\"datePublished\":\"2022-12-24T08:35:35+00:00\",\"mainEntityOfPage\":{\"@id\":\"https:\\\/\\\/buletin.de\\\/bucuresti\\\/daniel-baluta-nicio-reactie-dupa-accidentul-de-ieri-de-la-pasajul-unirii-ultimele-sale-postari-sunt-despre-masa-de-craciun-si-cozonaci\\\/\"},\"wordCount\":336,\"publisher\":{\"@id\":\"https:\\\/\\\/buletin.de\\\/bucuresti\\\/#organization\"},\"image\":{\"@id\":\"https:\\\/\\\/buletin.de\\\/bucuresti\\\/daniel-baluta-nicio-reactie-dupa-accidentul-de-ieri-de-la-pasajul-unirii-ultimele-sale-postari-sunt-despre-masa-de-craciun-si-cozonaci\\\/#primaryimage\"},\"thumbnailUrl\":\"https:\\\/\\\/buletin.de\\\/bucuresti\\\/wp-content\\\/uploads\\\/isuuuuuu.jpeg\",\"keywords\":[\"accident\",\"Accident Pasajul Unirii\",\"Daniel B\u0103lu\u021b\u0103\",\"greci\",\"Marea Musamalizare a Aerului din Bucure\u0219ti\",\"pasajul unirii\"],\"articleSection\":[\"Prim\u0103rie\",\"\u0218tiri\"],\"inLanguage\":\"en-GB\",\"copyrightYear\":\"2022\",\"copyrightHolder\":{\"@id\":\"https:\\\/\\\/buletin.de\\\/bucuresti\\\/#organization\"}},{\"@type\":\"WebPage\",\"@id\":\"https:\\\/\\\/buletin.de\\\/bucuresti\\\/daniel-baluta-nicio-reactie-dupa-accidentul-de-ieri-de-la-pasajul-unirii-ultimele-sale-postari-sunt-despre-masa-de-craciun-si-cozonaci\\\/\",\"url\":\"https:\\\/\\\/buletin.de\\\/bucuresti\\\/daniel-baluta-nicio-reactie-dupa-accidentul-de-ieri-de-la-pasajul-unirii-ultimele-sale-postari-sunt-despre-masa-de-craciun-si-cozonaci\\\/\",\"name\":\"Daniel B\u0103lu\u021b\u0103, nicio reac\u021bie dup\u0103 accidentul de ieri de la Pasajul Unirii. Ultimele sale post\u0103ri sunt despre masa de Cr\u0103ciun \u0219i cozonaci - Buletin de Bucure\u0219ti\",\"isPartOf\":{\"@id\":\"https:\\\/\\\/buletin.de\\\/bucuresti\\\/#website\"},\"primaryImageOfPage\":{\"@id\":\"https:\\\/\\\/buletin.de\\\/bucuresti\\\/daniel-baluta-nicio-reactie-dupa-accidentul-de-ieri-de-la-pasajul-unirii-ultimele-sale-postari-sunt-despre-masa-de-craciun-si-cozonaci\\\/#primaryimage\"},\"image\":{\"@id\":\"https:\\\/\\\/buletin.de\\\/bucuresti\\\/daniel-baluta-nicio-reactie-dupa-accidentul-de-ieri-de-la-pasajul-unirii-ultimele-sale-postari-sunt-despre-masa-de-craciun-si-cozonaci\\\/#primaryimage\"},\"thumbnailUrl\":\"https:\\\/\\\/buletin.de\\\/bucuresti\\\/wp-content\\\/uploads\\\/isuuuuuu.jpeg\",\"datePublished\":\"2022-12-24T08:35:35+00:00\",\"breadcrumb\":{\"@id\":\"https:\\\/\\\/buletin.de\\\/bucuresti\\\/daniel-baluta-nicio-reactie-dupa-accidentul-de-ieri-de-la-pasajul-unirii-ultimele-sale-postari-sunt-despre-masa-de-craciun-si-cozonaci\\\/#breadcrumb\"},\"inLanguage\":\"en-GB\",\"potentialAction\":[{\"@type\":\"ReadAction\",\"target\":[\"https:\\\/\\\/buletin.de\\\/bucuresti\\\/daniel-baluta-nicio-reactie-dupa-accidentul-de-ieri-de-la-pasajul-unirii-ultimele-sale-postari-sunt-despre-masa-de-craciun-si-cozonaci\\\/\"]}]},{\"@type\":\"ImageObject\",\"inLanguage\":\"en-GB\",\"@id\":\"https:\\\/\\\/buletin.de\\\/bucuresti\\\/daniel-baluta-nicio-reactie-dupa-accidentul-de-ieri-de-la-pasajul-unirii-ultimele-sale-postari-sunt-despre-masa-de-craciun-si-cozonaci\\\/#primaryimage\",\"url\":\"https:\\\/\\\/buletin.de\\\/bucuresti\\\/wp-content\\\/uploads\\\/isuuuuuu.jpeg\",\"contentUrl\":\"https:\\\/\\\/buletin.de\\\/bucuresti\\\/wp-content\\\/uploads\\\/isuuuuuu.jpeg\",\"width\":1080,\"height\":810},{\"@type\":\"BreadcrumbList\",\"@id\":\"https:\\\/\\\/buletin.de\\\/bucuresti\\\/daniel-baluta-nicio-reactie-dupa-accidentul-de-ieri-de-la-pasajul-unirii-ultimele-sale-postari-sunt-despre-masa-de-craciun-si-cozonaci\\\/#breadcrumb\",\"itemListElement\":[{\"@type\":\"ListItem\",\"position\":1,\"name\":\"Acas\u0103\",\"item\":\"https:\\\/\\\/buletin.de\\\/bucuresti\\\/\"},{\"@type\":\"ListItem\",\"position\":2,\"name\":\"Daniel B\u0103lu\u021b\u0103, nicio reac\u021bie dup\u0103 accidentul de ieri de la Pasajul Unirii. Ultimele sale post\u0103ri sunt despre masa de Cr\u0103ciun \u0219i cozonaci\"}]},{\"@type\":\"WebSite\",\"@id\":\"https:\\\/\\\/buletin.de\\\/bucuresti\\\/#website\",\"url\":\"https:\\\/\\\/buletin.de\\\/bucuresti\\\/\",\"name\":\"Buletin de Bucure\u0219ti\",\"description\":\"\u0218tiri \u0219i investiga\u021bii esen\u021biale din capital\u0103\",\"publisher\":{\"@id\":\"https:\\\/\\\/buletin.de\\\/bucuresti\\\/#organization\"},\"potentialAction\":[{\"@type\":\"SearchAction\",\"target\":{\"@type\":\"EntryPoint\",\"urlTemplate\":\"https:\\\/\\\/buletin.de\\\/bucuresti\\\/?s={search_term_string}\"},\"query-input\":{\"@type\":\"PropertyValueSpecification\",\"valueRequired\":true,\"valueName\":\"search_term_string\"}}],\"inLanguage\":\"en-GB\"},{\"@type\":\"Organization\",\"@id\":\"https:\\\/\\\/buletin.de\\\/bucuresti\\\/#organization\",\"name\":\"Buletin de Bucure\u0219ti\",\"url\":\"https:\\\/\\\/buletin.de\\\/bucuresti\\\/\",\"logo\":{\"@type\":\"ImageObject\",\"inLanguage\":\"en-GB\",\"@id\":\"https:\\\/\\\/buletin.de\\\/bucuresti\\\/#\\\/schema\\\/logo\\\/image\\\/\",\"url\":\"https:\\\/\\\/buletin.de\\\/bucuresti\\\/wp-content\\\/uploads\\\/logo-bdb-full-wide-vernil-transparent.png\",\"contentUrl\":\"https:\\\/\\\/buletin.de\\\/bucuresti\\\/wp-content\\\/uploads\\\/logo-bdb-full-wide-vernil-transparent.png\",\"width\":1782,\"height\":626,\"caption\":\"Buletin de Bucure\u0219ti\"},\"image\":{\"@id\":\"https:\\\/\\\/buletin.de\\\/bucuresti\\\/#\\\/schema\\\/logo\\\/image\\\/\"},\"sameAs\":[\"https:\\\/\\\/www.facebook.com\\\/buletin.de.buc\",\"https:\\\/\\\/www.instagram.com\\\/buletinde.bucuresti\\\/\"]},{\"@type\":\"Person\",\"@id\":\"https:\\\/\\\/buletin.de\\\/bucuresti\\\/#\\\/schema\\\/person\\\/b0686d7a8b666c6afc78239777fd8a89\",\"name\":\"Florin R\u00e2\u0219teiu\",\"image\":{\"@type\":\"ImageObject\",\"inLanguage\":\"en-GB\",\"@id\":\"https:\\\/\\\/buletin.de\\\/bucuresti\\\/wp-content\\\/uploads\\\/Florin-Rasteiu-96x96.jpgf0a6fe28453aa12f0a60e4d0a2e3a78c\",\"url\":\"https:\\\/\\\/buletin.de\\\/bucuresti\\\/wp-content\\\/uploads\\\/Florin-Rasteiu-96x96.jpg\",\"contentUrl\":\"https:\\\/\\\/buletin.de\\\/bucuresti\\\/wp-content\\\/uploads\\\/Florin-Rasteiu-96x96.jpg\",\"caption\":\"Florin R\u00e2\u0219teiu\"},\"description\":\"Jurnalist de investiga\u021bie. Lucreaz\u0103 de aproape 6 ani la Buletin de Bucure\u0219ti, unde a publicat articole care scot la suprafa\u021b\u0103 corup\u021bia din Capital\u0103. Analizeaz\u0103 baze de date zilnic \u0219i scoate pove\u0219ti din exceluri pline de cifre. Pune reflectorul pe adev\u0103r cu fiecare ocazie. A c\u00e2\u0219tigat premiul I la categoria Pres\u0103 Local\u0103 \u00een 2025 \u0219i locul al II-lea la aceea\u0219i categorie \u00een 2024 \u00een cadrul Premiilor Superscrieri pentru jurnalism independent.\",\"url\":\"https:\\\/\\\/buletin.de\\\/bucuresti\\\/author\\\/florinrasteiu\\\/\"}]}<\/script>\n<!-- \/ Yoast SEO Premium plugin. -->","yoast_head_json":{"title":"Daniel B\u0103lu\u021b\u0103, nicio reac\u021bie dup\u0103 accidentul de ieri de la Pasajul Unirii. Ultimele sale post\u0103ri sunt despre masa de Cr\u0103ciun \u0219i cozonaci - Buletin de Bucure\u0219ti","robots":{"index":"index","follow":"follow","max-snippet":"max-snippet:-1","max-image-preview":"max-image-preview:large","max-video-preview":"max-video-preview:-1"},"canonical":"https:\/\/buletin.de\/bucuresti\/daniel-baluta-nicio-reactie-dupa-accidentul-de-ieri-de-la-pasajul-unirii-ultimele-sale-postari-sunt-despre-masa-de-craciun-si-cozonaci\/","og_locale":"en_GB","og_type":"article","og_title":"Daniel B\u0103lu\u021b\u0103, nicio reac\u021bie dup\u0103 accidentul de ieri de la Pasajul Unirii. Ultimele sale post\u0103ri sunt despre masa de Cr\u0103ciun \u0219i cozonaci","og_description":"De\u0219i au trecut mai bine de 20 de ore de la accidentul grav de la Pasajul Unirii, Daniel B\u0103lu\u021b\u0103, primarul Sectorului 4 nu a postat nimic pe pagina oficial\u0103 de Facebook \u0219i nici pe cea a Prim\u0103riei pe care o conduce. Pe pagina personal\u0103, edilul are post\u0103ri doar de dinaintea accidentului. Ultima este despre masa [&hellip;]","og_url":"https:\/\/buletin.de\/bucuresti\/daniel-baluta-nicio-reactie-dupa-accidentul-de-ieri-de-la-pasajul-unirii-ultimele-sale-postari-sunt-despre-masa-de-craciun-si-cozonaci\/","og_site_name":"Buletin de Bucure\u0219ti","article_publisher":"https:\/\/www.facebook.com\/buletin.de.buc","article_published_time":"2022-12-24T08:35:35+00:00","og_image":[{"width":1080,"height":810,"url":"https:\/\/buletin.de\/bucuresti\/wp-content\/uploads\/isuuuuuu.jpeg","type":"image\/jpeg"}],"author":"Florin R\u00e2\u0219teiu","twitter_card":"summary_large_image","twitter_misc":{"Written by":"Florin R\u00e2\u0219teiu","Estimated reading time":"2 minutes"},"schema":{"@context":"https:\/\/schema.org","@graph":[{"@type":"Article","@id":"https:\/\/buletin.de\/bucuresti\/daniel-baluta-nicio-reactie-dupa-accidentul-de-ieri-de-la-pasajul-unirii-ultimele-sale-postari-sunt-despre-masa-de-craciun-si-cozonaci\/#article","isPartOf":{"@id":"https:\/\/buletin.de\/bucuresti\/daniel-baluta-nicio-reactie-dupa-accidentul-de-ieri-de-la-pasajul-unirii-ultimele-sale-postari-sunt-despre-masa-de-craciun-si-cozonaci\/"},"author":{"name":"Florin R\u00e2\u0219teiu","@id":"https:\/\/buletin.de\/bucuresti\/#\/schema\/person\/b0686d7a8b666c6afc78239777fd8a89"},"headline":"Daniel B\u0103lu\u021b\u0103, nicio reac\u021bie dup\u0103 accidentul de ieri de la Pasajul Unirii. Ultimele sale post\u0103ri sunt despre masa de Cr\u0103ciun \u0219i cozonaci","datePublished":"2022-12-24T08:35:35+00:00","mainEntityOfPage":{"@id":"https:\/\/buletin.de\/bucuresti\/daniel-baluta-nicio-reactie-dupa-accidentul-de-ieri-de-la-pasajul-unirii-ultimele-sale-postari-sunt-despre-masa-de-craciun-si-cozonaci\/"},"wordCount":336,"publisher":{"@id":"https:\/\/buletin.de\/bucuresti\/#organization"},"image":{"@id":"https:\/\/buletin.de\/bucuresti\/daniel-baluta-nicio-reactie-dupa-accidentul-de-ieri-de-la-pasajul-unirii-ultimele-sale-postari-sunt-despre-masa-de-craciun-si-cozonaci\/#primaryimage"},"thumbnailUrl":"https:\/\/buletin.de\/bucuresti\/wp-content\/uploads\/isuuuuuu.jpeg","keywords":["accident","Accident Pasajul Unirii","Daniel B\u0103lu\u021b\u0103","greci","Marea Musamalizare a Aerului din Bucure\u0219ti","pasajul unirii"],"articleSection":["Prim\u0103rie","\u0218tiri"],"inLanguage":"en-GB","copyrightYear":"2022","copyrightHolder":{"@id":"https:\/\/buletin.de\/bucuresti\/#organization"}},{"@type":"WebPage","@id":"https:\/\/buletin.de\/bucuresti\/daniel-baluta-nicio-reactie-dupa-accidentul-de-ieri-de-la-pasajul-unirii-ultimele-sale-postari-sunt-despre-masa-de-craciun-si-cozonaci\/","url":"https:\/\/buletin.de\/bucuresti\/daniel-baluta-nicio-reactie-dupa-accidentul-de-ieri-de-la-pasajul-unirii-ultimele-sale-postari-sunt-despre-masa-de-craciun-si-cozonaci\/","name":"Daniel B\u0103lu\u021b\u0103, nicio reac\u021bie dup\u0103 accidentul de ieri de la Pasajul Unirii. Ultimele sale post\u0103ri sunt despre masa de Cr\u0103ciun \u0219i cozonaci - Buletin de Bucure\u0219ti","isPartOf":{"@id":"https:\/\/buletin.de\/bucuresti\/#website"},"primaryImageOfPage":{"@id":"https:\/\/buletin.de\/bucuresti\/daniel-baluta-nicio-reactie-dupa-accidentul-de-ieri-de-la-pasajul-unirii-ultimele-sale-postari-sunt-despre-masa-de-craciun-si-cozonaci\/#primaryimage"},"image":{"@id":"https:\/\/buletin.de\/bucuresti\/daniel-baluta-nicio-reactie-dupa-accidentul-de-ieri-de-la-pasajul-unirii-ultimele-sale-postari-sunt-despre-masa-de-craciun-si-cozonaci\/#primaryimage"},"thumbnailUrl":"https:\/\/buletin.de\/bucuresti\/wp-content\/uploads\/isuuuuuu.jpeg","datePublished":"2022-12-24T08:35:35+00:00","breadcrumb":{"@id":"https:\/\/buletin.de\/bucuresti\/daniel-baluta-nicio-reactie-dupa-accidentul-de-ieri-de-la-pasajul-unirii-ultimele-sale-postari-sunt-despre-masa-de-craciun-si-cozonaci\/#breadcrumb"},"inLanguage":"en-GB","potentialAction":[{"@type":"ReadAction","target":["https:\/\/buletin.de\/bucuresti\/daniel-baluta-nicio-reactie-dupa-accidentul-de-ieri-de-la-pasajul-unirii-ultimele-sale-postari-sunt-despre-masa-de-craciun-si-cozonaci\/"]}]},{"@type":"ImageObject","inLanguage":"en-GB","@id":"https:\/\/buletin.de\/bucuresti\/daniel-baluta-nicio-reactie-dupa-accidentul-de-ieri-de-la-pasajul-unirii-ultimele-sale-postari-sunt-despre-masa-de-craciun-si-cozonaci\/#primaryimage","url":"https:\/\/buletin.de\/bucuresti\/wp-content\/uploads\/isuuuuuu.jpeg","contentUrl":"https:\/\/buletin.de\/bucuresti\/wp-content\/uploads\/isuuuuuu.jpeg","width":1080,"height":810},{"@type":"BreadcrumbList","@id":"https:\/\/buletin.de\/bucuresti\/daniel-baluta-nicio-reactie-dupa-accidentul-de-ieri-de-la-pasajul-unirii-ultimele-sale-postari-sunt-despre-masa-de-craciun-si-cozonaci\/#breadcrumb","itemListElement":[{"@type":"ListItem","position":1,"name":"Acas\u0103","item":"https:\/\/buletin.de\/bucuresti\/"},{"@type":"ListItem","position":2,"name":"Daniel B\u0103lu\u021b\u0103, nicio reac\u021bie dup\u0103 accidentul de ieri de la Pasajul Unirii. Ultimele sale post\u0103ri sunt despre masa de Cr\u0103ciun \u0219i cozonaci"}]},{"@type":"WebSite","@id":"https:\/\/buletin.de\/bucuresti\/#website","url":"https:\/\/buletin.de\/bucuresti\/","name":"Buletin de Bucure\u0219ti","description":"\u0218tiri \u0219i investiga\u021bii esen\u021biale din capital\u0103","publisher":{"@id":"https:\/\/buletin.de\/bucuresti\/#organization"},"potentialAction":[{"@type":"SearchAction","target":{"@type":"EntryPoint","urlTemplate":"https:\/\/buletin.de\/bucuresti\/?s={search_term_string}"},"query-input":{"@type":"PropertyValueSpecification","valueRequired":true,"valueName":"search_term_string"}}],"inLanguage":"en-GB"},{"@type":"Organization","@id":"https:\/\/buletin.de\/bucuresti\/#organization","name":"Buletin de Bucure\u0219ti","url":"https:\/\/buletin.de\/bucuresti\/","logo":{"@type":"ImageObject","inLanguage":"en-GB","@id":"https:\/\/buletin.de\/bucuresti\/#\/schema\/logo\/image\/","url":"https:\/\/buletin.de\/bucuresti\/wp-content\/uploads\/logo-bdb-full-wide-vernil-transparent.png","contentUrl":"https:\/\/buletin.de\/bucuresti\/wp-content\/uploads\/logo-bdb-full-wide-vernil-transparent.png","width":1782,"height":626,"caption":"Buletin de Bucure\u0219ti"},"image":{"@id":"https:\/\/buletin.de\/bucuresti\/#\/schema\/logo\/image\/"},"sameAs":["https:\/\/www.facebook.com\/buletin.de.buc","https:\/\/www.instagram.com\/buletinde.bucuresti\/"]},{"@type":"Person","@id":"https:\/\/buletin.de\/bucuresti\/#\/schema\/person\/b0686d7a8b666c6afc78239777fd8a89","name":"Florin R\u00e2\u0219teiu","image":{"@type":"ImageObject","inLanguage":"en-GB","@id":"https:\/\/buletin.de\/bucuresti\/wp-content\/uploads\/Florin-Rasteiu-96x96.jpgf0a6fe28453aa12f0a60e4d0a2e3a78c","url":"https:\/\/buletin.de\/bucuresti\/wp-content\/uploads\/Florin-Rasteiu-96x96.jpg","contentUrl":"https:\/\/buletin.de\/bucuresti\/wp-content\/uploads\/Florin-Rasteiu-96x96.jpg","caption":"Florin R\u00e2\u0219teiu"},"description":"Jurnalist de investiga\u021bie. Lucreaz\u0103 de aproape 6 ani la Buletin de Bucure\u0219ti, unde a publicat articole care scot la suprafa\u021b\u0103 corup\u021bia din Capital\u0103. Analizeaz\u0103 baze de date zilnic \u0219i scoate pove\u0219ti din exceluri pline de cifre. Pune reflectorul pe adev\u0103r cu fiecare ocazie. A c\u00e2\u0219tigat premiul I la categoria Pres\u0103 Local\u0103 \u00een 2025 \u0219i locul al II-lea la aceea\u0219i categorie \u00een 2024 \u00een cadrul Premiilor Superscrieri pentru jurnalism independent.","url":"https:\/\/buletin.de\/bucuresti\/author\/florinrasteiu\/"}]}},"authors":[{"term_id":22576,"user_id":17,"is_guest":0,"slug":"florinrasteiu","display_name":"Florin R\u00e2\u0219teiu","avatar_url":"https:\/\/buletin.de\/bucuresti\/wp-content\/uploads\/Florin-Rasteiu-96x96.jpg","0":null,"1":"","2":"","3":"","4":"","5":"","6":"","7":"","8":""}],"_links":{"self":[{"href":"https:\/\/buletin.de\/bucuresti\/wp-json\/wp\/v2\/posts\/50319","targetHints":{"allow":["GET"]}}],"collection":[{"href":"https:\/\/buletin.de\/bucuresti\/wp-json\/wp\/v2\/posts"}],"about":[{"href":"https:\/\/buletin.de\/bucuresti\/wp-json\/wp\/v2\/types\/post"}],"author":[{"embeddable":true,"href":"https:\/\/buletin.de\/bucuresti\/wp-json\/wp\/v2\/users\/17"}],"replies":[{"embeddable":true,"href":"https:\/\/buletin.de\/bucuresti\/wp-json\/wp\/v2\/comments?post=50319"}],"version-history":[{"count":3,"href":"https:\/\/buletin.de\/bucuresti\/wp-json\/wp\/v2\/posts\/50319\/revisions"}],"predecessor-version":[{"id":50326,"href":"https:\/\/buletin.de\/bucuresti\/wp-json\/wp\/v2\/posts\/50319\/revisions\/50326"}],"wp:featuredmedia":[{"embeddable":true,"href":"https:\/\/buletin.de\/bucuresti\/wp-json\/wp\/v2\/media\/50303"}],"wp:attachment":[{"href":"https:\/\/buletin.de\/bucuresti\/wp-json\/wp\/v2\/media?parent=50319"}],"wp:term":[{"taxonomy":"category","embeddable":true,"href":"https:\/\/buletin.de\/bucuresti\/wp-json\/wp\/v2\/categories?post=50319"},{"taxonomy":"post_tag","embeddable":true,"href":"https:\/\/buletin.de\/bucuresti\/wp-json\/wp\/v2\/tags?post=50319"},{"taxonomy":"author","embeddable":true,"href":"https:\/\/buletin.de\/bucuresti\/wp-json\/wp\/v2\/ppma_author?post=50319"}],"curies":[{"name":"wp","href":"https:\/\/api.w.org\/{rel}","templated":true}]}}