{"id":50301,"date":"2022-12-23T18:24:54","date_gmt":"2022-12-23T16:24:54","guid":{"rendered":"https:\/\/buletin.de\/bucuresti\/?p=50301"},"modified":"2022-12-23T18:24:54","modified_gmt":"2022-12-23T16:24:54","slug":"soferul-autocarului-google-maps-m-a-bagat-prin-pasaj-circulatia-a-fost-reluata-prin-pasajul-unirii","status":"publish","type":"post","link":"https:\/\/buletin.de\/bucuresti\/soferul-autocarului-google-maps-m-a-bagat-prin-pasaj-circulatia-a-fost-reluata-prin-pasajul-unirii\/","title":{"rendered":"\u0218oferul autocarului: \u201dGoogle Maps m-a b\u0103gat prin pasaj\u201d. Circula\u021bia a fost reluat\u0103 prin Pasajul Unirii"},"content":{"rendered":"\n<p>Presa din Grecia relateaz\u0103 c\u0103 turi\u0219tii voiau s\u0103 viziteze Palatul Parlamentului. Potrivit declara\u021biei \u0219oferului, ruta prin Pasajul Unirii a fost indicat\u0103 de Google Maps. Persoanele aflate \u00een autocar au declarat c\u0103 au avut un singur \u0219ofer care a condus mai mult de 16 ore. 18 dintre turi\u0219ti sunt din Thessaloniki, iar restul sunt din Larissa \u0219i Volos.<\/p>\n\n\n\n<p>Circula\u021bia s-a reluat \u00een Pasajul Unirii, \u00een urma gravului accident rutier care a avut loc ast\u0103zi, 23 decembrie 2022. Ca urmare a accidentului, o persoan\u0103 a decedat \u0219i alte 24 au fost r\u0103nite, dintre care 2 copii, \u0219i se afl\u0103 acum la mai multe spitale din Bucure\u0219ti: 4 &#8211; la Spitalul Clinic de Urgen\u021b\u0103 Bucure\u0219ti (Floreasca), 10 &#8211; la Spitalul Universitar, 8 &#8211; la Spitalul Bagdasar Arseni, 2 &#8211; la Spitalul Militar Central. Din cele 24 de victime, 15 au fost preluate de SMURD \u0219i 9 cu SABIF. <\/p>\n\n\n\n<p>\u00cen urma accidentului produs, a fost declan\u0219at codul ro\u0219u de interven\u021bie. La fa\u021ba locului, s-au deplasat de urgen\u021b\u0103 2 autospeciale de stingere cu modul pentru descarcerare, 2 autospeciale pentru descarcerare, 8 SMURD, 3 autospeciale pentru transport personal \u0219i victime multiple, 10 ambulan\u021be SABIF, 1 punct de comand\u0103 mobil \u0219i Deta\u0219amentul Special de Salvatori.<\/p>\n\n\n\n<p>Persoanele care nu au avut nevoie de \u00eengrijiri medicale, \u00een num\u0103r de 22, au fost cazate \u00een Hotelul Parliament p\u00e2n\u0103 m\u00e2ine, c\u00e2nd va veni un autocar din Grecia care le va prelua.<\/p>\n\n\n\n<figure class=\"wp-block-image size-large\"><img fetchpriority=\"high\" decoding=\"async\" width=\"900\" height=\"675\" src=\"data:image\/gif;base64,R0lGODlhAQABAAAAACH5BAEKAAEALAAAAAABAAEAAAICTAEAOw==\" data-src=\"https:\/\/buletin.de\/bucuresti\/wp-content\/uploads\/uniriiiiiiii-900x675.jpeg\" alt=\"\" class=\"wp-image-50307 lazyload\" data-sizes=\"auto\" data-srcset=\"https:\/\/buletin.de\/bucuresti\/wp-content\/uploads\/uniriiiiiiii-900x675.jpeg 900w, https:\/\/buletin.de\/bucuresti\/wp-content\/uploads\/uniriiiiiiii-300x225.jpeg 300w, https:\/\/buletin.de\/bucuresti\/wp-content\/uploads\/uniriiiiiiii-768x576.jpeg 768w, https:\/\/buletin.de\/bucuresti\/wp-content\/uploads\/uniriiiiiiii-1536x1152.jpeg 1536w, https:\/\/buletin.de\/bucuresti\/wp-content\/uploads\/uniriiiiiiii-1060x795.jpeg 1060w, https:\/\/buletin.de\/bucuresti\/wp-content\/uploads\/uniriiiiiiii-550x413.jpeg 550w, https:\/\/buletin.de\/bucuresti\/wp-content\/uploads\/uniriiiiiiii-667x500.jpeg 667w, https:\/\/buletin.de\/bucuresti\/wp-content\/uploads\/uniriiiiiiii-1920x1440.jpeg 1920w, https:\/\/buletin.de\/bucuresti\/wp-content\/uploads\/uniriiiiiiii-1440x1080.jpeg 1440w, https:\/\/buletin.de\/bucuresti\/wp-content\/uploads\/uniriiiiiiii-600x450.jpeg 600w, https:\/\/buletin.de\/bucuresti\/wp-content\/uploads\/uniriiiiiiii.jpeg 2048w\" sizes=\"(max-width: 900px) 100vw, 900px\" \/><\/figure>\n\n\n\n<p>Pe numele \u0219oferului autobuzului a fost deschis un dosar penal pentru s\u0103v\u00e2r\u0219irea infrac\u021biunii de ucidere din culp\u0103 \u0219i v\u0103t\u0103mare corporal\u0103 din culp\u0103. Brigada Rutier\u0103 continu\u0103 cercet\u0103rile sub supravegherea Parchetului de pe l\u00e2ng\u0103 Judec\u0103toria Sectorului 4.<\/p>\n\n\n\n<p>Potrivit site-ului grecesc&nbsp;protothema.gr, personal din Ambasada Greciei la Bucure\u0219ti s-a deplasat la fa\u021ba locului \u0219i, ulterior, la spital.<\/p>\n","protected":false},"excerpt":{"rendered":"<p>Presa din Grecia relateaz\u0103 c\u0103 turi\u0219tii voiau s\u0103 viziteze Palatul Parlamentului. Potrivit declara\u021biei \u0219oferului, ruta prin Pasajul Unirii a fost indicat\u0103 de Google Maps. Persoanele aflate \u00een autocar au declarat c\u0103 au avut un singur \u0219ofer care a condus mai mult de 16 ore. 18 dintre turi\u0219ti sunt din Thessaloniki, iar restul sunt din Larissa [&hellip;]<\/p>\n","protected":false},"author":46,"featured_media":50303,"comment_status":"closed","ping_status":"open","sticky":false,"template":"","format":"standard","meta":{"_acf_changed":false,"inline_featured_image":false,"ngg_post_thumbnail":0,"footnotes":""},"categories":[62],"tags":[],"ppma_author":[22605],"class_list":["post-50301","post","type-post","status-publish","format-standard","has-post-thumbnail","hentry","category-stiri"],"acf":[],"yoast_head":"<!-- This site is optimized with the Yoast SEO Premium plugin v25.3 (Yoast SEO v27.4) - https:\/\/yoast.com\/product\/yoast-seo-premium-wordpress\/ -->\n<title>\u0218oferul autocarului: \u201dGoogle Maps m-a b\u0103gat prin pasaj\u201d. Circula\u021bia a fost reluat\u0103 prin Pasajul Unirii - Buletin de Bucure\u0219ti<\/title>\n<meta name=\"robots\" content=\"index, follow, max-snippet:-1, max-image-preview:large, max-video-preview:-1\" \/>\n<link rel=\"canonical\" href=\"https:\/\/buletin.de\/bucuresti\/soferul-autocarului-google-maps-m-a-bagat-prin-pasaj-circulatia-a-fost-reluata-prin-pasajul-unirii\/\" \/>\n<meta property=\"og:locale\" content=\"en_GB\" \/>\n<meta property=\"og:type\" content=\"article\" \/>\n<meta property=\"og:title\" content=\"\u0218oferul autocarului: \u201dGoogle Maps m-a b\u0103gat prin pasaj\u201d. Circula\u021bia a fost reluat\u0103 prin Pasajul Unirii\" \/>\n<meta property=\"og:description\" content=\"Presa din Grecia relateaz\u0103 c\u0103 turi\u0219tii voiau s\u0103 viziteze Palatul Parlamentului. Potrivit declara\u021biei \u0219oferului, ruta prin Pasajul Unirii a fost indicat\u0103 de Google Maps. Persoanele aflate \u00een autocar au declarat c\u0103 au avut un singur \u0219ofer care a condus mai mult de 16 ore. 18 dintre turi\u0219ti sunt din Thessaloniki, iar restul sunt din Larissa [&hellip;]\" \/>\n<meta property=\"og:url\" content=\"https:\/\/buletin.de\/bucuresti\/soferul-autocarului-google-maps-m-a-bagat-prin-pasaj-circulatia-a-fost-reluata-prin-pasajul-unirii\/\" \/>\n<meta property=\"og:site_name\" content=\"Buletin de Bucure\u0219ti\" \/>\n<meta property=\"article:publisher\" content=\"https:\/\/www.facebook.com\/buletin.de.buc\" \/>\n<meta property=\"article:published_time\" content=\"2022-12-23T16:24:54+00:00\" \/>\n<meta property=\"og:image\" content=\"https:\/\/buletin.de\/bucuresti\/wp-content\/uploads\/isuuuuuu.jpeg\" \/>\n\t<meta property=\"og:image:width\" content=\"1080\" \/>\n\t<meta property=\"og:image:height\" content=\"810\" \/>\n\t<meta property=\"og:image:type\" content=\"image\/jpeg\" \/>\n<meta name=\"author\" content=\"Andreea Gelatu\" \/>\n<meta name=\"twitter:card\" content=\"summary_large_image\" \/>\n<meta name=\"twitter:label1\" content=\"Written by\" \/>\n\t<meta name=\"twitter:data1\" content=\"Andreea Gelatu\" \/>\n\t<meta name=\"twitter:label2\" content=\"Estimated reading time\" \/>\n\t<meta name=\"twitter:data2\" content=\"2 minutes\" \/>\n<script type=\"application\/ld+json\" class=\"yoast-schema-graph\">{\"@context\":\"https:\\\/\\\/schema.org\",\"@graph\":[{\"@type\":\"Article\",\"@id\":\"https:\\\/\\\/buletin.de\\\/bucuresti\\\/soferul-autocarului-google-maps-m-a-bagat-prin-pasaj-circulatia-a-fost-reluata-prin-pasajul-unirii\\\/#article\",\"isPartOf\":{\"@id\":\"https:\\\/\\\/buletin.de\\\/bucuresti\\\/soferul-autocarului-google-maps-m-a-bagat-prin-pasaj-circulatia-a-fost-reluata-prin-pasajul-unirii\\\/\"},\"author\":{\"name\":\"Andreea Gelatu\",\"@id\":\"https:\\\/\\\/buletin.de\\\/bucuresti\\\/#\\\/schema\\\/person\\\/87734700b2c7f8608881f7e93b8834de\"},\"headline\":\"\u0218oferul autocarului: \u201dGoogle Maps m-a b\u0103gat prin pasaj\u201d. Circula\u021bia a fost reluat\u0103 prin Pasajul Unirii\",\"datePublished\":\"2022-12-23T16:24:54+00:00\",\"mainEntityOfPage\":{\"@id\":\"https:\\\/\\\/buletin.de\\\/bucuresti\\\/soferul-autocarului-google-maps-m-a-bagat-prin-pasaj-circulatia-a-fost-reluata-prin-pasajul-unirii\\\/\"},\"wordCount\":311,\"publisher\":{\"@id\":\"https:\\\/\\\/buletin.de\\\/bucuresti\\\/#organization\"},\"image\":{\"@id\":\"https:\\\/\\\/buletin.de\\\/bucuresti\\\/soferul-autocarului-google-maps-m-a-bagat-prin-pasaj-circulatia-a-fost-reluata-prin-pasajul-unirii\\\/#primaryimage\"},\"thumbnailUrl\":\"https:\\\/\\\/buletin.de\\\/bucuresti\\\/wp-content\\\/uploads\\\/isuuuuuu.jpeg\",\"articleSection\":[\"\u0218tiri\"],\"inLanguage\":\"en-GB\",\"copyrightYear\":\"2022\",\"copyrightHolder\":{\"@id\":\"https:\\\/\\\/buletin.de\\\/bucuresti\\\/#organization\"}},{\"@type\":\"WebPage\",\"@id\":\"https:\\\/\\\/buletin.de\\\/bucuresti\\\/soferul-autocarului-google-maps-m-a-bagat-prin-pasaj-circulatia-a-fost-reluata-prin-pasajul-unirii\\\/\",\"url\":\"https:\\\/\\\/buletin.de\\\/bucuresti\\\/soferul-autocarului-google-maps-m-a-bagat-prin-pasaj-circulatia-a-fost-reluata-prin-pasajul-unirii\\\/\",\"name\":\"\u0218oferul autocarului: \u201dGoogle Maps m-a b\u0103gat prin pasaj\u201d. Circula\u021bia a fost reluat\u0103 prin Pasajul Unirii - Buletin de Bucure\u0219ti\",\"isPartOf\":{\"@id\":\"https:\\\/\\\/buletin.de\\\/bucuresti\\\/#website\"},\"primaryImageOfPage\":{\"@id\":\"https:\\\/\\\/buletin.de\\\/bucuresti\\\/soferul-autocarului-google-maps-m-a-bagat-prin-pasaj-circulatia-a-fost-reluata-prin-pasajul-unirii\\\/#primaryimage\"},\"image\":{\"@id\":\"https:\\\/\\\/buletin.de\\\/bucuresti\\\/soferul-autocarului-google-maps-m-a-bagat-prin-pasaj-circulatia-a-fost-reluata-prin-pasajul-unirii\\\/#primaryimage\"},\"thumbnailUrl\":\"https:\\\/\\\/buletin.de\\\/bucuresti\\\/wp-content\\\/uploads\\\/isuuuuuu.jpeg\",\"datePublished\":\"2022-12-23T16:24:54+00:00\",\"breadcrumb\":{\"@id\":\"https:\\\/\\\/buletin.de\\\/bucuresti\\\/soferul-autocarului-google-maps-m-a-bagat-prin-pasaj-circulatia-a-fost-reluata-prin-pasajul-unirii\\\/#breadcrumb\"},\"inLanguage\":\"en-GB\",\"potentialAction\":[{\"@type\":\"ReadAction\",\"target\":[\"https:\\\/\\\/buletin.de\\\/bucuresti\\\/soferul-autocarului-google-maps-m-a-bagat-prin-pasaj-circulatia-a-fost-reluata-prin-pasajul-unirii\\\/\"]}]},{\"@type\":\"ImageObject\",\"inLanguage\":\"en-GB\",\"@id\":\"https:\\\/\\\/buletin.de\\\/bucuresti\\\/soferul-autocarului-google-maps-m-a-bagat-prin-pasaj-circulatia-a-fost-reluata-prin-pasajul-unirii\\\/#primaryimage\",\"url\":\"https:\\\/\\\/buletin.de\\\/bucuresti\\\/wp-content\\\/uploads\\\/isuuuuuu.jpeg\",\"contentUrl\":\"https:\\\/\\\/buletin.de\\\/bucuresti\\\/wp-content\\\/uploads\\\/isuuuuuu.jpeg\",\"width\":1080,\"height\":810},{\"@type\":\"BreadcrumbList\",\"@id\":\"https:\\\/\\\/buletin.de\\\/bucuresti\\\/soferul-autocarului-google-maps-m-a-bagat-prin-pasaj-circulatia-a-fost-reluata-prin-pasajul-unirii\\\/#breadcrumb\",\"itemListElement\":[{\"@type\":\"ListItem\",\"position\":1,\"name\":\"Acas\u0103\",\"item\":\"https:\\\/\\\/buletin.de\\\/bucuresti\\\/\"},{\"@type\":\"ListItem\",\"position\":2,\"name\":\"\u0218oferul autocarului: \u201dGoogle Maps m-a b\u0103gat prin pasaj\u201d. Circula\u021bia a fost reluat\u0103 prin Pasajul Unirii\"}]},{\"@type\":\"WebSite\",\"@id\":\"https:\\\/\\\/buletin.de\\\/bucuresti\\\/#website\",\"url\":\"https:\\\/\\\/buletin.de\\\/bucuresti\\\/\",\"name\":\"Buletin de Bucure\u0219ti\",\"description\":\"\u0218tiri \u0219i investiga\u021bii esen\u021biale din capital\u0103\",\"publisher\":{\"@id\":\"https:\\\/\\\/buletin.de\\\/bucuresti\\\/#organization\"},\"potentialAction\":[{\"@type\":\"SearchAction\",\"target\":{\"@type\":\"EntryPoint\",\"urlTemplate\":\"https:\\\/\\\/buletin.de\\\/bucuresti\\\/?s={search_term_string}\"},\"query-input\":{\"@type\":\"PropertyValueSpecification\",\"valueRequired\":true,\"valueName\":\"search_term_string\"}}],\"inLanguage\":\"en-GB\"},{\"@type\":\"Organization\",\"@id\":\"https:\\\/\\\/buletin.de\\\/bucuresti\\\/#organization\",\"name\":\"Buletin de Bucure\u0219ti\",\"url\":\"https:\\\/\\\/buletin.de\\\/bucuresti\\\/\",\"logo\":{\"@type\":\"ImageObject\",\"inLanguage\":\"en-GB\",\"@id\":\"https:\\\/\\\/buletin.de\\\/bucuresti\\\/#\\\/schema\\\/logo\\\/image\\\/\",\"url\":\"https:\\\/\\\/buletin.de\\\/bucuresti\\\/wp-content\\\/uploads\\\/logo-bdb-full-wide-vernil-transparent.png\",\"contentUrl\":\"https:\\\/\\\/buletin.de\\\/bucuresti\\\/wp-content\\\/uploads\\\/logo-bdb-full-wide-vernil-transparent.png\",\"width\":1782,\"height\":626,\"caption\":\"Buletin de Bucure\u0219ti\"},\"image\":{\"@id\":\"https:\\\/\\\/buletin.de\\\/bucuresti\\\/#\\\/schema\\\/logo\\\/image\\\/\"},\"sameAs\":[\"https:\\\/\\\/www.facebook.com\\\/buletin.de.buc\",\"https:\\\/\\\/www.instagram.com\\\/buletinde.bucuresti\\\/\"]},{\"@type\":\"Person\",\"@id\":\"https:\\\/\\\/buletin.de\\\/bucuresti\\\/#\\\/schema\\\/person\\\/87734700b2c7f8608881f7e93b8834de\",\"name\":\"Andreea Gelatu\",\"image\":{\"@type\":\"ImageObject\",\"inLanguage\":\"en-GB\",\"@id\":\"https:\\\/\\\/secure.gravatar.com\\\/avatar\\\/b716eca2f984b9b65bdd87118b4b909d940b619cbe6e8cb725fe11c1b1f4194f?s=96&d=monsterid&r=g9b5eff4996c6b842a29b3057a7b4746f\",\"url\":\"https:\\\/\\\/secure.gravatar.com\\\/avatar\\\/b716eca2f984b9b65bdd87118b4b909d940b619cbe6e8cb725fe11c1b1f4194f?s=96&d=monsterid&r=g\",\"contentUrl\":\"https:\\\/\\\/secure.gravatar.com\\\/avatar\\\/b716eca2f984b9b65bdd87118b4b909d940b619cbe6e8cb725fe11c1b1f4194f?s=96&d=monsterid&r=g\",\"caption\":\"Andreea Gelatu\"},\"url\":\"https:\\\/\\\/buletin.de\\\/bucuresti\\\/author\\\/andreeagelatu\\\/\"}]}<\/script>\n<!-- \/ Yoast SEO Premium plugin. -->","yoast_head_json":{"title":"\u0218oferul autocarului: \u201dGoogle Maps m-a b\u0103gat prin pasaj\u201d. Circula\u021bia a fost reluat\u0103 prin Pasajul Unirii - Buletin de Bucure\u0219ti","robots":{"index":"index","follow":"follow","max-snippet":"max-snippet:-1","max-image-preview":"max-image-preview:large","max-video-preview":"max-video-preview:-1"},"canonical":"https:\/\/buletin.de\/bucuresti\/soferul-autocarului-google-maps-m-a-bagat-prin-pasaj-circulatia-a-fost-reluata-prin-pasajul-unirii\/","og_locale":"en_GB","og_type":"article","og_title":"\u0218oferul autocarului: \u201dGoogle Maps m-a b\u0103gat prin pasaj\u201d. Circula\u021bia a fost reluat\u0103 prin Pasajul Unirii","og_description":"Presa din Grecia relateaz\u0103 c\u0103 turi\u0219tii voiau s\u0103 viziteze Palatul Parlamentului. Potrivit declara\u021biei \u0219oferului, ruta prin Pasajul Unirii a fost indicat\u0103 de Google Maps. Persoanele aflate \u00een autocar au declarat c\u0103 au avut un singur \u0219ofer care a condus mai mult de 16 ore. 18 dintre turi\u0219ti sunt din Thessaloniki, iar restul sunt din Larissa [&hellip;]","og_url":"https:\/\/buletin.de\/bucuresti\/soferul-autocarului-google-maps-m-a-bagat-prin-pasaj-circulatia-a-fost-reluata-prin-pasajul-unirii\/","og_site_name":"Buletin de Bucure\u0219ti","article_publisher":"https:\/\/www.facebook.com\/buletin.de.buc","article_published_time":"2022-12-23T16:24:54+00:00","og_image":[{"width":1080,"height":810,"url":"https:\/\/buletin.de\/bucuresti\/wp-content\/uploads\/isuuuuuu.jpeg","type":"image\/jpeg"}],"author":"Andreea Gelatu","twitter_card":"summary_large_image","twitter_misc":{"Written by":"Andreea Gelatu","Estimated reading time":"2 minutes"},"schema":{"@context":"https:\/\/schema.org","@graph":[{"@type":"Article","@id":"https:\/\/buletin.de\/bucuresti\/soferul-autocarului-google-maps-m-a-bagat-prin-pasaj-circulatia-a-fost-reluata-prin-pasajul-unirii\/#article","isPartOf":{"@id":"https:\/\/buletin.de\/bucuresti\/soferul-autocarului-google-maps-m-a-bagat-prin-pasaj-circulatia-a-fost-reluata-prin-pasajul-unirii\/"},"author":{"name":"Andreea Gelatu","@id":"https:\/\/buletin.de\/bucuresti\/#\/schema\/person\/87734700b2c7f8608881f7e93b8834de"},"headline":"\u0218oferul autocarului: \u201dGoogle Maps m-a b\u0103gat prin pasaj\u201d. Circula\u021bia a fost reluat\u0103 prin Pasajul Unirii","datePublished":"2022-12-23T16:24:54+00:00","mainEntityOfPage":{"@id":"https:\/\/buletin.de\/bucuresti\/soferul-autocarului-google-maps-m-a-bagat-prin-pasaj-circulatia-a-fost-reluata-prin-pasajul-unirii\/"},"wordCount":311,"publisher":{"@id":"https:\/\/buletin.de\/bucuresti\/#organization"},"image":{"@id":"https:\/\/buletin.de\/bucuresti\/soferul-autocarului-google-maps-m-a-bagat-prin-pasaj-circulatia-a-fost-reluata-prin-pasajul-unirii\/#primaryimage"},"thumbnailUrl":"https:\/\/buletin.de\/bucuresti\/wp-content\/uploads\/isuuuuuu.jpeg","articleSection":["\u0218tiri"],"inLanguage":"en-GB","copyrightYear":"2022","copyrightHolder":{"@id":"https:\/\/buletin.de\/bucuresti\/#organization"}},{"@type":"WebPage","@id":"https:\/\/buletin.de\/bucuresti\/soferul-autocarului-google-maps-m-a-bagat-prin-pasaj-circulatia-a-fost-reluata-prin-pasajul-unirii\/","url":"https:\/\/buletin.de\/bucuresti\/soferul-autocarului-google-maps-m-a-bagat-prin-pasaj-circulatia-a-fost-reluata-prin-pasajul-unirii\/","name":"\u0218oferul autocarului: \u201dGoogle Maps m-a b\u0103gat prin pasaj\u201d. Circula\u021bia a fost reluat\u0103 prin Pasajul Unirii - Buletin de Bucure\u0219ti","isPartOf":{"@id":"https:\/\/buletin.de\/bucuresti\/#website"},"primaryImageOfPage":{"@id":"https:\/\/buletin.de\/bucuresti\/soferul-autocarului-google-maps-m-a-bagat-prin-pasaj-circulatia-a-fost-reluata-prin-pasajul-unirii\/#primaryimage"},"image":{"@id":"https:\/\/buletin.de\/bucuresti\/soferul-autocarului-google-maps-m-a-bagat-prin-pasaj-circulatia-a-fost-reluata-prin-pasajul-unirii\/#primaryimage"},"thumbnailUrl":"https:\/\/buletin.de\/bucuresti\/wp-content\/uploads\/isuuuuuu.jpeg","datePublished":"2022-12-23T16:24:54+00:00","breadcrumb":{"@id":"https:\/\/buletin.de\/bucuresti\/soferul-autocarului-google-maps-m-a-bagat-prin-pasaj-circulatia-a-fost-reluata-prin-pasajul-unirii\/#breadcrumb"},"inLanguage":"en-GB","potentialAction":[{"@type":"ReadAction","target":["https:\/\/buletin.de\/bucuresti\/soferul-autocarului-google-maps-m-a-bagat-prin-pasaj-circulatia-a-fost-reluata-prin-pasajul-unirii\/"]}]},{"@type":"ImageObject","inLanguage":"en-GB","@id":"https:\/\/buletin.de\/bucuresti\/soferul-autocarului-google-maps-m-a-bagat-prin-pasaj-circulatia-a-fost-reluata-prin-pasajul-unirii\/#primaryimage","url":"https:\/\/buletin.de\/bucuresti\/wp-content\/uploads\/isuuuuuu.jpeg","contentUrl":"https:\/\/buletin.de\/bucuresti\/wp-content\/uploads\/isuuuuuu.jpeg","width":1080,"height":810},{"@type":"BreadcrumbList","@id":"https:\/\/buletin.de\/bucuresti\/soferul-autocarului-google-maps-m-a-bagat-prin-pasaj-circulatia-a-fost-reluata-prin-pasajul-unirii\/#breadcrumb","itemListElement":[{"@type":"ListItem","position":1,"name":"Acas\u0103","item":"https:\/\/buletin.de\/bucuresti\/"},{"@type":"ListItem","position":2,"name":"\u0218oferul autocarului: \u201dGoogle Maps m-a b\u0103gat prin pasaj\u201d. Circula\u021bia a fost reluat\u0103 prin Pasajul Unirii"}]},{"@type":"WebSite","@id":"https:\/\/buletin.de\/bucuresti\/#website","url":"https:\/\/buletin.de\/bucuresti\/","name":"Buletin de Bucure\u0219ti","description":"\u0218tiri \u0219i investiga\u021bii esen\u021biale din capital\u0103","publisher":{"@id":"https:\/\/buletin.de\/bucuresti\/#organization"},"potentialAction":[{"@type":"SearchAction","target":{"@type":"EntryPoint","urlTemplate":"https:\/\/buletin.de\/bucuresti\/?s={search_term_string}"},"query-input":{"@type":"PropertyValueSpecification","valueRequired":true,"valueName":"search_term_string"}}],"inLanguage":"en-GB"},{"@type":"Organization","@id":"https:\/\/buletin.de\/bucuresti\/#organization","name":"Buletin de Bucure\u0219ti","url":"https:\/\/buletin.de\/bucuresti\/","logo":{"@type":"ImageObject","inLanguage":"en-GB","@id":"https:\/\/buletin.de\/bucuresti\/#\/schema\/logo\/image\/","url":"https:\/\/buletin.de\/bucuresti\/wp-content\/uploads\/logo-bdb-full-wide-vernil-transparent.png","contentUrl":"https:\/\/buletin.de\/bucuresti\/wp-content\/uploads\/logo-bdb-full-wide-vernil-transparent.png","width":1782,"height":626,"caption":"Buletin de Bucure\u0219ti"},"image":{"@id":"https:\/\/buletin.de\/bucuresti\/#\/schema\/logo\/image\/"},"sameAs":["https:\/\/www.facebook.com\/buletin.de.buc","https:\/\/www.instagram.com\/buletinde.bucuresti\/"]},{"@type":"Person","@id":"https:\/\/buletin.de\/bucuresti\/#\/schema\/person\/87734700b2c7f8608881f7e93b8834de","name":"Andreea Gelatu","image":{"@type":"ImageObject","inLanguage":"en-GB","@id":"https:\/\/secure.gravatar.com\/avatar\/b716eca2f984b9b65bdd87118b4b909d940b619cbe6e8cb725fe11c1b1f4194f?s=96&d=monsterid&r=g9b5eff4996c6b842a29b3057a7b4746f","url":"https:\/\/secure.gravatar.com\/avatar\/b716eca2f984b9b65bdd87118b4b909d940b619cbe6e8cb725fe11c1b1f4194f?s=96&d=monsterid&r=g","contentUrl":"https:\/\/secure.gravatar.com\/avatar\/b716eca2f984b9b65bdd87118b4b909d940b619cbe6e8cb725fe11c1b1f4194f?s=96&d=monsterid&r=g","caption":"Andreea Gelatu"},"url":"https:\/\/buletin.de\/bucuresti\/author\/andreeagelatu\/"}]}},"authors":[{"term_id":22605,"user_id":46,"is_guest":0,"slug":"andreeagelatu","display_name":"Andreea Gelatu","avatar_url":"https:\/\/secure.gravatar.com\/avatar\/b716eca2f984b9b65bdd87118b4b909d940b619cbe6e8cb725fe11c1b1f4194f?s=96&d=monsterid&r=g","0":null,"1":"","2":"","3":"","4":"","5":"","6":"","7":"","8":""}],"_links":{"self":[{"href":"https:\/\/buletin.de\/bucuresti\/wp-json\/wp\/v2\/posts\/50301","targetHints":{"allow":["GET"]}}],"collection":[{"href":"https:\/\/buletin.de\/bucuresti\/wp-json\/wp\/v2\/posts"}],"about":[{"href":"https:\/\/buletin.de\/bucuresti\/wp-json\/wp\/v2\/types\/post"}],"author":[{"embeddable":true,"href":"https:\/\/buletin.de\/bucuresti\/wp-json\/wp\/v2\/users\/46"}],"replies":[{"embeddable":true,"href":"https:\/\/buletin.de\/bucuresti\/wp-json\/wp\/v2\/comments?post=50301"}],"version-history":[{"count":7,"href":"https:\/\/buletin.de\/bucuresti\/wp-json\/wp\/v2\/posts\/50301\/revisions"}],"predecessor-version":[{"id":50311,"href":"https:\/\/buletin.de\/bucuresti\/wp-json\/wp\/v2\/posts\/50301\/revisions\/50311"}],"wp:featuredmedia":[{"embeddable":true,"href":"https:\/\/buletin.de\/bucuresti\/wp-json\/wp\/v2\/media\/50303"}],"wp:attachment":[{"href":"https:\/\/buletin.de\/bucuresti\/wp-json\/wp\/v2\/media?parent=50301"}],"wp:term":[{"taxonomy":"category","embeddable":true,"href":"https:\/\/buletin.de\/bucuresti\/wp-json\/wp\/v2\/categories?post=50301"},{"taxonomy":"post_tag","embeddable":true,"href":"https:\/\/buletin.de\/bucuresti\/wp-json\/wp\/v2\/tags?post=50301"},{"taxonomy":"author","embeddable":true,"href":"https:\/\/buletin.de\/bucuresti\/wp-json\/wp\/v2\/ppma_author?post=50301"}],"curies":[{"name":"wp","href":"https:\/\/api.w.org\/{rel}","templated":true}]}}