{"id":49806,"date":"2022-12-14T16:29:26","date_gmt":"2022-12-14T14:29:26","guid":{"rendered":"https:\/\/buletin.de\/bucuresti\/?p=49806"},"modified":"2022-12-14T16:29:27","modified_gmt":"2022-12-14T14:29:27","slug":"planul-urbanistic-al-cartierului-pentru-justitie-intra-in-dezbaterea-consiliului-local-sector-3-sunt-dezbateri-pe-marginea-legalitatii-sale","status":"publish","type":"post","link":"https:\/\/buletin.de\/bucuresti\/planul-urbanistic-al-cartierului-pentru-justitie-intra-in-dezbaterea-consiliului-local-sector-3-sunt-dezbateri-pe-marginea-legalitatii-sale\/","title":{"rendered":"Planul urbanistic al Cartierului pentru Justi\u021bie, intr\u0103 \u00een dezbaterea Consiliului Local Sector 3. Sunt dezbateri pe marginea legalit\u0103\u021bii sale"},"content":{"rendered":"\n<p><strong>Planul Urbanistic al viitorului Cartier al Justi\u021biei, unul dintre cele mai mari proiecte publice propuse \u00een Capital\u0103, intr\u0103 joi \u00een dezbaterea consierilor locali din Sectorul 3, conform Hotnews.ro. Doar c\u0103 proiectul de hot\u0103r\u00e2re a st\u00e2rnit, deja, discu\u021bii privind legalitatea sa. Prim\u0103ria Capitalei a transmis un punct de vedere \u00een care sus\u021bine c\u0103 proiectul are nevoie de un Plan Urbanistic Zonal, aprobat \u00een Consiliul General \u0219i nu e suficient doar unul de <em>detaliu,<\/em> a\u0219a cum se propune acum. <\/strong><\/p>\n\n\n\n<p>\u0218i mai exist\u0103 un aspect asupra c\u0103ruia Prim\u0103ria Capitalei a atras aten\u021bia. Planul Urbanistic de Detaliu care va ajunge \u00een dezbaterea Consiliului Local Sector 3 e \u00eentocmit \u00een baza unui Plan Urbanistic Zonal suspendat. Doar c\u0103 punctele de vedere ale Prim\u0103riei Capitalei au fost respinse de Prefectura Capitalei dar \u0219i de Ministerul Justi\u021biei, principalul beneficiar al proiectului.<\/p>\n\n\n\n<h2 class=\"wp-block-heading\">Proiectul trebuia aprobat prin PUZ<\/h2>\n\n\n\n<p>Prim\u0103ria Capitalei a transmis \u00een august 2022 o scrisoare c\u0103tre Ministerul Justi\u021biei \u0219i Prim\u0103ria Sectorului 3, \u00een care explica faptul c\u0103 proiectul trebuie aprobat prin Plan Urbanistic Zonal, deoarece PUZ-ul Sectorului 3 ar fi fost aprobat ilegal \u0219i anulat \u00een instan\u021b\u0103, sus\u021bin jurnali\u0219tii de la Hotnews.ro. Curtea de Apel Bucure\u0219ti a anulat \u00een noiembrie 2021 aprobarea \u00a0Planului Urbanistic Zonal Sector 3 iau autorizarea construc\u021biilor se poate realiza numai dup\u0103 aprobarea unei documenta\u021bii PUZ, se mai men\u021bioneaz\u0103 \u00een scrisoare.<\/p>\n\n\n\n<p>\u201ePUD Cartierul pentru Justi\u021bie cu regim de \u00een\u0103l\u021bime 3S+P+7E- 8E+10E+Eth, cuprinde mai multe imobile, altele dec\u00e2t cel pentru care a fost emis Certificatul de Urbanism nr.996 din 22.09.2021.\u201d, se arat\u0103 \u00een scrisoarea Prim\u0103riei Capitalei. \u201dPlanul urbanistic de detaliu are caracter de reglementare specific\u0103 pentru o parcel\u0103 \u00een relatie cu parcelele \u00eenvecinate.\u201d Astfel, PUD-ul nu poate modifica planuri de nivel superior a\u0219a cum este Cartierul Justi\u021biei.<\/p>\n\n\n\n<p>Ministerul Justi\u021biei \u0219i Prefectura sus\u021bin, \u00eens\u0103, c\u0103 planul de urbanism a fost ini\u021biat \u00eenainte de anularea PUZ-ului Sectorului 3.<\/p>\n\n\n\n<p>&#8220;\u00cen \u00eemprejurarea dat\u0103, pe baza dispozi\u021biilor legale cu inciden\u021b\u0103 \u00een materie, se re\u021bine \u0219i se argumenteaz\u0103 c\u0103, \u00een perioada de valabilitate a PUZ Sector 3 \u0219i p\u00e2n\u0103 la anularea definitiv\u0103 de c\u0103tre instan\u0163a de contencios administrativ a acestuia (29.11.2021), au fost emise acte administrative cu caracter individual, care r\u0103m\u00e2n valabile pe toat\u0103 durata Proiectului &#8220;Cartierul Justi\u021biei&#8221; (exemplu, Certificatul de Urbanism nr. 996\/22.09.2021) &#8220;deoarece la data anul\u0103rii PUZ Sector 3 niciunul dintre actele administrative cu caracter individual de mai sus nu au fost atacate cu succes \u00een instan\u0163a de contencios administrativ\u201d, se arat\u0103 \u00een scrisoarea transmis\u0103 de Prefectura Bucure\u0219ti Prim\u0103riei Sectorului 3, citat\u0103 de Hotews.ro<\/p>\n\n\n\n<p><\/p>\n\n\n\n<h2 class=\"wp-block-heading\">Cartierul Justi\u021biei, implementare \u00een 7 ani<\/h2>\n\n\n\n<p>Cartierul Justi\u021biei, lansat \u00een 2019, \u00een mandatul Anei Birchall la Ministerul de Justi\u021bie este un proiect de concentrare a tuturor instan\u021belor, parchetelor \u0219i altor institu\u021bii din sistemul judiciar \u00eentr-un singur loc. Terenul identificat de autorit\u0103\u021bi, de aproape 15 hectare este situat \u00een sectorul 3, \u00een zona Esplanada. Prin HG nr. 592 din 12 august 2019 s-a aprobarea schimb\u0103rea denumirii amplasamentului obiectivului de investi\u021bii, situat \u00een municipiul Bucure\u0219ti, Bd. Unirii, sectorul 3, din \u201cEsplanada\u201d \u00een \u201cCartierul pentru Justi\u021bie\u201d \u0219i \u201cproiecte de interes public ale municipiului Bucure\u0219ti\u201d, \u0219i s-a aprobat programul prioritar de reconversie func\u021bional\u0103 a amplasamentului.<\/p>\n\n\n\n<p><\/p>\n\n\n\n<p><br><br>Surs\u0103 foto: Pagina de Facebook Agenda Construc\u021biilor &amp; Fereastra<\/p>\n","protected":false},"excerpt":{"rendered":"<p>Planul Urbanistic al viitorului Cartier al Justi\u021biei, unul dintre cele mai mari proiecte publice propuse \u00een Capital\u0103, intr\u0103 joi \u00een dezbaterea consierilor locali din Sectorul 3, conform Hotnews.ro. Doar c\u0103 proiectul de hot\u0103r\u00e2re a st\u00e2rnit, deja, discu\u021bii privind legalitatea sa. Prim\u0103ria Capitalei a transmis un punct de vedere \u00een care sus\u021bine c\u0103 proiectul are nevoie [&hellip;]<\/p>\n","protected":false},"author":45,"featured_media":49807,"comment_status":"closed","ping_status":"open","sticky":false,"template":"","format":"standard","meta":{"_acf_changed":false,"inline_featured_image":false,"ngg_post_thumbnail":0,"footnotes":""},"categories":[62],"tags":[],"ppma_author":[22604],"class_list":["post-49806","post","type-post","status-publish","format-standard","has-post-thumbnail","hentry","category-stiri"],"acf":[],"yoast_head":"<!-- This site is optimized with the Yoast SEO Premium plugin v25.3 (Yoast SEO v27.4) - https:\/\/yoast.com\/product\/yoast-seo-premium-wordpress\/ -->\n<title>Planul urbanistic al Cartierului pentru Justi\u021bie, intr\u0103 \u00een dezbaterea Consiliului Local Sector 3. Sunt dezbateri pe marginea legalit\u0103\u021bii sale - Buletin de Bucure\u0219ti<\/title>\n<meta name=\"robots\" content=\"index, follow, max-snippet:-1, max-image-preview:large, max-video-preview:-1\" \/>\n<link rel=\"canonical\" href=\"https:\/\/buletin.de\/bucuresti\/planul-urbanistic-al-cartierului-pentru-justitie-intra-in-dezbaterea-consiliului-local-sector-3-sunt-dezbateri-pe-marginea-legalitatii-sale\/\" \/>\n<meta property=\"og:locale\" content=\"en_GB\" \/>\n<meta property=\"og:type\" content=\"article\" \/>\n<meta property=\"og:title\" content=\"Planul urbanistic al Cartierului pentru Justi\u021bie, intr\u0103 \u00een dezbaterea Consiliului Local Sector 3. Sunt dezbateri pe marginea legalit\u0103\u021bii sale\" \/>\n<meta property=\"og:description\" content=\"Planul Urbanistic al viitorului Cartier al Justi\u021biei, unul dintre cele mai mari proiecte publice propuse \u00een Capital\u0103, intr\u0103 joi \u00een dezbaterea consierilor locali din Sectorul 3, conform Hotnews.ro. Doar c\u0103 proiectul de hot\u0103r\u00e2re a st\u00e2rnit, deja, discu\u021bii privind legalitatea sa. Prim\u0103ria Capitalei a transmis un punct de vedere \u00een care sus\u021bine c\u0103 proiectul are nevoie [&hellip;]\" \/>\n<meta property=\"og:url\" content=\"https:\/\/buletin.de\/bucuresti\/planul-urbanistic-al-cartierului-pentru-justitie-intra-in-dezbaterea-consiliului-local-sector-3-sunt-dezbateri-pe-marginea-legalitatii-sale\/\" \/>\n<meta property=\"og:site_name\" content=\"Buletin de Bucure\u0219ti\" \/>\n<meta property=\"article:publisher\" content=\"https:\/\/www.facebook.com\/buletin.de.buc\" \/>\n<meta property=\"article:published_time\" content=\"2022-12-14T14:29:26+00:00\" \/>\n<meta property=\"article:modified_time\" content=\"2022-12-14T14:29:27+00:00\" \/>\n<meta property=\"og:image\" content=\"https:\/\/buletin.de\/bucuresti\/wp-content\/uploads\/274473545_2044410795736196_7290356302277072225_n.jpg\" \/>\n\t<meta property=\"og:image:width\" content=\"1200\" \/>\n\t<meta property=\"og:image:height\" content=\"753\" \/>\n\t<meta property=\"og:image:type\" content=\"image\/jpeg\" \/>\n<meta name=\"author\" content=\"Teodora \u0218uta\" \/>\n<meta name=\"twitter:card\" content=\"summary_large_image\" \/>\n<meta name=\"twitter:label1\" content=\"Written by\" \/>\n\t<meta name=\"twitter:data1\" content=\"Teodora \u0218uta\" \/>\n\t<meta name=\"twitter:label2\" content=\"Estimated reading time\" \/>\n\t<meta name=\"twitter:data2\" content=\"3 minutes\" \/>\n<script type=\"application\/ld+json\" class=\"yoast-schema-graph\">{\"@context\":\"https:\\\/\\\/schema.org\",\"@graph\":[{\"@type\":\"Article\",\"@id\":\"https:\\\/\\\/buletin.de\\\/bucuresti\\\/planul-urbanistic-al-cartierului-pentru-justitie-intra-in-dezbaterea-consiliului-local-sector-3-sunt-dezbateri-pe-marginea-legalitatii-sale\\\/#article\",\"isPartOf\":{\"@id\":\"https:\\\/\\\/buletin.de\\\/bucuresti\\\/planul-urbanistic-al-cartierului-pentru-justitie-intra-in-dezbaterea-consiliului-local-sector-3-sunt-dezbateri-pe-marginea-legalitatii-sale\\\/\"},\"author\":{\"name\":\"Teodora \u0218uta\",\"@id\":\"https:\\\/\\\/buletin.de\\\/bucuresti\\\/#\\\/schema\\\/person\\\/5d54908fa90ab7ad3b2e88152efd6845\"},\"headline\":\"Planul urbanistic al Cartierului pentru Justi\u021bie, intr\u0103 \u00een dezbaterea Consiliului Local Sector 3. Sunt dezbateri pe marginea legalit\u0103\u021bii sale\",\"datePublished\":\"2022-12-14T14:29:26+00:00\",\"dateModified\":\"2022-12-14T14:29:27+00:00\",\"mainEntityOfPage\":{\"@id\":\"https:\\\/\\\/buletin.de\\\/bucuresti\\\/planul-urbanistic-al-cartierului-pentru-justitie-intra-in-dezbaterea-consiliului-local-sector-3-sunt-dezbateri-pe-marginea-legalitatii-sale\\\/\"},\"wordCount\":578,\"publisher\":{\"@id\":\"https:\\\/\\\/buletin.de\\\/bucuresti\\\/#organization\"},\"image\":{\"@id\":\"https:\\\/\\\/buletin.de\\\/bucuresti\\\/planul-urbanistic-al-cartierului-pentru-justitie-intra-in-dezbaterea-consiliului-local-sector-3-sunt-dezbateri-pe-marginea-legalitatii-sale\\\/#primaryimage\"},\"thumbnailUrl\":\"https:\\\/\\\/buletin.de\\\/bucuresti\\\/wp-content\\\/uploads\\\/274473545_2044410795736196_7290356302277072225_n.jpg\",\"articleSection\":[\"\u0218tiri\"],\"inLanguage\":\"en-GB\",\"copyrightYear\":\"2022\",\"copyrightHolder\":{\"@id\":\"https:\\\/\\\/buletin.de\\\/bucuresti\\\/#organization\"}},{\"@type\":\"WebPage\",\"@id\":\"https:\\\/\\\/buletin.de\\\/bucuresti\\\/planul-urbanistic-al-cartierului-pentru-justitie-intra-in-dezbaterea-consiliului-local-sector-3-sunt-dezbateri-pe-marginea-legalitatii-sale\\\/\",\"url\":\"https:\\\/\\\/buletin.de\\\/bucuresti\\\/planul-urbanistic-al-cartierului-pentru-justitie-intra-in-dezbaterea-consiliului-local-sector-3-sunt-dezbateri-pe-marginea-legalitatii-sale\\\/\",\"name\":\"Planul urbanistic al Cartierului pentru Justi\u021bie, intr\u0103 \u00een dezbaterea Consiliului Local Sector 3. Sunt dezbateri pe marginea legalit\u0103\u021bii sale - Buletin de Bucure\u0219ti\",\"isPartOf\":{\"@id\":\"https:\\\/\\\/buletin.de\\\/bucuresti\\\/#website\"},\"primaryImageOfPage\":{\"@id\":\"https:\\\/\\\/buletin.de\\\/bucuresti\\\/planul-urbanistic-al-cartierului-pentru-justitie-intra-in-dezbaterea-consiliului-local-sector-3-sunt-dezbateri-pe-marginea-legalitatii-sale\\\/#primaryimage\"},\"image\":{\"@id\":\"https:\\\/\\\/buletin.de\\\/bucuresti\\\/planul-urbanistic-al-cartierului-pentru-justitie-intra-in-dezbaterea-consiliului-local-sector-3-sunt-dezbateri-pe-marginea-legalitatii-sale\\\/#primaryimage\"},\"thumbnailUrl\":\"https:\\\/\\\/buletin.de\\\/bucuresti\\\/wp-content\\\/uploads\\\/274473545_2044410795736196_7290356302277072225_n.jpg\",\"datePublished\":\"2022-12-14T14:29:26+00:00\",\"dateModified\":\"2022-12-14T14:29:27+00:00\",\"breadcrumb\":{\"@id\":\"https:\\\/\\\/buletin.de\\\/bucuresti\\\/planul-urbanistic-al-cartierului-pentru-justitie-intra-in-dezbaterea-consiliului-local-sector-3-sunt-dezbateri-pe-marginea-legalitatii-sale\\\/#breadcrumb\"},\"inLanguage\":\"en-GB\",\"potentialAction\":[{\"@type\":\"ReadAction\",\"target\":[\"https:\\\/\\\/buletin.de\\\/bucuresti\\\/planul-urbanistic-al-cartierului-pentru-justitie-intra-in-dezbaterea-consiliului-local-sector-3-sunt-dezbateri-pe-marginea-legalitatii-sale\\\/\"]}]},{\"@type\":\"ImageObject\",\"inLanguage\":\"en-GB\",\"@id\":\"https:\\\/\\\/buletin.de\\\/bucuresti\\\/planul-urbanistic-al-cartierului-pentru-justitie-intra-in-dezbaterea-consiliului-local-sector-3-sunt-dezbateri-pe-marginea-legalitatii-sale\\\/#primaryimage\",\"url\":\"https:\\\/\\\/buletin.de\\\/bucuresti\\\/wp-content\\\/uploads\\\/274473545_2044410795736196_7290356302277072225_n.jpg\",\"contentUrl\":\"https:\\\/\\\/buletin.de\\\/bucuresti\\\/wp-content\\\/uploads\\\/274473545_2044410795736196_7290356302277072225_n.jpg\",\"width\":1200,\"height\":753},{\"@type\":\"BreadcrumbList\",\"@id\":\"https:\\\/\\\/buletin.de\\\/bucuresti\\\/planul-urbanistic-al-cartierului-pentru-justitie-intra-in-dezbaterea-consiliului-local-sector-3-sunt-dezbateri-pe-marginea-legalitatii-sale\\\/#breadcrumb\",\"itemListElement\":[{\"@type\":\"ListItem\",\"position\":1,\"name\":\"Acas\u0103\",\"item\":\"https:\\\/\\\/buletin.de\\\/bucuresti\\\/\"},{\"@type\":\"ListItem\",\"position\":2,\"name\":\"Planul urbanistic al Cartierului pentru Justi\u021bie, intr\u0103 \u00een dezbaterea Consiliului Local Sector 3. Sunt dezbateri pe marginea legalit\u0103\u021bii sale\"}]},{\"@type\":\"WebSite\",\"@id\":\"https:\\\/\\\/buletin.de\\\/bucuresti\\\/#website\",\"url\":\"https:\\\/\\\/buletin.de\\\/bucuresti\\\/\",\"name\":\"Buletin de Bucure\u0219ti\",\"description\":\"\u0218tiri \u0219i investiga\u021bii esen\u021biale din capital\u0103\",\"publisher\":{\"@id\":\"https:\\\/\\\/buletin.de\\\/bucuresti\\\/#organization\"},\"potentialAction\":[{\"@type\":\"SearchAction\",\"target\":{\"@type\":\"EntryPoint\",\"urlTemplate\":\"https:\\\/\\\/buletin.de\\\/bucuresti\\\/?s={search_term_string}\"},\"query-input\":{\"@type\":\"PropertyValueSpecification\",\"valueRequired\":true,\"valueName\":\"search_term_string\"}}],\"inLanguage\":\"en-GB\"},{\"@type\":\"Organization\",\"@id\":\"https:\\\/\\\/buletin.de\\\/bucuresti\\\/#organization\",\"name\":\"Buletin de Bucure\u0219ti\",\"url\":\"https:\\\/\\\/buletin.de\\\/bucuresti\\\/\",\"logo\":{\"@type\":\"ImageObject\",\"inLanguage\":\"en-GB\",\"@id\":\"https:\\\/\\\/buletin.de\\\/bucuresti\\\/#\\\/schema\\\/logo\\\/image\\\/\",\"url\":\"https:\\\/\\\/buletin.de\\\/bucuresti\\\/wp-content\\\/uploads\\\/logo-bdb-full-wide-vernil-transparent.png\",\"contentUrl\":\"https:\\\/\\\/buletin.de\\\/bucuresti\\\/wp-content\\\/uploads\\\/logo-bdb-full-wide-vernil-transparent.png\",\"width\":1782,\"height\":626,\"caption\":\"Buletin de Bucure\u0219ti\"},\"image\":{\"@id\":\"https:\\\/\\\/buletin.de\\\/bucuresti\\\/#\\\/schema\\\/logo\\\/image\\\/\"},\"sameAs\":[\"https:\\\/\\\/www.facebook.com\\\/buletin.de.buc\",\"https:\\\/\\\/www.instagram.com\\\/buletinde.bucuresti\\\/\"]},{\"@type\":\"Person\",\"@id\":\"https:\\\/\\\/buletin.de\\\/bucuresti\\\/#\\\/schema\\\/person\\\/5d54908fa90ab7ad3b2e88152efd6845\",\"name\":\"Teodora \u0218uta\",\"image\":{\"@type\":\"ImageObject\",\"inLanguage\":\"en-GB\",\"@id\":\"https:\\\/\\\/secure.gravatar.com\\\/avatar\\\/0c709226af9845d97b126aa0aa80ab42778847ec3d11d741016b74a61174088d?s=96&d=monsterid&r=gf2e0c6a01d766272c6fa8af9e494be28\",\"url\":\"https:\\\/\\\/secure.gravatar.com\\\/avatar\\\/0c709226af9845d97b126aa0aa80ab42778847ec3d11d741016b74a61174088d?s=96&d=monsterid&r=g\",\"contentUrl\":\"https:\\\/\\\/secure.gravatar.com\\\/avatar\\\/0c709226af9845d97b126aa0aa80ab42778847ec3d11d741016b74a61174088d?s=96&d=monsterid&r=g\",\"caption\":\"Teodora \u0218uta\"},\"url\":\"https:\\\/\\\/buletin.de\\\/bucuresti\\\/author\\\/mariasuta\\\/\"}]}<\/script>\n<!-- \/ Yoast SEO Premium plugin. -->","yoast_head_json":{"title":"Planul urbanistic al Cartierului pentru Justi\u021bie, intr\u0103 \u00een dezbaterea Consiliului Local Sector 3. Sunt dezbateri pe marginea legalit\u0103\u021bii sale - Buletin de Bucure\u0219ti","robots":{"index":"index","follow":"follow","max-snippet":"max-snippet:-1","max-image-preview":"max-image-preview:large","max-video-preview":"max-video-preview:-1"},"canonical":"https:\/\/buletin.de\/bucuresti\/planul-urbanistic-al-cartierului-pentru-justitie-intra-in-dezbaterea-consiliului-local-sector-3-sunt-dezbateri-pe-marginea-legalitatii-sale\/","og_locale":"en_GB","og_type":"article","og_title":"Planul urbanistic al Cartierului pentru Justi\u021bie, intr\u0103 \u00een dezbaterea Consiliului Local Sector 3. Sunt dezbateri pe marginea legalit\u0103\u021bii sale","og_description":"Planul Urbanistic al viitorului Cartier al Justi\u021biei, unul dintre cele mai mari proiecte publice propuse \u00een Capital\u0103, intr\u0103 joi \u00een dezbaterea consierilor locali din Sectorul 3, conform Hotnews.ro. Doar c\u0103 proiectul de hot\u0103r\u00e2re a st\u00e2rnit, deja, discu\u021bii privind legalitatea sa. Prim\u0103ria Capitalei a transmis un punct de vedere \u00een care sus\u021bine c\u0103 proiectul are nevoie [&hellip;]","og_url":"https:\/\/buletin.de\/bucuresti\/planul-urbanistic-al-cartierului-pentru-justitie-intra-in-dezbaterea-consiliului-local-sector-3-sunt-dezbateri-pe-marginea-legalitatii-sale\/","og_site_name":"Buletin de Bucure\u0219ti","article_publisher":"https:\/\/www.facebook.com\/buletin.de.buc","article_published_time":"2022-12-14T14:29:26+00:00","article_modified_time":"2022-12-14T14:29:27+00:00","og_image":[{"width":1200,"height":753,"url":"https:\/\/buletin.de\/bucuresti\/wp-content\/uploads\/274473545_2044410795736196_7290356302277072225_n.jpg","type":"image\/jpeg"}],"author":"Teodora \u0218uta","twitter_card":"summary_large_image","twitter_misc":{"Written by":"Teodora \u0218uta","Estimated reading time":"3 minutes"},"schema":{"@context":"https:\/\/schema.org","@graph":[{"@type":"Article","@id":"https:\/\/buletin.de\/bucuresti\/planul-urbanistic-al-cartierului-pentru-justitie-intra-in-dezbaterea-consiliului-local-sector-3-sunt-dezbateri-pe-marginea-legalitatii-sale\/#article","isPartOf":{"@id":"https:\/\/buletin.de\/bucuresti\/planul-urbanistic-al-cartierului-pentru-justitie-intra-in-dezbaterea-consiliului-local-sector-3-sunt-dezbateri-pe-marginea-legalitatii-sale\/"},"author":{"name":"Teodora \u0218uta","@id":"https:\/\/buletin.de\/bucuresti\/#\/schema\/person\/5d54908fa90ab7ad3b2e88152efd6845"},"headline":"Planul urbanistic al Cartierului pentru Justi\u021bie, intr\u0103 \u00een dezbaterea Consiliului Local Sector 3. Sunt dezbateri pe marginea legalit\u0103\u021bii sale","datePublished":"2022-12-14T14:29:26+00:00","dateModified":"2022-12-14T14:29:27+00:00","mainEntityOfPage":{"@id":"https:\/\/buletin.de\/bucuresti\/planul-urbanistic-al-cartierului-pentru-justitie-intra-in-dezbaterea-consiliului-local-sector-3-sunt-dezbateri-pe-marginea-legalitatii-sale\/"},"wordCount":578,"publisher":{"@id":"https:\/\/buletin.de\/bucuresti\/#organization"},"image":{"@id":"https:\/\/buletin.de\/bucuresti\/planul-urbanistic-al-cartierului-pentru-justitie-intra-in-dezbaterea-consiliului-local-sector-3-sunt-dezbateri-pe-marginea-legalitatii-sale\/#primaryimage"},"thumbnailUrl":"https:\/\/buletin.de\/bucuresti\/wp-content\/uploads\/274473545_2044410795736196_7290356302277072225_n.jpg","articleSection":["\u0218tiri"],"inLanguage":"en-GB","copyrightYear":"2022","copyrightHolder":{"@id":"https:\/\/buletin.de\/bucuresti\/#organization"}},{"@type":"WebPage","@id":"https:\/\/buletin.de\/bucuresti\/planul-urbanistic-al-cartierului-pentru-justitie-intra-in-dezbaterea-consiliului-local-sector-3-sunt-dezbateri-pe-marginea-legalitatii-sale\/","url":"https:\/\/buletin.de\/bucuresti\/planul-urbanistic-al-cartierului-pentru-justitie-intra-in-dezbaterea-consiliului-local-sector-3-sunt-dezbateri-pe-marginea-legalitatii-sale\/","name":"Planul urbanistic al Cartierului pentru Justi\u021bie, intr\u0103 \u00een dezbaterea Consiliului Local Sector 3. Sunt dezbateri pe marginea legalit\u0103\u021bii sale - Buletin de Bucure\u0219ti","isPartOf":{"@id":"https:\/\/buletin.de\/bucuresti\/#website"},"primaryImageOfPage":{"@id":"https:\/\/buletin.de\/bucuresti\/planul-urbanistic-al-cartierului-pentru-justitie-intra-in-dezbaterea-consiliului-local-sector-3-sunt-dezbateri-pe-marginea-legalitatii-sale\/#primaryimage"},"image":{"@id":"https:\/\/buletin.de\/bucuresti\/planul-urbanistic-al-cartierului-pentru-justitie-intra-in-dezbaterea-consiliului-local-sector-3-sunt-dezbateri-pe-marginea-legalitatii-sale\/#primaryimage"},"thumbnailUrl":"https:\/\/buletin.de\/bucuresti\/wp-content\/uploads\/274473545_2044410795736196_7290356302277072225_n.jpg","datePublished":"2022-12-14T14:29:26+00:00","dateModified":"2022-12-14T14:29:27+00:00","breadcrumb":{"@id":"https:\/\/buletin.de\/bucuresti\/planul-urbanistic-al-cartierului-pentru-justitie-intra-in-dezbaterea-consiliului-local-sector-3-sunt-dezbateri-pe-marginea-legalitatii-sale\/#breadcrumb"},"inLanguage":"en-GB","potentialAction":[{"@type":"ReadAction","target":["https:\/\/buletin.de\/bucuresti\/planul-urbanistic-al-cartierului-pentru-justitie-intra-in-dezbaterea-consiliului-local-sector-3-sunt-dezbateri-pe-marginea-legalitatii-sale\/"]}]},{"@type":"ImageObject","inLanguage":"en-GB","@id":"https:\/\/buletin.de\/bucuresti\/planul-urbanistic-al-cartierului-pentru-justitie-intra-in-dezbaterea-consiliului-local-sector-3-sunt-dezbateri-pe-marginea-legalitatii-sale\/#primaryimage","url":"https:\/\/buletin.de\/bucuresti\/wp-content\/uploads\/274473545_2044410795736196_7290356302277072225_n.jpg","contentUrl":"https:\/\/buletin.de\/bucuresti\/wp-content\/uploads\/274473545_2044410795736196_7290356302277072225_n.jpg","width":1200,"height":753},{"@type":"BreadcrumbList","@id":"https:\/\/buletin.de\/bucuresti\/planul-urbanistic-al-cartierului-pentru-justitie-intra-in-dezbaterea-consiliului-local-sector-3-sunt-dezbateri-pe-marginea-legalitatii-sale\/#breadcrumb","itemListElement":[{"@type":"ListItem","position":1,"name":"Acas\u0103","item":"https:\/\/buletin.de\/bucuresti\/"},{"@type":"ListItem","position":2,"name":"Planul urbanistic al Cartierului pentru Justi\u021bie, intr\u0103 \u00een dezbaterea Consiliului Local Sector 3. Sunt dezbateri pe marginea legalit\u0103\u021bii sale"}]},{"@type":"WebSite","@id":"https:\/\/buletin.de\/bucuresti\/#website","url":"https:\/\/buletin.de\/bucuresti\/","name":"Buletin de Bucure\u0219ti","description":"\u0218tiri \u0219i investiga\u021bii esen\u021biale din capital\u0103","publisher":{"@id":"https:\/\/buletin.de\/bucuresti\/#organization"},"potentialAction":[{"@type":"SearchAction","target":{"@type":"EntryPoint","urlTemplate":"https:\/\/buletin.de\/bucuresti\/?s={search_term_string}"},"query-input":{"@type":"PropertyValueSpecification","valueRequired":true,"valueName":"search_term_string"}}],"inLanguage":"en-GB"},{"@type":"Organization","@id":"https:\/\/buletin.de\/bucuresti\/#organization","name":"Buletin de Bucure\u0219ti","url":"https:\/\/buletin.de\/bucuresti\/","logo":{"@type":"ImageObject","inLanguage":"en-GB","@id":"https:\/\/buletin.de\/bucuresti\/#\/schema\/logo\/image\/","url":"https:\/\/buletin.de\/bucuresti\/wp-content\/uploads\/logo-bdb-full-wide-vernil-transparent.png","contentUrl":"https:\/\/buletin.de\/bucuresti\/wp-content\/uploads\/logo-bdb-full-wide-vernil-transparent.png","width":1782,"height":626,"caption":"Buletin de Bucure\u0219ti"},"image":{"@id":"https:\/\/buletin.de\/bucuresti\/#\/schema\/logo\/image\/"},"sameAs":["https:\/\/www.facebook.com\/buletin.de.buc","https:\/\/www.instagram.com\/buletinde.bucuresti\/"]},{"@type":"Person","@id":"https:\/\/buletin.de\/bucuresti\/#\/schema\/person\/5d54908fa90ab7ad3b2e88152efd6845","name":"Teodora \u0218uta","image":{"@type":"ImageObject","inLanguage":"en-GB","@id":"https:\/\/secure.gravatar.com\/avatar\/0c709226af9845d97b126aa0aa80ab42778847ec3d11d741016b74a61174088d?s=96&d=monsterid&r=gf2e0c6a01d766272c6fa8af9e494be28","url":"https:\/\/secure.gravatar.com\/avatar\/0c709226af9845d97b126aa0aa80ab42778847ec3d11d741016b74a61174088d?s=96&d=monsterid&r=g","contentUrl":"https:\/\/secure.gravatar.com\/avatar\/0c709226af9845d97b126aa0aa80ab42778847ec3d11d741016b74a61174088d?s=96&d=monsterid&r=g","caption":"Teodora \u0218uta"},"url":"https:\/\/buletin.de\/bucuresti\/author\/mariasuta\/"}]}},"authors":[{"term_id":22604,"user_id":45,"is_guest":0,"slug":"mariasuta","display_name":"Teodora \u0218uta","avatar_url":"https:\/\/secure.gravatar.com\/avatar\/0c709226af9845d97b126aa0aa80ab42778847ec3d11d741016b74a61174088d?s=96&d=monsterid&r=g","0":null,"1":"","2":"","3":"","4":"","5":"","6":"","7":"","8":""}],"_links":{"self":[{"href":"https:\/\/buletin.de\/bucuresti\/wp-json\/wp\/v2\/posts\/49806","targetHints":{"allow":["GET"]}}],"collection":[{"href":"https:\/\/buletin.de\/bucuresti\/wp-json\/wp\/v2\/posts"}],"about":[{"href":"https:\/\/buletin.de\/bucuresti\/wp-json\/wp\/v2\/types\/post"}],"author":[{"embeddable":true,"href":"https:\/\/buletin.de\/bucuresti\/wp-json\/wp\/v2\/users\/45"}],"replies":[{"embeddable":true,"href":"https:\/\/buletin.de\/bucuresti\/wp-json\/wp\/v2\/comments?post=49806"}],"version-history":[{"count":3,"href":"https:\/\/buletin.de\/bucuresti\/wp-json\/wp\/v2\/posts\/49806\/revisions"}],"predecessor-version":[{"id":49815,"href":"https:\/\/buletin.de\/bucuresti\/wp-json\/wp\/v2\/posts\/49806\/revisions\/49815"}],"wp:featuredmedia":[{"embeddable":true,"href":"https:\/\/buletin.de\/bucuresti\/wp-json\/wp\/v2\/media\/49807"}],"wp:attachment":[{"href":"https:\/\/buletin.de\/bucuresti\/wp-json\/wp\/v2\/media?parent=49806"}],"wp:term":[{"taxonomy":"category","embeddable":true,"href":"https:\/\/buletin.de\/bucuresti\/wp-json\/wp\/v2\/categories?post=49806"},{"taxonomy":"post_tag","embeddable":true,"href":"https:\/\/buletin.de\/bucuresti\/wp-json\/wp\/v2\/tags?post=49806"},{"taxonomy":"author","embeddable":true,"href":"https:\/\/buletin.de\/bucuresti\/wp-json\/wp\/v2\/ppma_author?post=49806"}],"curies":[{"name":"wp","href":"https:\/\/api.w.org\/{rel}","templated":true}]}}