{"id":49749,"date":"2022-12-13T19:33:30","date_gmt":"2022-12-13T17:33:30","guid":{"rendered":"https:\/\/buletin.de\/bucuresti\/?p=49749"},"modified":"2022-12-13T19:33:30","modified_gmt":"2022-12-13T17:33:30","slug":"autobuzele-246-si-408-revin-pe-traseele-normale","status":"publish","type":"post","link":"https:\/\/buletin.de\/bucuresti\/autobuzele-246-si-408-revin-pe-traseele-normale\/","title":{"rendered":"Autobuzele 246 \u0219i 408 revin pe traseele normale"},"content":{"rendered":"\n<p>\u00cencep\u00e2nd de miercuri, 14 decembrie, liniile de autobuz 246 \u0219i 408 vor reveni pe traseele anterioare instituirii acestora. Motivul este ridicarea restric\u0163iilor de circula\u0163ie pe breteaua DNCB \u2013 Autostrada A2, potrivit comunicatului transmis de Societatea de Transport Bucure\u0219ti.<\/p>\n\n\n\n<p>Astfel, autobuzele liniei 246 vor circula pe traseul urm\u0103tor:<\/p>\n\n\n\n<p>Pe sensul spre \u201ePantelimon\u201d: terminal \u201eMetrou Nicolae Teclu\u201d, Bd. Theodor Pallady, Autostrada A2, cu \u00eentoarcere la DNCB, Autostrada A2, Drumul \u020bntre Tarlale, \u015eos. G\u0103rii C\u0103\u0163elu, \u015eos. Pantelimon, terminal \u201ePantelimon\u201d;<\/p>\n\n\n\n<p>Pe sensul spre \u201eMetrou Nicolar Teclu\u201d: terminal \u201ePantelimon\u201d, \u015eos. Pantelimon, \u015eos. G\u0103rii C\u0103\u0163elu, Drumul \u00eentre Tarlale, bretea Bd. Theodor Pallady, Bd. Theodor Pallady, cu \u020bntoarcere la intersec\u021bia Bd. Theodor Pallady\/Str. Victor Brauner, terminal \u201eMetrou Nicolae Teclu\u201d.<\/p>\n\n\n\n<p>Autobuzele liniei 408 vor circula pe urm\u0103torul traseu:<\/p>\n\n\n\n<p>Pe sensul spre \u201eManolache\u201d: terminal \u201eMetrou Nicolae Teclu\u201d, Bd. Theodor Pallady, DNCB, Str. C\u0103minului, terminal \u201eManolache\u201d;<\/p>\n\n\n\n<p>Pe sensul spre \u201eMetrou Nicolae teclu\u201d: terminal \u201eManolache\u201d, Str. C\u0103minului, DNCB, Autostrada A2, Bd. Theodor Pallady, Bd. Theodor Pallady, cu \u020bntoarcere la intersec\u021bia Bd. Theodor Pallady\/Str. Victor Brauner, terminal \u201eMetrou Nicolae Teclu\u201d.<br><\/p>\n\n\n\n<p>Mai multe detalii pute\u021bi s\u0103 g\u0103si\u021bi pe site-ul STB SA <a href=\"https:\/\/stbsa.ro\/comunicat1?nrcom=1795&amp;fbclid=IwAR0YIp7ffnXTy9l9PAIcnn54lRWsslq57UzQNjR-FttGbkQ-f34BwoOtP4s\" target=\"_blank\" rel=\"noreferrer noopener\">https:\/\/stbsa.ro\/comunicat1?nrcom=1795<\/a>.<\/p>\n\n\n\n<p>Surs\u0103 foto: Pagina de Facebook Societatea de Transport Bucure\u0219ti-STB SA<\/p>\n","protected":false},"excerpt":{"rendered":"<p>\u00cencep\u00e2nd de miercuri, 14 decembrie, liniile de autobuz 246 \u0219i 408 vor reveni pe traseele anterioare instituirii acestora. Motivul este ridicarea restric\u0163iilor de circula\u0163ie pe breteaua DNCB \u2013 Autostrada A2, potrivit comunicatului transmis de Societatea de Transport Bucure\u0219ti. Astfel, autobuzele liniei 246 vor circula pe traseul urm\u0103tor: Pe sensul spre \u201ePantelimon\u201d: terminal \u201eMetrou Nicolae Teclu\u201d, [&hellip;]<\/p>\n","protected":false},"author":45,"featured_media":49750,"comment_status":"closed","ping_status":"open","sticky":false,"template":"","format":"standard","meta":{"_acf_changed":false,"inline_featured_image":false,"ngg_post_thumbnail":0,"footnotes":""},"categories":[62],"tags":[],"ppma_author":[22604],"class_list":["post-49749","post","type-post","status-publish","format-standard","has-post-thumbnail","hentry","category-stiri"],"acf":[],"yoast_head":"<!-- This site is optimized with the Yoast SEO Premium plugin v25.3 (Yoast SEO v27.4) - https:\/\/yoast.com\/product\/yoast-seo-premium-wordpress\/ -->\n<title>Autobuzele 246 \u0219i 408 revin pe traseele normale - Buletin de Bucure\u0219ti<\/title>\n<meta name=\"robots\" content=\"index, follow, max-snippet:-1, max-image-preview:large, max-video-preview:-1\" \/>\n<link rel=\"canonical\" href=\"https:\/\/buletin.de\/bucuresti\/autobuzele-246-si-408-revin-pe-traseele-normale\/\" \/>\n<meta property=\"og:locale\" content=\"en_GB\" \/>\n<meta property=\"og:type\" content=\"article\" \/>\n<meta property=\"og:title\" content=\"Autobuzele 246 \u0219i 408 revin pe traseele normale\" \/>\n<meta property=\"og:description\" content=\"\u00cencep\u00e2nd de miercuri, 14 decembrie, liniile de autobuz 246 \u0219i 408 vor reveni pe traseele anterioare instituirii acestora. Motivul este ridicarea restric\u0163iilor de circula\u0163ie pe breteaua DNCB \u2013 Autostrada A2, potrivit comunicatului transmis de Societatea de Transport Bucure\u0219ti. Astfel, autobuzele liniei 246 vor circula pe traseul urm\u0103tor: Pe sensul spre \u201ePantelimon\u201d: terminal \u201eMetrou Nicolae Teclu\u201d, [&hellip;]\" \/>\n<meta property=\"og:url\" content=\"https:\/\/buletin.de\/bucuresti\/autobuzele-246-si-408-revin-pe-traseele-normale\/\" \/>\n<meta property=\"og:site_name\" content=\"Buletin de Bucure\u0219ti\" \/>\n<meta property=\"article:publisher\" content=\"https:\/\/www.facebook.com\/buletin.de.buc\" \/>\n<meta property=\"article:published_time\" content=\"2022-12-13T17:33:30+00:00\" \/>\n<meta property=\"og:image\" content=\"https:\/\/buletin.de\/bucuresti\/wp-content\/uploads\/319518177_1283240225580760_3320043908860163685_n.jpg\" \/>\n\t<meta property=\"og:image:width\" content=\"1872\" \/>\n\t<meta property=\"og:image:height\" content=\"1049\" \/>\n\t<meta property=\"og:image:type\" content=\"image\/jpeg\" \/>\n<meta name=\"author\" content=\"Teodora \u0218uta\" \/>\n<meta name=\"twitter:card\" content=\"summary_large_image\" \/>\n<meta name=\"twitter:label1\" content=\"Written by\" \/>\n\t<meta name=\"twitter:data1\" content=\"Teodora \u0218uta\" \/>\n\t<meta name=\"twitter:label2\" content=\"Estimated reading time\" \/>\n\t<meta name=\"twitter:data2\" content=\"1 minute\" \/>\n<script type=\"application\/ld+json\" class=\"yoast-schema-graph\">{\"@context\":\"https:\\\/\\\/schema.org\",\"@graph\":[{\"@type\":\"Article\",\"@id\":\"https:\\\/\\\/buletin.de\\\/bucuresti\\\/autobuzele-246-si-408-revin-pe-traseele-normale\\\/#article\",\"isPartOf\":{\"@id\":\"https:\\\/\\\/buletin.de\\\/bucuresti\\\/autobuzele-246-si-408-revin-pe-traseele-normale\\\/\"},\"author\":{\"name\":\"Teodora \u0218uta\",\"@id\":\"https:\\\/\\\/buletin.de\\\/bucuresti\\\/#\\\/schema\\\/person\\\/5d54908fa90ab7ad3b2e88152efd6845\"},\"headline\":\"Autobuzele 246 \u0219i 408 revin pe traseele normale\",\"datePublished\":\"2022-12-13T17:33:30+00:00\",\"mainEntityOfPage\":{\"@id\":\"https:\\\/\\\/buletin.de\\\/bucuresti\\\/autobuzele-246-si-408-revin-pe-traseele-normale\\\/\"},\"wordCount\":213,\"publisher\":{\"@id\":\"https:\\\/\\\/buletin.de\\\/bucuresti\\\/#organization\"},\"image\":{\"@id\":\"https:\\\/\\\/buletin.de\\\/bucuresti\\\/autobuzele-246-si-408-revin-pe-traseele-normale\\\/#primaryimage\"},\"thumbnailUrl\":\"https:\\\/\\\/buletin.de\\\/bucuresti\\\/wp-content\\\/uploads\\\/319518177_1283240225580760_3320043908860163685_n.jpg\",\"articleSection\":[\"\u0218tiri\"],\"inLanguage\":\"en-GB\",\"copyrightYear\":\"2022\",\"copyrightHolder\":{\"@id\":\"https:\\\/\\\/buletin.de\\\/bucuresti\\\/#organization\"}},{\"@type\":\"WebPage\",\"@id\":\"https:\\\/\\\/buletin.de\\\/bucuresti\\\/autobuzele-246-si-408-revin-pe-traseele-normale\\\/\",\"url\":\"https:\\\/\\\/buletin.de\\\/bucuresti\\\/autobuzele-246-si-408-revin-pe-traseele-normale\\\/\",\"name\":\"Autobuzele 246 \u0219i 408 revin pe traseele normale - Buletin de Bucure\u0219ti\",\"isPartOf\":{\"@id\":\"https:\\\/\\\/buletin.de\\\/bucuresti\\\/#website\"},\"primaryImageOfPage\":{\"@id\":\"https:\\\/\\\/buletin.de\\\/bucuresti\\\/autobuzele-246-si-408-revin-pe-traseele-normale\\\/#primaryimage\"},\"image\":{\"@id\":\"https:\\\/\\\/buletin.de\\\/bucuresti\\\/autobuzele-246-si-408-revin-pe-traseele-normale\\\/#primaryimage\"},\"thumbnailUrl\":\"https:\\\/\\\/buletin.de\\\/bucuresti\\\/wp-content\\\/uploads\\\/319518177_1283240225580760_3320043908860163685_n.jpg\",\"datePublished\":\"2022-12-13T17:33:30+00:00\",\"breadcrumb\":{\"@id\":\"https:\\\/\\\/buletin.de\\\/bucuresti\\\/autobuzele-246-si-408-revin-pe-traseele-normale\\\/#breadcrumb\"},\"inLanguage\":\"en-GB\",\"potentialAction\":[{\"@type\":\"ReadAction\",\"target\":[\"https:\\\/\\\/buletin.de\\\/bucuresti\\\/autobuzele-246-si-408-revin-pe-traseele-normale\\\/\"]}]},{\"@type\":\"ImageObject\",\"inLanguage\":\"en-GB\",\"@id\":\"https:\\\/\\\/buletin.de\\\/bucuresti\\\/autobuzele-246-si-408-revin-pe-traseele-normale\\\/#primaryimage\",\"url\":\"https:\\\/\\\/buletin.de\\\/bucuresti\\\/wp-content\\\/uploads\\\/319518177_1283240225580760_3320043908860163685_n.jpg\",\"contentUrl\":\"https:\\\/\\\/buletin.de\\\/bucuresti\\\/wp-content\\\/uploads\\\/319518177_1283240225580760_3320043908860163685_n.jpg\",\"width\":1872,\"height\":1049},{\"@type\":\"BreadcrumbList\",\"@id\":\"https:\\\/\\\/buletin.de\\\/bucuresti\\\/autobuzele-246-si-408-revin-pe-traseele-normale\\\/#breadcrumb\",\"itemListElement\":[{\"@type\":\"ListItem\",\"position\":1,\"name\":\"Acas\u0103\",\"item\":\"https:\\\/\\\/buletin.de\\\/bucuresti\\\/\"},{\"@type\":\"ListItem\",\"position\":2,\"name\":\"Autobuzele 246 \u0219i 408 revin pe traseele normale\"}]},{\"@type\":\"WebSite\",\"@id\":\"https:\\\/\\\/buletin.de\\\/bucuresti\\\/#website\",\"url\":\"https:\\\/\\\/buletin.de\\\/bucuresti\\\/\",\"name\":\"Buletin de Bucure\u0219ti\",\"description\":\"\u0218tiri \u0219i investiga\u021bii esen\u021biale din capital\u0103\",\"publisher\":{\"@id\":\"https:\\\/\\\/buletin.de\\\/bucuresti\\\/#organization\"},\"potentialAction\":[{\"@type\":\"SearchAction\",\"target\":{\"@type\":\"EntryPoint\",\"urlTemplate\":\"https:\\\/\\\/buletin.de\\\/bucuresti\\\/?s={search_term_string}\"},\"query-input\":{\"@type\":\"PropertyValueSpecification\",\"valueRequired\":true,\"valueName\":\"search_term_string\"}}],\"inLanguage\":\"en-GB\"},{\"@type\":\"Organization\",\"@id\":\"https:\\\/\\\/buletin.de\\\/bucuresti\\\/#organization\",\"name\":\"Buletin de Bucure\u0219ti\",\"url\":\"https:\\\/\\\/buletin.de\\\/bucuresti\\\/\",\"logo\":{\"@type\":\"ImageObject\",\"inLanguage\":\"en-GB\",\"@id\":\"https:\\\/\\\/buletin.de\\\/bucuresti\\\/#\\\/schema\\\/logo\\\/image\\\/\",\"url\":\"https:\\\/\\\/buletin.de\\\/bucuresti\\\/wp-content\\\/uploads\\\/logo-bdb-full-wide-vernil-transparent.png\",\"contentUrl\":\"https:\\\/\\\/buletin.de\\\/bucuresti\\\/wp-content\\\/uploads\\\/logo-bdb-full-wide-vernil-transparent.png\",\"width\":1782,\"height\":626,\"caption\":\"Buletin de Bucure\u0219ti\"},\"image\":{\"@id\":\"https:\\\/\\\/buletin.de\\\/bucuresti\\\/#\\\/schema\\\/logo\\\/image\\\/\"},\"sameAs\":[\"https:\\\/\\\/www.facebook.com\\\/buletin.de.buc\",\"https:\\\/\\\/www.instagram.com\\\/buletinde.bucuresti\\\/\"]},{\"@type\":\"Person\",\"@id\":\"https:\\\/\\\/buletin.de\\\/bucuresti\\\/#\\\/schema\\\/person\\\/5d54908fa90ab7ad3b2e88152efd6845\",\"name\":\"Teodora \u0218uta\",\"image\":{\"@type\":\"ImageObject\",\"inLanguage\":\"en-GB\",\"@id\":\"https:\\\/\\\/secure.gravatar.com\\\/avatar\\\/0c709226af9845d97b126aa0aa80ab42778847ec3d11d741016b74a61174088d?s=96&d=monsterid&r=gf2e0c6a01d766272c6fa8af9e494be28\",\"url\":\"https:\\\/\\\/secure.gravatar.com\\\/avatar\\\/0c709226af9845d97b126aa0aa80ab42778847ec3d11d741016b74a61174088d?s=96&d=monsterid&r=g\",\"contentUrl\":\"https:\\\/\\\/secure.gravatar.com\\\/avatar\\\/0c709226af9845d97b126aa0aa80ab42778847ec3d11d741016b74a61174088d?s=96&d=monsterid&r=g\",\"caption\":\"Teodora \u0218uta\"},\"url\":\"https:\\\/\\\/buletin.de\\\/bucuresti\\\/author\\\/mariasuta\\\/\"}]}<\/script>\n<!-- \/ Yoast SEO Premium plugin. -->","yoast_head_json":{"title":"Autobuzele 246 \u0219i 408 revin pe traseele normale - Buletin de Bucure\u0219ti","robots":{"index":"index","follow":"follow","max-snippet":"max-snippet:-1","max-image-preview":"max-image-preview:large","max-video-preview":"max-video-preview:-1"},"canonical":"https:\/\/buletin.de\/bucuresti\/autobuzele-246-si-408-revin-pe-traseele-normale\/","og_locale":"en_GB","og_type":"article","og_title":"Autobuzele 246 \u0219i 408 revin pe traseele normale","og_description":"\u00cencep\u00e2nd de miercuri, 14 decembrie, liniile de autobuz 246 \u0219i 408 vor reveni pe traseele anterioare instituirii acestora. Motivul este ridicarea restric\u0163iilor de circula\u0163ie pe breteaua DNCB \u2013 Autostrada A2, potrivit comunicatului transmis de Societatea de Transport Bucure\u0219ti. Astfel, autobuzele liniei 246 vor circula pe traseul urm\u0103tor: Pe sensul spre \u201ePantelimon\u201d: terminal \u201eMetrou Nicolae Teclu\u201d, [&hellip;]","og_url":"https:\/\/buletin.de\/bucuresti\/autobuzele-246-si-408-revin-pe-traseele-normale\/","og_site_name":"Buletin de Bucure\u0219ti","article_publisher":"https:\/\/www.facebook.com\/buletin.de.buc","article_published_time":"2022-12-13T17:33:30+00:00","og_image":[{"width":1872,"height":1049,"url":"https:\/\/buletin.de\/bucuresti\/wp-content\/uploads\/319518177_1283240225580760_3320043908860163685_n.jpg","type":"image\/jpeg"}],"author":"Teodora \u0218uta","twitter_card":"summary_large_image","twitter_misc":{"Written by":"Teodora \u0218uta","Estimated reading time":"1 minute"},"schema":{"@context":"https:\/\/schema.org","@graph":[{"@type":"Article","@id":"https:\/\/buletin.de\/bucuresti\/autobuzele-246-si-408-revin-pe-traseele-normale\/#article","isPartOf":{"@id":"https:\/\/buletin.de\/bucuresti\/autobuzele-246-si-408-revin-pe-traseele-normale\/"},"author":{"name":"Teodora \u0218uta","@id":"https:\/\/buletin.de\/bucuresti\/#\/schema\/person\/5d54908fa90ab7ad3b2e88152efd6845"},"headline":"Autobuzele 246 \u0219i 408 revin pe traseele normale","datePublished":"2022-12-13T17:33:30+00:00","mainEntityOfPage":{"@id":"https:\/\/buletin.de\/bucuresti\/autobuzele-246-si-408-revin-pe-traseele-normale\/"},"wordCount":213,"publisher":{"@id":"https:\/\/buletin.de\/bucuresti\/#organization"},"image":{"@id":"https:\/\/buletin.de\/bucuresti\/autobuzele-246-si-408-revin-pe-traseele-normale\/#primaryimage"},"thumbnailUrl":"https:\/\/buletin.de\/bucuresti\/wp-content\/uploads\/319518177_1283240225580760_3320043908860163685_n.jpg","articleSection":["\u0218tiri"],"inLanguage":"en-GB","copyrightYear":"2022","copyrightHolder":{"@id":"https:\/\/buletin.de\/bucuresti\/#organization"}},{"@type":"WebPage","@id":"https:\/\/buletin.de\/bucuresti\/autobuzele-246-si-408-revin-pe-traseele-normale\/","url":"https:\/\/buletin.de\/bucuresti\/autobuzele-246-si-408-revin-pe-traseele-normale\/","name":"Autobuzele 246 \u0219i 408 revin pe traseele normale - Buletin de Bucure\u0219ti","isPartOf":{"@id":"https:\/\/buletin.de\/bucuresti\/#website"},"primaryImageOfPage":{"@id":"https:\/\/buletin.de\/bucuresti\/autobuzele-246-si-408-revin-pe-traseele-normale\/#primaryimage"},"image":{"@id":"https:\/\/buletin.de\/bucuresti\/autobuzele-246-si-408-revin-pe-traseele-normale\/#primaryimage"},"thumbnailUrl":"https:\/\/buletin.de\/bucuresti\/wp-content\/uploads\/319518177_1283240225580760_3320043908860163685_n.jpg","datePublished":"2022-12-13T17:33:30+00:00","breadcrumb":{"@id":"https:\/\/buletin.de\/bucuresti\/autobuzele-246-si-408-revin-pe-traseele-normale\/#breadcrumb"},"inLanguage":"en-GB","potentialAction":[{"@type":"ReadAction","target":["https:\/\/buletin.de\/bucuresti\/autobuzele-246-si-408-revin-pe-traseele-normale\/"]}]},{"@type":"ImageObject","inLanguage":"en-GB","@id":"https:\/\/buletin.de\/bucuresti\/autobuzele-246-si-408-revin-pe-traseele-normale\/#primaryimage","url":"https:\/\/buletin.de\/bucuresti\/wp-content\/uploads\/319518177_1283240225580760_3320043908860163685_n.jpg","contentUrl":"https:\/\/buletin.de\/bucuresti\/wp-content\/uploads\/319518177_1283240225580760_3320043908860163685_n.jpg","width":1872,"height":1049},{"@type":"BreadcrumbList","@id":"https:\/\/buletin.de\/bucuresti\/autobuzele-246-si-408-revin-pe-traseele-normale\/#breadcrumb","itemListElement":[{"@type":"ListItem","position":1,"name":"Acas\u0103","item":"https:\/\/buletin.de\/bucuresti\/"},{"@type":"ListItem","position":2,"name":"Autobuzele 246 \u0219i 408 revin pe traseele normale"}]},{"@type":"WebSite","@id":"https:\/\/buletin.de\/bucuresti\/#website","url":"https:\/\/buletin.de\/bucuresti\/","name":"Buletin de Bucure\u0219ti","description":"\u0218tiri \u0219i investiga\u021bii esen\u021biale din capital\u0103","publisher":{"@id":"https:\/\/buletin.de\/bucuresti\/#organization"},"potentialAction":[{"@type":"SearchAction","target":{"@type":"EntryPoint","urlTemplate":"https:\/\/buletin.de\/bucuresti\/?s={search_term_string}"},"query-input":{"@type":"PropertyValueSpecification","valueRequired":true,"valueName":"search_term_string"}}],"inLanguage":"en-GB"},{"@type":"Organization","@id":"https:\/\/buletin.de\/bucuresti\/#organization","name":"Buletin de Bucure\u0219ti","url":"https:\/\/buletin.de\/bucuresti\/","logo":{"@type":"ImageObject","inLanguage":"en-GB","@id":"https:\/\/buletin.de\/bucuresti\/#\/schema\/logo\/image\/","url":"https:\/\/buletin.de\/bucuresti\/wp-content\/uploads\/logo-bdb-full-wide-vernil-transparent.png","contentUrl":"https:\/\/buletin.de\/bucuresti\/wp-content\/uploads\/logo-bdb-full-wide-vernil-transparent.png","width":1782,"height":626,"caption":"Buletin de Bucure\u0219ti"},"image":{"@id":"https:\/\/buletin.de\/bucuresti\/#\/schema\/logo\/image\/"},"sameAs":["https:\/\/www.facebook.com\/buletin.de.buc","https:\/\/www.instagram.com\/buletinde.bucuresti\/"]},{"@type":"Person","@id":"https:\/\/buletin.de\/bucuresti\/#\/schema\/person\/5d54908fa90ab7ad3b2e88152efd6845","name":"Teodora \u0218uta","image":{"@type":"ImageObject","inLanguage":"en-GB","@id":"https:\/\/secure.gravatar.com\/avatar\/0c709226af9845d97b126aa0aa80ab42778847ec3d11d741016b74a61174088d?s=96&d=monsterid&r=gf2e0c6a01d766272c6fa8af9e494be28","url":"https:\/\/secure.gravatar.com\/avatar\/0c709226af9845d97b126aa0aa80ab42778847ec3d11d741016b74a61174088d?s=96&d=monsterid&r=g","contentUrl":"https:\/\/secure.gravatar.com\/avatar\/0c709226af9845d97b126aa0aa80ab42778847ec3d11d741016b74a61174088d?s=96&d=monsterid&r=g","caption":"Teodora \u0218uta"},"url":"https:\/\/buletin.de\/bucuresti\/author\/mariasuta\/"}]}},"authors":[{"term_id":22604,"user_id":45,"is_guest":0,"slug":"mariasuta","display_name":"Teodora \u0218uta","avatar_url":"https:\/\/secure.gravatar.com\/avatar\/0c709226af9845d97b126aa0aa80ab42778847ec3d11d741016b74a61174088d?s=96&d=monsterid&r=g","0":null,"1":"","2":"","3":"","4":"","5":"","6":"","7":"","8":""}],"_links":{"self":[{"href":"https:\/\/buletin.de\/bucuresti\/wp-json\/wp\/v2\/posts\/49749","targetHints":{"allow":["GET"]}}],"collection":[{"href":"https:\/\/buletin.de\/bucuresti\/wp-json\/wp\/v2\/posts"}],"about":[{"href":"https:\/\/buletin.de\/bucuresti\/wp-json\/wp\/v2\/types\/post"}],"author":[{"embeddable":true,"href":"https:\/\/buletin.de\/bucuresti\/wp-json\/wp\/v2\/users\/45"}],"replies":[{"embeddable":true,"href":"https:\/\/buletin.de\/bucuresti\/wp-json\/wp\/v2\/comments?post=49749"}],"version-history":[{"count":3,"href":"https:\/\/buletin.de\/bucuresti\/wp-json\/wp\/v2\/posts\/49749\/revisions"}],"predecessor-version":[{"id":49754,"href":"https:\/\/buletin.de\/bucuresti\/wp-json\/wp\/v2\/posts\/49749\/revisions\/49754"}],"wp:featuredmedia":[{"embeddable":true,"href":"https:\/\/buletin.de\/bucuresti\/wp-json\/wp\/v2\/media\/49750"}],"wp:attachment":[{"href":"https:\/\/buletin.de\/bucuresti\/wp-json\/wp\/v2\/media?parent=49749"}],"wp:term":[{"taxonomy":"category","embeddable":true,"href":"https:\/\/buletin.de\/bucuresti\/wp-json\/wp\/v2\/categories?post=49749"},{"taxonomy":"post_tag","embeddable":true,"href":"https:\/\/buletin.de\/bucuresti\/wp-json\/wp\/v2\/tags?post=49749"},{"taxonomy":"author","embeddable":true,"href":"https:\/\/buletin.de\/bucuresti\/wp-json\/wp\/v2\/ppma_author?post=49749"}],"curies":[{"name":"wp","href":"https:\/\/api.w.org\/{rel}","templated":true}]}}