{"id":49728,"date":"2022-12-13T16:59:04","date_gmt":"2022-12-13T14:59:04","guid":{"rendered":"https:\/\/buletin.de\/bucuresti\/?p=49728"},"modified":"2022-12-13T16:59:05","modified_gmt":"2022-12-13T14:59:05","slug":"sector-2-50-sanctiuni-contraventionale-intr-o-singura-seara-pentru-parcare-neregulamentara","status":"publish","type":"post","link":"https:\/\/buletin.de\/bucuresti\/sector-2-50-sanctiuni-contraventionale-intr-o-singura-seara-pentru-parcare-neregulamentara\/","title":{"rendered":"Sector 2 | 50 sanc\u021biuni contraven\u021bionale \u00eentr-o singur\u0103 sear\u0103, pentru parcare neregulamentar\u0103"},"content":{"rendered":"\n<p>O nou\u0103 modificare a Codului Rutier faciliteaz\u0103 sanc\u021bionarea \u0219oferilor care parcheaz\u0103 neregulamentar. Ieri sear\u0103 au fost emise 50 de sanc\u021biuni contraven\u021bionale, dintre care 6 amenzi \u00een valoare total\u0103 de 1.080 lei, \u00een urma unor controale ale poli\u021bi\u0219tilor locali Sector 2.<\/p>\n\n\n\n<p>\u00cenainte de \u00eenceperea controalelor din data de 12 decembrie, primarul Sectorului 2 a dat de \u00een\u021beles c\u0103 acesta nu va fi dec\u00e2t \u00eenceputul unei misiuni de eliberare a trotuarelor, post\u00e2nd o singur\u0103 propozi\u021bie pe pagina sa de Facebook: \u201e<em>De asta sear\u0103 \u00eencep amenzile.\u201d<\/em><\/p>\n\n\n\n<figure class=\"wp-block-image size-large\"><img fetchpriority=\"high\" decoding=\"async\" width=\"900\" height=\"599\" src=\"data:image\/gif;base64,R0lGODlhAQABAAAAACH5BAEKAAEALAAAAAABAAEAAAICTAEAOw==\" data-src=\"https:\/\/buletin.de\/bucuresti\/wp-content\/uploads\/WhatsApp-Image-2022-12-13-at-15.55.211-900x599.jpeg\" alt=\"\" class=\"wp-image-49730 lazyload\" data-sizes=\"auto\" data-srcset=\"https:\/\/buletin.de\/bucuresti\/wp-content\/uploads\/WhatsApp-Image-2022-12-13-at-15.55.211-900x599.jpeg 900w, https:\/\/buletin.de\/bucuresti\/wp-content\/uploads\/WhatsApp-Image-2022-12-13-at-15.55.211-300x200.jpeg 300w, https:\/\/buletin.de\/bucuresti\/wp-content\/uploads\/WhatsApp-Image-2022-12-13-at-15.55.211-768x512.jpeg 768w, https:\/\/buletin.de\/bucuresti\/wp-content\/uploads\/WhatsApp-Image-2022-12-13-at-15.55.211-550x366.jpeg 550w, https:\/\/buletin.de\/bucuresti\/wp-content\/uploads\/WhatsApp-Image-2022-12-13-at-15.55.211-751x500.jpeg 751w, https:\/\/buletin.de\/bucuresti\/wp-content\/uploads\/WhatsApp-Image-2022-12-13-at-15.55.211-600x400.jpeg 600w, https:\/\/buletin.de\/bucuresti\/wp-content\/uploads\/WhatsApp-Image-2022-12-13-at-15.55.211.jpeg 1024w\" sizes=\"(max-width: 900px) 100vw, 900px\" \/><figcaption>surs\u0103: Prim\u0103ria Sector 2<\/figcaption><\/figure>\n\n\n\n<p>Controalele au avut loc \u00een preajma sta\u021biilor STB de pe \u0218oselele Pantelimon \u0219i Colentina \u0219i Bulevardul Chi\u0219in\u0103u. Sta\u021biile transportului \u00een comun, trecerile de pietoni \u0219i trotuarele din apropierea \u0219colilor \u0219i spitalelor sunt primele locuri pe care Prim\u0103ria sectorului 2 dore\u0219te s\u0103 le elibereze de ma\u0219inile parcate ilegal, conform unei post\u0103ri pe Facebook a primarului Radu Mihaiu.&nbsp;<\/p>\n\n\n\n<blockquote class=\"wp-block-quote is-layout-flow wp-block-quote-is-layout-flow\"><p>\u201eA intrat \u00een vigoare legea care permite Poli\u021biei Locale s\u0103 cheme proprietarii ma\u0219inilor parcate ilegal pentru a declara cine a condus. Practic aceast\u0103 lege ne permite s\u0103 identific\u0103m \u0219oferii care nu se g\u00e2ndesc la cei din jur. \u0218i astfel s\u0103 \u00eei amend\u0103m.\u201d <\/p><cite>Radu Mihaiu, pe pagina sa de Facebook.<\/cite><\/blockquote>\n\n\n\n<div class=\"wp-block-coblocks-alert\" aria-label=\"Alert section\"><p class=\"wp-block-coblocks-alert__title\">Modificarea Codului rutier (OUG 195\/2002) prevede c\u0103<\/p><p class=\"wp-block-coblocks-alert__text\"><em>\u201eLa solicitarea poli\u0163iei<\/em> <em>rutiere sau a poli\u0163iei locale, proprietarul sau de\u0163in\u0103torul mandatat al unui vehicul este<\/em> <em>obligat s\u0103 comunice acesteia, \u00een termenul indicat \u00een cuprinsul solicit\u0103rii, datele de<\/em> <em>identificare ale persoanei c\u0103reia i-a \u00eencredin\u0163at vehiculul pentru a-l conduce pe drumurile<\/em> <em>publice\u201d, <\/em>conform unui comunicat de pres\u0103 al Prim\u0103riei Sectorului 2.<\/p><\/div>\n\n\n\n<p><\/p>\n\n\n\n<p>Astfel, pe parbrizul ma\u0219inii parcate necorespunz\u0103tor va fi l\u0103sat\u0103 o nota de constatare prin care proprietarul vehiculului va fi obligat s\u0103 comunice Poli\u021biei Locale cine este \u0219oferul care a parcat necorespunz\u0103tor ma\u0219ina. Nota de constatare se va transforma \u00een amend\u0103 pe numele \u0219oferului.&nbsp;<\/p>\n\n\n\n<p>\u00cen cazul \u00een care conduc\u0103torii auto refuz\u0103 cooperarea \u0219i nu r\u0103spund notei de constatare cu informa\u021biile cerute, ace\u0219tia vor fi sanc\u021biona\u021bi pentru necomunicare de date. Persoanele fizice risc\u0103 \u00eentre 9 \u015fi 20 de puncte de amend\u0103, iar persoanele juridice \u00eentre 21 \u015fi 100 de puncte amend\u0103. Av\u00e2nd \u00een vedere c\u0103 un punct de amend\u0103 este de 145 de lei, amenzile se \u00eencadreaz\u0103 \u00eentre 1.300 \u0219i 2.900 lei pentru prima categorie \u0219i 3.000 \u0219i 14.500 lei pentru cea de-a doua.&nbsp;<\/p>\n\n\n\n<p><\/p>\n\n\n\n<p>Surs\u0103 fotografie: Prim\u0103ria Sector 2<\/p>\n","protected":false},"excerpt":{"rendered":"<p>O nou\u0103 modificare a Codului Rutier faciliteaz\u0103 sanc\u021bionarea \u0219oferilor care parcheaz\u0103 neregulamentar. Ieri sear\u0103 au fost emise 50 de sanc\u021biuni contraven\u021bionale, dintre care 6 amenzi \u00een valoare total\u0103 de 1.080 lei, \u00een urma unor controale ale poli\u021bi\u0219tilor locali Sector 2. \u00cenainte de \u00eenceperea controalelor din data de 12 decembrie, primarul Sectorului 2 a dat de [&hellip;]<\/p>\n","protected":false},"author":47,"featured_media":49731,"comment_status":"closed","ping_status":"open","sticky":false,"template":"","format":"standard","meta":{"_acf_changed":false,"inline_featured_image":false,"ngg_post_thumbnail":0,"footnotes":""},"categories":[62],"tags":[],"ppma_author":[22580],"class_list":["post-49728","post","type-post","status-publish","format-standard","has-post-thumbnail","hentry","category-stiri"],"acf":[],"yoast_head":"<!-- This site is optimized with the Yoast SEO Premium plugin v25.3 (Yoast SEO v27.4) - https:\/\/yoast.com\/product\/yoast-seo-premium-wordpress\/ -->\n<title>Sector 2 | 50 sanc\u021biuni contraven\u021bionale \u00eentr-o singur\u0103 sear\u0103, pentru parcare neregulamentar\u0103 - Buletin de Bucure\u0219ti<\/title>\n<meta name=\"robots\" content=\"index, follow, max-snippet:-1, max-image-preview:large, max-video-preview:-1\" \/>\n<link rel=\"canonical\" href=\"https:\/\/buletin.de\/bucuresti\/sector-2-50-sanctiuni-contraventionale-intr-o-singura-seara-pentru-parcare-neregulamentara\/\" \/>\n<meta property=\"og:locale\" content=\"en_GB\" \/>\n<meta property=\"og:type\" content=\"article\" \/>\n<meta property=\"og:title\" content=\"Sector 2 | 50 sanc\u021biuni contraven\u021bionale \u00eentr-o singur\u0103 sear\u0103, pentru parcare neregulamentar\u0103\" \/>\n<meta property=\"og:description\" content=\"O nou\u0103 modificare a Codului Rutier faciliteaz\u0103 sanc\u021bionarea \u0219oferilor care parcheaz\u0103 neregulamentar. Ieri sear\u0103 au fost emise 50 de sanc\u021biuni contraven\u021bionale, dintre care 6 amenzi \u00een valoare total\u0103 de 1.080 lei, \u00een urma unor controale ale poli\u021bi\u0219tilor locali Sector 2. \u00cenainte de \u00eenceperea controalelor din data de 12 decembrie, primarul Sectorului 2 a dat de [&hellip;]\" \/>\n<meta property=\"og:url\" content=\"https:\/\/buletin.de\/bucuresti\/sector-2-50-sanctiuni-contraventionale-intr-o-singura-seara-pentru-parcare-neregulamentara\/\" \/>\n<meta property=\"og:site_name\" content=\"Buletin de Bucure\u0219ti\" \/>\n<meta property=\"article:publisher\" content=\"https:\/\/www.facebook.com\/buletin.de.buc\" \/>\n<meta property=\"article:published_time\" content=\"2022-12-13T14:59:04+00:00\" \/>\n<meta property=\"article:modified_time\" content=\"2022-12-13T14:59:05+00:00\" \/>\n<meta property=\"og:image\" content=\"https:\/\/buletin.de\/bucuresti\/wp-content\/uploads\/WhatsApp-Image-2022-12-13-at-15.55.23.jpeg\" \/>\n\t<meta property=\"og:image:width\" content=\"1024\" \/>\n\t<meta property=\"og:image:height\" content=\"682\" \/>\n\t<meta property=\"og:image:type\" content=\"image\/jpeg\" \/>\n<meta name=\"author\" content=\"Adina C\u0103p\u00eelnean\" \/>\n<meta name=\"twitter:card\" content=\"summary_large_image\" \/>\n<meta name=\"twitter:label1\" content=\"Written by\" \/>\n\t<meta name=\"twitter:data1\" content=\"Adina C\u0103p\u00eelnean\" \/>\n\t<meta name=\"twitter:label2\" content=\"Estimated reading time\" \/>\n\t<meta name=\"twitter:data2\" content=\"2 minutes\" \/>\n<script type=\"application\/ld+json\" class=\"yoast-schema-graph\">{\"@context\":\"https:\\\/\\\/schema.org\",\"@graph\":[{\"@type\":\"Article\",\"@id\":\"https:\\\/\\\/buletin.de\\\/bucuresti\\\/sector-2-50-sanctiuni-contraventionale-intr-o-singura-seara-pentru-parcare-neregulamentara\\\/#article\",\"isPartOf\":{\"@id\":\"https:\\\/\\\/buletin.de\\\/bucuresti\\\/sector-2-50-sanctiuni-contraventionale-intr-o-singura-seara-pentru-parcare-neregulamentara\\\/\"},\"author\":{\"name\":\"Adina C\u0103p\u00eelnean\",\"@id\":\"https:\\\/\\\/buletin.de\\\/bucuresti\\\/#\\\/schema\\\/person\\\/ab174cf6711728e4ee83d672acf9a912\"},\"headline\":\"Sector 2 | 50 sanc\u021biuni contraven\u021bionale \u00eentr-o singur\u0103 sear\u0103, pentru parcare neregulamentar\u0103\",\"datePublished\":\"2022-12-13T14:59:04+00:00\",\"dateModified\":\"2022-12-13T14:59:05+00:00\",\"mainEntityOfPage\":{\"@id\":\"https:\\\/\\\/buletin.de\\\/bucuresti\\\/sector-2-50-sanctiuni-contraventionale-intr-o-singura-seara-pentru-parcare-neregulamentara\\\/\"},\"wordCount\":415,\"publisher\":{\"@id\":\"https:\\\/\\\/buletin.de\\\/bucuresti\\\/#organization\"},\"image\":{\"@id\":\"https:\\\/\\\/buletin.de\\\/bucuresti\\\/sector-2-50-sanctiuni-contraventionale-intr-o-singura-seara-pentru-parcare-neregulamentara\\\/#primaryimage\"},\"thumbnailUrl\":\"https:\\\/\\\/buletin.de\\\/bucuresti\\\/wp-content\\\/uploads\\\/WhatsApp-Image-2022-12-13-at-15.55.23.jpeg\",\"articleSection\":[\"\u0218tiri\"],\"inLanguage\":\"en-GB\",\"copyrightYear\":\"2022\",\"copyrightHolder\":{\"@id\":\"https:\\\/\\\/buletin.de\\\/bucuresti\\\/#organization\"}},{\"@type\":\"WebPage\",\"@id\":\"https:\\\/\\\/buletin.de\\\/bucuresti\\\/sector-2-50-sanctiuni-contraventionale-intr-o-singura-seara-pentru-parcare-neregulamentara\\\/\",\"url\":\"https:\\\/\\\/buletin.de\\\/bucuresti\\\/sector-2-50-sanctiuni-contraventionale-intr-o-singura-seara-pentru-parcare-neregulamentara\\\/\",\"name\":\"Sector 2 | 50 sanc\u021biuni contraven\u021bionale \u00eentr-o singur\u0103 sear\u0103, pentru parcare neregulamentar\u0103 - Buletin de Bucure\u0219ti\",\"isPartOf\":{\"@id\":\"https:\\\/\\\/buletin.de\\\/bucuresti\\\/#website\"},\"primaryImageOfPage\":{\"@id\":\"https:\\\/\\\/buletin.de\\\/bucuresti\\\/sector-2-50-sanctiuni-contraventionale-intr-o-singura-seara-pentru-parcare-neregulamentara\\\/#primaryimage\"},\"image\":{\"@id\":\"https:\\\/\\\/buletin.de\\\/bucuresti\\\/sector-2-50-sanctiuni-contraventionale-intr-o-singura-seara-pentru-parcare-neregulamentara\\\/#primaryimage\"},\"thumbnailUrl\":\"https:\\\/\\\/buletin.de\\\/bucuresti\\\/wp-content\\\/uploads\\\/WhatsApp-Image-2022-12-13-at-15.55.23.jpeg\",\"datePublished\":\"2022-12-13T14:59:04+00:00\",\"dateModified\":\"2022-12-13T14:59:05+00:00\",\"breadcrumb\":{\"@id\":\"https:\\\/\\\/buletin.de\\\/bucuresti\\\/sector-2-50-sanctiuni-contraventionale-intr-o-singura-seara-pentru-parcare-neregulamentara\\\/#breadcrumb\"},\"inLanguage\":\"en-GB\",\"potentialAction\":[{\"@type\":\"ReadAction\",\"target\":[\"https:\\\/\\\/buletin.de\\\/bucuresti\\\/sector-2-50-sanctiuni-contraventionale-intr-o-singura-seara-pentru-parcare-neregulamentara\\\/\"]}]},{\"@type\":\"ImageObject\",\"inLanguage\":\"en-GB\",\"@id\":\"https:\\\/\\\/buletin.de\\\/bucuresti\\\/sector-2-50-sanctiuni-contraventionale-intr-o-singura-seara-pentru-parcare-neregulamentara\\\/#primaryimage\",\"url\":\"https:\\\/\\\/buletin.de\\\/bucuresti\\\/wp-content\\\/uploads\\\/WhatsApp-Image-2022-12-13-at-15.55.23.jpeg\",\"contentUrl\":\"https:\\\/\\\/buletin.de\\\/bucuresti\\\/wp-content\\\/uploads\\\/WhatsApp-Image-2022-12-13-at-15.55.23.jpeg\",\"width\":1024,\"height\":682,\"caption\":\"Pentru ce sunt amendate Prim\u0103riile din Bucure\u0219ti. 150.000 de lei, cea mai mare sanc\u021biune\"},{\"@type\":\"BreadcrumbList\",\"@id\":\"https:\\\/\\\/buletin.de\\\/bucuresti\\\/sector-2-50-sanctiuni-contraventionale-intr-o-singura-seara-pentru-parcare-neregulamentara\\\/#breadcrumb\",\"itemListElement\":[{\"@type\":\"ListItem\",\"position\":1,\"name\":\"Acas\u0103\",\"item\":\"https:\\\/\\\/buletin.de\\\/bucuresti\\\/\"},{\"@type\":\"ListItem\",\"position\":2,\"name\":\"Sector 2 | 50 sanc\u021biuni contraven\u021bionale \u00eentr-o singur\u0103 sear\u0103, pentru parcare neregulamentar\u0103\"}]},{\"@type\":\"WebSite\",\"@id\":\"https:\\\/\\\/buletin.de\\\/bucuresti\\\/#website\",\"url\":\"https:\\\/\\\/buletin.de\\\/bucuresti\\\/\",\"name\":\"Buletin de Bucure\u0219ti\",\"description\":\"\u0218tiri \u0219i investiga\u021bii esen\u021biale din capital\u0103\",\"publisher\":{\"@id\":\"https:\\\/\\\/buletin.de\\\/bucuresti\\\/#organization\"},\"potentialAction\":[{\"@type\":\"SearchAction\",\"target\":{\"@type\":\"EntryPoint\",\"urlTemplate\":\"https:\\\/\\\/buletin.de\\\/bucuresti\\\/?s={search_term_string}\"},\"query-input\":{\"@type\":\"PropertyValueSpecification\",\"valueRequired\":true,\"valueName\":\"search_term_string\"}}],\"inLanguage\":\"en-GB\"},{\"@type\":\"Organization\",\"@id\":\"https:\\\/\\\/buletin.de\\\/bucuresti\\\/#organization\",\"name\":\"Buletin de Bucure\u0219ti\",\"url\":\"https:\\\/\\\/buletin.de\\\/bucuresti\\\/\",\"logo\":{\"@type\":\"ImageObject\",\"inLanguage\":\"en-GB\",\"@id\":\"https:\\\/\\\/buletin.de\\\/bucuresti\\\/#\\\/schema\\\/logo\\\/image\\\/\",\"url\":\"https:\\\/\\\/buletin.de\\\/bucuresti\\\/wp-content\\\/uploads\\\/logo-bdb-full-wide-vernil-transparent.png\",\"contentUrl\":\"https:\\\/\\\/buletin.de\\\/bucuresti\\\/wp-content\\\/uploads\\\/logo-bdb-full-wide-vernil-transparent.png\",\"width\":1782,\"height\":626,\"caption\":\"Buletin de Bucure\u0219ti\"},\"image\":{\"@id\":\"https:\\\/\\\/buletin.de\\\/bucuresti\\\/#\\\/schema\\\/logo\\\/image\\\/\"},\"sameAs\":[\"https:\\\/\\\/www.facebook.com\\\/buletin.de.buc\",\"https:\\\/\\\/www.instagram.com\\\/buletinde.bucuresti\\\/\"]},{\"@type\":\"Person\",\"@id\":\"https:\\\/\\\/buletin.de\\\/bucuresti\\\/#\\\/schema\\\/person\\\/ab174cf6711728e4ee83d672acf9a912\",\"name\":\"Adina C\u0103p\u00eelnean\",\"image\":{\"@type\":\"ImageObject\",\"inLanguage\":\"en-GB\",\"@id\":\"https:\\\/\\\/secure.gravatar.com\\\/avatar\\\/4fe9675d6282fd7c1aa4e486a037d532d5728fc16a30360f293eb6126b2e73ad?s=96&d=monsterid&r=ge2b23868508aec3460d3c6a11d3b599a\",\"url\":\"https:\\\/\\\/secure.gravatar.com\\\/avatar\\\/4fe9675d6282fd7c1aa4e486a037d532d5728fc16a30360f293eb6126b2e73ad?s=96&d=monsterid&r=g\",\"contentUrl\":\"https:\\\/\\\/secure.gravatar.com\\\/avatar\\\/4fe9675d6282fd7c1aa4e486a037d532d5728fc16a30360f293eb6126b2e73ad?s=96&d=monsterid&r=g\",\"caption\":\"Adina C\u0103p\u00eelnean\"},\"url\":\"https:\\\/\\\/buletin.de\\\/bucuresti\\\/author\\\/adinacapilnean\\\/\"}]}<\/script>\n<!-- \/ Yoast SEO Premium plugin. -->","yoast_head_json":{"title":"Sector 2 | 50 sanc\u021biuni contraven\u021bionale \u00eentr-o singur\u0103 sear\u0103, pentru parcare neregulamentar\u0103 - Buletin de Bucure\u0219ti","robots":{"index":"index","follow":"follow","max-snippet":"max-snippet:-1","max-image-preview":"max-image-preview:large","max-video-preview":"max-video-preview:-1"},"canonical":"https:\/\/buletin.de\/bucuresti\/sector-2-50-sanctiuni-contraventionale-intr-o-singura-seara-pentru-parcare-neregulamentara\/","og_locale":"en_GB","og_type":"article","og_title":"Sector 2 | 50 sanc\u021biuni contraven\u021bionale \u00eentr-o singur\u0103 sear\u0103, pentru parcare neregulamentar\u0103","og_description":"O nou\u0103 modificare a Codului Rutier faciliteaz\u0103 sanc\u021bionarea \u0219oferilor care parcheaz\u0103 neregulamentar. Ieri sear\u0103 au fost emise 50 de sanc\u021biuni contraven\u021bionale, dintre care 6 amenzi \u00een valoare total\u0103 de 1.080 lei, \u00een urma unor controale ale poli\u021bi\u0219tilor locali Sector 2. \u00cenainte de \u00eenceperea controalelor din data de 12 decembrie, primarul Sectorului 2 a dat de [&hellip;]","og_url":"https:\/\/buletin.de\/bucuresti\/sector-2-50-sanctiuni-contraventionale-intr-o-singura-seara-pentru-parcare-neregulamentara\/","og_site_name":"Buletin de Bucure\u0219ti","article_publisher":"https:\/\/www.facebook.com\/buletin.de.buc","article_published_time":"2022-12-13T14:59:04+00:00","article_modified_time":"2022-12-13T14:59:05+00:00","og_image":[{"width":1024,"height":682,"url":"https:\/\/buletin.de\/bucuresti\/wp-content\/uploads\/WhatsApp-Image-2022-12-13-at-15.55.23.jpeg","type":"image\/jpeg"}],"author":"Adina C\u0103p\u00eelnean","twitter_card":"summary_large_image","twitter_misc":{"Written by":"Adina C\u0103p\u00eelnean","Estimated reading time":"2 minutes"},"schema":{"@context":"https:\/\/schema.org","@graph":[{"@type":"Article","@id":"https:\/\/buletin.de\/bucuresti\/sector-2-50-sanctiuni-contraventionale-intr-o-singura-seara-pentru-parcare-neregulamentara\/#article","isPartOf":{"@id":"https:\/\/buletin.de\/bucuresti\/sector-2-50-sanctiuni-contraventionale-intr-o-singura-seara-pentru-parcare-neregulamentara\/"},"author":{"name":"Adina C\u0103p\u00eelnean","@id":"https:\/\/buletin.de\/bucuresti\/#\/schema\/person\/ab174cf6711728e4ee83d672acf9a912"},"headline":"Sector 2 | 50 sanc\u021biuni contraven\u021bionale \u00eentr-o singur\u0103 sear\u0103, pentru parcare neregulamentar\u0103","datePublished":"2022-12-13T14:59:04+00:00","dateModified":"2022-12-13T14:59:05+00:00","mainEntityOfPage":{"@id":"https:\/\/buletin.de\/bucuresti\/sector-2-50-sanctiuni-contraventionale-intr-o-singura-seara-pentru-parcare-neregulamentara\/"},"wordCount":415,"publisher":{"@id":"https:\/\/buletin.de\/bucuresti\/#organization"},"image":{"@id":"https:\/\/buletin.de\/bucuresti\/sector-2-50-sanctiuni-contraventionale-intr-o-singura-seara-pentru-parcare-neregulamentara\/#primaryimage"},"thumbnailUrl":"https:\/\/buletin.de\/bucuresti\/wp-content\/uploads\/WhatsApp-Image-2022-12-13-at-15.55.23.jpeg","articleSection":["\u0218tiri"],"inLanguage":"en-GB","copyrightYear":"2022","copyrightHolder":{"@id":"https:\/\/buletin.de\/bucuresti\/#organization"}},{"@type":"WebPage","@id":"https:\/\/buletin.de\/bucuresti\/sector-2-50-sanctiuni-contraventionale-intr-o-singura-seara-pentru-parcare-neregulamentara\/","url":"https:\/\/buletin.de\/bucuresti\/sector-2-50-sanctiuni-contraventionale-intr-o-singura-seara-pentru-parcare-neregulamentara\/","name":"Sector 2 | 50 sanc\u021biuni contraven\u021bionale \u00eentr-o singur\u0103 sear\u0103, pentru parcare neregulamentar\u0103 - Buletin de Bucure\u0219ti","isPartOf":{"@id":"https:\/\/buletin.de\/bucuresti\/#website"},"primaryImageOfPage":{"@id":"https:\/\/buletin.de\/bucuresti\/sector-2-50-sanctiuni-contraventionale-intr-o-singura-seara-pentru-parcare-neregulamentara\/#primaryimage"},"image":{"@id":"https:\/\/buletin.de\/bucuresti\/sector-2-50-sanctiuni-contraventionale-intr-o-singura-seara-pentru-parcare-neregulamentara\/#primaryimage"},"thumbnailUrl":"https:\/\/buletin.de\/bucuresti\/wp-content\/uploads\/WhatsApp-Image-2022-12-13-at-15.55.23.jpeg","datePublished":"2022-12-13T14:59:04+00:00","dateModified":"2022-12-13T14:59:05+00:00","breadcrumb":{"@id":"https:\/\/buletin.de\/bucuresti\/sector-2-50-sanctiuni-contraventionale-intr-o-singura-seara-pentru-parcare-neregulamentara\/#breadcrumb"},"inLanguage":"en-GB","potentialAction":[{"@type":"ReadAction","target":["https:\/\/buletin.de\/bucuresti\/sector-2-50-sanctiuni-contraventionale-intr-o-singura-seara-pentru-parcare-neregulamentara\/"]}]},{"@type":"ImageObject","inLanguage":"en-GB","@id":"https:\/\/buletin.de\/bucuresti\/sector-2-50-sanctiuni-contraventionale-intr-o-singura-seara-pentru-parcare-neregulamentara\/#primaryimage","url":"https:\/\/buletin.de\/bucuresti\/wp-content\/uploads\/WhatsApp-Image-2022-12-13-at-15.55.23.jpeg","contentUrl":"https:\/\/buletin.de\/bucuresti\/wp-content\/uploads\/WhatsApp-Image-2022-12-13-at-15.55.23.jpeg","width":1024,"height":682,"caption":"Pentru ce sunt amendate Prim\u0103riile din Bucure\u0219ti. 150.000 de lei, cea mai mare sanc\u021biune"},{"@type":"BreadcrumbList","@id":"https:\/\/buletin.de\/bucuresti\/sector-2-50-sanctiuni-contraventionale-intr-o-singura-seara-pentru-parcare-neregulamentara\/#breadcrumb","itemListElement":[{"@type":"ListItem","position":1,"name":"Acas\u0103","item":"https:\/\/buletin.de\/bucuresti\/"},{"@type":"ListItem","position":2,"name":"Sector 2 | 50 sanc\u021biuni contraven\u021bionale \u00eentr-o singur\u0103 sear\u0103, pentru parcare neregulamentar\u0103"}]},{"@type":"WebSite","@id":"https:\/\/buletin.de\/bucuresti\/#website","url":"https:\/\/buletin.de\/bucuresti\/","name":"Buletin de Bucure\u0219ti","description":"\u0218tiri \u0219i investiga\u021bii esen\u021biale din capital\u0103","publisher":{"@id":"https:\/\/buletin.de\/bucuresti\/#organization"},"potentialAction":[{"@type":"SearchAction","target":{"@type":"EntryPoint","urlTemplate":"https:\/\/buletin.de\/bucuresti\/?s={search_term_string}"},"query-input":{"@type":"PropertyValueSpecification","valueRequired":true,"valueName":"search_term_string"}}],"inLanguage":"en-GB"},{"@type":"Organization","@id":"https:\/\/buletin.de\/bucuresti\/#organization","name":"Buletin de Bucure\u0219ti","url":"https:\/\/buletin.de\/bucuresti\/","logo":{"@type":"ImageObject","inLanguage":"en-GB","@id":"https:\/\/buletin.de\/bucuresti\/#\/schema\/logo\/image\/","url":"https:\/\/buletin.de\/bucuresti\/wp-content\/uploads\/logo-bdb-full-wide-vernil-transparent.png","contentUrl":"https:\/\/buletin.de\/bucuresti\/wp-content\/uploads\/logo-bdb-full-wide-vernil-transparent.png","width":1782,"height":626,"caption":"Buletin de Bucure\u0219ti"},"image":{"@id":"https:\/\/buletin.de\/bucuresti\/#\/schema\/logo\/image\/"},"sameAs":["https:\/\/www.facebook.com\/buletin.de.buc","https:\/\/www.instagram.com\/buletinde.bucuresti\/"]},{"@type":"Person","@id":"https:\/\/buletin.de\/bucuresti\/#\/schema\/person\/ab174cf6711728e4ee83d672acf9a912","name":"Adina C\u0103p\u00eelnean","image":{"@type":"ImageObject","inLanguage":"en-GB","@id":"https:\/\/secure.gravatar.com\/avatar\/4fe9675d6282fd7c1aa4e486a037d532d5728fc16a30360f293eb6126b2e73ad?s=96&d=monsterid&r=ge2b23868508aec3460d3c6a11d3b599a","url":"https:\/\/secure.gravatar.com\/avatar\/4fe9675d6282fd7c1aa4e486a037d532d5728fc16a30360f293eb6126b2e73ad?s=96&d=monsterid&r=g","contentUrl":"https:\/\/secure.gravatar.com\/avatar\/4fe9675d6282fd7c1aa4e486a037d532d5728fc16a30360f293eb6126b2e73ad?s=96&d=monsterid&r=g","caption":"Adina C\u0103p\u00eelnean"},"url":"https:\/\/buletin.de\/bucuresti\/author\/adinacapilnean\/"}]}},"authors":[{"term_id":22580,"user_id":47,"is_guest":0,"slug":"adinacapilnean","display_name":"Adina C\u0103p\u00eelnean","avatar_url":"https:\/\/secure.gravatar.com\/avatar\/4fe9675d6282fd7c1aa4e486a037d532d5728fc16a30360f293eb6126b2e73ad?s=96&d=monsterid&r=g","0":null,"1":"","2":"","3":"","4":"","5":"","6":"","7":"","8":""}],"_links":{"self":[{"href":"https:\/\/buletin.de\/bucuresti\/wp-json\/wp\/v2\/posts\/49728","targetHints":{"allow":["GET"]}}],"collection":[{"href":"https:\/\/buletin.de\/bucuresti\/wp-json\/wp\/v2\/posts"}],"about":[{"href":"https:\/\/buletin.de\/bucuresti\/wp-json\/wp\/v2\/types\/post"}],"author":[{"embeddable":true,"href":"https:\/\/buletin.de\/bucuresti\/wp-json\/wp\/v2\/users\/47"}],"replies":[{"embeddable":true,"href":"https:\/\/buletin.de\/bucuresti\/wp-json\/wp\/v2\/comments?post=49728"}],"version-history":[{"count":7,"href":"https:\/\/buletin.de\/bucuresti\/wp-json\/wp\/v2\/posts\/49728\/revisions"}],"predecessor-version":[{"id":49741,"href":"https:\/\/buletin.de\/bucuresti\/wp-json\/wp\/v2\/posts\/49728\/revisions\/49741"}],"wp:featuredmedia":[{"embeddable":true,"href":"https:\/\/buletin.de\/bucuresti\/wp-json\/wp\/v2\/media\/49731"}],"wp:attachment":[{"href":"https:\/\/buletin.de\/bucuresti\/wp-json\/wp\/v2\/media?parent=49728"}],"wp:term":[{"taxonomy":"category","embeddable":true,"href":"https:\/\/buletin.de\/bucuresti\/wp-json\/wp\/v2\/categories?post=49728"},{"taxonomy":"post_tag","embeddable":true,"href":"https:\/\/buletin.de\/bucuresti\/wp-json\/wp\/v2\/tags?post=49728"},{"taxonomy":"author","embeddable":true,"href":"https:\/\/buletin.de\/bucuresti\/wp-json\/wp\/v2\/ppma_author?post=49728"}],"curies":[{"name":"wp","href":"https:\/\/api.w.org\/{rel}","templated":true}]}}