{"id":49719,"date":"2022-12-14T15:44:16","date_gmt":"2022-12-14T13:44:16","guid":{"rendered":"https:\/\/buletin.de\/bucuresti\/?p=49719"},"modified":"2022-12-14T15:47:34","modified_gmt":"2022-12-14T13:47:34","slug":"cj-ilfov-construieste-un-kilometru-de-sosea-cu-17-milioane-de-euro-de-trei-ori-mai-mult-decat-standardul-de-cost-stabilit-de-guvern","status":"publish","type":"post","link":"https:\/\/buletin.de\/bucuresti\/cj-ilfov-construieste-un-kilometru-de-sosea-cu-17-milioane-de-euro-de-trei-ori-mai-mult-decat-standardul-de-cost-stabilit-de-guvern\/","title":{"rendered":"CJ Ilfov reabiliteaz\u0103 un kilometru de drum jude\u021bean cu 1,7 milioane de euro, de trei ori mai mult dec\u00e2t standardul de cost stabilit de Guvern"},"content":{"rendered":"\n<p><strong>Consiliul Jude\u021bean Ilfov a lansat \u00een licita\u021bie reabilitatea unui drum jude\u021bean, din Nord-Estul Capitalei, cu un cost per kilometru de trei ori mai mare dec\u00e2t cel stabilit de Ministerul Dezvolt\u0103rii. <\/strong><\/p>\n\n\n\n<p>Construit de la zero pe anumite por\u021biuni, Drumul Jude\u021bean 300 trebuie s\u0103 lege Centura Capitalei de localitatea \u0218indrili\u021ba \u0219i este finan\u021bat prin Programul Na\u021bional de Investi\u021bii \u201eAnghel Saligny\u201d.<\/p>\n\n\n\n<p>Potrivit caietului de sarcini, drumul are o lungime de 8,869 kilometri \u0219i o l\u0103\u021bime variabil\u0103 \u00eentre \u0219ase \u0219i \u0219apte metri. Acesta ar trebui s\u0103 fie prev\u0103zut cu piste de biciclet\u0103 \u0219i \u0219an\u021buri de p\u0103m\u00e2nt.<\/p>\n\n\n\n<figure class=\"wp-block-image size-large\"><img fetchpriority=\"high\" decoding=\"async\" width=\"900\" height=\"553\" src=\"data:image\/gif;base64,R0lGODlhAQABAAAAACH5BAEKAAEALAAAAAABAAEAAAICTAEAOw==\" data-src=\"https:\/\/buletin.de\/bucuresti\/wp-content\/uploads\/drum-900x553.jpg\" alt=\"\" class=\"wp-image-49720 lazyload\" data-sizes=\"auto\" data-srcset=\"https:\/\/buletin.de\/bucuresti\/wp-content\/uploads\/drum-900x553.jpg 900w, https:\/\/buletin.de\/bucuresti\/wp-content\/uploads\/drum-300x184.jpg 300w, https:\/\/buletin.de\/bucuresti\/wp-content\/uploads\/drum-768x472.jpg 768w, https:\/\/buletin.de\/bucuresti\/wp-content\/uploads\/drum-1536x945.jpg 1536w, https:\/\/buletin.de\/bucuresti\/wp-content\/uploads\/drum-1060x652.jpg 1060w, https:\/\/buletin.de\/bucuresti\/wp-content\/uploads\/drum-550x338.jpg 550w, https:\/\/buletin.de\/bucuresti\/wp-content\/uploads\/drum-813x500.jpg 813w, https:\/\/buletin.de\/bucuresti\/wp-content\/uploads\/drum-1756x1080.jpg 1756w, https:\/\/buletin.de\/bucuresti\/wp-content\/uploads\/drum-600x369.jpg 600w, https:\/\/buletin.de\/bucuresti\/wp-content\/uploads\/drum.jpg 1784w\" sizes=\"(max-width: 900px) 100vw, 900px\" \/><\/figure>\n\n\n\n<p>Costul total prev\u0103zut este de 74.023.856 lei f\u0103r\u0103 TVA, adic\u0103 peste 15 milioane de euro. Un calcul simplu arat\u0103 c\u0103 un kilometru de drum jude\u021bean ar urma s\u0103 coste aproape 1,7 milioane de euro, bani din Programul Na\u021bional de Investi\u021bii \u201eAnghel Saligny\u201d.<\/p>\n\n\n\n<p>Pentru astfel de investi\u021bii, Ministerul Dezvolt\u0103rii care gestioneaz\u0103 programul a stabilit <a href=\"https:\/\/legislatie.just.ro\/Public\/DetaliiDocument\/246561\">o serie de standarde de cost.<\/a> Acestea au fost stabilite \u00een toamna lui 2021, <strong><a href=\"https:\/\/insse.ro\/cms\/sites\/default\/files\/field\/publicatii\/buletin_statistic_de_preturi_nr01.pdf\">dup\u0103 explozia pre\u021burilor la materialele de construc\u021bii din prim\u0103vara aceluia\u0219i an.<\/a> <\/strong><\/p>\n\n\n\n<p>Astfel, pentru un drum jude\u021bean, autoritatea public\u0103 trebuie s\u0103 aib\u0103 \u00een vedere un cost de maximum 560.000 de euro per kilometru.<\/p>\n\n\n\n<figure class=\"wp-block-image size-large\"><img decoding=\"async\" width=\"900\" height=\"498\" src=\"data:image\/gif;base64,R0lGODlhAQABAAAAACH5BAEKAAEALAAAAAABAAEAAAICTAEAOw==\" data-src=\"https:\/\/buletin.de\/bucuresti\/wp-content\/uploads\/image-2021-09-9-25029440-0-standarde-cost-drumuri-900x498.jpg\" alt=\"\" class=\"wp-image-49721 lazyload\" data-sizes=\"auto\" data-srcset=\"https:\/\/buletin.de\/bucuresti\/wp-content\/uploads\/image-2021-09-9-25029440-0-standarde-cost-drumuri-900x498.jpg 900w, https:\/\/buletin.de\/bucuresti\/wp-content\/uploads\/image-2021-09-9-25029440-0-standarde-cost-drumuri-300x166.jpg 300w, https:\/\/buletin.de\/bucuresti\/wp-content\/uploads\/image-2021-09-9-25029440-0-standarde-cost-drumuri-768x425.jpg 768w, https:\/\/buletin.de\/bucuresti\/wp-content\/uploads\/image-2021-09-9-25029440-0-standarde-cost-drumuri-1060x586.jpg 1060w, https:\/\/buletin.de\/bucuresti\/wp-content\/uploads\/image-2021-09-9-25029440-0-standarde-cost-drumuri-550x304.jpg 550w, https:\/\/buletin.de\/bucuresti\/wp-content\/uploads\/image-2021-09-9-25029440-0-standarde-cost-drumuri-904x500.jpg 904w, https:\/\/buletin.de\/bucuresti\/wp-content\/uploads\/image-2021-09-9-25029440-0-standarde-cost-drumuri-600x332.jpg 600w, https:\/\/buletin.de\/bucuresti\/wp-content\/uploads\/image-2021-09-9-25029440-0-standarde-cost-drumuri.jpg 1445w\" sizes=\"(max-width: 900px) 100vw, 900px\" \/><\/figure>\n\n\n\n<h2 class=\"wp-block-heading\">Scumpul kilometru <\/h2>\n\n\n\n<p>Potrivit platformei de achizi\u021bii publice, obiectivul de investi\u021bie este depus \u00een cadrul Programului Na\u021bional de Investi\u021bii \u201eAnghel Saligny\u201d \u0219i va fi finan\u021bat at\u00e2t din \u201c<em>fondurile alocate prin program c\u00e2t \u0219i din fonduri bugetare proprii, conform creditelor aprobate \u00een bugetul local cu aceast\u0103 destina\u021bie<\/em>\u201d astfel:<\/p>\n\n\n\n<ul class=\"wp-block-list\"><li><em>Cheltuieli pentru investi\u021bia de baz\u0103: &#8211; 69.829.282,25 lei f\u0103r\u0103 TVA.<\/em><\/li><li><em>Verificarea tehnic\u0103 de calitate a proiectului tehnic \u0219i a detaliilor de execu\u021bie \u2013 15.000,000 lei f\u0103r\u0103 TVA.&nbsp;<\/em><\/li><li><em>Organizare de \u0219antier \u2013 1.745.732,06 lei f\u0103r\u0103 TVA.<\/em><\/li><li><em>Proiect tehnic \u0219i detalii de execu\u021bie \u2013 1.396.585,65 lei f\u0103r\u0103 TVA.<\/em><\/li><li><em>Amenaj\u0103ri pentru protec\u021bia mediului \u0219i aducerea la starea ini\u021bial\u0103 \u2013 630.500,00 lei f\u0103r\u0103 TVA.<\/em><\/li><li><em>Asisten\u021ba tehnic\u0103 din partea proiectantului \u2013 349.146,41 lei f\u0103r\u0103 TVA.<\/em><\/li><li><em>Documenta\u021biile tehnice necesare \u00een vederea ob\u021binerii avizelor\/ acordurilor\/ autoriza\u021biilor \u2013 57.609,69 lei f\u0103r\u0103 TVA.<\/em><\/li><\/ul>\n\n\n\n<p>\u00cen prezent, licita\u021bia este \u00een plin\u0103 desf\u0103\u0219urare.<\/p>\n\n\n\n<figure class=\"wp-block-image size-large\"><img decoding=\"async\" width=\"900\" height=\"182\" src=\"data:image\/gif;base64,R0lGODlhAQABAAAAACH5BAEKAAEALAAAAAABAAEAAAICTAEAOw==\" data-src=\"https:\/\/buletin.de\/bucuresti\/wp-content\/uploads\/captura-licitatie-900x182.jpg\" alt=\"\" class=\"wp-image-49722 lazyload\" data-sizes=\"auto\" data-srcset=\"https:\/\/buletin.de\/bucuresti\/wp-content\/uploads\/captura-licitatie-900x182.jpg 900w, https:\/\/buletin.de\/bucuresti\/wp-content\/uploads\/captura-licitatie-300x61.jpg 300w, https:\/\/buletin.de\/bucuresti\/wp-content\/uploads\/captura-licitatie-768x155.jpg 768w, https:\/\/buletin.de\/bucuresti\/wp-content\/uploads\/captura-licitatie-1536x310.jpg 1536w, https:\/\/buletin.de\/bucuresti\/wp-content\/uploads\/captura-licitatie-1060x214.jpg 1060w, https:\/\/buletin.de\/bucuresti\/wp-content\/uploads\/captura-licitatie-550x111.jpg 550w, https:\/\/buletin.de\/bucuresti\/wp-content\/uploads\/captura-licitatie-600x121.jpg 600w, https:\/\/buletin.de\/bucuresti\/wp-content\/uploads\/captura-licitatie.jpg 1801w\" sizes=\"(max-width: 900px) 100vw, 900px\" \/><\/figure>\n\n\n\n<p>P\u00e2n\u0103 pe 12 decembrie a fost termenul de depunere a ofertelor iar procedura se afl\u0103 p\u00e2n\u0103 pe 22 mai 2023 cel t\u00e2rziu la pasul \u201cevaluare calificare \u0219i tehnic\u0103\u201d.<\/p>\n\n\n\n<p>Redac\u021bia s-a adresat \u00een scris Consiliului Jude\u021bean cu privire la aceast\u0103 licita\u021bie.<\/p>\n\n\n\n<p>\u00cen baza legii 544\/2001, privind informa\u021biile de interes public, am \u00eentrebat:<\/p>\n\n\n\n<ul class=\"wp-block-list\"><li><em><strong>Cine a \u00eentocmit Devizul General pentru obiectivul \u201eReabilitare \u0219i modernizare DJ 300 \u00eentre centura Bucure\u0219ti \u0219i DN 2(\u0218indrili\u021ba)\u201d?<\/strong><\/em><\/li><li><em><strong>Ce presupune \u201cverificarea tehnic\u0103 de calitate a proiectului tehnic \u0219i a detaliilor de execu\u021bie\u201d \u0219i de ce costurile prev\u0103zute se ridic\u0103 la 15.000,000 de lei f\u0103r\u0103 TVA?<\/strong><\/em><\/li><li><em><strong>Cum a fost stabilit\u0103 oportunitatea acestui proiect? Exist\u0103 presiuni din partea dezvoltatorilor imobiliari care au terenuri achizi\u021bionate \u00een aceast\u0103 zon\u0103?<\/strong><\/em><\/li><\/ul>\n\n\n\n<p>De altfel, am \u00eencercat s\u0103 lu\u0103m leg\u0103tura \u0219i cu pre\u0219edintele Consiliului Jude\u021bean, liberalul Hubert Thuma, at\u00e2t telefonic c\u00e2t \u0219i prin mesaj. &#8220;<em>Rug\u0103mintea mea este s\u0103 v\u0103 adresa\u021bi Biroului de pres\u0103 al CJ Ilfov, care v\u0103 va sta la dispozitie conform legii, cu toate raspunsurile de care ave\u021bi nevoie<\/em>&#8220;, ne-a transmis pre\u0219edintele Consiliului Jude\u021bean Ilfov. C\u00e2nd vom primi r\u0103spunsurile, le vom publica.<\/p>\n\n\n\n<h2 class=\"wp-block-heading\">Drumul rechinilor imobiliari?<\/h2>\n\n\n\n<p>Contactat de Buletin de Bucure\u0219ti, consilierul jude\u021bean ales pe listele USR-Plus Gabriel C\u0103rbunaru, membru \u00een comisia de buget finan\u021be, spune c\u0103 proiectul nu ar trebui s\u0103 aib\u0103 o miz\u0103 at\u00e2t de mare, \u00een condi\u021biile \u00een care Ilfovul are nevoie de investi\u021bii urgente \u00een alte zone.<\/p>\n\n\n\n<p><strong>\u201c<\/strong><em>Cred c\u0103 putem aduce \u00een discu\u021bie \u0219i oportunitatea acestei investi\u021bii. Practic, se construie\u0219te un drum jude\u021bean nou printr-un c\u00e2mp iar <strong>por\u021biunea DNCB \u2013 Moara Domneasca pare a se suprapune peste un alt proiect din suita drumurilor radiale \u2013 DR7\/Est Expres, \u00een timp ce por\u021biunea G\u0103neasa \u2013 DN2\/\u0218indrili\u021ba e paralel\u0103 \u0219i foarte apropiat\u0103 de un alt radial \u2013 DR6 (centura ocolitoare Afuma\u021bi)<\/strong>. \u00cen principiu e util s\u0103 existe proiecte care s\u0103 aib\u0103 \u0219i finan\u021bare, doar c\u0103 ar fi indicat ca ele s\u0103 se subsumeze unei strategii unitare \u0219i coerente aplicabil\u0103 tuturor autorit\u0103\u021bilor centrale sau locale (Bucure\u0219ti sau Ilfov). Au fost depuse de Consiliul Jude\u021bean prin Programul Na\u021bional de Investi\u021bii Anghel Saligny 7-8 proiecte \u0219i s-au aprobat dou\u0103: DJ300 DNCB-G\u0103neasa-DN2\/Sindrili\u021ba \u0219i reabilitare DJ179 Peri\u0219-B\u0103lteni-limit\u0103 jude\u021b Prahova. <strong>Podul peste calea ferat\u0103 de la Buftea nu a trecut, de\u0219i este extrem de important pentru locuitorii&nbsp;din&nbsp;zon\u0103<\/strong><\/em><strong>, <\/strong>spune C\u0103rbunaru.<\/p>\n\n\n\n<h2 class=\"wp-block-heading\">Supervizarea optimiz\u0103rii<\/h2>\n\n\n\n<p>C\u00e2t prive\u0219te capitolul \u201c<em>Verificarea tehnic\u0103 de calitate a proiectului tehnic \u0219i a detaliilor de execu\u021bie<\/em>\u201d aferent\u0103 moderniz\u0103rii Drumului Jude\u021bean 300, conducerea Consiliului Jude\u021bean dore\u0219te extinderea la toate proiectele din Ilfov.<\/p>\n\n\n\n<p>O licita\u021bie separat\u0103 pentru un acord cadru de \u201cServicii de supervizare lucr\u0103ri\u201d a fost lansat\u0103 \u00een septembrie anul acesta, iar \u00een prezent se afl\u0103 \u00een procedur\u0103 de evaluare.<\/p>\n\n\n\n<p>Contractele subsecvente trebuie s\u0103 se \u00eencadreze \u00eentre 2.2 milioane de lei si 16.3 milioane de lei, adic\u0103 \u00eentre 465 de mii de euro \u0219i 3,3 milioane de euro, \u00een func\u021bie de proiect \u0219i necesit\u0103\u021bi.<\/p>\n\n\n\n<p>Potrivit anun\u021bului de pe platforma de achizi\u021bii publice, contractul presupune \u201c<em>furnizarea de servicii de supervizare de \u00eenalt\u0103 calitate, \u00een vederea urm\u0103ririi corectei utiliz\u0103ri a fondurilor disponibile<\/em>\u201d.<\/p>\n","protected":false},"excerpt":{"rendered":"<p>Consiliul Jude\u021bean Ilfov a lansat \u00een licita\u021bie reabilitatea unui drum jude\u021bean, din Nord-Estul Capitalei, cu un cost per kilometru de trei ori mai mare dec\u00e2t cel stabilit de Ministerul Dezvolt\u0103rii. Construit de la zero pe anumite por\u021biuni, Drumul Jude\u021bean 300 trebuie s\u0103 lege Centura Capitalei de localitatea \u0218indrili\u021ba \u0219i este finan\u021bat prin Programul Na\u021bional de [&hellip;]<\/p>\n","protected":false},"author":10,"featured_media":49780,"comment_status":"closed","ping_status":"open","sticky":false,"template":"","format":"standard","meta":{"_acf_changed":false,"inline_featured_image":false,"ngg_post_thumbnail":0,"footnotes":""},"categories":[3419,650],"tags":[2605,2638,4943,4942,820,1989],"ppma_author":[22575],"class_list":["post-49719","post","type-post","status-publish","format-standard","has-post-thumbnail","hentry","category-featured","category-transport","tag-consiliul-judetean","tag-coruptie","tag-dj-300","tag-drum-judetean","tag-ilfov","tag-thuma"],"acf":[],"yoast_head":"<!-- This site is optimized with the Yoast SEO Premium plugin v25.3 (Yoast SEO v27.4) - https:\/\/yoast.com\/product\/yoast-seo-premium-wordpress\/ -->\n<title>CJ Ilfov reabiliteaz\u0103 un kilometru de drum jude\u021bean cu 1,7 milioane de euro, de trei ori mai mult dec\u00e2t standardul de cost stabilit de Guvern - Buletin de Bucure\u0219ti<\/title>\n<meta name=\"robots\" content=\"index, follow, max-snippet:-1, max-image-preview:large, max-video-preview:-1\" \/>\n<link rel=\"canonical\" href=\"https:\/\/buletin.de\/bucuresti\/cj-ilfov-construieste-un-kilometru-de-sosea-cu-17-milioane-de-euro-de-trei-ori-mai-mult-decat-standardul-de-cost-stabilit-de-guvern\/\" \/>\n<meta property=\"og:locale\" content=\"en_GB\" \/>\n<meta property=\"og:type\" content=\"article\" \/>\n<meta property=\"og:title\" content=\"CJ Ilfov reabiliteaz\u0103 un kilometru de drum jude\u021bean cu 1,7 milioane de euro, de trei ori mai mult dec\u00e2t standardul de cost stabilit de Guvern\" \/>\n<meta property=\"og:description\" content=\"Consiliul Jude\u021bean Ilfov a lansat \u00een licita\u021bie reabilitatea unui drum jude\u021bean, din Nord-Estul Capitalei, cu un cost per kilometru de trei ori mai mare dec\u00e2t cel stabilit de Ministerul Dezvolt\u0103rii. Construit de la zero pe anumite por\u021biuni, Drumul Jude\u021bean 300 trebuie s\u0103 lege Centura Capitalei de localitatea \u0218indrili\u021ba \u0219i este finan\u021bat prin Programul Na\u021bional de [&hellip;]\" \/>\n<meta property=\"og:url\" content=\"https:\/\/buletin.de\/bucuresti\/cj-ilfov-construieste-un-kilometru-de-sosea-cu-17-milioane-de-euro-de-trei-ori-mai-mult-decat-standardul-de-cost-stabilit-de-guvern\/\" \/>\n<meta property=\"og:site_name\" content=\"Buletin de Bucure\u0219ti\" \/>\n<meta property=\"article:publisher\" content=\"https:\/\/www.facebook.com\/buletin.de.buc\" \/>\n<meta property=\"article:published_time\" content=\"2022-12-14T13:44:16+00:00\" \/>\n<meta property=\"article:modified_time\" content=\"2022-12-14T13:47:34+00:00\" \/>\n<meta property=\"og:image\" content=\"https:\/\/buletin.de\/bucuresti\/wp-content\/uploads\/earth.jpg\" \/>\n\t<meta property=\"og:image:width\" content=\"1920\" \/>\n\t<meta property=\"og:image:height\" content=\"813\" \/>\n\t<meta property=\"og:image:type\" content=\"image\/jpeg\" \/>\n<meta name=\"author\" content=\"C\u0103t\u0103lin Dosca\u0219\" \/>\n<meta name=\"twitter:card\" content=\"summary_large_image\" \/>\n<meta name=\"twitter:label1\" content=\"Written by\" \/>\n\t<meta name=\"twitter:data1\" content=\"C\u0103t\u0103lin Dosca\u0219\" \/>\n\t<meta name=\"twitter:label2\" content=\"Estimated reading time\" \/>\n\t<meta name=\"twitter:data2\" content=\"5 minutes\" \/>\n<script type=\"application\/ld+json\" class=\"yoast-schema-graph\">{\"@context\":\"https:\\\/\\\/schema.org\",\"@graph\":[{\"@type\":\"Article\",\"@id\":\"https:\\\/\\\/buletin.de\\\/bucuresti\\\/cj-ilfov-construieste-un-kilometru-de-sosea-cu-17-milioane-de-euro-de-trei-ori-mai-mult-decat-standardul-de-cost-stabilit-de-guvern\\\/#article\",\"isPartOf\":{\"@id\":\"https:\\\/\\\/buletin.de\\\/bucuresti\\\/cj-ilfov-construieste-un-kilometru-de-sosea-cu-17-milioane-de-euro-de-trei-ori-mai-mult-decat-standardul-de-cost-stabilit-de-guvern\\\/\"},\"author\":{\"name\":\"C\u0103t\u0103lin Dosca\u0219\",\"@id\":\"https:\\\/\\\/buletin.de\\\/bucuresti\\\/#\\\/schema\\\/person\\\/31117187ed4d0bdb0a4c7d6acc79d0f8\"},\"headline\":\"CJ Ilfov reabiliteaz\u0103 un kilometru de drum jude\u021bean cu 1,7 milioane de euro, de trei ori mai mult dec\u00e2t standardul de cost stabilit de Guvern\",\"datePublished\":\"2022-12-14T13:44:16+00:00\",\"dateModified\":\"2022-12-14T13:47:34+00:00\",\"mainEntityOfPage\":{\"@id\":\"https:\\\/\\\/buletin.de\\\/bucuresti\\\/cj-ilfov-construieste-un-kilometru-de-sosea-cu-17-milioane-de-euro-de-trei-ori-mai-mult-decat-standardul-de-cost-stabilit-de-guvern\\\/\"},\"wordCount\":941,\"publisher\":{\"@id\":\"https:\\\/\\\/buletin.de\\\/bucuresti\\\/#organization\"},\"image\":{\"@id\":\"https:\\\/\\\/buletin.de\\\/bucuresti\\\/cj-ilfov-construieste-un-kilometru-de-sosea-cu-17-milioane-de-euro-de-trei-ori-mai-mult-decat-standardul-de-cost-stabilit-de-guvern\\\/#primaryimage\"},\"thumbnailUrl\":\"https:\\\/\\\/buletin.de\\\/bucuresti\\\/wp-content\\\/uploads\\\/earth.jpg\",\"keywords\":[\"consiliul judetean\",\"coruptie\",\"dj 300\",\"drum judetean\",\"Ilfov\",\"thuma\"],\"articleSection\":[\"Featured\",\"Transport\"],\"inLanguage\":\"en-GB\",\"copyrightYear\":\"2022\",\"copyrightHolder\":{\"@id\":\"https:\\\/\\\/buletin.de\\\/bucuresti\\\/#organization\"}},{\"@type\":\"WebPage\",\"@id\":\"https:\\\/\\\/buletin.de\\\/bucuresti\\\/cj-ilfov-construieste-un-kilometru-de-sosea-cu-17-milioane-de-euro-de-trei-ori-mai-mult-decat-standardul-de-cost-stabilit-de-guvern\\\/\",\"url\":\"https:\\\/\\\/buletin.de\\\/bucuresti\\\/cj-ilfov-construieste-un-kilometru-de-sosea-cu-17-milioane-de-euro-de-trei-ori-mai-mult-decat-standardul-de-cost-stabilit-de-guvern\\\/\",\"name\":\"CJ Ilfov reabiliteaz\u0103 un kilometru de drum jude\u021bean cu 1,7 milioane de euro, de trei ori mai mult dec\u00e2t standardul de cost stabilit de Guvern - Buletin de Bucure\u0219ti\",\"isPartOf\":{\"@id\":\"https:\\\/\\\/buletin.de\\\/bucuresti\\\/#website\"},\"primaryImageOfPage\":{\"@id\":\"https:\\\/\\\/buletin.de\\\/bucuresti\\\/cj-ilfov-construieste-un-kilometru-de-sosea-cu-17-milioane-de-euro-de-trei-ori-mai-mult-decat-standardul-de-cost-stabilit-de-guvern\\\/#primaryimage\"},\"image\":{\"@id\":\"https:\\\/\\\/buletin.de\\\/bucuresti\\\/cj-ilfov-construieste-un-kilometru-de-sosea-cu-17-milioane-de-euro-de-trei-ori-mai-mult-decat-standardul-de-cost-stabilit-de-guvern\\\/#primaryimage\"},\"thumbnailUrl\":\"https:\\\/\\\/buletin.de\\\/bucuresti\\\/wp-content\\\/uploads\\\/earth.jpg\",\"datePublished\":\"2022-12-14T13:44:16+00:00\",\"dateModified\":\"2022-12-14T13:47:34+00:00\",\"breadcrumb\":{\"@id\":\"https:\\\/\\\/buletin.de\\\/bucuresti\\\/cj-ilfov-construieste-un-kilometru-de-sosea-cu-17-milioane-de-euro-de-trei-ori-mai-mult-decat-standardul-de-cost-stabilit-de-guvern\\\/#breadcrumb\"},\"inLanguage\":\"en-GB\",\"potentialAction\":[{\"@type\":\"ReadAction\",\"target\":[\"https:\\\/\\\/buletin.de\\\/bucuresti\\\/cj-ilfov-construieste-un-kilometru-de-sosea-cu-17-milioane-de-euro-de-trei-ori-mai-mult-decat-standardul-de-cost-stabilit-de-guvern\\\/\"]}]},{\"@type\":\"ImageObject\",\"inLanguage\":\"en-GB\",\"@id\":\"https:\\\/\\\/buletin.de\\\/bucuresti\\\/cj-ilfov-construieste-un-kilometru-de-sosea-cu-17-milioane-de-euro-de-trei-ori-mai-mult-decat-standardul-de-cost-stabilit-de-guvern\\\/#primaryimage\",\"url\":\"https:\\\/\\\/buletin.de\\\/bucuresti\\\/wp-content\\\/uploads\\\/earth.jpg\",\"contentUrl\":\"https:\\\/\\\/buletin.de\\\/bucuresti\\\/wp-content\\\/uploads\\\/earth.jpg\",\"width\":1920,\"height\":813},{\"@type\":\"BreadcrumbList\",\"@id\":\"https:\\\/\\\/buletin.de\\\/bucuresti\\\/cj-ilfov-construieste-un-kilometru-de-sosea-cu-17-milioane-de-euro-de-trei-ori-mai-mult-decat-standardul-de-cost-stabilit-de-guvern\\\/#breadcrumb\",\"itemListElement\":[{\"@type\":\"ListItem\",\"position\":1,\"name\":\"Acas\u0103\",\"item\":\"https:\\\/\\\/buletin.de\\\/bucuresti\\\/\"},{\"@type\":\"ListItem\",\"position\":2,\"name\":\"CJ Ilfov reabiliteaz\u0103 un kilometru de drum jude\u021bean cu 1,7 milioane de euro, de trei ori mai mult dec\u00e2t standardul de cost stabilit de Guvern\"}]},{\"@type\":\"WebSite\",\"@id\":\"https:\\\/\\\/buletin.de\\\/bucuresti\\\/#website\",\"url\":\"https:\\\/\\\/buletin.de\\\/bucuresti\\\/\",\"name\":\"Buletin de Bucure\u0219ti\",\"description\":\"\u0218tiri \u0219i investiga\u021bii esen\u021biale din capital\u0103\",\"publisher\":{\"@id\":\"https:\\\/\\\/buletin.de\\\/bucuresti\\\/#organization\"},\"potentialAction\":[{\"@type\":\"SearchAction\",\"target\":{\"@type\":\"EntryPoint\",\"urlTemplate\":\"https:\\\/\\\/buletin.de\\\/bucuresti\\\/?s={search_term_string}\"},\"query-input\":{\"@type\":\"PropertyValueSpecification\",\"valueRequired\":true,\"valueName\":\"search_term_string\"}}],\"inLanguage\":\"en-GB\"},{\"@type\":\"Organization\",\"@id\":\"https:\\\/\\\/buletin.de\\\/bucuresti\\\/#organization\",\"name\":\"Buletin de Bucure\u0219ti\",\"url\":\"https:\\\/\\\/buletin.de\\\/bucuresti\\\/\",\"logo\":{\"@type\":\"ImageObject\",\"inLanguage\":\"en-GB\",\"@id\":\"https:\\\/\\\/buletin.de\\\/bucuresti\\\/#\\\/schema\\\/logo\\\/image\\\/\",\"url\":\"https:\\\/\\\/buletin.de\\\/bucuresti\\\/wp-content\\\/uploads\\\/logo-bdb-full-wide-vernil-transparent.png\",\"contentUrl\":\"https:\\\/\\\/buletin.de\\\/bucuresti\\\/wp-content\\\/uploads\\\/logo-bdb-full-wide-vernil-transparent.png\",\"width\":1782,\"height\":626,\"caption\":\"Buletin de Bucure\u0219ti\"},\"image\":{\"@id\":\"https:\\\/\\\/buletin.de\\\/bucuresti\\\/#\\\/schema\\\/logo\\\/image\\\/\"},\"sameAs\":[\"https:\\\/\\\/www.facebook.com\\\/buletin.de.buc\",\"https:\\\/\\\/www.instagram.com\\\/buletinde.bucuresti\\\/\"]},{\"@type\":\"Person\",\"@id\":\"https:\\\/\\\/buletin.de\\\/bucuresti\\\/#\\\/schema\\\/person\\\/31117187ed4d0bdb0a4c7d6acc79d0f8\",\"name\":\"C\u0103t\u0103lin Dosca\u0219\",\"image\":{\"@type\":\"ImageObject\",\"inLanguage\":\"en-GB\",\"@id\":\"https:\\\/\\\/buletin.de\\\/bucuresti\\\/wp-content\\\/uploads\\\/Catalin-Doscas-e1732731064764-96x96.jpga93e2943bb3b1c1f9ead823df6e6317a\",\"url\":\"https:\\\/\\\/buletin.de\\\/bucuresti\\\/wp-content\\\/uploads\\\/Catalin-Doscas-e1732731064764-96x96.jpg\",\"contentUrl\":\"https:\\\/\\\/buletin.de\\\/bucuresti\\\/wp-content\\\/uploads\\\/Catalin-Doscas-e1732731064764-96x96.jpg\",\"caption\":\"C\u0103t\u0103lin Dosca\u0219\"},\"description\":\"Reporter \u0219i redactor-\u0219ef Buletin de Bucure\u0219ti. Lucreaz\u0103 \u00een mass-media de la v\u00e2rsta de 15 ani, c\u00e2nd a publicat primele articole \u00een presa local\u0103 din Tecuci. \u00cen Bucure\u0219ti a lucrat \u00een redac\u021bii radio ca reporter, redactor \u0219i prezentator (StudentFM, Na\u021bionalFM, Radio Total, Smart FM), unde a acoperit domeniile politic, economic, social \u0219i externe. Ulterior, a fost editor-coordonator al postului Realitatea FM. Experien\u021ba \u00een jurnalismul online a dob\u00e2ndit-o la portalul B365.ro, unde a fost editor. \u00cen 2012 s-a angajat \u00een televiziune. La Realitatea TV a fost, pe r\u00e2nd, reporter la sec\u021bia Social, reporter special la emisiunea de reportaje \u0219i anchete \u201eReporterii Realit\u0103\u021bii\u201d, dar \u0219i editor al jurnalelor de \u0219tiri. Ulterior, a f\u0103cut parte din sec\u021bia de Investiga\u021bii de la Digi24 \u0219i a lucrat la campania \u201eRom\u00e2nia furat\u0103\u201d. A revenit \u00een presa scris\u0103 \u00een 2017, ca reporter special, \u00een cadrul unui proiect de repozi\u021bionare a tabloidului Libertatea \u00een cotidian generalist. Este jurnalist Buletin de Bucure\u0219ti din 2019.\",\"url\":\"https:\\\/\\\/buletin.de\\\/bucuresti\\\/author\\\/catalin\\\/\"}]}<\/script>\n<!-- \/ Yoast SEO Premium plugin. -->","yoast_head_json":{"title":"CJ Ilfov reabiliteaz\u0103 un kilometru de drum jude\u021bean cu 1,7 milioane de euro, de trei ori mai mult dec\u00e2t standardul de cost stabilit de Guvern - Buletin de Bucure\u0219ti","robots":{"index":"index","follow":"follow","max-snippet":"max-snippet:-1","max-image-preview":"max-image-preview:large","max-video-preview":"max-video-preview:-1"},"canonical":"https:\/\/buletin.de\/bucuresti\/cj-ilfov-construieste-un-kilometru-de-sosea-cu-17-milioane-de-euro-de-trei-ori-mai-mult-decat-standardul-de-cost-stabilit-de-guvern\/","og_locale":"en_GB","og_type":"article","og_title":"CJ Ilfov reabiliteaz\u0103 un kilometru de drum jude\u021bean cu 1,7 milioane de euro, de trei ori mai mult dec\u00e2t standardul de cost stabilit de Guvern","og_description":"Consiliul Jude\u021bean Ilfov a lansat \u00een licita\u021bie reabilitatea unui drum jude\u021bean, din Nord-Estul Capitalei, cu un cost per kilometru de trei ori mai mare dec\u00e2t cel stabilit de Ministerul Dezvolt\u0103rii. Construit de la zero pe anumite por\u021biuni, Drumul Jude\u021bean 300 trebuie s\u0103 lege Centura Capitalei de localitatea \u0218indrili\u021ba \u0219i este finan\u021bat prin Programul Na\u021bional de [&hellip;]","og_url":"https:\/\/buletin.de\/bucuresti\/cj-ilfov-construieste-un-kilometru-de-sosea-cu-17-milioane-de-euro-de-trei-ori-mai-mult-decat-standardul-de-cost-stabilit-de-guvern\/","og_site_name":"Buletin de Bucure\u0219ti","article_publisher":"https:\/\/www.facebook.com\/buletin.de.buc","article_published_time":"2022-12-14T13:44:16+00:00","article_modified_time":"2022-12-14T13:47:34+00:00","og_image":[{"width":1920,"height":813,"url":"https:\/\/buletin.de\/bucuresti\/wp-content\/uploads\/earth.jpg","type":"image\/jpeg"}],"author":"C\u0103t\u0103lin Dosca\u0219","twitter_card":"summary_large_image","twitter_misc":{"Written by":"C\u0103t\u0103lin Dosca\u0219","Estimated reading time":"5 minutes"},"schema":{"@context":"https:\/\/schema.org","@graph":[{"@type":"Article","@id":"https:\/\/buletin.de\/bucuresti\/cj-ilfov-construieste-un-kilometru-de-sosea-cu-17-milioane-de-euro-de-trei-ori-mai-mult-decat-standardul-de-cost-stabilit-de-guvern\/#article","isPartOf":{"@id":"https:\/\/buletin.de\/bucuresti\/cj-ilfov-construieste-un-kilometru-de-sosea-cu-17-milioane-de-euro-de-trei-ori-mai-mult-decat-standardul-de-cost-stabilit-de-guvern\/"},"author":{"name":"C\u0103t\u0103lin Dosca\u0219","@id":"https:\/\/buletin.de\/bucuresti\/#\/schema\/person\/31117187ed4d0bdb0a4c7d6acc79d0f8"},"headline":"CJ Ilfov reabiliteaz\u0103 un kilometru de drum jude\u021bean cu 1,7 milioane de euro, de trei ori mai mult dec\u00e2t standardul de cost stabilit de Guvern","datePublished":"2022-12-14T13:44:16+00:00","dateModified":"2022-12-14T13:47:34+00:00","mainEntityOfPage":{"@id":"https:\/\/buletin.de\/bucuresti\/cj-ilfov-construieste-un-kilometru-de-sosea-cu-17-milioane-de-euro-de-trei-ori-mai-mult-decat-standardul-de-cost-stabilit-de-guvern\/"},"wordCount":941,"publisher":{"@id":"https:\/\/buletin.de\/bucuresti\/#organization"},"image":{"@id":"https:\/\/buletin.de\/bucuresti\/cj-ilfov-construieste-un-kilometru-de-sosea-cu-17-milioane-de-euro-de-trei-ori-mai-mult-decat-standardul-de-cost-stabilit-de-guvern\/#primaryimage"},"thumbnailUrl":"https:\/\/buletin.de\/bucuresti\/wp-content\/uploads\/earth.jpg","keywords":["consiliul judetean","coruptie","dj 300","drum judetean","Ilfov","thuma"],"articleSection":["Featured","Transport"],"inLanguage":"en-GB","copyrightYear":"2022","copyrightHolder":{"@id":"https:\/\/buletin.de\/bucuresti\/#organization"}},{"@type":"WebPage","@id":"https:\/\/buletin.de\/bucuresti\/cj-ilfov-construieste-un-kilometru-de-sosea-cu-17-milioane-de-euro-de-trei-ori-mai-mult-decat-standardul-de-cost-stabilit-de-guvern\/","url":"https:\/\/buletin.de\/bucuresti\/cj-ilfov-construieste-un-kilometru-de-sosea-cu-17-milioane-de-euro-de-trei-ori-mai-mult-decat-standardul-de-cost-stabilit-de-guvern\/","name":"CJ Ilfov reabiliteaz\u0103 un kilometru de drum jude\u021bean cu 1,7 milioane de euro, de trei ori mai mult dec\u00e2t standardul de cost stabilit de Guvern - Buletin de Bucure\u0219ti","isPartOf":{"@id":"https:\/\/buletin.de\/bucuresti\/#website"},"primaryImageOfPage":{"@id":"https:\/\/buletin.de\/bucuresti\/cj-ilfov-construieste-un-kilometru-de-sosea-cu-17-milioane-de-euro-de-trei-ori-mai-mult-decat-standardul-de-cost-stabilit-de-guvern\/#primaryimage"},"image":{"@id":"https:\/\/buletin.de\/bucuresti\/cj-ilfov-construieste-un-kilometru-de-sosea-cu-17-milioane-de-euro-de-trei-ori-mai-mult-decat-standardul-de-cost-stabilit-de-guvern\/#primaryimage"},"thumbnailUrl":"https:\/\/buletin.de\/bucuresti\/wp-content\/uploads\/earth.jpg","datePublished":"2022-12-14T13:44:16+00:00","dateModified":"2022-12-14T13:47:34+00:00","breadcrumb":{"@id":"https:\/\/buletin.de\/bucuresti\/cj-ilfov-construieste-un-kilometru-de-sosea-cu-17-milioane-de-euro-de-trei-ori-mai-mult-decat-standardul-de-cost-stabilit-de-guvern\/#breadcrumb"},"inLanguage":"en-GB","potentialAction":[{"@type":"ReadAction","target":["https:\/\/buletin.de\/bucuresti\/cj-ilfov-construieste-un-kilometru-de-sosea-cu-17-milioane-de-euro-de-trei-ori-mai-mult-decat-standardul-de-cost-stabilit-de-guvern\/"]}]},{"@type":"ImageObject","inLanguage":"en-GB","@id":"https:\/\/buletin.de\/bucuresti\/cj-ilfov-construieste-un-kilometru-de-sosea-cu-17-milioane-de-euro-de-trei-ori-mai-mult-decat-standardul-de-cost-stabilit-de-guvern\/#primaryimage","url":"https:\/\/buletin.de\/bucuresti\/wp-content\/uploads\/earth.jpg","contentUrl":"https:\/\/buletin.de\/bucuresti\/wp-content\/uploads\/earth.jpg","width":1920,"height":813},{"@type":"BreadcrumbList","@id":"https:\/\/buletin.de\/bucuresti\/cj-ilfov-construieste-un-kilometru-de-sosea-cu-17-milioane-de-euro-de-trei-ori-mai-mult-decat-standardul-de-cost-stabilit-de-guvern\/#breadcrumb","itemListElement":[{"@type":"ListItem","position":1,"name":"Acas\u0103","item":"https:\/\/buletin.de\/bucuresti\/"},{"@type":"ListItem","position":2,"name":"CJ Ilfov reabiliteaz\u0103 un kilometru de drum jude\u021bean cu 1,7 milioane de euro, de trei ori mai mult dec\u00e2t standardul de cost stabilit de Guvern"}]},{"@type":"WebSite","@id":"https:\/\/buletin.de\/bucuresti\/#website","url":"https:\/\/buletin.de\/bucuresti\/","name":"Buletin de Bucure\u0219ti","description":"\u0218tiri \u0219i investiga\u021bii esen\u021biale din capital\u0103","publisher":{"@id":"https:\/\/buletin.de\/bucuresti\/#organization"},"potentialAction":[{"@type":"SearchAction","target":{"@type":"EntryPoint","urlTemplate":"https:\/\/buletin.de\/bucuresti\/?s={search_term_string}"},"query-input":{"@type":"PropertyValueSpecification","valueRequired":true,"valueName":"search_term_string"}}],"inLanguage":"en-GB"},{"@type":"Organization","@id":"https:\/\/buletin.de\/bucuresti\/#organization","name":"Buletin de Bucure\u0219ti","url":"https:\/\/buletin.de\/bucuresti\/","logo":{"@type":"ImageObject","inLanguage":"en-GB","@id":"https:\/\/buletin.de\/bucuresti\/#\/schema\/logo\/image\/","url":"https:\/\/buletin.de\/bucuresti\/wp-content\/uploads\/logo-bdb-full-wide-vernil-transparent.png","contentUrl":"https:\/\/buletin.de\/bucuresti\/wp-content\/uploads\/logo-bdb-full-wide-vernil-transparent.png","width":1782,"height":626,"caption":"Buletin de Bucure\u0219ti"},"image":{"@id":"https:\/\/buletin.de\/bucuresti\/#\/schema\/logo\/image\/"},"sameAs":["https:\/\/www.facebook.com\/buletin.de.buc","https:\/\/www.instagram.com\/buletinde.bucuresti\/"]},{"@type":"Person","@id":"https:\/\/buletin.de\/bucuresti\/#\/schema\/person\/31117187ed4d0bdb0a4c7d6acc79d0f8","name":"C\u0103t\u0103lin Dosca\u0219","image":{"@type":"ImageObject","inLanguage":"en-GB","@id":"https:\/\/buletin.de\/bucuresti\/wp-content\/uploads\/Catalin-Doscas-e1732731064764-96x96.jpga93e2943bb3b1c1f9ead823df6e6317a","url":"https:\/\/buletin.de\/bucuresti\/wp-content\/uploads\/Catalin-Doscas-e1732731064764-96x96.jpg","contentUrl":"https:\/\/buletin.de\/bucuresti\/wp-content\/uploads\/Catalin-Doscas-e1732731064764-96x96.jpg","caption":"C\u0103t\u0103lin Dosca\u0219"},"description":"Reporter \u0219i redactor-\u0219ef Buletin de Bucure\u0219ti. Lucreaz\u0103 \u00een mass-media de la v\u00e2rsta de 15 ani, c\u00e2nd a publicat primele articole \u00een presa local\u0103 din Tecuci. \u00cen Bucure\u0219ti a lucrat \u00een redac\u021bii radio ca reporter, redactor \u0219i prezentator (StudentFM, Na\u021bionalFM, Radio Total, Smart FM), unde a acoperit domeniile politic, economic, social \u0219i externe. Ulterior, a fost editor-coordonator al postului Realitatea FM. Experien\u021ba \u00een jurnalismul online a dob\u00e2ndit-o la portalul B365.ro, unde a fost editor. \u00cen 2012 s-a angajat \u00een televiziune. La Realitatea TV a fost, pe r\u00e2nd, reporter la sec\u021bia Social, reporter special la emisiunea de reportaje \u0219i anchete \u201eReporterii Realit\u0103\u021bii\u201d, dar \u0219i editor al jurnalelor de \u0219tiri. Ulterior, a f\u0103cut parte din sec\u021bia de Investiga\u021bii de la Digi24 \u0219i a lucrat la campania \u201eRom\u00e2nia furat\u0103\u201d. A revenit \u00een presa scris\u0103 \u00een 2017, ca reporter special, \u00een cadrul unui proiect de repozi\u021bionare a tabloidului Libertatea \u00een cotidian generalist. Este jurnalist Buletin de Bucure\u0219ti din 2019.","url":"https:\/\/buletin.de\/bucuresti\/author\/catalin\/"}]}},"authors":[{"term_id":22575,"user_id":10,"is_guest":0,"slug":"catalin","display_name":"C\u0103t\u0103lin Dosca\u0219","avatar_url":"https:\/\/buletin.de\/bucuresti\/wp-content\/uploads\/Catalin-Doscas-e1732731064764-96x96.jpg","0":null,"1":"","2":"","3":"","4":"","5":"","6":"","7":"","8":""}],"_links":{"self":[{"href":"https:\/\/buletin.de\/bucuresti\/wp-json\/wp\/v2\/posts\/49719","targetHints":{"allow":["GET"]}}],"collection":[{"href":"https:\/\/buletin.de\/bucuresti\/wp-json\/wp\/v2\/posts"}],"about":[{"href":"https:\/\/buletin.de\/bucuresti\/wp-json\/wp\/v2\/types\/post"}],"author":[{"embeddable":true,"href":"https:\/\/buletin.de\/bucuresti\/wp-json\/wp\/v2\/users\/10"}],"replies":[{"embeddable":true,"href":"https:\/\/buletin.de\/bucuresti\/wp-json\/wp\/v2\/comments?post=49719"}],"version-history":[{"count":8,"href":"https:\/\/buletin.de\/bucuresti\/wp-json\/wp\/v2\/posts\/49719\/revisions"}],"predecessor-version":[{"id":49810,"href":"https:\/\/buletin.de\/bucuresti\/wp-json\/wp\/v2\/posts\/49719\/revisions\/49810"}],"wp:featuredmedia":[{"embeddable":true,"href":"https:\/\/buletin.de\/bucuresti\/wp-json\/wp\/v2\/media\/49780"}],"wp:attachment":[{"href":"https:\/\/buletin.de\/bucuresti\/wp-json\/wp\/v2\/media?parent=49719"}],"wp:term":[{"taxonomy":"category","embeddable":true,"href":"https:\/\/buletin.de\/bucuresti\/wp-json\/wp\/v2\/categories?post=49719"},{"taxonomy":"post_tag","embeddable":true,"href":"https:\/\/buletin.de\/bucuresti\/wp-json\/wp\/v2\/tags?post=49719"},{"taxonomy":"author","embeddable":true,"href":"https:\/\/buletin.de\/bucuresti\/wp-json\/wp\/v2\/ppma_author?post=49719"}],"curies":[{"name":"wp","href":"https:\/\/api.w.org\/{rel}","templated":true}]}}