{"id":49711,"date":"2022-12-13T15:32:02","date_gmt":"2022-12-13T13:32:02","guid":{"rendered":"https:\/\/buletin.de\/bucuresti\/?p=49711"},"modified":"2022-12-13T15:33:55","modified_gmt":"2022-12-13T13:33:55","slug":"dna-trimite-in-judecata-fostii-sefi-ai-institutul-national-pentru-sanatatea-mamei-si-copilului-bucuresti-dupa-o-investigatie-buletin-de-bucuresti-prejudiciul-estimat-este-de-peste-1-milion-de-lei","status":"publish","type":"post","link":"https:\/\/buletin.de\/bucuresti\/dna-trimite-in-judecata-fostii-sefi-ai-institutul-national-pentru-sanatatea-mamei-si-copilului-bucuresti-dupa-o-investigatie-buletin-de-bucuresti-prejudiciul-estimat-este-de-peste-1-milion-de-lei\/","title":{"rendered":"DNA trimite \u00een judecat\u0103 fo\u0219tii \u0219efi ai Institutul Na\u021bional pentru S\u0103n\u0103tatea Mamei \u0219i Copilului dup\u0103 o investiga\u021bie Buletin de Bucure\u0219ti. Prejudiciul estimat este de peste 1 milion de lei"},"content":{"rendered":"\n<p><strong>\u00cen martie 2021, <a href=\"https:\/\/buletin.de\/bucuresti\/firma-purtatorului-de-cuvant-afaceri-de-700-000-de-lei-cu-institutul-national-pentru-sanatatea-mamei-si-copilului-bucuresti-institutul-cere-stampila-si-antet-ca-sa-raspunda-la-solicitarile-jurnalis\/\">Buletin de Bucure\u0219ti dezv\u0103luia c\u0103 Institutul Na\u021bional pentru S\u0103n\u0103tatea Mamei \u0219i Copilului din Capital\u0103 este singura unitate spitaliceasc\u0103 din Bucure\u0219ti care a achizi\u021bionat, \u00een ultimii patru ani, servicii de evenimente, prin achizi\u021bie direct\u0103.<\/a> Contractele, patru \u00een total, au fost atribuite firmei care apar\u021bine purt\u0103torului de cuv\u00e2nt al institutului \u0219i so\u021biei acestuia.<\/strong><\/p>\n\n\n\n<p><a href=\"https:\/\/buletin.de\/bucuresti\/firma-purtatorului-de-cuvant-afaceri-de-700-000-de-lei-cu-institutul-national-pentru-sanatatea-mamei-si-copilului-bucuresti-institutul-cere-stampila-si-antet-ca-sa-raspunda-la-solicitarile-jurnalis\/\">\u00cen urma dezv\u0103luirilor de atunci,<\/a> procurorii DNA au deschis o anchet\u0103 care s-a finalizat cu trimiterea \u00een judecat\u0103 a patru persoane pentru infrac\u021biuni asimilate infrac\u021biunilor de corup\u021bie:<\/p>\n\n\n\n<p><strong>BREZAN FLORIN-NICOLAIE<\/strong>, la data faptelor director medical (2018-2021) ulterior manager (2022) al Institutului Na\u021bional pentru S\u0103n\u0103tatea Mamei \u0219i Copilului \u201dAlessandrescu Rusescu\u201d, pentru infrac\u021biunea de abuz \u00een serviciu cu ob\u021binere de foloase necuvenite pentru sine sau altul \u00een form\u0103 continuat\u0103 (\u0219ase acte materiale)<br><strong>LESNE MONICA-MIHAELA<\/strong>, la data faptelor \u0219ef\u0103 birou achizi\u021bii \u00een cadrul institu\u021biei publice men\u021bionate, pentru infrac\u021biunea de abuz \u00een serviciu cu ob\u021binere de foloase necuvenite pentru sine sau altul \u00een form\u0103 continuat\u0103 (trei acte materiale)<br><strong>\u0218TEF\u0102NESCU BOGDAN-IOAN<\/strong>, \u00een prezent \u0219i la data faptelor purt\u0103tor de cuv\u00e2nt al institu\u021biei publice men\u021bionate \u0219i asociat al SC Media Strategy &amp; Conferences SRL, pentru instigare la infrac\u021biunea de abuz \u00een serviciu cu ob\u021binere de foloase necuvenite pentru sine sau altul \u00een form\u0103 continuat\u0103 (\u0219ase acte materiale)<br><strong>SC Media Strategy &amp; Conferences SRL<\/strong>, pentru complicitate la infrac\u021biunea de abuz \u00een serviciu cu ob\u021binere de foloase necuvenite pentru sine sau altul \u00een form\u0103 continuat\u0103 (\u0219ase acte materiale)<\/p>\n\n\n\n<p>Potivit procurorilor DNA, \u00een perioada octombrie 2018 &#8211; mai 2022, inculpatul \u0218tef\u0103nescu Bogdan-Ioan, purt\u0103tor de cuv\u00e2nt al Institutului Na\u021bional pentru S\u0103n\u0103tatea Mamei \u0219i Copilului \u201dAlessandrescu Rusescu\u201d, dar \u0219i ac\u021bionar al SC Media Strategy &amp; Conferences S.R.L., i-ar fi determinat pe directorul medical, ulterior managerul institutului, Brezan Florin \u0219i pe \u0219efa biroului achizi\u021bii, Lesne Monica Mihaela, ambii coinculpa\u021bi \u00een cauz\u0103, s\u0103 \u00eentocmeasc\u0103\/avizeze\/semneze, cu \u00eenc\u0103lcarea legisla\u021biei primare (OG nr. 119\/1999 \u0219i Legea nr. 98\/2016 ) o serie de documente pe baza c\u0103rora s-au \u00eencheiat \u0219ase contracte \u00eentre institut \u0219i firma la care era ac\u021bionar era purt\u0103torul de cuv\u00e2nt al aceluia\u0219i institut.<\/p>\n\n\n\n<p>Mai mult, \u00een calitate de firm\u0103 prestatoare, inculpata SC Media Strategy &amp; Conferences SRL nu ar fi avut capacitate profesional\u0103 s\u0103 onoreze serviciile contractate, respectiv \u201dServicii de organizare evenimente\/conferin\u021be\u201d \u0219i \u201dServicii de promovare \u0219i publicitate\u201d.<\/p>\n\n\n\n<p>Ca urmare a activit\u0103\u021bilor descrise, s-ar fi produs un prejudiciu de 1.107.512 lei \u00een dauna Institutului Na\u021bional pentru S\u0103n\u0103tatea Mamei \u0219i Copilului \u201dAlessandrescu Rusescu\u201d, suma respectiv\u0103 reprezent\u00e2nd folos necuvenit pentru SC Media Strategy &amp; Conferences SRL.<\/p>\n\n\n\n<p>Institutul Na\u021bional pentru S\u0103n\u0103tatea Mamei \u0219i Copilului \u201dAlessandrescu Rusescu\u201d a comunicat faptul c\u0103 se constituie parte civil\u0103 \u00een cadrul procesului iar DNA a dispus m\u0103suri asigur\u0103torii asupra bunurilor tuturor inculpa\u021bilor.<\/p>\n\n\n\n<p>FOTO: Inquam Photos \/ Alexandru Busca <\/p>\n\n\n\n<figure class=\"wp-block-embed is-type-wp-embed is-provider-buletin-de-bucure\u0219ti wp-block-embed-buletin-de-bucure\u0219ti\"><div class=\"wp-block-embed__wrapper\">\n<blockquote class=\"wp-embedded-content\" data-secret=\"Pi3TEJz1Nt\"><a href=\"https:\/\/buletin.de\/bucuresti\/firma-purtatorului-de-cuvant-afaceri-de-700-000-de-lei-cu-institutul-national-pentru-sanatatea-mamei-si-copilului-bucuresti-institutul-cere-stampila-si-antet-ca-sa-raspunda-la-solicitarile-jurnalis\/\">Firma purt\u0103torului de cuv\u00e2nt, afaceri de 700.000 de lei cu Institutul Na\u021bional pentru S\u0103n\u0103tatea Mamei \u0219i Copilului Bucure\u0219ti | Institutul cere \u0219tampil\u0103 \u0219i antet ca s\u0103 r\u0103spund\u0103 la solicit\u0103rile jurnali\u0219tilor<\/a><\/blockquote><iframe class=\"wp-embedded-content\" sandbox=\"allow-scripts\" security=\"restricted\" style=\"position: absolute; clip: rect(1px, 1px, 1px, 1px);\" title=\"&#8222;Firma purt\u0103torului de cuv\u00e2nt, afaceri de 700.000 de lei cu Institutul Na\u021bional pentru S\u0103n\u0103tatea Mamei \u0219i Copilului Bucure\u0219ti | Institutul cere \u0219tampil\u0103 \u0219i antet ca s\u0103 r\u0103spund\u0103 la solicit\u0103rile jurnali\u0219tilor&#8221; &#8212; Buletin de Bucure\u0219ti\" src=\"https:\/\/buletin.de\/bucuresti\/firma-purtatorului-de-cuvant-afaceri-de-700-000-de-lei-cu-institutul-national-pentru-sanatatea-mamei-si-copilului-bucuresti-institutul-cere-stampila-si-antet-ca-sa-raspunda-la-solicitarile-jurnalis\/embed\/#?secret=AVlw59ivuZ#?secret=Pi3TEJz1Nt\" data-secret=\"Pi3TEJz1Nt\" width=\"600\" height=\"338\" frameborder=\"0\" marginwidth=\"0\" marginheight=\"0\" scrolling=\"no\"><\/iframe>\n<\/div><\/figure>\n\n\n\n<p><\/p>\n","protected":false},"excerpt":{"rendered":"<p>\u00cen martie 2021, Buletin de Bucure\u0219ti dezv\u0103luia c\u0103 Institutul Na\u021bional pentru S\u0103n\u0103tatea Mamei \u0219i Copilului din Capital\u0103 este singura unitate spitaliceasc\u0103 din Bucure\u0219ti care a achizi\u021bionat, \u00een ultimii patru ani, servicii de evenimente, prin achizi\u021bie direct\u0103. Contractele, patru \u00een total, au fost atribuite firmei care apar\u021bine purt\u0103torului de cuv\u00e2nt al institutului \u0219i so\u021biei acestuia. \u00cen [&hellip;]<\/p>\n","protected":false},"author":10,"featured_media":49715,"comment_status":"closed","ping_status":"open","sticky":false,"template":"","format":"standard","meta":{"_acf_changed":false,"inline_featured_image":false,"ngg_post_thumbnail":0,"footnotes":""},"categories":[3419,4],"tags":[875,4941],"ppma_author":[22575],"class_list":["post-49711","post","type-post","status-publish","format-standard","has-post-thumbnail","hentry","category-featured","category-sanatate","tag-dna","tag-institutul-national-pentru-sanatatea-mamei-si-copilului-bucuresti"],"acf":[],"yoast_head":"<!-- This site is optimized with the Yoast SEO Premium plugin v25.3 (Yoast SEO v27.4) - https:\/\/yoast.com\/product\/yoast-seo-premium-wordpress\/ -->\n<title>DNA trimite \u00een judecat\u0103 fo\u0219tii \u0219efi ai Institutul Na\u021bional pentru S\u0103n\u0103tatea Mamei \u0219i Copilului dup\u0103 o investiga\u021bie Buletin de Bucure\u0219ti. Prejudiciul estimat este de peste 1 milion de lei - Buletin de Bucure\u0219ti<\/title>\n<meta name=\"robots\" content=\"index, follow, max-snippet:-1, max-image-preview:large, max-video-preview:-1\" \/>\n<link rel=\"canonical\" href=\"https:\/\/buletin.de\/bucuresti\/dna-trimite-in-judecata-fostii-sefi-ai-institutul-national-pentru-sanatatea-mamei-si-copilului-bucuresti-dupa-o-investigatie-buletin-de-bucuresti-prejudiciul-estimat-este-de-peste-1-milion-de-lei\/\" \/>\n<meta property=\"og:locale\" content=\"en_GB\" \/>\n<meta property=\"og:type\" content=\"article\" \/>\n<meta property=\"og:title\" content=\"DNA trimite \u00een judecat\u0103 fo\u0219tii \u0219efi ai Institutul Na\u021bional pentru S\u0103n\u0103tatea Mamei \u0219i Copilului dup\u0103 o investiga\u021bie Buletin de Bucure\u0219ti. Prejudiciul estimat este de peste 1 milion de lei\" \/>\n<meta property=\"og:description\" content=\"\u00cen martie 2021, Buletin de Bucure\u0219ti dezv\u0103luia c\u0103 Institutul Na\u021bional pentru S\u0103n\u0103tatea Mamei \u0219i Copilului din Capital\u0103 este singura unitate spitaliceasc\u0103 din Bucure\u0219ti care a achizi\u021bionat, \u00een ultimii patru ani, servicii de evenimente, prin achizi\u021bie direct\u0103. Contractele, patru \u00een total, au fost atribuite firmei care apar\u021bine purt\u0103torului de cuv\u00e2nt al institutului \u0219i so\u021biei acestuia. \u00cen [&hellip;]\" \/>\n<meta property=\"og:url\" content=\"https:\/\/buletin.de\/bucuresti\/dna-trimite-in-judecata-fostii-sefi-ai-institutul-national-pentru-sanatatea-mamei-si-copilului-bucuresti-dupa-o-investigatie-buletin-de-bucuresti-prejudiciul-estimat-este-de-peste-1-milion-de-lei\/\" \/>\n<meta property=\"og:site_name\" content=\"Buletin de Bucure\u0219ti\" \/>\n<meta property=\"article:publisher\" content=\"https:\/\/www.facebook.com\/buletin.de.buc\" \/>\n<meta property=\"article:published_time\" content=\"2022-12-13T13:32:02+00:00\" \/>\n<meta property=\"article:modified_time\" content=\"2022-12-13T13:33:55+00:00\" \/>\n<meta property=\"og:image\" content=\"https:\/\/buletin.de\/bucuresti\/wp-content\/uploads\/ID49248_INQUAM_Photos_Alexandru_Busca.jpg\" \/>\n\t<meta property=\"og:image:width\" content=\"2000\" \/>\n\t<meta property=\"og:image:height\" content=\"1333\" \/>\n\t<meta property=\"og:image:type\" content=\"image\/jpeg\" \/>\n<meta name=\"author\" content=\"C\u0103t\u0103lin Dosca\u0219\" \/>\n<meta name=\"twitter:card\" content=\"summary_large_image\" \/>\n<meta name=\"twitter:label1\" content=\"Written by\" \/>\n\t<meta name=\"twitter:data1\" content=\"C\u0103t\u0103lin Dosca\u0219\" \/>\n\t<meta name=\"twitter:label2\" content=\"Estimated reading time\" \/>\n\t<meta name=\"twitter:data2\" content=\"2 minutes\" \/>\n<script type=\"application\/ld+json\" class=\"yoast-schema-graph\">{\"@context\":\"https:\\\/\\\/schema.org\",\"@graph\":[{\"@type\":\"Article\",\"@id\":\"https:\\\/\\\/buletin.de\\\/bucuresti\\\/dna-trimite-in-judecata-fostii-sefi-ai-institutul-national-pentru-sanatatea-mamei-si-copilului-bucuresti-dupa-o-investigatie-buletin-de-bucuresti-prejudiciul-estimat-este-de-peste-1-milion-de-lei\\\/#article\",\"isPartOf\":{\"@id\":\"https:\\\/\\\/buletin.de\\\/bucuresti\\\/dna-trimite-in-judecata-fostii-sefi-ai-institutul-national-pentru-sanatatea-mamei-si-copilului-bucuresti-dupa-o-investigatie-buletin-de-bucuresti-prejudiciul-estimat-este-de-peste-1-milion-de-lei\\\/\"},\"author\":{\"name\":\"C\u0103t\u0103lin Dosca\u0219\",\"@id\":\"https:\\\/\\\/buletin.de\\\/bucuresti\\\/#\\\/schema\\\/person\\\/31117187ed4d0bdb0a4c7d6acc79d0f8\"},\"headline\":\"DNA trimite \u00een judecat\u0103 fo\u0219tii \u0219efi ai Institutul Na\u021bional pentru S\u0103n\u0103tatea Mamei \u0219i Copilului dup\u0103 o investiga\u021bie Buletin de Bucure\u0219ti. Prejudiciul estimat este de peste 1 milion de lei\",\"datePublished\":\"2022-12-13T13:32:02+00:00\",\"dateModified\":\"2022-12-13T13:33:55+00:00\",\"mainEntityOfPage\":{\"@id\":\"https:\\\/\\\/buletin.de\\\/bucuresti\\\/dna-trimite-in-judecata-fostii-sefi-ai-institutul-national-pentru-sanatatea-mamei-si-copilului-bucuresti-dupa-o-investigatie-buletin-de-bucuresti-prejudiciul-estimat-este-de-peste-1-milion-de-lei\\\/\"},\"wordCount\":539,\"publisher\":{\"@id\":\"https:\\\/\\\/buletin.de\\\/bucuresti\\\/#organization\"},\"image\":{\"@id\":\"https:\\\/\\\/buletin.de\\\/bucuresti\\\/dna-trimite-in-judecata-fostii-sefi-ai-institutul-national-pentru-sanatatea-mamei-si-copilului-bucuresti-dupa-o-investigatie-buletin-de-bucuresti-prejudiciul-estimat-este-de-peste-1-milion-de-lei\\\/#primaryimage\"},\"thumbnailUrl\":\"https:\\\/\\\/buletin.de\\\/bucuresti\\\/wp-content\\\/uploads\\\/ID49248_INQUAM_Photos_Alexandru_Busca.jpg\",\"keywords\":[\"dna\",\"Institutul Na\u021bional pentru S\u0103n\u0103tatea Mamei \u0219i Copilului Bucure\u0219ti\"],\"articleSection\":[\"Featured\",\"S\u0103n\u0103tate\"],\"inLanguage\":\"en-GB\",\"copyrightYear\":\"2022\",\"copyrightHolder\":{\"@id\":\"https:\\\/\\\/buletin.de\\\/bucuresti\\\/#organization\"}},{\"@type\":\"WebPage\",\"@id\":\"https:\\\/\\\/buletin.de\\\/bucuresti\\\/dna-trimite-in-judecata-fostii-sefi-ai-institutul-national-pentru-sanatatea-mamei-si-copilului-bucuresti-dupa-o-investigatie-buletin-de-bucuresti-prejudiciul-estimat-este-de-peste-1-milion-de-lei\\\/\",\"url\":\"https:\\\/\\\/buletin.de\\\/bucuresti\\\/dna-trimite-in-judecata-fostii-sefi-ai-institutul-national-pentru-sanatatea-mamei-si-copilului-bucuresti-dupa-o-investigatie-buletin-de-bucuresti-prejudiciul-estimat-este-de-peste-1-milion-de-lei\\\/\",\"name\":\"DNA trimite \u00een judecat\u0103 fo\u0219tii \u0219efi ai Institutul Na\u021bional pentru S\u0103n\u0103tatea Mamei \u0219i Copilului dup\u0103 o investiga\u021bie Buletin de Bucure\u0219ti. Prejudiciul estimat este de peste 1 milion de lei - Buletin de Bucure\u0219ti\",\"isPartOf\":{\"@id\":\"https:\\\/\\\/buletin.de\\\/bucuresti\\\/#website\"},\"primaryImageOfPage\":{\"@id\":\"https:\\\/\\\/buletin.de\\\/bucuresti\\\/dna-trimite-in-judecata-fostii-sefi-ai-institutul-national-pentru-sanatatea-mamei-si-copilului-bucuresti-dupa-o-investigatie-buletin-de-bucuresti-prejudiciul-estimat-este-de-peste-1-milion-de-lei\\\/#primaryimage\"},\"image\":{\"@id\":\"https:\\\/\\\/buletin.de\\\/bucuresti\\\/dna-trimite-in-judecata-fostii-sefi-ai-institutul-national-pentru-sanatatea-mamei-si-copilului-bucuresti-dupa-o-investigatie-buletin-de-bucuresti-prejudiciul-estimat-este-de-peste-1-milion-de-lei\\\/#primaryimage\"},\"thumbnailUrl\":\"https:\\\/\\\/buletin.de\\\/bucuresti\\\/wp-content\\\/uploads\\\/ID49248_INQUAM_Photos_Alexandru_Busca.jpg\",\"datePublished\":\"2022-12-13T13:32:02+00:00\",\"dateModified\":\"2022-12-13T13:33:55+00:00\",\"breadcrumb\":{\"@id\":\"https:\\\/\\\/buletin.de\\\/bucuresti\\\/dna-trimite-in-judecata-fostii-sefi-ai-institutul-national-pentru-sanatatea-mamei-si-copilului-bucuresti-dupa-o-investigatie-buletin-de-bucuresti-prejudiciul-estimat-este-de-peste-1-milion-de-lei\\\/#breadcrumb\"},\"inLanguage\":\"en-GB\",\"potentialAction\":[{\"@type\":\"ReadAction\",\"target\":[\"https:\\\/\\\/buletin.de\\\/bucuresti\\\/dna-trimite-in-judecata-fostii-sefi-ai-institutul-national-pentru-sanatatea-mamei-si-copilului-bucuresti-dupa-o-investigatie-buletin-de-bucuresti-prejudiciul-estimat-este-de-peste-1-milion-de-lei\\\/\"]}]},{\"@type\":\"ImageObject\",\"inLanguage\":\"en-GB\",\"@id\":\"https:\\\/\\\/buletin.de\\\/bucuresti\\\/dna-trimite-in-judecata-fostii-sefi-ai-institutul-national-pentru-sanatatea-mamei-si-copilului-bucuresti-dupa-o-investigatie-buletin-de-bucuresti-prejudiciul-estimat-este-de-peste-1-milion-de-lei\\\/#primaryimage\",\"url\":\"https:\\\/\\\/buletin.de\\\/bucuresti\\\/wp-content\\\/uploads\\\/ID49248_INQUAM_Photos_Alexandru_Busca.jpg\",\"contentUrl\":\"https:\\\/\\\/buletin.de\\\/bucuresti\\\/wp-content\\\/uploads\\\/ID49248_INQUAM_Photos_Alexandru_Busca.jpg\",\"width\":2000,\"height\":1333},{\"@type\":\"BreadcrumbList\",\"@id\":\"https:\\\/\\\/buletin.de\\\/bucuresti\\\/dna-trimite-in-judecata-fostii-sefi-ai-institutul-national-pentru-sanatatea-mamei-si-copilului-bucuresti-dupa-o-investigatie-buletin-de-bucuresti-prejudiciul-estimat-este-de-peste-1-milion-de-lei\\\/#breadcrumb\",\"itemListElement\":[{\"@type\":\"ListItem\",\"position\":1,\"name\":\"Acas\u0103\",\"item\":\"https:\\\/\\\/buletin.de\\\/bucuresti\\\/\"},{\"@type\":\"ListItem\",\"position\":2,\"name\":\"DNA trimite \u00een judecat\u0103 fo\u0219tii \u0219efi ai Institutul Na\u021bional pentru S\u0103n\u0103tatea Mamei \u0219i Copilului dup\u0103 o investiga\u021bie Buletin de Bucure\u0219ti. Prejudiciul estimat este de peste 1 milion de lei\"}]},{\"@type\":\"WebSite\",\"@id\":\"https:\\\/\\\/buletin.de\\\/bucuresti\\\/#website\",\"url\":\"https:\\\/\\\/buletin.de\\\/bucuresti\\\/\",\"name\":\"Buletin de Bucure\u0219ti\",\"description\":\"\u0218tiri \u0219i investiga\u021bii esen\u021biale din capital\u0103\",\"publisher\":{\"@id\":\"https:\\\/\\\/buletin.de\\\/bucuresti\\\/#organization\"},\"potentialAction\":[{\"@type\":\"SearchAction\",\"target\":{\"@type\":\"EntryPoint\",\"urlTemplate\":\"https:\\\/\\\/buletin.de\\\/bucuresti\\\/?s={search_term_string}\"},\"query-input\":{\"@type\":\"PropertyValueSpecification\",\"valueRequired\":true,\"valueName\":\"search_term_string\"}}],\"inLanguage\":\"en-GB\"},{\"@type\":\"Organization\",\"@id\":\"https:\\\/\\\/buletin.de\\\/bucuresti\\\/#organization\",\"name\":\"Buletin de Bucure\u0219ti\",\"url\":\"https:\\\/\\\/buletin.de\\\/bucuresti\\\/\",\"logo\":{\"@type\":\"ImageObject\",\"inLanguage\":\"en-GB\",\"@id\":\"https:\\\/\\\/buletin.de\\\/bucuresti\\\/#\\\/schema\\\/logo\\\/image\\\/\",\"url\":\"https:\\\/\\\/buletin.de\\\/bucuresti\\\/wp-content\\\/uploads\\\/logo-bdb-full-wide-vernil-transparent.png\",\"contentUrl\":\"https:\\\/\\\/buletin.de\\\/bucuresti\\\/wp-content\\\/uploads\\\/logo-bdb-full-wide-vernil-transparent.png\",\"width\":1782,\"height\":626,\"caption\":\"Buletin de Bucure\u0219ti\"},\"image\":{\"@id\":\"https:\\\/\\\/buletin.de\\\/bucuresti\\\/#\\\/schema\\\/logo\\\/image\\\/\"},\"sameAs\":[\"https:\\\/\\\/www.facebook.com\\\/buletin.de.buc\",\"https:\\\/\\\/www.instagram.com\\\/buletinde.bucuresti\\\/\"]},{\"@type\":\"Person\",\"@id\":\"https:\\\/\\\/buletin.de\\\/bucuresti\\\/#\\\/schema\\\/person\\\/31117187ed4d0bdb0a4c7d6acc79d0f8\",\"name\":\"C\u0103t\u0103lin Dosca\u0219\",\"image\":{\"@type\":\"ImageObject\",\"inLanguage\":\"en-GB\",\"@id\":\"https:\\\/\\\/buletin.de\\\/bucuresti\\\/wp-content\\\/uploads\\\/Catalin-Doscas-e1732731064764-96x96.jpga93e2943bb3b1c1f9ead823df6e6317a\",\"url\":\"https:\\\/\\\/buletin.de\\\/bucuresti\\\/wp-content\\\/uploads\\\/Catalin-Doscas-e1732731064764-96x96.jpg\",\"contentUrl\":\"https:\\\/\\\/buletin.de\\\/bucuresti\\\/wp-content\\\/uploads\\\/Catalin-Doscas-e1732731064764-96x96.jpg\",\"caption\":\"C\u0103t\u0103lin Dosca\u0219\"},\"description\":\"Reporter \u0219i redactor-\u0219ef Buletin de Bucure\u0219ti. Lucreaz\u0103 \u00een mass-media de la v\u00e2rsta de 15 ani, c\u00e2nd a publicat primele articole \u00een presa local\u0103 din Tecuci. \u00cen Bucure\u0219ti a lucrat \u00een redac\u021bii radio ca reporter, redactor \u0219i prezentator (StudentFM, Na\u021bionalFM, Radio Total, Smart FM), unde a acoperit domeniile politic, economic, social \u0219i externe. Ulterior, a fost editor-coordonator al postului Realitatea FM. Experien\u021ba \u00een jurnalismul online a dob\u00e2ndit-o la portalul B365.ro, unde a fost editor. \u00cen 2012 s-a angajat \u00een televiziune. La Realitatea TV a fost, pe r\u00e2nd, reporter la sec\u021bia Social, reporter special la emisiunea de reportaje \u0219i anchete \u201eReporterii Realit\u0103\u021bii\u201d, dar \u0219i editor al jurnalelor de \u0219tiri. Ulterior, a f\u0103cut parte din sec\u021bia de Investiga\u021bii de la Digi24 \u0219i a lucrat la campania \u201eRom\u00e2nia furat\u0103\u201d. A revenit \u00een presa scris\u0103 \u00een 2017, ca reporter special, \u00een cadrul unui proiect de repozi\u021bionare a tabloidului Libertatea \u00een cotidian generalist. Este jurnalist Buletin de Bucure\u0219ti din 2019.\",\"url\":\"https:\\\/\\\/buletin.de\\\/bucuresti\\\/author\\\/catalin\\\/\"}]}<\/script>\n<!-- \/ Yoast SEO Premium plugin. -->","yoast_head_json":{"title":"DNA trimite \u00een judecat\u0103 fo\u0219tii \u0219efi ai Institutul Na\u021bional pentru S\u0103n\u0103tatea Mamei \u0219i Copilului dup\u0103 o investiga\u021bie Buletin de Bucure\u0219ti. Prejudiciul estimat este de peste 1 milion de lei - Buletin de Bucure\u0219ti","robots":{"index":"index","follow":"follow","max-snippet":"max-snippet:-1","max-image-preview":"max-image-preview:large","max-video-preview":"max-video-preview:-1"},"canonical":"https:\/\/buletin.de\/bucuresti\/dna-trimite-in-judecata-fostii-sefi-ai-institutul-national-pentru-sanatatea-mamei-si-copilului-bucuresti-dupa-o-investigatie-buletin-de-bucuresti-prejudiciul-estimat-este-de-peste-1-milion-de-lei\/","og_locale":"en_GB","og_type":"article","og_title":"DNA trimite \u00een judecat\u0103 fo\u0219tii \u0219efi ai Institutul Na\u021bional pentru S\u0103n\u0103tatea Mamei \u0219i Copilului dup\u0103 o investiga\u021bie Buletin de Bucure\u0219ti. Prejudiciul estimat este de peste 1 milion de lei","og_description":"\u00cen martie 2021, Buletin de Bucure\u0219ti dezv\u0103luia c\u0103 Institutul Na\u021bional pentru S\u0103n\u0103tatea Mamei \u0219i Copilului din Capital\u0103 este singura unitate spitaliceasc\u0103 din Bucure\u0219ti care a achizi\u021bionat, \u00een ultimii patru ani, servicii de evenimente, prin achizi\u021bie direct\u0103. Contractele, patru \u00een total, au fost atribuite firmei care apar\u021bine purt\u0103torului de cuv\u00e2nt al institutului \u0219i so\u021biei acestuia. \u00cen [&hellip;]","og_url":"https:\/\/buletin.de\/bucuresti\/dna-trimite-in-judecata-fostii-sefi-ai-institutul-national-pentru-sanatatea-mamei-si-copilului-bucuresti-dupa-o-investigatie-buletin-de-bucuresti-prejudiciul-estimat-este-de-peste-1-milion-de-lei\/","og_site_name":"Buletin de Bucure\u0219ti","article_publisher":"https:\/\/www.facebook.com\/buletin.de.buc","article_published_time":"2022-12-13T13:32:02+00:00","article_modified_time":"2022-12-13T13:33:55+00:00","og_image":[{"width":2000,"height":1333,"url":"https:\/\/buletin.de\/bucuresti\/wp-content\/uploads\/ID49248_INQUAM_Photos_Alexandru_Busca.jpg","type":"image\/jpeg"}],"author":"C\u0103t\u0103lin Dosca\u0219","twitter_card":"summary_large_image","twitter_misc":{"Written by":"C\u0103t\u0103lin Dosca\u0219","Estimated reading time":"2 minutes"},"schema":{"@context":"https:\/\/schema.org","@graph":[{"@type":"Article","@id":"https:\/\/buletin.de\/bucuresti\/dna-trimite-in-judecata-fostii-sefi-ai-institutul-national-pentru-sanatatea-mamei-si-copilului-bucuresti-dupa-o-investigatie-buletin-de-bucuresti-prejudiciul-estimat-este-de-peste-1-milion-de-lei\/#article","isPartOf":{"@id":"https:\/\/buletin.de\/bucuresti\/dna-trimite-in-judecata-fostii-sefi-ai-institutul-national-pentru-sanatatea-mamei-si-copilului-bucuresti-dupa-o-investigatie-buletin-de-bucuresti-prejudiciul-estimat-este-de-peste-1-milion-de-lei\/"},"author":{"name":"C\u0103t\u0103lin Dosca\u0219","@id":"https:\/\/buletin.de\/bucuresti\/#\/schema\/person\/31117187ed4d0bdb0a4c7d6acc79d0f8"},"headline":"DNA trimite \u00een judecat\u0103 fo\u0219tii \u0219efi ai Institutul Na\u021bional pentru S\u0103n\u0103tatea Mamei \u0219i Copilului dup\u0103 o investiga\u021bie Buletin de Bucure\u0219ti. Prejudiciul estimat este de peste 1 milion de lei","datePublished":"2022-12-13T13:32:02+00:00","dateModified":"2022-12-13T13:33:55+00:00","mainEntityOfPage":{"@id":"https:\/\/buletin.de\/bucuresti\/dna-trimite-in-judecata-fostii-sefi-ai-institutul-national-pentru-sanatatea-mamei-si-copilului-bucuresti-dupa-o-investigatie-buletin-de-bucuresti-prejudiciul-estimat-este-de-peste-1-milion-de-lei\/"},"wordCount":539,"publisher":{"@id":"https:\/\/buletin.de\/bucuresti\/#organization"},"image":{"@id":"https:\/\/buletin.de\/bucuresti\/dna-trimite-in-judecata-fostii-sefi-ai-institutul-national-pentru-sanatatea-mamei-si-copilului-bucuresti-dupa-o-investigatie-buletin-de-bucuresti-prejudiciul-estimat-este-de-peste-1-milion-de-lei\/#primaryimage"},"thumbnailUrl":"https:\/\/buletin.de\/bucuresti\/wp-content\/uploads\/ID49248_INQUAM_Photos_Alexandru_Busca.jpg","keywords":["dna","Institutul Na\u021bional pentru S\u0103n\u0103tatea Mamei \u0219i Copilului Bucure\u0219ti"],"articleSection":["Featured","S\u0103n\u0103tate"],"inLanguage":"en-GB","copyrightYear":"2022","copyrightHolder":{"@id":"https:\/\/buletin.de\/bucuresti\/#organization"}},{"@type":"WebPage","@id":"https:\/\/buletin.de\/bucuresti\/dna-trimite-in-judecata-fostii-sefi-ai-institutul-national-pentru-sanatatea-mamei-si-copilului-bucuresti-dupa-o-investigatie-buletin-de-bucuresti-prejudiciul-estimat-este-de-peste-1-milion-de-lei\/","url":"https:\/\/buletin.de\/bucuresti\/dna-trimite-in-judecata-fostii-sefi-ai-institutul-national-pentru-sanatatea-mamei-si-copilului-bucuresti-dupa-o-investigatie-buletin-de-bucuresti-prejudiciul-estimat-este-de-peste-1-milion-de-lei\/","name":"DNA trimite \u00een judecat\u0103 fo\u0219tii \u0219efi ai Institutul Na\u021bional pentru S\u0103n\u0103tatea Mamei \u0219i Copilului dup\u0103 o investiga\u021bie Buletin de Bucure\u0219ti. Prejudiciul estimat este de peste 1 milion de lei - Buletin de Bucure\u0219ti","isPartOf":{"@id":"https:\/\/buletin.de\/bucuresti\/#website"},"primaryImageOfPage":{"@id":"https:\/\/buletin.de\/bucuresti\/dna-trimite-in-judecata-fostii-sefi-ai-institutul-national-pentru-sanatatea-mamei-si-copilului-bucuresti-dupa-o-investigatie-buletin-de-bucuresti-prejudiciul-estimat-este-de-peste-1-milion-de-lei\/#primaryimage"},"image":{"@id":"https:\/\/buletin.de\/bucuresti\/dna-trimite-in-judecata-fostii-sefi-ai-institutul-national-pentru-sanatatea-mamei-si-copilului-bucuresti-dupa-o-investigatie-buletin-de-bucuresti-prejudiciul-estimat-este-de-peste-1-milion-de-lei\/#primaryimage"},"thumbnailUrl":"https:\/\/buletin.de\/bucuresti\/wp-content\/uploads\/ID49248_INQUAM_Photos_Alexandru_Busca.jpg","datePublished":"2022-12-13T13:32:02+00:00","dateModified":"2022-12-13T13:33:55+00:00","breadcrumb":{"@id":"https:\/\/buletin.de\/bucuresti\/dna-trimite-in-judecata-fostii-sefi-ai-institutul-national-pentru-sanatatea-mamei-si-copilului-bucuresti-dupa-o-investigatie-buletin-de-bucuresti-prejudiciul-estimat-este-de-peste-1-milion-de-lei\/#breadcrumb"},"inLanguage":"en-GB","potentialAction":[{"@type":"ReadAction","target":["https:\/\/buletin.de\/bucuresti\/dna-trimite-in-judecata-fostii-sefi-ai-institutul-national-pentru-sanatatea-mamei-si-copilului-bucuresti-dupa-o-investigatie-buletin-de-bucuresti-prejudiciul-estimat-este-de-peste-1-milion-de-lei\/"]}]},{"@type":"ImageObject","inLanguage":"en-GB","@id":"https:\/\/buletin.de\/bucuresti\/dna-trimite-in-judecata-fostii-sefi-ai-institutul-national-pentru-sanatatea-mamei-si-copilului-bucuresti-dupa-o-investigatie-buletin-de-bucuresti-prejudiciul-estimat-este-de-peste-1-milion-de-lei\/#primaryimage","url":"https:\/\/buletin.de\/bucuresti\/wp-content\/uploads\/ID49248_INQUAM_Photos_Alexandru_Busca.jpg","contentUrl":"https:\/\/buletin.de\/bucuresti\/wp-content\/uploads\/ID49248_INQUAM_Photos_Alexandru_Busca.jpg","width":2000,"height":1333},{"@type":"BreadcrumbList","@id":"https:\/\/buletin.de\/bucuresti\/dna-trimite-in-judecata-fostii-sefi-ai-institutul-national-pentru-sanatatea-mamei-si-copilului-bucuresti-dupa-o-investigatie-buletin-de-bucuresti-prejudiciul-estimat-este-de-peste-1-milion-de-lei\/#breadcrumb","itemListElement":[{"@type":"ListItem","position":1,"name":"Acas\u0103","item":"https:\/\/buletin.de\/bucuresti\/"},{"@type":"ListItem","position":2,"name":"DNA trimite \u00een judecat\u0103 fo\u0219tii \u0219efi ai Institutul Na\u021bional pentru S\u0103n\u0103tatea Mamei \u0219i Copilului dup\u0103 o investiga\u021bie Buletin de Bucure\u0219ti. Prejudiciul estimat este de peste 1 milion de lei"}]},{"@type":"WebSite","@id":"https:\/\/buletin.de\/bucuresti\/#website","url":"https:\/\/buletin.de\/bucuresti\/","name":"Buletin de Bucure\u0219ti","description":"\u0218tiri \u0219i investiga\u021bii esen\u021biale din capital\u0103","publisher":{"@id":"https:\/\/buletin.de\/bucuresti\/#organization"},"potentialAction":[{"@type":"SearchAction","target":{"@type":"EntryPoint","urlTemplate":"https:\/\/buletin.de\/bucuresti\/?s={search_term_string}"},"query-input":{"@type":"PropertyValueSpecification","valueRequired":true,"valueName":"search_term_string"}}],"inLanguage":"en-GB"},{"@type":"Organization","@id":"https:\/\/buletin.de\/bucuresti\/#organization","name":"Buletin de Bucure\u0219ti","url":"https:\/\/buletin.de\/bucuresti\/","logo":{"@type":"ImageObject","inLanguage":"en-GB","@id":"https:\/\/buletin.de\/bucuresti\/#\/schema\/logo\/image\/","url":"https:\/\/buletin.de\/bucuresti\/wp-content\/uploads\/logo-bdb-full-wide-vernil-transparent.png","contentUrl":"https:\/\/buletin.de\/bucuresti\/wp-content\/uploads\/logo-bdb-full-wide-vernil-transparent.png","width":1782,"height":626,"caption":"Buletin de Bucure\u0219ti"},"image":{"@id":"https:\/\/buletin.de\/bucuresti\/#\/schema\/logo\/image\/"},"sameAs":["https:\/\/www.facebook.com\/buletin.de.buc","https:\/\/www.instagram.com\/buletinde.bucuresti\/"]},{"@type":"Person","@id":"https:\/\/buletin.de\/bucuresti\/#\/schema\/person\/31117187ed4d0bdb0a4c7d6acc79d0f8","name":"C\u0103t\u0103lin Dosca\u0219","image":{"@type":"ImageObject","inLanguage":"en-GB","@id":"https:\/\/buletin.de\/bucuresti\/wp-content\/uploads\/Catalin-Doscas-e1732731064764-96x96.jpga93e2943bb3b1c1f9ead823df6e6317a","url":"https:\/\/buletin.de\/bucuresti\/wp-content\/uploads\/Catalin-Doscas-e1732731064764-96x96.jpg","contentUrl":"https:\/\/buletin.de\/bucuresti\/wp-content\/uploads\/Catalin-Doscas-e1732731064764-96x96.jpg","caption":"C\u0103t\u0103lin Dosca\u0219"},"description":"Reporter \u0219i redactor-\u0219ef Buletin de Bucure\u0219ti. Lucreaz\u0103 \u00een mass-media de la v\u00e2rsta de 15 ani, c\u00e2nd a publicat primele articole \u00een presa local\u0103 din Tecuci. \u00cen Bucure\u0219ti a lucrat \u00een redac\u021bii radio ca reporter, redactor \u0219i prezentator (StudentFM, Na\u021bionalFM, Radio Total, Smart FM), unde a acoperit domeniile politic, economic, social \u0219i externe. Ulterior, a fost editor-coordonator al postului Realitatea FM. Experien\u021ba \u00een jurnalismul online a dob\u00e2ndit-o la portalul B365.ro, unde a fost editor. \u00cen 2012 s-a angajat \u00een televiziune. La Realitatea TV a fost, pe r\u00e2nd, reporter la sec\u021bia Social, reporter special la emisiunea de reportaje \u0219i anchete \u201eReporterii Realit\u0103\u021bii\u201d, dar \u0219i editor al jurnalelor de \u0219tiri. Ulterior, a f\u0103cut parte din sec\u021bia de Investiga\u021bii de la Digi24 \u0219i a lucrat la campania \u201eRom\u00e2nia furat\u0103\u201d. A revenit \u00een presa scris\u0103 \u00een 2017, ca reporter special, \u00een cadrul unui proiect de repozi\u021bionare a tabloidului Libertatea \u00een cotidian generalist. Este jurnalist Buletin de Bucure\u0219ti din 2019.","url":"https:\/\/buletin.de\/bucuresti\/author\/catalin\/"}]}},"authors":[{"term_id":22575,"user_id":10,"is_guest":0,"slug":"catalin","display_name":"C\u0103t\u0103lin Dosca\u0219","avatar_url":"https:\/\/buletin.de\/bucuresti\/wp-content\/uploads\/Catalin-Doscas-e1732731064764-96x96.jpg","0":null,"1":"","2":"","3":"","4":"","5":"","6":"","7":"","8":""}],"_links":{"self":[{"href":"https:\/\/buletin.de\/bucuresti\/wp-json\/wp\/v2\/posts\/49711","targetHints":{"allow":["GET"]}}],"collection":[{"href":"https:\/\/buletin.de\/bucuresti\/wp-json\/wp\/v2\/posts"}],"about":[{"href":"https:\/\/buletin.de\/bucuresti\/wp-json\/wp\/v2\/types\/post"}],"author":[{"embeddable":true,"href":"https:\/\/buletin.de\/bucuresti\/wp-json\/wp\/v2\/users\/10"}],"replies":[{"embeddable":true,"href":"https:\/\/buletin.de\/bucuresti\/wp-json\/wp\/v2\/comments?post=49711"}],"version-history":[{"count":3,"href":"https:\/\/buletin.de\/bucuresti\/wp-json\/wp\/v2\/posts\/49711\/revisions"}],"predecessor-version":[{"id":49717,"href":"https:\/\/buletin.de\/bucuresti\/wp-json\/wp\/v2\/posts\/49711\/revisions\/49717"}],"wp:featuredmedia":[{"embeddable":true,"href":"https:\/\/buletin.de\/bucuresti\/wp-json\/wp\/v2\/media\/49715"}],"wp:attachment":[{"href":"https:\/\/buletin.de\/bucuresti\/wp-json\/wp\/v2\/media?parent=49711"}],"wp:term":[{"taxonomy":"category","embeddable":true,"href":"https:\/\/buletin.de\/bucuresti\/wp-json\/wp\/v2\/categories?post=49711"},{"taxonomy":"post_tag","embeddable":true,"href":"https:\/\/buletin.de\/bucuresti\/wp-json\/wp\/v2\/tags?post=49711"},{"taxonomy":"author","embeddable":true,"href":"https:\/\/buletin.de\/bucuresti\/wp-json\/wp\/v2\/ppma_author?post=49711"}],"curies":[{"name":"wp","href":"https:\/\/api.w.org\/{rel}","templated":true}]}}