{"id":49623,"date":"2022-12-12T15:53:57","date_gmt":"2022-12-12T13:53:57","guid":{"rendered":"https:\/\/buletin.de\/bucuresti\/?p=49623"},"modified":"2022-12-12T15:53:58","modified_gmt":"2022-12-12T13:53:58","slug":"600-de-elevi-din-sectorul-6-au-participat-la-proiectul-cultural-educational-e-adevarat-e-adevarat-e-adevarat-derulat-de-teatrul-act","status":"publish","type":"post","link":"https:\/\/buletin.de\/bucuresti\/600-de-elevi-din-sectorul-6-au-participat-la-proiectul-cultural-educational-e-adevarat-e-adevarat-e-adevarat-derulat-de-teatrul-act\/","title":{"rendered":"600 de elevi din Sectorul 6 au participat la proiectul cultural-educa\u021bional \u201eE adev\u0103rat, E adev\u0103rat, E adev\u0103rat!\u201d, derulat de Teatrul Act"},"content":{"rendered":"\n<p>Proiectul \u201dE adev\u0103rat, E adev\u0103rat, E adev\u0103rat!\u201d realizat de Teatrul Act, \u00eencurajeaz\u0103 implicarea elevilor \u00een activit\u0103\u021bile cultral-educa\u021bionale, prin punerea \u00een scen\u0103 a unei piese de teatru destinat\u0103 tinerilor. Prim\u0103ria Sectorului 6 a finan\u021bat proiectul prin fonduri nerambursabile de la bugetul local.<\/p>\n\n\n\n<p>Scopul proiectului realizat de Teatrul Act este de a informa \u0219i educa elevii de liceu din Sectorul 3 cu privire la importan\u021ba drepturilor omului \u0219i a egalit\u0103\u021bii de gen. Piesa \u201eE adev\u0103rat, E adev\u0103rat, E adev\u0103rat!\u201d de Breach Theatre, \u00een regia lui Alexandru M\u00e2zg\u0103reanu, a fost jucat\u0103 \u00een trei reprezenta\u021bii, av\u00e2ndu-le \u00een distribu\u021bie pe Emilia Bebu, Mihaela Teleoac\u0103 \u0219i Floren\u021bia \u021ailea. Peste 600 de elevi de la liceele din Sectorul 3 au participat la cele trei reprezenta\u021bii, care au fost urmate de o dezbatere coordonat\u0103 de un psiholog, despre temele abordate \u00een spectacol.<\/p>\n\n\n\n<p>Piesa &nbsp;\u201eE adev\u0103rat, E adev\u0103rat, E adev\u0103rat!\u201d de Breach Theatre, este &nbsp;la prima montare \u00een Rom\u00e2nia. Povestea reia procesul din 1612 al lui Agostino Tassi pentru violul pictori\u021bei baroce Artemsia Gentileschi. Dramatizarea scoate \u00een eviden\u021b\u0103 elemente de istorie, mituri, \u0219i perspective contemporane care arat\u0103 c\u00e2t de pu\u021bin s-a schimbat societatea \u00een ultimele patru secole. Spectacolul prezentat de Breach Theatre a ob\u021binut \u00een anul 2018 premiiile The Stage Edinburgh \u0219i Fringe First la Edinburgh Festival Fringe.<\/p>\n\n\n\n<p>Surs\u0103 foto: pagina de Facebook Prim\u0103ria Sectorului 3<\/p>\n","protected":false},"excerpt":{"rendered":"<p>Proiectul \u201dE adev\u0103rat, E adev\u0103rat, E adev\u0103rat!\u201d realizat de Teatrul Act, \u00eencurajeaz\u0103 implicarea elevilor \u00een activit\u0103\u021bile cultral-educa\u021bionale, prin punerea \u00een scen\u0103 a unei piese de teatru destinat\u0103 tinerilor. Prim\u0103ria Sectorului 6 a finan\u021bat proiectul prin fonduri nerambursabile de la bugetul local. Scopul proiectului realizat de Teatrul Act este de a informa \u0219i educa elevii de [&hellip;]<\/p>\n","protected":false},"author":45,"featured_media":49624,"comment_status":"closed","ping_status":"open","sticky":false,"template":"","format":"standard","meta":{"_acf_changed":false,"inline_featured_image":false,"ngg_post_thumbnail":0,"footnotes":""},"categories":[62],"tags":[],"ppma_author":[22604],"class_list":["post-49623","post","type-post","status-publish","format-standard","has-post-thumbnail","hentry","category-stiri"],"acf":[],"yoast_head":"<!-- This site is optimized with the Yoast SEO Premium plugin v25.3 (Yoast SEO v27.4) - https:\/\/yoast.com\/product\/yoast-seo-premium-wordpress\/ -->\n<title>600 de elevi din Sectorul 6 au participat la proiectul cultural-educa\u021bional \u201eE adev\u0103rat, E adev\u0103rat, E adev\u0103rat!\u201d, derulat de Teatrul Act - Buletin de Bucure\u0219ti<\/title>\n<meta name=\"robots\" content=\"index, follow, max-snippet:-1, max-image-preview:large, max-video-preview:-1\" \/>\n<link rel=\"canonical\" href=\"https:\/\/buletin.de\/bucuresti\/600-de-elevi-din-sectorul-6-au-participat-la-proiectul-cultural-educational-e-adevarat-e-adevarat-e-adevarat-derulat-de-teatrul-act\/\" \/>\n<meta property=\"og:locale\" content=\"en_GB\" \/>\n<meta property=\"og:type\" content=\"article\" \/>\n<meta property=\"og:title\" content=\"600 de elevi din Sectorul 6 au participat la proiectul cultural-educa\u021bional \u201eE adev\u0103rat, E adev\u0103rat, E adev\u0103rat!\u201d, derulat de Teatrul Act\" \/>\n<meta property=\"og:description\" content=\"Proiectul \u201dE adev\u0103rat, E adev\u0103rat, E adev\u0103rat!\u201d realizat de Teatrul Act, \u00eencurajeaz\u0103 implicarea elevilor \u00een activit\u0103\u021bile cultral-educa\u021bionale, prin punerea \u00een scen\u0103 a unei piese de teatru destinat\u0103 tinerilor. Prim\u0103ria Sectorului 6 a finan\u021bat proiectul prin fonduri nerambursabile de la bugetul local. Scopul proiectului realizat de Teatrul Act este de a informa \u0219i educa elevii de [&hellip;]\" \/>\n<meta property=\"og:url\" content=\"https:\/\/buletin.de\/bucuresti\/600-de-elevi-din-sectorul-6-au-participat-la-proiectul-cultural-educational-e-adevarat-e-adevarat-e-adevarat-derulat-de-teatrul-act\/\" \/>\n<meta property=\"og:site_name\" content=\"Buletin de Bucure\u0219ti\" \/>\n<meta property=\"article:publisher\" content=\"https:\/\/www.facebook.com\/buletin.de.buc\" \/>\n<meta property=\"article:published_time\" content=\"2022-12-12T13:53:57+00:00\" \/>\n<meta property=\"article:modified_time\" content=\"2022-12-12T13:53:58+00:00\" \/>\n<meta property=\"og:image\" content=\"https:\/\/buletin.de\/bucuresti\/wp-content\/uploads\/319193793_6051906561543254_7288153660903805231_n.jpg\" \/>\n\t<meta property=\"og:image:width\" content=\"956\" \/>\n\t<meta property=\"og:image:height\" content=\"636\" \/>\n\t<meta property=\"og:image:type\" content=\"image\/jpeg\" \/>\n<meta name=\"author\" content=\"Teodora \u0218uta\" \/>\n<meta name=\"twitter:card\" content=\"summary_large_image\" \/>\n<meta name=\"twitter:label1\" content=\"Written by\" \/>\n\t<meta name=\"twitter:data1\" content=\"Teodora \u0218uta\" \/>\n\t<meta name=\"twitter:label2\" content=\"Estimated reading time\" \/>\n\t<meta name=\"twitter:data2\" content=\"1 minute\" \/>\n<script type=\"application\/ld+json\" class=\"yoast-schema-graph\">{\"@context\":\"https:\\\/\\\/schema.org\",\"@graph\":[{\"@type\":\"Article\",\"@id\":\"https:\\\/\\\/buletin.de\\\/bucuresti\\\/600-de-elevi-din-sectorul-6-au-participat-la-proiectul-cultural-educational-e-adevarat-e-adevarat-e-adevarat-derulat-de-teatrul-act\\\/#article\",\"isPartOf\":{\"@id\":\"https:\\\/\\\/buletin.de\\\/bucuresti\\\/600-de-elevi-din-sectorul-6-au-participat-la-proiectul-cultural-educational-e-adevarat-e-adevarat-e-adevarat-derulat-de-teatrul-act\\\/\"},\"author\":{\"name\":\"Teodora \u0218uta\",\"@id\":\"https:\\\/\\\/buletin.de\\\/bucuresti\\\/#\\\/schema\\\/person\\\/5d54908fa90ab7ad3b2e88152efd6845\"},\"headline\":\"600 de elevi din Sectorul 6 au participat la proiectul cultural-educa\u021bional \u201eE adev\u0103rat, E adev\u0103rat, E adev\u0103rat!\u201d, derulat de Teatrul Act\",\"datePublished\":\"2022-12-12T13:53:57+00:00\",\"dateModified\":\"2022-12-12T13:53:58+00:00\",\"mainEntityOfPage\":{\"@id\":\"https:\\\/\\\/buletin.de\\\/bucuresti\\\/600-de-elevi-din-sectorul-6-au-participat-la-proiectul-cultural-educational-e-adevarat-e-adevarat-e-adevarat-derulat-de-teatrul-act\\\/\"},\"wordCount\":263,\"publisher\":{\"@id\":\"https:\\\/\\\/buletin.de\\\/bucuresti\\\/#organization\"},\"image\":{\"@id\":\"https:\\\/\\\/buletin.de\\\/bucuresti\\\/600-de-elevi-din-sectorul-6-au-participat-la-proiectul-cultural-educational-e-adevarat-e-adevarat-e-adevarat-derulat-de-teatrul-act\\\/#primaryimage\"},\"thumbnailUrl\":\"https:\\\/\\\/buletin.de\\\/bucuresti\\\/wp-content\\\/uploads\\\/319193793_6051906561543254_7288153660903805231_n.jpg\",\"articleSection\":[\"\u0218tiri\"],\"inLanguage\":\"en-GB\",\"copyrightYear\":\"2022\",\"copyrightHolder\":{\"@id\":\"https:\\\/\\\/buletin.de\\\/bucuresti\\\/#organization\"}},{\"@type\":\"WebPage\",\"@id\":\"https:\\\/\\\/buletin.de\\\/bucuresti\\\/600-de-elevi-din-sectorul-6-au-participat-la-proiectul-cultural-educational-e-adevarat-e-adevarat-e-adevarat-derulat-de-teatrul-act\\\/\",\"url\":\"https:\\\/\\\/buletin.de\\\/bucuresti\\\/600-de-elevi-din-sectorul-6-au-participat-la-proiectul-cultural-educational-e-adevarat-e-adevarat-e-adevarat-derulat-de-teatrul-act\\\/\",\"name\":\"600 de elevi din Sectorul 6 au participat la proiectul cultural-educa\u021bional \u201eE adev\u0103rat, E adev\u0103rat, E adev\u0103rat!\u201d, derulat de Teatrul Act - Buletin de Bucure\u0219ti\",\"isPartOf\":{\"@id\":\"https:\\\/\\\/buletin.de\\\/bucuresti\\\/#website\"},\"primaryImageOfPage\":{\"@id\":\"https:\\\/\\\/buletin.de\\\/bucuresti\\\/600-de-elevi-din-sectorul-6-au-participat-la-proiectul-cultural-educational-e-adevarat-e-adevarat-e-adevarat-derulat-de-teatrul-act\\\/#primaryimage\"},\"image\":{\"@id\":\"https:\\\/\\\/buletin.de\\\/bucuresti\\\/600-de-elevi-din-sectorul-6-au-participat-la-proiectul-cultural-educational-e-adevarat-e-adevarat-e-adevarat-derulat-de-teatrul-act\\\/#primaryimage\"},\"thumbnailUrl\":\"https:\\\/\\\/buletin.de\\\/bucuresti\\\/wp-content\\\/uploads\\\/319193793_6051906561543254_7288153660903805231_n.jpg\",\"datePublished\":\"2022-12-12T13:53:57+00:00\",\"dateModified\":\"2022-12-12T13:53:58+00:00\",\"breadcrumb\":{\"@id\":\"https:\\\/\\\/buletin.de\\\/bucuresti\\\/600-de-elevi-din-sectorul-6-au-participat-la-proiectul-cultural-educational-e-adevarat-e-adevarat-e-adevarat-derulat-de-teatrul-act\\\/#breadcrumb\"},\"inLanguage\":\"en-GB\",\"potentialAction\":[{\"@type\":\"ReadAction\",\"target\":[\"https:\\\/\\\/buletin.de\\\/bucuresti\\\/600-de-elevi-din-sectorul-6-au-participat-la-proiectul-cultural-educational-e-adevarat-e-adevarat-e-adevarat-derulat-de-teatrul-act\\\/\"]}]},{\"@type\":\"ImageObject\",\"inLanguage\":\"en-GB\",\"@id\":\"https:\\\/\\\/buletin.de\\\/bucuresti\\\/600-de-elevi-din-sectorul-6-au-participat-la-proiectul-cultural-educational-e-adevarat-e-adevarat-e-adevarat-derulat-de-teatrul-act\\\/#primaryimage\",\"url\":\"https:\\\/\\\/buletin.de\\\/bucuresti\\\/wp-content\\\/uploads\\\/319193793_6051906561543254_7288153660903805231_n.jpg\",\"contentUrl\":\"https:\\\/\\\/buletin.de\\\/bucuresti\\\/wp-content\\\/uploads\\\/319193793_6051906561543254_7288153660903805231_n.jpg\",\"width\":956,\"height\":636},{\"@type\":\"BreadcrumbList\",\"@id\":\"https:\\\/\\\/buletin.de\\\/bucuresti\\\/600-de-elevi-din-sectorul-6-au-participat-la-proiectul-cultural-educational-e-adevarat-e-adevarat-e-adevarat-derulat-de-teatrul-act\\\/#breadcrumb\",\"itemListElement\":[{\"@type\":\"ListItem\",\"position\":1,\"name\":\"Acas\u0103\",\"item\":\"https:\\\/\\\/buletin.de\\\/bucuresti\\\/\"},{\"@type\":\"ListItem\",\"position\":2,\"name\":\"600 de elevi din Sectorul 6 au participat la proiectul cultural-educa\u021bional \u201eE adev\u0103rat, E adev\u0103rat, E adev\u0103rat!\u201d, derulat de Teatrul Act\"}]},{\"@type\":\"WebSite\",\"@id\":\"https:\\\/\\\/buletin.de\\\/bucuresti\\\/#website\",\"url\":\"https:\\\/\\\/buletin.de\\\/bucuresti\\\/\",\"name\":\"Buletin de Bucure\u0219ti\",\"description\":\"\u0218tiri \u0219i investiga\u021bii esen\u021biale din capital\u0103\",\"publisher\":{\"@id\":\"https:\\\/\\\/buletin.de\\\/bucuresti\\\/#organization\"},\"potentialAction\":[{\"@type\":\"SearchAction\",\"target\":{\"@type\":\"EntryPoint\",\"urlTemplate\":\"https:\\\/\\\/buletin.de\\\/bucuresti\\\/?s={search_term_string}\"},\"query-input\":{\"@type\":\"PropertyValueSpecification\",\"valueRequired\":true,\"valueName\":\"search_term_string\"}}],\"inLanguage\":\"en-GB\"},{\"@type\":\"Organization\",\"@id\":\"https:\\\/\\\/buletin.de\\\/bucuresti\\\/#organization\",\"name\":\"Buletin de Bucure\u0219ti\",\"url\":\"https:\\\/\\\/buletin.de\\\/bucuresti\\\/\",\"logo\":{\"@type\":\"ImageObject\",\"inLanguage\":\"en-GB\",\"@id\":\"https:\\\/\\\/buletin.de\\\/bucuresti\\\/#\\\/schema\\\/logo\\\/image\\\/\",\"url\":\"https:\\\/\\\/buletin.de\\\/bucuresti\\\/wp-content\\\/uploads\\\/logo-bdb-full-wide-vernil-transparent.png\",\"contentUrl\":\"https:\\\/\\\/buletin.de\\\/bucuresti\\\/wp-content\\\/uploads\\\/logo-bdb-full-wide-vernil-transparent.png\",\"width\":1782,\"height\":626,\"caption\":\"Buletin de Bucure\u0219ti\"},\"image\":{\"@id\":\"https:\\\/\\\/buletin.de\\\/bucuresti\\\/#\\\/schema\\\/logo\\\/image\\\/\"},\"sameAs\":[\"https:\\\/\\\/www.facebook.com\\\/buletin.de.buc\",\"https:\\\/\\\/www.instagram.com\\\/buletinde.bucuresti\\\/\"]},{\"@type\":\"Person\",\"@id\":\"https:\\\/\\\/buletin.de\\\/bucuresti\\\/#\\\/schema\\\/person\\\/5d54908fa90ab7ad3b2e88152efd6845\",\"name\":\"Teodora \u0218uta\",\"image\":{\"@type\":\"ImageObject\",\"inLanguage\":\"en-GB\",\"@id\":\"https:\\\/\\\/secure.gravatar.com\\\/avatar\\\/0c709226af9845d97b126aa0aa80ab42778847ec3d11d741016b74a61174088d?s=96&d=monsterid&r=gf2e0c6a01d766272c6fa8af9e494be28\",\"url\":\"https:\\\/\\\/secure.gravatar.com\\\/avatar\\\/0c709226af9845d97b126aa0aa80ab42778847ec3d11d741016b74a61174088d?s=96&d=monsterid&r=g\",\"contentUrl\":\"https:\\\/\\\/secure.gravatar.com\\\/avatar\\\/0c709226af9845d97b126aa0aa80ab42778847ec3d11d741016b74a61174088d?s=96&d=monsterid&r=g\",\"caption\":\"Teodora \u0218uta\"},\"url\":\"https:\\\/\\\/buletin.de\\\/bucuresti\\\/author\\\/mariasuta\\\/\"}]}<\/script>\n<!-- \/ Yoast SEO Premium plugin. -->","yoast_head_json":{"title":"600 de elevi din Sectorul 6 au participat la proiectul cultural-educa\u021bional \u201eE adev\u0103rat, E adev\u0103rat, E adev\u0103rat!\u201d, derulat de Teatrul Act - Buletin de Bucure\u0219ti","robots":{"index":"index","follow":"follow","max-snippet":"max-snippet:-1","max-image-preview":"max-image-preview:large","max-video-preview":"max-video-preview:-1"},"canonical":"https:\/\/buletin.de\/bucuresti\/600-de-elevi-din-sectorul-6-au-participat-la-proiectul-cultural-educational-e-adevarat-e-adevarat-e-adevarat-derulat-de-teatrul-act\/","og_locale":"en_GB","og_type":"article","og_title":"600 de elevi din Sectorul 6 au participat la proiectul cultural-educa\u021bional \u201eE adev\u0103rat, E adev\u0103rat, E adev\u0103rat!\u201d, derulat de Teatrul Act","og_description":"Proiectul \u201dE adev\u0103rat, E adev\u0103rat, E adev\u0103rat!\u201d realizat de Teatrul Act, \u00eencurajeaz\u0103 implicarea elevilor \u00een activit\u0103\u021bile cultral-educa\u021bionale, prin punerea \u00een scen\u0103 a unei piese de teatru destinat\u0103 tinerilor. Prim\u0103ria Sectorului 6 a finan\u021bat proiectul prin fonduri nerambursabile de la bugetul local. Scopul proiectului realizat de Teatrul Act este de a informa \u0219i educa elevii de [&hellip;]","og_url":"https:\/\/buletin.de\/bucuresti\/600-de-elevi-din-sectorul-6-au-participat-la-proiectul-cultural-educational-e-adevarat-e-adevarat-e-adevarat-derulat-de-teatrul-act\/","og_site_name":"Buletin de Bucure\u0219ti","article_publisher":"https:\/\/www.facebook.com\/buletin.de.buc","article_published_time":"2022-12-12T13:53:57+00:00","article_modified_time":"2022-12-12T13:53:58+00:00","og_image":[{"width":956,"height":636,"url":"https:\/\/buletin.de\/bucuresti\/wp-content\/uploads\/319193793_6051906561543254_7288153660903805231_n.jpg","type":"image\/jpeg"}],"author":"Teodora \u0218uta","twitter_card":"summary_large_image","twitter_misc":{"Written by":"Teodora \u0218uta","Estimated reading time":"1 minute"},"schema":{"@context":"https:\/\/schema.org","@graph":[{"@type":"Article","@id":"https:\/\/buletin.de\/bucuresti\/600-de-elevi-din-sectorul-6-au-participat-la-proiectul-cultural-educational-e-adevarat-e-adevarat-e-adevarat-derulat-de-teatrul-act\/#article","isPartOf":{"@id":"https:\/\/buletin.de\/bucuresti\/600-de-elevi-din-sectorul-6-au-participat-la-proiectul-cultural-educational-e-adevarat-e-adevarat-e-adevarat-derulat-de-teatrul-act\/"},"author":{"name":"Teodora \u0218uta","@id":"https:\/\/buletin.de\/bucuresti\/#\/schema\/person\/5d54908fa90ab7ad3b2e88152efd6845"},"headline":"600 de elevi din Sectorul 6 au participat la proiectul cultural-educa\u021bional \u201eE adev\u0103rat, E adev\u0103rat, E adev\u0103rat!\u201d, derulat de Teatrul Act","datePublished":"2022-12-12T13:53:57+00:00","dateModified":"2022-12-12T13:53:58+00:00","mainEntityOfPage":{"@id":"https:\/\/buletin.de\/bucuresti\/600-de-elevi-din-sectorul-6-au-participat-la-proiectul-cultural-educational-e-adevarat-e-adevarat-e-adevarat-derulat-de-teatrul-act\/"},"wordCount":263,"publisher":{"@id":"https:\/\/buletin.de\/bucuresti\/#organization"},"image":{"@id":"https:\/\/buletin.de\/bucuresti\/600-de-elevi-din-sectorul-6-au-participat-la-proiectul-cultural-educational-e-adevarat-e-adevarat-e-adevarat-derulat-de-teatrul-act\/#primaryimage"},"thumbnailUrl":"https:\/\/buletin.de\/bucuresti\/wp-content\/uploads\/319193793_6051906561543254_7288153660903805231_n.jpg","articleSection":["\u0218tiri"],"inLanguage":"en-GB","copyrightYear":"2022","copyrightHolder":{"@id":"https:\/\/buletin.de\/bucuresti\/#organization"}},{"@type":"WebPage","@id":"https:\/\/buletin.de\/bucuresti\/600-de-elevi-din-sectorul-6-au-participat-la-proiectul-cultural-educational-e-adevarat-e-adevarat-e-adevarat-derulat-de-teatrul-act\/","url":"https:\/\/buletin.de\/bucuresti\/600-de-elevi-din-sectorul-6-au-participat-la-proiectul-cultural-educational-e-adevarat-e-adevarat-e-adevarat-derulat-de-teatrul-act\/","name":"600 de elevi din Sectorul 6 au participat la proiectul cultural-educa\u021bional \u201eE adev\u0103rat, E adev\u0103rat, E adev\u0103rat!\u201d, derulat de Teatrul Act - Buletin de Bucure\u0219ti","isPartOf":{"@id":"https:\/\/buletin.de\/bucuresti\/#website"},"primaryImageOfPage":{"@id":"https:\/\/buletin.de\/bucuresti\/600-de-elevi-din-sectorul-6-au-participat-la-proiectul-cultural-educational-e-adevarat-e-adevarat-e-adevarat-derulat-de-teatrul-act\/#primaryimage"},"image":{"@id":"https:\/\/buletin.de\/bucuresti\/600-de-elevi-din-sectorul-6-au-participat-la-proiectul-cultural-educational-e-adevarat-e-adevarat-e-adevarat-derulat-de-teatrul-act\/#primaryimage"},"thumbnailUrl":"https:\/\/buletin.de\/bucuresti\/wp-content\/uploads\/319193793_6051906561543254_7288153660903805231_n.jpg","datePublished":"2022-12-12T13:53:57+00:00","dateModified":"2022-12-12T13:53:58+00:00","breadcrumb":{"@id":"https:\/\/buletin.de\/bucuresti\/600-de-elevi-din-sectorul-6-au-participat-la-proiectul-cultural-educational-e-adevarat-e-adevarat-e-adevarat-derulat-de-teatrul-act\/#breadcrumb"},"inLanguage":"en-GB","potentialAction":[{"@type":"ReadAction","target":["https:\/\/buletin.de\/bucuresti\/600-de-elevi-din-sectorul-6-au-participat-la-proiectul-cultural-educational-e-adevarat-e-adevarat-e-adevarat-derulat-de-teatrul-act\/"]}]},{"@type":"ImageObject","inLanguage":"en-GB","@id":"https:\/\/buletin.de\/bucuresti\/600-de-elevi-din-sectorul-6-au-participat-la-proiectul-cultural-educational-e-adevarat-e-adevarat-e-adevarat-derulat-de-teatrul-act\/#primaryimage","url":"https:\/\/buletin.de\/bucuresti\/wp-content\/uploads\/319193793_6051906561543254_7288153660903805231_n.jpg","contentUrl":"https:\/\/buletin.de\/bucuresti\/wp-content\/uploads\/319193793_6051906561543254_7288153660903805231_n.jpg","width":956,"height":636},{"@type":"BreadcrumbList","@id":"https:\/\/buletin.de\/bucuresti\/600-de-elevi-din-sectorul-6-au-participat-la-proiectul-cultural-educational-e-adevarat-e-adevarat-e-adevarat-derulat-de-teatrul-act\/#breadcrumb","itemListElement":[{"@type":"ListItem","position":1,"name":"Acas\u0103","item":"https:\/\/buletin.de\/bucuresti\/"},{"@type":"ListItem","position":2,"name":"600 de elevi din Sectorul 6 au participat la proiectul cultural-educa\u021bional \u201eE adev\u0103rat, E adev\u0103rat, E adev\u0103rat!\u201d, derulat de Teatrul Act"}]},{"@type":"WebSite","@id":"https:\/\/buletin.de\/bucuresti\/#website","url":"https:\/\/buletin.de\/bucuresti\/","name":"Buletin de Bucure\u0219ti","description":"\u0218tiri \u0219i investiga\u021bii esen\u021biale din capital\u0103","publisher":{"@id":"https:\/\/buletin.de\/bucuresti\/#organization"},"potentialAction":[{"@type":"SearchAction","target":{"@type":"EntryPoint","urlTemplate":"https:\/\/buletin.de\/bucuresti\/?s={search_term_string}"},"query-input":{"@type":"PropertyValueSpecification","valueRequired":true,"valueName":"search_term_string"}}],"inLanguage":"en-GB"},{"@type":"Organization","@id":"https:\/\/buletin.de\/bucuresti\/#organization","name":"Buletin de Bucure\u0219ti","url":"https:\/\/buletin.de\/bucuresti\/","logo":{"@type":"ImageObject","inLanguage":"en-GB","@id":"https:\/\/buletin.de\/bucuresti\/#\/schema\/logo\/image\/","url":"https:\/\/buletin.de\/bucuresti\/wp-content\/uploads\/logo-bdb-full-wide-vernil-transparent.png","contentUrl":"https:\/\/buletin.de\/bucuresti\/wp-content\/uploads\/logo-bdb-full-wide-vernil-transparent.png","width":1782,"height":626,"caption":"Buletin de Bucure\u0219ti"},"image":{"@id":"https:\/\/buletin.de\/bucuresti\/#\/schema\/logo\/image\/"},"sameAs":["https:\/\/www.facebook.com\/buletin.de.buc","https:\/\/www.instagram.com\/buletinde.bucuresti\/"]},{"@type":"Person","@id":"https:\/\/buletin.de\/bucuresti\/#\/schema\/person\/5d54908fa90ab7ad3b2e88152efd6845","name":"Teodora \u0218uta","image":{"@type":"ImageObject","inLanguage":"en-GB","@id":"https:\/\/secure.gravatar.com\/avatar\/0c709226af9845d97b126aa0aa80ab42778847ec3d11d741016b74a61174088d?s=96&d=monsterid&r=gf2e0c6a01d766272c6fa8af9e494be28","url":"https:\/\/secure.gravatar.com\/avatar\/0c709226af9845d97b126aa0aa80ab42778847ec3d11d741016b74a61174088d?s=96&d=monsterid&r=g","contentUrl":"https:\/\/secure.gravatar.com\/avatar\/0c709226af9845d97b126aa0aa80ab42778847ec3d11d741016b74a61174088d?s=96&d=monsterid&r=g","caption":"Teodora \u0218uta"},"url":"https:\/\/buletin.de\/bucuresti\/author\/mariasuta\/"}]}},"authors":[{"term_id":22604,"user_id":45,"is_guest":0,"slug":"mariasuta","display_name":"Teodora \u0218uta","avatar_url":"https:\/\/secure.gravatar.com\/avatar\/0c709226af9845d97b126aa0aa80ab42778847ec3d11d741016b74a61174088d?s=96&d=monsterid&r=g","0":null,"1":"","2":"","3":"","4":"","5":"","6":"","7":"","8":""}],"_links":{"self":[{"href":"https:\/\/buletin.de\/bucuresti\/wp-json\/wp\/v2\/posts\/49623","targetHints":{"allow":["GET"]}}],"collection":[{"href":"https:\/\/buletin.de\/bucuresti\/wp-json\/wp\/v2\/posts"}],"about":[{"href":"https:\/\/buletin.de\/bucuresti\/wp-json\/wp\/v2\/types\/post"}],"author":[{"embeddable":true,"href":"https:\/\/buletin.de\/bucuresti\/wp-json\/wp\/v2\/users\/45"}],"replies":[{"embeddable":true,"href":"https:\/\/buletin.de\/bucuresti\/wp-json\/wp\/v2\/comments?post=49623"}],"version-history":[{"count":1,"href":"https:\/\/buletin.de\/bucuresti\/wp-json\/wp\/v2\/posts\/49623\/revisions"}],"predecessor-version":[{"id":49625,"href":"https:\/\/buletin.de\/bucuresti\/wp-json\/wp\/v2\/posts\/49623\/revisions\/49625"}],"wp:featuredmedia":[{"embeddable":true,"href":"https:\/\/buletin.de\/bucuresti\/wp-json\/wp\/v2\/media\/49624"}],"wp:attachment":[{"href":"https:\/\/buletin.de\/bucuresti\/wp-json\/wp\/v2\/media?parent=49623"}],"wp:term":[{"taxonomy":"category","embeddable":true,"href":"https:\/\/buletin.de\/bucuresti\/wp-json\/wp\/v2\/categories?post=49623"},{"taxonomy":"post_tag","embeddable":true,"href":"https:\/\/buletin.de\/bucuresti\/wp-json\/wp\/v2\/tags?post=49623"},{"taxonomy":"author","embeddable":true,"href":"https:\/\/buletin.de\/bucuresti\/wp-json\/wp\/v2\/ppma_author?post=49623"}],"curies":[{"name":"wp","href":"https:\/\/api.w.org\/{rel}","templated":true}]}}