{"id":49611,"date":"2022-12-12T14:21:02","date_gmt":"2022-12-12T12:21:02","guid":{"rendered":"https:\/\/buletin.de\/bucuresti\/?p=49611"},"modified":"2022-12-12T15:53:25","modified_gmt":"2022-12-12T13:53:25","slug":"primaria-bucuresti-si-unicef-prietenii-copiilor","status":"publish","type":"post","link":"https:\/\/buletin.de\/bucuresti\/primaria-bucuresti-si-unicef-prietenii-copiilor\/","title":{"rendered":"Prim\u0103ria Bucure\u0219ti \u0219i UNICEF, prietenii copiilor"},"content":{"rendered":"\n<p>Ast\u0103zi, 12 decembrie, Nicu\u0219or Dan a semnat memorandumul de \u00een\u021belegere \u00eentre Prim\u0103ria Municipiului Bucure\u0219ti \u0219i reprezentan\u021ba UNICEF \u00een Rom\u00e2nia privind participarea la un proiect care \u00ee\u0219i propune s\u0103 aduc\u0103 \u00een prim-plan politic, social \u0219i economic punctul de vedere al copiilor.&nbsp;&nbsp;<\/p>\n\n\n\n<figure class=\"wp-block-image size-large\"><img fetchpriority=\"high\" decoding=\"async\" width=\"900\" height=\"503\" src=\"data:image\/gif;base64,R0lGODlhAQABAAAAACH5BAEKAAEALAAAAAABAAEAAAICTAEAOw==\" data-src=\"https:\/\/buletin.de\/bucuresti\/wp-content\/uploads\/WhatsApp-Image-2022-12-12-at-13.14.55-900x503.jpeg\" alt=\"\" class=\"wp-image-49614 lazyload\" data-sizes=\"auto\" data-srcset=\"https:\/\/buletin.de\/bucuresti\/wp-content\/uploads\/WhatsApp-Image-2022-12-12-at-13.14.55-900x503.jpeg 900w, https:\/\/buletin.de\/bucuresti\/wp-content\/uploads\/WhatsApp-Image-2022-12-12-at-13.14.55-300x168.jpeg 300w, https:\/\/buletin.de\/bucuresti\/wp-content\/uploads\/WhatsApp-Image-2022-12-12-at-13.14.55-768x429.jpeg 768w, https:\/\/buletin.de\/bucuresti\/wp-content\/uploads\/WhatsApp-Image-2022-12-12-at-13.14.55-1536x858.jpeg 1536w, https:\/\/buletin.de\/bucuresti\/wp-content\/uploads\/WhatsApp-Image-2022-12-12-at-13.14.55-1060x592.jpeg 1060w, https:\/\/buletin.de\/bucuresti\/wp-content\/uploads\/WhatsApp-Image-2022-12-12-at-13.14.55-550x307.jpeg 550w, https:\/\/buletin.de\/bucuresti\/wp-content\/uploads\/WhatsApp-Image-2022-12-12-at-13.14.55-895x500.jpeg 895w, https:\/\/buletin.de\/bucuresti\/wp-content\/uploads\/WhatsApp-Image-2022-12-12-at-13.14.55-600x335.jpeg 600w, https:\/\/buletin.de\/bucuresti\/wp-content\/uploads\/WhatsApp-Image-2022-12-12-at-13.14.55.jpeg 1600w\" sizes=\"(max-width: 900px) 100vw, 900px\" \/><figcaption>Anna Riatti, reprezentant UNICEF Rom\u00e2nia \u0219i Nicu\u0219or Dan, primarul general al Capitalei, sursa live-ul de pe Facebook-ul lui Nicu\u0219or Dan<\/figcaption><\/figure>\n\n\n\n<p>La acest eveniment au luat parte Anna Riatti, reprezentantul UNICEF \u00een Rom\u00e2nia, Nicu\u0219or Dan, primarul general al Capitalei, Oana \u021aoiu, pre\u0219edina comisiei din cadrul camerei deputa\u021bilor pentru tineret \u0219i sport \u0219i viceprimarul Horia Tomescu. Nu \u00een ultimul r\u00e2nd, a fost prezent\u0103 \u0219i Carina,\u00een v\u00e2rst\u0103 de 15 ani, reprezentant al consiliului copiilor.<\/p>\n\n\n\n<blockquote class=\"wp-block-quote is-layout-flow wp-block-quote-is-layout-flow\"><p><em>\u201e\u00cen ciuda progreselor semnificative din ultimii 30 de ani, aproape 42% dintre copiii rom\u00e2ni continu\u0103 s\u0103 sufere dispropor\u021bionat de s\u0103r\u0103cie, acces slab la servicii, excluziune \u0219i discriminare. Ace\u0219ti copii sunt, de asemenea, mai expu\u0219i violen\u021bei, separ\u0103rii de familiile lor \u0219i plas\u0103rii \u00een solu\u021bii alternative de \u00eengrijire sau \u00een \u0219coli speciale. Normele sociale \u0219i de gen afecteaz\u0103 \u00een mod negativ incluziunea lor social\u0103 \u0219i le limiteaz\u0103 participarea.\u201d <\/em><\/p><cite>Conform unui studiu realizat de UNICEF<\/cite><\/blockquote>\n\n\n\n<p>Acest proiect propune combinarea puterii cadrelor administrative cu experien\u021ba tehnic\u0103 a reprezentan\u021bilor UNICEF \u00een privin\u021ba cercet\u0103rii, \u00een special prin comunicare direct\u0103 cu copiii viza\u021bi, \u0219i rezolv\u0103rii problemelor pe care ace\u0219ti copii le identific\u0103 sau le au \u00een diverse comunit\u0103\u021bi. De asemenea, \u00eencearc\u0103 s\u0103 apeleze \u0219i la infrastructura extra guvernamental\u0103 a unei localit\u0103\u021bi, precum sectorul privat, societ\u0103\u021bile civile \u0219i mediul academic, \u0219i s\u0103 creeze o colaborare activ\u0103 \u00eentre toate aceste domenii care sunt responsabile pentru bun\u0103starea copiilor.<\/p>\n\n\n\n<p>Ini\u021biativa UNICEF este una global\u0103, ce func\u021bioneaz\u0103 \u00een baza Conven\u021biei UN asupra Drepturilor Copilului, \u0219i face parte dintr-un proiect mai amplu de incluziune social\u0103. Nu este singurul proiect de acest fel din Bucure\u0219ti: tot printr-o <a href=\"https:\/\/buletin.de\/bucuresti\/primul-centru-de-joaca-invatare-si-parenting-pentru-comunitati-vulnerabile-din-capitala-se-adreseaza-copiilor-romani-si-ucraineni\/\">colaborare UNICEF<\/a> &#8211; PMB \u0219i DIrec\u021bia de ajutor social se lucreaz\u0103 la crearea unor spa\u021bii de \u00eenv\u0103\u021b\u0103m\u00e2nt pentru copiii din comunit\u0103\u021bi vulnerabile, inclusiv pentru copiii ucraineni ce s-au stabilit \u00een Bucure\u0219ti. Abordarea UNICEF este una care promoveaz\u0103 o g\u00e2ndire mai ampl\u0103 asupra nevoilor copiilor, \u00eencerc\u00e2nd s\u0103 abordeze to\u021bi factorii care influen\u021beaz\u0103 via\u021ba unui copil, precum s\u0103n\u0103tatea at\u00e2t a celor mici c\u00e2t \u0219i a p\u0103rin\u021bilor lor, stabilitatea financiar\u0103 a familiei, modul \u00een care copiii ajung \u0219i pleac\u0103 de la \u0219coal\u0103 sau sus\u021binerea pe care ace\u0219tia o primesc pentru activit\u0103\u021bile extra\u0219colare \u00een care vor s\u0103 fie implica\u021bi.<\/p>\n\n\n\n<p>C\u00e2teva exemple de lucruri pe care copiii ar vrea s\u0103 le transmit\u0103 autorit\u0103\u021bilor locale, coform unui studiu realizat de UNICEF, ar fi:<\/p>\n\n\n\n<div class=\"wp-block-columns is-layout-flex wp-container-core-columns-is-layout-9d6595d7 wp-block-columns-is-layout-flex\">\n<div class=\"wp-block-column is-layout-flow wp-block-column-is-layout-flow\" style=\"flex-basis:100%\">\n<ul class=\"is-style-default wp-block-list\"><li>42% dintre copiii \u0219i adolescen\u021bii din Rom\u00e2nia vor ca autorit\u0103\u021bile locale s\u0103 asigure condi\u021bii sanitare \u00een \u0219colile \u00een care \u00eenva\u021b\u0103. O treime \u00ee\u0219i doresc ca edilii s\u0103 o men\u021bin\u0103 reparat\u0103 \u0219i 1 din 5 copii vrea ca autorit\u0103\u021bile s\u0103 asigure spa\u021bii pentru petrecerea timpului liber \u0219i sport.<\/li><li>Primarul \u0219i consiliul local ar trebui s\u0103 asigure masa de pr\u00e2nz la \u0219coal\u0103, spun 38% dintre responden\u021bi \u0219i al\u021bi 35% \u00ee\u0219i doresc ca prim\u0103ria \u0219i consiliile locale s\u0103 promoveze activit\u0103\u021bile extra\u0219colare.<\/li><li>Pentru a facilita accesul tuturor copiilor la \u0219coal\u0103, aproape jum\u0103tate dintre responden\u021bi vor ca primarul \u0219i consiliul local s\u0103 asigure transportul \u0219colar sau s\u0103 acopere costurile cu acest transport.<\/li><li>1 din 5 copii crede c\u0103 autorit\u0103\u021bile locale ar trebui s\u0103 sus\u021bin\u0103 educa\u021bia pentru s\u0103n\u0103tate.<\/li><li>\u00cen privin\u021ba zonei \u00een care locuiesc, copii care au r\u0103spuns la sondaj cred c\u0103 autorit\u0103\u021bile locale ar trebui s\u0103 asigure condi\u021bii de siguran\u021b\u0103 \u0219i s\u0103 men\u021bin\u0103 infrastructura (35%), s\u0103 men\u021bin\u0103 \u0219i s\u0103 extind\u0103 spa\u021biile pentru socializare (20%), \u0219i s\u0103 organizeze evenimente sociale \u0219i culturale, cu accent pe s\u0103n\u0103tatea mintal\u0103 \u0219i protec\u021bia mediului (17%), restul responden\u021bilor dorindu-\u0219i promovarea de activit\u0103\u021bi pentru copii \u0219i tineri, dar \u0219i men\u021binerea \u0219i extinderea spa\u021biilor verzi.<\/li><li>30% dintre participan\u021bii la sondaj cred c\u0103 ar trebui consulta\u021bi de autorit\u0103\u021bi prin aplica\u021bii dedicate, precum U-Report, 25% au fost de p\u0103rere c\u0103 ac\u021biunile \u00eentreprinse de copii ar trebui s\u0103 primeasc\u0103 sus\u021binerea autorit\u0103\u021bilor, 24% au spus c\u0103 ar trebui reprezenta\u021bi \u00een consiliul local, iar 21% vor s\u0103 fie informa\u021bi privind ac\u021biunile \u00eentreprinse.<\/li><\/ul>\n\n\n<p><iframe src=\"https:\/\/www.facebook.com\/plugins\/video.php?height=314&#038;href=https%3A%2F%2Fwww.facebook.com%2FNicusorDan.ro%2Fvideos%2F669357401477022%2F&#038;show_text=false&#038;width=560&#038;t=0\" width=\"560\" height=\"314\" style=\"border:none;overflow:hidden\" scrolling=\"no\" frameborder=\"0\" allowfullscreen=\"true\" allow=\"autoplay; clipboard-write; encrypted-media; picture-in-picture; web-share\" allowFullScreen=\"true\"><\/iframe><\/p>\n<\/div>\n<\/div>\n\n\n\n<p>Surs\u0103 Fotografie: UNICEF<\/p>\n","protected":false},"excerpt":{"rendered":"<p>Ast\u0103zi, 12 decembrie, Nicu\u0219or Dan a semnat memorandumul de \u00een\u021belegere \u00eentre Prim\u0103ria Municipiului Bucure\u0219ti \u0219i reprezentan\u021ba UNICEF \u00een Rom\u00e2nia privind participarea la un proiect care \u00ee\u0219i propune s\u0103 aduc\u0103 \u00een prim-plan politic, social \u0219i economic punctul de vedere al copiilor.&nbsp;&nbsp; La acest eveniment au luat parte Anna Riatti, reprezentantul UNICEF \u00een Rom\u00e2nia, Nicu\u0219or Dan, primarul [&hellip;]<\/p>\n","protected":false},"author":47,"featured_media":49613,"comment_status":"closed","ping_status":"open","sticky":false,"template":"","format":"standard","meta":{"_acf_changed":false,"inline_featured_image":false,"ngg_post_thumbnail":0,"footnotes":""},"categories":[62],"tags":[],"ppma_author":[22580],"class_list":["post-49611","post","type-post","status-publish","format-standard","has-post-thumbnail","hentry","category-stiri"],"acf":[],"yoast_head":"<!-- This site is optimized with the Yoast SEO Premium plugin v25.3 (Yoast SEO v27.4) - https:\/\/yoast.com\/product\/yoast-seo-premium-wordpress\/ -->\n<title>Prim\u0103ria Bucure\u0219ti \u0219i UNICEF, prietenii copiilor - Buletin de Bucure\u0219ti<\/title>\n<meta name=\"robots\" content=\"index, follow, max-snippet:-1, max-image-preview:large, max-video-preview:-1\" \/>\n<link rel=\"canonical\" href=\"https:\/\/buletin.de\/bucuresti\/primaria-bucuresti-si-unicef-prietenii-copiilor\/\" \/>\n<meta property=\"og:locale\" content=\"en_GB\" \/>\n<meta property=\"og:type\" content=\"article\" \/>\n<meta property=\"og:title\" content=\"Prim\u0103ria Bucure\u0219ti \u0219i UNICEF, prietenii copiilor\" \/>\n<meta property=\"og:description\" content=\"Ast\u0103zi, 12 decembrie, Nicu\u0219or Dan a semnat memorandumul de \u00een\u021belegere \u00eentre Prim\u0103ria Municipiului Bucure\u0219ti \u0219i reprezentan\u021ba UNICEF \u00een Rom\u00e2nia privind participarea la un proiect care \u00ee\u0219i propune s\u0103 aduc\u0103 \u00een prim-plan politic, social \u0219i economic punctul de vedere al copiilor.&nbsp;&nbsp; La acest eveniment au luat parte Anna Riatti, reprezentantul UNICEF \u00een Rom\u00e2nia, Nicu\u0219or Dan, primarul [&hellip;]\" \/>\n<meta property=\"og:url\" content=\"https:\/\/buletin.de\/bucuresti\/primaria-bucuresti-si-unicef-prietenii-copiilor\/\" \/>\n<meta property=\"og:site_name\" content=\"Buletin de Bucure\u0219ti\" \/>\n<meta property=\"article:publisher\" content=\"https:\/\/www.facebook.com\/buletin.de.buc\" \/>\n<meta property=\"article:published_time\" content=\"2022-12-12T12:21:02+00:00\" \/>\n<meta property=\"article:modified_time\" content=\"2022-12-12T13:53:25+00:00\" \/>\n<meta property=\"og:image\" content=\"https:\/\/buletin.de\/bucuresti\/wp-content\/uploads\/DSCF5951.jpg\" \/>\n\t<meta property=\"og:image:width\" content=\"570\" \/>\n\t<meta property=\"og:image:height\" content=\"380\" \/>\n\t<meta property=\"og:image:type\" content=\"image\/jpeg\" \/>\n<meta name=\"author\" content=\"Adina C\u0103p\u00eelnean\" \/>\n<meta name=\"twitter:card\" content=\"summary_large_image\" \/>\n<meta name=\"twitter:label1\" content=\"Written by\" \/>\n\t<meta name=\"twitter:data1\" content=\"Adina C\u0103p\u00eelnean\" \/>\n\t<meta name=\"twitter:label2\" content=\"Estimated reading time\" \/>\n\t<meta name=\"twitter:data2\" content=\"4 minutes\" \/>\n<script type=\"application\/ld+json\" class=\"yoast-schema-graph\">{\"@context\":\"https:\\\/\\\/schema.org\",\"@graph\":[{\"@type\":\"Article\",\"@id\":\"https:\\\/\\\/buletin.de\\\/bucuresti\\\/primaria-bucuresti-si-unicef-prietenii-copiilor\\\/#article\",\"isPartOf\":{\"@id\":\"https:\\\/\\\/buletin.de\\\/bucuresti\\\/primaria-bucuresti-si-unicef-prietenii-copiilor\\\/\"},\"author\":{\"name\":\"Adina C\u0103p\u00eelnean\",\"@id\":\"https:\\\/\\\/buletin.de\\\/bucuresti\\\/#\\\/schema\\\/person\\\/ab174cf6711728e4ee83d672acf9a912\"},\"headline\":\"Prim\u0103ria Bucure\u0219ti \u0219i UNICEF, prietenii copiilor\",\"datePublished\":\"2022-12-12T12:21:02+00:00\",\"dateModified\":\"2022-12-12T13:53:25+00:00\",\"mainEntityOfPage\":{\"@id\":\"https:\\\/\\\/buletin.de\\\/bucuresti\\\/primaria-bucuresti-si-unicef-prietenii-copiilor\\\/\"},\"wordCount\":762,\"publisher\":{\"@id\":\"https:\\\/\\\/buletin.de\\\/bucuresti\\\/#organization\"},\"image\":{\"@id\":\"https:\\\/\\\/buletin.de\\\/bucuresti\\\/primaria-bucuresti-si-unicef-prietenii-copiilor\\\/#primaryimage\"},\"thumbnailUrl\":\"https:\\\/\\\/buletin.de\\\/bucuresti\\\/wp-content\\\/uploads\\\/DSCF5951.jpg\",\"articleSection\":[\"\u0218tiri\"],\"inLanguage\":\"en-GB\",\"copyrightYear\":\"2022\",\"copyrightHolder\":{\"@id\":\"https:\\\/\\\/buletin.de\\\/bucuresti\\\/#organization\"}},{\"@type\":\"WebPage\",\"@id\":\"https:\\\/\\\/buletin.de\\\/bucuresti\\\/primaria-bucuresti-si-unicef-prietenii-copiilor\\\/\",\"url\":\"https:\\\/\\\/buletin.de\\\/bucuresti\\\/primaria-bucuresti-si-unicef-prietenii-copiilor\\\/\",\"name\":\"Prim\u0103ria Bucure\u0219ti \u0219i UNICEF, prietenii copiilor - Buletin de Bucure\u0219ti\",\"isPartOf\":{\"@id\":\"https:\\\/\\\/buletin.de\\\/bucuresti\\\/#website\"},\"primaryImageOfPage\":{\"@id\":\"https:\\\/\\\/buletin.de\\\/bucuresti\\\/primaria-bucuresti-si-unicef-prietenii-copiilor\\\/#primaryimage\"},\"image\":{\"@id\":\"https:\\\/\\\/buletin.de\\\/bucuresti\\\/primaria-bucuresti-si-unicef-prietenii-copiilor\\\/#primaryimage\"},\"thumbnailUrl\":\"https:\\\/\\\/buletin.de\\\/bucuresti\\\/wp-content\\\/uploads\\\/DSCF5951.jpg\",\"datePublished\":\"2022-12-12T12:21:02+00:00\",\"dateModified\":\"2022-12-12T13:53:25+00:00\",\"breadcrumb\":{\"@id\":\"https:\\\/\\\/buletin.de\\\/bucuresti\\\/primaria-bucuresti-si-unicef-prietenii-copiilor\\\/#breadcrumb\"},\"inLanguage\":\"en-GB\",\"potentialAction\":[{\"@type\":\"ReadAction\",\"target\":[\"https:\\\/\\\/buletin.de\\\/bucuresti\\\/primaria-bucuresti-si-unicef-prietenii-copiilor\\\/\"]}]},{\"@type\":\"ImageObject\",\"inLanguage\":\"en-GB\",\"@id\":\"https:\\\/\\\/buletin.de\\\/bucuresti\\\/primaria-bucuresti-si-unicef-prietenii-copiilor\\\/#primaryimage\",\"url\":\"https:\\\/\\\/buletin.de\\\/bucuresti\\\/wp-content\\\/uploads\\\/DSCF5951.jpg\",\"contentUrl\":\"https:\\\/\\\/buletin.de\\\/bucuresti\\\/wp-content\\\/uploads\\\/DSCF5951.jpg\",\"width\":570,\"height\":380},{\"@type\":\"BreadcrumbList\",\"@id\":\"https:\\\/\\\/buletin.de\\\/bucuresti\\\/primaria-bucuresti-si-unicef-prietenii-copiilor\\\/#breadcrumb\",\"itemListElement\":[{\"@type\":\"ListItem\",\"position\":1,\"name\":\"Acas\u0103\",\"item\":\"https:\\\/\\\/buletin.de\\\/bucuresti\\\/\"},{\"@type\":\"ListItem\",\"position\":2,\"name\":\"Prim\u0103ria Bucure\u0219ti \u0219i UNICEF, prietenii copiilor\"}]},{\"@type\":\"WebSite\",\"@id\":\"https:\\\/\\\/buletin.de\\\/bucuresti\\\/#website\",\"url\":\"https:\\\/\\\/buletin.de\\\/bucuresti\\\/\",\"name\":\"Buletin de Bucure\u0219ti\",\"description\":\"\u0218tiri \u0219i investiga\u021bii esen\u021biale din capital\u0103\",\"publisher\":{\"@id\":\"https:\\\/\\\/buletin.de\\\/bucuresti\\\/#organization\"},\"potentialAction\":[{\"@type\":\"SearchAction\",\"target\":{\"@type\":\"EntryPoint\",\"urlTemplate\":\"https:\\\/\\\/buletin.de\\\/bucuresti\\\/?s={search_term_string}\"},\"query-input\":{\"@type\":\"PropertyValueSpecification\",\"valueRequired\":true,\"valueName\":\"search_term_string\"}}],\"inLanguage\":\"en-GB\"},{\"@type\":\"Organization\",\"@id\":\"https:\\\/\\\/buletin.de\\\/bucuresti\\\/#organization\",\"name\":\"Buletin de Bucure\u0219ti\",\"url\":\"https:\\\/\\\/buletin.de\\\/bucuresti\\\/\",\"logo\":{\"@type\":\"ImageObject\",\"inLanguage\":\"en-GB\",\"@id\":\"https:\\\/\\\/buletin.de\\\/bucuresti\\\/#\\\/schema\\\/logo\\\/image\\\/\",\"url\":\"https:\\\/\\\/buletin.de\\\/bucuresti\\\/wp-content\\\/uploads\\\/logo-bdb-full-wide-vernil-transparent.png\",\"contentUrl\":\"https:\\\/\\\/buletin.de\\\/bucuresti\\\/wp-content\\\/uploads\\\/logo-bdb-full-wide-vernil-transparent.png\",\"width\":1782,\"height\":626,\"caption\":\"Buletin de Bucure\u0219ti\"},\"image\":{\"@id\":\"https:\\\/\\\/buletin.de\\\/bucuresti\\\/#\\\/schema\\\/logo\\\/image\\\/\"},\"sameAs\":[\"https:\\\/\\\/www.facebook.com\\\/buletin.de.buc\",\"https:\\\/\\\/www.instagram.com\\\/buletinde.bucuresti\\\/\"]},{\"@type\":\"Person\",\"@id\":\"https:\\\/\\\/buletin.de\\\/bucuresti\\\/#\\\/schema\\\/person\\\/ab174cf6711728e4ee83d672acf9a912\",\"name\":\"Adina C\u0103p\u00eelnean\",\"image\":{\"@type\":\"ImageObject\",\"inLanguage\":\"en-GB\",\"@id\":\"https:\\\/\\\/secure.gravatar.com\\\/avatar\\\/4fe9675d6282fd7c1aa4e486a037d532d5728fc16a30360f293eb6126b2e73ad?s=96&d=monsterid&r=ge2b23868508aec3460d3c6a11d3b599a\",\"url\":\"https:\\\/\\\/secure.gravatar.com\\\/avatar\\\/4fe9675d6282fd7c1aa4e486a037d532d5728fc16a30360f293eb6126b2e73ad?s=96&d=monsterid&r=g\",\"contentUrl\":\"https:\\\/\\\/secure.gravatar.com\\\/avatar\\\/4fe9675d6282fd7c1aa4e486a037d532d5728fc16a30360f293eb6126b2e73ad?s=96&d=monsterid&r=g\",\"caption\":\"Adina C\u0103p\u00eelnean\"},\"url\":\"https:\\\/\\\/buletin.de\\\/bucuresti\\\/author\\\/adinacapilnean\\\/\"}]}<\/script>\n<!-- \/ Yoast SEO Premium plugin. -->","yoast_head_json":{"title":"Prim\u0103ria Bucure\u0219ti \u0219i UNICEF, prietenii copiilor - Buletin de Bucure\u0219ti","robots":{"index":"index","follow":"follow","max-snippet":"max-snippet:-1","max-image-preview":"max-image-preview:large","max-video-preview":"max-video-preview:-1"},"canonical":"https:\/\/buletin.de\/bucuresti\/primaria-bucuresti-si-unicef-prietenii-copiilor\/","og_locale":"en_GB","og_type":"article","og_title":"Prim\u0103ria Bucure\u0219ti \u0219i UNICEF, prietenii copiilor","og_description":"Ast\u0103zi, 12 decembrie, Nicu\u0219or Dan a semnat memorandumul de \u00een\u021belegere \u00eentre Prim\u0103ria Municipiului Bucure\u0219ti \u0219i reprezentan\u021ba UNICEF \u00een Rom\u00e2nia privind participarea la un proiect care \u00ee\u0219i propune s\u0103 aduc\u0103 \u00een prim-plan politic, social \u0219i economic punctul de vedere al copiilor.&nbsp;&nbsp; La acest eveniment au luat parte Anna Riatti, reprezentantul UNICEF \u00een Rom\u00e2nia, Nicu\u0219or Dan, primarul [&hellip;]","og_url":"https:\/\/buletin.de\/bucuresti\/primaria-bucuresti-si-unicef-prietenii-copiilor\/","og_site_name":"Buletin de Bucure\u0219ti","article_publisher":"https:\/\/www.facebook.com\/buletin.de.buc","article_published_time":"2022-12-12T12:21:02+00:00","article_modified_time":"2022-12-12T13:53:25+00:00","og_image":[{"width":570,"height":380,"url":"https:\/\/buletin.de\/bucuresti\/wp-content\/uploads\/DSCF5951.jpg","type":"image\/jpeg"}],"author":"Adina C\u0103p\u00eelnean","twitter_card":"summary_large_image","twitter_misc":{"Written by":"Adina C\u0103p\u00eelnean","Estimated reading time":"4 minutes"},"schema":{"@context":"https:\/\/schema.org","@graph":[{"@type":"Article","@id":"https:\/\/buletin.de\/bucuresti\/primaria-bucuresti-si-unicef-prietenii-copiilor\/#article","isPartOf":{"@id":"https:\/\/buletin.de\/bucuresti\/primaria-bucuresti-si-unicef-prietenii-copiilor\/"},"author":{"name":"Adina C\u0103p\u00eelnean","@id":"https:\/\/buletin.de\/bucuresti\/#\/schema\/person\/ab174cf6711728e4ee83d672acf9a912"},"headline":"Prim\u0103ria Bucure\u0219ti \u0219i UNICEF, prietenii copiilor","datePublished":"2022-12-12T12:21:02+00:00","dateModified":"2022-12-12T13:53:25+00:00","mainEntityOfPage":{"@id":"https:\/\/buletin.de\/bucuresti\/primaria-bucuresti-si-unicef-prietenii-copiilor\/"},"wordCount":762,"publisher":{"@id":"https:\/\/buletin.de\/bucuresti\/#organization"},"image":{"@id":"https:\/\/buletin.de\/bucuresti\/primaria-bucuresti-si-unicef-prietenii-copiilor\/#primaryimage"},"thumbnailUrl":"https:\/\/buletin.de\/bucuresti\/wp-content\/uploads\/DSCF5951.jpg","articleSection":["\u0218tiri"],"inLanguage":"en-GB","copyrightYear":"2022","copyrightHolder":{"@id":"https:\/\/buletin.de\/bucuresti\/#organization"}},{"@type":"WebPage","@id":"https:\/\/buletin.de\/bucuresti\/primaria-bucuresti-si-unicef-prietenii-copiilor\/","url":"https:\/\/buletin.de\/bucuresti\/primaria-bucuresti-si-unicef-prietenii-copiilor\/","name":"Prim\u0103ria Bucure\u0219ti \u0219i UNICEF, prietenii copiilor - Buletin de Bucure\u0219ti","isPartOf":{"@id":"https:\/\/buletin.de\/bucuresti\/#website"},"primaryImageOfPage":{"@id":"https:\/\/buletin.de\/bucuresti\/primaria-bucuresti-si-unicef-prietenii-copiilor\/#primaryimage"},"image":{"@id":"https:\/\/buletin.de\/bucuresti\/primaria-bucuresti-si-unicef-prietenii-copiilor\/#primaryimage"},"thumbnailUrl":"https:\/\/buletin.de\/bucuresti\/wp-content\/uploads\/DSCF5951.jpg","datePublished":"2022-12-12T12:21:02+00:00","dateModified":"2022-12-12T13:53:25+00:00","breadcrumb":{"@id":"https:\/\/buletin.de\/bucuresti\/primaria-bucuresti-si-unicef-prietenii-copiilor\/#breadcrumb"},"inLanguage":"en-GB","potentialAction":[{"@type":"ReadAction","target":["https:\/\/buletin.de\/bucuresti\/primaria-bucuresti-si-unicef-prietenii-copiilor\/"]}]},{"@type":"ImageObject","inLanguage":"en-GB","@id":"https:\/\/buletin.de\/bucuresti\/primaria-bucuresti-si-unicef-prietenii-copiilor\/#primaryimage","url":"https:\/\/buletin.de\/bucuresti\/wp-content\/uploads\/DSCF5951.jpg","contentUrl":"https:\/\/buletin.de\/bucuresti\/wp-content\/uploads\/DSCF5951.jpg","width":570,"height":380},{"@type":"BreadcrumbList","@id":"https:\/\/buletin.de\/bucuresti\/primaria-bucuresti-si-unicef-prietenii-copiilor\/#breadcrumb","itemListElement":[{"@type":"ListItem","position":1,"name":"Acas\u0103","item":"https:\/\/buletin.de\/bucuresti\/"},{"@type":"ListItem","position":2,"name":"Prim\u0103ria Bucure\u0219ti \u0219i UNICEF, prietenii copiilor"}]},{"@type":"WebSite","@id":"https:\/\/buletin.de\/bucuresti\/#website","url":"https:\/\/buletin.de\/bucuresti\/","name":"Buletin de Bucure\u0219ti","description":"\u0218tiri \u0219i investiga\u021bii esen\u021biale din capital\u0103","publisher":{"@id":"https:\/\/buletin.de\/bucuresti\/#organization"},"potentialAction":[{"@type":"SearchAction","target":{"@type":"EntryPoint","urlTemplate":"https:\/\/buletin.de\/bucuresti\/?s={search_term_string}"},"query-input":{"@type":"PropertyValueSpecification","valueRequired":true,"valueName":"search_term_string"}}],"inLanguage":"en-GB"},{"@type":"Organization","@id":"https:\/\/buletin.de\/bucuresti\/#organization","name":"Buletin de Bucure\u0219ti","url":"https:\/\/buletin.de\/bucuresti\/","logo":{"@type":"ImageObject","inLanguage":"en-GB","@id":"https:\/\/buletin.de\/bucuresti\/#\/schema\/logo\/image\/","url":"https:\/\/buletin.de\/bucuresti\/wp-content\/uploads\/logo-bdb-full-wide-vernil-transparent.png","contentUrl":"https:\/\/buletin.de\/bucuresti\/wp-content\/uploads\/logo-bdb-full-wide-vernil-transparent.png","width":1782,"height":626,"caption":"Buletin de Bucure\u0219ti"},"image":{"@id":"https:\/\/buletin.de\/bucuresti\/#\/schema\/logo\/image\/"},"sameAs":["https:\/\/www.facebook.com\/buletin.de.buc","https:\/\/www.instagram.com\/buletinde.bucuresti\/"]},{"@type":"Person","@id":"https:\/\/buletin.de\/bucuresti\/#\/schema\/person\/ab174cf6711728e4ee83d672acf9a912","name":"Adina C\u0103p\u00eelnean","image":{"@type":"ImageObject","inLanguage":"en-GB","@id":"https:\/\/secure.gravatar.com\/avatar\/4fe9675d6282fd7c1aa4e486a037d532d5728fc16a30360f293eb6126b2e73ad?s=96&d=monsterid&r=ge2b23868508aec3460d3c6a11d3b599a","url":"https:\/\/secure.gravatar.com\/avatar\/4fe9675d6282fd7c1aa4e486a037d532d5728fc16a30360f293eb6126b2e73ad?s=96&d=monsterid&r=g","contentUrl":"https:\/\/secure.gravatar.com\/avatar\/4fe9675d6282fd7c1aa4e486a037d532d5728fc16a30360f293eb6126b2e73ad?s=96&d=monsterid&r=g","caption":"Adina C\u0103p\u00eelnean"},"url":"https:\/\/buletin.de\/bucuresti\/author\/adinacapilnean\/"}]}},"authors":[{"term_id":22580,"user_id":47,"is_guest":0,"slug":"adinacapilnean","display_name":"Adina C\u0103p\u00eelnean","avatar_url":"https:\/\/secure.gravatar.com\/avatar\/4fe9675d6282fd7c1aa4e486a037d532d5728fc16a30360f293eb6126b2e73ad?s=96&d=monsterid&r=g","0":null,"1":"","2":"","3":"","4":"","5":"","6":"","7":"","8":""}],"_links":{"self":[{"href":"https:\/\/buletin.de\/bucuresti\/wp-json\/wp\/v2\/posts\/49611","targetHints":{"allow":["GET"]}}],"collection":[{"href":"https:\/\/buletin.de\/bucuresti\/wp-json\/wp\/v2\/posts"}],"about":[{"href":"https:\/\/buletin.de\/bucuresti\/wp-json\/wp\/v2\/types\/post"}],"author":[{"embeddable":true,"href":"https:\/\/buletin.de\/bucuresti\/wp-json\/wp\/v2\/users\/47"}],"replies":[{"embeddable":true,"href":"https:\/\/buletin.de\/bucuresti\/wp-json\/wp\/v2\/comments?post=49611"}],"version-history":[{"count":5,"href":"https:\/\/buletin.de\/bucuresti\/wp-json\/wp\/v2\/posts\/49611\/revisions"}],"predecessor-version":[{"id":49626,"href":"https:\/\/buletin.de\/bucuresti\/wp-json\/wp\/v2\/posts\/49611\/revisions\/49626"}],"wp:featuredmedia":[{"embeddable":true,"href":"https:\/\/buletin.de\/bucuresti\/wp-json\/wp\/v2\/media\/49613"}],"wp:attachment":[{"href":"https:\/\/buletin.de\/bucuresti\/wp-json\/wp\/v2\/media?parent=49611"}],"wp:term":[{"taxonomy":"category","embeddable":true,"href":"https:\/\/buletin.de\/bucuresti\/wp-json\/wp\/v2\/categories?post=49611"},{"taxonomy":"post_tag","embeddable":true,"href":"https:\/\/buletin.de\/bucuresti\/wp-json\/wp\/v2\/tags?post=49611"},{"taxonomy":"author","embeddable":true,"href":"https:\/\/buletin.de\/bucuresti\/wp-json\/wp\/v2\/ppma_author?post=49611"}],"curies":[{"name":"wp","href":"https:\/\/api.w.org\/{rel}","templated":true}]}}