{"id":49604,"date":"2022-12-12T13:19:12","date_gmt":"2022-12-12T11:19:12","guid":{"rendered":"https:\/\/buletin.de\/bucuresti\/?p=49604"},"modified":"2022-12-12T13:24:03","modified_gmt":"2022-12-12T11:24:03","slug":"grindeanu-si-ciolacu-vizita-la-statia-de-metrou-tudor-arghezi-pe-13-decembrie-baluta-comanda-o-garnitura-de-metrou-sa-ii-plimbe-intre-statii","status":"publish","type":"post","link":"https:\/\/buletin.de\/bucuresti\/grindeanu-si-ciolacu-vizita-la-statia-de-metrou-tudor-arghezi-pe-13-decembrie-baluta-comanda-o-garnitura-de-metrou-sa-ii-plimbe-intre-statii\/","title":{"rendered":"Grindeanu \u0219i Ciolacu, vizit\u0103 la sta\u021bia de metrou Tudor Arghezi pe 13 decembrie. B\u0103lu\u021b\u0103 comand\u0103 o garnitur\u0103 de metrou s\u0103 \u00eei plimbe \u00eentre sta\u021bii"},"content":{"rendered":"\n<p>Pre\u0219edintele PSD, Marcel Ciolacu, \u0219i ministrul Transporturilor, Sorin Grindeanu, ajung m\u00e2ine \u00eentr-o vizit\u0103 la viitoarea sta\u021bie de metrou Tudor Arghezi, au confirmat pentru Buletin de Bucure\u0219ti surse din Metrorex. Iar edilul de la sectorul 4 face tot posibilul ca \u0219efii lui pe scar\u0103 ierarhic\u0103 din partid s\u0103 se bucure de toat\u0103 aten\u021bia. A dat comand\u0103 la Metrorex s\u0103 aib\u0103 o garnitur\u0103 de tren \u00een sta\u021bia cu pricina, ca s\u0103-i plimbe p\u00e2n\u0103 \u00een Berceni. <\/p>\n\n\n\n<p>Lucr\u0103rile de construc\u021bie la sta\u021bia Tudor Arghezi de pe Magistrala 2 sunt finalizate dar circula\u021bia pe noul tronson nu va \u00eencepe imediat. Urmeaz\u0103 c\u00eeteva luni \u00een care Metrorex va face probe \u0219i, \u00een c\u00e2teva luni, va fi dat \u00een folosin\u021b\u0103. <\/p>\n\n\n\n<p>Ca s\u0103 marcheze momentul finaliz\u0103rii lucr\u0103rilor la sta\u021bie, Daniel B\u0103lu\u021b\u0103 i-a invitat pe Marcel Ciolacu \u0219i Sorin Grindeanu, conform unor surse din Metrorex. \u0218i a trimis o adres\u0103 c\u0103tre companie \u00een care solicit\u0103 un <em>tren pe peron<\/em> \u00een intervalul 10-11.30, pe 13 septembrie. Cei trei vor \u021bine o conferin\u021b\u0103 de pres\u0103 apoi se vor plimba cu metroul, de la Tudor Arghezi \u00een Berceni \u0219i retur. <\/p>\n\n\n\n<figure class=\"wp-block-image size-full\"><img fetchpriority=\"high\" decoding=\"async\" width=\"663\" height=\"311\" src=\"data:image\/gif;base64,R0lGODlhAQABAAAAACH5BAEKAAEALAAAAAABAAEAAAICTAEAOw==\" data-src=\"https:\/\/buletin.de\/bucuresti\/wp-content\/uploads\/image-1380.png\" alt=\"\" class=\"wp-image-49605 lazyload\" data-sizes=\"auto\" data-srcset=\"https:\/\/buletin.de\/bucuresti\/wp-content\/uploads\/image-1380.png 663w, https:\/\/buletin.de\/bucuresti\/wp-content\/uploads\/image-1380-300x141.png 300w, https:\/\/buletin.de\/bucuresti\/wp-content\/uploads\/image-1380-550x258.png 550w, https:\/\/buletin.de\/bucuresti\/wp-content\/uploads\/image-1380-600x281.png 600w\" sizes=\"(max-width: 663px) 100vw, 663px\" \/><\/figure>\n\n\n\n<p>Prima sta\u021bie de metrou construit\u0103 de o Prim\u0103rie<\/p>\n\n\n\n<p>Extinderea Magistralei 2 este prima realizat\u0103 de o autoritate local\u0103 \u0219i prima care iese din Capital\u0103. Investi\u021bia \u00een sta\u021bia Tudor Arghezi este 50 de milioane de euro.  <\/p>\n\n\n\n<p>Noua sta\u021bie pentru M2 Berceni-Pipera este suprateran\u0103 \u0219i va beneficia de \u0219ase zone de acces pietonal, dou\u0103 fiind situate pe partea opus\u0103 a \u0219oselei, \u0219i va avea o parcare de 300 de locuri.<\/p>\n\n\n\n<p>\u201eUlterior, dup\u0103 recep\u021bia final\u0103 a lucr\u0103rilor, Metrorex va face toate probele pentru ca, la jum\u0103tatea anului viitor, s\u0103 putem circula cu metroul p\u00e2n\u0103 la sta\u021bia Tudor Arghezi. Cel mai mare proiect de infrastructur\u0103 pe care l-am implementat \u00een sectorul nostru este rezultatul unei colabor\u0103ri exemplare \u00eentre Prim\u0103ria Sectorului 4, Ministerul Transporturilor \u0219i Metrorex. \u0218i este dovada faptului c\u0103 se poate!\u201d, a scris pe pagina sa de Facebook, edilul sectorului 4, Daniel B\u0103lu\u021b\u0103.<\/p>\n\n\n<p><iframe src=\"https:\/\/www.facebook.com\/plugins\/video.php?height=314&#038;href=https%3A%2F%2Fwww.facebook.com%2Fdanielbalutaprimar%2Fvideos%2F1255547798556486%2F&#038;show_text=true&#038;width=560&#038;t=0\" width=\"560\" height=\"429\" style=\"border:none;overflow:hidden\" scrolling=\"no\" frameborder=\"0\" allowfullscreen=\"true\" allow=\"autoplay; clipboard-write; encrypted-media; picture-in-picture; web-share\" allowFullScreen=\"true\"><\/iframe><\/p>\n","protected":false},"excerpt":{"rendered":"<p>Pre\u0219edintele PSD, Marcel Ciolacu, \u0219i ministrul Transporturilor, Sorin Grindeanu, ajung m\u00e2ine \u00eentr-o vizit\u0103 la viitoarea sta\u021bie de metrou Tudor Arghezi, au confirmat pentru Buletin de Bucure\u0219ti surse din Metrorex. Iar edilul de la sectorul 4 face tot posibilul ca \u0219efii lui pe scar\u0103 ierarhic\u0103 din partid s\u0103 se bucure de toat\u0103 aten\u021bia. A dat comand\u0103 [&hellip;]<\/p>\n","protected":false},"author":18,"featured_media":49607,"comment_status":"closed","ping_status":"open","sticky":false,"template":"","format":"standard","meta":{"_acf_changed":false,"inline_featured_image":false,"ngg_post_thumbnail":0,"footnotes":""},"categories":[3419,62],"tags":[349,4610,3784,376,765,4931],"ppma_author":[22579],"class_list":["post-49604","post","type-post","status-publish","format-standard","has-post-thumbnail","hentry","category-featured","category-stiri","tag-baluta","tag-ciolacu","tag-grindeanu","tag-metrou","tag-sector-4","tag-tudora-arghezi"],"acf":[],"yoast_head":"<!-- This site is optimized with the Yoast SEO Premium plugin v25.3 (Yoast SEO v27.4) - https:\/\/yoast.com\/product\/yoast-seo-premium-wordpress\/ -->\n<title>Grindeanu \u0219i Ciolacu, vizit\u0103 la sta\u021bia de metrou Tudor Arghezi pe 13 decembrie. B\u0103lu\u021b\u0103 comand\u0103 o garnitur\u0103 de metrou s\u0103 \u00eei plimbe \u00eentre sta\u021bii - Buletin de Bucure\u0219ti<\/title>\n<meta name=\"robots\" content=\"index, follow, max-snippet:-1, max-image-preview:large, max-video-preview:-1\" \/>\n<link rel=\"canonical\" href=\"https:\/\/buletin.de\/bucuresti\/grindeanu-si-ciolacu-vizita-la-statia-de-metrou-tudor-arghezi-pe-13-decembrie-baluta-comanda-o-garnitura-de-metrou-sa-ii-plimbe-intre-statii\/\" \/>\n<meta property=\"og:locale\" content=\"en_GB\" \/>\n<meta property=\"og:type\" content=\"article\" \/>\n<meta property=\"og:title\" content=\"Grindeanu \u0219i Ciolacu, vizit\u0103 la sta\u021bia de metrou Tudor Arghezi pe 13 decembrie. B\u0103lu\u021b\u0103 comand\u0103 o garnitur\u0103 de metrou s\u0103 \u00eei plimbe \u00eentre sta\u021bii\" \/>\n<meta property=\"og:description\" content=\"Pre\u0219edintele PSD, Marcel Ciolacu, \u0219i ministrul Transporturilor, Sorin Grindeanu, ajung m\u00e2ine \u00eentr-o vizit\u0103 la viitoarea sta\u021bie de metrou Tudor Arghezi, au confirmat pentru Buletin de Bucure\u0219ti surse din Metrorex. Iar edilul de la sectorul 4 face tot posibilul ca \u0219efii lui pe scar\u0103 ierarhic\u0103 din partid s\u0103 se bucure de toat\u0103 aten\u021bia. A dat comand\u0103 [&hellip;]\" \/>\n<meta property=\"og:url\" content=\"https:\/\/buletin.de\/bucuresti\/grindeanu-si-ciolacu-vizita-la-statia-de-metrou-tudor-arghezi-pe-13-decembrie-baluta-comanda-o-garnitura-de-metrou-sa-ii-plimbe-intre-statii\/\" \/>\n<meta property=\"og:site_name\" content=\"Buletin de Bucure\u0219ti\" \/>\n<meta property=\"article:publisher\" content=\"https:\/\/www.facebook.com\/buletin.de.buc\" \/>\n<meta property=\"article:published_time\" content=\"2022-12-12T11:19:12+00:00\" \/>\n<meta property=\"article:modified_time\" content=\"2022-12-12T11:24:03+00:00\" \/>\n<meta property=\"og:image\" content=\"https:\/\/buletin.de\/bucuresti\/wp-content\/uploads\/balutagrindeanu.jpg\" \/>\n\t<meta property=\"og:image:width\" content=\"1272\" \/>\n\t<meta property=\"og:image:height\" content=\"928\" \/>\n\t<meta property=\"og:image:type\" content=\"image\/jpeg\" \/>\n<meta name=\"author\" content=\"Teodora Stroe\" \/>\n<meta name=\"twitter:card\" content=\"summary_large_image\" \/>\n<meta name=\"twitter:label1\" content=\"Written by\" \/>\n\t<meta name=\"twitter:data1\" content=\"Teodora Stroe\" \/>\n\t<meta name=\"twitter:label2\" content=\"Estimated reading time\" \/>\n\t<meta name=\"twitter:data2\" content=\"2 minutes\" \/>\n<script type=\"application\/ld+json\" class=\"yoast-schema-graph\">{\"@context\":\"https:\\\/\\\/schema.org\",\"@graph\":[{\"@type\":\"Article\",\"@id\":\"https:\\\/\\\/buletin.de\\\/bucuresti\\\/grindeanu-si-ciolacu-vizita-la-statia-de-metrou-tudor-arghezi-pe-13-decembrie-baluta-comanda-o-garnitura-de-metrou-sa-ii-plimbe-intre-statii\\\/#article\",\"isPartOf\":{\"@id\":\"https:\\\/\\\/buletin.de\\\/bucuresti\\\/grindeanu-si-ciolacu-vizita-la-statia-de-metrou-tudor-arghezi-pe-13-decembrie-baluta-comanda-o-garnitura-de-metrou-sa-ii-plimbe-intre-statii\\\/\"},\"author\":{\"name\":\"Teodora Stroe\",\"@id\":\"https:\\\/\\\/buletin.de\\\/bucuresti\\\/#\\\/schema\\\/person\\\/d369d7ddc775abece205795e0b804614\"},\"headline\":\"Grindeanu \u0219i Ciolacu, vizit\u0103 la sta\u021bia de metrou Tudor Arghezi pe 13 decembrie. B\u0103lu\u021b\u0103 comand\u0103 o garnitur\u0103 de metrou s\u0103 \u00eei plimbe \u00eentre sta\u021bii\",\"datePublished\":\"2022-12-12T11:19:12+00:00\",\"dateModified\":\"2022-12-12T11:24:03+00:00\",\"mainEntityOfPage\":{\"@id\":\"https:\\\/\\\/buletin.de\\\/bucuresti\\\/grindeanu-si-ciolacu-vizita-la-statia-de-metrou-tudor-arghezi-pe-13-decembrie-baluta-comanda-o-garnitura-de-metrou-sa-ii-plimbe-intre-statii\\\/\"},\"wordCount\":368,\"publisher\":{\"@id\":\"https:\\\/\\\/buletin.de\\\/bucuresti\\\/#organization\"},\"image\":{\"@id\":\"https:\\\/\\\/buletin.de\\\/bucuresti\\\/grindeanu-si-ciolacu-vizita-la-statia-de-metrou-tudor-arghezi-pe-13-decembrie-baluta-comanda-o-garnitura-de-metrou-sa-ii-plimbe-intre-statii\\\/#primaryimage\"},\"thumbnailUrl\":\"https:\\\/\\\/buletin.de\\\/bucuresti\\\/wp-content\\\/uploads\\\/balutagrindeanu.jpg\",\"keywords\":[\"baluta\",\"ciolacu\",\"grindeanu\",\"metrou\",\"Sector 4\",\"tudora arghezi\"],\"articleSection\":[\"Featured\",\"\u0218tiri\"],\"inLanguage\":\"en-GB\",\"copyrightYear\":\"2022\",\"copyrightHolder\":{\"@id\":\"https:\\\/\\\/buletin.de\\\/bucuresti\\\/#organization\"}},{\"@type\":\"WebPage\",\"@id\":\"https:\\\/\\\/buletin.de\\\/bucuresti\\\/grindeanu-si-ciolacu-vizita-la-statia-de-metrou-tudor-arghezi-pe-13-decembrie-baluta-comanda-o-garnitura-de-metrou-sa-ii-plimbe-intre-statii\\\/\",\"url\":\"https:\\\/\\\/buletin.de\\\/bucuresti\\\/grindeanu-si-ciolacu-vizita-la-statia-de-metrou-tudor-arghezi-pe-13-decembrie-baluta-comanda-o-garnitura-de-metrou-sa-ii-plimbe-intre-statii\\\/\",\"name\":\"Grindeanu \u0219i Ciolacu, vizit\u0103 la sta\u021bia de metrou Tudor Arghezi pe 13 decembrie. B\u0103lu\u021b\u0103 comand\u0103 o garnitur\u0103 de metrou s\u0103 \u00eei plimbe \u00eentre sta\u021bii - Buletin de Bucure\u0219ti\",\"isPartOf\":{\"@id\":\"https:\\\/\\\/buletin.de\\\/bucuresti\\\/#website\"},\"primaryImageOfPage\":{\"@id\":\"https:\\\/\\\/buletin.de\\\/bucuresti\\\/grindeanu-si-ciolacu-vizita-la-statia-de-metrou-tudor-arghezi-pe-13-decembrie-baluta-comanda-o-garnitura-de-metrou-sa-ii-plimbe-intre-statii\\\/#primaryimage\"},\"image\":{\"@id\":\"https:\\\/\\\/buletin.de\\\/bucuresti\\\/grindeanu-si-ciolacu-vizita-la-statia-de-metrou-tudor-arghezi-pe-13-decembrie-baluta-comanda-o-garnitura-de-metrou-sa-ii-plimbe-intre-statii\\\/#primaryimage\"},\"thumbnailUrl\":\"https:\\\/\\\/buletin.de\\\/bucuresti\\\/wp-content\\\/uploads\\\/balutagrindeanu.jpg\",\"datePublished\":\"2022-12-12T11:19:12+00:00\",\"dateModified\":\"2022-12-12T11:24:03+00:00\",\"breadcrumb\":{\"@id\":\"https:\\\/\\\/buletin.de\\\/bucuresti\\\/grindeanu-si-ciolacu-vizita-la-statia-de-metrou-tudor-arghezi-pe-13-decembrie-baluta-comanda-o-garnitura-de-metrou-sa-ii-plimbe-intre-statii\\\/#breadcrumb\"},\"inLanguage\":\"en-GB\",\"potentialAction\":[{\"@type\":\"ReadAction\",\"target\":[\"https:\\\/\\\/buletin.de\\\/bucuresti\\\/grindeanu-si-ciolacu-vizita-la-statia-de-metrou-tudor-arghezi-pe-13-decembrie-baluta-comanda-o-garnitura-de-metrou-sa-ii-plimbe-intre-statii\\\/\"]}]},{\"@type\":\"ImageObject\",\"inLanguage\":\"en-GB\",\"@id\":\"https:\\\/\\\/buletin.de\\\/bucuresti\\\/grindeanu-si-ciolacu-vizita-la-statia-de-metrou-tudor-arghezi-pe-13-decembrie-baluta-comanda-o-garnitura-de-metrou-sa-ii-plimbe-intre-statii\\\/#primaryimage\",\"url\":\"https:\\\/\\\/buletin.de\\\/bucuresti\\\/wp-content\\\/uploads\\\/balutagrindeanu.jpg\",\"contentUrl\":\"https:\\\/\\\/buletin.de\\\/bucuresti\\\/wp-content\\\/uploads\\\/balutagrindeanu.jpg\",\"width\":1272,\"height\":928},{\"@type\":\"BreadcrumbList\",\"@id\":\"https:\\\/\\\/buletin.de\\\/bucuresti\\\/grindeanu-si-ciolacu-vizita-la-statia-de-metrou-tudor-arghezi-pe-13-decembrie-baluta-comanda-o-garnitura-de-metrou-sa-ii-plimbe-intre-statii\\\/#breadcrumb\",\"itemListElement\":[{\"@type\":\"ListItem\",\"position\":1,\"name\":\"Acas\u0103\",\"item\":\"https:\\\/\\\/buletin.de\\\/bucuresti\\\/\"},{\"@type\":\"ListItem\",\"position\":2,\"name\":\"Grindeanu \u0219i Ciolacu, vizit\u0103 la sta\u021bia de metrou Tudor Arghezi pe 13 decembrie. B\u0103lu\u021b\u0103 comand\u0103 o garnitur\u0103 de metrou s\u0103 \u00eei plimbe \u00eentre sta\u021bii\"}]},{\"@type\":\"WebSite\",\"@id\":\"https:\\\/\\\/buletin.de\\\/bucuresti\\\/#website\",\"url\":\"https:\\\/\\\/buletin.de\\\/bucuresti\\\/\",\"name\":\"Buletin de Bucure\u0219ti\",\"description\":\"\u0218tiri \u0219i investiga\u021bii esen\u021biale din capital\u0103\",\"publisher\":{\"@id\":\"https:\\\/\\\/buletin.de\\\/bucuresti\\\/#organization\"},\"potentialAction\":[{\"@type\":\"SearchAction\",\"target\":{\"@type\":\"EntryPoint\",\"urlTemplate\":\"https:\\\/\\\/buletin.de\\\/bucuresti\\\/?s={search_term_string}\"},\"query-input\":{\"@type\":\"PropertyValueSpecification\",\"valueRequired\":true,\"valueName\":\"search_term_string\"}}],\"inLanguage\":\"en-GB\"},{\"@type\":\"Organization\",\"@id\":\"https:\\\/\\\/buletin.de\\\/bucuresti\\\/#organization\",\"name\":\"Buletin de Bucure\u0219ti\",\"url\":\"https:\\\/\\\/buletin.de\\\/bucuresti\\\/\",\"logo\":{\"@type\":\"ImageObject\",\"inLanguage\":\"en-GB\",\"@id\":\"https:\\\/\\\/buletin.de\\\/bucuresti\\\/#\\\/schema\\\/logo\\\/image\\\/\",\"url\":\"https:\\\/\\\/buletin.de\\\/bucuresti\\\/wp-content\\\/uploads\\\/logo-bdb-full-wide-vernil-transparent.png\",\"contentUrl\":\"https:\\\/\\\/buletin.de\\\/bucuresti\\\/wp-content\\\/uploads\\\/logo-bdb-full-wide-vernil-transparent.png\",\"width\":1782,\"height\":626,\"caption\":\"Buletin de Bucure\u0219ti\"},\"image\":{\"@id\":\"https:\\\/\\\/buletin.de\\\/bucuresti\\\/#\\\/schema\\\/logo\\\/image\\\/\"},\"sameAs\":[\"https:\\\/\\\/www.facebook.com\\\/buletin.de.buc\",\"https:\\\/\\\/www.instagram.com\\\/buletinde.bucuresti\\\/\"]},{\"@type\":\"Person\",\"@id\":\"https:\\\/\\\/buletin.de\\\/bucuresti\\\/#\\\/schema\\\/person\\\/d369d7ddc775abece205795e0b804614\",\"name\":\"Teodora Stroe\",\"image\":{\"@type\":\"ImageObject\",\"inLanguage\":\"en-GB\",\"@id\":\"https:\\\/\\\/secure.gravatar.com\\\/avatar\\\/2560b4cd9f5f1bc100b123158e657d75584bd1c3e1d9c69285720b9457c1b78d?s=96&d=monsterid&r=gc104800242ba5f2d78dd5d7dc4df08b6\",\"url\":\"https:\\\/\\\/secure.gravatar.com\\\/avatar\\\/2560b4cd9f5f1bc100b123158e657d75584bd1c3e1d9c69285720b9457c1b78d?s=96&d=monsterid&r=g\",\"contentUrl\":\"https:\\\/\\\/secure.gravatar.com\\\/avatar\\\/2560b4cd9f5f1bc100b123158e657d75584bd1c3e1d9c69285720b9457c1b78d?s=96&d=monsterid&r=g\",\"caption\":\"Teodora Stroe\"},\"url\":\"https:\\\/\\\/buletin.de\\\/bucuresti\\\/author\\\/simonacarlugea\\\/\"}]}<\/script>\n<!-- \/ Yoast SEO Premium plugin. -->","yoast_head_json":{"title":"Grindeanu \u0219i Ciolacu, vizit\u0103 la sta\u021bia de metrou Tudor Arghezi pe 13 decembrie. B\u0103lu\u021b\u0103 comand\u0103 o garnitur\u0103 de metrou s\u0103 \u00eei plimbe \u00eentre sta\u021bii - Buletin de Bucure\u0219ti","robots":{"index":"index","follow":"follow","max-snippet":"max-snippet:-1","max-image-preview":"max-image-preview:large","max-video-preview":"max-video-preview:-1"},"canonical":"https:\/\/buletin.de\/bucuresti\/grindeanu-si-ciolacu-vizita-la-statia-de-metrou-tudor-arghezi-pe-13-decembrie-baluta-comanda-o-garnitura-de-metrou-sa-ii-plimbe-intre-statii\/","og_locale":"en_GB","og_type":"article","og_title":"Grindeanu \u0219i Ciolacu, vizit\u0103 la sta\u021bia de metrou Tudor Arghezi pe 13 decembrie. B\u0103lu\u021b\u0103 comand\u0103 o garnitur\u0103 de metrou s\u0103 \u00eei plimbe \u00eentre sta\u021bii","og_description":"Pre\u0219edintele PSD, Marcel Ciolacu, \u0219i ministrul Transporturilor, Sorin Grindeanu, ajung m\u00e2ine \u00eentr-o vizit\u0103 la viitoarea sta\u021bie de metrou Tudor Arghezi, au confirmat pentru Buletin de Bucure\u0219ti surse din Metrorex. Iar edilul de la sectorul 4 face tot posibilul ca \u0219efii lui pe scar\u0103 ierarhic\u0103 din partid s\u0103 se bucure de toat\u0103 aten\u021bia. A dat comand\u0103 [&hellip;]","og_url":"https:\/\/buletin.de\/bucuresti\/grindeanu-si-ciolacu-vizita-la-statia-de-metrou-tudor-arghezi-pe-13-decembrie-baluta-comanda-o-garnitura-de-metrou-sa-ii-plimbe-intre-statii\/","og_site_name":"Buletin de Bucure\u0219ti","article_publisher":"https:\/\/www.facebook.com\/buletin.de.buc","article_published_time":"2022-12-12T11:19:12+00:00","article_modified_time":"2022-12-12T11:24:03+00:00","og_image":[{"width":1272,"height":928,"url":"https:\/\/buletin.de\/bucuresti\/wp-content\/uploads\/balutagrindeanu.jpg","type":"image\/jpeg"}],"author":"Teodora Stroe","twitter_card":"summary_large_image","twitter_misc":{"Written by":"Teodora Stroe","Estimated reading time":"2 minutes"},"schema":{"@context":"https:\/\/schema.org","@graph":[{"@type":"Article","@id":"https:\/\/buletin.de\/bucuresti\/grindeanu-si-ciolacu-vizita-la-statia-de-metrou-tudor-arghezi-pe-13-decembrie-baluta-comanda-o-garnitura-de-metrou-sa-ii-plimbe-intre-statii\/#article","isPartOf":{"@id":"https:\/\/buletin.de\/bucuresti\/grindeanu-si-ciolacu-vizita-la-statia-de-metrou-tudor-arghezi-pe-13-decembrie-baluta-comanda-o-garnitura-de-metrou-sa-ii-plimbe-intre-statii\/"},"author":{"name":"Teodora Stroe","@id":"https:\/\/buletin.de\/bucuresti\/#\/schema\/person\/d369d7ddc775abece205795e0b804614"},"headline":"Grindeanu \u0219i Ciolacu, vizit\u0103 la sta\u021bia de metrou Tudor Arghezi pe 13 decembrie. B\u0103lu\u021b\u0103 comand\u0103 o garnitur\u0103 de metrou s\u0103 \u00eei plimbe \u00eentre sta\u021bii","datePublished":"2022-12-12T11:19:12+00:00","dateModified":"2022-12-12T11:24:03+00:00","mainEntityOfPage":{"@id":"https:\/\/buletin.de\/bucuresti\/grindeanu-si-ciolacu-vizita-la-statia-de-metrou-tudor-arghezi-pe-13-decembrie-baluta-comanda-o-garnitura-de-metrou-sa-ii-plimbe-intre-statii\/"},"wordCount":368,"publisher":{"@id":"https:\/\/buletin.de\/bucuresti\/#organization"},"image":{"@id":"https:\/\/buletin.de\/bucuresti\/grindeanu-si-ciolacu-vizita-la-statia-de-metrou-tudor-arghezi-pe-13-decembrie-baluta-comanda-o-garnitura-de-metrou-sa-ii-plimbe-intre-statii\/#primaryimage"},"thumbnailUrl":"https:\/\/buletin.de\/bucuresti\/wp-content\/uploads\/balutagrindeanu.jpg","keywords":["baluta","ciolacu","grindeanu","metrou","Sector 4","tudora arghezi"],"articleSection":["Featured","\u0218tiri"],"inLanguage":"en-GB","copyrightYear":"2022","copyrightHolder":{"@id":"https:\/\/buletin.de\/bucuresti\/#organization"}},{"@type":"WebPage","@id":"https:\/\/buletin.de\/bucuresti\/grindeanu-si-ciolacu-vizita-la-statia-de-metrou-tudor-arghezi-pe-13-decembrie-baluta-comanda-o-garnitura-de-metrou-sa-ii-plimbe-intre-statii\/","url":"https:\/\/buletin.de\/bucuresti\/grindeanu-si-ciolacu-vizita-la-statia-de-metrou-tudor-arghezi-pe-13-decembrie-baluta-comanda-o-garnitura-de-metrou-sa-ii-plimbe-intre-statii\/","name":"Grindeanu \u0219i Ciolacu, vizit\u0103 la sta\u021bia de metrou Tudor Arghezi pe 13 decembrie. B\u0103lu\u021b\u0103 comand\u0103 o garnitur\u0103 de metrou s\u0103 \u00eei plimbe \u00eentre sta\u021bii - Buletin de Bucure\u0219ti","isPartOf":{"@id":"https:\/\/buletin.de\/bucuresti\/#website"},"primaryImageOfPage":{"@id":"https:\/\/buletin.de\/bucuresti\/grindeanu-si-ciolacu-vizita-la-statia-de-metrou-tudor-arghezi-pe-13-decembrie-baluta-comanda-o-garnitura-de-metrou-sa-ii-plimbe-intre-statii\/#primaryimage"},"image":{"@id":"https:\/\/buletin.de\/bucuresti\/grindeanu-si-ciolacu-vizita-la-statia-de-metrou-tudor-arghezi-pe-13-decembrie-baluta-comanda-o-garnitura-de-metrou-sa-ii-plimbe-intre-statii\/#primaryimage"},"thumbnailUrl":"https:\/\/buletin.de\/bucuresti\/wp-content\/uploads\/balutagrindeanu.jpg","datePublished":"2022-12-12T11:19:12+00:00","dateModified":"2022-12-12T11:24:03+00:00","breadcrumb":{"@id":"https:\/\/buletin.de\/bucuresti\/grindeanu-si-ciolacu-vizita-la-statia-de-metrou-tudor-arghezi-pe-13-decembrie-baluta-comanda-o-garnitura-de-metrou-sa-ii-plimbe-intre-statii\/#breadcrumb"},"inLanguage":"en-GB","potentialAction":[{"@type":"ReadAction","target":["https:\/\/buletin.de\/bucuresti\/grindeanu-si-ciolacu-vizita-la-statia-de-metrou-tudor-arghezi-pe-13-decembrie-baluta-comanda-o-garnitura-de-metrou-sa-ii-plimbe-intre-statii\/"]}]},{"@type":"ImageObject","inLanguage":"en-GB","@id":"https:\/\/buletin.de\/bucuresti\/grindeanu-si-ciolacu-vizita-la-statia-de-metrou-tudor-arghezi-pe-13-decembrie-baluta-comanda-o-garnitura-de-metrou-sa-ii-plimbe-intre-statii\/#primaryimage","url":"https:\/\/buletin.de\/bucuresti\/wp-content\/uploads\/balutagrindeanu.jpg","contentUrl":"https:\/\/buletin.de\/bucuresti\/wp-content\/uploads\/balutagrindeanu.jpg","width":1272,"height":928},{"@type":"BreadcrumbList","@id":"https:\/\/buletin.de\/bucuresti\/grindeanu-si-ciolacu-vizita-la-statia-de-metrou-tudor-arghezi-pe-13-decembrie-baluta-comanda-o-garnitura-de-metrou-sa-ii-plimbe-intre-statii\/#breadcrumb","itemListElement":[{"@type":"ListItem","position":1,"name":"Acas\u0103","item":"https:\/\/buletin.de\/bucuresti\/"},{"@type":"ListItem","position":2,"name":"Grindeanu \u0219i Ciolacu, vizit\u0103 la sta\u021bia de metrou Tudor Arghezi pe 13 decembrie. B\u0103lu\u021b\u0103 comand\u0103 o garnitur\u0103 de metrou s\u0103 \u00eei plimbe \u00eentre sta\u021bii"}]},{"@type":"WebSite","@id":"https:\/\/buletin.de\/bucuresti\/#website","url":"https:\/\/buletin.de\/bucuresti\/","name":"Buletin de Bucure\u0219ti","description":"\u0218tiri \u0219i investiga\u021bii esen\u021biale din capital\u0103","publisher":{"@id":"https:\/\/buletin.de\/bucuresti\/#organization"},"potentialAction":[{"@type":"SearchAction","target":{"@type":"EntryPoint","urlTemplate":"https:\/\/buletin.de\/bucuresti\/?s={search_term_string}"},"query-input":{"@type":"PropertyValueSpecification","valueRequired":true,"valueName":"search_term_string"}}],"inLanguage":"en-GB"},{"@type":"Organization","@id":"https:\/\/buletin.de\/bucuresti\/#organization","name":"Buletin de Bucure\u0219ti","url":"https:\/\/buletin.de\/bucuresti\/","logo":{"@type":"ImageObject","inLanguage":"en-GB","@id":"https:\/\/buletin.de\/bucuresti\/#\/schema\/logo\/image\/","url":"https:\/\/buletin.de\/bucuresti\/wp-content\/uploads\/logo-bdb-full-wide-vernil-transparent.png","contentUrl":"https:\/\/buletin.de\/bucuresti\/wp-content\/uploads\/logo-bdb-full-wide-vernil-transparent.png","width":1782,"height":626,"caption":"Buletin de Bucure\u0219ti"},"image":{"@id":"https:\/\/buletin.de\/bucuresti\/#\/schema\/logo\/image\/"},"sameAs":["https:\/\/www.facebook.com\/buletin.de.buc","https:\/\/www.instagram.com\/buletinde.bucuresti\/"]},{"@type":"Person","@id":"https:\/\/buletin.de\/bucuresti\/#\/schema\/person\/d369d7ddc775abece205795e0b804614","name":"Teodora Stroe","image":{"@type":"ImageObject","inLanguage":"en-GB","@id":"https:\/\/secure.gravatar.com\/avatar\/2560b4cd9f5f1bc100b123158e657d75584bd1c3e1d9c69285720b9457c1b78d?s=96&d=monsterid&r=gc104800242ba5f2d78dd5d7dc4df08b6","url":"https:\/\/secure.gravatar.com\/avatar\/2560b4cd9f5f1bc100b123158e657d75584bd1c3e1d9c69285720b9457c1b78d?s=96&d=monsterid&r=g","contentUrl":"https:\/\/secure.gravatar.com\/avatar\/2560b4cd9f5f1bc100b123158e657d75584bd1c3e1d9c69285720b9457c1b78d?s=96&d=monsterid&r=g","caption":"Teodora Stroe"},"url":"https:\/\/buletin.de\/bucuresti\/author\/simonacarlugea\/"}]}},"authors":[{"term_id":22579,"user_id":18,"is_guest":0,"slug":"simonacarlugea","display_name":"Teodora Stroe","avatar_url":"https:\/\/secure.gravatar.com\/avatar\/2560b4cd9f5f1bc100b123158e657d75584bd1c3e1d9c69285720b9457c1b78d?s=96&d=monsterid&r=g","0":null,"1":"","2":"","3":"","4":"","5":"","6":"","7":"","8":""}],"_links":{"self":[{"href":"https:\/\/buletin.de\/bucuresti\/wp-json\/wp\/v2\/posts\/49604","targetHints":{"allow":["GET"]}}],"collection":[{"href":"https:\/\/buletin.de\/bucuresti\/wp-json\/wp\/v2\/posts"}],"about":[{"href":"https:\/\/buletin.de\/bucuresti\/wp-json\/wp\/v2\/types\/post"}],"author":[{"embeddable":true,"href":"https:\/\/buletin.de\/bucuresti\/wp-json\/wp\/v2\/users\/18"}],"replies":[{"embeddable":true,"href":"https:\/\/buletin.de\/bucuresti\/wp-json\/wp\/v2\/comments?post=49604"}],"version-history":[{"count":3,"href":"https:\/\/buletin.de\/bucuresti\/wp-json\/wp\/v2\/posts\/49604\/revisions"}],"predecessor-version":[{"id":49609,"href":"https:\/\/buletin.de\/bucuresti\/wp-json\/wp\/v2\/posts\/49604\/revisions\/49609"}],"wp:featuredmedia":[{"embeddable":true,"href":"https:\/\/buletin.de\/bucuresti\/wp-json\/wp\/v2\/media\/49607"}],"wp:attachment":[{"href":"https:\/\/buletin.de\/bucuresti\/wp-json\/wp\/v2\/media?parent=49604"}],"wp:term":[{"taxonomy":"category","embeddable":true,"href":"https:\/\/buletin.de\/bucuresti\/wp-json\/wp\/v2\/categories?post=49604"},{"taxonomy":"post_tag","embeddable":true,"href":"https:\/\/buletin.de\/bucuresti\/wp-json\/wp\/v2\/tags?post=49604"},{"taxonomy":"author","embeddable":true,"href":"https:\/\/buletin.de\/bucuresti\/wp-json\/wp\/v2\/ppma_author?post=49604"}],"curies":[{"name":"wp","href":"https:\/\/api.w.org\/{rel}","templated":true}]}}