{"id":49598,"date":"2022-12-12T10:42:50","date_gmt":"2022-12-12T08:42:50","guid":{"rendered":"https:\/\/buletin.de\/bucuresti\/?p=49598"},"modified":"2022-12-12T10:42:50","modified_gmt":"2022-12-12T08:42:50","slug":"cantece-de-craciun-pentru-calatori-in-mijloacele-de-transport-in-comun-pe-ce-ruta-va-circula-tramvaiul-colindelor","status":"publish","type":"post","link":"https:\/\/buletin.de\/bucuresti\/cantece-de-craciun-pentru-calatori-in-mijloacele-de-transport-in-comun-pe-ce-ruta-va-circula-tramvaiul-colindelor\/","title":{"rendered":"C\u00e2ntece de Cr\u0103ciun pentru c\u0103l\u0103tori \u00een mijloacele de transport \u00een comun. Pe ce rut\u0103 va circula \u201eTramvaiul Colindelor\u201d"},"content":{"rendered":"\n<p>\u00cen preajma s\u0103rb\u0103torilor de iarn\u0103, Societatea de Transport \u2013 STB SA a preg\u0103tit pentru c\u0103l\u0103tori \u201eTramvaiul Colindelor\u201d, devenit deja o tradi\u021bie. Acesta va circula \u00een perioada 12 decembrie 2022 &#8211;&nbsp; 3 ianuarie 2023, pe traseul liniei 1. \u201eTramvaiul Colindelor\u201d va avea program normal de func\u021bionare, iar accesul va fi permis tuturor c\u0103l\u0103torilor.<\/p>\n\n\n\n<p>\u201eSpiritul Cr\u0103ciunului v\u0103 va \u00eenso\u021bi \u00een deplas\u0103rile zilnice, f\u0103c\u00e2nd din fiecare c\u0103l\u0103torie un prilej de bucurie \u0219i voie bun\u0103.<\/p>\n\n\n\n<p>Am preg\u0103tit cea mai frumoas\u0103 selec\u021bie de colinde rom\u00e2ne\u0219ti \u0219i interna\u021bionale, precum \u0219i o colec\u021bie de c\u00e2ntece de iarn\u0103, menite s\u0103 redea povestea magic\u0103 a acestor zile de s\u0103rb\u0103toare.<\/p>\n\n\n\n<p>Cu ajutorul unui decor rupt din basmele copil\u0103riei noastre, care surprinde personaje \u00eendr\u0103gite din satul lui Mo\u0219 Cr\u0103ciun la ceas de sear\u0103, sper\u0103m s\u0103 trezim \u00een fiecare dintre voi tr\u0103iri \u0219i sentimente deosebite.\u201d,&nbsp; a precizat STB SA.<\/p>\n\n\n\n<figure class=\"wp-block-image size-full\"><img fetchpriority=\"high\" decoding=\"async\" width=\"900\" height=\"506\" src=\"data:image\/gif;base64,R0lGODlhAQABAAAAACH5BAEKAAEALAAAAAABAAEAAAICTAEAOw==\" data-src=\"https:\/\/buletin.de\/bucuresti\/wp-content\/uploads\/stbbbb.jpg\" alt=\"\" class=\"wp-image-49599 lazyload\" data-sizes=\"auto\" data-srcset=\"https:\/\/buletin.de\/bucuresti\/wp-content\/uploads\/stbbbb.jpg 900w, https:\/\/buletin.de\/bucuresti\/wp-content\/uploads\/stbbbb-300x169.jpg 300w, https:\/\/buletin.de\/bucuresti\/wp-content\/uploads\/stbbbb-768x432.jpg 768w, https:\/\/buletin.de\/bucuresti\/wp-content\/uploads\/stbbbb-550x309.jpg 550w, https:\/\/buletin.de\/bucuresti\/wp-content\/uploads\/stbbbb-889x500.jpg 889w, https:\/\/buletin.de\/bucuresti\/wp-content\/uploads\/stbbbb-600x337.jpg 600w\" sizes=\"(max-width: 900px) 100vw, 900px\" \/><figcaption>Surs\u0103 foto: Facebook, Societatea de Transport \u2013 STB SA<\/figcaption><\/figure>\n","protected":false},"excerpt":{"rendered":"<p>\u00cen preajma s\u0103rb\u0103torilor de iarn\u0103, Societatea de Transport \u2013 STB SA a preg\u0103tit pentru c\u0103l\u0103tori \u201eTramvaiul Colindelor\u201d, devenit deja o tradi\u021bie. Acesta va circula \u00een perioada 12 decembrie 2022 &#8211;&nbsp; 3 ianuarie 2023, pe traseul liniei 1. \u201eTramvaiul Colindelor\u201d va avea program normal de func\u021bionare, iar accesul va fi permis tuturor c\u0103l\u0103torilor. \u201eSpiritul Cr\u0103ciunului v\u0103 [&hellip;]<\/p>\n","protected":false},"author":46,"featured_media":49600,"comment_status":"closed","ping_status":"open","sticky":false,"template":"","format":"standard","meta":{"_acf_changed":false,"inline_featured_image":false,"ngg_post_thumbnail":0,"footnotes":""},"categories":[62],"tags":[4930,402,4929],"ppma_author":[22605],"class_list":["post-49598","post","type-post","status-publish","format-standard","has-post-thumbnail","hentry","category-stiri","tag-linia1","tag-stb","tag-tramvaiulcolindelor"],"acf":[],"yoast_head":"<!-- This site is optimized with the Yoast SEO Premium plugin v25.3 (Yoast SEO v27.4) - https:\/\/yoast.com\/product\/yoast-seo-premium-wordpress\/ -->\n<title>C\u00e2ntece de Cr\u0103ciun pentru c\u0103l\u0103tori \u00een mijloacele de transport \u00een comun. Pe ce rut\u0103 va circula \u201eTramvaiul Colindelor\u201d - Buletin de Bucure\u0219ti<\/title>\n<meta name=\"robots\" content=\"index, follow, max-snippet:-1, max-image-preview:large, max-video-preview:-1\" \/>\n<link rel=\"canonical\" href=\"https:\/\/buletin.de\/bucuresti\/cantece-de-craciun-pentru-calatori-in-mijloacele-de-transport-in-comun-pe-ce-ruta-va-circula-tramvaiul-colindelor\/\" \/>\n<meta property=\"og:locale\" content=\"en_GB\" \/>\n<meta property=\"og:type\" content=\"article\" \/>\n<meta property=\"og:title\" content=\"C\u00e2ntece de Cr\u0103ciun pentru c\u0103l\u0103tori \u00een mijloacele de transport \u00een comun. Pe ce rut\u0103 va circula \u201eTramvaiul Colindelor\u201d\" \/>\n<meta property=\"og:description\" content=\"\u00cen preajma s\u0103rb\u0103torilor de iarn\u0103, Societatea de Transport \u2013 STB SA a preg\u0103tit pentru c\u0103l\u0103tori \u201eTramvaiul Colindelor\u201d, devenit deja o tradi\u021bie. Acesta va circula \u00een perioada 12 decembrie 2022 &#8211;&nbsp; 3 ianuarie 2023, pe traseul liniei 1. \u201eTramvaiul Colindelor\u201d va avea program normal de func\u021bionare, iar accesul va fi permis tuturor c\u0103l\u0103torilor. \u201eSpiritul Cr\u0103ciunului v\u0103 [&hellip;]\" \/>\n<meta property=\"og:url\" content=\"https:\/\/buletin.de\/bucuresti\/cantece-de-craciun-pentru-calatori-in-mijloacele-de-transport-in-comun-pe-ce-ruta-va-circula-tramvaiul-colindelor\/\" \/>\n<meta property=\"og:site_name\" content=\"Buletin de Bucure\u0219ti\" \/>\n<meta property=\"article:publisher\" content=\"https:\/\/www.facebook.com\/buletin.de.buc\" \/>\n<meta property=\"article:published_time\" content=\"2022-12-12T08:42:50+00:00\" \/>\n<meta property=\"og:image\" content=\"https:\/\/buletin.de\/bucuresti\/wp-content\/uploads\/stb-7.jpg\" \/>\n\t<meta property=\"og:image:width\" content=\"1440\" \/>\n\t<meta property=\"og:image:height\" content=\"812\" \/>\n\t<meta property=\"og:image:type\" content=\"image\/jpeg\" \/>\n<meta name=\"author\" content=\"Andreea Gelatu\" \/>\n<meta name=\"twitter:card\" content=\"summary_large_image\" \/>\n<meta name=\"twitter:label1\" content=\"Written by\" \/>\n\t<meta name=\"twitter:data1\" content=\"Andreea Gelatu\" \/>\n\t<meta name=\"twitter:label2\" content=\"Estimated reading time\" \/>\n\t<meta name=\"twitter:data2\" content=\"1 minute\" \/>\n<script type=\"application\/ld+json\" class=\"yoast-schema-graph\">{\"@context\":\"https:\\\/\\\/schema.org\",\"@graph\":[{\"@type\":\"Article\",\"@id\":\"https:\\\/\\\/buletin.de\\\/bucuresti\\\/cantece-de-craciun-pentru-calatori-in-mijloacele-de-transport-in-comun-pe-ce-ruta-va-circula-tramvaiul-colindelor\\\/#article\",\"isPartOf\":{\"@id\":\"https:\\\/\\\/buletin.de\\\/bucuresti\\\/cantece-de-craciun-pentru-calatori-in-mijloacele-de-transport-in-comun-pe-ce-ruta-va-circula-tramvaiul-colindelor\\\/\"},\"author\":{\"name\":\"Andreea Gelatu\",\"@id\":\"https:\\\/\\\/buletin.de\\\/bucuresti\\\/#\\\/schema\\\/person\\\/87734700b2c7f8608881f7e93b8834de\"},\"headline\":\"C\u00e2ntece de Cr\u0103ciun pentru c\u0103l\u0103tori \u00een mijloacele de transport \u00een comun. Pe ce rut\u0103 va circula \u201eTramvaiul Colindelor\u201d\",\"datePublished\":\"2022-12-12T08:42:50+00:00\",\"mainEntityOfPage\":{\"@id\":\"https:\\\/\\\/buletin.de\\\/bucuresti\\\/cantece-de-craciun-pentru-calatori-in-mijloacele-de-transport-in-comun-pe-ce-ruta-va-circula-tramvaiul-colindelor\\\/\"},\"wordCount\":193,\"publisher\":{\"@id\":\"https:\\\/\\\/buletin.de\\\/bucuresti\\\/#organization\"},\"image\":{\"@id\":\"https:\\\/\\\/buletin.de\\\/bucuresti\\\/cantece-de-craciun-pentru-calatori-in-mijloacele-de-transport-in-comun-pe-ce-ruta-va-circula-tramvaiul-colindelor\\\/#primaryimage\"},\"thumbnailUrl\":\"https:\\\/\\\/buletin.de\\\/bucuresti\\\/wp-content\\\/uploads\\\/stb-7.jpg\",\"keywords\":[\"linia1\",\"stb\",\"tramvaiulcolindelor\"],\"articleSection\":[\"\u0218tiri\"],\"inLanguage\":\"en-GB\",\"copyrightYear\":\"2022\",\"copyrightHolder\":{\"@id\":\"https:\\\/\\\/buletin.de\\\/bucuresti\\\/#organization\"}},{\"@type\":\"WebPage\",\"@id\":\"https:\\\/\\\/buletin.de\\\/bucuresti\\\/cantece-de-craciun-pentru-calatori-in-mijloacele-de-transport-in-comun-pe-ce-ruta-va-circula-tramvaiul-colindelor\\\/\",\"url\":\"https:\\\/\\\/buletin.de\\\/bucuresti\\\/cantece-de-craciun-pentru-calatori-in-mijloacele-de-transport-in-comun-pe-ce-ruta-va-circula-tramvaiul-colindelor\\\/\",\"name\":\"C\u00e2ntece de Cr\u0103ciun pentru c\u0103l\u0103tori \u00een mijloacele de transport \u00een comun. Pe ce rut\u0103 va circula \u201eTramvaiul Colindelor\u201d - Buletin de Bucure\u0219ti\",\"isPartOf\":{\"@id\":\"https:\\\/\\\/buletin.de\\\/bucuresti\\\/#website\"},\"primaryImageOfPage\":{\"@id\":\"https:\\\/\\\/buletin.de\\\/bucuresti\\\/cantece-de-craciun-pentru-calatori-in-mijloacele-de-transport-in-comun-pe-ce-ruta-va-circula-tramvaiul-colindelor\\\/#primaryimage\"},\"image\":{\"@id\":\"https:\\\/\\\/buletin.de\\\/bucuresti\\\/cantece-de-craciun-pentru-calatori-in-mijloacele-de-transport-in-comun-pe-ce-ruta-va-circula-tramvaiul-colindelor\\\/#primaryimage\"},\"thumbnailUrl\":\"https:\\\/\\\/buletin.de\\\/bucuresti\\\/wp-content\\\/uploads\\\/stb-7.jpg\",\"datePublished\":\"2022-12-12T08:42:50+00:00\",\"breadcrumb\":{\"@id\":\"https:\\\/\\\/buletin.de\\\/bucuresti\\\/cantece-de-craciun-pentru-calatori-in-mijloacele-de-transport-in-comun-pe-ce-ruta-va-circula-tramvaiul-colindelor\\\/#breadcrumb\"},\"inLanguage\":\"en-GB\",\"potentialAction\":[{\"@type\":\"ReadAction\",\"target\":[\"https:\\\/\\\/buletin.de\\\/bucuresti\\\/cantece-de-craciun-pentru-calatori-in-mijloacele-de-transport-in-comun-pe-ce-ruta-va-circula-tramvaiul-colindelor\\\/\"]}]},{\"@type\":\"ImageObject\",\"inLanguage\":\"en-GB\",\"@id\":\"https:\\\/\\\/buletin.de\\\/bucuresti\\\/cantece-de-craciun-pentru-calatori-in-mijloacele-de-transport-in-comun-pe-ce-ruta-va-circula-tramvaiul-colindelor\\\/#primaryimage\",\"url\":\"https:\\\/\\\/buletin.de\\\/bucuresti\\\/wp-content\\\/uploads\\\/stb-7.jpg\",\"contentUrl\":\"https:\\\/\\\/buletin.de\\\/bucuresti\\\/wp-content\\\/uploads\\\/stb-7.jpg\",\"width\":1440,\"height\":812},{\"@type\":\"BreadcrumbList\",\"@id\":\"https:\\\/\\\/buletin.de\\\/bucuresti\\\/cantece-de-craciun-pentru-calatori-in-mijloacele-de-transport-in-comun-pe-ce-ruta-va-circula-tramvaiul-colindelor\\\/#breadcrumb\",\"itemListElement\":[{\"@type\":\"ListItem\",\"position\":1,\"name\":\"Acas\u0103\",\"item\":\"https:\\\/\\\/buletin.de\\\/bucuresti\\\/\"},{\"@type\":\"ListItem\",\"position\":2,\"name\":\"C\u00e2ntece de Cr\u0103ciun pentru c\u0103l\u0103tori \u00een mijloacele de transport \u00een comun. Pe ce rut\u0103 va circula \u201eTramvaiul Colindelor\u201d\"}]},{\"@type\":\"WebSite\",\"@id\":\"https:\\\/\\\/buletin.de\\\/bucuresti\\\/#website\",\"url\":\"https:\\\/\\\/buletin.de\\\/bucuresti\\\/\",\"name\":\"Buletin de Bucure\u0219ti\",\"description\":\"\u0218tiri \u0219i investiga\u021bii esen\u021biale din capital\u0103\",\"publisher\":{\"@id\":\"https:\\\/\\\/buletin.de\\\/bucuresti\\\/#organization\"},\"potentialAction\":[{\"@type\":\"SearchAction\",\"target\":{\"@type\":\"EntryPoint\",\"urlTemplate\":\"https:\\\/\\\/buletin.de\\\/bucuresti\\\/?s={search_term_string}\"},\"query-input\":{\"@type\":\"PropertyValueSpecification\",\"valueRequired\":true,\"valueName\":\"search_term_string\"}}],\"inLanguage\":\"en-GB\"},{\"@type\":\"Organization\",\"@id\":\"https:\\\/\\\/buletin.de\\\/bucuresti\\\/#organization\",\"name\":\"Buletin de Bucure\u0219ti\",\"url\":\"https:\\\/\\\/buletin.de\\\/bucuresti\\\/\",\"logo\":{\"@type\":\"ImageObject\",\"inLanguage\":\"en-GB\",\"@id\":\"https:\\\/\\\/buletin.de\\\/bucuresti\\\/#\\\/schema\\\/logo\\\/image\\\/\",\"url\":\"https:\\\/\\\/buletin.de\\\/bucuresti\\\/wp-content\\\/uploads\\\/logo-bdb-full-wide-vernil-transparent.png\",\"contentUrl\":\"https:\\\/\\\/buletin.de\\\/bucuresti\\\/wp-content\\\/uploads\\\/logo-bdb-full-wide-vernil-transparent.png\",\"width\":1782,\"height\":626,\"caption\":\"Buletin de Bucure\u0219ti\"},\"image\":{\"@id\":\"https:\\\/\\\/buletin.de\\\/bucuresti\\\/#\\\/schema\\\/logo\\\/image\\\/\"},\"sameAs\":[\"https:\\\/\\\/www.facebook.com\\\/buletin.de.buc\",\"https:\\\/\\\/www.instagram.com\\\/buletinde.bucuresti\\\/\"]},{\"@type\":\"Person\",\"@id\":\"https:\\\/\\\/buletin.de\\\/bucuresti\\\/#\\\/schema\\\/person\\\/87734700b2c7f8608881f7e93b8834de\",\"name\":\"Andreea Gelatu\",\"image\":{\"@type\":\"ImageObject\",\"inLanguage\":\"en-GB\",\"@id\":\"https:\\\/\\\/secure.gravatar.com\\\/avatar\\\/b716eca2f984b9b65bdd87118b4b909d940b619cbe6e8cb725fe11c1b1f4194f?s=96&d=monsterid&r=g9b5eff4996c6b842a29b3057a7b4746f\",\"url\":\"https:\\\/\\\/secure.gravatar.com\\\/avatar\\\/b716eca2f984b9b65bdd87118b4b909d940b619cbe6e8cb725fe11c1b1f4194f?s=96&d=monsterid&r=g\",\"contentUrl\":\"https:\\\/\\\/secure.gravatar.com\\\/avatar\\\/b716eca2f984b9b65bdd87118b4b909d940b619cbe6e8cb725fe11c1b1f4194f?s=96&d=monsterid&r=g\",\"caption\":\"Andreea Gelatu\"},\"url\":\"https:\\\/\\\/buletin.de\\\/bucuresti\\\/author\\\/andreeagelatu\\\/\"}]}<\/script>\n<!-- \/ Yoast SEO Premium plugin. -->","yoast_head_json":{"title":"C\u00e2ntece de Cr\u0103ciun pentru c\u0103l\u0103tori \u00een mijloacele de transport \u00een comun. Pe ce rut\u0103 va circula \u201eTramvaiul Colindelor\u201d - Buletin de Bucure\u0219ti","robots":{"index":"index","follow":"follow","max-snippet":"max-snippet:-1","max-image-preview":"max-image-preview:large","max-video-preview":"max-video-preview:-1"},"canonical":"https:\/\/buletin.de\/bucuresti\/cantece-de-craciun-pentru-calatori-in-mijloacele-de-transport-in-comun-pe-ce-ruta-va-circula-tramvaiul-colindelor\/","og_locale":"en_GB","og_type":"article","og_title":"C\u00e2ntece de Cr\u0103ciun pentru c\u0103l\u0103tori \u00een mijloacele de transport \u00een comun. Pe ce rut\u0103 va circula \u201eTramvaiul Colindelor\u201d","og_description":"\u00cen preajma s\u0103rb\u0103torilor de iarn\u0103, Societatea de Transport \u2013 STB SA a preg\u0103tit pentru c\u0103l\u0103tori \u201eTramvaiul Colindelor\u201d, devenit deja o tradi\u021bie. Acesta va circula \u00een perioada 12 decembrie 2022 &#8211;&nbsp; 3 ianuarie 2023, pe traseul liniei 1. \u201eTramvaiul Colindelor\u201d va avea program normal de func\u021bionare, iar accesul va fi permis tuturor c\u0103l\u0103torilor. \u201eSpiritul Cr\u0103ciunului v\u0103 [&hellip;]","og_url":"https:\/\/buletin.de\/bucuresti\/cantece-de-craciun-pentru-calatori-in-mijloacele-de-transport-in-comun-pe-ce-ruta-va-circula-tramvaiul-colindelor\/","og_site_name":"Buletin de Bucure\u0219ti","article_publisher":"https:\/\/www.facebook.com\/buletin.de.buc","article_published_time":"2022-12-12T08:42:50+00:00","og_image":[{"width":1440,"height":812,"url":"https:\/\/buletin.de\/bucuresti\/wp-content\/uploads\/stb-7.jpg","type":"image\/jpeg"}],"author":"Andreea Gelatu","twitter_card":"summary_large_image","twitter_misc":{"Written by":"Andreea Gelatu","Estimated reading time":"1 minute"},"schema":{"@context":"https:\/\/schema.org","@graph":[{"@type":"Article","@id":"https:\/\/buletin.de\/bucuresti\/cantece-de-craciun-pentru-calatori-in-mijloacele-de-transport-in-comun-pe-ce-ruta-va-circula-tramvaiul-colindelor\/#article","isPartOf":{"@id":"https:\/\/buletin.de\/bucuresti\/cantece-de-craciun-pentru-calatori-in-mijloacele-de-transport-in-comun-pe-ce-ruta-va-circula-tramvaiul-colindelor\/"},"author":{"name":"Andreea Gelatu","@id":"https:\/\/buletin.de\/bucuresti\/#\/schema\/person\/87734700b2c7f8608881f7e93b8834de"},"headline":"C\u00e2ntece de Cr\u0103ciun pentru c\u0103l\u0103tori \u00een mijloacele de transport \u00een comun. Pe ce rut\u0103 va circula \u201eTramvaiul Colindelor\u201d","datePublished":"2022-12-12T08:42:50+00:00","mainEntityOfPage":{"@id":"https:\/\/buletin.de\/bucuresti\/cantece-de-craciun-pentru-calatori-in-mijloacele-de-transport-in-comun-pe-ce-ruta-va-circula-tramvaiul-colindelor\/"},"wordCount":193,"publisher":{"@id":"https:\/\/buletin.de\/bucuresti\/#organization"},"image":{"@id":"https:\/\/buletin.de\/bucuresti\/cantece-de-craciun-pentru-calatori-in-mijloacele-de-transport-in-comun-pe-ce-ruta-va-circula-tramvaiul-colindelor\/#primaryimage"},"thumbnailUrl":"https:\/\/buletin.de\/bucuresti\/wp-content\/uploads\/stb-7.jpg","keywords":["linia1","stb","tramvaiulcolindelor"],"articleSection":["\u0218tiri"],"inLanguage":"en-GB","copyrightYear":"2022","copyrightHolder":{"@id":"https:\/\/buletin.de\/bucuresti\/#organization"}},{"@type":"WebPage","@id":"https:\/\/buletin.de\/bucuresti\/cantece-de-craciun-pentru-calatori-in-mijloacele-de-transport-in-comun-pe-ce-ruta-va-circula-tramvaiul-colindelor\/","url":"https:\/\/buletin.de\/bucuresti\/cantece-de-craciun-pentru-calatori-in-mijloacele-de-transport-in-comun-pe-ce-ruta-va-circula-tramvaiul-colindelor\/","name":"C\u00e2ntece de Cr\u0103ciun pentru c\u0103l\u0103tori \u00een mijloacele de transport \u00een comun. Pe ce rut\u0103 va circula \u201eTramvaiul Colindelor\u201d - Buletin de Bucure\u0219ti","isPartOf":{"@id":"https:\/\/buletin.de\/bucuresti\/#website"},"primaryImageOfPage":{"@id":"https:\/\/buletin.de\/bucuresti\/cantece-de-craciun-pentru-calatori-in-mijloacele-de-transport-in-comun-pe-ce-ruta-va-circula-tramvaiul-colindelor\/#primaryimage"},"image":{"@id":"https:\/\/buletin.de\/bucuresti\/cantece-de-craciun-pentru-calatori-in-mijloacele-de-transport-in-comun-pe-ce-ruta-va-circula-tramvaiul-colindelor\/#primaryimage"},"thumbnailUrl":"https:\/\/buletin.de\/bucuresti\/wp-content\/uploads\/stb-7.jpg","datePublished":"2022-12-12T08:42:50+00:00","breadcrumb":{"@id":"https:\/\/buletin.de\/bucuresti\/cantece-de-craciun-pentru-calatori-in-mijloacele-de-transport-in-comun-pe-ce-ruta-va-circula-tramvaiul-colindelor\/#breadcrumb"},"inLanguage":"en-GB","potentialAction":[{"@type":"ReadAction","target":["https:\/\/buletin.de\/bucuresti\/cantece-de-craciun-pentru-calatori-in-mijloacele-de-transport-in-comun-pe-ce-ruta-va-circula-tramvaiul-colindelor\/"]}]},{"@type":"ImageObject","inLanguage":"en-GB","@id":"https:\/\/buletin.de\/bucuresti\/cantece-de-craciun-pentru-calatori-in-mijloacele-de-transport-in-comun-pe-ce-ruta-va-circula-tramvaiul-colindelor\/#primaryimage","url":"https:\/\/buletin.de\/bucuresti\/wp-content\/uploads\/stb-7.jpg","contentUrl":"https:\/\/buletin.de\/bucuresti\/wp-content\/uploads\/stb-7.jpg","width":1440,"height":812},{"@type":"BreadcrumbList","@id":"https:\/\/buletin.de\/bucuresti\/cantece-de-craciun-pentru-calatori-in-mijloacele-de-transport-in-comun-pe-ce-ruta-va-circula-tramvaiul-colindelor\/#breadcrumb","itemListElement":[{"@type":"ListItem","position":1,"name":"Acas\u0103","item":"https:\/\/buletin.de\/bucuresti\/"},{"@type":"ListItem","position":2,"name":"C\u00e2ntece de Cr\u0103ciun pentru c\u0103l\u0103tori \u00een mijloacele de transport \u00een comun. Pe ce rut\u0103 va circula \u201eTramvaiul Colindelor\u201d"}]},{"@type":"WebSite","@id":"https:\/\/buletin.de\/bucuresti\/#website","url":"https:\/\/buletin.de\/bucuresti\/","name":"Buletin de Bucure\u0219ti","description":"\u0218tiri \u0219i investiga\u021bii esen\u021biale din capital\u0103","publisher":{"@id":"https:\/\/buletin.de\/bucuresti\/#organization"},"potentialAction":[{"@type":"SearchAction","target":{"@type":"EntryPoint","urlTemplate":"https:\/\/buletin.de\/bucuresti\/?s={search_term_string}"},"query-input":{"@type":"PropertyValueSpecification","valueRequired":true,"valueName":"search_term_string"}}],"inLanguage":"en-GB"},{"@type":"Organization","@id":"https:\/\/buletin.de\/bucuresti\/#organization","name":"Buletin de Bucure\u0219ti","url":"https:\/\/buletin.de\/bucuresti\/","logo":{"@type":"ImageObject","inLanguage":"en-GB","@id":"https:\/\/buletin.de\/bucuresti\/#\/schema\/logo\/image\/","url":"https:\/\/buletin.de\/bucuresti\/wp-content\/uploads\/logo-bdb-full-wide-vernil-transparent.png","contentUrl":"https:\/\/buletin.de\/bucuresti\/wp-content\/uploads\/logo-bdb-full-wide-vernil-transparent.png","width":1782,"height":626,"caption":"Buletin de Bucure\u0219ti"},"image":{"@id":"https:\/\/buletin.de\/bucuresti\/#\/schema\/logo\/image\/"},"sameAs":["https:\/\/www.facebook.com\/buletin.de.buc","https:\/\/www.instagram.com\/buletinde.bucuresti\/"]},{"@type":"Person","@id":"https:\/\/buletin.de\/bucuresti\/#\/schema\/person\/87734700b2c7f8608881f7e93b8834de","name":"Andreea Gelatu","image":{"@type":"ImageObject","inLanguage":"en-GB","@id":"https:\/\/secure.gravatar.com\/avatar\/b716eca2f984b9b65bdd87118b4b909d940b619cbe6e8cb725fe11c1b1f4194f?s=96&d=monsterid&r=g9b5eff4996c6b842a29b3057a7b4746f","url":"https:\/\/secure.gravatar.com\/avatar\/b716eca2f984b9b65bdd87118b4b909d940b619cbe6e8cb725fe11c1b1f4194f?s=96&d=monsterid&r=g","contentUrl":"https:\/\/secure.gravatar.com\/avatar\/b716eca2f984b9b65bdd87118b4b909d940b619cbe6e8cb725fe11c1b1f4194f?s=96&d=monsterid&r=g","caption":"Andreea Gelatu"},"url":"https:\/\/buletin.de\/bucuresti\/author\/andreeagelatu\/"}]}},"authors":[{"term_id":22605,"user_id":46,"is_guest":0,"slug":"andreeagelatu","display_name":"Andreea Gelatu","avatar_url":"https:\/\/secure.gravatar.com\/avatar\/b716eca2f984b9b65bdd87118b4b909d940b619cbe6e8cb725fe11c1b1f4194f?s=96&d=monsterid&r=g","0":null,"1":"","2":"","3":"","4":"","5":"","6":"","7":"","8":""}],"_links":{"self":[{"href":"https:\/\/buletin.de\/bucuresti\/wp-json\/wp\/v2\/posts\/49598","targetHints":{"allow":["GET"]}}],"collection":[{"href":"https:\/\/buletin.de\/bucuresti\/wp-json\/wp\/v2\/posts"}],"about":[{"href":"https:\/\/buletin.de\/bucuresti\/wp-json\/wp\/v2\/types\/post"}],"author":[{"embeddable":true,"href":"https:\/\/buletin.de\/bucuresti\/wp-json\/wp\/v2\/users\/46"}],"replies":[{"embeddable":true,"href":"https:\/\/buletin.de\/bucuresti\/wp-json\/wp\/v2\/comments?post=49598"}],"version-history":[{"count":3,"href":"https:\/\/buletin.de\/bucuresti\/wp-json\/wp\/v2\/posts\/49598\/revisions"}],"predecessor-version":[{"id":49603,"href":"https:\/\/buletin.de\/bucuresti\/wp-json\/wp\/v2\/posts\/49598\/revisions\/49603"}],"wp:featuredmedia":[{"embeddable":true,"href":"https:\/\/buletin.de\/bucuresti\/wp-json\/wp\/v2\/media\/49600"}],"wp:attachment":[{"href":"https:\/\/buletin.de\/bucuresti\/wp-json\/wp\/v2\/media?parent=49598"}],"wp:term":[{"taxonomy":"category","embeddable":true,"href":"https:\/\/buletin.de\/bucuresti\/wp-json\/wp\/v2\/categories?post=49598"},{"taxonomy":"post_tag","embeddable":true,"href":"https:\/\/buletin.de\/bucuresti\/wp-json\/wp\/v2\/tags?post=49598"},{"taxonomy":"author","embeddable":true,"href":"https:\/\/buletin.de\/bucuresti\/wp-json\/wp\/v2\/ppma_author?post=49598"}],"curies":[{"name":"wp","href":"https:\/\/api.w.org\/{rel}","templated":true}]}}