{"id":49589,"date":"2022-12-12T14:25:36","date_gmt":"2022-12-12T12:25:36","guid":{"rendered":"https:\/\/buletin.de\/bucuresti\/?p=49589"},"modified":"2022-12-12T14:25:37","modified_gmt":"2022-12-12T12:25:37","slug":"elevii-bucuresteni-sunt-asteptati-la-evenimentele-career-talks-din-programul-vocatia-ta","status":"publish","type":"post","link":"https:\/\/buletin.de\/bucuresti\/elevii-bucuresteni-sunt-asteptati-la-evenimentele-career-talks-din-programul-vocatia-ta\/","title":{"rendered":"Elevii bucure\u0219teni sunt a\u0219tepta\u021bi la evenimentele Career Talks din programul Voca\u021bia ta"},"content":{"rendered":"\n<p><strong>\u00cen luna Decembrie, elevii claselor V-XII sunt a\u0219tepta\u021bi la conferin\u021be interactive, unde speakeri na\u021bionali \u0219i interna\u021bionali vor aborda teme importante pentru viitorul tinerilor. Evenimentul se deruleaz\u0103 \u00een weekendul 17-18 decembrie, iar elevii, p\u0103rin\u021bii \u0219i profesorii sunt a\u0219tepta\u021bi pentru a afla secrete unei cariere de succes, dar \u0219i metode pentru dezvoltarea lor personal\u0103.<\/strong><\/p>\n\n\n\n<p>Antreprenorul Bogdan Vlad, directorul de produc\u021bie PRO TV, Amir Mor Hasan, campionul mondial la cliff diving, C\u0103t\u0103lin Preda \u0219i vicepre\u0219edintele ANCROM \u0219i vicepre\u0219edintele EBCC, Dr. Andreea Szilagyi sunt c\u00e2\u021biva dintre spekearii care \u00eei a\u0219teapt\u0103 pe tineri weekendul viitor, \u00eentre orele 10:00-17:00, la Universitatea Politehnica Bucure\u0219ti, \u00een loca\u021biile Biblioteca Central\u0103, sala 3.1 \u0219i Rectorat Amfiteatru AN 010-Academician-Radu Voinea. Programul pentru s\u0103pt\u0103m\u00e2na viitoare poate fi accesat \u0219i pe link-ul <a href=\"https:\/\/toe.hubproedus.ro\/wp-content\/uploads\/2022\/12\/program-17-18-decembrie-2.pdf\">https:\/\/toe.hubproedus.ro\/wp-content\/uploads\/2022\/12\/program-17-18-decembrie-2.pdf<\/a>.<\/p>\n\n\n\n<p>Programul Voca\u021bia ta, cel care a ini\u021biat evenimentul de tip Career Talks, vine \u00een sprijinul nevoilor de integrare socio-profesionale ale elevilor, prin schimbarea percep\u021biilor pe care tinerii le au asupra activit\u0103\u021bilor profesionale, dar \u0219i prin responsabilizarea \u0219i asigurarea unui loc \u00een colectivitate, potrivit Hubproedus.ro. Acest program a fost realizat de Prim\u0103ria Municipiului Bucure\u0219ti prin Centrul de Proiecte Educa\u021bionale \u0219i Sportive Bucure\u0219ti \u2013 PROEDUS.<br><br>Surs\u0103 foto: Pagina de Facebook Proedus<\/p>\n","protected":false},"excerpt":{"rendered":"<p>\u00cen luna Decembrie, elevii claselor V-XII sunt a\u0219tepta\u021bi la conferin\u021be interactive, unde speakeri na\u021bionali \u0219i interna\u021bionali vor aborda teme importante pentru viitorul tinerilor. Evenimentul se deruleaz\u0103 \u00een weekendul 17-18 decembrie, iar elevii, p\u0103rin\u021bii \u0219i profesorii sunt a\u0219tepta\u021bi pentru a afla secrete unei cariere de succes, dar \u0219i metode pentru dezvoltarea lor personal\u0103. Antreprenorul Bogdan Vlad, [&hellip;]<\/p>\n","protected":false},"author":45,"featured_media":49590,"comment_status":"closed","ping_status":"open","sticky":false,"template":"","format":"standard","meta":{"_acf_changed":false,"inline_featured_image":false,"ngg_post_thumbnail":0,"footnotes":""},"categories":[62],"tags":[],"ppma_author":[22604],"class_list":["post-49589","post","type-post","status-publish","format-standard","has-post-thumbnail","hentry","category-stiri"],"acf":[],"yoast_head":"<!-- This site is optimized with the Yoast SEO Premium plugin v25.3 (Yoast SEO v27.4) - https:\/\/yoast.com\/product\/yoast-seo-premium-wordpress\/ -->\n<title>Elevii bucure\u0219teni sunt a\u0219tepta\u021bi la evenimentele Career Talks din programul Voca\u021bia ta - Buletin de Bucure\u0219ti<\/title>\n<meta name=\"robots\" content=\"index, follow, max-snippet:-1, max-image-preview:large, max-video-preview:-1\" \/>\n<link rel=\"canonical\" href=\"https:\/\/buletin.de\/bucuresti\/elevii-bucuresteni-sunt-asteptati-la-evenimentele-career-talks-din-programul-vocatia-ta\/\" \/>\n<meta property=\"og:locale\" content=\"en_GB\" \/>\n<meta property=\"og:type\" content=\"article\" \/>\n<meta property=\"og:title\" content=\"Elevii bucure\u0219teni sunt a\u0219tepta\u021bi la evenimentele Career Talks din programul Voca\u021bia ta\" \/>\n<meta property=\"og:description\" content=\"\u00cen luna Decembrie, elevii claselor V-XII sunt a\u0219tepta\u021bi la conferin\u021be interactive, unde speakeri na\u021bionali \u0219i interna\u021bionali vor aborda teme importante pentru viitorul tinerilor. Evenimentul se deruleaz\u0103 \u00een weekendul 17-18 decembrie, iar elevii, p\u0103rin\u021bii \u0219i profesorii sunt a\u0219tepta\u021bi pentru a afla secrete unei cariere de succes, dar \u0219i metode pentru dezvoltarea lor personal\u0103. Antreprenorul Bogdan Vlad, [&hellip;]\" \/>\n<meta property=\"og:url\" content=\"https:\/\/buletin.de\/bucuresti\/elevii-bucuresteni-sunt-asteptati-la-evenimentele-career-talks-din-programul-vocatia-ta\/\" \/>\n<meta property=\"og:site_name\" content=\"Buletin de Bucure\u0219ti\" \/>\n<meta property=\"article:publisher\" content=\"https:\/\/www.facebook.com\/buletin.de.buc\" \/>\n<meta property=\"article:published_time\" content=\"2022-12-12T12:25:36+00:00\" \/>\n<meta property=\"article:modified_time\" content=\"2022-12-12T12:25:37+00:00\" \/>\n<meta property=\"og:image\" content=\"https:\/\/buletin.de\/bucuresti\/wp-content\/uploads\/319444607_5588196074635415_4602932467039473269_n.jpg\" \/>\n\t<meta property=\"og:image:width\" content=\"1600\" \/>\n\t<meta property=\"og:image:height\" content=\"1066\" \/>\n\t<meta property=\"og:image:type\" content=\"image\/jpeg\" \/>\n<meta name=\"author\" content=\"Teodora \u0218uta\" \/>\n<meta name=\"twitter:card\" content=\"summary_large_image\" \/>\n<meta name=\"twitter:label1\" content=\"Written by\" \/>\n\t<meta name=\"twitter:data1\" content=\"Teodora \u0218uta\" \/>\n\t<meta name=\"twitter:label2\" content=\"Estimated reading time\" \/>\n\t<meta name=\"twitter:data2\" content=\"1 minute\" \/>\n<script type=\"application\/ld+json\" class=\"yoast-schema-graph\">{\"@context\":\"https:\\\/\\\/schema.org\",\"@graph\":[{\"@type\":\"Article\",\"@id\":\"https:\\\/\\\/buletin.de\\\/bucuresti\\\/elevii-bucuresteni-sunt-asteptati-la-evenimentele-career-talks-din-programul-vocatia-ta\\\/#article\",\"isPartOf\":{\"@id\":\"https:\\\/\\\/buletin.de\\\/bucuresti\\\/elevii-bucuresteni-sunt-asteptati-la-evenimentele-career-talks-din-programul-vocatia-ta\\\/\"},\"author\":{\"name\":\"Teodora \u0218uta\",\"@id\":\"https:\\\/\\\/buletin.de\\\/bucuresti\\\/#\\\/schema\\\/person\\\/5d54908fa90ab7ad3b2e88152efd6845\"},\"headline\":\"Elevii bucure\u0219teni sunt a\u0219tepta\u021bi la evenimentele Career Talks din programul Voca\u021bia ta\",\"datePublished\":\"2022-12-12T12:25:36+00:00\",\"dateModified\":\"2022-12-12T12:25:37+00:00\",\"mainEntityOfPage\":{\"@id\":\"https:\\\/\\\/buletin.de\\\/bucuresti\\\/elevii-bucuresteni-sunt-asteptati-la-evenimentele-career-talks-din-programul-vocatia-ta\\\/\"},\"wordCount\":242,\"publisher\":{\"@id\":\"https:\\\/\\\/buletin.de\\\/bucuresti\\\/#organization\"},\"image\":{\"@id\":\"https:\\\/\\\/buletin.de\\\/bucuresti\\\/elevii-bucuresteni-sunt-asteptati-la-evenimentele-career-talks-din-programul-vocatia-ta\\\/#primaryimage\"},\"thumbnailUrl\":\"https:\\\/\\\/buletin.de\\\/bucuresti\\\/wp-content\\\/uploads\\\/319444607_5588196074635415_4602932467039473269_n.jpg\",\"articleSection\":[\"\u0218tiri\"],\"inLanguage\":\"en-GB\",\"copyrightYear\":\"2022\",\"copyrightHolder\":{\"@id\":\"https:\\\/\\\/buletin.de\\\/bucuresti\\\/#organization\"}},{\"@type\":\"WebPage\",\"@id\":\"https:\\\/\\\/buletin.de\\\/bucuresti\\\/elevii-bucuresteni-sunt-asteptati-la-evenimentele-career-talks-din-programul-vocatia-ta\\\/\",\"url\":\"https:\\\/\\\/buletin.de\\\/bucuresti\\\/elevii-bucuresteni-sunt-asteptati-la-evenimentele-career-talks-din-programul-vocatia-ta\\\/\",\"name\":\"Elevii bucure\u0219teni sunt a\u0219tepta\u021bi la evenimentele Career Talks din programul Voca\u021bia ta - Buletin de Bucure\u0219ti\",\"isPartOf\":{\"@id\":\"https:\\\/\\\/buletin.de\\\/bucuresti\\\/#website\"},\"primaryImageOfPage\":{\"@id\":\"https:\\\/\\\/buletin.de\\\/bucuresti\\\/elevii-bucuresteni-sunt-asteptati-la-evenimentele-career-talks-din-programul-vocatia-ta\\\/#primaryimage\"},\"image\":{\"@id\":\"https:\\\/\\\/buletin.de\\\/bucuresti\\\/elevii-bucuresteni-sunt-asteptati-la-evenimentele-career-talks-din-programul-vocatia-ta\\\/#primaryimage\"},\"thumbnailUrl\":\"https:\\\/\\\/buletin.de\\\/bucuresti\\\/wp-content\\\/uploads\\\/319444607_5588196074635415_4602932467039473269_n.jpg\",\"datePublished\":\"2022-12-12T12:25:36+00:00\",\"dateModified\":\"2022-12-12T12:25:37+00:00\",\"breadcrumb\":{\"@id\":\"https:\\\/\\\/buletin.de\\\/bucuresti\\\/elevii-bucuresteni-sunt-asteptati-la-evenimentele-career-talks-din-programul-vocatia-ta\\\/#breadcrumb\"},\"inLanguage\":\"en-GB\",\"potentialAction\":[{\"@type\":\"ReadAction\",\"target\":[\"https:\\\/\\\/buletin.de\\\/bucuresti\\\/elevii-bucuresteni-sunt-asteptati-la-evenimentele-career-talks-din-programul-vocatia-ta\\\/\"]}]},{\"@type\":\"ImageObject\",\"inLanguage\":\"en-GB\",\"@id\":\"https:\\\/\\\/buletin.de\\\/bucuresti\\\/elevii-bucuresteni-sunt-asteptati-la-evenimentele-career-talks-din-programul-vocatia-ta\\\/#primaryimage\",\"url\":\"https:\\\/\\\/buletin.de\\\/bucuresti\\\/wp-content\\\/uploads\\\/319444607_5588196074635415_4602932467039473269_n.jpg\",\"contentUrl\":\"https:\\\/\\\/buletin.de\\\/bucuresti\\\/wp-content\\\/uploads\\\/319444607_5588196074635415_4602932467039473269_n.jpg\",\"width\":1600,\"height\":1066},{\"@type\":\"BreadcrumbList\",\"@id\":\"https:\\\/\\\/buletin.de\\\/bucuresti\\\/elevii-bucuresteni-sunt-asteptati-la-evenimentele-career-talks-din-programul-vocatia-ta\\\/#breadcrumb\",\"itemListElement\":[{\"@type\":\"ListItem\",\"position\":1,\"name\":\"Acas\u0103\",\"item\":\"https:\\\/\\\/buletin.de\\\/bucuresti\\\/\"},{\"@type\":\"ListItem\",\"position\":2,\"name\":\"Elevii bucure\u0219teni sunt a\u0219tepta\u021bi la evenimentele Career Talks din programul Voca\u021bia ta\"}]},{\"@type\":\"WebSite\",\"@id\":\"https:\\\/\\\/buletin.de\\\/bucuresti\\\/#website\",\"url\":\"https:\\\/\\\/buletin.de\\\/bucuresti\\\/\",\"name\":\"Buletin de Bucure\u0219ti\",\"description\":\"\u0218tiri \u0219i investiga\u021bii esen\u021biale din capital\u0103\",\"publisher\":{\"@id\":\"https:\\\/\\\/buletin.de\\\/bucuresti\\\/#organization\"},\"potentialAction\":[{\"@type\":\"SearchAction\",\"target\":{\"@type\":\"EntryPoint\",\"urlTemplate\":\"https:\\\/\\\/buletin.de\\\/bucuresti\\\/?s={search_term_string}\"},\"query-input\":{\"@type\":\"PropertyValueSpecification\",\"valueRequired\":true,\"valueName\":\"search_term_string\"}}],\"inLanguage\":\"en-GB\"},{\"@type\":\"Organization\",\"@id\":\"https:\\\/\\\/buletin.de\\\/bucuresti\\\/#organization\",\"name\":\"Buletin de Bucure\u0219ti\",\"url\":\"https:\\\/\\\/buletin.de\\\/bucuresti\\\/\",\"logo\":{\"@type\":\"ImageObject\",\"inLanguage\":\"en-GB\",\"@id\":\"https:\\\/\\\/buletin.de\\\/bucuresti\\\/#\\\/schema\\\/logo\\\/image\\\/\",\"url\":\"https:\\\/\\\/buletin.de\\\/bucuresti\\\/wp-content\\\/uploads\\\/logo-bdb-full-wide-vernil-transparent.png\",\"contentUrl\":\"https:\\\/\\\/buletin.de\\\/bucuresti\\\/wp-content\\\/uploads\\\/logo-bdb-full-wide-vernil-transparent.png\",\"width\":1782,\"height\":626,\"caption\":\"Buletin de Bucure\u0219ti\"},\"image\":{\"@id\":\"https:\\\/\\\/buletin.de\\\/bucuresti\\\/#\\\/schema\\\/logo\\\/image\\\/\"},\"sameAs\":[\"https:\\\/\\\/www.facebook.com\\\/buletin.de.buc\",\"https:\\\/\\\/www.instagram.com\\\/buletinde.bucuresti\\\/\"]},{\"@type\":\"Person\",\"@id\":\"https:\\\/\\\/buletin.de\\\/bucuresti\\\/#\\\/schema\\\/person\\\/5d54908fa90ab7ad3b2e88152efd6845\",\"name\":\"Teodora \u0218uta\",\"image\":{\"@type\":\"ImageObject\",\"inLanguage\":\"en-GB\",\"@id\":\"https:\\\/\\\/secure.gravatar.com\\\/avatar\\\/0c709226af9845d97b126aa0aa80ab42778847ec3d11d741016b74a61174088d?s=96&d=monsterid&r=gf2e0c6a01d766272c6fa8af9e494be28\",\"url\":\"https:\\\/\\\/secure.gravatar.com\\\/avatar\\\/0c709226af9845d97b126aa0aa80ab42778847ec3d11d741016b74a61174088d?s=96&d=monsterid&r=g\",\"contentUrl\":\"https:\\\/\\\/secure.gravatar.com\\\/avatar\\\/0c709226af9845d97b126aa0aa80ab42778847ec3d11d741016b74a61174088d?s=96&d=monsterid&r=g\",\"caption\":\"Teodora \u0218uta\"},\"url\":\"https:\\\/\\\/buletin.de\\\/bucuresti\\\/author\\\/mariasuta\\\/\"}]}<\/script>\n<!-- \/ Yoast SEO Premium plugin. -->","yoast_head_json":{"title":"Elevii bucure\u0219teni sunt a\u0219tepta\u021bi la evenimentele Career Talks din programul Voca\u021bia ta - Buletin de Bucure\u0219ti","robots":{"index":"index","follow":"follow","max-snippet":"max-snippet:-1","max-image-preview":"max-image-preview:large","max-video-preview":"max-video-preview:-1"},"canonical":"https:\/\/buletin.de\/bucuresti\/elevii-bucuresteni-sunt-asteptati-la-evenimentele-career-talks-din-programul-vocatia-ta\/","og_locale":"en_GB","og_type":"article","og_title":"Elevii bucure\u0219teni sunt a\u0219tepta\u021bi la evenimentele Career Talks din programul Voca\u021bia ta","og_description":"\u00cen luna Decembrie, elevii claselor V-XII sunt a\u0219tepta\u021bi la conferin\u021be interactive, unde speakeri na\u021bionali \u0219i interna\u021bionali vor aborda teme importante pentru viitorul tinerilor. Evenimentul se deruleaz\u0103 \u00een weekendul 17-18 decembrie, iar elevii, p\u0103rin\u021bii \u0219i profesorii sunt a\u0219tepta\u021bi pentru a afla secrete unei cariere de succes, dar \u0219i metode pentru dezvoltarea lor personal\u0103. Antreprenorul Bogdan Vlad, [&hellip;]","og_url":"https:\/\/buletin.de\/bucuresti\/elevii-bucuresteni-sunt-asteptati-la-evenimentele-career-talks-din-programul-vocatia-ta\/","og_site_name":"Buletin de Bucure\u0219ti","article_publisher":"https:\/\/www.facebook.com\/buletin.de.buc","article_published_time":"2022-12-12T12:25:36+00:00","article_modified_time":"2022-12-12T12:25:37+00:00","og_image":[{"width":1600,"height":1066,"url":"https:\/\/buletin.de\/bucuresti\/wp-content\/uploads\/319444607_5588196074635415_4602932467039473269_n.jpg","type":"image\/jpeg"}],"author":"Teodora \u0218uta","twitter_card":"summary_large_image","twitter_misc":{"Written by":"Teodora \u0218uta","Estimated reading time":"1 minute"},"schema":{"@context":"https:\/\/schema.org","@graph":[{"@type":"Article","@id":"https:\/\/buletin.de\/bucuresti\/elevii-bucuresteni-sunt-asteptati-la-evenimentele-career-talks-din-programul-vocatia-ta\/#article","isPartOf":{"@id":"https:\/\/buletin.de\/bucuresti\/elevii-bucuresteni-sunt-asteptati-la-evenimentele-career-talks-din-programul-vocatia-ta\/"},"author":{"name":"Teodora \u0218uta","@id":"https:\/\/buletin.de\/bucuresti\/#\/schema\/person\/5d54908fa90ab7ad3b2e88152efd6845"},"headline":"Elevii bucure\u0219teni sunt a\u0219tepta\u021bi la evenimentele Career Talks din programul Voca\u021bia ta","datePublished":"2022-12-12T12:25:36+00:00","dateModified":"2022-12-12T12:25:37+00:00","mainEntityOfPage":{"@id":"https:\/\/buletin.de\/bucuresti\/elevii-bucuresteni-sunt-asteptati-la-evenimentele-career-talks-din-programul-vocatia-ta\/"},"wordCount":242,"publisher":{"@id":"https:\/\/buletin.de\/bucuresti\/#organization"},"image":{"@id":"https:\/\/buletin.de\/bucuresti\/elevii-bucuresteni-sunt-asteptati-la-evenimentele-career-talks-din-programul-vocatia-ta\/#primaryimage"},"thumbnailUrl":"https:\/\/buletin.de\/bucuresti\/wp-content\/uploads\/319444607_5588196074635415_4602932467039473269_n.jpg","articleSection":["\u0218tiri"],"inLanguage":"en-GB","copyrightYear":"2022","copyrightHolder":{"@id":"https:\/\/buletin.de\/bucuresti\/#organization"}},{"@type":"WebPage","@id":"https:\/\/buletin.de\/bucuresti\/elevii-bucuresteni-sunt-asteptati-la-evenimentele-career-talks-din-programul-vocatia-ta\/","url":"https:\/\/buletin.de\/bucuresti\/elevii-bucuresteni-sunt-asteptati-la-evenimentele-career-talks-din-programul-vocatia-ta\/","name":"Elevii bucure\u0219teni sunt a\u0219tepta\u021bi la evenimentele Career Talks din programul Voca\u021bia ta - Buletin de Bucure\u0219ti","isPartOf":{"@id":"https:\/\/buletin.de\/bucuresti\/#website"},"primaryImageOfPage":{"@id":"https:\/\/buletin.de\/bucuresti\/elevii-bucuresteni-sunt-asteptati-la-evenimentele-career-talks-din-programul-vocatia-ta\/#primaryimage"},"image":{"@id":"https:\/\/buletin.de\/bucuresti\/elevii-bucuresteni-sunt-asteptati-la-evenimentele-career-talks-din-programul-vocatia-ta\/#primaryimage"},"thumbnailUrl":"https:\/\/buletin.de\/bucuresti\/wp-content\/uploads\/319444607_5588196074635415_4602932467039473269_n.jpg","datePublished":"2022-12-12T12:25:36+00:00","dateModified":"2022-12-12T12:25:37+00:00","breadcrumb":{"@id":"https:\/\/buletin.de\/bucuresti\/elevii-bucuresteni-sunt-asteptati-la-evenimentele-career-talks-din-programul-vocatia-ta\/#breadcrumb"},"inLanguage":"en-GB","potentialAction":[{"@type":"ReadAction","target":["https:\/\/buletin.de\/bucuresti\/elevii-bucuresteni-sunt-asteptati-la-evenimentele-career-talks-din-programul-vocatia-ta\/"]}]},{"@type":"ImageObject","inLanguage":"en-GB","@id":"https:\/\/buletin.de\/bucuresti\/elevii-bucuresteni-sunt-asteptati-la-evenimentele-career-talks-din-programul-vocatia-ta\/#primaryimage","url":"https:\/\/buletin.de\/bucuresti\/wp-content\/uploads\/319444607_5588196074635415_4602932467039473269_n.jpg","contentUrl":"https:\/\/buletin.de\/bucuresti\/wp-content\/uploads\/319444607_5588196074635415_4602932467039473269_n.jpg","width":1600,"height":1066},{"@type":"BreadcrumbList","@id":"https:\/\/buletin.de\/bucuresti\/elevii-bucuresteni-sunt-asteptati-la-evenimentele-career-talks-din-programul-vocatia-ta\/#breadcrumb","itemListElement":[{"@type":"ListItem","position":1,"name":"Acas\u0103","item":"https:\/\/buletin.de\/bucuresti\/"},{"@type":"ListItem","position":2,"name":"Elevii bucure\u0219teni sunt a\u0219tepta\u021bi la evenimentele Career Talks din programul Voca\u021bia ta"}]},{"@type":"WebSite","@id":"https:\/\/buletin.de\/bucuresti\/#website","url":"https:\/\/buletin.de\/bucuresti\/","name":"Buletin de Bucure\u0219ti","description":"\u0218tiri \u0219i investiga\u021bii esen\u021biale din capital\u0103","publisher":{"@id":"https:\/\/buletin.de\/bucuresti\/#organization"},"potentialAction":[{"@type":"SearchAction","target":{"@type":"EntryPoint","urlTemplate":"https:\/\/buletin.de\/bucuresti\/?s={search_term_string}"},"query-input":{"@type":"PropertyValueSpecification","valueRequired":true,"valueName":"search_term_string"}}],"inLanguage":"en-GB"},{"@type":"Organization","@id":"https:\/\/buletin.de\/bucuresti\/#organization","name":"Buletin de Bucure\u0219ti","url":"https:\/\/buletin.de\/bucuresti\/","logo":{"@type":"ImageObject","inLanguage":"en-GB","@id":"https:\/\/buletin.de\/bucuresti\/#\/schema\/logo\/image\/","url":"https:\/\/buletin.de\/bucuresti\/wp-content\/uploads\/logo-bdb-full-wide-vernil-transparent.png","contentUrl":"https:\/\/buletin.de\/bucuresti\/wp-content\/uploads\/logo-bdb-full-wide-vernil-transparent.png","width":1782,"height":626,"caption":"Buletin de Bucure\u0219ti"},"image":{"@id":"https:\/\/buletin.de\/bucuresti\/#\/schema\/logo\/image\/"},"sameAs":["https:\/\/www.facebook.com\/buletin.de.buc","https:\/\/www.instagram.com\/buletinde.bucuresti\/"]},{"@type":"Person","@id":"https:\/\/buletin.de\/bucuresti\/#\/schema\/person\/5d54908fa90ab7ad3b2e88152efd6845","name":"Teodora \u0218uta","image":{"@type":"ImageObject","inLanguage":"en-GB","@id":"https:\/\/secure.gravatar.com\/avatar\/0c709226af9845d97b126aa0aa80ab42778847ec3d11d741016b74a61174088d?s=96&d=monsterid&r=gf2e0c6a01d766272c6fa8af9e494be28","url":"https:\/\/secure.gravatar.com\/avatar\/0c709226af9845d97b126aa0aa80ab42778847ec3d11d741016b74a61174088d?s=96&d=monsterid&r=g","contentUrl":"https:\/\/secure.gravatar.com\/avatar\/0c709226af9845d97b126aa0aa80ab42778847ec3d11d741016b74a61174088d?s=96&d=monsterid&r=g","caption":"Teodora \u0218uta"},"url":"https:\/\/buletin.de\/bucuresti\/author\/mariasuta\/"}]}},"authors":[{"term_id":22604,"user_id":45,"is_guest":0,"slug":"mariasuta","display_name":"Teodora \u0218uta","avatar_url":"https:\/\/secure.gravatar.com\/avatar\/0c709226af9845d97b126aa0aa80ab42778847ec3d11d741016b74a61174088d?s=96&d=monsterid&r=g","0":null,"1":"","2":"","3":"","4":"","5":"","6":"","7":"","8":""}],"_links":{"self":[{"href":"https:\/\/buletin.de\/bucuresti\/wp-json\/wp\/v2\/posts\/49589","targetHints":{"allow":["GET"]}}],"collection":[{"href":"https:\/\/buletin.de\/bucuresti\/wp-json\/wp\/v2\/posts"}],"about":[{"href":"https:\/\/buletin.de\/bucuresti\/wp-json\/wp\/v2\/types\/post"}],"author":[{"embeddable":true,"href":"https:\/\/buletin.de\/bucuresti\/wp-json\/wp\/v2\/users\/45"}],"replies":[{"embeddable":true,"href":"https:\/\/buletin.de\/bucuresti\/wp-json\/wp\/v2\/comments?post=49589"}],"version-history":[{"count":5,"href":"https:\/\/buletin.de\/bucuresti\/wp-json\/wp\/v2\/posts\/49589\/revisions"}],"predecessor-version":[{"id":49622,"href":"https:\/\/buletin.de\/bucuresti\/wp-json\/wp\/v2\/posts\/49589\/revisions\/49622"}],"wp:featuredmedia":[{"embeddable":true,"href":"https:\/\/buletin.de\/bucuresti\/wp-json\/wp\/v2\/media\/49590"}],"wp:attachment":[{"href":"https:\/\/buletin.de\/bucuresti\/wp-json\/wp\/v2\/media?parent=49589"}],"wp:term":[{"taxonomy":"category","embeddable":true,"href":"https:\/\/buletin.de\/bucuresti\/wp-json\/wp\/v2\/categories?post=49589"},{"taxonomy":"post_tag","embeddable":true,"href":"https:\/\/buletin.de\/bucuresti\/wp-json\/wp\/v2\/tags?post=49589"},{"taxonomy":"author","embeddable":true,"href":"https:\/\/buletin.de\/bucuresti\/wp-json\/wp\/v2\/ppma_author?post=49589"}],"curies":[{"name":"wp","href":"https:\/\/api.w.org\/{rel}","templated":true}]}}