{"id":49315,"date":"2022-12-06T22:43:39","date_gmt":"2022-12-06T20:43:39","guid":{"rendered":"https:\/\/buletin.de\/bucuresti\/?p=49315"},"modified":"2022-12-06T22:47:15","modified_gmt":"2022-12-06T20:47:15","slug":"video-accident-in-pasajul-unirii-soferul-vinovat-a-fugit","status":"publish","type":"post","link":"https:\/\/buletin.de\/bucuresti\/video-accident-in-pasajul-unirii-soferul-vinovat-a-fugit\/","title":{"rendered":"VIDEO| Accident \u00een Pasajul Unirii. \u0218oferul vinovat a fugit"},"content":{"rendered":"\n<p>Un accident s-a produs, \u00een aceast\u0103 sear\u0103, \u00een Pasajul Unirii. O ma\u0219in\u0103 a intrat cu vitez\u0103 \u00een peretele desp\u0103r\u021bitor dintre benzi. Din fericire nimeni nu a fost r\u0103nit. \u0218oferul vinovat a fugit de la locul accidentului \u0219i este, acum, c\u0103utat de poli\u021bie.<\/p>\n\n\n\n<p>Primarul Sectorului 4, Daniel B\u0103lu\u021b\u0103, a postat pe pagina sa de Facebook \u00eenregistr\u0103rile cu accidentul surprinse de camerele de supraveghere din pasaj. <\/p>\n\n\n\n<p>\u00cen imagini se v\u0103d dou\u0103 ma\u0219ini care intr\u0103 cu vitez\u0103 \u00een tunelul care era deja blocat de o coloan\u0103 de autovehicule care \u00eenaintau \u00eencet. \u0218oferul primei ma\u0219ini a \u00eencercat s\u0103 evite o coliziune frontal\u0103 cu vehiculul din fa\u021ba sa \u0219i ma\u0219ina a rico\u0219at. \u00cen acel moment a fost lovit de ma\u0219ina care era \u00een spatele s\u0103u \u0219i s-a oprit \u00een peretele desp\u0103r\u021bitor pe care l-a distrus. <\/p>\n\n\n\n<p>\u0218oferii ambelor ma\u0219ini implicate \u00een accident au ie\u0219it nev\u0103t\u0103ma\u021bi din vehicule. Cel care a produs carambolul a fugit \u00eenainte ca poli\u021bia s\u0103 ajung\u0103. <\/p>\n\n\n<p><iframe src=\"https:\/\/www.facebook.com\/plugins\/video.php?height=316&#038;href=https%3A%2F%2Fwww.facebook.com%2Fdanielbalutaprimar%2Fvideos%2F1095168304506296%2F&#038;show_text=false&#038;width=560&#038;t=0\" width=\"560\" height=\"316\" style=\"border:none;overflow:hidden\" scrolling=\"no\" frameborder=\"0\" allowfullscreen=\"true\" allow=\"autoplay; clipboard-write; encrypted-media; picture-in-picture; web-share\" allowFullScreen=\"true\"><\/iframe><\/p>\n\n\n\n<p>&#8220;Goana nu-l va ajuta \u00eens\u0103 deloc, \u00eentruc\u00e2t accidentul a fost filmat, iar imediat dup\u0103 ce Poli\u021bia Rutier\u0103 \u00eel va identifica, \u00eei vom face o pl\u00e2ngere penal\u0103 pentru distrugere! De asemenea, cheltuielile de refacere a elementelor distruse \u00eei vor fi imputate&#8221;, a scris Daniel B\u0103lu\u021b\u0103 pe pagina sa de Facebook. <\/p>\n\n\n\n<p>\u00cen octombrie, o ma\u0219in\u0103 a luat foc \u00een pasaj \u0219i peste 100 de persoane au fost evacuate din cauza fumului degajat. <\/p>\n\n\n\n<figure class=\"wp-block-embed is-type-wp-embed is-provider-buletin-de-bucure\u0219ti wp-block-embed-buletin-de-bucure\u0219ti\"><div class=\"wp-block-embed__wrapper\">\n<blockquote class=\"wp-embedded-content\" data-secret=\"Lxvu5yeW31\"><a href=\"https:\/\/buletin.de\/bucuresti\/incendiu-in-pasajul-unirii-masini-abandonate-din-cauza-fumului-dens\/\">Incendiu \u00een Pasajul Unirii: Ma\u0219ini abandonate din cauza fumului dens<\/a><\/blockquote><iframe class=\"wp-embedded-content\" sandbox=\"allow-scripts\" security=\"restricted\" style=\"position: absolute; clip: rect(1px, 1px, 1px, 1px);\" title=\"&#8222;Incendiu \u00een Pasajul Unirii: Ma\u0219ini abandonate din cauza fumului dens&#8221; &#8212; Buletin de Bucure\u0219ti\" src=\"https:\/\/buletin.de\/bucuresti\/incendiu-in-pasajul-unirii-masini-abandonate-din-cauza-fumului-dens\/embed\/#?secret=2hQCNXR9DB#?secret=Lxvu5yeW31\" data-secret=\"Lxvu5yeW31\" width=\"600\" height=\"338\" frameborder=\"0\" marginwidth=\"0\" marginheight=\"0\" scrolling=\"no\"><\/iframe>\n<\/div><\/figure>\n","protected":false},"excerpt":{"rendered":"<p>Un accident s-a produs, \u00een aceast\u0103 sear\u0103, \u00een Pasajul Unirii. O ma\u0219in\u0103 a intrat cu vitez\u0103 \u00een peretele desp\u0103r\u021bitor dintre benzi. Din fericire nimeni nu a fost r\u0103nit. \u0218oferul vinovat a fugit de la locul accidentului \u0219i este, acum, c\u0103utat de poli\u021bie. Primarul Sectorului 4, Daniel B\u0103lu\u021b\u0103, a postat pe pagina sa de Facebook \u00eenregistr\u0103rile [&hellip;]<\/p>\n","protected":false},"author":18,"featured_media":49317,"comment_status":"closed","ping_status":"open","sticky":false,"template":"","format":"standard","meta":{"_acf_changed":false,"inline_featured_image":false,"ngg_post_thumbnail":0,"footnotes":""},"categories":[3419,62],"tags":[1100,9,4536,765],"ppma_author":[22579],"class_list":["post-49315","post","type-post","status-publish","format-standard","has-post-thumbnail","hentry","category-featured","category-stiri","tag-accident","tag-bucuresti","tag-pasajul-unirii","tag-sector-4"],"acf":[],"yoast_head":"<!-- This site is optimized with the Yoast SEO Premium plugin v25.3 (Yoast SEO v27.4) - https:\/\/yoast.com\/product\/yoast-seo-premium-wordpress\/ -->\n<title>VIDEO| Accident \u00een Pasajul Unirii. \u0218oferul vinovat a fugit - Buletin de Bucure\u0219ti<\/title>\n<meta name=\"robots\" content=\"index, follow, max-snippet:-1, max-image-preview:large, max-video-preview:-1\" \/>\n<link rel=\"canonical\" href=\"https:\/\/buletin.de\/bucuresti\/video-accident-in-pasajul-unirii-soferul-vinovat-a-fugit\/\" \/>\n<meta property=\"og:locale\" content=\"en_GB\" \/>\n<meta property=\"og:type\" content=\"article\" \/>\n<meta property=\"og:title\" content=\"VIDEO| Accident \u00een Pasajul Unirii. \u0218oferul vinovat a fugit\" \/>\n<meta property=\"og:description\" content=\"Un accident s-a produs, \u00een aceast\u0103 sear\u0103, \u00een Pasajul Unirii. O ma\u0219in\u0103 a intrat cu vitez\u0103 \u00een peretele desp\u0103r\u021bitor dintre benzi. Din fericire nimeni nu a fost r\u0103nit. \u0218oferul vinovat a fugit de la locul accidentului \u0219i este, acum, c\u0103utat de poli\u021bie. Primarul Sectorului 4, Daniel B\u0103lu\u021b\u0103, a postat pe pagina sa de Facebook \u00eenregistr\u0103rile [&hellip;]\" \/>\n<meta property=\"og:url\" content=\"https:\/\/buletin.de\/bucuresti\/video-accident-in-pasajul-unirii-soferul-vinovat-a-fugit\/\" \/>\n<meta property=\"og:site_name\" content=\"Buletin de Bucure\u0219ti\" \/>\n<meta property=\"article:publisher\" content=\"https:\/\/www.facebook.com\/buletin.de.buc\" \/>\n<meta property=\"article:published_time\" content=\"2022-12-06T20:43:39+00:00\" \/>\n<meta property=\"article:modified_time\" content=\"2022-12-06T20:47:15+00:00\" \/>\n<meta property=\"og:image\" content=\"https:\/\/buletin.de\/bucuresti\/wp-content\/uploads\/accident.png\" \/>\n\t<meta property=\"og:image:width\" content=\"1366\" \/>\n\t<meta property=\"og:image:height\" content=\"768\" \/>\n\t<meta property=\"og:image:type\" content=\"image\/png\" \/>\n<meta name=\"author\" content=\"Teodora Stroe\" \/>\n<meta name=\"twitter:card\" content=\"summary_large_image\" \/>\n<meta name=\"twitter:label1\" content=\"Written by\" \/>\n\t<meta name=\"twitter:data1\" content=\"Teodora Stroe\" \/>\n\t<meta name=\"twitter:label2\" content=\"Estimated reading time\" \/>\n\t<meta name=\"twitter:data2\" content=\"1 minute\" \/>\n<script type=\"application\/ld+json\" class=\"yoast-schema-graph\">{\"@context\":\"https:\\\/\\\/schema.org\",\"@graph\":[{\"@type\":\"Article\",\"@id\":\"https:\\\/\\\/buletin.de\\\/bucuresti\\\/video-accident-in-pasajul-unirii-soferul-vinovat-a-fugit\\\/#article\",\"isPartOf\":{\"@id\":\"https:\\\/\\\/buletin.de\\\/bucuresti\\\/video-accident-in-pasajul-unirii-soferul-vinovat-a-fugit\\\/\"},\"author\":{\"name\":\"Teodora Stroe\",\"@id\":\"https:\\\/\\\/buletin.de\\\/bucuresti\\\/#\\\/schema\\\/person\\\/d369d7ddc775abece205795e0b804614\"},\"headline\":\"VIDEO| Accident \u00een Pasajul Unirii. \u0218oferul vinovat a fugit\",\"datePublished\":\"2022-12-06T20:43:39+00:00\",\"dateModified\":\"2022-12-06T20:47:15+00:00\",\"mainEntityOfPage\":{\"@id\":\"https:\\\/\\\/buletin.de\\\/bucuresti\\\/video-accident-in-pasajul-unirii-soferul-vinovat-a-fugit\\\/\"},\"wordCount\":264,\"publisher\":{\"@id\":\"https:\\\/\\\/buletin.de\\\/bucuresti\\\/#organization\"},\"image\":{\"@id\":\"https:\\\/\\\/buletin.de\\\/bucuresti\\\/video-accident-in-pasajul-unirii-soferul-vinovat-a-fugit\\\/#primaryimage\"},\"thumbnailUrl\":\"https:\\\/\\\/buletin.de\\\/bucuresti\\\/wp-content\\\/uploads\\\/accident.png\",\"keywords\":[\"accident\",\"bucuresti\",\"pasajul unirii\",\"Sector 4\"],\"articleSection\":[\"Featured\",\"\u0218tiri\"],\"inLanguage\":\"en-GB\",\"copyrightYear\":\"2022\",\"copyrightHolder\":{\"@id\":\"https:\\\/\\\/buletin.de\\\/bucuresti\\\/#organization\"}},{\"@type\":\"WebPage\",\"@id\":\"https:\\\/\\\/buletin.de\\\/bucuresti\\\/video-accident-in-pasajul-unirii-soferul-vinovat-a-fugit\\\/\",\"url\":\"https:\\\/\\\/buletin.de\\\/bucuresti\\\/video-accident-in-pasajul-unirii-soferul-vinovat-a-fugit\\\/\",\"name\":\"VIDEO| Accident \u00een Pasajul Unirii. \u0218oferul vinovat a fugit - Buletin de Bucure\u0219ti\",\"isPartOf\":{\"@id\":\"https:\\\/\\\/buletin.de\\\/bucuresti\\\/#website\"},\"primaryImageOfPage\":{\"@id\":\"https:\\\/\\\/buletin.de\\\/bucuresti\\\/video-accident-in-pasajul-unirii-soferul-vinovat-a-fugit\\\/#primaryimage\"},\"image\":{\"@id\":\"https:\\\/\\\/buletin.de\\\/bucuresti\\\/video-accident-in-pasajul-unirii-soferul-vinovat-a-fugit\\\/#primaryimage\"},\"thumbnailUrl\":\"https:\\\/\\\/buletin.de\\\/bucuresti\\\/wp-content\\\/uploads\\\/accident.png\",\"datePublished\":\"2022-12-06T20:43:39+00:00\",\"dateModified\":\"2022-12-06T20:47:15+00:00\",\"breadcrumb\":{\"@id\":\"https:\\\/\\\/buletin.de\\\/bucuresti\\\/video-accident-in-pasajul-unirii-soferul-vinovat-a-fugit\\\/#breadcrumb\"},\"inLanguage\":\"en-GB\",\"potentialAction\":[{\"@type\":\"ReadAction\",\"target\":[\"https:\\\/\\\/buletin.de\\\/bucuresti\\\/video-accident-in-pasajul-unirii-soferul-vinovat-a-fugit\\\/\"]}]},{\"@type\":\"ImageObject\",\"inLanguage\":\"en-GB\",\"@id\":\"https:\\\/\\\/buletin.de\\\/bucuresti\\\/video-accident-in-pasajul-unirii-soferul-vinovat-a-fugit\\\/#primaryimage\",\"url\":\"https:\\\/\\\/buletin.de\\\/bucuresti\\\/wp-content\\\/uploads\\\/accident.png\",\"contentUrl\":\"https:\\\/\\\/buletin.de\\\/bucuresti\\\/wp-content\\\/uploads\\\/accident.png\",\"width\":1366,\"height\":768},{\"@type\":\"BreadcrumbList\",\"@id\":\"https:\\\/\\\/buletin.de\\\/bucuresti\\\/video-accident-in-pasajul-unirii-soferul-vinovat-a-fugit\\\/#breadcrumb\",\"itemListElement\":[{\"@type\":\"ListItem\",\"position\":1,\"name\":\"Acas\u0103\",\"item\":\"https:\\\/\\\/buletin.de\\\/bucuresti\\\/\"},{\"@type\":\"ListItem\",\"position\":2,\"name\":\"VIDEO| Accident \u00een Pasajul Unirii. \u0218oferul vinovat a fugit\"}]},{\"@type\":\"WebSite\",\"@id\":\"https:\\\/\\\/buletin.de\\\/bucuresti\\\/#website\",\"url\":\"https:\\\/\\\/buletin.de\\\/bucuresti\\\/\",\"name\":\"Buletin de Bucure\u0219ti\",\"description\":\"\u0218tiri \u0219i investiga\u021bii esen\u021biale din capital\u0103\",\"publisher\":{\"@id\":\"https:\\\/\\\/buletin.de\\\/bucuresti\\\/#organization\"},\"potentialAction\":[{\"@type\":\"SearchAction\",\"target\":{\"@type\":\"EntryPoint\",\"urlTemplate\":\"https:\\\/\\\/buletin.de\\\/bucuresti\\\/?s={search_term_string}\"},\"query-input\":{\"@type\":\"PropertyValueSpecification\",\"valueRequired\":true,\"valueName\":\"search_term_string\"}}],\"inLanguage\":\"en-GB\"},{\"@type\":\"Organization\",\"@id\":\"https:\\\/\\\/buletin.de\\\/bucuresti\\\/#organization\",\"name\":\"Buletin de Bucure\u0219ti\",\"url\":\"https:\\\/\\\/buletin.de\\\/bucuresti\\\/\",\"logo\":{\"@type\":\"ImageObject\",\"inLanguage\":\"en-GB\",\"@id\":\"https:\\\/\\\/buletin.de\\\/bucuresti\\\/#\\\/schema\\\/logo\\\/image\\\/\",\"url\":\"https:\\\/\\\/buletin.de\\\/bucuresti\\\/wp-content\\\/uploads\\\/logo-bdb-full-wide-vernil-transparent.png\",\"contentUrl\":\"https:\\\/\\\/buletin.de\\\/bucuresti\\\/wp-content\\\/uploads\\\/logo-bdb-full-wide-vernil-transparent.png\",\"width\":1782,\"height\":626,\"caption\":\"Buletin de Bucure\u0219ti\"},\"image\":{\"@id\":\"https:\\\/\\\/buletin.de\\\/bucuresti\\\/#\\\/schema\\\/logo\\\/image\\\/\"},\"sameAs\":[\"https:\\\/\\\/www.facebook.com\\\/buletin.de.buc\",\"https:\\\/\\\/www.instagram.com\\\/buletinde.bucuresti\\\/\"]},{\"@type\":\"Person\",\"@id\":\"https:\\\/\\\/buletin.de\\\/bucuresti\\\/#\\\/schema\\\/person\\\/d369d7ddc775abece205795e0b804614\",\"name\":\"Teodora Stroe\",\"image\":{\"@type\":\"ImageObject\",\"inLanguage\":\"en-GB\",\"@id\":\"https:\\\/\\\/secure.gravatar.com\\\/avatar\\\/2560b4cd9f5f1bc100b123158e657d75584bd1c3e1d9c69285720b9457c1b78d?s=96&d=monsterid&r=gc104800242ba5f2d78dd5d7dc4df08b6\",\"url\":\"https:\\\/\\\/secure.gravatar.com\\\/avatar\\\/2560b4cd9f5f1bc100b123158e657d75584bd1c3e1d9c69285720b9457c1b78d?s=96&d=monsterid&r=g\",\"contentUrl\":\"https:\\\/\\\/secure.gravatar.com\\\/avatar\\\/2560b4cd9f5f1bc100b123158e657d75584bd1c3e1d9c69285720b9457c1b78d?s=96&d=monsterid&r=g\",\"caption\":\"Teodora Stroe\"},\"url\":\"https:\\\/\\\/buletin.de\\\/bucuresti\\\/author\\\/simonacarlugea\\\/\"}]}<\/script>\n<!-- \/ Yoast SEO Premium plugin. -->","yoast_head_json":{"title":"VIDEO| Accident \u00een Pasajul Unirii. \u0218oferul vinovat a fugit - Buletin de Bucure\u0219ti","robots":{"index":"index","follow":"follow","max-snippet":"max-snippet:-1","max-image-preview":"max-image-preview:large","max-video-preview":"max-video-preview:-1"},"canonical":"https:\/\/buletin.de\/bucuresti\/video-accident-in-pasajul-unirii-soferul-vinovat-a-fugit\/","og_locale":"en_GB","og_type":"article","og_title":"VIDEO| Accident \u00een Pasajul Unirii. \u0218oferul vinovat a fugit","og_description":"Un accident s-a produs, \u00een aceast\u0103 sear\u0103, \u00een Pasajul Unirii. O ma\u0219in\u0103 a intrat cu vitez\u0103 \u00een peretele desp\u0103r\u021bitor dintre benzi. Din fericire nimeni nu a fost r\u0103nit. \u0218oferul vinovat a fugit de la locul accidentului \u0219i este, acum, c\u0103utat de poli\u021bie. Primarul Sectorului 4, Daniel B\u0103lu\u021b\u0103, a postat pe pagina sa de Facebook \u00eenregistr\u0103rile [&hellip;]","og_url":"https:\/\/buletin.de\/bucuresti\/video-accident-in-pasajul-unirii-soferul-vinovat-a-fugit\/","og_site_name":"Buletin de Bucure\u0219ti","article_publisher":"https:\/\/www.facebook.com\/buletin.de.buc","article_published_time":"2022-12-06T20:43:39+00:00","article_modified_time":"2022-12-06T20:47:15+00:00","og_image":[{"width":1366,"height":768,"url":"https:\/\/buletin.de\/bucuresti\/wp-content\/uploads\/accident.png","type":"image\/png"}],"author":"Teodora Stroe","twitter_card":"summary_large_image","twitter_misc":{"Written by":"Teodora Stroe","Estimated reading time":"1 minute"},"schema":{"@context":"https:\/\/schema.org","@graph":[{"@type":"Article","@id":"https:\/\/buletin.de\/bucuresti\/video-accident-in-pasajul-unirii-soferul-vinovat-a-fugit\/#article","isPartOf":{"@id":"https:\/\/buletin.de\/bucuresti\/video-accident-in-pasajul-unirii-soferul-vinovat-a-fugit\/"},"author":{"name":"Teodora Stroe","@id":"https:\/\/buletin.de\/bucuresti\/#\/schema\/person\/d369d7ddc775abece205795e0b804614"},"headline":"VIDEO| Accident \u00een Pasajul Unirii. \u0218oferul vinovat a fugit","datePublished":"2022-12-06T20:43:39+00:00","dateModified":"2022-12-06T20:47:15+00:00","mainEntityOfPage":{"@id":"https:\/\/buletin.de\/bucuresti\/video-accident-in-pasajul-unirii-soferul-vinovat-a-fugit\/"},"wordCount":264,"publisher":{"@id":"https:\/\/buletin.de\/bucuresti\/#organization"},"image":{"@id":"https:\/\/buletin.de\/bucuresti\/video-accident-in-pasajul-unirii-soferul-vinovat-a-fugit\/#primaryimage"},"thumbnailUrl":"https:\/\/buletin.de\/bucuresti\/wp-content\/uploads\/accident.png","keywords":["accident","bucuresti","pasajul unirii","Sector 4"],"articleSection":["Featured","\u0218tiri"],"inLanguage":"en-GB","copyrightYear":"2022","copyrightHolder":{"@id":"https:\/\/buletin.de\/bucuresti\/#organization"}},{"@type":"WebPage","@id":"https:\/\/buletin.de\/bucuresti\/video-accident-in-pasajul-unirii-soferul-vinovat-a-fugit\/","url":"https:\/\/buletin.de\/bucuresti\/video-accident-in-pasajul-unirii-soferul-vinovat-a-fugit\/","name":"VIDEO| Accident \u00een Pasajul Unirii. \u0218oferul vinovat a fugit - Buletin de Bucure\u0219ti","isPartOf":{"@id":"https:\/\/buletin.de\/bucuresti\/#website"},"primaryImageOfPage":{"@id":"https:\/\/buletin.de\/bucuresti\/video-accident-in-pasajul-unirii-soferul-vinovat-a-fugit\/#primaryimage"},"image":{"@id":"https:\/\/buletin.de\/bucuresti\/video-accident-in-pasajul-unirii-soferul-vinovat-a-fugit\/#primaryimage"},"thumbnailUrl":"https:\/\/buletin.de\/bucuresti\/wp-content\/uploads\/accident.png","datePublished":"2022-12-06T20:43:39+00:00","dateModified":"2022-12-06T20:47:15+00:00","breadcrumb":{"@id":"https:\/\/buletin.de\/bucuresti\/video-accident-in-pasajul-unirii-soferul-vinovat-a-fugit\/#breadcrumb"},"inLanguage":"en-GB","potentialAction":[{"@type":"ReadAction","target":["https:\/\/buletin.de\/bucuresti\/video-accident-in-pasajul-unirii-soferul-vinovat-a-fugit\/"]}]},{"@type":"ImageObject","inLanguage":"en-GB","@id":"https:\/\/buletin.de\/bucuresti\/video-accident-in-pasajul-unirii-soferul-vinovat-a-fugit\/#primaryimage","url":"https:\/\/buletin.de\/bucuresti\/wp-content\/uploads\/accident.png","contentUrl":"https:\/\/buletin.de\/bucuresti\/wp-content\/uploads\/accident.png","width":1366,"height":768},{"@type":"BreadcrumbList","@id":"https:\/\/buletin.de\/bucuresti\/video-accident-in-pasajul-unirii-soferul-vinovat-a-fugit\/#breadcrumb","itemListElement":[{"@type":"ListItem","position":1,"name":"Acas\u0103","item":"https:\/\/buletin.de\/bucuresti\/"},{"@type":"ListItem","position":2,"name":"VIDEO| Accident \u00een Pasajul Unirii. \u0218oferul vinovat a fugit"}]},{"@type":"WebSite","@id":"https:\/\/buletin.de\/bucuresti\/#website","url":"https:\/\/buletin.de\/bucuresti\/","name":"Buletin de Bucure\u0219ti","description":"\u0218tiri \u0219i investiga\u021bii esen\u021biale din capital\u0103","publisher":{"@id":"https:\/\/buletin.de\/bucuresti\/#organization"},"potentialAction":[{"@type":"SearchAction","target":{"@type":"EntryPoint","urlTemplate":"https:\/\/buletin.de\/bucuresti\/?s={search_term_string}"},"query-input":{"@type":"PropertyValueSpecification","valueRequired":true,"valueName":"search_term_string"}}],"inLanguage":"en-GB"},{"@type":"Organization","@id":"https:\/\/buletin.de\/bucuresti\/#organization","name":"Buletin de Bucure\u0219ti","url":"https:\/\/buletin.de\/bucuresti\/","logo":{"@type":"ImageObject","inLanguage":"en-GB","@id":"https:\/\/buletin.de\/bucuresti\/#\/schema\/logo\/image\/","url":"https:\/\/buletin.de\/bucuresti\/wp-content\/uploads\/logo-bdb-full-wide-vernil-transparent.png","contentUrl":"https:\/\/buletin.de\/bucuresti\/wp-content\/uploads\/logo-bdb-full-wide-vernil-transparent.png","width":1782,"height":626,"caption":"Buletin de Bucure\u0219ti"},"image":{"@id":"https:\/\/buletin.de\/bucuresti\/#\/schema\/logo\/image\/"},"sameAs":["https:\/\/www.facebook.com\/buletin.de.buc","https:\/\/www.instagram.com\/buletinde.bucuresti\/"]},{"@type":"Person","@id":"https:\/\/buletin.de\/bucuresti\/#\/schema\/person\/d369d7ddc775abece205795e0b804614","name":"Teodora Stroe","image":{"@type":"ImageObject","inLanguage":"en-GB","@id":"https:\/\/secure.gravatar.com\/avatar\/2560b4cd9f5f1bc100b123158e657d75584bd1c3e1d9c69285720b9457c1b78d?s=96&d=monsterid&r=gc104800242ba5f2d78dd5d7dc4df08b6","url":"https:\/\/secure.gravatar.com\/avatar\/2560b4cd9f5f1bc100b123158e657d75584bd1c3e1d9c69285720b9457c1b78d?s=96&d=monsterid&r=g","contentUrl":"https:\/\/secure.gravatar.com\/avatar\/2560b4cd9f5f1bc100b123158e657d75584bd1c3e1d9c69285720b9457c1b78d?s=96&d=monsterid&r=g","caption":"Teodora Stroe"},"url":"https:\/\/buletin.de\/bucuresti\/author\/simonacarlugea\/"}]}},"authors":[{"term_id":22579,"user_id":18,"is_guest":0,"slug":"simonacarlugea","display_name":"Teodora Stroe","avatar_url":"https:\/\/secure.gravatar.com\/avatar\/2560b4cd9f5f1bc100b123158e657d75584bd1c3e1d9c69285720b9457c1b78d?s=96&d=monsterid&r=g","0":null,"1":"","2":"","3":"","4":"","5":"","6":"","7":"","8":""}],"_links":{"self":[{"href":"https:\/\/buletin.de\/bucuresti\/wp-json\/wp\/v2\/posts\/49315","targetHints":{"allow":["GET"]}}],"collection":[{"href":"https:\/\/buletin.de\/bucuresti\/wp-json\/wp\/v2\/posts"}],"about":[{"href":"https:\/\/buletin.de\/bucuresti\/wp-json\/wp\/v2\/types\/post"}],"author":[{"embeddable":true,"href":"https:\/\/buletin.de\/bucuresti\/wp-json\/wp\/v2\/users\/18"}],"replies":[{"embeddable":true,"href":"https:\/\/buletin.de\/bucuresti\/wp-json\/wp\/v2\/comments?post=49315"}],"version-history":[{"count":3,"href":"https:\/\/buletin.de\/bucuresti\/wp-json\/wp\/v2\/posts\/49315\/revisions"}],"predecessor-version":[{"id":49320,"href":"https:\/\/buletin.de\/bucuresti\/wp-json\/wp\/v2\/posts\/49315\/revisions\/49320"}],"wp:featuredmedia":[{"embeddable":true,"href":"https:\/\/buletin.de\/bucuresti\/wp-json\/wp\/v2\/media\/49317"}],"wp:attachment":[{"href":"https:\/\/buletin.de\/bucuresti\/wp-json\/wp\/v2\/media?parent=49315"}],"wp:term":[{"taxonomy":"category","embeddable":true,"href":"https:\/\/buletin.de\/bucuresti\/wp-json\/wp\/v2\/categories?post=49315"},{"taxonomy":"post_tag","embeddable":true,"href":"https:\/\/buletin.de\/bucuresti\/wp-json\/wp\/v2\/tags?post=49315"},{"taxonomy":"author","embeddable":true,"href":"https:\/\/buletin.de\/bucuresti\/wp-json\/wp\/v2\/ppma_author?post=49315"}],"curies":[{"name":"wp","href":"https:\/\/api.w.org\/{rel}","templated":true}]}}