{"id":49305,"date":"2022-12-06T21:18:13","date_gmt":"2022-12-06T19:18:13","guid":{"rendered":"https:\/\/buletin.de\/bucuresti\/?p=49305"},"modified":"2022-12-06T21:18:14","modified_gmt":"2022-12-06T19:18:14","slug":"primul-centru-de-joaca-invatare-si-parenting-pentru-comunitati-vulnerabile-din-capitala-se-adreseaza-copiilor-romani-si-ucraineni","status":"publish","type":"post","link":"https:\/\/buletin.de\/bucuresti\/primul-centru-de-joaca-invatare-si-parenting-pentru-comunitati-vulnerabile-din-capitala-se-adreseaza-copiilor-romani-si-ucraineni\/","title":{"rendered":"Primul centru de joac\u0103, \u00eenv\u0103\u021bare \u0219i parenting pentru comunit\u0103\u021bi vulnerabile din Capital\u0103. Se adreseaz\u0103 copiilor rom\u00e2ni \u0219i ucraineni"},"content":{"rendered":"\n<p>Primo-Hub, noul centru deschis \u00een Capital\u0103 pe Bulevardul Pallady la num\u0103rul 37, este produsul cooper\u0103rii Prim\u0103riei Bucure\u0219ti, Asocia\u021biei Centru Step-by-Step pentru educa\u021bie \u0219i dezvoltare profesional\u0103 \u0219i UNICEF. Acest proiect este dedicat copiilor din comunit\u0103\u021bi vulnerabile din grupa 0-6 ani, rom\u00e2ni \u0219i ucraineni. Metodologia acestui centru are \u00een vedere at\u00e2t educa\u021bia propriu-zis\u0103 a copiilor c\u00e2t \u0219i nevoile p\u0103rin\u021bilor acestor copii.\u00a0<\/p>\n\n\n\n<p>Ast\u0103zi, 6 decembrie, a avut loc inaugurarea acestui proiect. Pe l\u00e2ng\u0103 reprezentan\u021bii celor 3 institu\u021bii care particip\u0103 la proiect, au fost prezente \u0219i o parte dintre familiile ce au apucat s\u0103 se \u00eenscrie \u00een acest proiect. De\u0219i este teoretic prima zi, practic a doua pentru unii, deja <em>\u201ecopii \u0219i-au g\u0103sit locul \u0219i sunt foarte implica\u021bi\u201d, <\/em>conform directorului executiv al centrului, Carmen Lic\u0103.<\/p>\n\n\n\n<figure class=\"wp-block-image size-large\"><img fetchpriority=\"high\" decoding=\"async\" width=\"900\" height=\"678\" src=\"data:image\/gif;base64,R0lGODlhAQABAAAAACH5BAEKAAEALAAAAAABAAEAAAICTAEAOw==\" data-src=\"https:\/\/buletin.de\/bucuresti\/wp-content\/uploads\/IMG_20221206_125313202-900x678.jpg\" alt=\"\" class=\"wp-image-49309 lazyload\" data-sizes=\"auto\" data-srcset=\"https:\/\/buletin.de\/bucuresti\/wp-content\/uploads\/IMG_20221206_125313202-900x678.jpg 900w, https:\/\/buletin.de\/bucuresti\/wp-content\/uploads\/IMG_20221206_125313202-300x226.jpg 300w, https:\/\/buletin.de\/bucuresti\/wp-content\/uploads\/IMG_20221206_125313202-768x578.jpg 768w, https:\/\/buletin.de\/bucuresti\/wp-content\/uploads\/IMG_20221206_125313202-1536x1157.jpg 1536w, https:\/\/buletin.de\/bucuresti\/wp-content\/uploads\/IMG_20221206_125313202-1060x798.jpg 1060w, https:\/\/buletin.de\/bucuresti\/wp-content\/uploads\/IMG_20221206_125313202-550x414.jpg 550w, https:\/\/buletin.de\/bucuresti\/wp-content\/uploads\/IMG_20221206_125313202-664x500.jpg 664w, https:\/\/buletin.de\/bucuresti\/wp-content\/uploads\/IMG_20221206_125313202-1920x1446.jpg 1920w, https:\/\/buletin.de\/bucuresti\/wp-content\/uploads\/IMG_20221206_125313202-1434x1080.jpg 1434w, https:\/\/buletin.de\/bucuresti\/wp-content\/uploads\/IMG_20221206_125313202-600x452.jpg 600w, https:\/\/buletin.de\/bucuresti\/wp-content\/uploads\/IMG_20221206_125313202.jpg 2000w\" sizes=\"(max-width: 900px) 100vw, 900px\" \/><\/figure>\n\n\n\n<p>Cele 20 de locuri au fost ocupate aproape \u00eentr-o singur\u0103 zi. Principala strategie de \u201emarketing\u201d, av\u00e2nd \u00een vedere \u0219i faptul c\u0103 publicul \u021bint\u0103 sunt persoanele din medii mai izolate, a fost <em>\u201edin vorba \u00een vorb\u0103\u201d<\/em>. F\u0103r\u0103 a mediatiza foarte mult acest centru, directorul general al DGASMB a spus c\u0103 abia ce au adus ieri c\u00e2teva m\u0103mici \u00een vizit\u0103, iar ast\u0103zi deja cererea este peste capacitatea proiectului actual. Jum\u0103tate dintre locuri sunt ocupate de copii rom\u00e2ni \u0219i jum\u0103tate de copii ucraineni.&nbsp;<\/p>\n\n\n\n<p>Strategia de \u201emarketing\u201d a fost, deci, s\u0103 r\u0103spund\u0103 unei nevoi foarte puternice a p\u0103rin\u021bilor din comunit\u0103\u021bile vulnerabile de a putea alege ceva mai bun pentru copiii lor. Acest r\u0103spuns prompt confirm\u0103 \u0219i analiza riguroas\u0103 a nevoilor comunit\u0103\u021bii care s-a f\u0103cut \u00eenaintea \u00eenceperii acestui proiect, conform c\u0103reia \u201e9 din 10 p\u0103rin\u021bi spun c\u0103 nu sunt suficiente centre educa\u021bionale\u201d \u0219i c\u0103 \u201enu au din ce s\u0103 aleag\u0103\u201d, a mai spus Cosmina Simiean, directorul Direc\u021biei de Asisten\u021b\u0103 Social\u0103 Bucure\u0219ti.&nbsp;<\/p>\n\n\n\n<p>Cu toate acestea, p\u00e2n\u0103 \u00een momentul de fa\u021b\u0103 mai este \u00een plan un singur centru, \u00een Sectorul 6, la cap\u0103tul cel\u0103lalt al Bucure\u0219tiului. Cu prima ocazie a unor posibile finan\u021b\u0103ri, \u0219i DGASMB \u0219i Prim\u0103ria Capitalei vor s\u0103 deschid\u0103 noi astfel de centre.<\/p>\n\n\n\n<blockquote class=\"wp-block-quote is-layout-flow wp-block-quote-is-layout-flow\"><p>\u201eAsisten\u021ba social\u0103 a fost mereu o <em>Cenu\u0219\u0103reasa <\/em>(\u00een Rom\u00e2nia). Nevoia de a asigura asisten\u021b\u0103 social\u0103 e mai mare dec\u00e2t ceea ce ofer\u0103 statul.\u201d <\/p><cite>Viceprimarul Horia Tomescu, \u00een cadrul inaugur\u0103rii de ast\u0103zi.<\/cite><\/blockquote>\n\n\n\n<p>Ca un p\u0103rinte s\u0103 poat\u0103 alege ce e mai bun pentru copiii lui \u0219i s\u0103 \u00eei ghideze \u00een viitor, acesta trebuie s\u0103 poat\u0103 s\u0103 aleag\u0103 ce este mai bun \u0219i pentru el \u00eensu\u0219i. Astfel, acest program \u00ee\u0219i propune o abordare \u201eholistic\u0103\u201d asupra familiei ca \u00eentreg, nu doar asupra educa\u021biei efectiv\u0103 a copilului. Educatorii sunt \u00eenv\u0103\u021ba\u021bi s\u0103 observe \u0219i s\u0103 poat\u0103 interveni \u00een toate problemele pe care copiii \u0219i familiile lor s-ar putea reg\u0103si, de la probleme de s\u0103n\u0103tate la greutatea de a g\u0103si un loc de munc\u0103.&nbsp;<\/p>\n\n\n\n<p>&nbsp;Metoda dup\u0103 care acest centru func\u021bioneaz\u0103 a fost \u201edezvoltat\u0103 \u00een ultimii 25 de ani\u201d de c\u0103tre asocia\u021bia Step-by-Step, iar proiectul pilot a fost \u201eRom\u00e2nia cre\u0219te cu tine\u201d, ce s-a desf\u0103\u0219urat \u00een jude\u021bele Bra\u0219ov \u0219i Bac\u0103u.&nbsp;<\/p>\n\n\n\n<blockquote class=\"wp-block-quote is-layout-flow wp-block-quote-is-layout-flow\"><p>\u201eAm construit pe experien\u021ba pe care am acumulat-o acolo \u0219i, acum, \u00een parteneriat cu UNICEF \u0219i Prim\u0103ria Capitalei deschidem aceste centre primo-hub.\u201d<\/p><cite>a spus doamna Carmen Lic\u0103, directorul centrului.<\/cite><\/blockquote>\n","protected":false},"excerpt":{"rendered":"<p>Primo-Hub, noul centru deschis \u00een Capital\u0103 pe Bulevardul Pallady la num\u0103rul 37, este produsul cooper\u0103rii Prim\u0103riei Bucure\u0219ti, Asocia\u021biei Centru Step-by-Step pentru educa\u021bie \u0219i dezvoltare profesional\u0103 \u0219i UNICEF. Acest proiect este dedicat copiilor din comunit\u0103\u021bi vulnerabile din grupa 0-6 ani, rom\u00e2ni \u0219i ucraineni. Metodologia acestui centru are \u00een vedere at\u00e2t educa\u021bia propriu-zis\u0103 a copiilor c\u00e2t \u0219i [&hellip;]<\/p>\n","protected":false},"author":47,"featured_media":49308,"comment_status":"closed","ping_status":"open","sticky":false,"template":"","format":"standard","meta":{"_acf_changed":false,"inline_featured_image":false,"ngg_post_thumbnail":0,"footnotes":""},"categories":[62],"tags":[4897,4507,258,4896],"ppma_author":[22580],"class_list":["post-49305","post","type-post","status-publish","format-standard","has-post-thumbnail","hentry","category-stiri","tag-asistenta-sociala","tag-copii-defavorizati","tag-primaria-capitalei","tag-primo-hub"],"acf":[],"yoast_head":"<!-- This site is optimized with the Yoast SEO Premium plugin v25.3 (Yoast SEO v27.4) - https:\/\/yoast.com\/product\/yoast-seo-premium-wordpress\/ -->\n<title>Primul centru de joac\u0103, \u00eenv\u0103\u021bare \u0219i parenting pentru comunit\u0103\u021bi vulnerabile din Capital\u0103. Se adreseaz\u0103 copiilor rom\u00e2ni \u0219i ucraineni - Buletin de Bucure\u0219ti<\/title>\n<meta name=\"robots\" content=\"index, follow, max-snippet:-1, max-image-preview:large, max-video-preview:-1\" \/>\n<link rel=\"canonical\" href=\"https:\/\/buletin.de\/bucuresti\/primul-centru-de-joaca-invatare-si-parenting-pentru-comunitati-vulnerabile-din-capitala-se-adreseaza-copiilor-romani-si-ucraineni\/\" \/>\n<meta property=\"og:locale\" content=\"en_GB\" \/>\n<meta property=\"og:type\" content=\"article\" \/>\n<meta property=\"og:title\" content=\"Primul centru de joac\u0103, \u00eenv\u0103\u021bare \u0219i parenting pentru comunit\u0103\u021bi vulnerabile din Capital\u0103. Se adreseaz\u0103 copiilor rom\u00e2ni \u0219i ucraineni\" \/>\n<meta property=\"og:description\" content=\"Primo-Hub, noul centru deschis \u00een Capital\u0103 pe Bulevardul Pallady la num\u0103rul 37, este produsul cooper\u0103rii Prim\u0103riei Bucure\u0219ti, Asocia\u021biei Centru Step-by-Step pentru educa\u021bie \u0219i dezvoltare profesional\u0103 \u0219i UNICEF. Acest proiect este dedicat copiilor din comunit\u0103\u021bi vulnerabile din grupa 0-6 ani, rom\u00e2ni \u0219i ucraineni. Metodologia acestui centru are \u00een vedere at\u00e2t educa\u021bia propriu-zis\u0103 a copiilor c\u00e2t \u0219i [&hellip;]\" \/>\n<meta property=\"og:url\" content=\"https:\/\/buletin.de\/bucuresti\/primul-centru-de-joaca-invatare-si-parenting-pentru-comunitati-vulnerabile-din-capitala-se-adreseaza-copiilor-romani-si-ucraineni\/\" \/>\n<meta property=\"og:site_name\" content=\"Buletin de Bucure\u0219ti\" \/>\n<meta property=\"article:publisher\" content=\"https:\/\/www.facebook.com\/buletin.de.buc\" \/>\n<meta property=\"article:published_time\" content=\"2022-12-06T19:18:13+00:00\" \/>\n<meta property=\"article:modified_time\" content=\"2022-12-06T19:18:14+00:00\" \/>\n<meta property=\"og:image\" content=\"https:\/\/buletin.de\/bucuresti\/wp-content\/uploads\/IMG_20221206_131408454-01.jpeg\" \/>\n\t<meta property=\"og:image:width\" content=\"2000\" \/>\n\t<meta property=\"og:image:height\" content=\"1506\" \/>\n\t<meta property=\"og:image:type\" content=\"image\/jpeg\" \/>\n<meta name=\"author\" content=\"Adina C\u0103p\u00eelnean\" \/>\n<meta name=\"twitter:card\" content=\"summary_large_image\" \/>\n<meta name=\"twitter:label1\" content=\"Written by\" \/>\n\t<meta name=\"twitter:data1\" content=\"Adina C\u0103p\u00eelnean\" \/>\n\t<meta name=\"twitter:label2\" content=\"Estimated reading time\" \/>\n\t<meta name=\"twitter:data2\" content=\"3 minutes\" \/>\n<script type=\"application\/ld+json\" class=\"yoast-schema-graph\">{\"@context\":\"https:\\\/\\\/schema.org\",\"@graph\":[{\"@type\":\"Article\",\"@id\":\"https:\\\/\\\/buletin.de\\\/bucuresti\\\/primul-centru-de-joaca-invatare-si-parenting-pentru-comunitati-vulnerabile-din-capitala-se-adreseaza-copiilor-romani-si-ucraineni\\\/#article\",\"isPartOf\":{\"@id\":\"https:\\\/\\\/buletin.de\\\/bucuresti\\\/primul-centru-de-joaca-invatare-si-parenting-pentru-comunitati-vulnerabile-din-capitala-se-adreseaza-copiilor-romani-si-ucraineni\\\/\"},\"author\":{\"name\":\"Adina C\u0103p\u00eelnean\",\"@id\":\"https:\\\/\\\/buletin.de\\\/bucuresti\\\/#\\\/schema\\\/person\\\/ab174cf6711728e4ee83d672acf9a912\"},\"headline\":\"Primul centru de joac\u0103, \u00eenv\u0103\u021bare \u0219i parenting pentru comunit\u0103\u021bi vulnerabile din Capital\u0103. Se adreseaz\u0103 copiilor rom\u00e2ni \u0219i ucraineni\",\"datePublished\":\"2022-12-06T19:18:13+00:00\",\"dateModified\":\"2022-12-06T19:18:14+00:00\",\"mainEntityOfPage\":{\"@id\":\"https:\\\/\\\/buletin.de\\\/bucuresti\\\/primul-centru-de-joaca-invatare-si-parenting-pentru-comunitati-vulnerabile-din-capitala-se-adreseaza-copiilor-romani-si-ucraineni\\\/\"},\"wordCount\":592,\"publisher\":{\"@id\":\"https:\\\/\\\/buletin.de\\\/bucuresti\\\/#organization\"},\"image\":{\"@id\":\"https:\\\/\\\/buletin.de\\\/bucuresti\\\/primul-centru-de-joaca-invatare-si-parenting-pentru-comunitati-vulnerabile-din-capitala-se-adreseaza-copiilor-romani-si-ucraineni\\\/#primaryimage\"},\"thumbnailUrl\":\"https:\\\/\\\/buletin.de\\\/bucuresti\\\/wp-content\\\/uploads\\\/IMG_20221206_131408454-01.jpeg\",\"keywords\":[\"asistenta sociala\",\"copii defavorizati\",\"primaria capitalei\",\"primo-hub\"],\"articleSection\":[\"\u0218tiri\"],\"inLanguage\":\"en-GB\",\"copyrightYear\":\"2022\",\"copyrightHolder\":{\"@id\":\"https:\\\/\\\/buletin.de\\\/bucuresti\\\/#organization\"}},{\"@type\":\"WebPage\",\"@id\":\"https:\\\/\\\/buletin.de\\\/bucuresti\\\/primul-centru-de-joaca-invatare-si-parenting-pentru-comunitati-vulnerabile-din-capitala-se-adreseaza-copiilor-romani-si-ucraineni\\\/\",\"url\":\"https:\\\/\\\/buletin.de\\\/bucuresti\\\/primul-centru-de-joaca-invatare-si-parenting-pentru-comunitati-vulnerabile-din-capitala-se-adreseaza-copiilor-romani-si-ucraineni\\\/\",\"name\":\"Primul centru de joac\u0103, \u00eenv\u0103\u021bare \u0219i parenting pentru comunit\u0103\u021bi vulnerabile din Capital\u0103. Se adreseaz\u0103 copiilor rom\u00e2ni \u0219i ucraineni - Buletin de Bucure\u0219ti\",\"isPartOf\":{\"@id\":\"https:\\\/\\\/buletin.de\\\/bucuresti\\\/#website\"},\"primaryImageOfPage\":{\"@id\":\"https:\\\/\\\/buletin.de\\\/bucuresti\\\/primul-centru-de-joaca-invatare-si-parenting-pentru-comunitati-vulnerabile-din-capitala-se-adreseaza-copiilor-romani-si-ucraineni\\\/#primaryimage\"},\"image\":{\"@id\":\"https:\\\/\\\/buletin.de\\\/bucuresti\\\/primul-centru-de-joaca-invatare-si-parenting-pentru-comunitati-vulnerabile-din-capitala-se-adreseaza-copiilor-romani-si-ucraineni\\\/#primaryimage\"},\"thumbnailUrl\":\"https:\\\/\\\/buletin.de\\\/bucuresti\\\/wp-content\\\/uploads\\\/IMG_20221206_131408454-01.jpeg\",\"datePublished\":\"2022-12-06T19:18:13+00:00\",\"dateModified\":\"2022-12-06T19:18:14+00:00\",\"breadcrumb\":{\"@id\":\"https:\\\/\\\/buletin.de\\\/bucuresti\\\/primul-centru-de-joaca-invatare-si-parenting-pentru-comunitati-vulnerabile-din-capitala-se-adreseaza-copiilor-romani-si-ucraineni\\\/#breadcrumb\"},\"inLanguage\":\"en-GB\",\"potentialAction\":[{\"@type\":\"ReadAction\",\"target\":[\"https:\\\/\\\/buletin.de\\\/bucuresti\\\/primul-centru-de-joaca-invatare-si-parenting-pentru-comunitati-vulnerabile-din-capitala-se-adreseaza-copiilor-romani-si-ucraineni\\\/\"]}]},{\"@type\":\"ImageObject\",\"inLanguage\":\"en-GB\",\"@id\":\"https:\\\/\\\/buletin.de\\\/bucuresti\\\/primul-centru-de-joaca-invatare-si-parenting-pentru-comunitati-vulnerabile-din-capitala-se-adreseaza-copiilor-romani-si-ucraineni\\\/#primaryimage\",\"url\":\"https:\\\/\\\/buletin.de\\\/bucuresti\\\/wp-content\\\/uploads\\\/IMG_20221206_131408454-01.jpeg\",\"contentUrl\":\"https:\\\/\\\/buletin.de\\\/bucuresti\\\/wp-content\\\/uploads\\\/IMG_20221206_131408454-01.jpeg\",\"width\":2000,\"height\":1506},{\"@type\":\"BreadcrumbList\",\"@id\":\"https:\\\/\\\/buletin.de\\\/bucuresti\\\/primul-centru-de-joaca-invatare-si-parenting-pentru-comunitati-vulnerabile-din-capitala-se-adreseaza-copiilor-romani-si-ucraineni\\\/#breadcrumb\",\"itemListElement\":[{\"@type\":\"ListItem\",\"position\":1,\"name\":\"Acas\u0103\",\"item\":\"https:\\\/\\\/buletin.de\\\/bucuresti\\\/\"},{\"@type\":\"ListItem\",\"position\":2,\"name\":\"Primul centru de joac\u0103, \u00eenv\u0103\u021bare \u0219i parenting pentru comunit\u0103\u021bi vulnerabile din Capital\u0103. Se adreseaz\u0103 copiilor rom\u00e2ni \u0219i ucraineni\"}]},{\"@type\":\"WebSite\",\"@id\":\"https:\\\/\\\/buletin.de\\\/bucuresti\\\/#website\",\"url\":\"https:\\\/\\\/buletin.de\\\/bucuresti\\\/\",\"name\":\"Buletin de Bucure\u0219ti\",\"description\":\"\u0218tiri \u0219i investiga\u021bii esen\u021biale din capital\u0103\",\"publisher\":{\"@id\":\"https:\\\/\\\/buletin.de\\\/bucuresti\\\/#organization\"},\"potentialAction\":[{\"@type\":\"SearchAction\",\"target\":{\"@type\":\"EntryPoint\",\"urlTemplate\":\"https:\\\/\\\/buletin.de\\\/bucuresti\\\/?s={search_term_string}\"},\"query-input\":{\"@type\":\"PropertyValueSpecification\",\"valueRequired\":true,\"valueName\":\"search_term_string\"}}],\"inLanguage\":\"en-GB\"},{\"@type\":\"Organization\",\"@id\":\"https:\\\/\\\/buletin.de\\\/bucuresti\\\/#organization\",\"name\":\"Buletin de Bucure\u0219ti\",\"url\":\"https:\\\/\\\/buletin.de\\\/bucuresti\\\/\",\"logo\":{\"@type\":\"ImageObject\",\"inLanguage\":\"en-GB\",\"@id\":\"https:\\\/\\\/buletin.de\\\/bucuresti\\\/#\\\/schema\\\/logo\\\/image\\\/\",\"url\":\"https:\\\/\\\/buletin.de\\\/bucuresti\\\/wp-content\\\/uploads\\\/logo-bdb-full-wide-vernil-transparent.png\",\"contentUrl\":\"https:\\\/\\\/buletin.de\\\/bucuresti\\\/wp-content\\\/uploads\\\/logo-bdb-full-wide-vernil-transparent.png\",\"width\":1782,\"height\":626,\"caption\":\"Buletin de Bucure\u0219ti\"},\"image\":{\"@id\":\"https:\\\/\\\/buletin.de\\\/bucuresti\\\/#\\\/schema\\\/logo\\\/image\\\/\"},\"sameAs\":[\"https:\\\/\\\/www.facebook.com\\\/buletin.de.buc\",\"https:\\\/\\\/www.instagram.com\\\/buletinde.bucuresti\\\/\"]},{\"@type\":\"Person\",\"@id\":\"https:\\\/\\\/buletin.de\\\/bucuresti\\\/#\\\/schema\\\/person\\\/ab174cf6711728e4ee83d672acf9a912\",\"name\":\"Adina C\u0103p\u00eelnean\",\"image\":{\"@type\":\"ImageObject\",\"inLanguage\":\"en-GB\",\"@id\":\"https:\\\/\\\/secure.gravatar.com\\\/avatar\\\/4fe9675d6282fd7c1aa4e486a037d532d5728fc16a30360f293eb6126b2e73ad?s=96&d=monsterid&r=ge2b23868508aec3460d3c6a11d3b599a\",\"url\":\"https:\\\/\\\/secure.gravatar.com\\\/avatar\\\/4fe9675d6282fd7c1aa4e486a037d532d5728fc16a30360f293eb6126b2e73ad?s=96&d=monsterid&r=g\",\"contentUrl\":\"https:\\\/\\\/secure.gravatar.com\\\/avatar\\\/4fe9675d6282fd7c1aa4e486a037d532d5728fc16a30360f293eb6126b2e73ad?s=96&d=monsterid&r=g\",\"caption\":\"Adina C\u0103p\u00eelnean\"},\"url\":\"https:\\\/\\\/buletin.de\\\/bucuresti\\\/author\\\/adinacapilnean\\\/\"}]}<\/script>\n<!-- \/ Yoast SEO Premium plugin. -->","yoast_head_json":{"title":"Primul centru de joac\u0103, \u00eenv\u0103\u021bare \u0219i parenting pentru comunit\u0103\u021bi vulnerabile din Capital\u0103. Se adreseaz\u0103 copiilor rom\u00e2ni \u0219i ucraineni - Buletin de Bucure\u0219ti","robots":{"index":"index","follow":"follow","max-snippet":"max-snippet:-1","max-image-preview":"max-image-preview:large","max-video-preview":"max-video-preview:-1"},"canonical":"https:\/\/buletin.de\/bucuresti\/primul-centru-de-joaca-invatare-si-parenting-pentru-comunitati-vulnerabile-din-capitala-se-adreseaza-copiilor-romani-si-ucraineni\/","og_locale":"en_GB","og_type":"article","og_title":"Primul centru de joac\u0103, \u00eenv\u0103\u021bare \u0219i parenting pentru comunit\u0103\u021bi vulnerabile din Capital\u0103. Se adreseaz\u0103 copiilor rom\u00e2ni \u0219i ucraineni","og_description":"Primo-Hub, noul centru deschis \u00een Capital\u0103 pe Bulevardul Pallady la num\u0103rul 37, este produsul cooper\u0103rii Prim\u0103riei Bucure\u0219ti, Asocia\u021biei Centru Step-by-Step pentru educa\u021bie \u0219i dezvoltare profesional\u0103 \u0219i UNICEF. Acest proiect este dedicat copiilor din comunit\u0103\u021bi vulnerabile din grupa 0-6 ani, rom\u00e2ni \u0219i ucraineni. Metodologia acestui centru are \u00een vedere at\u00e2t educa\u021bia propriu-zis\u0103 a copiilor c\u00e2t \u0219i [&hellip;]","og_url":"https:\/\/buletin.de\/bucuresti\/primul-centru-de-joaca-invatare-si-parenting-pentru-comunitati-vulnerabile-din-capitala-se-adreseaza-copiilor-romani-si-ucraineni\/","og_site_name":"Buletin de Bucure\u0219ti","article_publisher":"https:\/\/www.facebook.com\/buletin.de.buc","article_published_time":"2022-12-06T19:18:13+00:00","article_modified_time":"2022-12-06T19:18:14+00:00","og_image":[{"width":2000,"height":1506,"url":"https:\/\/buletin.de\/bucuresti\/wp-content\/uploads\/IMG_20221206_131408454-01.jpeg","type":"image\/jpeg"}],"author":"Adina C\u0103p\u00eelnean","twitter_card":"summary_large_image","twitter_misc":{"Written by":"Adina C\u0103p\u00eelnean","Estimated reading time":"3 minutes"},"schema":{"@context":"https:\/\/schema.org","@graph":[{"@type":"Article","@id":"https:\/\/buletin.de\/bucuresti\/primul-centru-de-joaca-invatare-si-parenting-pentru-comunitati-vulnerabile-din-capitala-se-adreseaza-copiilor-romani-si-ucraineni\/#article","isPartOf":{"@id":"https:\/\/buletin.de\/bucuresti\/primul-centru-de-joaca-invatare-si-parenting-pentru-comunitati-vulnerabile-din-capitala-se-adreseaza-copiilor-romani-si-ucraineni\/"},"author":{"name":"Adina C\u0103p\u00eelnean","@id":"https:\/\/buletin.de\/bucuresti\/#\/schema\/person\/ab174cf6711728e4ee83d672acf9a912"},"headline":"Primul centru de joac\u0103, \u00eenv\u0103\u021bare \u0219i parenting pentru comunit\u0103\u021bi vulnerabile din Capital\u0103. Se adreseaz\u0103 copiilor rom\u00e2ni \u0219i ucraineni","datePublished":"2022-12-06T19:18:13+00:00","dateModified":"2022-12-06T19:18:14+00:00","mainEntityOfPage":{"@id":"https:\/\/buletin.de\/bucuresti\/primul-centru-de-joaca-invatare-si-parenting-pentru-comunitati-vulnerabile-din-capitala-se-adreseaza-copiilor-romani-si-ucraineni\/"},"wordCount":592,"publisher":{"@id":"https:\/\/buletin.de\/bucuresti\/#organization"},"image":{"@id":"https:\/\/buletin.de\/bucuresti\/primul-centru-de-joaca-invatare-si-parenting-pentru-comunitati-vulnerabile-din-capitala-se-adreseaza-copiilor-romani-si-ucraineni\/#primaryimage"},"thumbnailUrl":"https:\/\/buletin.de\/bucuresti\/wp-content\/uploads\/IMG_20221206_131408454-01.jpeg","keywords":["asistenta sociala","copii defavorizati","primaria capitalei","primo-hub"],"articleSection":["\u0218tiri"],"inLanguage":"en-GB","copyrightYear":"2022","copyrightHolder":{"@id":"https:\/\/buletin.de\/bucuresti\/#organization"}},{"@type":"WebPage","@id":"https:\/\/buletin.de\/bucuresti\/primul-centru-de-joaca-invatare-si-parenting-pentru-comunitati-vulnerabile-din-capitala-se-adreseaza-copiilor-romani-si-ucraineni\/","url":"https:\/\/buletin.de\/bucuresti\/primul-centru-de-joaca-invatare-si-parenting-pentru-comunitati-vulnerabile-din-capitala-se-adreseaza-copiilor-romani-si-ucraineni\/","name":"Primul centru de joac\u0103, \u00eenv\u0103\u021bare \u0219i parenting pentru comunit\u0103\u021bi vulnerabile din Capital\u0103. Se adreseaz\u0103 copiilor rom\u00e2ni \u0219i ucraineni - Buletin de Bucure\u0219ti","isPartOf":{"@id":"https:\/\/buletin.de\/bucuresti\/#website"},"primaryImageOfPage":{"@id":"https:\/\/buletin.de\/bucuresti\/primul-centru-de-joaca-invatare-si-parenting-pentru-comunitati-vulnerabile-din-capitala-se-adreseaza-copiilor-romani-si-ucraineni\/#primaryimage"},"image":{"@id":"https:\/\/buletin.de\/bucuresti\/primul-centru-de-joaca-invatare-si-parenting-pentru-comunitati-vulnerabile-din-capitala-se-adreseaza-copiilor-romani-si-ucraineni\/#primaryimage"},"thumbnailUrl":"https:\/\/buletin.de\/bucuresti\/wp-content\/uploads\/IMG_20221206_131408454-01.jpeg","datePublished":"2022-12-06T19:18:13+00:00","dateModified":"2022-12-06T19:18:14+00:00","breadcrumb":{"@id":"https:\/\/buletin.de\/bucuresti\/primul-centru-de-joaca-invatare-si-parenting-pentru-comunitati-vulnerabile-din-capitala-se-adreseaza-copiilor-romani-si-ucraineni\/#breadcrumb"},"inLanguage":"en-GB","potentialAction":[{"@type":"ReadAction","target":["https:\/\/buletin.de\/bucuresti\/primul-centru-de-joaca-invatare-si-parenting-pentru-comunitati-vulnerabile-din-capitala-se-adreseaza-copiilor-romani-si-ucraineni\/"]}]},{"@type":"ImageObject","inLanguage":"en-GB","@id":"https:\/\/buletin.de\/bucuresti\/primul-centru-de-joaca-invatare-si-parenting-pentru-comunitati-vulnerabile-din-capitala-se-adreseaza-copiilor-romani-si-ucraineni\/#primaryimage","url":"https:\/\/buletin.de\/bucuresti\/wp-content\/uploads\/IMG_20221206_131408454-01.jpeg","contentUrl":"https:\/\/buletin.de\/bucuresti\/wp-content\/uploads\/IMG_20221206_131408454-01.jpeg","width":2000,"height":1506},{"@type":"BreadcrumbList","@id":"https:\/\/buletin.de\/bucuresti\/primul-centru-de-joaca-invatare-si-parenting-pentru-comunitati-vulnerabile-din-capitala-se-adreseaza-copiilor-romani-si-ucraineni\/#breadcrumb","itemListElement":[{"@type":"ListItem","position":1,"name":"Acas\u0103","item":"https:\/\/buletin.de\/bucuresti\/"},{"@type":"ListItem","position":2,"name":"Primul centru de joac\u0103, \u00eenv\u0103\u021bare \u0219i parenting pentru comunit\u0103\u021bi vulnerabile din Capital\u0103. Se adreseaz\u0103 copiilor rom\u00e2ni \u0219i ucraineni"}]},{"@type":"WebSite","@id":"https:\/\/buletin.de\/bucuresti\/#website","url":"https:\/\/buletin.de\/bucuresti\/","name":"Buletin de Bucure\u0219ti","description":"\u0218tiri \u0219i investiga\u021bii esen\u021biale din capital\u0103","publisher":{"@id":"https:\/\/buletin.de\/bucuresti\/#organization"},"potentialAction":[{"@type":"SearchAction","target":{"@type":"EntryPoint","urlTemplate":"https:\/\/buletin.de\/bucuresti\/?s={search_term_string}"},"query-input":{"@type":"PropertyValueSpecification","valueRequired":true,"valueName":"search_term_string"}}],"inLanguage":"en-GB"},{"@type":"Organization","@id":"https:\/\/buletin.de\/bucuresti\/#organization","name":"Buletin de Bucure\u0219ti","url":"https:\/\/buletin.de\/bucuresti\/","logo":{"@type":"ImageObject","inLanguage":"en-GB","@id":"https:\/\/buletin.de\/bucuresti\/#\/schema\/logo\/image\/","url":"https:\/\/buletin.de\/bucuresti\/wp-content\/uploads\/logo-bdb-full-wide-vernil-transparent.png","contentUrl":"https:\/\/buletin.de\/bucuresti\/wp-content\/uploads\/logo-bdb-full-wide-vernil-transparent.png","width":1782,"height":626,"caption":"Buletin de Bucure\u0219ti"},"image":{"@id":"https:\/\/buletin.de\/bucuresti\/#\/schema\/logo\/image\/"},"sameAs":["https:\/\/www.facebook.com\/buletin.de.buc","https:\/\/www.instagram.com\/buletinde.bucuresti\/"]},{"@type":"Person","@id":"https:\/\/buletin.de\/bucuresti\/#\/schema\/person\/ab174cf6711728e4ee83d672acf9a912","name":"Adina C\u0103p\u00eelnean","image":{"@type":"ImageObject","inLanguage":"en-GB","@id":"https:\/\/secure.gravatar.com\/avatar\/4fe9675d6282fd7c1aa4e486a037d532d5728fc16a30360f293eb6126b2e73ad?s=96&d=monsterid&r=ge2b23868508aec3460d3c6a11d3b599a","url":"https:\/\/secure.gravatar.com\/avatar\/4fe9675d6282fd7c1aa4e486a037d532d5728fc16a30360f293eb6126b2e73ad?s=96&d=monsterid&r=g","contentUrl":"https:\/\/secure.gravatar.com\/avatar\/4fe9675d6282fd7c1aa4e486a037d532d5728fc16a30360f293eb6126b2e73ad?s=96&d=monsterid&r=g","caption":"Adina C\u0103p\u00eelnean"},"url":"https:\/\/buletin.de\/bucuresti\/author\/adinacapilnean\/"}]}},"authors":[{"term_id":22580,"user_id":47,"is_guest":0,"slug":"adinacapilnean","display_name":"Adina C\u0103p\u00eelnean","avatar_url":"https:\/\/secure.gravatar.com\/avatar\/4fe9675d6282fd7c1aa4e486a037d532d5728fc16a30360f293eb6126b2e73ad?s=96&d=monsterid&r=g","0":null,"1":"","2":"","3":"","4":"","5":"","6":"","7":"","8":""}],"_links":{"self":[{"href":"https:\/\/buletin.de\/bucuresti\/wp-json\/wp\/v2\/posts\/49305","targetHints":{"allow":["GET"]}}],"collection":[{"href":"https:\/\/buletin.de\/bucuresti\/wp-json\/wp\/v2\/posts"}],"about":[{"href":"https:\/\/buletin.de\/bucuresti\/wp-json\/wp\/v2\/types\/post"}],"author":[{"embeddable":true,"href":"https:\/\/buletin.de\/bucuresti\/wp-json\/wp\/v2\/users\/47"}],"replies":[{"embeddable":true,"href":"https:\/\/buletin.de\/bucuresti\/wp-json\/wp\/v2\/comments?post=49305"}],"version-history":[{"count":6,"href":"https:\/\/buletin.de\/bucuresti\/wp-json\/wp\/v2\/posts\/49305\/revisions"}],"predecessor-version":[{"id":49314,"href":"https:\/\/buletin.de\/bucuresti\/wp-json\/wp\/v2\/posts\/49305\/revisions\/49314"}],"wp:featuredmedia":[{"embeddable":true,"href":"https:\/\/buletin.de\/bucuresti\/wp-json\/wp\/v2\/media\/49308"}],"wp:attachment":[{"href":"https:\/\/buletin.de\/bucuresti\/wp-json\/wp\/v2\/media?parent=49305"}],"wp:term":[{"taxonomy":"category","embeddable":true,"href":"https:\/\/buletin.de\/bucuresti\/wp-json\/wp\/v2\/categories?post=49305"},{"taxonomy":"post_tag","embeddable":true,"href":"https:\/\/buletin.de\/bucuresti\/wp-json\/wp\/v2\/tags?post=49305"},{"taxonomy":"author","embeddable":true,"href":"https:\/\/buletin.de\/bucuresti\/wp-json\/wp\/v2\/ppma_author?post=49305"}],"curies":[{"name":"wp","href":"https:\/\/api.w.org\/{rel}","templated":true}]}}