{"id":49118,"date":"2022-12-02T20:41:46","date_gmt":"2022-12-02T18:41:46","guid":{"rendered":"https:\/\/buletin.de\/bucuresti\/?p=49118"},"modified":"2022-12-02T21:14:47","modified_gmt":"2022-12-02T19:14:47","slug":"festivalul-international-de-film-studentesc-cinemaiubit-intre-6-si-10-decembrie-la-cinemateca-eforie","status":"publish","type":"post","link":"https:\/\/buletin.de\/bucuresti\/festivalul-international-de-film-studentesc-cinemaiubit-intre-6-si-10-decembrie-la-cinemateca-eforie\/","title":{"rendered":"Festivalul Interna\u0163ional de Film Studen\u0163esc CineMAiubit, \u00eentre 6 \u015fi 10 decembrie la Cinemateca Eforie"},"content":{"rendered":"\n<p><strong>Cea de-a 26-a edi\u021bie a Festivalului Interna\u021bional de Film Studen\u021besc \u201dCineMAiubit\u201d, se deschide pe 6 decembrie. Iubitorii de film sunt a\u0219tepta\u021bi, mar\u021bi, Cinemateca Eforie din Bucure\u015fti, la ora 19.00.<\/strong><\/p>\n\n\n\n<p>Festivalul \u201dCineMAiubit\u201d este unul dintre evenimentele educa\u021bionale de tradi\u021bii din spa\u021biul rom\u00e2nesc. De-a lungul celor dou\u0103 decenii, festivalul a fost pragul de lansare a unor nume cunoscute din filmul rom\u00e2nesc contemporan. C\u00e2teva dintre aceste personalit\u0103\u021bi sunt Cristian Mungiu,&nbsp; C\u0103lin Peter Netzer, Corneliu Porumboiu, Adina Pintilie, Ivana Mladenovic, Iulia Rugin\u0103, C\u0103t\u0103lin Mitulescu, Cristian Nemescu, Tudor Cristian Jurgiu, Dana Bunescu, Marius Panduru \u0219i Oleg Mutu.<\/p>\n\n\n\n<p>Organizatorii festivalului sunt Universitatea&nbsp; Na\u0163ional\u0103 de Art\u0103 Teatral\u0103 \u015fi Cinematografic\u0103 \u201eI.L.Caragiale\u201d Bucure\u015fti (UNATC) \u015fi Funda\u0163ia Cinemaiubit cu sprijinul Centrului Na\u0163ional al Cinematografiei (CNC), al Uniunii Cinea\u015ftilor&nbsp; din Rom\u00e2nia (UCIN) \u0219i Asocia\u021bia DACIN SARA, potrivit news.ro. Principalii parteneri ai festivalului sunt Cinematica Eforie \u0219i platforma cinepub.ro.<\/p>\n\n\n\n<p>Juriul festivalului este compus din personalit\u0103\u0163i recunoscute din \u0163ar\u0103 \u015fi str\u0103in\u0103tate:<\/p>\n\n\n\n<p>&#8211; produc\u0103toarea de film Oana Iancu \u2013 pre\u015fedinta juriului;<\/p>\n\n\n\n<p>&#8211; produc\u0103toarea, regizoarea \u015fi ini\u0163iatoarea de festivaluri Suzy Gillett (UK);<\/p>\n\n\n\n<p>&#8211; actri\u0163a Rodica Laz\u0103r;<\/p>\n\n\n\n<p>&#8211; monteurul de film Corina Stavil\u0103;<\/p>\n\n\n\n<p>&#8211; regizorul de teatru \u015fi film, dramaturg \u015fi profesor Dragan Milinkovic Fimon (Serbia);<\/p>\n\n\n\n<p>&#8211; directorul de fotografie Marius Panduru;<\/p>\n\n\n\n<p>&#8211; criticul de film C\u0103lin Boto.<\/p>\n\n\n\n<p>\u00cen ultima zi de festival va fi pus\u0103 \u00een scen\u0103 o proiec\u021bie special\u0103 din ciclul Arhiva Activ\u0103, \u00een care vor fi prezentate filme de patrimoniu din filmoteca UNATC. CineMAiubit a luat fiin\u0163\u0103 \u00een 1996, la ini\u0163iativa Elisabetei Bostan, decanul de atunci al Facult\u0103\u0163ii de film \u015fi pre\u015fedintele Funda\u0163iei Cinemaiubit. Festivalul este o platform\u0103 educa\u021bional\u0103 \u0219i o ramp\u0103 de lansare \u00een universul cinematografic.<\/p>\n\n\n\n<p>UPDATE: Programul festivalului poate fi accesat pe urm\u0103torul link: http:\/\/festival-cinemaiubit.ro\/?fbclid=IwAR08gm4uGph0buiTYqAv83UQ704ROx4B2qeE9T2IAE42-yyUQr8wGTdHP6M <\/p>\n","protected":false},"excerpt":{"rendered":"<p>Cea de-a 26-a edi\u021bie a Festivalului Interna\u021bional de Film Studen\u021besc \u201dCineMAiubit\u201d, se deschide pe 6 decembrie. Iubitorii de film sunt a\u0219tepta\u021bi, mar\u021bi, Cinemateca Eforie din Bucure\u015fti, la ora 19.00. Festivalul \u201dCineMAiubit\u201d este unul dintre evenimentele educa\u021bionale de tradi\u021bii din spa\u021biul rom\u00e2nesc. De-a lungul celor dou\u0103 decenii, festivalul a fost pragul de lansare a unor nume [&hellip;]<\/p>\n","protected":false},"author":45,"featured_media":49119,"comment_status":"closed","ping_status":"open","sticky":false,"template":"","format":"standard","meta":{"_acf_changed":false,"inline_featured_image":false,"ngg_post_thumbnail":0,"footnotes":""},"categories":[62],"tags":[],"ppma_author":[22604],"class_list":["post-49118","post","type-post","status-publish","format-standard","has-post-thumbnail","hentry","category-stiri"],"acf":[],"yoast_head":"<!-- This site is optimized with the Yoast SEO Premium plugin v25.3 (Yoast SEO v27.4) - https:\/\/yoast.com\/product\/yoast-seo-premium-wordpress\/ -->\n<title>Festivalul Interna\u0163ional de Film Studen\u0163esc CineMAiubit, \u00eentre 6 \u015fi 10 decembrie la Cinemateca Eforie - Buletin de Bucure\u0219ti<\/title>\n<meta name=\"robots\" content=\"index, follow, max-snippet:-1, max-image-preview:large, max-video-preview:-1\" \/>\n<link rel=\"canonical\" href=\"https:\/\/buletin.de\/bucuresti\/festivalul-international-de-film-studentesc-cinemaiubit-intre-6-si-10-decembrie-la-cinemateca-eforie\/\" \/>\n<meta property=\"og:locale\" content=\"en_GB\" \/>\n<meta property=\"og:type\" content=\"article\" \/>\n<meta property=\"og:title\" content=\"Festivalul Interna\u0163ional de Film Studen\u0163esc CineMAiubit, \u00eentre 6 \u015fi 10 decembrie la Cinemateca Eforie\" \/>\n<meta property=\"og:description\" content=\"Cea de-a 26-a edi\u021bie a Festivalului Interna\u021bional de Film Studen\u021besc \u201dCineMAiubit\u201d, se deschide pe 6 decembrie. Iubitorii de film sunt a\u0219tepta\u021bi, mar\u021bi, Cinemateca Eforie din Bucure\u015fti, la ora 19.00. Festivalul \u201dCineMAiubit\u201d este unul dintre evenimentele educa\u021bionale de tradi\u021bii din spa\u021biul rom\u00e2nesc. De-a lungul celor dou\u0103 decenii, festivalul a fost pragul de lansare a unor nume [&hellip;]\" \/>\n<meta property=\"og:url\" content=\"https:\/\/buletin.de\/bucuresti\/festivalul-international-de-film-studentesc-cinemaiubit-intre-6-si-10-decembrie-la-cinemateca-eforie\/\" \/>\n<meta property=\"og:site_name\" content=\"Buletin de Bucure\u0219ti\" \/>\n<meta property=\"article:publisher\" content=\"https:\/\/www.facebook.com\/buletin.de.buc\" \/>\n<meta property=\"article:published_time\" content=\"2022-12-02T18:41:46+00:00\" \/>\n<meta property=\"article:modified_time\" content=\"2022-12-02T19:14:47+00:00\" \/>\n<meta property=\"og:image\" content=\"https:\/\/buletin.de\/bucuresti\/wp-content\/uploads\/317231807_554779076656350_8089026866212197979_n.jpg\" \/>\n\t<meta property=\"og:image:width\" content=\"1463\" \/>\n\t<meta property=\"og:image:height\" content=\"2048\" \/>\n\t<meta property=\"og:image:type\" content=\"image\/jpeg\" \/>\n<meta name=\"author\" content=\"Teodora \u0218uta\" \/>\n<meta name=\"twitter:card\" content=\"summary_large_image\" \/>\n<meta name=\"twitter:label1\" content=\"Written by\" \/>\n\t<meta name=\"twitter:data1\" content=\"Teodora \u0218uta\" \/>\n\t<meta name=\"twitter:label2\" content=\"Estimated reading time\" \/>\n\t<meta name=\"twitter:data2\" content=\"2 minutes\" \/>\n<script type=\"application\/ld+json\" class=\"yoast-schema-graph\">{\"@context\":\"https:\\\/\\\/schema.org\",\"@graph\":[{\"@type\":\"Article\",\"@id\":\"https:\\\/\\\/buletin.de\\\/bucuresti\\\/festivalul-international-de-film-studentesc-cinemaiubit-intre-6-si-10-decembrie-la-cinemateca-eforie\\\/#article\",\"isPartOf\":{\"@id\":\"https:\\\/\\\/buletin.de\\\/bucuresti\\\/festivalul-international-de-film-studentesc-cinemaiubit-intre-6-si-10-decembrie-la-cinemateca-eforie\\\/\"},\"author\":{\"name\":\"Teodora \u0218uta\",\"@id\":\"https:\\\/\\\/buletin.de\\\/bucuresti\\\/#\\\/schema\\\/person\\\/5d54908fa90ab7ad3b2e88152efd6845\"},\"headline\":\"Festivalul Interna\u0163ional de Film Studen\u0163esc CineMAiubit, \u00eentre 6 \u015fi 10 decembrie la Cinemateca Eforie\",\"datePublished\":\"2022-12-02T18:41:46+00:00\",\"dateModified\":\"2022-12-02T19:14:47+00:00\",\"mainEntityOfPage\":{\"@id\":\"https:\\\/\\\/buletin.de\\\/bucuresti\\\/festivalul-international-de-film-studentesc-cinemaiubit-intre-6-si-10-decembrie-la-cinemateca-eforie\\\/\"},\"wordCount\":348,\"publisher\":{\"@id\":\"https:\\\/\\\/buletin.de\\\/bucuresti\\\/#organization\"},\"image\":{\"@id\":\"https:\\\/\\\/buletin.de\\\/bucuresti\\\/festivalul-international-de-film-studentesc-cinemaiubit-intre-6-si-10-decembrie-la-cinemateca-eforie\\\/#primaryimage\"},\"thumbnailUrl\":\"https:\\\/\\\/buletin.de\\\/bucuresti\\\/wp-content\\\/uploads\\\/317231807_554779076656350_8089026866212197979_n.jpg\",\"articleSection\":[\"\u0218tiri\"],\"inLanguage\":\"en-GB\",\"copyrightYear\":\"2022\",\"copyrightHolder\":{\"@id\":\"https:\\\/\\\/buletin.de\\\/bucuresti\\\/#organization\"}},{\"@type\":\"WebPage\",\"@id\":\"https:\\\/\\\/buletin.de\\\/bucuresti\\\/festivalul-international-de-film-studentesc-cinemaiubit-intre-6-si-10-decembrie-la-cinemateca-eforie\\\/\",\"url\":\"https:\\\/\\\/buletin.de\\\/bucuresti\\\/festivalul-international-de-film-studentesc-cinemaiubit-intre-6-si-10-decembrie-la-cinemateca-eforie\\\/\",\"name\":\"Festivalul Interna\u0163ional de Film Studen\u0163esc CineMAiubit, \u00eentre 6 \u015fi 10 decembrie la Cinemateca Eforie - Buletin de Bucure\u0219ti\",\"isPartOf\":{\"@id\":\"https:\\\/\\\/buletin.de\\\/bucuresti\\\/#website\"},\"primaryImageOfPage\":{\"@id\":\"https:\\\/\\\/buletin.de\\\/bucuresti\\\/festivalul-international-de-film-studentesc-cinemaiubit-intre-6-si-10-decembrie-la-cinemateca-eforie\\\/#primaryimage\"},\"image\":{\"@id\":\"https:\\\/\\\/buletin.de\\\/bucuresti\\\/festivalul-international-de-film-studentesc-cinemaiubit-intre-6-si-10-decembrie-la-cinemateca-eforie\\\/#primaryimage\"},\"thumbnailUrl\":\"https:\\\/\\\/buletin.de\\\/bucuresti\\\/wp-content\\\/uploads\\\/317231807_554779076656350_8089026866212197979_n.jpg\",\"datePublished\":\"2022-12-02T18:41:46+00:00\",\"dateModified\":\"2022-12-02T19:14:47+00:00\",\"breadcrumb\":{\"@id\":\"https:\\\/\\\/buletin.de\\\/bucuresti\\\/festivalul-international-de-film-studentesc-cinemaiubit-intre-6-si-10-decembrie-la-cinemateca-eforie\\\/#breadcrumb\"},\"inLanguage\":\"en-GB\",\"potentialAction\":[{\"@type\":\"ReadAction\",\"target\":[\"https:\\\/\\\/buletin.de\\\/bucuresti\\\/festivalul-international-de-film-studentesc-cinemaiubit-intre-6-si-10-decembrie-la-cinemateca-eforie\\\/\"]}]},{\"@type\":\"ImageObject\",\"inLanguage\":\"en-GB\",\"@id\":\"https:\\\/\\\/buletin.de\\\/bucuresti\\\/festivalul-international-de-film-studentesc-cinemaiubit-intre-6-si-10-decembrie-la-cinemateca-eforie\\\/#primaryimage\",\"url\":\"https:\\\/\\\/buletin.de\\\/bucuresti\\\/wp-content\\\/uploads\\\/317231807_554779076656350_8089026866212197979_n.jpg\",\"contentUrl\":\"https:\\\/\\\/buletin.de\\\/bucuresti\\\/wp-content\\\/uploads\\\/317231807_554779076656350_8089026866212197979_n.jpg\",\"width\":1463,\"height\":2048},{\"@type\":\"BreadcrumbList\",\"@id\":\"https:\\\/\\\/buletin.de\\\/bucuresti\\\/festivalul-international-de-film-studentesc-cinemaiubit-intre-6-si-10-decembrie-la-cinemateca-eforie\\\/#breadcrumb\",\"itemListElement\":[{\"@type\":\"ListItem\",\"position\":1,\"name\":\"Acas\u0103\",\"item\":\"https:\\\/\\\/buletin.de\\\/bucuresti\\\/\"},{\"@type\":\"ListItem\",\"position\":2,\"name\":\"Festivalul Interna\u0163ional de Film Studen\u0163esc CineMAiubit, \u00eentre 6 \u015fi 10 decembrie la Cinemateca Eforie\"}]},{\"@type\":\"WebSite\",\"@id\":\"https:\\\/\\\/buletin.de\\\/bucuresti\\\/#website\",\"url\":\"https:\\\/\\\/buletin.de\\\/bucuresti\\\/\",\"name\":\"Buletin de Bucure\u0219ti\",\"description\":\"\u0218tiri \u0219i investiga\u021bii esen\u021biale din capital\u0103\",\"publisher\":{\"@id\":\"https:\\\/\\\/buletin.de\\\/bucuresti\\\/#organization\"},\"potentialAction\":[{\"@type\":\"SearchAction\",\"target\":{\"@type\":\"EntryPoint\",\"urlTemplate\":\"https:\\\/\\\/buletin.de\\\/bucuresti\\\/?s={search_term_string}\"},\"query-input\":{\"@type\":\"PropertyValueSpecification\",\"valueRequired\":true,\"valueName\":\"search_term_string\"}}],\"inLanguage\":\"en-GB\"},{\"@type\":\"Organization\",\"@id\":\"https:\\\/\\\/buletin.de\\\/bucuresti\\\/#organization\",\"name\":\"Buletin de Bucure\u0219ti\",\"url\":\"https:\\\/\\\/buletin.de\\\/bucuresti\\\/\",\"logo\":{\"@type\":\"ImageObject\",\"inLanguage\":\"en-GB\",\"@id\":\"https:\\\/\\\/buletin.de\\\/bucuresti\\\/#\\\/schema\\\/logo\\\/image\\\/\",\"url\":\"https:\\\/\\\/buletin.de\\\/bucuresti\\\/wp-content\\\/uploads\\\/logo-bdb-full-wide-vernil-transparent.png\",\"contentUrl\":\"https:\\\/\\\/buletin.de\\\/bucuresti\\\/wp-content\\\/uploads\\\/logo-bdb-full-wide-vernil-transparent.png\",\"width\":1782,\"height\":626,\"caption\":\"Buletin de Bucure\u0219ti\"},\"image\":{\"@id\":\"https:\\\/\\\/buletin.de\\\/bucuresti\\\/#\\\/schema\\\/logo\\\/image\\\/\"},\"sameAs\":[\"https:\\\/\\\/www.facebook.com\\\/buletin.de.buc\",\"https:\\\/\\\/www.instagram.com\\\/buletinde.bucuresti\\\/\"]},{\"@type\":\"Person\",\"@id\":\"https:\\\/\\\/buletin.de\\\/bucuresti\\\/#\\\/schema\\\/person\\\/5d54908fa90ab7ad3b2e88152efd6845\",\"name\":\"Teodora \u0218uta\",\"image\":{\"@type\":\"ImageObject\",\"inLanguage\":\"en-GB\",\"@id\":\"https:\\\/\\\/secure.gravatar.com\\\/avatar\\\/0c709226af9845d97b126aa0aa80ab42778847ec3d11d741016b74a61174088d?s=96&d=monsterid&r=gf2e0c6a01d766272c6fa8af9e494be28\",\"url\":\"https:\\\/\\\/secure.gravatar.com\\\/avatar\\\/0c709226af9845d97b126aa0aa80ab42778847ec3d11d741016b74a61174088d?s=96&d=monsterid&r=g\",\"contentUrl\":\"https:\\\/\\\/secure.gravatar.com\\\/avatar\\\/0c709226af9845d97b126aa0aa80ab42778847ec3d11d741016b74a61174088d?s=96&d=monsterid&r=g\",\"caption\":\"Teodora \u0218uta\"},\"url\":\"https:\\\/\\\/buletin.de\\\/bucuresti\\\/author\\\/mariasuta\\\/\"}]}<\/script>\n<!-- \/ Yoast SEO Premium plugin. -->","yoast_head_json":{"title":"Festivalul Interna\u0163ional de Film Studen\u0163esc CineMAiubit, \u00eentre 6 \u015fi 10 decembrie la Cinemateca Eforie - Buletin de Bucure\u0219ti","robots":{"index":"index","follow":"follow","max-snippet":"max-snippet:-1","max-image-preview":"max-image-preview:large","max-video-preview":"max-video-preview:-1"},"canonical":"https:\/\/buletin.de\/bucuresti\/festivalul-international-de-film-studentesc-cinemaiubit-intre-6-si-10-decembrie-la-cinemateca-eforie\/","og_locale":"en_GB","og_type":"article","og_title":"Festivalul Interna\u0163ional de Film Studen\u0163esc CineMAiubit, \u00eentre 6 \u015fi 10 decembrie la Cinemateca Eforie","og_description":"Cea de-a 26-a edi\u021bie a Festivalului Interna\u021bional de Film Studen\u021besc \u201dCineMAiubit\u201d, se deschide pe 6 decembrie. Iubitorii de film sunt a\u0219tepta\u021bi, mar\u021bi, Cinemateca Eforie din Bucure\u015fti, la ora 19.00. Festivalul \u201dCineMAiubit\u201d este unul dintre evenimentele educa\u021bionale de tradi\u021bii din spa\u021biul rom\u00e2nesc. De-a lungul celor dou\u0103 decenii, festivalul a fost pragul de lansare a unor nume [&hellip;]","og_url":"https:\/\/buletin.de\/bucuresti\/festivalul-international-de-film-studentesc-cinemaiubit-intre-6-si-10-decembrie-la-cinemateca-eforie\/","og_site_name":"Buletin de Bucure\u0219ti","article_publisher":"https:\/\/www.facebook.com\/buletin.de.buc","article_published_time":"2022-12-02T18:41:46+00:00","article_modified_time":"2022-12-02T19:14:47+00:00","og_image":[{"width":1463,"height":2048,"url":"https:\/\/buletin.de\/bucuresti\/wp-content\/uploads\/317231807_554779076656350_8089026866212197979_n.jpg","type":"image\/jpeg"}],"author":"Teodora \u0218uta","twitter_card":"summary_large_image","twitter_misc":{"Written by":"Teodora \u0218uta","Estimated reading time":"2 minutes"},"schema":{"@context":"https:\/\/schema.org","@graph":[{"@type":"Article","@id":"https:\/\/buletin.de\/bucuresti\/festivalul-international-de-film-studentesc-cinemaiubit-intre-6-si-10-decembrie-la-cinemateca-eforie\/#article","isPartOf":{"@id":"https:\/\/buletin.de\/bucuresti\/festivalul-international-de-film-studentesc-cinemaiubit-intre-6-si-10-decembrie-la-cinemateca-eforie\/"},"author":{"name":"Teodora \u0218uta","@id":"https:\/\/buletin.de\/bucuresti\/#\/schema\/person\/5d54908fa90ab7ad3b2e88152efd6845"},"headline":"Festivalul Interna\u0163ional de Film Studen\u0163esc CineMAiubit, \u00eentre 6 \u015fi 10 decembrie la Cinemateca Eforie","datePublished":"2022-12-02T18:41:46+00:00","dateModified":"2022-12-02T19:14:47+00:00","mainEntityOfPage":{"@id":"https:\/\/buletin.de\/bucuresti\/festivalul-international-de-film-studentesc-cinemaiubit-intre-6-si-10-decembrie-la-cinemateca-eforie\/"},"wordCount":348,"publisher":{"@id":"https:\/\/buletin.de\/bucuresti\/#organization"},"image":{"@id":"https:\/\/buletin.de\/bucuresti\/festivalul-international-de-film-studentesc-cinemaiubit-intre-6-si-10-decembrie-la-cinemateca-eforie\/#primaryimage"},"thumbnailUrl":"https:\/\/buletin.de\/bucuresti\/wp-content\/uploads\/317231807_554779076656350_8089026866212197979_n.jpg","articleSection":["\u0218tiri"],"inLanguage":"en-GB","copyrightYear":"2022","copyrightHolder":{"@id":"https:\/\/buletin.de\/bucuresti\/#organization"}},{"@type":"WebPage","@id":"https:\/\/buletin.de\/bucuresti\/festivalul-international-de-film-studentesc-cinemaiubit-intre-6-si-10-decembrie-la-cinemateca-eforie\/","url":"https:\/\/buletin.de\/bucuresti\/festivalul-international-de-film-studentesc-cinemaiubit-intre-6-si-10-decembrie-la-cinemateca-eforie\/","name":"Festivalul Interna\u0163ional de Film Studen\u0163esc CineMAiubit, \u00eentre 6 \u015fi 10 decembrie la Cinemateca Eforie - Buletin de Bucure\u0219ti","isPartOf":{"@id":"https:\/\/buletin.de\/bucuresti\/#website"},"primaryImageOfPage":{"@id":"https:\/\/buletin.de\/bucuresti\/festivalul-international-de-film-studentesc-cinemaiubit-intre-6-si-10-decembrie-la-cinemateca-eforie\/#primaryimage"},"image":{"@id":"https:\/\/buletin.de\/bucuresti\/festivalul-international-de-film-studentesc-cinemaiubit-intre-6-si-10-decembrie-la-cinemateca-eforie\/#primaryimage"},"thumbnailUrl":"https:\/\/buletin.de\/bucuresti\/wp-content\/uploads\/317231807_554779076656350_8089026866212197979_n.jpg","datePublished":"2022-12-02T18:41:46+00:00","dateModified":"2022-12-02T19:14:47+00:00","breadcrumb":{"@id":"https:\/\/buletin.de\/bucuresti\/festivalul-international-de-film-studentesc-cinemaiubit-intre-6-si-10-decembrie-la-cinemateca-eforie\/#breadcrumb"},"inLanguage":"en-GB","potentialAction":[{"@type":"ReadAction","target":["https:\/\/buletin.de\/bucuresti\/festivalul-international-de-film-studentesc-cinemaiubit-intre-6-si-10-decembrie-la-cinemateca-eforie\/"]}]},{"@type":"ImageObject","inLanguage":"en-GB","@id":"https:\/\/buletin.de\/bucuresti\/festivalul-international-de-film-studentesc-cinemaiubit-intre-6-si-10-decembrie-la-cinemateca-eforie\/#primaryimage","url":"https:\/\/buletin.de\/bucuresti\/wp-content\/uploads\/317231807_554779076656350_8089026866212197979_n.jpg","contentUrl":"https:\/\/buletin.de\/bucuresti\/wp-content\/uploads\/317231807_554779076656350_8089026866212197979_n.jpg","width":1463,"height":2048},{"@type":"BreadcrumbList","@id":"https:\/\/buletin.de\/bucuresti\/festivalul-international-de-film-studentesc-cinemaiubit-intre-6-si-10-decembrie-la-cinemateca-eforie\/#breadcrumb","itemListElement":[{"@type":"ListItem","position":1,"name":"Acas\u0103","item":"https:\/\/buletin.de\/bucuresti\/"},{"@type":"ListItem","position":2,"name":"Festivalul Interna\u0163ional de Film Studen\u0163esc CineMAiubit, \u00eentre 6 \u015fi 10 decembrie la Cinemateca Eforie"}]},{"@type":"WebSite","@id":"https:\/\/buletin.de\/bucuresti\/#website","url":"https:\/\/buletin.de\/bucuresti\/","name":"Buletin de Bucure\u0219ti","description":"\u0218tiri \u0219i investiga\u021bii esen\u021biale din capital\u0103","publisher":{"@id":"https:\/\/buletin.de\/bucuresti\/#organization"},"potentialAction":[{"@type":"SearchAction","target":{"@type":"EntryPoint","urlTemplate":"https:\/\/buletin.de\/bucuresti\/?s={search_term_string}"},"query-input":{"@type":"PropertyValueSpecification","valueRequired":true,"valueName":"search_term_string"}}],"inLanguage":"en-GB"},{"@type":"Organization","@id":"https:\/\/buletin.de\/bucuresti\/#organization","name":"Buletin de Bucure\u0219ti","url":"https:\/\/buletin.de\/bucuresti\/","logo":{"@type":"ImageObject","inLanguage":"en-GB","@id":"https:\/\/buletin.de\/bucuresti\/#\/schema\/logo\/image\/","url":"https:\/\/buletin.de\/bucuresti\/wp-content\/uploads\/logo-bdb-full-wide-vernil-transparent.png","contentUrl":"https:\/\/buletin.de\/bucuresti\/wp-content\/uploads\/logo-bdb-full-wide-vernil-transparent.png","width":1782,"height":626,"caption":"Buletin de Bucure\u0219ti"},"image":{"@id":"https:\/\/buletin.de\/bucuresti\/#\/schema\/logo\/image\/"},"sameAs":["https:\/\/www.facebook.com\/buletin.de.buc","https:\/\/www.instagram.com\/buletinde.bucuresti\/"]},{"@type":"Person","@id":"https:\/\/buletin.de\/bucuresti\/#\/schema\/person\/5d54908fa90ab7ad3b2e88152efd6845","name":"Teodora \u0218uta","image":{"@type":"ImageObject","inLanguage":"en-GB","@id":"https:\/\/secure.gravatar.com\/avatar\/0c709226af9845d97b126aa0aa80ab42778847ec3d11d741016b74a61174088d?s=96&d=monsterid&r=gf2e0c6a01d766272c6fa8af9e494be28","url":"https:\/\/secure.gravatar.com\/avatar\/0c709226af9845d97b126aa0aa80ab42778847ec3d11d741016b74a61174088d?s=96&d=monsterid&r=g","contentUrl":"https:\/\/secure.gravatar.com\/avatar\/0c709226af9845d97b126aa0aa80ab42778847ec3d11d741016b74a61174088d?s=96&d=monsterid&r=g","caption":"Teodora \u0218uta"},"url":"https:\/\/buletin.de\/bucuresti\/author\/mariasuta\/"}]}},"authors":[{"term_id":22604,"user_id":45,"is_guest":0,"slug":"mariasuta","display_name":"Teodora \u0218uta","avatar_url":"https:\/\/secure.gravatar.com\/avatar\/0c709226af9845d97b126aa0aa80ab42778847ec3d11d741016b74a61174088d?s=96&d=monsterid&r=g","0":null,"1":"","2":"","3":"","4":"","5":"","6":"","7":"","8":""}],"_links":{"self":[{"href":"https:\/\/buletin.de\/bucuresti\/wp-json\/wp\/v2\/posts\/49118","targetHints":{"allow":["GET"]}}],"collection":[{"href":"https:\/\/buletin.de\/bucuresti\/wp-json\/wp\/v2\/posts"}],"about":[{"href":"https:\/\/buletin.de\/bucuresti\/wp-json\/wp\/v2\/types\/post"}],"author":[{"embeddable":true,"href":"https:\/\/buletin.de\/bucuresti\/wp-json\/wp\/v2\/users\/45"}],"replies":[{"embeddable":true,"href":"https:\/\/buletin.de\/bucuresti\/wp-json\/wp\/v2\/comments?post=49118"}],"version-history":[{"count":3,"href":"https:\/\/buletin.de\/bucuresti\/wp-json\/wp\/v2\/posts\/49118\/revisions"}],"predecessor-version":[{"id":49127,"href":"https:\/\/buletin.de\/bucuresti\/wp-json\/wp\/v2\/posts\/49118\/revisions\/49127"}],"wp:featuredmedia":[{"embeddable":true,"href":"https:\/\/buletin.de\/bucuresti\/wp-json\/wp\/v2\/media\/49119"}],"wp:attachment":[{"href":"https:\/\/buletin.de\/bucuresti\/wp-json\/wp\/v2\/media?parent=49118"}],"wp:term":[{"taxonomy":"category","embeddable":true,"href":"https:\/\/buletin.de\/bucuresti\/wp-json\/wp\/v2\/categories?post=49118"},{"taxonomy":"post_tag","embeddable":true,"href":"https:\/\/buletin.de\/bucuresti\/wp-json\/wp\/v2\/tags?post=49118"},{"taxonomy":"author","embeddable":true,"href":"https:\/\/buletin.de\/bucuresti\/wp-json\/wp\/v2\/ppma_author?post=49118"}],"curies":[{"name":"wp","href":"https:\/\/api.w.org\/{rel}","templated":true}]}}