{"id":49020,"date":"2022-12-01T21:17:26","date_gmt":"2022-12-01T19:17:26","guid":{"rendered":"https:\/\/buletin.de\/bucuresti\/?p=49020"},"modified":"2023-09-19T15:32:10","modified_gmt":"2023-09-19T13:32:10","slug":"reportaj-parada-militara-de-ziua-nationala-a-romaniei-din-piata-arcului-de-triumf","status":"publish","type":"post","link":"https:\/\/buletin.de\/bucuresti\/reportaj-parada-militara-de-ziua-nationala-a-romaniei-din-piata-arcului-de-triumf\/","title":{"rendered":"Reportaj: Parada militar\u0103 de Ziua Na\u021bional\u0103 a Rom\u00e2niei din Pia\u021ba Arcului de Triumf"},"content":{"rendered":"\n<p><strong>\u201ePentru defilare, cu onorul spre dreapta, \u00eenainte mar\u0219!\u201d<\/strong><\/p>\n\n\n\n<p>\u00cen Pia\u021ba Arcului de Triumf din Bucure\u0219ti, la parada organizat\u0103 cu ocazia Zilei Na\u021bionale a Rom\u00e2niei s-au adunat mii de oameni pentru a s\u0103rb\u0103tori 104 ani de la Marea Unire \u00eentr-un singur stat. Frigul nu i-a descurajat deloc pe cei care simt \u0219i tr\u0103iesc rom\u00e2ne\u0219te. \u00cenc\u0103 de la primele ore ale dimine\u021bii, Pia\u021ba Arcului de Triumf a devenit din ce \u00een ce mai ne\u00eenc\u0103p\u0103toare. Cu mic, cu mare, copii, p\u0103rin\u021bi, bunici au \u201einvadat\u201d str\u0103zile.<\/p>\n\n\n\n<figure class=\"wp-block-image size-large\"><img fetchpriority=\"high\" decoding=\"async\" width=\"675\" height=\"900\" src=\"data:image\/gif;base64,R0lGODlhAQABAAAAACH5BAEKAAEALAAAAAABAAEAAAICTAEAOw==\" data-src=\"https:\/\/buletin.de\/bucuresti\/wp-content\/uploads\/tata-fiu-675x900.jpg\" alt=\"\" class=\"wp-image-49023 lazyload\" data-sizes=\"auto\" data-srcset=\"https:\/\/buletin.de\/bucuresti\/wp-content\/uploads\/tata-fiu-675x900.jpg 675w, https:\/\/buletin.de\/bucuresti\/wp-content\/uploads\/tata-fiu-225x300.jpg 225w, https:\/\/buletin.de\/bucuresti\/wp-content\/uploads\/tata-fiu-768x1024.jpg 768w, https:\/\/buletin.de\/bucuresti\/wp-content\/uploads\/tata-fiu-1152x1536.jpg 1152w, https:\/\/buletin.de\/bucuresti\/wp-content\/uploads\/tata-fiu-1060x1413.jpg 1060w, https:\/\/buletin.de\/bucuresti\/wp-content\/uploads\/tata-fiu-550x733.jpg 550w, https:\/\/buletin.de\/bucuresti\/wp-content\/uploads\/tata-fiu-375x500.jpg 375w, https:\/\/buletin.de\/bucuresti\/wp-content\/uploads\/tata-fiu-810x1080.jpg 810w, https:\/\/buletin.de\/bucuresti\/wp-content\/uploads\/tata-fiu-600x800.jpg 600w, https:\/\/buletin.de\/bucuresti\/wp-content\/uploads\/tata-fiu.jpg 1500w\" sizes=\"(max-width: 675px) 100vw, 675px\" \/><figcaption>Foto: Andreea Gelatu<\/figcaption><\/figure>\n\n\n\n<p>Copiii, bine \u00eenfofoli\u021bi \u0219i ro\u0219ii \u00een obraji, flutur\u00e2nd cu emo\u021bie drapelul, au fost cei mai ner\u0103bd\u0103tori. \u201eDar chiar defileaz\u0103 prin fa\u021ba noastr\u0103? Yeeey! Vedem \u0219i ma\u0219inile? De-abia a\u0219tept!!!\u201d, s-au auzit din toate p\u0103r\u021bile glasuri de copii.<\/p>\n\n\n\n<figure class=\"wp-block-image size-large\"><img decoding=\"async\" width=\"900\" height=\"675\" src=\"data:image\/gif;base64,R0lGODlhAQABAAAAACH5BAEKAAEALAAAAAABAAEAAAICTAEAOw==\" data-src=\"https:\/\/buletin.de\/bucuresti\/wp-content\/uploads\/ianis-900x675.jpg\" alt=\"\" class=\"wp-image-49024 lazyload\" data-sizes=\"auto\" data-srcset=\"https:\/\/buletin.de\/bucuresti\/wp-content\/uploads\/ianis-900x675.jpg 900w, https:\/\/buletin.de\/bucuresti\/wp-content\/uploads\/ianis-300x225.jpg 300w, https:\/\/buletin.de\/bucuresti\/wp-content\/uploads\/ianis-768x576.jpg 768w, https:\/\/buletin.de\/bucuresti\/wp-content\/uploads\/ianis-1536x1152.jpg 1536w, https:\/\/buletin.de\/bucuresti\/wp-content\/uploads\/ianis-1060x795.jpg 1060w, https:\/\/buletin.de\/bucuresti\/wp-content\/uploads\/ianis-550x413.jpg 550w, https:\/\/buletin.de\/bucuresti\/wp-content\/uploads\/ianis-667x500.jpg 667w, https:\/\/buletin.de\/bucuresti\/wp-content\/uploads\/ianis-1920x1440.jpg 1920w, https:\/\/buletin.de\/bucuresti\/wp-content\/uploads\/ianis-1440x1080.jpg 1440w, https:\/\/buletin.de\/bucuresti\/wp-content\/uploads\/ianis-600x450.jpg 600w, https:\/\/buletin.de\/bucuresti\/wp-content\/uploads\/ianis.jpg 2000w\" sizes=\"(max-width: 900px) 100vw, 900px\" \/><figcaption>Foto: Andreea Gelatu<\/figcaption><\/figure>\n\n\n\n<p>Roxana \u0219i Ianis sunt fra\u021bi, au 11 ani, respectiv 9 ani. Ast\u0103zi, au venit la parad\u0103 \u00eempreun\u0103 cu bunica lor. Am\u00e2ndoi, sunt foarte emo\u021biona\u021bi \u0219i bucuro\u0219i pentru c\u0103 vor vedea cu ochii lor defilarea.<\/p>\n\n\n\n<p>\u201eAm venit la defilare, deoarece inima mea bate pentru Rom\u00e2nia \u0219i va b\u0103tea \u00eentotdeauna. Nu voi tr\u0103da niciodat\u0103 Rom\u00e2nia pentru alt\u0103 \u021bar\u0103.<\/p>\n\n\n\n<p>Ziua de azi \u00eenseamn\u0103 o reunire a oamenilor!\u201d, mi-a spus \u00eencrez\u0103toare Roxana.<\/p>\n\n\n\n<p>Ianis, cuprins de emo\u021bie, mi-a m\u0103rturisit c\u0103 a crescut \u00een Rom\u00e2nia \u0219i, la fel ca sora sa, niciodat\u0103 nu va vrea s\u0103 locuiasc\u0103 \u00een alt\u0103 \u021bar\u0103.<\/p>\n\n\n\n<p>Iosif, un alt b\u0103ie\u021bel prezent, azi, \u00een Pia\u021ba Arcului de Triumf, mi-a spus scurt \u0219i p\u0103trunz\u0103tor: \u201eAm venit aici, pentru c\u0103 sunt patriot!\u201d<\/p>\n\n\n\n<p>\u00cenainte de \u00eenceperea propriu-zis\u0103 a defil\u0103rii, militarii din blocul de parad\u0103 au primit c\u00e2teva vorbe de \u00eencurajare de la familie \u0219i parc\u0103 au sc\u0103pat instant de emo\u021bii. Al\u021bi militari au stat la poze. S-a creat o atmosfer\u0103 cald\u0103, \u00een ciuda gerului n\u0103prasnic.<\/p>\n\n\n\n<figure class=\"wp-block-image size-large\"><img decoding=\"async\" width=\"900\" height=\"675\" src=\"data:image\/gif;base64,R0lGODlhAQABAAAAACH5BAEKAAEALAAAAAABAAEAAAICTAEAOw==\" data-src=\"https:\/\/buletin.de\/bucuresti\/wp-content\/uploads\/militar-familie-1-900x675.jpg\" alt=\"\" class=\"wp-image-49026 lazyload\" data-sizes=\"auto\" data-srcset=\"https:\/\/buletin.de\/bucuresti\/wp-content\/uploads\/militar-familie-1-900x675.jpg 900w, https:\/\/buletin.de\/bucuresti\/wp-content\/uploads\/militar-familie-1-300x225.jpg 300w, https:\/\/buletin.de\/bucuresti\/wp-content\/uploads\/militar-familie-1-768x576.jpg 768w, https:\/\/buletin.de\/bucuresti\/wp-content\/uploads\/militar-familie-1-1536x1152.jpg 1536w, https:\/\/buletin.de\/bucuresti\/wp-content\/uploads\/militar-familie-1-1060x795.jpg 1060w, https:\/\/buletin.de\/bucuresti\/wp-content\/uploads\/militar-familie-1-550x413.jpg 550w, https:\/\/buletin.de\/bucuresti\/wp-content\/uploads\/militar-familie-1-667x500.jpg 667w, https:\/\/buletin.de\/bucuresti\/wp-content\/uploads\/militar-familie-1-1920x1440.jpg 1920w, https:\/\/buletin.de\/bucuresti\/wp-content\/uploads\/militar-familie-1-1440x1080.jpg 1440w, https:\/\/buletin.de\/bucuresti\/wp-content\/uploads\/militar-familie-1-600x450.jpg 600w, https:\/\/buletin.de\/bucuresti\/wp-content\/uploads\/militar-familie-1.jpg 2000w\" sizes=\"(max-width: 900px) 100vw, 900px\" \/><figcaption>Foto: Andreea Gelatu<\/figcaption><\/figure>\n\n\n\n<figure class=\"wp-block-image size-large\"><img loading=\"lazy\" decoding=\"async\" width=\"675\" height=\"900\" src=\"data:image\/gif;base64,R0lGODlhAQABAAAAACH5BAEKAAEALAAAAAABAAEAAAICTAEAOw==\" data-src=\"https:\/\/buletin.de\/bucuresti\/wp-content\/uploads\/poze-copil-milotari-675x900.jpg\" alt=\"\" class=\"wp-image-49027 lazyload\" data-sizes=\"auto\" data-srcset=\"https:\/\/buletin.de\/bucuresti\/wp-content\/uploads\/poze-copil-milotari-675x900.jpg 675w, https:\/\/buletin.de\/bucuresti\/wp-content\/uploads\/poze-copil-milotari-225x300.jpg 225w, https:\/\/buletin.de\/bucuresti\/wp-content\/uploads\/poze-copil-milotari-768x1024.jpg 768w, https:\/\/buletin.de\/bucuresti\/wp-content\/uploads\/poze-copil-milotari-1152x1536.jpg 1152w, https:\/\/buletin.de\/bucuresti\/wp-content\/uploads\/poze-copil-milotari-1060x1413.jpg 1060w, https:\/\/buletin.de\/bucuresti\/wp-content\/uploads\/poze-copil-milotari-550x733.jpg 550w, https:\/\/buletin.de\/bucuresti\/wp-content\/uploads\/poze-copil-milotari-375x500.jpg 375w, https:\/\/buletin.de\/bucuresti\/wp-content\/uploads\/poze-copil-milotari-810x1080.jpg 810w, https:\/\/buletin.de\/bucuresti\/wp-content\/uploads\/poze-copil-milotari-600x800.jpg 600w, https:\/\/buletin.de\/bucuresti\/wp-content\/uploads\/poze-copil-milotari.jpg 1500w\" sizes=\"(max-width: 675px) 100vw, 675px\" \/><figcaption>Foto: Andreea Gelatu<\/figcaption><\/figure>\n\n\n\n<figure class=\"wp-block-image size-large\"><img loading=\"lazy\" decoding=\"async\" width=\"900\" height=\"675\" src=\"data:image\/gif;base64,R0lGODlhAQABAAAAACH5BAEKAAEALAAAAAABAAEAAAICTAEAOw==\" data-src=\"https:\/\/buletin.de\/bucuresti\/wp-content\/uploads\/sisss-900x675.jpg\" alt=\"\" class=\"wp-image-49028 lazyload\" data-sizes=\"auto\" data-srcset=\"https:\/\/buletin.de\/bucuresti\/wp-content\/uploads\/sisss-900x675.jpg 900w, https:\/\/buletin.de\/bucuresti\/wp-content\/uploads\/sisss-300x225.jpg 300w, https:\/\/buletin.de\/bucuresti\/wp-content\/uploads\/sisss-768x576.jpg 768w, https:\/\/buletin.de\/bucuresti\/wp-content\/uploads\/sisss-1536x1152.jpg 1536w, https:\/\/buletin.de\/bucuresti\/wp-content\/uploads\/sisss-1060x795.jpg 1060w, https:\/\/buletin.de\/bucuresti\/wp-content\/uploads\/sisss-550x413.jpg 550w, https:\/\/buletin.de\/bucuresti\/wp-content\/uploads\/sisss-667x500.jpg 667w, https:\/\/buletin.de\/bucuresti\/wp-content\/uploads\/sisss-1920x1440.jpg 1920w, https:\/\/buletin.de\/bucuresti\/wp-content\/uploads\/sisss-1440x1080.jpg 1440w, https:\/\/buletin.de\/bucuresti\/wp-content\/uploads\/sisss-600x450.jpg 600w, https:\/\/buletin.de\/bucuresti\/wp-content\/uploads\/sisss.jpg 2000w\" sizes=\"(max-width: 900px) 100vw, 900px\" \/><figcaption>Foto: Andreea Gelatu<\/figcaption><\/figure>\n\n\n\n<p>11.00 \u2013 A \u00eenceput parada militar\u0103!<\/p>\n\n\n\n<p>Dup\u0103 sosirea Pre\u0219edintelui Rom\u00e2niei, Klaus Iohannis, a fost intonat Imnul Na\u021bional de c\u0103tre baritonul \u0218tefan-Alexandru Constantin, solist al Ansamblului Artistic \u201eDoina\u201d al Armatei, \u0219i corul Academiei Tehnice Militare \u201eFerdinand I\u201d. \u00cen timpul inton\u0103rii imnului, au fost executate 21 salve de tun.<\/p>\n\n\n\n<p>A urmat constituirea dispozitivului pentru defilare. De\u0219i erau programate mai multe momente de avia\u021bie, acestea au fost anulate din cauza condi\u021biilor meteo nefavorabile.<\/p>\n\n\n\n<p>Au defilat deta\u0219amente reprezentative ale Ministerului Ap\u0103r\u0103rii Na\u021bionale, Ministerului Afacerilor Interne, Serviciului Rom\u00e2n de Informa\u021bii, Serviciului de Telecomunica\u021bii Speciale \u0219i Administra\u021biei Na\u021bionale a Penitenciarelor. Au dat onorul \u0219i reprezentan\u021bi ai Grupului de Lupt\u0103 al NATO dislocat \u00een Rom\u00e2nia.<\/p>\n\n\n\n<p>Pentru prima dat\u0103, \u00een Pia\u021ba Arcului de Triumf, au defilat militari din Divizia 101 Aeropurtat\u0103 a Statelor Unite ale Americii, una dintre cele mai cunoscute mari unit\u0103\u021bi americane din lume.<\/p>\n\n\n\n<figure class=\"wp-block-image size-large\"><img loading=\"lazy\" decoding=\"async\" width=\"900\" height=\"599\" src=\"data:image\/gif;base64,R0lGODlhAQABAAAAACH5BAEKAAEALAAAAAABAAEAAAICTAEAOw==\" data-src=\"https:\/\/buletin.de\/bucuresti\/wp-content\/uploads\/mapn-900x599.jpg\" alt=\"\" class=\"wp-image-49030 lazyload\" data-sizes=\"auto\" data-srcset=\"https:\/\/buletin.de\/bucuresti\/wp-content\/uploads\/mapn-900x599.jpg 900w, https:\/\/buletin.de\/bucuresti\/wp-content\/uploads\/mapn-300x200.jpg 300w, https:\/\/buletin.de\/bucuresti\/wp-content\/uploads\/mapn-768x511.jpg 768w, https:\/\/buletin.de\/bucuresti\/wp-content\/uploads\/mapn-1536x1023.jpg 1536w, https:\/\/buletin.de\/bucuresti\/wp-content\/uploads\/mapn-1060x706.jpg 1060w, https:\/\/buletin.de\/bucuresti\/wp-content\/uploads\/mapn-550x366.jpg 550w, https:\/\/buletin.de\/bucuresti\/wp-content\/uploads\/mapn-751x500.jpg 751w, https:\/\/buletin.de\/bucuresti\/wp-content\/uploads\/mapn-1920x1279.jpg 1920w, https:\/\/buletin.de\/bucuresti\/wp-content\/uploads\/mapn-1622x1080.jpg 1622w, https:\/\/buletin.de\/bucuresti\/wp-content\/uploads\/mapn-600x400.jpg 600w, https:\/\/buletin.de\/bucuresti\/wp-content\/uploads\/mapn.jpg 2000w\" sizes=\"(max-width: 900px) 100vw, 900px\" \/><figcaption>Surs\u0103 foto: Facebook, Ministerul Ap\u0103r\u0103rii Na\u021bionale<\/figcaption><\/figure>\n\n\n\n<figure class=\"wp-block-image size-large\"><img loading=\"lazy\" decoding=\"async\" width=\"900\" height=\"599\" src=\"data:image\/gif;base64,R0lGODlhAQABAAAAACH5BAEKAAEALAAAAAABAAEAAAICTAEAOw==\" data-src=\"https:\/\/buletin.de\/bucuresti\/wp-content\/uploads\/1-28-900x599.jpg\" alt=\"\" class=\"wp-image-49029 lazyload\" data-sizes=\"auto\" data-srcset=\"https:\/\/buletin.de\/bucuresti\/wp-content\/uploads\/1-28-900x599.jpg 900w, https:\/\/buletin.de\/bucuresti\/wp-content\/uploads\/1-28-300x200.jpg 300w, https:\/\/buletin.de\/bucuresti\/wp-content\/uploads\/1-28-768x511.jpg 768w, https:\/\/buletin.de\/bucuresti\/wp-content\/uploads\/1-28-1536x1023.jpg 1536w, https:\/\/buletin.de\/bucuresti\/wp-content\/uploads\/1-28-1060x706.jpg 1060w, https:\/\/buletin.de\/bucuresti\/wp-content\/uploads\/1-28-550x366.jpg 550w, https:\/\/buletin.de\/bucuresti\/wp-content\/uploads\/1-28-751x500.jpg 751w, https:\/\/buletin.de\/bucuresti\/wp-content\/uploads\/1-28-1920x1279.jpg 1920w, https:\/\/buletin.de\/bucuresti\/wp-content\/uploads\/1-28-1622x1080.jpg 1622w, https:\/\/buletin.de\/bucuresti\/wp-content\/uploads\/1-28-600x400.jpg 600w, https:\/\/buletin.de\/bucuresti\/wp-content\/uploads\/1-28.jpg 2000w\" sizes=\"(max-width: 900px) 100vw, 900px\" \/><figcaption>Surs\u0103 foto: Facebook, Ministerul Ap\u0103r\u0103rii Na\u021bionale<\/figcaption><\/figure>\n\n\n\n<figure class=\"wp-block-image size-large\"><img loading=\"lazy\" decoding=\"async\" width=\"900\" height=\"599\" src=\"data:image\/gif;base64,R0lGODlhAQABAAAAACH5BAEKAAEALAAAAAABAAEAAAICTAEAOw==\" data-src=\"https:\/\/buletin.de\/bucuresti\/wp-content\/uploads\/222-1-900x599.jpg\" alt=\"\" class=\"wp-image-49032 lazyload\" data-sizes=\"auto\" data-srcset=\"https:\/\/buletin.de\/bucuresti\/wp-content\/uploads\/222-1-900x599.jpg 900w, https:\/\/buletin.de\/bucuresti\/wp-content\/uploads\/222-1-300x200.jpg 300w, https:\/\/buletin.de\/bucuresti\/wp-content\/uploads\/222-1-768x511.jpg 768w, https:\/\/buletin.de\/bucuresti\/wp-content\/uploads\/222-1-1536x1023.jpg 1536w, https:\/\/buletin.de\/bucuresti\/wp-content\/uploads\/222-1-1060x706.jpg 1060w, https:\/\/buletin.de\/bucuresti\/wp-content\/uploads\/222-1-550x366.jpg 550w, https:\/\/buletin.de\/bucuresti\/wp-content\/uploads\/222-1-751x500.jpg 751w, https:\/\/buletin.de\/bucuresti\/wp-content\/uploads\/222-1-1920x1279.jpg 1920w, https:\/\/buletin.de\/bucuresti\/wp-content\/uploads\/222-1-1622x1080.jpg 1622w, https:\/\/buletin.de\/bucuresti\/wp-content\/uploads\/222-1-600x400.jpg 600w, https:\/\/buletin.de\/bucuresti\/wp-content\/uploads\/222-1.jpg 2000w\" sizes=\"(max-width: 900px) 100vw, 900px\" \/><figcaption>Surs\u0103 foto: Facebook, Ministerul Ap\u0103r\u0103rii Na\u021bionale<\/figcaption><\/figure>\n\n\n\n<figure class=\"wp-block-image size-large\"><img loading=\"lazy\" decoding=\"async\" width=\"900\" height=\"645\" src=\"data:image\/gif;base64,R0lGODlhAQABAAAAACH5BAEKAAEALAAAAAABAAEAAAICTAEAOw==\" data-src=\"https:\/\/buletin.de\/bucuresti\/wp-content\/uploads\/mai-900x645.jpg\" alt=\"\" class=\"wp-image-49033 lazyload\" data-sizes=\"auto\" data-srcset=\"https:\/\/buletin.de\/bucuresti\/wp-content\/uploads\/mai-900x645.jpg 900w, https:\/\/buletin.de\/bucuresti\/wp-content\/uploads\/mai-300x215.jpg 300w, https:\/\/buletin.de\/bucuresti\/wp-content\/uploads\/mai-768x551.jpg 768w, https:\/\/buletin.de\/bucuresti\/wp-content\/uploads\/mai-1536x1101.jpg 1536w, https:\/\/buletin.de\/bucuresti\/wp-content\/uploads\/mai-1060x760.jpg 1060w, https:\/\/buletin.de\/bucuresti\/wp-content\/uploads\/mai-550x394.jpg 550w, https:\/\/buletin.de\/bucuresti\/wp-content\/uploads\/mai-697x500.jpg 697w, https:\/\/buletin.de\/bucuresti\/wp-content\/uploads\/mai-1507x1080.jpg 1507w, https:\/\/buletin.de\/bucuresti\/wp-content\/uploads\/mai-600x430.jpg 600w, https:\/\/buletin.de\/bucuresti\/wp-content\/uploads\/mai.jpg 1600w\" sizes=\"(max-width: 900px) 100vw, 900px\" \/><figcaption>Surs\u0103 foto: Facebook, Ministerul Afacerilor Interne<\/figcaption><\/figure>\n\n\n\n<figure class=\"wp-block-image size-large\"><img loading=\"lazy\" decoding=\"async\" width=\"900\" height=\"646\" src=\"data:image\/gif;base64,R0lGODlhAQABAAAAACH5BAEKAAEALAAAAAABAAEAAAICTAEAOw==\" data-src=\"https:\/\/buletin.de\/bucuresti\/wp-content\/uploads\/mai1-900x646.jpg\" alt=\"\" class=\"wp-image-49034 lazyload\" data-sizes=\"auto\" data-srcset=\"https:\/\/buletin.de\/bucuresti\/wp-content\/uploads\/mai1-900x646.jpg 900w, https:\/\/buletin.de\/bucuresti\/wp-content\/uploads\/mai1-300x215.jpg 300w, https:\/\/buletin.de\/bucuresti\/wp-content\/uploads\/mai1-768x552.jpg 768w, https:\/\/buletin.de\/bucuresti\/wp-content\/uploads\/mai1-1536x1103.jpg 1536w, https:\/\/buletin.de\/bucuresti\/wp-content\/uploads\/mai1-1060x761.jpg 1060w, https:\/\/buletin.de\/bucuresti\/wp-content\/uploads\/mai1-550x395.jpg 550w, https:\/\/buletin.de\/bucuresti\/wp-content\/uploads\/mai1-696x500.jpg 696w, https:\/\/buletin.de\/bucuresti\/wp-content\/uploads\/mai1-1504x1080.jpg 1504w, https:\/\/buletin.de\/bucuresti\/wp-content\/uploads\/mai1-600x431.jpg 600w, https:\/\/buletin.de\/bucuresti\/wp-content\/uploads\/mai1.jpg 1600w\" sizes=\"(max-width: 900px) 100vw, 900px\" \/><figcaption>Surs\u0103 foto: Facebook, Ministerul Afacerilor Interne<\/figcaption><\/figure>\n\n\n\n<figure class=\"wp-block-image size-large\"><img loading=\"lazy\" decoding=\"async\" width=\"900\" height=\"600\" src=\"data:image\/gif;base64,R0lGODlhAQABAAAAACH5BAEKAAEALAAAAAABAAEAAAICTAEAOw==\" data-src=\"https:\/\/buletin.de\/bucuresti\/wp-content\/uploads\/igsu-900x600.jpg\" alt=\"\" class=\"wp-image-49035 lazyload\" data-sizes=\"auto\" data-srcset=\"https:\/\/buletin.de\/bucuresti\/wp-content\/uploads\/igsu-900x600.jpg 900w, https:\/\/buletin.de\/bucuresti\/wp-content\/uploads\/igsu-300x200.jpg 300w, https:\/\/buletin.de\/bucuresti\/wp-content\/uploads\/igsu-768x512.jpg 768w, https:\/\/buletin.de\/bucuresti\/wp-content\/uploads\/igsu-550x367.jpg 550w, https:\/\/buletin.de\/bucuresti\/wp-content\/uploads\/igsu-750x500.jpg 750w, https:\/\/buletin.de\/bucuresti\/wp-content\/uploads\/igsu-600x400.jpg 600w, https:\/\/buletin.de\/bucuresti\/wp-content\/uploads\/igsu.jpg 960w\" sizes=\"(max-width: 900px) 100vw, 900px\" \/><figcaption>Surs\u0103 foto: Facebook, Inspectoratul pentru Situa\u021bii de Urgen\u021b\u0103<\/figcaption><\/figure>\n\n\n\n<p>Dispozitivul de defilare pe tehnic\u0103 a adus \u00een Pia\u021ba Arcului de Triumf&nbsp;deta\u0219amentelor de tehnic\u0103 ale Ministerului Ap\u0103r\u0103rii Na\u021bionale, Ministerului Afacerilor Interne, Autorit\u0103\u021bii Vamale Rom\u00e2ne, Serviciului Rom\u00e2n de Informa\u021bii \u0219i&nbsp;Serviciului de Telecomunica\u021bii Speciale.<\/p>\n\n\n\n<figure class=\"wp-block-image size-full\"><img loading=\"lazy\" decoding=\"async\" width=\"901\" height=\"600\" src=\"data:image\/gif;base64,R0lGODlhAQABAAAAACH5BAEKAAEALAAAAAABAAEAAAICTAEAOw==\" data-src=\"https:\/\/buletin.de\/bucuresti\/wp-content\/uploads\/mapnnn.jpg\" alt=\"\" class=\"wp-image-49036 lazyload\" data-sizes=\"auto\" data-srcset=\"https:\/\/buletin.de\/bucuresti\/wp-content\/uploads\/mapnnn.jpg 901w, https:\/\/buletin.de\/bucuresti\/wp-content\/uploads\/mapnnn-300x200.jpg 300w, https:\/\/buletin.de\/bucuresti\/wp-content\/uploads\/mapnnn-768x511.jpg 768w, https:\/\/buletin.de\/bucuresti\/wp-content\/uploads\/mapnnn-550x366.jpg 550w, https:\/\/buletin.de\/bucuresti\/wp-content\/uploads\/mapnnn-751x500.jpg 751w, https:\/\/buletin.de\/bucuresti\/wp-content\/uploads\/mapnnn-600x400.jpg 600w\" sizes=\"(max-width: 901px) 100vw, 901px\" \/><figcaption>Surs\u0103 foto: Facebook, Ministerul Ap\u0103r\u0103rii Na\u021bionale<\/figcaption><\/figure>\n\n\n\n<figure class=\"wp-block-image size-large\"><img loading=\"lazy\" decoding=\"async\" width=\"900\" height=\"506\" src=\"data:image\/gif;base64,R0lGODlhAQABAAAAACH5BAEKAAEALAAAAAABAAEAAAICTAEAOw==\" data-src=\"https:\/\/buletin.de\/bucuresti\/wp-content\/uploads\/front-900x506.jpg\" alt=\"\" class=\"wp-image-49037 lazyload\" data-sizes=\"auto\" data-srcset=\"https:\/\/buletin.de\/bucuresti\/wp-content\/uploads\/front-900x506.jpg 900w, https:\/\/buletin.de\/bucuresti\/wp-content\/uploads\/front-300x169.jpg 300w, https:\/\/buletin.de\/bucuresti\/wp-content\/uploads\/front-768x432.jpg 768w, https:\/\/buletin.de\/bucuresti\/wp-content\/uploads\/front-1536x864.jpg 1536w, https:\/\/buletin.de\/bucuresti\/wp-content\/uploads\/front-1060x596.jpg 1060w, https:\/\/buletin.de\/bucuresti\/wp-content\/uploads\/front-550x309.jpg 550w, https:\/\/buletin.de\/bucuresti\/wp-content\/uploads\/front-889x500.jpg 889w, https:\/\/buletin.de\/bucuresti\/wp-content\/uploads\/front-600x338.jpg 600w, https:\/\/buletin.de\/bucuresti\/wp-content\/uploads\/front.jpg 1600w\" sizes=\"(max-width: 900px) 100vw, 900px\" \/><figcaption>Surs\u0103 foto: Facebook, Poli\u021bia de Frontier\u0103 Rom\u00e2n\u0103<\/figcaption><\/figure>\n\n\n\n<p>Parada militar\u0103 dedicat\u0103 Zilei Na\u021bionale a Rom\u00e2niei s-a \u00eencheiat cu defilarea militarilor Brig\u0103zii 30 Gard\u0103 \u201eMihai Viteazul\u201d, singura unitate a Armatei Rom\u00e2niei care execut\u0103 misiuni de ceremonii \u015fi onoruri la cel mai \u00eenalt nivel.<\/p>\n\n\n\n<figure class=\"wp-block-image size-large\"><img loading=\"lazy\" decoding=\"async\" width=\"900\" height=\"599\" src=\"data:image\/gif;base64,R0lGODlhAQABAAAAACH5BAEKAAEALAAAAAABAAEAAAICTAEAOw==\" data-src=\"https:\/\/buletin.de\/bucuresti\/wp-content\/uploads\/baietii-de-elita-900x599.jpg\" alt=\"\" class=\"wp-image-49038 lazyload\" data-sizes=\"auto\" data-srcset=\"https:\/\/buletin.de\/bucuresti\/wp-content\/uploads\/baietii-de-elita-900x599.jpg 900w, https:\/\/buletin.de\/bucuresti\/wp-content\/uploads\/baietii-de-elita-300x200.jpg 300w, https:\/\/buletin.de\/bucuresti\/wp-content\/uploads\/baietii-de-elita-768x511.jpg 768w, https:\/\/buletin.de\/bucuresti\/wp-content\/uploads\/baietii-de-elita-1536x1023.jpg 1536w, https:\/\/buletin.de\/bucuresti\/wp-content\/uploads\/baietii-de-elita-1060x706.jpg 1060w, https:\/\/buletin.de\/bucuresti\/wp-content\/uploads\/baietii-de-elita-550x366.jpg 550w, https:\/\/buletin.de\/bucuresti\/wp-content\/uploads\/baietii-de-elita-751x500.jpg 751w, https:\/\/buletin.de\/bucuresti\/wp-content\/uploads\/baietii-de-elita-1920x1279.jpg 1920w, https:\/\/buletin.de\/bucuresti\/wp-content\/uploads\/baietii-de-elita-1622x1080.jpg 1622w, https:\/\/buletin.de\/bucuresti\/wp-content\/uploads\/baietii-de-elita-600x400.jpg 600w, https:\/\/buletin.de\/bucuresti\/wp-content\/uploads\/baietii-de-elita.jpg 2000w\" sizes=\"(max-width: 900px) 100vw, 900px\" \/><figcaption>Surs\u0103 foto: Facebook, Ministerul Ap\u0103r\u0103rii Na\u021bionale<\/figcaption><\/figure>\n\n\n\n<p>Soldat Marius P\u00eer\u0219oag\u0103 este militar al unit\u0103\u021bii 30 Gard\u0103 \u201eMihai Viteazul\u201d. Mi-a spus, emo\u021bionat, c\u0103 atunci c\u00e2nd era mic a\u0219tepta cu sufletul la gur\u0103 acest eveniment. Ast\u0103zi, este chiar el unul dintre militarii care au defilat pe sub Arcul de Triumf.<\/p>\n\n\n\n<figure class=\"wp-block-image size-full\"><img loading=\"lazy\" decoding=\"async\" width=\"768\" height=\"896\" src=\"data:image\/gif;base64,R0lGODlhAQABAAAAACH5BAEKAAEALAAAAAABAAEAAAICTAEAOw==\" data-src=\"https:\/\/buletin.de\/bucuresti\/wp-content\/uploads\/brigada.jpg\" alt=\"\" class=\"wp-image-49039 lazyload\" data-sizes=\"auto\" data-srcset=\"https:\/\/buletin.de\/bucuresti\/wp-content\/uploads\/brigada.jpg 768w, https:\/\/buletin.de\/bucuresti\/wp-content\/uploads\/brigada-257x300.jpg 257w, https:\/\/buletin.de\/bucuresti\/wp-content\/uploads\/brigada-550x642.jpg 550w, https:\/\/buletin.de\/bucuresti\/wp-content\/uploads\/brigada-429x500.jpg 429w, https:\/\/buletin.de\/bucuresti\/wp-content\/uploads\/brigada-600x700.jpg 600w\" sizes=\"(max-width: 768px) 100vw, 768px\" \/><figcaption>Surs\u0103 foto: Facebook, Marius P\u00eer\u0219oag\u0103<\/figcaption><\/figure>\n\n\n\n<p>\u201eA fost o onoare, un sentiment unic s\u0103 dau onorul \u00eentregii \u021b\u0103ri. Este pentru prima dat\u0103 c\u00e2nd defilez la parada militar\u0103 de 1 Decembrie. C\u00e2nd eram copil, a\u0219teptam cu ner\u0103bdare s\u0103 v\u0103d acest eveniment, iar acum l-am tr\u0103it cu m\u00e2ndrie \u0219i emo\u021bii. M\u0103 bucur c\u0103 sunt rom\u00e2n, nu doar azi, tot timpul. La mul\u021bi ani, Rom\u00e2nia!\u201d, mi-a m\u0103rturisit Marius.<\/p>\n\n\n\n<p>Andreea Maria Br\u00e2nzan este sergent major de 7 luni \u00een Deta\u0219amentul de Cavalerie al Jandarmeriei Capitalei. Este singura din familia ei care a \u00eembr\u0103cat haina militar\u0103. Andreea mi-a atras aten\u021bia \u0219i datorit\u0103 \u021binutei sale speciale.<\/p>\n\n\n\n<figure class=\"wp-block-image size-large\"><img loading=\"lazy\" decoding=\"async\" width=\"675\" height=\"900\" src=\"data:image\/gif;base64,R0lGODlhAQABAAAAACH5BAEKAAEALAAAAAABAAEAAAICTAEAOw==\" data-src=\"https:\/\/buletin.de\/bucuresti\/wp-content\/uploads\/janadarmerie-675x900.jpg\" alt=\"\" class=\"wp-image-49040 lazyload\" data-sizes=\"auto\" data-srcset=\"https:\/\/buletin.de\/bucuresti\/wp-content\/uploads\/janadarmerie-675x900.jpg 675w, https:\/\/buletin.de\/bucuresti\/wp-content\/uploads\/janadarmerie-225x300.jpg 225w, https:\/\/buletin.de\/bucuresti\/wp-content\/uploads\/janadarmerie-768x1024.jpg 768w, https:\/\/buletin.de\/bucuresti\/wp-content\/uploads\/janadarmerie-1152x1536.jpg 1152w, https:\/\/buletin.de\/bucuresti\/wp-content\/uploads\/janadarmerie-1060x1413.jpg 1060w, https:\/\/buletin.de\/bucuresti\/wp-content\/uploads\/janadarmerie-550x733.jpg 550w, https:\/\/buletin.de\/bucuresti\/wp-content\/uploads\/janadarmerie-375x500.jpg 375w, https:\/\/buletin.de\/bucuresti\/wp-content\/uploads\/janadarmerie-810x1080.jpg 810w, https:\/\/buletin.de\/bucuresti\/wp-content\/uploads\/janadarmerie-600x800.jpg 600w, https:\/\/buletin.de\/bucuresti\/wp-content\/uploads\/janadarmerie.jpg 1500w\" sizes=\"(max-width: 675px) 100vw, 675px\" \/><figcaption>Foto: Andreea Gelatu<\/figcaption><\/figure>\n\n\n\n<p>\u201eDe 7 luni sunt sergent major. Am venit din \u0218coala Dr\u0103g\u0103\u0219ani. Particip pentru prima dat\u0103 la defilare. M\u0103 simt foarte bine, nu m\u0103 a\u0219teptam s\u0103 am at\u00e2tea emo\u021bii. Sunt m\u00e2ndr\u0103 c\u0103 sunt rom\u00e2nc\u0103!\u201d, a spus Andreea.<\/p>\n\n\n\n<p>Dup\u0103 defilare, au fost organizate mai multe standuri expozi\u021bionale cu tehnic\u0103 militar\u0103. Poli\u021bi\u0219tii din cadrul Inspectoratului General al Poli\u021biei Rom\u00e2ne au \u00eemp\u0103r\u021bit persoanelor prezente pliante \u0219i reviste. Pompierii din cadrul Inspectoratului pentru Situa\u021bii de Urgen\u021b\u0103 au desf\u0103\u0219urat ateliere cu\u00a0cei mici pentru discuta despre modul de ac\u021bionare \u00een caz de cutremur ori incendiu.<\/p>\n\n\n\n<figure class=\"wp-block-image size-large\"><img loading=\"lazy\" decoding=\"async\" width=\"900\" height=\"675\" src=\"data:image\/gif;base64,R0lGODlhAQABAAAAACH5BAEKAAEALAAAAAABAAEAAAICTAEAOw==\" data-src=\"https:\/\/buletin.de\/bucuresti\/wp-content\/uploads\/tehnica-900x675.jpg\" alt=\"\" class=\"wp-image-49042 lazyload\" data-sizes=\"auto\" data-srcset=\"https:\/\/buletin.de\/bucuresti\/wp-content\/uploads\/tehnica-900x675.jpg 900w, https:\/\/buletin.de\/bucuresti\/wp-content\/uploads\/tehnica-300x225.jpg 300w, https:\/\/buletin.de\/bucuresti\/wp-content\/uploads\/tehnica-768x576.jpg 768w, https:\/\/buletin.de\/bucuresti\/wp-content\/uploads\/tehnica-1536x1152.jpg 1536w, https:\/\/buletin.de\/bucuresti\/wp-content\/uploads\/tehnica-1060x795.jpg 1060w, https:\/\/buletin.de\/bucuresti\/wp-content\/uploads\/tehnica-550x413.jpg 550w, https:\/\/buletin.de\/bucuresti\/wp-content\/uploads\/tehnica-667x500.jpg 667w, https:\/\/buletin.de\/bucuresti\/wp-content\/uploads\/tehnica-1920x1440.jpg 1920w, https:\/\/buletin.de\/bucuresti\/wp-content\/uploads\/tehnica-1440x1080.jpg 1440w, https:\/\/buletin.de\/bucuresti\/wp-content\/uploads\/tehnica-600x450.jpg 600w, https:\/\/buletin.de\/bucuresti\/wp-content\/uploads\/tehnica.jpg 2000w\" sizes=\"(max-width: 900px) 100vw, 900px\" \/><figcaption>Foto: Andreea Gelatu<\/figcaption><\/figure>\n\n\n\n<figure class=\"wp-block-image size-large\"><img loading=\"lazy\" decoding=\"async\" width=\"675\" height=\"900\" src=\"data:image\/gif;base64,R0lGODlhAQABAAAAACH5BAEKAAEALAAAAAABAAEAAAICTAEAOw==\" data-src=\"https:\/\/buletin.de\/bucuresti\/wp-content\/uploads\/politia-romana-675x900.jpg\" alt=\"\" class=\"wp-image-49043 lazyload\" data-sizes=\"auto\" data-srcset=\"https:\/\/buletin.de\/bucuresti\/wp-content\/uploads\/politia-romana-675x900.jpg 675w, https:\/\/buletin.de\/bucuresti\/wp-content\/uploads\/politia-romana-225x300.jpg 225w, https:\/\/buletin.de\/bucuresti\/wp-content\/uploads\/politia-romana-768x1024.jpg 768w, https:\/\/buletin.de\/bucuresti\/wp-content\/uploads\/politia-romana-1152x1536.jpg 1152w, https:\/\/buletin.de\/bucuresti\/wp-content\/uploads\/politia-romana-1060x1413.jpg 1060w, https:\/\/buletin.de\/bucuresti\/wp-content\/uploads\/politia-romana-550x733.jpg 550w, https:\/\/buletin.de\/bucuresti\/wp-content\/uploads\/politia-romana-375x500.jpg 375w, https:\/\/buletin.de\/bucuresti\/wp-content\/uploads\/politia-romana-810x1080.jpg 810w, https:\/\/buletin.de\/bucuresti\/wp-content\/uploads\/politia-romana-600x800.jpg 600w, https:\/\/buletin.de\/bucuresti\/wp-content\/uploads\/politia-romana.jpg 1500w\" sizes=\"(max-width: 675px) 100vw, 675px\" \/><figcaption>Foto: Andreea Gelatu<\/figcaption><\/figure>\n\n\n\n<figure class=\"wp-block-image size-large\"><img loading=\"lazy\" decoding=\"async\" width=\"900\" height=\"675\" src=\"data:image\/gif;base64,R0lGODlhAQABAAAAACH5BAEKAAEALAAAAAABAAEAAAICTAEAOw==\" data-src=\"https:\/\/buletin.de\/bucuresti\/wp-content\/uploads\/igsu-copii-900x675.jpg\" alt=\"\" class=\"wp-image-49044 lazyload\" data-sizes=\"auto\" data-srcset=\"https:\/\/buletin.de\/bucuresti\/wp-content\/uploads\/igsu-copii-900x675.jpg 900w, https:\/\/buletin.de\/bucuresti\/wp-content\/uploads\/igsu-copii-300x225.jpg 300w, https:\/\/buletin.de\/bucuresti\/wp-content\/uploads\/igsu-copii-768x576.jpg 768w, https:\/\/buletin.de\/bucuresti\/wp-content\/uploads\/igsu-copii-1536x1152.jpg 1536w, https:\/\/buletin.de\/bucuresti\/wp-content\/uploads\/igsu-copii-1060x795.jpg 1060w, https:\/\/buletin.de\/bucuresti\/wp-content\/uploads\/igsu-copii-550x413.jpg 550w, https:\/\/buletin.de\/bucuresti\/wp-content\/uploads\/igsu-copii-667x500.jpg 667w, https:\/\/buletin.de\/bucuresti\/wp-content\/uploads\/igsu-copii-1920x1440.jpg 1920w, https:\/\/buletin.de\/bucuresti\/wp-content\/uploads\/igsu-copii-1440x1080.jpg 1440w, https:\/\/buletin.de\/bucuresti\/wp-content\/uploads\/igsu-copii-600x450.jpg 600w, https:\/\/buletin.de\/bucuresti\/wp-content\/uploads\/igsu-copii.jpg 2000w\" sizes=\"(max-width: 900px) 100vw, 900px\" \/><figcaption>Foto: Andreea Gelatu<\/figcaption><\/figure>\n\n\n\n<figure class=\"wp-block-image size-large\"><img loading=\"lazy\" decoding=\"async\" width=\"600\" height=\"900\" src=\"data:image\/gif;base64,R0lGODlhAQABAAAAACH5BAEKAAEALAAAAAABAAEAAAICTAEAOw==\" data-src=\"https:\/\/buletin.de\/bucuresti\/wp-content\/uploads\/emotie-600x900.jpg\" alt=\"\" class=\"wp-image-49046 lazyload\" data-sizes=\"auto\" data-srcset=\"https:\/\/buletin.de\/bucuresti\/wp-content\/uploads\/emotie-600x900.jpg 600w, https:\/\/buletin.de\/bucuresti\/wp-content\/uploads\/emotie-200x300.jpg 200w, https:\/\/buletin.de\/bucuresti\/wp-content\/uploads\/emotie-768x1152.jpg 768w, https:\/\/buletin.de\/bucuresti\/wp-content\/uploads\/emotie-1024x1536.jpg 1024w, https:\/\/buletin.de\/bucuresti\/wp-content\/uploads\/emotie-1060x1590.jpg 1060w, https:\/\/buletin.de\/bucuresti\/wp-content\/uploads\/emotie-550x825.jpg 550w, https:\/\/buletin.de\/bucuresti\/wp-content\/uploads\/emotie-333x500.jpg 333w, https:\/\/buletin.de\/bucuresti\/wp-content\/uploads\/emotie-720x1080.jpg 720w, https:\/\/buletin.de\/bucuresti\/wp-content\/uploads\/emotie.jpg 1080w\" sizes=\"(max-width: 600px) 100vw, 600px\" \/><figcaption>Surs\u0103 foto: Bogdan PANTILIMON, Statul Major al For\u0163elor Aeriene<\/figcaption><\/figure>\n\n\n\n<p>\u00cen ciuda vremii geroase de ast\u0103zi, atmosfera la parada militar\u0103 de 1 Decembrie, organizat\u0103 \u00een Pia\u021ba Arcului de Triumf, a fost cald\u0103. EMO\u021aIA a reprezentat sentimentul-cheie. <\/p>\n\n\n\n<p>Ziua Na\u021bional\u0103 a Rom\u00e2niei este cu \u0219i despre OAMENI, militari \u0219i civili deopotriv\u0103.<\/p>\n\n\n\n<p>La mul\u021bi ani, Rom\u00e2nia! La mul\u021bi ani, rom\u00e2ni!<\/p>\n\n\n\n<p>Surs\u0103 foto cover: Facebook, For\u021bele Aeriene Rom\u00e2ne<\/p>\n","protected":false},"excerpt":{"rendered":"<p>\u201ePentru defilare, cu onorul spre dreapta, \u00eenainte mar\u0219!\u201d \u00cen Pia\u021ba Arcului de Triumf din Bucure\u0219ti, la parada organizat\u0103 cu ocazia Zilei Na\u021bionale a Rom\u00e2niei s-au adunat mii de oameni pentru a s\u0103rb\u0103tori 104 ani de la Marea Unire \u00eentr-un singur stat. Frigul nu i-a descurajat deloc pe cei care simt \u0219i tr\u0103iesc rom\u00e2ne\u0219te. \u00cenc\u0103 de [&hellip;]<\/p>\n","protected":false},"author":46,"featured_media":49022,"comment_status":"closed","ping_status":"open","sticky":false,"template":"","format":"standard","meta":{"_acf_changed":false,"inline_featured_image":false,"ngg_post_thumbnail":0,"footnotes":""},"categories":[169,62],"tags":[4852,3035,4851,4853,4854],"ppma_author":[22605],"class_list":["post-49020","post","type-post","status-publish","format-standard","has-post-thumbnail","hentry","category-reportaj","category-stiri","tag-1decembrie","tag-militari","tag-paradamilitara","tag-piataarculuidetriumf","tag-ziuanationalaaromaniei"],"acf":[],"yoast_head":"<!-- This site is optimized with the Yoast SEO Premium plugin v25.3 (Yoast SEO v27.4) - https:\/\/yoast.com\/product\/yoast-seo-premium-wordpress\/ -->\n<title>Reportaj: Parada militar\u0103 de Ziua Na\u021bional\u0103 a Rom\u00e2niei din Pia\u021ba Arcului de Triumf - Buletin de Bucure\u0219ti<\/title>\n<meta name=\"robots\" content=\"index, follow, max-snippet:-1, max-image-preview:large, max-video-preview:-1\" \/>\n<link rel=\"canonical\" href=\"https:\/\/buletin.de\/bucuresti\/reportaj-parada-militara-de-ziua-nationala-a-romaniei-din-piata-arcului-de-triumf\/\" \/>\n<meta property=\"og:locale\" content=\"en_GB\" \/>\n<meta property=\"og:type\" content=\"article\" \/>\n<meta property=\"og:title\" content=\"Reportaj: Parada militar\u0103 de Ziua Na\u021bional\u0103 a Rom\u00e2niei din Pia\u021ba Arcului de Triumf\" \/>\n<meta property=\"og:description\" content=\"\u201ePentru defilare, cu onorul spre dreapta, \u00eenainte mar\u0219!\u201d \u00cen Pia\u021ba Arcului de Triumf din Bucure\u0219ti, la parada organizat\u0103 cu ocazia Zilei Na\u021bionale a Rom\u00e2niei s-au adunat mii de oameni pentru a s\u0103rb\u0103tori 104 ani de la Marea Unire \u00eentr-un singur stat. Frigul nu i-a descurajat deloc pe cei care simt \u0219i tr\u0103iesc rom\u00e2ne\u0219te. \u00cenc\u0103 de [&hellip;]\" \/>\n<meta property=\"og:url\" content=\"https:\/\/buletin.de\/bucuresti\/reportaj-parada-militara-de-ziua-nationala-a-romaniei-din-piata-arcului-de-triumf\/\" \/>\n<meta property=\"og:site_name\" content=\"Buletin de Bucure\u0219ti\" \/>\n<meta property=\"article:publisher\" content=\"https:\/\/www.facebook.com\/buletin.de.buc\" \/>\n<meta property=\"article:published_time\" content=\"2022-12-01T19:17:26+00:00\" \/>\n<meta property=\"article:modified_time\" content=\"2023-09-19T13:32:10+00:00\" \/>\n<meta property=\"og:image\" content=\"https:\/\/buletin.de\/bucuresti\/wp-content\/uploads\/3333.jpg\" \/>\n\t<meta property=\"og:image:width\" content=\"2000\" \/>\n\t<meta property=\"og:image:height\" content=\"1333\" \/>\n\t<meta property=\"og:image:type\" content=\"image\/jpeg\" \/>\n<meta name=\"author\" content=\"Andreea Gelatu\" \/>\n<meta name=\"twitter:card\" content=\"summary_large_image\" \/>\n<meta name=\"twitter:label1\" content=\"Written by\" \/>\n\t<meta name=\"twitter:data1\" content=\"Andreea Gelatu\" \/>\n\t<meta name=\"twitter:label2\" content=\"Estimated reading time\" \/>\n\t<meta name=\"twitter:data2\" content=\"8 minutes\" \/>\n<script type=\"application\/ld+json\" class=\"yoast-schema-graph\">{\"@context\":\"https:\\\/\\\/schema.org\",\"@graph\":[{\"@type\":\"Article\",\"@id\":\"https:\\\/\\\/buletin.de\\\/bucuresti\\\/reportaj-parada-militara-de-ziua-nationala-a-romaniei-din-piata-arcului-de-triumf\\\/#article\",\"isPartOf\":{\"@id\":\"https:\\\/\\\/buletin.de\\\/bucuresti\\\/reportaj-parada-militara-de-ziua-nationala-a-romaniei-din-piata-arcului-de-triumf\\\/\"},\"author\":{\"name\":\"Andreea Gelatu\",\"@id\":\"https:\\\/\\\/buletin.de\\\/bucuresti\\\/#\\\/schema\\\/person\\\/87734700b2c7f8608881f7e93b8834de\"},\"headline\":\"Reportaj: Parada militar\u0103 de Ziua Na\u021bional\u0103 a Rom\u00e2niei din Pia\u021ba Arcului de Triumf\",\"datePublished\":\"2022-12-01T19:17:26+00:00\",\"dateModified\":\"2023-09-19T13:32:10+00:00\",\"mainEntityOfPage\":{\"@id\":\"https:\\\/\\\/buletin.de\\\/bucuresti\\\/reportaj-parada-militara-de-ziua-nationala-a-romaniei-din-piata-arcului-de-triumf\\\/\"},\"wordCount\":1024,\"publisher\":{\"@id\":\"https:\\\/\\\/buletin.de\\\/bucuresti\\\/#organization\"},\"image\":{\"@id\":\"https:\\\/\\\/buletin.de\\\/bucuresti\\\/reportaj-parada-militara-de-ziua-nationala-a-romaniei-din-piata-arcului-de-triumf\\\/#primaryimage\"},\"thumbnailUrl\":\"https:\\\/\\\/buletin.de\\\/bucuresti\\\/wp-content\\\/uploads\\\/3333.jpg\",\"keywords\":[\"1Decembrie\",\"militari\",\"paradamilitar\u0103\",\"Pia\u021baArculuideTriumf\",\"ZiuaNa\u021bional\u0103aRom\u00e2niei\"],\"articleSection\":[\"Reportaj\",\"\u0218tiri\"],\"inLanguage\":\"en-GB\",\"copyrightYear\":\"2022\",\"copyrightHolder\":{\"@id\":\"https:\\\/\\\/buletin.de\\\/bucuresti\\\/#organization\"}},{\"@type\":\"WebPage\",\"@id\":\"https:\\\/\\\/buletin.de\\\/bucuresti\\\/reportaj-parada-militara-de-ziua-nationala-a-romaniei-din-piata-arcului-de-triumf\\\/\",\"url\":\"https:\\\/\\\/buletin.de\\\/bucuresti\\\/reportaj-parada-militara-de-ziua-nationala-a-romaniei-din-piata-arcului-de-triumf\\\/\",\"name\":\"Reportaj: Parada militar\u0103 de Ziua Na\u021bional\u0103 a Rom\u00e2niei din Pia\u021ba Arcului de Triumf - Buletin de Bucure\u0219ti\",\"isPartOf\":{\"@id\":\"https:\\\/\\\/buletin.de\\\/bucuresti\\\/#website\"},\"primaryImageOfPage\":{\"@id\":\"https:\\\/\\\/buletin.de\\\/bucuresti\\\/reportaj-parada-militara-de-ziua-nationala-a-romaniei-din-piata-arcului-de-triumf\\\/#primaryimage\"},\"image\":{\"@id\":\"https:\\\/\\\/buletin.de\\\/bucuresti\\\/reportaj-parada-militara-de-ziua-nationala-a-romaniei-din-piata-arcului-de-triumf\\\/#primaryimage\"},\"thumbnailUrl\":\"https:\\\/\\\/buletin.de\\\/bucuresti\\\/wp-content\\\/uploads\\\/3333.jpg\",\"datePublished\":\"2022-12-01T19:17:26+00:00\",\"dateModified\":\"2023-09-19T13:32:10+00:00\",\"breadcrumb\":{\"@id\":\"https:\\\/\\\/buletin.de\\\/bucuresti\\\/reportaj-parada-militara-de-ziua-nationala-a-romaniei-din-piata-arcului-de-triumf\\\/#breadcrumb\"},\"inLanguage\":\"en-GB\",\"potentialAction\":[{\"@type\":\"ReadAction\",\"target\":[\"https:\\\/\\\/buletin.de\\\/bucuresti\\\/reportaj-parada-militara-de-ziua-nationala-a-romaniei-din-piata-arcului-de-triumf\\\/\"]}]},{\"@type\":\"ImageObject\",\"inLanguage\":\"en-GB\",\"@id\":\"https:\\\/\\\/buletin.de\\\/bucuresti\\\/reportaj-parada-militara-de-ziua-nationala-a-romaniei-din-piata-arcului-de-triumf\\\/#primaryimage\",\"url\":\"https:\\\/\\\/buletin.de\\\/bucuresti\\\/wp-content\\\/uploads\\\/3333.jpg\",\"contentUrl\":\"https:\\\/\\\/buletin.de\\\/bucuresti\\\/wp-content\\\/uploads\\\/3333.jpg\",\"width\":2000,\"height\":1333},{\"@type\":\"BreadcrumbList\",\"@id\":\"https:\\\/\\\/buletin.de\\\/bucuresti\\\/reportaj-parada-militara-de-ziua-nationala-a-romaniei-din-piata-arcului-de-triumf\\\/#breadcrumb\",\"itemListElement\":[{\"@type\":\"ListItem\",\"position\":1,\"name\":\"Acas\u0103\",\"item\":\"https:\\\/\\\/buletin.de\\\/bucuresti\\\/\"},{\"@type\":\"ListItem\",\"position\":2,\"name\":\"Reportaj: Parada militar\u0103 de Ziua Na\u021bional\u0103 a Rom\u00e2niei din Pia\u021ba Arcului de Triumf\"}]},{\"@type\":\"WebSite\",\"@id\":\"https:\\\/\\\/buletin.de\\\/bucuresti\\\/#website\",\"url\":\"https:\\\/\\\/buletin.de\\\/bucuresti\\\/\",\"name\":\"Buletin de Bucure\u0219ti\",\"description\":\"\u0218tiri \u0219i investiga\u021bii esen\u021biale din capital\u0103\",\"publisher\":{\"@id\":\"https:\\\/\\\/buletin.de\\\/bucuresti\\\/#organization\"},\"potentialAction\":[{\"@type\":\"SearchAction\",\"target\":{\"@type\":\"EntryPoint\",\"urlTemplate\":\"https:\\\/\\\/buletin.de\\\/bucuresti\\\/?s={search_term_string}\"},\"query-input\":{\"@type\":\"PropertyValueSpecification\",\"valueRequired\":true,\"valueName\":\"search_term_string\"}}],\"inLanguage\":\"en-GB\"},{\"@type\":\"Organization\",\"@id\":\"https:\\\/\\\/buletin.de\\\/bucuresti\\\/#organization\",\"name\":\"Buletin de Bucure\u0219ti\",\"url\":\"https:\\\/\\\/buletin.de\\\/bucuresti\\\/\",\"logo\":{\"@type\":\"ImageObject\",\"inLanguage\":\"en-GB\",\"@id\":\"https:\\\/\\\/buletin.de\\\/bucuresti\\\/#\\\/schema\\\/logo\\\/image\\\/\",\"url\":\"https:\\\/\\\/buletin.de\\\/bucuresti\\\/wp-content\\\/uploads\\\/logo-bdb-full-wide-vernil-transparent.png\",\"contentUrl\":\"https:\\\/\\\/buletin.de\\\/bucuresti\\\/wp-content\\\/uploads\\\/logo-bdb-full-wide-vernil-transparent.png\",\"width\":1782,\"height\":626,\"caption\":\"Buletin de Bucure\u0219ti\"},\"image\":{\"@id\":\"https:\\\/\\\/buletin.de\\\/bucuresti\\\/#\\\/schema\\\/logo\\\/image\\\/\"},\"sameAs\":[\"https:\\\/\\\/www.facebook.com\\\/buletin.de.buc\",\"https:\\\/\\\/www.instagram.com\\\/buletinde.bucuresti\\\/\"]},{\"@type\":\"Person\",\"@id\":\"https:\\\/\\\/buletin.de\\\/bucuresti\\\/#\\\/schema\\\/person\\\/87734700b2c7f8608881f7e93b8834de\",\"name\":\"Andreea Gelatu\",\"image\":{\"@type\":\"ImageObject\",\"inLanguage\":\"en-GB\",\"@id\":\"https:\\\/\\\/secure.gravatar.com\\\/avatar\\\/b716eca2f984b9b65bdd87118b4b909d940b619cbe6e8cb725fe11c1b1f4194f?s=96&d=monsterid&r=g9b5eff4996c6b842a29b3057a7b4746f\",\"url\":\"https:\\\/\\\/secure.gravatar.com\\\/avatar\\\/b716eca2f984b9b65bdd87118b4b909d940b619cbe6e8cb725fe11c1b1f4194f?s=96&d=monsterid&r=g\",\"contentUrl\":\"https:\\\/\\\/secure.gravatar.com\\\/avatar\\\/b716eca2f984b9b65bdd87118b4b909d940b619cbe6e8cb725fe11c1b1f4194f?s=96&d=monsterid&r=g\",\"caption\":\"Andreea Gelatu\"},\"url\":\"https:\\\/\\\/buletin.de\\\/bucuresti\\\/author\\\/andreeagelatu\\\/\"}]}<\/script>\n<!-- \/ Yoast SEO Premium plugin. -->","yoast_head_json":{"title":"Reportaj: Parada militar\u0103 de Ziua Na\u021bional\u0103 a Rom\u00e2niei din Pia\u021ba Arcului de Triumf - Buletin de Bucure\u0219ti","robots":{"index":"index","follow":"follow","max-snippet":"max-snippet:-1","max-image-preview":"max-image-preview:large","max-video-preview":"max-video-preview:-1"},"canonical":"https:\/\/buletin.de\/bucuresti\/reportaj-parada-militara-de-ziua-nationala-a-romaniei-din-piata-arcului-de-triumf\/","og_locale":"en_GB","og_type":"article","og_title":"Reportaj: Parada militar\u0103 de Ziua Na\u021bional\u0103 a Rom\u00e2niei din Pia\u021ba Arcului de Triumf","og_description":"\u201ePentru defilare, cu onorul spre dreapta, \u00eenainte mar\u0219!\u201d \u00cen Pia\u021ba Arcului de Triumf din Bucure\u0219ti, la parada organizat\u0103 cu ocazia Zilei Na\u021bionale a Rom\u00e2niei s-au adunat mii de oameni pentru a s\u0103rb\u0103tori 104 ani de la Marea Unire \u00eentr-un singur stat. Frigul nu i-a descurajat deloc pe cei care simt \u0219i tr\u0103iesc rom\u00e2ne\u0219te. \u00cenc\u0103 de [&hellip;]","og_url":"https:\/\/buletin.de\/bucuresti\/reportaj-parada-militara-de-ziua-nationala-a-romaniei-din-piata-arcului-de-triumf\/","og_site_name":"Buletin de Bucure\u0219ti","article_publisher":"https:\/\/www.facebook.com\/buletin.de.buc","article_published_time":"2022-12-01T19:17:26+00:00","article_modified_time":"2023-09-19T13:32:10+00:00","og_image":[{"width":2000,"height":1333,"url":"https:\/\/buletin.de\/bucuresti\/wp-content\/uploads\/3333.jpg","type":"image\/jpeg"}],"author":"Andreea Gelatu","twitter_card":"summary_large_image","twitter_misc":{"Written by":"Andreea Gelatu","Estimated reading time":"8 minutes"},"schema":{"@context":"https:\/\/schema.org","@graph":[{"@type":"Article","@id":"https:\/\/buletin.de\/bucuresti\/reportaj-parada-militara-de-ziua-nationala-a-romaniei-din-piata-arcului-de-triumf\/#article","isPartOf":{"@id":"https:\/\/buletin.de\/bucuresti\/reportaj-parada-militara-de-ziua-nationala-a-romaniei-din-piata-arcului-de-triumf\/"},"author":{"name":"Andreea Gelatu","@id":"https:\/\/buletin.de\/bucuresti\/#\/schema\/person\/87734700b2c7f8608881f7e93b8834de"},"headline":"Reportaj: Parada militar\u0103 de Ziua Na\u021bional\u0103 a Rom\u00e2niei din Pia\u021ba Arcului de Triumf","datePublished":"2022-12-01T19:17:26+00:00","dateModified":"2023-09-19T13:32:10+00:00","mainEntityOfPage":{"@id":"https:\/\/buletin.de\/bucuresti\/reportaj-parada-militara-de-ziua-nationala-a-romaniei-din-piata-arcului-de-triumf\/"},"wordCount":1024,"publisher":{"@id":"https:\/\/buletin.de\/bucuresti\/#organization"},"image":{"@id":"https:\/\/buletin.de\/bucuresti\/reportaj-parada-militara-de-ziua-nationala-a-romaniei-din-piata-arcului-de-triumf\/#primaryimage"},"thumbnailUrl":"https:\/\/buletin.de\/bucuresti\/wp-content\/uploads\/3333.jpg","keywords":["1Decembrie","militari","paradamilitar\u0103","Pia\u021baArculuideTriumf","ZiuaNa\u021bional\u0103aRom\u00e2niei"],"articleSection":["Reportaj","\u0218tiri"],"inLanguage":"en-GB","copyrightYear":"2022","copyrightHolder":{"@id":"https:\/\/buletin.de\/bucuresti\/#organization"}},{"@type":"WebPage","@id":"https:\/\/buletin.de\/bucuresti\/reportaj-parada-militara-de-ziua-nationala-a-romaniei-din-piata-arcului-de-triumf\/","url":"https:\/\/buletin.de\/bucuresti\/reportaj-parada-militara-de-ziua-nationala-a-romaniei-din-piata-arcului-de-triumf\/","name":"Reportaj: Parada militar\u0103 de Ziua Na\u021bional\u0103 a Rom\u00e2niei din Pia\u021ba Arcului de Triumf - Buletin de Bucure\u0219ti","isPartOf":{"@id":"https:\/\/buletin.de\/bucuresti\/#website"},"primaryImageOfPage":{"@id":"https:\/\/buletin.de\/bucuresti\/reportaj-parada-militara-de-ziua-nationala-a-romaniei-din-piata-arcului-de-triumf\/#primaryimage"},"image":{"@id":"https:\/\/buletin.de\/bucuresti\/reportaj-parada-militara-de-ziua-nationala-a-romaniei-din-piata-arcului-de-triumf\/#primaryimage"},"thumbnailUrl":"https:\/\/buletin.de\/bucuresti\/wp-content\/uploads\/3333.jpg","datePublished":"2022-12-01T19:17:26+00:00","dateModified":"2023-09-19T13:32:10+00:00","breadcrumb":{"@id":"https:\/\/buletin.de\/bucuresti\/reportaj-parada-militara-de-ziua-nationala-a-romaniei-din-piata-arcului-de-triumf\/#breadcrumb"},"inLanguage":"en-GB","potentialAction":[{"@type":"ReadAction","target":["https:\/\/buletin.de\/bucuresti\/reportaj-parada-militara-de-ziua-nationala-a-romaniei-din-piata-arcului-de-triumf\/"]}]},{"@type":"ImageObject","inLanguage":"en-GB","@id":"https:\/\/buletin.de\/bucuresti\/reportaj-parada-militara-de-ziua-nationala-a-romaniei-din-piata-arcului-de-triumf\/#primaryimage","url":"https:\/\/buletin.de\/bucuresti\/wp-content\/uploads\/3333.jpg","contentUrl":"https:\/\/buletin.de\/bucuresti\/wp-content\/uploads\/3333.jpg","width":2000,"height":1333},{"@type":"BreadcrumbList","@id":"https:\/\/buletin.de\/bucuresti\/reportaj-parada-militara-de-ziua-nationala-a-romaniei-din-piata-arcului-de-triumf\/#breadcrumb","itemListElement":[{"@type":"ListItem","position":1,"name":"Acas\u0103","item":"https:\/\/buletin.de\/bucuresti\/"},{"@type":"ListItem","position":2,"name":"Reportaj: Parada militar\u0103 de Ziua Na\u021bional\u0103 a Rom\u00e2niei din Pia\u021ba Arcului de Triumf"}]},{"@type":"WebSite","@id":"https:\/\/buletin.de\/bucuresti\/#website","url":"https:\/\/buletin.de\/bucuresti\/","name":"Buletin de Bucure\u0219ti","description":"\u0218tiri \u0219i investiga\u021bii esen\u021biale din capital\u0103","publisher":{"@id":"https:\/\/buletin.de\/bucuresti\/#organization"},"potentialAction":[{"@type":"SearchAction","target":{"@type":"EntryPoint","urlTemplate":"https:\/\/buletin.de\/bucuresti\/?s={search_term_string}"},"query-input":{"@type":"PropertyValueSpecification","valueRequired":true,"valueName":"search_term_string"}}],"inLanguage":"en-GB"},{"@type":"Organization","@id":"https:\/\/buletin.de\/bucuresti\/#organization","name":"Buletin de Bucure\u0219ti","url":"https:\/\/buletin.de\/bucuresti\/","logo":{"@type":"ImageObject","inLanguage":"en-GB","@id":"https:\/\/buletin.de\/bucuresti\/#\/schema\/logo\/image\/","url":"https:\/\/buletin.de\/bucuresti\/wp-content\/uploads\/logo-bdb-full-wide-vernil-transparent.png","contentUrl":"https:\/\/buletin.de\/bucuresti\/wp-content\/uploads\/logo-bdb-full-wide-vernil-transparent.png","width":1782,"height":626,"caption":"Buletin de Bucure\u0219ti"},"image":{"@id":"https:\/\/buletin.de\/bucuresti\/#\/schema\/logo\/image\/"},"sameAs":["https:\/\/www.facebook.com\/buletin.de.buc","https:\/\/www.instagram.com\/buletinde.bucuresti\/"]},{"@type":"Person","@id":"https:\/\/buletin.de\/bucuresti\/#\/schema\/person\/87734700b2c7f8608881f7e93b8834de","name":"Andreea Gelatu","image":{"@type":"ImageObject","inLanguage":"en-GB","@id":"https:\/\/secure.gravatar.com\/avatar\/b716eca2f984b9b65bdd87118b4b909d940b619cbe6e8cb725fe11c1b1f4194f?s=96&d=monsterid&r=g9b5eff4996c6b842a29b3057a7b4746f","url":"https:\/\/secure.gravatar.com\/avatar\/b716eca2f984b9b65bdd87118b4b909d940b619cbe6e8cb725fe11c1b1f4194f?s=96&d=monsterid&r=g","contentUrl":"https:\/\/secure.gravatar.com\/avatar\/b716eca2f984b9b65bdd87118b4b909d940b619cbe6e8cb725fe11c1b1f4194f?s=96&d=monsterid&r=g","caption":"Andreea Gelatu"},"url":"https:\/\/buletin.de\/bucuresti\/author\/andreeagelatu\/"}]}},"authors":[{"term_id":22605,"user_id":46,"is_guest":0,"slug":"andreeagelatu","display_name":"Andreea Gelatu","avatar_url":"https:\/\/secure.gravatar.com\/avatar\/b716eca2f984b9b65bdd87118b4b909d940b619cbe6e8cb725fe11c1b1f4194f?s=96&d=monsterid&r=g","0":null,"1":"","2":"","3":"","4":"","5":"","6":"","7":"","8":""}],"_links":{"self":[{"href":"https:\/\/buletin.de\/bucuresti\/wp-json\/wp\/v2\/posts\/49020","targetHints":{"allow":["GET"]}}],"collection":[{"href":"https:\/\/buletin.de\/bucuresti\/wp-json\/wp\/v2\/posts"}],"about":[{"href":"https:\/\/buletin.de\/bucuresti\/wp-json\/wp\/v2\/types\/post"}],"author":[{"embeddable":true,"href":"https:\/\/buletin.de\/bucuresti\/wp-json\/wp\/v2\/users\/46"}],"replies":[{"embeddable":true,"href":"https:\/\/buletin.de\/bucuresti\/wp-json\/wp\/v2\/comments?post=49020"}],"version-history":[{"count":6,"href":"https:\/\/buletin.de\/bucuresti\/wp-json\/wp\/v2\/posts\/49020\/revisions"}],"predecessor-version":[{"id":49079,"href":"https:\/\/buletin.de\/bucuresti\/wp-json\/wp\/v2\/posts\/49020\/revisions\/49079"}],"wp:featuredmedia":[{"embeddable":true,"href":"https:\/\/buletin.de\/bucuresti\/wp-json\/wp\/v2\/media\/49022"}],"wp:attachment":[{"href":"https:\/\/buletin.de\/bucuresti\/wp-json\/wp\/v2\/media?parent=49020"}],"wp:term":[{"taxonomy":"category","embeddable":true,"href":"https:\/\/buletin.de\/bucuresti\/wp-json\/wp\/v2\/categories?post=49020"},{"taxonomy":"post_tag","embeddable":true,"href":"https:\/\/buletin.de\/bucuresti\/wp-json\/wp\/v2\/tags?post=49020"},{"taxonomy":"author","embeddable":true,"href":"https:\/\/buletin.de\/bucuresti\/wp-json\/wp\/v2\/ppma_author?post=49020"}],"curies":[{"name":"wp","href":"https:\/\/api.w.org\/{rel}","templated":true}]}}