{"id":49016,"date":"2022-12-01T17:34:42","date_gmt":"2022-12-01T15:34:42","guid":{"rendered":"https:\/\/buletin.de\/bucuresti\/?p=49016"},"modified":"2023-09-19T15:05:54","modified_gmt":"2023-09-19T13:05:54","slug":"editorial-borduriada-omagiul-bucurestiului-de-ziua-nationala%ef%bf%bc","status":"publish","type":"post","link":"https:\/\/buletin.de\/bucuresti\/editorial-borduriada-omagiul-bucurestiului-de-ziua-nationala%ef%bf%bc\/","title":{"rendered":"Editorial | Borduriada, omagiul Bucure\u0219tiului de Ziua Na\u021bional\u0103\ufffc"},"content":{"rendered":"\n<p>Pe 30 noiembrie, \u00een pline preg\u0103tiri de zi na\u021bional\u0103, c\u00e2nd poli\u021bia \u00eemp\u00e2nzise ora\u0219ul s\u0103 asigure securitatea oficialilor NATO, veni\u021bi la Bucure\u0219ti s\u0103 arate sus\u021binerea pentru flancul estic al Alian\u021bei, o gr\u0103mad\u0103 de borduri gri \u00ee\u0219i a\u0219tepta, pe Kiseleff, r\u00e2ndul s\u0103 fie montat\u0103. Lucioase, a\u0219ezate, matematic \u00een ordine, buc\u0103\u021bile de piatr\u0103 visau la soarta efemer\u0103 ce le a\u0219teapt\u0103. \u00cen Capitala Rom\u00e2niei, bordurile au via\u021ba scurt\u0103, indiferent c\u00e2t de puternic\u0103 e st\u00e2nca din care s-au smuls.&nbsp;<\/p>\n\n\n\n<p>La c\u00e2\u021biva zeci de metri distan\u021b\u0103, \u00een uniforme, o m\u00e2n\u0103 de oameni montau scena pe care de joi, de Ziua Na\u021bional\u0103, \u00eembr\u0103ca\u021bi la patru ace \u0219i tremur\u00e2nd de frig sub o ploaie moc\u0103neasc\u0103, mai-marii \u021b\u0103rii omagiau trecutul vitejesc \u0219i ne promiteau un viitor pe m\u0103sur\u0103. Rom\u00e2nia se va ridica cu investi\u021bii, cu bani europeni \u0219i voin\u021ba politic\u0103 de la Bucure\u0219ti. Un Bucure\u0219ti, \u00een care, \u00een ultimii 30 de ani, cea mai de pre\u021b investi\u021bie a fost bordura. De marmur\u0103, cum a omologat-o Adriean Videanu, primarul care a ridicat-o la rang de simbol na\u021bional, sau cu cu lavand\u0103, tei \u0219i <a href=\"https:\/\/www.facebook.com\/photo?fbid=701606371320958&amp;set=pcb.701614234653505\">mesteceni <\/a>cum, mai nou, o transform\u0103 primarul Negoi\u021b\u0103 \u00een ton cu vremurile, eco.&nbsp;<\/p>\n\n\n\n<p>Pe 1 decembrie 2022, dup\u0103 doi ani de pandemie c\u00e2nd totul a stagnat, Bucure\u0219tiul e preg\u0103tit s\u0103 recupereze, mai ales la capitolul borduri. E plin de \u0219antiere, mai mici sau mai mari, \u00een toate cartierele. Se pun sau se schimb\u0103 borduri, sub diverse denumiri. Sistemul de achizi\u021bii publice reflect\u0103 doar par\u021bial ceea ce se \u00eent\u00e2mpl\u0103 pe teren. Pentru c\u0103, sub presiunea unei opinii publice s\u0103tul\u0103 de at\u00e2tea borduri, oficialii au \u00eenv\u0103\u021bat s\u0103 ascund\u0103 eviden\u021ba. Se reconfigureaz\u0103 str\u0103zi, se amenajeaz\u0103 \u0219i reamenajeaz\u0103 spa\u021bii, se modernizeaz\u0103 infrastructura urban\u0103, dar nu se monteaz\u0103 borduri. \u0218i pe ele a ajuns s\u0103 le cheme altfel, \u201eprefabricate\u201d de exemplu.<\/p>\n\n\n\n<p>\u00cen mormanul de achizi\u021bii, denumiri, institu\u021bii, dosare cu \u0219in\u0103 \u0219i \u0219tampile, un lucru e clar. Nicio prim\u0103rie nu a ratat anul acesta s\u0103 cumpere borduri, iar finalul de an va fi un \u0219antier pentru c\u0103 banii trebuie cheltui\u021bi.&nbsp;<\/p>\n\n\n\n<p>La mul\u021bi ani, Rom\u00e2nia! La mul\u021bi ani, Bucure\u0219ti! S\u0103 ai parte de politicieni care s\u0103 te vad\u0103 ca \u021bara care merit\u0103 mai mult dec\u00e2t ni\u0219te borduri!&nbsp;<\/p>\n\n\n\n<p>P.S. Buletin de Bucure\u0219ti va prezenta \u00een luna care urmeaz\u0103 toate contractele \u00eencheiate de autorit\u0103\u021bi pentru achizi\u021bia de borduri \u00een 2022.&nbsp;<\/p>\n","protected":false},"excerpt":{"rendered":"<p>Pe 30 noiembrie, \u00een pline preg\u0103tiri de zi na\u021bional\u0103, c\u00e2nd poli\u021bia \u00eemp\u00e2nzise ora\u0219ul s\u0103 asigure securitatea oficialilor NATO, veni\u021bi la Bucure\u0219ti s\u0103 arate sus\u021binerea pentru flancul estic al Alian\u021bei, o gr\u0103mad\u0103 de borduri gri \u00ee\u0219i a\u0219tepta, pe Kiseleff, r\u00e2ndul s\u0103 fie montat\u0103. Lucioase, a\u0219ezate, matematic \u00een ordine, buc\u0103\u021bile de piatr\u0103 visau la soarta efemer\u0103 ce [&hellip;]<\/p>\n","protected":false},"author":2,"featured_media":46865,"comment_status":"closed","ping_status":"open","sticky":false,"template":"","format":"standard","meta":{"_acf_changed":false,"inline_featured_image":false,"ngg_post_thumbnail":0,"footnotes":""},"categories":[41,3419],"tags":[],"ppma_author":[22584],"class_list":["post-49016","post","type-post","status-publish","format-standard","has-post-thumbnail","hentry","category-editorial","category-featured"],"acf":[],"yoast_head":"<!-- This site is optimized with the Yoast SEO Premium plugin v25.3 (Yoast SEO v27.4) - https:\/\/yoast.com\/product\/yoast-seo-premium-wordpress\/ -->\n<title>Editorial | Borduriada, omagiul Bucure\u0219tiului de Ziua Na\u021bional\u0103\ufffc - Buletin de Bucure\u0219ti<\/title>\n<meta name=\"robots\" content=\"index, follow, max-snippet:-1, max-image-preview:large, max-video-preview:-1\" \/>\n<link rel=\"canonical\" href=\"https:\/\/buletin.de\/bucuresti\/editorial-borduriada-omagiul-bucurestiului-de-ziua-nationala\ufffc\/\" \/>\n<meta property=\"og:locale\" content=\"en_GB\" \/>\n<meta property=\"og:type\" content=\"article\" \/>\n<meta property=\"og:title\" content=\"Editorial | Borduriada, omagiul Bucure\u0219tiului de Ziua Na\u021bional\u0103\ufffc\" \/>\n<meta property=\"og:description\" content=\"Pe 30 noiembrie, \u00een pline preg\u0103tiri de zi na\u021bional\u0103, c\u00e2nd poli\u021bia \u00eemp\u00e2nzise ora\u0219ul s\u0103 asigure securitatea oficialilor NATO, veni\u021bi la Bucure\u0219ti s\u0103 arate sus\u021binerea pentru flancul estic al Alian\u021bei, o gr\u0103mad\u0103 de borduri gri \u00ee\u0219i a\u0219tepta, pe Kiseleff, r\u00e2ndul s\u0103 fie montat\u0103. Lucioase, a\u0219ezate, matematic \u00een ordine, buc\u0103\u021bile de piatr\u0103 visau la soarta efemer\u0103 ce [&hellip;]\" \/>\n<meta property=\"og:url\" content=\"https:\/\/buletin.de\/bucuresti\/editorial-borduriada-omagiul-bucurestiului-de-ziua-nationala\ufffc\/\" \/>\n<meta property=\"og:site_name\" content=\"Buletin de Bucure\u0219ti\" \/>\n<meta property=\"article:publisher\" content=\"https:\/\/www.facebook.com\/buletin.de.buc\" \/>\n<meta property=\"article:published_time\" content=\"2022-12-01T15:34:42+00:00\" \/>\n<meta property=\"article:modified_time\" content=\"2023-09-19T13:05:54+00:00\" \/>\n<meta property=\"og:image\" content=\"https:\/\/buletin.de\/bucuresti\/wp-content\/uploads\/negoita-borduri.jpg\" \/>\n\t<meta property=\"og:image:width\" content=\"573\" \/>\n\t<meta property=\"og:image:height\" content=\"1024\" \/>\n\t<meta property=\"og:image:type\" content=\"image\/jpeg\" \/>\n<meta name=\"author\" content=\"Oana Despa\" \/>\n<meta name=\"twitter:card\" content=\"summary_large_image\" \/>\n<meta name=\"twitter:label1\" content=\"Written by\" \/>\n\t<meta name=\"twitter:data1\" content=\"Oana Despa\" \/>\n\t<meta name=\"twitter:label2\" content=\"Estimated reading time\" \/>\n\t<meta name=\"twitter:data2\" content=\"2 minutes\" \/>\n<script type=\"application\/ld+json\" class=\"yoast-schema-graph\">{\"@context\":\"https:\\\/\\\/schema.org\",\"@graph\":[{\"@type\":\"Article\",\"@id\":\"https:\\\/\\\/buletin.de\\\/bucuresti\\\/editorial-borduriada-omagiul-bucurestiului-de-ziua-nationala%ef%bf%bc\\\/#article\",\"isPartOf\":{\"@id\":\"https:\\\/\\\/buletin.de\\\/bucuresti\\\/editorial-borduriada-omagiul-bucurestiului-de-ziua-nationala%ef%bf%bc\\\/\"},\"author\":{\"name\":\"Oana Despa\",\"@id\":\"https:\\\/\\\/buletin.de\\\/bucuresti\\\/#\\\/schema\\\/person\\\/f02780e5e00039cf0bc1d929798d0239\"},\"headline\":\"Editorial | Borduriada, omagiul Bucure\u0219tiului de Ziua Na\u021bional\u0103\ufffc\",\"datePublished\":\"2022-12-01T15:34:42+00:00\",\"dateModified\":\"2023-09-19T13:05:54+00:00\",\"mainEntityOfPage\":{\"@id\":\"https:\\\/\\\/buletin.de\\\/bucuresti\\\/editorial-borduriada-omagiul-bucurestiului-de-ziua-nationala%ef%bf%bc\\\/\"},\"wordCount\":444,\"publisher\":{\"@id\":\"https:\\\/\\\/buletin.de\\\/bucuresti\\\/#organization\"},\"image\":{\"@id\":\"https:\\\/\\\/buletin.de\\\/bucuresti\\\/editorial-borduriada-omagiul-bucurestiului-de-ziua-nationala%ef%bf%bc\\\/#primaryimage\"},\"thumbnailUrl\":\"https:\\\/\\\/buletin.de\\\/bucuresti\\\/wp-content\\\/uploads\\\/negoita-borduri.jpg\",\"articleSection\":[\"Editorial\",\"Featured\"],\"inLanguage\":\"en-GB\",\"copyrightYear\":\"2022\",\"copyrightHolder\":{\"@id\":\"https:\\\/\\\/buletin.de\\\/bucuresti\\\/#organization\"}},{\"@type\":\"WebPage\",\"@id\":\"https:\\\/\\\/buletin.de\\\/bucuresti\\\/editorial-borduriada-omagiul-bucurestiului-de-ziua-nationala%ef%bf%bc\\\/\",\"url\":\"https:\\\/\\\/buletin.de\\\/bucuresti\\\/editorial-borduriada-omagiul-bucurestiului-de-ziua-nationala%ef%bf%bc\\\/\",\"name\":\"Editorial | Borduriada, omagiul Bucure\u0219tiului de Ziua Na\u021bional\u0103\ufffc - Buletin de Bucure\u0219ti\",\"isPartOf\":{\"@id\":\"https:\\\/\\\/buletin.de\\\/bucuresti\\\/#website\"},\"primaryImageOfPage\":{\"@id\":\"https:\\\/\\\/buletin.de\\\/bucuresti\\\/editorial-borduriada-omagiul-bucurestiului-de-ziua-nationala%ef%bf%bc\\\/#primaryimage\"},\"image\":{\"@id\":\"https:\\\/\\\/buletin.de\\\/bucuresti\\\/editorial-borduriada-omagiul-bucurestiului-de-ziua-nationala%ef%bf%bc\\\/#primaryimage\"},\"thumbnailUrl\":\"https:\\\/\\\/buletin.de\\\/bucuresti\\\/wp-content\\\/uploads\\\/negoita-borduri.jpg\",\"datePublished\":\"2022-12-01T15:34:42+00:00\",\"dateModified\":\"2023-09-19T13:05:54+00:00\",\"breadcrumb\":{\"@id\":\"https:\\\/\\\/buletin.de\\\/bucuresti\\\/editorial-borduriada-omagiul-bucurestiului-de-ziua-nationala%ef%bf%bc\\\/#breadcrumb\"},\"inLanguage\":\"en-GB\",\"potentialAction\":[{\"@type\":\"ReadAction\",\"target\":[\"https:\\\/\\\/buletin.de\\\/bucuresti\\\/editorial-borduriada-omagiul-bucurestiului-de-ziua-nationala%ef%bf%bc\\\/\"]}]},{\"@type\":\"ImageObject\",\"inLanguage\":\"en-GB\",\"@id\":\"https:\\\/\\\/buletin.de\\\/bucuresti\\\/editorial-borduriada-omagiul-bucurestiului-de-ziua-nationala%ef%bf%bc\\\/#primaryimage\",\"url\":\"https:\\\/\\\/buletin.de\\\/bucuresti\\\/wp-content\\\/uploads\\\/negoita-borduri.jpg\",\"contentUrl\":\"https:\\\/\\\/buletin.de\\\/bucuresti\\\/wp-content\\\/uploads\\\/negoita-borduri.jpg\",\"width\":573,\"height\":1024},{\"@type\":\"BreadcrumbList\",\"@id\":\"https:\\\/\\\/buletin.de\\\/bucuresti\\\/editorial-borduriada-omagiul-bucurestiului-de-ziua-nationala%ef%bf%bc\\\/#breadcrumb\",\"itemListElement\":[{\"@type\":\"ListItem\",\"position\":1,\"name\":\"Acas\u0103\",\"item\":\"https:\\\/\\\/buletin.de\\\/bucuresti\\\/\"},{\"@type\":\"ListItem\",\"position\":2,\"name\":\"Editorial | Borduriada, omagiul Bucure\u0219tiului de Ziua Na\u021bional\u0103\ufffc\"}]},{\"@type\":\"WebSite\",\"@id\":\"https:\\\/\\\/buletin.de\\\/bucuresti\\\/#website\",\"url\":\"https:\\\/\\\/buletin.de\\\/bucuresti\\\/\",\"name\":\"Buletin de Bucure\u0219ti\",\"description\":\"\u0218tiri \u0219i investiga\u021bii esen\u021biale din capital\u0103\",\"publisher\":{\"@id\":\"https:\\\/\\\/buletin.de\\\/bucuresti\\\/#organization\"},\"potentialAction\":[{\"@type\":\"SearchAction\",\"target\":{\"@type\":\"EntryPoint\",\"urlTemplate\":\"https:\\\/\\\/buletin.de\\\/bucuresti\\\/?s={search_term_string}\"},\"query-input\":{\"@type\":\"PropertyValueSpecification\",\"valueRequired\":true,\"valueName\":\"search_term_string\"}}],\"inLanguage\":\"en-GB\"},{\"@type\":\"Organization\",\"@id\":\"https:\\\/\\\/buletin.de\\\/bucuresti\\\/#organization\",\"name\":\"Buletin de Bucure\u0219ti\",\"url\":\"https:\\\/\\\/buletin.de\\\/bucuresti\\\/\",\"logo\":{\"@type\":\"ImageObject\",\"inLanguage\":\"en-GB\",\"@id\":\"https:\\\/\\\/buletin.de\\\/bucuresti\\\/#\\\/schema\\\/logo\\\/image\\\/\",\"url\":\"https:\\\/\\\/buletin.de\\\/bucuresti\\\/wp-content\\\/uploads\\\/logo-bdb-full-wide-vernil-transparent.png\",\"contentUrl\":\"https:\\\/\\\/buletin.de\\\/bucuresti\\\/wp-content\\\/uploads\\\/logo-bdb-full-wide-vernil-transparent.png\",\"width\":1782,\"height\":626,\"caption\":\"Buletin de Bucure\u0219ti\"},\"image\":{\"@id\":\"https:\\\/\\\/buletin.de\\\/bucuresti\\\/#\\\/schema\\\/logo\\\/image\\\/\"},\"sameAs\":[\"https:\\\/\\\/www.facebook.com\\\/buletin.de.buc\",\"https:\\\/\\\/www.instagram.com\\\/buletinde.bucuresti\\\/\"]},{\"@type\":\"Person\",\"@id\":\"https:\\\/\\\/buletin.de\\\/bucuresti\\\/#\\\/schema\\\/person\\\/f02780e5e00039cf0bc1d929798d0239\",\"name\":\"Oana Despa\",\"image\":{\"@type\":\"ImageObject\",\"inLanguage\":\"en-GB\",\"@id\":\"https:\\\/\\\/secure.gravatar.com\\\/avatar\\\/315d42f2ee19dcce5c47d87713af9f3ec85494d7026ca420f44668b51324357e?s=96&d=monsterid&r=g9679e8786333bebe875735ec1e7b81f0\",\"url\":\"https:\\\/\\\/secure.gravatar.com\\\/avatar\\\/315d42f2ee19dcce5c47d87713af9f3ec85494d7026ca420f44668b51324357e?s=96&d=monsterid&r=g\",\"contentUrl\":\"https:\\\/\\\/secure.gravatar.com\\\/avatar\\\/315d42f2ee19dcce5c47d87713af9f3ec85494d7026ca420f44668b51324357e?s=96&d=monsterid&r=g\",\"caption\":\"Oana Despa\"},\"description\":\"Editor\",\"url\":\"https:\\\/\\\/buletin.de\\\/bucuresti\\\/author\\\/oanadespa\\\/\"}]}<\/script>\n<!-- \/ Yoast SEO Premium plugin. -->","yoast_head_json":{"title":"Editorial | Borduriada, omagiul Bucure\u0219tiului de Ziua Na\u021bional\u0103\ufffc - Buletin de Bucure\u0219ti","robots":{"index":"index","follow":"follow","max-snippet":"max-snippet:-1","max-image-preview":"max-image-preview:large","max-video-preview":"max-video-preview:-1"},"canonical":"https:\/\/buletin.de\/bucuresti\/editorial-borduriada-omagiul-bucurestiului-de-ziua-nationala\ufffc\/","og_locale":"en_GB","og_type":"article","og_title":"Editorial | Borduriada, omagiul Bucure\u0219tiului de Ziua Na\u021bional\u0103\ufffc","og_description":"Pe 30 noiembrie, \u00een pline preg\u0103tiri de zi na\u021bional\u0103, c\u00e2nd poli\u021bia \u00eemp\u00e2nzise ora\u0219ul s\u0103 asigure securitatea oficialilor NATO, veni\u021bi la Bucure\u0219ti s\u0103 arate sus\u021binerea pentru flancul estic al Alian\u021bei, o gr\u0103mad\u0103 de borduri gri \u00ee\u0219i a\u0219tepta, pe Kiseleff, r\u00e2ndul s\u0103 fie montat\u0103. Lucioase, a\u0219ezate, matematic \u00een ordine, buc\u0103\u021bile de piatr\u0103 visau la soarta efemer\u0103 ce [&hellip;]","og_url":"https:\/\/buletin.de\/bucuresti\/editorial-borduriada-omagiul-bucurestiului-de-ziua-nationala\ufffc\/","og_site_name":"Buletin de Bucure\u0219ti","article_publisher":"https:\/\/www.facebook.com\/buletin.de.buc","article_published_time":"2022-12-01T15:34:42+00:00","article_modified_time":"2023-09-19T13:05:54+00:00","og_image":[{"width":573,"height":1024,"url":"https:\/\/buletin.de\/bucuresti\/wp-content\/uploads\/negoita-borduri.jpg","type":"image\/jpeg"}],"author":"Oana Despa","twitter_card":"summary_large_image","twitter_misc":{"Written by":"Oana Despa","Estimated reading time":"2 minutes"},"schema":{"@context":"https:\/\/schema.org","@graph":[{"@type":"Article","@id":"https:\/\/buletin.de\/bucuresti\/editorial-borduriada-omagiul-bucurestiului-de-ziua-nationala%ef%bf%bc\/#article","isPartOf":{"@id":"https:\/\/buletin.de\/bucuresti\/editorial-borduriada-omagiul-bucurestiului-de-ziua-nationala%ef%bf%bc\/"},"author":{"name":"Oana Despa","@id":"https:\/\/buletin.de\/bucuresti\/#\/schema\/person\/f02780e5e00039cf0bc1d929798d0239"},"headline":"Editorial | Borduriada, omagiul Bucure\u0219tiului de Ziua Na\u021bional\u0103\ufffc","datePublished":"2022-12-01T15:34:42+00:00","dateModified":"2023-09-19T13:05:54+00:00","mainEntityOfPage":{"@id":"https:\/\/buletin.de\/bucuresti\/editorial-borduriada-omagiul-bucurestiului-de-ziua-nationala%ef%bf%bc\/"},"wordCount":444,"publisher":{"@id":"https:\/\/buletin.de\/bucuresti\/#organization"},"image":{"@id":"https:\/\/buletin.de\/bucuresti\/editorial-borduriada-omagiul-bucurestiului-de-ziua-nationala%ef%bf%bc\/#primaryimage"},"thumbnailUrl":"https:\/\/buletin.de\/bucuresti\/wp-content\/uploads\/negoita-borduri.jpg","articleSection":["Editorial","Featured"],"inLanguage":"en-GB","copyrightYear":"2022","copyrightHolder":{"@id":"https:\/\/buletin.de\/bucuresti\/#organization"}},{"@type":"WebPage","@id":"https:\/\/buletin.de\/bucuresti\/editorial-borduriada-omagiul-bucurestiului-de-ziua-nationala%ef%bf%bc\/","url":"https:\/\/buletin.de\/bucuresti\/editorial-borduriada-omagiul-bucurestiului-de-ziua-nationala%ef%bf%bc\/","name":"Editorial | Borduriada, omagiul Bucure\u0219tiului de Ziua Na\u021bional\u0103\ufffc - Buletin de Bucure\u0219ti","isPartOf":{"@id":"https:\/\/buletin.de\/bucuresti\/#website"},"primaryImageOfPage":{"@id":"https:\/\/buletin.de\/bucuresti\/editorial-borduriada-omagiul-bucurestiului-de-ziua-nationala%ef%bf%bc\/#primaryimage"},"image":{"@id":"https:\/\/buletin.de\/bucuresti\/editorial-borduriada-omagiul-bucurestiului-de-ziua-nationala%ef%bf%bc\/#primaryimage"},"thumbnailUrl":"https:\/\/buletin.de\/bucuresti\/wp-content\/uploads\/negoita-borduri.jpg","datePublished":"2022-12-01T15:34:42+00:00","dateModified":"2023-09-19T13:05:54+00:00","breadcrumb":{"@id":"https:\/\/buletin.de\/bucuresti\/editorial-borduriada-omagiul-bucurestiului-de-ziua-nationala%ef%bf%bc\/#breadcrumb"},"inLanguage":"en-GB","potentialAction":[{"@type":"ReadAction","target":["https:\/\/buletin.de\/bucuresti\/editorial-borduriada-omagiul-bucurestiului-de-ziua-nationala%ef%bf%bc\/"]}]},{"@type":"ImageObject","inLanguage":"en-GB","@id":"https:\/\/buletin.de\/bucuresti\/editorial-borduriada-omagiul-bucurestiului-de-ziua-nationala%ef%bf%bc\/#primaryimage","url":"https:\/\/buletin.de\/bucuresti\/wp-content\/uploads\/negoita-borduri.jpg","contentUrl":"https:\/\/buletin.de\/bucuresti\/wp-content\/uploads\/negoita-borduri.jpg","width":573,"height":1024},{"@type":"BreadcrumbList","@id":"https:\/\/buletin.de\/bucuresti\/editorial-borduriada-omagiul-bucurestiului-de-ziua-nationala%ef%bf%bc\/#breadcrumb","itemListElement":[{"@type":"ListItem","position":1,"name":"Acas\u0103","item":"https:\/\/buletin.de\/bucuresti\/"},{"@type":"ListItem","position":2,"name":"Editorial | Borduriada, omagiul Bucure\u0219tiului de Ziua Na\u021bional\u0103\ufffc"}]},{"@type":"WebSite","@id":"https:\/\/buletin.de\/bucuresti\/#website","url":"https:\/\/buletin.de\/bucuresti\/","name":"Buletin de Bucure\u0219ti","description":"\u0218tiri \u0219i investiga\u021bii esen\u021biale din capital\u0103","publisher":{"@id":"https:\/\/buletin.de\/bucuresti\/#organization"},"potentialAction":[{"@type":"SearchAction","target":{"@type":"EntryPoint","urlTemplate":"https:\/\/buletin.de\/bucuresti\/?s={search_term_string}"},"query-input":{"@type":"PropertyValueSpecification","valueRequired":true,"valueName":"search_term_string"}}],"inLanguage":"en-GB"},{"@type":"Organization","@id":"https:\/\/buletin.de\/bucuresti\/#organization","name":"Buletin de Bucure\u0219ti","url":"https:\/\/buletin.de\/bucuresti\/","logo":{"@type":"ImageObject","inLanguage":"en-GB","@id":"https:\/\/buletin.de\/bucuresti\/#\/schema\/logo\/image\/","url":"https:\/\/buletin.de\/bucuresti\/wp-content\/uploads\/logo-bdb-full-wide-vernil-transparent.png","contentUrl":"https:\/\/buletin.de\/bucuresti\/wp-content\/uploads\/logo-bdb-full-wide-vernil-transparent.png","width":1782,"height":626,"caption":"Buletin de Bucure\u0219ti"},"image":{"@id":"https:\/\/buletin.de\/bucuresti\/#\/schema\/logo\/image\/"},"sameAs":["https:\/\/www.facebook.com\/buletin.de.buc","https:\/\/www.instagram.com\/buletinde.bucuresti\/"]},{"@type":"Person","@id":"https:\/\/buletin.de\/bucuresti\/#\/schema\/person\/f02780e5e00039cf0bc1d929798d0239","name":"Oana Despa","image":{"@type":"ImageObject","inLanguage":"en-GB","@id":"https:\/\/secure.gravatar.com\/avatar\/315d42f2ee19dcce5c47d87713af9f3ec85494d7026ca420f44668b51324357e?s=96&d=monsterid&r=g9679e8786333bebe875735ec1e7b81f0","url":"https:\/\/secure.gravatar.com\/avatar\/315d42f2ee19dcce5c47d87713af9f3ec85494d7026ca420f44668b51324357e?s=96&d=monsterid&r=g","contentUrl":"https:\/\/secure.gravatar.com\/avatar\/315d42f2ee19dcce5c47d87713af9f3ec85494d7026ca420f44668b51324357e?s=96&d=monsterid&r=g","caption":"Oana Despa"},"description":"Editor","url":"https:\/\/buletin.de\/bucuresti\/author\/oanadespa\/"}]}},"authors":[{"term_id":22584,"user_id":2,"is_guest":0,"slug":"oanadespa","display_name":"Oana Despa","avatar_url":"https:\/\/secure.gravatar.com\/avatar\/315d42f2ee19dcce5c47d87713af9f3ec85494d7026ca420f44668b51324357e?s=96&d=monsterid&r=g","0":null,"1":"","2":"","3":"","4":"","5":"","6":"","7":"","8":""}],"_links":{"self":[{"href":"https:\/\/buletin.de\/bucuresti\/wp-json\/wp\/v2\/posts\/49016","targetHints":{"allow":["GET"]}}],"collection":[{"href":"https:\/\/buletin.de\/bucuresti\/wp-json\/wp\/v2\/posts"}],"about":[{"href":"https:\/\/buletin.de\/bucuresti\/wp-json\/wp\/v2\/types\/post"}],"author":[{"embeddable":true,"href":"https:\/\/buletin.de\/bucuresti\/wp-json\/wp\/v2\/users\/2"}],"replies":[{"embeddable":true,"href":"https:\/\/buletin.de\/bucuresti\/wp-json\/wp\/v2\/comments?post=49016"}],"version-history":[{"count":1,"href":"https:\/\/buletin.de\/bucuresti\/wp-json\/wp\/v2\/posts\/49016\/revisions"}],"predecessor-version":[{"id":49017,"href":"https:\/\/buletin.de\/bucuresti\/wp-json\/wp\/v2\/posts\/49016\/revisions\/49017"}],"wp:featuredmedia":[{"embeddable":true,"href":"https:\/\/buletin.de\/bucuresti\/wp-json\/wp\/v2\/media\/46865"}],"wp:attachment":[{"href":"https:\/\/buletin.de\/bucuresti\/wp-json\/wp\/v2\/media?parent=49016"}],"wp:term":[{"taxonomy":"category","embeddable":true,"href":"https:\/\/buletin.de\/bucuresti\/wp-json\/wp\/v2\/categories?post=49016"},{"taxonomy":"post_tag","embeddable":true,"href":"https:\/\/buletin.de\/bucuresti\/wp-json\/wp\/v2\/tags?post=49016"},{"taxonomy":"author","embeddable":true,"href":"https:\/\/buletin.de\/bucuresti\/wp-json\/wp\/v2\/ppma_author?post=49016"}],"curies":[{"name":"wp","href":"https:\/\/api.w.org\/{rel}","templated":true}]}}