{"id":48989,"date":"2022-11-30T18:18:20","date_gmt":"2022-11-30T16:18:20","guid":{"rendered":"https:\/\/buletin.de\/bucuresti\/?p=48989"},"modified":"2023-09-19T14:43:36","modified_gmt":"2023-09-19T12:43:36","slug":"avarie-majora-in-zona-pietei-gorjului-cinci-puncte-termice-vor-fi-oprite-pe-1-decembrie","status":"publish","type":"post","link":"https:\/\/buletin.de\/bucuresti\/avarie-majora-in-zona-pietei-gorjului-cinci-puncte-termice-vor-fi-oprite-pe-1-decembrie\/","title":{"rendered":"Avarie major\u0103 \u00een zona Pie\u021bei Gorjului. Cinci puncte termice vor fi oprite pe 1 decembrie"},"content":{"rendered":"\n<p><strong>Termoenergetica a anun\u021bat c\u0103 a avut loc o avarie \u00een zona Pie\u021bei Gorjului, localizat\u0103 Bulevardul Iuliu Maniu nr. 71. Din aceast\u0103 diminea\u021b\u0103 se lucreaz\u0103 pentru izolarea ei. Compania Municipal\u0103 informeaz\u0103 \u0219i c\u0103, m\u00e2ine, pentru realizarea lucr\u0103rilor de blindare a conductei, vor fi oprite p\u00e2n\u0103 la ora 23.00, cinci puncte termice, care deservesc un num\u0103r de 78 de blocuri, Gr\u0103dini\u021ba 195 \u0219i \u0218coala Gimnazial\u0103 Ion Dumitru.<\/strong><\/p>\n\n\n\n<figure class=\"wp-block-gallery has-nested-images columns-default is-cropped wp-block-gallery-1 is-layout-flex wp-block-gallery-is-layout-flex\">\n<figure class=\"wp-block-image size-large\"><img fetchpriority=\"high\" decoding=\"async\" width=\"615\" height=\"900\" data-id=\"48990\" src=\"data:image\/gif;base64,R0lGODlhAQABAAAAACH5BAEKAAEALAAAAAABAAEAAAICTAEAOw==\" data-src=\"https:\/\/buletin.de\/bucuresti\/wp-content\/uploads\/317416580_190204963526758_5918096839987764200_n-615x900.jpeg\" alt=\"\" class=\"wp-image-48990 lazyload\" data-sizes=\"auto\" data-srcset=\"https:\/\/buletin.de\/bucuresti\/wp-content\/uploads\/317416580_190204963526758_5918096839987764200_n-615x900.jpeg 615w, https:\/\/buletin.de\/bucuresti\/wp-content\/uploads\/317416580_190204963526758_5918096839987764200_n-205x300.jpeg 205w, https:\/\/buletin.de\/bucuresti\/wp-content\/uploads\/317416580_190204963526758_5918096839987764200_n-768x1124.jpeg 768w, https:\/\/buletin.de\/bucuresti\/wp-content\/uploads\/317416580_190204963526758_5918096839987764200_n-550x805.jpeg 550w, https:\/\/buletin.de\/bucuresti\/wp-content\/uploads\/317416580_190204963526758_5918096839987764200_n-342x500.jpeg 342w, https:\/\/buletin.de\/bucuresti\/wp-content\/uploads\/317416580_190204963526758_5918096839987764200_n-738x1080.jpeg 738w, https:\/\/buletin.de\/bucuresti\/wp-content\/uploads\/317416580_190204963526758_5918096839987764200_n-600x878.jpeg 600w, https:\/\/buletin.de\/bucuresti\/wp-content\/uploads\/317416580_190204963526758_5918096839987764200_n.jpeg 984w\" sizes=\"(max-width: 615px) 100vw, 615px\" \/><\/figure>\n\n\n\n<figure class=\"wp-block-image size-large\"><img decoding=\"async\" width=\"506\" height=\"900\" data-id=\"48991\" src=\"data:image\/gif;base64,R0lGODlhAQABAAAAACH5BAEKAAEALAAAAAABAAEAAAICTAEAOw==\" data-src=\"https:\/\/buletin.de\/bucuresti\/wp-content\/uploads\/317304669_190204943526760_2527981618731164100_n-506x900.jpeg\" alt=\"\" class=\"wp-image-48991 lazyload\" data-sizes=\"auto\" data-srcset=\"https:\/\/buletin.de\/bucuresti\/wp-content\/uploads\/317304669_190204943526760_2527981618731164100_n-506x900.jpeg 506w, https:\/\/buletin.de\/bucuresti\/wp-content\/uploads\/317304669_190204943526760_2527981618731164100_n-169x300.jpeg 169w, https:\/\/buletin.de\/bucuresti\/wp-content\/uploads\/317304669_190204943526760_2527981618731164100_n-550x978.jpeg 550w, https:\/\/buletin.de\/bucuresti\/wp-content\/uploads\/317304669_190204943526760_2527981618731164100_n-281x500.jpeg 281w, https:\/\/buletin.de\/bucuresti\/wp-content\/uploads\/317304669_190204943526760_2527981618731164100_n.jpeg 576w\" sizes=\"(max-width: 506px) 100vw, 506px\" \/><\/figure>\n\n\n\n<figure class=\"wp-block-image size-large\"><img decoding=\"async\" width=\"506\" height=\"900\" data-id=\"48992\" src=\"data:image\/gif;base64,R0lGODlhAQABAAAAACH5BAEKAAEALAAAAAABAAEAAAICTAEAOw==\" data-src=\"https:\/\/buletin.de\/bucuresti\/wp-content\/uploads\/317425808_190204953526759_1781568751823384306_n-506x900.jpeg\" alt=\"\" class=\"wp-image-48992 lazyload\" data-sizes=\"auto\" data-srcset=\"https:\/\/buletin.de\/bucuresti\/wp-content\/uploads\/317425808_190204953526759_1781568751823384306_n-506x900.jpeg 506w, https:\/\/buletin.de\/bucuresti\/wp-content\/uploads\/317425808_190204953526759_1781568751823384306_n-169x300.jpeg 169w, https:\/\/buletin.de\/bucuresti\/wp-content\/uploads\/317425808_190204953526759_1781568751823384306_n-550x978.jpeg 550w, https:\/\/buletin.de\/bucuresti\/wp-content\/uploads\/317425808_190204953526759_1781568751823384306_n-281x500.jpeg 281w, https:\/\/buletin.de\/bucuresti\/wp-content\/uploads\/317425808_190204953526759_1781568751823384306_n.jpeg 576w\" sizes=\"(max-width: 506px) 100vw, 506px\" \/><\/figure>\n<figcaption class=\"blocks-gallery-caption\">Cum arat\u0103 locul \u00een care a fost descoperit\u0103 avaria, pe Bulevardul Iuliu Maniu nr. 71<\/figcaption><\/figure>\n\n\n\n<p><\/p>\n\n\n\n<p>Termoenergtica a transmis \u0219i c\u0103 manevrele de blindare sunt ac\u021biuni premerg\u0103toare lucr\u0103rilor de \u00eenlocuire a por\u021biunii de conduct\u0103 afectat\u0103 \u0219i sunt necesare pentru ca \u00een perioada lucr\u0103rilor de repara\u021bii, consumatorii s\u0103 poat\u0103 fi alimenta\u021bi cu agent termic pentru ap\u0103 cald\u0103 \u0219i c\u0103ldur\u0103.<\/p>\n\n\n\n<p>Av\u00e2nd in vedere particularit\u0103\u021bile conductei DN800 se \u00eent\u00e2mpin\u0103 greut\u0103\u021bi \u00een remedierea avariilor din aceast\u0103 zon\u0103, fiind necesar\u0103 decopertarea \u00eentregului tronson de conduct\u0103.<\/p>\n\n\n\n<p>De asemenea, dispeceratele Companiei Municipale Termoenergetica Bucure\u0219ti \u0219i echipele de interven\u021bie lucreaz\u0103 \u00een regim permanent pentru solu\u021bionarea problemelor ap\u0103rute \u00een teren.<\/p>\n","protected":false},"excerpt":{"rendered":"<p>Termoenergetica a anun\u021bat c\u0103 a avut loc o avarie \u00een zona Pie\u021bei Gorjului, localizat\u0103 Bulevardul Iuliu Maniu nr. 71. Din aceast\u0103 diminea\u021b\u0103 se lucreaz\u0103 pentru izolarea ei. Compania Municipal\u0103 informeaz\u0103 \u0219i c\u0103, m\u00e2ine, pentru realizarea lucr\u0103rilor de blindare a conductei, vor fi oprite p\u00e2n\u0103 la ora 23.00, cinci puncte termice, care deservesc un num\u0103r de [&hellip;]<\/p>\n","protected":false},"author":17,"featured_media":48994,"comment_status":"closed","ping_status":"open","sticky":false,"template":"","format":"standard","meta":{"_acf_changed":false,"inline_featured_image":false,"ngg_post_thumbnail":0,"footnotes":""},"categories":[62,6214],"tags":[1960,2054,4849,523,533],"ppma_author":[22576],"class_list":["post-48989","post","type-post","status-publish","format-standard","has-post-thumbnail","hentry","category-stiri","category-termo","tag-avarii","tag-capitala","tag-iuliu-maniu","tag-sector-6","tag-termoenergetica"],"acf":[],"yoast_head":"<!-- This site is optimized with the Yoast SEO Premium plugin v25.3 (Yoast SEO v27.5) - https:\/\/yoast.com\/product\/yoast-seo-premium-wordpress\/ -->\n<title>Avarie major\u0103 \u00een zona Pie\u021bei Gorjului. Cinci puncte termice vor fi oprite pe 1 decembrie - Buletin de Bucure\u0219ti<\/title>\n<meta name=\"robots\" content=\"index, follow, max-snippet:-1, max-image-preview:large, max-video-preview:-1\" \/>\n<link rel=\"canonical\" href=\"https:\/\/buletin.de\/bucuresti\/avarie-majora-in-zona-pietei-gorjului-cinci-puncte-termice-vor-fi-oprite-pe-1-decembrie\/\" \/>\n<meta property=\"og:locale\" content=\"en_GB\" \/>\n<meta property=\"og:type\" content=\"article\" \/>\n<meta property=\"og:title\" content=\"Avarie major\u0103 \u00een zona Pie\u021bei Gorjului. Cinci puncte termice vor fi oprite pe 1 decembrie\" \/>\n<meta property=\"og:description\" content=\"Termoenergetica a anun\u021bat c\u0103 a avut loc o avarie \u00een zona Pie\u021bei Gorjului, localizat\u0103 Bulevardul Iuliu Maniu nr. 71. Din aceast\u0103 diminea\u021b\u0103 se lucreaz\u0103 pentru izolarea ei. Compania Municipal\u0103 informeaz\u0103 \u0219i c\u0103, m\u00e2ine, pentru realizarea lucr\u0103rilor de blindare a conductei, vor fi oprite p\u00e2n\u0103 la ora 23.00, cinci puncte termice, care deservesc un num\u0103r de [&hellip;]\" \/>\n<meta property=\"og:url\" content=\"https:\/\/buletin.de\/bucuresti\/avarie-majora-in-zona-pietei-gorjului-cinci-puncte-termice-vor-fi-oprite-pe-1-decembrie\/\" \/>\n<meta property=\"og:site_name\" content=\"Buletin de Bucure\u0219ti\" \/>\n<meta property=\"article:publisher\" content=\"https:\/\/www.facebook.com\/buletin.de.buc\" \/>\n<meta property=\"article:published_time\" content=\"2022-11-30T16:18:20+00:00\" \/>\n<meta property=\"article:modified_time\" content=\"2023-09-19T12:43:36+00:00\" \/>\n<meta property=\"og:image\" content=\"https:\/\/buletin.de\/bucuresti\/wp-content\/uploads\/316235669_188001927080395_838560217831864126_n.jpeg\" \/>\n\t<meta property=\"og:image:width\" content=\"1024\" \/>\n\t<meta property=\"og:image:height\" content=\"768\" \/>\n\t<meta property=\"og:image:type\" content=\"image\/jpeg\" \/>\n<meta name=\"author\" content=\"Florin R\u00e2\u0219teiu\" \/>\n<meta name=\"twitter:card\" content=\"summary_large_image\" \/>\n<meta name=\"twitter:label1\" content=\"Written by\" \/>\n\t<meta name=\"twitter:data1\" content=\"Florin R\u00e2\u0219teiu\" \/>\n\t<meta name=\"twitter:label2\" content=\"Estimated reading time\" \/>\n\t<meta name=\"twitter:data2\" content=\"2 minutes\" \/>\n<script type=\"application\/ld+json\" class=\"yoast-schema-graph\">{\"@context\":\"https:\\\/\\\/schema.org\",\"@graph\":[{\"@type\":\"Article\",\"@id\":\"https:\\\/\\\/buletin.de\\\/bucuresti\\\/avarie-majora-in-zona-pietei-gorjului-cinci-puncte-termice-vor-fi-oprite-pe-1-decembrie\\\/#article\",\"isPartOf\":{\"@id\":\"https:\\\/\\\/buletin.de\\\/bucuresti\\\/avarie-majora-in-zona-pietei-gorjului-cinci-puncte-termice-vor-fi-oprite-pe-1-decembrie\\\/\"},\"author\":{\"name\":\"Florin R\u00e2\u0219teiu\",\"@id\":\"https:\\\/\\\/buletin.de\\\/bucuresti\\\/#\\\/schema\\\/person\\\/b0686d7a8b666c6afc78239777fd8a89\"},\"headline\":\"Avarie major\u0103 \u00een zona Pie\u021bei Gorjului. Cinci puncte termice vor fi oprite pe 1 decembrie\",\"datePublished\":\"2022-11-30T16:18:20+00:00\",\"dateModified\":\"2023-09-19T12:43:36+00:00\",\"mainEntityOfPage\":{\"@id\":\"https:\\\/\\\/buletin.de\\\/bucuresti\\\/avarie-majora-in-zona-pietei-gorjului-cinci-puncte-termice-vor-fi-oprite-pe-1-decembrie\\\/\"},\"wordCount\":199,\"publisher\":{\"@id\":\"https:\\\/\\\/buletin.de\\\/bucuresti\\\/#organization\"},\"image\":{\"@id\":\"https:\\\/\\\/buletin.de\\\/bucuresti\\\/avarie-majora-in-zona-pietei-gorjului-cinci-puncte-termice-vor-fi-oprite-pe-1-decembrie\\\/#primaryimage\"},\"thumbnailUrl\":\"https:\\\/\\\/buletin.de\\\/bucuresti\\\/wp-content\\\/uploads\\\/316235669_188001927080395_838560217831864126_n.jpeg\",\"keywords\":[\"avarii\",\"Capitala\",\"Iuliu Maniu\",\"Sector 6\",\"termoenergetica\"],\"articleSection\":[\"\u0218tiri\",\"Termoficare\"],\"inLanguage\":\"en-GB\",\"copyrightYear\":\"2022\",\"copyrightHolder\":{\"@id\":\"https:\\\/\\\/buletin.de\\\/bucuresti\\\/#organization\"}},{\"@type\":\"WebPage\",\"@id\":\"https:\\\/\\\/buletin.de\\\/bucuresti\\\/avarie-majora-in-zona-pietei-gorjului-cinci-puncte-termice-vor-fi-oprite-pe-1-decembrie\\\/\",\"url\":\"https:\\\/\\\/buletin.de\\\/bucuresti\\\/avarie-majora-in-zona-pietei-gorjului-cinci-puncte-termice-vor-fi-oprite-pe-1-decembrie\\\/\",\"name\":\"Avarie major\u0103 \u00een zona Pie\u021bei Gorjului. Cinci puncte termice vor fi oprite pe 1 decembrie - Buletin de Bucure\u0219ti\",\"isPartOf\":{\"@id\":\"https:\\\/\\\/buletin.de\\\/bucuresti\\\/#website\"},\"primaryImageOfPage\":{\"@id\":\"https:\\\/\\\/buletin.de\\\/bucuresti\\\/avarie-majora-in-zona-pietei-gorjului-cinci-puncte-termice-vor-fi-oprite-pe-1-decembrie\\\/#primaryimage\"},\"image\":{\"@id\":\"https:\\\/\\\/buletin.de\\\/bucuresti\\\/avarie-majora-in-zona-pietei-gorjului-cinci-puncte-termice-vor-fi-oprite-pe-1-decembrie\\\/#primaryimage\"},\"thumbnailUrl\":\"https:\\\/\\\/buletin.de\\\/bucuresti\\\/wp-content\\\/uploads\\\/316235669_188001927080395_838560217831864126_n.jpeg\",\"datePublished\":\"2022-11-30T16:18:20+00:00\",\"dateModified\":\"2023-09-19T12:43:36+00:00\",\"breadcrumb\":{\"@id\":\"https:\\\/\\\/buletin.de\\\/bucuresti\\\/avarie-majora-in-zona-pietei-gorjului-cinci-puncte-termice-vor-fi-oprite-pe-1-decembrie\\\/#breadcrumb\"},\"inLanguage\":\"en-GB\",\"potentialAction\":[{\"@type\":\"ReadAction\",\"target\":[\"https:\\\/\\\/buletin.de\\\/bucuresti\\\/avarie-majora-in-zona-pietei-gorjului-cinci-puncte-termice-vor-fi-oprite-pe-1-decembrie\\\/\"]}]},{\"@type\":\"ImageObject\",\"inLanguage\":\"en-GB\",\"@id\":\"https:\\\/\\\/buletin.de\\\/bucuresti\\\/avarie-majora-in-zona-pietei-gorjului-cinci-puncte-termice-vor-fi-oprite-pe-1-decembrie\\\/#primaryimage\",\"url\":\"https:\\\/\\\/buletin.de\\\/bucuresti\\\/wp-content\\\/uploads\\\/316235669_188001927080395_838560217831864126_n.jpeg\",\"contentUrl\":\"https:\\\/\\\/buletin.de\\\/bucuresti\\\/wp-content\\\/uploads\\\/316235669_188001927080395_838560217831864126_n.jpeg\",\"width\":1024,\"height\":768},{\"@type\":\"BreadcrumbList\",\"@id\":\"https:\\\/\\\/buletin.de\\\/bucuresti\\\/avarie-majora-in-zona-pietei-gorjului-cinci-puncte-termice-vor-fi-oprite-pe-1-decembrie\\\/#breadcrumb\",\"itemListElement\":[{\"@type\":\"ListItem\",\"position\":1,\"name\":\"Acas\u0103\",\"item\":\"https:\\\/\\\/buletin.de\\\/bucuresti\\\/\"},{\"@type\":\"ListItem\",\"position\":2,\"name\":\"Avarie major\u0103 \u00een zona Pie\u021bei Gorjului. Cinci puncte termice vor fi oprite pe 1 decembrie\"}]},{\"@type\":\"WebSite\",\"@id\":\"https:\\\/\\\/buletin.de\\\/bucuresti\\\/#website\",\"url\":\"https:\\\/\\\/buletin.de\\\/bucuresti\\\/\",\"name\":\"Buletin de Bucure\u0219ti\",\"description\":\"\u0218tiri \u0219i investiga\u021bii esen\u021biale din capital\u0103\",\"publisher\":{\"@id\":\"https:\\\/\\\/buletin.de\\\/bucuresti\\\/#organization\"},\"potentialAction\":[{\"@type\":\"SearchAction\",\"target\":{\"@type\":\"EntryPoint\",\"urlTemplate\":\"https:\\\/\\\/buletin.de\\\/bucuresti\\\/?s={search_term_string}\"},\"query-input\":{\"@type\":\"PropertyValueSpecification\",\"valueRequired\":true,\"valueName\":\"search_term_string\"}}],\"inLanguage\":\"en-GB\"},{\"@type\":\"Organization\",\"@id\":\"https:\\\/\\\/buletin.de\\\/bucuresti\\\/#organization\",\"name\":\"Buletin de Bucure\u0219ti\",\"url\":\"https:\\\/\\\/buletin.de\\\/bucuresti\\\/\",\"logo\":{\"@type\":\"ImageObject\",\"inLanguage\":\"en-GB\",\"@id\":\"https:\\\/\\\/buletin.de\\\/bucuresti\\\/#\\\/schema\\\/logo\\\/image\\\/\",\"url\":\"https:\\\/\\\/buletin.de\\\/bucuresti\\\/wp-content\\\/uploads\\\/logo-bdb-full-wide-vernil-transparent.png\",\"contentUrl\":\"https:\\\/\\\/buletin.de\\\/bucuresti\\\/wp-content\\\/uploads\\\/logo-bdb-full-wide-vernil-transparent.png\",\"width\":1782,\"height\":626,\"caption\":\"Buletin de Bucure\u0219ti\"},\"image\":{\"@id\":\"https:\\\/\\\/buletin.de\\\/bucuresti\\\/#\\\/schema\\\/logo\\\/image\\\/\"},\"sameAs\":[\"https:\\\/\\\/www.facebook.com\\\/buletin.de.buc\",\"https:\\\/\\\/www.instagram.com\\\/buletinde.bucuresti\\\/\"]},{\"@type\":\"Person\",\"@id\":\"https:\\\/\\\/buletin.de\\\/bucuresti\\\/#\\\/schema\\\/person\\\/b0686d7a8b666c6afc78239777fd8a89\",\"name\":\"Florin R\u00e2\u0219teiu\",\"image\":{\"@type\":\"ImageObject\",\"inLanguage\":\"en-GB\",\"@id\":\"https:\\\/\\\/buletin.de\\\/bucuresti\\\/wp-content\\\/uploads\\\/Florin-Rasteiu-96x96.jpgf0a6fe28453aa12f0a60e4d0a2e3a78c\",\"url\":\"https:\\\/\\\/buletin.de\\\/bucuresti\\\/wp-content\\\/uploads\\\/Florin-Rasteiu-96x96.jpg\",\"contentUrl\":\"https:\\\/\\\/buletin.de\\\/bucuresti\\\/wp-content\\\/uploads\\\/Florin-Rasteiu-96x96.jpg\",\"caption\":\"Florin R\u00e2\u0219teiu\"},\"description\":\"Jurnalist de investiga\u021bie. Lucreaz\u0103 de aproape 6 ani la Buletin de Bucure\u0219ti, unde a publicat articole care scot la suprafa\u021b\u0103 corup\u021bia din Capital\u0103. Analizeaz\u0103 baze de date zilnic \u0219i scoate pove\u0219ti din exceluri pline de cifre. Pune reflectorul pe adev\u0103r cu fiecare ocazie. A c\u00e2\u0219tigat premiul I la categoria Pres\u0103 Local\u0103 \u00een 2025 \u0219i locul al II-lea la aceea\u0219i categorie \u00een 2024 \u00een cadrul Premiilor Superscrieri pentru jurnalism independent.\",\"url\":\"https:\\\/\\\/buletin.de\\\/bucuresti\\\/author\\\/florinrasteiu\\\/\"}]}<\/script>\n<!-- \/ Yoast SEO Premium plugin. -->","yoast_head_json":{"title":"Avarie major\u0103 \u00een zona Pie\u021bei Gorjului. Cinci puncte termice vor fi oprite pe 1 decembrie - Buletin de Bucure\u0219ti","robots":{"index":"index","follow":"follow","max-snippet":"max-snippet:-1","max-image-preview":"max-image-preview:large","max-video-preview":"max-video-preview:-1"},"canonical":"https:\/\/buletin.de\/bucuresti\/avarie-majora-in-zona-pietei-gorjului-cinci-puncte-termice-vor-fi-oprite-pe-1-decembrie\/","og_locale":"en_GB","og_type":"article","og_title":"Avarie major\u0103 \u00een zona Pie\u021bei Gorjului. Cinci puncte termice vor fi oprite pe 1 decembrie","og_description":"Termoenergetica a anun\u021bat c\u0103 a avut loc o avarie \u00een zona Pie\u021bei Gorjului, localizat\u0103 Bulevardul Iuliu Maniu nr. 71. Din aceast\u0103 diminea\u021b\u0103 se lucreaz\u0103 pentru izolarea ei. Compania Municipal\u0103 informeaz\u0103 \u0219i c\u0103, m\u00e2ine, pentru realizarea lucr\u0103rilor de blindare a conductei, vor fi oprite p\u00e2n\u0103 la ora 23.00, cinci puncte termice, care deservesc un num\u0103r de [&hellip;]","og_url":"https:\/\/buletin.de\/bucuresti\/avarie-majora-in-zona-pietei-gorjului-cinci-puncte-termice-vor-fi-oprite-pe-1-decembrie\/","og_site_name":"Buletin de Bucure\u0219ti","article_publisher":"https:\/\/www.facebook.com\/buletin.de.buc","article_published_time":"2022-11-30T16:18:20+00:00","article_modified_time":"2023-09-19T12:43:36+00:00","og_image":[{"width":1024,"height":768,"url":"https:\/\/buletin.de\/bucuresti\/wp-content\/uploads\/316235669_188001927080395_838560217831864126_n.jpeg","type":"image\/jpeg"}],"author":"Florin R\u00e2\u0219teiu","twitter_card":"summary_large_image","twitter_misc":{"Written by":"Florin R\u00e2\u0219teiu","Estimated reading time":"2 minutes"},"schema":{"@context":"https:\/\/schema.org","@graph":[{"@type":"Article","@id":"https:\/\/buletin.de\/bucuresti\/avarie-majora-in-zona-pietei-gorjului-cinci-puncte-termice-vor-fi-oprite-pe-1-decembrie\/#article","isPartOf":{"@id":"https:\/\/buletin.de\/bucuresti\/avarie-majora-in-zona-pietei-gorjului-cinci-puncte-termice-vor-fi-oprite-pe-1-decembrie\/"},"author":{"name":"Florin R\u00e2\u0219teiu","@id":"https:\/\/buletin.de\/bucuresti\/#\/schema\/person\/b0686d7a8b666c6afc78239777fd8a89"},"headline":"Avarie major\u0103 \u00een zona Pie\u021bei Gorjului. Cinci puncte termice vor fi oprite pe 1 decembrie","datePublished":"2022-11-30T16:18:20+00:00","dateModified":"2023-09-19T12:43:36+00:00","mainEntityOfPage":{"@id":"https:\/\/buletin.de\/bucuresti\/avarie-majora-in-zona-pietei-gorjului-cinci-puncte-termice-vor-fi-oprite-pe-1-decembrie\/"},"wordCount":199,"publisher":{"@id":"https:\/\/buletin.de\/bucuresti\/#organization"},"image":{"@id":"https:\/\/buletin.de\/bucuresti\/avarie-majora-in-zona-pietei-gorjului-cinci-puncte-termice-vor-fi-oprite-pe-1-decembrie\/#primaryimage"},"thumbnailUrl":"https:\/\/buletin.de\/bucuresti\/wp-content\/uploads\/316235669_188001927080395_838560217831864126_n.jpeg","keywords":["avarii","Capitala","Iuliu Maniu","Sector 6","termoenergetica"],"articleSection":["\u0218tiri","Termoficare"],"inLanguage":"en-GB","copyrightYear":"2022","copyrightHolder":{"@id":"https:\/\/buletin.de\/bucuresti\/#organization"}},{"@type":"WebPage","@id":"https:\/\/buletin.de\/bucuresti\/avarie-majora-in-zona-pietei-gorjului-cinci-puncte-termice-vor-fi-oprite-pe-1-decembrie\/","url":"https:\/\/buletin.de\/bucuresti\/avarie-majora-in-zona-pietei-gorjului-cinci-puncte-termice-vor-fi-oprite-pe-1-decembrie\/","name":"Avarie major\u0103 \u00een zona Pie\u021bei Gorjului. Cinci puncte termice vor fi oprite pe 1 decembrie - Buletin de Bucure\u0219ti","isPartOf":{"@id":"https:\/\/buletin.de\/bucuresti\/#website"},"primaryImageOfPage":{"@id":"https:\/\/buletin.de\/bucuresti\/avarie-majora-in-zona-pietei-gorjului-cinci-puncte-termice-vor-fi-oprite-pe-1-decembrie\/#primaryimage"},"image":{"@id":"https:\/\/buletin.de\/bucuresti\/avarie-majora-in-zona-pietei-gorjului-cinci-puncte-termice-vor-fi-oprite-pe-1-decembrie\/#primaryimage"},"thumbnailUrl":"https:\/\/buletin.de\/bucuresti\/wp-content\/uploads\/316235669_188001927080395_838560217831864126_n.jpeg","datePublished":"2022-11-30T16:18:20+00:00","dateModified":"2023-09-19T12:43:36+00:00","breadcrumb":{"@id":"https:\/\/buletin.de\/bucuresti\/avarie-majora-in-zona-pietei-gorjului-cinci-puncte-termice-vor-fi-oprite-pe-1-decembrie\/#breadcrumb"},"inLanguage":"en-GB","potentialAction":[{"@type":"ReadAction","target":["https:\/\/buletin.de\/bucuresti\/avarie-majora-in-zona-pietei-gorjului-cinci-puncte-termice-vor-fi-oprite-pe-1-decembrie\/"]}]},{"@type":"ImageObject","inLanguage":"en-GB","@id":"https:\/\/buletin.de\/bucuresti\/avarie-majora-in-zona-pietei-gorjului-cinci-puncte-termice-vor-fi-oprite-pe-1-decembrie\/#primaryimage","url":"https:\/\/buletin.de\/bucuresti\/wp-content\/uploads\/316235669_188001927080395_838560217831864126_n.jpeg","contentUrl":"https:\/\/buletin.de\/bucuresti\/wp-content\/uploads\/316235669_188001927080395_838560217831864126_n.jpeg","width":1024,"height":768},{"@type":"BreadcrumbList","@id":"https:\/\/buletin.de\/bucuresti\/avarie-majora-in-zona-pietei-gorjului-cinci-puncte-termice-vor-fi-oprite-pe-1-decembrie\/#breadcrumb","itemListElement":[{"@type":"ListItem","position":1,"name":"Acas\u0103","item":"https:\/\/buletin.de\/bucuresti\/"},{"@type":"ListItem","position":2,"name":"Avarie major\u0103 \u00een zona Pie\u021bei Gorjului. Cinci puncte termice vor fi oprite pe 1 decembrie"}]},{"@type":"WebSite","@id":"https:\/\/buletin.de\/bucuresti\/#website","url":"https:\/\/buletin.de\/bucuresti\/","name":"Buletin de Bucure\u0219ti","description":"\u0218tiri \u0219i investiga\u021bii esen\u021biale din capital\u0103","publisher":{"@id":"https:\/\/buletin.de\/bucuresti\/#organization"},"potentialAction":[{"@type":"SearchAction","target":{"@type":"EntryPoint","urlTemplate":"https:\/\/buletin.de\/bucuresti\/?s={search_term_string}"},"query-input":{"@type":"PropertyValueSpecification","valueRequired":true,"valueName":"search_term_string"}}],"inLanguage":"en-GB"},{"@type":"Organization","@id":"https:\/\/buletin.de\/bucuresti\/#organization","name":"Buletin de Bucure\u0219ti","url":"https:\/\/buletin.de\/bucuresti\/","logo":{"@type":"ImageObject","inLanguage":"en-GB","@id":"https:\/\/buletin.de\/bucuresti\/#\/schema\/logo\/image\/","url":"https:\/\/buletin.de\/bucuresti\/wp-content\/uploads\/logo-bdb-full-wide-vernil-transparent.png","contentUrl":"https:\/\/buletin.de\/bucuresti\/wp-content\/uploads\/logo-bdb-full-wide-vernil-transparent.png","width":1782,"height":626,"caption":"Buletin de Bucure\u0219ti"},"image":{"@id":"https:\/\/buletin.de\/bucuresti\/#\/schema\/logo\/image\/"},"sameAs":["https:\/\/www.facebook.com\/buletin.de.buc","https:\/\/www.instagram.com\/buletinde.bucuresti\/"]},{"@type":"Person","@id":"https:\/\/buletin.de\/bucuresti\/#\/schema\/person\/b0686d7a8b666c6afc78239777fd8a89","name":"Florin R\u00e2\u0219teiu","image":{"@type":"ImageObject","inLanguage":"en-GB","@id":"https:\/\/buletin.de\/bucuresti\/wp-content\/uploads\/Florin-Rasteiu-96x96.jpgf0a6fe28453aa12f0a60e4d0a2e3a78c","url":"https:\/\/buletin.de\/bucuresti\/wp-content\/uploads\/Florin-Rasteiu-96x96.jpg","contentUrl":"https:\/\/buletin.de\/bucuresti\/wp-content\/uploads\/Florin-Rasteiu-96x96.jpg","caption":"Florin R\u00e2\u0219teiu"},"description":"Jurnalist de investiga\u021bie. Lucreaz\u0103 de aproape 6 ani la Buletin de Bucure\u0219ti, unde a publicat articole care scot la suprafa\u021b\u0103 corup\u021bia din Capital\u0103. Analizeaz\u0103 baze de date zilnic \u0219i scoate pove\u0219ti din exceluri pline de cifre. Pune reflectorul pe adev\u0103r cu fiecare ocazie. A c\u00e2\u0219tigat premiul I la categoria Pres\u0103 Local\u0103 \u00een 2025 \u0219i locul al II-lea la aceea\u0219i categorie \u00een 2024 \u00een cadrul Premiilor Superscrieri pentru jurnalism independent.","url":"https:\/\/buletin.de\/bucuresti\/author\/florinrasteiu\/"}]}},"authors":[{"term_id":22576,"user_id":17,"is_guest":0,"slug":"florinrasteiu","display_name":"Florin R\u00e2\u0219teiu","avatar_url":"https:\/\/buletin.de\/bucuresti\/wp-content\/uploads\/Florin-Rasteiu-96x96.jpg","0":null,"1":"","2":"","3":"","4":"","5":"","6":"","7":"","8":""}],"_links":{"self":[{"href":"https:\/\/buletin.de\/bucuresti\/wp-json\/wp\/v2\/posts\/48989","targetHints":{"allow":["GET"]}}],"collection":[{"href":"https:\/\/buletin.de\/bucuresti\/wp-json\/wp\/v2\/posts"}],"about":[{"href":"https:\/\/buletin.de\/bucuresti\/wp-json\/wp\/v2\/types\/post"}],"author":[{"embeddable":true,"href":"https:\/\/buletin.de\/bucuresti\/wp-json\/wp\/v2\/users\/17"}],"replies":[{"embeddable":true,"href":"https:\/\/buletin.de\/bucuresti\/wp-json\/wp\/v2\/comments?post=48989"}],"version-history":[{"count":2,"href":"https:\/\/buletin.de\/bucuresti\/wp-json\/wp\/v2\/posts\/48989\/revisions"}],"predecessor-version":[{"id":48995,"href":"https:\/\/buletin.de\/bucuresti\/wp-json\/wp\/v2\/posts\/48989\/revisions\/48995"}],"wp:featuredmedia":[{"embeddable":true,"href":"https:\/\/buletin.de\/bucuresti\/wp-json\/wp\/v2\/media\/48994"}],"wp:attachment":[{"href":"https:\/\/buletin.de\/bucuresti\/wp-json\/wp\/v2\/media?parent=48989"}],"wp:term":[{"taxonomy":"category","embeddable":true,"href":"https:\/\/buletin.de\/bucuresti\/wp-json\/wp\/v2\/categories?post=48989"},{"taxonomy":"post_tag","embeddable":true,"href":"https:\/\/buletin.de\/bucuresti\/wp-json\/wp\/v2\/tags?post=48989"},{"taxonomy":"author","embeddable":true,"href":"https:\/\/buletin.de\/bucuresti\/wp-json\/wp\/v2\/ppma_author?post=48989"}],"curies":[{"name":"wp","href":"https:\/\/api.w.org\/{rel}","templated":true}]}}