{"id":48925,"date":"2022-11-29T16:11:20","date_gmt":"2022-11-29T14:11:20","guid":{"rendered":"https:\/\/buletin.de\/bucuresti\/?p=48925"},"modified":"2022-11-29T16:11:20","modified_gmt":"2022-11-29T14:11:20","slug":"modificari-de-trasee-in-transportul-public-din-bucuresti-de-la-1-decembrie","status":"publish","type":"post","link":"https:\/\/buletin.de\/bucuresti\/modificari-de-trasee-in-transportul-public-din-bucuresti-de-la-1-decembrie\/","title":{"rendered":"Modific\u0103ri de trasee \u00een transportul public din Bucure\u0219ti, de la 1 decembrie"},"content":{"rendered":"\n<p><strong>Asocia\u021bia de Dezvoltare Intercomunitar\u0103 pentru Transport Public Bucure\u0219ti \u2013 Ilfov (TPBI) va face, de pe 1 decembrie, mai multe modific\u0103ri \u00een transportul public bucure\u0219tean. Linia urban\u0103 302 va fi transformat\u0103 \u00een linia metropolitan\u0103 484 \u0219i va fi \u00eenfiin\u021bat\u0103 linia 485, care le va asigura locuitorilor din Cartierul Fortuna noi leg\u0103turi de transport cu metroul, la sta\u021bia \u201eR\u00e2ul Doamnei\u201d, cu tramvaiele liniei 41, precum \u0219i cu troleibuzele liniei 69, la sta\u021bia \u201eParcul Drumul Taberei\u201d. Totodat\u0103, linia 185 va reveni la traseul ini\u021bial, \u00eentre terminalul \u201eGhencea\u201d \u0219i \u201eCimitirul Ghencea 3\u201d.<\/strong><\/p>\n\n\n\n<figure class=\"wp-block-image size-large\"><img fetchpriority=\"high\" decoding=\"async\" width=\"900\" height=\"630\" src=\"data:image\/gif;base64,R0lGODlhAQABAAAAACH5BAEKAAEALAAAAAABAAEAAAICTAEAOw==\" data-src=\"https:\/\/buletin.de\/bucuresti\/wp-content\/uploads\/317308542_451584810493299_799186319476705094_n-900x630.jpeg\" alt=\"\" class=\"wp-image-48926 lazyload\" data-sizes=\"auto\" data-srcset=\"https:\/\/buletin.de\/bucuresti\/wp-content\/uploads\/317308542_451584810493299_799186319476705094_n-900x630.jpeg 900w, https:\/\/buletin.de\/bucuresti\/wp-content\/uploads\/317308542_451584810493299_799186319476705094_n-300x210.jpeg 300w, https:\/\/buletin.de\/bucuresti\/wp-content\/uploads\/317308542_451584810493299_799186319476705094_n-768x538.jpeg 768w, https:\/\/buletin.de\/bucuresti\/wp-content\/uploads\/317308542_451584810493299_799186319476705094_n-1536x1076.jpeg 1536w, https:\/\/buletin.de\/bucuresti\/wp-content\/uploads\/317308542_451584810493299_799186319476705094_n-1060x742.jpeg 1060w, https:\/\/buletin.de\/bucuresti\/wp-content\/uploads\/317308542_451584810493299_799186319476705094_n-550x385.jpeg 550w, https:\/\/buletin.de\/bucuresti\/wp-content\/uploads\/317308542_451584810493299_799186319476705094_n-714x500.jpeg 714w, https:\/\/buletin.de\/bucuresti\/wp-content\/uploads\/317308542_451584810493299_799186319476705094_n-1920x1344.jpeg 1920w, https:\/\/buletin.de\/bucuresti\/wp-content\/uploads\/317308542_451584810493299_799186319476705094_n-1542x1080.jpeg 1542w, https:\/\/buletin.de\/bucuresti\/wp-content\/uploads\/317308542_451584810493299_799186319476705094_n-600x420.jpeg 600w, https:\/\/buletin.de\/bucuresti\/wp-content\/uploads\/317308542_451584810493299_799186319476705094_n.jpeg 2048w\" sizes=\"(max-width: 900px) 100vw, 900px\" \/><figcaption>Cum vor ar\u0103ta noile trasee ale autobuzelor. Surs\u0103 Foto: TPBI <\/figcaption><\/figure>\n\n\n\n<p><\/p>\n\n\n\n<p><strong>Autobuzele liniei 484<\/strong>&nbsp;vor circula \u00eentre terminalele \u201eBragadiru Diamantului\u201d \u0219i \u201eGhencea\u201d pe traseul: <\/p>\n\n\n\n<ul class=\"has-background wp-block-list\" style=\"background-color:#d1ebfb\"><li>Cartier Fortuna, Str. Diamantului, Str. Cristalului, \u015eos. Alexandriei, Str. M\u0103rgeanului, Str. Petre Ispirescu, Bd. Ghencea, terminal \u201eGhencea\u201d \u0219i retur.<\/li><\/ul>\n\n\n\n<p><strong>Noua linie 485<\/strong>&nbsp;va func\u021biona pe traseul: <\/p>\n\n\n\n<ul class=\"has-background wp-block-list\" style=\"background-color:#d1ebfb\"><li>terminal \u201eBragadiru Diamantului\u201d, Str. Diamantului, Str. Cristalului, Str. Safirului, Str. M\u0103rgelelor, Str. Parfumului, Str. Gladiolelor, Str. Dantelei, Str. Ghidigeni,&nbsp;Prelungirea Ghencea, Str. R\u00e2ul Doamnei, Drumul Taberei (ramura de sud), Str. Bra\u0219ov, sta\u0163ia \u201eParcul Drumul Taberei\u201d, cu \u00eentoarcere pe Str. Bra\u0219ov, Prelungirea Ghencea, Str. Ghidigeni, Str. Dantelei, Str. M\u0103rgelelor, Str. Safirului, Str. Cristalului, Str. Diamantului, terminal \u201eBragadiru Diamantului\u201d.<\/li><\/ul>\n\n\n\n<p><strong>Linia 185<\/strong>&nbsp;va func\u021biona \u00eentre terminalele \u201eGhencea\u201d \u0219i \u201eCimitirul Ghencea 3\u201d pe traseul: <\/p>\n\n\n\n<ul class=\"has-background wp-block-list\" style=\"background-color:#d1ebfb\"><li>terminal \u201eGhencea\u201d, Bd. Ghencea, Prelungirea Ghencea, Drumul Cooperativei, Str. Arefului, Str. Dantelei, Str. Lavei, terminal \u201eCimitirul Ghencea 3\u201d, cu \u00eentoarcere pe Drumul Cooperativei, Prelungirea Ghencea, Bd. Ghencea, terminal \u201eGhencea\u201d.<\/li><\/ul>\n","protected":false},"excerpt":{"rendered":"<p>Asocia\u021bia de Dezvoltare Intercomunitar\u0103 pentru Transport Public Bucure\u0219ti \u2013 Ilfov (TPBI) va face, de pe 1 decembrie, mai multe modific\u0103ri \u00een transportul public bucure\u0219tean. Linia urban\u0103 302 va fi transformat\u0103 \u00een linia metropolitan\u0103 484 \u0219i va fi \u00eenfiin\u021bat\u0103 linia 485, care le va asigura locuitorilor din Cartierul Fortuna noi leg\u0103turi de transport cu metroul, la [&hellip;]<\/p>\n","protected":false},"author":17,"featured_media":34838,"comment_status":"closed","ping_status":"open","sticky":false,"template":"","format":"standard","meta":{"_acf_changed":false,"inline_featured_image":false,"ngg_post_thumbnail":0,"footnotes":""},"categories":[650],"tags":[130,9,4837,4836,4839,2842],"ppma_author":[22576],"class_list":["post-48925","post","type-post","status-publish","format-standard","has-post-thumbnail","hentry","category-transport","tag-autobuze","tag-bucuresti","tag-linia-302","tag-linia-484","tag-linia-485","tag-tpbi"],"acf":[],"yoast_head":"<!-- This site is optimized with the Yoast SEO Premium plugin v25.3 (Yoast SEO v27.4) - https:\/\/yoast.com\/product\/yoast-seo-premium-wordpress\/ -->\n<title>Modific\u0103ri de trasee \u00een transportul public din Bucure\u0219ti, de la 1 decembrie - Buletin de Bucure\u0219ti<\/title>\n<meta name=\"robots\" content=\"index, follow, max-snippet:-1, max-image-preview:large, max-video-preview:-1\" \/>\n<link rel=\"canonical\" href=\"https:\/\/buletin.de\/bucuresti\/modificari-de-trasee-in-transportul-public-din-bucuresti-de-la-1-decembrie\/\" \/>\n<meta property=\"og:locale\" content=\"en_GB\" \/>\n<meta property=\"og:type\" content=\"article\" \/>\n<meta property=\"og:title\" content=\"Modific\u0103ri de trasee \u00een transportul public din Bucure\u0219ti, de la 1 decembrie\" \/>\n<meta property=\"og:description\" content=\"Asocia\u021bia de Dezvoltare Intercomunitar\u0103 pentru Transport Public Bucure\u0219ti \u2013 Ilfov (TPBI) va face, de pe 1 decembrie, mai multe modific\u0103ri \u00een transportul public bucure\u0219tean. Linia urban\u0103 302 va fi transformat\u0103 \u00een linia metropolitan\u0103 484 \u0219i va fi \u00eenfiin\u021bat\u0103 linia 485, care le va asigura locuitorilor din Cartierul Fortuna noi leg\u0103turi de transport cu metroul, la [&hellip;]\" \/>\n<meta property=\"og:url\" content=\"https:\/\/buletin.de\/bucuresti\/modificari-de-trasee-in-transportul-public-din-bucuresti-de-la-1-decembrie\/\" \/>\n<meta property=\"og:site_name\" content=\"Buletin de Bucure\u0219ti\" \/>\n<meta property=\"article:publisher\" content=\"https:\/\/www.facebook.com\/buletin.de.buc\" \/>\n<meta property=\"article:published_time\" content=\"2022-11-29T14:11:20+00:00\" \/>\n<meta property=\"og:image\" content=\"https:\/\/buletin.de\/bucuresti\/wp-content\/uploads\/Autobuz-tramvai-linie-unica-sursa-Primaria-Bucuresti-e1595420965983.jpg\" \/>\n\t<meta property=\"og:image:width\" content=\"700\" \/>\n\t<meta property=\"og:image:height\" content=\"438\" \/>\n\t<meta property=\"og:image:type\" content=\"image\/jpeg\" \/>\n<meta name=\"author\" content=\"Florin R\u00e2\u0219teiu\" \/>\n<meta name=\"twitter:card\" content=\"summary_large_image\" \/>\n<meta name=\"twitter:label1\" content=\"Written by\" \/>\n\t<meta name=\"twitter:data1\" content=\"Florin R\u00e2\u0219teiu\" \/>\n\t<meta name=\"twitter:label2\" content=\"Estimated reading time\" \/>\n\t<meta name=\"twitter:data2\" content=\"2 minutes\" \/>\n<script type=\"application\/ld+json\" class=\"yoast-schema-graph\">{\"@context\":\"https:\\\/\\\/schema.org\",\"@graph\":[{\"@type\":\"Article\",\"@id\":\"https:\\\/\\\/buletin.de\\\/bucuresti\\\/modificari-de-trasee-in-transportul-public-din-bucuresti-de-la-1-decembrie\\\/#article\",\"isPartOf\":{\"@id\":\"https:\\\/\\\/buletin.de\\\/bucuresti\\\/modificari-de-trasee-in-transportul-public-din-bucuresti-de-la-1-decembrie\\\/\"},\"author\":{\"name\":\"Florin R\u00e2\u0219teiu\",\"@id\":\"https:\\\/\\\/buletin.de\\\/bucuresti\\\/#\\\/schema\\\/person\\\/b0686d7a8b666c6afc78239777fd8a89\"},\"headline\":\"Modific\u0103ri de trasee \u00een transportul public din Bucure\u0219ti, de la 1 decembrie\",\"datePublished\":\"2022-11-29T14:11:20+00:00\",\"mainEntityOfPage\":{\"@id\":\"https:\\\/\\\/buletin.de\\\/bucuresti\\\/modificari-de-trasee-in-transportul-public-din-bucuresti-de-la-1-decembrie\\\/\"},\"wordCount\":259,\"publisher\":{\"@id\":\"https:\\\/\\\/buletin.de\\\/bucuresti\\\/#organization\"},\"image\":{\"@id\":\"https:\\\/\\\/buletin.de\\\/bucuresti\\\/modificari-de-trasee-in-transportul-public-din-bucuresti-de-la-1-decembrie\\\/#primaryimage\"},\"thumbnailUrl\":\"https:\\\/\\\/buletin.de\\\/bucuresti\\\/wp-content\\\/uploads\\\/Autobuz-tramvai-linie-unica-sursa-Primaria-Bucuresti-e1595420965983.jpg\",\"keywords\":[\"autobuze\",\"bucuresti\",\"linia 302\",\"linia 484\",\"linia 485\",\"tpbi\"],\"articleSection\":[\"Transport\"],\"inLanguage\":\"en-GB\",\"copyrightYear\":\"2022\",\"copyrightHolder\":{\"@id\":\"https:\\\/\\\/buletin.de\\\/bucuresti\\\/#organization\"}},{\"@type\":\"WebPage\",\"@id\":\"https:\\\/\\\/buletin.de\\\/bucuresti\\\/modificari-de-trasee-in-transportul-public-din-bucuresti-de-la-1-decembrie\\\/\",\"url\":\"https:\\\/\\\/buletin.de\\\/bucuresti\\\/modificari-de-trasee-in-transportul-public-din-bucuresti-de-la-1-decembrie\\\/\",\"name\":\"Modific\u0103ri de trasee \u00een transportul public din Bucure\u0219ti, de la 1 decembrie - Buletin de Bucure\u0219ti\",\"isPartOf\":{\"@id\":\"https:\\\/\\\/buletin.de\\\/bucuresti\\\/#website\"},\"primaryImageOfPage\":{\"@id\":\"https:\\\/\\\/buletin.de\\\/bucuresti\\\/modificari-de-trasee-in-transportul-public-din-bucuresti-de-la-1-decembrie\\\/#primaryimage\"},\"image\":{\"@id\":\"https:\\\/\\\/buletin.de\\\/bucuresti\\\/modificari-de-trasee-in-transportul-public-din-bucuresti-de-la-1-decembrie\\\/#primaryimage\"},\"thumbnailUrl\":\"https:\\\/\\\/buletin.de\\\/bucuresti\\\/wp-content\\\/uploads\\\/Autobuz-tramvai-linie-unica-sursa-Primaria-Bucuresti-e1595420965983.jpg\",\"datePublished\":\"2022-11-29T14:11:20+00:00\",\"breadcrumb\":{\"@id\":\"https:\\\/\\\/buletin.de\\\/bucuresti\\\/modificari-de-trasee-in-transportul-public-din-bucuresti-de-la-1-decembrie\\\/#breadcrumb\"},\"inLanguage\":\"en-GB\",\"potentialAction\":[{\"@type\":\"ReadAction\",\"target\":[\"https:\\\/\\\/buletin.de\\\/bucuresti\\\/modificari-de-trasee-in-transportul-public-din-bucuresti-de-la-1-decembrie\\\/\"]}]},{\"@type\":\"ImageObject\",\"inLanguage\":\"en-GB\",\"@id\":\"https:\\\/\\\/buletin.de\\\/bucuresti\\\/modificari-de-trasee-in-transportul-public-din-bucuresti-de-la-1-decembrie\\\/#primaryimage\",\"url\":\"https:\\\/\\\/buletin.de\\\/bucuresti\\\/wp-content\\\/uploads\\\/Autobuz-tramvai-linie-unica-sursa-Primaria-Bucuresti-e1595420965983.jpg\",\"contentUrl\":\"https:\\\/\\\/buletin.de\\\/bucuresti\\\/wp-content\\\/uploads\\\/Autobuz-tramvai-linie-unica-sursa-Primaria-Bucuresti-e1595420965983.jpg\",\"width\":700,\"height\":438},{\"@type\":\"BreadcrumbList\",\"@id\":\"https:\\\/\\\/buletin.de\\\/bucuresti\\\/modificari-de-trasee-in-transportul-public-din-bucuresti-de-la-1-decembrie\\\/#breadcrumb\",\"itemListElement\":[{\"@type\":\"ListItem\",\"position\":1,\"name\":\"Acas\u0103\",\"item\":\"https:\\\/\\\/buletin.de\\\/bucuresti\\\/\"},{\"@type\":\"ListItem\",\"position\":2,\"name\":\"Modific\u0103ri de trasee \u00een transportul public din Bucure\u0219ti, de la 1 decembrie\"}]},{\"@type\":\"WebSite\",\"@id\":\"https:\\\/\\\/buletin.de\\\/bucuresti\\\/#website\",\"url\":\"https:\\\/\\\/buletin.de\\\/bucuresti\\\/\",\"name\":\"Buletin de Bucure\u0219ti\",\"description\":\"\u0218tiri \u0219i investiga\u021bii esen\u021biale din capital\u0103\",\"publisher\":{\"@id\":\"https:\\\/\\\/buletin.de\\\/bucuresti\\\/#organization\"},\"potentialAction\":[{\"@type\":\"SearchAction\",\"target\":{\"@type\":\"EntryPoint\",\"urlTemplate\":\"https:\\\/\\\/buletin.de\\\/bucuresti\\\/?s={search_term_string}\"},\"query-input\":{\"@type\":\"PropertyValueSpecification\",\"valueRequired\":true,\"valueName\":\"search_term_string\"}}],\"inLanguage\":\"en-GB\"},{\"@type\":\"Organization\",\"@id\":\"https:\\\/\\\/buletin.de\\\/bucuresti\\\/#organization\",\"name\":\"Buletin de Bucure\u0219ti\",\"url\":\"https:\\\/\\\/buletin.de\\\/bucuresti\\\/\",\"logo\":{\"@type\":\"ImageObject\",\"inLanguage\":\"en-GB\",\"@id\":\"https:\\\/\\\/buletin.de\\\/bucuresti\\\/#\\\/schema\\\/logo\\\/image\\\/\",\"url\":\"https:\\\/\\\/buletin.de\\\/bucuresti\\\/wp-content\\\/uploads\\\/logo-bdb-full-wide-vernil-transparent.png\",\"contentUrl\":\"https:\\\/\\\/buletin.de\\\/bucuresti\\\/wp-content\\\/uploads\\\/logo-bdb-full-wide-vernil-transparent.png\",\"width\":1782,\"height\":626,\"caption\":\"Buletin de Bucure\u0219ti\"},\"image\":{\"@id\":\"https:\\\/\\\/buletin.de\\\/bucuresti\\\/#\\\/schema\\\/logo\\\/image\\\/\"},\"sameAs\":[\"https:\\\/\\\/www.facebook.com\\\/buletin.de.buc\",\"https:\\\/\\\/www.instagram.com\\\/buletinde.bucuresti\\\/\"]},{\"@type\":\"Person\",\"@id\":\"https:\\\/\\\/buletin.de\\\/bucuresti\\\/#\\\/schema\\\/person\\\/b0686d7a8b666c6afc78239777fd8a89\",\"name\":\"Florin R\u00e2\u0219teiu\",\"image\":{\"@type\":\"ImageObject\",\"inLanguage\":\"en-GB\",\"@id\":\"https:\\\/\\\/buletin.de\\\/bucuresti\\\/wp-content\\\/uploads\\\/Florin-Rasteiu-96x96.jpgf0a6fe28453aa12f0a60e4d0a2e3a78c\",\"url\":\"https:\\\/\\\/buletin.de\\\/bucuresti\\\/wp-content\\\/uploads\\\/Florin-Rasteiu-96x96.jpg\",\"contentUrl\":\"https:\\\/\\\/buletin.de\\\/bucuresti\\\/wp-content\\\/uploads\\\/Florin-Rasteiu-96x96.jpg\",\"caption\":\"Florin R\u00e2\u0219teiu\"},\"description\":\"Jurnalist de investiga\u021bie. Lucreaz\u0103 de aproape 6 ani la Buletin de Bucure\u0219ti, unde a publicat articole care scot la suprafa\u021b\u0103 corup\u021bia din Capital\u0103. Analizeaz\u0103 baze de date zilnic \u0219i scoate pove\u0219ti din exceluri pline de cifre. Pune reflectorul pe adev\u0103r cu fiecare ocazie. A c\u00e2\u0219tigat premiul I la categoria Pres\u0103 Local\u0103 \u00een 2025 \u0219i locul al II-lea la aceea\u0219i categorie \u00een 2024 \u00een cadrul Premiilor Superscrieri pentru jurnalism independent.\",\"url\":\"https:\\\/\\\/buletin.de\\\/bucuresti\\\/author\\\/florinrasteiu\\\/\"}]}<\/script>\n<!-- \/ Yoast SEO Premium plugin. -->","yoast_head_json":{"title":"Modific\u0103ri de trasee \u00een transportul public din Bucure\u0219ti, de la 1 decembrie - Buletin de Bucure\u0219ti","robots":{"index":"index","follow":"follow","max-snippet":"max-snippet:-1","max-image-preview":"max-image-preview:large","max-video-preview":"max-video-preview:-1"},"canonical":"https:\/\/buletin.de\/bucuresti\/modificari-de-trasee-in-transportul-public-din-bucuresti-de-la-1-decembrie\/","og_locale":"en_GB","og_type":"article","og_title":"Modific\u0103ri de trasee \u00een transportul public din Bucure\u0219ti, de la 1 decembrie","og_description":"Asocia\u021bia de Dezvoltare Intercomunitar\u0103 pentru Transport Public Bucure\u0219ti \u2013 Ilfov (TPBI) va face, de pe 1 decembrie, mai multe modific\u0103ri \u00een transportul public bucure\u0219tean. Linia urban\u0103 302 va fi transformat\u0103 \u00een linia metropolitan\u0103 484 \u0219i va fi \u00eenfiin\u021bat\u0103 linia 485, care le va asigura locuitorilor din Cartierul Fortuna noi leg\u0103turi de transport cu metroul, la [&hellip;]","og_url":"https:\/\/buletin.de\/bucuresti\/modificari-de-trasee-in-transportul-public-din-bucuresti-de-la-1-decembrie\/","og_site_name":"Buletin de Bucure\u0219ti","article_publisher":"https:\/\/www.facebook.com\/buletin.de.buc","article_published_time":"2022-11-29T14:11:20+00:00","og_image":[{"width":700,"height":438,"url":"https:\/\/buletin.de\/bucuresti\/wp-content\/uploads\/Autobuz-tramvai-linie-unica-sursa-Primaria-Bucuresti-e1595420965983.jpg","type":"image\/jpeg"}],"author":"Florin R\u00e2\u0219teiu","twitter_card":"summary_large_image","twitter_misc":{"Written by":"Florin R\u00e2\u0219teiu","Estimated reading time":"2 minutes"},"schema":{"@context":"https:\/\/schema.org","@graph":[{"@type":"Article","@id":"https:\/\/buletin.de\/bucuresti\/modificari-de-trasee-in-transportul-public-din-bucuresti-de-la-1-decembrie\/#article","isPartOf":{"@id":"https:\/\/buletin.de\/bucuresti\/modificari-de-trasee-in-transportul-public-din-bucuresti-de-la-1-decembrie\/"},"author":{"name":"Florin R\u00e2\u0219teiu","@id":"https:\/\/buletin.de\/bucuresti\/#\/schema\/person\/b0686d7a8b666c6afc78239777fd8a89"},"headline":"Modific\u0103ri de trasee \u00een transportul public din Bucure\u0219ti, de la 1 decembrie","datePublished":"2022-11-29T14:11:20+00:00","mainEntityOfPage":{"@id":"https:\/\/buletin.de\/bucuresti\/modificari-de-trasee-in-transportul-public-din-bucuresti-de-la-1-decembrie\/"},"wordCount":259,"publisher":{"@id":"https:\/\/buletin.de\/bucuresti\/#organization"},"image":{"@id":"https:\/\/buletin.de\/bucuresti\/modificari-de-trasee-in-transportul-public-din-bucuresti-de-la-1-decembrie\/#primaryimage"},"thumbnailUrl":"https:\/\/buletin.de\/bucuresti\/wp-content\/uploads\/Autobuz-tramvai-linie-unica-sursa-Primaria-Bucuresti-e1595420965983.jpg","keywords":["autobuze","bucuresti","linia 302","linia 484","linia 485","tpbi"],"articleSection":["Transport"],"inLanguage":"en-GB","copyrightYear":"2022","copyrightHolder":{"@id":"https:\/\/buletin.de\/bucuresti\/#organization"}},{"@type":"WebPage","@id":"https:\/\/buletin.de\/bucuresti\/modificari-de-trasee-in-transportul-public-din-bucuresti-de-la-1-decembrie\/","url":"https:\/\/buletin.de\/bucuresti\/modificari-de-trasee-in-transportul-public-din-bucuresti-de-la-1-decembrie\/","name":"Modific\u0103ri de trasee \u00een transportul public din Bucure\u0219ti, de la 1 decembrie - Buletin de Bucure\u0219ti","isPartOf":{"@id":"https:\/\/buletin.de\/bucuresti\/#website"},"primaryImageOfPage":{"@id":"https:\/\/buletin.de\/bucuresti\/modificari-de-trasee-in-transportul-public-din-bucuresti-de-la-1-decembrie\/#primaryimage"},"image":{"@id":"https:\/\/buletin.de\/bucuresti\/modificari-de-trasee-in-transportul-public-din-bucuresti-de-la-1-decembrie\/#primaryimage"},"thumbnailUrl":"https:\/\/buletin.de\/bucuresti\/wp-content\/uploads\/Autobuz-tramvai-linie-unica-sursa-Primaria-Bucuresti-e1595420965983.jpg","datePublished":"2022-11-29T14:11:20+00:00","breadcrumb":{"@id":"https:\/\/buletin.de\/bucuresti\/modificari-de-trasee-in-transportul-public-din-bucuresti-de-la-1-decembrie\/#breadcrumb"},"inLanguage":"en-GB","potentialAction":[{"@type":"ReadAction","target":["https:\/\/buletin.de\/bucuresti\/modificari-de-trasee-in-transportul-public-din-bucuresti-de-la-1-decembrie\/"]}]},{"@type":"ImageObject","inLanguage":"en-GB","@id":"https:\/\/buletin.de\/bucuresti\/modificari-de-trasee-in-transportul-public-din-bucuresti-de-la-1-decembrie\/#primaryimage","url":"https:\/\/buletin.de\/bucuresti\/wp-content\/uploads\/Autobuz-tramvai-linie-unica-sursa-Primaria-Bucuresti-e1595420965983.jpg","contentUrl":"https:\/\/buletin.de\/bucuresti\/wp-content\/uploads\/Autobuz-tramvai-linie-unica-sursa-Primaria-Bucuresti-e1595420965983.jpg","width":700,"height":438},{"@type":"BreadcrumbList","@id":"https:\/\/buletin.de\/bucuresti\/modificari-de-trasee-in-transportul-public-din-bucuresti-de-la-1-decembrie\/#breadcrumb","itemListElement":[{"@type":"ListItem","position":1,"name":"Acas\u0103","item":"https:\/\/buletin.de\/bucuresti\/"},{"@type":"ListItem","position":2,"name":"Modific\u0103ri de trasee \u00een transportul public din Bucure\u0219ti, de la 1 decembrie"}]},{"@type":"WebSite","@id":"https:\/\/buletin.de\/bucuresti\/#website","url":"https:\/\/buletin.de\/bucuresti\/","name":"Buletin de Bucure\u0219ti","description":"\u0218tiri \u0219i investiga\u021bii esen\u021biale din capital\u0103","publisher":{"@id":"https:\/\/buletin.de\/bucuresti\/#organization"},"potentialAction":[{"@type":"SearchAction","target":{"@type":"EntryPoint","urlTemplate":"https:\/\/buletin.de\/bucuresti\/?s={search_term_string}"},"query-input":{"@type":"PropertyValueSpecification","valueRequired":true,"valueName":"search_term_string"}}],"inLanguage":"en-GB"},{"@type":"Organization","@id":"https:\/\/buletin.de\/bucuresti\/#organization","name":"Buletin de Bucure\u0219ti","url":"https:\/\/buletin.de\/bucuresti\/","logo":{"@type":"ImageObject","inLanguage":"en-GB","@id":"https:\/\/buletin.de\/bucuresti\/#\/schema\/logo\/image\/","url":"https:\/\/buletin.de\/bucuresti\/wp-content\/uploads\/logo-bdb-full-wide-vernil-transparent.png","contentUrl":"https:\/\/buletin.de\/bucuresti\/wp-content\/uploads\/logo-bdb-full-wide-vernil-transparent.png","width":1782,"height":626,"caption":"Buletin de Bucure\u0219ti"},"image":{"@id":"https:\/\/buletin.de\/bucuresti\/#\/schema\/logo\/image\/"},"sameAs":["https:\/\/www.facebook.com\/buletin.de.buc","https:\/\/www.instagram.com\/buletinde.bucuresti\/"]},{"@type":"Person","@id":"https:\/\/buletin.de\/bucuresti\/#\/schema\/person\/b0686d7a8b666c6afc78239777fd8a89","name":"Florin R\u00e2\u0219teiu","image":{"@type":"ImageObject","inLanguage":"en-GB","@id":"https:\/\/buletin.de\/bucuresti\/wp-content\/uploads\/Florin-Rasteiu-96x96.jpgf0a6fe28453aa12f0a60e4d0a2e3a78c","url":"https:\/\/buletin.de\/bucuresti\/wp-content\/uploads\/Florin-Rasteiu-96x96.jpg","contentUrl":"https:\/\/buletin.de\/bucuresti\/wp-content\/uploads\/Florin-Rasteiu-96x96.jpg","caption":"Florin R\u00e2\u0219teiu"},"description":"Jurnalist de investiga\u021bie. Lucreaz\u0103 de aproape 6 ani la Buletin de Bucure\u0219ti, unde a publicat articole care scot la suprafa\u021b\u0103 corup\u021bia din Capital\u0103. Analizeaz\u0103 baze de date zilnic \u0219i scoate pove\u0219ti din exceluri pline de cifre. Pune reflectorul pe adev\u0103r cu fiecare ocazie. A c\u00e2\u0219tigat premiul I la categoria Pres\u0103 Local\u0103 \u00een 2025 \u0219i locul al II-lea la aceea\u0219i categorie \u00een 2024 \u00een cadrul Premiilor Superscrieri pentru jurnalism independent.","url":"https:\/\/buletin.de\/bucuresti\/author\/florinrasteiu\/"}]}},"authors":[{"term_id":22576,"user_id":17,"is_guest":0,"slug":"florinrasteiu","display_name":"Florin R\u00e2\u0219teiu","avatar_url":"https:\/\/buletin.de\/bucuresti\/wp-content\/uploads\/Florin-Rasteiu-96x96.jpg","0":null,"1":"","2":"","3":"","4":"","5":"","6":"","7":"","8":""}],"_links":{"self":[{"href":"https:\/\/buletin.de\/bucuresti\/wp-json\/wp\/v2\/posts\/48925","targetHints":{"allow":["GET"]}}],"collection":[{"href":"https:\/\/buletin.de\/bucuresti\/wp-json\/wp\/v2\/posts"}],"about":[{"href":"https:\/\/buletin.de\/bucuresti\/wp-json\/wp\/v2\/types\/post"}],"author":[{"embeddable":true,"href":"https:\/\/buletin.de\/bucuresti\/wp-json\/wp\/v2\/users\/17"}],"replies":[{"embeddable":true,"href":"https:\/\/buletin.de\/bucuresti\/wp-json\/wp\/v2\/comments?post=48925"}],"version-history":[{"count":2,"href":"https:\/\/buletin.de\/bucuresti\/wp-json\/wp\/v2\/posts\/48925\/revisions"}],"predecessor-version":[{"id":48932,"href":"https:\/\/buletin.de\/bucuresti\/wp-json\/wp\/v2\/posts\/48925\/revisions\/48932"}],"wp:featuredmedia":[{"embeddable":true,"href":"https:\/\/buletin.de\/bucuresti\/wp-json\/wp\/v2\/media\/34838"}],"wp:attachment":[{"href":"https:\/\/buletin.de\/bucuresti\/wp-json\/wp\/v2\/media?parent=48925"}],"wp:term":[{"taxonomy":"category","embeddable":true,"href":"https:\/\/buletin.de\/bucuresti\/wp-json\/wp\/v2\/categories?post=48925"},{"taxonomy":"post_tag","embeddable":true,"href":"https:\/\/buletin.de\/bucuresti\/wp-json\/wp\/v2\/tags?post=48925"},{"taxonomy":"author","embeddable":true,"href":"https:\/\/buletin.de\/bucuresti\/wp-json\/wp\/v2\/ppma_author?post=48925"}],"curies":[{"name":"wp","href":"https:\/\/api.w.org\/{rel}","templated":true}]}}