{"id":48897,"date":"2022-11-29T15:41:13","date_gmt":"2022-11-29T13:41:13","guid":{"rendered":"https:\/\/buletin.de\/bucuresti\/?p=48897"},"modified":"2022-11-29T15:41:14","modified_gmt":"2022-11-29T13:41:14","slug":"blocurile-din-sectorul-3-vor-beneficia-de-rampe-de-acces","status":"publish","type":"post","link":"https:\/\/buletin.de\/bucuresti\/blocurile-din-sectorul-3-vor-beneficia-de-rampe-de-acces\/","title":{"rendered":"Blocurile din sectorul 3 vor beneficia de rampe de acces"},"content":{"rendered":"\n<p>\u00cen Sectorul 3 se monteaz\u0103 rampe de acces la sc\u0103rile de bloc. Cererile pentru montarea rampelor trebuie s\u0103 fie depuse de Asocia\u021biile de proprietari.<\/p>\n\n\n\n<p>Robert Negoi\u021b\u0103, primarul Sectorului 3, a anun\u021bat printr-o postare pe Facebook asamblarea rampilor de acces \u00een blocuri. Asocia\u021biile de propietari pot cere o astfel de ramp\u0103 printr-o cerere pe site-ul prim\u0103riei, din categoria \u201eSemnaleaz\u0103 o problem\u0103\u201d, sau prin aplica\u021bia prim\u0103riei. Ulterior, echipele vor verifica daca \u00een loca\u021bie este posibil\u0103 montarea rampelor, iar ulterior vor da curs solicit\u0103rii.<\/p>\n\n\n\n<p><br>Rampele sunt produse \u00een fabrica de prefabricate a Prim\u0103riei Sectorului 3. Au o suprafa\u021b\u0103 aderent\u0103 \u0219i sunt realizate din materiale rezistente pentru o perioad\u0103 de utilizare c\u00e2t mai \u00eendelungat\u0103. Asocia\u021biile de proprietari din Sectorul 3 nu vor pl\u0103ti pentru aceste rampe de acces de la sc\u0103rile blocurilor.<br><br>Surs\u0103 foto: Prim\u0103ria Sectorului 3<\/p>\n","protected":false},"excerpt":{"rendered":"<p>\u00cen Sectorul 3 se monteaz\u0103 rampe de acces la sc\u0103rile de bloc. Cererile pentru montarea rampelor trebuie s\u0103 fie depuse de Asocia\u021biile de proprietari. Robert Negoi\u021b\u0103, primarul Sectorului 3, a anun\u021bat printr-o postare pe Facebook asamblarea rampilor de acces \u00een blocuri. Asocia\u021biile de propietari pot cere o astfel de ramp\u0103 printr-o cerere pe site-ul prim\u0103riei, [&hellip;]<\/p>\n","protected":false},"author":45,"featured_media":48899,"comment_status":"closed","ping_status":"open","sticky":false,"template":"","format":"standard","meta":{"_acf_changed":false,"inline_featured_image":false,"ngg_post_thumbnail":0,"footnotes":""},"categories":[62],"tags":[],"ppma_author":[22604],"class_list":["post-48897","post","type-post","status-publish","format-standard","has-post-thumbnail","hentry","category-stiri"],"acf":[],"yoast_head":"<!-- This site is optimized with the Yoast SEO Premium plugin v25.3 (Yoast SEO v27.4) - https:\/\/yoast.com\/product\/yoast-seo-premium-wordpress\/ -->\n<title>Blocurile din sectorul 3 vor beneficia de rampe de acces - Buletin de Bucure\u0219ti<\/title>\n<meta name=\"robots\" content=\"index, follow, max-snippet:-1, max-image-preview:large, max-video-preview:-1\" \/>\n<link rel=\"canonical\" href=\"https:\/\/buletin.de\/bucuresti\/blocurile-din-sectorul-3-vor-beneficia-de-rampe-de-acces\/\" \/>\n<meta property=\"og:locale\" content=\"en_GB\" \/>\n<meta property=\"og:type\" content=\"article\" \/>\n<meta property=\"og:title\" content=\"Blocurile din sectorul 3 vor beneficia de rampe de acces\" \/>\n<meta property=\"og:description\" content=\"\u00cen Sectorul 3 se monteaz\u0103 rampe de acces la sc\u0103rile de bloc. Cererile pentru montarea rampelor trebuie s\u0103 fie depuse de Asocia\u021biile de proprietari. Robert Negoi\u021b\u0103, primarul Sectorului 3, a anun\u021bat printr-o postare pe Facebook asamblarea rampilor de acces \u00een blocuri. Asocia\u021biile de propietari pot cere o astfel de ramp\u0103 printr-o cerere pe site-ul prim\u0103riei, [&hellip;]\" \/>\n<meta property=\"og:url\" content=\"https:\/\/buletin.de\/bucuresti\/blocurile-din-sectorul-3-vor-beneficia-de-rampe-de-acces\/\" \/>\n<meta property=\"og:site_name\" content=\"Buletin de Bucure\u0219ti\" \/>\n<meta property=\"article:publisher\" content=\"https:\/\/www.facebook.com\/buletin.de.buc\" \/>\n<meta property=\"article:published_time\" content=\"2022-11-29T13:41:13+00:00\" \/>\n<meta property=\"article:modified_time\" content=\"2022-11-29T13:41:14+00:00\" \/>\n<meta property=\"og:image\" content=\"https:\/\/buletin.de\/bucuresti\/wp-content\/uploads\/317544655_6006270896106821_8554957812901978217_n.jpg\" \/>\n\t<meta property=\"og:image:width\" content=\"2048\" \/>\n\t<meta property=\"og:image:height\" content=\"1536\" \/>\n\t<meta property=\"og:image:type\" content=\"image\/jpeg\" \/>\n<meta name=\"author\" content=\"Teodora \u0218uta\" \/>\n<meta name=\"twitter:card\" content=\"summary_large_image\" \/>\n<meta name=\"twitter:label1\" content=\"Written by\" \/>\n\t<meta name=\"twitter:data1\" content=\"Teodora \u0218uta\" \/>\n\t<meta name=\"twitter:label2\" content=\"Estimated reading time\" \/>\n\t<meta name=\"twitter:data2\" content=\"1 minute\" \/>\n<script type=\"application\/ld+json\" class=\"yoast-schema-graph\">{\"@context\":\"https:\\\/\\\/schema.org\",\"@graph\":[{\"@type\":\"Article\",\"@id\":\"https:\\\/\\\/buletin.de\\\/bucuresti\\\/blocurile-din-sectorul-3-vor-beneficia-de-rampe-de-acces\\\/#article\",\"isPartOf\":{\"@id\":\"https:\\\/\\\/buletin.de\\\/bucuresti\\\/blocurile-din-sectorul-3-vor-beneficia-de-rampe-de-acces\\\/\"},\"author\":{\"name\":\"Teodora \u0218uta\",\"@id\":\"https:\\\/\\\/buletin.de\\\/bucuresti\\\/#\\\/schema\\\/person\\\/5d54908fa90ab7ad3b2e88152efd6845\"},\"headline\":\"Blocurile din sectorul 3 vor beneficia de rampe de acces\",\"datePublished\":\"2022-11-29T13:41:13+00:00\",\"dateModified\":\"2022-11-29T13:41:14+00:00\",\"mainEntityOfPage\":{\"@id\":\"https:\\\/\\\/buletin.de\\\/bucuresti\\\/blocurile-din-sectorul-3-vor-beneficia-de-rampe-de-acces\\\/\"},\"wordCount\":152,\"publisher\":{\"@id\":\"https:\\\/\\\/buletin.de\\\/bucuresti\\\/#organization\"},\"image\":{\"@id\":\"https:\\\/\\\/buletin.de\\\/bucuresti\\\/blocurile-din-sectorul-3-vor-beneficia-de-rampe-de-acces\\\/#primaryimage\"},\"thumbnailUrl\":\"https:\\\/\\\/buletin.de\\\/bucuresti\\\/wp-content\\\/uploads\\\/317544655_6006270896106821_8554957812901978217_n.jpg\",\"articleSection\":[\"\u0218tiri\"],\"inLanguage\":\"en-GB\",\"copyrightYear\":\"2022\",\"copyrightHolder\":{\"@id\":\"https:\\\/\\\/buletin.de\\\/bucuresti\\\/#organization\"}},{\"@type\":\"WebPage\",\"@id\":\"https:\\\/\\\/buletin.de\\\/bucuresti\\\/blocurile-din-sectorul-3-vor-beneficia-de-rampe-de-acces\\\/\",\"url\":\"https:\\\/\\\/buletin.de\\\/bucuresti\\\/blocurile-din-sectorul-3-vor-beneficia-de-rampe-de-acces\\\/\",\"name\":\"Blocurile din sectorul 3 vor beneficia de rampe de acces - Buletin de Bucure\u0219ti\",\"isPartOf\":{\"@id\":\"https:\\\/\\\/buletin.de\\\/bucuresti\\\/#website\"},\"primaryImageOfPage\":{\"@id\":\"https:\\\/\\\/buletin.de\\\/bucuresti\\\/blocurile-din-sectorul-3-vor-beneficia-de-rampe-de-acces\\\/#primaryimage\"},\"image\":{\"@id\":\"https:\\\/\\\/buletin.de\\\/bucuresti\\\/blocurile-din-sectorul-3-vor-beneficia-de-rampe-de-acces\\\/#primaryimage\"},\"thumbnailUrl\":\"https:\\\/\\\/buletin.de\\\/bucuresti\\\/wp-content\\\/uploads\\\/317544655_6006270896106821_8554957812901978217_n.jpg\",\"datePublished\":\"2022-11-29T13:41:13+00:00\",\"dateModified\":\"2022-11-29T13:41:14+00:00\",\"breadcrumb\":{\"@id\":\"https:\\\/\\\/buletin.de\\\/bucuresti\\\/blocurile-din-sectorul-3-vor-beneficia-de-rampe-de-acces\\\/#breadcrumb\"},\"inLanguage\":\"en-GB\",\"potentialAction\":[{\"@type\":\"ReadAction\",\"target\":[\"https:\\\/\\\/buletin.de\\\/bucuresti\\\/blocurile-din-sectorul-3-vor-beneficia-de-rampe-de-acces\\\/\"]}]},{\"@type\":\"ImageObject\",\"inLanguage\":\"en-GB\",\"@id\":\"https:\\\/\\\/buletin.de\\\/bucuresti\\\/blocurile-din-sectorul-3-vor-beneficia-de-rampe-de-acces\\\/#primaryimage\",\"url\":\"https:\\\/\\\/buletin.de\\\/bucuresti\\\/wp-content\\\/uploads\\\/317544655_6006270896106821_8554957812901978217_n.jpg\",\"contentUrl\":\"https:\\\/\\\/buletin.de\\\/bucuresti\\\/wp-content\\\/uploads\\\/317544655_6006270896106821_8554957812901978217_n.jpg\",\"width\":2048,\"height\":1536},{\"@type\":\"BreadcrumbList\",\"@id\":\"https:\\\/\\\/buletin.de\\\/bucuresti\\\/blocurile-din-sectorul-3-vor-beneficia-de-rampe-de-acces\\\/#breadcrumb\",\"itemListElement\":[{\"@type\":\"ListItem\",\"position\":1,\"name\":\"Acas\u0103\",\"item\":\"https:\\\/\\\/buletin.de\\\/bucuresti\\\/\"},{\"@type\":\"ListItem\",\"position\":2,\"name\":\"Blocurile din sectorul 3 vor beneficia de rampe de acces\"}]},{\"@type\":\"WebSite\",\"@id\":\"https:\\\/\\\/buletin.de\\\/bucuresti\\\/#website\",\"url\":\"https:\\\/\\\/buletin.de\\\/bucuresti\\\/\",\"name\":\"Buletin de Bucure\u0219ti\",\"description\":\"\u0218tiri \u0219i investiga\u021bii esen\u021biale din capital\u0103\",\"publisher\":{\"@id\":\"https:\\\/\\\/buletin.de\\\/bucuresti\\\/#organization\"},\"potentialAction\":[{\"@type\":\"SearchAction\",\"target\":{\"@type\":\"EntryPoint\",\"urlTemplate\":\"https:\\\/\\\/buletin.de\\\/bucuresti\\\/?s={search_term_string}\"},\"query-input\":{\"@type\":\"PropertyValueSpecification\",\"valueRequired\":true,\"valueName\":\"search_term_string\"}}],\"inLanguage\":\"en-GB\"},{\"@type\":\"Organization\",\"@id\":\"https:\\\/\\\/buletin.de\\\/bucuresti\\\/#organization\",\"name\":\"Buletin de Bucure\u0219ti\",\"url\":\"https:\\\/\\\/buletin.de\\\/bucuresti\\\/\",\"logo\":{\"@type\":\"ImageObject\",\"inLanguage\":\"en-GB\",\"@id\":\"https:\\\/\\\/buletin.de\\\/bucuresti\\\/#\\\/schema\\\/logo\\\/image\\\/\",\"url\":\"https:\\\/\\\/buletin.de\\\/bucuresti\\\/wp-content\\\/uploads\\\/logo-bdb-full-wide-vernil-transparent.png\",\"contentUrl\":\"https:\\\/\\\/buletin.de\\\/bucuresti\\\/wp-content\\\/uploads\\\/logo-bdb-full-wide-vernil-transparent.png\",\"width\":1782,\"height\":626,\"caption\":\"Buletin de Bucure\u0219ti\"},\"image\":{\"@id\":\"https:\\\/\\\/buletin.de\\\/bucuresti\\\/#\\\/schema\\\/logo\\\/image\\\/\"},\"sameAs\":[\"https:\\\/\\\/www.facebook.com\\\/buletin.de.buc\",\"https:\\\/\\\/www.instagram.com\\\/buletinde.bucuresti\\\/\"]},{\"@type\":\"Person\",\"@id\":\"https:\\\/\\\/buletin.de\\\/bucuresti\\\/#\\\/schema\\\/person\\\/5d54908fa90ab7ad3b2e88152efd6845\",\"name\":\"Teodora \u0218uta\",\"image\":{\"@type\":\"ImageObject\",\"inLanguage\":\"en-GB\",\"@id\":\"https:\\\/\\\/secure.gravatar.com\\\/avatar\\\/0c709226af9845d97b126aa0aa80ab42778847ec3d11d741016b74a61174088d?s=96&d=monsterid&r=gf2e0c6a01d766272c6fa8af9e494be28\",\"url\":\"https:\\\/\\\/secure.gravatar.com\\\/avatar\\\/0c709226af9845d97b126aa0aa80ab42778847ec3d11d741016b74a61174088d?s=96&d=monsterid&r=g\",\"contentUrl\":\"https:\\\/\\\/secure.gravatar.com\\\/avatar\\\/0c709226af9845d97b126aa0aa80ab42778847ec3d11d741016b74a61174088d?s=96&d=monsterid&r=g\",\"caption\":\"Teodora \u0218uta\"},\"url\":\"https:\\\/\\\/buletin.de\\\/bucuresti\\\/author\\\/mariasuta\\\/\"}]}<\/script>\n<!-- \/ Yoast SEO Premium plugin. -->","yoast_head_json":{"title":"Blocurile din sectorul 3 vor beneficia de rampe de acces - Buletin de Bucure\u0219ti","robots":{"index":"index","follow":"follow","max-snippet":"max-snippet:-1","max-image-preview":"max-image-preview:large","max-video-preview":"max-video-preview:-1"},"canonical":"https:\/\/buletin.de\/bucuresti\/blocurile-din-sectorul-3-vor-beneficia-de-rampe-de-acces\/","og_locale":"en_GB","og_type":"article","og_title":"Blocurile din sectorul 3 vor beneficia de rampe de acces","og_description":"\u00cen Sectorul 3 se monteaz\u0103 rampe de acces la sc\u0103rile de bloc. Cererile pentru montarea rampelor trebuie s\u0103 fie depuse de Asocia\u021biile de proprietari. Robert Negoi\u021b\u0103, primarul Sectorului 3, a anun\u021bat printr-o postare pe Facebook asamblarea rampilor de acces \u00een blocuri. Asocia\u021biile de propietari pot cere o astfel de ramp\u0103 printr-o cerere pe site-ul prim\u0103riei, [&hellip;]","og_url":"https:\/\/buletin.de\/bucuresti\/blocurile-din-sectorul-3-vor-beneficia-de-rampe-de-acces\/","og_site_name":"Buletin de Bucure\u0219ti","article_publisher":"https:\/\/www.facebook.com\/buletin.de.buc","article_published_time":"2022-11-29T13:41:13+00:00","article_modified_time":"2022-11-29T13:41:14+00:00","og_image":[{"width":2048,"height":1536,"url":"https:\/\/buletin.de\/bucuresti\/wp-content\/uploads\/317544655_6006270896106821_8554957812901978217_n.jpg","type":"image\/jpeg"}],"author":"Teodora \u0218uta","twitter_card":"summary_large_image","twitter_misc":{"Written by":"Teodora \u0218uta","Estimated reading time":"1 minute"},"schema":{"@context":"https:\/\/schema.org","@graph":[{"@type":"Article","@id":"https:\/\/buletin.de\/bucuresti\/blocurile-din-sectorul-3-vor-beneficia-de-rampe-de-acces\/#article","isPartOf":{"@id":"https:\/\/buletin.de\/bucuresti\/blocurile-din-sectorul-3-vor-beneficia-de-rampe-de-acces\/"},"author":{"name":"Teodora \u0218uta","@id":"https:\/\/buletin.de\/bucuresti\/#\/schema\/person\/5d54908fa90ab7ad3b2e88152efd6845"},"headline":"Blocurile din sectorul 3 vor beneficia de rampe de acces","datePublished":"2022-11-29T13:41:13+00:00","dateModified":"2022-11-29T13:41:14+00:00","mainEntityOfPage":{"@id":"https:\/\/buletin.de\/bucuresti\/blocurile-din-sectorul-3-vor-beneficia-de-rampe-de-acces\/"},"wordCount":152,"publisher":{"@id":"https:\/\/buletin.de\/bucuresti\/#organization"},"image":{"@id":"https:\/\/buletin.de\/bucuresti\/blocurile-din-sectorul-3-vor-beneficia-de-rampe-de-acces\/#primaryimage"},"thumbnailUrl":"https:\/\/buletin.de\/bucuresti\/wp-content\/uploads\/317544655_6006270896106821_8554957812901978217_n.jpg","articleSection":["\u0218tiri"],"inLanguage":"en-GB","copyrightYear":"2022","copyrightHolder":{"@id":"https:\/\/buletin.de\/bucuresti\/#organization"}},{"@type":"WebPage","@id":"https:\/\/buletin.de\/bucuresti\/blocurile-din-sectorul-3-vor-beneficia-de-rampe-de-acces\/","url":"https:\/\/buletin.de\/bucuresti\/blocurile-din-sectorul-3-vor-beneficia-de-rampe-de-acces\/","name":"Blocurile din sectorul 3 vor beneficia de rampe de acces - Buletin de Bucure\u0219ti","isPartOf":{"@id":"https:\/\/buletin.de\/bucuresti\/#website"},"primaryImageOfPage":{"@id":"https:\/\/buletin.de\/bucuresti\/blocurile-din-sectorul-3-vor-beneficia-de-rampe-de-acces\/#primaryimage"},"image":{"@id":"https:\/\/buletin.de\/bucuresti\/blocurile-din-sectorul-3-vor-beneficia-de-rampe-de-acces\/#primaryimage"},"thumbnailUrl":"https:\/\/buletin.de\/bucuresti\/wp-content\/uploads\/317544655_6006270896106821_8554957812901978217_n.jpg","datePublished":"2022-11-29T13:41:13+00:00","dateModified":"2022-11-29T13:41:14+00:00","breadcrumb":{"@id":"https:\/\/buletin.de\/bucuresti\/blocurile-din-sectorul-3-vor-beneficia-de-rampe-de-acces\/#breadcrumb"},"inLanguage":"en-GB","potentialAction":[{"@type":"ReadAction","target":["https:\/\/buletin.de\/bucuresti\/blocurile-din-sectorul-3-vor-beneficia-de-rampe-de-acces\/"]}]},{"@type":"ImageObject","inLanguage":"en-GB","@id":"https:\/\/buletin.de\/bucuresti\/blocurile-din-sectorul-3-vor-beneficia-de-rampe-de-acces\/#primaryimage","url":"https:\/\/buletin.de\/bucuresti\/wp-content\/uploads\/317544655_6006270896106821_8554957812901978217_n.jpg","contentUrl":"https:\/\/buletin.de\/bucuresti\/wp-content\/uploads\/317544655_6006270896106821_8554957812901978217_n.jpg","width":2048,"height":1536},{"@type":"BreadcrumbList","@id":"https:\/\/buletin.de\/bucuresti\/blocurile-din-sectorul-3-vor-beneficia-de-rampe-de-acces\/#breadcrumb","itemListElement":[{"@type":"ListItem","position":1,"name":"Acas\u0103","item":"https:\/\/buletin.de\/bucuresti\/"},{"@type":"ListItem","position":2,"name":"Blocurile din sectorul 3 vor beneficia de rampe de acces"}]},{"@type":"WebSite","@id":"https:\/\/buletin.de\/bucuresti\/#website","url":"https:\/\/buletin.de\/bucuresti\/","name":"Buletin de Bucure\u0219ti","description":"\u0218tiri \u0219i investiga\u021bii esen\u021biale din capital\u0103","publisher":{"@id":"https:\/\/buletin.de\/bucuresti\/#organization"},"potentialAction":[{"@type":"SearchAction","target":{"@type":"EntryPoint","urlTemplate":"https:\/\/buletin.de\/bucuresti\/?s={search_term_string}"},"query-input":{"@type":"PropertyValueSpecification","valueRequired":true,"valueName":"search_term_string"}}],"inLanguage":"en-GB"},{"@type":"Organization","@id":"https:\/\/buletin.de\/bucuresti\/#organization","name":"Buletin de Bucure\u0219ti","url":"https:\/\/buletin.de\/bucuresti\/","logo":{"@type":"ImageObject","inLanguage":"en-GB","@id":"https:\/\/buletin.de\/bucuresti\/#\/schema\/logo\/image\/","url":"https:\/\/buletin.de\/bucuresti\/wp-content\/uploads\/logo-bdb-full-wide-vernil-transparent.png","contentUrl":"https:\/\/buletin.de\/bucuresti\/wp-content\/uploads\/logo-bdb-full-wide-vernil-transparent.png","width":1782,"height":626,"caption":"Buletin de Bucure\u0219ti"},"image":{"@id":"https:\/\/buletin.de\/bucuresti\/#\/schema\/logo\/image\/"},"sameAs":["https:\/\/www.facebook.com\/buletin.de.buc","https:\/\/www.instagram.com\/buletinde.bucuresti\/"]},{"@type":"Person","@id":"https:\/\/buletin.de\/bucuresti\/#\/schema\/person\/5d54908fa90ab7ad3b2e88152efd6845","name":"Teodora \u0218uta","image":{"@type":"ImageObject","inLanguage":"en-GB","@id":"https:\/\/secure.gravatar.com\/avatar\/0c709226af9845d97b126aa0aa80ab42778847ec3d11d741016b74a61174088d?s=96&d=monsterid&r=gf2e0c6a01d766272c6fa8af9e494be28","url":"https:\/\/secure.gravatar.com\/avatar\/0c709226af9845d97b126aa0aa80ab42778847ec3d11d741016b74a61174088d?s=96&d=monsterid&r=g","contentUrl":"https:\/\/secure.gravatar.com\/avatar\/0c709226af9845d97b126aa0aa80ab42778847ec3d11d741016b74a61174088d?s=96&d=monsterid&r=g","caption":"Teodora \u0218uta"},"url":"https:\/\/buletin.de\/bucuresti\/author\/mariasuta\/"}]}},"authors":[{"term_id":22604,"user_id":45,"is_guest":0,"slug":"mariasuta","display_name":"Teodora \u0218uta","avatar_url":"https:\/\/secure.gravatar.com\/avatar\/0c709226af9845d97b126aa0aa80ab42778847ec3d11d741016b74a61174088d?s=96&d=monsterid&r=g","0":null,"1":"","2":"","3":"","4":"","5":"","6":"","7":"","8":""}],"_links":{"self":[{"href":"https:\/\/buletin.de\/bucuresti\/wp-json\/wp\/v2\/posts\/48897","targetHints":{"allow":["GET"]}}],"collection":[{"href":"https:\/\/buletin.de\/bucuresti\/wp-json\/wp\/v2\/posts"}],"about":[{"href":"https:\/\/buletin.de\/bucuresti\/wp-json\/wp\/v2\/types\/post"}],"author":[{"embeddable":true,"href":"https:\/\/buletin.de\/bucuresti\/wp-json\/wp\/v2\/users\/45"}],"replies":[{"embeddable":true,"href":"https:\/\/buletin.de\/bucuresti\/wp-json\/wp\/v2\/comments?post=48897"}],"version-history":[{"count":3,"href":"https:\/\/buletin.de\/bucuresti\/wp-json\/wp\/v2\/posts\/48897\/revisions"}],"predecessor-version":[{"id":48917,"href":"https:\/\/buletin.de\/bucuresti\/wp-json\/wp\/v2\/posts\/48897\/revisions\/48917"}],"wp:featuredmedia":[{"embeddable":true,"href":"https:\/\/buletin.de\/bucuresti\/wp-json\/wp\/v2\/media\/48899"}],"wp:attachment":[{"href":"https:\/\/buletin.de\/bucuresti\/wp-json\/wp\/v2\/media?parent=48897"}],"wp:term":[{"taxonomy":"category","embeddable":true,"href":"https:\/\/buletin.de\/bucuresti\/wp-json\/wp\/v2\/categories?post=48897"},{"taxonomy":"post_tag","embeddable":true,"href":"https:\/\/buletin.de\/bucuresti\/wp-json\/wp\/v2\/tags?post=48897"},{"taxonomy":"author","embeddable":true,"href":"https:\/\/buletin.de\/bucuresti\/wp-json\/wp\/v2\/ppma_author?post=48897"}],"curies":[{"name":"wp","href":"https:\/\/api.w.org\/{rel}","templated":true}]}}