{"id":48819,"date":"2022-11-29T17:24:30","date_gmt":"2022-11-29T15:24:30","guid":{"rendered":"https:\/\/buletin.de\/bucuresti\/?p=48819"},"modified":"2023-02-21T14:49:05","modified_gmt":"2023-02-21T12:49:05","slug":"modificarile-legilor-urbanismului-atacate-la-ccr-de-catre-usr-si-noua-dreapta-clotilde-armand-e-o-lege-criminala","status":"publish","type":"post","link":"https:\/\/buletin.de\/bucuresti\/modificarile-legilor-urbanismului-atacate-la-ccr-de-catre-usr-si-noua-dreapta-clotilde-armand-e-o-lege-criminala\/","title":{"rendered":"Modific\u0103rile legilor urbanismului, atacate la CCR de c\u0103tre USR \u0219i For\u021ba Dreptei. Clotilde Armand: &#8220;E o lege criminal\u0103!&#8221;"},"content":{"rendered":"\n<p>USR \u0219i For\u021ba Dreptei au atacat la CCR o lege ini\u021biat\u0103 de PNL \u0219i \u00een curs de promulgare. Noul act normativ, modific\u0103 vechea legisla\u021bie \u0219i mic\u0219oreaz\u0103 termenele de contestare a documenta\u021biilor de urbaniscm, pentru ONG-uri. Contestatarii de la cele dou\u0103 partide sus\u021bin c\u0103 actul normativ ar favoriza \u201emafia imobiliar\u0103&#8221;. Printre motivele invocate de USR se num\u0103r\u0103 \u0219i lipsa fundament\u0103rii temeinice \u015fi \u00eenc\u0103lcarea unor conven\u0163ii interna\u021bionale \u00een materia drepturilor omului la care Rom\u00e2nia este parte. <\/p>\n\n\n\n<p>\u00cen Senat a fost adoptat\u0103 o lege, votat\u0103 de PNL, PSD \u0219i UDMR, care aduce complet\u0103ri \u0219i modific\u0103ri legilor de construc\u021bii \u0219i urbanism. Aceste complet\u0103rii sunt menite s\u0103 apere investitorii imobiliari de ONG-urile <em>\u201econtrolate de indivizi care ac\u021bioneaz\u0103 cu rea-credin\u021b\u0103\u201d<\/em>, conform expunerii de motive ini\u021biale a ini\u021biatorilor PNL. <\/p>\n\n\n\n<blockquote class=\"wp-block-quote is-layout-flow wp-block-quote-is-layout-flow\"><p>&#8220;Legea restr\u00e2nge, \u00een mod profund neconstitu\u0163ional, accesul la Justi\u0163ie, prin reducerea radical\u0103 &#8211; de la 5 ani la 1 an &#8211; a termenului \u00een care organiza\u0163iile civice pot ataca \u00een instan\u0163\u0103 hot\u0103r\u00e2rile prin care sunt aprobate documenta\u0163iile construc\u0163iilor. Totodat\u0103, legea scurteaz\u0103 termenul \u00een care pot fi introduse cererile de anulare, de suspendare sau de interven\u0163ie&#8221;<\/p><cite>comunicat USR citat de Agerpres<\/cite><\/blockquote>\n\n\n\n<p>De asemenea, USR sus\u021bine \u0219i c\u0103 aplicarea selectiv\u0103 a termenelor, pentru doar o categorie de persoane juridice, instituie un tratament defavorabil reprezentan\u021bilor societ\u0103\u021bii civile, contrar Articolului 16 din Constitu\u021bie ce are \u00een vedere egalitatea de drepturi. <\/p>\n\n\n\n<p>Pe pagina sa de Facebook, Clotilde Armand descrie aceast\u0103 lege ca fiind una \u201ecriminal\u0103 pentru Urbanism\u201d \u0219i subliniaz\u0103 rolul important pe care asocia\u021bile civice l-au avut p\u00e2n\u0103 acum \u00een lupta cu mafia imobiliar\u0103.<\/p>\n\n\n\n<p>Cel mai cunoscut astfel de caz de implicare a societ\u0103\u021bilor civile, conform Primarului Sectorului 1, este cazul imobilelor construite ilegal de pe Aleea Modrogan 1A, unde un investitor construia un complex reziden\u021bial \u00een gr\u0103dina palatului Filipescu-Br\u00e2ncoveanu, cu autoriza\u021bii declarate ilegale \u0219i suspendate de Curtea de Apel Bucure\u0219ti. Cei ce au solicitat anularea acestor autoriza\u021bii au fost Asocia\u021bia pentru Conservarea Integrat\u0103 a Patrimoniului Natural \u0219i Cultural. Alt exemplu este sistarea lucr\u0103rilor de pe \u0218oseaua Kiseleff 45, unde au fost ridicate blocuri pe un spa\u021biu verde ce g\u0103zduia o copie a gr\u0103dinilor de la Versailles. Asocia\u021biile Salva\u021bi Bucure\u0219tiul \u0219i Ecocivica au intentat procesul.<\/p>\n\n\n\n<p><\/p>\n\n\n\n<h2 class=\"wp-block-heading\">Parcursul legislativ al modific\u0103rilor<\/h2>\n\n\n\n<p>Proiectul ini\u021bial de lege a fost \u00eenregistrat la Senat \u00een data de 11.04.2022. Conform expunerii de motive, modificarea vechilor legi are ca scop <em>\u201eechilibrarea\u201d<\/em> rela\u021biilor dintre ONG-urile <em>\u201ecu interese\u201d<\/em> care <em>\u201eatac\u0103\u201d<\/em> investitorii cu  <em>\u201eproiecte imobiliare cu valoare de pia\u021b\u0103 colosale\u201d<\/em>. Pe proiect \u0219i-au pus semn\u0103tura 20 de parlamentari PNL.<\/p>\n\n\n\n<p>Cei de la PNL au propus introducerea unui termen de 30 de zile \u00een care organismele sociale interesate s\u0103 poat\u0103 ataca \u00een instan\u021b\u0103 autoriza\u021bia de construc\u021bie, \u0219i reducerea termenului de contestare a PUZ-urilor \u0219i PUG-urilor (planurile urbanistice) de la 5 ani la 1 an.<\/p>\n\n\n\n<div class=\"wp-block-coblocks-alert\" aria-label=\"Alert section\"><p class=\"wp-block-coblocks-alert__title\">La articolul 64 din Legea nr. 350\/2001, care are \u00een vedere PUZ-urile \u0219i PUG-urile, se introduce un nou alineat, cu urm\u0103torul cuprins:<\/p><p class=\"wp-block-coblocks-alert__text\"><em>\u201e(4) Prin excep\u0163ie de la prevederile alin.(3), pentru organismele sociale interesate, dreptul de a<br>ataca hot\u0103r\u00e2rile de aprobare se prescrie \u00een termen de 1 an de la data aprob\u0103rii.<\/em>\u201d<\/p><\/div>\n\n\n\n<div class=\"wp-block-coblocks-alert\" aria-label=\"Alert section\"><p class=\"wp-block-coblocks-alert__title\">La Legea nr.50\/1991, republicat\u0103 \u00een Monitorul Oficial al Rom\u00e2niei, Partea I, nr.933 din 13 octombrie 2004, Articolul 12, privind anularea autoriza\u021biilor de construire, se adaug\u0103 un alineat:<\/p><p class=\"wp-block-coblocks-alert__text\"><em>\u201e(3) Pentru organismele sociale interesate, \u00een litigiile ce vizeaz\u0103 autoriza\u0163iile de construire,termenul pentru formularea pl\u00e2ngerii prealabile (&#8230;) .este de 30 de zile \u015fi \u00eencepe s\u0103 curg\u0103 de la data ultimei opera\u0163iuni de publicitate, reglementat\u0103 conform art.7 alin.(23<sup>4<\/sup>), dac\u0103 pl\u00e2ngerea prealabil\u0103 nu mai este obligatorie, (&#8230;) \u00een litigiile ce vizeaz\u0103 autoriza\u0163iile de construire, termenul pentru introducerea cererilor de anulare, de suspendare, de interven\u0163ie accesorie sau de interven\u0163ie principal\u0103, este de 60 de zile (&#8230;) conform art.7 alin.(23<sup>4<\/sup>). \u201d<\/em><\/p><\/div>\n\n\n\n<p><\/p>\n\n\n\n<p>\u00cen opinia USR o astfel de modificare a legii este net \u00een favoare unei singure categorii, cea a investitorilor imobiliari.<\/p>\n\n\n\n<blockquote class=\"wp-block-quote is-layout-flow wp-block-quote-is-layout-flow\"><p>&#8220;Scopul este de a debalansa complet echilibrul dintre comunitate \u015fi dezvoltatori, \u00een favoarea celor din urm\u0103. Acest lucru nu poate r\u0103m\u00e2ne a\u015fa. Chiar dac\u0103 au 70% din Parlament, PSD, PNL \u015fi UDMR nu pot face chiar orice vor \u00een Rom\u00e2nia&#8221;, <\/p><cite>a afirmat senatorul USR Raoul Trifan<\/cite><\/blockquote>\n\n\n\n<p><\/p>\n\n\n\n<h2 class=\"wp-block-heading\">Precedent la CCR<\/h2>\n\n\n\n<p>Impunerea unui termen pentru atacarea \u00een instan\u021b\u0103 a autoriza\u021biei de construc\u021bie de c\u0103tre un ter\u021b nu este nou\u0103. Un astfel de termen a fost prezent \u0219i \u00een formularea ini\u021bial\u0103 a legii 554\/2004. Perioada era de 6 luni \u0219i a fost ad\u0103ugat\u0103 \u201eautomat\u201d deoarece<em> \u201eacela\u0219i termen era aplicabil tuturor subiectelor de drept asem\u0103n\u0103toare.\u201d<\/em>(argument adus \u00een cadrul unei argument\u0103ri din decizia CCR nr. 797\/2007).&nbsp;<\/p>\n\n\n\n<p>\u00cens\u0103 aceasta formulare a fost declarat\u0103 neconstitu\u021bional\u0103 (\u00een cadrul acelea\u0219i decizii CCR, nr. 797\/2007). Decizia de neconstitu\u021bionalitate a avut ca scop ap\u0103rarea dreptului la ac\u021biune al&nbsp;unui ter\u021b v\u0103t\u0103mat, adic\u0103 a \u201eorganismelor sociale interesate\u201d, deoarece, atunci c\u00e2nd nu este implicat direct, exist\u0103 posibilitatea s\u0103 ia la cuno\u0219tin\u021b\u0103 actul pe care vrea s\u0103-l atace \u00een instan\u021b\u0103 abia dup\u0103 trecerea termenului prev\u0103zut.<\/p>\n\n\n\n<p>\u00cen proiectul de Lege ini\u021biat de PNL, se \u00eencearc\u0103 ocolirea acestei probleme identificate de CCR prin introducerea sintagmei de \u201e<em>opera\u0163iuni de publicitate\u201d. <\/em> Cei de la PNL consider\u0103 c\u0103 investitorii se supun unui pericol prea costisitor \u00een momentul actual, \u00een care ONG-urile pot s\u0103 conteste autoriza\u021bia de construc\u021bie oric\u00e2nd. Dac\u0103 ar fi impus un termen de zile a c\u0103ror num\u0103r\u0103toare s\u0103 \u00eenceap\u0103 din  \u201emomentul \u00een care s-a luat la cuno\u0219tin\u021b\u0103\u201d, ar fi <em>\u201eimposibil\u201d<\/em> pentru un investitor s\u0103 comunice informa\u021biile tuturor ONG-urilor interesate. Astfel, solu\u021bia este fixarea \u00eenceputului termenului \u00een urma unei ac\u021biuni de informare considerate suficiente:<\/p>\n\n\n\n<div class=\"wp-block-coblocks-alert has-text-align-left\" aria-label=\"Alert section\"><p class=\"wp-block-coblocks-alert__title\">La Legea nr.50\/1991, republicat\u0103 \u00een Monitorul Oficial al Rom\u00e2niei, Partea I, nr.933 din 13 octombrie 2004, se adaug\u0103, printre altele:<\/p><p class=\"wp-block-coblocks-alert__text\"><em>\u201e(23<sup>4<\/sup>) Con\u0163inutul autoriza\u0163iei de construire se consider\u0103 adus la cuno\u015ftin\u0163a organismelor sociale interesate la data ultimei opera\u0163iuni de publicitate, mai precis la data finaliz\u0103rii opera\u0163iunilor de publicitate de c\u0103tre autoritatea public\u0103 \u00een conformitate cu prevederile alin.(23<sup>2<\/sup>), la data \u00eencheierii prin care s-a dispus notarea \u00een cartea funciar\u0103, la data public\u0103rii informa\u0163iilor men\u0163ionate \u00eentr-un ziar de larg\u0103 r\u0103sp\u00e2ndire sau la data afi\u015f\u0103rii panoului de identificare al investi\u0163iei, \u00een conformitate cu prevederile alin.(23<sup>3<\/sup>), indiferent care dintre aceste date survine ultima.<\/em>\u201d<\/p><\/div>\n\n\n\n<p><\/p>\n\n\n\n<p>ONG-i\u0219tii pot s\u0103 cear\u0103 documentele cu caracter public de interes, \u00eens\u0103 primirea acestor informa\u021bii nu schimb\u0103 data de la care cele 30 de zile \u00eencep s\u0103 se scurg\u0103. Acest lucru d\u0103 foarte pu\u021bin timp celor implica\u021bi, s\u0103 ia o ac\u021biune bazat\u0103 pe o opinie informat\u0103, av\u00e2nd \u00een vedere c\u0103 nu exist\u0103 niciodat\u0103 garan\u021bia unui r\u0103spuns rapid.<\/p>\n\n\n\n<blockquote class=\"wp-block-quote is-layout-flow wp-block-quote-is-layout-flow\"><p><em>\u201eEste dificil, dac\u0103 nu chiar imposibil, s\u0103 fie urm\u0103rite toate ziarele, pentru a \u201didentifica\u201d \u00een timp util autoriza\u021biile emise cu \u00eenc\u0103lcarea reglement\u0103rilor de urbanism (\u2026) Propunerile de modificare sunt f\u0103cute exclusiv \u00een favoarea dezvoltatorilor imobiliari.\u201d <\/em><\/p><cite>\u00een avizul favorabil dat de Consiliul Economic Social, al c\u0103rui pre\u0219edinte este Bogdan Simion.<\/cite><\/blockquote>\n\n\n\n<p><\/p>\n\n\n\n<p>Surs\u0103 fotografie: Facebook Clotilde Armand<\/p>\n\n\n\n<p><\/p>\n","protected":false},"excerpt":{"rendered":"<p>USR \u0219i For\u021ba Dreptei au atacat la CCR o lege ini\u021biat\u0103 de PNL \u0219i \u00een curs de promulgare. Noul act normativ, modific\u0103 vechea legisla\u021bie \u0219i mic\u0219oreaz\u0103 termenele de contestare a documenta\u021biilor de urbaniscm, pentru ONG-uri. Contestatarii de la cele dou\u0103 partide sus\u021bin c\u0103 actul normativ ar favoriza \u201emafia imobiliar\u0103&#8221;. Printre motivele invocate de USR se [&hellip;]<\/p>\n","protected":false},"author":47,"featured_media":48826,"comment_status":"closed","ping_status":"open","sticky":false,"template":"","format":"standard","meta":{"_acf_changed":false,"inline_featured_image":false,"ngg_post_thumbnail":0,"footnotes":""},"categories":[62],"tags":[4813,4782,5475,4814,579,762,65,4841,4812,1987,64],"ppma_author":[22580],"class_list":["post-48819","post","type-post","status-publish","format-standard","has-post-thumbnail","hentry","category-stiri","tag-autorizatie-constructie","tag-ccr","tag-legea-impotriva-ong","tag-mafia-imobiliara","tag-ong","tag-pnl","tag-psd","tag-puterea-dreptei","tag-udmr","tag-urbanism","tag-usr"],"acf":[],"yoast_head":"<!-- This site is optimized with the Yoast SEO Premium plugin v25.3 (Yoast SEO v27.4) - https:\/\/yoast.com\/product\/yoast-seo-premium-wordpress\/ -->\n<title>Modific\u0103rile legilor urbanismului, atacate la CCR de c\u0103tre USR \u0219i For\u021ba Dreptei. Clotilde Armand: &quot;E o lege criminal\u0103!&quot; - Buletin de Bucure\u0219ti<\/title>\n<meta name=\"robots\" content=\"index, follow, max-snippet:-1, max-image-preview:large, max-video-preview:-1\" \/>\n<link rel=\"canonical\" href=\"https:\/\/buletin.de\/bucuresti\/modificarile-legilor-urbanismului-atacate-la-ccr-de-catre-usr-si-noua-dreapta-clotilde-armand-e-o-lege-criminala\/\" \/>\n<meta property=\"og:locale\" content=\"en_GB\" \/>\n<meta property=\"og:type\" content=\"article\" \/>\n<meta property=\"og:title\" content=\"Modific\u0103rile legilor urbanismului, atacate la CCR de c\u0103tre USR \u0219i For\u021ba Dreptei. Clotilde Armand: &quot;E o lege criminal\u0103!&quot;\" \/>\n<meta property=\"og:description\" content=\"USR \u0219i For\u021ba Dreptei au atacat la CCR o lege ini\u021biat\u0103 de PNL \u0219i \u00een curs de promulgare. Noul act normativ, modific\u0103 vechea legisla\u021bie \u0219i mic\u0219oreaz\u0103 termenele de contestare a documenta\u021biilor de urbaniscm, pentru ONG-uri. Contestatarii de la cele dou\u0103 partide sus\u021bin c\u0103 actul normativ ar favoriza \u201emafia imobiliar\u0103&#8221;. Printre motivele invocate de USR se [&hellip;]\" \/>\n<meta property=\"og:url\" content=\"https:\/\/buletin.de\/bucuresti\/modificarile-legilor-urbanismului-atacate-la-ccr-de-catre-usr-si-noua-dreapta-clotilde-armand-e-o-lege-criminala\/\" \/>\n<meta property=\"og:site_name\" content=\"Buletin de Bucure\u0219ti\" \/>\n<meta property=\"article:publisher\" content=\"https:\/\/www.facebook.com\/buletin.de.buc\" \/>\n<meta property=\"article:published_time\" content=\"2022-11-29T15:24:30+00:00\" \/>\n<meta property=\"article:modified_time\" content=\"2023-02-21T12:49:05+00:00\" \/>\n<meta property=\"og:image\" content=\"https:\/\/buletin.de\/bucuresti\/wp-content\/uploads\/317103563_664537248584994_1566468663286279642_n-675x900.png\" \/>\n\t<meta property=\"og:image:width\" content=\"675\" \/>\n\t<meta property=\"og:image:height\" content=\"900\" \/>\n\t<meta property=\"og:image:type\" content=\"image\/png\" \/>\n<meta name=\"author\" content=\"Adina C\u0103p\u00eelnean\" \/>\n<meta name=\"twitter:card\" content=\"summary_large_image\" \/>\n<meta name=\"twitter:label1\" content=\"Written by\" \/>\n\t<meta name=\"twitter:data1\" content=\"Adina C\u0103p\u00eelnean\" \/>\n\t<meta name=\"twitter:label2\" content=\"Estimated reading time\" \/>\n\t<meta name=\"twitter:data2\" content=\"5 minutes\" \/>\n<script type=\"application\/ld+json\" class=\"yoast-schema-graph\">{\"@context\":\"https:\\\/\\\/schema.org\",\"@graph\":[{\"@type\":\"Article\",\"@id\":\"https:\\\/\\\/buletin.de\\\/bucuresti\\\/modificarile-legilor-urbanismului-atacate-la-ccr-de-catre-usr-si-noua-dreapta-clotilde-armand-e-o-lege-criminala\\\/#article\",\"isPartOf\":{\"@id\":\"https:\\\/\\\/buletin.de\\\/bucuresti\\\/modificarile-legilor-urbanismului-atacate-la-ccr-de-catre-usr-si-noua-dreapta-clotilde-armand-e-o-lege-criminala\\\/\"},\"author\":{\"name\":\"Adina C\u0103p\u00eelnean\",\"@id\":\"https:\\\/\\\/buletin.de\\\/bucuresti\\\/#\\\/schema\\\/person\\\/ab174cf6711728e4ee83d672acf9a912\"},\"headline\":\"Modific\u0103rile legilor urbanismului, atacate la CCR de c\u0103tre USR \u0219i For\u021ba Dreptei. Clotilde Armand: &#8220;E o lege criminal\u0103!&#8221;\",\"datePublished\":\"2022-11-29T15:24:30+00:00\",\"dateModified\":\"2023-02-21T12:49:05+00:00\",\"mainEntityOfPage\":{\"@id\":\"https:\\\/\\\/buletin.de\\\/bucuresti\\\/modificarile-legilor-urbanismului-atacate-la-ccr-de-catre-usr-si-noua-dreapta-clotilde-armand-e-o-lege-criminala\\\/\"},\"wordCount\":1224,\"publisher\":{\"@id\":\"https:\\\/\\\/buletin.de\\\/bucuresti\\\/#organization\"},\"image\":{\"@id\":\"https:\\\/\\\/buletin.de\\\/bucuresti\\\/modificarile-legilor-urbanismului-atacate-la-ccr-de-catre-usr-si-noua-dreapta-clotilde-armand-e-o-lege-criminala\\\/#primaryimage\"},\"thumbnailUrl\":\"https:\\\/\\\/buletin.de\\\/bucuresti\\\/wp-content\\\/uploads\\\/317103563_664537248584994_1566468663286279642_n.png\",\"keywords\":[\"autorizatie constructie\",\"CCR\",\"legea impotriva ong\",\"mafia imobiliara\",\"ong\",\"PNL\",\"psd\",\"puterea dreptei\",\"UDMR\",\"urbanism\",\"usr\"],\"articleSection\":[\"\u0218tiri\"],\"inLanguage\":\"en-GB\",\"copyrightYear\":\"2022\",\"copyrightHolder\":{\"@id\":\"https:\\\/\\\/buletin.de\\\/bucuresti\\\/#organization\"}},{\"@type\":\"WebPage\",\"@id\":\"https:\\\/\\\/buletin.de\\\/bucuresti\\\/modificarile-legilor-urbanismului-atacate-la-ccr-de-catre-usr-si-noua-dreapta-clotilde-armand-e-o-lege-criminala\\\/\",\"url\":\"https:\\\/\\\/buletin.de\\\/bucuresti\\\/modificarile-legilor-urbanismului-atacate-la-ccr-de-catre-usr-si-noua-dreapta-clotilde-armand-e-o-lege-criminala\\\/\",\"name\":\"Modific\u0103rile legilor urbanismului, atacate la CCR de c\u0103tre USR \u0219i For\u021ba Dreptei. Clotilde Armand: \\\"E o lege criminal\u0103!\\\" - Buletin de Bucure\u0219ti\",\"isPartOf\":{\"@id\":\"https:\\\/\\\/buletin.de\\\/bucuresti\\\/#website\"},\"primaryImageOfPage\":{\"@id\":\"https:\\\/\\\/buletin.de\\\/bucuresti\\\/modificarile-legilor-urbanismului-atacate-la-ccr-de-catre-usr-si-noua-dreapta-clotilde-armand-e-o-lege-criminala\\\/#primaryimage\"},\"image\":{\"@id\":\"https:\\\/\\\/buletin.de\\\/bucuresti\\\/modificarile-legilor-urbanismului-atacate-la-ccr-de-catre-usr-si-noua-dreapta-clotilde-armand-e-o-lege-criminala\\\/#primaryimage\"},\"thumbnailUrl\":\"https:\\\/\\\/buletin.de\\\/bucuresti\\\/wp-content\\\/uploads\\\/317103563_664537248584994_1566468663286279642_n.png\",\"datePublished\":\"2022-11-29T15:24:30+00:00\",\"dateModified\":\"2023-02-21T12:49:05+00:00\",\"breadcrumb\":{\"@id\":\"https:\\\/\\\/buletin.de\\\/bucuresti\\\/modificarile-legilor-urbanismului-atacate-la-ccr-de-catre-usr-si-noua-dreapta-clotilde-armand-e-o-lege-criminala\\\/#breadcrumb\"},\"inLanguage\":\"en-GB\",\"potentialAction\":[{\"@type\":\"ReadAction\",\"target\":[\"https:\\\/\\\/buletin.de\\\/bucuresti\\\/modificarile-legilor-urbanismului-atacate-la-ccr-de-catre-usr-si-noua-dreapta-clotilde-armand-e-o-lege-criminala\\\/\"]}]},{\"@type\":\"ImageObject\",\"inLanguage\":\"en-GB\",\"@id\":\"https:\\\/\\\/buletin.de\\\/bucuresti\\\/modificarile-legilor-urbanismului-atacate-la-ccr-de-catre-usr-si-noua-dreapta-clotilde-armand-e-o-lege-criminala\\\/#primaryimage\",\"url\":\"https:\\\/\\\/buletin.de\\\/bucuresti\\\/wp-content\\\/uploads\\\/317103563_664537248584994_1566468663286279642_n.png\",\"contentUrl\":\"https:\\\/\\\/buletin.de\\\/bucuresti\\\/wp-content\\\/uploads\\\/317103563_664537248584994_1566468663286279642_n.png\",\"width\":1200,\"height\":1599},{\"@type\":\"BreadcrumbList\",\"@id\":\"https:\\\/\\\/buletin.de\\\/bucuresti\\\/modificarile-legilor-urbanismului-atacate-la-ccr-de-catre-usr-si-noua-dreapta-clotilde-armand-e-o-lege-criminala\\\/#breadcrumb\",\"itemListElement\":[{\"@type\":\"ListItem\",\"position\":1,\"name\":\"Acas\u0103\",\"item\":\"https:\\\/\\\/buletin.de\\\/bucuresti\\\/\"},{\"@type\":\"ListItem\",\"position\":2,\"name\":\"Modific\u0103rile legilor urbanismului, atacate la CCR de c\u0103tre USR \u0219i For\u021ba Dreptei. Clotilde Armand: &#8220;E o lege criminal\u0103!&#8221;\"}]},{\"@type\":\"WebSite\",\"@id\":\"https:\\\/\\\/buletin.de\\\/bucuresti\\\/#website\",\"url\":\"https:\\\/\\\/buletin.de\\\/bucuresti\\\/\",\"name\":\"Buletin de Bucure\u0219ti\",\"description\":\"\u0218tiri \u0219i investiga\u021bii esen\u021biale din capital\u0103\",\"publisher\":{\"@id\":\"https:\\\/\\\/buletin.de\\\/bucuresti\\\/#organization\"},\"potentialAction\":[{\"@type\":\"SearchAction\",\"target\":{\"@type\":\"EntryPoint\",\"urlTemplate\":\"https:\\\/\\\/buletin.de\\\/bucuresti\\\/?s={search_term_string}\"},\"query-input\":{\"@type\":\"PropertyValueSpecification\",\"valueRequired\":true,\"valueName\":\"search_term_string\"}}],\"inLanguage\":\"en-GB\"},{\"@type\":\"Organization\",\"@id\":\"https:\\\/\\\/buletin.de\\\/bucuresti\\\/#organization\",\"name\":\"Buletin de Bucure\u0219ti\",\"url\":\"https:\\\/\\\/buletin.de\\\/bucuresti\\\/\",\"logo\":{\"@type\":\"ImageObject\",\"inLanguage\":\"en-GB\",\"@id\":\"https:\\\/\\\/buletin.de\\\/bucuresti\\\/#\\\/schema\\\/logo\\\/image\\\/\",\"url\":\"https:\\\/\\\/buletin.de\\\/bucuresti\\\/wp-content\\\/uploads\\\/logo-bdb-full-wide-vernil-transparent.png\",\"contentUrl\":\"https:\\\/\\\/buletin.de\\\/bucuresti\\\/wp-content\\\/uploads\\\/logo-bdb-full-wide-vernil-transparent.png\",\"width\":1782,\"height\":626,\"caption\":\"Buletin de Bucure\u0219ti\"},\"image\":{\"@id\":\"https:\\\/\\\/buletin.de\\\/bucuresti\\\/#\\\/schema\\\/logo\\\/image\\\/\"},\"sameAs\":[\"https:\\\/\\\/www.facebook.com\\\/buletin.de.buc\",\"https:\\\/\\\/www.instagram.com\\\/buletinde.bucuresti\\\/\"]},{\"@type\":\"Person\",\"@id\":\"https:\\\/\\\/buletin.de\\\/bucuresti\\\/#\\\/schema\\\/person\\\/ab174cf6711728e4ee83d672acf9a912\",\"name\":\"Adina C\u0103p\u00eelnean\",\"image\":{\"@type\":\"ImageObject\",\"inLanguage\":\"en-GB\",\"@id\":\"https:\\\/\\\/secure.gravatar.com\\\/avatar\\\/4fe9675d6282fd7c1aa4e486a037d532d5728fc16a30360f293eb6126b2e73ad?s=96&d=monsterid&r=ge2b23868508aec3460d3c6a11d3b599a\",\"url\":\"https:\\\/\\\/secure.gravatar.com\\\/avatar\\\/4fe9675d6282fd7c1aa4e486a037d532d5728fc16a30360f293eb6126b2e73ad?s=96&d=monsterid&r=g\",\"contentUrl\":\"https:\\\/\\\/secure.gravatar.com\\\/avatar\\\/4fe9675d6282fd7c1aa4e486a037d532d5728fc16a30360f293eb6126b2e73ad?s=96&d=monsterid&r=g\",\"caption\":\"Adina C\u0103p\u00eelnean\"},\"url\":\"https:\\\/\\\/buletin.de\\\/bucuresti\\\/author\\\/adinacapilnean\\\/\"}]}<\/script>\n<!-- \/ Yoast SEO Premium plugin. -->","yoast_head_json":{"title":"Modific\u0103rile legilor urbanismului, atacate la CCR de c\u0103tre USR \u0219i For\u021ba Dreptei. Clotilde Armand: \"E o lege criminal\u0103!\" - Buletin de Bucure\u0219ti","robots":{"index":"index","follow":"follow","max-snippet":"max-snippet:-1","max-image-preview":"max-image-preview:large","max-video-preview":"max-video-preview:-1"},"canonical":"https:\/\/buletin.de\/bucuresti\/modificarile-legilor-urbanismului-atacate-la-ccr-de-catre-usr-si-noua-dreapta-clotilde-armand-e-o-lege-criminala\/","og_locale":"en_GB","og_type":"article","og_title":"Modific\u0103rile legilor urbanismului, atacate la CCR de c\u0103tre USR \u0219i For\u021ba Dreptei. Clotilde Armand: \"E o lege criminal\u0103!\"","og_description":"USR \u0219i For\u021ba Dreptei au atacat la CCR o lege ini\u021biat\u0103 de PNL \u0219i \u00een curs de promulgare. Noul act normativ, modific\u0103 vechea legisla\u021bie \u0219i mic\u0219oreaz\u0103 termenele de contestare a documenta\u021biilor de urbaniscm, pentru ONG-uri. Contestatarii de la cele dou\u0103 partide sus\u021bin c\u0103 actul normativ ar favoriza \u201emafia imobiliar\u0103&#8221;. Printre motivele invocate de USR se [&hellip;]","og_url":"https:\/\/buletin.de\/bucuresti\/modificarile-legilor-urbanismului-atacate-la-ccr-de-catre-usr-si-noua-dreapta-clotilde-armand-e-o-lege-criminala\/","og_site_name":"Buletin de Bucure\u0219ti","article_publisher":"https:\/\/www.facebook.com\/buletin.de.buc","article_published_time":"2022-11-29T15:24:30+00:00","article_modified_time":"2023-02-21T12:49:05+00:00","og_image":[{"width":675,"height":900,"url":"https:\/\/buletin.de\/bucuresti\/wp-content\/uploads\/317103563_664537248584994_1566468663286279642_n-675x900.png","type":"image\/png"}],"author":"Adina C\u0103p\u00eelnean","twitter_card":"summary_large_image","twitter_misc":{"Written by":"Adina C\u0103p\u00eelnean","Estimated reading time":"5 minutes"},"schema":{"@context":"https:\/\/schema.org","@graph":[{"@type":"Article","@id":"https:\/\/buletin.de\/bucuresti\/modificarile-legilor-urbanismului-atacate-la-ccr-de-catre-usr-si-noua-dreapta-clotilde-armand-e-o-lege-criminala\/#article","isPartOf":{"@id":"https:\/\/buletin.de\/bucuresti\/modificarile-legilor-urbanismului-atacate-la-ccr-de-catre-usr-si-noua-dreapta-clotilde-armand-e-o-lege-criminala\/"},"author":{"name":"Adina C\u0103p\u00eelnean","@id":"https:\/\/buletin.de\/bucuresti\/#\/schema\/person\/ab174cf6711728e4ee83d672acf9a912"},"headline":"Modific\u0103rile legilor urbanismului, atacate la CCR de c\u0103tre USR \u0219i For\u021ba Dreptei. Clotilde Armand: &#8220;E o lege criminal\u0103!&#8221;","datePublished":"2022-11-29T15:24:30+00:00","dateModified":"2023-02-21T12:49:05+00:00","mainEntityOfPage":{"@id":"https:\/\/buletin.de\/bucuresti\/modificarile-legilor-urbanismului-atacate-la-ccr-de-catre-usr-si-noua-dreapta-clotilde-armand-e-o-lege-criminala\/"},"wordCount":1224,"publisher":{"@id":"https:\/\/buletin.de\/bucuresti\/#organization"},"image":{"@id":"https:\/\/buletin.de\/bucuresti\/modificarile-legilor-urbanismului-atacate-la-ccr-de-catre-usr-si-noua-dreapta-clotilde-armand-e-o-lege-criminala\/#primaryimage"},"thumbnailUrl":"https:\/\/buletin.de\/bucuresti\/wp-content\/uploads\/317103563_664537248584994_1566468663286279642_n.png","keywords":["autorizatie constructie","CCR","legea impotriva ong","mafia imobiliara","ong","PNL","psd","puterea dreptei","UDMR","urbanism","usr"],"articleSection":["\u0218tiri"],"inLanguage":"en-GB","copyrightYear":"2022","copyrightHolder":{"@id":"https:\/\/buletin.de\/bucuresti\/#organization"}},{"@type":"WebPage","@id":"https:\/\/buletin.de\/bucuresti\/modificarile-legilor-urbanismului-atacate-la-ccr-de-catre-usr-si-noua-dreapta-clotilde-armand-e-o-lege-criminala\/","url":"https:\/\/buletin.de\/bucuresti\/modificarile-legilor-urbanismului-atacate-la-ccr-de-catre-usr-si-noua-dreapta-clotilde-armand-e-o-lege-criminala\/","name":"Modific\u0103rile legilor urbanismului, atacate la CCR de c\u0103tre USR \u0219i For\u021ba Dreptei. Clotilde Armand: \"E o lege criminal\u0103!\" - Buletin de Bucure\u0219ti","isPartOf":{"@id":"https:\/\/buletin.de\/bucuresti\/#website"},"primaryImageOfPage":{"@id":"https:\/\/buletin.de\/bucuresti\/modificarile-legilor-urbanismului-atacate-la-ccr-de-catre-usr-si-noua-dreapta-clotilde-armand-e-o-lege-criminala\/#primaryimage"},"image":{"@id":"https:\/\/buletin.de\/bucuresti\/modificarile-legilor-urbanismului-atacate-la-ccr-de-catre-usr-si-noua-dreapta-clotilde-armand-e-o-lege-criminala\/#primaryimage"},"thumbnailUrl":"https:\/\/buletin.de\/bucuresti\/wp-content\/uploads\/317103563_664537248584994_1566468663286279642_n.png","datePublished":"2022-11-29T15:24:30+00:00","dateModified":"2023-02-21T12:49:05+00:00","breadcrumb":{"@id":"https:\/\/buletin.de\/bucuresti\/modificarile-legilor-urbanismului-atacate-la-ccr-de-catre-usr-si-noua-dreapta-clotilde-armand-e-o-lege-criminala\/#breadcrumb"},"inLanguage":"en-GB","potentialAction":[{"@type":"ReadAction","target":["https:\/\/buletin.de\/bucuresti\/modificarile-legilor-urbanismului-atacate-la-ccr-de-catre-usr-si-noua-dreapta-clotilde-armand-e-o-lege-criminala\/"]}]},{"@type":"ImageObject","inLanguage":"en-GB","@id":"https:\/\/buletin.de\/bucuresti\/modificarile-legilor-urbanismului-atacate-la-ccr-de-catre-usr-si-noua-dreapta-clotilde-armand-e-o-lege-criminala\/#primaryimage","url":"https:\/\/buletin.de\/bucuresti\/wp-content\/uploads\/317103563_664537248584994_1566468663286279642_n.png","contentUrl":"https:\/\/buletin.de\/bucuresti\/wp-content\/uploads\/317103563_664537248584994_1566468663286279642_n.png","width":1200,"height":1599},{"@type":"BreadcrumbList","@id":"https:\/\/buletin.de\/bucuresti\/modificarile-legilor-urbanismului-atacate-la-ccr-de-catre-usr-si-noua-dreapta-clotilde-armand-e-o-lege-criminala\/#breadcrumb","itemListElement":[{"@type":"ListItem","position":1,"name":"Acas\u0103","item":"https:\/\/buletin.de\/bucuresti\/"},{"@type":"ListItem","position":2,"name":"Modific\u0103rile legilor urbanismului, atacate la CCR de c\u0103tre USR \u0219i For\u021ba Dreptei. Clotilde Armand: &#8220;E o lege criminal\u0103!&#8221;"}]},{"@type":"WebSite","@id":"https:\/\/buletin.de\/bucuresti\/#website","url":"https:\/\/buletin.de\/bucuresti\/","name":"Buletin de Bucure\u0219ti","description":"\u0218tiri \u0219i investiga\u021bii esen\u021biale din capital\u0103","publisher":{"@id":"https:\/\/buletin.de\/bucuresti\/#organization"},"potentialAction":[{"@type":"SearchAction","target":{"@type":"EntryPoint","urlTemplate":"https:\/\/buletin.de\/bucuresti\/?s={search_term_string}"},"query-input":{"@type":"PropertyValueSpecification","valueRequired":true,"valueName":"search_term_string"}}],"inLanguage":"en-GB"},{"@type":"Organization","@id":"https:\/\/buletin.de\/bucuresti\/#organization","name":"Buletin de Bucure\u0219ti","url":"https:\/\/buletin.de\/bucuresti\/","logo":{"@type":"ImageObject","inLanguage":"en-GB","@id":"https:\/\/buletin.de\/bucuresti\/#\/schema\/logo\/image\/","url":"https:\/\/buletin.de\/bucuresti\/wp-content\/uploads\/logo-bdb-full-wide-vernil-transparent.png","contentUrl":"https:\/\/buletin.de\/bucuresti\/wp-content\/uploads\/logo-bdb-full-wide-vernil-transparent.png","width":1782,"height":626,"caption":"Buletin de Bucure\u0219ti"},"image":{"@id":"https:\/\/buletin.de\/bucuresti\/#\/schema\/logo\/image\/"},"sameAs":["https:\/\/www.facebook.com\/buletin.de.buc","https:\/\/www.instagram.com\/buletinde.bucuresti\/"]},{"@type":"Person","@id":"https:\/\/buletin.de\/bucuresti\/#\/schema\/person\/ab174cf6711728e4ee83d672acf9a912","name":"Adina C\u0103p\u00eelnean","image":{"@type":"ImageObject","inLanguage":"en-GB","@id":"https:\/\/secure.gravatar.com\/avatar\/4fe9675d6282fd7c1aa4e486a037d532d5728fc16a30360f293eb6126b2e73ad?s=96&d=monsterid&r=ge2b23868508aec3460d3c6a11d3b599a","url":"https:\/\/secure.gravatar.com\/avatar\/4fe9675d6282fd7c1aa4e486a037d532d5728fc16a30360f293eb6126b2e73ad?s=96&d=monsterid&r=g","contentUrl":"https:\/\/secure.gravatar.com\/avatar\/4fe9675d6282fd7c1aa4e486a037d532d5728fc16a30360f293eb6126b2e73ad?s=96&d=monsterid&r=g","caption":"Adina C\u0103p\u00eelnean"},"url":"https:\/\/buletin.de\/bucuresti\/author\/adinacapilnean\/"}]}},"authors":[{"term_id":22580,"user_id":47,"is_guest":0,"slug":"adinacapilnean","display_name":"Adina C\u0103p\u00eelnean","avatar_url":"https:\/\/secure.gravatar.com\/avatar\/4fe9675d6282fd7c1aa4e486a037d532d5728fc16a30360f293eb6126b2e73ad?s=96&d=monsterid&r=g","0":null,"1":"","2":"","3":"","4":"","5":"","6":"","7":"","8":""}],"_links":{"self":[{"href":"https:\/\/buletin.de\/bucuresti\/wp-json\/wp\/v2\/posts\/48819","targetHints":{"allow":["GET"]}}],"collection":[{"href":"https:\/\/buletin.de\/bucuresti\/wp-json\/wp\/v2\/posts"}],"about":[{"href":"https:\/\/buletin.de\/bucuresti\/wp-json\/wp\/v2\/types\/post"}],"author":[{"embeddable":true,"href":"https:\/\/buletin.de\/bucuresti\/wp-json\/wp\/v2\/users\/47"}],"replies":[{"embeddable":true,"href":"https:\/\/buletin.de\/bucuresti\/wp-json\/wp\/v2\/comments?post=48819"}],"version-history":[{"count":30,"href":"https:\/\/buletin.de\/bucuresti\/wp-json\/wp\/v2\/posts\/48819\/revisions"}],"predecessor-version":[{"id":48957,"href":"https:\/\/buletin.de\/bucuresti\/wp-json\/wp\/v2\/posts\/48819\/revisions\/48957"}],"wp:featuredmedia":[{"embeddable":true,"href":"https:\/\/buletin.de\/bucuresti\/wp-json\/wp\/v2\/media\/48826"}],"wp:attachment":[{"href":"https:\/\/buletin.de\/bucuresti\/wp-json\/wp\/v2\/media?parent=48819"}],"wp:term":[{"taxonomy":"category","embeddable":true,"href":"https:\/\/buletin.de\/bucuresti\/wp-json\/wp\/v2\/categories?post=48819"},{"taxonomy":"post_tag","embeddable":true,"href":"https:\/\/buletin.de\/bucuresti\/wp-json\/wp\/v2\/tags?post=48819"},{"taxonomy":"author","embeddable":true,"href":"https:\/\/buletin.de\/bucuresti\/wp-json\/wp\/v2\/ppma_author?post=48819"}],"curies":[{"name":"wp","href":"https:\/\/api.w.org\/{rel}","templated":true}]}}