{"id":48773,"date":"2022-11-27T21:03:03","date_gmt":"2022-11-27T19:03:03","guid":{"rendered":"https:\/\/buletin.de\/bucuresti\/?p=48773"},"modified":"2022-11-27T21:27:30","modified_gmt":"2022-11-27T19:27:30","slug":"bataie-la-targul-de-craciun-din-piata-constitutiei-din-cauza-unei-poze","status":"publish","type":"post","link":"https:\/\/buletin.de\/bucuresti\/bataie-la-targul-de-craciun-din-piata-constitutiei-din-cauza-unei-poze\/","title":{"rendered":"B\u0103taie la T\u00e2rgul de Cr\u0103ciun din Pia\u021ba Constitu\u021biei, din cauza unei poze"},"content":{"rendered":"\n<p>Seara de s\u00e2mb\u0103t\u0103, 26 noiembrie, s-a transformat \u00eentr-una cu ceart\u0103 \u0219i b\u0103taie pentru dou\u0103 familii prezente la T\u00e2rgul de Cr\u0103ciun din Pia\u021ba Constitu\u021biei. \u00cen jurul orei 21.45, \u00een zona Caruselului, a \u00eenceput scandalul. Motivul: o poz\u0103. <\/p>\n\n\n\n<p>O patrul\u0103 de jandarmi aflat\u0103 \u00een zon\u0103 a intervenit pentru a calma spiritele. \u0218apte persoane, dintre care patru b\u0103rba\u021bi \u0219i trei femei, au ajuns la Sec\u021bia 17 de Poli\u021bie pentru a da declara\u021bii. Pe numele lor au fost deschise dosare penale pentru loviri \u0219i alte violen\u021be.<\/p>\n\n\n\n<p>\u201e\u00cen acest context, Jandarmeria Capitalei recomand\u0103 cet\u0103\u021benilor care particip\u0103 la evenimente care implic\u0103 un num\u0103r mare participan\u021bi s\u0103 aib\u0103 un comportament civilizat, p\u0103rin\u021bii s\u0103 acorde o aten\u021bie deosebit\u0103 copiilor \u0219i s\u0103 aib\u0103 grij\u0103 de bunurile personale.<br>De asemenea, dac\u0103 sunt martorii s\u0103v\u00e2r\u0219irii unor fapte antisociale, s\u0103 apeleze cu \u00eencredere la cea mai apropiat\u0103 patrul\u0103 de jandarmerie.<\/p>\n\n\n\n<p>Principala noastr\u0103 misiune o reprezint\u0103 siguran\u021ba cet\u0103\u021benilor!\u201d, a precizat Jandarmeria Bucure\u0219ti.<\/p>\n\n\n\n<p>Surs\u0103 foto cover: Jandarmeria Bucure\u0219ti<\/p>\n\n\n\n<p><\/p>\n","protected":false},"excerpt":{"rendered":"<p>Seara de s\u00e2mb\u0103t\u0103, 26 noiembrie, s-a transformat \u00eentr-una cu ceart\u0103 \u0219i b\u0103taie pentru dou\u0103 familii prezente la T\u00e2rgul de Cr\u0103ciun din Pia\u021ba Constitu\u021biei. \u00cen jurul orei 21.45, \u00een zona Caruselului, a \u00eenceput scandalul. Motivul: o poz\u0103. O patrul\u0103 de jandarmi aflat\u0103 \u00een zon\u0103 a intervenit pentru a calma spiritele. \u0218apte persoane, dintre care patru b\u0103rba\u021bi [&hellip;]<\/p>\n","protected":false},"author":46,"featured_media":48776,"comment_status":"closed","ping_status":"open","sticky":false,"template":"","format":"standard","meta":{"_acf_changed":false,"inline_featured_image":false,"ngg_post_thumbnail":0,"footnotes":""},"categories":[62],"tags":[],"ppma_author":[22605],"class_list":["post-48773","post","type-post","status-publish","format-standard","has-post-thumbnail","hentry","category-stiri"],"acf":[],"yoast_head":"<!-- This site is optimized with the Yoast SEO Premium plugin v25.3 (Yoast SEO v27.5) - https:\/\/yoast.com\/product\/yoast-seo-premium-wordpress\/ -->\n<title>B\u0103taie la T\u00e2rgul de Cr\u0103ciun din Pia\u021ba Constitu\u021biei, din cauza unei poze - Buletin de Bucure\u0219ti<\/title>\n<meta name=\"robots\" content=\"index, follow, max-snippet:-1, max-image-preview:large, max-video-preview:-1\" \/>\n<link rel=\"canonical\" href=\"https:\/\/buletin.de\/bucuresti\/bataie-la-targul-de-craciun-din-piata-constitutiei-din-cauza-unei-poze\/\" \/>\n<meta property=\"og:locale\" content=\"en_GB\" \/>\n<meta property=\"og:type\" content=\"article\" \/>\n<meta property=\"og:title\" content=\"B\u0103taie la T\u00e2rgul de Cr\u0103ciun din Pia\u021ba Constitu\u021biei, din cauza unei poze\" \/>\n<meta property=\"og:description\" content=\"Seara de s\u00e2mb\u0103t\u0103, 26 noiembrie, s-a transformat \u00eentr-una cu ceart\u0103 \u0219i b\u0103taie pentru dou\u0103 familii prezente la T\u00e2rgul de Cr\u0103ciun din Pia\u021ba Constitu\u021biei. \u00cen jurul orei 21.45, \u00een zona Caruselului, a \u00eenceput scandalul. Motivul: o poz\u0103. O patrul\u0103 de jandarmi aflat\u0103 \u00een zon\u0103 a intervenit pentru a calma spiritele. \u0218apte persoane, dintre care patru b\u0103rba\u021bi [&hellip;]\" \/>\n<meta property=\"og:url\" content=\"https:\/\/buletin.de\/bucuresti\/bataie-la-targul-de-craciun-din-piata-constitutiei-din-cauza-unei-poze\/\" \/>\n<meta property=\"og:site_name\" content=\"Buletin de Bucure\u0219ti\" \/>\n<meta property=\"article:publisher\" content=\"https:\/\/www.facebook.com\/buletin.de.buc\" \/>\n<meta property=\"article:published_time\" content=\"2022-11-27T19:03:03+00:00\" \/>\n<meta property=\"article:modified_time\" content=\"2022-11-27T19:27:30+00:00\" \/>\n<meta property=\"og:image\" content=\"https:\/\/buletin.de\/bucuresti\/wp-content\/uploads\/WhatsApp-Image-2022-11-27-at-20.41.38.jpeg\" \/>\n\t<meta property=\"og:image:width\" content=\"1080\" \/>\n\t<meta property=\"og:image:height\" content=\"542\" \/>\n\t<meta property=\"og:image:type\" content=\"image\/jpeg\" \/>\n<meta name=\"author\" content=\"Andreea Gelatu\" \/>\n<meta name=\"twitter:card\" content=\"summary_large_image\" \/>\n<meta name=\"twitter:label1\" content=\"Written by\" \/>\n\t<meta name=\"twitter:data1\" content=\"Andreea Gelatu\" \/>\n\t<meta name=\"twitter:label2\" content=\"Estimated reading time\" \/>\n\t<meta name=\"twitter:data2\" content=\"1 minute\" \/>\n<script type=\"application\/ld+json\" class=\"yoast-schema-graph\">{\"@context\":\"https:\\\/\\\/schema.org\",\"@graph\":[{\"@type\":\"Article\",\"@id\":\"https:\\\/\\\/buletin.de\\\/bucuresti\\\/bataie-la-targul-de-craciun-din-piata-constitutiei-din-cauza-unei-poze\\\/#article\",\"isPartOf\":{\"@id\":\"https:\\\/\\\/buletin.de\\\/bucuresti\\\/bataie-la-targul-de-craciun-din-piata-constitutiei-din-cauza-unei-poze\\\/\"},\"author\":{\"name\":\"Andreea Gelatu\",\"@id\":\"https:\\\/\\\/buletin.de\\\/bucuresti\\\/#\\\/schema\\\/person\\\/87734700b2c7f8608881f7e93b8834de\"},\"headline\":\"B\u0103taie la T\u00e2rgul de Cr\u0103ciun din Pia\u021ba Constitu\u021biei, din cauza unei poze\",\"datePublished\":\"2022-11-27T19:03:03+00:00\",\"dateModified\":\"2022-11-27T19:27:30+00:00\",\"mainEntityOfPage\":{\"@id\":\"https:\\\/\\\/buletin.de\\\/bucuresti\\\/bataie-la-targul-de-craciun-din-piata-constitutiei-din-cauza-unei-poze\\\/\"},\"wordCount\":194,\"publisher\":{\"@id\":\"https:\\\/\\\/buletin.de\\\/bucuresti\\\/#organization\"},\"image\":{\"@id\":\"https:\\\/\\\/buletin.de\\\/bucuresti\\\/bataie-la-targul-de-craciun-din-piata-constitutiei-din-cauza-unei-poze\\\/#primaryimage\"},\"thumbnailUrl\":\"https:\\\/\\\/buletin.de\\\/bucuresti\\\/wp-content\\\/uploads\\\/WhatsApp-Image-2022-11-27-at-20.41.38.jpeg\",\"articleSection\":[\"\u0218tiri\"],\"inLanguage\":\"en-GB\",\"copyrightYear\":\"2022\",\"copyrightHolder\":{\"@id\":\"https:\\\/\\\/buletin.de\\\/bucuresti\\\/#organization\"}},{\"@type\":\"WebPage\",\"@id\":\"https:\\\/\\\/buletin.de\\\/bucuresti\\\/bataie-la-targul-de-craciun-din-piata-constitutiei-din-cauza-unei-poze\\\/\",\"url\":\"https:\\\/\\\/buletin.de\\\/bucuresti\\\/bataie-la-targul-de-craciun-din-piata-constitutiei-din-cauza-unei-poze\\\/\",\"name\":\"B\u0103taie la T\u00e2rgul de Cr\u0103ciun din Pia\u021ba Constitu\u021biei, din cauza unei poze - Buletin de Bucure\u0219ti\",\"isPartOf\":{\"@id\":\"https:\\\/\\\/buletin.de\\\/bucuresti\\\/#website\"},\"primaryImageOfPage\":{\"@id\":\"https:\\\/\\\/buletin.de\\\/bucuresti\\\/bataie-la-targul-de-craciun-din-piata-constitutiei-din-cauza-unei-poze\\\/#primaryimage\"},\"image\":{\"@id\":\"https:\\\/\\\/buletin.de\\\/bucuresti\\\/bataie-la-targul-de-craciun-din-piata-constitutiei-din-cauza-unei-poze\\\/#primaryimage\"},\"thumbnailUrl\":\"https:\\\/\\\/buletin.de\\\/bucuresti\\\/wp-content\\\/uploads\\\/WhatsApp-Image-2022-11-27-at-20.41.38.jpeg\",\"datePublished\":\"2022-11-27T19:03:03+00:00\",\"dateModified\":\"2022-11-27T19:27:30+00:00\",\"breadcrumb\":{\"@id\":\"https:\\\/\\\/buletin.de\\\/bucuresti\\\/bataie-la-targul-de-craciun-din-piata-constitutiei-din-cauza-unei-poze\\\/#breadcrumb\"},\"inLanguage\":\"en-GB\",\"potentialAction\":[{\"@type\":\"ReadAction\",\"target\":[\"https:\\\/\\\/buletin.de\\\/bucuresti\\\/bataie-la-targul-de-craciun-din-piata-constitutiei-din-cauza-unei-poze\\\/\"]}]},{\"@type\":\"ImageObject\",\"inLanguage\":\"en-GB\",\"@id\":\"https:\\\/\\\/buletin.de\\\/bucuresti\\\/bataie-la-targul-de-craciun-din-piata-constitutiei-din-cauza-unei-poze\\\/#primaryimage\",\"url\":\"https:\\\/\\\/buletin.de\\\/bucuresti\\\/wp-content\\\/uploads\\\/WhatsApp-Image-2022-11-27-at-20.41.38.jpeg\",\"contentUrl\":\"https:\\\/\\\/buletin.de\\\/bucuresti\\\/wp-content\\\/uploads\\\/WhatsApp-Image-2022-11-27-at-20.41.38.jpeg\",\"width\":1080,\"height\":542},{\"@type\":\"BreadcrumbList\",\"@id\":\"https:\\\/\\\/buletin.de\\\/bucuresti\\\/bataie-la-targul-de-craciun-din-piata-constitutiei-din-cauza-unei-poze\\\/#breadcrumb\",\"itemListElement\":[{\"@type\":\"ListItem\",\"position\":1,\"name\":\"Acas\u0103\",\"item\":\"https:\\\/\\\/buletin.de\\\/bucuresti\\\/\"},{\"@type\":\"ListItem\",\"position\":2,\"name\":\"B\u0103taie la T\u00e2rgul de Cr\u0103ciun din Pia\u021ba Constitu\u021biei, din cauza unei poze\"}]},{\"@type\":\"WebSite\",\"@id\":\"https:\\\/\\\/buletin.de\\\/bucuresti\\\/#website\",\"url\":\"https:\\\/\\\/buletin.de\\\/bucuresti\\\/\",\"name\":\"Buletin de Bucure\u0219ti\",\"description\":\"\u0218tiri \u0219i investiga\u021bii esen\u021biale din capital\u0103\",\"publisher\":{\"@id\":\"https:\\\/\\\/buletin.de\\\/bucuresti\\\/#organization\"},\"potentialAction\":[{\"@type\":\"SearchAction\",\"target\":{\"@type\":\"EntryPoint\",\"urlTemplate\":\"https:\\\/\\\/buletin.de\\\/bucuresti\\\/?s={search_term_string}\"},\"query-input\":{\"@type\":\"PropertyValueSpecification\",\"valueRequired\":true,\"valueName\":\"search_term_string\"}}],\"inLanguage\":\"en-GB\"},{\"@type\":\"Organization\",\"@id\":\"https:\\\/\\\/buletin.de\\\/bucuresti\\\/#organization\",\"name\":\"Buletin de Bucure\u0219ti\",\"url\":\"https:\\\/\\\/buletin.de\\\/bucuresti\\\/\",\"logo\":{\"@type\":\"ImageObject\",\"inLanguage\":\"en-GB\",\"@id\":\"https:\\\/\\\/buletin.de\\\/bucuresti\\\/#\\\/schema\\\/logo\\\/image\\\/\",\"url\":\"https:\\\/\\\/buletin.de\\\/bucuresti\\\/wp-content\\\/uploads\\\/logo-bdb-full-wide-vernil-transparent.png\",\"contentUrl\":\"https:\\\/\\\/buletin.de\\\/bucuresti\\\/wp-content\\\/uploads\\\/logo-bdb-full-wide-vernil-transparent.png\",\"width\":1782,\"height\":626,\"caption\":\"Buletin de Bucure\u0219ti\"},\"image\":{\"@id\":\"https:\\\/\\\/buletin.de\\\/bucuresti\\\/#\\\/schema\\\/logo\\\/image\\\/\"},\"sameAs\":[\"https:\\\/\\\/www.facebook.com\\\/buletin.de.buc\",\"https:\\\/\\\/www.instagram.com\\\/buletinde.bucuresti\\\/\"]},{\"@type\":\"Person\",\"@id\":\"https:\\\/\\\/buletin.de\\\/bucuresti\\\/#\\\/schema\\\/person\\\/87734700b2c7f8608881f7e93b8834de\",\"name\":\"Andreea Gelatu\",\"image\":{\"@type\":\"ImageObject\",\"inLanguage\":\"en-GB\",\"@id\":\"https:\\\/\\\/secure.gravatar.com\\\/avatar\\\/b716eca2f984b9b65bdd87118b4b909d940b619cbe6e8cb725fe11c1b1f4194f?s=96&d=monsterid&r=g9b5eff4996c6b842a29b3057a7b4746f\",\"url\":\"https:\\\/\\\/secure.gravatar.com\\\/avatar\\\/b716eca2f984b9b65bdd87118b4b909d940b619cbe6e8cb725fe11c1b1f4194f?s=96&d=monsterid&r=g\",\"contentUrl\":\"https:\\\/\\\/secure.gravatar.com\\\/avatar\\\/b716eca2f984b9b65bdd87118b4b909d940b619cbe6e8cb725fe11c1b1f4194f?s=96&d=monsterid&r=g\",\"caption\":\"Andreea Gelatu\"},\"url\":\"https:\\\/\\\/buletin.de\\\/bucuresti\\\/author\\\/andreeagelatu\\\/\"}]}<\/script>\n<!-- \/ Yoast SEO Premium plugin. -->","yoast_head_json":{"title":"B\u0103taie la T\u00e2rgul de Cr\u0103ciun din Pia\u021ba Constitu\u021biei, din cauza unei poze - Buletin de Bucure\u0219ti","robots":{"index":"index","follow":"follow","max-snippet":"max-snippet:-1","max-image-preview":"max-image-preview:large","max-video-preview":"max-video-preview:-1"},"canonical":"https:\/\/buletin.de\/bucuresti\/bataie-la-targul-de-craciun-din-piata-constitutiei-din-cauza-unei-poze\/","og_locale":"en_GB","og_type":"article","og_title":"B\u0103taie la T\u00e2rgul de Cr\u0103ciun din Pia\u021ba Constitu\u021biei, din cauza unei poze","og_description":"Seara de s\u00e2mb\u0103t\u0103, 26 noiembrie, s-a transformat \u00eentr-una cu ceart\u0103 \u0219i b\u0103taie pentru dou\u0103 familii prezente la T\u00e2rgul de Cr\u0103ciun din Pia\u021ba Constitu\u021biei. \u00cen jurul orei 21.45, \u00een zona Caruselului, a \u00eenceput scandalul. Motivul: o poz\u0103. O patrul\u0103 de jandarmi aflat\u0103 \u00een zon\u0103 a intervenit pentru a calma spiritele. \u0218apte persoane, dintre care patru b\u0103rba\u021bi [&hellip;]","og_url":"https:\/\/buletin.de\/bucuresti\/bataie-la-targul-de-craciun-din-piata-constitutiei-din-cauza-unei-poze\/","og_site_name":"Buletin de Bucure\u0219ti","article_publisher":"https:\/\/www.facebook.com\/buletin.de.buc","article_published_time":"2022-11-27T19:03:03+00:00","article_modified_time":"2022-11-27T19:27:30+00:00","og_image":[{"width":1080,"height":542,"url":"https:\/\/buletin.de\/bucuresti\/wp-content\/uploads\/WhatsApp-Image-2022-11-27-at-20.41.38.jpeg","type":"image\/jpeg"}],"author":"Andreea Gelatu","twitter_card":"summary_large_image","twitter_misc":{"Written by":"Andreea Gelatu","Estimated reading time":"1 minute"},"schema":{"@context":"https:\/\/schema.org","@graph":[{"@type":"Article","@id":"https:\/\/buletin.de\/bucuresti\/bataie-la-targul-de-craciun-din-piata-constitutiei-din-cauza-unei-poze\/#article","isPartOf":{"@id":"https:\/\/buletin.de\/bucuresti\/bataie-la-targul-de-craciun-din-piata-constitutiei-din-cauza-unei-poze\/"},"author":{"name":"Andreea Gelatu","@id":"https:\/\/buletin.de\/bucuresti\/#\/schema\/person\/87734700b2c7f8608881f7e93b8834de"},"headline":"B\u0103taie la T\u00e2rgul de Cr\u0103ciun din Pia\u021ba Constitu\u021biei, din cauza unei poze","datePublished":"2022-11-27T19:03:03+00:00","dateModified":"2022-11-27T19:27:30+00:00","mainEntityOfPage":{"@id":"https:\/\/buletin.de\/bucuresti\/bataie-la-targul-de-craciun-din-piata-constitutiei-din-cauza-unei-poze\/"},"wordCount":194,"publisher":{"@id":"https:\/\/buletin.de\/bucuresti\/#organization"},"image":{"@id":"https:\/\/buletin.de\/bucuresti\/bataie-la-targul-de-craciun-din-piata-constitutiei-din-cauza-unei-poze\/#primaryimage"},"thumbnailUrl":"https:\/\/buletin.de\/bucuresti\/wp-content\/uploads\/WhatsApp-Image-2022-11-27-at-20.41.38.jpeg","articleSection":["\u0218tiri"],"inLanguage":"en-GB","copyrightYear":"2022","copyrightHolder":{"@id":"https:\/\/buletin.de\/bucuresti\/#organization"}},{"@type":"WebPage","@id":"https:\/\/buletin.de\/bucuresti\/bataie-la-targul-de-craciun-din-piata-constitutiei-din-cauza-unei-poze\/","url":"https:\/\/buletin.de\/bucuresti\/bataie-la-targul-de-craciun-din-piata-constitutiei-din-cauza-unei-poze\/","name":"B\u0103taie la T\u00e2rgul de Cr\u0103ciun din Pia\u021ba Constitu\u021biei, din cauza unei poze - Buletin de Bucure\u0219ti","isPartOf":{"@id":"https:\/\/buletin.de\/bucuresti\/#website"},"primaryImageOfPage":{"@id":"https:\/\/buletin.de\/bucuresti\/bataie-la-targul-de-craciun-din-piata-constitutiei-din-cauza-unei-poze\/#primaryimage"},"image":{"@id":"https:\/\/buletin.de\/bucuresti\/bataie-la-targul-de-craciun-din-piata-constitutiei-din-cauza-unei-poze\/#primaryimage"},"thumbnailUrl":"https:\/\/buletin.de\/bucuresti\/wp-content\/uploads\/WhatsApp-Image-2022-11-27-at-20.41.38.jpeg","datePublished":"2022-11-27T19:03:03+00:00","dateModified":"2022-11-27T19:27:30+00:00","breadcrumb":{"@id":"https:\/\/buletin.de\/bucuresti\/bataie-la-targul-de-craciun-din-piata-constitutiei-din-cauza-unei-poze\/#breadcrumb"},"inLanguage":"en-GB","potentialAction":[{"@type":"ReadAction","target":["https:\/\/buletin.de\/bucuresti\/bataie-la-targul-de-craciun-din-piata-constitutiei-din-cauza-unei-poze\/"]}]},{"@type":"ImageObject","inLanguage":"en-GB","@id":"https:\/\/buletin.de\/bucuresti\/bataie-la-targul-de-craciun-din-piata-constitutiei-din-cauza-unei-poze\/#primaryimage","url":"https:\/\/buletin.de\/bucuresti\/wp-content\/uploads\/WhatsApp-Image-2022-11-27-at-20.41.38.jpeg","contentUrl":"https:\/\/buletin.de\/bucuresti\/wp-content\/uploads\/WhatsApp-Image-2022-11-27-at-20.41.38.jpeg","width":1080,"height":542},{"@type":"BreadcrumbList","@id":"https:\/\/buletin.de\/bucuresti\/bataie-la-targul-de-craciun-din-piata-constitutiei-din-cauza-unei-poze\/#breadcrumb","itemListElement":[{"@type":"ListItem","position":1,"name":"Acas\u0103","item":"https:\/\/buletin.de\/bucuresti\/"},{"@type":"ListItem","position":2,"name":"B\u0103taie la T\u00e2rgul de Cr\u0103ciun din Pia\u021ba Constitu\u021biei, din cauza unei poze"}]},{"@type":"WebSite","@id":"https:\/\/buletin.de\/bucuresti\/#website","url":"https:\/\/buletin.de\/bucuresti\/","name":"Buletin de Bucure\u0219ti","description":"\u0218tiri \u0219i investiga\u021bii esen\u021biale din capital\u0103","publisher":{"@id":"https:\/\/buletin.de\/bucuresti\/#organization"},"potentialAction":[{"@type":"SearchAction","target":{"@type":"EntryPoint","urlTemplate":"https:\/\/buletin.de\/bucuresti\/?s={search_term_string}"},"query-input":{"@type":"PropertyValueSpecification","valueRequired":true,"valueName":"search_term_string"}}],"inLanguage":"en-GB"},{"@type":"Organization","@id":"https:\/\/buletin.de\/bucuresti\/#organization","name":"Buletin de Bucure\u0219ti","url":"https:\/\/buletin.de\/bucuresti\/","logo":{"@type":"ImageObject","inLanguage":"en-GB","@id":"https:\/\/buletin.de\/bucuresti\/#\/schema\/logo\/image\/","url":"https:\/\/buletin.de\/bucuresti\/wp-content\/uploads\/logo-bdb-full-wide-vernil-transparent.png","contentUrl":"https:\/\/buletin.de\/bucuresti\/wp-content\/uploads\/logo-bdb-full-wide-vernil-transparent.png","width":1782,"height":626,"caption":"Buletin de Bucure\u0219ti"},"image":{"@id":"https:\/\/buletin.de\/bucuresti\/#\/schema\/logo\/image\/"},"sameAs":["https:\/\/www.facebook.com\/buletin.de.buc","https:\/\/www.instagram.com\/buletinde.bucuresti\/"]},{"@type":"Person","@id":"https:\/\/buletin.de\/bucuresti\/#\/schema\/person\/87734700b2c7f8608881f7e93b8834de","name":"Andreea Gelatu","image":{"@type":"ImageObject","inLanguage":"en-GB","@id":"https:\/\/secure.gravatar.com\/avatar\/b716eca2f984b9b65bdd87118b4b909d940b619cbe6e8cb725fe11c1b1f4194f?s=96&d=monsterid&r=g9b5eff4996c6b842a29b3057a7b4746f","url":"https:\/\/secure.gravatar.com\/avatar\/b716eca2f984b9b65bdd87118b4b909d940b619cbe6e8cb725fe11c1b1f4194f?s=96&d=monsterid&r=g","contentUrl":"https:\/\/secure.gravatar.com\/avatar\/b716eca2f984b9b65bdd87118b4b909d940b619cbe6e8cb725fe11c1b1f4194f?s=96&d=monsterid&r=g","caption":"Andreea Gelatu"},"url":"https:\/\/buletin.de\/bucuresti\/author\/andreeagelatu\/"}]}},"authors":[{"term_id":22605,"user_id":46,"is_guest":0,"slug":"andreeagelatu","display_name":"Andreea Gelatu","avatar_url":"https:\/\/secure.gravatar.com\/avatar\/b716eca2f984b9b65bdd87118b4b909d940b619cbe6e8cb725fe11c1b1f4194f?s=96&d=monsterid&r=g","0":null,"1":"","2":"","3":"","4":"","5":"","6":"","7":"","8":""}],"_links":{"self":[{"href":"https:\/\/buletin.de\/bucuresti\/wp-json\/wp\/v2\/posts\/48773","targetHints":{"allow":["GET"]}}],"collection":[{"href":"https:\/\/buletin.de\/bucuresti\/wp-json\/wp\/v2\/posts"}],"about":[{"href":"https:\/\/buletin.de\/bucuresti\/wp-json\/wp\/v2\/types\/post"}],"author":[{"embeddable":true,"href":"https:\/\/buletin.de\/bucuresti\/wp-json\/wp\/v2\/users\/46"}],"replies":[{"embeddable":true,"href":"https:\/\/buletin.de\/bucuresti\/wp-json\/wp\/v2\/comments?post=48773"}],"version-history":[{"count":4,"href":"https:\/\/buletin.de\/bucuresti\/wp-json\/wp\/v2\/posts\/48773\/revisions"}],"predecessor-version":[{"id":48780,"href":"https:\/\/buletin.de\/bucuresti\/wp-json\/wp\/v2\/posts\/48773\/revisions\/48780"}],"wp:featuredmedia":[{"embeddable":true,"href":"https:\/\/buletin.de\/bucuresti\/wp-json\/wp\/v2\/media\/48776"}],"wp:attachment":[{"href":"https:\/\/buletin.de\/bucuresti\/wp-json\/wp\/v2\/media?parent=48773"}],"wp:term":[{"taxonomy":"category","embeddable":true,"href":"https:\/\/buletin.de\/bucuresti\/wp-json\/wp\/v2\/categories?post=48773"},{"taxonomy":"post_tag","embeddable":true,"href":"https:\/\/buletin.de\/bucuresti\/wp-json\/wp\/v2\/tags?post=48773"},{"taxonomy":"author","embeddable":true,"href":"https:\/\/buletin.de\/bucuresti\/wp-json\/wp\/v2\/ppma_author?post=48773"}],"curies":[{"name":"wp","href":"https:\/\/api.w.org\/{rel}","templated":true}]}}