{"id":48699,"date":"2022-11-26T21:51:24","date_gmt":"2022-11-26T19:51:24","guid":{"rendered":"https:\/\/buletin.de\/bucuresti\/?p=48699"},"modified":"2023-09-19T15:32:25","modified_gmt":"2023-09-19T13:32:25","slug":"reportaj-repetitia-mama-invataturii-pregatiri-in-poligonul-ghencea-pentru-parada-militara-de-1-decembrie-din-piata-arcului-de-triumf","status":"publish","type":"post","link":"https:\/\/buletin.de\/bucuresti\/reportaj-repetitia-mama-invataturii-pregatiri-in-poligonul-ghencea-pentru-parada-militara-de-1-decembrie-din-piata-arcului-de-triumf\/","title":{"rendered":"Reportaj: Repeti\u021bia, mama \u00eenv\u0103\u021b\u0103turii. Preg\u0103tiri \u00een Poligonul Ghencea pentru parada militar\u0103 de 1 Decembrie din Pia\u021ba Arcului de Triumf."},"content":{"rendered":"\n<p><strong>St\u00e2ng-drept-st\u00e2ng&#8230;<\/strong><\/p>\n\n\n\n<p><strong>Anual, \u00eenainte de parada militar\u0103 oficial\u0103 de 1 Decembrie, militarii care fac parte din blocul pentru defilare exerseaz\u0103 cu sudoare p\u00e2n\u0103 c\u00e2nd totul iese ca la carte.<\/strong><\/p>\n\n\n\n<p><strong>To\u021bi militarii care au fost s\u00e2mb\u0103t\u0103 la repeti\u021bii, \u00een Poligonul Ghencea, iar pe 1 Decembrie, \u00een Pia\u021ba Arcului de Triumf, \u0219i-au scos toate \u201earmele\u201d, respectiv calit\u0103\u021bile din dotare, dob\u00e2ndite \u00een urma multor ore de antrenament, pentru ca totul s\u0103 fie \u00eentr-o caden\u021b\u0103 perfect\u0103.<\/strong><\/p>\n\n\n\n<p>Ziua a \u00eenceput cum nu se putea mai bine: un soare bl\u00e2nd de sf\u00e2r\u0219it de noiembrie a dat onorul de la primele ore ale dimine\u021bii, semn bun pentru militarii prezen\u021bi la datorie. \u00cen Poligon, militarii erau deja a\u0219eza\u021bi \u00een func\u021bie de arm\u0103. O \u00eembinare fantastic\u0103 de culori \u0219i de modele de uniform\u0103 militar\u0103! La \u00eenceput, printre jurnali\u0219ti a fost forfot\u0103. Fiecare \u00ee\u0219i c\u0103uta locul pentru a transmite cadrele cele mai bune de la fa\u021ba locului.<\/p>\n\n\n\n<p>Repeti\u021bia a \u00eenceput cu intonarea Imnului Na\u021bional, moment \u00een care toat\u0103 lumea a amu\u021bit. Odat\u0103 cu intonarea imnului, pe fundal, s-a auzit zgomotul salvelor de tun.<\/p>\n\n\n\n<p>Imediat dup\u0103, a \u00eenceput defilarea.<\/p>\n\n\n\n<p><strong>Cu st\u00e2ngul, \u00eenainte, mar\u0219!<\/strong><\/p>\n\n\n\n<figure class=\"wp-block-image size-large\"><img fetchpriority=\"high\" decoding=\"async\" width=\"900\" height=\"675\" src=\"data:image\/gif;base64,R0lGODlhAQABAAAAACH5BAEKAAEALAAAAAABAAEAAAICTAEAOw==\" data-src=\"https:\/\/buletin.de\/bucuresti\/wp-content\/uploads\/IMG_20221126_101448-900x675.jpg\" alt=\"\" class=\"wp-image-48710 lazyload\" data-sizes=\"auto\" data-srcset=\"https:\/\/buletin.de\/bucuresti\/wp-content\/uploads\/IMG_20221126_101448-900x675.jpg 900w, https:\/\/buletin.de\/bucuresti\/wp-content\/uploads\/IMG_20221126_101448-300x225.jpg 300w, https:\/\/buletin.de\/bucuresti\/wp-content\/uploads\/IMG_20221126_101448-768x576.jpg 768w, https:\/\/buletin.de\/bucuresti\/wp-content\/uploads\/IMG_20221126_101448-1536x1152.jpg 1536w, https:\/\/buletin.de\/bucuresti\/wp-content\/uploads\/IMG_20221126_101448-1060x795.jpg 1060w, https:\/\/buletin.de\/bucuresti\/wp-content\/uploads\/IMG_20221126_101448-550x413.jpg 550w, https:\/\/buletin.de\/bucuresti\/wp-content\/uploads\/IMG_20221126_101448-667x500.jpg 667w, https:\/\/buletin.de\/bucuresti\/wp-content\/uploads\/IMG_20221126_101448-1920x1440.jpg 1920w, https:\/\/buletin.de\/bucuresti\/wp-content\/uploads\/IMG_20221126_101448-1440x1080.jpg 1440w, https:\/\/buletin.de\/bucuresti\/wp-content\/uploads\/IMG_20221126_101448-600x450.jpg 600w, https:\/\/buletin.de\/bucuresti\/wp-content\/uploads\/IMG_20221126_101448.jpg 2000w\" sizes=\"(max-width: 900px) 100vw, 900px\" \/><\/figure>\n\n\n\n<figure class=\"wp-block-video\"><video height=\"352\" style=\"aspect-ratio: 640 \/ 352;\" width=\"640\" controls src=\"https:\/\/buletin.de\/bucuresti\/wp-content\/uploads\/WhatsApp-Video-2022-11-26-at-12.35.27.mp4\"><\/video><\/figure>\n\n\n\n<p>R\u00e2nd pe r\u00e2nd, militari din structurile de ap\u0103rare \u0219i de ordine public\u0103 participante la parad\u0103 au defilat. To\u021bi ochii de pe margine au fost a\u021binti\u021bi asupra lor. <\/p>\n\n\n\n<figure class=\"wp-block-image size-large\"><img decoding=\"async\" width=\"900\" height=\"675\" src=\"data:image\/gif;base64,R0lGODlhAQABAAAAACH5BAEKAAEALAAAAAABAAEAAAICTAEAOw==\" data-src=\"https:\/\/buletin.de\/bucuresti\/wp-content\/uploads\/IMG_20221126_101538-900x675.jpg\" alt=\"\" class=\"wp-image-48711 lazyload\" data-sizes=\"auto\" data-srcset=\"https:\/\/buletin.de\/bucuresti\/wp-content\/uploads\/IMG_20221126_101538-900x675.jpg 900w, https:\/\/buletin.de\/bucuresti\/wp-content\/uploads\/IMG_20221126_101538-300x225.jpg 300w, https:\/\/buletin.de\/bucuresti\/wp-content\/uploads\/IMG_20221126_101538-768x576.jpg 768w, https:\/\/buletin.de\/bucuresti\/wp-content\/uploads\/IMG_20221126_101538-1536x1152.jpg 1536w, https:\/\/buletin.de\/bucuresti\/wp-content\/uploads\/IMG_20221126_101538-1060x795.jpg 1060w, https:\/\/buletin.de\/bucuresti\/wp-content\/uploads\/IMG_20221126_101538-550x413.jpg 550w, https:\/\/buletin.de\/bucuresti\/wp-content\/uploads\/IMG_20221126_101538-667x500.jpg 667w, https:\/\/buletin.de\/bucuresti\/wp-content\/uploads\/IMG_20221126_101538-1920x1440.jpg 1920w, https:\/\/buletin.de\/bucuresti\/wp-content\/uploads\/IMG_20221126_101538-1440x1080.jpg 1440w, https:\/\/buletin.de\/bucuresti\/wp-content\/uploads\/IMG_20221126_101538-600x450.jpg 600w, https:\/\/buletin.de\/bucuresti\/wp-content\/uploads\/IMG_20221126_101538.jpg 2000w\" sizes=\"(max-width: 900px) 100vw, 900px\" \/><\/figure>\n\n\n\n<p>F\u0103r\u0103 s\u0103 schi\u021beze nici m\u0103car o grimas\u0103, cei care au ales s\u0103 serveasc\u0103 patria chiar \u0219i cu pre\u021bul vie\u021bii au executat pa\u0219ii de defilare \u00eentr-un sincron perfect. Doar pe fe\u021bele celor mai tineri \u0219i la \u00eenceput de carier\u0103 militar\u0103, s-a putut observa un sur\u00e2s de m\u00e2ndrie \u0219i de bucurie pentru c\u0103 iau parte la un astfel de eveniment.<\/p>\n\n\n\n<figure class=\"wp-block-image size-large\"><img decoding=\"async\" width=\"900\" height=\"675\" src=\"data:image\/gif;base64,R0lGODlhAQABAAAAACH5BAEKAAEALAAAAAABAAEAAAICTAEAOw==\" data-src=\"https:\/\/buletin.de\/bucuresti\/wp-content\/uploads\/IMG_20221126_101318-1-900x675.jpg\" alt=\"\" class=\"wp-image-48701 lazyload\" data-sizes=\"auto\" data-srcset=\"https:\/\/buletin.de\/bucuresti\/wp-content\/uploads\/IMG_20221126_101318-1-900x675.jpg 900w, https:\/\/buletin.de\/bucuresti\/wp-content\/uploads\/IMG_20221126_101318-1-300x225.jpg 300w, https:\/\/buletin.de\/bucuresti\/wp-content\/uploads\/IMG_20221126_101318-1-768x576.jpg 768w, https:\/\/buletin.de\/bucuresti\/wp-content\/uploads\/IMG_20221126_101318-1-1536x1152.jpg 1536w, https:\/\/buletin.de\/bucuresti\/wp-content\/uploads\/IMG_20221126_101318-1-1060x795.jpg 1060w, https:\/\/buletin.de\/bucuresti\/wp-content\/uploads\/IMG_20221126_101318-1-550x413.jpg 550w, https:\/\/buletin.de\/bucuresti\/wp-content\/uploads\/IMG_20221126_101318-1-667x500.jpg 667w, https:\/\/buletin.de\/bucuresti\/wp-content\/uploads\/IMG_20221126_101318-1-1920x1440.jpg 1920w, https:\/\/buletin.de\/bucuresti\/wp-content\/uploads\/IMG_20221126_101318-1-1440x1080.jpg 1440w, https:\/\/buletin.de\/bucuresti\/wp-content\/uploads\/IMG_20221126_101318-1-600x450.jpg 600w, https:\/\/buletin.de\/bucuresti\/wp-content\/uploads\/IMG_20221126_101318-1.jpg 2000w\" sizes=\"(max-width: 900px) 100vw, 900px\" \/><\/figure>\n\n\n\n<p>Militarii Brig\u0103zii 30 Gard\u0103 Mihai Viteazul \u0219i instrumenti\u0219tii Muzicilor Militare, cei pe care \u00eei vedem adesea \u00een \u021binuta de ceremonie, s-au prezentat la repeti\u021bii \u00een combat. La defilarea pe sub Arcul de Triumf, \u00eens\u0103, e musai s\u0103 scoat\u0103 din dulap \u021binuta de ceremonial.<\/p>\n\n\n\n<figure class=\"wp-block-image size-large\"><img loading=\"lazy\" decoding=\"async\" width=\"900\" height=\"724\" src=\"data:image\/gif;base64,R0lGODlhAQABAAAAACH5BAEKAAEALAAAAAABAAEAAAICTAEAOw==\" data-src=\"https:\/\/buletin.de\/bucuresti\/wp-content\/uploads\/garda-900x724.jpg\" alt=\"\" class=\"wp-image-48702 lazyload\" data-sizes=\"auto\" data-srcset=\"https:\/\/buletin.de\/bucuresti\/wp-content\/uploads\/garda-900x724.jpg 900w, https:\/\/buletin.de\/bucuresti\/wp-content\/uploads\/garda-300x241.jpg 300w, https:\/\/buletin.de\/bucuresti\/wp-content\/uploads\/garda-768x618.jpg 768w, https:\/\/buletin.de\/bucuresti\/wp-content\/uploads\/garda-1536x1236.jpg 1536w, https:\/\/buletin.de\/bucuresti\/wp-content\/uploads\/garda-1060x853.jpg 1060w, https:\/\/buletin.de\/bucuresti\/wp-content\/uploads\/garda-550x442.jpg 550w, https:\/\/buletin.de\/bucuresti\/wp-content\/uploads\/garda-622x500.jpg 622w, https:\/\/buletin.de\/bucuresti\/wp-content\/uploads\/garda-1920x1545.jpg 1920w, https:\/\/buletin.de\/bucuresti\/wp-content\/uploads\/garda-1342x1080.jpg 1342w, https:\/\/buletin.de\/bucuresti\/wp-content\/uploads\/garda-600x483.jpg 600w, https:\/\/buletin.de\/bucuresti\/wp-content\/uploads\/garda.jpg 2000w\" sizes=\"(max-width: 900px) 100vw, 900px\" \/><figcaption>Surs\u0103 foto: Facebook, Brigada 30 Gard\u0103 Mihai Viteazul<\/figcaption><\/figure>\n\n\n\n<figure class=\"wp-block-image size-large\"><img loading=\"lazy\" decoding=\"async\" width=\"675\" height=\"900\" src=\"data:image\/gif;base64,R0lGODlhAQABAAAAACH5BAEKAAEALAAAAAABAAEAAAICTAEAOw==\" data-src=\"https:\/\/buletin.de\/bucuresti\/wp-content\/uploads\/2019-3-675x900.jpg\" alt=\"\" class=\"wp-image-48703 lazyload\" data-sizes=\"auto\" data-srcset=\"https:\/\/buletin.de\/bucuresti\/wp-content\/uploads\/2019-3-675x900.jpg 675w, https:\/\/buletin.de\/bucuresti\/wp-content\/uploads\/2019-3-225x300.jpg 225w, https:\/\/buletin.de\/bucuresti\/wp-content\/uploads\/2019-3-768x1024.jpg 768w, https:\/\/buletin.de\/bucuresti\/wp-content\/uploads\/2019-3-1152x1536.jpg 1152w, https:\/\/buletin.de\/bucuresti\/wp-content\/uploads\/2019-3-1060x1413.jpg 1060w, https:\/\/buletin.de\/bucuresti\/wp-content\/uploads\/2019-3-550x733.jpg 550w, https:\/\/buletin.de\/bucuresti\/wp-content\/uploads\/2019-3-375x500.jpg 375w, https:\/\/buletin.de\/bucuresti\/wp-content\/uploads\/2019-3-810x1080.jpg 810w, https:\/\/buletin.de\/bucuresti\/wp-content\/uploads\/2019-3-600x800.jpg 600w, https:\/\/buletin.de\/bucuresti\/wp-content\/uploads\/2019-3.jpg 1500w\" sizes=\"(max-width: 675px) 100vw, 675px\" \/><figcaption>Brigada 30 Gard\u0103 Mihai Viteazul, la parada militar\u0103 de 1 Decembrie din 2019<\/figcaption><\/figure>\n\n\n\n<p>Locotenent Gabriel Chiriloiu, \u0219ef Compartiment Informare \u0219i Rela\u021bii Publice la Brigada 30 Gard\u0103 Mihai Viteazul, vizibil \u00eenc\u00e2ntat, m\u0103rturise\u0219te c\u0103 anul acesta, de 1 Decembrie, este o premier\u0103 pentru el, \u00eentruc\u00e2t face parte din comunicatorii MApN.<\/p>\n\n\n\n<p>\u201eEste o onoare pentru mine s\u0103 prezint publicului deta\u0219amentul de defilare, tehnica, dar, \u00een mod special, militarii, deoarece militarii din sistemul na\u021bional de ap\u0103rare \u0219i ordine public\u0103 sunt ambasadorii Rom\u00e2niei. Ei reprezint\u0103 imaginea noastr\u0103!\u201d<\/p>\n\n\n\n<figure class=\"wp-block-image size-large\"><img loading=\"lazy\" decoding=\"async\" width=\"900\" height=\"900\" src=\"data:image\/gif;base64,R0lGODlhAQABAAAAACH5BAEKAAEALAAAAAABAAEAAAICTAEAOw==\" data-src=\"https:\/\/buletin.de\/bucuresti\/wp-content\/uploads\/WhatsApp-Image-2022-11-26-at-16.47.33-1-900x900.jpeg\" alt=\"\" class=\"wp-image-48704 lazyload\" data-sizes=\"auto\" data-srcset=\"https:\/\/buletin.de\/bucuresti\/wp-content\/uploads\/WhatsApp-Image-2022-11-26-at-16.47.33-1-900x900.jpeg 900w, https:\/\/buletin.de\/bucuresti\/wp-content\/uploads\/WhatsApp-Image-2022-11-26-at-16.47.33-1-300x300.jpeg 300w, https:\/\/buletin.de\/bucuresti\/wp-content\/uploads\/WhatsApp-Image-2022-11-26-at-16.47.33-1-150x150.jpeg 150w, https:\/\/buletin.de\/bucuresti\/wp-content\/uploads\/WhatsApp-Image-2022-11-26-at-16.47.33-1-768x768.jpeg 768w, https:\/\/buletin.de\/bucuresti\/wp-content\/uploads\/WhatsApp-Image-2022-11-26-at-16.47.33-1-1060x1060.jpeg 1060w, https:\/\/buletin.de\/bucuresti\/wp-content\/uploads\/WhatsApp-Image-2022-11-26-at-16.47.33-1-550x550.jpeg 550w, https:\/\/buletin.de\/bucuresti\/wp-content\/uploads\/WhatsApp-Image-2022-11-26-at-16.47.33-1-500x500.jpeg 500w, https:\/\/buletin.de\/bucuresti\/wp-content\/uploads\/WhatsApp-Image-2022-11-26-at-16.47.33-1-45x45.jpeg 45w, https:\/\/buletin.de\/bucuresti\/wp-content\/uploads\/WhatsApp-Image-2022-11-26-at-16.47.33-1-250x250.jpeg 250w, https:\/\/buletin.de\/bucuresti\/wp-content\/uploads\/WhatsApp-Image-2022-11-26-at-16.47.33-1-600x600.jpeg 600w, https:\/\/buletin.de\/bucuresti\/wp-content\/uploads\/WhatsApp-Image-2022-11-26-at-16.47.33-1-100x100.jpeg 100w, https:\/\/buletin.de\/bucuresti\/wp-content\/uploads\/WhatsApp-Image-2022-11-26-at-16.47.33-1.jpeg 1080w\" sizes=\"(max-width: 900px) 100vw, 900px\" \/><figcaption>Surs\u0103 foto: Facebook, Gabriel Chiriloiu<\/figcaption><\/figure>\n\n\n\n<p>Locotenentul Gabriel Chiriloiu particip\u0103 din anul 2015 la paradele organizate \u00een \u021bar\u0103 \u0219i numai de Ziua Na\u021bional\u0103 a Rom\u00e2niei, an de an fiind o participare inedit\u0103.<\/p>\n\n\n\n<p>\u201eCea mai special\u0103 participare la Ziua de 1 Decembrie a constituit-o cea din anul 2019, c\u00e2nd am fost \u00een teatrul de opera\u021bii Afganistan, Batalionul 495 Para\u0219uti\u0219ti. Am fost speaker la ceremonia de 1 Decembrie desf\u0103\u0219urat\u0103 \u00een Baza Aerian\u0103 Kandahar. Am avut atunci un coleg militar care \u0219i-a s\u0103rb\u0103torit ziua de na\u0219tere chiar pe data de 1 Decembrie \u00een Afganistan.\u201d, \u00ee\u0219i aminte\u0219te Gabriel.<\/p>\n\n\n\n<figure class=\"wp-block-image size-large\"><img loading=\"lazy\" decoding=\"async\" width=\"507\" height=\"900\" src=\"data:image\/gif;base64,R0lGODlhAQABAAAAACH5BAEKAAEALAAAAAABAAEAAAICTAEAOw==\" data-src=\"https:\/\/buletin.de\/bucuresti\/wp-content\/uploads\/WhatsApp-Image-2022-11-26-at-16.47.33-507x900.jpeg\" alt=\"\" class=\"wp-image-48705 lazyload\" data-sizes=\"auto\" data-srcset=\"https:\/\/buletin.de\/bucuresti\/wp-content\/uploads\/WhatsApp-Image-2022-11-26-at-16.47.33-507x900.jpeg 507w, https:\/\/buletin.de\/bucuresti\/wp-content\/uploads\/WhatsApp-Image-2022-11-26-at-16.47.33-169x300.jpeg 169w, https:\/\/buletin.de\/bucuresti\/wp-content\/uploads\/WhatsApp-Image-2022-11-26-at-16.47.33-768x1364.jpeg 768w, https:\/\/buletin.de\/bucuresti\/wp-content\/uploads\/WhatsApp-Image-2022-11-26-at-16.47.33-865x1536.jpeg 865w, https:\/\/buletin.de\/bucuresti\/wp-content\/uploads\/WhatsApp-Image-2022-11-26-at-16.47.33-550x977.jpeg 550w, https:\/\/buletin.de\/bucuresti\/wp-content\/uploads\/WhatsApp-Image-2022-11-26-at-16.47.33-282x500.jpeg 282w, https:\/\/buletin.de\/bucuresti\/wp-content\/uploads\/WhatsApp-Image-2022-11-26-at-16.47.33-608x1080.jpeg 608w, https:\/\/buletin.de\/bucuresti\/wp-content\/uploads\/WhatsApp-Image-2022-11-26-at-16.47.33-600x1065.jpeg 600w, https:\/\/buletin.de\/bucuresti\/wp-content\/uploads\/WhatsApp-Image-2022-11-26-at-16.47.33.jpeg 901w\" sizes=\"(max-width: 507px) 100vw, 507px\" \/><figcaption>Surs\u0103 foto: Facebook, Gabriel Chiriloiu<\/figcaption><\/figure>\n\n\n\n<p>Marian Ilie este sublocotenent-inginer la Regimentul 74 Patriot, structur\u0103 responsabil\u0103 pentru ap\u0103rarea antiaerian\u0103 a Rom\u00e2niei. Nu se afl\u0103 pentru prima dat\u0103 \u00een Poligonul Ghencea. \u00cenc\u0103 din anul I de Academie Militar\u0103, mai exact, din 2017, a participat la antrenamentele pentru instruc\u021bie \u0219i pentru parad\u0103 \u0219i nu numai. S\u00e2mb\u0103t\u0103 e aici \u00een pozi\u021bie de comunicator MApN.<\/p>\n\n\n\n<p>\u201eDe data aceasta trebuie s\u0103 reprezint to\u021bi militarii \u00een aceea\u0219i m\u0103sur\u0103. Dac\u0103 \u00eenainte eram un simplu participant \u0219i trebuia s\u0103 ascult \u0219i s\u0103 fac lucruri pe care to\u021bi ceilal\u021bi de aici le fac, acum este pu\u021bin mai diferit \u0219i, totodat\u0103, mai dificil, dar sunt sigur c\u0103 m\u0103 voi descurca.\u201d<\/p>\n\n\n\n<figure class=\"wp-block-image size-large\"><img loading=\"lazy\" decoding=\"async\" width=\"675\" height=\"900\" src=\"data:image\/gif;base64,R0lGODlhAQABAAAAACH5BAEKAAEALAAAAAABAAEAAAICTAEAOw==\" data-src=\"https:\/\/buletin.de\/bucuresti\/wp-content\/uploads\/WhatsApp-Image-2022-11-26-at-19.34.55-675x900.jpeg\" alt=\"\" class=\"wp-image-48709 lazyload\" data-sizes=\"auto\" data-srcset=\"https:\/\/buletin.de\/bucuresti\/wp-content\/uploads\/WhatsApp-Image-2022-11-26-at-19.34.55-675x900.jpeg 675w, https:\/\/buletin.de\/bucuresti\/wp-content\/uploads\/WhatsApp-Image-2022-11-26-at-19.34.55-225x300.jpeg 225w, https:\/\/buletin.de\/bucuresti\/wp-content\/uploads\/WhatsApp-Image-2022-11-26-at-19.34.55-768x1024.jpeg 768w, https:\/\/buletin.de\/bucuresti\/wp-content\/uploads\/WhatsApp-Image-2022-11-26-at-19.34.55-1152x1536.jpeg 1152w, https:\/\/buletin.de\/bucuresti\/wp-content\/uploads\/WhatsApp-Image-2022-11-26-at-19.34.55-1060x1413.jpeg 1060w, https:\/\/buletin.de\/bucuresti\/wp-content\/uploads\/WhatsApp-Image-2022-11-26-at-19.34.55-550x733.jpeg 550w, https:\/\/buletin.de\/bucuresti\/wp-content\/uploads\/WhatsApp-Image-2022-11-26-at-19.34.55-375x500.jpeg 375w, https:\/\/buletin.de\/bucuresti\/wp-content\/uploads\/WhatsApp-Image-2022-11-26-at-19.34.55-810x1080.jpeg 810w, https:\/\/buletin.de\/bucuresti\/wp-content\/uploads\/WhatsApp-Image-2022-11-26-at-19.34.55-600x800.jpeg 600w, https:\/\/buletin.de\/bucuresti\/wp-content\/uploads\/WhatsApp-Image-2022-11-26-at-19.34.55.jpeg 1368w\" sizes=\"(max-width: 675px) 100vw, 675px\" \/><figcaption>Surs\u0103 foto: Marian Ilie<\/figcaption><\/figure>\n\n\n\n<p>Sublocotenent Cristina Maria Movil\u0103 este absolvent\u0103 a Academiei For\u021belor Aeriene Henri Coand\u0103. \u00cen prezent, urmeaz\u0103 cursurile \u0218colii de Instruc\u021bie Interarme de la Boboc, urm\u00e2nd s\u0103 fie repartizat\u0103 la Baza 90 Transport Aerian Otopeni. \u0218i ea se afl\u0103 \u00een Poligonul Ghencea pentru prima dat\u0103 \u00een calitate de comunicator.<\/p>\n\n\n\n<p>\u201eTrebuie s\u0103 m\u0103rturisesc c\u0103 sunt destul de emo\u021bionat\u0103, dar, totodat\u0103, foarte entuziasmat\u0103. Abia a\u0219tept s\u0103 le transmit celor prezen\u021bi la parad\u0103, c\u00e2t \u0219i celor de acas\u0103, entuziasmul \u0219i sentimentul de patriotism, pe care, \u00een special, \u00een Ziua de 1 Decembrie, rom\u00e2nii de pretutindeni \u00eel simt.\u201d<\/p>\n\n\n\n<figure class=\"wp-block-image size-large\"><img loading=\"lazy\" decoding=\"async\" width=\"399\" height=\"900\" src=\"data:image\/gif;base64,R0lGODlhAQABAAAAACH5BAEKAAEALAAAAAABAAEAAAICTAEAOw==\" data-src=\"https:\/\/buletin.de\/bucuresti\/wp-content\/uploads\/IMG_20221126_123641-399x900.jpg\" alt=\"\" class=\"wp-image-48706 lazyload\" data-sizes=\"auto\" data-srcset=\"https:\/\/buletin.de\/bucuresti\/wp-content\/uploads\/IMG_20221126_123641-399x900.jpg 399w, https:\/\/buletin.de\/bucuresti\/wp-content\/uploads\/IMG_20221126_123641-133x300.jpg 133w, https:\/\/buletin.de\/bucuresti\/wp-content\/uploads\/IMG_20221126_123641-768x1734.jpg 768w, https:\/\/buletin.de\/bucuresti\/wp-content\/uploads\/IMG_20221126_123641-680x1536.jpg 680w, https:\/\/buletin.de\/bucuresti\/wp-content\/uploads\/IMG_20221126_123641-550x1242.jpg 550w, https:\/\/buletin.de\/bucuresti\/wp-content\/uploads\/IMG_20221126_123641-222x500.jpg 222w, https:\/\/buletin.de\/bucuresti\/wp-content\/uploads\/IMG_20221126_123641-600x1354.jpg 600w, https:\/\/buletin.de\/bucuresti\/wp-content\/uploads\/IMG_20221126_123641.jpg 886w\" sizes=\"(max-width: 399px) 100vw, 399px\" \/><\/figure>\n\n\n\n<p>Ecaterina, cu ochi de culoarea cerului, este o t\u00e2n\u0103r\u0103 militar care va \u00eemplini v\u00e2rsta de 21 de ani chiar pe 1 Decembrie.<\/p>\n\n\n\n<p>\u201eEste pentru prima dat\u0103 c\u00e2nd particip la defilare \u00een Bucure\u0219ti \u0219i este cel mai frumos cadou de ziua mea.<\/p>\n\n\n\n<p>Antrenamentele din spatele defil\u0103rii sunt destul de riguroase. Am avut noroc zilele acestea c\u0103 este destul de cald. Au fost \u0219i zile \u00een care a plouat \u0219i noi a trebuit s\u0103 defil\u0103m. Ne trezim de diminea\u021b\u0103 s\u0103 facem antrenamente, dar le facem cu bucurie \u0219i cu emo\u021bie, pentru c\u0103 se apropie o zi care este important\u0103 pentru to\u021bi militarii din Rom\u00e2nia.\u201d<\/p>\n\n\n\n<p>T\u00e2n\u0103ra mai are un frate, care \u00ee\u0219i dore\u0219te, de asemenea, o carier\u0103 militar\u0103. A fost admis anul acesta la \u0218coala Militar\u0103 de Mai\u0219tri \u0219i Subofi\u021beri de la Boboc. Ecaterina sper\u0103 c\u0103 este un exemplu pentru fratele ei. <\/p>\n\n\n\n<p>Sergent Daniel Stoian este cornist la Muzica Reprezentativ\u0103&nbsp;a Ministerului Ap\u0103r\u0103rii Na\u021bionale. Particip\u0103 pentru prima oar\u0103 la repeti\u021biile cu ocazia paradei militare de 1 Decembrie. Cople\u0219it de emo\u021bii, a m\u0103rturisit c\u0103 a \u00eenceput s\u0103 c\u00e2nte la instrument \u00een timpul liceului. Datorit\u0103 profesorului s\u0103u, instrumentist \u00een Armat\u0103, Daniel a ales aceea\u0219i carier\u0103.<\/p>\n\n\n\n<figure class=\"wp-block-image size-large\"><img loading=\"lazy\" decoding=\"async\" width=\"900\" height=\"649\" src=\"data:image\/gif;base64,R0lGODlhAQABAAAAACH5BAEKAAEALAAAAAABAAEAAAICTAEAOw==\" data-src=\"https:\/\/buletin.de\/bucuresti\/wp-content\/uploads\/Instrumentisti-combat-900x649.jpg\" alt=\"\" class=\"wp-image-48712 lazyload\" data-sizes=\"auto\" data-srcset=\"https:\/\/buletin.de\/bucuresti\/wp-content\/uploads\/Instrumentisti-combat-900x649.jpg 900w, https:\/\/buletin.de\/bucuresti\/wp-content\/uploads\/Instrumentisti-combat-300x216.jpg 300w, https:\/\/buletin.de\/bucuresti\/wp-content\/uploads\/Instrumentisti-combat-768x554.jpg 768w, https:\/\/buletin.de\/bucuresti\/wp-content\/uploads\/Instrumentisti-combat-1536x1107.jpg 1536w, https:\/\/buletin.de\/bucuresti\/wp-content\/uploads\/Instrumentisti-combat-1060x764.jpg 1060w, https:\/\/buletin.de\/bucuresti\/wp-content\/uploads\/Instrumentisti-combat-550x397.jpg 550w, https:\/\/buletin.de\/bucuresti\/wp-content\/uploads\/Instrumentisti-combat-693x500.jpg 693w, https:\/\/buletin.de\/bucuresti\/wp-content\/uploads\/Instrumentisti-combat-1920x1384.jpg 1920w, https:\/\/buletin.de\/bucuresti\/wp-content\/uploads\/Instrumentisti-combat-1498x1080.jpg 1498w, https:\/\/buletin.de\/bucuresti\/wp-content\/uploads\/Instrumentisti-combat-600x433.jpg 600w, https:\/\/buletin.de\/bucuresti\/wp-content\/uploads\/Instrumentisti-combat.jpg 2000w\" sizes=\"(max-width: 900px) 100vw, 900px\" \/><figcaption>Surs\u0103 foto: Brigada 30 Gard\u0103 Mihai Viteazul<\/figcaption><\/figure>\n\n\n\n<figure class=\"wp-block-image size-large\"><img loading=\"lazy\" decoding=\"async\" width=\"900\" height=\"675\" src=\"data:image\/gif;base64,R0lGODlhAQABAAAAACH5BAEKAAEALAAAAAABAAEAAAICTAEAOw==\" data-src=\"https:\/\/buletin.de\/bucuresti\/wp-content\/uploads\/IMG_20221126_114111-900x675.jpg\" alt=\"\" class=\"wp-image-48713 lazyload\" data-sizes=\"auto\" data-srcset=\"https:\/\/buletin.de\/bucuresti\/wp-content\/uploads\/IMG_20221126_114111-900x675.jpg 900w, https:\/\/buletin.de\/bucuresti\/wp-content\/uploads\/IMG_20221126_114111-300x225.jpg 300w, https:\/\/buletin.de\/bucuresti\/wp-content\/uploads\/IMG_20221126_114111-768x576.jpg 768w, https:\/\/buletin.de\/bucuresti\/wp-content\/uploads\/IMG_20221126_114111-1536x1152.jpg 1536w, https:\/\/buletin.de\/bucuresti\/wp-content\/uploads\/IMG_20221126_114111-1060x795.jpg 1060w, https:\/\/buletin.de\/bucuresti\/wp-content\/uploads\/IMG_20221126_114111-550x413.jpg 550w, https:\/\/buletin.de\/bucuresti\/wp-content\/uploads\/IMG_20221126_114111-667x500.jpg 667w, https:\/\/buletin.de\/bucuresti\/wp-content\/uploads\/IMG_20221126_114111-1920x1440.jpg 1920w, https:\/\/buletin.de\/bucuresti\/wp-content\/uploads\/IMG_20221126_114111-1440x1080.jpg 1440w, https:\/\/buletin.de\/bucuresti\/wp-content\/uploads\/IMG_20221126_114111-600x450.jpg 600w, https:\/\/buletin.de\/bucuresti\/wp-content\/uploads\/IMG_20221126_114111.jpg 2000w\" sizes=\"(max-width: 900px) 100vw, 900px\" \/><\/figure>\n\n\n\n<p>Comisar \u0219ef de poli\u021bie Monica Dajbog, purt\u0103torul de cuv\u00e2nt al Ministerului Afacerilor Interne, s\u0103rb\u0103tore\u0219te \u00een acest an un deceniu de c\u00e2nd particip\u0103 la parada militar\u0103 de Ziua Na\u021bional\u0103 a Rom\u00e2niei.<\/p>\n\n\n\n<p>\u201ePentru mine, este al zecelea an c\u00e2nd am ocazia s\u0103 fiu prezent\u0103 la parada de 1 Decembrie. Sunt foarte m\u00e2ndr\u0103 c\u0103 pot s\u0103 fiu parte a acestui moment deosebit pentru to\u021bi rom\u00e2nii. \u00cei \u00eencurajez pe to\u021bi s\u0103 urm\u0103reasc\u0103 parada \u0219i dac\u0103 pot chiar s\u0103 fie prezen\u021bi \u00een Pia\u021ba Arcului de Triumf al\u0103turi de noi.\u201d<\/p>\n\n\n\n<figure class=\"wp-block-image size-full\"><img loading=\"lazy\" decoding=\"async\" width=\"900\" height=\"596\" src=\"data:image\/gif;base64,R0lGODlhAQABAAAAACH5BAEKAAEALAAAAAABAAEAAAICTAEAOw==\" data-src=\"https:\/\/buletin.de\/bucuresti\/wp-content\/uploads\/Monica-Dajbog.jpg\" alt=\"\" class=\"wp-image-48707 lazyload\" data-sizes=\"auto\" data-srcset=\"https:\/\/buletin.de\/bucuresti\/wp-content\/uploads\/Monica-Dajbog.jpg 900w, https:\/\/buletin.de\/bucuresti\/wp-content\/uploads\/Monica-Dajbog-300x199.jpg 300w, https:\/\/buletin.de\/bucuresti\/wp-content\/uploads\/Monica-Dajbog-768x509.jpg 768w, https:\/\/buletin.de\/bucuresti\/wp-content\/uploads\/Monica-Dajbog-550x364.jpg 550w, https:\/\/buletin.de\/bucuresti\/wp-content\/uploads\/Monica-Dajbog-755x500.jpg 755w, https:\/\/buletin.de\/bucuresti\/wp-content\/uploads\/Monica-Dajbog-600x397.jpg 600w\" sizes=\"(max-width: 900px) 100vw, 900px\" \/><figcaption>Surs\u0103 foto: site web MAI<\/figcaption><\/figure>\n\n\n\n<p>Referitor la nout\u0103\u021bile pe care le aduce Ministerul Afacerilor Interne, \u00een fa\u021ba publicului, la parada militar\u0103 din acest, purt\u0103torul de cuv\u00e2nt al MAI a precizat:<\/p>\n\n\n\n<p>\u201eDefilarea structurilor Ministerului Afacerilor Interne este deschis\u0103 de un deta\u0219ament de aproximativ 60 de studen\u021bi din cadrul Academiei de Poli\u021bie, care au fost selc\u021biona\u021bi pe baz\u0103 de voluntariat. 23 dintre ace\u0219ti studen\u021bi defileaz\u0103 pentru prima oar\u0103. O student\u0103 din blocul de defilare \u00ee\u0219i serbeaz\u0103 ziua de na\u0219tere chiar de 1 Decembrie \u0219i \u0219i-a dorit foarte mult s\u0103 fac\u0103 parte din deta\u0219amentul&nbsp;care va trece pe sub Arcul de Triumf.<\/p>\n\n\n\n<p>\u00cen blocul de defilare al Ministerului Afacerilor Interne a fost inclus\u0103 pentru prima dat\u0103 o autospecial\u0103 a Direc\u021biei pentru Protec\u021bia Animalelor, o structur\u0103 recent \u00eenfiin\u021bat\u0103 \u00een cadrul Poli\u021biei Rom\u00e2ne. Ma\u0219ina este special compartimentat\u0103, pentru a permite transportul \u00een siguran\u021b\u0103 al animalelor care au fost salvate de poli\u021bi\u0219ti.<\/p>\n\n\n\n<p>A fost inclus\u0103, \u00een blocul de defilare, \u00een premier\u0103, \u0219i o autospecial\u0103 de stingere a incendiilor, cu o capacitate de transport de 10000 de litri de ap\u0103, cea mai mare din \u021bar\u0103.\u201d<\/p>\n\n\n\n<p>Pe Maria Alexandra Cernat, student\u0103 \u00een anul al doilea la Academia de Poli\u021be, am surprins-o preg\u0103tindu-se pentru cea de-a doua trecere de azi din Poligonul Ghencea. De c\u00e2nd era mic\u0103, \u0219i-a dorit s\u0103 devin\u0103 poli\u021bist\u0103.<\/p>\n\n\n\n<p>\u201eRepeti\u021biile de ast\u0103zi se desf\u0103\u0219oar\u0103 conform planului. Am f\u0103cut o trecere pe parcursul terenului, acum urmeaz\u0103 a doua trecere \u0219i ne preg\u0103tim pentru repeti\u021bia oficial\u0103 de m\u00e2ine de la Arcul de Triumf.<\/p>\n\n\n\n<p>Particip pentru prima dat\u0103 la parada militar\u0103. Sunt foarte emo\u021bionat\u0103. Este visul meu de c\u00e2nd eram mic\u0103. Mi-am dorit foarte mult. Le doresc \u0219i celorlal\u021bi care vor s\u0103 fac\u0103 o carier\u0103 \u00een poli\u021bie s\u0103 participe la astfel evenimente.\u201d<\/p>\n\n\n\n<p>Pentru plutonierul Adrian Druiu este al patrulea an c\u00e2nd particip\u0103 la parad\u0103. A precizat c\u0103 \u00een anii trecu\u021bi, condi\u021biile meteo nu au fost la fel de favorabile ca azi. Cu o statur\u0103 impun\u0103toare, plutonierul Druiu a sur\u00e2s c\u00e2nd a venit vorba despre familie.<\/p>\n\n\n\n<p>\u201e\u00cen al\u021bi ani, am prins vreme mult mai rece, lapovi\u021b\u0103, ploaie. Ast\u0103zi, vremea este bun\u0103. Pe 1 Decembrie, sper s\u0103 fie vremea la fel de bun\u0103, s\u0103 vin\u0103 mult\u0103 lume, dar \u0219i familia mea. Sunt un exemplu pentru copiii mei, mai ales, pentru b\u0103ie\u021bel. \u00cemi doresc s\u0103 devin\u0103 tot militar.\u201d<\/p>\n\n\n\n<p>General-maior Corneliu Postu, Directorul Statului Major al Ap\u0103r\u0103rii, a subliniat faptul c\u0103 repeti\u021bia de ast\u0103zi din Poligonul Ghencea a fost cu bune \u0219i cu rele, dar este convins c\u0103 pe 1 Decembrie totul va fi \u00een regul\u0103. <\/p>\n\n\n\n<figure class=\"wp-block-image size-large\"><img loading=\"lazy\" decoding=\"async\" width=\"741\" height=\"900\" src=\"data:image\/gif;base64,R0lGODlhAQABAAAAACH5BAEKAAEALAAAAAABAAEAAAICTAEAOw==\" data-src=\"https:\/\/buletin.de\/bucuresti\/wp-content\/uploads\/gl.mr_.-drapel_Corneliu_Postu-741x900.jpg\" alt=\"\" class=\"wp-image-48708 lazyload\" data-sizes=\"auto\" data-srcset=\"https:\/\/buletin.de\/bucuresti\/wp-content\/uploads\/gl.mr_.-drapel_Corneliu_Postu-741x900.jpg 741w, https:\/\/buletin.de\/bucuresti\/wp-content\/uploads\/gl.mr_.-drapel_Corneliu_Postu-247x300.jpg 247w, https:\/\/buletin.de\/bucuresti\/wp-content\/uploads\/gl.mr_.-drapel_Corneliu_Postu-768x933.jpg 768w, https:\/\/buletin.de\/bucuresti\/wp-content\/uploads\/gl.mr_.-drapel_Corneliu_Postu-1265x1536.jpg 1265w, https:\/\/buletin.de\/bucuresti\/wp-content\/uploads\/gl.mr_.-drapel_Corneliu_Postu-1060x1287.jpg 1060w, https:\/\/buletin.de\/bucuresti\/wp-content\/uploads\/gl.mr_.-drapel_Corneliu_Postu-550x668.jpg 550w, https:\/\/buletin.de\/bucuresti\/wp-content\/uploads\/gl.mr_.-drapel_Corneliu_Postu-412x500.jpg 412w, https:\/\/buletin.de\/bucuresti\/wp-content\/uploads\/gl.mr_.-drapel_Corneliu_Postu-889x1080.jpg 889w, https:\/\/buletin.de\/bucuresti\/wp-content\/uploads\/gl.mr_.-drapel_Corneliu_Postu-600x729.jpg 600w, https:\/\/buletin.de\/bucuresti\/wp-content\/uploads\/gl.mr_.-drapel_Corneliu_Postu.jpg 1526w\" sizes=\"(max-width: 741px) 100vw, 741px\" \/><figcaption>Surs\u0103 foto: site web Statul Major al Ap\u0103r\u0103rii<\/figcaption><\/figure>\n\n\n\n<p>C\u00e2t despre nout\u0103\u021bile pe care le vor vedea rom\u00e2nii \u00een acest an la parad\u0103, acesta a subliniat:<\/p>\n\n\n\n<p>\u201eRom\u00e2nii vor vedea, ca \u00een fiecare an, \u00een primul \u0219i \u00een primul r\u00e2nd faptul c\u0103 Armata&nbsp;d\u0103 onorul poporului \u00een slujba c\u0103ruia&nbsp;serve\u0219te tara. <\/p>\n\n\n\n<p> \u00cen acest an, din perspectiva deta\u0219amentelor pe jos, rom\u00e2nii vor vedea pentru prima dat\u0103 defil\u00e2nd militari str\u0103ini \u0219i rom\u00e2ni din structuri multina\u021bionale stabilite pe teritoriul Rom\u00e2niei sau, ca ini\u021biativ\u0103 a NATO \u00een ceea ce prive\u0219te \u00eent\u0103rirea ap\u0103r\u0103rii pe flancul estic al NATO, \u00een special, \u00een partea sud-estic\u0103 a acestuia. <\/p>\n\n\n\n<p>\u00cen al doilea r\u00e2nd, vom vedea, din perspectiv\u0103 na\u021bional\u0103, structuri din categoriile de for\u021be care p\u00e2n\u0103 acum nu au mai defilat. Pentru prima dat\u0103, vom avea din, deta\u0219amentele str\u0103ine, militari ai Macedoniei de Nord. De asemenea, vom avea, pentru prima dat\u0103, nu \u0219tiu dac\u0103 e prima dat\u0103 \u00een Europa, o s\u0103 \u00eencerc\u0103m s\u0103 afl\u0103m, Divizia 101 Aeropurtat\u0103 American\u0103, o divizie, dup\u0103 cum \u0219tie toat\u0103 lumea, celebr\u0103 \u00een lume.<\/p>\n\n\n\n<p>Din perspectiva tehnicii, vom vedea tehnica For\u021belor Aeriene \u0219i For\u021belor Terestre, pe care am mai v\u0103zut-o anul trecut ca inten\u021bie de a intra \u00een \u00eenzestrarea Armatei Rom\u00e2niei. Anul acesta, ea face parte din structuri care sunt deja constituite, parte dintre ele opera\u021bionalizate, parte care sunt \u00een proces de instruire pentru opera\u021bionalizare. M\u0103 refer aici la complexe de rachete antiaeriene Patriot, la complexul Himars \u0219i la derivatele de pe Piranha 5. De asemenea, vom vedea tehnic\u0103 militar\u0103 din Fran\u021ba&nbsp;\u0219i din Statele Unite ale Americii.<\/p>\n\n\n\n<p>Vor fi trei momente ale Avia\u021biei . Avia\u021bia cu arip\u0103 fix\u0103 va deschide parada. Dup\u0103 aceea, \u00eentre momentul defil\u0103rii trupelor pe jos \u0219i momentul defil\u0103rii deta\u0219amentelor pe tehnic\u0103, va fi un moment al Avia\u021biei, din nou, dar cu arip\u0103 rotativ\u0103, \u0219i va mai fi un moment al Aeroclubului Rom\u00e2niei, \u00eentre defilarea deta\u0219amentului pe tehnic\u0103 si defilarea Brig\u0103zii 30 Gard\u0103.\u201d<\/p>\n\n\n\n<figure class=\"wp-block-image size-large\"><img loading=\"lazy\" decoding=\"async\" width=\"900\" height=\"675\" src=\"data:image\/gif;base64,R0lGODlhAQABAAAAACH5BAEKAAEALAAAAAABAAEAAAICTAEAOw==\" data-src=\"https:\/\/buletin.de\/bucuresti\/wp-content\/uploads\/WhatsApp-Image-2022-11-26-at-11.58.07-1-900x675.jpeg\" alt=\"\" class=\"wp-image-48714 lazyload\" data-sizes=\"auto\" data-srcset=\"https:\/\/buletin.de\/bucuresti\/wp-content\/uploads\/WhatsApp-Image-2022-11-26-at-11.58.07-1-900x675.jpeg 900w, https:\/\/buletin.de\/bucuresti\/wp-content\/uploads\/WhatsApp-Image-2022-11-26-at-11.58.07-1-300x225.jpeg 300w, https:\/\/buletin.de\/bucuresti\/wp-content\/uploads\/WhatsApp-Image-2022-11-26-at-11.58.07-1-768x576.jpeg 768w, https:\/\/buletin.de\/bucuresti\/wp-content\/uploads\/WhatsApp-Image-2022-11-26-at-11.58.07-1-1536x1152.jpeg 1536w, https:\/\/buletin.de\/bucuresti\/wp-content\/uploads\/WhatsApp-Image-2022-11-26-at-11.58.07-1-1060x795.jpeg 1060w, https:\/\/buletin.de\/bucuresti\/wp-content\/uploads\/WhatsApp-Image-2022-11-26-at-11.58.07-1-550x413.jpeg 550w, https:\/\/buletin.de\/bucuresti\/wp-content\/uploads\/WhatsApp-Image-2022-11-26-at-11.58.07-1-667x500.jpeg 667w, https:\/\/buletin.de\/bucuresti\/wp-content\/uploads\/WhatsApp-Image-2022-11-26-at-11.58.07-1-1920x1440.jpeg 1920w, https:\/\/buletin.de\/bucuresti\/wp-content\/uploads\/WhatsApp-Image-2022-11-26-at-11.58.07-1-1440x1080.jpeg 1440w, https:\/\/buletin.de\/bucuresti\/wp-content\/uploads\/WhatsApp-Image-2022-11-26-at-11.58.07-1-600x450.jpeg 600w, https:\/\/buletin.de\/bucuresti\/wp-content\/uploads\/WhatsApp-Image-2022-11-26-at-11.58.07-1.jpeg 2000w\" sizes=\"(max-width: 900px) 100vw, 900px\" \/><\/figure>\n\n\n\n<figure class=\"wp-block-image size-large\"><img loading=\"lazy\" decoding=\"async\" width=\"900\" height=\"675\" src=\"data:image\/gif;base64,R0lGODlhAQABAAAAACH5BAEKAAEALAAAAAABAAEAAAICTAEAOw==\" data-src=\"https:\/\/buletin.de\/bucuresti\/wp-content\/uploads\/WhatsApp-Image-2022-11-26-at-11.58.06-1-900x675.jpeg\" alt=\"\" class=\"wp-image-48715 lazyload\" data-sizes=\"auto\" data-srcset=\"https:\/\/buletin.de\/bucuresti\/wp-content\/uploads\/WhatsApp-Image-2022-11-26-at-11.58.06-1-900x675.jpeg 900w, https:\/\/buletin.de\/bucuresti\/wp-content\/uploads\/WhatsApp-Image-2022-11-26-at-11.58.06-1-300x225.jpeg 300w, https:\/\/buletin.de\/bucuresti\/wp-content\/uploads\/WhatsApp-Image-2022-11-26-at-11.58.06-1-768x576.jpeg 768w, https:\/\/buletin.de\/bucuresti\/wp-content\/uploads\/WhatsApp-Image-2022-11-26-at-11.58.06-1-1536x1152.jpeg 1536w, https:\/\/buletin.de\/bucuresti\/wp-content\/uploads\/WhatsApp-Image-2022-11-26-at-11.58.06-1-1060x795.jpeg 1060w, https:\/\/buletin.de\/bucuresti\/wp-content\/uploads\/WhatsApp-Image-2022-11-26-at-11.58.06-1-550x413.jpeg 550w, https:\/\/buletin.de\/bucuresti\/wp-content\/uploads\/WhatsApp-Image-2022-11-26-at-11.58.06-1-667x500.jpeg 667w, https:\/\/buletin.de\/bucuresti\/wp-content\/uploads\/WhatsApp-Image-2022-11-26-at-11.58.06-1-1920x1440.jpeg 1920w, https:\/\/buletin.de\/bucuresti\/wp-content\/uploads\/WhatsApp-Image-2022-11-26-at-11.58.06-1-1440x1080.jpeg 1440w, https:\/\/buletin.de\/bucuresti\/wp-content\/uploads\/WhatsApp-Image-2022-11-26-at-11.58.06-1-600x450.jpeg 600w, https:\/\/buletin.de\/bucuresti\/wp-content\/uploads\/WhatsApp-Image-2022-11-26-at-11.58.06-1.jpeg 2000w\" sizes=\"(max-width: 900px) 100vw, 900px\" \/><\/figure>\n\n\n\n<figure class=\"wp-block-image size-large\"><img loading=\"lazy\" decoding=\"async\" width=\"900\" height=\"675\" src=\"data:image\/gif;base64,R0lGODlhAQABAAAAACH5BAEKAAEALAAAAAABAAEAAAICTAEAOw==\" data-src=\"https:\/\/buletin.de\/bucuresti\/wp-content\/uploads\/WhatsApp-Image-2022-11-26-at-11.58.07-900x675.jpeg\" alt=\"\" class=\"wp-image-48716 lazyload\" data-sizes=\"auto\" data-srcset=\"https:\/\/buletin.de\/bucuresti\/wp-content\/uploads\/WhatsApp-Image-2022-11-26-at-11.58.07-900x675.jpeg 900w, https:\/\/buletin.de\/bucuresti\/wp-content\/uploads\/WhatsApp-Image-2022-11-26-at-11.58.07-300x225.jpeg 300w, https:\/\/buletin.de\/bucuresti\/wp-content\/uploads\/WhatsApp-Image-2022-11-26-at-11.58.07-768x576.jpeg 768w, https:\/\/buletin.de\/bucuresti\/wp-content\/uploads\/WhatsApp-Image-2022-11-26-at-11.58.07-1536x1152.jpeg 1536w, https:\/\/buletin.de\/bucuresti\/wp-content\/uploads\/WhatsApp-Image-2022-11-26-at-11.58.07-1060x795.jpeg 1060w, https:\/\/buletin.de\/bucuresti\/wp-content\/uploads\/WhatsApp-Image-2022-11-26-at-11.58.07-550x413.jpeg 550w, https:\/\/buletin.de\/bucuresti\/wp-content\/uploads\/WhatsApp-Image-2022-11-26-at-11.58.07-667x500.jpeg 667w, https:\/\/buletin.de\/bucuresti\/wp-content\/uploads\/WhatsApp-Image-2022-11-26-at-11.58.07-1920x1440.jpeg 1920w, https:\/\/buletin.de\/bucuresti\/wp-content\/uploads\/WhatsApp-Image-2022-11-26-at-11.58.07-1440x1080.jpeg 1440w, https:\/\/buletin.de\/bucuresti\/wp-content\/uploads\/WhatsApp-Image-2022-11-26-at-11.58.07-600x450.jpeg 600w, https:\/\/buletin.de\/bucuresti\/wp-content\/uploads\/WhatsApp-Image-2022-11-26-at-11.58.07.jpeg 2000w\" sizes=\"(max-width: 900px) 100vw, 900px\" \/><\/figure>\n\n\n\n<p>Da, repeti\u021bia este mama \u00eenv\u0103\u021b\u0103turii!<\/p>\n\n\n\n<p>Parada militar\u0103 oficial\u0103 dedicat\u0103 Zilei Na\u021bionale a Rom\u00e2niei va avea loc \u00een Pia\u021ba Arcului de Triumf din Bucure\u0219ti, joi, pe 1 Decembrie, de la ora 11.00.<\/p>\n\n\n\n<p><\/p>\n\n\n\n<p><img loading=\"lazy\" decoding=\"async\" width=\"756\" height=\"756\" src=\"data:image\/gif;base64,R0lGODlhAQABAAAAACH5BAEKAAEALAAAAAABAAEAAAICTAEAOw==\" class=\"lazyload\" data-src=\"\"><\/p>\n","protected":false},"excerpt":{"rendered":"<p>St\u00e2ng-drept-st\u00e2ng&#8230; Anual, \u00eenainte de parada militar\u0103 oficial\u0103 de 1 Decembrie, militarii care fac parte din blocul pentru defilare exerseaz\u0103 cu sudoare p\u00e2n\u0103 c\u00e2nd totul iese ca la carte. To\u021bi militarii care au fost s\u00e2mb\u0103t\u0103 la repeti\u021bii, \u00een Poligonul Ghencea, iar pe 1 Decembrie, \u00een Pia\u021ba Arcului de Triumf, \u0219i-au scos toate \u201earmele\u201d, respectiv calit\u0103\u021bile din [&hellip;]<\/p>\n","protected":false},"author":46,"featured_media":48700,"comment_status":"closed","ping_status":"open","sticky":false,"template":"","format":"standard","meta":{"_acf_changed":false,"inline_featured_image":false,"ngg_post_thumbnail":0,"footnotes":""},"categories":[169],"tags":[],"ppma_author":[22605],"class_list":["post-48699","post","type-post","status-publish","format-standard","has-post-thumbnail","hentry","category-reportaj"],"acf":[],"yoast_head":"<!-- This site is optimized with the Yoast SEO Premium plugin v25.3 (Yoast SEO v27.5) - https:\/\/yoast.com\/product\/yoast-seo-premium-wordpress\/ -->\n<title>Reportaj: Repeti\u021bia, mama \u00eenv\u0103\u021b\u0103turii. Preg\u0103tiri \u00een Poligonul Ghencea pentru parada militar\u0103 de 1 Decembrie din Pia\u021ba Arcului de Triumf. - Buletin de Bucure\u0219ti<\/title>\n<meta name=\"robots\" content=\"index, follow, max-snippet:-1, max-image-preview:large, max-video-preview:-1\" \/>\n<link rel=\"canonical\" href=\"https:\/\/buletin.de\/bucuresti\/reportaj-repetitia-mama-invataturii-pregatiri-in-poligonul-ghencea-pentru-parada-militara-de-1-decembrie-din-piata-arcului-de-triumf\/\" \/>\n<meta property=\"og:locale\" content=\"en_GB\" \/>\n<meta property=\"og:type\" content=\"article\" \/>\n<meta property=\"og:title\" content=\"Reportaj: Repeti\u021bia, mama \u00eenv\u0103\u021b\u0103turii. Preg\u0103tiri \u00een Poligonul Ghencea pentru parada militar\u0103 de 1 Decembrie din Pia\u021ba Arcului de Triumf.\" \/>\n<meta property=\"og:description\" content=\"St\u00e2ng-drept-st\u00e2ng&#8230; Anual, \u00eenainte de parada militar\u0103 oficial\u0103 de 1 Decembrie, militarii care fac parte din blocul pentru defilare exerseaz\u0103 cu sudoare p\u00e2n\u0103 c\u00e2nd totul iese ca la carte. To\u021bi militarii care au fost s\u00e2mb\u0103t\u0103 la repeti\u021bii, \u00een Poligonul Ghencea, iar pe 1 Decembrie, \u00een Pia\u021ba Arcului de Triumf, \u0219i-au scos toate \u201earmele\u201d, respectiv calit\u0103\u021bile din [&hellip;]\" \/>\n<meta property=\"og:url\" content=\"https:\/\/buletin.de\/bucuresti\/reportaj-repetitia-mama-invataturii-pregatiri-in-poligonul-ghencea-pentru-parada-militara-de-1-decembrie-din-piata-arcului-de-triumf\/\" \/>\n<meta property=\"og:site_name\" content=\"Buletin de Bucure\u0219ti\" \/>\n<meta property=\"article:publisher\" content=\"https:\/\/www.facebook.com\/buletin.de.buc\" \/>\n<meta property=\"article:published_time\" content=\"2022-11-26T19:51:24+00:00\" \/>\n<meta property=\"article:modified_time\" content=\"2023-09-19T13:32:25+00:00\" \/>\n<meta property=\"og:image\" content=\"https:\/\/buletin.de\/bucuresti\/wp-content\/uploads\/IMG_20221126_101318.jpg\" \/>\n\t<meta property=\"og:image:width\" content=\"2000\" \/>\n\t<meta property=\"og:image:height\" content=\"1500\" \/>\n\t<meta property=\"og:image:type\" content=\"image\/jpeg\" \/>\n<meta name=\"author\" content=\"Andreea Gelatu\" \/>\n<meta name=\"twitter:card\" content=\"summary_large_image\" \/>\n<meta name=\"twitter:label1\" content=\"Written by\" \/>\n\t<meta name=\"twitter:data1\" content=\"Andreea Gelatu\" \/>\n\t<meta name=\"twitter:label2\" content=\"Estimated reading time\" \/>\n\t<meta name=\"twitter:data2\" content=\"11 minutes\" \/>\n<script type=\"application\/ld+json\" class=\"yoast-schema-graph\">{\"@context\":\"https:\\\/\\\/schema.org\",\"@graph\":[{\"@type\":\"Article\",\"@id\":\"https:\\\/\\\/buletin.de\\\/bucuresti\\\/reportaj-repetitia-mama-invataturii-pregatiri-in-poligonul-ghencea-pentru-parada-militara-de-1-decembrie-din-piata-arcului-de-triumf\\\/#article\",\"isPartOf\":{\"@id\":\"https:\\\/\\\/buletin.de\\\/bucuresti\\\/reportaj-repetitia-mama-invataturii-pregatiri-in-poligonul-ghencea-pentru-parada-militara-de-1-decembrie-din-piata-arcului-de-triumf\\\/\"},\"author\":{\"name\":\"Andreea Gelatu\",\"@id\":\"https:\\\/\\\/buletin.de\\\/bucuresti\\\/#\\\/schema\\\/person\\\/87734700b2c7f8608881f7e93b8834de\"},\"headline\":\"Reportaj: Repeti\u021bia, mama \u00eenv\u0103\u021b\u0103turii. Preg\u0103tiri \u00een Poligonul Ghencea pentru parada militar\u0103 de 1 Decembrie din Pia\u021ba Arcului de Triumf.\",\"datePublished\":\"2022-11-26T19:51:24+00:00\",\"dateModified\":\"2023-09-19T13:32:25+00:00\",\"mainEntityOfPage\":{\"@id\":\"https:\\\/\\\/buletin.de\\\/bucuresti\\\/reportaj-repetitia-mama-invataturii-pregatiri-in-poligonul-ghencea-pentru-parada-militara-de-1-decembrie-din-piata-arcului-de-triumf\\\/\"},\"wordCount\":1952,\"publisher\":{\"@id\":\"https:\\\/\\\/buletin.de\\\/bucuresti\\\/#organization\"},\"image\":{\"@id\":\"https:\\\/\\\/buletin.de\\\/bucuresti\\\/reportaj-repetitia-mama-invataturii-pregatiri-in-poligonul-ghencea-pentru-parada-militara-de-1-decembrie-din-piata-arcului-de-triumf\\\/#primaryimage\"},\"thumbnailUrl\":\"https:\\\/\\\/buletin.de\\\/bucuresti\\\/wp-content\\\/uploads\\\/IMG_20221126_101318.jpg\",\"articleSection\":[\"Reportaj\"],\"inLanguage\":\"en-GB\",\"copyrightYear\":\"2022\",\"copyrightHolder\":{\"@id\":\"https:\\\/\\\/buletin.de\\\/bucuresti\\\/#organization\"}},{\"@type\":\"WebPage\",\"@id\":\"https:\\\/\\\/buletin.de\\\/bucuresti\\\/reportaj-repetitia-mama-invataturii-pregatiri-in-poligonul-ghencea-pentru-parada-militara-de-1-decembrie-din-piata-arcului-de-triumf\\\/\",\"url\":\"https:\\\/\\\/buletin.de\\\/bucuresti\\\/reportaj-repetitia-mama-invataturii-pregatiri-in-poligonul-ghencea-pentru-parada-militara-de-1-decembrie-din-piata-arcului-de-triumf\\\/\",\"name\":\"Reportaj: Repeti\u021bia, mama \u00eenv\u0103\u021b\u0103turii. Preg\u0103tiri \u00een Poligonul Ghencea pentru parada militar\u0103 de 1 Decembrie din Pia\u021ba Arcului de Triumf. - Buletin de Bucure\u0219ti\",\"isPartOf\":{\"@id\":\"https:\\\/\\\/buletin.de\\\/bucuresti\\\/#website\"},\"primaryImageOfPage\":{\"@id\":\"https:\\\/\\\/buletin.de\\\/bucuresti\\\/reportaj-repetitia-mama-invataturii-pregatiri-in-poligonul-ghencea-pentru-parada-militara-de-1-decembrie-din-piata-arcului-de-triumf\\\/#primaryimage\"},\"image\":{\"@id\":\"https:\\\/\\\/buletin.de\\\/bucuresti\\\/reportaj-repetitia-mama-invataturii-pregatiri-in-poligonul-ghencea-pentru-parada-militara-de-1-decembrie-din-piata-arcului-de-triumf\\\/#primaryimage\"},\"thumbnailUrl\":\"https:\\\/\\\/buletin.de\\\/bucuresti\\\/wp-content\\\/uploads\\\/IMG_20221126_101318.jpg\",\"datePublished\":\"2022-11-26T19:51:24+00:00\",\"dateModified\":\"2023-09-19T13:32:25+00:00\",\"breadcrumb\":{\"@id\":\"https:\\\/\\\/buletin.de\\\/bucuresti\\\/reportaj-repetitia-mama-invataturii-pregatiri-in-poligonul-ghencea-pentru-parada-militara-de-1-decembrie-din-piata-arcului-de-triumf\\\/#breadcrumb\"},\"inLanguage\":\"en-GB\",\"potentialAction\":[{\"@type\":\"ReadAction\",\"target\":[\"https:\\\/\\\/buletin.de\\\/bucuresti\\\/reportaj-repetitia-mama-invataturii-pregatiri-in-poligonul-ghencea-pentru-parada-militara-de-1-decembrie-din-piata-arcului-de-triumf\\\/\"]}]},{\"@type\":\"ImageObject\",\"inLanguage\":\"en-GB\",\"@id\":\"https:\\\/\\\/buletin.de\\\/bucuresti\\\/reportaj-repetitia-mama-invataturii-pregatiri-in-poligonul-ghencea-pentru-parada-militara-de-1-decembrie-din-piata-arcului-de-triumf\\\/#primaryimage\",\"url\":\"https:\\\/\\\/buletin.de\\\/bucuresti\\\/wp-content\\\/uploads\\\/IMG_20221126_101318.jpg\",\"contentUrl\":\"https:\\\/\\\/buletin.de\\\/bucuresti\\\/wp-content\\\/uploads\\\/IMG_20221126_101318.jpg\",\"width\":2000,\"height\":1500},{\"@type\":\"BreadcrumbList\",\"@id\":\"https:\\\/\\\/buletin.de\\\/bucuresti\\\/reportaj-repetitia-mama-invataturii-pregatiri-in-poligonul-ghencea-pentru-parada-militara-de-1-decembrie-din-piata-arcului-de-triumf\\\/#breadcrumb\",\"itemListElement\":[{\"@type\":\"ListItem\",\"position\":1,\"name\":\"Acas\u0103\",\"item\":\"https:\\\/\\\/buletin.de\\\/bucuresti\\\/\"},{\"@type\":\"ListItem\",\"position\":2,\"name\":\"Reportaj: Repeti\u021bia, mama \u00eenv\u0103\u021b\u0103turii. Preg\u0103tiri \u00een Poligonul Ghencea pentru parada militar\u0103 de 1 Decembrie din Pia\u021ba Arcului de Triumf.\"}]},{\"@type\":\"WebSite\",\"@id\":\"https:\\\/\\\/buletin.de\\\/bucuresti\\\/#website\",\"url\":\"https:\\\/\\\/buletin.de\\\/bucuresti\\\/\",\"name\":\"Buletin de Bucure\u0219ti\",\"description\":\"\u0218tiri \u0219i investiga\u021bii esen\u021biale din capital\u0103\",\"publisher\":{\"@id\":\"https:\\\/\\\/buletin.de\\\/bucuresti\\\/#organization\"},\"potentialAction\":[{\"@type\":\"SearchAction\",\"target\":{\"@type\":\"EntryPoint\",\"urlTemplate\":\"https:\\\/\\\/buletin.de\\\/bucuresti\\\/?s={search_term_string}\"},\"query-input\":{\"@type\":\"PropertyValueSpecification\",\"valueRequired\":true,\"valueName\":\"search_term_string\"}}],\"inLanguage\":\"en-GB\"},{\"@type\":\"Organization\",\"@id\":\"https:\\\/\\\/buletin.de\\\/bucuresti\\\/#organization\",\"name\":\"Buletin de Bucure\u0219ti\",\"url\":\"https:\\\/\\\/buletin.de\\\/bucuresti\\\/\",\"logo\":{\"@type\":\"ImageObject\",\"inLanguage\":\"en-GB\",\"@id\":\"https:\\\/\\\/buletin.de\\\/bucuresti\\\/#\\\/schema\\\/logo\\\/image\\\/\",\"url\":\"https:\\\/\\\/buletin.de\\\/bucuresti\\\/wp-content\\\/uploads\\\/logo-bdb-full-wide-vernil-transparent.png\",\"contentUrl\":\"https:\\\/\\\/buletin.de\\\/bucuresti\\\/wp-content\\\/uploads\\\/logo-bdb-full-wide-vernil-transparent.png\",\"width\":1782,\"height\":626,\"caption\":\"Buletin de Bucure\u0219ti\"},\"image\":{\"@id\":\"https:\\\/\\\/buletin.de\\\/bucuresti\\\/#\\\/schema\\\/logo\\\/image\\\/\"},\"sameAs\":[\"https:\\\/\\\/www.facebook.com\\\/buletin.de.buc\",\"https:\\\/\\\/www.instagram.com\\\/buletinde.bucuresti\\\/\"]},{\"@type\":\"Person\",\"@id\":\"https:\\\/\\\/buletin.de\\\/bucuresti\\\/#\\\/schema\\\/person\\\/87734700b2c7f8608881f7e93b8834de\",\"name\":\"Andreea Gelatu\",\"image\":{\"@type\":\"ImageObject\",\"inLanguage\":\"en-GB\",\"@id\":\"https:\\\/\\\/secure.gravatar.com\\\/avatar\\\/b716eca2f984b9b65bdd87118b4b909d940b619cbe6e8cb725fe11c1b1f4194f?s=96&d=monsterid&r=g9b5eff4996c6b842a29b3057a7b4746f\",\"url\":\"https:\\\/\\\/secure.gravatar.com\\\/avatar\\\/b716eca2f984b9b65bdd87118b4b909d940b619cbe6e8cb725fe11c1b1f4194f?s=96&d=monsterid&r=g\",\"contentUrl\":\"https:\\\/\\\/secure.gravatar.com\\\/avatar\\\/b716eca2f984b9b65bdd87118b4b909d940b619cbe6e8cb725fe11c1b1f4194f?s=96&d=monsterid&r=g\",\"caption\":\"Andreea Gelatu\"},\"url\":\"https:\\\/\\\/buletin.de\\\/bucuresti\\\/author\\\/andreeagelatu\\\/\"}]}<\/script>\n<!-- \/ Yoast SEO Premium plugin. -->","yoast_head_json":{"title":"Reportaj: Repeti\u021bia, mama \u00eenv\u0103\u021b\u0103turii. Preg\u0103tiri \u00een Poligonul Ghencea pentru parada militar\u0103 de 1 Decembrie din Pia\u021ba Arcului de Triumf. - Buletin de Bucure\u0219ti","robots":{"index":"index","follow":"follow","max-snippet":"max-snippet:-1","max-image-preview":"max-image-preview:large","max-video-preview":"max-video-preview:-1"},"canonical":"https:\/\/buletin.de\/bucuresti\/reportaj-repetitia-mama-invataturii-pregatiri-in-poligonul-ghencea-pentru-parada-militara-de-1-decembrie-din-piata-arcului-de-triumf\/","og_locale":"en_GB","og_type":"article","og_title":"Reportaj: Repeti\u021bia, mama \u00eenv\u0103\u021b\u0103turii. Preg\u0103tiri \u00een Poligonul Ghencea pentru parada militar\u0103 de 1 Decembrie din Pia\u021ba Arcului de Triumf.","og_description":"St\u00e2ng-drept-st\u00e2ng&#8230; Anual, \u00eenainte de parada militar\u0103 oficial\u0103 de 1 Decembrie, militarii care fac parte din blocul pentru defilare exerseaz\u0103 cu sudoare p\u00e2n\u0103 c\u00e2nd totul iese ca la carte. To\u021bi militarii care au fost s\u00e2mb\u0103t\u0103 la repeti\u021bii, \u00een Poligonul Ghencea, iar pe 1 Decembrie, \u00een Pia\u021ba Arcului de Triumf, \u0219i-au scos toate \u201earmele\u201d, respectiv calit\u0103\u021bile din [&hellip;]","og_url":"https:\/\/buletin.de\/bucuresti\/reportaj-repetitia-mama-invataturii-pregatiri-in-poligonul-ghencea-pentru-parada-militara-de-1-decembrie-din-piata-arcului-de-triumf\/","og_site_name":"Buletin de Bucure\u0219ti","article_publisher":"https:\/\/www.facebook.com\/buletin.de.buc","article_published_time":"2022-11-26T19:51:24+00:00","article_modified_time":"2023-09-19T13:32:25+00:00","og_image":[{"width":2000,"height":1500,"url":"https:\/\/buletin.de\/bucuresti\/wp-content\/uploads\/IMG_20221126_101318.jpg","type":"image\/jpeg"}],"author":"Andreea Gelatu","twitter_card":"summary_large_image","twitter_misc":{"Written by":"Andreea Gelatu","Estimated reading time":"11 minutes"},"schema":{"@context":"https:\/\/schema.org","@graph":[{"@type":"Article","@id":"https:\/\/buletin.de\/bucuresti\/reportaj-repetitia-mama-invataturii-pregatiri-in-poligonul-ghencea-pentru-parada-militara-de-1-decembrie-din-piata-arcului-de-triumf\/#article","isPartOf":{"@id":"https:\/\/buletin.de\/bucuresti\/reportaj-repetitia-mama-invataturii-pregatiri-in-poligonul-ghencea-pentru-parada-militara-de-1-decembrie-din-piata-arcului-de-triumf\/"},"author":{"name":"Andreea Gelatu","@id":"https:\/\/buletin.de\/bucuresti\/#\/schema\/person\/87734700b2c7f8608881f7e93b8834de"},"headline":"Reportaj: Repeti\u021bia, mama \u00eenv\u0103\u021b\u0103turii. Preg\u0103tiri \u00een Poligonul Ghencea pentru parada militar\u0103 de 1 Decembrie din Pia\u021ba Arcului de Triumf.","datePublished":"2022-11-26T19:51:24+00:00","dateModified":"2023-09-19T13:32:25+00:00","mainEntityOfPage":{"@id":"https:\/\/buletin.de\/bucuresti\/reportaj-repetitia-mama-invataturii-pregatiri-in-poligonul-ghencea-pentru-parada-militara-de-1-decembrie-din-piata-arcului-de-triumf\/"},"wordCount":1952,"publisher":{"@id":"https:\/\/buletin.de\/bucuresti\/#organization"},"image":{"@id":"https:\/\/buletin.de\/bucuresti\/reportaj-repetitia-mama-invataturii-pregatiri-in-poligonul-ghencea-pentru-parada-militara-de-1-decembrie-din-piata-arcului-de-triumf\/#primaryimage"},"thumbnailUrl":"https:\/\/buletin.de\/bucuresti\/wp-content\/uploads\/IMG_20221126_101318.jpg","articleSection":["Reportaj"],"inLanguage":"en-GB","copyrightYear":"2022","copyrightHolder":{"@id":"https:\/\/buletin.de\/bucuresti\/#organization"}},{"@type":"WebPage","@id":"https:\/\/buletin.de\/bucuresti\/reportaj-repetitia-mama-invataturii-pregatiri-in-poligonul-ghencea-pentru-parada-militara-de-1-decembrie-din-piata-arcului-de-triumf\/","url":"https:\/\/buletin.de\/bucuresti\/reportaj-repetitia-mama-invataturii-pregatiri-in-poligonul-ghencea-pentru-parada-militara-de-1-decembrie-din-piata-arcului-de-triumf\/","name":"Reportaj: Repeti\u021bia, mama \u00eenv\u0103\u021b\u0103turii. Preg\u0103tiri \u00een Poligonul Ghencea pentru parada militar\u0103 de 1 Decembrie din Pia\u021ba Arcului de Triumf. - Buletin de Bucure\u0219ti","isPartOf":{"@id":"https:\/\/buletin.de\/bucuresti\/#website"},"primaryImageOfPage":{"@id":"https:\/\/buletin.de\/bucuresti\/reportaj-repetitia-mama-invataturii-pregatiri-in-poligonul-ghencea-pentru-parada-militara-de-1-decembrie-din-piata-arcului-de-triumf\/#primaryimage"},"image":{"@id":"https:\/\/buletin.de\/bucuresti\/reportaj-repetitia-mama-invataturii-pregatiri-in-poligonul-ghencea-pentru-parada-militara-de-1-decembrie-din-piata-arcului-de-triumf\/#primaryimage"},"thumbnailUrl":"https:\/\/buletin.de\/bucuresti\/wp-content\/uploads\/IMG_20221126_101318.jpg","datePublished":"2022-11-26T19:51:24+00:00","dateModified":"2023-09-19T13:32:25+00:00","breadcrumb":{"@id":"https:\/\/buletin.de\/bucuresti\/reportaj-repetitia-mama-invataturii-pregatiri-in-poligonul-ghencea-pentru-parada-militara-de-1-decembrie-din-piata-arcului-de-triumf\/#breadcrumb"},"inLanguage":"en-GB","potentialAction":[{"@type":"ReadAction","target":["https:\/\/buletin.de\/bucuresti\/reportaj-repetitia-mama-invataturii-pregatiri-in-poligonul-ghencea-pentru-parada-militara-de-1-decembrie-din-piata-arcului-de-triumf\/"]}]},{"@type":"ImageObject","inLanguage":"en-GB","@id":"https:\/\/buletin.de\/bucuresti\/reportaj-repetitia-mama-invataturii-pregatiri-in-poligonul-ghencea-pentru-parada-militara-de-1-decembrie-din-piata-arcului-de-triumf\/#primaryimage","url":"https:\/\/buletin.de\/bucuresti\/wp-content\/uploads\/IMG_20221126_101318.jpg","contentUrl":"https:\/\/buletin.de\/bucuresti\/wp-content\/uploads\/IMG_20221126_101318.jpg","width":2000,"height":1500},{"@type":"BreadcrumbList","@id":"https:\/\/buletin.de\/bucuresti\/reportaj-repetitia-mama-invataturii-pregatiri-in-poligonul-ghencea-pentru-parada-militara-de-1-decembrie-din-piata-arcului-de-triumf\/#breadcrumb","itemListElement":[{"@type":"ListItem","position":1,"name":"Acas\u0103","item":"https:\/\/buletin.de\/bucuresti\/"},{"@type":"ListItem","position":2,"name":"Reportaj: Repeti\u021bia, mama \u00eenv\u0103\u021b\u0103turii. Preg\u0103tiri \u00een Poligonul Ghencea pentru parada militar\u0103 de 1 Decembrie din Pia\u021ba Arcului de Triumf."}]},{"@type":"WebSite","@id":"https:\/\/buletin.de\/bucuresti\/#website","url":"https:\/\/buletin.de\/bucuresti\/","name":"Buletin de Bucure\u0219ti","description":"\u0218tiri \u0219i investiga\u021bii esen\u021biale din capital\u0103","publisher":{"@id":"https:\/\/buletin.de\/bucuresti\/#organization"},"potentialAction":[{"@type":"SearchAction","target":{"@type":"EntryPoint","urlTemplate":"https:\/\/buletin.de\/bucuresti\/?s={search_term_string}"},"query-input":{"@type":"PropertyValueSpecification","valueRequired":true,"valueName":"search_term_string"}}],"inLanguage":"en-GB"},{"@type":"Organization","@id":"https:\/\/buletin.de\/bucuresti\/#organization","name":"Buletin de Bucure\u0219ti","url":"https:\/\/buletin.de\/bucuresti\/","logo":{"@type":"ImageObject","inLanguage":"en-GB","@id":"https:\/\/buletin.de\/bucuresti\/#\/schema\/logo\/image\/","url":"https:\/\/buletin.de\/bucuresti\/wp-content\/uploads\/logo-bdb-full-wide-vernil-transparent.png","contentUrl":"https:\/\/buletin.de\/bucuresti\/wp-content\/uploads\/logo-bdb-full-wide-vernil-transparent.png","width":1782,"height":626,"caption":"Buletin de Bucure\u0219ti"},"image":{"@id":"https:\/\/buletin.de\/bucuresti\/#\/schema\/logo\/image\/"},"sameAs":["https:\/\/www.facebook.com\/buletin.de.buc","https:\/\/www.instagram.com\/buletinde.bucuresti\/"]},{"@type":"Person","@id":"https:\/\/buletin.de\/bucuresti\/#\/schema\/person\/87734700b2c7f8608881f7e93b8834de","name":"Andreea Gelatu","image":{"@type":"ImageObject","inLanguage":"en-GB","@id":"https:\/\/secure.gravatar.com\/avatar\/b716eca2f984b9b65bdd87118b4b909d940b619cbe6e8cb725fe11c1b1f4194f?s=96&d=monsterid&r=g9b5eff4996c6b842a29b3057a7b4746f","url":"https:\/\/secure.gravatar.com\/avatar\/b716eca2f984b9b65bdd87118b4b909d940b619cbe6e8cb725fe11c1b1f4194f?s=96&d=monsterid&r=g","contentUrl":"https:\/\/secure.gravatar.com\/avatar\/b716eca2f984b9b65bdd87118b4b909d940b619cbe6e8cb725fe11c1b1f4194f?s=96&d=monsterid&r=g","caption":"Andreea Gelatu"},"url":"https:\/\/buletin.de\/bucuresti\/author\/andreeagelatu\/"}]}},"authors":[{"term_id":22605,"user_id":46,"is_guest":0,"slug":"andreeagelatu","display_name":"Andreea Gelatu","avatar_url":"https:\/\/secure.gravatar.com\/avatar\/b716eca2f984b9b65bdd87118b4b909d940b619cbe6e8cb725fe11c1b1f4194f?s=96&d=monsterid&r=g","0":null,"1":"","2":"","3":"","4":"","5":"","6":"","7":"","8":""}],"_links":{"self":[{"href":"https:\/\/buletin.de\/bucuresti\/wp-json\/wp\/v2\/posts\/48699","targetHints":{"allow":["GET"]}}],"collection":[{"href":"https:\/\/buletin.de\/bucuresti\/wp-json\/wp\/v2\/posts"}],"about":[{"href":"https:\/\/buletin.de\/bucuresti\/wp-json\/wp\/v2\/types\/post"}],"author":[{"embeddable":true,"href":"https:\/\/buletin.de\/bucuresti\/wp-json\/wp\/v2\/users\/46"}],"replies":[{"embeddable":true,"href":"https:\/\/buletin.de\/bucuresti\/wp-json\/wp\/v2\/comments?post=48699"}],"version-history":[{"count":7,"href":"https:\/\/buletin.de\/bucuresti\/wp-json\/wp\/v2\/posts\/48699\/revisions"}],"predecessor-version":[{"id":48727,"href":"https:\/\/buletin.de\/bucuresti\/wp-json\/wp\/v2\/posts\/48699\/revisions\/48727"}],"wp:featuredmedia":[{"embeddable":true,"href":"https:\/\/buletin.de\/bucuresti\/wp-json\/wp\/v2\/media\/48700"}],"wp:attachment":[{"href":"https:\/\/buletin.de\/bucuresti\/wp-json\/wp\/v2\/media?parent=48699"}],"wp:term":[{"taxonomy":"category","embeddable":true,"href":"https:\/\/buletin.de\/bucuresti\/wp-json\/wp\/v2\/categories?post=48699"},{"taxonomy":"post_tag","embeddable":true,"href":"https:\/\/buletin.de\/bucuresti\/wp-json\/wp\/v2\/tags?post=48699"},{"taxonomy":"author","embeddable":true,"href":"https:\/\/buletin.de\/bucuresti\/wp-json\/wp\/v2\/ppma_author?post=48699"}],"curies":[{"name":"wp","href":"https:\/\/api.w.org\/{rel}","templated":true}]}}